{"id":599235,"date":"2025-08-02T08:00:39","date_gmt":"2025-08-02T06:00:39","guid":{"rendered":"https:\/\/dicodusport.fr\/blog\/?p=599235&#038;preview=true&#038;preview_id=599235"},"modified":"2025-08-01T20:13:33","modified_gmt":"2025-08-01T18:13:33","slug":"circuit-de-getxo-2025-parcours-profil-et-favoris","status":"publish","type":"post","link":"https:\/\/dicodusport.fr\/blog\/circuit-de-getxo-2025-parcours-profil-et-favoris\/","title":{"rendered":"Circuit de Getxo 2025 : Parcours, profil et favoris"},"content":{"rendered":"<p style=\"text-align: justify;\"><em><strong>D\u00e9couvrez le parcours, le profil et les favoris du Circuit de Getxo 2025, 80\u00e8me \u00e9dition de l&rsquo;\u00e9preuve basque, qui se d\u00e9roule ce dimanche 3 ao\u00fbt 2025.<\/strong><\/em><\/p>\n<p style=\"text-align: justify;\">Au lendemain de la <a href=\"https:\/\/dicodusport.fr\/blog\/clasica-san-sebastian-2025-parcours-detaille-profil-et-favoris\/\">Clasica San Sebastian<\/a>, le <strong>Circuit de Getxo<\/strong> terminera ce week-end en terre basque. Ce sera la 80\u00e8me \u00e9dition, le <strong>dimanche 3 ao\u00fbt 2025<\/strong>, pour un parcours long de <strong>176 kilom\u00e8tres<\/strong>. Retrouvez tout ce qu&rsquo;il faut savoir sur le trac\u00e9 de l&rsquo;\u00e9preuve espagnole.<\/p>\n<h2 style=\"text-align: justify;\">Parcours d\u00e9taill\u00e9 du Circuit de Getxo 2025<\/h2>\n<p style=\"text-align: justify;\">La course se d\u00e9roulera autour la ville c\u00f4ti\u00e8re basque de <strong>Getxo <\/strong>sur les routes de\u00a0<span dir=\"auto\">la province<\/span><span dir=\"auto\">\u00a0de\u00a0<\/span><span dir=\"auto\">Biscaye<\/span>. D&rsquo;abord, le d\u00e9part sera donn\u00e9 depuis le Mus\u00e9e Guggenheim \u00e0 <strong>Bilbao<\/strong>. Le parcours m\u00e8nera sur 8 kilom\u00e8tres, en longeant <span dir=\"auto\">fleuve Nervi\u00f3n,<\/span> \u00e0 un premier circuit de 25 kilom\u00e8tres \u00e0 effectuer trois fois comprenant \u00e0 chaque fois l&rsquo;ascension de l&rsquo;<strong>Alto Akarlanda<\/strong> (4,5 km \u00e0 2,1 %) et la mont\u00e9e finale sur <strong>Arkotxa<\/strong>, sur les hauteurs de Getxo\u00a0(800 m\u00e8tres \u00e0 7 %).<\/p>\n<p style=\"text-align: justify;\">Puis, ce sera le circuit final avec au d\u00e9but, l&rsquo;<strong>Alto Akarlanda<\/strong> (4,5 km \u00e0 2,1 %), puis, l&rsquo;<strong>Alto de Pike<\/strong> (2 km \u00e0 9,6 % avec des rampes \u00e0 plus de 11 % dans sa seconde moiti\u00e9), \u00e0 16 kilom\u00e8tres du terme. Ensuite, une courte descente et dix kilom\u00e8tres relativement plats suivront sur une route rectiligne, le long du <span dir=\"auto\">Nervi\u00f3n,<\/span> jusqu&rsquo;\u00e0 la mont\u00e9e finale.<\/p>\n<p style=\"text-align: justify;\">Depuis 2001, cette course est \u00e9galement appel\u00e9e Memorial Ricardo Otxoa, en m\u00e9moire du cycliste local d\u00e9c\u00e9d\u00e9 apr\u00e8s avoir \u00e9t\u00e9 heurt\u00e9 par une voiture lors d&rsquo;un entra\u00eenement avec son fr\u00e8re Javier. Sa premi\u00e8re \u00e9dition date de 1924. <strong><span dir=\"auto\">Nacer Bouhanni<\/span><\/strong> est le seul fran\u00e7ais \u00e0 s&rsquo;y \u00eatre impos\u00e9 en 2015.<\/p>\n<ul>\n<li style=\"text-align: justify;\"><strong>\u00c0 ce sujet \u2013\u00a0<a href=\"https:\/\/dicodusport.fr\/blog\/actualites\/cyclisme\/cyclisme-sur-route\/\">L\u2019actualit\u00e9 du cyclisme sur route<\/a><\/strong><\/li>\n<\/ul>\n<h2 style=\"text-align: justify;\">Le profil du Circuit de Getxo 2025<\/h2>\n<div id=\"attachment_599633\" style=\"width: 1410px\" class=\"wp-caption aligncenter\"><a href=\"https:\/\/dicodusport.fr\/blog\/wp-content\/uploads\/2025\/07\/Profil-du-Circuit-de-Getxo-2025.webp\"><img loading=\"lazy\" decoding=\"async\" aria-describedby=\"caption-attachment-599633\" class=\"size-full wp-image-599633\" src=\"https:\/\/dicodusport.fr\/blog\/wp-content\/uploads\/2025\/07\/Profil-du-Circuit-de-Getxo-2025.webp\" alt=\"Profil du Circuit de Getxo 2025\" width=\"1400\" height=\"588\" srcset=\"https:\/\/dicodusport.fr\/blog\/wp-content\/uploads\/2025\/07\/Profil-du-Circuit-de-Getxo-2025.webp 1400w, https:\/\/dicodusport.fr\/blog\/wp-content\/uploads\/2025\/07\/Profil-du-Circuit-de-Getxo-2025-300x126.webp 300w, https:\/\/dicodusport.fr\/blog\/wp-content\/uploads\/2025\/07\/Profil-du-Circuit-de-Getxo-2025-1024x430.webp 1024w, https:\/\/dicodusport.fr\/blog\/wp-content\/uploads\/2025\/07\/Profil-du-Circuit-de-Getxo-2025-768x323.webp 768w\" sizes=\"auto, (max-width: 1400px) 100vw, 1400px\" \/><\/a><p id=\"caption-attachment-599633\" class=\"wp-caption-text\">Profil du Circuit de Getxo 2025<\/p><\/div>\n<h2 style=\"text-align: justify;\">Les favoris du Circuit de Getxo 2025<\/h2>\n<p style=\"text-align: justify;\"><strong>Isaac Del Toro<\/strong> (UAE Team Emirates XRG)<\/p>\n<p style=\"text-align: justify;\"><strong>Juan Ayuso<\/strong> (UAE Team Emirates XRG)<\/p>\n<p style=\"text-align: justify;\"><strong>Alex Aranburu<\/strong> (Cofidis)<\/p>\n<p style=\"text-align: justify;\"><strong>Quinn Simmons<\/strong> (Lidl-Trek)<\/p>\n<p style=\"text-align: justify;\"><strong>Toms Skujins<\/strong> (Lidl-Trek)<\/p>\n<h2 style=\"text-align: justify;\">Palmar\u00e8s<\/h2>\n<p style=\"text-align: justify;\"><strong>2024 &#8211;<\/strong> <span dir=\"auto\">Jon Barrenetxea &#8211; <a href=\"https:\/\/dicodusport.fr\/blog\/classement-circuit-de-getxo-2024\/\"><em>Classement<\/em><\/a><\/span><\/p>\n<p><strong>2023 &#8211;<\/strong> <span dir=\"auto\">Alexey Lutsenko &#8211; <a href=\"https:\/\/dicodusport.fr\/blog\/classement-circuit-de-getxo-2023\/\"><em>Classement<\/em><\/a><\/span><\/p>\n<p><strong>2022 &#8211;<\/strong> <span dir=\"auto\">Juan Ayuso<\/span><\/p>\n<p><strong>2021 &#8211;<\/strong> <span dir=\"auto\">Giacomo Nizzolo<\/span><\/p>\n<p><strong>2020 &#8211;<\/strong> <span dir=\"auto\">Damiano Caruso<\/span><\/p>\n<p><strong>2019 &#8211;<\/strong> <span dir=\"auto\">Jon Aberasturi<\/span><\/p>\n<p><strong>2018 &#8211;<\/strong> <span dir=\"auto\">Alex Aranburu<\/span><\/p>\n<p><strong>2017 &#8211;<\/strong> <span dir=\"auto\">Carlos Barbero<\/span><\/p>\n<p><strong>2016 &#8211;<\/strong> <span dir=\"auto\">Diego Ulissi<\/span><\/p>\n<p><strong>2015 &#8211;<\/strong> <span dir=\"auto\">Nacer Bouhanni<\/span><\/p>\n<p><strong>2014 &#8211;<\/strong> <span dir=\"auto\">Carlos Barbero<\/span><\/p>\n","protected":false},"excerpt":{"rendered":"<p>D\u00e9couvrez le parcours, le profil et les favoris du Circuit de Getxo 2025, 80\u00e8me \u00e9dition de l&rsquo;\u00e9preuve basque, qui se d\u00e9roule ce dimanche 3 ao\u00fbt 2025.<\/p>\n","protected":false},"author":48,"featured_media":599635,"comment_status":"open","ping_status":"closed","sticky":false,"template":"","format":"standard","meta":{"_acf_changed":false,"_daextam_enable_autolinks":"1","footnotes":""},"categories":[46994],"tags":[16878,11219,574,11197],"class_list":["post-599235","post","type-post","status-publish","format-standard","has-post-thumbnail","hentry","category-cyclisme-sur-route","tag-breve","tag-circuit-de-getxo","tag-cyclisme","tag-cyclisme-sur-route"],"acf":[],"yoast_head":"<!-- This site is optimized with the Yoast SEO Premium plugin v26.7 (Yoast SEO v26.7) - https:\/\/yoast.com\/wordpress\/plugins\/seo\/ -->\n<title>Circuit de Getxo 2025 : Parcours, profil et favoris<\/title>\n<meta name=\"description\" content=\"D\u00e9couvrez le parcours, le profil et les favoris du Circuit de Getxo 2025, 80\u00e8me \u00e9dition de l&#039;\u00e9preuve basque, qui se d\u00e9roule ce dimanche 3 ao\u00fbt 2025.\" \/>\n<meta name=\"robots\" content=\"index, follow, max-snippet:-1, max-image-preview:large, max-video-preview:-1\" \/>\n<link rel=\"canonical\" href=\"https:\/\/dicodusport.fr\/blog\/circuit-de-getxo-2025-parcours-profil-et-favoris\/\" \/>\n<meta property=\"og:locale\" content=\"fr_FR\" \/>\n<meta property=\"og:type\" content=\"article\" \/>\n<meta property=\"og:title\" content=\"Circuit de Getxo 2025 : Parcours, profil et favoris\" \/>\n<meta property=\"og:description\" content=\"D\u00e9couvrez le parcours, le profil et les favoris du Circuit de Getxo 2025, 80\u00e8me \u00e9dition de l&#039;\u00e9preuve basque, qui se d\u00e9roule ce dimanche 3 ao\u00fbt 2025.\" \/>\n<meta property=\"og:url\" content=\"https:\/\/dicodusport.fr\/blog\/circuit-de-getxo-2025-parcours-profil-et-favoris\/\" \/>\n<meta property=\"og:site_name\" content=\"Dicodusport\" \/>\n<meta property=\"article:publisher\" content=\"https:\/\/www.facebook.com\/dicodusport\" \/>\n<meta property=\"article:author\" content=\"https:\/\/www.facebook.com\/groups\/LesRoisDuPeloton\" \/>\n<meta property=\"article:published_time\" content=\"2025-08-02T06:00:39+00:00\" \/>\n<meta property=\"og:image\" content=\"https:\/\/dicodusport.fr\/blog\/wp-content\/uploads\/2025\/07\/Circuit-de-Getxo-2025-Parcours-profil-et-favoris.png\" \/>\n\t<meta property=\"og:image:width\" content=\"1200\" \/>\n\t<meta property=\"og:image:height\" content=\"674\" \/>\n\t<meta property=\"og:image:type\" content=\"image\/png\" \/>\n<meta name=\"author\" content=\"Emilien Descampiaux\" \/>\n<meta name=\"twitter:card\" content=\"summary_large_image\" \/>\n<meta name=\"twitter:title\" content=\"Circuit de Getxo 2025 : Parcours, profil et favoris\" \/>\n<meta name=\"twitter:creator\" content=\"@https:\/\/twitter.com\/LRoisDuPeloton\" \/>\n<meta name=\"twitter:site\" content=\"@dicodusport\" \/>\n<script type=\"application\/ld+json\" class=\"yoast-schema-graph\">{\"@context\":\"https:\/\/schema.org\",\"@graph\":[{\"@type\":\"NewsArticle\",\"@id\":\"https:\/\/dicodusport.fr\/blog\/circuit-de-getxo-2025-parcours-profil-et-favoris\/#article\",\"isPartOf\":{\"@id\":\"https:\/\/dicodusport.fr\/blog\/circuit-de-getxo-2025-parcours-profil-et-favoris\/\"},\"author\":{\"name\":\"Emilien Descampiaux\",\"@id\":\"https:\/\/dicodusport.fr\/blog\/#\/schema\/person\/6db4bae06b171592211be385b32876a7\"},\"headline\":\"Circuit de Getxo 2025 : Parcours, profil et favoris\",\"datePublished\":\"2025-08-02T06:00:39+00:00\",\"mainEntityOfPage\":{\"@id\":\"https:\/\/dicodusport.fr\/blog\/circuit-de-getxo-2025-parcours-profil-et-favoris\/\"},\"wordCount\":374,\"commentCount\":0,\"publisher\":{\"@id\":\"https:\/\/dicodusport.fr\/blog\/#organization\"},\"image\":{\"@id\":\"https:\/\/dicodusport.fr\/blog\/circuit-de-getxo-2025-parcours-profil-et-favoris\/#primaryimage\"},\"thumbnailUrl\":\"https:\/\/dicodusport.fr\/blog\/wp-content\/uploads\/2025\/07\/Circuit-de-Getxo-2025-Parcours-profil-et-favoris.png\",\"keywords\":[\"br\u00e8ve\",\"Circuit de Getxo\",\"Cyclisme\",\"Cyclisme sur route\"],\"articleSection\":[\"Cyclisme sur route\"],\"inLanguage\":\"fr-FR\",\"potentialAction\":[{\"@type\":\"CommentAction\",\"name\":\"Comment\",\"target\":[\"https:\/\/dicodusport.fr\/blog\/circuit-de-getxo-2025-parcours-profil-et-favoris\/#respond\"]}],\"copyrightYear\":\"2025\",\"copyrightHolder\":{\"@id\":\"https:\/\/dicodusport.fr\/blog\/#organization\"}},{\"@type\":\"WebPage\",\"@id\":\"https:\/\/dicodusport.fr\/blog\/circuit-de-getxo-2025-parcours-profil-et-favoris\/\",\"url\":\"https:\/\/dicodusport.fr\/blog\/circuit-de-getxo-2025-parcours-profil-et-favoris\/\",\"name\":\"Circuit de Getxo 2025 : Parcours, profil et favoris\",\"isPartOf\":{\"@id\":\"https:\/\/dicodusport.fr\/blog\/#website\"},\"primaryImageOfPage\":{\"@id\":\"https:\/\/dicodusport.fr\/blog\/circuit-de-getxo-2025-parcours-profil-et-favoris\/#primaryimage\"},\"image\":{\"@id\":\"https:\/\/dicodusport.fr\/blog\/circuit-de-getxo-2025-parcours-profil-et-favoris\/#primaryimage\"},\"thumbnailUrl\":\"https:\/\/dicodusport.fr\/blog\/wp-content\/uploads\/2025\/07\/Circuit-de-Getxo-2025-Parcours-profil-et-favoris.png\",\"datePublished\":\"2025-08-02T06:00:39+00:00\",\"description\":\"D\u00e9couvrez le parcours, le profil et les favoris du Circuit de Getxo 2025, 80\u00e8me \u00e9dition de l'\u00e9preuve basque, qui se d\u00e9roule ce dimanche 3 ao\u00fbt 2025.\",\"breadcrumb\":{\"@id\":\"https:\/\/dicodusport.fr\/blog\/circuit-de-getxo-2025-parcours-profil-et-favoris\/#breadcrumb\"},\"inLanguage\":\"fr-FR\",\"potentialAction\":[{\"@type\":\"ReadAction\",\"target\":[\"https:\/\/dicodusport.fr\/blog\/circuit-de-getxo-2025-parcours-profil-et-favoris\/\"]}]},{\"@type\":\"ImageObject\",\"inLanguage\":\"fr-FR\",\"@id\":\"https:\/\/dicodusport.fr\/blog\/circuit-de-getxo-2025-parcours-profil-et-favoris\/#primaryimage\",\"url\":\"https:\/\/dicodusport.fr\/blog\/wp-content\/uploads\/2025\/07\/Circuit-de-Getxo-2025-Parcours-profil-et-favoris.png\",\"contentUrl\":\"https:\/\/dicodusport.fr\/blog\/wp-content\/uploads\/2025\/07\/Circuit-de-Getxo-2025-Parcours-profil-et-favoris.png\",\"width\":1200,\"height\":674,\"caption\":\"Circuit de Getxo 2025 Parcours, profil et favoris\"},{\"@type\":\"BreadcrumbList\",\"@id\":\"https:\/\/dicodusport.fr\/blog\/circuit-de-getxo-2025-parcours-profil-et-favoris\/#breadcrumb\",\"itemListElement\":[{\"@type\":\"ListItem\",\"position\":1,\"name\":\"Accueil\",\"item\":\"https:\/\/dicodusport.fr\/blog\/\"},{\"@type\":\"ListItem\",\"position\":2,\"name\":\"Circuit de Getxo 2025 : Parcours, profil et favoris\"}]},{\"@type\":\"WebSite\",\"@id\":\"https:\/\/dicodusport.fr\/blog\/#website\",\"url\":\"https:\/\/dicodusport.fr\/blog\/\",\"name\":\"Dicodusport\",\"description\":\"L&#039;encyclop\u00e9die de l&#039;actualit\u00e9 sportive\",\"publisher\":{\"@id\":\"https:\/\/dicodusport.fr\/blog\/#organization\"},\"potentialAction\":[{\"@type\":\"SearchAction\",\"target\":{\"@type\":\"EntryPoint\",\"urlTemplate\":\"https:\/\/dicodusport.fr\/blog\/?s={search_term_string}\"},\"query-input\":{\"@type\":\"PropertyValueSpecification\",\"valueRequired\":true,\"valueName\":\"search_term_string\"}}],\"inLanguage\":\"fr-FR\"},{\"@type\":\"NewsMediaOrganization\",\"@id\":\"https:\/\/dicodusport.fr\/blog\/#organization\",\"name\":\"Dicodusport\",\"url\":\"https:\/\/dicodusport.fr\/blog\/\",\"logo\":{\"@type\":\"ImageObject\",\"inLanguage\":\"fr-FR\",\"@id\":\"https:\/\/dicodusport.fr\/blog\/#\/schema\/logo\/image\/\",\"url\":\"https:\/\/dicodusport.fr\/blog\/wp-content\/uploads\/2020\/06\/cropped-LOGO-DICODUSPORT-2020-SANS-FOND-SANS-TEXTE.png\",\"contentUrl\":\"https:\/\/dicodusport.fr\/blog\/wp-content\/uploads\/2020\/06\/cropped-LOGO-DICODUSPORT-2020-SANS-FOND-SANS-TEXTE.png\",\"width\":512,\"height\":512,\"caption\":\"Dicodusport\"},\"image\":{\"@id\":\"https:\/\/dicodusport.fr\/blog\/#\/schema\/logo\/image\/\"},\"sameAs\":[\"https:\/\/www.facebook.com\/dicodusport\",\"https:\/\/x.com\/dicodusport\",\"https:\/\/www.instagram.com\/dicodusport\/\",\"https:\/\/www.youtube.com\/channel\/UC7V2KZ5sd3htJivAbA4ZG3w\"],\"description\":\"Dicodusport est l'encyclop\u00e9die de l'actualit\u00e9 sportive.\",\"email\":\"bonjour@dicodusport.fr\",\"legalName\":\"DICODUSPORT\",\"foundingDate\":\"2018-01-14\",\"vatID\":\"FR71834470973\",\"taxID\":\"83447097300043\",\"numberOfEmployees\":{\"@type\":\"QuantitativeValue\",\"minValue\":\"1\",\"maxValue\":\"10\"}},{\"@type\":\"Person\",\"@id\":\"https:\/\/dicodusport.fr\/blog\/#\/schema\/person\/6db4bae06b171592211be385b32876a7\",\"name\":\"Emilien Descampiaux\",\"image\":{\"@type\":\"ImageObject\",\"inLanguage\":\"fr-FR\",\"@id\":\"https:\/\/dicodusport.fr\/blog\/#\/schema\/person\/image\/\",\"url\":\"https:\/\/dicodusport.fr\/blog\/wp-content\/uploads\/2021\/05\/Emilien-Descampiaux-150x150.jpg\",\"contentUrl\":\"https:\/\/dicodusport.fr\/blog\/wp-content\/uploads\/2021\/05\/Emilien-Descampiaux-150x150.jpg\",\"caption\":\"Emilien Descampiaux\"},\"description\":\"Journaliste\/r\u00e9dacteur depuis 2014 - Fan de la classe de Frank Vandenbroucke, je vis cyclisme (et de ses paysages) depuis plus de 20 ans. Je suis tr\u00e8s impliqu\u00e9 sur mes diff\u00e9rents r\u00e9seaux sociaux pour partager ma passion sur le monde et l'Histoire de la bicyclette avec ma voix sur les images en noir et blanc du succ\u00e8s de Rik Van Steenbergen lors du Ronde sur le V\u00e9lodrome de Gand.\",\"sameAs\":[\"https:\/\/www.facebook.com\/groups\/LesRoisDuPeloton\",\"https:\/\/x.com\/https:\/\/twitter.com\/LRoisDuPeloton\"],\"url\":\"https:\/\/dicodusport.fr\/blog\/author\/emiliend\/\"}]}<\/script>\n<!-- \/ Yoast SEO Premium plugin. -->","yoast_head_json":{"title":"Circuit de Getxo 2025 : Parcours, profil et favoris","description":"D\u00e9couvrez le parcours, le profil et les favoris du Circuit de Getxo 2025, 80\u00e8me \u00e9dition de l'\u00e9preuve basque, qui se d\u00e9roule ce dimanche 3 ao\u00fbt 2025.","robots":{"index":"index","follow":"follow","max-snippet":"max-snippet:-1","max-image-preview":"max-image-preview:large","max-video-preview":"max-video-preview:-1"},"canonical":"https:\/\/dicodusport.fr\/blog\/circuit-de-getxo-2025-parcours-profil-et-favoris\/","og_locale":"fr_FR","og_type":"article","og_title":"Circuit de Getxo 2025 : Parcours, profil et favoris","og_description":"D\u00e9couvrez le parcours, le profil et les favoris du Circuit de Getxo 2025, 80\u00e8me \u00e9dition de l'\u00e9preuve basque, qui se d\u00e9roule ce dimanche 3 ao\u00fbt 2025.","og_url":"https:\/\/dicodusport.fr\/blog\/circuit-de-getxo-2025-parcours-profil-et-favoris\/","og_site_name":"Dicodusport","article_publisher":"https:\/\/www.facebook.com\/dicodusport","article_author":"https:\/\/www.facebook.com\/groups\/LesRoisDuPeloton","article_published_time":"2025-08-02T06:00:39+00:00","og_image":[{"width":1200,"height":674,"url":"https:\/\/dicodusport.fr\/blog\/wp-content\/uploads\/2025\/07\/Circuit-de-Getxo-2025-Parcours-profil-et-favoris.png","type":"image\/png"}],"author":"Emilien Descampiaux","twitter_card":"summary_large_image","twitter_title":"Circuit de Getxo 2025 : Parcours, profil et favoris","twitter_creator":"@https:\/\/twitter.com\/LRoisDuPeloton","twitter_site":"@dicodusport","schema":{"@context":"https:\/\/schema.org","@graph":[{"@type":"NewsArticle","@id":"https:\/\/dicodusport.fr\/blog\/circuit-de-getxo-2025-parcours-profil-et-favoris\/#article","isPartOf":{"@id":"https:\/\/dicodusport.fr\/blog\/circuit-de-getxo-2025-parcours-profil-et-favoris\/"},"author":{"name":"Emilien Descampiaux","@id":"https:\/\/dicodusport.fr\/blog\/#\/schema\/person\/6db4bae06b171592211be385b32876a7"},"headline":"Circuit de Getxo 2025 : Parcours, profil et favoris","datePublished":"2025-08-02T06:00:39+00:00","mainEntityOfPage":{"@id":"https:\/\/dicodusport.fr\/blog\/circuit-de-getxo-2025-parcours-profil-et-favoris\/"},"wordCount":374,"commentCount":0,"publisher":{"@id":"https:\/\/dicodusport.fr\/blog\/#organization"},"image":{"@id":"https:\/\/dicodusport.fr\/blog\/circuit-de-getxo-2025-parcours-profil-et-favoris\/#primaryimage"},"thumbnailUrl":"https:\/\/dicodusport.fr\/blog\/wp-content\/uploads\/2025\/07\/Circuit-de-Getxo-2025-Parcours-profil-et-favoris.png","keywords":["br\u00e8ve","Circuit de Getxo","Cyclisme","Cyclisme sur route"],"articleSection":["Cyclisme sur route"],"inLanguage":"fr-FR","potentialAction":[{"@type":"CommentAction","name":"Comment","target":["https:\/\/dicodusport.fr\/blog\/circuit-de-getxo-2025-parcours-profil-et-favoris\/#respond"]}],"copyrightYear":"2025","copyrightHolder":{"@id":"https:\/\/dicodusport.fr\/blog\/#organization"}},{"@type":"WebPage","@id":"https:\/\/dicodusport.fr\/blog\/circuit-de-getxo-2025-parcours-profil-et-favoris\/","url":"https:\/\/dicodusport.fr\/blog\/circuit-de-getxo-2025-parcours-profil-et-favoris\/","name":"Circuit de Getxo 2025 : Parcours, profil et favoris","isPartOf":{"@id":"https:\/\/dicodusport.fr\/blog\/#website"},"primaryImageOfPage":{"@id":"https:\/\/dicodusport.fr\/blog\/circuit-de-getxo-2025-parcours-profil-et-favoris\/#primaryimage"},"image":{"@id":"https:\/\/dicodusport.fr\/blog\/circuit-de-getxo-2025-parcours-profil-et-favoris\/#primaryimage"},"thumbnailUrl":"https:\/\/dicodusport.fr\/blog\/wp-content\/uploads\/2025\/07\/Circuit-de-Getxo-2025-Parcours-profil-et-favoris.png","datePublished":"2025-08-02T06:00:39+00:00","description":"D\u00e9couvrez le parcours, le profil et les favoris du Circuit de Getxo 2025, 80\u00e8me \u00e9dition de l'\u00e9preuve basque, qui se d\u00e9roule ce dimanche 3 ao\u00fbt 2025.","breadcrumb":{"@id":"https:\/\/dicodusport.fr\/blog\/circuit-de-getxo-2025-parcours-profil-et-favoris\/#breadcrumb"},"inLanguage":"fr-FR","potentialAction":[{"@type":"ReadAction","target":["https:\/\/dicodusport.fr\/blog\/circuit-de-getxo-2025-parcours-profil-et-favoris\/"]}]},{"@type":"ImageObject","inLanguage":"fr-FR","@id":"https:\/\/dicodusport.fr\/blog\/circuit-de-getxo-2025-parcours-profil-et-favoris\/#primaryimage","url":"https:\/\/dicodusport.fr\/blog\/wp-content\/uploads\/2025\/07\/Circuit-de-Getxo-2025-Parcours-profil-et-favoris.png","contentUrl":"https:\/\/dicodusport.fr\/blog\/wp-content\/uploads\/2025\/07\/Circuit-de-Getxo-2025-Parcours-profil-et-favoris.png","width":1200,"height":674,"caption":"Circuit de Getxo 2025 Parcours, profil et favoris"},{"@type":"BreadcrumbList","@id":"https:\/\/dicodusport.fr\/blog\/circuit-de-getxo-2025-parcours-profil-et-favoris\/#breadcrumb","itemListElement":[{"@type":"ListItem","position":1,"name":"Accueil","item":"https:\/\/dicodusport.fr\/blog\/"},{"@type":"ListItem","position":2,"name":"Circuit de Getxo 2025 : Parcours, profil et favoris"}]},{"@type":"WebSite","@id":"https:\/\/dicodusport.fr\/blog\/#website","url":"https:\/\/dicodusport.fr\/blog\/","name":"Dicodusport","description":"L&#039;encyclop\u00e9die de l&#039;actualit\u00e9 sportive","publisher":{"@id":"https:\/\/dicodusport.fr\/blog\/#organization"},"potentialAction":[{"@type":"SearchAction","target":{"@type":"EntryPoint","urlTemplate":"https:\/\/dicodusport.fr\/blog\/?s={search_term_string}"},"query-input":{"@type":"PropertyValueSpecification","valueRequired":true,"valueName":"search_term_string"}}],"inLanguage":"fr-FR"},{"@type":"NewsMediaOrganization","@id":"https:\/\/dicodusport.fr\/blog\/#organization","name":"Dicodusport","url":"https:\/\/dicodusport.fr\/blog\/","logo":{"@type":"ImageObject","inLanguage":"fr-FR","@id":"https:\/\/dicodusport.fr\/blog\/#\/schema\/logo\/image\/","url":"https:\/\/dicodusport.fr\/blog\/wp-content\/uploads\/2020\/06\/cropped-LOGO-DICODUSPORT-2020-SANS-FOND-SANS-TEXTE.png","contentUrl":"https:\/\/dicodusport.fr\/blog\/wp-content\/uploads\/2020\/06\/cropped-LOGO-DICODUSPORT-2020-SANS-FOND-SANS-TEXTE.png","width":512,"height":512,"caption":"Dicodusport"},"image":{"@id":"https:\/\/dicodusport.fr\/blog\/#\/schema\/logo\/image\/"},"sameAs":["https:\/\/www.facebook.com\/dicodusport","https:\/\/x.com\/dicodusport","https:\/\/www.instagram.com\/dicodusport\/","https:\/\/www.youtube.com\/channel\/UC7V2KZ5sd3htJivAbA4ZG3w"],"description":"Dicodusport est l'encyclop\u00e9die de l'actualit\u00e9 sportive.","email":"bonjour@dicodusport.fr","legalName":"DICODUSPORT","foundingDate":"2018-01-14","vatID":"FR71834470973","taxID":"83447097300043","numberOfEmployees":{"@type":"QuantitativeValue","minValue":"1","maxValue":"10"}},{"@type":"Person","@id":"https:\/\/dicodusport.fr\/blog\/#\/schema\/person\/6db4bae06b171592211be385b32876a7","name":"Emilien Descampiaux","image":{"@type":"ImageObject","inLanguage":"fr-FR","@id":"https:\/\/dicodusport.fr\/blog\/#\/schema\/person\/image\/","url":"https:\/\/dicodusport.fr\/blog\/wp-content\/uploads\/2021\/05\/Emilien-Descampiaux-150x150.jpg","contentUrl":"https:\/\/dicodusport.fr\/blog\/wp-content\/uploads\/2021\/05\/Emilien-Descampiaux-150x150.jpg","caption":"Emilien Descampiaux"},"description":"Journaliste\/r\u00e9dacteur depuis 2014 - Fan de la classe de Frank Vandenbroucke, je vis cyclisme (et de ses paysages) depuis plus de 20 ans. Je suis tr\u00e8s impliqu\u00e9 sur mes diff\u00e9rents r\u00e9seaux sociaux pour partager ma passion sur le monde et l'Histoire de la bicyclette avec ma voix sur les images en noir et blanc du succ\u00e8s de Rik Van Steenbergen lors du Ronde sur le V\u00e9lodrome de Gand.","sameAs":["https:\/\/www.facebook.com\/groups\/LesRoisDuPeloton","https:\/\/x.com\/https:\/\/twitter.com\/LRoisDuPeloton"],"url":"https:\/\/dicodusport.fr\/blog\/author\/emiliend\/"}]}},"_links":{"self":[{"href":"https:\/\/dicodusport.fr\/blog\/wp-json\/wp\/v2\/posts\/599235","targetHints":{"allow":["GET"]}}],"collection":[{"href":"https:\/\/dicodusport.fr\/blog\/wp-json\/wp\/v2\/posts"}],"about":[{"href":"https:\/\/dicodusport.fr\/blog\/wp-json\/wp\/v2\/types\/post"}],"author":[{"embeddable":true,"href":"https:\/\/dicodusport.fr\/blog\/wp-json\/wp\/v2\/users\/48"}],"replies":[{"embeddable":true,"href":"https:\/\/dicodusport.fr\/blog\/wp-json\/wp\/v2\/comments?post=599235"}],"version-history":[{"count":4,"href":"https:\/\/dicodusport.fr\/blog\/wp-json\/wp\/v2\/posts\/599235\/revisions"}],"predecessor-version":[{"id":599637,"href":"https:\/\/dicodusport.fr\/blog\/wp-json\/wp\/v2\/posts\/599235\/revisions\/599637"}],"wp:featuredmedia":[{"embeddable":true,"href":"https:\/\/dicodusport.fr\/blog\/wp-json\/wp\/v2\/media\/599635"}],"wp:attachment":[{"href":"https:\/\/dicodusport.fr\/blog\/wp-json\/wp\/v2\/media?parent=599235"}],"wp:term":[{"taxonomy":"category","embeddable":true,"href":"https:\/\/dicodusport.fr\/blog\/wp-json\/wp\/v2\/categories?post=599235"},{"taxonomy":"post_tag","embeddable":true,"href":"https:\/\/dicodusport.fr\/blog\/wp-json\/wp\/v2\/tags?post=599235"}],"curies":[{"name":"wp","href":"https:\/\/api.w.org\/{rel}","templated":true}]}}