{"id":599444,"date":"2025-07-31T19:44:09","date_gmt":"2025-07-31T17:44:09","guid":{"rendered":"https:\/\/dicodusport.fr\/blog\/?p=599444&#038;preview=true&#038;preview_id=599444"},"modified":"2025-07-31T19:44:09","modified_gmt":"2025-07-31T17:44:09","slug":"planche-a-voile-thea-le-borgne-championne-du-monde-u17-diqfoil","status":"publish","type":"post","link":"https:\/\/dicodusport.fr\/blog\/planche-a-voile-thea-le-borgne-championne-du-monde-u17-diqfoil\/","title":{"rendered":"Planche \u00e0 voile : Th\u00e9a Le Borgne championne du monde U17 d&rsquo;IQFoil !"},"content":{"rendered":"<p style=\"text-align: justify;\"><strong><em>CHAMPIONNATS DU MONDE JEUNES D&rsquo;IQFOIL 2025 &#8211; \u00c0 Brest, Th\u00e9a Le Borgne a renvers\u00e9 la situation lors de la derni\u00e8re journ\u00e9e pour rafler le titre mondial U17.<\/em><\/strong><\/p>\n<p style=\"text-align: justify;\">L&rsquo;an dernier, la d\u00e9l\u00e9gation fran\u00e7aise avait ramen\u00e9 deux m\u00e9dailles des Championnats du monde U17 &#8211; U19 d&rsquo;IQFoil, cat\u00e9gorie de planche \u00e0 voile qui est d\u00e9sormais olympique. Mais pas de titre, contrairement \u00e0 2023, quand <strong>Kylian Manhaval<\/strong> (troisi\u00e8me l&rsquo;an dernier en U19) avait triomph\u00e9 chez les U17. Pour l&rsquo;\u00e9dition 2025, \u00e0 Brest, les Bleuets esp\u00e9raient bien briller \u00e0 domicile.<\/p>\n<h2 style=\"text-align: justify;\">Le coup fumant de Th\u00e9a Le Borgne<\/h2>\n<p style=\"text-align: justify;\">Ce ne fut pas le cas en U19. <strong>Kylian Manhaval<\/strong> a \u00e9t\u00e9 dans le coup pour la m\u00e9daille durant toute la comp\u00e9tition, mais il a craqu\u00e9 au pire moment : lors de la Medal Race. Au final, une quatri\u00e8me place forc\u00e9ment rageante. <strong>F\u00e9lix Dary<\/strong>, <strong>L\u00e9opold Brisedou<\/strong>, <strong>Salom\u00e9 Simon<\/strong>, <strong>Pauline Hermitant<\/strong>, tous ont termin\u00e9 dans le Top 10, mais sans jamais se m\u00ealer \u00e0 la lutte pour la victoire. Le constat fut le m\u00eame pour <strong>Oscar Florin<\/strong> chez les U17.<\/p>\n<p style=\"text-align: justify;\">Mais alors qu&rsquo;on pensait tout espoir de m\u00e9dailles perdu, la surprise est venu de la comp\u00e9tition U17 filles. <strong>Th\u00e9a Le Borgne<\/strong> et<strong> Garance Chatelier-Daisay<\/strong> se sont r\u00e9v\u00e9l\u00e9es en prenant les deux premi\u00e8res places des quarts de finale, puis des demi-finales de la Medal Race. Deux Bleuettes en finale sur quatre, la m\u00e9daille \u00e9tait assur\u00e9e, mais <strong>Th\u00e9a Le Borgne<\/strong> en voulait plus. Qualifi\u00e9e d&rsquo;extr\u00eame justesse, \u00e0 la derni\u00e8re place, elle a sign\u00e9 la derni\u00e8re journ\u00e9e parfaite, et s&rsquo;en est all\u00e9e qu\u00e9rir l&rsquo;or.<\/p>\n<p style=\"text-align: justify;\">Transparente sur les premi\u00e8res r\u00e9gates, elle a acc\u00e9l\u00e9r\u00e9 \u00e0 la sixi\u00e8me, qu&rsquo;elle a remport\u00e9 ainsi que la septi\u00e8me pour d\u00e9crocher son ticket pour la Medal Race. <em>And the rest is history<\/em>, comme dirait l&rsquo;autre : une victoire sur la finale pour coiffer l&rsquo;Isra\u00e9lienne<strong> Naama Palatnik<\/strong>, qui avait survol\u00e9 la comp\u00e9tition en remportant quatre r\u00e9gates d&rsquo;affil\u00e9e ! Les joies du syst\u00e8me de comp\u00e9tition. <strong>Garance Chatelier-Daisay<\/strong> n&rsquo;a pas eu la m\u00eame r\u00e9ussite, \u00e9chouant au pied du podium. Mais en ce qui concerne <strong>Th\u00e9a Le Borgne<\/strong>, elle est d\u00e9sormais championne du monde ! Apr\u00e8s l&rsquo;argent de <strong>Tom Arnoux<\/strong> chez les s\u00e9niors, la planche \u00e0 voile fran\u00e7aise est au top.<\/p>\n<div class=\"vlp-link-container vlp-layout-article\"><a href=\"https:\/\/dicodusport.fr\/blog\/planche-a-voile-tom-arnoux-vice-champion-du-monde-en-iq-foil\/\" class=\"vlp-link\" title=\"Planche \u00e0 voile : Tom Arnoux vice-champion du monde en IQ Foil\"><\/a><div class=\"vlp-layout-zone-side\"><div class=\"vlp-block-4 vlp-link-image\"><img loading=\"lazy\" decoding=\"async\" style=\"max-width: 792px;\" width=\"792\" height=\"445\" src=\"https:\/\/dicodusport.fr\/blog\/wp-content\/uploads\/2025\/07\/Planche-a-voile-Tom-Arnoux-vice-champion-du-monde-en-IQ-Foil.png\" class=\"attachment-800x445 size-800x445\" alt=\"Planche \u00e0 voile Tom Arnoux vice-champion du monde en IQ Foil\" srcset=\"https:\/\/dicodusport.fr\/blog\/wp-content\/uploads\/2025\/07\/Planche-a-voile-Tom-Arnoux-vice-champion-du-monde-en-IQ-Foil.png 1200w, https:\/\/dicodusport.fr\/blog\/wp-content\/uploads\/2025\/07\/Planche-a-voile-Tom-Arnoux-vice-champion-du-monde-en-IQ-Foil-300x169.png 300w, https:\/\/dicodusport.fr\/blog\/wp-content\/uploads\/2025\/07\/Planche-a-voile-Tom-Arnoux-vice-champion-du-monde-en-IQ-Foil-1024x575.png 1024w, https:\/\/dicodusport.fr\/blog\/wp-content\/uploads\/2025\/07\/Planche-a-voile-Tom-Arnoux-vice-champion-du-monde-en-IQ-Foil-768x431.png 768w\" sizes=\"auto, (max-width: 792px) 100vw, 792px\" \/><\/div><\/div><div class=\"vlp-layout-zone-main\"><div class=\"vlp-block-0 vlp-link-title\">Planche \u00e0 voile : Tom Arnoux vice-champion du monde en IQ Foil<\/div><div class=\"vlp-block-1 vlp-link-summary\">CHAMPIONNATS DU MONDE D'IQ FOIL 2025 - Magnifique performance de Tom Arnoux, qui est all\u00e9 chercher l'argent mondial au Danemark.\u00a0<\/div><div class=\"vlp-block-2 vlp-link-button\">Lire l'article<\/div><div class=\"vlp-block-3 vlp-link-url\">dicodusport.fr<\/div><\/div><\/div>\n","protected":false},"excerpt":{"rendered":"<p>CHAMPIONNATS DU MONDE JEUNES D&rsquo;IQFOIL 2025 &#8211; \u00c0 Brest, Th\u00e9a Le Borgne a renvers\u00e9 la situation lors de la derni\u00e8re journ\u00e9e pour rafler le titre mondial U17.<\/p>\n","protected":false},"author":59,"featured_media":599447,"comment_status":"open","ping_status":"closed","sticky":false,"template":"","format":"standard","meta":{"_acf_changed":false,"_daextam_enable_autolinks":"1","footnotes":""},"categories":[9184],"tags":[16878,631],"class_list":["post-599444","post","type-post","status-publish","format-standard","has-post-thumbnail","hentry","category-voile","tag-breve","tag-planche-a-voile"],"acf":[],"yoast_head":"<!-- This site is optimized with the Yoast SEO Premium plugin v26.7 (Yoast SEO v26.7) - https:\/\/yoast.com\/wordpress\/plugins\/seo\/ -->\n<title>Planche \u00e0 voile : Th\u00e9a Le Borgne championne du monde U17 d&#039;IQFoil !<\/title>\n<meta name=\"description\" content=\"CHAMPIONNATS DU MONDE JEUNES D&#039;IQFOIL 2025 - \u00c0 Brest, Th\u00e9a Le Borgne a renvers\u00e9 la situation lors de la derni\u00e8re journ\u00e9e pour rafler le titre mondial U17.\" \/>\n<meta name=\"robots\" content=\"index, follow, max-snippet:-1, max-image-preview:large, max-video-preview:-1\" \/>\n<link rel=\"canonical\" href=\"https:\/\/dicodusport.fr\/blog\/planche-a-voile-thea-le-borgne-championne-du-monde-u17-diqfoil\/\" \/>\n<meta property=\"og:locale\" content=\"fr_FR\" \/>\n<meta property=\"og:type\" content=\"article\" \/>\n<meta property=\"og:title\" content=\"Planche \u00e0 voile : Th\u00e9a Le Borgne championne du monde U17 d&#039;IQFoil !\" \/>\n<meta property=\"og:description\" content=\"CHAMPIONNATS DU MONDE JEUNES D&#039;IQFOIL 2025 - \u00c0 Brest, Th\u00e9a Le Borgne a renvers\u00e9 la situation lors de la derni\u00e8re journ\u00e9e pour rafler le titre mondial U17.\" \/>\n<meta property=\"og:url\" content=\"https:\/\/dicodusport.fr\/blog\/planche-a-voile-thea-le-borgne-championne-du-monde-u17-diqfoil\/\" \/>\n<meta property=\"og:site_name\" content=\"Dicodusport\" \/>\n<meta property=\"article:publisher\" content=\"https:\/\/www.facebook.com\/dicodusport\" \/>\n<meta property=\"article:author\" content=\"https:\/\/www.facebook.com\/sebastien.gente\/\" \/>\n<meta property=\"article:published_time\" content=\"2025-07-31T17:44:09+00:00\" \/>\n<meta property=\"og:image\" content=\"https:\/\/dicodusport.fr\/blog\/wp-content\/uploads\/2025\/07\/Planche-a-voile-Thea-Le-Borgne-championne-du-monde-U17-dIQFoil-.png\" \/>\n\t<meta property=\"og:image:width\" content=\"1200\" \/>\n\t<meta property=\"og:image:height\" content=\"674\" \/>\n\t<meta property=\"og:image:type\" content=\"image\/png\" \/>\n<meta name=\"author\" content=\"S\u00e9bastien Gente\" \/>\n<meta name=\"twitter:card\" content=\"summary_large_image\" \/>\n<meta name=\"twitter:title\" content=\"Planche \u00e0 voile : Th\u00e9a Le Borgne championne du monde U17 d&#039;IQFoil !\" \/>\n<meta name=\"twitter:creator\" content=\"@https:\/\/twitter.com\/globulo24\" \/>\n<meta name=\"twitter:site\" content=\"@dicodusport\" \/>\n<script type=\"application\/ld+json\" class=\"yoast-schema-graph\">{\"@context\":\"https:\/\/schema.org\",\"@graph\":[{\"@type\":\"NewsArticle\",\"@id\":\"https:\/\/dicodusport.fr\/blog\/planche-a-voile-thea-le-borgne-championne-du-monde-u17-diqfoil\/#article\",\"isPartOf\":{\"@id\":\"https:\/\/dicodusport.fr\/blog\/planche-a-voile-thea-le-borgne-championne-du-monde-u17-diqfoil\/\"},\"author\":{\"name\":\"S\u00e9bastien Gente\",\"@id\":\"https:\/\/dicodusport.fr\/blog\/#\/schema\/person\/627966a6cde45dbd8c5e36ac85d783da\"},\"headline\":\"Planche \u00e0 voile : Th\u00e9a Le Borgne championne du monde U17 d&rsquo;IQFoil !\",\"datePublished\":\"2025-07-31T17:44:09+00:00\",\"mainEntityOfPage\":{\"@id\":\"https:\/\/dicodusport.fr\/blog\/planche-a-voile-thea-le-borgne-championne-du-monde-u17-diqfoil\/\"},\"wordCount\":517,\"commentCount\":0,\"publisher\":{\"@id\":\"https:\/\/dicodusport.fr\/blog\/#organization\"},\"image\":{\"@id\":\"https:\/\/dicodusport.fr\/blog\/planche-a-voile-thea-le-borgne-championne-du-monde-u17-diqfoil\/#primaryimage\"},\"thumbnailUrl\":\"https:\/\/dicodusport.fr\/blog\/wp-content\/uploads\/2025\/07\/Planche-a-voile-Thea-Le-Borgne-championne-du-monde-U17-dIQFoil-.png\",\"keywords\":[\"br\u00e8ve\",\"planche \u00e0 voile\"],\"articleSection\":[\"Voile\"],\"inLanguage\":\"fr-FR\",\"potentialAction\":[{\"@type\":\"CommentAction\",\"name\":\"Comment\",\"target\":[\"https:\/\/dicodusport.fr\/blog\/planche-a-voile-thea-le-borgne-championne-du-monde-u17-diqfoil\/#respond\"]}],\"copyrightYear\":\"2025\",\"copyrightHolder\":{\"@id\":\"https:\/\/dicodusport.fr\/blog\/#organization\"}},{\"@type\":\"WebPage\",\"@id\":\"https:\/\/dicodusport.fr\/blog\/planche-a-voile-thea-le-borgne-championne-du-monde-u17-diqfoil\/\",\"url\":\"https:\/\/dicodusport.fr\/blog\/planche-a-voile-thea-le-borgne-championne-du-monde-u17-diqfoil\/\",\"name\":\"Planche \u00e0 voile : Th\u00e9a Le Borgne championne du monde U17 d'IQFoil !\",\"isPartOf\":{\"@id\":\"https:\/\/dicodusport.fr\/blog\/#website\"},\"primaryImageOfPage\":{\"@id\":\"https:\/\/dicodusport.fr\/blog\/planche-a-voile-thea-le-borgne-championne-du-monde-u17-diqfoil\/#primaryimage\"},\"image\":{\"@id\":\"https:\/\/dicodusport.fr\/blog\/planche-a-voile-thea-le-borgne-championne-du-monde-u17-diqfoil\/#primaryimage\"},\"thumbnailUrl\":\"https:\/\/dicodusport.fr\/blog\/wp-content\/uploads\/2025\/07\/Planche-a-voile-Thea-Le-Borgne-championne-du-monde-U17-dIQFoil-.png\",\"datePublished\":\"2025-07-31T17:44:09+00:00\",\"description\":\"CHAMPIONNATS DU MONDE JEUNES D'IQFOIL 2025 - \u00c0 Brest, Th\u00e9a Le Borgne a renvers\u00e9 la situation lors de la derni\u00e8re journ\u00e9e pour rafler le titre mondial U17.\",\"breadcrumb\":{\"@id\":\"https:\/\/dicodusport.fr\/blog\/planche-a-voile-thea-le-borgne-championne-du-monde-u17-diqfoil\/#breadcrumb\"},\"inLanguage\":\"fr-FR\",\"potentialAction\":[{\"@type\":\"ReadAction\",\"target\":[\"https:\/\/dicodusport.fr\/blog\/planche-a-voile-thea-le-borgne-championne-du-monde-u17-diqfoil\/\"]}]},{\"@type\":\"ImageObject\",\"inLanguage\":\"fr-FR\",\"@id\":\"https:\/\/dicodusport.fr\/blog\/planche-a-voile-thea-le-borgne-championne-du-monde-u17-diqfoil\/#primaryimage\",\"url\":\"https:\/\/dicodusport.fr\/blog\/wp-content\/uploads\/2025\/07\/Planche-a-voile-Thea-Le-Borgne-championne-du-monde-U17-dIQFoil-.png\",\"contentUrl\":\"https:\/\/dicodusport.fr\/blog\/wp-content\/uploads\/2025\/07\/Planche-a-voile-Thea-Le-Borgne-championne-du-monde-U17-dIQFoil-.png\",\"width\":1200,\"height\":674,\"caption\":\"Planche \u00e0 voile Th\u00e9a Le Borgne championne du monde U17 d'IQFoil !\"},{\"@type\":\"BreadcrumbList\",\"@id\":\"https:\/\/dicodusport.fr\/blog\/planche-a-voile-thea-le-borgne-championne-du-monde-u17-diqfoil\/#breadcrumb\",\"itemListElement\":[{\"@type\":\"ListItem\",\"position\":1,\"name\":\"Accueil\",\"item\":\"https:\/\/dicodusport.fr\/blog\/\"},{\"@type\":\"ListItem\",\"position\":2,\"name\":\"Planche \u00e0 voile : Th\u00e9a Le Borgne championne du monde U17 d&rsquo;IQFoil !\"}]},{\"@type\":\"WebSite\",\"@id\":\"https:\/\/dicodusport.fr\/blog\/#website\",\"url\":\"https:\/\/dicodusport.fr\/blog\/\",\"name\":\"Dicodusport\",\"description\":\"L&#039;encyclop\u00e9die de l&#039;actualit\u00e9 sportive\",\"publisher\":{\"@id\":\"https:\/\/dicodusport.fr\/blog\/#organization\"},\"potentialAction\":[{\"@type\":\"SearchAction\",\"target\":{\"@type\":\"EntryPoint\",\"urlTemplate\":\"https:\/\/dicodusport.fr\/blog\/?s={search_term_string}\"},\"query-input\":{\"@type\":\"PropertyValueSpecification\",\"valueRequired\":true,\"valueName\":\"search_term_string\"}}],\"inLanguage\":\"fr-FR\"},{\"@type\":\"NewsMediaOrganization\",\"@id\":\"https:\/\/dicodusport.fr\/blog\/#organization\",\"name\":\"Dicodusport\",\"url\":\"https:\/\/dicodusport.fr\/blog\/\",\"logo\":{\"@type\":\"ImageObject\",\"inLanguage\":\"fr-FR\",\"@id\":\"https:\/\/dicodusport.fr\/blog\/#\/schema\/logo\/image\/\",\"url\":\"https:\/\/dicodusport.fr\/blog\/wp-content\/uploads\/2020\/06\/cropped-LOGO-DICODUSPORT-2020-SANS-FOND-SANS-TEXTE.png\",\"contentUrl\":\"https:\/\/dicodusport.fr\/blog\/wp-content\/uploads\/2020\/06\/cropped-LOGO-DICODUSPORT-2020-SANS-FOND-SANS-TEXTE.png\",\"width\":512,\"height\":512,\"caption\":\"Dicodusport\"},\"image\":{\"@id\":\"https:\/\/dicodusport.fr\/blog\/#\/schema\/logo\/image\/\"},\"sameAs\":[\"https:\/\/www.facebook.com\/dicodusport\",\"https:\/\/x.com\/dicodusport\",\"https:\/\/www.instagram.com\/dicodusport\/\",\"https:\/\/www.youtube.com\/channel\/UC7V2KZ5sd3htJivAbA4ZG3w\"],\"description\":\"Dicodusport est l'encyclop\u00e9die de l'actualit\u00e9 sportive.\",\"email\":\"bonjour@dicodusport.fr\",\"legalName\":\"DICODUSPORT\",\"foundingDate\":\"2018-01-14\",\"vatID\":\"FR71834470973\",\"taxID\":\"83447097300043\",\"numberOfEmployees\":{\"@type\":\"QuantitativeValue\",\"minValue\":\"1\",\"maxValue\":\"10\"}},{\"@type\":\"Person\",\"@id\":\"https:\/\/dicodusport.fr\/blog\/#\/schema\/person\/627966a6cde45dbd8c5e36ac85d783da\",\"name\":\"S\u00e9bastien Gente\",\"image\":{\"@type\":\"ImageObject\",\"inLanguage\":\"fr-FR\",\"@id\":\"https:\/\/dicodusport.fr\/blog\/#\/schema\/person\/image\/\",\"url\":\"https:\/\/dicodusport.fr\/blog\/wp-content\/uploads\/2021\/09\/1510990_10205810251400683_4124423575079401707_n-150x150.jpg\",\"contentUrl\":\"https:\/\/dicodusport.fr\/blog\/wp-content\/uploads\/2021\/09\/1510990_10205810251400683_4124423575079401707_n-150x150.jpg\",\"caption\":\"S\u00e9bastien Gente\"},\"description\":\"John Stockton, Gianni Bugno, Zinedine Zidane, Steffi Graf, Frode Andresen, St\u00e9phane Stoecklin, Davis Kamoga, Primoz Peterka, Werner Schlager et Aur\u00e9lien Rougerie. Point commun entre ces sportifs? Ils m'ont fait r\u00eaver et ont berc\u00e9 mon adolescence. Je suis un fondu de sports et j'essaie de retranscrire ma passion \u00e0 travers mes articles. Originaire du P\u00e9rigord, ma passion pour les Girondins, les Jaunards et les Jazzmen transpire dans mes \u00e9crits. \u00c0 Dicodusport depuis 2021, je d\u00e9niche les sports m\u00e9connus dans lesquels la France brille, et il y en a !\",\"sameAs\":[\"https:\/\/www.facebook.com\/sebastien.gente\/\",\"https:\/\/www.instagram.com\/sebgente\/\",\"https:\/\/www.linkedin.com\/in\/sbastien-gente-a29583169\/\",\"https:\/\/x.com\/https:\/\/twitter.com\/globulo24\",\"SebastienGente\"],\"worksFor\":\"S\u00e9bastien GENTE\",\"url\":\"https:\/\/dicodusport.fr\/blog\/author\/sebastiengente\/\"}]}<\/script>\n<!-- \/ Yoast SEO Premium plugin. -->","yoast_head_json":{"title":"Planche \u00e0 voile : Th\u00e9a Le Borgne championne du monde U17 d'IQFoil !","description":"CHAMPIONNATS DU MONDE JEUNES D'IQFOIL 2025 - \u00c0 Brest, Th\u00e9a Le Borgne a renvers\u00e9 la situation lors de la derni\u00e8re journ\u00e9e pour rafler le titre mondial U17.","robots":{"index":"index","follow":"follow","max-snippet":"max-snippet:-1","max-image-preview":"max-image-preview:large","max-video-preview":"max-video-preview:-1"},"canonical":"https:\/\/dicodusport.fr\/blog\/planche-a-voile-thea-le-borgne-championne-du-monde-u17-diqfoil\/","og_locale":"fr_FR","og_type":"article","og_title":"Planche \u00e0 voile : Th\u00e9a Le Borgne championne du monde U17 d'IQFoil !","og_description":"CHAMPIONNATS DU MONDE JEUNES D'IQFOIL 2025 - \u00c0 Brest, Th\u00e9a Le Borgne a renvers\u00e9 la situation lors de la derni\u00e8re journ\u00e9e pour rafler le titre mondial U17.","og_url":"https:\/\/dicodusport.fr\/blog\/planche-a-voile-thea-le-borgne-championne-du-monde-u17-diqfoil\/","og_site_name":"Dicodusport","article_publisher":"https:\/\/www.facebook.com\/dicodusport","article_author":"https:\/\/www.facebook.com\/sebastien.gente\/","article_published_time":"2025-07-31T17:44:09+00:00","og_image":[{"width":1200,"height":674,"url":"https:\/\/dicodusport.fr\/blog\/wp-content\/uploads\/2025\/07\/Planche-a-voile-Thea-Le-Borgne-championne-du-monde-U17-dIQFoil-.png","type":"image\/png"}],"author":"S\u00e9bastien Gente","twitter_card":"summary_large_image","twitter_title":"Planche \u00e0 voile : Th\u00e9a Le Borgne championne du monde U17 d'IQFoil !","twitter_creator":"@https:\/\/twitter.com\/globulo24","twitter_site":"@dicodusport","schema":{"@context":"https:\/\/schema.org","@graph":[{"@type":"NewsArticle","@id":"https:\/\/dicodusport.fr\/blog\/planche-a-voile-thea-le-borgne-championne-du-monde-u17-diqfoil\/#article","isPartOf":{"@id":"https:\/\/dicodusport.fr\/blog\/planche-a-voile-thea-le-borgne-championne-du-monde-u17-diqfoil\/"},"author":{"name":"S\u00e9bastien Gente","@id":"https:\/\/dicodusport.fr\/blog\/#\/schema\/person\/627966a6cde45dbd8c5e36ac85d783da"},"headline":"Planche \u00e0 voile : Th\u00e9a Le Borgne championne du monde U17 d&rsquo;IQFoil !","datePublished":"2025-07-31T17:44:09+00:00","mainEntityOfPage":{"@id":"https:\/\/dicodusport.fr\/blog\/planche-a-voile-thea-le-borgne-championne-du-monde-u17-diqfoil\/"},"wordCount":517,"commentCount":0,"publisher":{"@id":"https:\/\/dicodusport.fr\/blog\/#organization"},"image":{"@id":"https:\/\/dicodusport.fr\/blog\/planche-a-voile-thea-le-borgne-championne-du-monde-u17-diqfoil\/#primaryimage"},"thumbnailUrl":"https:\/\/dicodusport.fr\/blog\/wp-content\/uploads\/2025\/07\/Planche-a-voile-Thea-Le-Borgne-championne-du-monde-U17-dIQFoil-.png","keywords":["br\u00e8ve","planche \u00e0 voile"],"articleSection":["Voile"],"inLanguage":"fr-FR","potentialAction":[{"@type":"CommentAction","name":"Comment","target":["https:\/\/dicodusport.fr\/blog\/planche-a-voile-thea-le-borgne-championne-du-monde-u17-diqfoil\/#respond"]}],"copyrightYear":"2025","copyrightHolder":{"@id":"https:\/\/dicodusport.fr\/blog\/#organization"}},{"@type":"WebPage","@id":"https:\/\/dicodusport.fr\/blog\/planche-a-voile-thea-le-borgne-championne-du-monde-u17-diqfoil\/","url":"https:\/\/dicodusport.fr\/blog\/planche-a-voile-thea-le-borgne-championne-du-monde-u17-diqfoil\/","name":"Planche \u00e0 voile : Th\u00e9a Le Borgne championne du monde U17 d'IQFoil !","isPartOf":{"@id":"https:\/\/dicodusport.fr\/blog\/#website"},"primaryImageOfPage":{"@id":"https:\/\/dicodusport.fr\/blog\/planche-a-voile-thea-le-borgne-championne-du-monde-u17-diqfoil\/#primaryimage"},"image":{"@id":"https:\/\/dicodusport.fr\/blog\/planche-a-voile-thea-le-borgne-championne-du-monde-u17-diqfoil\/#primaryimage"},"thumbnailUrl":"https:\/\/dicodusport.fr\/blog\/wp-content\/uploads\/2025\/07\/Planche-a-voile-Thea-Le-Borgne-championne-du-monde-U17-dIQFoil-.png","datePublished":"2025-07-31T17:44:09+00:00","description":"CHAMPIONNATS DU MONDE JEUNES D'IQFOIL 2025 - \u00c0 Brest, Th\u00e9a Le Borgne a renvers\u00e9 la situation lors de la derni\u00e8re journ\u00e9e pour rafler le titre mondial U17.","breadcrumb":{"@id":"https:\/\/dicodusport.fr\/blog\/planche-a-voile-thea-le-borgne-championne-du-monde-u17-diqfoil\/#breadcrumb"},"inLanguage":"fr-FR","potentialAction":[{"@type":"ReadAction","target":["https:\/\/dicodusport.fr\/blog\/planche-a-voile-thea-le-borgne-championne-du-monde-u17-diqfoil\/"]}]},{"@type":"ImageObject","inLanguage":"fr-FR","@id":"https:\/\/dicodusport.fr\/blog\/planche-a-voile-thea-le-borgne-championne-du-monde-u17-diqfoil\/#primaryimage","url":"https:\/\/dicodusport.fr\/blog\/wp-content\/uploads\/2025\/07\/Planche-a-voile-Thea-Le-Borgne-championne-du-monde-U17-dIQFoil-.png","contentUrl":"https:\/\/dicodusport.fr\/blog\/wp-content\/uploads\/2025\/07\/Planche-a-voile-Thea-Le-Borgne-championne-du-monde-U17-dIQFoil-.png","width":1200,"height":674,"caption":"Planche \u00e0 voile Th\u00e9a Le Borgne championne du monde U17 d'IQFoil !"},{"@type":"BreadcrumbList","@id":"https:\/\/dicodusport.fr\/blog\/planche-a-voile-thea-le-borgne-championne-du-monde-u17-diqfoil\/#breadcrumb","itemListElement":[{"@type":"ListItem","position":1,"name":"Accueil","item":"https:\/\/dicodusport.fr\/blog\/"},{"@type":"ListItem","position":2,"name":"Planche \u00e0 voile : Th\u00e9a Le Borgne championne du monde U17 d&rsquo;IQFoil !"}]},{"@type":"WebSite","@id":"https:\/\/dicodusport.fr\/blog\/#website","url":"https:\/\/dicodusport.fr\/blog\/","name":"Dicodusport","description":"L&#039;encyclop\u00e9die de l&#039;actualit\u00e9 sportive","publisher":{"@id":"https:\/\/dicodusport.fr\/blog\/#organization"},"potentialAction":[{"@type":"SearchAction","target":{"@type":"EntryPoint","urlTemplate":"https:\/\/dicodusport.fr\/blog\/?s={search_term_string}"},"query-input":{"@type":"PropertyValueSpecification","valueRequired":true,"valueName":"search_term_string"}}],"inLanguage":"fr-FR"},{"@type":"NewsMediaOrganization","@id":"https:\/\/dicodusport.fr\/blog\/#organization","name":"Dicodusport","url":"https:\/\/dicodusport.fr\/blog\/","logo":{"@type":"ImageObject","inLanguage":"fr-FR","@id":"https:\/\/dicodusport.fr\/blog\/#\/schema\/logo\/image\/","url":"https:\/\/dicodusport.fr\/blog\/wp-content\/uploads\/2020\/06\/cropped-LOGO-DICODUSPORT-2020-SANS-FOND-SANS-TEXTE.png","contentUrl":"https:\/\/dicodusport.fr\/blog\/wp-content\/uploads\/2020\/06\/cropped-LOGO-DICODUSPORT-2020-SANS-FOND-SANS-TEXTE.png","width":512,"height":512,"caption":"Dicodusport"},"image":{"@id":"https:\/\/dicodusport.fr\/blog\/#\/schema\/logo\/image\/"},"sameAs":["https:\/\/www.facebook.com\/dicodusport","https:\/\/x.com\/dicodusport","https:\/\/www.instagram.com\/dicodusport\/","https:\/\/www.youtube.com\/channel\/UC7V2KZ5sd3htJivAbA4ZG3w"],"description":"Dicodusport est l'encyclop\u00e9die de l'actualit\u00e9 sportive.","email":"bonjour@dicodusport.fr","legalName":"DICODUSPORT","foundingDate":"2018-01-14","vatID":"FR71834470973","taxID":"83447097300043","numberOfEmployees":{"@type":"QuantitativeValue","minValue":"1","maxValue":"10"}},{"@type":"Person","@id":"https:\/\/dicodusport.fr\/blog\/#\/schema\/person\/627966a6cde45dbd8c5e36ac85d783da","name":"S\u00e9bastien Gente","image":{"@type":"ImageObject","inLanguage":"fr-FR","@id":"https:\/\/dicodusport.fr\/blog\/#\/schema\/person\/image\/","url":"https:\/\/dicodusport.fr\/blog\/wp-content\/uploads\/2021\/09\/1510990_10205810251400683_4124423575079401707_n-150x150.jpg","contentUrl":"https:\/\/dicodusport.fr\/blog\/wp-content\/uploads\/2021\/09\/1510990_10205810251400683_4124423575079401707_n-150x150.jpg","caption":"S\u00e9bastien Gente"},"description":"John Stockton, Gianni Bugno, Zinedine Zidane, Steffi Graf, Frode Andresen, St\u00e9phane Stoecklin, Davis Kamoga, Primoz Peterka, Werner Schlager et Aur\u00e9lien Rougerie. Point commun entre ces sportifs? Ils m'ont fait r\u00eaver et ont berc\u00e9 mon adolescence. Je suis un fondu de sports et j'essaie de retranscrire ma passion \u00e0 travers mes articles. Originaire du P\u00e9rigord, ma passion pour les Girondins, les Jaunards et les Jazzmen transpire dans mes \u00e9crits. \u00c0 Dicodusport depuis 2021, je d\u00e9niche les sports m\u00e9connus dans lesquels la France brille, et il y en a !","sameAs":["https:\/\/www.facebook.com\/sebastien.gente\/","https:\/\/www.instagram.com\/sebgente\/","https:\/\/www.linkedin.com\/in\/sbastien-gente-a29583169\/","https:\/\/x.com\/https:\/\/twitter.com\/globulo24","SebastienGente"],"worksFor":"S\u00e9bastien GENTE","url":"https:\/\/dicodusport.fr\/blog\/author\/sebastiengente\/"}]}},"_links":{"self":[{"href":"https:\/\/dicodusport.fr\/blog\/wp-json\/wp\/v2\/posts\/599444","targetHints":{"allow":["GET"]}}],"collection":[{"href":"https:\/\/dicodusport.fr\/blog\/wp-json\/wp\/v2\/posts"}],"about":[{"href":"https:\/\/dicodusport.fr\/blog\/wp-json\/wp\/v2\/types\/post"}],"author":[{"embeddable":true,"href":"https:\/\/dicodusport.fr\/blog\/wp-json\/wp\/v2\/users\/59"}],"replies":[{"embeddable":true,"href":"https:\/\/dicodusport.fr\/blog\/wp-json\/wp\/v2\/comments?post=599444"}],"version-history":[{"count":1,"href":"https:\/\/dicodusport.fr\/blog\/wp-json\/wp\/v2\/posts\/599444\/revisions"}],"predecessor-version":[{"id":599448,"href":"https:\/\/dicodusport.fr\/blog\/wp-json\/wp\/v2\/posts\/599444\/revisions\/599448"}],"wp:featuredmedia":[{"embeddable":true,"href":"https:\/\/dicodusport.fr\/blog\/wp-json\/wp\/v2\/media\/599447"}],"wp:attachment":[{"href":"https:\/\/dicodusport.fr\/blog\/wp-json\/wp\/v2\/media?parent=599444"}],"wp:term":[{"taxonomy":"category","embeddable":true,"href":"https:\/\/dicodusport.fr\/blog\/wp-json\/wp\/v2\/categories?post=599444"},{"taxonomy":"post_tag","embeddable":true,"href":"https:\/\/dicodusport.fr\/blog\/wp-json\/wp\/v2\/tags?post=599444"}],"curies":[{"name":"wp","href":"https:\/\/api.w.org\/{rel}","templated":true}]}}