{"id":5996,"date":"2017-10-23T08:00:13","date_gmt":"2017-10-23T07:00:13","guid":{"rendered":"http:\/\/dicodusport.fr\/blog\/?p=5996"},"modified":"2025-11-20T18:37:50","modified_gmt":"2025-11-20T17:37:50","slug":"lundi-taquet-15-vie-or-pistards-berlin-bilan-mitige-archers","status":"publish","type":"post","link":"https:\/\/dicodusport.fr\/blog\/lundi-taquet-15-vie-or-pistards-berlin-bilan-mitige-archers\/","title":{"rendered":"Un lundi au taquet #15 : la vie en or pour les pistards \u00e0 Berlin, bilan mitig\u00e9 pour les archers"},"content":{"rendered":"<p style=\"text-align: justify;\"><span style=\"color: #000000;\"><strong><em>Comment \u00e7a ? Vous n&rsquo;avez pas suivi l&rsquo;actualit\u00e9 sportive cette semaine ? Pas de probl\u00e8me, votre blog Dicodusport vous offre une s\u00e9ance de rattrapage, entre s\u00e9rieux et humour. <\/em><\/strong><strong><em>Moteur.<\/em><\/strong><\/span><\/p>\n<hr \/>\n<h6 style=\"text-align: center;\"><span style=\"color: #000000;\"><em><strong>&#8211; En bref &#8211;<\/strong><\/em><\/span><\/h6>\n<p style=\"text-align: justify;\"><span style=\"color: #000000;\"><strong style=\"color: #000000;\">#Tir \u00e0 l&rsquo;Arc &#8211; Mondiaux : bilan mitig\u00e9 pour l&rsquo;\u00e9quipe de France<\/strong><\/span><\/p>\n<p style=\"text-align: justify;\">Mexico accueillait les Mondiaux de Tir \u00e0 l&rsquo;arc cette semaine. Emmen\u00e9s par un Jean-Charles Valladont, vice-champion olympique \u00e0 Rio, les archers bleu(e)s arrivaient avec une bonne dose d&rsquo;ambition. Mais les premiers jours ont \u00e9t\u00e9 compliqu\u00e9s : le m\u00e9daill\u00e9 d&rsquo;argent il y a un an, Jean-Charles Valladont, a \u00e9t\u00e9 \u00e9limin\u00e9 d\u00e8s le premier tour, \u00e0 la surprise g\u00e9n\u00e9rale. En arc \u00e0 poulie, en revanche, les Tricolores ont brill\u00e9, avec le magnifique titre mondial de S\u00e9bastien Peineau. D\u00e9j\u00e0 champion du Monde en salle l&rsquo;an dernier, il a battu en finale le num\u00e9ro un mondial, le Danois Stephan Hansen, gr\u00e2ce \u00e0 une fl\u00e8che de barrage. Dans la m\u00eame cat\u00e9gorie, Pierre-Julien Deloche termine au pied du podium. Enfin, les Bleus ont d\u00e9croch\u00e9 l&rsquo;argent en \u00e9quipe, en arc classique.<\/p>\n<div id=\"attachment_6000\" style=\"width: 996px\" class=\"wp-caption aligncenter\"><img loading=\"lazy\" decoding=\"async\" aria-describedby=\"caption-attachment-6000\" class=\" wp-image-6000\" src=\"http:\/\/dicodusport.fr\/blog\/wp-content\/uploads\/2017\/10\/DMstn26VoAMtg30.jpg-large-300x200.jpg\" alt=\"\" width=\"986\" height=\"658\" srcset=\"https:\/\/dicodusport.fr\/blog\/wp-content\/uploads\/2017\/10\/DMstn26VoAMtg30.jpg-large-300x200.jpg 300w, https:\/\/dicodusport.fr\/blog\/wp-content\/uploads\/2017\/10\/DMstn26VoAMtg30.jpg-large-768x512.jpg 768w, https:\/\/dicodusport.fr\/blog\/wp-content\/uploads\/2017\/10\/DMstn26VoAMtg30.jpg-large.jpg 800w\" sizes=\"auto, (max-width: 986px) 100vw, 986px\" \/><p id=\"caption-attachment-6000\" class=\"wp-caption-text\"><span style=\"font-size: 12px;\">S\u00e9bastien Peineau, d\u00e9j\u00e0 titr\u00e9 en salle l&rsquo;an dernier, peut savourer &#8211; F\u00e9d\u00e9ration Fran\u00e7aise de Tir \u00e0 l&rsquo;Arc<\/span><\/p><\/div>\n<p style=\"text-align: justify;\"><span style=\"color: #000000;\"><strong style=\"color: #000000;\">#Troph\u00e9e Roses des Sables : une 17\u00e8me \u00e9dition plus que r\u00e9ussie<\/strong><\/span><\/p>\n<p style=\"text-align: justify;\">Entre l&rsquo;Espagne et Marrakech, le Troph\u00e9e Roses des Sables a de nouveau \u00e9t\u00e9 une r\u00e9ussite pour sa 17\u00e8me cuv\u00e9e. Sur une moto,un quad ou \u00e0 bord d&rsquo;un 4X4, cette course exclusivement r\u00e9serv\u00e9e aux femmes permet de soutenir plusieurs actions et associations comme l\u2019association <em>Enfants du d\u00e9sert<\/em>, qui m\u00e8ne ses op\u00e9rations au Maroc, en venant en aide aux enfants isol\u00e9s. La course soutient \u00e9galement l\u2019association <em>Cancer du Sein, parlons-en !<\/em>, mais aussi la Croix-Rouge fran\u00e7aise. Sur le plan sportif, c&rsquo;est l&rsquo;\u00e9quipe <em>Cirque du Soleil<\/em> , compos\u00e9e de deux Canadiennes, qui a remport\u00e9 la course. Vous pouvez d\u00e9j\u00e0 vous inscrire pour la 18\u00e8me \u00e9dition, par <strong><a href=\"https:\/\/trophee-roses-des-sables.com\/course-en-direct\/participer-en-2018\">ici<\/a><\/strong> ! Mesdames les aventuri\u00e8res, \u00e0 vous de jouer !<\/p>\n<div id=\"attachment_6004\" style=\"width: 1032px\" class=\"wp-caption aligncenter\"><img loading=\"lazy\" decoding=\"async\" aria-describedby=\"caption-attachment-6004\" class=\" wp-image-6004\" src=\"http:\/\/dicodusport.fr\/blog\/wp-content\/uploads\/2017\/10\/RDP_29-732x600xn-300x200.jpg\" alt=\"\" width=\"1022\" height=\"682\" srcset=\"https:\/\/dicodusport.fr\/blog\/wp-content\/uploads\/2017\/10\/RDP_29-732x600xn-300x200.jpg 300w, https:\/\/dicodusport.fr\/blog\/wp-content\/uploads\/2017\/10\/RDP_29-732x600xn.jpg 732w\" sizes=\"auto, (max-width: 1022px) 100vw, 1022px\" \/><p id=\"caption-attachment-6004\" class=\"wp-caption-text\"><span style=\"font-size: 12px;\">Charline et Catherine, laur\u00e9ates du Troph\u00e9e Roses des Sables &#8211; Troph\u00e9e Roses des Sables\/Flash-Sport<\/span><\/p><\/div>\n<hr \/>\n<h6 style=\"text-align: center;\"><span style=\"color: #000000;\"><em><strong>&#8211; La femme de la semaine &#8211;<\/strong><\/em><\/span><\/h6>\n<p style=\"text-align: justify;\">Rappelez-vous, c&rsquo;\u00e9tait il y a \u00e0 peine deux mois : on vous parlait de Mathilde Gros, qui venait de r\u00e9aliser le tripl\u00e9 sur les Championnats du Monde de cyclisme sur piste juniors, en \u00e9tant titr\u00e9e en vitesse, keirin et sur 500m d\u00e9part arr\u00eat\u00e9. A 18 ans, la championne originaire de Cornillon-Confoux dans les Bouches-du-Rh\u00f4ne participait cette semaine aux Championnats d&rsquo;Europe \u00e9lite \u00e0 Berlin (Allemagne). Le moins que l&rsquo;on puisse dire, c&rsquo;est qu&rsquo;elle n&rsquo;a pas d\u00e9\u00e7u, en revenant avec une magnifique m\u00e9daille d&rsquo;argent en vitesse individuelle, faisant d&rsquo;elle la seule tricolore sur un podium dans ces championnats. En finale, elle a \u00e9t\u00e9 battue par la grande favorite allemande Kristina Vogel en finale, multiple championne du Monde et championne Olympique \u00e0 Rio, excusez du peu. La belle termine \u00e9galement \u00e0 la 4\u00e8me place en keirin et en vitesse par \u00e9quipes, en compagnie de Sandie Clair. Bref, l&rsquo;avenir lui appartient, et on est pr\u00eat \u00e0 parier que l&rsquo;on vous reparlera tr\u00e8s prochainement de Mathilde Gros. Oui oui, retenez bien son nom.<\/p>\n<div id=\"attachment_6005\" style=\"width: 936px\" class=\"wp-caption aligncenter\"><img loading=\"lazy\" decoding=\"async\" aria-describedby=\"caption-attachment-6005\" class=\" wp-image-6005\" src=\"http:\/\/dicodusport.fr\/blog\/wp-content\/uploads\/2017\/10\/22550376_1235718089865372_3588606769732036931_o-300x200.jpg\" alt=\"\" width=\"926\" height=\"617\" srcset=\"https:\/\/dicodusport.fr\/blog\/wp-content\/uploads\/2017\/10\/22550376_1235718089865372_3588606769732036931_o-300x200.jpg 300w, https:\/\/dicodusport.fr\/blog\/wp-content\/uploads\/2017\/10\/22550376_1235718089865372_3588606769732036931_o-768x512.jpg 768w, https:\/\/dicodusport.fr\/blog\/wp-content\/uploads\/2017\/10\/22550376_1235718089865372_3588606769732036931_o.jpg 1024w\" sizes=\"auto, (max-width: 926px) 100vw, 926px\" \/><p id=\"caption-attachment-6005\" class=\"wp-caption-text\"><span style=\"font-size: 12px;\">La hargne de Mathilde Gros &#8211; Patrick Pichon\/F\u00e9d\u00e9ration Fran\u00e7aise de Cyclisme<\/span><\/p><\/div>\n<hr \/>\n<h6 style=\"text-align: center;\"><span style=\"color: #000000;\"><em><strong>&#8211; Les hommes de la semaine &#8211;<\/strong><\/em><\/span><\/h6>\n<p style=\"text-align: justify;\">Et nos hommes de la semaine sont \u00e9galement issus de la piste, car les Tricolores ont fait des merveilles \u00e0 Berlin. Par \u00e9quipes, les Bleus ont glan\u00e9 les titres en poursuite et en vitesse : les poursuiteurs Louis Pijourlet, Corentin Ermenault, Florian Ma\u00eetre et Benjamin Thomas ont assez largement battu les Italiens en finale, tandis que les sprinteurs (photo de couverture) Benjamin Edelin, S\u00e9bastien Vigier et Quentin Lafargue ont domin\u00e9 les Allemands en vitesse. Et ces messieurs ont \u00e9galement brill\u00e9 en individuel et en duo. S\u00e9bastien Vigier a \u00e9t\u00e9 sacr\u00e9 champion d&rsquo;Europe en vitesse individuelle, tandis que Florian Ma\u00eetre et Benjamin Thomas ont remport\u00e9 le titre sur l&rsquo;Am\u00e9ricaine. Ce dernier a obtenu une troisi\u00e8me breloque, avec le bronze sur l&rsquo;omnium. Quentin Lafargue s&rsquo;adjuge quant \u00e0 lui le bronze sur le kilom\u00e8tre.<\/p>\n<div id=\"attachment_6006\" style=\"width: 962px\" class=\"wp-caption aligncenter\"><img loading=\"lazy\" decoding=\"async\" aria-describedby=\"caption-attachment-6006\" class=\" wp-image-6006\" src=\"http:\/\/dicodusport.fr\/blog\/wp-content\/uploads\/2017\/10\/22550452_1235061169931064_3289841215681148033_o-300x200.jpg\" alt=\"\" width=\"952\" height=\"634\" srcset=\"https:\/\/dicodusport.fr\/blog\/wp-content\/uploads\/2017\/10\/22550452_1235061169931064_3289841215681148033_o-300x200.jpg 300w, https:\/\/dicodusport.fr\/blog\/wp-content\/uploads\/2017\/10\/22550452_1235061169931064_3289841215681148033_o-768x512.jpg 768w, https:\/\/dicodusport.fr\/blog\/wp-content\/uploads\/2017\/10\/22550452_1235061169931064_3289841215681148033_o.jpg 1024w\" sizes=\"auto, (max-width: 952px) 100vw, 952px\" \/><p id=\"caption-attachment-6006\" class=\"wp-caption-text\"><span style=\"font-size: 12px;\">S\u00e9bastien Vigier (au centre) a v\u00e9cu des Championnats d&rsquo;Europe de r\u00eave &#8211; Patrick Pichon\/F\u00e9d\u00e9ration Fran\u00e7aise de Cyclisme<\/span><\/p><\/div>\n<p style=\"text-align: justify;\">Enfin, Adrien Garel avait montr\u00e9 l&rsquo;exemple en d\u00e9but de comp\u00e9tition, en remportant l&rsquo;or sur le scratch. Sans ses pistards exp\u00e9riment\u00e9s Gr\u00e9gory Baug\u00e9 et Fran\u00e7ois Pervis, l&rsquo;\u00e9quipe de France a r\u00e9alis\u00e9 un sacr\u00e9 championnat, avec des jeunes d\u00e9j\u00e0 en haut de l&rsquo;affiche. Les mauvaises langues diront que les Britanniques n&rsquo;\u00e9taient pas l\u00e0, mais les absents ont toujours tort, n&rsquo;est-ce pas ?<\/p>\n<hr \/>\n<h6 style=\"text-align: center;\"><span style=\"color: #000000;\"><em><strong>&#8211; Le tweet de la semaine &#8211;<\/strong><\/em><\/span><\/h6>\n<p style=\"text-align: justify;\">On connait nos classiques sur Dicodusport en mati\u00e8re d&rsquo;humour sur Twitter. Entre Philou et Dans la musette, notre c\u0153ur balance, et c&rsquo;est le dernier cit\u00e9 qui a nos faveurs cette semaine. La 105\u00e8me \u00e9dition du Tour de France a \u00e9t\u00e9 pr\u00e9sent\u00e9e par Christian Prudhomme. Au menu, des bigoudens \u00e0 gogo, un peu de Normandie, beaucoup de pav\u00e9s, des Alpes et des Pyr\u00e9n\u00e9es cors\u00e9s. Et notre trublion \u00e0 deux roues nous gratifie d&rsquo;un parcours revisit\u00e9, \u00e0 sa mani\u00e8re. On adore, clairement.<\/p>\n<blockquote class=\"twitter-tweet tw-align-center\" data-lang=\"fr\">\n<p lang=\"fr\" dir=\"ltr\">Voici notre carte d\u00e9taill\u00e9e du parcours du <a href=\"https:\/\/twitter.com\/hashtag\/TDF2018?src=hash&amp;ref_src=twsrc%5Etfw\">#TDF2018<\/a> ! <a href=\"https:\/\/t.co\/dgJgCOtlco\">pic.twitter.com\/dgJgCOtlco<\/a><\/p>\n<p>&mdash; Dans la musette (@DansLaMusette) <a href=\"https:\/\/twitter.com\/DansLaMusette\/status\/920628074768748545?ref_src=twsrc%5Etfw\">18 octobre 2017<\/a><\/p><\/blockquote>\n<p><script async src=\"\/\/platform.twitter.com\/widgets.js\" charset=\"utf-8\"><\/script><\/p>\n<hr \/>\n<h6 style=\"text-align: center;\"><span style=\"color: #000000;\"><strong><em>&#8211; Ce qu&rsquo;il ne faut pas louper cette semaine &#8211;<\/em><\/strong><\/span><\/h6>\n<p style=\"text-align: justify;\"><span style=\"color: #000000; font-size: 12pt;\"><span style=\"font-size: 20px;\">\u2219<\/span> D\u00e9but mardi des Internationaux de France de Badminton, dans la mythique salle Pierre de Coubertin \u00e0 Paris. Comptez sur nous pour vous faire un retour sur la comp\u00e9tition la semaine prochaine. La bonne nouvelle, c&rsquo;est que ces Internationaux, vous pourrez les suivre sur France T\u00e9l\u00e9visions, gr\u00e2ce au site et \u00e0 l\u2019application francetvsport. Retrouvez \u00e9galement les finales sur France \u00d4.<br \/>\n<\/span><\/p>\n<p style=\"text-align: justify;\"><span style=\"color: #000000;\"><span style=\"font-size: 20px;\">\u2219<\/span> Enfin, vendredi, la Coupe du Monde de rugby \u00e0 XIII prend ses quartiers en Australie, Nouvelle-Z\u00e9lande et Papouasie-Nouvelle Guin\u00e9e. Suivez la comp\u00e9tition et les performances de l&rsquo;\u00e9quipe de France sur <strong><a href=\"http:\/\/treizemondial.fr\/\">Treize Mondial<\/a><\/strong> !<\/span><\/p>\n<p><em><span style=\"color: #000000;\"><strong>Flo Ostermann<\/strong><\/span><\/em><em><br \/>\n<\/em><a href=\"https:\/\/www.facebook.com\/florent.ostermann\"><img loading=\"lazy\" decoding=\"async\" class=\"alignnone wp-image-2909\" src=\"http:\/\/dicodusport.fr\/blog\/wp-content\/uploads\/2017\/07\/logo-facebook-150x150.png\" alt=\"\" width=\"40\" height=\"40\" \/><\/a><a href=\"https:\/\/twitter.com\/SportInsideMag\"><img loading=\"lazy\" decoding=\"async\" class=\"alignnone wp-image-2908\" src=\"http:\/\/dicodusport.fr\/blog\/wp-content\/uploads\/2017\/07\/logo-twitter-150x150.png\" alt=\"\" width=\"39\" height=\"39\" \/><\/a><\/p>\n","protected":false},"excerpt":{"rendered":"<p>Comment \u00e7a ? Vous n&rsquo;avez pas suivi l&rsquo;actualit\u00e9 sportive cette semaine ? Pas de probl\u00e8me, votre blog Dicodusport vous offre une s\u00e9ance de rattrapage, entre s\u00e9rieux et humour. Moteur. &#8211; En bref &#8211; #Tir \u00e0 l&rsquo;Arc &#8211; Mondiaux : bilan mitig\u00e9 pour l&rsquo;\u00e9quipe de France Mexico accueillait les Mondiaux de Tir \u00e0 l&rsquo;arc cette semaine. [&hellip;]<\/p>\n","protected":false},"author":4,"featured_media":5997,"comment_status":"open","ping_status":"closed","sticky":false,"template":"","format":"standard","meta":{"_acf_changed":false,"_daextam_enable_autolinks":"","footnotes":""},"categories":[2366],"tags":[2184,2182,1664,1721,851,2181,1038],"class_list":["post-5996","post","type-post","status-publish","format-standard","has-post-thumbnail","hentry","category-multisports","tag-badminton","tag-benjamin-thomas","tag-cyclisme-sur-piste","tag-mathilde-gros","tag-rugby-a-xiii","tag-sebastien-vigier","tag-tir-a-larc"],"acf":[],"yoast_head":"<!-- This site is optimized with the Yoast SEO Premium plugin v26.7 (Yoast SEO v26.7) - https:\/\/yoast.com\/wordpress\/plugins\/seo\/ -->\n<title>Un lundi au taquet #15 : la vie en or pour les pistards \u00e0 Berlin, bilan mitig\u00e9 pour les archers<\/title>\n<meta name=\"description\" content=\"Un lundi au taquet, \u00e9pisode 15. Au menu cette semaine, des pistards en or, Mathilde Gros continue de s&#039;affirmer et zoom sur le Troph\u00e9e Roses des Sables.\" \/>\n<meta name=\"robots\" content=\"index, follow, max-snippet:-1, max-image-preview:large, max-video-preview:-1\" \/>\n<link rel=\"canonical\" href=\"https:\/\/dicodusport.fr\/blog\/lundi-taquet-15-vie-or-pistards-berlin-bilan-mitige-archers\/\" \/>\n<meta property=\"og:locale\" content=\"fr_FR\" \/>\n<meta property=\"og:type\" content=\"article\" \/>\n<meta property=\"og:title\" content=\"Un lundi au taquet #15 : la vie en or pour les pistards \u00e0 Berlin, bilan mitig\u00e9 pour les archers\" \/>\n<meta property=\"og:description\" content=\"Un lundi au taquet, \u00e9pisode 15. Au menu cette semaine, des pistards en or, Mathilde Gros continue de s&#039;affirmer et zoom sur le Troph\u00e9e Roses des Sables.\" \/>\n<meta property=\"og:url\" content=\"https:\/\/dicodusport.fr\/blog\/lundi-taquet-15-vie-or-pistards-berlin-bilan-mitige-archers\/\" \/>\n<meta property=\"og:site_name\" content=\"Dicodusport\" \/>\n<meta property=\"article:publisher\" content=\"https:\/\/www.facebook.com\/dicodusport\" \/>\n<meta property=\"article:author\" content=\"https:\/\/www.facebook.com\/florent.ostermann\" \/>\n<meta property=\"article:published_time\" content=\"2017-10-23T07:00:13+00:00\" \/>\n<meta property=\"article:modified_time\" content=\"2025-11-20T17:37:50+00:00\" \/>\n<meta property=\"og:image\" content=\"https:\/\/dicodusport.fr\/blog\/wp-content\/uploads\/2017\/10\/Equipe-de-France-masculine-de-vitesse-par-\u00e9quipes-championne-dEurope.png\" \/>\n\t<meta property=\"og:image:width\" content=\"1059\" \/>\n\t<meta property=\"og:image:height\" content=\"590\" \/>\n\t<meta property=\"og:image:type\" content=\"image\/png\" \/>\n<meta name=\"author\" content=\"Flo Ostermann\" \/>\n<meta name=\"twitter:card\" content=\"summary_large_image\" \/>\n<meta name=\"twitter:creator\" content=\"@https:\/\/twitter.com\/FlOstermann\" \/>\n<meta name=\"twitter:site\" content=\"@dicodusport\" \/>\n<script type=\"application\/ld+json\" class=\"yoast-schema-graph\">{\"@context\":\"https:\/\/schema.org\",\"@graph\":[{\"@type\":\"NewsArticle\",\"@id\":\"https:\/\/dicodusport.fr\/blog\/lundi-taquet-15-vie-or-pistards-berlin-bilan-mitige-archers\/#article\",\"isPartOf\":{\"@id\":\"https:\/\/dicodusport.fr\/blog\/lundi-taquet-15-vie-or-pistards-berlin-bilan-mitige-archers\/\"},\"author\":{\"name\":\"Flo Ostermann\",\"@id\":\"https:\/\/dicodusport.fr\/blog\/#\/schema\/person\/cb02af4c173ce4a653b55e9baf388d4a\"},\"headline\":\"Un lundi au taquet #15 : la vie en or pour les pistards \u00e0 Berlin, bilan mitig\u00e9 pour les archers\",\"datePublished\":\"2017-10-23T07:00:13+00:00\",\"dateModified\":\"2025-11-20T17:37:50+00:00\",\"mainEntityOfPage\":{\"@id\":\"https:\/\/dicodusport.fr\/blog\/lundi-taquet-15-vie-or-pistards-berlin-bilan-mitige-archers\/\"},\"wordCount\":1085,\"commentCount\":0,\"publisher\":{\"@id\":\"https:\/\/dicodusport.fr\/blog\/#organization\"},\"image\":{\"@id\":\"https:\/\/dicodusport.fr\/blog\/lundi-taquet-15-vie-or-pistards-berlin-bilan-mitige-archers\/#primaryimage\"},\"thumbnailUrl\":\"https:\/\/dicodusport.fr\/blog\/wp-content\/uploads\/2017\/10\/Equipe-de-France-masculine-de-vitesse-par-\u00e9quipes-championne-dEurope.png\",\"keywords\":[\"Badminton\",\"Benjamin Thomas\",\"cyclisme sur piste\",\"Mathilde Gros\",\"rugby \u00e0 XIII\",\"S\u00e9bastien Vigier\",\"tir \u00e0 l'arc\"],\"articleSection\":[\"Multisports\"],\"inLanguage\":\"fr-FR\",\"potentialAction\":[{\"@type\":\"CommentAction\",\"name\":\"Comment\",\"target\":[\"https:\/\/dicodusport.fr\/blog\/lundi-taquet-15-vie-or-pistards-berlin-bilan-mitige-archers\/#respond\"]}],\"copyrightYear\":\"2017\",\"copyrightHolder\":{\"@id\":\"https:\/\/dicodusport.fr\/blog\/#organization\"}},{\"@type\":\"WebPage\",\"@id\":\"https:\/\/dicodusport.fr\/blog\/lundi-taquet-15-vie-or-pistards-berlin-bilan-mitige-archers\/\",\"url\":\"https:\/\/dicodusport.fr\/blog\/lundi-taquet-15-vie-or-pistards-berlin-bilan-mitige-archers\/\",\"name\":\"Un lundi au taquet #15 : la vie en or pour les pistards \u00e0 Berlin, bilan mitig\u00e9 pour les archers\",\"isPartOf\":{\"@id\":\"https:\/\/dicodusport.fr\/blog\/#website\"},\"primaryImageOfPage\":{\"@id\":\"https:\/\/dicodusport.fr\/blog\/lundi-taquet-15-vie-or-pistards-berlin-bilan-mitige-archers\/#primaryimage\"},\"image\":{\"@id\":\"https:\/\/dicodusport.fr\/blog\/lundi-taquet-15-vie-or-pistards-berlin-bilan-mitige-archers\/#primaryimage\"},\"thumbnailUrl\":\"https:\/\/dicodusport.fr\/blog\/wp-content\/uploads\/2017\/10\/Equipe-de-France-masculine-de-vitesse-par-\u00e9quipes-championne-dEurope.png\",\"datePublished\":\"2017-10-23T07:00:13+00:00\",\"dateModified\":\"2025-11-20T17:37:50+00:00\",\"description\":\"Un lundi au taquet, \u00e9pisode 15. Au menu cette semaine, des pistards en or, Mathilde Gros continue de s'affirmer et zoom sur le Troph\u00e9e Roses des Sables.\",\"breadcrumb\":{\"@id\":\"https:\/\/dicodusport.fr\/blog\/lundi-taquet-15-vie-or-pistards-berlin-bilan-mitige-archers\/#breadcrumb\"},\"inLanguage\":\"fr-FR\",\"potentialAction\":[{\"@type\":\"ReadAction\",\"target\":[\"https:\/\/dicodusport.fr\/blog\/lundi-taquet-15-vie-or-pistards-berlin-bilan-mitige-archers\/\"]}]},{\"@type\":\"ImageObject\",\"inLanguage\":\"fr-FR\",\"@id\":\"https:\/\/dicodusport.fr\/blog\/lundi-taquet-15-vie-or-pistards-berlin-bilan-mitige-archers\/#primaryimage\",\"url\":\"https:\/\/dicodusport.fr\/blog\/wp-content\/uploads\/2017\/10\/Equipe-de-France-masculine-de-vitesse-par-\u00e9quipes-championne-dEurope.png\",\"contentUrl\":\"https:\/\/dicodusport.fr\/blog\/wp-content\/uploads\/2017\/10\/Equipe-de-France-masculine-de-vitesse-par-\u00e9quipes-championne-dEurope.png\",\"width\":1059,\"height\":590,\"caption\":\"Equipe de France masculine de vitesse par \u00e9quipes championne d'Europe\"},{\"@type\":\"BreadcrumbList\",\"@id\":\"https:\/\/dicodusport.fr\/blog\/lundi-taquet-15-vie-or-pistards-berlin-bilan-mitige-archers\/#breadcrumb\",\"itemListElement\":[{\"@type\":\"ListItem\",\"position\":1,\"name\":\"Accueil\",\"item\":\"https:\/\/dicodusport.fr\/blog\/\"},{\"@type\":\"ListItem\",\"position\":2,\"name\":\"Un lundi au taquet #15 : la vie en or pour les pistards \u00e0 Berlin, bilan mitig\u00e9 pour les archers\"}]},{\"@type\":\"WebSite\",\"@id\":\"https:\/\/dicodusport.fr\/blog\/#website\",\"url\":\"https:\/\/dicodusport.fr\/blog\/\",\"name\":\"Dicodusport\",\"description\":\"L&#039;encyclop\u00e9die de l&#039;actualit\u00e9 sportive\",\"publisher\":{\"@id\":\"https:\/\/dicodusport.fr\/blog\/#organization\"},\"potentialAction\":[{\"@type\":\"SearchAction\",\"target\":{\"@type\":\"EntryPoint\",\"urlTemplate\":\"https:\/\/dicodusport.fr\/blog\/?s={search_term_string}\"},\"query-input\":{\"@type\":\"PropertyValueSpecification\",\"valueRequired\":true,\"valueName\":\"search_term_string\"}}],\"inLanguage\":\"fr-FR\"},{\"@type\":\"NewsMediaOrganization\",\"@id\":\"https:\/\/dicodusport.fr\/blog\/#organization\",\"name\":\"Dicodusport\",\"url\":\"https:\/\/dicodusport.fr\/blog\/\",\"logo\":{\"@type\":\"ImageObject\",\"inLanguage\":\"fr-FR\",\"@id\":\"https:\/\/dicodusport.fr\/blog\/#\/schema\/logo\/image\/\",\"url\":\"https:\/\/dicodusport.fr\/blog\/wp-content\/uploads\/2020\/06\/cropped-LOGO-DICODUSPORT-2020-SANS-FOND-SANS-TEXTE.png\",\"contentUrl\":\"https:\/\/dicodusport.fr\/blog\/wp-content\/uploads\/2020\/06\/cropped-LOGO-DICODUSPORT-2020-SANS-FOND-SANS-TEXTE.png\",\"width\":512,\"height\":512,\"caption\":\"Dicodusport\"},\"image\":{\"@id\":\"https:\/\/dicodusport.fr\/blog\/#\/schema\/logo\/image\/\"},\"sameAs\":[\"https:\/\/www.facebook.com\/dicodusport\",\"https:\/\/x.com\/dicodusport\",\"https:\/\/www.instagram.com\/dicodusport\/\",\"https:\/\/www.youtube.com\/channel\/UC7V2KZ5sd3htJivAbA4ZG3w\"],\"description\":\"Dicodusport est l'encyclop\u00e9die de l'actualit\u00e9 sportive.\",\"email\":\"bonjour@dicodusport.fr\",\"legalName\":\"DICODUSPORT\",\"foundingDate\":\"2018-01-14\",\"vatID\":\"FR71834470973\",\"taxID\":\"83447097300043\",\"numberOfEmployees\":{\"@type\":\"QuantitativeValue\",\"minValue\":\"1\",\"maxValue\":\"10\"}},{\"@type\":\"Person\",\"@id\":\"https:\/\/dicodusport.fr\/blog\/#\/schema\/person\/cb02af4c173ce4a653b55e9baf388d4a\",\"name\":\"Flo Ostermann\",\"image\":{\"@type\":\"ImageObject\",\"inLanguage\":\"fr-FR\",\"@id\":\"https:\/\/dicodusport.fr\/blog\/#\/schema\/person\/image\/\",\"url\":\"https:\/\/dicodusport.fr\/blog\/wp-content\/uploads\/2021\/05\/Flo-Ostermann-150x150.jpg\",\"contentUrl\":\"https:\/\/dicodusport.fr\/blog\/wp-content\/uploads\/2021\/05\/Flo-Ostermann-150x150.jpg\",\"caption\":\"Flo Ostermann\"},\"description\":\"Journaliste\/R\u00e9dacteur depuis septembre 2015 - Mes premiers souvenirs dans le sport ? Les envol\u00e9es du Stade Toulousain et les duels Villeneuve-Schumacher et H\u00e4kkinen-Schumacher \u00e0 la fin des ann\u00e9es 90, la Coupe du monde de football en 1998, l\u2019exploit du XV de France face aux All Blacks en 1999, mais aussi Richard C\u0153ur de Lion qui vole sur les montagnes du Tour de France. Bien parti pour devenir professeur d\u2019EPS, les \u00e9v\u00e9nements de la vie (et la flemme d\u2019animer des s\u00e9ances de 3x500 m\u00e8tres toute ma vie) m\u2019ont conduit \u00e0 revoir mes plans. Me voil\u00e0 depuis fin 2017 sur Dicodusport, m\u00e9dia gr\u00e2ce (et pour) lequel je partage ma passion : le sport dans tous ses \u00e9tats. Le tout accompagn\u00e9 par les fous furieux et folles furieuses cit\u00e9s sur cette page !\",\"sameAs\":[\"https:\/\/www.facebook.com\/florent.ostermann\",\"https:\/\/x.com\/https:\/\/twitter.com\/FlOstermann\",\"admin\"],\"url\":\"https:\/\/dicodusport.fr\/blog\/author\/flo\/\"}]}<\/script>\n<!-- \/ Yoast SEO Premium plugin. -->","yoast_head_json":{"title":"Un lundi au taquet #15 : la vie en or pour les pistards \u00e0 Berlin, bilan mitig\u00e9 pour les archers","description":"Un lundi au taquet, \u00e9pisode 15. Au menu cette semaine, des pistards en or, Mathilde Gros continue de s'affirmer et zoom sur le Troph\u00e9e Roses des Sables.","robots":{"index":"index","follow":"follow","max-snippet":"max-snippet:-1","max-image-preview":"max-image-preview:large","max-video-preview":"max-video-preview:-1"},"canonical":"https:\/\/dicodusport.fr\/blog\/lundi-taquet-15-vie-or-pistards-berlin-bilan-mitige-archers\/","og_locale":"fr_FR","og_type":"article","og_title":"Un lundi au taquet #15 : la vie en or pour les pistards \u00e0 Berlin, bilan mitig\u00e9 pour les archers","og_description":"Un lundi au taquet, \u00e9pisode 15. Au menu cette semaine, des pistards en or, Mathilde Gros continue de s'affirmer et zoom sur le Troph\u00e9e Roses des Sables.","og_url":"https:\/\/dicodusport.fr\/blog\/lundi-taquet-15-vie-or-pistards-berlin-bilan-mitige-archers\/","og_site_name":"Dicodusport","article_publisher":"https:\/\/www.facebook.com\/dicodusport","article_author":"https:\/\/www.facebook.com\/florent.ostermann","article_published_time":"2017-10-23T07:00:13+00:00","article_modified_time":"2025-11-20T17:37:50+00:00","og_image":[{"width":1059,"height":590,"url":"https:\/\/dicodusport.fr\/blog\/wp-content\/uploads\/2017\/10\/Equipe-de-France-masculine-de-vitesse-par-\u00e9quipes-championne-dEurope.png","type":"image\/png"}],"author":"Flo Ostermann","twitter_card":"summary_large_image","twitter_creator":"@https:\/\/twitter.com\/FlOstermann","twitter_site":"@dicodusport","schema":{"@context":"https:\/\/schema.org","@graph":[{"@type":"NewsArticle","@id":"https:\/\/dicodusport.fr\/blog\/lundi-taquet-15-vie-or-pistards-berlin-bilan-mitige-archers\/#article","isPartOf":{"@id":"https:\/\/dicodusport.fr\/blog\/lundi-taquet-15-vie-or-pistards-berlin-bilan-mitige-archers\/"},"author":{"name":"Flo Ostermann","@id":"https:\/\/dicodusport.fr\/blog\/#\/schema\/person\/cb02af4c173ce4a653b55e9baf388d4a"},"headline":"Un lundi au taquet #15 : la vie en or pour les pistards \u00e0 Berlin, bilan mitig\u00e9 pour les archers","datePublished":"2017-10-23T07:00:13+00:00","dateModified":"2025-11-20T17:37:50+00:00","mainEntityOfPage":{"@id":"https:\/\/dicodusport.fr\/blog\/lundi-taquet-15-vie-or-pistards-berlin-bilan-mitige-archers\/"},"wordCount":1085,"commentCount":0,"publisher":{"@id":"https:\/\/dicodusport.fr\/blog\/#organization"},"image":{"@id":"https:\/\/dicodusport.fr\/blog\/lundi-taquet-15-vie-or-pistards-berlin-bilan-mitige-archers\/#primaryimage"},"thumbnailUrl":"https:\/\/dicodusport.fr\/blog\/wp-content\/uploads\/2017\/10\/Equipe-de-France-masculine-de-vitesse-par-\u00e9quipes-championne-dEurope.png","keywords":["Badminton","Benjamin Thomas","cyclisme sur piste","Mathilde Gros","rugby \u00e0 XIII","S\u00e9bastien Vigier","tir \u00e0 l'arc"],"articleSection":["Multisports"],"inLanguage":"fr-FR","potentialAction":[{"@type":"CommentAction","name":"Comment","target":["https:\/\/dicodusport.fr\/blog\/lundi-taquet-15-vie-or-pistards-berlin-bilan-mitige-archers\/#respond"]}],"copyrightYear":"2017","copyrightHolder":{"@id":"https:\/\/dicodusport.fr\/blog\/#organization"}},{"@type":"WebPage","@id":"https:\/\/dicodusport.fr\/blog\/lundi-taquet-15-vie-or-pistards-berlin-bilan-mitige-archers\/","url":"https:\/\/dicodusport.fr\/blog\/lundi-taquet-15-vie-or-pistards-berlin-bilan-mitige-archers\/","name":"Un lundi au taquet #15 : la vie en or pour les pistards \u00e0 Berlin, bilan mitig\u00e9 pour les archers","isPartOf":{"@id":"https:\/\/dicodusport.fr\/blog\/#website"},"primaryImageOfPage":{"@id":"https:\/\/dicodusport.fr\/blog\/lundi-taquet-15-vie-or-pistards-berlin-bilan-mitige-archers\/#primaryimage"},"image":{"@id":"https:\/\/dicodusport.fr\/blog\/lundi-taquet-15-vie-or-pistards-berlin-bilan-mitige-archers\/#primaryimage"},"thumbnailUrl":"https:\/\/dicodusport.fr\/blog\/wp-content\/uploads\/2017\/10\/Equipe-de-France-masculine-de-vitesse-par-\u00e9quipes-championne-dEurope.png","datePublished":"2017-10-23T07:00:13+00:00","dateModified":"2025-11-20T17:37:50+00:00","description":"Un lundi au taquet, \u00e9pisode 15. Au menu cette semaine, des pistards en or, Mathilde Gros continue de s'affirmer et zoom sur le Troph\u00e9e Roses des Sables.","breadcrumb":{"@id":"https:\/\/dicodusport.fr\/blog\/lundi-taquet-15-vie-or-pistards-berlin-bilan-mitige-archers\/#breadcrumb"},"inLanguage":"fr-FR","potentialAction":[{"@type":"ReadAction","target":["https:\/\/dicodusport.fr\/blog\/lundi-taquet-15-vie-or-pistards-berlin-bilan-mitige-archers\/"]}]},{"@type":"ImageObject","inLanguage":"fr-FR","@id":"https:\/\/dicodusport.fr\/blog\/lundi-taquet-15-vie-or-pistards-berlin-bilan-mitige-archers\/#primaryimage","url":"https:\/\/dicodusport.fr\/blog\/wp-content\/uploads\/2017\/10\/Equipe-de-France-masculine-de-vitesse-par-\u00e9quipes-championne-dEurope.png","contentUrl":"https:\/\/dicodusport.fr\/blog\/wp-content\/uploads\/2017\/10\/Equipe-de-France-masculine-de-vitesse-par-\u00e9quipes-championne-dEurope.png","width":1059,"height":590,"caption":"Equipe de France masculine de vitesse par \u00e9quipes championne d'Europe"},{"@type":"BreadcrumbList","@id":"https:\/\/dicodusport.fr\/blog\/lundi-taquet-15-vie-or-pistards-berlin-bilan-mitige-archers\/#breadcrumb","itemListElement":[{"@type":"ListItem","position":1,"name":"Accueil","item":"https:\/\/dicodusport.fr\/blog\/"},{"@type":"ListItem","position":2,"name":"Un lundi au taquet #15 : la vie en or pour les pistards \u00e0 Berlin, bilan mitig\u00e9 pour les archers"}]},{"@type":"WebSite","@id":"https:\/\/dicodusport.fr\/blog\/#website","url":"https:\/\/dicodusport.fr\/blog\/","name":"Dicodusport","description":"L&#039;encyclop\u00e9die de l&#039;actualit\u00e9 sportive","publisher":{"@id":"https:\/\/dicodusport.fr\/blog\/#organization"},"potentialAction":[{"@type":"SearchAction","target":{"@type":"EntryPoint","urlTemplate":"https:\/\/dicodusport.fr\/blog\/?s={search_term_string}"},"query-input":{"@type":"PropertyValueSpecification","valueRequired":true,"valueName":"search_term_string"}}],"inLanguage":"fr-FR"},{"@type":"NewsMediaOrganization","@id":"https:\/\/dicodusport.fr\/blog\/#organization","name":"Dicodusport","url":"https:\/\/dicodusport.fr\/blog\/","logo":{"@type":"ImageObject","inLanguage":"fr-FR","@id":"https:\/\/dicodusport.fr\/blog\/#\/schema\/logo\/image\/","url":"https:\/\/dicodusport.fr\/blog\/wp-content\/uploads\/2020\/06\/cropped-LOGO-DICODUSPORT-2020-SANS-FOND-SANS-TEXTE.png","contentUrl":"https:\/\/dicodusport.fr\/blog\/wp-content\/uploads\/2020\/06\/cropped-LOGO-DICODUSPORT-2020-SANS-FOND-SANS-TEXTE.png","width":512,"height":512,"caption":"Dicodusport"},"image":{"@id":"https:\/\/dicodusport.fr\/blog\/#\/schema\/logo\/image\/"},"sameAs":["https:\/\/www.facebook.com\/dicodusport","https:\/\/x.com\/dicodusport","https:\/\/www.instagram.com\/dicodusport\/","https:\/\/www.youtube.com\/channel\/UC7V2KZ5sd3htJivAbA4ZG3w"],"description":"Dicodusport est l'encyclop\u00e9die de l'actualit\u00e9 sportive.","email":"bonjour@dicodusport.fr","legalName":"DICODUSPORT","foundingDate":"2018-01-14","vatID":"FR71834470973","taxID":"83447097300043","numberOfEmployees":{"@type":"QuantitativeValue","minValue":"1","maxValue":"10"}},{"@type":"Person","@id":"https:\/\/dicodusport.fr\/blog\/#\/schema\/person\/cb02af4c173ce4a653b55e9baf388d4a","name":"Flo Ostermann","image":{"@type":"ImageObject","inLanguage":"fr-FR","@id":"https:\/\/dicodusport.fr\/blog\/#\/schema\/person\/image\/","url":"https:\/\/dicodusport.fr\/blog\/wp-content\/uploads\/2021\/05\/Flo-Ostermann-150x150.jpg","contentUrl":"https:\/\/dicodusport.fr\/blog\/wp-content\/uploads\/2021\/05\/Flo-Ostermann-150x150.jpg","caption":"Flo Ostermann"},"description":"Journaliste\/R\u00e9dacteur depuis septembre 2015 - Mes premiers souvenirs dans le sport ? Les envol\u00e9es du Stade Toulousain et les duels Villeneuve-Schumacher et H\u00e4kkinen-Schumacher \u00e0 la fin des ann\u00e9es 90, la Coupe du monde de football en 1998, l\u2019exploit du XV de France face aux All Blacks en 1999, mais aussi Richard C\u0153ur de Lion qui vole sur les montagnes du Tour de France. Bien parti pour devenir professeur d\u2019EPS, les \u00e9v\u00e9nements de la vie (et la flemme d\u2019animer des s\u00e9ances de 3x500 m\u00e8tres toute ma vie) m\u2019ont conduit \u00e0 revoir mes plans. Me voil\u00e0 depuis fin 2017 sur Dicodusport, m\u00e9dia gr\u00e2ce (et pour) lequel je partage ma passion : le sport dans tous ses \u00e9tats. Le tout accompagn\u00e9 par les fous furieux et folles furieuses cit\u00e9s sur cette page !","sameAs":["https:\/\/www.facebook.com\/florent.ostermann","https:\/\/x.com\/https:\/\/twitter.com\/FlOstermann","admin"],"url":"https:\/\/dicodusport.fr\/blog\/author\/flo\/"}]}},"_links":{"self":[{"href":"https:\/\/dicodusport.fr\/blog\/wp-json\/wp\/v2\/posts\/5996","targetHints":{"allow":["GET"]}}],"collection":[{"href":"https:\/\/dicodusport.fr\/blog\/wp-json\/wp\/v2\/posts"}],"about":[{"href":"https:\/\/dicodusport.fr\/blog\/wp-json\/wp\/v2\/types\/post"}],"author":[{"embeddable":true,"href":"https:\/\/dicodusport.fr\/blog\/wp-json\/wp\/v2\/users\/4"}],"replies":[{"embeddable":true,"href":"https:\/\/dicodusport.fr\/blog\/wp-json\/wp\/v2\/comments?post=5996"}],"version-history":[{"count":1,"href":"https:\/\/dicodusport.fr\/blog\/wp-json\/wp\/v2\/posts\/5996\/revisions"}],"predecessor-version":[{"id":626893,"href":"https:\/\/dicodusport.fr\/blog\/wp-json\/wp\/v2\/posts\/5996\/revisions\/626893"}],"wp:featuredmedia":[{"embeddable":true,"href":"https:\/\/dicodusport.fr\/blog\/wp-json\/wp\/v2\/media\/5997"}],"wp:attachment":[{"href":"https:\/\/dicodusport.fr\/blog\/wp-json\/wp\/v2\/media?parent=5996"}],"wp:term":[{"taxonomy":"category","embeddable":true,"href":"https:\/\/dicodusport.fr\/blog\/wp-json\/wp\/v2\/categories?post=5996"},{"taxonomy":"post_tag","embeddable":true,"href":"https:\/\/dicodusport.fr\/blog\/wp-json\/wp\/v2\/tags?post=5996"}],"curies":[{"name":"wp","href":"https:\/\/api.w.org\/{rel}","templated":true}]}}