{"id":599649,"date":"2025-08-01T22:29:41","date_gmt":"2025-08-01T20:29:41","guid":{"rendered":"https:\/\/dicodusport.fr\/blog\/?p=599649&#038;preview=true&#038;preview_id=599649"},"modified":"2025-08-02T08:32:20","modified_gmt":"2025-08-02T06:32:20","slug":"clasica-san-sebastian-2025-engages-chaine-tv-et-heure","status":"publish","type":"post","link":"https:\/\/dicodusport.fr\/blog\/clasica-san-sebastian-2025-engages-chaine-tv-et-heure\/","title":{"rendered":"Clasica San Sebastian 2025 : Engag\u00e9s, Cha\u00eene TV et Heure"},"content":{"rendered":"<h4 style=\"text-align: justify;\"><em>Retrouvez les informations sur la diffusion TV, les horaires et la liste des engag\u00e9s de la Clasica San Sebastian 2025, qui se d\u00e9roule ce samedi 2 ao\u00fbt.<\/em><\/h4>\n<ul style=\"text-align: justify;\">\n<li style=\"text-align: justify;\"><strong>\u00c0 ce sujet &#8211;\u00a0<a href=\"https:\/\/dicodusport.fr\/blog\/actualites\/cyclisme\/cyclisme-sur-route-2025\/\">L&rsquo;actualit\u00e9 du cyclisme sur route<\/a><\/strong><\/li>\n<\/ul>\n<p style=\"text-align: justify;\">Qui pour succ\u00e9der \u00e0 <strong>Marc<\/strong> <strong>Hirschi<\/strong> (Tudor Pro Cycling Team), vainqueur de l&rsquo;\u00e9dition 2024 de la <strong>Clasica San Sebastian <\/strong>? Le Suisse sera bien au d\u00e9part encore cette ann\u00e9e avec de l&rsquo;ambition, m\u00eame s&rsquo;il sort d&rsquo;un Tour de France compliqu\u00e9. Il ne sera pas \u00e9paul\u00e9 par son dauphin de l&rsquo;an dernier, <strong>Julian Alaphilippe<\/strong> (Tudor Pro Cycling Team), qui a finalement d\u00fb d\u00e9clarer forfait.<\/p>\n<div class=\"vlp-link-container vlp-layout-article\"><a href=\"https:\/\/dicodusport.fr\/blog\/clasica-san-sebastian-2024-marc-hirschi-devance-julian-alaphilippe\/\" class=\"vlp-link\" title=\"Clasica San Sebastian 2024 : Marc Hirschi devance Julian Alaphilippe\"><\/a><div class=\"vlp-layout-zone-side\"><div class=\"vlp-block-4 vlp-link-image\"><img loading=\"lazy\" decoding=\"async\" style=\"max-width: 792px;\" width=\"792\" height=\"445\" src=\"https:\/\/dicodusport.fr\/blog\/wp-content\/uploads\/2024\/08\/Clasica-San-Sebastian-2024-Marc-Hirschi-devance-Julian-Alaphilippe.png\" class=\"attachment-800x445 size-800x445\" alt=\"Clasica San Sebastian 2024 Marc Hirschi devance Julian Alaphilippe\" srcset=\"https:\/\/dicodusport.fr\/blog\/wp-content\/uploads\/2024\/08\/Clasica-San-Sebastian-2024-Marc-Hirschi-devance-Julian-Alaphilippe.png 1200w, https:\/\/dicodusport.fr\/blog\/wp-content\/uploads\/2024\/08\/Clasica-San-Sebastian-2024-Marc-Hirschi-devance-Julian-Alaphilippe-300x169.png 300w, https:\/\/dicodusport.fr\/blog\/wp-content\/uploads\/2024\/08\/Clasica-San-Sebastian-2024-Marc-Hirschi-devance-Julian-Alaphilippe-1024x575.png 1024w, https:\/\/dicodusport.fr\/blog\/wp-content\/uploads\/2024\/08\/Clasica-San-Sebastian-2024-Marc-Hirschi-devance-Julian-Alaphilippe-768x431.png 768w\" sizes=\"auto, (max-width: 792px) 100vw, 792px\" \/><\/div><\/div><div class=\"vlp-layout-zone-main\"><div class=\"vlp-block-0 vlp-link-title\">Clasica San Sebastian 2024 : Marc Hirschi devance Julian Alaphilippe<\/div><div class=\"vlp-block-1 vlp-link-summary\">CLASICA SAN SEBASTIAN 2024 \u2013 Marc Hirschi (UAE Team Emirates) s'est adjug\u00e9 la 44\u00e8me \u00e9dition de la Cl\u00e1sica de San Sebasti\u00e1n, samedi, en battant au sprint Julian Alaphilippe (Soudal Quick-Step). Lennert Van Eetvelt (Lotto Dstny) a compl\u00e9t\u00e9 le podium.<\/div><div class=\"vlp-block-2 vlp-link-button\">Lire l'article<\/div><div class=\"vlp-block-3 vlp-link-url\">dicodusport.fr<\/div><\/div><\/div>\n<h2 style=\"text-align: justify;\">Juan Ayuso, Isaac Del Toro et Oscar Onley en favoris<\/h2>\n<p style=\"text-align: justify;\">UAE Team Emirates XRG sera l&rsquo;\u00e9quipe \u00e0 battre avec trois hommes forts au d\u00e9part. <strong>Juan<\/strong> <strong>Ayuso<\/strong>, <strong>Isaac Del Toro<\/strong> et <strong>Jan<\/strong> <strong>Christen<\/strong> tenteront de faire briller la formation de <b>Tadej Poga\u010dar,<\/b>\u00a0qui vient de remporter un nouveau <strong>Tour de France<\/strong>. <strong>Primoz<\/strong> <strong>Roglic<\/strong> (Red Bull-Bora-Hansgrohe) sera aussi au d\u00e9part apr\u00e8s un Tour de France moyen.<\/p>\n<ul style=\"text-align: justify;\">\n<li style=\"text-align: justify;\"><strong>\u00c0 ce sujet &#8211; <a href=\"https:\/\/dicodusport.fr\/blog\/clasica-san-sebastian-2025-parcours-detaille-profil-et-favoris\/\" target=\"_blank\" rel=\"noopener\">Clasica San Sebastian 2025 : Parcours d\u00e9taill\u00e9, profil et favoris<\/a><\/strong><\/li>\n<\/ul>\n<p style=\"text-align: justify;\"><strong>Oscar<\/strong> <strong>Onley<\/strong> (PicNic PostNL), quatri\u00e8me du dernier Tour de France, aura aussi une belle carte \u00e0 jouer sur les routes basques. <strong>Romain<\/strong> <strong>Gr\u00e9goire<\/strong> (Groupama-FDJ), malheureux sur l&rsquo;\u00e9tape de Pontarlier, sera la meilleure chance fran\u00e7aise. <strong>L\u00e9o<\/strong> <strong>Bisiaux<\/strong> et <strong>Aur\u00e9lien Paret-Peintre<\/strong> (D\u00e9cathlon AG2R La Mondiale) seront aussi \u00e0 suivre ce samedi.<\/p>\n<h2 style=\"text-align: justify;\">Heure et Cha\u00eene TV de la Clasica San Sebastian 2025<\/h2>\n<p style=\"text-align: justify;\">La Clasica San Sebastian 2025 se d\u00e9roule ce <strong>samedi 2 ao\u00fbt 2025<\/strong>. La course est \u00e0 suivre sur\u00a0<em>Eurosport Max <\/em>\u00e0 15h00. Elle sera aussi diffus\u00e9e en diff\u00e9r\u00e9 sur <em>Eurosport 1<\/em> \u00e0 19h00.<\/p>\n<h2 style=\"text-align: justify;\">Les engag\u00e9s de la Clasica San Sebastian 2025<\/h2>\n<p style=\"text-align: justify;\"><a href=\"https:\/\/dicodusport.fr\/blog\/wp-content\/uploads\/2025\/08\/Engages-Vlasica-San-Sebastian-2025.pdf\" class=\"pdfemb-viewer\" style=\"\" data-width=\"max\" data-height=\"max\"  data-toolbar=\"both\" data-toolbar-fixed=\"on\">Engage\u0301s Vlasica San Sebastian 2025<br\/><\/a>\n","protected":false},"excerpt":{"rendered":"<p>Retrouvez les informations sur la diffusion TV, les horaires et la liste des engag\u00e9s de la Clasica San Sebastian 2025, qui se d\u00e9roule ce samedi 2 ao\u00fbt.<\/p>\n","protected":false},"author":1,"featured_media":599652,"comment_status":"open","ping_status":"closed","sticky":false,"template":"","format":"standard","meta":{"_acf_changed":false,"_daextam_enable_autolinks":"1","footnotes":""},"categories":[46994],"tags":[3119,16878,5675],"class_list":["post-599649","post","type-post","status-publish","format-standard","has-post-thumbnail","hentry","category-cyclisme-sur-route","tag-actualite-cyclisme","tag-breve","tag-clasica-san-sebastian"],"acf":[],"yoast_head":"<!-- This site is optimized with the Yoast SEO Premium plugin v26.7 (Yoast SEO v26.7) - https:\/\/yoast.com\/wordpress\/plugins\/seo\/ -->\n<title>Clasica San Sebastian 2025 : Engag\u00e9s, Cha\u00eene TV et Heure<\/title>\n<meta name=\"description\" content=\"Retrouvez les informations sur la diffusion TV, les horaires et la liste des engag\u00e9s de la Clasica San Sebastian 2025, qui se d\u00e9roule ce samedi 2 ao\u00fbt.\" \/>\n<meta name=\"robots\" content=\"index, follow, max-snippet:-1, max-image-preview:large, max-video-preview:-1\" \/>\n<link rel=\"canonical\" href=\"https:\/\/dicodusport.fr\/blog\/clasica-san-sebastian-2025-engages-chaine-tv-et-heure\/\" \/>\n<meta property=\"og:locale\" content=\"fr_FR\" \/>\n<meta property=\"og:type\" content=\"article\" \/>\n<meta property=\"og:title\" content=\"Clasica San Sebastian 2025 : Engag\u00e9s, Cha\u00eene TV et Heure\" \/>\n<meta property=\"og:description\" content=\"Retrouvez les informations sur la diffusion TV, les horaires et la liste des engag\u00e9s de la Clasica San Sebastian 2025, qui se d\u00e9roule ce samedi 2 ao\u00fbt.\" \/>\n<meta property=\"og:url\" content=\"https:\/\/dicodusport.fr\/blog\/clasica-san-sebastian-2025-engages-chaine-tv-et-heure\/\" \/>\n<meta property=\"og:site_name\" content=\"Dicodusport\" \/>\n<meta property=\"article:publisher\" content=\"https:\/\/www.facebook.com\/dicodusport\" \/>\n<meta property=\"article:author\" content=\"https:\/\/www.facebook.com\/dicodusport\" \/>\n<meta property=\"article:published_time\" content=\"2025-08-01T20:29:41+00:00\" \/>\n<meta property=\"article:modified_time\" content=\"2025-08-02T06:32:20+00:00\" \/>\n<meta property=\"og:image\" content=\"https:\/\/dicodusport.fr\/blog\/wp-content\/uploads\/2025\/08\/Clasica-San-Sebastian-2025-Engages-Chaine-TV-et-Heure.png\" \/>\n\t<meta property=\"og:image:width\" content=\"1200\" \/>\n\t<meta property=\"og:image:height\" content=\"674\" \/>\n\t<meta property=\"og:image:type\" content=\"image\/png\" \/>\n<meta name=\"author\" content=\"Nicolas Jacquemard\" \/>\n<meta name=\"twitter:card\" content=\"summary_large_image\" \/>\n<meta name=\"twitter:title\" content=\"Clasica San Sebastian 2025 : Engag\u00e9s, Cha\u00eene TV et Heure\" \/>\n<meta name=\"twitter:creator\" content=\"@https:\/\/twitter.com\/Nico_Jacquemard\" \/>\n<meta name=\"twitter:site\" content=\"@dicodusport\" \/>\n<script type=\"application\/ld+json\" class=\"yoast-schema-graph\">{\"@context\":\"https:\/\/schema.org\",\"@graph\":[{\"@type\":\"NewsArticle\",\"@id\":\"https:\/\/dicodusport.fr\/blog\/clasica-san-sebastian-2025-engages-chaine-tv-et-heure\/#article\",\"isPartOf\":{\"@id\":\"https:\/\/dicodusport.fr\/blog\/clasica-san-sebastian-2025-engages-chaine-tv-et-heure\/\"},\"author\":{\"name\":\"Nicolas Jacquemard\",\"@id\":\"https:\/\/dicodusport.fr\/blog\/#\/schema\/person\/55dcb50ad410894e431ed812bbb70191\"},\"headline\":\"Clasica San Sebastian 2025 : Engag\u00e9s, Cha\u00eene TV et Heure\",\"datePublished\":\"2025-08-01T20:29:41+00:00\",\"dateModified\":\"2025-08-02T06:32:20+00:00\",\"mainEntityOfPage\":{\"@id\":\"https:\/\/dicodusport.fr\/blog\/clasica-san-sebastian-2025-engages-chaine-tv-et-heure\/\"},\"wordCount\":402,\"commentCount\":0,\"publisher\":{\"@id\":\"https:\/\/dicodusport.fr\/blog\/#organization\"},\"image\":{\"@id\":\"https:\/\/dicodusport.fr\/blog\/clasica-san-sebastian-2025-engages-chaine-tv-et-heure\/#primaryimage\"},\"thumbnailUrl\":\"https:\/\/dicodusport.fr\/blog\/wp-content\/uploads\/2025\/08\/Clasica-San-Sebastian-2025-Engages-Chaine-TV-et-Heure.png\",\"keywords\":[\"Actualit\u00e9 Cyclisme\",\"br\u00e8ve\",\"Clasica San Sebastian\"],\"articleSection\":[\"Cyclisme sur route\"],\"inLanguage\":\"fr-FR\",\"potentialAction\":[{\"@type\":\"CommentAction\",\"name\":\"Comment\",\"target\":[\"https:\/\/dicodusport.fr\/blog\/clasica-san-sebastian-2025-engages-chaine-tv-et-heure\/#respond\"]}],\"copyrightYear\":\"2025\",\"copyrightHolder\":{\"@id\":\"https:\/\/dicodusport.fr\/blog\/#organization\"}},{\"@type\":\"WebPage\",\"@id\":\"https:\/\/dicodusport.fr\/blog\/clasica-san-sebastian-2025-engages-chaine-tv-et-heure\/\",\"url\":\"https:\/\/dicodusport.fr\/blog\/clasica-san-sebastian-2025-engages-chaine-tv-et-heure\/\",\"name\":\"Clasica San Sebastian 2025 : Engag\u00e9s, Cha\u00eene TV et Heure\",\"isPartOf\":{\"@id\":\"https:\/\/dicodusport.fr\/blog\/#website\"},\"primaryImageOfPage\":{\"@id\":\"https:\/\/dicodusport.fr\/blog\/clasica-san-sebastian-2025-engages-chaine-tv-et-heure\/#primaryimage\"},\"image\":{\"@id\":\"https:\/\/dicodusport.fr\/blog\/clasica-san-sebastian-2025-engages-chaine-tv-et-heure\/#primaryimage\"},\"thumbnailUrl\":\"https:\/\/dicodusport.fr\/blog\/wp-content\/uploads\/2025\/08\/Clasica-San-Sebastian-2025-Engages-Chaine-TV-et-Heure.png\",\"datePublished\":\"2025-08-01T20:29:41+00:00\",\"dateModified\":\"2025-08-02T06:32:20+00:00\",\"description\":\"Retrouvez les informations sur la diffusion TV, les horaires et la liste des engag\u00e9s de la Clasica San Sebastian 2025, qui se d\u00e9roule ce samedi 2 ao\u00fbt.\",\"breadcrumb\":{\"@id\":\"https:\/\/dicodusport.fr\/blog\/clasica-san-sebastian-2025-engages-chaine-tv-et-heure\/#breadcrumb\"},\"inLanguage\":\"fr-FR\",\"potentialAction\":[{\"@type\":\"ReadAction\",\"target\":[\"https:\/\/dicodusport.fr\/blog\/clasica-san-sebastian-2025-engages-chaine-tv-et-heure\/\"]}]},{\"@type\":\"ImageObject\",\"inLanguage\":\"fr-FR\",\"@id\":\"https:\/\/dicodusport.fr\/blog\/clasica-san-sebastian-2025-engages-chaine-tv-et-heure\/#primaryimage\",\"url\":\"https:\/\/dicodusport.fr\/blog\/wp-content\/uploads\/2025\/08\/Clasica-San-Sebastian-2025-Engages-Chaine-TV-et-Heure.png\",\"contentUrl\":\"https:\/\/dicodusport.fr\/blog\/wp-content\/uploads\/2025\/08\/Clasica-San-Sebastian-2025-Engages-Chaine-TV-et-Heure.png\",\"width\":1200,\"height\":674},{\"@type\":\"BreadcrumbList\",\"@id\":\"https:\/\/dicodusport.fr\/blog\/clasica-san-sebastian-2025-engages-chaine-tv-et-heure\/#breadcrumb\",\"itemListElement\":[{\"@type\":\"ListItem\",\"position\":1,\"name\":\"Accueil\",\"item\":\"https:\/\/dicodusport.fr\/blog\/\"},{\"@type\":\"ListItem\",\"position\":2,\"name\":\"Clasica San Sebastian 2025 : Engag\u00e9s, Cha\u00eene TV et Heure\"}]},{\"@type\":\"WebSite\",\"@id\":\"https:\/\/dicodusport.fr\/blog\/#website\",\"url\":\"https:\/\/dicodusport.fr\/blog\/\",\"name\":\"Dicodusport\",\"description\":\"L&#039;encyclop\u00e9die de l&#039;actualit\u00e9 sportive\",\"publisher\":{\"@id\":\"https:\/\/dicodusport.fr\/blog\/#organization\"},\"potentialAction\":[{\"@type\":\"SearchAction\",\"target\":{\"@type\":\"EntryPoint\",\"urlTemplate\":\"https:\/\/dicodusport.fr\/blog\/?s={search_term_string}\"},\"query-input\":{\"@type\":\"PropertyValueSpecification\",\"valueRequired\":true,\"valueName\":\"search_term_string\"}}],\"inLanguage\":\"fr-FR\"},{\"@type\":\"NewsMediaOrganization\",\"@id\":\"https:\/\/dicodusport.fr\/blog\/#organization\",\"name\":\"Dicodusport\",\"url\":\"https:\/\/dicodusport.fr\/blog\/\",\"logo\":{\"@type\":\"ImageObject\",\"inLanguage\":\"fr-FR\",\"@id\":\"https:\/\/dicodusport.fr\/blog\/#\/schema\/logo\/image\/\",\"url\":\"https:\/\/dicodusport.fr\/blog\/wp-content\/uploads\/2020\/06\/cropped-LOGO-DICODUSPORT-2020-SANS-FOND-SANS-TEXTE.png\",\"contentUrl\":\"https:\/\/dicodusport.fr\/blog\/wp-content\/uploads\/2020\/06\/cropped-LOGO-DICODUSPORT-2020-SANS-FOND-SANS-TEXTE.png\",\"width\":512,\"height\":512,\"caption\":\"Dicodusport\"},\"image\":{\"@id\":\"https:\/\/dicodusport.fr\/blog\/#\/schema\/logo\/image\/\"},\"sameAs\":[\"https:\/\/www.facebook.com\/dicodusport\",\"https:\/\/x.com\/dicodusport\",\"https:\/\/www.instagram.com\/dicodusport\/\",\"https:\/\/www.youtube.com\/channel\/UC7V2KZ5sd3htJivAbA4ZG3w\"],\"description\":\"Dicodusport est l'encyclop\u00e9die de l'actualit\u00e9 sportive.\",\"email\":\"bonjour@dicodusport.fr\",\"legalName\":\"DICODUSPORT\",\"foundingDate\":\"2018-01-14\",\"vatID\":\"FR71834470973\",\"taxID\":\"83447097300043\",\"numberOfEmployees\":{\"@type\":\"QuantitativeValue\",\"minValue\":\"1\",\"maxValue\":\"10\"}},{\"@type\":\"Person\",\"@id\":\"https:\/\/dicodusport.fr\/blog\/#\/schema\/person\/55dcb50ad410894e431ed812bbb70191\",\"name\":\"Nicolas Jacquemard\",\"image\":{\"@type\":\"ImageObject\",\"inLanguage\":\"fr-FR\",\"@id\":\"https:\/\/dicodusport.fr\/blog\/#\/schema\/person\/image\/\",\"url\":\"https:\/\/dicodusport.fr\/blog\/wp-content\/uploads\/2021\/05\/Nicolas-Jacquemard-150x150.jpeg\",\"contentUrl\":\"https:\/\/dicodusport.fr\/blog\/wp-content\/uploads\/2021\/05\/Nicolas-Jacquemard-150x150.jpeg\",\"caption\":\"Nicolas Jacquemard\"},\"description\":\"Passionn\u00e9 de sport et entrepreneur depuis mes 18 ans, la cr\u00e9ation de Dicodusport m'a sembl\u00e9 \u00e9vidente pour participer \u00e0 la m\u00e9diatisation d'un plus grand nombre de sports. Le chemin est long mais avec une \u00e9quipe des plus motiv\u00e9es et les Jeux Olympiques de Paris 2024 en point de mire, nous y arriverons ! Journaliste dans le monde du sport depuis plus de 5 ans, je traite aussi bien de football, de rugby, de biathlon que de cyclisme.\",\"sameAs\":[\"https:\/\/www.facebook.com\/dicodusport\",\"https:\/\/x.com\/https:\/\/twitter.com\/Nico_Jacquemard\"],\"url\":\"https:\/\/dicodusport.fr\/blog\/author\/dicodusport\/\"}]}<\/script>\n<!-- \/ Yoast SEO Premium plugin. -->","yoast_head_json":{"title":"Clasica San Sebastian 2025 : Engag\u00e9s, Cha\u00eene TV et Heure","description":"Retrouvez les informations sur la diffusion TV, les horaires et la liste des engag\u00e9s de la Clasica San Sebastian 2025, qui se d\u00e9roule ce samedi 2 ao\u00fbt.","robots":{"index":"index","follow":"follow","max-snippet":"max-snippet:-1","max-image-preview":"max-image-preview:large","max-video-preview":"max-video-preview:-1"},"canonical":"https:\/\/dicodusport.fr\/blog\/clasica-san-sebastian-2025-engages-chaine-tv-et-heure\/","og_locale":"fr_FR","og_type":"article","og_title":"Clasica San Sebastian 2025 : Engag\u00e9s, Cha\u00eene TV et Heure","og_description":"Retrouvez les informations sur la diffusion TV, les horaires et la liste des engag\u00e9s de la Clasica San Sebastian 2025, qui se d\u00e9roule ce samedi 2 ao\u00fbt.","og_url":"https:\/\/dicodusport.fr\/blog\/clasica-san-sebastian-2025-engages-chaine-tv-et-heure\/","og_site_name":"Dicodusport","article_publisher":"https:\/\/www.facebook.com\/dicodusport","article_author":"https:\/\/www.facebook.com\/dicodusport","article_published_time":"2025-08-01T20:29:41+00:00","article_modified_time":"2025-08-02T06:32:20+00:00","og_image":[{"width":1200,"height":674,"url":"https:\/\/dicodusport.fr\/blog\/wp-content\/uploads\/2025\/08\/Clasica-San-Sebastian-2025-Engages-Chaine-TV-et-Heure.png","type":"image\/png"}],"author":"Nicolas Jacquemard","twitter_card":"summary_large_image","twitter_title":"Clasica San Sebastian 2025 : Engag\u00e9s, Cha\u00eene TV et Heure","twitter_creator":"@https:\/\/twitter.com\/Nico_Jacquemard","twitter_site":"@dicodusport","schema":{"@context":"https:\/\/schema.org","@graph":[{"@type":"NewsArticle","@id":"https:\/\/dicodusport.fr\/blog\/clasica-san-sebastian-2025-engages-chaine-tv-et-heure\/#article","isPartOf":{"@id":"https:\/\/dicodusport.fr\/blog\/clasica-san-sebastian-2025-engages-chaine-tv-et-heure\/"},"author":{"name":"Nicolas Jacquemard","@id":"https:\/\/dicodusport.fr\/blog\/#\/schema\/person\/55dcb50ad410894e431ed812bbb70191"},"headline":"Clasica San Sebastian 2025 : Engag\u00e9s, Cha\u00eene TV et Heure","datePublished":"2025-08-01T20:29:41+00:00","dateModified":"2025-08-02T06:32:20+00:00","mainEntityOfPage":{"@id":"https:\/\/dicodusport.fr\/blog\/clasica-san-sebastian-2025-engages-chaine-tv-et-heure\/"},"wordCount":402,"commentCount":0,"publisher":{"@id":"https:\/\/dicodusport.fr\/blog\/#organization"},"image":{"@id":"https:\/\/dicodusport.fr\/blog\/clasica-san-sebastian-2025-engages-chaine-tv-et-heure\/#primaryimage"},"thumbnailUrl":"https:\/\/dicodusport.fr\/blog\/wp-content\/uploads\/2025\/08\/Clasica-San-Sebastian-2025-Engages-Chaine-TV-et-Heure.png","keywords":["Actualit\u00e9 Cyclisme","br\u00e8ve","Clasica San Sebastian"],"articleSection":["Cyclisme sur route"],"inLanguage":"fr-FR","potentialAction":[{"@type":"CommentAction","name":"Comment","target":["https:\/\/dicodusport.fr\/blog\/clasica-san-sebastian-2025-engages-chaine-tv-et-heure\/#respond"]}],"copyrightYear":"2025","copyrightHolder":{"@id":"https:\/\/dicodusport.fr\/blog\/#organization"}},{"@type":"WebPage","@id":"https:\/\/dicodusport.fr\/blog\/clasica-san-sebastian-2025-engages-chaine-tv-et-heure\/","url":"https:\/\/dicodusport.fr\/blog\/clasica-san-sebastian-2025-engages-chaine-tv-et-heure\/","name":"Clasica San Sebastian 2025 : Engag\u00e9s, Cha\u00eene TV et Heure","isPartOf":{"@id":"https:\/\/dicodusport.fr\/blog\/#website"},"primaryImageOfPage":{"@id":"https:\/\/dicodusport.fr\/blog\/clasica-san-sebastian-2025-engages-chaine-tv-et-heure\/#primaryimage"},"image":{"@id":"https:\/\/dicodusport.fr\/blog\/clasica-san-sebastian-2025-engages-chaine-tv-et-heure\/#primaryimage"},"thumbnailUrl":"https:\/\/dicodusport.fr\/blog\/wp-content\/uploads\/2025\/08\/Clasica-San-Sebastian-2025-Engages-Chaine-TV-et-Heure.png","datePublished":"2025-08-01T20:29:41+00:00","dateModified":"2025-08-02T06:32:20+00:00","description":"Retrouvez les informations sur la diffusion TV, les horaires et la liste des engag\u00e9s de la Clasica San Sebastian 2025, qui se d\u00e9roule ce samedi 2 ao\u00fbt.","breadcrumb":{"@id":"https:\/\/dicodusport.fr\/blog\/clasica-san-sebastian-2025-engages-chaine-tv-et-heure\/#breadcrumb"},"inLanguage":"fr-FR","potentialAction":[{"@type":"ReadAction","target":["https:\/\/dicodusport.fr\/blog\/clasica-san-sebastian-2025-engages-chaine-tv-et-heure\/"]}]},{"@type":"ImageObject","inLanguage":"fr-FR","@id":"https:\/\/dicodusport.fr\/blog\/clasica-san-sebastian-2025-engages-chaine-tv-et-heure\/#primaryimage","url":"https:\/\/dicodusport.fr\/blog\/wp-content\/uploads\/2025\/08\/Clasica-San-Sebastian-2025-Engages-Chaine-TV-et-Heure.png","contentUrl":"https:\/\/dicodusport.fr\/blog\/wp-content\/uploads\/2025\/08\/Clasica-San-Sebastian-2025-Engages-Chaine-TV-et-Heure.png","width":1200,"height":674},{"@type":"BreadcrumbList","@id":"https:\/\/dicodusport.fr\/blog\/clasica-san-sebastian-2025-engages-chaine-tv-et-heure\/#breadcrumb","itemListElement":[{"@type":"ListItem","position":1,"name":"Accueil","item":"https:\/\/dicodusport.fr\/blog\/"},{"@type":"ListItem","position":2,"name":"Clasica San Sebastian 2025 : Engag\u00e9s, Cha\u00eene TV et Heure"}]},{"@type":"WebSite","@id":"https:\/\/dicodusport.fr\/blog\/#website","url":"https:\/\/dicodusport.fr\/blog\/","name":"Dicodusport","description":"L&#039;encyclop\u00e9die de l&#039;actualit\u00e9 sportive","publisher":{"@id":"https:\/\/dicodusport.fr\/blog\/#organization"},"potentialAction":[{"@type":"SearchAction","target":{"@type":"EntryPoint","urlTemplate":"https:\/\/dicodusport.fr\/blog\/?s={search_term_string}"},"query-input":{"@type":"PropertyValueSpecification","valueRequired":true,"valueName":"search_term_string"}}],"inLanguage":"fr-FR"},{"@type":"NewsMediaOrganization","@id":"https:\/\/dicodusport.fr\/blog\/#organization","name":"Dicodusport","url":"https:\/\/dicodusport.fr\/blog\/","logo":{"@type":"ImageObject","inLanguage":"fr-FR","@id":"https:\/\/dicodusport.fr\/blog\/#\/schema\/logo\/image\/","url":"https:\/\/dicodusport.fr\/blog\/wp-content\/uploads\/2020\/06\/cropped-LOGO-DICODUSPORT-2020-SANS-FOND-SANS-TEXTE.png","contentUrl":"https:\/\/dicodusport.fr\/blog\/wp-content\/uploads\/2020\/06\/cropped-LOGO-DICODUSPORT-2020-SANS-FOND-SANS-TEXTE.png","width":512,"height":512,"caption":"Dicodusport"},"image":{"@id":"https:\/\/dicodusport.fr\/blog\/#\/schema\/logo\/image\/"},"sameAs":["https:\/\/www.facebook.com\/dicodusport","https:\/\/x.com\/dicodusport","https:\/\/www.instagram.com\/dicodusport\/","https:\/\/www.youtube.com\/channel\/UC7V2KZ5sd3htJivAbA4ZG3w"],"description":"Dicodusport est l'encyclop\u00e9die de l'actualit\u00e9 sportive.","email":"bonjour@dicodusport.fr","legalName":"DICODUSPORT","foundingDate":"2018-01-14","vatID":"FR71834470973","taxID":"83447097300043","numberOfEmployees":{"@type":"QuantitativeValue","minValue":"1","maxValue":"10"}},{"@type":"Person","@id":"https:\/\/dicodusport.fr\/blog\/#\/schema\/person\/55dcb50ad410894e431ed812bbb70191","name":"Nicolas Jacquemard","image":{"@type":"ImageObject","inLanguage":"fr-FR","@id":"https:\/\/dicodusport.fr\/blog\/#\/schema\/person\/image\/","url":"https:\/\/dicodusport.fr\/blog\/wp-content\/uploads\/2021\/05\/Nicolas-Jacquemard-150x150.jpeg","contentUrl":"https:\/\/dicodusport.fr\/blog\/wp-content\/uploads\/2021\/05\/Nicolas-Jacquemard-150x150.jpeg","caption":"Nicolas Jacquemard"},"description":"Passionn\u00e9 de sport et entrepreneur depuis mes 18 ans, la cr\u00e9ation de Dicodusport m'a sembl\u00e9 \u00e9vidente pour participer \u00e0 la m\u00e9diatisation d'un plus grand nombre de sports. Le chemin est long mais avec une \u00e9quipe des plus motiv\u00e9es et les Jeux Olympiques de Paris 2024 en point de mire, nous y arriverons ! Journaliste dans le monde du sport depuis plus de 5 ans, je traite aussi bien de football, de rugby, de biathlon que de cyclisme.","sameAs":["https:\/\/www.facebook.com\/dicodusport","https:\/\/x.com\/https:\/\/twitter.com\/Nico_Jacquemard"],"url":"https:\/\/dicodusport.fr\/blog\/author\/dicodusport\/"}]}},"_links":{"self":[{"href":"https:\/\/dicodusport.fr\/blog\/wp-json\/wp\/v2\/posts\/599649","targetHints":{"allow":["GET"]}}],"collection":[{"href":"https:\/\/dicodusport.fr\/blog\/wp-json\/wp\/v2\/posts"}],"about":[{"href":"https:\/\/dicodusport.fr\/blog\/wp-json\/wp\/v2\/types\/post"}],"author":[{"embeddable":true,"href":"https:\/\/dicodusport.fr\/blog\/wp-json\/wp\/v2\/users\/1"}],"replies":[{"embeddable":true,"href":"https:\/\/dicodusport.fr\/blog\/wp-json\/wp\/v2\/comments?post=599649"}],"version-history":[{"count":3,"href":"https:\/\/dicodusport.fr\/blog\/wp-json\/wp\/v2\/posts\/599649\/revisions"}],"predecessor-version":[{"id":599699,"href":"https:\/\/dicodusport.fr\/blog\/wp-json\/wp\/v2\/posts\/599649\/revisions\/599699"}],"wp:featuredmedia":[{"embeddable":true,"href":"https:\/\/dicodusport.fr\/blog\/wp-json\/wp\/v2\/media\/599652"}],"wp:attachment":[{"href":"https:\/\/dicodusport.fr\/blog\/wp-json\/wp\/v2\/media?parent=599649"}],"wp:term":[{"taxonomy":"category","embeddable":true,"href":"https:\/\/dicodusport.fr\/blog\/wp-json\/wp\/v2\/categories?post=599649"},{"taxonomy":"post_tag","embeddable":true,"href":"https:\/\/dicodusport.fr\/blog\/wp-json\/wp\/v2\/tags?post=599649"}],"curies":[{"name":"wp","href":"https:\/\/api.w.org\/{rel}","templated":true}]}}