{"id":600152,"date":"2025-08-03T18:25:00","date_gmt":"2025-08-03T16:25:00","guid":{"rendered":"https:\/\/dicodusport.fr\/blog\/?p=600152&#038;preview=true&#038;preview_id=600152"},"modified":"2025-08-04T13:53:51","modified_gmt":"2025-08-04T11:53:51","slug":"eurobasket-feminin-u20-2025-les-bleuettes-poursuivent-leur-festival-face-a-la-slovenie","status":"publish","type":"post","link":"https:\/\/dicodusport.fr\/blog\/eurobasket-feminin-u20-2025-les-bleuettes-poursuivent-leur-festival-face-a-la-slovenie\/","title":{"rendered":"EuroBasket f\u00e9minin U20 2025 : Les Bleuettes poursuivent leur festival face \u00e0 la Slov\u00e9nie"},"content":{"rendered":"<p style=\"text-align: justify;\"><em><strong>EUROBASKET F\u00c9MININ U20 &#8211; Nouvelle victoire probante des Bleuettes qui n&rsquo;ont fait qu&rsquo;une bouch\u00e9e de la Slov\u00e9nie (victoire 92-52).<\/strong><\/em><\/p>\n<p>Apr\u00e8s sa victoire inaugurale sur le Portugal, la <strong>France\u00a0<\/strong>a encha\u00een\u00e9 en s&rsquo;offrant une nouvelle victoire convaincante sur la <strong>Slov\u00e9nie<\/strong>.<\/p>\n<ul>\n<li><strong>\u00c0 ce sujet &#8211; <a href=\"https:\/\/dicodusport.fr\/blog\/calendrier-et-resultats-eurobasket-feminin-u20-2025\/\" target=\"_blank\" rel=\"noopener\">Calendrier et r\u00e9sultats EuroBasket f\u00e9minin U20 2025<\/a><\/strong><\/li>\n<\/ul>\n<p style=\"text-align: justify;\">Longtemps \u00e0 la traine en raison d&rsquo;un faible pourcentage au tir (30%), les <strong>Bleuettes<\/strong> ont tout de m\u00eame remport\u00e9 le premier quart 14-12. Ensuite, la machine s&rsquo;est mise en route. Elles sont parvenues \u00e0 mettre du<strong> rythme <\/strong>pour enfiler les points dans la peinture, tout en provoquant les fautes adverses. CQFD, l&rsquo;\u00e9cart a grimp\u00e9 jusqu&rsquo;\u00e0 +13 (31-18). Leur bonne <strong>d\u00e9fense<\/strong> leur permettait de r\u00e9cup\u00e9rer de nombreux ballons. Comme hier, l&rsquo;apport du banc aura \u00e9t\u00e9 pr\u00e9cieux (24 contre 3 pour la Slov\u00e9nie) avec quasiment toutes les joueuses qui ont inscrit des points contre une marque beaucoup moins r\u00e9partie c\u00f4t\u00e9 slov\u00e8ne. En fin de p\u00e9riode, <strong>Charlotte Abraham<\/strong> a fait mal aux adversaires avec coup sur coup 2 des 4 tirs longue distance fran\u00e7ais marqu\u00e9s. R\u00e9sultat, 44-20 \u00e0 la mi-temps.<\/p>\n<p>La deuxi\u00e8me mi-temps sera du m\u00eame acabit. L&rsquo;\u00e9cart fait par les Bleuettes en premi\u00e8re mi-temps sera insurmontable pour les Slov\u00e8nes qui n&rsquo;ont pu que constater leur inf\u00e9riorit\u00e9. <strong>Charlotte Abraham<\/strong> termine meilleure marqueuse avec 17 points alors que l&rsquo;ensemble des 12 joueuses ont pu jouer plus de 10 minutes et marquer au moins 2 points. Victoire finale 92-52. Rendez-vous demain face \u00e0 l&rsquo;Allemagne pour boucler cette phase de groupes.<\/p>\n<blockquote class=\"twitter-tweet\">\n<p dir=\"ltr\" lang=\"en\">They KNEW it was a nice one \ud83d\ude1c<\/p>\n<p>Dursus \ud83e\udd1d Saulnier<a href=\"https:\/\/twitter.com\/hashtag\/U20EuroBasket?src=hash&amp;ref_src=twsrc%5Etfw\">#U20EuroBasket<\/a> x <a href=\"https:\/\/twitter.com\/ffbasketball?ref_src=twsrc%5Etfw\">@ffbasketball<\/a> <a href=\"https:\/\/t.co\/r5BKYUgGY4\">pic.twitter.com\/r5BKYUgGY4<\/a><\/p>\n<p>\u2014 FIBA Women&rsquo;s EuroBasket (@EuroBasketWomen) <a href=\"https:\/\/twitter.com\/EuroBasketWomen\/status\/1952035651320467555?ref_src=twsrc%5Etfw\">August 3, 2025<\/a><\/p><\/blockquote>\n<p><script async src=\"https:\/\/platform.twitter.com\/widgets.js\" charset=\"utf-8\"><\/script><\/p>\n<p>&nbsp;<\/p>\n","protected":false},"excerpt":{"rendered":"<p>EUROBASKET F\u00c9MININ U20 &#8211; Nouvelle victoire probante des Bleuettes qui n&rsquo;ont fait qu&rsquo;une bouch\u00e9e de la Slov\u00e9nie (victoire 92-52).<\/p>\n","protected":false},"author":12,"featured_media":600219,"comment_status":"open","ping_status":"closed","sticky":false,"template":"","format":"standard","meta":{"_acf_changed":false,"_daextam_enable_autolinks":"1","footnotes":""},"categories":[47000],"tags":[16878],"class_list":["post-600152","post","type-post","status-publish","format-standard","has-post-thumbnail","hentry","category-eurobasket","tag-breve"],"acf":[],"yoast_head":"<!-- This site is optimized with the Yoast SEO Premium plugin v26.7 (Yoast SEO v26.7) - https:\/\/yoast.com\/wordpress\/plugins\/seo\/ -->\n<title>EuroBasket f\u00e9minin U20 2025 : Les Bleuettes poursuivent leur festival face \u00e0 la Slov\u00e9nie<\/title>\n<meta name=\"description\" content=\"EUROBASKET F\u00c9MININ U20 - Nouvelle victoire probante des Bleuettes qui n&#039;ont fait qu&#039;une bouch\u00e9e de la Slov\u00e9nie (victoire 92-52).\" \/>\n<meta name=\"robots\" content=\"index, follow, max-snippet:-1, max-image-preview:large, max-video-preview:-1\" \/>\n<link rel=\"canonical\" href=\"https:\/\/dicodusport.fr\/blog\/eurobasket-feminin-u20-2025-les-bleuettes-poursuivent-leur-festival-face-a-la-slovenie\/\" \/>\n<meta property=\"og:locale\" content=\"fr_FR\" \/>\n<meta property=\"og:type\" content=\"article\" \/>\n<meta property=\"og:title\" content=\"EuroBasket f\u00e9minin U20 2025 : Les Bleuettes poursuivent leur festival face \u00e0 la Slov\u00e9nie\" \/>\n<meta property=\"og:description\" content=\"EUROBASKET F\u00c9MININ U20 - Nouvelle victoire probante des Bleuettes qui n&#039;ont fait qu&#039;une bouch\u00e9e de la Slov\u00e9nie (victoire 92-52).\" \/>\n<meta property=\"og:url\" content=\"https:\/\/dicodusport.fr\/blog\/eurobasket-feminin-u20-2025-les-bleuettes-poursuivent-leur-festival-face-a-la-slovenie\/\" \/>\n<meta property=\"og:site_name\" content=\"Dicodusport\" \/>\n<meta property=\"article:publisher\" content=\"https:\/\/www.facebook.com\/dicodusport\" \/>\n<meta property=\"article:published_time\" content=\"2025-08-03T16:25:00+00:00\" \/>\n<meta property=\"article:modified_time\" content=\"2025-08-04T11:53:51+00:00\" \/>\n<meta property=\"og:image\" content=\"https:\/\/dicodusport.fr\/blog\/wp-content\/uploads\/2025\/08\/EuroBasket-feminin-U20-2025-Les-Bleuettes-poursuivent-leur-festival-face-a-la-Slovenie.png\" \/>\n\t<meta property=\"og:image:width\" content=\"1200\" \/>\n\t<meta property=\"og:image:height\" content=\"674\" \/>\n\t<meta property=\"og:image:type\" content=\"image\/png\" \/>\n<meta name=\"author\" content=\"Arlette Yeye\" \/>\n<meta name=\"twitter:card\" content=\"summary_large_image\" \/>\n<meta name=\"twitter:title\" content=\"EuroBasket f\u00e9minin U20 2025 : Les Bleuettes poursuivent leur festival face \u00e0 la Slov\u00e9nie\" \/>\n<meta name=\"twitter:creator\" content=\"@https:\/\/twitter.com\/Shiclette94\" \/>\n<meta name=\"twitter:site\" content=\"@dicodusport\" \/>\n<script type=\"application\/ld+json\" class=\"yoast-schema-graph\">{\"@context\":\"https:\/\/schema.org\",\"@graph\":[{\"@type\":\"NewsArticle\",\"@id\":\"https:\/\/dicodusport.fr\/blog\/eurobasket-feminin-u20-2025-les-bleuettes-poursuivent-leur-festival-face-a-la-slovenie\/#article\",\"isPartOf\":{\"@id\":\"https:\/\/dicodusport.fr\/blog\/eurobasket-feminin-u20-2025-les-bleuettes-poursuivent-leur-festival-face-a-la-slovenie\/\"},\"author\":{\"name\":\"Arlette Yeye\",\"@id\":\"https:\/\/dicodusport.fr\/blog\/#\/schema\/person\/cce96fa88785bd8573e3d43078ac8c79\"},\"headline\":\"EuroBasket f\u00e9minin U20 2025 : Les Bleuettes poursuivent leur festival face \u00e0 la Slov\u00e9nie\",\"datePublished\":\"2025-08-03T16:25:00+00:00\",\"dateModified\":\"2025-08-04T11:53:51+00:00\",\"mainEntityOfPage\":{\"@id\":\"https:\/\/dicodusport.fr\/blog\/eurobasket-feminin-u20-2025-les-bleuettes-poursuivent-leur-festival-face-a-la-slovenie\/\"},\"wordCount\":304,\"commentCount\":0,\"publisher\":{\"@id\":\"https:\/\/dicodusport.fr\/blog\/#organization\"},\"image\":{\"@id\":\"https:\/\/dicodusport.fr\/blog\/eurobasket-feminin-u20-2025-les-bleuettes-poursuivent-leur-festival-face-a-la-slovenie\/#primaryimage\"},\"thumbnailUrl\":\"https:\/\/dicodusport.fr\/blog\/wp-content\/uploads\/2025\/08\/EuroBasket-feminin-U20-2025-Les-Bleuettes-poursuivent-leur-festival-face-a-la-Slovenie.png\",\"keywords\":[\"br\u00e8ve\"],\"articleSection\":[\"EuroBasket\"],\"inLanguage\":\"fr-FR\",\"potentialAction\":[{\"@type\":\"CommentAction\",\"name\":\"Comment\",\"target\":[\"https:\/\/dicodusport.fr\/blog\/eurobasket-feminin-u20-2025-les-bleuettes-poursuivent-leur-festival-face-a-la-slovenie\/#respond\"]}],\"copyrightYear\":\"2025\",\"copyrightHolder\":{\"@id\":\"https:\/\/dicodusport.fr\/blog\/#organization\"}},{\"@type\":\"WebPage\",\"@id\":\"https:\/\/dicodusport.fr\/blog\/eurobasket-feminin-u20-2025-les-bleuettes-poursuivent-leur-festival-face-a-la-slovenie\/\",\"url\":\"https:\/\/dicodusport.fr\/blog\/eurobasket-feminin-u20-2025-les-bleuettes-poursuivent-leur-festival-face-a-la-slovenie\/\",\"name\":\"EuroBasket f\u00e9minin U20 2025 : Les Bleuettes poursuivent leur festival face \u00e0 la Slov\u00e9nie\",\"isPartOf\":{\"@id\":\"https:\/\/dicodusport.fr\/blog\/#website\"},\"primaryImageOfPage\":{\"@id\":\"https:\/\/dicodusport.fr\/blog\/eurobasket-feminin-u20-2025-les-bleuettes-poursuivent-leur-festival-face-a-la-slovenie\/#primaryimage\"},\"image\":{\"@id\":\"https:\/\/dicodusport.fr\/blog\/eurobasket-feminin-u20-2025-les-bleuettes-poursuivent-leur-festival-face-a-la-slovenie\/#primaryimage\"},\"thumbnailUrl\":\"https:\/\/dicodusport.fr\/blog\/wp-content\/uploads\/2025\/08\/EuroBasket-feminin-U20-2025-Les-Bleuettes-poursuivent-leur-festival-face-a-la-Slovenie.png\",\"datePublished\":\"2025-08-03T16:25:00+00:00\",\"dateModified\":\"2025-08-04T11:53:51+00:00\",\"description\":\"EUROBASKET F\u00c9MININ U20 - Nouvelle victoire probante des Bleuettes qui n'ont fait qu'une bouch\u00e9e de la Slov\u00e9nie (victoire 92-52).\",\"breadcrumb\":{\"@id\":\"https:\/\/dicodusport.fr\/blog\/eurobasket-feminin-u20-2025-les-bleuettes-poursuivent-leur-festival-face-a-la-slovenie\/#breadcrumb\"},\"inLanguage\":\"fr-FR\",\"potentialAction\":[{\"@type\":\"ReadAction\",\"target\":[\"https:\/\/dicodusport.fr\/blog\/eurobasket-feminin-u20-2025-les-bleuettes-poursuivent-leur-festival-face-a-la-slovenie\/\"]}]},{\"@type\":\"ImageObject\",\"inLanguage\":\"fr-FR\",\"@id\":\"https:\/\/dicodusport.fr\/blog\/eurobasket-feminin-u20-2025-les-bleuettes-poursuivent-leur-festival-face-a-la-slovenie\/#primaryimage\",\"url\":\"https:\/\/dicodusport.fr\/blog\/wp-content\/uploads\/2025\/08\/EuroBasket-feminin-U20-2025-Les-Bleuettes-poursuivent-leur-festival-face-a-la-Slovenie.png\",\"contentUrl\":\"https:\/\/dicodusport.fr\/blog\/wp-content\/uploads\/2025\/08\/EuroBasket-feminin-U20-2025-Les-Bleuettes-poursuivent-leur-festival-face-a-la-Slovenie.png\",\"width\":1200,\"height\":674,\"caption\":\"EuroBasket f\u00e9minin U20 2025 Les Bleuettes poursuivent leur festival face \u00e0 la Slov\u00e9nie\"},{\"@type\":\"BreadcrumbList\",\"@id\":\"https:\/\/dicodusport.fr\/blog\/eurobasket-feminin-u20-2025-les-bleuettes-poursuivent-leur-festival-face-a-la-slovenie\/#breadcrumb\",\"itemListElement\":[{\"@type\":\"ListItem\",\"position\":1,\"name\":\"Accueil\",\"item\":\"https:\/\/dicodusport.fr\/blog\/\"},{\"@type\":\"ListItem\",\"position\":2,\"name\":\"EuroBasket f\u00e9minin U20 2025 : Les Bleuettes poursuivent leur festival face \u00e0 la Slov\u00e9nie\"}]},{\"@type\":\"WebSite\",\"@id\":\"https:\/\/dicodusport.fr\/blog\/#website\",\"url\":\"https:\/\/dicodusport.fr\/blog\/\",\"name\":\"Dicodusport\",\"description\":\"L&#039;encyclop\u00e9die de l&#039;actualit\u00e9 sportive\",\"publisher\":{\"@id\":\"https:\/\/dicodusport.fr\/blog\/#organization\"},\"potentialAction\":[{\"@type\":\"SearchAction\",\"target\":{\"@type\":\"EntryPoint\",\"urlTemplate\":\"https:\/\/dicodusport.fr\/blog\/?s={search_term_string}\"},\"query-input\":{\"@type\":\"PropertyValueSpecification\",\"valueRequired\":true,\"valueName\":\"search_term_string\"}}],\"inLanguage\":\"fr-FR\"},{\"@type\":\"NewsMediaOrganization\",\"@id\":\"https:\/\/dicodusport.fr\/blog\/#organization\",\"name\":\"Dicodusport\",\"url\":\"https:\/\/dicodusport.fr\/blog\/\",\"logo\":{\"@type\":\"ImageObject\",\"inLanguage\":\"fr-FR\",\"@id\":\"https:\/\/dicodusport.fr\/blog\/#\/schema\/logo\/image\/\",\"url\":\"https:\/\/dicodusport.fr\/blog\/wp-content\/uploads\/2020\/06\/cropped-LOGO-DICODUSPORT-2020-SANS-FOND-SANS-TEXTE.png\",\"contentUrl\":\"https:\/\/dicodusport.fr\/blog\/wp-content\/uploads\/2020\/06\/cropped-LOGO-DICODUSPORT-2020-SANS-FOND-SANS-TEXTE.png\",\"width\":512,\"height\":512,\"caption\":\"Dicodusport\"},\"image\":{\"@id\":\"https:\/\/dicodusport.fr\/blog\/#\/schema\/logo\/image\/\"},\"sameAs\":[\"https:\/\/www.facebook.com\/dicodusport\",\"https:\/\/x.com\/dicodusport\",\"https:\/\/www.instagram.com\/dicodusport\/\",\"https:\/\/www.youtube.com\/channel\/UC7V2KZ5sd3htJivAbA4ZG3w\"],\"description\":\"Dicodusport est l'encyclop\u00e9die de l'actualit\u00e9 sportive.\",\"email\":\"bonjour@dicodusport.fr\",\"legalName\":\"DICODUSPORT\",\"foundingDate\":\"2018-01-14\",\"vatID\":\"FR71834470973\",\"taxID\":\"83447097300043\",\"numberOfEmployees\":{\"@type\":\"QuantitativeValue\",\"minValue\":\"1\",\"maxValue\":\"10\"}},{\"@type\":\"Person\",\"@id\":\"https:\/\/dicodusport.fr\/blog\/#\/schema\/person\/cce96fa88785bd8573e3d43078ac8c79\",\"name\":\"Arlette Yeye\",\"image\":{\"@type\":\"ImageObject\",\"inLanguage\":\"fr-FR\",\"@id\":\"https:\/\/dicodusport.fr\/blog\/#\/schema\/person\/image\/\",\"url\":\"https:\/\/secure.gravatar.com\/avatar\/dca4a6239e6d708e46c45d60e160de6c?s=96&d=wp_user_avatar&r=g\",\"contentUrl\":\"https:\/\/secure.gravatar.com\/avatar\/dca4a6239e6d708e46c45d60e160de6c?s=96&d=wp_user_avatar&r=g\",\"caption\":\"Arlette Yeye\"},\"description\":\"Journaliste\/r\u00e9dactrice depuis septembre 2015 - Supportrice de Chelsea, j'ai pour sports de pr\u00e9dilection le handball, l'athl\u00e9tisme et le tennis. Si je tweete plus vite que mon ombre, vous pouvez aussi me retrouver les week-ends sur les playgrounds de Bruxelles pour un petit foot ou basket entre potes. Parcourir la France, l'Europe et plus si affinit\u00e9s pour suivre mes sportifs pr\u00e9f\u00e9r\u00e9s ? Mon kif ! Et c'est avec plaisir que je partage les r\u00e9sultats des sports populaires mais \u00e9galement plus confidentiels pour Dicodusport.\",\"sameAs\":[\"https:\/\/x.com\/https:\/\/twitter.com\/Shiclette94\"],\"url\":\"https:\/\/dicodusport.fr\/blog\/author\/arlette\/\"}]}<\/script>\n<!-- \/ Yoast SEO Premium plugin. -->","yoast_head_json":{"title":"EuroBasket f\u00e9minin U20 2025 : Les Bleuettes poursuivent leur festival face \u00e0 la Slov\u00e9nie","description":"EUROBASKET F\u00c9MININ U20 - Nouvelle victoire probante des Bleuettes qui n'ont fait qu'une bouch\u00e9e de la Slov\u00e9nie (victoire 92-52).","robots":{"index":"index","follow":"follow","max-snippet":"max-snippet:-1","max-image-preview":"max-image-preview:large","max-video-preview":"max-video-preview:-1"},"canonical":"https:\/\/dicodusport.fr\/blog\/eurobasket-feminin-u20-2025-les-bleuettes-poursuivent-leur-festival-face-a-la-slovenie\/","og_locale":"fr_FR","og_type":"article","og_title":"EuroBasket f\u00e9minin U20 2025 : Les Bleuettes poursuivent leur festival face \u00e0 la Slov\u00e9nie","og_description":"EUROBASKET F\u00c9MININ U20 - Nouvelle victoire probante des Bleuettes qui n'ont fait qu'une bouch\u00e9e de la Slov\u00e9nie (victoire 92-52).","og_url":"https:\/\/dicodusport.fr\/blog\/eurobasket-feminin-u20-2025-les-bleuettes-poursuivent-leur-festival-face-a-la-slovenie\/","og_site_name":"Dicodusport","article_publisher":"https:\/\/www.facebook.com\/dicodusport","article_published_time":"2025-08-03T16:25:00+00:00","article_modified_time":"2025-08-04T11:53:51+00:00","og_image":[{"width":1200,"height":674,"url":"https:\/\/dicodusport.fr\/blog\/wp-content\/uploads\/2025\/08\/EuroBasket-feminin-U20-2025-Les-Bleuettes-poursuivent-leur-festival-face-a-la-Slovenie.png","type":"image\/png"}],"author":"Arlette Yeye","twitter_card":"summary_large_image","twitter_title":"EuroBasket f\u00e9minin U20 2025 : Les Bleuettes poursuivent leur festival face \u00e0 la Slov\u00e9nie","twitter_creator":"@https:\/\/twitter.com\/Shiclette94","twitter_site":"@dicodusport","schema":{"@context":"https:\/\/schema.org","@graph":[{"@type":"NewsArticle","@id":"https:\/\/dicodusport.fr\/blog\/eurobasket-feminin-u20-2025-les-bleuettes-poursuivent-leur-festival-face-a-la-slovenie\/#article","isPartOf":{"@id":"https:\/\/dicodusport.fr\/blog\/eurobasket-feminin-u20-2025-les-bleuettes-poursuivent-leur-festival-face-a-la-slovenie\/"},"author":{"name":"Arlette Yeye","@id":"https:\/\/dicodusport.fr\/blog\/#\/schema\/person\/cce96fa88785bd8573e3d43078ac8c79"},"headline":"EuroBasket f\u00e9minin U20 2025 : Les Bleuettes poursuivent leur festival face \u00e0 la Slov\u00e9nie","datePublished":"2025-08-03T16:25:00+00:00","dateModified":"2025-08-04T11:53:51+00:00","mainEntityOfPage":{"@id":"https:\/\/dicodusport.fr\/blog\/eurobasket-feminin-u20-2025-les-bleuettes-poursuivent-leur-festival-face-a-la-slovenie\/"},"wordCount":304,"commentCount":0,"publisher":{"@id":"https:\/\/dicodusport.fr\/blog\/#organization"},"image":{"@id":"https:\/\/dicodusport.fr\/blog\/eurobasket-feminin-u20-2025-les-bleuettes-poursuivent-leur-festival-face-a-la-slovenie\/#primaryimage"},"thumbnailUrl":"https:\/\/dicodusport.fr\/blog\/wp-content\/uploads\/2025\/08\/EuroBasket-feminin-U20-2025-Les-Bleuettes-poursuivent-leur-festival-face-a-la-Slovenie.png","keywords":["br\u00e8ve"],"articleSection":["EuroBasket"],"inLanguage":"fr-FR","potentialAction":[{"@type":"CommentAction","name":"Comment","target":["https:\/\/dicodusport.fr\/blog\/eurobasket-feminin-u20-2025-les-bleuettes-poursuivent-leur-festival-face-a-la-slovenie\/#respond"]}],"copyrightYear":"2025","copyrightHolder":{"@id":"https:\/\/dicodusport.fr\/blog\/#organization"}},{"@type":"WebPage","@id":"https:\/\/dicodusport.fr\/blog\/eurobasket-feminin-u20-2025-les-bleuettes-poursuivent-leur-festival-face-a-la-slovenie\/","url":"https:\/\/dicodusport.fr\/blog\/eurobasket-feminin-u20-2025-les-bleuettes-poursuivent-leur-festival-face-a-la-slovenie\/","name":"EuroBasket f\u00e9minin U20 2025 : Les Bleuettes poursuivent leur festival face \u00e0 la Slov\u00e9nie","isPartOf":{"@id":"https:\/\/dicodusport.fr\/blog\/#website"},"primaryImageOfPage":{"@id":"https:\/\/dicodusport.fr\/blog\/eurobasket-feminin-u20-2025-les-bleuettes-poursuivent-leur-festival-face-a-la-slovenie\/#primaryimage"},"image":{"@id":"https:\/\/dicodusport.fr\/blog\/eurobasket-feminin-u20-2025-les-bleuettes-poursuivent-leur-festival-face-a-la-slovenie\/#primaryimage"},"thumbnailUrl":"https:\/\/dicodusport.fr\/blog\/wp-content\/uploads\/2025\/08\/EuroBasket-feminin-U20-2025-Les-Bleuettes-poursuivent-leur-festival-face-a-la-Slovenie.png","datePublished":"2025-08-03T16:25:00+00:00","dateModified":"2025-08-04T11:53:51+00:00","description":"EUROBASKET F\u00c9MININ U20 - Nouvelle victoire probante des Bleuettes qui n'ont fait qu'une bouch\u00e9e de la Slov\u00e9nie (victoire 92-52).","breadcrumb":{"@id":"https:\/\/dicodusport.fr\/blog\/eurobasket-feminin-u20-2025-les-bleuettes-poursuivent-leur-festival-face-a-la-slovenie\/#breadcrumb"},"inLanguage":"fr-FR","potentialAction":[{"@type":"ReadAction","target":["https:\/\/dicodusport.fr\/blog\/eurobasket-feminin-u20-2025-les-bleuettes-poursuivent-leur-festival-face-a-la-slovenie\/"]}]},{"@type":"ImageObject","inLanguage":"fr-FR","@id":"https:\/\/dicodusport.fr\/blog\/eurobasket-feminin-u20-2025-les-bleuettes-poursuivent-leur-festival-face-a-la-slovenie\/#primaryimage","url":"https:\/\/dicodusport.fr\/blog\/wp-content\/uploads\/2025\/08\/EuroBasket-feminin-U20-2025-Les-Bleuettes-poursuivent-leur-festival-face-a-la-Slovenie.png","contentUrl":"https:\/\/dicodusport.fr\/blog\/wp-content\/uploads\/2025\/08\/EuroBasket-feminin-U20-2025-Les-Bleuettes-poursuivent-leur-festival-face-a-la-Slovenie.png","width":1200,"height":674,"caption":"EuroBasket f\u00e9minin U20 2025 Les Bleuettes poursuivent leur festival face \u00e0 la Slov\u00e9nie"},{"@type":"BreadcrumbList","@id":"https:\/\/dicodusport.fr\/blog\/eurobasket-feminin-u20-2025-les-bleuettes-poursuivent-leur-festival-face-a-la-slovenie\/#breadcrumb","itemListElement":[{"@type":"ListItem","position":1,"name":"Accueil","item":"https:\/\/dicodusport.fr\/blog\/"},{"@type":"ListItem","position":2,"name":"EuroBasket f\u00e9minin U20 2025 : Les Bleuettes poursuivent leur festival face \u00e0 la Slov\u00e9nie"}]},{"@type":"WebSite","@id":"https:\/\/dicodusport.fr\/blog\/#website","url":"https:\/\/dicodusport.fr\/blog\/","name":"Dicodusport","description":"L&#039;encyclop\u00e9die de l&#039;actualit\u00e9 sportive","publisher":{"@id":"https:\/\/dicodusport.fr\/blog\/#organization"},"potentialAction":[{"@type":"SearchAction","target":{"@type":"EntryPoint","urlTemplate":"https:\/\/dicodusport.fr\/blog\/?s={search_term_string}"},"query-input":{"@type":"PropertyValueSpecification","valueRequired":true,"valueName":"search_term_string"}}],"inLanguage":"fr-FR"},{"@type":"NewsMediaOrganization","@id":"https:\/\/dicodusport.fr\/blog\/#organization","name":"Dicodusport","url":"https:\/\/dicodusport.fr\/blog\/","logo":{"@type":"ImageObject","inLanguage":"fr-FR","@id":"https:\/\/dicodusport.fr\/blog\/#\/schema\/logo\/image\/","url":"https:\/\/dicodusport.fr\/blog\/wp-content\/uploads\/2020\/06\/cropped-LOGO-DICODUSPORT-2020-SANS-FOND-SANS-TEXTE.png","contentUrl":"https:\/\/dicodusport.fr\/blog\/wp-content\/uploads\/2020\/06\/cropped-LOGO-DICODUSPORT-2020-SANS-FOND-SANS-TEXTE.png","width":512,"height":512,"caption":"Dicodusport"},"image":{"@id":"https:\/\/dicodusport.fr\/blog\/#\/schema\/logo\/image\/"},"sameAs":["https:\/\/www.facebook.com\/dicodusport","https:\/\/x.com\/dicodusport","https:\/\/www.instagram.com\/dicodusport\/","https:\/\/www.youtube.com\/channel\/UC7V2KZ5sd3htJivAbA4ZG3w"],"description":"Dicodusport est l'encyclop\u00e9die de l'actualit\u00e9 sportive.","email":"bonjour@dicodusport.fr","legalName":"DICODUSPORT","foundingDate":"2018-01-14","vatID":"FR71834470973","taxID":"83447097300043","numberOfEmployees":{"@type":"QuantitativeValue","minValue":"1","maxValue":"10"}},{"@type":"Person","@id":"https:\/\/dicodusport.fr\/blog\/#\/schema\/person\/cce96fa88785bd8573e3d43078ac8c79","name":"Arlette Yeye","image":{"@type":"ImageObject","inLanguage":"fr-FR","@id":"https:\/\/dicodusport.fr\/blog\/#\/schema\/person\/image\/","url":"https:\/\/secure.gravatar.com\/avatar\/dca4a6239e6d708e46c45d60e160de6c?s=96&d=wp_user_avatar&r=g","contentUrl":"https:\/\/secure.gravatar.com\/avatar\/dca4a6239e6d708e46c45d60e160de6c?s=96&d=wp_user_avatar&r=g","caption":"Arlette Yeye"},"description":"Journaliste\/r\u00e9dactrice depuis septembre 2015 - Supportrice de Chelsea, j'ai pour sports de pr\u00e9dilection le handball, l'athl\u00e9tisme et le tennis. Si je tweete plus vite que mon ombre, vous pouvez aussi me retrouver les week-ends sur les playgrounds de Bruxelles pour un petit foot ou basket entre potes. Parcourir la France, l'Europe et plus si affinit\u00e9s pour suivre mes sportifs pr\u00e9f\u00e9r\u00e9s ? Mon kif ! Et c'est avec plaisir que je partage les r\u00e9sultats des sports populaires mais \u00e9galement plus confidentiels pour Dicodusport.","sameAs":["https:\/\/x.com\/https:\/\/twitter.com\/Shiclette94"],"url":"https:\/\/dicodusport.fr\/blog\/author\/arlette\/"}]}},"_links":{"self":[{"href":"https:\/\/dicodusport.fr\/blog\/wp-json\/wp\/v2\/posts\/600152","targetHints":{"allow":["GET"]}}],"collection":[{"href":"https:\/\/dicodusport.fr\/blog\/wp-json\/wp\/v2\/posts"}],"about":[{"href":"https:\/\/dicodusport.fr\/blog\/wp-json\/wp\/v2\/types\/post"}],"author":[{"embeddable":true,"href":"https:\/\/dicodusport.fr\/blog\/wp-json\/wp\/v2\/users\/12"}],"replies":[{"embeddable":true,"href":"https:\/\/dicodusport.fr\/blog\/wp-json\/wp\/v2\/comments?post=600152"}],"version-history":[{"count":3,"href":"https:\/\/dicodusport.fr\/blog\/wp-json\/wp\/v2\/posts\/600152\/revisions"}],"predecessor-version":[{"id":600375,"href":"https:\/\/dicodusport.fr\/blog\/wp-json\/wp\/v2\/posts\/600152\/revisions\/600375"}],"wp:featuredmedia":[{"embeddable":true,"href":"https:\/\/dicodusport.fr\/blog\/wp-json\/wp\/v2\/media\/600219"}],"wp:attachment":[{"href":"https:\/\/dicodusport.fr\/blog\/wp-json\/wp\/v2\/media?parent=600152"}],"wp:term":[{"taxonomy":"category","embeddable":true,"href":"https:\/\/dicodusport.fr\/blog\/wp-json\/wp\/v2\/categories?post=600152"},{"taxonomy":"post_tag","embeddable":true,"href":"https:\/\/dicodusport.fr\/blog\/wp-json\/wp\/v2\/tags?post=600152"}],"curies":[{"name":"wp","href":"https:\/\/api.w.org\/{rel}","templated":true}]}}