{"id":600200,"date":"2025-08-03T19:12:33","date_gmt":"2025-08-03T17:12:33","guid":{"rendered":"https:\/\/dicodusport.fr\/blog\/?p=600200&#038;preview=true&#038;preview_id=600200"},"modified":"2025-08-04T10:24:09","modified_gmt":"2025-08-04T08:24:09","slug":"9eme-etape-tour-de-france-femmes-2025-pauline-ferrand-prevot-triomphe-a-chatel-et-remporte-le-classement-general","status":"publish","type":"post","link":"https:\/\/dicodusport.fr\/blog\/9eme-etape-tour-de-france-femmes-2025-pauline-ferrand-prevot-triomphe-a-chatel-et-remporte-le-classement-general\/","title":{"rendered":"9\u00e8me \u00e9tape Tour de France Femmes 2025 : Pauline Ferrand-Pr\u00e9vot triomphe \u00e0 Ch\u00e2tel et remporte le classement g\u00e9n\u00e9ral !"},"content":{"rendered":"<p style=\"text-align: justify;\"><strong><em>TOUR DE FRANCE FEMMES 2025 &#8211; D\u00e9j\u00e0 laur\u00e9ate hier, Pauline Ferrand-Pr\u00e9vot (Team Visma | Lease a Bike) a remport\u00e9 la 9\u00e8me et derni\u00e8re \u00e9tape \u00e0 Ch\u00e2tel &#8211; Portes du Soleil. La Fran\u00e7aise a remport\u00e9 le classement g\u00e9n\u00e9ral final, 36 ans apr\u00e8s Jeannie Longo.<\/em><\/strong><\/p>\n<ul style=\"text-align: justify;\">\n<li style=\"text-align: justify;\"><strong>\u00c0 ce sujet \u2013\u00a0<a href=\"https:\/\/dicodusport.fr\/blog\/9eme-etape-tour-de-france-femmes-2025-classement-et-resultats\/\">Classement de la 9\u00e8me \u00e9tape du Tour de France Femmes 2025<\/a><\/strong><\/li>\n<\/ul>\n<p style=\"text-align: justify;\">Ce <strong>dimanche 3 ao\u00fbt<\/strong>, le peloton du <strong>Tour de France Femmes <\/strong>a affront\u00e9 une derni\u00e8re \u00e9tape dans les Alpes avec 124,1 km sont au programme, avec plusieurs ascensions, dont le tr\u00e8s difficile <strong>Col de Joux-Plane<\/strong> (11,6 km \u00e0 8,6 %).<\/p>\n<p style=\"text-align: justify;\">Apr\u00e8s avoir lanc\u00e9 une premi\u00e8re attaque dans la premi\u00e8re ascension de la journ\u00e9e, <strong>Anna van der Breggen<\/strong> (Team SD Worx &#8211; Protime) s&rsquo;est lac\u00e9e dans une longue aventure en solitaire. La septuple laur\u00e9ate de La Fl\u00e8che Wallonne a ouvert la route pendant plus de 70 kilom\u00e8tres avant d&rsquo;\u00eatre aval\u00e9e dans le Col du Corbier, \u00e0 33 kilom\u00e8tres du terme. La N\u00e9erlandaise a lors fini l&rsquo;\u00e9tape \u00e0 son allure.<\/p>\n<h2 style=\"text-align: justify;\">Le baroud d&rsquo;honneur de Anna van der Breggen<\/h2>\n<p style=\"text-align: justify;\">Derri\u00e8re, <strong>Pauline Ferrand-Pr\u00e9vot<\/strong> (Team Visma | Lease a Bike) a connu un d\u00e9but de course d\u00e9licat en \u00e9tant distanc\u00e9e dans la premi\u00e8re descente. Mais, la porteuse du maillot jaune a \u00e9t\u00e9 ramen\u00e9e au sein du peloton par des co\u00e9quipi\u00e8res. <strong>Pauline Ferrand-Pr\u00e9vot <\/strong>a parfaitement g\u00e9r\u00e9 la suite des \u00e9v\u00e8nements en restant attentive \u00e0 l&rsquo;avant du peloton. Impressionnante hier sur les pentes du Col de la Madeleine, <strong>Pauline Ferrand-Pr\u00e9vot\u00a0<\/strong>a pu suivre ais\u00e9ment ses adversaires dans les pentes du Col de Joux Plane.<\/p>\n<p style=\"text-align: justify;\">Puis, avant d&rsquo;attaquer le Col de Joux Plane, la cinqui\u00e8me du classement g\u00e9n\u00e9ral <strong>C\u00e9drine Kerbaol<\/strong> (EF Education-Oatly) et la tenante du titre <strong>Katarzyna Niewiadoma<\/strong> (CANYON\/\/SRAM zondacrypto) ont \u00e9t\u00e9 victimes d&rsquo;une chute. N\u00e9anmoins, la coureuse polonaise a r\u00e9ussi \u00e0 revenir sur ses rivales au classement g\u00e9n\u00e9ral alors que la concurrente fran\u00e7aise n&rsquo;a cess\u00e9 de perdre du temps dans le Col de Joux Plane. La native de Brest a alors perdu sa place dans le top 5 au classement g\u00e9n\u00e9ral. Une autre concurrente a connu une journ\u00e9e difficile en la personne de <strong>Pauliena Rooijakkers<\/strong> (Fenix-Deceuninck), sixi\u00e8me du classement g\u00e9n\u00e9ral. La grimpeuse n\u00e9erlandaise est rest\u00e9e en compagnie de <strong>C\u00e9drine Kerbaol.<\/strong><\/p>\n<ul style=\"text-align: justify;\">\n<li><strong>\u00c0 ce sujet \u2013\u00a0<a href=\"https:\/\/dicodusport.fr\/blog\/classement-general-tour-de-france-femmes-2025-mis-a-jour\/\">Classement g\u00e9n\u00e9ral Tour de France Femmes 2025 mis \u00e0 jour<\/a><\/strong><\/li>\n<\/ul>\n<p style=\"text-align: justify;\">Apr\u00e8s avoir tent\u00e9 de surprendre ses adversaires dans Joux Plane, <strong>Sarah Gigante<\/strong> (AG Insurance &#8211; Soudal) a \u00e9t\u00e9 mise en difficult\u00e9 dans la descente. En effet, la deuxi\u00e8me du classement g\u00e9n\u00e9ral est une pi\u00e8tre descendeuse. Cette situation a donc profit\u00e9 \u00e0 <strong>Katarzyna Niewiadoma<\/strong> et \u00e0 <strong>Demi Vollering<\/strong> (FDJ &#8211; SUEZ). Cette derni\u00e8re a notamment profit\u00e9 d&rsquo;un excellent travail de <strong>Juliette Labous<\/strong> (FDJ &#8211; SUEZ). La championne de France 2024 a pris de gros relais dans les longues portions en vall\u00e9e et dans le Col de Corbier pour distancer d\u00e9finitivement\u00a0 <strong>Sarah Gigante<\/strong> et permettre \u00e0 <strong>Demi Vollering\u00a0<\/strong>de r\u00e9cup\u00e9rer la deuxi\u00e8me place au classement g\u00e9n\u00e9ral. <strong>Katarzyna Niewiadoma\u00a0<\/strong>a aussi b\u00e9n\u00e9fici\u00e9 de la situation pour s&#8217;emparer de la troisi\u00e8me place.<\/p>\n<div class=\"vlp-link-container vlp-layout-article\"><a href=\"https:\/\/dicodusport.fr\/blog\/pauline-ferrand-prevot-10-chiffres-fous-sur-sa-carriere-xxl\/\" class=\"vlp-link\" title=\"Pauline Ferrand-Pr\u00e9vot, 10 chiffres fous sur sa carri\u00e8re XXL\"><\/a><div class=\"vlp-layout-zone-side\"><div class=\"vlp-block-4 vlp-link-image\"><img loading=\"lazy\" decoding=\"async\" style=\"max-width: 792px;\" width=\"792\" height=\"445\" src=\"https:\/\/dicodusport.fr\/blog\/wp-content\/uploads\/2025\/08\/Pauline-Ferrand-Prevot-10-chiffres-fous-sur-sa-carriere-XXL.png\" class=\"attachment-800x445 size-800x445\" alt=\"Pauline Ferrand-Pr\u00e9vot, 10 chiffres fous sur sa carri\u00e8re XXL\" srcset=\"https:\/\/dicodusport.fr\/blog\/wp-content\/uploads\/2025\/08\/Pauline-Ferrand-Prevot-10-chiffres-fous-sur-sa-carriere-XXL.png 1200w, https:\/\/dicodusport.fr\/blog\/wp-content\/uploads\/2025\/08\/Pauline-Ferrand-Prevot-10-chiffres-fous-sur-sa-carriere-XXL-300x169.png 300w, https:\/\/dicodusport.fr\/blog\/wp-content\/uploads\/2025\/08\/Pauline-Ferrand-Prevot-10-chiffres-fous-sur-sa-carriere-XXL-1024x575.png 1024w, https:\/\/dicodusport.fr\/blog\/wp-content\/uploads\/2025\/08\/Pauline-Ferrand-Prevot-10-chiffres-fous-sur-sa-carriere-XXL-768x431.png 768w\" sizes=\"auto, (max-width: 792px) 100vw, 792px\" \/><\/div><\/div><div class=\"vlp-layout-zone-main\"><div class=\"vlp-block-0 vlp-link-title\">Pauline Ferrand-Pr\u00e9vot, 10 chiffres fous sur sa carri\u00e8re XXL<\/div><div class=\"vlp-block-1 vlp-link-summary\">En remportant le Tour de France Femmes 2025, et ce, d\u00e8s sa premi\u00e8re participation \u00e0 l'\u00e9preuve, Pauline Ferrand-Pr\u00e9vot a continu\u00e9 de marquer l'histoire du cyclisme. Retour en chiffres sur sa carri\u00e8re.<\/div><div class=\"vlp-block-2 vlp-link-button\">Lire l'article<\/div><div class=\"vlp-block-3 vlp-link-url\">dicodusport.fr<\/div><\/div><\/div>\n<h2 style=\"text-align: justify;\">Incroyable Pauline Ferrand-Pr\u00e9vot<\/h2>\n<p style=\"text-align: justify;\">Au moment d&rsquo;attaquer les 25 derniers kilom\u00e8tres en faux plat montant jusqu&rsquo;\u00e0 Ch\u00e2tel, elles \u00e9taient six \u00e0 l&rsquo;avant de la course dont <strong>Katarzyna Niewiadoma, Juliette Labous, Demi Vollering, Pauline Ferrand-Pr\u00e9vot, Dominika W\u0142odarczyk <\/strong>(AE Team ADQ) et <strong>Niamh Fisher-Black<\/strong> (Lidl &#8211; Trek). Seule dans sa gal\u00e8re, <strong>Sarah Gigante\u00a0<\/strong>\u00e9tait d\u00e9j\u00e0 \u00e0 pr\u00e8s de 3 minutes de retard.<\/p>\n<p style=\"text-align: justify;\">Apr\u00e8s une attaque de <strong>Demi Vollering, Pauline Ferrand-Pr\u00e9vot\u00a0<\/strong>s&rsquo;est isol\u00e9 \u00e0 6,5 kilom\u00e8tres de l&rsquo;arriv\u00e9e dans une portion plus difficile. <strong>Niamh Fisher-Black<\/strong><strong>, Katarzyna Niewiadoma\u00a0<\/strong>et <strong>Demi Vollering <\/strong>n&rsquo;ont pas pu suivre cette offensive. Finalement, <strong>Pauline Ferrand-Pr\u00e9vot\u00a0<\/strong>s&rsquo;est impos\u00e9e en solitaire et en patronne. <strong>Demi Vollering<\/strong> a r\u00e9gl\u00e9 le trio de chasse \u00e0 20 secondes devant <strong>Katarzyna Niewiadoma <\/strong>et <strong>Niamh Fisher-Black<\/strong>.<\/p>\n<blockquote class=\"twitter-tweet\">\n<p dir=\"ltr\" lang=\"fr\">Le Tour et l&rsquo;\u00e9tape : Pauline Ferrand-Pr\u00e9vot \ud83c\uddeb\ud83c\uddf7 prend tout !<\/p>\n<p>Tu as \u00e9t\u00e9 \ud835\udc22\ud835\udc26\ud835\udc26\ud835\udc1e\ud835\udc27\ud835\udc2c\ud835\udc1e Pauline <a href=\"https:\/\/twitter.com\/FERRANDPREVOT?ref_src=twsrc%5Etfw\">@FERRANDPREVOT<\/a> \ud83d\udc4f \ud83e\udd29<a href=\"https:\/\/twitter.com\/hashtag\/TDFF2025?src=hash&amp;ref_src=twsrc%5Etfw\">#TDFF2025<\/a> <a href=\"https:\/\/twitter.com\/hashtag\/LesRP?src=hash&amp;ref_src=twsrc%5Etfw\">#LesRP<\/a> <a href=\"https:\/\/t.co\/pO6DGBbLBC\">pic.twitter.com\/pO6DGBbLBC<\/a><\/p>\n<p>\u2014 Eurosport France (@Eurosport_FR) <a href=\"https:\/\/twitter.com\/Eurosport_FR\/status\/1952053757841215565?ref_src=twsrc%5Etfw\">August 3, 2025<\/a><\/p><\/blockquote>\n<p style=\"text-align: justify;\"><script async src=\"https:\/\/platform.twitter.com\/widgets.js\" charset=\"utf-8\"><\/script><\/p>\n<p style=\"text-align: justify;\"><strong>Elise Chabbey<\/strong> (FDJ &#8211; SUEZ) s&rsquo;est adjug\u00e9e le maillot de la montagne avec 44 points. La coureuse suisse a devanc\u00e9 sa leader <strong>Demi Vollering <\/strong>et<strong> Maeva Squiban<\/strong>. En prenant la deuxi\u00e8me place du sprint interm\u00e9diaire de Morillon,\u00a0<strong>Lorena Wiebes <\/strong>(Team SD Worx &#8211; Protime) a remport\u00e9 \u00e0 nouveau le maillot par points, en plus de ses succ\u00e8s d&rsquo;\u00e9tape \u00e0 Angers et \u00e0 Poitiers.<\/p>\n<ul>\n<li style=\"text-align: justify;\"><strong>\u00c0 ce sujet \u2013 <a href=\"https:\/\/dicodusport.fr\/blog\/actualites\/cyclisme\/cyclisme-sur-route-2025\/\">L\u2019actualit\u00e9 du cyclisme sur route<\/a><\/strong><\/li>\n<\/ul>\n","protected":false},"excerpt":{"rendered":"<p>TOUR DE FRANCE FEMMES 2025 &#8211; D\u00e9j\u00e0 laur\u00e9ate hier, Pauline Ferrand-Pr\u00e9vot (Team Visma | Lease a Bike) a remport\u00e9 la 9\u00e8me et derni\u00e8re \u00e9tape \u00e0 Ch\u00e2tel &#8211; Portes du Soleil. La Fran\u00e7aise a remport\u00e9 le classement g\u00e9n\u00e9ral final, 36 ans apr\u00e8s Jeannie Longo.<\/p>\n","protected":false},"author":48,"featured_media":600246,"comment_status":"open","ping_status":"closed","sticky":false,"template":"","format":"standard","meta":{"_acf_changed":false,"_daextam_enable_autolinks":"1","footnotes":""},"categories":[46995],"tags":[32415,16878,574,11197,24,19848],"class_list":["post-600200","post","type-post","status-publish","format-standard","has-post-thumbnail","hentry","category-tour-de-france","tag-actu","tag-breve","tag-cyclisme","tag-cyclisme-sur-route","tag-sport","tag-tour-de-france-femmes"],"acf":[],"yoast_head":"<!-- This site is optimized with the Yoast SEO Premium plugin v26.7 (Yoast SEO v26.7) - https:\/\/yoast.com\/wordpress\/plugins\/seo\/ -->\n<title>9\u00e8me \u00e9tape Tour de France Femmes 2025 : Pauline Ferrand-Pr\u00e9vot triomphe \u00e0 Ch\u00e2tel et remporte le classement g\u00e9n\u00e9ral !<\/title>\n<meta name=\"description\" content=\"TOUR DE FRANCE FEMMES 2025 - Pauline Ferrand-Pr\u00e9vot a remport\u00e9 la 9\u00e8me et derni\u00e8re \u00e9tape \u00e0 Ch\u00e2tel - Portes du Soleil et le classement g\u00e9n\u00e9ral final.\" \/>\n<meta name=\"robots\" content=\"index, follow, max-snippet:-1, max-image-preview:large, max-video-preview:-1\" \/>\n<link rel=\"canonical\" href=\"https:\/\/dicodusport.fr\/blog\/9eme-etape-tour-de-france-femmes-2025-pauline-ferrand-prevot-triomphe-a-chatel-et-remporte-le-classement-general\/\" \/>\n<meta property=\"og:locale\" content=\"fr_FR\" \/>\n<meta property=\"og:type\" content=\"article\" \/>\n<meta property=\"og:title\" content=\"9\u00e8me \u00e9tape Tour de France Femmes 2025 : Pauline Ferrand-Pr\u00e9vot triomphe \u00e0 Ch\u00e2tel et remporte le classement g\u00e9n\u00e9ral !\" \/>\n<meta property=\"og:description\" content=\"TOUR DE FRANCE FEMMES 2025 - Pauline Ferrand-Pr\u00e9vot a remport\u00e9 la 9\u00e8me et derni\u00e8re \u00e9tape \u00e0 Ch\u00e2tel - Portes du Soleil et le classement g\u00e9n\u00e9ral final.\" \/>\n<meta property=\"og:url\" content=\"https:\/\/dicodusport.fr\/blog\/9eme-etape-tour-de-france-femmes-2025-pauline-ferrand-prevot-triomphe-a-chatel-et-remporte-le-classement-general\/\" \/>\n<meta property=\"og:site_name\" content=\"Dicodusport\" \/>\n<meta property=\"article:publisher\" content=\"https:\/\/www.facebook.com\/dicodusport\" \/>\n<meta property=\"article:author\" content=\"https:\/\/www.facebook.com\/groups\/LesRoisDuPeloton\" \/>\n<meta property=\"article:published_time\" content=\"2025-08-03T17:12:33+00:00\" \/>\n<meta property=\"article:modified_time\" content=\"2025-08-04T08:24:09+00:00\" \/>\n<meta property=\"og:image\" content=\"https:\/\/dicodusport.fr\/blog\/wp-content\/uploads\/2025\/08\/9eme-etape-Tour-de-France-Femmes-2025-Pauline-Ferrand-Prevot-triomphe-a-Chatel-et-remporte-le-classement-general-1-1.png\" \/>\n\t<meta property=\"og:image:width\" content=\"1200\" \/>\n\t<meta property=\"og:image:height\" content=\"674\" \/>\n\t<meta property=\"og:image:type\" content=\"image\/png\" \/>\n<meta name=\"author\" content=\"Emilien Descampiaux\" \/>\n<meta name=\"twitter:card\" content=\"summary_large_image\" \/>\n<meta name=\"twitter:creator\" content=\"@https:\/\/twitter.com\/LRoisDuPeloton\" \/>\n<meta name=\"twitter:site\" content=\"@dicodusport\" \/>\n<script type=\"application\/ld+json\" class=\"yoast-schema-graph\">{\"@context\":\"https:\/\/schema.org\",\"@graph\":[{\"@type\":\"NewsArticle\",\"@id\":\"https:\/\/dicodusport.fr\/blog\/9eme-etape-tour-de-france-femmes-2025-pauline-ferrand-prevot-triomphe-a-chatel-et-remporte-le-classement-general\/#article\",\"isPartOf\":{\"@id\":\"https:\/\/dicodusport.fr\/blog\/9eme-etape-tour-de-france-femmes-2025-pauline-ferrand-prevot-triomphe-a-chatel-et-remporte-le-classement-general\/\"},\"author\":{\"name\":\"Emilien Descampiaux\",\"@id\":\"https:\/\/dicodusport.fr\/blog\/#\/schema\/person\/6db4bae06b171592211be385b32876a7\"},\"headline\":\"9\u00e8me \u00e9tape Tour de France Femmes 2025 : Pauline Ferrand-Pr\u00e9vot triomphe \u00e0 Ch\u00e2tel et remporte le classement g\u00e9n\u00e9ral !\",\"datePublished\":\"2025-08-03T17:12:33+00:00\",\"dateModified\":\"2025-08-04T08:24:09+00:00\",\"mainEntityOfPage\":{\"@id\":\"https:\/\/dicodusport.fr\/blog\/9eme-etape-tour-de-france-femmes-2025-pauline-ferrand-prevot-triomphe-a-chatel-et-remporte-le-classement-general\/\"},\"wordCount\":891,\"commentCount\":0,\"publisher\":{\"@id\":\"https:\/\/dicodusport.fr\/blog\/#organization\"},\"image\":{\"@id\":\"https:\/\/dicodusport.fr\/blog\/9eme-etape-tour-de-france-femmes-2025-pauline-ferrand-prevot-triomphe-a-chatel-et-remporte-le-classement-general\/#primaryimage\"},\"thumbnailUrl\":\"https:\/\/dicodusport.fr\/blog\/wp-content\/uploads\/2025\/08\/9eme-etape-Tour-de-France-Femmes-2025-Pauline-Ferrand-Prevot-triomphe-a-Chatel-et-remporte-le-classement-general-1-1.png\",\"keywords\":[\"actu\",\"br\u00e8ve\",\"Cyclisme\",\"Cyclisme sur route\",\"sport\",\"Tour de France Femmes\"],\"articleSection\":[\"Tour de France\"],\"inLanguage\":\"fr-FR\",\"potentialAction\":[{\"@type\":\"CommentAction\",\"name\":\"Comment\",\"target\":[\"https:\/\/dicodusport.fr\/blog\/9eme-etape-tour-de-france-femmes-2025-pauline-ferrand-prevot-triomphe-a-chatel-et-remporte-le-classement-general\/#respond\"]}],\"copyrightYear\":\"2025\",\"copyrightHolder\":{\"@id\":\"https:\/\/dicodusport.fr\/blog\/#organization\"}},{\"@type\":\"WebPage\",\"@id\":\"https:\/\/dicodusport.fr\/blog\/9eme-etape-tour-de-france-femmes-2025-pauline-ferrand-prevot-triomphe-a-chatel-et-remporte-le-classement-general\/\",\"url\":\"https:\/\/dicodusport.fr\/blog\/9eme-etape-tour-de-france-femmes-2025-pauline-ferrand-prevot-triomphe-a-chatel-et-remporte-le-classement-general\/\",\"name\":\"9\u00e8me \u00e9tape Tour de France Femmes 2025 : Pauline Ferrand-Pr\u00e9vot triomphe \u00e0 Ch\u00e2tel et remporte le classement g\u00e9n\u00e9ral !\",\"isPartOf\":{\"@id\":\"https:\/\/dicodusport.fr\/blog\/#website\"},\"primaryImageOfPage\":{\"@id\":\"https:\/\/dicodusport.fr\/blog\/9eme-etape-tour-de-france-femmes-2025-pauline-ferrand-prevot-triomphe-a-chatel-et-remporte-le-classement-general\/#primaryimage\"},\"image\":{\"@id\":\"https:\/\/dicodusport.fr\/blog\/9eme-etape-tour-de-france-femmes-2025-pauline-ferrand-prevot-triomphe-a-chatel-et-remporte-le-classement-general\/#primaryimage\"},\"thumbnailUrl\":\"https:\/\/dicodusport.fr\/blog\/wp-content\/uploads\/2025\/08\/9eme-etape-Tour-de-France-Femmes-2025-Pauline-Ferrand-Prevot-triomphe-a-Chatel-et-remporte-le-classement-general-1-1.png\",\"datePublished\":\"2025-08-03T17:12:33+00:00\",\"dateModified\":\"2025-08-04T08:24:09+00:00\",\"description\":\"TOUR DE FRANCE FEMMES 2025 - Pauline Ferrand-Pr\u00e9vot a remport\u00e9 la 9\u00e8me et derni\u00e8re \u00e9tape \u00e0 Ch\u00e2tel - Portes du Soleil et le classement g\u00e9n\u00e9ral final.\",\"breadcrumb\":{\"@id\":\"https:\/\/dicodusport.fr\/blog\/9eme-etape-tour-de-france-femmes-2025-pauline-ferrand-prevot-triomphe-a-chatel-et-remporte-le-classement-general\/#breadcrumb\"},\"inLanguage\":\"fr-FR\",\"potentialAction\":[{\"@type\":\"ReadAction\",\"target\":[\"https:\/\/dicodusport.fr\/blog\/9eme-etape-tour-de-france-femmes-2025-pauline-ferrand-prevot-triomphe-a-chatel-et-remporte-le-classement-general\/\"]}]},{\"@type\":\"ImageObject\",\"inLanguage\":\"fr-FR\",\"@id\":\"https:\/\/dicodusport.fr\/blog\/9eme-etape-tour-de-france-femmes-2025-pauline-ferrand-prevot-triomphe-a-chatel-et-remporte-le-classement-general\/#primaryimage\",\"url\":\"https:\/\/dicodusport.fr\/blog\/wp-content\/uploads\/2025\/08\/9eme-etape-Tour-de-France-Femmes-2025-Pauline-Ferrand-Prevot-triomphe-a-Chatel-et-remporte-le-classement-general-1-1.png\",\"contentUrl\":\"https:\/\/dicodusport.fr\/blog\/wp-content\/uploads\/2025\/08\/9eme-etape-Tour-de-France-Femmes-2025-Pauline-Ferrand-Prevot-triomphe-a-Chatel-et-remporte-le-classement-general-1-1.png\",\"width\":1200,\"height\":674,\"caption\":\"9\u00e8me \u00e9tape Tour de France Femmes 2025 Pauline Ferrand-Pr\u00e9vot triomphe \u00e0 Ch\u00e2tel et remporte le classement g\u00e9n\u00e9ral !\"},{\"@type\":\"BreadcrumbList\",\"@id\":\"https:\/\/dicodusport.fr\/blog\/9eme-etape-tour-de-france-femmes-2025-pauline-ferrand-prevot-triomphe-a-chatel-et-remporte-le-classement-general\/#breadcrumb\",\"itemListElement\":[{\"@type\":\"ListItem\",\"position\":1,\"name\":\"Accueil\",\"item\":\"https:\/\/dicodusport.fr\/blog\/\"},{\"@type\":\"ListItem\",\"position\":2,\"name\":\"9\u00e8me \u00e9tape Tour de France Femmes 2025 : Pauline Ferrand-Pr\u00e9vot triomphe \u00e0 Ch\u00e2tel et remporte le classement g\u00e9n\u00e9ral !\"}]},{\"@type\":\"WebSite\",\"@id\":\"https:\/\/dicodusport.fr\/blog\/#website\",\"url\":\"https:\/\/dicodusport.fr\/blog\/\",\"name\":\"Dicodusport\",\"description\":\"L&#039;encyclop\u00e9die de l&#039;actualit\u00e9 sportive\",\"publisher\":{\"@id\":\"https:\/\/dicodusport.fr\/blog\/#organization\"},\"potentialAction\":[{\"@type\":\"SearchAction\",\"target\":{\"@type\":\"EntryPoint\",\"urlTemplate\":\"https:\/\/dicodusport.fr\/blog\/?s={search_term_string}\"},\"query-input\":{\"@type\":\"PropertyValueSpecification\",\"valueRequired\":true,\"valueName\":\"search_term_string\"}}],\"inLanguage\":\"fr-FR\"},{\"@type\":\"NewsMediaOrganization\",\"@id\":\"https:\/\/dicodusport.fr\/blog\/#organization\",\"name\":\"Dicodusport\",\"url\":\"https:\/\/dicodusport.fr\/blog\/\",\"logo\":{\"@type\":\"ImageObject\",\"inLanguage\":\"fr-FR\",\"@id\":\"https:\/\/dicodusport.fr\/blog\/#\/schema\/logo\/image\/\",\"url\":\"https:\/\/dicodusport.fr\/blog\/wp-content\/uploads\/2020\/06\/cropped-LOGO-DICODUSPORT-2020-SANS-FOND-SANS-TEXTE.png\",\"contentUrl\":\"https:\/\/dicodusport.fr\/blog\/wp-content\/uploads\/2020\/06\/cropped-LOGO-DICODUSPORT-2020-SANS-FOND-SANS-TEXTE.png\",\"width\":512,\"height\":512,\"caption\":\"Dicodusport\"},\"image\":{\"@id\":\"https:\/\/dicodusport.fr\/blog\/#\/schema\/logo\/image\/\"},\"sameAs\":[\"https:\/\/www.facebook.com\/dicodusport\",\"https:\/\/x.com\/dicodusport\",\"https:\/\/www.instagram.com\/dicodusport\/\",\"https:\/\/www.youtube.com\/channel\/UC7V2KZ5sd3htJivAbA4ZG3w\"],\"description\":\"Dicodusport est l'encyclop\u00e9die de l'actualit\u00e9 sportive.\",\"email\":\"bonjour@dicodusport.fr\",\"legalName\":\"DICODUSPORT\",\"foundingDate\":\"2018-01-14\",\"vatID\":\"FR71834470973\",\"taxID\":\"83447097300043\",\"numberOfEmployees\":{\"@type\":\"QuantitativeValue\",\"minValue\":\"1\",\"maxValue\":\"10\"}},{\"@type\":\"Person\",\"@id\":\"https:\/\/dicodusport.fr\/blog\/#\/schema\/person\/6db4bae06b171592211be385b32876a7\",\"name\":\"Emilien Descampiaux\",\"image\":{\"@type\":\"ImageObject\",\"inLanguage\":\"fr-FR\",\"@id\":\"https:\/\/dicodusport.fr\/blog\/#\/schema\/person\/image\/\",\"url\":\"https:\/\/dicodusport.fr\/blog\/wp-content\/uploads\/2021\/05\/Emilien-Descampiaux-150x150.jpg\",\"contentUrl\":\"https:\/\/dicodusport.fr\/blog\/wp-content\/uploads\/2021\/05\/Emilien-Descampiaux-150x150.jpg\",\"caption\":\"Emilien Descampiaux\"},\"description\":\"Journaliste\/r\u00e9dacteur depuis 2014 - Fan de la classe de Frank Vandenbroucke, je vis cyclisme (et de ses paysages) depuis plus de 20 ans. Je suis tr\u00e8s impliqu\u00e9 sur mes diff\u00e9rents r\u00e9seaux sociaux pour partager ma passion sur le monde et l'Histoire de la bicyclette avec ma voix sur les images en noir et blanc du succ\u00e8s de Rik Van Steenbergen lors du Ronde sur le V\u00e9lodrome de Gand.\",\"sameAs\":[\"https:\/\/www.facebook.com\/groups\/LesRoisDuPeloton\",\"https:\/\/x.com\/https:\/\/twitter.com\/LRoisDuPeloton\"],\"url\":\"https:\/\/dicodusport.fr\/blog\/author\/emiliend\/\"}]}<\/script>\n<!-- \/ Yoast SEO Premium plugin. -->","yoast_head_json":{"title":"9\u00e8me \u00e9tape Tour de France Femmes 2025 : Pauline Ferrand-Pr\u00e9vot triomphe \u00e0 Ch\u00e2tel et remporte le classement g\u00e9n\u00e9ral !","description":"TOUR DE FRANCE FEMMES 2025 - Pauline Ferrand-Pr\u00e9vot a remport\u00e9 la 9\u00e8me et derni\u00e8re \u00e9tape \u00e0 Ch\u00e2tel - Portes du Soleil et le classement g\u00e9n\u00e9ral final.","robots":{"index":"index","follow":"follow","max-snippet":"max-snippet:-1","max-image-preview":"max-image-preview:large","max-video-preview":"max-video-preview:-1"},"canonical":"https:\/\/dicodusport.fr\/blog\/9eme-etape-tour-de-france-femmes-2025-pauline-ferrand-prevot-triomphe-a-chatel-et-remporte-le-classement-general\/","og_locale":"fr_FR","og_type":"article","og_title":"9\u00e8me \u00e9tape Tour de France Femmes 2025 : Pauline Ferrand-Pr\u00e9vot triomphe \u00e0 Ch\u00e2tel et remporte le classement g\u00e9n\u00e9ral !","og_description":"TOUR DE FRANCE FEMMES 2025 - Pauline Ferrand-Pr\u00e9vot a remport\u00e9 la 9\u00e8me et derni\u00e8re \u00e9tape \u00e0 Ch\u00e2tel - Portes du Soleil et le classement g\u00e9n\u00e9ral final.","og_url":"https:\/\/dicodusport.fr\/blog\/9eme-etape-tour-de-france-femmes-2025-pauline-ferrand-prevot-triomphe-a-chatel-et-remporte-le-classement-general\/","og_site_name":"Dicodusport","article_publisher":"https:\/\/www.facebook.com\/dicodusport","article_author":"https:\/\/www.facebook.com\/groups\/LesRoisDuPeloton","article_published_time":"2025-08-03T17:12:33+00:00","article_modified_time":"2025-08-04T08:24:09+00:00","og_image":[{"width":1200,"height":674,"url":"https:\/\/dicodusport.fr\/blog\/wp-content\/uploads\/2025\/08\/9eme-etape-Tour-de-France-Femmes-2025-Pauline-Ferrand-Prevot-triomphe-a-Chatel-et-remporte-le-classement-general-1-1.png","type":"image\/png"}],"author":"Emilien Descampiaux","twitter_card":"summary_large_image","twitter_creator":"@https:\/\/twitter.com\/LRoisDuPeloton","twitter_site":"@dicodusport","schema":{"@context":"https:\/\/schema.org","@graph":[{"@type":"NewsArticle","@id":"https:\/\/dicodusport.fr\/blog\/9eme-etape-tour-de-france-femmes-2025-pauline-ferrand-prevot-triomphe-a-chatel-et-remporte-le-classement-general\/#article","isPartOf":{"@id":"https:\/\/dicodusport.fr\/blog\/9eme-etape-tour-de-france-femmes-2025-pauline-ferrand-prevot-triomphe-a-chatel-et-remporte-le-classement-general\/"},"author":{"name":"Emilien Descampiaux","@id":"https:\/\/dicodusport.fr\/blog\/#\/schema\/person\/6db4bae06b171592211be385b32876a7"},"headline":"9\u00e8me \u00e9tape Tour de France Femmes 2025 : Pauline Ferrand-Pr\u00e9vot triomphe \u00e0 Ch\u00e2tel et remporte le classement g\u00e9n\u00e9ral !","datePublished":"2025-08-03T17:12:33+00:00","dateModified":"2025-08-04T08:24:09+00:00","mainEntityOfPage":{"@id":"https:\/\/dicodusport.fr\/blog\/9eme-etape-tour-de-france-femmes-2025-pauline-ferrand-prevot-triomphe-a-chatel-et-remporte-le-classement-general\/"},"wordCount":891,"commentCount":0,"publisher":{"@id":"https:\/\/dicodusport.fr\/blog\/#organization"},"image":{"@id":"https:\/\/dicodusport.fr\/blog\/9eme-etape-tour-de-france-femmes-2025-pauline-ferrand-prevot-triomphe-a-chatel-et-remporte-le-classement-general\/#primaryimage"},"thumbnailUrl":"https:\/\/dicodusport.fr\/blog\/wp-content\/uploads\/2025\/08\/9eme-etape-Tour-de-France-Femmes-2025-Pauline-Ferrand-Prevot-triomphe-a-Chatel-et-remporte-le-classement-general-1-1.png","keywords":["actu","br\u00e8ve","Cyclisme","Cyclisme sur route","sport","Tour de France Femmes"],"articleSection":["Tour de France"],"inLanguage":"fr-FR","potentialAction":[{"@type":"CommentAction","name":"Comment","target":["https:\/\/dicodusport.fr\/blog\/9eme-etape-tour-de-france-femmes-2025-pauline-ferrand-prevot-triomphe-a-chatel-et-remporte-le-classement-general\/#respond"]}],"copyrightYear":"2025","copyrightHolder":{"@id":"https:\/\/dicodusport.fr\/blog\/#organization"}},{"@type":"WebPage","@id":"https:\/\/dicodusport.fr\/blog\/9eme-etape-tour-de-france-femmes-2025-pauline-ferrand-prevot-triomphe-a-chatel-et-remporte-le-classement-general\/","url":"https:\/\/dicodusport.fr\/blog\/9eme-etape-tour-de-france-femmes-2025-pauline-ferrand-prevot-triomphe-a-chatel-et-remporte-le-classement-general\/","name":"9\u00e8me \u00e9tape Tour de France Femmes 2025 : Pauline Ferrand-Pr\u00e9vot triomphe \u00e0 Ch\u00e2tel et remporte le classement g\u00e9n\u00e9ral !","isPartOf":{"@id":"https:\/\/dicodusport.fr\/blog\/#website"},"primaryImageOfPage":{"@id":"https:\/\/dicodusport.fr\/blog\/9eme-etape-tour-de-france-femmes-2025-pauline-ferrand-prevot-triomphe-a-chatel-et-remporte-le-classement-general\/#primaryimage"},"image":{"@id":"https:\/\/dicodusport.fr\/blog\/9eme-etape-tour-de-france-femmes-2025-pauline-ferrand-prevot-triomphe-a-chatel-et-remporte-le-classement-general\/#primaryimage"},"thumbnailUrl":"https:\/\/dicodusport.fr\/blog\/wp-content\/uploads\/2025\/08\/9eme-etape-Tour-de-France-Femmes-2025-Pauline-Ferrand-Prevot-triomphe-a-Chatel-et-remporte-le-classement-general-1-1.png","datePublished":"2025-08-03T17:12:33+00:00","dateModified":"2025-08-04T08:24:09+00:00","description":"TOUR DE FRANCE FEMMES 2025 - Pauline Ferrand-Pr\u00e9vot a remport\u00e9 la 9\u00e8me et derni\u00e8re \u00e9tape \u00e0 Ch\u00e2tel - Portes du Soleil et le classement g\u00e9n\u00e9ral final.","breadcrumb":{"@id":"https:\/\/dicodusport.fr\/blog\/9eme-etape-tour-de-france-femmes-2025-pauline-ferrand-prevot-triomphe-a-chatel-et-remporte-le-classement-general\/#breadcrumb"},"inLanguage":"fr-FR","potentialAction":[{"@type":"ReadAction","target":["https:\/\/dicodusport.fr\/blog\/9eme-etape-tour-de-france-femmes-2025-pauline-ferrand-prevot-triomphe-a-chatel-et-remporte-le-classement-general\/"]}]},{"@type":"ImageObject","inLanguage":"fr-FR","@id":"https:\/\/dicodusport.fr\/blog\/9eme-etape-tour-de-france-femmes-2025-pauline-ferrand-prevot-triomphe-a-chatel-et-remporte-le-classement-general\/#primaryimage","url":"https:\/\/dicodusport.fr\/blog\/wp-content\/uploads\/2025\/08\/9eme-etape-Tour-de-France-Femmes-2025-Pauline-Ferrand-Prevot-triomphe-a-Chatel-et-remporte-le-classement-general-1-1.png","contentUrl":"https:\/\/dicodusport.fr\/blog\/wp-content\/uploads\/2025\/08\/9eme-etape-Tour-de-France-Femmes-2025-Pauline-Ferrand-Prevot-triomphe-a-Chatel-et-remporte-le-classement-general-1-1.png","width":1200,"height":674,"caption":"9\u00e8me \u00e9tape Tour de France Femmes 2025 Pauline Ferrand-Pr\u00e9vot triomphe \u00e0 Ch\u00e2tel et remporte le classement g\u00e9n\u00e9ral !"},{"@type":"BreadcrumbList","@id":"https:\/\/dicodusport.fr\/blog\/9eme-etape-tour-de-france-femmes-2025-pauline-ferrand-prevot-triomphe-a-chatel-et-remporte-le-classement-general\/#breadcrumb","itemListElement":[{"@type":"ListItem","position":1,"name":"Accueil","item":"https:\/\/dicodusport.fr\/blog\/"},{"@type":"ListItem","position":2,"name":"9\u00e8me \u00e9tape Tour de France Femmes 2025 : Pauline Ferrand-Pr\u00e9vot triomphe \u00e0 Ch\u00e2tel et remporte le classement g\u00e9n\u00e9ral !"}]},{"@type":"WebSite","@id":"https:\/\/dicodusport.fr\/blog\/#website","url":"https:\/\/dicodusport.fr\/blog\/","name":"Dicodusport","description":"L&#039;encyclop\u00e9die de l&#039;actualit\u00e9 sportive","publisher":{"@id":"https:\/\/dicodusport.fr\/blog\/#organization"},"potentialAction":[{"@type":"SearchAction","target":{"@type":"EntryPoint","urlTemplate":"https:\/\/dicodusport.fr\/blog\/?s={search_term_string}"},"query-input":{"@type":"PropertyValueSpecification","valueRequired":true,"valueName":"search_term_string"}}],"inLanguage":"fr-FR"},{"@type":"NewsMediaOrganization","@id":"https:\/\/dicodusport.fr\/blog\/#organization","name":"Dicodusport","url":"https:\/\/dicodusport.fr\/blog\/","logo":{"@type":"ImageObject","inLanguage":"fr-FR","@id":"https:\/\/dicodusport.fr\/blog\/#\/schema\/logo\/image\/","url":"https:\/\/dicodusport.fr\/blog\/wp-content\/uploads\/2020\/06\/cropped-LOGO-DICODUSPORT-2020-SANS-FOND-SANS-TEXTE.png","contentUrl":"https:\/\/dicodusport.fr\/blog\/wp-content\/uploads\/2020\/06\/cropped-LOGO-DICODUSPORT-2020-SANS-FOND-SANS-TEXTE.png","width":512,"height":512,"caption":"Dicodusport"},"image":{"@id":"https:\/\/dicodusport.fr\/blog\/#\/schema\/logo\/image\/"},"sameAs":["https:\/\/www.facebook.com\/dicodusport","https:\/\/x.com\/dicodusport","https:\/\/www.instagram.com\/dicodusport\/","https:\/\/www.youtube.com\/channel\/UC7V2KZ5sd3htJivAbA4ZG3w"],"description":"Dicodusport est l'encyclop\u00e9die de l'actualit\u00e9 sportive.","email":"bonjour@dicodusport.fr","legalName":"DICODUSPORT","foundingDate":"2018-01-14","vatID":"FR71834470973","taxID":"83447097300043","numberOfEmployees":{"@type":"QuantitativeValue","minValue":"1","maxValue":"10"}},{"@type":"Person","@id":"https:\/\/dicodusport.fr\/blog\/#\/schema\/person\/6db4bae06b171592211be385b32876a7","name":"Emilien Descampiaux","image":{"@type":"ImageObject","inLanguage":"fr-FR","@id":"https:\/\/dicodusport.fr\/blog\/#\/schema\/person\/image\/","url":"https:\/\/dicodusport.fr\/blog\/wp-content\/uploads\/2021\/05\/Emilien-Descampiaux-150x150.jpg","contentUrl":"https:\/\/dicodusport.fr\/blog\/wp-content\/uploads\/2021\/05\/Emilien-Descampiaux-150x150.jpg","caption":"Emilien Descampiaux"},"description":"Journaliste\/r\u00e9dacteur depuis 2014 - Fan de la classe de Frank Vandenbroucke, je vis cyclisme (et de ses paysages) depuis plus de 20 ans. Je suis tr\u00e8s impliqu\u00e9 sur mes diff\u00e9rents r\u00e9seaux sociaux pour partager ma passion sur le monde et l'Histoire de la bicyclette avec ma voix sur les images en noir et blanc du succ\u00e8s de Rik Van Steenbergen lors du Ronde sur le V\u00e9lodrome de Gand.","sameAs":["https:\/\/www.facebook.com\/groups\/LesRoisDuPeloton","https:\/\/x.com\/https:\/\/twitter.com\/LRoisDuPeloton"],"url":"https:\/\/dicodusport.fr\/blog\/author\/emiliend\/"}]}},"_links":{"self":[{"href":"https:\/\/dicodusport.fr\/blog\/wp-json\/wp\/v2\/posts\/600200","targetHints":{"allow":["GET"]}}],"collection":[{"href":"https:\/\/dicodusport.fr\/blog\/wp-json\/wp\/v2\/posts"}],"about":[{"href":"https:\/\/dicodusport.fr\/blog\/wp-json\/wp\/v2\/types\/post"}],"author":[{"embeddable":true,"href":"https:\/\/dicodusport.fr\/blog\/wp-json\/wp\/v2\/users\/48"}],"replies":[{"embeddable":true,"href":"https:\/\/dicodusport.fr\/blog\/wp-json\/wp\/v2\/comments?post=600200"}],"version-history":[{"count":6,"href":"https:\/\/dicodusport.fr\/blog\/wp-json\/wp\/v2\/posts\/600200\/revisions"}],"predecessor-version":[{"id":600331,"href":"https:\/\/dicodusport.fr\/blog\/wp-json\/wp\/v2\/posts\/600200\/revisions\/600331"}],"wp:featuredmedia":[{"embeddable":true,"href":"https:\/\/dicodusport.fr\/blog\/wp-json\/wp\/v2\/media\/600246"}],"wp:attachment":[{"href":"https:\/\/dicodusport.fr\/blog\/wp-json\/wp\/v2\/media?parent=600200"}],"wp:term":[{"taxonomy":"category","embeddable":true,"href":"https:\/\/dicodusport.fr\/blog\/wp-json\/wp\/v2\/categories?post=600200"},{"taxonomy":"post_tag","embeddable":true,"href":"https:\/\/dicodusport.fr\/blog\/wp-json\/wp\/v2\/tags?post=600200"}],"curies":[{"name":"wp","href":"https:\/\/api.w.org\/{rel}","templated":true}]}}