{"id":600251,"date":"2025-08-03T20:02:42","date_gmt":"2025-08-03T18:02:42","guid":{"rendered":"https:\/\/dicodusport.fr\/blog\/?p=600251&#038;preview=true&#038;preview_id=600251"},"modified":"2025-08-03T20:02:42","modified_gmt":"2025-08-03T18:02:42","slug":"vtt-descente-simon-chapelet-sacre-champion-deurope","status":"publish","type":"post","link":"https:\/\/dicodusport.fr\/blog\/vtt-descente-simon-chapelet-sacre-champion-deurope\/","title":{"rendered":"VTT Descente : Simon Chapelet sacr\u00e9 champion d&rsquo;Europe !"},"content":{"rendered":"<p style=\"text-align: justify;\"><strong><em>CHAMPIONNATS D&rsquo;EUROPE DE VTT DESCENTE 2025 &#8211; La France a reconquis le titre chez les hommes, gr\u00e2ce \u00e0 Simon Chapelet, au terme d&rsquo;une belle comp\u00e9tition.\u00a0<\/em><\/strong><\/p>\n<p style=\"text-align: justify;\">Les Championnats d&rsquo;Europe de VTT descente sont parfois boud\u00e9s par les grands sp\u00e9cialistes. Ainsi, Lo\u00efc Bruni et Amaury Pierron, pour ne citer que des laur\u00e9ats du classement g\u00e9n\u00e9ral de la Coupe du monde, n&rsquo;ont jamais pris place sur le podium. Ce qui n&rsquo;a jamais emp\u00each\u00e9 la France de dominer, avec quatre titres sur les sept \u00e9ditions pr\u00e9c\u00e9dentes chez les hommes et plusieurs m\u00e9dailles chez les femmes. Ce qui \u00e9tait encore esp\u00e9r\u00e9 cette saison en Espagne.<\/p>\n<h2 style=\"text-align: justify;\">Grande premi\u00e8re pour Chapelet<\/h2>\n<p style=\"text-align: justify;\">Mission en grande partie accomplie gr\u00e2ce \u00e0 <strong>Simon Chapelet<\/strong>. Pourtant, le Fran\u00e7ais n&rsquo;\u00e9tait pas all\u00e9 au bout de son run d&rsquo;entra\u00eenement, \u00e0 cause d&rsquo;un pneu crev\u00e9, et s&rsquo;\u00e9lan\u00e7ait donc au tout d\u00e9but de la longue liste de d\u00e9part. Mais son run a tellement crev\u00e9 l&rsquo;\u00e9cran que tout le monde s&rsquo;y est cass\u00e9 les dents, \u00e0 commencer par le tenant du titre, <strong>Andreas Kolb<\/strong>, vaincu pour trois dixi\u00e8mes. Cerise sur le g\u00e2teau, c&rsquo;est un autre Fran\u00e7ais, <strong>Johan Garcin<\/strong>, qui est all\u00e9 chercher le bronze. <strong>Chapelet<\/strong> succ\u00e8de \u00e0 <strong>Antoine Vidal<\/strong>, <a href=\"https:\/\/dicodusport.fr\/blog\/vtt-descente-dix-titres-pour-la-france-a-domicile-pour-les-championnats-deurope\/\">dernier Bleu sacr\u00e9 en 2023<\/a>, et lance sa carri\u00e8re avec ce titre.<\/p>\n<blockquote class=\"twitter-tweet\">\n<p dir=\"ltr\" lang=\"en\"><a href=\"https:\/\/twitter.com\/hashtag\/EuroDHI25?src=hash&amp;ref_src=twsrc%5Etfw\">#EuroDHI25<\/a><br \/>\n\ud83c\uddeb\ud83c\uddf7 Simon Chapelet interview<br \/>\n\ud83e\udd47 Men Elite<a href=\"https:\/\/twitter.com\/hashtag\/UEC?src=hash&amp;ref_src=twsrc%5Etfw\">#UEC<\/a> <a href=\"https:\/\/twitter.com\/hashtag\/LaMolina?src=hash&amp;ref_src=twsrc%5Etfw\">#LaMolina<\/a> <a href=\"https:\/\/twitter.com\/hashtag\/Pyrenees?src=hash&amp;ref_src=twsrc%5Etfw\">#Pyrenees<\/a> <a href=\"https:\/\/twitter.com\/hashtag\/DownhillMTB?src=hash&amp;ref_src=twsrc%5Etfw\">#DownhillMTB<\/a> <a href=\"https:\/\/twitter.com\/hashtag\/GravityRacing?src=hash&amp;ref_src=twsrc%5Etfw\">#GravityRacing<\/a> <a href=\"https:\/\/twitter.com\/hashtag\/MTBLife?src=hash&amp;ref_src=twsrc%5Etfw\">#MTBLife<\/a> <a href=\"https:\/\/twitter.com\/hashtag\/dhi?src=hash&amp;ref_src=twsrc%5Etfw\">#dhi<\/a> <a href=\"https:\/\/twitter.com\/hashtag\/cycling?src=hash&amp;ref_src=twsrc%5Etfw\">#cycling<\/a> <a href=\"https:\/\/twitter.com\/hashtag\/ciclismo?src=hash&amp;ref_src=twsrc%5Etfw\">#ciclismo<\/a> <a href=\"https:\/\/twitter.com\/hashtag\/Downhill?src=hash&amp;ref_src=twsrc%5Etfw\">#Downhill<\/a> <a href=\"https:\/\/t.co\/4AtcRznjev\">pic.twitter.com\/4AtcRznjev<\/a><\/p>\n<p>\u2014 UEC Cycling (@UEC_cycling) <a href=\"https:\/\/twitter.com\/UEC_cycling\/status\/1952031227084411195?ref_src=twsrc%5Etfw\">August 3, 2025<\/a><\/p><\/blockquote>\n<p style=\"text-align: justify;\"><script async src=\"https:\/\/platform.twitter.com\/widgets.js\" charset=\"utf-8\"><\/script><br \/>\nLe temps fort d&rsquo;une journ\u00e9e \u00e0 16 m\u00e9dailles, des plus jeunes aux plus vieux. On notera l&rsquo;ultra-domination tricolore dans les cat\u00e9gories Masters hommes, mais aussi le bronze de <strong>Vicky Clavel<\/strong> en \u00e9lite, \u00e0 distance respectable toutefois de <strong>Lisa Baumann<\/strong>, d\u00e9sormais double championne d&rsquo;Europe. Enfin, <strong>Tya Surel<\/strong> a elle aussi rafl\u00e9 de l&rsquo;or en cat\u00e9gorie U15, la Bleuette \u00e9crasant la concurrence avec pr\u00e8s de trois secondes de marge ! Une belle r\u00e9colte pour le VTT Descente fran\u00e7ais, toujours au top.<\/p>\n<h2 style=\"text-align: justify;\">Les m\u00e9dailles fran\u00e7aises<\/h2>\n<p style=\"text-align: justify;\">Or : Simon Chapelet (\u00e9lite), Tya Surel (U15), Julien Alazard (Masters 35-39), Laurent Solliet (Masters 40-44), Julien Collet (Masters 45-49), Bruno Rizzo (Masters 60-64), Patrick Ducruet (Masters 65-69)<\/p>\n<p style=\"text-align: justify;\">Argent : Cassandre Peizerat (juniors), Quentin Barbe (U17), Fantine Jeannerod (U17), C\u00e9dric Martin (Masters 35-39), Robert Julien (Masters 50-54), Sandrine Yoccoz (Masters 50-54)<\/p>\n<p style=\"text-align: justify;\">Bronze : Johan Garcin (\u00e9lite), Vicky Clavel (\u00e9lite), Tom Pallares (U15), Zo\u00e9 Lugans (U17)<\/p>\n","protected":false},"excerpt":{"rendered":"<p>CHAMPIONNATS D&rsquo;EUROPE DE VTT DESCENTE 2025 &#8211; La France a reconquis le titre chez les hommes, gr\u00e2ce \u00e0 Simon Chapelet, au terme d&rsquo;une belle comp\u00e9tition.\u00a0<\/p>\n","protected":false},"author":59,"featured_media":600253,"comment_status":"open","ping_status":"closed","sticky":false,"template":"","format":"standard","meta":{"_acf_changed":false,"_daextam_enable_autolinks":"1","footnotes":""},"categories":[10279],"tags":[16878,7768],"class_list":["post-600251","post","type-post","status-publish","format-standard","has-post-thumbnail","hentry","category-vtt","tag-breve","tag-vtt-descente"],"acf":[],"yoast_head":"<!-- This site is optimized with the Yoast SEO Premium plugin v26.7 (Yoast SEO v26.7) - https:\/\/yoast.com\/wordpress\/plugins\/seo\/ -->\n<title>VTT Descente : Simon Chapelet sacr\u00e9 champion d&#039;Europe !<\/title>\n<meta name=\"description\" content=\"CHAMPIONNATS D&#039;EUROPE DE VTT DESCENTE 2025 - La France a reconquis le titre chez les hommes, gr\u00e2ce \u00e0 Simon Chapelet, au terme d&#039;une belle comp\u00e9tition.\u00a0\" \/>\n<meta name=\"robots\" content=\"index, follow, max-snippet:-1, max-image-preview:large, max-video-preview:-1\" \/>\n<link rel=\"canonical\" href=\"https:\/\/dicodusport.fr\/blog\/vtt-descente-simon-chapelet-sacre-champion-deurope\/\" \/>\n<meta property=\"og:locale\" content=\"fr_FR\" \/>\n<meta property=\"og:type\" content=\"article\" \/>\n<meta property=\"og:title\" content=\"VTT Descente : Simon Chapelet sacr\u00e9 champion d&#039;Europe !\" \/>\n<meta property=\"og:description\" content=\"CHAMPIONNATS D&#039;EUROPE DE VTT DESCENTE 2025 - La France a reconquis le titre chez les hommes, gr\u00e2ce \u00e0 Simon Chapelet, au terme d&#039;une belle comp\u00e9tition.\u00a0\" \/>\n<meta property=\"og:url\" content=\"https:\/\/dicodusport.fr\/blog\/vtt-descente-simon-chapelet-sacre-champion-deurope\/\" \/>\n<meta property=\"og:site_name\" content=\"Dicodusport\" \/>\n<meta property=\"article:publisher\" content=\"https:\/\/www.facebook.com\/dicodusport\" \/>\n<meta property=\"article:author\" content=\"https:\/\/www.facebook.com\/sebastien.gente\/\" \/>\n<meta property=\"article:published_time\" content=\"2025-08-03T18:02:42+00:00\" \/>\n<meta property=\"og:image\" content=\"https:\/\/dicodusport.fr\/blog\/wp-content\/uploads\/2025\/08\/VTT-Descente-Simon-Chapelet-sacre-champion-dEurope-.png\" \/>\n\t<meta property=\"og:image:width\" content=\"1200\" \/>\n\t<meta property=\"og:image:height\" content=\"674\" \/>\n\t<meta property=\"og:image:type\" content=\"image\/png\" \/>\n<meta name=\"author\" content=\"S\u00e9bastien Gente\" \/>\n<meta name=\"twitter:card\" content=\"summary_large_image\" \/>\n<meta name=\"twitter:title\" content=\"VTT Descente : Simon Chapelet sacr\u00e9 champion d&#039;Europe !\" \/>\n<meta name=\"twitter:creator\" content=\"@https:\/\/twitter.com\/globulo24\" \/>\n<meta name=\"twitter:site\" content=\"@dicodusport\" \/>\n<script type=\"application\/ld+json\" class=\"yoast-schema-graph\">{\"@context\":\"https:\/\/schema.org\",\"@graph\":[{\"@type\":\"NewsArticle\",\"@id\":\"https:\/\/dicodusport.fr\/blog\/vtt-descente-simon-chapelet-sacre-champion-deurope\/#article\",\"isPartOf\":{\"@id\":\"https:\/\/dicodusport.fr\/blog\/vtt-descente-simon-chapelet-sacre-champion-deurope\/\"},\"author\":{\"name\":\"S\u00e9bastien Gente\",\"@id\":\"https:\/\/dicodusport.fr\/blog\/#\/schema\/person\/627966a6cde45dbd8c5e36ac85d783da\"},\"headline\":\"VTT Descente : Simon Chapelet sacr\u00e9 champion d&rsquo;Europe !\",\"datePublished\":\"2025-08-03T18:02:42+00:00\",\"mainEntityOfPage\":{\"@id\":\"https:\/\/dicodusport.fr\/blog\/vtt-descente-simon-chapelet-sacre-champion-deurope\/\"},\"wordCount\":422,\"commentCount\":0,\"publisher\":{\"@id\":\"https:\/\/dicodusport.fr\/blog\/#organization\"},\"image\":{\"@id\":\"https:\/\/dicodusport.fr\/blog\/vtt-descente-simon-chapelet-sacre-champion-deurope\/#primaryimage\"},\"thumbnailUrl\":\"https:\/\/dicodusport.fr\/blog\/wp-content\/uploads\/2025\/08\/VTT-Descente-Simon-Chapelet-sacre-champion-dEurope-.png\",\"keywords\":[\"br\u00e8ve\",\"VTT Descente\"],\"articleSection\":[\"VTT\"],\"inLanguage\":\"fr-FR\",\"potentialAction\":[{\"@type\":\"CommentAction\",\"name\":\"Comment\",\"target\":[\"https:\/\/dicodusport.fr\/blog\/vtt-descente-simon-chapelet-sacre-champion-deurope\/#respond\"]}],\"copyrightYear\":\"2025\",\"copyrightHolder\":{\"@id\":\"https:\/\/dicodusport.fr\/blog\/#organization\"}},{\"@type\":\"WebPage\",\"@id\":\"https:\/\/dicodusport.fr\/blog\/vtt-descente-simon-chapelet-sacre-champion-deurope\/\",\"url\":\"https:\/\/dicodusport.fr\/blog\/vtt-descente-simon-chapelet-sacre-champion-deurope\/\",\"name\":\"VTT Descente : Simon Chapelet sacr\u00e9 champion d'Europe !\",\"isPartOf\":{\"@id\":\"https:\/\/dicodusport.fr\/blog\/#website\"},\"primaryImageOfPage\":{\"@id\":\"https:\/\/dicodusport.fr\/blog\/vtt-descente-simon-chapelet-sacre-champion-deurope\/#primaryimage\"},\"image\":{\"@id\":\"https:\/\/dicodusport.fr\/blog\/vtt-descente-simon-chapelet-sacre-champion-deurope\/#primaryimage\"},\"thumbnailUrl\":\"https:\/\/dicodusport.fr\/blog\/wp-content\/uploads\/2025\/08\/VTT-Descente-Simon-Chapelet-sacre-champion-dEurope-.png\",\"datePublished\":\"2025-08-03T18:02:42+00:00\",\"description\":\"CHAMPIONNATS D'EUROPE DE VTT DESCENTE 2025 - La France a reconquis le titre chez les hommes, gr\u00e2ce \u00e0 Simon Chapelet, au terme d'une belle comp\u00e9tition.\u00a0\",\"breadcrumb\":{\"@id\":\"https:\/\/dicodusport.fr\/blog\/vtt-descente-simon-chapelet-sacre-champion-deurope\/#breadcrumb\"},\"inLanguage\":\"fr-FR\",\"potentialAction\":[{\"@type\":\"ReadAction\",\"target\":[\"https:\/\/dicodusport.fr\/blog\/vtt-descente-simon-chapelet-sacre-champion-deurope\/\"]}]},{\"@type\":\"ImageObject\",\"inLanguage\":\"fr-FR\",\"@id\":\"https:\/\/dicodusport.fr\/blog\/vtt-descente-simon-chapelet-sacre-champion-deurope\/#primaryimage\",\"url\":\"https:\/\/dicodusport.fr\/blog\/wp-content\/uploads\/2025\/08\/VTT-Descente-Simon-Chapelet-sacre-champion-dEurope-.png\",\"contentUrl\":\"https:\/\/dicodusport.fr\/blog\/wp-content\/uploads\/2025\/08\/VTT-Descente-Simon-Chapelet-sacre-champion-dEurope-.png\",\"width\":1200,\"height\":674,\"caption\":\"VTT Descente Simon Chapelet sacr\u00e9 champion d'Europe !\"},{\"@type\":\"BreadcrumbList\",\"@id\":\"https:\/\/dicodusport.fr\/blog\/vtt-descente-simon-chapelet-sacre-champion-deurope\/#breadcrumb\",\"itemListElement\":[{\"@type\":\"ListItem\",\"position\":1,\"name\":\"Accueil\",\"item\":\"https:\/\/dicodusport.fr\/blog\/\"},{\"@type\":\"ListItem\",\"position\":2,\"name\":\"VTT Descente : Simon Chapelet sacr\u00e9 champion d&rsquo;Europe !\"}]},{\"@type\":\"WebSite\",\"@id\":\"https:\/\/dicodusport.fr\/blog\/#website\",\"url\":\"https:\/\/dicodusport.fr\/blog\/\",\"name\":\"Dicodusport\",\"description\":\"L&#039;encyclop\u00e9die de l&#039;actualit\u00e9 sportive\",\"publisher\":{\"@id\":\"https:\/\/dicodusport.fr\/blog\/#organization\"},\"potentialAction\":[{\"@type\":\"SearchAction\",\"target\":{\"@type\":\"EntryPoint\",\"urlTemplate\":\"https:\/\/dicodusport.fr\/blog\/?s={search_term_string}\"},\"query-input\":{\"@type\":\"PropertyValueSpecification\",\"valueRequired\":true,\"valueName\":\"search_term_string\"}}],\"inLanguage\":\"fr-FR\"},{\"@type\":\"NewsMediaOrganization\",\"@id\":\"https:\/\/dicodusport.fr\/blog\/#organization\",\"name\":\"Dicodusport\",\"url\":\"https:\/\/dicodusport.fr\/blog\/\",\"logo\":{\"@type\":\"ImageObject\",\"inLanguage\":\"fr-FR\",\"@id\":\"https:\/\/dicodusport.fr\/blog\/#\/schema\/logo\/image\/\",\"url\":\"https:\/\/dicodusport.fr\/blog\/wp-content\/uploads\/2020\/06\/cropped-LOGO-DICODUSPORT-2020-SANS-FOND-SANS-TEXTE.png\",\"contentUrl\":\"https:\/\/dicodusport.fr\/blog\/wp-content\/uploads\/2020\/06\/cropped-LOGO-DICODUSPORT-2020-SANS-FOND-SANS-TEXTE.png\",\"width\":512,\"height\":512,\"caption\":\"Dicodusport\"},\"image\":{\"@id\":\"https:\/\/dicodusport.fr\/blog\/#\/schema\/logo\/image\/\"},\"sameAs\":[\"https:\/\/www.facebook.com\/dicodusport\",\"https:\/\/x.com\/dicodusport\",\"https:\/\/www.instagram.com\/dicodusport\/\",\"https:\/\/www.youtube.com\/channel\/UC7V2KZ5sd3htJivAbA4ZG3w\"],\"description\":\"Dicodusport est l'encyclop\u00e9die de l'actualit\u00e9 sportive.\",\"email\":\"bonjour@dicodusport.fr\",\"legalName\":\"DICODUSPORT\",\"foundingDate\":\"2018-01-14\",\"vatID\":\"FR71834470973\",\"taxID\":\"83447097300043\",\"numberOfEmployees\":{\"@type\":\"QuantitativeValue\",\"minValue\":\"1\",\"maxValue\":\"10\"}},{\"@type\":\"Person\",\"@id\":\"https:\/\/dicodusport.fr\/blog\/#\/schema\/person\/627966a6cde45dbd8c5e36ac85d783da\",\"name\":\"S\u00e9bastien Gente\",\"image\":{\"@type\":\"ImageObject\",\"inLanguage\":\"fr-FR\",\"@id\":\"https:\/\/dicodusport.fr\/blog\/#\/schema\/person\/image\/\",\"url\":\"https:\/\/dicodusport.fr\/blog\/wp-content\/uploads\/2021\/09\/1510990_10205810251400683_4124423575079401707_n-150x150.jpg\",\"contentUrl\":\"https:\/\/dicodusport.fr\/blog\/wp-content\/uploads\/2021\/09\/1510990_10205810251400683_4124423575079401707_n-150x150.jpg\",\"caption\":\"S\u00e9bastien Gente\"},\"description\":\"John Stockton, Gianni Bugno, Zinedine Zidane, Steffi Graf, Frode Andresen, St\u00e9phane Stoecklin, Davis Kamoga, Primoz Peterka, Werner Schlager et Aur\u00e9lien Rougerie. Point commun entre ces sportifs? Ils m'ont fait r\u00eaver et ont berc\u00e9 mon adolescence. Je suis un fondu de sports et j'essaie de retranscrire ma passion \u00e0 travers mes articles. Originaire du P\u00e9rigord, ma passion pour les Girondins, les Jaunards et les Jazzmen transpire dans mes \u00e9crits. \u00c0 Dicodusport depuis 2021, je d\u00e9niche les sports m\u00e9connus dans lesquels la France brille, et il y en a !\",\"sameAs\":[\"https:\/\/www.facebook.com\/sebastien.gente\/\",\"https:\/\/www.instagram.com\/sebgente\/\",\"https:\/\/www.linkedin.com\/in\/sbastien-gente-a29583169\/\",\"https:\/\/x.com\/https:\/\/twitter.com\/globulo24\",\"SebastienGente\"],\"worksFor\":\"S\u00e9bastien GENTE\",\"url\":\"https:\/\/dicodusport.fr\/blog\/author\/sebastiengente\/\"}]}<\/script>\n<!-- \/ Yoast SEO Premium plugin. -->","yoast_head_json":{"title":"VTT Descente : Simon Chapelet sacr\u00e9 champion d'Europe !","description":"CHAMPIONNATS D'EUROPE DE VTT DESCENTE 2025 - La France a reconquis le titre chez les hommes, gr\u00e2ce \u00e0 Simon Chapelet, au terme d'une belle comp\u00e9tition.\u00a0","robots":{"index":"index","follow":"follow","max-snippet":"max-snippet:-1","max-image-preview":"max-image-preview:large","max-video-preview":"max-video-preview:-1"},"canonical":"https:\/\/dicodusport.fr\/blog\/vtt-descente-simon-chapelet-sacre-champion-deurope\/","og_locale":"fr_FR","og_type":"article","og_title":"VTT Descente : Simon Chapelet sacr\u00e9 champion d'Europe !","og_description":"CHAMPIONNATS D'EUROPE DE VTT DESCENTE 2025 - La France a reconquis le titre chez les hommes, gr\u00e2ce \u00e0 Simon Chapelet, au terme d'une belle comp\u00e9tition.\u00a0","og_url":"https:\/\/dicodusport.fr\/blog\/vtt-descente-simon-chapelet-sacre-champion-deurope\/","og_site_name":"Dicodusport","article_publisher":"https:\/\/www.facebook.com\/dicodusport","article_author":"https:\/\/www.facebook.com\/sebastien.gente\/","article_published_time":"2025-08-03T18:02:42+00:00","og_image":[{"width":1200,"height":674,"url":"https:\/\/dicodusport.fr\/blog\/wp-content\/uploads\/2025\/08\/VTT-Descente-Simon-Chapelet-sacre-champion-dEurope-.png","type":"image\/png"}],"author":"S\u00e9bastien Gente","twitter_card":"summary_large_image","twitter_title":"VTT Descente : Simon Chapelet sacr\u00e9 champion d'Europe !","twitter_creator":"@https:\/\/twitter.com\/globulo24","twitter_site":"@dicodusport","schema":{"@context":"https:\/\/schema.org","@graph":[{"@type":"NewsArticle","@id":"https:\/\/dicodusport.fr\/blog\/vtt-descente-simon-chapelet-sacre-champion-deurope\/#article","isPartOf":{"@id":"https:\/\/dicodusport.fr\/blog\/vtt-descente-simon-chapelet-sacre-champion-deurope\/"},"author":{"name":"S\u00e9bastien Gente","@id":"https:\/\/dicodusport.fr\/blog\/#\/schema\/person\/627966a6cde45dbd8c5e36ac85d783da"},"headline":"VTT Descente : Simon Chapelet sacr\u00e9 champion d&rsquo;Europe !","datePublished":"2025-08-03T18:02:42+00:00","mainEntityOfPage":{"@id":"https:\/\/dicodusport.fr\/blog\/vtt-descente-simon-chapelet-sacre-champion-deurope\/"},"wordCount":422,"commentCount":0,"publisher":{"@id":"https:\/\/dicodusport.fr\/blog\/#organization"},"image":{"@id":"https:\/\/dicodusport.fr\/blog\/vtt-descente-simon-chapelet-sacre-champion-deurope\/#primaryimage"},"thumbnailUrl":"https:\/\/dicodusport.fr\/blog\/wp-content\/uploads\/2025\/08\/VTT-Descente-Simon-Chapelet-sacre-champion-dEurope-.png","keywords":["br\u00e8ve","VTT Descente"],"articleSection":["VTT"],"inLanguage":"fr-FR","potentialAction":[{"@type":"CommentAction","name":"Comment","target":["https:\/\/dicodusport.fr\/blog\/vtt-descente-simon-chapelet-sacre-champion-deurope\/#respond"]}],"copyrightYear":"2025","copyrightHolder":{"@id":"https:\/\/dicodusport.fr\/blog\/#organization"}},{"@type":"WebPage","@id":"https:\/\/dicodusport.fr\/blog\/vtt-descente-simon-chapelet-sacre-champion-deurope\/","url":"https:\/\/dicodusport.fr\/blog\/vtt-descente-simon-chapelet-sacre-champion-deurope\/","name":"VTT Descente : Simon Chapelet sacr\u00e9 champion d'Europe !","isPartOf":{"@id":"https:\/\/dicodusport.fr\/blog\/#website"},"primaryImageOfPage":{"@id":"https:\/\/dicodusport.fr\/blog\/vtt-descente-simon-chapelet-sacre-champion-deurope\/#primaryimage"},"image":{"@id":"https:\/\/dicodusport.fr\/blog\/vtt-descente-simon-chapelet-sacre-champion-deurope\/#primaryimage"},"thumbnailUrl":"https:\/\/dicodusport.fr\/blog\/wp-content\/uploads\/2025\/08\/VTT-Descente-Simon-Chapelet-sacre-champion-dEurope-.png","datePublished":"2025-08-03T18:02:42+00:00","description":"CHAMPIONNATS D'EUROPE DE VTT DESCENTE 2025 - La France a reconquis le titre chez les hommes, gr\u00e2ce \u00e0 Simon Chapelet, au terme d'une belle comp\u00e9tition.\u00a0","breadcrumb":{"@id":"https:\/\/dicodusport.fr\/blog\/vtt-descente-simon-chapelet-sacre-champion-deurope\/#breadcrumb"},"inLanguage":"fr-FR","potentialAction":[{"@type":"ReadAction","target":["https:\/\/dicodusport.fr\/blog\/vtt-descente-simon-chapelet-sacre-champion-deurope\/"]}]},{"@type":"ImageObject","inLanguage":"fr-FR","@id":"https:\/\/dicodusport.fr\/blog\/vtt-descente-simon-chapelet-sacre-champion-deurope\/#primaryimage","url":"https:\/\/dicodusport.fr\/blog\/wp-content\/uploads\/2025\/08\/VTT-Descente-Simon-Chapelet-sacre-champion-dEurope-.png","contentUrl":"https:\/\/dicodusport.fr\/blog\/wp-content\/uploads\/2025\/08\/VTT-Descente-Simon-Chapelet-sacre-champion-dEurope-.png","width":1200,"height":674,"caption":"VTT Descente Simon Chapelet sacr\u00e9 champion d'Europe !"},{"@type":"BreadcrumbList","@id":"https:\/\/dicodusport.fr\/blog\/vtt-descente-simon-chapelet-sacre-champion-deurope\/#breadcrumb","itemListElement":[{"@type":"ListItem","position":1,"name":"Accueil","item":"https:\/\/dicodusport.fr\/blog\/"},{"@type":"ListItem","position":2,"name":"VTT Descente : Simon Chapelet sacr\u00e9 champion d&rsquo;Europe !"}]},{"@type":"WebSite","@id":"https:\/\/dicodusport.fr\/blog\/#website","url":"https:\/\/dicodusport.fr\/blog\/","name":"Dicodusport","description":"L&#039;encyclop\u00e9die de l&#039;actualit\u00e9 sportive","publisher":{"@id":"https:\/\/dicodusport.fr\/blog\/#organization"},"potentialAction":[{"@type":"SearchAction","target":{"@type":"EntryPoint","urlTemplate":"https:\/\/dicodusport.fr\/blog\/?s={search_term_string}"},"query-input":{"@type":"PropertyValueSpecification","valueRequired":true,"valueName":"search_term_string"}}],"inLanguage":"fr-FR"},{"@type":"NewsMediaOrganization","@id":"https:\/\/dicodusport.fr\/blog\/#organization","name":"Dicodusport","url":"https:\/\/dicodusport.fr\/blog\/","logo":{"@type":"ImageObject","inLanguage":"fr-FR","@id":"https:\/\/dicodusport.fr\/blog\/#\/schema\/logo\/image\/","url":"https:\/\/dicodusport.fr\/blog\/wp-content\/uploads\/2020\/06\/cropped-LOGO-DICODUSPORT-2020-SANS-FOND-SANS-TEXTE.png","contentUrl":"https:\/\/dicodusport.fr\/blog\/wp-content\/uploads\/2020\/06\/cropped-LOGO-DICODUSPORT-2020-SANS-FOND-SANS-TEXTE.png","width":512,"height":512,"caption":"Dicodusport"},"image":{"@id":"https:\/\/dicodusport.fr\/blog\/#\/schema\/logo\/image\/"},"sameAs":["https:\/\/www.facebook.com\/dicodusport","https:\/\/x.com\/dicodusport","https:\/\/www.instagram.com\/dicodusport\/","https:\/\/www.youtube.com\/channel\/UC7V2KZ5sd3htJivAbA4ZG3w"],"description":"Dicodusport est l'encyclop\u00e9die de l'actualit\u00e9 sportive.","email":"bonjour@dicodusport.fr","legalName":"DICODUSPORT","foundingDate":"2018-01-14","vatID":"FR71834470973","taxID":"83447097300043","numberOfEmployees":{"@type":"QuantitativeValue","minValue":"1","maxValue":"10"}},{"@type":"Person","@id":"https:\/\/dicodusport.fr\/blog\/#\/schema\/person\/627966a6cde45dbd8c5e36ac85d783da","name":"S\u00e9bastien Gente","image":{"@type":"ImageObject","inLanguage":"fr-FR","@id":"https:\/\/dicodusport.fr\/blog\/#\/schema\/person\/image\/","url":"https:\/\/dicodusport.fr\/blog\/wp-content\/uploads\/2021\/09\/1510990_10205810251400683_4124423575079401707_n-150x150.jpg","contentUrl":"https:\/\/dicodusport.fr\/blog\/wp-content\/uploads\/2021\/09\/1510990_10205810251400683_4124423575079401707_n-150x150.jpg","caption":"S\u00e9bastien Gente"},"description":"John Stockton, Gianni Bugno, Zinedine Zidane, Steffi Graf, Frode Andresen, St\u00e9phane Stoecklin, Davis Kamoga, Primoz Peterka, Werner Schlager et Aur\u00e9lien Rougerie. Point commun entre ces sportifs? Ils m'ont fait r\u00eaver et ont berc\u00e9 mon adolescence. Je suis un fondu de sports et j'essaie de retranscrire ma passion \u00e0 travers mes articles. Originaire du P\u00e9rigord, ma passion pour les Girondins, les Jaunards et les Jazzmen transpire dans mes \u00e9crits. \u00c0 Dicodusport depuis 2021, je d\u00e9niche les sports m\u00e9connus dans lesquels la France brille, et il y en a !","sameAs":["https:\/\/www.facebook.com\/sebastien.gente\/","https:\/\/www.instagram.com\/sebgente\/","https:\/\/www.linkedin.com\/in\/sbastien-gente-a29583169\/","https:\/\/x.com\/https:\/\/twitter.com\/globulo24","SebastienGente"],"worksFor":"S\u00e9bastien GENTE","url":"https:\/\/dicodusport.fr\/blog\/author\/sebastiengente\/"}]}},"_links":{"self":[{"href":"https:\/\/dicodusport.fr\/blog\/wp-json\/wp\/v2\/posts\/600251","targetHints":{"allow":["GET"]}}],"collection":[{"href":"https:\/\/dicodusport.fr\/blog\/wp-json\/wp\/v2\/posts"}],"about":[{"href":"https:\/\/dicodusport.fr\/blog\/wp-json\/wp\/v2\/types\/post"}],"author":[{"embeddable":true,"href":"https:\/\/dicodusport.fr\/blog\/wp-json\/wp\/v2\/users\/59"}],"replies":[{"embeddable":true,"href":"https:\/\/dicodusport.fr\/blog\/wp-json\/wp\/v2\/comments?post=600251"}],"version-history":[{"count":1,"href":"https:\/\/dicodusport.fr\/blog\/wp-json\/wp\/v2\/posts\/600251\/revisions"}],"predecessor-version":[{"id":600254,"href":"https:\/\/dicodusport.fr\/blog\/wp-json\/wp\/v2\/posts\/600251\/revisions\/600254"}],"wp:featuredmedia":[{"embeddable":true,"href":"https:\/\/dicodusport.fr\/blog\/wp-json\/wp\/v2\/media\/600253"}],"wp:attachment":[{"href":"https:\/\/dicodusport.fr\/blog\/wp-json\/wp\/v2\/media?parent=600251"}],"wp:term":[{"taxonomy":"category","embeddable":true,"href":"https:\/\/dicodusport.fr\/blog\/wp-json\/wp\/v2\/categories?post=600251"},{"taxonomy":"post_tag","embeddable":true,"href":"https:\/\/dicodusport.fr\/blog\/wp-json\/wp\/v2\/tags?post=600251"}],"curies":[{"name":"wp","href":"https:\/\/api.w.org\/{rel}","templated":true}]}}