{"id":600280,"date":"2025-08-04T11:44:36","date_gmt":"2025-08-04T09:44:36","guid":{"rendered":"https:\/\/dicodusport.fr\/blog\/?p=600280&#038;preview=true&#038;preview_id=600280"},"modified":"2025-08-04T11:52:14","modified_gmt":"2025-08-04T09:52:14","slug":"dans-le-sillage-de-pauline-ferrand-prevot-les-francaises-ont-brille-sur-le-tour-de-france-femmes-2025","status":"publish","type":"post","link":"https:\/\/dicodusport.fr\/blog\/dans-le-sillage-de-pauline-ferrand-prevot-les-francaises-ont-brille-sur-le-tour-de-france-femmes-2025\/","title":{"rendered":"Dans le sillage de Pauline Ferrand-Pr\u00e9vot, les Fran\u00e7aises ont brill\u00e9 sur le Tour de France Femmes 2025"},"content":{"rendered":"<p style=\"text-align: justify;\"><strong><em>TOUR DE FRANCE FEMMES 2025 &#8211; Outre le sacre de Pauline Ferrand-Pr\u00e9vot, les Fran\u00e7aises ont r\u00e9alis\u00e9 un Tour de France XXL. Elles sont quatre dans le Top 10 du classement g\u00e9n\u00e9ral, tandis que Maeva Squiban, double vainqueure d&rsquo;\u00e9tape, est une des r\u00e9v\u00e9lations de ce Tour.<\/em><\/strong><\/p>\n<ul>\n<li><strong>\u00c0 ce sujet \u2013 <a href=\"https:\/\/dicodusport.fr\/blog\/9eme-etape-tour-de-france-femmes-2025-pauline-ferrand-prevot-triomphe-a-chatel-et-remporte-le-classement-general\/\">9\u00e8me \u00e9tape Tour de France Femmes 2025 : Pauline Ferrand-Pr\u00e9vot triomphe \u00e0 Ch\u00e2tel et remporte le classement g\u00e9n\u00e9ral !<\/a><\/strong><\/li>\n<\/ul>\n<p style=\"text-align: justify;\">Ce <strong>Tour de France Femmes 2025<\/strong>, il va rester grav\u00e9 dans l&rsquo;histoire du cyclisme tricolore. Comme le plus abouti au 21\u00e8me si\u00e8cle, hommes et femmess confondus. \u00c9videmment, la victoire finale de <a href=\"https:\/\/dicodusport.fr\/blog\/tag\/pauline-ferrand-prevot\/\"><strong>Pauline Ferrand-Pr\u00e9vot<\/strong><\/a>, va rester au sommet de ce triomphe. La premi\u00e8re victoire tricolore sur la Grande Boucle, hommes et femmes confondus au 21\u00e8me si\u00e8cle. Chez les femmes, elle succ\u00e8de ainsi \u00e0 <strong>Jeannie Longo<\/strong>, la derni\u00e8re vainqueure en 1989. Tandis que chez les hommes, il faut remonter \u00e0 1985 et Bernard Hinault, pour voir un Fran\u00e7ais remporter le Tour de France. Avec PFP, c&rsquo;est l&rsquo;ensemble du cyclisme f\u00e9minin fran\u00e7ais qui a brill\u00e9 sur les routes de la Grande Boucle !<\/p>\n<h2 style=\"text-align: justify;\">Quadrupl\u00e9 historique et deux back-to-back<\/h2>\n<p style=\"text-align: justify;\">Le dernier Tricolore \u00e0 avoir remport\u00e9 deux \u00e9tapes cons\u00e9cutives sur le Tour de France, se nomme<strong> Charly Mottet<\/strong>. C&rsquo;\u00e9tait en 1991, une \u00e9ternit\u00e9. Une \u00e9ternit\u00e9 gomm\u00e9e d&rsquo;abord par <strong>Maeva Squiban <\/strong>(UAE Team ADQ). La Bretonne a lanc\u00e9 cette fin de semaine avec deux grands num\u00e9ros. Une <a href=\"https:\/\/dicodusport.fr\/blog\/la-francaise-de-la-6eme-etape-maeva-squiban-est-passee-du-frisson-a-la-consecration\/\">victoire sur la sixi\u00e8me \u00e9tape \u00e0 Ambert<\/a>, apr\u00e8s un num\u00e9ro de 30 km en solitaire. Avant <a href=\"https:\/\/dicodusport.fr\/blog\/7eme-etape-tour-de-france-femmes-2025-maeva-squiban-double-la-mise-a-chambery\/\">d&rsquo;encha\u00eener sur la septi\u00e8me \u00e9tape \u00e0 Chamb\u00e9ry<\/a>, en \u00e9tant la plus forte d&rsquo;un gros groupe d&rsquo;\u00e9chapp\u00e9e. La jeune coureuse n&rsquo;avait jamais remport\u00e9 de succ\u00e8s majeur avant celui de la Grande Boucle. Elle est une des grandes r\u00e9v\u00e9lations de cette \u00e9dition 2025. Elle aura impressionn\u00e9 (et se sera sans doute surprise elle-m\u00eame). C&rsquo;est aussi un symbole du d\u00e9veloppement du cyclisme f\u00e9minin, o\u00f9 des coureuses moins attendues peuvent d\u00e9sormais d\u00e9jouer les pronostics.<\/p>\n<ul>\n<li style=\"text-align: justify;\"><strong>\u00c0 ce sujet \u2013\u00a0<a href=\"https:\/\/dicodusport.fr\/blog\/classement-general-tour-de-france-femmes-2025-mis-a-jour\/\">Classement g\u00e9n\u00e9ral Tour de France Femmes 2025 mis \u00e0 jour<\/a><\/strong><\/li>\n<\/ul>\n<p style=\"text-align: justify;\">Forc\u00e9ment, en plus du classement g\u00e9n\u00e9ral, <strong>Pauline Ferrand-Pr\u00e9vot<\/strong> (Visma-Lease a Vike) a r\u00e9ussi le second <em>back-to-back<\/em> des Fran\u00e7aises. Portant le nombre de victoires d&rsquo;\u00e9tapes \u00e0 quatre, sur ce Tour de France 2025. Nation qui aura le plus gagn\u00e9 devant les Pays-Bas (trois). Incroyable quand on sait que les Pays-Bas sont la nation phare du cyclisme f\u00e9minin. La France devient la deuxi\u00e8me nation \u00e0 remporter (au moins) quatre \u00e9tapes sur un Tour de France au f\u00e9minin, depuis son retour en 2022. Seules les N\u00e9erlandaises (6 en 2022 et 5 en 2024) avaient r\u00e9alis\u00e9 telle performance. Avant ce Tour de France, seule <strong>C\u00e9drine Kerbaol<\/strong>, avait triomph\u00e9 sur les routes de la Grande Boucle lors de ses trois premi\u00e8res \u00e9ditions. C&rsquo;\u00e9tait lors de la 6\u00e8me \u00e9tape du Tour de France 2024. Ce chiffre est dor\u00e9navant pass\u00e9 \u00e0 cinq.<\/p>\n<blockquote class=\"twitter-tweet\">\n<p dir=\"ltr\" lang=\"fr\">Les podiums du Tour de France Femmes :<\/p>\n<p>Maillot vert : Lorena Wiebes (SD Worx) \ud83c\uddf3\ud83c\uddf1<br \/>\nMaillot \u00e0 pois : Elise Chabbey (FDJ-Suez) \ud83c\udde8\ud83c\udded<br \/>\nMaillot blanc : Nienke Vinke (Picnic PostNL) \ud83c\uddf3\ud83c\uddf1<br \/>\nMeilleure \u00e9quipe : FDJ-Suez \ud83c\uddeb\ud83c\uddf7<br \/>\nSupercombative : Ma\u00ebva Squiban (UAE ADQ) \ud83c\uddeb\ud83c\uddf7<a href=\"https:\/\/twitter.com\/hashtag\/TDFF2025?src=hash&amp;ref_src=twsrc%5Etfw\">#TDFF2025<\/a> <a href=\"https:\/\/t.co\/F2hn3V48mn\">pic.twitter.com\/F2hn3V48mn<\/a><\/p>\n<p>\u2014 Le Gruppetto (@LeGruppetto) <a href=\"https:\/\/twitter.com\/LeGruppetto\/status\/1952064887997239615?ref_src=twsrc%5Etfw\">August 3, 2025<\/a><\/p><\/blockquote>\n<p><script async src=\"https:\/\/platform.twitter.com\/widgets.js\" charset=\"utf-8\"><\/script><\/p>\n<h2 style=\"text-align: justify;\">Quatre Fran\u00e7aises dans le Top 10 du g\u00e9n\u00e9ral<\/h2>\n<p style=\"text-align: justify;\">Outre le sacre de Pauline Ferrand-Pr\u00e9vot, trois autres Tricolores se sont install\u00e9es dans le Top 10 du classement g\u00e9n\u00e9ral. <strong>C\u00e9drine Kerbaol<\/strong> (EF Education-Oatly) s&rsquo;invite \u00e0 la 8\u00e8me place du classement g\u00e9n\u00e9ral. Malheureusement, la Fran\u00e7aise, tomb\u00e9e au pied du Col de Joux-Plane, lors de la derni\u00e8re \u00e9tape, a perdu deux places. On se souviendra que lors de la 8\u00e8me \u00e9tape, dans les pentes du Col de la Madeleine, elle a quasiment fait jeu \u00e9gal avec<strong> Demi Vollering<\/strong> (FDJ-Suez) et battu <strong>Kasia Niewiadoma<\/strong> (Canyon Sram-Zondacrypto), les deux derni\u00e8res vainqueures du Tour de France. Sur la plus longue ascension de l&rsquo;histoire du Tour f\u00e9minin, elle n&rsquo;a conc\u00e9d\u00e9 que 15 secondes sur la N\u00e9erlandaise et domin\u00e9 de huit secondes la Polonaise. Nul doute que, sans cette chute, et avec ses jambes, la 4\u00e8me place aurait pu lui tendre les bras, vu les d\u00e9boires de <strong>Sarah Gigante<\/strong> (AG Insurance-Soudal Team).<\/p>\n<div class=\"vlp-link-container vlp-layout-article\"><a href=\"https:\/\/dicodusport.fr\/blog\/pauline-ferrand-prevot-10-chiffres-fous-sur-sa-carriere-xxl\/\" class=\"vlp-link\" title=\"Pauline Ferrand-Pr\u00e9vot, 10 chiffres fous sur sa carri\u00e8re XXL\"><\/a><div class=\"vlp-layout-zone-side\"><div class=\"vlp-block-4 vlp-link-image\"><img loading=\"lazy\" decoding=\"async\" style=\"max-width: 792px;\" width=\"792\" height=\"445\" src=\"https:\/\/dicodusport.fr\/blog\/wp-content\/uploads\/2025\/08\/Pauline-Ferrand-Prevot-10-chiffres-fous-sur-sa-carriere-XXL.png\" class=\"attachment-800x445 size-800x445\" alt=\"Pauline Ferrand-Pr\u00e9vot, 10 chiffres fous sur sa carri\u00e8re XXL\" srcset=\"https:\/\/dicodusport.fr\/blog\/wp-content\/uploads\/2025\/08\/Pauline-Ferrand-Prevot-10-chiffres-fous-sur-sa-carriere-XXL.png 1200w, https:\/\/dicodusport.fr\/blog\/wp-content\/uploads\/2025\/08\/Pauline-Ferrand-Prevot-10-chiffres-fous-sur-sa-carriere-XXL-300x169.png 300w, https:\/\/dicodusport.fr\/blog\/wp-content\/uploads\/2025\/08\/Pauline-Ferrand-Prevot-10-chiffres-fous-sur-sa-carriere-XXL-1024x575.png 1024w, https:\/\/dicodusport.fr\/blog\/wp-content\/uploads\/2025\/08\/Pauline-Ferrand-Prevot-10-chiffres-fous-sur-sa-carriere-XXL-768x431.png 768w\" sizes=\"auto, (max-width: 792px) 100vw, 792px\" \/><\/div><\/div><div class=\"vlp-layout-zone-main\"><div class=\"vlp-block-0 vlp-link-title\">Pauline Ferrand-Pr\u00e9vot, 10 chiffres fous sur sa carri\u00e8re XXL<\/div><div class=\"vlp-block-1 vlp-link-summary\">En remportant le Tour de France Femmes 2025, et ce, d\u00e8s sa premi\u00e8re participation \u00e0 l'\u00e9preuve, Pauline Ferrand-Pr\u00e9vot a continu\u00e9 de marquer l'histoire du cyclisme. Retour en chiffres sur sa carri\u00e8re.<\/div><div class=\"vlp-block-2 vlp-link-button\">Lire l'article<\/div><div class=\"vlp-block-3 vlp-link-url\">dicodusport.fr<\/div><\/div><\/div>\n<p>&nbsp;<\/p>\n<p style=\"text-align: justify;\">La Bretonne est doubl\u00e9e par <strong>Juliette Labous<\/strong> (FDJ-Suez), auteur d&rsquo;une tr\u00e8s grande \u00e9tape ce dimanche, sur les routes de Ch\u00e2tel. Co\u00e9quipi\u00e8re de <strong>Demi Vollering<\/strong>, la Fran\u00e7aise a roul\u00e9 \u00e0 partir du Col de Joux-Plane et a tenu le manche pendant pr\u00e8s de 40 kilom\u00e8tres. Si sa leader n&rsquo;a pas pu renverser le Tour, sa co\u00e9quipi\u00e8re a pu remonter \u00e0 la 7\u00e8me place. Elle aura termin\u00e9 dans le Top 10 des quatre Tours de France (4\u00e8me en 2022, 5\u00e8me en 2023, 9\u00e8me en 2024 et 7\u00e8me en 2025). Belle r\u00e9gularit\u00e9 et belle mont\u00e9e en puissance au fil des \u00e9tapes. Sa co\u00e9quipi\u00e8re et compatriote,<strong> \u00c9vita Muzic<\/strong>, est 10\u00e8me du classement g\u00e9n\u00e9ral. Un peu moins en vue qu&rsquo;en 2024 (4\u00e8me). Quatre Fran\u00e7aises dans le Top 10, c&rsquo;\u00e9tait d\u00e9j\u00e0 le cas lors du Tour 2024&#8230; Et de la Vuelta 2025. La France est tr\u00e8s haute dans la hi\u00e9rarchie mondiale.<\/p>\n<blockquote class=\"twitter-tweet\">\n<p dir=\"ltr\" lang=\"fr\">4 Fran\u00e7aises se classent dans le top 10 du classement g\u00e9n\u00e9ral de ce Tour de France Femmes 2025 ! \ud83c\uddeb\ud83c\uddf7 <a href=\"https:\/\/twitter.com\/hashtag\/TDFF2025?src=hash&amp;ref_src=twsrc%5Etfw\">#TDFF2025<\/a><\/p>\n<p>1) Pauline Ferrand-Pr\u00e9vot \ud83d\udc9b<br \/>\n7) Juliette Labous<br \/>\n8) C\u00e9drine Kerbaol<br \/>\n10) \u00c9vita Muzic <a href=\"https:\/\/t.co\/wThCFlKQYf\">pic.twitter.com\/wThCFlKQYf<\/a><\/p>\n<p>\u2014 Cycling Legend (@CyclingLegend_) <a href=\"https:\/\/twitter.com\/CyclingLegend_\/status\/1952060551728623981?ref_src=twsrc%5Etfw\">August 3, 2025<\/a><\/p><\/blockquote>\n<p><script async src=\"https:\/\/platform.twitter.com\/widgets.js\" charset=\"utf-8\"><\/script><\/p>\n<h2 style=\"text-align: justify;\">Marion Bunel et Julie Bego d\u00e9\u00e7oivent un peu, pas de sprinteuses fran\u00e7aises sur le Tour<\/h2>\n<p style=\"text-align: justify;\">On peut noter aussi la jeune <strong>Titia Ryo<\/strong> (Ark\u00e9a-B&amp;B H\u00f4tels), tout juste 20 ans, s&rsquo;est invit\u00e9e \u00e0 la 26\u00e8me place du classement g\u00e9n\u00e9ral, en \u00e9tant bien class\u00e9e en montagne. Pass\u00e9e professionnelle avant le Tour de France, <strong>\u00c9milie Morier<\/strong> (St Michel &#8211; Preference Home &#8211; Auber93 WE), a pris la 12\u00e8me place de la derni\u00e8re \u00e9tape. Quand on voit le rythme et l&rsquo;intensit\u00e9 toute la journ\u00e9e, cela m\u00e9rite d&rsquo;\u00eatre soulign\u00e9, d&rsquo;autant qu&rsquo;elle termine avec Evita Muzic. \u00c0 l&rsquo;inverse, on pouvait sans doute en attendre un peu mieux de<strong> Marion Bunel<\/strong> (Visma-Lease a Bike), qui aura globalement souffert sur ce Tour, m\u00eame si elle a \u00e9t\u00e9 un relais utile \u00e0 PFP, dans le Col de la Madeleine.<\/p>\n<p style=\"text-align: justify;\"><strong>Julie Bego<\/strong> (Cofidis) n&rsquo;a pas termin\u00e9 le Tour aussi bien qu&rsquo;on aurait pu l&rsquo;esp\u00e9rer, alors qu&rsquo;elle a longtemps port\u00e9 le maillot blanc de meilleure jeune. \u00c0 l&rsquo;image d&rsquo;une ann\u00e9e 2025 pour l&rsquo;heure compliqu\u00e9e. On remarquera l&rsquo;absence de sprinteuses fran\u00e7aises en d\u00e9but de semaine, dans les deux emballages d&rsquo;Angers et de Poitiers. <strong>Clara Copponi<\/strong> (Lidl-Trek) n&rsquo;\u00e9tait pas pr\u00e9sente sur les routes de la Grande Boucle, malgr\u00e9 des r\u00e9sultats int\u00e9ressants, depuis le d\u00e9but de l&rsquo;ann\u00e9e. Dommage !<\/p>\n","protected":false},"excerpt":{"rendered":"<p>Outre le sacre de Pauline Ferrand-Pr\u00e9vot, les Fran\u00e7aises ont r\u00e9alis\u00e9 un Tour de France XXL. Elles sont quatre dans le Top 10 du classement g\u00e9n\u00e9ral, tandis que Maeva Squiban, double vainqueure d&rsquo;\u00e9tape, est une des r\u00e9v\u00e9lations de ce Tour.<\/p>\n","protected":false},"author":83,"featured_media":600343,"comment_status":"open","ping_status":"closed","sticky":false,"template":"","format":"standard","meta":{"_acf_changed":false,"_daextam_enable_autolinks":"1","footnotes":""},"categories":[46995],"tags":[16878,24,19848],"class_list":["post-600280","post","type-post","status-publish","format-standard","has-post-thumbnail","hentry","category-tour-de-france","tag-breve","tag-sport","tag-tour-de-france-femmes"],"acf":[],"yoast_head":"<!-- This site is optimized with the Yoast SEO Premium plugin v26.7 (Yoast SEO v26.7) - https:\/\/yoast.com\/wordpress\/plugins\/seo\/ -->\n<title>Dans le sillage de Pauline Ferrand-Pr\u00e9vot, les Fran\u00e7aises ont brill\u00e9 sur le Tour de France Femmes 2025<\/title>\n<meta name=\"description\" content=\"Outre le sacre de Pauline Ferrand-Pr\u00e9vot, les Fran\u00e7aises ont r\u00e9alis\u00e9 un Tour de France XXL. Elles sont quatre dans le Top 10 du classement g\u00e9n\u00e9ral.\" \/>\n<meta name=\"robots\" content=\"index, follow, max-snippet:-1, max-image-preview:large, max-video-preview:-1\" \/>\n<link rel=\"canonical\" href=\"https:\/\/dicodusport.fr\/blog\/dans-le-sillage-de-pauline-ferrand-prevot-les-francaises-ont-brille-sur-le-tour-de-france-femmes-2025\/\" \/>\n<meta property=\"og:locale\" content=\"fr_FR\" \/>\n<meta property=\"og:type\" content=\"article\" \/>\n<meta property=\"og:title\" content=\"Dans le sillage de Pauline Ferrand-Pr\u00e9vot, les Fran\u00e7aises ont brill\u00e9 sur le Tour de France Femmes 2025\" \/>\n<meta property=\"og:description\" content=\"Outre le sacre de Pauline Ferrand-Pr\u00e9vot, les Fran\u00e7aises ont r\u00e9alis\u00e9 un Tour de France XXL. Elles sont quatre dans le Top 10 du classement g\u00e9n\u00e9ral.\" \/>\n<meta property=\"og:url\" content=\"https:\/\/dicodusport.fr\/blog\/dans-le-sillage-de-pauline-ferrand-prevot-les-francaises-ont-brille-sur-le-tour-de-france-femmes-2025\/\" \/>\n<meta property=\"og:site_name\" content=\"Dicodusport\" \/>\n<meta property=\"article:publisher\" content=\"https:\/\/www.facebook.com\/dicodusport\" \/>\n<meta property=\"article:published_time\" content=\"2025-08-04T09:44:36+00:00\" \/>\n<meta property=\"article:modified_time\" content=\"2025-08-04T09:52:14+00:00\" \/>\n<meta property=\"og:image\" content=\"https:\/\/dicodusport.fr\/blog\/wp-content\/uploads\/2025\/08\/Dans-le-sillage-de-Pauline-Ferrand-Prevot-les-Francaises-ont-brille-sur-le-Tour-de-France-Femmes-2025.png\" \/>\n\t<meta property=\"og:image:width\" content=\"1200\" \/>\n\t<meta property=\"og:image:height\" content=\"674\" \/>\n\t<meta property=\"og:image:type\" content=\"image\/png\" \/>\n<meta name=\"author\" content=\"Etienne Goursaud\" \/>\n<meta name=\"twitter:card\" content=\"summary_large_image\" \/>\n<meta name=\"twitter:title\" content=\"Dans le sillage de Pauline Ferrand-Pr\u00e9vot, les Fran\u00e7aises ont brill\u00e9 sur le Tour de France Femmes 2025\" \/>\n<meta name=\"twitter:creator\" content=\"@dicodusport\" \/>\n<meta name=\"twitter:site\" content=\"@dicodusport\" \/>\n<script type=\"application\/ld+json\" class=\"yoast-schema-graph\">{\"@context\":\"https:\/\/schema.org\",\"@graph\":[{\"@type\":\"NewsArticle\",\"@id\":\"https:\/\/dicodusport.fr\/blog\/dans-le-sillage-de-pauline-ferrand-prevot-les-francaises-ont-brille-sur-le-tour-de-france-femmes-2025\/#article\",\"isPartOf\":{\"@id\":\"https:\/\/dicodusport.fr\/blog\/dans-le-sillage-de-pauline-ferrand-prevot-les-francaises-ont-brille-sur-le-tour-de-france-femmes-2025\/\"},\"author\":{\"name\":\"Etienne Goursaud\",\"@id\":\"https:\/\/dicodusport.fr\/blog\/#\/schema\/person\/d603dd7da31fb2b46c82b9835a77ec13\"},\"headline\":\"Dans le sillage de Pauline Ferrand-Pr\u00e9vot, les Fran\u00e7aises ont brill\u00e9 sur le Tour de France Femmes 2025\",\"datePublished\":\"2025-08-04T09:44:36+00:00\",\"dateModified\":\"2025-08-04T09:52:14+00:00\",\"mainEntityOfPage\":{\"@id\":\"https:\/\/dicodusport.fr\/blog\/dans-le-sillage-de-pauline-ferrand-prevot-les-francaises-ont-brille-sur-le-tour-de-france-femmes-2025\/\"},\"wordCount\":1256,\"commentCount\":0,\"publisher\":{\"@id\":\"https:\/\/dicodusport.fr\/blog\/#organization\"},\"image\":{\"@id\":\"https:\/\/dicodusport.fr\/blog\/dans-le-sillage-de-pauline-ferrand-prevot-les-francaises-ont-brille-sur-le-tour-de-france-femmes-2025\/#primaryimage\"},\"thumbnailUrl\":\"https:\/\/dicodusport.fr\/blog\/wp-content\/uploads\/2025\/08\/Dans-le-sillage-de-Pauline-Ferrand-Prevot-les-Francaises-ont-brille-sur-le-Tour-de-France-Femmes-2025.png\",\"keywords\":[\"br\u00e8ve\",\"sport\",\"Tour de France Femmes\"],\"articleSection\":[\"Tour de France\"],\"inLanguage\":\"fr-FR\",\"potentialAction\":[{\"@type\":\"CommentAction\",\"name\":\"Comment\",\"target\":[\"https:\/\/dicodusport.fr\/blog\/dans-le-sillage-de-pauline-ferrand-prevot-les-francaises-ont-brille-sur-le-tour-de-france-femmes-2025\/#respond\"]}],\"copyrightYear\":\"2025\",\"copyrightHolder\":{\"@id\":\"https:\/\/dicodusport.fr\/blog\/#organization\"}},{\"@type\":\"WebPage\",\"@id\":\"https:\/\/dicodusport.fr\/blog\/dans-le-sillage-de-pauline-ferrand-prevot-les-francaises-ont-brille-sur-le-tour-de-france-femmes-2025\/\",\"url\":\"https:\/\/dicodusport.fr\/blog\/dans-le-sillage-de-pauline-ferrand-prevot-les-francaises-ont-brille-sur-le-tour-de-france-femmes-2025\/\",\"name\":\"Dans le sillage de Pauline Ferrand-Pr\u00e9vot, les Fran\u00e7aises ont brill\u00e9 sur le Tour de France Femmes 2025\",\"isPartOf\":{\"@id\":\"https:\/\/dicodusport.fr\/blog\/#website\"},\"primaryImageOfPage\":{\"@id\":\"https:\/\/dicodusport.fr\/blog\/dans-le-sillage-de-pauline-ferrand-prevot-les-francaises-ont-brille-sur-le-tour-de-france-femmes-2025\/#primaryimage\"},\"image\":{\"@id\":\"https:\/\/dicodusport.fr\/blog\/dans-le-sillage-de-pauline-ferrand-prevot-les-francaises-ont-brille-sur-le-tour-de-france-femmes-2025\/#primaryimage\"},\"thumbnailUrl\":\"https:\/\/dicodusport.fr\/blog\/wp-content\/uploads\/2025\/08\/Dans-le-sillage-de-Pauline-Ferrand-Prevot-les-Francaises-ont-brille-sur-le-Tour-de-France-Femmes-2025.png\",\"datePublished\":\"2025-08-04T09:44:36+00:00\",\"dateModified\":\"2025-08-04T09:52:14+00:00\",\"description\":\"Outre le sacre de Pauline Ferrand-Pr\u00e9vot, les Fran\u00e7aises ont r\u00e9alis\u00e9 un Tour de France XXL. Elles sont quatre dans le Top 10 du classement g\u00e9n\u00e9ral.\",\"breadcrumb\":{\"@id\":\"https:\/\/dicodusport.fr\/blog\/dans-le-sillage-de-pauline-ferrand-prevot-les-francaises-ont-brille-sur-le-tour-de-france-femmes-2025\/#breadcrumb\"},\"inLanguage\":\"fr-FR\",\"potentialAction\":[{\"@type\":\"ReadAction\",\"target\":[\"https:\/\/dicodusport.fr\/blog\/dans-le-sillage-de-pauline-ferrand-prevot-les-francaises-ont-brille-sur-le-tour-de-france-femmes-2025\/\"]}]},{\"@type\":\"ImageObject\",\"inLanguage\":\"fr-FR\",\"@id\":\"https:\/\/dicodusport.fr\/blog\/dans-le-sillage-de-pauline-ferrand-prevot-les-francaises-ont-brille-sur-le-tour-de-france-femmes-2025\/#primaryimage\",\"url\":\"https:\/\/dicodusport.fr\/blog\/wp-content\/uploads\/2025\/08\/Dans-le-sillage-de-Pauline-Ferrand-Prevot-les-Francaises-ont-brille-sur-le-Tour-de-France-Femmes-2025.png\",\"contentUrl\":\"https:\/\/dicodusport.fr\/blog\/wp-content\/uploads\/2025\/08\/Dans-le-sillage-de-Pauline-Ferrand-Prevot-les-Francaises-ont-brille-sur-le-Tour-de-France-Femmes-2025.png\",\"width\":1200,\"height\":674,\"caption\":\"Dans le sillage de Pauline Ferrand-Pr\u00e9vot, les Fran\u00e7aises ont brill\u00e9 sur le Tour de France Femmes 2025\"},{\"@type\":\"BreadcrumbList\",\"@id\":\"https:\/\/dicodusport.fr\/blog\/dans-le-sillage-de-pauline-ferrand-prevot-les-francaises-ont-brille-sur-le-tour-de-france-femmes-2025\/#breadcrumb\",\"itemListElement\":[{\"@type\":\"ListItem\",\"position\":1,\"name\":\"Accueil\",\"item\":\"https:\/\/dicodusport.fr\/blog\/\"},{\"@type\":\"ListItem\",\"position\":2,\"name\":\"Dans le sillage de Pauline Ferrand-Pr\u00e9vot, les Fran\u00e7aises ont brill\u00e9 sur le Tour de France Femmes 2025\"}]},{\"@type\":\"WebSite\",\"@id\":\"https:\/\/dicodusport.fr\/blog\/#website\",\"url\":\"https:\/\/dicodusport.fr\/blog\/\",\"name\":\"Dicodusport\",\"description\":\"L&#039;encyclop\u00e9die de l&#039;actualit\u00e9 sportive\",\"publisher\":{\"@id\":\"https:\/\/dicodusport.fr\/blog\/#organization\"},\"potentialAction\":[{\"@type\":\"SearchAction\",\"target\":{\"@type\":\"EntryPoint\",\"urlTemplate\":\"https:\/\/dicodusport.fr\/blog\/?s={search_term_string}\"},\"query-input\":{\"@type\":\"PropertyValueSpecification\",\"valueRequired\":true,\"valueName\":\"search_term_string\"}}],\"inLanguage\":\"fr-FR\"},{\"@type\":\"NewsMediaOrganization\",\"@id\":\"https:\/\/dicodusport.fr\/blog\/#organization\",\"name\":\"Dicodusport\",\"url\":\"https:\/\/dicodusport.fr\/blog\/\",\"logo\":{\"@type\":\"ImageObject\",\"inLanguage\":\"fr-FR\",\"@id\":\"https:\/\/dicodusport.fr\/blog\/#\/schema\/logo\/image\/\",\"url\":\"https:\/\/dicodusport.fr\/blog\/wp-content\/uploads\/2020\/06\/cropped-LOGO-DICODUSPORT-2020-SANS-FOND-SANS-TEXTE.png\",\"contentUrl\":\"https:\/\/dicodusport.fr\/blog\/wp-content\/uploads\/2020\/06\/cropped-LOGO-DICODUSPORT-2020-SANS-FOND-SANS-TEXTE.png\",\"width\":512,\"height\":512,\"caption\":\"Dicodusport\"},\"image\":{\"@id\":\"https:\/\/dicodusport.fr\/blog\/#\/schema\/logo\/image\/\"},\"sameAs\":[\"https:\/\/www.facebook.com\/dicodusport\",\"https:\/\/x.com\/dicodusport\",\"https:\/\/www.instagram.com\/dicodusport\/\",\"https:\/\/www.youtube.com\/channel\/UC7V2KZ5sd3htJivAbA4ZG3w\"],\"description\":\"Dicodusport est l'encyclop\u00e9die de l'actualit\u00e9 sportive.\",\"email\":\"bonjour@dicodusport.fr\",\"legalName\":\"DICODUSPORT\",\"foundingDate\":\"2018-01-14\",\"vatID\":\"FR71834470973\",\"taxID\":\"83447097300043\",\"numberOfEmployees\":{\"@type\":\"QuantitativeValue\",\"minValue\":\"1\",\"maxValue\":\"10\"}},{\"@type\":\"Person\",\"@id\":\"https:\/\/dicodusport.fr\/blog\/#\/schema\/person\/d603dd7da31fb2b46c82b9835a77ec13\",\"name\":\"Etienne Goursaud\",\"image\":{\"@type\":\"ImageObject\",\"inLanguage\":\"fr-FR\",\"@id\":\"https:\/\/dicodusport.fr\/blog\/#\/schema\/person\/image\/\",\"url\":\"https:\/\/dicodusport.fr\/blog\/wp-content\/uploads\/2023\/12\/410122264_10231602061736049_5565839791558026645_n-150x150.jpg\",\"contentUrl\":\"https:\/\/dicodusport.fr\/blog\/wp-content\/uploads\/2023\/12\/410122264_10231602061736049_5565839791558026645_n-150x150.jpg\",\"caption\":\"Etienne Goursaud\"},\"description\":\"Journaliste et amoureux de sport. Ancien footballeur reconverti athl\u00e8te quand ses muscles le laissent tranquille. \u00c9lev\u00e9 \u00e0 la sauce des exploits de Thomas Voeckler en 2004, du dernier essai de l\u00e9gende de Eunice Barber \u00e0 la longueur lors des championnats du monde d'athl\u00e9tisme de 2003 mais aussi Zidane, Omeyer et Titou Lamaison.\",\"url\":\"https:\/\/dicodusport.fr\/blog\/author\/etienne-goursaud\/\"}]}<\/script>\n<!-- \/ Yoast SEO Premium plugin. -->","yoast_head_json":{"title":"Dans le sillage de Pauline Ferrand-Pr\u00e9vot, les Fran\u00e7aises ont brill\u00e9 sur le Tour de France Femmes 2025","description":"Outre le sacre de Pauline Ferrand-Pr\u00e9vot, les Fran\u00e7aises ont r\u00e9alis\u00e9 un Tour de France XXL. Elles sont quatre dans le Top 10 du classement g\u00e9n\u00e9ral.","robots":{"index":"index","follow":"follow","max-snippet":"max-snippet:-1","max-image-preview":"max-image-preview:large","max-video-preview":"max-video-preview:-1"},"canonical":"https:\/\/dicodusport.fr\/blog\/dans-le-sillage-de-pauline-ferrand-prevot-les-francaises-ont-brille-sur-le-tour-de-france-femmes-2025\/","og_locale":"fr_FR","og_type":"article","og_title":"Dans le sillage de Pauline Ferrand-Pr\u00e9vot, les Fran\u00e7aises ont brill\u00e9 sur le Tour de France Femmes 2025","og_description":"Outre le sacre de Pauline Ferrand-Pr\u00e9vot, les Fran\u00e7aises ont r\u00e9alis\u00e9 un Tour de France XXL. Elles sont quatre dans le Top 10 du classement g\u00e9n\u00e9ral.","og_url":"https:\/\/dicodusport.fr\/blog\/dans-le-sillage-de-pauline-ferrand-prevot-les-francaises-ont-brille-sur-le-tour-de-france-femmes-2025\/","og_site_name":"Dicodusport","article_publisher":"https:\/\/www.facebook.com\/dicodusport","article_published_time":"2025-08-04T09:44:36+00:00","article_modified_time":"2025-08-04T09:52:14+00:00","og_image":[{"width":1200,"height":674,"url":"https:\/\/dicodusport.fr\/blog\/wp-content\/uploads\/2025\/08\/Dans-le-sillage-de-Pauline-Ferrand-Prevot-les-Francaises-ont-brille-sur-le-Tour-de-France-Femmes-2025.png","type":"image\/png"}],"author":"Etienne Goursaud","twitter_card":"summary_large_image","twitter_title":"Dans le sillage de Pauline Ferrand-Pr\u00e9vot, les Fran\u00e7aises ont brill\u00e9 sur le Tour de France Femmes 2025","twitter_creator":"@dicodusport","twitter_site":"@dicodusport","schema":{"@context":"https:\/\/schema.org","@graph":[{"@type":"NewsArticle","@id":"https:\/\/dicodusport.fr\/blog\/dans-le-sillage-de-pauline-ferrand-prevot-les-francaises-ont-brille-sur-le-tour-de-france-femmes-2025\/#article","isPartOf":{"@id":"https:\/\/dicodusport.fr\/blog\/dans-le-sillage-de-pauline-ferrand-prevot-les-francaises-ont-brille-sur-le-tour-de-france-femmes-2025\/"},"author":{"name":"Etienne Goursaud","@id":"https:\/\/dicodusport.fr\/blog\/#\/schema\/person\/d603dd7da31fb2b46c82b9835a77ec13"},"headline":"Dans le sillage de Pauline Ferrand-Pr\u00e9vot, les Fran\u00e7aises ont brill\u00e9 sur le Tour de France Femmes 2025","datePublished":"2025-08-04T09:44:36+00:00","dateModified":"2025-08-04T09:52:14+00:00","mainEntityOfPage":{"@id":"https:\/\/dicodusport.fr\/blog\/dans-le-sillage-de-pauline-ferrand-prevot-les-francaises-ont-brille-sur-le-tour-de-france-femmes-2025\/"},"wordCount":1256,"commentCount":0,"publisher":{"@id":"https:\/\/dicodusport.fr\/blog\/#organization"},"image":{"@id":"https:\/\/dicodusport.fr\/blog\/dans-le-sillage-de-pauline-ferrand-prevot-les-francaises-ont-brille-sur-le-tour-de-france-femmes-2025\/#primaryimage"},"thumbnailUrl":"https:\/\/dicodusport.fr\/blog\/wp-content\/uploads\/2025\/08\/Dans-le-sillage-de-Pauline-Ferrand-Prevot-les-Francaises-ont-brille-sur-le-Tour-de-France-Femmes-2025.png","keywords":["br\u00e8ve","sport","Tour de France Femmes"],"articleSection":["Tour de France"],"inLanguage":"fr-FR","potentialAction":[{"@type":"CommentAction","name":"Comment","target":["https:\/\/dicodusport.fr\/blog\/dans-le-sillage-de-pauline-ferrand-prevot-les-francaises-ont-brille-sur-le-tour-de-france-femmes-2025\/#respond"]}],"copyrightYear":"2025","copyrightHolder":{"@id":"https:\/\/dicodusport.fr\/blog\/#organization"}},{"@type":"WebPage","@id":"https:\/\/dicodusport.fr\/blog\/dans-le-sillage-de-pauline-ferrand-prevot-les-francaises-ont-brille-sur-le-tour-de-france-femmes-2025\/","url":"https:\/\/dicodusport.fr\/blog\/dans-le-sillage-de-pauline-ferrand-prevot-les-francaises-ont-brille-sur-le-tour-de-france-femmes-2025\/","name":"Dans le sillage de Pauline Ferrand-Pr\u00e9vot, les Fran\u00e7aises ont brill\u00e9 sur le Tour de France Femmes 2025","isPartOf":{"@id":"https:\/\/dicodusport.fr\/blog\/#website"},"primaryImageOfPage":{"@id":"https:\/\/dicodusport.fr\/blog\/dans-le-sillage-de-pauline-ferrand-prevot-les-francaises-ont-brille-sur-le-tour-de-france-femmes-2025\/#primaryimage"},"image":{"@id":"https:\/\/dicodusport.fr\/blog\/dans-le-sillage-de-pauline-ferrand-prevot-les-francaises-ont-brille-sur-le-tour-de-france-femmes-2025\/#primaryimage"},"thumbnailUrl":"https:\/\/dicodusport.fr\/blog\/wp-content\/uploads\/2025\/08\/Dans-le-sillage-de-Pauline-Ferrand-Prevot-les-Francaises-ont-brille-sur-le-Tour-de-France-Femmes-2025.png","datePublished":"2025-08-04T09:44:36+00:00","dateModified":"2025-08-04T09:52:14+00:00","description":"Outre le sacre de Pauline Ferrand-Pr\u00e9vot, les Fran\u00e7aises ont r\u00e9alis\u00e9 un Tour de France XXL. Elles sont quatre dans le Top 10 du classement g\u00e9n\u00e9ral.","breadcrumb":{"@id":"https:\/\/dicodusport.fr\/blog\/dans-le-sillage-de-pauline-ferrand-prevot-les-francaises-ont-brille-sur-le-tour-de-france-femmes-2025\/#breadcrumb"},"inLanguage":"fr-FR","potentialAction":[{"@type":"ReadAction","target":["https:\/\/dicodusport.fr\/blog\/dans-le-sillage-de-pauline-ferrand-prevot-les-francaises-ont-brille-sur-le-tour-de-france-femmes-2025\/"]}]},{"@type":"ImageObject","inLanguage":"fr-FR","@id":"https:\/\/dicodusport.fr\/blog\/dans-le-sillage-de-pauline-ferrand-prevot-les-francaises-ont-brille-sur-le-tour-de-france-femmes-2025\/#primaryimage","url":"https:\/\/dicodusport.fr\/blog\/wp-content\/uploads\/2025\/08\/Dans-le-sillage-de-Pauline-Ferrand-Prevot-les-Francaises-ont-brille-sur-le-Tour-de-France-Femmes-2025.png","contentUrl":"https:\/\/dicodusport.fr\/blog\/wp-content\/uploads\/2025\/08\/Dans-le-sillage-de-Pauline-Ferrand-Prevot-les-Francaises-ont-brille-sur-le-Tour-de-France-Femmes-2025.png","width":1200,"height":674,"caption":"Dans le sillage de Pauline Ferrand-Pr\u00e9vot, les Fran\u00e7aises ont brill\u00e9 sur le Tour de France Femmes 2025"},{"@type":"BreadcrumbList","@id":"https:\/\/dicodusport.fr\/blog\/dans-le-sillage-de-pauline-ferrand-prevot-les-francaises-ont-brille-sur-le-tour-de-france-femmes-2025\/#breadcrumb","itemListElement":[{"@type":"ListItem","position":1,"name":"Accueil","item":"https:\/\/dicodusport.fr\/blog\/"},{"@type":"ListItem","position":2,"name":"Dans le sillage de Pauline Ferrand-Pr\u00e9vot, les Fran\u00e7aises ont brill\u00e9 sur le Tour de France Femmes 2025"}]},{"@type":"WebSite","@id":"https:\/\/dicodusport.fr\/blog\/#website","url":"https:\/\/dicodusport.fr\/blog\/","name":"Dicodusport","description":"L&#039;encyclop\u00e9die de l&#039;actualit\u00e9 sportive","publisher":{"@id":"https:\/\/dicodusport.fr\/blog\/#organization"},"potentialAction":[{"@type":"SearchAction","target":{"@type":"EntryPoint","urlTemplate":"https:\/\/dicodusport.fr\/blog\/?s={search_term_string}"},"query-input":{"@type":"PropertyValueSpecification","valueRequired":true,"valueName":"search_term_string"}}],"inLanguage":"fr-FR"},{"@type":"NewsMediaOrganization","@id":"https:\/\/dicodusport.fr\/blog\/#organization","name":"Dicodusport","url":"https:\/\/dicodusport.fr\/blog\/","logo":{"@type":"ImageObject","inLanguage":"fr-FR","@id":"https:\/\/dicodusport.fr\/blog\/#\/schema\/logo\/image\/","url":"https:\/\/dicodusport.fr\/blog\/wp-content\/uploads\/2020\/06\/cropped-LOGO-DICODUSPORT-2020-SANS-FOND-SANS-TEXTE.png","contentUrl":"https:\/\/dicodusport.fr\/blog\/wp-content\/uploads\/2020\/06\/cropped-LOGO-DICODUSPORT-2020-SANS-FOND-SANS-TEXTE.png","width":512,"height":512,"caption":"Dicodusport"},"image":{"@id":"https:\/\/dicodusport.fr\/blog\/#\/schema\/logo\/image\/"},"sameAs":["https:\/\/www.facebook.com\/dicodusport","https:\/\/x.com\/dicodusport","https:\/\/www.instagram.com\/dicodusport\/","https:\/\/www.youtube.com\/channel\/UC7V2KZ5sd3htJivAbA4ZG3w"],"description":"Dicodusport est l'encyclop\u00e9die de l'actualit\u00e9 sportive.","email":"bonjour@dicodusport.fr","legalName":"DICODUSPORT","foundingDate":"2018-01-14","vatID":"FR71834470973","taxID":"83447097300043","numberOfEmployees":{"@type":"QuantitativeValue","minValue":"1","maxValue":"10"}},{"@type":"Person","@id":"https:\/\/dicodusport.fr\/blog\/#\/schema\/person\/d603dd7da31fb2b46c82b9835a77ec13","name":"Etienne Goursaud","image":{"@type":"ImageObject","inLanguage":"fr-FR","@id":"https:\/\/dicodusport.fr\/blog\/#\/schema\/person\/image\/","url":"https:\/\/dicodusport.fr\/blog\/wp-content\/uploads\/2023\/12\/410122264_10231602061736049_5565839791558026645_n-150x150.jpg","contentUrl":"https:\/\/dicodusport.fr\/blog\/wp-content\/uploads\/2023\/12\/410122264_10231602061736049_5565839791558026645_n-150x150.jpg","caption":"Etienne Goursaud"},"description":"Journaliste et amoureux de sport. Ancien footballeur reconverti athl\u00e8te quand ses muscles le laissent tranquille. \u00c9lev\u00e9 \u00e0 la sauce des exploits de Thomas Voeckler en 2004, du dernier essai de l\u00e9gende de Eunice Barber \u00e0 la longueur lors des championnats du monde d'athl\u00e9tisme de 2003 mais aussi Zidane, Omeyer et Titou Lamaison.","url":"https:\/\/dicodusport.fr\/blog\/author\/etienne-goursaud\/"}]}},"_links":{"self":[{"href":"https:\/\/dicodusport.fr\/blog\/wp-json\/wp\/v2\/posts\/600280","targetHints":{"allow":["GET"]}}],"collection":[{"href":"https:\/\/dicodusport.fr\/blog\/wp-json\/wp\/v2\/posts"}],"about":[{"href":"https:\/\/dicodusport.fr\/blog\/wp-json\/wp\/v2\/types\/post"}],"author":[{"embeddable":true,"href":"https:\/\/dicodusport.fr\/blog\/wp-json\/wp\/v2\/users\/83"}],"replies":[{"embeddable":true,"href":"https:\/\/dicodusport.fr\/blog\/wp-json\/wp\/v2\/comments?post=600280"}],"version-history":[{"count":5,"href":"https:\/\/dicodusport.fr\/blog\/wp-json\/wp\/v2\/posts\/600280\/revisions"}],"predecessor-version":[{"id":600346,"href":"https:\/\/dicodusport.fr\/blog\/wp-json\/wp\/v2\/posts\/600280\/revisions\/600346"}],"wp:featuredmedia":[{"embeddable":true,"href":"https:\/\/dicodusport.fr\/blog\/wp-json\/wp\/v2\/media\/600343"}],"wp:attachment":[{"href":"https:\/\/dicodusport.fr\/blog\/wp-json\/wp\/v2\/media?parent=600280"}],"wp:term":[{"taxonomy":"category","embeddable":true,"href":"https:\/\/dicodusport.fr\/blog\/wp-json\/wp\/v2\/categories?post=600280"},{"taxonomy":"post_tag","embeddable":true,"href":"https:\/\/dicodusport.fr\/blog\/wp-json\/wp\/v2\/tags?post=600280"}],"curies":[{"name":"wp","href":"https:\/\/api.w.org\/{rel}","templated":true}]}}