{"id":600503,"date":"2025-08-05T07:54:50","date_gmt":"2025-08-05T05:54:50","guid":{"rendered":"https:\/\/dicodusport.fr\/blog\/?p=600503&#038;preview=true&#038;preview_id=600503"},"modified":"2025-08-06T13:02:08","modified_gmt":"2025-08-06T11:02:08","slug":"transferts-om-nayef-aguerd-igor-julio-joel-ordonez-marseille-attend-son-defenseur-central","status":"publish","type":"post","link":"https:\/\/dicodusport.fr\/blog\/transferts-om-nayef-aguerd-igor-julio-joel-ordonez-marseille-attend-son-defenseur-central\/","title":{"rendered":"Transferts OM : Nayef Aguerd, Igor Julio, Joel Ordonez, Marseille attend son d\u00e9fenseur central"},"content":{"rendered":"<p style=\"text-align: justify;\"><em><strong>TRANSFERTS &#8211; Selon <a href=\"https:\/\/www.lequipe.fr\/Football\/Article\/Adaptation-de-cj-egan-riley-role-de-facundo-medina-renforts-attendus-a-marseille-le-secteur-defensif-est-encore-en-chantier\/1583051\" target=\"_blank\" rel=\"noopener\">L&rsquo;\u00c9quipe<\/a>, Marseille est toujours en qu\u00eate d&rsquo;un d\u00e9fenseur central et trois noms reviennent avec insistance.\u00a0<\/strong><\/em><\/p>\n<ul style=\"text-align: justify;\">\n<li style=\"text-align: justify;\"><strong>\u00c0 lire aussi &#8211; <a href=\"https:\/\/dicodusport.fr\/blog\/transferts-om-timothy-weah-va-enfin-signer-a-marseille\/\" target=\"_blank\" rel=\"noopener\">Transferts OM : Timothy Weah va enfin signer \u00e0 Marseille<\/a><\/strong><\/li>\n<\/ul>\n<p style=\"text-align: justify;\">Avec l&rsquo;arriv\u00e9e de <strong>Timothy Weah<\/strong> dans les jours \u00e0 venir, l&rsquo;<strong>Olympique de Marseille<\/strong> aura encore un peu plus avanc\u00e9 son march\u00e9 estival. Selon nos confr\u00e8res de <em>L&rsquo;\u00c9quipe<\/em>, le club phoc\u00e9en ne cherche plus que deux renforts d&rsquo;ici \u00e0 la fin ao\u00fbt pour terminer son mercato. Un d\u00e9fenseur central est attendu, mais aussi un lat\u00e9ral gauche, puisque <strong>Ulisses<\/strong>\u00a0<strong>Garcia<\/strong> est le seul sp\u00e9cialiste \u00e0 date.<\/p>\n<h2 style=\"text-align: justify;\">Nayef Aguerd, Igor Julio, Joel Ordonez : l&rsquo;OM multiplie les pistes<\/h2>\n<p style=\"text-align: justify;\">Au d\u00e9but de l&rsquo;\u00e9t\u00e9, <strong>Nayef<\/strong> <strong>Aguerd<\/strong> a longtemps \u00e9t\u00e9 la priorit\u00e9 de l&rsquo;Olympique de l&rsquo;<strong>Olympique<\/strong> <strong>de<\/strong> <strong>Marseille<\/strong>, mais l&rsquo;op\u00e9ration est tr\u00e8s co\u00fbteuse. Si la piste n&rsquo;a pas \u00e9t\u00e9 abandonn\u00e9e, <strong>Medhi<\/strong> <strong>Benatia<\/strong> esp\u00e8re pouvoir faire baisser le co\u00fbt total d&rsquo;une telle signature pour la finaliser. Le Marocain a d&rsquo;autres pr\u00e9tendants et Marseille a donc aussi activ\u00e9 d&rsquo;autres pistes en cas d&rsquo;\u00e9chec.<\/p>\n<ul style=\"text-align: justify;\">\n<li style=\"text-align: justify;\"><strong>\u00c0 ce sujet &#8211; <a href=\"https:\/\/dicodusport.fr\/blog\/transferts-rennes-arsenal-veut-signer-jeremy-jacquet\/\">Transferts Rennes : Arsenal veut signer J\u00e9r\u00e9my Jacquet<\/a><\/strong><\/li>\n<\/ul>\n<p style=\"text-align: justify;\">La semaine pass\u00e9e, l&rsquo;<strong>OM<\/strong> s&rsquo;est attaqu\u00e9 \u00e0 <strong>Joel<\/strong> <strong>Ordonez<\/strong>, d\u00e9fenseur central de Bruges. Le prix de son transfert serait aussi \u00e9lev\u00e9 alors que le joueur aurait fait part de sa volont\u00e9 de rejoindre le club phoc\u00e9en. Les discussions se poursuivent, mais l\u00e0 aussi, la concurrence est rude. Enfin, les Olympiens ont coch\u00e9 le nom d&rsquo;<strong>Igor Julio<\/strong> qui a d\u00e9j\u00e0 \u00e9volu\u00e9 sous les ordres de <strong>Roberto De<\/strong> <strong>Zerbi<\/strong>. Si la piste est un peu moins all\u00e9chante, elle serait la moins on\u00e9reuse.<\/p>\n<h3 style=\"text-align: justify;\"><span style=\"text-align: justify;\">\u00c0 ce sujet<\/span><\/h3>\n<div class=\"vlp-link-container vlp-layout-article\"><a href=\"https:\/\/dicodusport.fr\/blog\/mercato-om-2025-2026-le-tableau-complet-des-transferts-arrivees-et-departs\/\" class=\"vlp-link\" title=\"Mercato OM 2025-2026 : Le tableau complet des transferts, arriv\u00e9es et d\u00e9parts\"><\/a><div class=\"vlp-layout-zone-side\"><div class=\"vlp-block-4 vlp-link-image\"><img loading=\"lazy\" decoding=\"async\" style=\"max-width: 792px;\" width=\"792\" height=\"445\" src=\"https:\/\/dicodusport.fr\/blog\/wp-content\/uploads\/2025\/05\/Mercato-OM-2025-2026-Le-tableau-complet-des-transferts-arrivees-et-departs.png\" class=\"attachment-800x445 size-800x445\" alt=\"Mercato OM 2025-2026 Le tableau complet des transferts, arriv\u00e9es et d\u00e9parts\" srcset=\"https:\/\/dicodusport.fr\/blog\/wp-content\/uploads\/2025\/05\/Mercato-OM-2025-2026-Le-tableau-complet-des-transferts-arrivees-et-departs.png 1200w, https:\/\/dicodusport.fr\/blog\/wp-content\/uploads\/2025\/05\/Mercato-OM-2025-2026-Le-tableau-complet-des-transferts-arrivees-et-departs-300x169.png 300w, https:\/\/dicodusport.fr\/blog\/wp-content\/uploads\/2025\/05\/Mercato-OM-2025-2026-Le-tableau-complet-des-transferts-arrivees-et-departs-1024x575.png 1024w, https:\/\/dicodusport.fr\/blog\/wp-content\/uploads\/2025\/05\/Mercato-OM-2025-2026-Le-tableau-complet-des-transferts-arrivees-et-departs-768x431.png 768w\" sizes=\"auto, (max-width: 792px) 100vw, 792px\" \/><\/div><\/div><div class=\"vlp-layout-zone-main\"><div class=\"vlp-block-0 vlp-link-title\">Mercato OM 2025-2026 : Le tableau complet des transferts, arriv\u00e9es et d\u00e9parts<\/div><div class=\"vlp-block-1 vlp-link-summary\">TRANSFERTS OM - Retrouvez tous les mouvements de l'Olympique de Marseille pour l'intersaison 2025 en Ligue 1. Arriv\u00e9es, d\u00e9part, pr\u00eats, transferts d\u00e9finitifs, ne ratez rien du mercato estival.\u00a0<\/div><div class=\"vlp-block-2 vlp-link-button\">Lire l'article<\/div><div class=\"vlp-block-3 vlp-link-url\">dicodusport.fr<\/div><\/div><\/div>\n","protected":false},"excerpt":{"rendered":"<p>TRANSFERTS &#8211; Selon L&rsquo;\u00c9quipe, Marseille est toujours en qu\u00eate d&rsquo;un d\u00e9fenseur central et trois noms reviennent avec insistance.\u00a0<\/p>\n","protected":false},"author":1,"featured_media":600504,"comment_status":"open","ping_status":"closed","sticky":false,"template":"","format":"standard","meta":{"_acf_changed":false,"_daextam_enable_autolinks":"1","footnotes":""},"categories":[47045],"tags":[16878,14093,1889],"class_list":["post-600503","post","type-post","status-publish","format-standard","has-post-thumbnail","hentry","category-ligue-1","tag-breve","tag-mercato-football","tag-om"],"acf":[],"yoast_head":"<!-- This site is optimized with the Yoast SEO Premium plugin v26.7 (Yoast SEO v26.7) - https:\/\/yoast.com\/wordpress\/plugins\/seo\/ -->\n<title>Transferts OM : Nayef Aguerd, Igor Julio, Joel Ordonez, Marseille attend son d\u00e9fenseur central<\/title>\n<meta name=\"description\" content=\"TRANSFERTS - Selon L&#039;\u00c9quipe, Marseille est toujours en qu\u00eate d&#039;un d\u00e9fenseur central et trois noms reviennent avec insistance.\u00a0\" \/>\n<meta name=\"robots\" content=\"index, follow, max-snippet:-1, max-image-preview:large, max-video-preview:-1\" \/>\n<link rel=\"canonical\" href=\"https:\/\/dicodusport.fr\/blog\/transferts-om-nayef-aguerd-igor-julio-joel-ordonez-marseille-attend-son-defenseur-central\/\" \/>\n<meta property=\"og:locale\" content=\"fr_FR\" \/>\n<meta property=\"og:type\" content=\"article\" \/>\n<meta property=\"og:title\" content=\"Transferts OM : Nayef Aguerd, Igor Julio, Joel Ordonez, Marseille attend son d\u00e9fenseur central\" \/>\n<meta property=\"og:description\" content=\"TRANSFERTS - Selon L&#039;\u00c9quipe, Marseille est toujours en qu\u00eate d&#039;un d\u00e9fenseur central et trois noms reviennent avec insistance.\u00a0\" \/>\n<meta property=\"og:url\" content=\"https:\/\/dicodusport.fr\/blog\/transferts-om-nayef-aguerd-igor-julio-joel-ordonez-marseille-attend-son-defenseur-central\/\" \/>\n<meta property=\"og:site_name\" content=\"Dicodusport\" \/>\n<meta property=\"article:publisher\" content=\"https:\/\/www.facebook.com\/dicodusport\" \/>\n<meta property=\"article:author\" content=\"https:\/\/www.facebook.com\/dicodusport\" \/>\n<meta property=\"article:published_time\" content=\"2025-08-05T05:54:50+00:00\" \/>\n<meta property=\"article:modified_time\" content=\"2025-08-06T11:02:08+00:00\" \/>\n<meta property=\"og:image\" content=\"https:\/\/dicodusport.fr\/blog\/wp-content\/uploads\/2025\/08\/Transferts-OM-Nayef-Aguerd-Igor-Julio-Joel-Ordonez-Marseille-attend-son-defenseur-central.png\" \/>\n\t<meta property=\"og:image:width\" content=\"1200\" \/>\n\t<meta property=\"og:image:height\" content=\"674\" \/>\n\t<meta property=\"og:image:type\" content=\"image\/png\" \/>\n<meta name=\"author\" content=\"Nicolas Jacquemard\" \/>\n<meta name=\"twitter:card\" content=\"summary_large_image\" \/>\n<meta name=\"twitter:description\" content=\"TRANSFERTS - Le Paris Saint-Germain garde un \u0153il sur Lucas Chevalier alors que la situation de Gianluigi Donnarumma reste floue.\" \/>\n<meta name=\"twitter:creator\" content=\"@https:\/\/twitter.com\/Nico_Jacquemard\" \/>\n<meta name=\"twitter:site\" content=\"@dicodusport\" \/>\n<script type=\"application\/ld+json\" class=\"yoast-schema-graph\">{\"@context\":\"https:\/\/schema.org\",\"@graph\":[{\"@type\":\"NewsArticle\",\"@id\":\"https:\/\/dicodusport.fr\/blog\/transferts-om-nayef-aguerd-igor-julio-joel-ordonez-marseille-attend-son-defenseur-central\/#article\",\"isPartOf\":{\"@id\":\"https:\/\/dicodusport.fr\/blog\/transferts-om-nayef-aguerd-igor-julio-joel-ordonez-marseille-attend-son-defenseur-central\/\"},\"author\":{\"name\":\"Nicolas Jacquemard\",\"@id\":\"https:\/\/dicodusport.fr\/blog\/#\/schema\/person\/55dcb50ad410894e431ed812bbb70191\"},\"headline\":\"Transferts OM : Nayef Aguerd, Igor Julio, Joel Ordonez, Marseille attend son d\u00e9fenseur central\",\"datePublished\":\"2025-08-05T05:54:50+00:00\",\"dateModified\":\"2025-08-06T11:02:08+00:00\",\"mainEntityOfPage\":{\"@id\":\"https:\/\/dicodusport.fr\/blog\/transferts-om-nayef-aguerd-igor-julio-joel-ordonez-marseille-attend-son-defenseur-central\/\"},\"wordCount\":395,\"commentCount\":0,\"publisher\":{\"@id\":\"https:\/\/dicodusport.fr\/blog\/#organization\"},\"image\":{\"@id\":\"https:\/\/dicodusport.fr\/blog\/transferts-om-nayef-aguerd-igor-julio-joel-ordonez-marseille-attend-son-defenseur-central\/#primaryimage\"},\"thumbnailUrl\":\"https:\/\/dicodusport.fr\/blog\/wp-content\/uploads\/2025\/08\/Transferts-OM-Nayef-Aguerd-Igor-Julio-Joel-Ordonez-Marseille-attend-son-defenseur-central.png\",\"keywords\":[\"br\u00e8ve\",\"Mercato football\",\"OM\"],\"articleSection\":[\"Ligue 1\"],\"inLanguage\":\"fr-FR\",\"potentialAction\":[{\"@type\":\"CommentAction\",\"name\":\"Comment\",\"target\":[\"https:\/\/dicodusport.fr\/blog\/transferts-om-nayef-aguerd-igor-julio-joel-ordonez-marseille-attend-son-defenseur-central\/#respond\"]}],\"copyrightYear\":\"2025\",\"copyrightHolder\":{\"@id\":\"https:\/\/dicodusport.fr\/blog\/#organization\"}},{\"@type\":\"WebPage\",\"@id\":\"https:\/\/dicodusport.fr\/blog\/transferts-om-nayef-aguerd-igor-julio-joel-ordonez-marseille-attend-son-defenseur-central\/\",\"url\":\"https:\/\/dicodusport.fr\/blog\/transferts-om-nayef-aguerd-igor-julio-joel-ordonez-marseille-attend-son-defenseur-central\/\",\"name\":\"Transferts OM : Nayef Aguerd, Igor Julio, Joel Ordonez, Marseille attend son d\u00e9fenseur central\",\"isPartOf\":{\"@id\":\"https:\/\/dicodusport.fr\/blog\/#website\"},\"primaryImageOfPage\":{\"@id\":\"https:\/\/dicodusport.fr\/blog\/transferts-om-nayef-aguerd-igor-julio-joel-ordonez-marseille-attend-son-defenseur-central\/#primaryimage\"},\"image\":{\"@id\":\"https:\/\/dicodusport.fr\/blog\/transferts-om-nayef-aguerd-igor-julio-joel-ordonez-marseille-attend-son-defenseur-central\/#primaryimage\"},\"thumbnailUrl\":\"https:\/\/dicodusport.fr\/blog\/wp-content\/uploads\/2025\/08\/Transferts-OM-Nayef-Aguerd-Igor-Julio-Joel-Ordonez-Marseille-attend-son-defenseur-central.png\",\"datePublished\":\"2025-08-05T05:54:50+00:00\",\"dateModified\":\"2025-08-06T11:02:08+00:00\",\"description\":\"TRANSFERTS - Selon L'\u00c9quipe, Marseille est toujours en qu\u00eate d'un d\u00e9fenseur central et trois noms reviennent avec insistance.\u00a0\",\"breadcrumb\":{\"@id\":\"https:\/\/dicodusport.fr\/blog\/transferts-om-nayef-aguerd-igor-julio-joel-ordonez-marseille-attend-son-defenseur-central\/#breadcrumb\"},\"inLanguage\":\"fr-FR\",\"potentialAction\":[{\"@type\":\"ReadAction\",\"target\":[\"https:\/\/dicodusport.fr\/blog\/transferts-om-nayef-aguerd-igor-julio-joel-ordonez-marseille-attend-son-defenseur-central\/\"]}]},{\"@type\":\"ImageObject\",\"inLanguage\":\"fr-FR\",\"@id\":\"https:\/\/dicodusport.fr\/blog\/transferts-om-nayef-aguerd-igor-julio-joel-ordonez-marseille-attend-son-defenseur-central\/#primaryimage\",\"url\":\"https:\/\/dicodusport.fr\/blog\/wp-content\/uploads\/2025\/08\/Transferts-OM-Nayef-Aguerd-Igor-Julio-Joel-Ordonez-Marseille-attend-son-defenseur-central.png\",\"contentUrl\":\"https:\/\/dicodusport.fr\/blog\/wp-content\/uploads\/2025\/08\/Transferts-OM-Nayef-Aguerd-Igor-Julio-Joel-Ordonez-Marseille-attend-son-defenseur-central.png\",\"width\":1200,\"height\":674},{\"@type\":\"BreadcrumbList\",\"@id\":\"https:\/\/dicodusport.fr\/blog\/transferts-om-nayef-aguerd-igor-julio-joel-ordonez-marseille-attend-son-defenseur-central\/#breadcrumb\",\"itemListElement\":[{\"@type\":\"ListItem\",\"position\":1,\"name\":\"Accueil\",\"item\":\"https:\/\/dicodusport.fr\/blog\/\"},{\"@type\":\"ListItem\",\"position\":2,\"name\":\"Transferts OM : Nayef Aguerd, Igor Julio, Joel Ordonez, Marseille attend son d\u00e9fenseur central\"}]},{\"@type\":\"WebSite\",\"@id\":\"https:\/\/dicodusport.fr\/blog\/#website\",\"url\":\"https:\/\/dicodusport.fr\/blog\/\",\"name\":\"Dicodusport\",\"description\":\"L&#039;encyclop\u00e9die de l&#039;actualit\u00e9 sportive\",\"publisher\":{\"@id\":\"https:\/\/dicodusport.fr\/blog\/#organization\"},\"potentialAction\":[{\"@type\":\"SearchAction\",\"target\":{\"@type\":\"EntryPoint\",\"urlTemplate\":\"https:\/\/dicodusport.fr\/blog\/?s={search_term_string}\"},\"query-input\":{\"@type\":\"PropertyValueSpecification\",\"valueRequired\":true,\"valueName\":\"search_term_string\"}}],\"inLanguage\":\"fr-FR\"},{\"@type\":\"NewsMediaOrganization\",\"@id\":\"https:\/\/dicodusport.fr\/blog\/#organization\",\"name\":\"Dicodusport\",\"url\":\"https:\/\/dicodusport.fr\/blog\/\",\"logo\":{\"@type\":\"ImageObject\",\"inLanguage\":\"fr-FR\",\"@id\":\"https:\/\/dicodusport.fr\/blog\/#\/schema\/logo\/image\/\",\"url\":\"https:\/\/dicodusport.fr\/blog\/wp-content\/uploads\/2020\/06\/cropped-LOGO-DICODUSPORT-2020-SANS-FOND-SANS-TEXTE.png\",\"contentUrl\":\"https:\/\/dicodusport.fr\/blog\/wp-content\/uploads\/2020\/06\/cropped-LOGO-DICODUSPORT-2020-SANS-FOND-SANS-TEXTE.png\",\"width\":512,\"height\":512,\"caption\":\"Dicodusport\"},\"image\":{\"@id\":\"https:\/\/dicodusport.fr\/blog\/#\/schema\/logo\/image\/\"},\"sameAs\":[\"https:\/\/www.facebook.com\/dicodusport\",\"https:\/\/x.com\/dicodusport\",\"https:\/\/www.instagram.com\/dicodusport\/\",\"https:\/\/www.youtube.com\/channel\/UC7V2KZ5sd3htJivAbA4ZG3w\"],\"description\":\"Dicodusport est l'encyclop\u00e9die de l'actualit\u00e9 sportive.\",\"email\":\"bonjour@dicodusport.fr\",\"legalName\":\"DICODUSPORT\",\"foundingDate\":\"2018-01-14\",\"vatID\":\"FR71834470973\",\"taxID\":\"83447097300043\",\"numberOfEmployees\":{\"@type\":\"QuantitativeValue\",\"minValue\":\"1\",\"maxValue\":\"10\"}},{\"@type\":\"Person\",\"@id\":\"https:\/\/dicodusport.fr\/blog\/#\/schema\/person\/55dcb50ad410894e431ed812bbb70191\",\"name\":\"Nicolas Jacquemard\",\"image\":{\"@type\":\"ImageObject\",\"inLanguage\":\"fr-FR\",\"@id\":\"https:\/\/dicodusport.fr\/blog\/#\/schema\/person\/image\/\",\"url\":\"https:\/\/dicodusport.fr\/blog\/wp-content\/uploads\/2021\/05\/Nicolas-Jacquemard-150x150.jpeg\",\"contentUrl\":\"https:\/\/dicodusport.fr\/blog\/wp-content\/uploads\/2021\/05\/Nicolas-Jacquemard-150x150.jpeg\",\"caption\":\"Nicolas Jacquemard\"},\"description\":\"Passionn\u00e9 de sport et entrepreneur depuis mes 18 ans, la cr\u00e9ation de Dicodusport m'a sembl\u00e9 \u00e9vidente pour participer \u00e0 la m\u00e9diatisation d'un plus grand nombre de sports. Le chemin est long mais avec une \u00e9quipe des plus motiv\u00e9es et les Jeux Olympiques de Paris 2024 en point de mire, nous y arriverons ! Journaliste dans le monde du sport depuis plus de 5 ans, je traite aussi bien de football, de rugby, de biathlon que de cyclisme.\",\"sameAs\":[\"https:\/\/www.facebook.com\/dicodusport\",\"https:\/\/x.com\/https:\/\/twitter.com\/Nico_Jacquemard\"],\"url\":\"https:\/\/dicodusport.fr\/blog\/author\/dicodusport\/\"}]}<\/script>\n<!-- \/ Yoast SEO Premium plugin. -->","yoast_head_json":{"title":"Transferts OM : Nayef Aguerd, Igor Julio, Joel Ordonez, Marseille attend son d\u00e9fenseur central","description":"TRANSFERTS - Selon L'\u00c9quipe, Marseille est toujours en qu\u00eate d'un d\u00e9fenseur central et trois noms reviennent avec insistance.\u00a0","robots":{"index":"index","follow":"follow","max-snippet":"max-snippet:-1","max-image-preview":"max-image-preview:large","max-video-preview":"max-video-preview:-1"},"canonical":"https:\/\/dicodusport.fr\/blog\/transferts-om-nayef-aguerd-igor-julio-joel-ordonez-marseille-attend-son-defenseur-central\/","og_locale":"fr_FR","og_type":"article","og_title":"Transferts OM : Nayef Aguerd, Igor Julio, Joel Ordonez, Marseille attend son d\u00e9fenseur central","og_description":"TRANSFERTS - Selon L'\u00c9quipe, Marseille est toujours en qu\u00eate d'un d\u00e9fenseur central et trois noms reviennent avec insistance.\u00a0","og_url":"https:\/\/dicodusport.fr\/blog\/transferts-om-nayef-aguerd-igor-julio-joel-ordonez-marseille-attend-son-defenseur-central\/","og_site_name":"Dicodusport","article_publisher":"https:\/\/www.facebook.com\/dicodusport","article_author":"https:\/\/www.facebook.com\/dicodusport","article_published_time":"2025-08-05T05:54:50+00:00","article_modified_time":"2025-08-06T11:02:08+00:00","og_image":[{"width":1200,"height":674,"url":"https:\/\/dicodusport.fr\/blog\/wp-content\/uploads\/2025\/08\/Transferts-OM-Nayef-Aguerd-Igor-Julio-Joel-Ordonez-Marseille-attend-son-defenseur-central.png","type":"image\/png"}],"author":"Nicolas Jacquemard","twitter_card":"summary_large_image","twitter_description":"TRANSFERTS - Le Paris Saint-Germain garde un \u0153il sur Lucas Chevalier alors que la situation de Gianluigi Donnarumma reste floue.","twitter_creator":"@https:\/\/twitter.com\/Nico_Jacquemard","twitter_site":"@dicodusport","schema":{"@context":"https:\/\/schema.org","@graph":[{"@type":"NewsArticle","@id":"https:\/\/dicodusport.fr\/blog\/transferts-om-nayef-aguerd-igor-julio-joel-ordonez-marseille-attend-son-defenseur-central\/#article","isPartOf":{"@id":"https:\/\/dicodusport.fr\/blog\/transferts-om-nayef-aguerd-igor-julio-joel-ordonez-marseille-attend-son-defenseur-central\/"},"author":{"name":"Nicolas Jacquemard","@id":"https:\/\/dicodusport.fr\/blog\/#\/schema\/person\/55dcb50ad410894e431ed812bbb70191"},"headline":"Transferts OM : Nayef Aguerd, Igor Julio, Joel Ordonez, Marseille attend son d\u00e9fenseur central","datePublished":"2025-08-05T05:54:50+00:00","dateModified":"2025-08-06T11:02:08+00:00","mainEntityOfPage":{"@id":"https:\/\/dicodusport.fr\/blog\/transferts-om-nayef-aguerd-igor-julio-joel-ordonez-marseille-attend-son-defenseur-central\/"},"wordCount":395,"commentCount":0,"publisher":{"@id":"https:\/\/dicodusport.fr\/blog\/#organization"},"image":{"@id":"https:\/\/dicodusport.fr\/blog\/transferts-om-nayef-aguerd-igor-julio-joel-ordonez-marseille-attend-son-defenseur-central\/#primaryimage"},"thumbnailUrl":"https:\/\/dicodusport.fr\/blog\/wp-content\/uploads\/2025\/08\/Transferts-OM-Nayef-Aguerd-Igor-Julio-Joel-Ordonez-Marseille-attend-son-defenseur-central.png","keywords":["br\u00e8ve","Mercato football","OM"],"articleSection":["Ligue 1"],"inLanguage":"fr-FR","potentialAction":[{"@type":"CommentAction","name":"Comment","target":["https:\/\/dicodusport.fr\/blog\/transferts-om-nayef-aguerd-igor-julio-joel-ordonez-marseille-attend-son-defenseur-central\/#respond"]}],"copyrightYear":"2025","copyrightHolder":{"@id":"https:\/\/dicodusport.fr\/blog\/#organization"}},{"@type":"WebPage","@id":"https:\/\/dicodusport.fr\/blog\/transferts-om-nayef-aguerd-igor-julio-joel-ordonez-marseille-attend-son-defenseur-central\/","url":"https:\/\/dicodusport.fr\/blog\/transferts-om-nayef-aguerd-igor-julio-joel-ordonez-marseille-attend-son-defenseur-central\/","name":"Transferts OM : Nayef Aguerd, Igor Julio, Joel Ordonez, Marseille attend son d\u00e9fenseur central","isPartOf":{"@id":"https:\/\/dicodusport.fr\/blog\/#website"},"primaryImageOfPage":{"@id":"https:\/\/dicodusport.fr\/blog\/transferts-om-nayef-aguerd-igor-julio-joel-ordonez-marseille-attend-son-defenseur-central\/#primaryimage"},"image":{"@id":"https:\/\/dicodusport.fr\/blog\/transferts-om-nayef-aguerd-igor-julio-joel-ordonez-marseille-attend-son-defenseur-central\/#primaryimage"},"thumbnailUrl":"https:\/\/dicodusport.fr\/blog\/wp-content\/uploads\/2025\/08\/Transferts-OM-Nayef-Aguerd-Igor-Julio-Joel-Ordonez-Marseille-attend-son-defenseur-central.png","datePublished":"2025-08-05T05:54:50+00:00","dateModified":"2025-08-06T11:02:08+00:00","description":"TRANSFERTS - Selon L'\u00c9quipe, Marseille est toujours en qu\u00eate d'un d\u00e9fenseur central et trois noms reviennent avec insistance.\u00a0","breadcrumb":{"@id":"https:\/\/dicodusport.fr\/blog\/transferts-om-nayef-aguerd-igor-julio-joel-ordonez-marseille-attend-son-defenseur-central\/#breadcrumb"},"inLanguage":"fr-FR","potentialAction":[{"@type":"ReadAction","target":["https:\/\/dicodusport.fr\/blog\/transferts-om-nayef-aguerd-igor-julio-joel-ordonez-marseille-attend-son-defenseur-central\/"]}]},{"@type":"ImageObject","inLanguage":"fr-FR","@id":"https:\/\/dicodusport.fr\/blog\/transferts-om-nayef-aguerd-igor-julio-joel-ordonez-marseille-attend-son-defenseur-central\/#primaryimage","url":"https:\/\/dicodusport.fr\/blog\/wp-content\/uploads\/2025\/08\/Transferts-OM-Nayef-Aguerd-Igor-Julio-Joel-Ordonez-Marseille-attend-son-defenseur-central.png","contentUrl":"https:\/\/dicodusport.fr\/blog\/wp-content\/uploads\/2025\/08\/Transferts-OM-Nayef-Aguerd-Igor-Julio-Joel-Ordonez-Marseille-attend-son-defenseur-central.png","width":1200,"height":674},{"@type":"BreadcrumbList","@id":"https:\/\/dicodusport.fr\/blog\/transferts-om-nayef-aguerd-igor-julio-joel-ordonez-marseille-attend-son-defenseur-central\/#breadcrumb","itemListElement":[{"@type":"ListItem","position":1,"name":"Accueil","item":"https:\/\/dicodusport.fr\/blog\/"},{"@type":"ListItem","position":2,"name":"Transferts OM : Nayef Aguerd, Igor Julio, Joel Ordonez, Marseille attend son d\u00e9fenseur central"}]},{"@type":"WebSite","@id":"https:\/\/dicodusport.fr\/blog\/#website","url":"https:\/\/dicodusport.fr\/blog\/","name":"Dicodusport","description":"L&#039;encyclop\u00e9die de l&#039;actualit\u00e9 sportive","publisher":{"@id":"https:\/\/dicodusport.fr\/blog\/#organization"},"potentialAction":[{"@type":"SearchAction","target":{"@type":"EntryPoint","urlTemplate":"https:\/\/dicodusport.fr\/blog\/?s={search_term_string}"},"query-input":{"@type":"PropertyValueSpecification","valueRequired":true,"valueName":"search_term_string"}}],"inLanguage":"fr-FR"},{"@type":"NewsMediaOrganization","@id":"https:\/\/dicodusport.fr\/blog\/#organization","name":"Dicodusport","url":"https:\/\/dicodusport.fr\/blog\/","logo":{"@type":"ImageObject","inLanguage":"fr-FR","@id":"https:\/\/dicodusport.fr\/blog\/#\/schema\/logo\/image\/","url":"https:\/\/dicodusport.fr\/blog\/wp-content\/uploads\/2020\/06\/cropped-LOGO-DICODUSPORT-2020-SANS-FOND-SANS-TEXTE.png","contentUrl":"https:\/\/dicodusport.fr\/blog\/wp-content\/uploads\/2020\/06\/cropped-LOGO-DICODUSPORT-2020-SANS-FOND-SANS-TEXTE.png","width":512,"height":512,"caption":"Dicodusport"},"image":{"@id":"https:\/\/dicodusport.fr\/blog\/#\/schema\/logo\/image\/"},"sameAs":["https:\/\/www.facebook.com\/dicodusport","https:\/\/x.com\/dicodusport","https:\/\/www.instagram.com\/dicodusport\/","https:\/\/www.youtube.com\/channel\/UC7V2KZ5sd3htJivAbA4ZG3w"],"description":"Dicodusport est l'encyclop\u00e9die de l'actualit\u00e9 sportive.","email":"bonjour@dicodusport.fr","legalName":"DICODUSPORT","foundingDate":"2018-01-14","vatID":"FR71834470973","taxID":"83447097300043","numberOfEmployees":{"@type":"QuantitativeValue","minValue":"1","maxValue":"10"}},{"@type":"Person","@id":"https:\/\/dicodusport.fr\/blog\/#\/schema\/person\/55dcb50ad410894e431ed812bbb70191","name":"Nicolas Jacquemard","image":{"@type":"ImageObject","inLanguage":"fr-FR","@id":"https:\/\/dicodusport.fr\/blog\/#\/schema\/person\/image\/","url":"https:\/\/dicodusport.fr\/blog\/wp-content\/uploads\/2021\/05\/Nicolas-Jacquemard-150x150.jpeg","contentUrl":"https:\/\/dicodusport.fr\/blog\/wp-content\/uploads\/2021\/05\/Nicolas-Jacquemard-150x150.jpeg","caption":"Nicolas Jacquemard"},"description":"Passionn\u00e9 de sport et entrepreneur depuis mes 18 ans, la cr\u00e9ation de Dicodusport m'a sembl\u00e9 \u00e9vidente pour participer \u00e0 la m\u00e9diatisation d'un plus grand nombre de sports. Le chemin est long mais avec une \u00e9quipe des plus motiv\u00e9es et les Jeux Olympiques de Paris 2024 en point de mire, nous y arriverons ! Journaliste dans le monde du sport depuis plus de 5 ans, je traite aussi bien de football, de rugby, de biathlon que de cyclisme.","sameAs":["https:\/\/www.facebook.com\/dicodusport","https:\/\/x.com\/https:\/\/twitter.com\/Nico_Jacquemard"],"url":"https:\/\/dicodusport.fr\/blog\/author\/dicodusport\/"}]}},"_links":{"self":[{"href":"https:\/\/dicodusport.fr\/blog\/wp-json\/wp\/v2\/posts\/600503","targetHints":{"allow":["GET"]}}],"collection":[{"href":"https:\/\/dicodusport.fr\/blog\/wp-json\/wp\/v2\/posts"}],"about":[{"href":"https:\/\/dicodusport.fr\/blog\/wp-json\/wp\/v2\/types\/post"}],"author":[{"embeddable":true,"href":"https:\/\/dicodusport.fr\/blog\/wp-json\/wp\/v2\/users\/1"}],"replies":[{"embeddable":true,"href":"https:\/\/dicodusport.fr\/blog\/wp-json\/wp\/v2\/comments?post=600503"}],"version-history":[{"count":4,"href":"https:\/\/dicodusport.fr\/blog\/wp-json\/wp\/v2\/posts\/600503\/revisions"}],"predecessor-version":[{"id":600509,"href":"https:\/\/dicodusport.fr\/blog\/wp-json\/wp\/v2\/posts\/600503\/revisions\/600509"}],"wp:featuredmedia":[{"embeddable":true,"href":"https:\/\/dicodusport.fr\/blog\/wp-json\/wp\/v2\/media\/600504"}],"wp:attachment":[{"href":"https:\/\/dicodusport.fr\/blog\/wp-json\/wp\/v2\/media?parent=600503"}],"wp:term":[{"taxonomy":"category","embeddable":true,"href":"https:\/\/dicodusport.fr\/blog\/wp-json\/wp\/v2\/categories?post=600503"},{"taxonomy":"post_tag","embeddable":true,"href":"https:\/\/dicodusport.fr\/blog\/wp-json\/wp\/v2\/tags?post=600503"}],"curies":[{"name":"wp","href":"https:\/\/api.w.org\/{rel}","templated":true}]}}