{"id":600583,"date":"2025-08-05T16:34:54","date_gmt":"2025-08-05T14:34:54","guid":{"rendered":"https:\/\/dicodusport.fr\/blog\/?p=600583&#038;preview=true&#038;preview_id=600583"},"modified":"2025-08-05T17:54:04","modified_gmt":"2025-08-05T15:54:04","slug":"tour-de-pologne-2025-paul-lapeira-fait-coup-double-sur-la-2eme-etape","status":"publish","type":"post","link":"https:\/\/dicodusport.fr\/blog\/tour-de-pologne-2025-paul-lapeira-fait-coup-double-sur-la-2eme-etape\/","title":{"rendered":"Tour de Pologne 2025 : Paul Lapeira fait coup double sur la 2\u00e8me \u00e9tape !"},"content":{"rendered":"<p style=\"text-align: justify;\"><strong><em>TOUR DE POLOGNE 2025 &#8211; Au sommet d\u2019une ascension finale de trois kilom\u00e8tres, Paul Lapeira (Decathlon AG2R La Mondiale Team) d\u00e9croche son premier succ\u00e8s de la saison au sprint. Le coureur tricolore s\u2019empare de la t\u00eate du classement g\u00e9n\u00e9ral.<\/em><\/strong><\/p>\n<ul>\n<li style=\"text-align: justify;\"><strong>\u00c0 ce sujet \u2013\u00a0<a href=\"https:\/\/dicodusport.fr\/blog\/2eme-etape-tour-de-pologne-2025-classement-et-resultats\/\">2\u00e8me \u00e9tape Tour de Pologne 2025 \u2013 Classement et r\u00e9sultats<\/a><\/strong><\/li>\n<\/ul>\n<p style=\"font-weight: 400; text-align: justify;\">Apr\u00e8s un premier acte r\u00e9serv\u00e9 aux sprinteurs, le <strong>Tour de Pologne<\/strong> prenait d\u00e9j\u00e0 de la hauteur. Trac\u00e9e dans les <strong>Monts des G\u00e9ants<\/strong>, \u00e0 la limite de la fronti\u00e8re tch\u00e8que, cette boucle de 149 km trac\u00e9e autour de la ville de <strong>Karpacz<\/strong> comprenait pas moins de cinq ascensions r\u00e9pertori\u00e9es. En guise de digestif, une difficult\u00e9 finale en deux temps, au sommet de laquelle \u00e9tait jug\u00e9e l\u2019arriv\u00e9e.<\/p>\n<ul>\n<li style=\"text-align: justify;\"><strong>\u00c0 ce sujet \u2013\u00a0<a href=\"https:\/\/dicodusport.fr\/blog\/classement-general-tour-de-pologne-2025-mis-a-jour\/\">Classement g\u00e9n\u00e9ral Tour de Pologne 2025 mis \u00e0 jour<\/a><\/strong><\/li>\n<\/ul>\n<h2 style=\"font-weight: 400; text-align: justify;\"><strong>Pr\u00e9sent dans l\u2019\u00e9chapp\u00e9e matinale, Max Walker y a cru<\/strong><\/h2>\n<p style=\"font-weight: 400; text-align: justify;\">\u00c0 peine le d\u00e9part donn\u00e9 \u00e0 la sortie de <strong>Karpacz<\/strong>, ils \u00e9taient quatre coureurs \u00e0 s\u2019extirper du peloton et former l\u2019\u00e9chapp\u00e9e du jour. <strong>Max Walker<\/strong> (EF Education-EasyPost), <strong>Patrick Gamper <\/strong>(Team Jayco AlUla) et les deux Polonais <strong>Tomasz Budzinski<\/strong> et <strong>Patryk Stosz<\/strong> (Voster ATS Team) prenaient la poudre d\u2019escampette et compt\u00e8rent jusqu\u2019\u00e0 quatre minutes d\u2019avance sur le peloton. Victime d\u2019un incident m\u00e9canique \u00e0 90 kilom\u00e8tres de l\u2019arriv\u00e9e, <strong>Patryk Stosz<\/strong> laissait ses compagnons du jour poursuivre leur aventure \u00e0 trois. \u00c0 21 kilom\u00e8tres du but, c\u2019\u00e9tait au tour de <strong>Tomasz Budzinski<\/strong> et <strong>Patrick Gamper<\/strong> de c\u00e9der, incapable de suivre l\u2019acc\u00e9l\u00e9ration de <strong>Max Walker<\/strong> dans l\u2019avant-derni\u00e8re difficult\u00e9 r\u00e9pertori\u00e9e de la journ\u00e9e.<\/p>\n<p style=\"font-weight: 400; text-align: justify;\">Le natif de l\u2019<strong>\u00eele de Man <\/strong>s\u2019engageait dans un num\u00e9ro en solitaire. Derri\u00e8re, les formations <strong>INEOS Grenadiers <\/strong>et <strong>Alpecin-Deceuninck<\/strong> assuraient la poursuite, \u00e0 l\u2019avant d\u2019un peloton point\u00e9 au-del\u00e0 de la minute \u00e0 dix kilom\u00e8tres de l\u2019arriv\u00e9e.<\/p>\n<p style=\"font-weight: 400; text-align: justify;\">H\u00e9las, l\u2019\u00e9cart n\u2019\u00e9tait pas suffisant pour <strong>Max Walker<\/strong>. Dans l\u2019ascension finale menant au terme de cette 2<sup>\u00e8me<\/sup>\u00e9tape, le coureur de la formation <strong>EF Education-EasyPost<\/strong> \u00e9tait repris \u00e0 cinq kilom\u00e8tres du but. <strong>Max Walker <\/strong>\u00e9tait r\u00e9compens\u00e9 de son effort par le titre de combatif du jour.<\/p>\n<div class=\"vlp-link-container vlp-layout-article\"><a href=\"https:\/\/dicodusport.fr\/blog\/tour-de-pologne-2025-parcours-detaille-et-profils-des-etapes\/\" class=\"vlp-link\" title=\"Tour de Pologne 2025 : Parcours d\u00e9taill\u00e9 et profils des \u00e9tapes\"><\/a><div class=\"vlp-layout-zone-side\"><div class=\"vlp-block-4 vlp-link-image\"><img loading=\"lazy\" decoding=\"async\" style=\"max-width: 792px;\" width=\"792\" height=\"445\" src=\"https:\/\/dicodusport.fr\/blog\/wp-content\/uploads\/2025\/08\/Tour-de-Pologne-2025-Parcours-detaille-et-profils-des-etapes.png\" class=\"attachment-800x445 size-800x445\" alt=\"Tour de Pologne 2025 Parcours d\u00e9taill\u00e9 et profils des \u00e9tapes\" srcset=\"https:\/\/dicodusport.fr\/blog\/wp-content\/uploads\/2025\/08\/Tour-de-Pologne-2025-Parcours-detaille-et-profils-des-etapes.png 1200w, https:\/\/dicodusport.fr\/blog\/wp-content\/uploads\/2025\/08\/Tour-de-Pologne-2025-Parcours-detaille-et-profils-des-etapes-300x169.png 300w, https:\/\/dicodusport.fr\/blog\/wp-content\/uploads\/2025\/08\/Tour-de-Pologne-2025-Parcours-detaille-et-profils-des-etapes-1024x575.png 1024w, https:\/\/dicodusport.fr\/blog\/wp-content\/uploads\/2025\/08\/Tour-de-Pologne-2025-Parcours-detaille-et-profils-des-etapes-768x431.png 768w\" sizes=\"auto, (max-width: 792px) 100vw, 792px\" \/><\/div><\/div><div class=\"vlp-layout-zone-main\"><div class=\"vlp-block-0 vlp-link-title\">Tour de Pologne 2025 : Parcours d\u00e9taill\u00e9 et profils des \u00e9tapes<\/div><div class=\"vlp-block-1 vlp-link-summary\">D\u00e9couvrez le parcours complet et les profils des \u00e9tapes du Tour de Pologne 2025, 82\u00e8me \u00e9dition de l'\u00e9preuve polonaise par \u00e9tapes, qui se d\u00e9roule du 4 au 10 ao\u00fbt.\u00a0<\/div><div class=\"vlp-block-2 vlp-link-button\">Lire l'article<\/div><div class=\"vlp-block-3 vlp-link-url\">dicodusport.fr<\/div><\/div><\/div>\n<h2 style=\"font-weight: 400; text-align: justify;\"><strong>Paul Lapeira s\u2019impose en costaud<\/strong><\/h2>\n<p style=\"font-weight: 400; text-align: justify;\">Le dernier fuyard repris, le tempo continuait \u00e0 s\u2019acc\u00e9l\u00e9rer en t\u00eate de peloton. Les formations <strong>UAE Team Emirates XRG<\/strong>, <strong>Decathlon AG2R La Mondiale<\/strong> et <strong>INEOS Grenadiers <\/strong>se succ\u00e9daient en t\u00eate de peloton, imprimant un rythme effr\u00e9n\u00e9 ne permettant \u00e0 aucun coureur de s\u2019extirper en solitaire.<\/p>\n<p style=\"font-weight: 400; text-align: justify;\">\u00c0 400 m\u00e8tres de l\u2019arriv\u00e9e, <strong>Jan Christen<\/strong> (UAE Team Emirates XRG) \u00e9tait le premier \u00e0 lancer les hostilit\u00e9s en lan\u00e7ant son sprint de tr\u00e8s loin. <strong>Finn Fisher-Black<\/strong> embrayait, mais les deux coureurs buttaient dans les forts pourcentages de ces derniers hectom\u00e8tres.<\/p>\n<p style=\"font-weight: 400; text-align: justify;\"><strong>Paul Lapeira<\/strong> (Decathlon AG2R La Mondiale Team), lui, avait parfaitement attendu son heure. Le puncheur tricolore produisait son effort \u00e0 200 m\u00e8tres du but et distan\u00e7ait le reste du peloton. En costaud, il coupait la ligne d\u2019arriv\u00e9e en premier, avec deux secondes d\u2019avance sur <strong>Mathias Vacek<\/strong> (Lidl-Trek) et <strong>Victor Langellotti <\/strong>(INEOS Grenadiers). <strong>Paul Lapeira<\/strong> d\u00e9croche sa premi\u00e8re victoire de la saison et fait coup double en prenant les commandes du classement g\u00e9n\u00e9ral.<\/p>\n<blockquote class=\"twitter-tweet\">\n<p dir=\"ltr\" lang=\"en\">Paul Lapeira steals victory in the uphill sprint finish to Stage 2 of the Tour of Poland! \ud83d\ude31 <a href=\"https:\/\/t.co\/sJ3SDRRaYr\">pic.twitter.com\/sJ3SDRRaYr<\/a><\/p>\n<p>\u2014 Cycling on TNT Sports (@cyclingontnt) <a href=\"https:\/\/twitter.com\/cyclingontnt\/status\/1952740020776792575?ref_src=twsrc%5Etfw\">August 5, 2025<\/a><\/p><\/blockquote>\n<p><script async src=\"https:\/\/platform.twitter.com\/widgets.js\" charset=\"utf-8\"><\/script><\/p>\n","protected":false},"excerpt":{"rendered":"<p>Au sommet d\u2019une ascension finale de trois kilom\u00e8tres, Paul Lapeira (Decathlon AG2R La Mondiale Team) d\u00e9croche son premier succ\u00e8s de la saison au sprint.<\/p>\n","protected":false},"author":107,"featured_media":600656,"comment_status":"open","ping_status":"closed","sticky":false,"template":"","format":"standard","meta":{"_acf_changed":false,"_daextam_enable_autolinks":"1","footnotes":""},"categories":[46994],"tags":[16878,574,11197,24,8391],"class_list":["post-600583","post","type-post","status-publish","format-standard","has-post-thumbnail","hentry","category-cyclisme-sur-route","tag-breve","tag-cyclisme","tag-cyclisme-sur-route","tag-sport","tag-tour-de-pologne"],"acf":[],"yoast_head":"<!-- This site is optimized with the Yoast SEO Premium plugin v26.7 (Yoast SEO v26.7) - https:\/\/yoast.com\/wordpress\/plugins\/seo\/ -->\n<title>Tour de Pologne 2025 : Paul Lapeira fait coup double sur la 2\u00e8me \u00e9tape !<\/title>\n<meta name=\"description\" content=\"TOUR DE POLOGNE 2025 - Au sommet d\u2019une ascension finale de 3 km, Paul Lapeira (Decathlon AG2R La Mondiale) d\u00e9croche son premier succ\u00e8s de la saison.\" \/>\n<meta name=\"robots\" content=\"index, follow, max-snippet:-1, max-image-preview:large, max-video-preview:-1\" \/>\n<link rel=\"canonical\" href=\"https:\/\/dicodusport.fr\/blog\/tour-de-pologne-2025-paul-lapeira-fait-coup-double-sur-la-2eme-etape\/\" \/>\n<meta property=\"og:locale\" content=\"fr_FR\" \/>\n<meta property=\"og:type\" content=\"article\" \/>\n<meta property=\"og:title\" content=\"Tour de Pologne 2025 : Paul Lapeira fait coup double sur la 2\u00e8me \u00e9tape !\" \/>\n<meta property=\"og:description\" content=\"TOUR DE POLOGNE 2025 - Au sommet d\u2019une ascension finale de 3 km, Paul Lapeira (Decathlon AG2R La Mondiale) d\u00e9croche son premier succ\u00e8s de la saison.\" \/>\n<meta property=\"og:url\" content=\"https:\/\/dicodusport.fr\/blog\/tour-de-pologne-2025-paul-lapeira-fait-coup-double-sur-la-2eme-etape\/\" \/>\n<meta property=\"og:site_name\" content=\"Dicodusport\" \/>\n<meta property=\"article:publisher\" content=\"https:\/\/www.facebook.com\/dicodusport\" \/>\n<meta property=\"article:published_time\" content=\"2025-08-05T14:34:54+00:00\" \/>\n<meta property=\"article:modified_time\" content=\"2025-08-05T15:54:04+00:00\" \/>\n<meta property=\"og:image\" content=\"https:\/\/dicodusport.fr\/blog\/wp-content\/uploads\/2025\/08\/Tour-de-Pologne-2025-Paul-Lapeira-fait-coup-double-sur-la-2eme-etape-2.png\" \/>\n\t<meta property=\"og:image:width\" content=\"1200\" \/>\n\t<meta property=\"og:image:height\" content=\"674\" \/>\n\t<meta property=\"og:image:type\" content=\"image\/png\" \/>\n<meta name=\"author\" content=\"Th\u00e9o Gripon Auer\" \/>\n<meta name=\"twitter:card\" content=\"summary_large_image\" \/>\n<meta name=\"twitter:title\" content=\"Tour de Pologne 2025 : Paul Lapeira fait coup double sur la 2\u00e8me \u00e9tape !\" \/>\n<meta name=\"twitter:creator\" content=\"@dicodusport\" \/>\n<meta name=\"twitter:site\" content=\"@dicodusport\" \/>\n<script type=\"application\/ld+json\" class=\"yoast-schema-graph\">{\"@context\":\"https:\/\/schema.org\",\"@graph\":[{\"@type\":\"NewsArticle\",\"@id\":\"https:\/\/dicodusport.fr\/blog\/tour-de-pologne-2025-paul-lapeira-fait-coup-double-sur-la-2eme-etape\/#article\",\"isPartOf\":{\"@id\":\"https:\/\/dicodusport.fr\/blog\/tour-de-pologne-2025-paul-lapeira-fait-coup-double-sur-la-2eme-etape\/\"},\"author\":{\"name\":\"Th\u00e9o Gripon Auer\",\"@id\":\"https:\/\/dicodusport.fr\/blog\/#\/schema\/person\/c0d35c220c4e79773da9e19a595ab67c\"},\"headline\":\"Tour de Pologne 2025 : Paul Lapeira fait coup double sur la 2\u00e8me \u00e9tape !\",\"datePublished\":\"2025-08-05T14:34:54+00:00\",\"dateModified\":\"2025-08-05T15:54:04+00:00\",\"mainEntityOfPage\":{\"@id\":\"https:\/\/dicodusport.fr\/blog\/tour-de-pologne-2025-paul-lapeira-fait-coup-double-sur-la-2eme-etape\/\"},\"wordCount\":674,\"commentCount\":0,\"publisher\":{\"@id\":\"https:\/\/dicodusport.fr\/blog\/#organization\"},\"image\":{\"@id\":\"https:\/\/dicodusport.fr\/blog\/tour-de-pologne-2025-paul-lapeira-fait-coup-double-sur-la-2eme-etape\/#primaryimage\"},\"thumbnailUrl\":\"https:\/\/dicodusport.fr\/blog\/wp-content\/uploads\/2025\/08\/Tour-de-Pologne-2025-Paul-Lapeira-fait-coup-double-sur-la-2eme-etape-2.png\",\"keywords\":[\"br\u00e8ve\",\"Cyclisme\",\"Cyclisme sur route\",\"sport\",\"Tour de Pologne\"],\"articleSection\":[\"Cyclisme sur route\"],\"inLanguage\":\"fr-FR\",\"potentialAction\":[{\"@type\":\"CommentAction\",\"name\":\"Comment\",\"target\":[\"https:\/\/dicodusport.fr\/blog\/tour-de-pologne-2025-paul-lapeira-fait-coup-double-sur-la-2eme-etape\/#respond\"]}],\"copyrightYear\":\"2025\",\"copyrightHolder\":{\"@id\":\"https:\/\/dicodusport.fr\/blog\/#organization\"}},{\"@type\":\"WebPage\",\"@id\":\"https:\/\/dicodusport.fr\/blog\/tour-de-pologne-2025-paul-lapeira-fait-coup-double-sur-la-2eme-etape\/\",\"url\":\"https:\/\/dicodusport.fr\/blog\/tour-de-pologne-2025-paul-lapeira-fait-coup-double-sur-la-2eme-etape\/\",\"name\":\"Tour de Pologne 2025 : Paul Lapeira fait coup double sur la 2\u00e8me \u00e9tape !\",\"isPartOf\":{\"@id\":\"https:\/\/dicodusport.fr\/blog\/#website\"},\"primaryImageOfPage\":{\"@id\":\"https:\/\/dicodusport.fr\/blog\/tour-de-pologne-2025-paul-lapeira-fait-coup-double-sur-la-2eme-etape\/#primaryimage\"},\"image\":{\"@id\":\"https:\/\/dicodusport.fr\/blog\/tour-de-pologne-2025-paul-lapeira-fait-coup-double-sur-la-2eme-etape\/#primaryimage\"},\"thumbnailUrl\":\"https:\/\/dicodusport.fr\/blog\/wp-content\/uploads\/2025\/08\/Tour-de-Pologne-2025-Paul-Lapeira-fait-coup-double-sur-la-2eme-etape-2.png\",\"datePublished\":\"2025-08-05T14:34:54+00:00\",\"dateModified\":\"2025-08-05T15:54:04+00:00\",\"description\":\"TOUR DE POLOGNE 2025 - Au sommet d\u2019une ascension finale de 3 km, Paul Lapeira (Decathlon AG2R La Mondiale) d\u00e9croche son premier succ\u00e8s de la saison.\",\"breadcrumb\":{\"@id\":\"https:\/\/dicodusport.fr\/blog\/tour-de-pologne-2025-paul-lapeira-fait-coup-double-sur-la-2eme-etape\/#breadcrumb\"},\"inLanguage\":\"fr-FR\",\"potentialAction\":[{\"@type\":\"ReadAction\",\"target\":[\"https:\/\/dicodusport.fr\/blog\/tour-de-pologne-2025-paul-lapeira-fait-coup-double-sur-la-2eme-etape\/\"]}]},{\"@type\":\"ImageObject\",\"inLanguage\":\"fr-FR\",\"@id\":\"https:\/\/dicodusport.fr\/blog\/tour-de-pologne-2025-paul-lapeira-fait-coup-double-sur-la-2eme-etape\/#primaryimage\",\"url\":\"https:\/\/dicodusport.fr\/blog\/wp-content\/uploads\/2025\/08\/Tour-de-Pologne-2025-Paul-Lapeira-fait-coup-double-sur-la-2eme-etape-2.png\",\"contentUrl\":\"https:\/\/dicodusport.fr\/blog\/wp-content\/uploads\/2025\/08\/Tour-de-Pologne-2025-Paul-Lapeira-fait-coup-double-sur-la-2eme-etape-2.png\",\"width\":1200,\"height\":674,\"caption\":\"Tour de Pologne 2025 Paul Lapeira fait coup double sur la 2\u00e8me \u00e9tape ! (2)\"},{\"@type\":\"BreadcrumbList\",\"@id\":\"https:\/\/dicodusport.fr\/blog\/tour-de-pologne-2025-paul-lapeira-fait-coup-double-sur-la-2eme-etape\/#breadcrumb\",\"itemListElement\":[{\"@type\":\"ListItem\",\"position\":1,\"name\":\"Accueil\",\"item\":\"https:\/\/dicodusport.fr\/blog\/\"},{\"@type\":\"ListItem\",\"position\":2,\"name\":\"Tour de Pologne 2025 : Paul Lapeira fait coup double sur la 2\u00e8me \u00e9tape !\"}]},{\"@type\":\"WebSite\",\"@id\":\"https:\/\/dicodusport.fr\/blog\/#website\",\"url\":\"https:\/\/dicodusport.fr\/blog\/\",\"name\":\"Dicodusport\",\"description\":\"L&#039;encyclop\u00e9die de l&#039;actualit\u00e9 sportive\",\"publisher\":{\"@id\":\"https:\/\/dicodusport.fr\/blog\/#organization\"},\"potentialAction\":[{\"@type\":\"SearchAction\",\"target\":{\"@type\":\"EntryPoint\",\"urlTemplate\":\"https:\/\/dicodusport.fr\/blog\/?s={search_term_string}\"},\"query-input\":{\"@type\":\"PropertyValueSpecification\",\"valueRequired\":true,\"valueName\":\"search_term_string\"}}],\"inLanguage\":\"fr-FR\"},{\"@type\":\"NewsMediaOrganization\",\"@id\":\"https:\/\/dicodusport.fr\/blog\/#organization\",\"name\":\"Dicodusport\",\"url\":\"https:\/\/dicodusport.fr\/blog\/\",\"logo\":{\"@type\":\"ImageObject\",\"inLanguage\":\"fr-FR\",\"@id\":\"https:\/\/dicodusport.fr\/blog\/#\/schema\/logo\/image\/\",\"url\":\"https:\/\/dicodusport.fr\/blog\/wp-content\/uploads\/2020\/06\/cropped-LOGO-DICODUSPORT-2020-SANS-FOND-SANS-TEXTE.png\",\"contentUrl\":\"https:\/\/dicodusport.fr\/blog\/wp-content\/uploads\/2020\/06\/cropped-LOGO-DICODUSPORT-2020-SANS-FOND-SANS-TEXTE.png\",\"width\":512,\"height\":512,\"caption\":\"Dicodusport\"},\"image\":{\"@id\":\"https:\/\/dicodusport.fr\/blog\/#\/schema\/logo\/image\/\"},\"sameAs\":[\"https:\/\/www.facebook.com\/dicodusport\",\"https:\/\/x.com\/dicodusport\",\"https:\/\/www.instagram.com\/dicodusport\/\",\"https:\/\/www.youtube.com\/channel\/UC7V2KZ5sd3htJivAbA4ZG3w\"],\"description\":\"Dicodusport est l'encyclop\u00e9die de l'actualit\u00e9 sportive.\",\"email\":\"bonjour@dicodusport.fr\",\"legalName\":\"DICODUSPORT\",\"foundingDate\":\"2018-01-14\",\"vatID\":\"FR71834470973\",\"taxID\":\"83447097300043\",\"numberOfEmployees\":{\"@type\":\"QuantitativeValue\",\"minValue\":\"1\",\"maxValue\":\"10\"}},{\"@type\":\"Person\",\"@id\":\"https:\/\/dicodusport.fr\/blog\/#\/schema\/person\/c0d35c220c4e79773da9e19a595ab67c\",\"name\":\"Th\u00e9o Gripon Auer\",\"image\":{\"@type\":\"ImageObject\",\"inLanguage\":\"fr-FR\",\"@id\":\"https:\/\/dicodusport.fr\/blog\/#\/schema\/person\/image\/\",\"url\":\"https:\/\/dicodusport.fr\/blog\/wp-content\/uploads\/2025\/02\/Maillot-Dicodusport-Theo-150x150.png\",\"contentUrl\":\"https:\/\/dicodusport.fr\/blog\/wp-content\/uploads\/2025\/02\/Maillot-Dicodusport-Theo-150x150.png\",\"caption\":\"Th\u00e9o Gripon Auer\"},\"description\":\"Partag\u00e9 entre la passion du sport et celle de l\u2019\u00e9criture, je f\u00e9d\u00e8re les deux au service de Dicodusport. Un poil frustr\u00e9 de ne pas avoir r\u00e9ussi \u00e0 devenir sportif pro, alors que je ne me suis jamais fait les crois\u00e9s, je partage tout de m\u00eame un point commun avec Tadej Pogacar, Cristiano Ronaldo et John McEnroe : celui de n\u2019avoir jamais \u00e9t\u00e9 champion olympique.\",\"url\":\"https:\/\/dicodusport.fr\/blog\/author\/theo-gripon-auer\/\"}]}<\/script>\n<!-- \/ Yoast SEO Premium plugin. -->","yoast_head_json":{"title":"Tour de Pologne 2025 : Paul Lapeira fait coup double sur la 2\u00e8me \u00e9tape !","description":"TOUR DE POLOGNE 2025 - Au sommet d\u2019une ascension finale de 3 km, Paul Lapeira (Decathlon AG2R La Mondiale) d\u00e9croche son premier succ\u00e8s de la saison.","robots":{"index":"index","follow":"follow","max-snippet":"max-snippet:-1","max-image-preview":"max-image-preview:large","max-video-preview":"max-video-preview:-1"},"canonical":"https:\/\/dicodusport.fr\/blog\/tour-de-pologne-2025-paul-lapeira-fait-coup-double-sur-la-2eme-etape\/","og_locale":"fr_FR","og_type":"article","og_title":"Tour de Pologne 2025 : Paul Lapeira fait coup double sur la 2\u00e8me \u00e9tape !","og_description":"TOUR DE POLOGNE 2025 - Au sommet d\u2019une ascension finale de 3 km, Paul Lapeira (Decathlon AG2R La Mondiale) d\u00e9croche son premier succ\u00e8s de la saison.","og_url":"https:\/\/dicodusport.fr\/blog\/tour-de-pologne-2025-paul-lapeira-fait-coup-double-sur-la-2eme-etape\/","og_site_name":"Dicodusport","article_publisher":"https:\/\/www.facebook.com\/dicodusport","article_published_time":"2025-08-05T14:34:54+00:00","article_modified_time":"2025-08-05T15:54:04+00:00","og_image":[{"width":1200,"height":674,"url":"https:\/\/dicodusport.fr\/blog\/wp-content\/uploads\/2025\/08\/Tour-de-Pologne-2025-Paul-Lapeira-fait-coup-double-sur-la-2eme-etape-2.png","type":"image\/png"}],"author":"Th\u00e9o Gripon Auer","twitter_card":"summary_large_image","twitter_title":"Tour de Pologne 2025 : Paul Lapeira fait coup double sur la 2\u00e8me \u00e9tape !","twitter_creator":"@dicodusport","twitter_site":"@dicodusport","schema":{"@context":"https:\/\/schema.org","@graph":[{"@type":"NewsArticle","@id":"https:\/\/dicodusport.fr\/blog\/tour-de-pologne-2025-paul-lapeira-fait-coup-double-sur-la-2eme-etape\/#article","isPartOf":{"@id":"https:\/\/dicodusport.fr\/blog\/tour-de-pologne-2025-paul-lapeira-fait-coup-double-sur-la-2eme-etape\/"},"author":{"name":"Th\u00e9o Gripon Auer","@id":"https:\/\/dicodusport.fr\/blog\/#\/schema\/person\/c0d35c220c4e79773da9e19a595ab67c"},"headline":"Tour de Pologne 2025 : Paul Lapeira fait coup double sur la 2\u00e8me \u00e9tape !","datePublished":"2025-08-05T14:34:54+00:00","dateModified":"2025-08-05T15:54:04+00:00","mainEntityOfPage":{"@id":"https:\/\/dicodusport.fr\/blog\/tour-de-pologne-2025-paul-lapeira-fait-coup-double-sur-la-2eme-etape\/"},"wordCount":674,"commentCount":0,"publisher":{"@id":"https:\/\/dicodusport.fr\/blog\/#organization"},"image":{"@id":"https:\/\/dicodusport.fr\/blog\/tour-de-pologne-2025-paul-lapeira-fait-coup-double-sur-la-2eme-etape\/#primaryimage"},"thumbnailUrl":"https:\/\/dicodusport.fr\/blog\/wp-content\/uploads\/2025\/08\/Tour-de-Pologne-2025-Paul-Lapeira-fait-coup-double-sur-la-2eme-etape-2.png","keywords":["br\u00e8ve","Cyclisme","Cyclisme sur route","sport","Tour de Pologne"],"articleSection":["Cyclisme sur route"],"inLanguage":"fr-FR","potentialAction":[{"@type":"CommentAction","name":"Comment","target":["https:\/\/dicodusport.fr\/blog\/tour-de-pologne-2025-paul-lapeira-fait-coup-double-sur-la-2eme-etape\/#respond"]}],"copyrightYear":"2025","copyrightHolder":{"@id":"https:\/\/dicodusport.fr\/blog\/#organization"}},{"@type":"WebPage","@id":"https:\/\/dicodusport.fr\/blog\/tour-de-pologne-2025-paul-lapeira-fait-coup-double-sur-la-2eme-etape\/","url":"https:\/\/dicodusport.fr\/blog\/tour-de-pologne-2025-paul-lapeira-fait-coup-double-sur-la-2eme-etape\/","name":"Tour de Pologne 2025 : Paul Lapeira fait coup double sur la 2\u00e8me \u00e9tape !","isPartOf":{"@id":"https:\/\/dicodusport.fr\/blog\/#website"},"primaryImageOfPage":{"@id":"https:\/\/dicodusport.fr\/blog\/tour-de-pologne-2025-paul-lapeira-fait-coup-double-sur-la-2eme-etape\/#primaryimage"},"image":{"@id":"https:\/\/dicodusport.fr\/blog\/tour-de-pologne-2025-paul-lapeira-fait-coup-double-sur-la-2eme-etape\/#primaryimage"},"thumbnailUrl":"https:\/\/dicodusport.fr\/blog\/wp-content\/uploads\/2025\/08\/Tour-de-Pologne-2025-Paul-Lapeira-fait-coup-double-sur-la-2eme-etape-2.png","datePublished":"2025-08-05T14:34:54+00:00","dateModified":"2025-08-05T15:54:04+00:00","description":"TOUR DE POLOGNE 2025 - Au sommet d\u2019une ascension finale de 3 km, Paul Lapeira (Decathlon AG2R La Mondiale) d\u00e9croche son premier succ\u00e8s de la saison.","breadcrumb":{"@id":"https:\/\/dicodusport.fr\/blog\/tour-de-pologne-2025-paul-lapeira-fait-coup-double-sur-la-2eme-etape\/#breadcrumb"},"inLanguage":"fr-FR","potentialAction":[{"@type":"ReadAction","target":["https:\/\/dicodusport.fr\/blog\/tour-de-pologne-2025-paul-lapeira-fait-coup-double-sur-la-2eme-etape\/"]}]},{"@type":"ImageObject","inLanguage":"fr-FR","@id":"https:\/\/dicodusport.fr\/blog\/tour-de-pologne-2025-paul-lapeira-fait-coup-double-sur-la-2eme-etape\/#primaryimage","url":"https:\/\/dicodusport.fr\/blog\/wp-content\/uploads\/2025\/08\/Tour-de-Pologne-2025-Paul-Lapeira-fait-coup-double-sur-la-2eme-etape-2.png","contentUrl":"https:\/\/dicodusport.fr\/blog\/wp-content\/uploads\/2025\/08\/Tour-de-Pologne-2025-Paul-Lapeira-fait-coup-double-sur-la-2eme-etape-2.png","width":1200,"height":674,"caption":"Tour de Pologne 2025 Paul Lapeira fait coup double sur la 2\u00e8me \u00e9tape ! (2)"},{"@type":"BreadcrumbList","@id":"https:\/\/dicodusport.fr\/blog\/tour-de-pologne-2025-paul-lapeira-fait-coup-double-sur-la-2eme-etape\/#breadcrumb","itemListElement":[{"@type":"ListItem","position":1,"name":"Accueil","item":"https:\/\/dicodusport.fr\/blog\/"},{"@type":"ListItem","position":2,"name":"Tour de Pologne 2025 : Paul Lapeira fait coup double sur la 2\u00e8me \u00e9tape !"}]},{"@type":"WebSite","@id":"https:\/\/dicodusport.fr\/blog\/#website","url":"https:\/\/dicodusport.fr\/blog\/","name":"Dicodusport","description":"L&#039;encyclop\u00e9die de l&#039;actualit\u00e9 sportive","publisher":{"@id":"https:\/\/dicodusport.fr\/blog\/#organization"},"potentialAction":[{"@type":"SearchAction","target":{"@type":"EntryPoint","urlTemplate":"https:\/\/dicodusport.fr\/blog\/?s={search_term_string}"},"query-input":{"@type":"PropertyValueSpecification","valueRequired":true,"valueName":"search_term_string"}}],"inLanguage":"fr-FR"},{"@type":"NewsMediaOrganization","@id":"https:\/\/dicodusport.fr\/blog\/#organization","name":"Dicodusport","url":"https:\/\/dicodusport.fr\/blog\/","logo":{"@type":"ImageObject","inLanguage":"fr-FR","@id":"https:\/\/dicodusport.fr\/blog\/#\/schema\/logo\/image\/","url":"https:\/\/dicodusport.fr\/blog\/wp-content\/uploads\/2020\/06\/cropped-LOGO-DICODUSPORT-2020-SANS-FOND-SANS-TEXTE.png","contentUrl":"https:\/\/dicodusport.fr\/blog\/wp-content\/uploads\/2020\/06\/cropped-LOGO-DICODUSPORT-2020-SANS-FOND-SANS-TEXTE.png","width":512,"height":512,"caption":"Dicodusport"},"image":{"@id":"https:\/\/dicodusport.fr\/blog\/#\/schema\/logo\/image\/"},"sameAs":["https:\/\/www.facebook.com\/dicodusport","https:\/\/x.com\/dicodusport","https:\/\/www.instagram.com\/dicodusport\/","https:\/\/www.youtube.com\/channel\/UC7V2KZ5sd3htJivAbA4ZG3w"],"description":"Dicodusport est l'encyclop\u00e9die de l'actualit\u00e9 sportive.","email":"bonjour@dicodusport.fr","legalName":"DICODUSPORT","foundingDate":"2018-01-14","vatID":"FR71834470973","taxID":"83447097300043","numberOfEmployees":{"@type":"QuantitativeValue","minValue":"1","maxValue":"10"}},{"@type":"Person","@id":"https:\/\/dicodusport.fr\/blog\/#\/schema\/person\/c0d35c220c4e79773da9e19a595ab67c","name":"Th\u00e9o Gripon Auer","image":{"@type":"ImageObject","inLanguage":"fr-FR","@id":"https:\/\/dicodusport.fr\/blog\/#\/schema\/person\/image\/","url":"https:\/\/dicodusport.fr\/blog\/wp-content\/uploads\/2025\/02\/Maillot-Dicodusport-Theo-150x150.png","contentUrl":"https:\/\/dicodusport.fr\/blog\/wp-content\/uploads\/2025\/02\/Maillot-Dicodusport-Theo-150x150.png","caption":"Th\u00e9o Gripon Auer"},"description":"Partag\u00e9 entre la passion du sport et celle de l\u2019\u00e9criture, je f\u00e9d\u00e8re les deux au service de Dicodusport. Un poil frustr\u00e9 de ne pas avoir r\u00e9ussi \u00e0 devenir sportif pro, alors que je ne me suis jamais fait les crois\u00e9s, je partage tout de m\u00eame un point commun avec Tadej Pogacar, Cristiano Ronaldo et John McEnroe : celui de n\u2019avoir jamais \u00e9t\u00e9 champion olympique.","url":"https:\/\/dicodusport.fr\/blog\/author\/theo-gripon-auer\/"}]}},"_links":{"self":[{"href":"https:\/\/dicodusport.fr\/blog\/wp-json\/wp\/v2\/posts\/600583","targetHints":{"allow":["GET"]}}],"collection":[{"href":"https:\/\/dicodusport.fr\/blog\/wp-json\/wp\/v2\/posts"}],"about":[{"href":"https:\/\/dicodusport.fr\/blog\/wp-json\/wp\/v2\/types\/post"}],"author":[{"embeddable":true,"href":"https:\/\/dicodusport.fr\/blog\/wp-json\/wp\/v2\/users\/107"}],"replies":[{"embeddable":true,"href":"https:\/\/dicodusport.fr\/blog\/wp-json\/wp\/v2\/comments?post=600583"}],"version-history":[{"count":4,"href":"https:\/\/dicodusport.fr\/blog\/wp-json\/wp\/v2\/posts\/600583\/revisions"}],"predecessor-version":[{"id":600645,"href":"https:\/\/dicodusport.fr\/blog\/wp-json\/wp\/v2\/posts\/600583\/revisions\/600645"}],"wp:featuredmedia":[{"embeddable":true,"href":"https:\/\/dicodusport.fr\/blog\/wp-json\/wp\/v2\/media\/600656"}],"wp:attachment":[{"href":"https:\/\/dicodusport.fr\/blog\/wp-json\/wp\/v2\/media?parent=600583"}],"wp:term":[{"taxonomy":"category","embeddable":true,"href":"https:\/\/dicodusport.fr\/blog\/wp-json\/wp\/v2\/categories?post=600583"},{"taxonomy":"post_tag","embeddable":true,"href":"https:\/\/dicodusport.fr\/blog\/wp-json\/wp\/v2\/tags?post=600583"}],"curies":[{"name":"wp","href":"https:\/\/api.w.org\/{rel}","templated":true}]}}