{"id":600757,"date":"2025-08-06T13:47:56","date_gmt":"2025-08-06T11:47:56","guid":{"rendered":"https:\/\/dicodusport.fr\/blog\/?p=600757&#038;preview=true&#038;preview_id=600757"},"modified":"2025-08-06T13:47:56","modified_gmt":"2025-08-06T11:47:56","slug":"tour-ditalie-2026-le-giro-partira-de-bulgarie","status":"publish","type":"post","link":"https:\/\/dicodusport.fr\/blog\/tour-ditalie-2026-le-giro-partira-de-bulgarie\/","title":{"rendered":"Tour d&rsquo;Italie 2026 : Le Giro partira de Bulgarie"},"content":{"rendered":"<p style=\"text-align: justify;\"><strong><em>TOUR D&rsquo;ITALIE 2026 &#8211; Le Giro va d\u00e9couvrir un nouveau pays. En effet, le premier Grand Tour de la saison s&rsquo;\u00e9lancera de Bulgarie en 2026. Trois \u00e9tapes seront au programme pour le Grand D\u00e9part.<br \/>\n<\/em><\/strong><\/p>\n<p style=\"text-align: justify;\">Apr\u00e8s l&rsquo;Albanie en 2025, direction la Bulgarie en 2026. Le Giro s&rsquo;\u00e9lancera de nouveau de l&rsquo;\u00e9tranger l&rsquo;an prochain. \u00ab\u00a0<em>C&rsquo;est un \u00e9v\u00e9nement qui transforme le pays qui en accueille le d\u00e9part<\/em>\u00ab\u00a0, a d\u00e9clar\u00e9 le 6 ao\u00fbt le ministre bulgare du Tourisme, <strong>Miroslav Borshosh<\/strong>. Les coureurs disputeront trois \u00e9tapes en Bulgarie, un pays pas forc\u00e9ment connu pour ses routes ou ses coureurs. Ils sont d&rsquo;ailleurs plut\u00f4t dans la situation inverse. En effet, leur f\u00e9d\u00e9ration est dans la tourmente.<\/p>\n<p style=\"text-align: justify;\">La commission d\u2019\u00e9thique de l\u2019UCI a suspendu le pr\u00e9sident et le vice-pr\u00e9sident de la F\u00e9d\u00e9ration bulgare de cyclisme le 5 ao\u00fbt 2025. Il leur est reproch\u00e9 de graves violations \u00e9thiques et des probl\u00e8mes de gouvernance r\u00e9p\u00e9t\u00e9s. Apr\u00e8s le succ\u00e8s populaire sur les routes d&rsquo;Albanie cette ann\u00e9e, le choix d&rsquo;un pays comme la Bulgarie est assez logique. Les deux pays ne sont pas terres de cyclisme, mais l&rsquo;id\u00e9e est de faire ressortir la passion populaire que peut avoir un peuple lors d&rsquo;un \u00e9v\u00e9nement tel que le Tour d&rsquo;Italie.<\/p>\n<h2 style=\"text-align: justify;\">Yates pour d\u00e9fendre son titre en Bulgarie lors du Giro 2026 ?<\/h2>\n<p style=\"text-align: justify;\">Alors que la ville de Trieste (Italie) semblait promise \u00e0 l&rsquo;organisation du Grand D\u00e9part, le plan a donc chang\u00e9. Les ministres bulgares du tourisme et des sports, <strong>Miroslav Borshov<\/strong> et <strong>Ivan Peshev<\/strong>, ont annonc\u00e9 dans un expos\u00e9 conjoint qu&rsquo;ils avaient re\u00e7u le soutien du gouvernement bulgare pour finaliser les n\u00e9gociations afin d&rsquo;accueillir les trois premi\u00e8res \u00e9tapes. Ces derni\u00e8res n&rsquo;ont pour l&rsquo;heure pas \u00e9t\u00e9 d\u00e9voil\u00e9es, tout comme le parcours entier.<\/p>\n<div class=\"vlp-link-container vlp-layout-article\"><a href=\"https:\/\/dicodusport.fr\/blog\/simon-yates-remporte-le-tour-ditalie-2025-la-derniere-etape-pour-olav-kooij\/\" class=\"vlp-link\" title=\"Simon Yates remporte le Tour d&#039;Italie 2025, la derni\u00e8re \u00e9tape pour Olav Kooij\"><\/a><div class=\"vlp-layout-zone-side\"><div class=\"vlp-block-4 vlp-link-image\"><img loading=\"lazy\" decoding=\"async\" style=\"max-width: 792px;\" width=\"792\" height=\"445\" src=\"https:\/\/dicodusport.fr\/blog\/wp-content\/uploads\/2025\/06\/Simon-Yates-remporte-le-Tour-dItalie-2025-la-derniere-etape-pour-Olav-Kooij-1.png\" class=\"attachment-800x445 size-800x445\" alt=\"Simon Yates remporte le Tour d\u2019Italie 2025, la derni\u00e8re \u00e9tape pour Olav Kooij\" srcset=\"https:\/\/dicodusport.fr\/blog\/wp-content\/uploads\/2025\/06\/Simon-Yates-remporte-le-Tour-dItalie-2025-la-derniere-etape-pour-Olav-Kooij-1.png 1200w, https:\/\/dicodusport.fr\/blog\/wp-content\/uploads\/2025\/06\/Simon-Yates-remporte-le-Tour-dItalie-2025-la-derniere-etape-pour-Olav-Kooij-1-300x169.png 300w, https:\/\/dicodusport.fr\/blog\/wp-content\/uploads\/2025\/06\/Simon-Yates-remporte-le-Tour-dItalie-2025-la-derniere-etape-pour-Olav-Kooij-1-1024x575.png 1024w, https:\/\/dicodusport.fr\/blog\/wp-content\/uploads\/2025\/06\/Simon-Yates-remporte-le-Tour-dItalie-2025-la-derniere-etape-pour-Olav-Kooij-1-768x431.png 768w\" sizes=\"auto, (max-width: 792px) 100vw, 792px\" \/><\/div><\/div><div class=\"vlp-layout-zone-main\"><div class=\"vlp-block-0 vlp-link-title\">Simon Yates remporte le Tour d'Italie 2025, la derni\u00e8re \u00e9tape pour Olav Kooij<\/div><div class=\"vlp-block-1 vlp-link-summary\">Olav Kooij (Visma Lease a Bike) a remport\u00e9 au sprint la 21\u00e8me et derni\u00e8re \u00e9tape du Tour d'Italie 2025, \u00e0 Rome, dimanche. Son co\u00e9quipier Simon Yates s'est adjug\u00e9 le classement g\u00e9n\u00e9ral final de cette 108\u00e8me \u00e9dition.\u00a0<\/div><div class=\"vlp-block-2 vlp-link-button\">Lire l'article<\/div><div class=\"vlp-block-3 vlp-link-url\">dicodusport.fr<\/div><\/div><\/div>\n<p style=\"text-align: justify;\"><strong>Simon Yates<\/strong> sera-t-il au d\u00e9part pour d\u00e9fendre <a href=\"https:\/\/dicodusport.fr\/blog\/tour-ditalie-2025-classement-general-du-giro\/\">son titre<\/a> ? <strong>Isaac Del Toro<\/strong> reviendra-t-il pour remporter la victoire ? <strong>Jonas Vingegaard<\/strong>, apr\u00e8s <a href=\"https:\/\/dicodusport.fr\/blog\/billet-dhumeur-tour-de-france-l-ingratitude-de-la-visma-lease-a-bike-envers-jonas-vingegaard\/\">deux \u00e9checs cons\u00e9cutifs sur le Tour de France<\/a>, va-t-il se tourner vers le Giro 2026 en Bulgarie ?<a href=\"https:\/\/dicodusport.fr\/blog\/remco-evenepoel-chez-red-bull-bora-hansgrohe-cest-fait\/\"> <strong>Remco<\/strong> <strong>Evenepoel<\/strong><\/a>, r\u00e9cemment recrut\u00e9 par la RedBull Bora-Hansgrohe, choisira-t-il le Tour d&rsquo;Italie plut\u00f4t que le Tour de France, o\u00f9 la domination de <strong>Vingegaard<\/strong> et <strong>Poga\u010dar<\/strong> ne laisse que peu de chances aux autres favoris ? En parlant du Slov\u00e8ne, reviendra-t-il en Italie, deux ans apr\u00e8s sa victoire finale ?<\/p>\n<blockquote class=\"twitter-tweet\">\n<p dir=\"ltr\" lang=\"fr\">La Bulgarie accueillera le Grand D\u00e9part du Tour d&rsquo;Italie 2026, selon une annonce du gouvernement bulgare ce mercredi. 3 \u00e9tapes seront au programme pour le Grand D\u00e9part. Elles seront d\u00e9voil\u00e9es ult\u00e9rieurement.<\/p>\n<p>Le Giro s&rsquo;est d\u00e9j\u00e0 \u00e9lanc\u00e9 de l&rsquo;\u00e9tranger cette ann\u00e9e, depuis l&rsquo;Albanie. <a href=\"https:\/\/t.co\/ZpJlS3R64T\">pic.twitter.com\/ZpJlS3R64T<\/a><\/p>\n<p>\u2014 Le Gruppetto (@LeGruppetto) <a href=\"https:\/\/twitter.com\/LeGruppetto\/status\/1953051336318071216?ref_src=twsrc%5Etfw\">August 6, 2025<\/a><\/p><\/blockquote>\n<p style=\"text-align: justify;\"><script async src=\"https:\/\/platform.twitter.com\/widgets.js\" charset=\"utf-8\"><\/script><\/p>\n<h3 style=\"text-align: justify;\">\u00c0 lire aussi<\/h3>\n<div class=\"vlp-link-container vlp-layout-article\"><a href=\"https:\/\/dicodusport.fr\/blog\/cyclisme-mercato-2025-2026-le-tableau-des-transferts\/\" class=\"vlp-link\" title=\"Cyclisme Mercato 2025-2026 - Le tableau des transferts\"><\/a><div class=\"vlp-layout-zone-side\"><div class=\"vlp-block-4 vlp-link-image\"><img loading=\"lazy\" decoding=\"async\" style=\"max-width: 792px;\" width=\"792\" height=\"445\" src=\"https:\/\/dicodusport.fr\/blog\/wp-content\/uploads\/2025\/02\/Cyclisme-Mercato-2025-2026-Le-tableau-des-transferts.png\" class=\"attachment-800x445 size-800x445\" alt=\"Cyclisme Mercato 2025-2026 - Le tableau des transferts\" srcset=\"https:\/\/dicodusport.fr\/blog\/wp-content\/uploads\/2025\/02\/Cyclisme-Mercato-2025-2026-Le-tableau-des-transferts.png 1200w, https:\/\/dicodusport.fr\/blog\/wp-content\/uploads\/2025\/02\/Cyclisme-Mercato-2025-2026-Le-tableau-des-transferts-300x169.png 300w, https:\/\/dicodusport.fr\/blog\/wp-content\/uploads\/2025\/02\/Cyclisme-Mercato-2025-2026-Le-tableau-des-transferts-1024x575.png 1024w, https:\/\/dicodusport.fr\/blog\/wp-content\/uploads\/2025\/02\/Cyclisme-Mercato-2025-2026-Le-tableau-des-transferts-768x431.png 768w\" sizes=\"auto, (max-width: 792px) 100vw, 792px\" \/><\/div><\/div><div class=\"vlp-layout-zone-main\"><div class=\"vlp-block-0 vlp-link-title\">Cyclisme Mercato 2025-2026 - Le tableau des transferts<\/div><div class=\"vlp-block-1 vlp-link-summary\">MERCATO CYCLISME 2025-2026 - D\u00e9couvrez les transferts officiels et les rumeurs du mercato cycliste.<\/div><div class=\"vlp-block-2 vlp-link-button\">Lire l'article<\/div><div class=\"vlp-block-3 vlp-link-url\">dicodusport.fr<\/div><\/div><\/div>\n","protected":false},"excerpt":{"rendered":"<p>TOUR D&rsquo;ITALIE 2026 &#8211; Le Giro va d\u00e9couvrir un nouveau pays. En effet, le premier Grand Tour de la saison s&rsquo;\u00e9lancera de Bulgarie en 2026. Trois \u00e9tapes seront au programme pour le Grand D\u00e9part.<\/p>\n","protected":false},"author":88,"featured_media":600767,"comment_status":"open","ping_status":"closed","sticky":false,"template":"","format":"standard","meta":{"_acf_changed":false,"_daextam_enable_autolinks":"1","footnotes":""},"categories":[47041],"tags":[16878,4722],"class_list":["post-600757","post","type-post","status-publish","format-standard","has-post-thumbnail","hentry","category-tour-d-italie","tag-breve","tag-tour-ditalie"],"acf":[],"yoast_head":"<!-- This site is optimized with the Yoast SEO Premium plugin v26.7 (Yoast SEO v26.7) - https:\/\/yoast.com\/wordpress\/plugins\/seo\/ -->\n<title>Tour d&#039;Italie 2026 : Le Giro partira de Bulgarie<\/title>\n<meta name=\"description\" content=\"TOUR D&#039;ITALIE 2026 - Le Giro va d\u00e9couvrir un nouveau pays. En effet, le premier Grand Tour de la saison s&#039;\u00e9lancera de Bulgarie en 2026.\" \/>\n<meta name=\"robots\" content=\"index, follow, max-snippet:-1, max-image-preview:large, max-video-preview:-1\" \/>\n<link rel=\"canonical\" href=\"https:\/\/dicodusport.fr\/blog\/tour-ditalie-2026-le-giro-partira-de-bulgarie\/\" \/>\n<meta property=\"og:locale\" content=\"fr_FR\" \/>\n<meta property=\"og:type\" content=\"article\" \/>\n<meta property=\"og:title\" content=\"Tour d&#039;Italie 2026 : Le Giro partira de Bulgarie\" \/>\n<meta property=\"og:description\" content=\"TOUR D&#039;ITALIE 2026 - Le Giro va d\u00e9couvrir un nouveau pays. En effet, le premier Grand Tour de la saison s&#039;\u00e9lancera de Bulgarie en 2026.\" \/>\n<meta property=\"og:url\" content=\"https:\/\/dicodusport.fr\/blog\/tour-ditalie-2026-le-giro-partira-de-bulgarie\/\" \/>\n<meta property=\"og:site_name\" content=\"Dicodusport\" \/>\n<meta property=\"article:publisher\" content=\"https:\/\/www.facebook.com\/dicodusport\" \/>\n<meta property=\"article:published_time\" content=\"2025-08-06T11:47:56+00:00\" \/>\n<meta property=\"og:image\" content=\"https:\/\/dicodusport.fr\/blog\/wp-content\/uploads\/2025\/08\/Tour-dItalie-2026-Le-Giro-partira-de-Bulgarie.png\" \/>\n\t<meta property=\"og:image:width\" content=\"1200\" \/>\n\t<meta property=\"og:image:height\" content=\"674\" \/>\n\t<meta property=\"og:image:type\" content=\"image\/png\" \/>\n<meta name=\"author\" content=\"Paul Lalevee\" \/>\n<meta name=\"twitter:card\" content=\"summary_large_image\" \/>\n<meta name=\"twitter:title\" content=\"Tour d&#039;Italie 2026 : Le Giro partira de Bulgarie\" \/>\n<meta name=\"twitter:creator\" content=\"@dicodusport\" \/>\n<meta name=\"twitter:site\" content=\"@dicodusport\" \/>\n<script type=\"application\/ld+json\" class=\"yoast-schema-graph\">{\"@context\":\"https:\/\/schema.org\",\"@graph\":[{\"@type\":\"NewsArticle\",\"@id\":\"https:\/\/dicodusport.fr\/blog\/tour-ditalie-2026-le-giro-partira-de-bulgarie\/#article\",\"isPartOf\":{\"@id\":\"https:\/\/dicodusport.fr\/blog\/tour-ditalie-2026-le-giro-partira-de-bulgarie\/\"},\"author\":{\"name\":\"Paul Lalevee\",\"@id\":\"https:\/\/dicodusport.fr\/blog\/#\/schema\/person\/1eaa63dfac40b5e5c47f03a71920c1cd\"},\"headline\":\"Tour d&rsquo;Italie 2026 : Le Giro partira de Bulgarie\",\"datePublished\":\"2025-08-06T11:47:56+00:00\",\"mainEntityOfPage\":{\"@id\":\"https:\/\/dicodusport.fr\/blog\/tour-ditalie-2026-le-giro-partira-de-bulgarie\/\"},\"wordCount\":657,\"commentCount\":0,\"publisher\":{\"@id\":\"https:\/\/dicodusport.fr\/blog\/#organization\"},\"image\":{\"@id\":\"https:\/\/dicodusport.fr\/blog\/tour-ditalie-2026-le-giro-partira-de-bulgarie\/#primaryimage\"},\"thumbnailUrl\":\"https:\/\/dicodusport.fr\/blog\/wp-content\/uploads\/2025\/08\/Tour-dItalie-2026-Le-Giro-partira-de-Bulgarie.png\",\"keywords\":[\"br\u00e8ve\",\"Tour d'Italie\"],\"articleSection\":[\"Tour d'Italie\"],\"inLanguage\":\"fr-FR\",\"potentialAction\":[{\"@type\":\"CommentAction\",\"name\":\"Comment\",\"target\":[\"https:\/\/dicodusport.fr\/blog\/tour-ditalie-2026-le-giro-partira-de-bulgarie\/#respond\"]}],\"copyrightYear\":\"2025\",\"copyrightHolder\":{\"@id\":\"https:\/\/dicodusport.fr\/blog\/#organization\"}},{\"@type\":\"WebPage\",\"@id\":\"https:\/\/dicodusport.fr\/blog\/tour-ditalie-2026-le-giro-partira-de-bulgarie\/\",\"url\":\"https:\/\/dicodusport.fr\/blog\/tour-ditalie-2026-le-giro-partira-de-bulgarie\/\",\"name\":\"Tour d'Italie 2026 : Le Giro partira de Bulgarie\",\"isPartOf\":{\"@id\":\"https:\/\/dicodusport.fr\/blog\/#website\"},\"primaryImageOfPage\":{\"@id\":\"https:\/\/dicodusport.fr\/blog\/tour-ditalie-2026-le-giro-partira-de-bulgarie\/#primaryimage\"},\"image\":{\"@id\":\"https:\/\/dicodusport.fr\/blog\/tour-ditalie-2026-le-giro-partira-de-bulgarie\/#primaryimage\"},\"thumbnailUrl\":\"https:\/\/dicodusport.fr\/blog\/wp-content\/uploads\/2025\/08\/Tour-dItalie-2026-Le-Giro-partira-de-Bulgarie.png\",\"datePublished\":\"2025-08-06T11:47:56+00:00\",\"description\":\"TOUR D'ITALIE 2026 - Le Giro va d\u00e9couvrir un nouveau pays. En effet, le premier Grand Tour de la saison s'\u00e9lancera de Bulgarie en 2026.\",\"breadcrumb\":{\"@id\":\"https:\/\/dicodusport.fr\/blog\/tour-ditalie-2026-le-giro-partira-de-bulgarie\/#breadcrumb\"},\"inLanguage\":\"fr-FR\",\"potentialAction\":[{\"@type\":\"ReadAction\",\"target\":[\"https:\/\/dicodusport.fr\/blog\/tour-ditalie-2026-le-giro-partira-de-bulgarie\/\"]}]},{\"@type\":\"ImageObject\",\"inLanguage\":\"fr-FR\",\"@id\":\"https:\/\/dicodusport.fr\/blog\/tour-ditalie-2026-le-giro-partira-de-bulgarie\/#primaryimage\",\"url\":\"https:\/\/dicodusport.fr\/blog\/wp-content\/uploads\/2025\/08\/Tour-dItalie-2026-Le-Giro-partira-de-Bulgarie.png\",\"contentUrl\":\"https:\/\/dicodusport.fr\/blog\/wp-content\/uploads\/2025\/08\/Tour-dItalie-2026-Le-Giro-partira-de-Bulgarie.png\",\"width\":1200,\"height\":674,\"caption\":\"Tour d'Italie 2026 Le Giro partira de Bulgarie\"},{\"@type\":\"BreadcrumbList\",\"@id\":\"https:\/\/dicodusport.fr\/blog\/tour-ditalie-2026-le-giro-partira-de-bulgarie\/#breadcrumb\",\"itemListElement\":[{\"@type\":\"ListItem\",\"position\":1,\"name\":\"Accueil\",\"item\":\"https:\/\/dicodusport.fr\/blog\/\"},{\"@type\":\"ListItem\",\"position\":2,\"name\":\"Tour d&rsquo;Italie 2026 : Le Giro partira de Bulgarie\"}]},{\"@type\":\"WebSite\",\"@id\":\"https:\/\/dicodusport.fr\/blog\/#website\",\"url\":\"https:\/\/dicodusport.fr\/blog\/\",\"name\":\"Dicodusport\",\"description\":\"L&#039;encyclop\u00e9die de l&#039;actualit\u00e9 sportive\",\"publisher\":{\"@id\":\"https:\/\/dicodusport.fr\/blog\/#organization\"},\"potentialAction\":[{\"@type\":\"SearchAction\",\"target\":{\"@type\":\"EntryPoint\",\"urlTemplate\":\"https:\/\/dicodusport.fr\/blog\/?s={search_term_string}\"},\"query-input\":{\"@type\":\"PropertyValueSpecification\",\"valueRequired\":true,\"valueName\":\"search_term_string\"}}],\"inLanguage\":\"fr-FR\"},{\"@type\":\"NewsMediaOrganization\",\"@id\":\"https:\/\/dicodusport.fr\/blog\/#organization\",\"name\":\"Dicodusport\",\"url\":\"https:\/\/dicodusport.fr\/blog\/\",\"logo\":{\"@type\":\"ImageObject\",\"inLanguage\":\"fr-FR\",\"@id\":\"https:\/\/dicodusport.fr\/blog\/#\/schema\/logo\/image\/\",\"url\":\"https:\/\/dicodusport.fr\/blog\/wp-content\/uploads\/2020\/06\/cropped-LOGO-DICODUSPORT-2020-SANS-FOND-SANS-TEXTE.png\",\"contentUrl\":\"https:\/\/dicodusport.fr\/blog\/wp-content\/uploads\/2020\/06\/cropped-LOGO-DICODUSPORT-2020-SANS-FOND-SANS-TEXTE.png\",\"width\":512,\"height\":512,\"caption\":\"Dicodusport\"},\"image\":{\"@id\":\"https:\/\/dicodusport.fr\/blog\/#\/schema\/logo\/image\/\"},\"sameAs\":[\"https:\/\/www.facebook.com\/dicodusport\",\"https:\/\/x.com\/dicodusport\",\"https:\/\/www.instagram.com\/dicodusport\/\",\"https:\/\/www.youtube.com\/channel\/UC7V2KZ5sd3htJivAbA4ZG3w\"],\"description\":\"Dicodusport est l'encyclop\u00e9die de l'actualit\u00e9 sportive.\",\"email\":\"bonjour@dicodusport.fr\",\"legalName\":\"DICODUSPORT\",\"foundingDate\":\"2018-01-14\",\"vatID\":\"FR71834470973\",\"taxID\":\"83447097300043\",\"numberOfEmployees\":{\"@type\":\"QuantitativeValue\",\"minValue\":\"1\",\"maxValue\":\"10\"}},{\"@type\":\"Person\",\"@id\":\"https:\/\/dicodusport.fr\/blog\/#\/schema\/person\/1eaa63dfac40b5e5c47f03a71920c1cd\",\"name\":\"Paul Lalevee\",\"image\":{\"@type\":\"ImageObject\",\"inLanguage\":\"fr-FR\",\"@id\":\"https:\/\/dicodusport.fr\/blog\/#\/schema\/person\/image\/\",\"url\":\"https:\/\/dicodusport.fr\/blog\/wp-content\/uploads\/2023\/10\/291154246_1690604071293245_3118259335115946499_n-150x150.jpg\",\"contentUrl\":\"https:\/\/dicodusport.fr\/blog\/wp-content\/uploads\/2023\/10\/291154246_1690604071293245_3118259335115946499_n-150x150.jpg\",\"caption\":\"Paul Lalevee\"},\"description\":\"La bulle Disney pendant le Covid, le Tour 2019, la Coupe du monde 2018. Ces trois \u00e9v\u00e9nements majeurs sont ancr\u00e9s dans ma t\u00eate de fan de sport, n\u00e9gativement ou positivement. Passionn\u00e9 de sport depuis l'enfance, j'ai d\u00e9cid\u00e9 de mettre ma passion de l'\u00e9criture au service de cette premi\u00e8re passion.\",\"url\":\"https:\/\/dicodusport.fr\/blog\/author\/paul-lalevee\/\"}]}<\/script>\n<!-- \/ Yoast SEO Premium plugin. -->","yoast_head_json":{"title":"Tour d'Italie 2026 : Le Giro partira de Bulgarie","description":"TOUR D'ITALIE 2026 - Le Giro va d\u00e9couvrir un nouveau pays. En effet, le premier Grand Tour de la saison s'\u00e9lancera de Bulgarie en 2026.","robots":{"index":"index","follow":"follow","max-snippet":"max-snippet:-1","max-image-preview":"max-image-preview:large","max-video-preview":"max-video-preview:-1"},"canonical":"https:\/\/dicodusport.fr\/blog\/tour-ditalie-2026-le-giro-partira-de-bulgarie\/","og_locale":"fr_FR","og_type":"article","og_title":"Tour d'Italie 2026 : Le Giro partira de Bulgarie","og_description":"TOUR D'ITALIE 2026 - Le Giro va d\u00e9couvrir un nouveau pays. En effet, le premier Grand Tour de la saison s'\u00e9lancera de Bulgarie en 2026.","og_url":"https:\/\/dicodusport.fr\/blog\/tour-ditalie-2026-le-giro-partira-de-bulgarie\/","og_site_name":"Dicodusport","article_publisher":"https:\/\/www.facebook.com\/dicodusport","article_published_time":"2025-08-06T11:47:56+00:00","og_image":[{"width":1200,"height":674,"url":"https:\/\/dicodusport.fr\/blog\/wp-content\/uploads\/2025\/08\/Tour-dItalie-2026-Le-Giro-partira-de-Bulgarie.png","type":"image\/png"}],"author":"Paul Lalevee","twitter_card":"summary_large_image","twitter_title":"Tour d'Italie 2026 : Le Giro partira de Bulgarie","twitter_creator":"@dicodusport","twitter_site":"@dicodusport","schema":{"@context":"https:\/\/schema.org","@graph":[{"@type":"NewsArticle","@id":"https:\/\/dicodusport.fr\/blog\/tour-ditalie-2026-le-giro-partira-de-bulgarie\/#article","isPartOf":{"@id":"https:\/\/dicodusport.fr\/blog\/tour-ditalie-2026-le-giro-partira-de-bulgarie\/"},"author":{"name":"Paul Lalevee","@id":"https:\/\/dicodusport.fr\/blog\/#\/schema\/person\/1eaa63dfac40b5e5c47f03a71920c1cd"},"headline":"Tour d&rsquo;Italie 2026 : Le Giro partira de Bulgarie","datePublished":"2025-08-06T11:47:56+00:00","mainEntityOfPage":{"@id":"https:\/\/dicodusport.fr\/blog\/tour-ditalie-2026-le-giro-partira-de-bulgarie\/"},"wordCount":657,"commentCount":0,"publisher":{"@id":"https:\/\/dicodusport.fr\/blog\/#organization"},"image":{"@id":"https:\/\/dicodusport.fr\/blog\/tour-ditalie-2026-le-giro-partira-de-bulgarie\/#primaryimage"},"thumbnailUrl":"https:\/\/dicodusport.fr\/blog\/wp-content\/uploads\/2025\/08\/Tour-dItalie-2026-Le-Giro-partira-de-Bulgarie.png","keywords":["br\u00e8ve","Tour d'Italie"],"articleSection":["Tour d'Italie"],"inLanguage":"fr-FR","potentialAction":[{"@type":"CommentAction","name":"Comment","target":["https:\/\/dicodusport.fr\/blog\/tour-ditalie-2026-le-giro-partira-de-bulgarie\/#respond"]}],"copyrightYear":"2025","copyrightHolder":{"@id":"https:\/\/dicodusport.fr\/blog\/#organization"}},{"@type":"WebPage","@id":"https:\/\/dicodusport.fr\/blog\/tour-ditalie-2026-le-giro-partira-de-bulgarie\/","url":"https:\/\/dicodusport.fr\/blog\/tour-ditalie-2026-le-giro-partira-de-bulgarie\/","name":"Tour d'Italie 2026 : Le Giro partira de Bulgarie","isPartOf":{"@id":"https:\/\/dicodusport.fr\/blog\/#website"},"primaryImageOfPage":{"@id":"https:\/\/dicodusport.fr\/blog\/tour-ditalie-2026-le-giro-partira-de-bulgarie\/#primaryimage"},"image":{"@id":"https:\/\/dicodusport.fr\/blog\/tour-ditalie-2026-le-giro-partira-de-bulgarie\/#primaryimage"},"thumbnailUrl":"https:\/\/dicodusport.fr\/blog\/wp-content\/uploads\/2025\/08\/Tour-dItalie-2026-Le-Giro-partira-de-Bulgarie.png","datePublished":"2025-08-06T11:47:56+00:00","description":"TOUR D'ITALIE 2026 - Le Giro va d\u00e9couvrir un nouveau pays. En effet, le premier Grand Tour de la saison s'\u00e9lancera de Bulgarie en 2026.","breadcrumb":{"@id":"https:\/\/dicodusport.fr\/blog\/tour-ditalie-2026-le-giro-partira-de-bulgarie\/#breadcrumb"},"inLanguage":"fr-FR","potentialAction":[{"@type":"ReadAction","target":["https:\/\/dicodusport.fr\/blog\/tour-ditalie-2026-le-giro-partira-de-bulgarie\/"]}]},{"@type":"ImageObject","inLanguage":"fr-FR","@id":"https:\/\/dicodusport.fr\/blog\/tour-ditalie-2026-le-giro-partira-de-bulgarie\/#primaryimage","url":"https:\/\/dicodusport.fr\/blog\/wp-content\/uploads\/2025\/08\/Tour-dItalie-2026-Le-Giro-partira-de-Bulgarie.png","contentUrl":"https:\/\/dicodusport.fr\/blog\/wp-content\/uploads\/2025\/08\/Tour-dItalie-2026-Le-Giro-partira-de-Bulgarie.png","width":1200,"height":674,"caption":"Tour d'Italie 2026 Le Giro partira de Bulgarie"},{"@type":"BreadcrumbList","@id":"https:\/\/dicodusport.fr\/blog\/tour-ditalie-2026-le-giro-partira-de-bulgarie\/#breadcrumb","itemListElement":[{"@type":"ListItem","position":1,"name":"Accueil","item":"https:\/\/dicodusport.fr\/blog\/"},{"@type":"ListItem","position":2,"name":"Tour d&rsquo;Italie 2026 : Le Giro partira de Bulgarie"}]},{"@type":"WebSite","@id":"https:\/\/dicodusport.fr\/blog\/#website","url":"https:\/\/dicodusport.fr\/blog\/","name":"Dicodusport","description":"L&#039;encyclop\u00e9die de l&#039;actualit\u00e9 sportive","publisher":{"@id":"https:\/\/dicodusport.fr\/blog\/#organization"},"potentialAction":[{"@type":"SearchAction","target":{"@type":"EntryPoint","urlTemplate":"https:\/\/dicodusport.fr\/blog\/?s={search_term_string}"},"query-input":{"@type":"PropertyValueSpecification","valueRequired":true,"valueName":"search_term_string"}}],"inLanguage":"fr-FR"},{"@type":"NewsMediaOrganization","@id":"https:\/\/dicodusport.fr\/blog\/#organization","name":"Dicodusport","url":"https:\/\/dicodusport.fr\/blog\/","logo":{"@type":"ImageObject","inLanguage":"fr-FR","@id":"https:\/\/dicodusport.fr\/blog\/#\/schema\/logo\/image\/","url":"https:\/\/dicodusport.fr\/blog\/wp-content\/uploads\/2020\/06\/cropped-LOGO-DICODUSPORT-2020-SANS-FOND-SANS-TEXTE.png","contentUrl":"https:\/\/dicodusport.fr\/blog\/wp-content\/uploads\/2020\/06\/cropped-LOGO-DICODUSPORT-2020-SANS-FOND-SANS-TEXTE.png","width":512,"height":512,"caption":"Dicodusport"},"image":{"@id":"https:\/\/dicodusport.fr\/blog\/#\/schema\/logo\/image\/"},"sameAs":["https:\/\/www.facebook.com\/dicodusport","https:\/\/x.com\/dicodusport","https:\/\/www.instagram.com\/dicodusport\/","https:\/\/www.youtube.com\/channel\/UC7V2KZ5sd3htJivAbA4ZG3w"],"description":"Dicodusport est l'encyclop\u00e9die de l'actualit\u00e9 sportive.","email":"bonjour@dicodusport.fr","legalName":"DICODUSPORT","foundingDate":"2018-01-14","vatID":"FR71834470973","taxID":"83447097300043","numberOfEmployees":{"@type":"QuantitativeValue","minValue":"1","maxValue":"10"}},{"@type":"Person","@id":"https:\/\/dicodusport.fr\/blog\/#\/schema\/person\/1eaa63dfac40b5e5c47f03a71920c1cd","name":"Paul Lalevee","image":{"@type":"ImageObject","inLanguage":"fr-FR","@id":"https:\/\/dicodusport.fr\/blog\/#\/schema\/person\/image\/","url":"https:\/\/dicodusport.fr\/blog\/wp-content\/uploads\/2023\/10\/291154246_1690604071293245_3118259335115946499_n-150x150.jpg","contentUrl":"https:\/\/dicodusport.fr\/blog\/wp-content\/uploads\/2023\/10\/291154246_1690604071293245_3118259335115946499_n-150x150.jpg","caption":"Paul Lalevee"},"description":"La bulle Disney pendant le Covid, le Tour 2019, la Coupe du monde 2018. Ces trois \u00e9v\u00e9nements majeurs sont ancr\u00e9s dans ma t\u00eate de fan de sport, n\u00e9gativement ou positivement. Passionn\u00e9 de sport depuis l'enfance, j'ai d\u00e9cid\u00e9 de mettre ma passion de l'\u00e9criture au service de cette premi\u00e8re passion.","url":"https:\/\/dicodusport.fr\/blog\/author\/paul-lalevee\/"}]}},"_links":{"self":[{"href":"https:\/\/dicodusport.fr\/blog\/wp-json\/wp\/v2\/posts\/600757","targetHints":{"allow":["GET"]}}],"collection":[{"href":"https:\/\/dicodusport.fr\/blog\/wp-json\/wp\/v2\/posts"}],"about":[{"href":"https:\/\/dicodusport.fr\/blog\/wp-json\/wp\/v2\/types\/post"}],"author":[{"embeddable":true,"href":"https:\/\/dicodusport.fr\/blog\/wp-json\/wp\/v2\/users\/88"}],"replies":[{"embeddable":true,"href":"https:\/\/dicodusport.fr\/blog\/wp-json\/wp\/v2\/comments?post=600757"}],"version-history":[{"count":4,"href":"https:\/\/dicodusport.fr\/blog\/wp-json\/wp\/v2\/posts\/600757\/revisions"}],"predecessor-version":[{"id":600770,"href":"https:\/\/dicodusport.fr\/blog\/wp-json\/wp\/v2\/posts\/600757\/revisions\/600770"}],"wp:featuredmedia":[{"embeddable":true,"href":"https:\/\/dicodusport.fr\/blog\/wp-json\/wp\/v2\/media\/600767"}],"wp:attachment":[{"href":"https:\/\/dicodusport.fr\/blog\/wp-json\/wp\/v2\/media?parent=600757"}],"wp:term":[{"taxonomy":"category","embeddable":true,"href":"https:\/\/dicodusport.fr\/blog\/wp-json\/wp\/v2\/categories?post=600757"},{"taxonomy":"post_tag","embeddable":true,"href":"https:\/\/dicodusport.fr\/blog\/wp-json\/wp\/v2\/tags?post=600757"}],"curies":[{"name":"wp","href":"https:\/\/api.w.org\/{rel}","templated":true}]}}