{"id":600946,"date":"2025-08-07T10:23:47","date_gmt":"2025-08-07T08:23:47","guid":{"rendered":"https:\/\/dicodusport.fr\/blog\/?p=600946&#038;preview=true&#038;preview_id=600946"},"modified":"2025-08-07T10:31:28","modified_gmt":"2025-08-07T08:31:28","slug":"transferts-ol-lyon-tente-de-recruter-hamed-junior-traore","status":"publish","type":"post","link":"https:\/\/dicodusport.fr\/blog\/transferts-ol-lyon-tente-de-recruter-hamed-junior-traore\/","title":{"rendered":"Transferts OL : Lyon tente de recruter Hamed Junior Traor\u00e9"},"content":{"rendered":"<p style=\"text-align: justify;\"><em><strong>TRANSFERTS &#8211; Selon <a href=\"https:\/\/www.footmercato.net\/a3163301621628020996-lol-a-tente-le-coup-hamed-junior-traore\">Foot Mercato<\/a>, l&rsquo;Olympique Lyonnais a tent\u00e9 de recruter le milieu offensif de Bournemouth, Hamed Junior Traor\u00e9.<\/strong><\/em><\/p>\n<ul style=\"text-align: justify;\">\n<li><strong>\u00c0 ce sujet &#8211; <a href=\"https:\/\/dicodusport.fr\/blog\/transferts-om-marseille-veut-recruter-amine-adli\/\">Transferts OM : Marseille veut recruter Amine Adli<\/a><\/strong><\/li>\n<\/ul>\n<p style=\"text-align: justify;\">Alors que l&rsquo;on s&rsquo;attendait \u00e0 un mercato morose du c\u00f4t\u00e9 de <strong>Lyon<\/strong>, les recrues se sont encha\u00een\u00e9s depuis quelques jours. L&rsquo;<strong>OL<\/strong> a d&rsquo;abord recrut\u00e9 <a href=\"https:\/\/dicodusport.fr\/blog\/transferts-ol-lyon-signe-pavel-sulc\/\"><strong>Pavel<\/strong> <strong>\u0160ulc<\/strong><\/a> pour un package total de 10 millions d&rsquo;euros. Deux jours plus tard, les <strong>Lyonnais<\/strong> ont annonc\u00e9 la signature de la p\u00e9pite de Liverpool <a href=\"https:\/\/dicodusport.fr\/blog\/transferts-ol-tyler-morton-va-signer-a-lyon\/\"><strong>Tyler<\/strong> <strong>Morton<\/strong><\/a> pour plus de 15 millions d&rsquo;euros.<\/p>\n<h2 style=\"text-align: justify;\">Bournemouth ne veut pas de pr\u00eat pour Hamed Junior Traor\u00e9<\/h2>\n<p style=\"text-align: justify;\">Et le mercato de l&rsquo;<strong>Olympique Lyonnais<\/strong> ne semble pas termin\u00e9, puisque trois ou quatre renforts sont encore attendus dans les semaines \u00e0 venir. Et selon nos confr\u00e8res, Lyon a tent\u00e9 de recruter le jeune attaquant de <strong>Bournemouth<\/strong>, <strong>Hamed Junior Traor\u00e9<\/strong>. L&rsquo;international ivoirien sort d&rsquo;une tr\u00e8s belle saison en <strong>Ligue<\/strong> <strong>1<\/strong> avec <strong>Auxerre<\/strong>.<\/p>\n<ul style=\"text-align: justify;\">\n<li style=\"text-align: justify;\"><strong>\u00c0 ce sujet &#8211; <a href=\"https:\/\/dicodusport.fr\/blog\/transferts-om-marseille-piste-matt-oriley\/\">Transferts OM : Marseille piste Matt O\u2019Riley<\/a><\/strong><\/li>\n<\/ul>\n<p style=\"text-align: justify;\">Retourn\u00e9 en <strong>Angleterre<\/strong> \u00e0 la fin de son pr\u00eat, il ne devrait pas faire de vieux os \u00e0 <strong>Bournemouth<\/strong>. Le club anglais est dispos\u00e9 \u00e0 s&rsquo;en s\u00e9parer, mais ne veut pas d&rsquo;un nouveau pr\u00eat. L&rsquo;<strong>OL<\/strong>, qui doit faire attention \u00e0 ses finances, voulait justement se faire pr\u00eater <strong>Hamed Junior Traor\u00e9<\/strong> mais <strong>Bournemouth<\/strong> r\u00e9clame un transfert sec pour 15 millions d&rsquo;euros. Lyon doit donc passer son tour, mais esp\u00e8re un changement de position des <strong>Anglais<\/strong> pour finaliser la transaction plus tard dans le mercato.<\/p>\n<h3 style=\"text-align: justify;\"><span style=\"text-align: justify;\">\u00c0 ce sujet<\/span><\/h3>\n<div class=\"vlp-link-container vlp-layout-article\"><a href=\"https:\/\/dicodusport.fr\/blog\/mercato-ol-2025-2026-le-tableau-complet-des-transferts-arrivees-et-departs\/\" class=\"vlp-link\" title=\"Mercato OL 2025-2026 : Le tableau complet des transferts, arriv\u00e9es et d\u00e9parts\"><\/a><div class=\"vlp-layout-zone-side\"><div class=\"vlp-block-4 vlp-link-image\"><img loading=\"lazy\" decoding=\"async\" style=\"max-width: 792px;\" width=\"792\" height=\"445\" src=\"https:\/\/dicodusport.fr\/blog\/wp-content\/uploads\/2025\/05\/Mercato-OL-2025-2026-Le-tableau-complet-des-transferts-arrivees-et-departs.png\" class=\"attachment-800x445 size-800x445\" alt=\"Mercato OL 2025-2026 Le tableau complet des transferts, arriv\u00e9es et d\u00e9parts\" srcset=\"https:\/\/dicodusport.fr\/blog\/wp-content\/uploads\/2025\/05\/Mercato-OL-2025-2026-Le-tableau-complet-des-transferts-arrivees-et-departs.png 1200w, https:\/\/dicodusport.fr\/blog\/wp-content\/uploads\/2025\/05\/Mercato-OL-2025-2026-Le-tableau-complet-des-transferts-arrivees-et-departs-300x169.png 300w, https:\/\/dicodusport.fr\/blog\/wp-content\/uploads\/2025\/05\/Mercato-OL-2025-2026-Le-tableau-complet-des-transferts-arrivees-et-departs-1024x575.png 1024w, https:\/\/dicodusport.fr\/blog\/wp-content\/uploads\/2025\/05\/Mercato-OL-2025-2026-Le-tableau-complet-des-transferts-arrivees-et-departs-768x431.png 768w\" sizes=\"auto, (max-width: 792px) 100vw, 792px\" \/><\/div><\/div><div class=\"vlp-layout-zone-main\"><div class=\"vlp-block-0 vlp-link-title\">Mercato OL 2025-2026 : Le tableau complet des transferts, arriv\u00e9es et d\u00e9parts<\/div><div class=\"vlp-block-1 vlp-link-summary\">TRANSFERTS OL - Retrouvez tous les mouvements de l'Olympique Lyonnais pour l'intersaison 2025 en Ligue 1. Arriv\u00e9es, d\u00e9part, pr\u00eats, transferts d\u00e9finitifs, ne ratez rien du mercato estival.\u00a0<\/div><div class=\"vlp-block-2 vlp-link-button\">Lire l'article<\/div><div class=\"vlp-block-3 vlp-link-url\">dicodusport.fr<\/div><\/div><\/div>\n","protected":false},"excerpt":{"rendered":"<p>TRANSFERTS &#8211; Selon Foot Mercato, l&rsquo;Olympique Lyonnais a tent\u00e9 de recruter le milieu offensif de Bournemouth, Hamed Junior Traor\u00e9.<\/p>\n","protected":false},"author":1,"featured_media":600947,"comment_status":"open","ping_status":"closed","sticky":false,"template":"","format":"standard","meta":{"_acf_changed":false,"_daextam_enable_autolinks":"1","footnotes":""},"categories":[47045],"tags":[16878,14093,1145],"class_list":["post-600946","post","type-post","status-publish","format-standard","has-post-thumbnail","hentry","category-ligue-1","tag-breve","tag-mercato-football","tag-ol"],"acf":[],"yoast_head":"<!-- This site is optimized with the Yoast SEO Premium plugin v26.7 (Yoast SEO v26.7) - https:\/\/yoast.com\/wordpress\/plugins\/seo\/ -->\n<title>Transferts OL : Lyon tente de recruter Hamed Junior Traor\u00e9<\/title>\n<meta name=\"description\" content=\"TRANSFERTS - Selon Foot Mercato, l&#039;Olympique Lyonnais a tent\u00e9 de recruter le milieu offensif de Bournemouth, Hamed Junior Traor\u00e9.\" \/>\n<meta name=\"robots\" content=\"index, follow, max-snippet:-1, max-image-preview:large, max-video-preview:-1\" \/>\n<link rel=\"canonical\" href=\"https:\/\/dicodusport.fr\/blog\/transferts-ol-lyon-tente-de-recruter-hamed-junior-traore\/\" \/>\n<meta property=\"og:locale\" content=\"fr_FR\" \/>\n<meta property=\"og:type\" content=\"article\" \/>\n<meta property=\"og:title\" content=\"Transferts OL : Lyon tente de recruter Hamed Junior Traor\u00e9\" \/>\n<meta property=\"og:description\" content=\"TRANSFERTS - Selon Foot Mercato, l&#039;Olympique Lyonnais a tent\u00e9 de recruter le milieu offensif de Bournemouth, Hamed Junior Traor\u00e9.\" \/>\n<meta property=\"og:url\" content=\"https:\/\/dicodusport.fr\/blog\/transferts-ol-lyon-tente-de-recruter-hamed-junior-traore\/\" \/>\n<meta property=\"og:site_name\" content=\"Dicodusport\" \/>\n<meta property=\"article:publisher\" content=\"https:\/\/www.facebook.com\/dicodusport\" \/>\n<meta property=\"article:author\" content=\"https:\/\/www.facebook.com\/dicodusport\" \/>\n<meta property=\"article:published_time\" content=\"2025-08-07T08:23:47+00:00\" \/>\n<meta property=\"article:modified_time\" content=\"2025-08-07T08:31:28+00:00\" \/>\n<meta property=\"og:image\" content=\"https:\/\/dicodusport.fr\/blog\/wp-content\/uploads\/2025\/08\/Transferts-OL-Lyon-tente-de-recruter-Hamed-Junior-Traore.png\" \/>\n\t<meta property=\"og:image:width\" content=\"1200\" \/>\n\t<meta property=\"og:image:height\" content=\"674\" \/>\n\t<meta property=\"og:image:type\" content=\"image\/png\" \/>\n<meta name=\"author\" content=\"Nicolas Jacquemard\" \/>\n<meta name=\"twitter:card\" content=\"summary_large_image\" \/>\n<meta name=\"twitter:creator\" content=\"@https:\/\/twitter.com\/Nico_Jacquemard\" \/>\n<meta name=\"twitter:site\" content=\"@dicodusport\" \/>\n<script type=\"application\/ld+json\" class=\"yoast-schema-graph\">{\"@context\":\"https:\/\/schema.org\",\"@graph\":[{\"@type\":\"NewsArticle\",\"@id\":\"https:\/\/dicodusport.fr\/blog\/transferts-ol-lyon-tente-de-recruter-hamed-junior-traore\/#article\",\"isPartOf\":{\"@id\":\"https:\/\/dicodusport.fr\/blog\/transferts-ol-lyon-tente-de-recruter-hamed-junior-traore\/\"},\"author\":{\"name\":\"Nicolas Jacquemard\",\"@id\":\"https:\/\/dicodusport.fr\/blog\/#\/schema\/person\/55dcb50ad410894e431ed812bbb70191\"},\"headline\":\"Transferts OL : Lyon tente de recruter Hamed Junior Traor\u00e9\",\"datePublished\":\"2025-08-07T08:23:47+00:00\",\"dateModified\":\"2025-08-07T08:31:28+00:00\",\"mainEntityOfPage\":{\"@id\":\"https:\/\/dicodusport.fr\/blog\/transferts-ol-lyon-tente-de-recruter-hamed-junior-traore\/\"},\"wordCount\":358,\"commentCount\":0,\"publisher\":{\"@id\":\"https:\/\/dicodusport.fr\/blog\/#organization\"},\"image\":{\"@id\":\"https:\/\/dicodusport.fr\/blog\/transferts-ol-lyon-tente-de-recruter-hamed-junior-traore\/#primaryimage\"},\"thumbnailUrl\":\"https:\/\/dicodusport.fr\/blog\/wp-content\/uploads\/2025\/08\/Transferts-OL-Lyon-tente-de-recruter-Hamed-Junior-Traore.png\",\"keywords\":[\"br\u00e8ve\",\"Mercato football\",\"OL\"],\"articleSection\":[\"Ligue 1\"],\"inLanguage\":\"fr-FR\",\"potentialAction\":[{\"@type\":\"CommentAction\",\"name\":\"Comment\",\"target\":[\"https:\/\/dicodusport.fr\/blog\/transferts-ol-lyon-tente-de-recruter-hamed-junior-traore\/#respond\"]}],\"copyrightYear\":\"2025\",\"copyrightHolder\":{\"@id\":\"https:\/\/dicodusport.fr\/blog\/#organization\"}},{\"@type\":\"WebPage\",\"@id\":\"https:\/\/dicodusport.fr\/blog\/transferts-ol-lyon-tente-de-recruter-hamed-junior-traore\/\",\"url\":\"https:\/\/dicodusport.fr\/blog\/transferts-ol-lyon-tente-de-recruter-hamed-junior-traore\/\",\"name\":\"Transferts OL : Lyon tente de recruter Hamed Junior Traor\u00e9\",\"isPartOf\":{\"@id\":\"https:\/\/dicodusport.fr\/blog\/#website\"},\"primaryImageOfPage\":{\"@id\":\"https:\/\/dicodusport.fr\/blog\/transferts-ol-lyon-tente-de-recruter-hamed-junior-traore\/#primaryimage\"},\"image\":{\"@id\":\"https:\/\/dicodusport.fr\/blog\/transferts-ol-lyon-tente-de-recruter-hamed-junior-traore\/#primaryimage\"},\"thumbnailUrl\":\"https:\/\/dicodusport.fr\/blog\/wp-content\/uploads\/2025\/08\/Transferts-OL-Lyon-tente-de-recruter-Hamed-Junior-Traore.png\",\"datePublished\":\"2025-08-07T08:23:47+00:00\",\"dateModified\":\"2025-08-07T08:31:28+00:00\",\"description\":\"TRANSFERTS - Selon Foot Mercato, l'Olympique Lyonnais a tent\u00e9 de recruter le milieu offensif de Bournemouth, Hamed Junior Traor\u00e9.\",\"breadcrumb\":{\"@id\":\"https:\/\/dicodusport.fr\/blog\/transferts-ol-lyon-tente-de-recruter-hamed-junior-traore\/#breadcrumb\"},\"inLanguage\":\"fr-FR\",\"potentialAction\":[{\"@type\":\"ReadAction\",\"target\":[\"https:\/\/dicodusport.fr\/blog\/transferts-ol-lyon-tente-de-recruter-hamed-junior-traore\/\"]}]},{\"@type\":\"ImageObject\",\"inLanguage\":\"fr-FR\",\"@id\":\"https:\/\/dicodusport.fr\/blog\/transferts-ol-lyon-tente-de-recruter-hamed-junior-traore\/#primaryimage\",\"url\":\"https:\/\/dicodusport.fr\/blog\/wp-content\/uploads\/2025\/08\/Transferts-OL-Lyon-tente-de-recruter-Hamed-Junior-Traore.png\",\"contentUrl\":\"https:\/\/dicodusport.fr\/blog\/wp-content\/uploads\/2025\/08\/Transferts-OL-Lyon-tente-de-recruter-Hamed-Junior-Traore.png\",\"width\":1200,\"height\":674},{\"@type\":\"BreadcrumbList\",\"@id\":\"https:\/\/dicodusport.fr\/blog\/transferts-ol-lyon-tente-de-recruter-hamed-junior-traore\/#breadcrumb\",\"itemListElement\":[{\"@type\":\"ListItem\",\"position\":1,\"name\":\"Accueil\",\"item\":\"https:\/\/dicodusport.fr\/blog\/\"},{\"@type\":\"ListItem\",\"position\":2,\"name\":\"Transferts OL : Lyon tente de recruter Hamed Junior Traor\u00e9\"}]},{\"@type\":\"WebSite\",\"@id\":\"https:\/\/dicodusport.fr\/blog\/#website\",\"url\":\"https:\/\/dicodusport.fr\/blog\/\",\"name\":\"Dicodusport\",\"description\":\"L&#039;encyclop\u00e9die de l&#039;actualit\u00e9 sportive\",\"publisher\":{\"@id\":\"https:\/\/dicodusport.fr\/blog\/#organization\"},\"potentialAction\":[{\"@type\":\"SearchAction\",\"target\":{\"@type\":\"EntryPoint\",\"urlTemplate\":\"https:\/\/dicodusport.fr\/blog\/?s={search_term_string}\"},\"query-input\":{\"@type\":\"PropertyValueSpecification\",\"valueRequired\":true,\"valueName\":\"search_term_string\"}}],\"inLanguage\":\"fr-FR\"},{\"@type\":\"NewsMediaOrganization\",\"@id\":\"https:\/\/dicodusport.fr\/blog\/#organization\",\"name\":\"Dicodusport\",\"url\":\"https:\/\/dicodusport.fr\/blog\/\",\"logo\":{\"@type\":\"ImageObject\",\"inLanguage\":\"fr-FR\",\"@id\":\"https:\/\/dicodusport.fr\/blog\/#\/schema\/logo\/image\/\",\"url\":\"https:\/\/dicodusport.fr\/blog\/wp-content\/uploads\/2020\/06\/cropped-LOGO-DICODUSPORT-2020-SANS-FOND-SANS-TEXTE.png\",\"contentUrl\":\"https:\/\/dicodusport.fr\/blog\/wp-content\/uploads\/2020\/06\/cropped-LOGO-DICODUSPORT-2020-SANS-FOND-SANS-TEXTE.png\",\"width\":512,\"height\":512,\"caption\":\"Dicodusport\"},\"image\":{\"@id\":\"https:\/\/dicodusport.fr\/blog\/#\/schema\/logo\/image\/\"},\"sameAs\":[\"https:\/\/www.facebook.com\/dicodusport\",\"https:\/\/x.com\/dicodusport\",\"https:\/\/www.instagram.com\/dicodusport\/\",\"https:\/\/www.youtube.com\/channel\/UC7V2KZ5sd3htJivAbA4ZG3w\"],\"description\":\"Dicodusport est l'encyclop\u00e9die de l'actualit\u00e9 sportive.\",\"email\":\"bonjour@dicodusport.fr\",\"legalName\":\"DICODUSPORT\",\"foundingDate\":\"2018-01-14\",\"vatID\":\"FR71834470973\",\"taxID\":\"83447097300043\",\"numberOfEmployees\":{\"@type\":\"QuantitativeValue\",\"minValue\":\"1\",\"maxValue\":\"10\"}},{\"@type\":\"Person\",\"@id\":\"https:\/\/dicodusport.fr\/blog\/#\/schema\/person\/55dcb50ad410894e431ed812bbb70191\",\"name\":\"Nicolas Jacquemard\",\"image\":{\"@type\":\"ImageObject\",\"inLanguage\":\"fr-FR\",\"@id\":\"https:\/\/dicodusport.fr\/blog\/#\/schema\/person\/image\/\",\"url\":\"https:\/\/dicodusport.fr\/blog\/wp-content\/uploads\/2021\/05\/Nicolas-Jacquemard-150x150.jpeg\",\"contentUrl\":\"https:\/\/dicodusport.fr\/blog\/wp-content\/uploads\/2021\/05\/Nicolas-Jacquemard-150x150.jpeg\",\"caption\":\"Nicolas Jacquemard\"},\"description\":\"Passionn\u00e9 de sport et entrepreneur depuis mes 18 ans, la cr\u00e9ation de Dicodusport m'a sembl\u00e9 \u00e9vidente pour participer \u00e0 la m\u00e9diatisation d'un plus grand nombre de sports. Le chemin est long mais avec une \u00e9quipe des plus motiv\u00e9es et les Jeux Olympiques de Paris 2024 en point de mire, nous y arriverons ! Journaliste dans le monde du sport depuis plus de 5 ans, je traite aussi bien de football, de rugby, de biathlon que de cyclisme.\",\"sameAs\":[\"https:\/\/www.facebook.com\/dicodusport\",\"https:\/\/x.com\/https:\/\/twitter.com\/Nico_Jacquemard\"],\"url\":\"https:\/\/dicodusport.fr\/blog\/author\/dicodusport\/\"}]}<\/script>\n<!-- \/ Yoast SEO Premium plugin. -->","yoast_head_json":{"title":"Transferts OL : Lyon tente de recruter Hamed Junior Traor\u00e9","description":"TRANSFERTS - Selon Foot Mercato, l'Olympique Lyonnais a tent\u00e9 de recruter le milieu offensif de Bournemouth, Hamed Junior Traor\u00e9.","robots":{"index":"index","follow":"follow","max-snippet":"max-snippet:-1","max-image-preview":"max-image-preview:large","max-video-preview":"max-video-preview:-1"},"canonical":"https:\/\/dicodusport.fr\/blog\/transferts-ol-lyon-tente-de-recruter-hamed-junior-traore\/","og_locale":"fr_FR","og_type":"article","og_title":"Transferts OL : Lyon tente de recruter Hamed Junior Traor\u00e9","og_description":"TRANSFERTS - Selon Foot Mercato, l'Olympique Lyonnais a tent\u00e9 de recruter le milieu offensif de Bournemouth, Hamed Junior Traor\u00e9.","og_url":"https:\/\/dicodusport.fr\/blog\/transferts-ol-lyon-tente-de-recruter-hamed-junior-traore\/","og_site_name":"Dicodusport","article_publisher":"https:\/\/www.facebook.com\/dicodusport","article_author":"https:\/\/www.facebook.com\/dicodusport","article_published_time":"2025-08-07T08:23:47+00:00","article_modified_time":"2025-08-07T08:31:28+00:00","og_image":[{"width":1200,"height":674,"url":"https:\/\/dicodusport.fr\/blog\/wp-content\/uploads\/2025\/08\/Transferts-OL-Lyon-tente-de-recruter-Hamed-Junior-Traore.png","type":"image\/png"}],"author":"Nicolas Jacquemard","twitter_card":"summary_large_image","twitter_creator":"@https:\/\/twitter.com\/Nico_Jacquemard","twitter_site":"@dicodusport","schema":{"@context":"https:\/\/schema.org","@graph":[{"@type":"NewsArticle","@id":"https:\/\/dicodusport.fr\/blog\/transferts-ol-lyon-tente-de-recruter-hamed-junior-traore\/#article","isPartOf":{"@id":"https:\/\/dicodusport.fr\/blog\/transferts-ol-lyon-tente-de-recruter-hamed-junior-traore\/"},"author":{"name":"Nicolas Jacquemard","@id":"https:\/\/dicodusport.fr\/blog\/#\/schema\/person\/55dcb50ad410894e431ed812bbb70191"},"headline":"Transferts OL : Lyon tente de recruter Hamed Junior Traor\u00e9","datePublished":"2025-08-07T08:23:47+00:00","dateModified":"2025-08-07T08:31:28+00:00","mainEntityOfPage":{"@id":"https:\/\/dicodusport.fr\/blog\/transferts-ol-lyon-tente-de-recruter-hamed-junior-traore\/"},"wordCount":358,"commentCount":0,"publisher":{"@id":"https:\/\/dicodusport.fr\/blog\/#organization"},"image":{"@id":"https:\/\/dicodusport.fr\/blog\/transferts-ol-lyon-tente-de-recruter-hamed-junior-traore\/#primaryimage"},"thumbnailUrl":"https:\/\/dicodusport.fr\/blog\/wp-content\/uploads\/2025\/08\/Transferts-OL-Lyon-tente-de-recruter-Hamed-Junior-Traore.png","keywords":["br\u00e8ve","Mercato football","OL"],"articleSection":["Ligue 1"],"inLanguage":"fr-FR","potentialAction":[{"@type":"CommentAction","name":"Comment","target":["https:\/\/dicodusport.fr\/blog\/transferts-ol-lyon-tente-de-recruter-hamed-junior-traore\/#respond"]}],"copyrightYear":"2025","copyrightHolder":{"@id":"https:\/\/dicodusport.fr\/blog\/#organization"}},{"@type":"WebPage","@id":"https:\/\/dicodusport.fr\/blog\/transferts-ol-lyon-tente-de-recruter-hamed-junior-traore\/","url":"https:\/\/dicodusport.fr\/blog\/transferts-ol-lyon-tente-de-recruter-hamed-junior-traore\/","name":"Transferts OL : Lyon tente de recruter Hamed Junior Traor\u00e9","isPartOf":{"@id":"https:\/\/dicodusport.fr\/blog\/#website"},"primaryImageOfPage":{"@id":"https:\/\/dicodusport.fr\/blog\/transferts-ol-lyon-tente-de-recruter-hamed-junior-traore\/#primaryimage"},"image":{"@id":"https:\/\/dicodusport.fr\/blog\/transferts-ol-lyon-tente-de-recruter-hamed-junior-traore\/#primaryimage"},"thumbnailUrl":"https:\/\/dicodusport.fr\/blog\/wp-content\/uploads\/2025\/08\/Transferts-OL-Lyon-tente-de-recruter-Hamed-Junior-Traore.png","datePublished":"2025-08-07T08:23:47+00:00","dateModified":"2025-08-07T08:31:28+00:00","description":"TRANSFERTS - Selon Foot Mercato, l'Olympique Lyonnais a tent\u00e9 de recruter le milieu offensif de Bournemouth, Hamed Junior Traor\u00e9.","breadcrumb":{"@id":"https:\/\/dicodusport.fr\/blog\/transferts-ol-lyon-tente-de-recruter-hamed-junior-traore\/#breadcrumb"},"inLanguage":"fr-FR","potentialAction":[{"@type":"ReadAction","target":["https:\/\/dicodusport.fr\/blog\/transferts-ol-lyon-tente-de-recruter-hamed-junior-traore\/"]}]},{"@type":"ImageObject","inLanguage":"fr-FR","@id":"https:\/\/dicodusport.fr\/blog\/transferts-ol-lyon-tente-de-recruter-hamed-junior-traore\/#primaryimage","url":"https:\/\/dicodusport.fr\/blog\/wp-content\/uploads\/2025\/08\/Transferts-OL-Lyon-tente-de-recruter-Hamed-Junior-Traore.png","contentUrl":"https:\/\/dicodusport.fr\/blog\/wp-content\/uploads\/2025\/08\/Transferts-OL-Lyon-tente-de-recruter-Hamed-Junior-Traore.png","width":1200,"height":674},{"@type":"BreadcrumbList","@id":"https:\/\/dicodusport.fr\/blog\/transferts-ol-lyon-tente-de-recruter-hamed-junior-traore\/#breadcrumb","itemListElement":[{"@type":"ListItem","position":1,"name":"Accueil","item":"https:\/\/dicodusport.fr\/blog\/"},{"@type":"ListItem","position":2,"name":"Transferts OL : Lyon tente de recruter Hamed Junior Traor\u00e9"}]},{"@type":"WebSite","@id":"https:\/\/dicodusport.fr\/blog\/#website","url":"https:\/\/dicodusport.fr\/blog\/","name":"Dicodusport","description":"L&#039;encyclop\u00e9die de l&#039;actualit\u00e9 sportive","publisher":{"@id":"https:\/\/dicodusport.fr\/blog\/#organization"},"potentialAction":[{"@type":"SearchAction","target":{"@type":"EntryPoint","urlTemplate":"https:\/\/dicodusport.fr\/blog\/?s={search_term_string}"},"query-input":{"@type":"PropertyValueSpecification","valueRequired":true,"valueName":"search_term_string"}}],"inLanguage":"fr-FR"},{"@type":"NewsMediaOrganization","@id":"https:\/\/dicodusport.fr\/blog\/#organization","name":"Dicodusport","url":"https:\/\/dicodusport.fr\/blog\/","logo":{"@type":"ImageObject","inLanguage":"fr-FR","@id":"https:\/\/dicodusport.fr\/blog\/#\/schema\/logo\/image\/","url":"https:\/\/dicodusport.fr\/blog\/wp-content\/uploads\/2020\/06\/cropped-LOGO-DICODUSPORT-2020-SANS-FOND-SANS-TEXTE.png","contentUrl":"https:\/\/dicodusport.fr\/blog\/wp-content\/uploads\/2020\/06\/cropped-LOGO-DICODUSPORT-2020-SANS-FOND-SANS-TEXTE.png","width":512,"height":512,"caption":"Dicodusport"},"image":{"@id":"https:\/\/dicodusport.fr\/blog\/#\/schema\/logo\/image\/"},"sameAs":["https:\/\/www.facebook.com\/dicodusport","https:\/\/x.com\/dicodusport","https:\/\/www.instagram.com\/dicodusport\/","https:\/\/www.youtube.com\/channel\/UC7V2KZ5sd3htJivAbA4ZG3w"],"description":"Dicodusport est l'encyclop\u00e9die de l'actualit\u00e9 sportive.","email":"bonjour@dicodusport.fr","legalName":"DICODUSPORT","foundingDate":"2018-01-14","vatID":"FR71834470973","taxID":"83447097300043","numberOfEmployees":{"@type":"QuantitativeValue","minValue":"1","maxValue":"10"}},{"@type":"Person","@id":"https:\/\/dicodusport.fr\/blog\/#\/schema\/person\/55dcb50ad410894e431ed812bbb70191","name":"Nicolas Jacquemard","image":{"@type":"ImageObject","inLanguage":"fr-FR","@id":"https:\/\/dicodusport.fr\/blog\/#\/schema\/person\/image\/","url":"https:\/\/dicodusport.fr\/blog\/wp-content\/uploads\/2021\/05\/Nicolas-Jacquemard-150x150.jpeg","contentUrl":"https:\/\/dicodusport.fr\/blog\/wp-content\/uploads\/2021\/05\/Nicolas-Jacquemard-150x150.jpeg","caption":"Nicolas Jacquemard"},"description":"Passionn\u00e9 de sport et entrepreneur depuis mes 18 ans, la cr\u00e9ation de Dicodusport m'a sembl\u00e9 \u00e9vidente pour participer \u00e0 la m\u00e9diatisation d'un plus grand nombre de sports. Le chemin est long mais avec une \u00e9quipe des plus motiv\u00e9es et les Jeux Olympiques de Paris 2024 en point de mire, nous y arriverons ! Journaliste dans le monde du sport depuis plus de 5 ans, je traite aussi bien de football, de rugby, de biathlon que de cyclisme.","sameAs":["https:\/\/www.facebook.com\/dicodusport","https:\/\/x.com\/https:\/\/twitter.com\/Nico_Jacquemard"],"url":"https:\/\/dicodusport.fr\/blog\/author\/dicodusport\/"}]}},"_links":{"self":[{"href":"https:\/\/dicodusport.fr\/blog\/wp-json\/wp\/v2\/posts\/600946","targetHints":{"allow":["GET"]}}],"collection":[{"href":"https:\/\/dicodusport.fr\/blog\/wp-json\/wp\/v2\/posts"}],"about":[{"href":"https:\/\/dicodusport.fr\/blog\/wp-json\/wp\/v2\/types\/post"}],"author":[{"embeddable":true,"href":"https:\/\/dicodusport.fr\/blog\/wp-json\/wp\/v2\/users\/1"}],"replies":[{"embeddable":true,"href":"https:\/\/dicodusport.fr\/blog\/wp-json\/wp\/v2\/comments?post=600946"}],"version-history":[{"count":3,"href":"https:\/\/dicodusport.fr\/blog\/wp-json\/wp\/v2\/posts\/600946\/revisions"}],"predecessor-version":[{"id":600952,"href":"https:\/\/dicodusport.fr\/blog\/wp-json\/wp\/v2\/posts\/600946\/revisions\/600952"}],"wp:featuredmedia":[{"embeddable":true,"href":"https:\/\/dicodusport.fr\/blog\/wp-json\/wp\/v2\/media\/600947"}],"wp:attachment":[{"href":"https:\/\/dicodusport.fr\/blog\/wp-json\/wp\/v2\/media?parent=600946"}],"wp:term":[{"taxonomy":"category","embeddable":true,"href":"https:\/\/dicodusport.fr\/blog\/wp-json\/wp\/v2\/categories?post=600946"},{"taxonomy":"post_tag","embeddable":true,"href":"https:\/\/dicodusport.fr\/blog\/wp-json\/wp\/v2\/tags?post=600946"}],"curies":[{"name":"wp","href":"https:\/\/api.w.org\/{rel}","templated":true}]}}