{"id":6013,"date":"2017-10-23T11:29:18","date_gmt":"2017-10-23T10:29:18","guid":{"rendered":"http:\/\/dicodusport.fr\/blog\/?p=6013"},"modified":"2021-04-13T23:16:00","modified_gmt":"2021-04-13T21:16:00","slug":"avenir-grenoblois-pre-5-victoire-fait-du-bien","status":"publish","type":"post","link":"https:\/\/dicodusport.fr\/blog\/avenir-grenoblois-pre-5-victoire-fait-du-bien\/","title":{"rendered":"L&rsquo;avenir grenoblois est dans le pr\u00e9 #5 : une victoire qui fait du bien"},"content":{"rendered":"<p style=\"text-align: justify;\"><em><strong>Chaque semaine la section\u00a0<span style=\"color: #0000ff;\"><a style=\"color: #0000ff;\" href=\"http:\/\/dicodusport.fr\/blog\/fc-grenoble-rugby-espoirs\/\">espoirs du FC Grenoble rugby<\/a><\/span>\u00a0viendra vous parler de son actualit\u00e9, de ses entra\u00eenements ou encore de ses matchs dans sa chronique \u00ab\u00a0<span style=\"color: #0000ff;\"><a style=\"color: #0000ff;\" href=\"https:\/\/dicodusport.fr\/blog\/avenir-grenoblois-pre-toutes-semaines-dicodusport-fr\/\" target=\"_blank\" rel=\"noopener noreferrer\">L&rsquo;avenir grenoblois est dans le pr\u00e9<\/a>\u00a0<span style=\"color: #000000;\">\u00bb<\/span><\/span>. Pour ce\u00a0cinqui\u00e8me \u00e9pisode retour sur la\u00a0victoire arrach\u00e9e chez le voisin lyonnais avec\u00a0Thibault Magellan, deuxi\u00e8me ligne.\u00a0(Cr\u00e9dit photo : <span style=\"color: #0000ff;\"><a style=\"color: #0000ff;\" href=\"https:\/\/www.facebook.com\/heloise.kosc.photographie\/\" target=\"_blank\" rel=\"noopener noreferrer\">Photographie HK.<\/a><\/span>)<\/strong><\/em><\/p>\n<h4 style=\"text-align: justify;\"><strong><span style=\"color: #000000;\"><span style=\"color: #0051a3;\">&#x2714;\u00a0<\/span>Notre\u00a0semaine d&rsquo;entra\u00eenement<\/span><\/strong><\/h4>\n<p style=\"text-align: justify;\">C&rsquo;\u00e9tait une semaine compliqu\u00e9e qui s&rsquo;annon\u00e7ait \u00e0 cause de nos deux derni\u00e8res d\u00e9faites \u00e0 la maison. Nous avons fait une grosse s\u00e9ance vid\u00e9o lundi qui nous a permis de nous remettre en questions. Nous avons beaucoup \u00e9chang\u00e9 par rapport \u00e0 notre \u00e9tat d&rsquo;esprit qui n&rsquo;avait pas \u00e9t\u00e9 le bon sur les derniers matchs. Le coach a remis les choses au clair par rapport au s\u00e9rieux et \u00e0 la rigueur que l&rsquo;on devait avoir pour \u00eatre performant en match. La semaine d&rsquo;entra\u00eenement a \u00e9t\u00e9\u00a0bas\u00e9e sur la d\u00e9fense, l&rsquo;\u00e9tat d&rsquo;esprit et l&rsquo;agressivit\u00e9. Mardi nous avons\u00a0effectu\u00e9 une tr\u00e8s grosse s\u00e9ance, la plus intense cette saison selon moi, avec une opposition dans la bonne humeur\u00a0o\u00f9 tous les joueurs avaient envie de travailler. Des s\u00e9ances comme celles-ci nous font vraiment du bien. Les\u00a0entra\u00eenements\u00a0de la fin de semaine ont \u00e9t\u00e9 moins intense car nous avions match le samedi mais avec le m\u00eame \u00e9tat d&rsquo;esprit. La mise en place s&rsquo;est bien pass\u00e9e malgr\u00e9 les nombreux changements dans la composition, beaucoup de jeunes ont eu leur chance. La s\u00e9ance a \u00e9t\u00e9 courte mais vraiment propre et cela nous a permis d&rsquo;\u00eatre dans le match d\u00e8s le vendredi.<\/p>\n<h4 style=\"text-align: justify;\"><strong><span style=\"color: #000000;\"><span style=\"color: #0051a3;\">&#x2714;\u00a0<\/span>Notre\u00a0match<\/span><\/strong><\/h4>\n<p style=\"text-align: justify;\">Nous sommes tous arriv\u00e9s \u00e0 l&rsquo;heure pour prendre le bus pour ce d\u00e9placement \u00e0 Lyon, tout le monde \u00e9tait vraiment concentr\u00e9. Le coach nous a demand\u00e9 de r\u00e9pondre pr\u00e9sent au niveau de l&rsquo;\u00e9tat d&rsquo;esprit, c&rsquo;\u00e9tait vraiment la chose la plus importante pour lui. On s&rsquo;est bien \u00e9chauff\u00e9 et il nous a bien motiv\u00e9 avant d&rsquo;entrer sur le terrain. Nous\u00a0commen\u00e7ons\u00a0tr\u00e8s bien le match avec de l&rsquo;engagement. Il y a eu beaucoup de temps de jeu avec des actions longues\u00a0que l&rsquo;on a un peu pay\u00e9 dans la deuxi\u00e8me partie de la premi\u00e8re p\u00e9riode. La mi-temps arrive au bon moment pour souffler m\u00eame si nous sommes men\u00e9s de 10 points. Nous avons beaucoup souffert sur toutes les phases de conqu\u00eate, que ce soit m\u00eal\u00e9e, maul ou touche. En deuxi\u00e8me mi-temps nous avons marqu\u00e9 deux essais dont celui qui nous permet de gagner \u00e0 quelques minutes de la fin.\u00a0Corentin r\u00e9ussit un superbe contre pour aller marquer, ce qui nous permet de passer devant au score (28-25). Ils ont l&rsquo;occasion d&rsquo;\u00e9galiser \u00e0 la fin car nous nous sommes mis \u00e0 la faute mais\u00a0leur buteur rate la p\u00e9nalit\u00e9. C&rsquo;est vraiment un super moment car avant le contre de Corentin nous commencions \u00e0 nous dire que le match \u00e9tait perdu alors que nous avions vraiment remis les bons ingr\u00e9dients. Cette victoire fait vraiment du bien m\u00eame si tout n&rsquo;a pas \u00e9t\u00e9 parfait,\u00a0nous avons encore\u00a0commis plusieurs impr\u00e9cisions et nous avons \u00e9t\u00e9 en difficult\u00e9 en conqu\u00eate.<\/p>\n<p><span class=\"kTXg6vEYCxSsI32OPnl7LMpjG9tDRcKNwmZeU1qrf0Ha5QhdyBVAz\"><iframe loading=\"lazy\" title=\"Lyon - Espoirs FCG, le r\u00e9sum\u00e9 vid\u00e9o\" width=\"740\" height=\"416\" src=\"https:\/\/www.youtube.com\/embed\/GcJNQr8QEpM?feature=oembed\" frameborder=\"0\" allow=\"accelerometer; autoplay; clipboard-write; encrypted-media; gyroscope; picture-in-picture; web-share\" allowfullscreen><\/iframe><\/span><\/p>\n<h4 style=\"text-align: justify;\"><strong><span style=\"color: #000000;\"><span style=\"color: #0051a3;\">&#x2714;\u00a0<\/span>Notre\u00a0programme<\/span><\/strong><\/h4>\n<p style=\"text-align: justify;\">Nous avons deux semaines avant le prochain match contre Oyonnax. Cela va nous permettre de bosser ces phases de conqu\u00eate dans lesquelles nous avons \u00e9t\u00e9 secou\u00e9s. Nous allons avoir\u00a0trois\u00a0s\u00e9ances charg\u00e9es cette semaine et ensuite nous seront au repos de vendredi \u00e0 mercredi prochain pour pr\u00e9parer le match suivant. L&rsquo;objectif sera clairement de relever la t\u00eate \u00e0 domicile apr\u00e8s nos deux revers.<\/p>\n<p style=\"text-align: justify;\"><strong>FC Grenoble Rugby Espoirs<br \/>\n<a style=\"color: #000000;\" href=\"https:\/\/www.facebook.com\/fcgEspoirs\/\" target=\"_blank\" rel=\"noopener noreferrer\"><img loading=\"lazy\" decoding=\"async\" class=\"alignnone wp-image-2909\" src=\"http:\/\/dicodusport.fr\/blog\/wp-content\/uploads\/2017\/07\/logo-facebook-150x150.png\" alt=\"\" width=\"40\" height=\"40\" \/><\/a><\/strong><\/p>\n","protected":false},"excerpt":{"rendered":"<p>Chaque semaine la section\u00a0espoirs du FC Grenoble rugby\u00a0viendra vous parler de son actualit\u00e9, de ses entra\u00eenements ou encore de ses matchs dans sa chronique \u00ab\u00a0L&rsquo;avenir grenoblois est dans le pr\u00e9\u00a0\u00bb. Pour ce\u00a0cinqui\u00e8me \u00e9pisode retour sur la\u00a0victoire arrach\u00e9e chez le voisin lyonnais avec\u00a0Thibault Magellan, deuxi\u00e8me ligne.\u00a0(Cr\u00e9dit photo : Photographie HK.) &#x2714;\u00a0Notre\u00a0semaine d&rsquo;entra\u00eenement C&rsquo;\u00e9tait une semaine compliqu\u00e9e [&hellip;]<\/p>\n","protected":false},"author":1,"featured_media":6024,"comment_status":"open","ping_status":"closed","sticky":false,"template":"","format":"standard","meta":{"_acf_changed":false,"_daextam_enable_autolinks":"","footnotes":""},"categories":[2016],"tags":[2104,2185,1945,1946],"class_list":["post-6013","post","type-post","status-publish","format-standard","has-post-thumbnail","hentry","category-nos-champions","tag-fc-grenoble","tag-fc-grenoble-rugby","tag-fc-grenoble-rugby-espoirs","tag-grenoble-espoirs"],"acf":[],"yoast_head":"<!-- This site is optimized with the Yoast SEO Premium plugin v26.7 (Yoast SEO v26.7) - https:\/\/yoast.com\/wordpress\/plugins\/seo\/ -->\n<title>L&#039;avenir grenoblois est dans le pr\u00e9 #5 : une victoire qui fait du bien<\/title>\n<meta name=\"description\" content=\"Pour ce cinqui\u00e8me \u00e9pisode retour sur la victoire arrach\u00e9e chez le voisin lyonnais avec Thibault Magellan, deuxi\u00e8me ligne.\" \/>\n<meta name=\"robots\" content=\"index, follow, max-snippet:-1, max-image-preview:large, max-video-preview:-1\" \/>\n<link rel=\"canonical\" href=\"https:\/\/dicodusport.fr\/blog\/avenir-grenoblois-pre-5-victoire-fait-du-bien\/\" \/>\n<meta property=\"og:locale\" content=\"fr_FR\" \/>\n<meta property=\"og:type\" content=\"article\" \/>\n<meta property=\"og:title\" content=\"L&#039;avenir grenoblois est dans le pr\u00e9 #5 : une victoire qui fait du bien\" \/>\n<meta property=\"og:description\" content=\"Pour ce cinqui\u00e8me \u00e9pisode retour sur la victoire arrach\u00e9e chez le voisin lyonnais avec Thibault Magellan, deuxi\u00e8me ligne.\" \/>\n<meta property=\"og:url\" content=\"https:\/\/dicodusport.fr\/blog\/avenir-grenoblois-pre-5-victoire-fait-du-bien\/\" \/>\n<meta property=\"og:site_name\" content=\"Dicodusport\" \/>\n<meta property=\"article:publisher\" content=\"https:\/\/www.facebook.com\/dicodusport\" \/>\n<meta property=\"article:author\" content=\"https:\/\/www.facebook.com\/dicodusport\" \/>\n<meta property=\"article:published_time\" content=\"2017-10-23T10:29:18+00:00\" \/>\n<meta property=\"article:modified_time\" content=\"2021-04-13T21:16:00+00:00\" \/>\n<meta property=\"og:image\" content=\"https:\/\/dicodusport.fr\/blog\/wp-content\/uploads\/2017\/10\/LOU-FC-Grenoble.png\" \/>\n\t<meta property=\"og:image:width\" content=\"1200\" \/>\n\t<meta property=\"og:image:height\" content=\"670\" \/>\n\t<meta property=\"og:image:type\" content=\"image\/png\" \/>\n<meta name=\"author\" content=\"Nicolas Jacquemard\" \/>\n<meta name=\"twitter:card\" content=\"summary_large_image\" \/>\n<meta name=\"twitter:creator\" content=\"@https:\/\/twitter.com\/Nico_Jacquemard\" \/>\n<meta name=\"twitter:site\" content=\"@dicodusport\" \/>\n<script type=\"application\/ld+json\" class=\"yoast-schema-graph\">{\"@context\":\"https:\/\/schema.org\",\"@graph\":[{\"@type\":\"NewsArticle\",\"@id\":\"https:\/\/dicodusport.fr\/blog\/avenir-grenoblois-pre-5-victoire-fait-du-bien\/#article\",\"isPartOf\":{\"@id\":\"https:\/\/dicodusport.fr\/blog\/avenir-grenoblois-pre-5-victoire-fait-du-bien\/\"},\"author\":{\"name\":\"Nicolas Jacquemard\",\"@id\":\"https:\/\/dicodusport.fr\/blog\/#\/schema\/person\/55dcb50ad410894e431ed812bbb70191\"},\"headline\":\"L&rsquo;avenir grenoblois est dans le pr\u00e9 #5 : une victoire qui fait du bien\",\"datePublished\":\"2017-10-23T10:29:18+00:00\",\"dateModified\":\"2021-04-13T21:16:00+00:00\",\"mainEntityOfPage\":{\"@id\":\"https:\/\/dicodusport.fr\/blog\/avenir-grenoblois-pre-5-victoire-fait-du-bien\/\"},\"wordCount\":656,\"commentCount\":0,\"publisher\":{\"@id\":\"https:\/\/dicodusport.fr\/blog\/#organization\"},\"image\":{\"@id\":\"https:\/\/dicodusport.fr\/blog\/avenir-grenoblois-pre-5-victoire-fait-du-bien\/#primaryimage\"},\"thumbnailUrl\":\"https:\/\/dicodusport.fr\/blog\/wp-content\/uploads\/2017\/10\/LOU-FC-Grenoble.png\",\"keywords\":[\"fc grenoble\",\"FC Grenoble Rugby\",\"FC Grenoble Rugby Espoirs\",\"grenoble espoirs\"],\"articleSection\":[\"Nos champions\"],\"inLanguage\":\"fr-FR\",\"potentialAction\":[{\"@type\":\"CommentAction\",\"name\":\"Comment\",\"target\":[\"https:\/\/dicodusport.fr\/blog\/avenir-grenoblois-pre-5-victoire-fait-du-bien\/#respond\"]}],\"copyrightYear\":\"2017\",\"copyrightHolder\":{\"@id\":\"https:\/\/dicodusport.fr\/blog\/#organization\"}},{\"@type\":\"WebPage\",\"@id\":\"https:\/\/dicodusport.fr\/blog\/avenir-grenoblois-pre-5-victoire-fait-du-bien\/\",\"url\":\"https:\/\/dicodusport.fr\/blog\/avenir-grenoblois-pre-5-victoire-fait-du-bien\/\",\"name\":\"L'avenir grenoblois est dans le pr\u00e9 #5 : une victoire qui fait du bien\",\"isPartOf\":{\"@id\":\"https:\/\/dicodusport.fr\/blog\/#website\"},\"primaryImageOfPage\":{\"@id\":\"https:\/\/dicodusport.fr\/blog\/avenir-grenoblois-pre-5-victoire-fait-du-bien\/#primaryimage\"},\"image\":{\"@id\":\"https:\/\/dicodusport.fr\/blog\/avenir-grenoblois-pre-5-victoire-fait-du-bien\/#primaryimage\"},\"thumbnailUrl\":\"https:\/\/dicodusport.fr\/blog\/wp-content\/uploads\/2017\/10\/LOU-FC-Grenoble.png\",\"datePublished\":\"2017-10-23T10:29:18+00:00\",\"dateModified\":\"2021-04-13T21:16:00+00:00\",\"description\":\"Pour ce cinqui\u00e8me \u00e9pisode retour sur la victoire arrach\u00e9e chez le voisin lyonnais avec Thibault Magellan, deuxi\u00e8me ligne.\",\"breadcrumb\":{\"@id\":\"https:\/\/dicodusport.fr\/blog\/avenir-grenoblois-pre-5-victoire-fait-du-bien\/#breadcrumb\"},\"inLanguage\":\"fr-FR\",\"potentialAction\":[{\"@type\":\"ReadAction\",\"target\":[\"https:\/\/dicodusport.fr\/blog\/avenir-grenoblois-pre-5-victoire-fait-du-bien\/\"]}]},{\"@type\":\"ImageObject\",\"inLanguage\":\"fr-FR\",\"@id\":\"https:\/\/dicodusport.fr\/blog\/avenir-grenoblois-pre-5-victoire-fait-du-bien\/#primaryimage\",\"url\":\"https:\/\/dicodusport.fr\/blog\/wp-content\/uploads\/2017\/10\/LOU-FC-Grenoble.png\",\"contentUrl\":\"https:\/\/dicodusport.fr\/blog\/wp-content\/uploads\/2017\/10\/LOU-FC-Grenoble.png\",\"width\":1200,\"height\":670},{\"@type\":\"BreadcrumbList\",\"@id\":\"https:\/\/dicodusport.fr\/blog\/avenir-grenoblois-pre-5-victoire-fait-du-bien\/#breadcrumb\",\"itemListElement\":[{\"@type\":\"ListItem\",\"position\":1,\"name\":\"Accueil\",\"item\":\"https:\/\/dicodusport.fr\/blog\/\"},{\"@type\":\"ListItem\",\"position\":2,\"name\":\"L&rsquo;avenir grenoblois est dans le pr\u00e9 #5 : une victoire qui fait du bien\"}]},{\"@type\":\"WebSite\",\"@id\":\"https:\/\/dicodusport.fr\/blog\/#website\",\"url\":\"https:\/\/dicodusport.fr\/blog\/\",\"name\":\"Dicodusport\",\"description\":\"L&#039;encyclop\u00e9die de l&#039;actualit\u00e9 sportive\",\"publisher\":{\"@id\":\"https:\/\/dicodusport.fr\/blog\/#organization\"},\"potentialAction\":[{\"@type\":\"SearchAction\",\"target\":{\"@type\":\"EntryPoint\",\"urlTemplate\":\"https:\/\/dicodusport.fr\/blog\/?s={search_term_string}\"},\"query-input\":{\"@type\":\"PropertyValueSpecification\",\"valueRequired\":true,\"valueName\":\"search_term_string\"}}],\"inLanguage\":\"fr-FR\"},{\"@type\":\"NewsMediaOrganization\",\"@id\":\"https:\/\/dicodusport.fr\/blog\/#organization\",\"name\":\"Dicodusport\",\"url\":\"https:\/\/dicodusport.fr\/blog\/\",\"logo\":{\"@type\":\"ImageObject\",\"inLanguage\":\"fr-FR\",\"@id\":\"https:\/\/dicodusport.fr\/blog\/#\/schema\/logo\/image\/\",\"url\":\"https:\/\/dicodusport.fr\/blog\/wp-content\/uploads\/2020\/06\/cropped-LOGO-DICODUSPORT-2020-SANS-FOND-SANS-TEXTE.png\",\"contentUrl\":\"https:\/\/dicodusport.fr\/blog\/wp-content\/uploads\/2020\/06\/cropped-LOGO-DICODUSPORT-2020-SANS-FOND-SANS-TEXTE.png\",\"width\":512,\"height\":512,\"caption\":\"Dicodusport\"},\"image\":{\"@id\":\"https:\/\/dicodusport.fr\/blog\/#\/schema\/logo\/image\/\"},\"sameAs\":[\"https:\/\/www.facebook.com\/dicodusport\",\"https:\/\/x.com\/dicodusport\",\"https:\/\/www.instagram.com\/dicodusport\/\",\"https:\/\/www.youtube.com\/channel\/UC7V2KZ5sd3htJivAbA4ZG3w\"],\"description\":\"Dicodusport est l'encyclop\u00e9die de l'actualit\u00e9 sportive.\",\"email\":\"bonjour@dicodusport.fr\",\"legalName\":\"DICODUSPORT\",\"foundingDate\":\"2018-01-14\",\"vatID\":\"FR71834470973\",\"taxID\":\"83447097300043\",\"numberOfEmployees\":{\"@type\":\"QuantitativeValue\",\"minValue\":\"1\",\"maxValue\":\"10\"}},{\"@type\":\"Person\",\"@id\":\"https:\/\/dicodusport.fr\/blog\/#\/schema\/person\/55dcb50ad410894e431ed812bbb70191\",\"name\":\"Nicolas Jacquemard\",\"image\":{\"@type\":\"ImageObject\",\"inLanguage\":\"fr-FR\",\"@id\":\"https:\/\/dicodusport.fr\/blog\/#\/schema\/person\/image\/\",\"url\":\"https:\/\/dicodusport.fr\/blog\/wp-content\/uploads\/2021\/05\/Nicolas-Jacquemard-150x150.jpeg\",\"contentUrl\":\"https:\/\/dicodusport.fr\/blog\/wp-content\/uploads\/2021\/05\/Nicolas-Jacquemard-150x150.jpeg\",\"caption\":\"Nicolas Jacquemard\"},\"description\":\"Passionn\u00e9 de sport et entrepreneur depuis mes 18 ans, la cr\u00e9ation de Dicodusport m'a sembl\u00e9 \u00e9vidente pour participer \u00e0 la m\u00e9diatisation d'un plus grand nombre de sports. Le chemin est long mais avec une \u00e9quipe des plus motiv\u00e9es et les Jeux Olympiques de Paris 2024 en point de mire, nous y arriverons ! Journaliste dans le monde du sport depuis plus de 5 ans, je traite aussi bien de football, de rugby, de biathlon que de cyclisme.\",\"sameAs\":[\"https:\/\/www.facebook.com\/dicodusport\",\"https:\/\/x.com\/https:\/\/twitter.com\/Nico_Jacquemard\"],\"url\":\"https:\/\/dicodusport.fr\/blog\/author\/dicodusport\/\"}]}<\/script>\n<!-- \/ Yoast SEO Premium plugin. -->","yoast_head_json":{"title":"L'avenir grenoblois est dans le pr\u00e9 #5 : une victoire qui fait du bien","description":"Pour ce cinqui\u00e8me \u00e9pisode retour sur la victoire arrach\u00e9e chez le voisin lyonnais avec Thibault Magellan, deuxi\u00e8me ligne.","robots":{"index":"index","follow":"follow","max-snippet":"max-snippet:-1","max-image-preview":"max-image-preview:large","max-video-preview":"max-video-preview:-1"},"canonical":"https:\/\/dicodusport.fr\/blog\/avenir-grenoblois-pre-5-victoire-fait-du-bien\/","og_locale":"fr_FR","og_type":"article","og_title":"L'avenir grenoblois est dans le pr\u00e9 #5 : une victoire qui fait du bien","og_description":"Pour ce cinqui\u00e8me \u00e9pisode retour sur la victoire arrach\u00e9e chez le voisin lyonnais avec Thibault Magellan, deuxi\u00e8me ligne.","og_url":"https:\/\/dicodusport.fr\/blog\/avenir-grenoblois-pre-5-victoire-fait-du-bien\/","og_site_name":"Dicodusport","article_publisher":"https:\/\/www.facebook.com\/dicodusport","article_author":"https:\/\/www.facebook.com\/dicodusport","article_published_time":"2017-10-23T10:29:18+00:00","article_modified_time":"2021-04-13T21:16:00+00:00","og_image":[{"width":1200,"height":670,"url":"https:\/\/dicodusport.fr\/blog\/wp-content\/uploads\/2017\/10\/LOU-FC-Grenoble.png","type":"image\/png"}],"author":"Nicolas Jacquemard","twitter_card":"summary_large_image","twitter_creator":"@https:\/\/twitter.com\/Nico_Jacquemard","twitter_site":"@dicodusport","schema":{"@context":"https:\/\/schema.org","@graph":[{"@type":"NewsArticle","@id":"https:\/\/dicodusport.fr\/blog\/avenir-grenoblois-pre-5-victoire-fait-du-bien\/#article","isPartOf":{"@id":"https:\/\/dicodusport.fr\/blog\/avenir-grenoblois-pre-5-victoire-fait-du-bien\/"},"author":{"name":"Nicolas Jacquemard","@id":"https:\/\/dicodusport.fr\/blog\/#\/schema\/person\/55dcb50ad410894e431ed812bbb70191"},"headline":"L&rsquo;avenir grenoblois est dans le pr\u00e9 #5 : une victoire qui fait du bien","datePublished":"2017-10-23T10:29:18+00:00","dateModified":"2021-04-13T21:16:00+00:00","mainEntityOfPage":{"@id":"https:\/\/dicodusport.fr\/blog\/avenir-grenoblois-pre-5-victoire-fait-du-bien\/"},"wordCount":656,"commentCount":0,"publisher":{"@id":"https:\/\/dicodusport.fr\/blog\/#organization"},"image":{"@id":"https:\/\/dicodusport.fr\/blog\/avenir-grenoblois-pre-5-victoire-fait-du-bien\/#primaryimage"},"thumbnailUrl":"https:\/\/dicodusport.fr\/blog\/wp-content\/uploads\/2017\/10\/LOU-FC-Grenoble.png","keywords":["fc grenoble","FC Grenoble Rugby","FC Grenoble Rugby Espoirs","grenoble espoirs"],"articleSection":["Nos champions"],"inLanguage":"fr-FR","potentialAction":[{"@type":"CommentAction","name":"Comment","target":["https:\/\/dicodusport.fr\/blog\/avenir-grenoblois-pre-5-victoire-fait-du-bien\/#respond"]}],"copyrightYear":"2017","copyrightHolder":{"@id":"https:\/\/dicodusport.fr\/blog\/#organization"}},{"@type":"WebPage","@id":"https:\/\/dicodusport.fr\/blog\/avenir-grenoblois-pre-5-victoire-fait-du-bien\/","url":"https:\/\/dicodusport.fr\/blog\/avenir-grenoblois-pre-5-victoire-fait-du-bien\/","name":"L'avenir grenoblois est dans le pr\u00e9 #5 : une victoire qui fait du bien","isPartOf":{"@id":"https:\/\/dicodusport.fr\/blog\/#website"},"primaryImageOfPage":{"@id":"https:\/\/dicodusport.fr\/blog\/avenir-grenoblois-pre-5-victoire-fait-du-bien\/#primaryimage"},"image":{"@id":"https:\/\/dicodusport.fr\/blog\/avenir-grenoblois-pre-5-victoire-fait-du-bien\/#primaryimage"},"thumbnailUrl":"https:\/\/dicodusport.fr\/blog\/wp-content\/uploads\/2017\/10\/LOU-FC-Grenoble.png","datePublished":"2017-10-23T10:29:18+00:00","dateModified":"2021-04-13T21:16:00+00:00","description":"Pour ce cinqui\u00e8me \u00e9pisode retour sur la victoire arrach\u00e9e chez le voisin lyonnais avec Thibault Magellan, deuxi\u00e8me ligne.","breadcrumb":{"@id":"https:\/\/dicodusport.fr\/blog\/avenir-grenoblois-pre-5-victoire-fait-du-bien\/#breadcrumb"},"inLanguage":"fr-FR","potentialAction":[{"@type":"ReadAction","target":["https:\/\/dicodusport.fr\/blog\/avenir-grenoblois-pre-5-victoire-fait-du-bien\/"]}]},{"@type":"ImageObject","inLanguage":"fr-FR","@id":"https:\/\/dicodusport.fr\/blog\/avenir-grenoblois-pre-5-victoire-fait-du-bien\/#primaryimage","url":"https:\/\/dicodusport.fr\/blog\/wp-content\/uploads\/2017\/10\/LOU-FC-Grenoble.png","contentUrl":"https:\/\/dicodusport.fr\/blog\/wp-content\/uploads\/2017\/10\/LOU-FC-Grenoble.png","width":1200,"height":670},{"@type":"BreadcrumbList","@id":"https:\/\/dicodusport.fr\/blog\/avenir-grenoblois-pre-5-victoire-fait-du-bien\/#breadcrumb","itemListElement":[{"@type":"ListItem","position":1,"name":"Accueil","item":"https:\/\/dicodusport.fr\/blog\/"},{"@type":"ListItem","position":2,"name":"L&rsquo;avenir grenoblois est dans le pr\u00e9 #5 : une victoire qui fait du bien"}]},{"@type":"WebSite","@id":"https:\/\/dicodusport.fr\/blog\/#website","url":"https:\/\/dicodusport.fr\/blog\/","name":"Dicodusport","description":"L&#039;encyclop\u00e9die de l&#039;actualit\u00e9 sportive","publisher":{"@id":"https:\/\/dicodusport.fr\/blog\/#organization"},"potentialAction":[{"@type":"SearchAction","target":{"@type":"EntryPoint","urlTemplate":"https:\/\/dicodusport.fr\/blog\/?s={search_term_string}"},"query-input":{"@type":"PropertyValueSpecification","valueRequired":true,"valueName":"search_term_string"}}],"inLanguage":"fr-FR"},{"@type":"NewsMediaOrganization","@id":"https:\/\/dicodusport.fr\/blog\/#organization","name":"Dicodusport","url":"https:\/\/dicodusport.fr\/blog\/","logo":{"@type":"ImageObject","inLanguage":"fr-FR","@id":"https:\/\/dicodusport.fr\/blog\/#\/schema\/logo\/image\/","url":"https:\/\/dicodusport.fr\/blog\/wp-content\/uploads\/2020\/06\/cropped-LOGO-DICODUSPORT-2020-SANS-FOND-SANS-TEXTE.png","contentUrl":"https:\/\/dicodusport.fr\/blog\/wp-content\/uploads\/2020\/06\/cropped-LOGO-DICODUSPORT-2020-SANS-FOND-SANS-TEXTE.png","width":512,"height":512,"caption":"Dicodusport"},"image":{"@id":"https:\/\/dicodusport.fr\/blog\/#\/schema\/logo\/image\/"},"sameAs":["https:\/\/www.facebook.com\/dicodusport","https:\/\/x.com\/dicodusport","https:\/\/www.instagram.com\/dicodusport\/","https:\/\/www.youtube.com\/channel\/UC7V2KZ5sd3htJivAbA4ZG3w"],"description":"Dicodusport est l'encyclop\u00e9die de l'actualit\u00e9 sportive.","email":"bonjour@dicodusport.fr","legalName":"DICODUSPORT","foundingDate":"2018-01-14","vatID":"FR71834470973","taxID":"83447097300043","numberOfEmployees":{"@type":"QuantitativeValue","minValue":"1","maxValue":"10"}},{"@type":"Person","@id":"https:\/\/dicodusport.fr\/blog\/#\/schema\/person\/55dcb50ad410894e431ed812bbb70191","name":"Nicolas Jacquemard","image":{"@type":"ImageObject","inLanguage":"fr-FR","@id":"https:\/\/dicodusport.fr\/blog\/#\/schema\/person\/image\/","url":"https:\/\/dicodusport.fr\/blog\/wp-content\/uploads\/2021\/05\/Nicolas-Jacquemard-150x150.jpeg","contentUrl":"https:\/\/dicodusport.fr\/blog\/wp-content\/uploads\/2021\/05\/Nicolas-Jacquemard-150x150.jpeg","caption":"Nicolas Jacquemard"},"description":"Passionn\u00e9 de sport et entrepreneur depuis mes 18 ans, la cr\u00e9ation de Dicodusport m'a sembl\u00e9 \u00e9vidente pour participer \u00e0 la m\u00e9diatisation d'un plus grand nombre de sports. Le chemin est long mais avec une \u00e9quipe des plus motiv\u00e9es et les Jeux Olympiques de Paris 2024 en point de mire, nous y arriverons ! Journaliste dans le monde du sport depuis plus de 5 ans, je traite aussi bien de football, de rugby, de biathlon que de cyclisme.","sameAs":["https:\/\/www.facebook.com\/dicodusport","https:\/\/x.com\/https:\/\/twitter.com\/Nico_Jacquemard"],"url":"https:\/\/dicodusport.fr\/blog\/author\/dicodusport\/"}]}},"_links":{"self":[{"href":"https:\/\/dicodusport.fr\/blog\/wp-json\/wp\/v2\/posts\/6013","targetHints":{"allow":["GET"]}}],"collection":[{"href":"https:\/\/dicodusport.fr\/blog\/wp-json\/wp\/v2\/posts"}],"about":[{"href":"https:\/\/dicodusport.fr\/blog\/wp-json\/wp\/v2\/types\/post"}],"author":[{"embeddable":true,"href":"https:\/\/dicodusport.fr\/blog\/wp-json\/wp\/v2\/users\/1"}],"replies":[{"embeddable":true,"href":"https:\/\/dicodusport.fr\/blog\/wp-json\/wp\/v2\/comments?post=6013"}],"version-history":[{"count":0,"href":"https:\/\/dicodusport.fr\/blog\/wp-json\/wp\/v2\/posts\/6013\/revisions"}],"wp:featuredmedia":[{"embeddable":true,"href":"https:\/\/dicodusport.fr\/blog\/wp-json\/wp\/v2\/media\/6024"}],"wp:attachment":[{"href":"https:\/\/dicodusport.fr\/blog\/wp-json\/wp\/v2\/media?parent=6013"}],"wp:term":[{"taxonomy":"category","embeddable":true,"href":"https:\/\/dicodusport.fr\/blog\/wp-json\/wp\/v2\/categories?post=6013"},{"taxonomy":"post_tag","embeddable":true,"href":"https:\/\/dicodusport.fr\/blog\/wp-json\/wp\/v2\/tags?post=6013"}],"curies":[{"name":"wp","href":"https:\/\/api.w.org\/{rel}","templated":true}]}}