{"id":601333,"date":"2025-08-08T18:35:09","date_gmt":"2025-08-08T16:35:09","guid":{"rendered":"https:\/\/dicodusport.fr\/blog\/?p=601333&#038;preview=true&#038;preview_id=601333"},"modified":"2025-08-08T19:02:23","modified_gmt":"2025-08-08T17:02:23","slug":"tour-de-lain-2025-cian-uijtdebroeks-remporte-la-derniere-etape-et-le-general","status":"publish","type":"post","link":"https:\/\/dicodusport.fr\/blog\/tour-de-lain-2025-cian-uijtdebroeks-remporte-la-derniere-etape-et-le-general\/","title":{"rendered":"Tour de l&rsquo;Ain 2025 : Cian Uijtdebroeks remporte la derni\u00e8re \u00e9tape et le g\u00e9n\u00e9ral"},"content":{"rendered":"<p style=\"text-align: justify;\"><em><strong>TOUR DE L&rsquo;AIN 2025 &#8211; Deuxi\u00e8me du g\u00e9n\u00e9ral au matin de cette ultime journ\u00e9e, Cian Uijtdebroeks (Visma Lease a Bike) a renvers\u00e9 la situation pour s&rsquo;imposer en solitaire et remporter le classement g\u00e9n\u00e9ral final du Tour de l&rsquo;Ain, vendredi, \u00e0 Belley.\u00a0<\/strong><\/em><\/p>\n<p style=\"text-align: justify;\">Le <strong>Tour de l\u2019Ain 2025<\/strong> s&rsquo;est termin\u00e9 aujourd&rsquo;hui avec une derni\u00e8re \u00e9tape proposant un menu cors\u00e9 avec les ascensions du <strong>Col de Richmond (6 km \u00e0 5,1 %)<\/strong>, du <strong>Col de la Biche (6,1 km \u00e0 9,1 %) <\/strong>et du mythique <strong>Col du Grand Colombier (15,3 kilom\u00e8tres \u00e0 7,9 % par le versant d&rsquo;Aiglefort)<\/strong>.<\/p>\n<ul>\n<li style=\"text-align: justify;\"><strong>\u00c0 ce sujet \u2013\u00a0<a href=\"https:\/\/dicodusport.fr\/blog\/3eme-etape-tour-de-lain-2025-classement-et-resultats\/\">Classement de la troisi\u00e8me \u00e9tape du Tour de l&rsquo;Ain 2025<\/a><\/strong><\/li>\n<li><strong>\u00c0 ce sujet \u2013\u00a0<a href=\"https:\/\/dicodusport.fr\/blog\/classement-general-tour-de-lain-2025-actualise\/\">Classement g\u00e9n\u00e9ral Tour de l\u2019Ain 2025 actualis\u00e9<\/a><\/strong><\/li>\n<\/ul>\n<h2 style=\"text-align: justify;\">La Visma visse t\u00f4t, Uijtdebroeks \u00e0 l&rsquo;usure<\/h2>\n<p style=\"text-align: justify;\">D&rsquo;abord, apr\u00e8s une premi\u00e8re \u00e9chapp\u00e9e, <strong>Nicolas Prodhomme<\/strong> (Decathlon AG2R La Mondiale), <strong>Louis Rouland<\/strong> (Ark\u00e9a &#8211; B&amp;B Hotels),<strong> Sylvain Moniquet<\/strong> (Cofidis), <strong>J\u00f8rgen Nordhagen, Ben Tulett<\/strong> et <strong>Cian Uijtdebroeks<\/strong> (Visma Lease a Bike) ont profit\u00e9 des rampes du Col de la Biche pour faire la diff\u00e9rence. <strong>J\u00f8rgen Nordhagen <\/strong>a effectu\u00e9 la majorit\u00e9 du travail pour faire exploser le peloton principal.<\/p>\n<p style=\"text-align: justify;\">Puis, <strong>Ben Tulett<\/strong> a impos\u00e9 un gros tempo dans le Col du Grand Colombier avant l&rsquo;attaque de <strong>Cian Uijtdebroeks<\/strong>. Mais, le vainqueur du Tour de l&rsquo;Avenir 2022 n&rsquo;a pas r\u00e9ussi \u00e0 se d\u00e9faire du maillot jaune <strong>Nicolas Prodhomme<\/strong>. Il y parviendra finalement apr\u00e8s une seconde attaque, \u00e0 50 kilom\u00e8tres de l&rsquo;arriv\u00e9e. Au sommet, le coureur belge avait 1 minute 40 d&rsquo;avance sur son poursuivant. Ce col a permis \u00e0 <strong>Jordan Jegat<\/strong> (TotalEnergies) de rentrer \u00e0 un troisi\u00e8me \u00e9chelon de la course sur <strong>Sylvain Moniquet, Ben Tulett<\/strong> et <strong>Louis Rouland<\/strong>.<\/p>\n<p style=\"text-align: justify;\">Finalement, <strong>Cian Uijtdebroeks<\/strong> s&rsquo;est impos\u00e9 en solitaire pour signer sa premi\u00e8re victoire professionnelle. <strong>Nicolas Prodhomme<\/strong> a pris la deuxi\u00e8me place \u00e0 3 minutes 04. <strong>Ben Tulett<\/strong> a compl\u00e9t\u00e9 le podium du jour \u00e0 5 minutes 32 devant <strong>Jordan Jegat<\/strong>. Au classement g\u00e9n\u00e9ral, <strong>Cian Uijtdebroeks<\/strong> a gagn\u00e9 cette 36e \u00e9dition devant <strong>Nicolas Prodhomme<\/strong> et <strong>Ben Tulett<\/strong>. <strong>Uijtdebroeks<\/strong> est devenu le deuxi\u00e8me belge \u00e0 remporter le Tour de l&rsquo;Ain apr\u00e8s apr\u00e8s <strong>Axel Merckx<\/strong> en 2003.<\/p>\n<blockquote class=\"twitter-tweet\">\n<p dir=\"ltr\" lang=\"fr\">Dommage pour Nicolas Prodhomme, battu sur le Tour de l\u2019Ain par un Cian Uijtdebroeks tout simplement trop fort aujourd\u2019hui <a href=\"https:\/\/twitter.com\/hashtag\/LesRP?src=hash&amp;ref_src=twsrc%5Etfw\">#LesRP<\/a> <a href=\"https:\/\/t.co\/tAFuA0ehTY\">pic.twitter.com\/tAFuA0ehTY<\/a><\/p>\n<p>\u2014 Eurosport France (@Eurosport_FR) <a href=\"https:\/\/twitter.com\/Eurosport_FR\/status\/1953857876897800526?ref_src=twsrc%5Etfw\">August 8, 2025<\/a><\/p><\/blockquote>\n<p><script async src=\"https:\/\/platform.twitter.com\/widgets.js\" charset=\"utf-8\"><\/script><\/p>\n<hr \/>\n<ul>\n<li style=\"text-align: justify;\"><strong>\u00c0 ce sujet &#8211; <a href=\"https:\/\/dicodusport.fr\/blog\/actualites\/cyclisme\/\">L&rsquo;actualit\u00e9 du cyclisme<\/a><\/strong><\/li>\n<\/ul>\n<h3 style=\"text-align: justify;\"><strong>\u00c0 ce sujet<\/strong><\/h3>\n<div class=\"vlp-link-container vlp-layout-article\"><a href=\"https:\/\/dicodusport.fr\/blog\/cyclisme-mercato-2025-2026-le-tableau-des-transferts\/\" class=\"vlp-link\" title=\"Cyclisme Mercato 2025-2026 - Le tableau des transferts\"><\/a><div class=\"vlp-layout-zone-side\"><div class=\"vlp-block-4 vlp-link-image\"><img loading=\"lazy\" decoding=\"async\" style=\"max-width: 792px;\" width=\"792\" height=\"445\" src=\"https:\/\/dicodusport.fr\/blog\/wp-content\/uploads\/2025\/02\/Cyclisme-Mercato-2025-2026-Le-tableau-des-transferts.png\" class=\"attachment-800x445 size-800x445\" alt=\"Cyclisme Mercato 2025-2026 - Le tableau des transferts\" srcset=\"https:\/\/dicodusport.fr\/blog\/wp-content\/uploads\/2025\/02\/Cyclisme-Mercato-2025-2026-Le-tableau-des-transferts.png 1200w, https:\/\/dicodusport.fr\/blog\/wp-content\/uploads\/2025\/02\/Cyclisme-Mercato-2025-2026-Le-tableau-des-transferts-300x169.png 300w, https:\/\/dicodusport.fr\/blog\/wp-content\/uploads\/2025\/02\/Cyclisme-Mercato-2025-2026-Le-tableau-des-transferts-1024x575.png 1024w, https:\/\/dicodusport.fr\/blog\/wp-content\/uploads\/2025\/02\/Cyclisme-Mercato-2025-2026-Le-tableau-des-transferts-768x431.png 768w\" sizes=\"auto, (max-width: 792px) 100vw, 792px\" \/><\/div><\/div><div class=\"vlp-layout-zone-main\"><div class=\"vlp-block-0 vlp-link-title\">Cyclisme Mercato 2025-2026 - Le tableau des transferts<\/div><div class=\"vlp-block-1 vlp-link-summary\">MERCATO CYCLISME 2025-2026 - D\u00e9couvrez les transferts officiels et les rumeurs du mercato cycliste.<\/div><div class=\"vlp-block-2 vlp-link-button\">Lire l'article<\/div><div class=\"vlp-block-3 vlp-link-url\">dicodusport.fr<\/div><\/div><\/div>\n","protected":false},"excerpt":{"rendered":"<p>Cian Uijtdebroeks (Visma Lease a Bike) a renvers\u00e9 la situation pour s&rsquo;imposer en solitaire et remporter le classement g\u00e9n\u00e9ral final du Tour de l&rsquo;Ain.<\/p>\n","protected":false},"author":48,"featured_media":601382,"comment_status":"open","ping_status":"closed","sticky":false,"template":"","format":"standard","meta":{"_acf_changed":false,"_daextam_enable_autolinks":"1","footnotes":""},"categories":[46994],"tags":[32415,16878,574,11197,4907],"class_list":["post-601333","post","type-post","status-publish","format-standard","has-post-thumbnail","hentry","category-cyclisme-sur-route","tag-actu","tag-breve","tag-cyclisme","tag-cyclisme-sur-route","tag-tour-de-lain"],"acf":[],"yoast_head":"<!-- This site is optimized with the Yoast SEO Premium plugin v26.7 (Yoast SEO v26.7) - https:\/\/yoast.com\/wordpress\/plugins\/seo\/ -->\n<title>Tour de l&#039;Ain 2025 : Cian Uijtdebroeks remporte la derni\u00e8re \u00e9tape et le g\u00e9n\u00e9ral<\/title>\n<meta name=\"description\" content=\"Cian Uijtdebroeks (Visma Lease a Bike) a renvers\u00e9 la situation pour s&#039;imposer en solitaire et remporter le classement g\u00e9n\u00e9ral final du Tour de l&#039;Ain.\" \/>\n<meta name=\"robots\" content=\"index, follow, max-snippet:-1, max-image-preview:large, max-video-preview:-1\" \/>\n<link rel=\"canonical\" href=\"https:\/\/dicodusport.fr\/blog\/tour-de-lain-2025-cian-uijtdebroeks-remporte-la-derniere-etape-et-le-general\/\" \/>\n<meta property=\"og:locale\" content=\"fr_FR\" \/>\n<meta property=\"og:type\" content=\"article\" \/>\n<meta property=\"og:title\" content=\"Tour de l&#039;Ain 2025 : Cian Uijtdebroeks remporte la derni\u00e8re \u00e9tape et le g\u00e9n\u00e9ral\" \/>\n<meta property=\"og:description\" content=\"Cian Uijtdebroeks (Visma Lease a Bike) a renvers\u00e9 la situation pour s&#039;imposer en solitaire et remporter le classement g\u00e9n\u00e9ral final du Tour de l&#039;Ain.\" \/>\n<meta property=\"og:url\" content=\"https:\/\/dicodusport.fr\/blog\/tour-de-lain-2025-cian-uijtdebroeks-remporte-la-derniere-etape-et-le-general\/\" \/>\n<meta property=\"og:site_name\" content=\"Dicodusport\" \/>\n<meta property=\"article:publisher\" content=\"https:\/\/www.facebook.com\/dicodusport\" \/>\n<meta property=\"article:author\" content=\"https:\/\/www.facebook.com\/groups\/LesRoisDuPeloton\" \/>\n<meta property=\"article:published_time\" content=\"2025-08-08T16:35:09+00:00\" \/>\n<meta property=\"article:modified_time\" content=\"2025-08-08T17:02:23+00:00\" \/>\n<meta property=\"og:image\" content=\"https:\/\/dicodusport.fr\/blog\/wp-content\/uploads\/2025\/08\/Tour-de-lAin-2025-Cian-Uijtdebroeks-remporte-la-derniere-etape-et-le-general-1.png\" \/>\n\t<meta property=\"og:image:width\" content=\"1200\" \/>\n\t<meta property=\"og:image:height\" content=\"674\" \/>\n\t<meta property=\"og:image:type\" content=\"image\/png\" \/>\n<meta name=\"author\" content=\"Emilien Descampiaux\" \/>\n<meta name=\"twitter:card\" content=\"summary_large_image\" \/>\n<meta name=\"twitter:title\" content=\"Tour de l&#039;Ain 2025 : Cian Uijtdebroeks remporte la derni\u00e8re \u00e9tape et le g\u00e9n\u00e9ral\" \/>\n<meta name=\"twitter:creator\" content=\"@https:\/\/twitter.com\/LRoisDuPeloton\" \/>\n<meta name=\"twitter:site\" content=\"@dicodusport\" \/>\n<script type=\"application\/ld+json\" class=\"yoast-schema-graph\">{\"@context\":\"https:\/\/schema.org\",\"@graph\":[{\"@type\":\"NewsArticle\",\"@id\":\"https:\/\/dicodusport.fr\/blog\/tour-de-lain-2025-cian-uijtdebroeks-remporte-la-derniere-etape-et-le-general\/#article\",\"isPartOf\":{\"@id\":\"https:\/\/dicodusport.fr\/blog\/tour-de-lain-2025-cian-uijtdebroeks-remporte-la-derniere-etape-et-le-general\/\"},\"author\":{\"name\":\"Emilien Descampiaux\",\"@id\":\"https:\/\/dicodusport.fr\/blog\/#\/schema\/person\/6db4bae06b171592211be385b32876a7\"},\"headline\":\"Tour de l&rsquo;Ain 2025 : Cian Uijtdebroeks remporte la derni\u00e8re \u00e9tape et le g\u00e9n\u00e9ral\",\"datePublished\":\"2025-08-08T16:35:09+00:00\",\"dateModified\":\"2025-08-08T17:02:23+00:00\",\"mainEntityOfPage\":{\"@id\":\"https:\/\/dicodusport.fr\/blog\/tour-de-lain-2025-cian-uijtdebroeks-remporte-la-derniere-etape-et-le-general\/\"},\"wordCount\":502,\"commentCount\":0,\"publisher\":{\"@id\":\"https:\/\/dicodusport.fr\/blog\/#organization\"},\"image\":{\"@id\":\"https:\/\/dicodusport.fr\/blog\/tour-de-lain-2025-cian-uijtdebroeks-remporte-la-derniere-etape-et-le-general\/#primaryimage\"},\"thumbnailUrl\":\"https:\/\/dicodusport.fr\/blog\/wp-content\/uploads\/2025\/08\/Tour-de-lAin-2025-Cian-Uijtdebroeks-remporte-la-derniere-etape-et-le-general-1.png\",\"keywords\":[\"actu\",\"br\u00e8ve\",\"Cyclisme\",\"Cyclisme sur route\",\"Tour de l'ain\"],\"articleSection\":[\"Cyclisme sur route\"],\"inLanguage\":\"fr-FR\",\"potentialAction\":[{\"@type\":\"CommentAction\",\"name\":\"Comment\",\"target\":[\"https:\/\/dicodusport.fr\/blog\/tour-de-lain-2025-cian-uijtdebroeks-remporte-la-derniere-etape-et-le-general\/#respond\"]}],\"copyrightYear\":\"2025\",\"copyrightHolder\":{\"@id\":\"https:\/\/dicodusport.fr\/blog\/#organization\"}},{\"@type\":\"WebPage\",\"@id\":\"https:\/\/dicodusport.fr\/blog\/tour-de-lain-2025-cian-uijtdebroeks-remporte-la-derniere-etape-et-le-general\/\",\"url\":\"https:\/\/dicodusport.fr\/blog\/tour-de-lain-2025-cian-uijtdebroeks-remporte-la-derniere-etape-et-le-general\/\",\"name\":\"Tour de l'Ain 2025 : Cian Uijtdebroeks remporte la derni\u00e8re \u00e9tape et le g\u00e9n\u00e9ral\",\"isPartOf\":{\"@id\":\"https:\/\/dicodusport.fr\/blog\/#website\"},\"primaryImageOfPage\":{\"@id\":\"https:\/\/dicodusport.fr\/blog\/tour-de-lain-2025-cian-uijtdebroeks-remporte-la-derniere-etape-et-le-general\/#primaryimage\"},\"image\":{\"@id\":\"https:\/\/dicodusport.fr\/blog\/tour-de-lain-2025-cian-uijtdebroeks-remporte-la-derniere-etape-et-le-general\/#primaryimage\"},\"thumbnailUrl\":\"https:\/\/dicodusport.fr\/blog\/wp-content\/uploads\/2025\/08\/Tour-de-lAin-2025-Cian-Uijtdebroeks-remporte-la-derniere-etape-et-le-general-1.png\",\"datePublished\":\"2025-08-08T16:35:09+00:00\",\"dateModified\":\"2025-08-08T17:02:23+00:00\",\"description\":\"Cian Uijtdebroeks (Visma Lease a Bike) a renvers\u00e9 la situation pour s'imposer en solitaire et remporter le classement g\u00e9n\u00e9ral final du Tour de l'Ain.\",\"breadcrumb\":{\"@id\":\"https:\/\/dicodusport.fr\/blog\/tour-de-lain-2025-cian-uijtdebroeks-remporte-la-derniere-etape-et-le-general\/#breadcrumb\"},\"inLanguage\":\"fr-FR\",\"potentialAction\":[{\"@type\":\"ReadAction\",\"target\":[\"https:\/\/dicodusport.fr\/blog\/tour-de-lain-2025-cian-uijtdebroeks-remporte-la-derniere-etape-et-le-general\/\"]}]},{\"@type\":\"ImageObject\",\"inLanguage\":\"fr-FR\",\"@id\":\"https:\/\/dicodusport.fr\/blog\/tour-de-lain-2025-cian-uijtdebroeks-remporte-la-derniere-etape-et-le-general\/#primaryimage\",\"url\":\"https:\/\/dicodusport.fr\/blog\/wp-content\/uploads\/2025\/08\/Tour-de-lAin-2025-Cian-Uijtdebroeks-remporte-la-derniere-etape-et-le-general-1.png\",\"contentUrl\":\"https:\/\/dicodusport.fr\/blog\/wp-content\/uploads\/2025\/08\/Tour-de-lAin-2025-Cian-Uijtdebroeks-remporte-la-derniere-etape-et-le-general-1.png\",\"width\":1200,\"height\":674,\"caption\":\"Tour de l'Ain 2025 Cian Uijtdebroeks remporte la derni\u00e8re \u00e9tape et le g\u00e9n\u00e9ral (1)\"},{\"@type\":\"BreadcrumbList\",\"@id\":\"https:\/\/dicodusport.fr\/blog\/tour-de-lain-2025-cian-uijtdebroeks-remporte-la-derniere-etape-et-le-general\/#breadcrumb\",\"itemListElement\":[{\"@type\":\"ListItem\",\"position\":1,\"name\":\"Accueil\",\"item\":\"https:\/\/dicodusport.fr\/blog\/\"},{\"@type\":\"ListItem\",\"position\":2,\"name\":\"Tour de l&rsquo;Ain 2025 : Cian Uijtdebroeks remporte la derni\u00e8re \u00e9tape et le g\u00e9n\u00e9ral\"}]},{\"@type\":\"WebSite\",\"@id\":\"https:\/\/dicodusport.fr\/blog\/#website\",\"url\":\"https:\/\/dicodusport.fr\/blog\/\",\"name\":\"Dicodusport\",\"description\":\"L&#039;encyclop\u00e9die de l&#039;actualit\u00e9 sportive\",\"publisher\":{\"@id\":\"https:\/\/dicodusport.fr\/blog\/#organization\"},\"potentialAction\":[{\"@type\":\"SearchAction\",\"target\":{\"@type\":\"EntryPoint\",\"urlTemplate\":\"https:\/\/dicodusport.fr\/blog\/?s={search_term_string}\"},\"query-input\":{\"@type\":\"PropertyValueSpecification\",\"valueRequired\":true,\"valueName\":\"search_term_string\"}}],\"inLanguage\":\"fr-FR\"},{\"@type\":\"NewsMediaOrganization\",\"@id\":\"https:\/\/dicodusport.fr\/blog\/#organization\",\"name\":\"Dicodusport\",\"url\":\"https:\/\/dicodusport.fr\/blog\/\",\"logo\":{\"@type\":\"ImageObject\",\"inLanguage\":\"fr-FR\",\"@id\":\"https:\/\/dicodusport.fr\/blog\/#\/schema\/logo\/image\/\",\"url\":\"https:\/\/dicodusport.fr\/blog\/wp-content\/uploads\/2020\/06\/cropped-LOGO-DICODUSPORT-2020-SANS-FOND-SANS-TEXTE.png\",\"contentUrl\":\"https:\/\/dicodusport.fr\/blog\/wp-content\/uploads\/2020\/06\/cropped-LOGO-DICODUSPORT-2020-SANS-FOND-SANS-TEXTE.png\",\"width\":512,\"height\":512,\"caption\":\"Dicodusport\"},\"image\":{\"@id\":\"https:\/\/dicodusport.fr\/blog\/#\/schema\/logo\/image\/\"},\"sameAs\":[\"https:\/\/www.facebook.com\/dicodusport\",\"https:\/\/x.com\/dicodusport\",\"https:\/\/www.instagram.com\/dicodusport\/\",\"https:\/\/www.youtube.com\/channel\/UC7V2KZ5sd3htJivAbA4ZG3w\"],\"description\":\"Dicodusport est l'encyclop\u00e9die de l'actualit\u00e9 sportive.\",\"email\":\"bonjour@dicodusport.fr\",\"legalName\":\"DICODUSPORT\",\"foundingDate\":\"2018-01-14\",\"vatID\":\"FR71834470973\",\"taxID\":\"83447097300043\",\"numberOfEmployees\":{\"@type\":\"QuantitativeValue\",\"minValue\":\"1\",\"maxValue\":\"10\"}},{\"@type\":\"Person\",\"@id\":\"https:\/\/dicodusport.fr\/blog\/#\/schema\/person\/6db4bae06b171592211be385b32876a7\",\"name\":\"Emilien Descampiaux\",\"image\":{\"@type\":\"ImageObject\",\"inLanguage\":\"fr-FR\",\"@id\":\"https:\/\/dicodusport.fr\/blog\/#\/schema\/person\/image\/\",\"url\":\"https:\/\/dicodusport.fr\/blog\/wp-content\/uploads\/2021\/05\/Emilien-Descampiaux-150x150.jpg\",\"contentUrl\":\"https:\/\/dicodusport.fr\/blog\/wp-content\/uploads\/2021\/05\/Emilien-Descampiaux-150x150.jpg\",\"caption\":\"Emilien Descampiaux\"},\"description\":\"Journaliste\/r\u00e9dacteur depuis 2014 - Fan de la classe de Frank Vandenbroucke, je vis cyclisme (et de ses paysages) depuis plus de 20 ans. Je suis tr\u00e8s impliqu\u00e9 sur mes diff\u00e9rents r\u00e9seaux sociaux pour partager ma passion sur le monde et l'Histoire de la bicyclette avec ma voix sur les images en noir et blanc du succ\u00e8s de Rik Van Steenbergen lors du Ronde sur le V\u00e9lodrome de Gand.\",\"sameAs\":[\"https:\/\/www.facebook.com\/groups\/LesRoisDuPeloton\",\"https:\/\/x.com\/https:\/\/twitter.com\/LRoisDuPeloton\"],\"url\":\"https:\/\/dicodusport.fr\/blog\/author\/emiliend\/\"}]}<\/script>\n<!-- \/ Yoast SEO Premium plugin. -->","yoast_head_json":{"title":"Tour de l'Ain 2025 : Cian Uijtdebroeks remporte la derni\u00e8re \u00e9tape et le g\u00e9n\u00e9ral","description":"Cian Uijtdebroeks (Visma Lease a Bike) a renvers\u00e9 la situation pour s'imposer en solitaire et remporter le classement g\u00e9n\u00e9ral final du Tour de l'Ain.","robots":{"index":"index","follow":"follow","max-snippet":"max-snippet:-1","max-image-preview":"max-image-preview:large","max-video-preview":"max-video-preview:-1"},"canonical":"https:\/\/dicodusport.fr\/blog\/tour-de-lain-2025-cian-uijtdebroeks-remporte-la-derniere-etape-et-le-general\/","og_locale":"fr_FR","og_type":"article","og_title":"Tour de l'Ain 2025 : Cian Uijtdebroeks remporte la derni\u00e8re \u00e9tape et le g\u00e9n\u00e9ral","og_description":"Cian Uijtdebroeks (Visma Lease a Bike) a renvers\u00e9 la situation pour s'imposer en solitaire et remporter le classement g\u00e9n\u00e9ral final du Tour de l'Ain.","og_url":"https:\/\/dicodusport.fr\/blog\/tour-de-lain-2025-cian-uijtdebroeks-remporte-la-derniere-etape-et-le-general\/","og_site_name":"Dicodusport","article_publisher":"https:\/\/www.facebook.com\/dicodusport","article_author":"https:\/\/www.facebook.com\/groups\/LesRoisDuPeloton","article_published_time":"2025-08-08T16:35:09+00:00","article_modified_time":"2025-08-08T17:02:23+00:00","og_image":[{"width":1200,"height":674,"url":"https:\/\/dicodusport.fr\/blog\/wp-content\/uploads\/2025\/08\/Tour-de-lAin-2025-Cian-Uijtdebroeks-remporte-la-derniere-etape-et-le-general-1.png","type":"image\/png"}],"author":"Emilien Descampiaux","twitter_card":"summary_large_image","twitter_title":"Tour de l'Ain 2025 : Cian Uijtdebroeks remporte la derni\u00e8re \u00e9tape et le g\u00e9n\u00e9ral","twitter_creator":"@https:\/\/twitter.com\/LRoisDuPeloton","twitter_site":"@dicodusport","schema":{"@context":"https:\/\/schema.org","@graph":[{"@type":"NewsArticle","@id":"https:\/\/dicodusport.fr\/blog\/tour-de-lain-2025-cian-uijtdebroeks-remporte-la-derniere-etape-et-le-general\/#article","isPartOf":{"@id":"https:\/\/dicodusport.fr\/blog\/tour-de-lain-2025-cian-uijtdebroeks-remporte-la-derniere-etape-et-le-general\/"},"author":{"name":"Emilien Descampiaux","@id":"https:\/\/dicodusport.fr\/blog\/#\/schema\/person\/6db4bae06b171592211be385b32876a7"},"headline":"Tour de l&rsquo;Ain 2025 : Cian Uijtdebroeks remporte la derni\u00e8re \u00e9tape et le g\u00e9n\u00e9ral","datePublished":"2025-08-08T16:35:09+00:00","dateModified":"2025-08-08T17:02:23+00:00","mainEntityOfPage":{"@id":"https:\/\/dicodusport.fr\/blog\/tour-de-lain-2025-cian-uijtdebroeks-remporte-la-derniere-etape-et-le-general\/"},"wordCount":502,"commentCount":0,"publisher":{"@id":"https:\/\/dicodusport.fr\/blog\/#organization"},"image":{"@id":"https:\/\/dicodusport.fr\/blog\/tour-de-lain-2025-cian-uijtdebroeks-remporte-la-derniere-etape-et-le-general\/#primaryimage"},"thumbnailUrl":"https:\/\/dicodusport.fr\/blog\/wp-content\/uploads\/2025\/08\/Tour-de-lAin-2025-Cian-Uijtdebroeks-remporte-la-derniere-etape-et-le-general-1.png","keywords":["actu","br\u00e8ve","Cyclisme","Cyclisme sur route","Tour de l'ain"],"articleSection":["Cyclisme sur route"],"inLanguage":"fr-FR","potentialAction":[{"@type":"CommentAction","name":"Comment","target":["https:\/\/dicodusport.fr\/blog\/tour-de-lain-2025-cian-uijtdebroeks-remporte-la-derniere-etape-et-le-general\/#respond"]}],"copyrightYear":"2025","copyrightHolder":{"@id":"https:\/\/dicodusport.fr\/blog\/#organization"}},{"@type":"WebPage","@id":"https:\/\/dicodusport.fr\/blog\/tour-de-lain-2025-cian-uijtdebroeks-remporte-la-derniere-etape-et-le-general\/","url":"https:\/\/dicodusport.fr\/blog\/tour-de-lain-2025-cian-uijtdebroeks-remporte-la-derniere-etape-et-le-general\/","name":"Tour de l'Ain 2025 : Cian Uijtdebroeks remporte la derni\u00e8re \u00e9tape et le g\u00e9n\u00e9ral","isPartOf":{"@id":"https:\/\/dicodusport.fr\/blog\/#website"},"primaryImageOfPage":{"@id":"https:\/\/dicodusport.fr\/blog\/tour-de-lain-2025-cian-uijtdebroeks-remporte-la-derniere-etape-et-le-general\/#primaryimage"},"image":{"@id":"https:\/\/dicodusport.fr\/blog\/tour-de-lain-2025-cian-uijtdebroeks-remporte-la-derniere-etape-et-le-general\/#primaryimage"},"thumbnailUrl":"https:\/\/dicodusport.fr\/blog\/wp-content\/uploads\/2025\/08\/Tour-de-lAin-2025-Cian-Uijtdebroeks-remporte-la-derniere-etape-et-le-general-1.png","datePublished":"2025-08-08T16:35:09+00:00","dateModified":"2025-08-08T17:02:23+00:00","description":"Cian Uijtdebroeks (Visma Lease a Bike) a renvers\u00e9 la situation pour s'imposer en solitaire et remporter le classement g\u00e9n\u00e9ral final du Tour de l'Ain.","breadcrumb":{"@id":"https:\/\/dicodusport.fr\/blog\/tour-de-lain-2025-cian-uijtdebroeks-remporte-la-derniere-etape-et-le-general\/#breadcrumb"},"inLanguage":"fr-FR","potentialAction":[{"@type":"ReadAction","target":["https:\/\/dicodusport.fr\/blog\/tour-de-lain-2025-cian-uijtdebroeks-remporte-la-derniere-etape-et-le-general\/"]}]},{"@type":"ImageObject","inLanguage":"fr-FR","@id":"https:\/\/dicodusport.fr\/blog\/tour-de-lain-2025-cian-uijtdebroeks-remporte-la-derniere-etape-et-le-general\/#primaryimage","url":"https:\/\/dicodusport.fr\/blog\/wp-content\/uploads\/2025\/08\/Tour-de-lAin-2025-Cian-Uijtdebroeks-remporte-la-derniere-etape-et-le-general-1.png","contentUrl":"https:\/\/dicodusport.fr\/blog\/wp-content\/uploads\/2025\/08\/Tour-de-lAin-2025-Cian-Uijtdebroeks-remporte-la-derniere-etape-et-le-general-1.png","width":1200,"height":674,"caption":"Tour de l'Ain 2025 Cian Uijtdebroeks remporte la derni\u00e8re \u00e9tape et le g\u00e9n\u00e9ral (1)"},{"@type":"BreadcrumbList","@id":"https:\/\/dicodusport.fr\/blog\/tour-de-lain-2025-cian-uijtdebroeks-remporte-la-derniere-etape-et-le-general\/#breadcrumb","itemListElement":[{"@type":"ListItem","position":1,"name":"Accueil","item":"https:\/\/dicodusport.fr\/blog\/"},{"@type":"ListItem","position":2,"name":"Tour de l&rsquo;Ain 2025 : Cian Uijtdebroeks remporte la derni\u00e8re \u00e9tape et le g\u00e9n\u00e9ral"}]},{"@type":"WebSite","@id":"https:\/\/dicodusport.fr\/blog\/#website","url":"https:\/\/dicodusport.fr\/blog\/","name":"Dicodusport","description":"L&#039;encyclop\u00e9die de l&#039;actualit\u00e9 sportive","publisher":{"@id":"https:\/\/dicodusport.fr\/blog\/#organization"},"potentialAction":[{"@type":"SearchAction","target":{"@type":"EntryPoint","urlTemplate":"https:\/\/dicodusport.fr\/blog\/?s={search_term_string}"},"query-input":{"@type":"PropertyValueSpecification","valueRequired":true,"valueName":"search_term_string"}}],"inLanguage":"fr-FR"},{"@type":"NewsMediaOrganization","@id":"https:\/\/dicodusport.fr\/blog\/#organization","name":"Dicodusport","url":"https:\/\/dicodusport.fr\/blog\/","logo":{"@type":"ImageObject","inLanguage":"fr-FR","@id":"https:\/\/dicodusport.fr\/blog\/#\/schema\/logo\/image\/","url":"https:\/\/dicodusport.fr\/blog\/wp-content\/uploads\/2020\/06\/cropped-LOGO-DICODUSPORT-2020-SANS-FOND-SANS-TEXTE.png","contentUrl":"https:\/\/dicodusport.fr\/blog\/wp-content\/uploads\/2020\/06\/cropped-LOGO-DICODUSPORT-2020-SANS-FOND-SANS-TEXTE.png","width":512,"height":512,"caption":"Dicodusport"},"image":{"@id":"https:\/\/dicodusport.fr\/blog\/#\/schema\/logo\/image\/"},"sameAs":["https:\/\/www.facebook.com\/dicodusport","https:\/\/x.com\/dicodusport","https:\/\/www.instagram.com\/dicodusport\/","https:\/\/www.youtube.com\/channel\/UC7V2KZ5sd3htJivAbA4ZG3w"],"description":"Dicodusport est l'encyclop\u00e9die de l'actualit\u00e9 sportive.","email":"bonjour@dicodusport.fr","legalName":"DICODUSPORT","foundingDate":"2018-01-14","vatID":"FR71834470973","taxID":"83447097300043","numberOfEmployees":{"@type":"QuantitativeValue","minValue":"1","maxValue":"10"}},{"@type":"Person","@id":"https:\/\/dicodusport.fr\/blog\/#\/schema\/person\/6db4bae06b171592211be385b32876a7","name":"Emilien Descampiaux","image":{"@type":"ImageObject","inLanguage":"fr-FR","@id":"https:\/\/dicodusport.fr\/blog\/#\/schema\/person\/image\/","url":"https:\/\/dicodusport.fr\/blog\/wp-content\/uploads\/2021\/05\/Emilien-Descampiaux-150x150.jpg","contentUrl":"https:\/\/dicodusport.fr\/blog\/wp-content\/uploads\/2021\/05\/Emilien-Descampiaux-150x150.jpg","caption":"Emilien Descampiaux"},"description":"Journaliste\/r\u00e9dacteur depuis 2014 - Fan de la classe de Frank Vandenbroucke, je vis cyclisme (et de ses paysages) depuis plus de 20 ans. Je suis tr\u00e8s impliqu\u00e9 sur mes diff\u00e9rents r\u00e9seaux sociaux pour partager ma passion sur le monde et l'Histoire de la bicyclette avec ma voix sur les images en noir et blanc du succ\u00e8s de Rik Van Steenbergen lors du Ronde sur le V\u00e9lodrome de Gand.","sameAs":["https:\/\/www.facebook.com\/groups\/LesRoisDuPeloton","https:\/\/x.com\/https:\/\/twitter.com\/LRoisDuPeloton"],"url":"https:\/\/dicodusport.fr\/blog\/author\/emiliend\/"}]}},"_links":{"self":[{"href":"https:\/\/dicodusport.fr\/blog\/wp-json\/wp\/v2\/posts\/601333","targetHints":{"allow":["GET"]}}],"collection":[{"href":"https:\/\/dicodusport.fr\/blog\/wp-json\/wp\/v2\/posts"}],"about":[{"href":"https:\/\/dicodusport.fr\/blog\/wp-json\/wp\/v2\/types\/post"}],"author":[{"embeddable":true,"href":"https:\/\/dicodusport.fr\/blog\/wp-json\/wp\/v2\/users\/48"}],"replies":[{"embeddable":true,"href":"https:\/\/dicodusport.fr\/blog\/wp-json\/wp\/v2\/comments?post=601333"}],"version-history":[{"count":5,"href":"https:\/\/dicodusport.fr\/blog\/wp-json\/wp\/v2\/posts\/601333\/revisions"}],"predecessor-version":[{"id":601377,"href":"https:\/\/dicodusport.fr\/blog\/wp-json\/wp\/v2\/posts\/601333\/revisions\/601377"}],"wp:featuredmedia":[{"embeddable":true,"href":"https:\/\/dicodusport.fr\/blog\/wp-json\/wp\/v2\/media\/601382"}],"wp:attachment":[{"href":"https:\/\/dicodusport.fr\/blog\/wp-json\/wp\/v2\/media?parent=601333"}],"wp:term":[{"taxonomy":"category","embeddable":true,"href":"https:\/\/dicodusport.fr\/blog\/wp-json\/wp\/v2\/categories?post=601333"},{"taxonomy":"post_tag","embeddable":true,"href":"https:\/\/dicodusport.fr\/blog\/wp-json\/wp\/v2\/tags?post=601333"}],"curies":[{"name":"wp","href":"https:\/\/api.w.org\/{rel}","templated":true}]}}