{"id":60152,"date":"2020-02-14T15:56:32","date_gmt":"2020-02-14T14:56:32","guid":{"rendered":"http:\/\/dicodusport.fr\/blog\/?p=60152&#038;preview=true&#038;preview_id=60152"},"modified":"2020-02-14T17:27:53","modified_gmt":"2020-02-14T16:27:53","slug":"biathlon-championnats-du-monde-2020-sprint-femmes-marte-olsbu-roeiseland-sacree","status":"publish","type":"post","link":"https:\/\/dicodusport.fr\/blog\/biathlon-championnats-du-monde-2020-sprint-femmes-marte-olsbu-roeiseland-sacree\/","title":{"rendered":"Championnats du monde 2020 &#8211; Sprint femmes : Marte Olsbu Roeiseland sacr\u00e9e"},"content":{"rendered":"<p style=\"text-align: justify;\"><strong><em><a href=\"https:\/\/dicodusport.fr\/blog\/biathlon-championnats-du-monde-2020-programme-complet-antholz-anterselva\/\" target=\"_blank\" rel=\"noopener noreferrer\">Biathlon &#8211; Championnats du monde 2020<\/a> &#8211; Marte Olsbu Roeiseland a enlev\u00e9 ce vendredi le titre mondial sur le sprint \u00e0 Antholz-Anterselva. La Norv\u00e9gienne a \u00e9vit\u00e9 l&rsquo;h\u00e9catombe chez les favorites et devance l&rsquo;Am\u00e9ricaine Susan Dunklee et la Tch\u00e8que Lucie Charvatova<\/em><\/strong><strong><em>.<\/em><\/strong><\/p>\n<p style=\"text-align: justify;\">C&rsquo;est la seule favorite \u00e0 avoir tenu son rang. La Norv\u00e9gienne <strong>Marte Olsbu Roeiseland<\/strong> a remport\u00e9 ce vendredi le titre mondial sur le sprint. <strong>Championne du monde \u00e0 cinq reprises sur les relais<\/strong>, la biathl\u00e8te nordique enl\u00e8ve un deuxi\u00e8me sacre mondial en deux jours apr\u00e8s, justement, <a href=\"https:\/\/dicodusport.fr\/blog\/biathlon-championnats-du-monde-2020-norvege-sacree-relais-mixte-france-se-loupe\/\" target=\"_blank\" rel=\"noopener noreferrer\">l&rsquo;or d\u00e9croch\u00e9 en relais mixte jeudi<\/a>.<\/p>\n<p style=\"text-align: justify;\">Un 9\/10 et le deuxi\u00e8me temps de ski (\u00e0 18 secondes de l&rsquo;Allemande <strong>Denise Herrmann<\/strong>) ce vendredi aura suffi \u00e0 l&rsquo;athl\u00e8te de 29 ans pour l&#8217;emporter. Deuxi\u00e8me, on retrouve la surprise am\u00e9ricaine <strong>Susan Dunklee<\/strong>, 35 ans hier et auteure d&rsquo;un 10\/10 face aux cibles. Autre surprise, la troisi\u00e8me place de <strong>Lucie Charvatova<\/strong> (29 ans). La Tch\u00e8que, championne du monde de biathlon d&rsquo;\u00e9t\u00e9 sur le sprint en 2019, monte pour la premi\u00e8re fois sur le podium d&rsquo;une course individuelle.<\/p>\n<h2 style=\"text-align: justify;\">Eckhoff se loupe totalement, les Bleues dans le dur<\/h2>\n<p style=\"text-align: justify;\">Leader de la Coupe du monde, <strong>Tiril Eckhoff<\/strong> n&rsquo;a pas assum\u00e9 son statut. La faute au vent omnipr\u00e9sent sur le pas de tir d&rsquo;Antholz ce vendredi, mais aussi sans doute \u00e0 la pression de ces <strong>championnats du monde<\/strong>. La Norv\u00e9gienne, 6 fautes, se classe 59\u00e8me (!) et disputera \u00e0 trois secondes pr\u00e8s la poursuite de dimanche, mais avec un d\u00e9bours de 2&rsquo;08 sur sa compatriote <strong>Roeiseland<\/strong>.<\/p>\n<blockquote class=\"twitter-tweet\">\n<p dir=\"ltr\" lang=\"fr\">Gros accident pour Tiril Eckhoff qui rate totalement son dernier tir <a href=\"https:\/\/twitter.com\/hashtag\/lequipeBIATHLON?src=hash&amp;ref_src=twsrc%5Etfw\">#lequipeBIATHLON<\/a> <a href=\"https:\/\/t.co\/LmIy0aL9BP\">pic.twitter.com\/LmIy0aL9BP<\/a><\/p>\n<p>\u2014 la chaine L&rsquo;\u00c9quipe (@lachainelequipe) <a href=\"https:\/\/twitter.com\/lachainelequipe\/status\/1228319790059655168?ref_src=twsrc%5Etfw\">February 14, 2020<\/a><\/p><\/blockquote>\n<p><script async src=\"https:\/\/platform.twitter.com\/widgets.js\" charset=\"utf-8\"><\/script><\/p>\n<p style=\"text-align: justify;\">Mais c&rsquo;est surtout dans le lutte pour le gros globe que <strong>Eckhoff<\/strong>, laur\u00e9ate de six courses depuis le d\u00e9but de la saison, va perdre gros. Sa rivale italienne <strong>Dorothea Wierer<\/strong>, 7\u00e8me avec deux erreurs, reprend en effet le dossard jaune.<\/p>\n<p style=\"text-align: justify;\">C\u00f4t\u00e9 Bleues, le bilan est tr\u00e8s mitig\u00e9. Meilleure Fran\u00e7aise, <strong>C\u00e9lia Aymonier<\/strong> se classe 15\u00e8me (deux erreurs). Vingti\u00e8me place pour <strong>Ana\u00efs Bescond<\/strong>, elle aussi avec deux fautes. Course plus compliqu\u00e9e encore pour <strong>Justine Braisaz<\/strong> (32\u00e8me, 4 fautes) et une nouvelle fois <strong>Julia Simon<\/strong> (41\u00e8me, 4 erreurs \u00e9galement). La poursuite de ce dimanche (13h) pourrait permettre au duo <strong>Aymonier &#8211; Bescond<\/strong> d&rsquo;esp\u00e9rer une m\u00e9daille, \u00e0 condition d&rsquo;\u00eatre constantes sur le pas de tir.<\/p>\n<blockquote class=\"twitter-tweet\">\n<p dir=\"ltr\" lang=\"fr\">Superbe dernier tir de C\u00e9lia Aymonier avec un plein ! <a href=\"https:\/\/twitter.com\/hashtag\/lequipeBIATHLON?src=hash&amp;ref_src=twsrc%5Etfw\">#lequipeBIATHLON<\/a> <a href=\"https:\/\/t.co\/I9slR67IuJ\">pic.twitter.com\/I9slR67IuJ<\/a><\/p>\n<p>\u2014 la chaine L&rsquo;\u00c9quipe (@lachainelequipe) <a href=\"https:\/\/twitter.com\/lachainelequipe\/status\/1228328861865213952?ref_src=twsrc%5Etfw\">February 14, 2020<\/a><\/p><\/blockquote>\n<p><script async src=\"https:\/\/platform.twitter.com\/widgets.js\" charset=\"utf-8\"><\/script><\/p>\n<ul>\n<li style=\"text-align: justify;\"><a href=\"https:\/\/www.biathlonworld.com\/competitions\/ibu-world-championship\/events\/ibu-world-championships-biathlon-antholz-anterselva-1920\/bt1920swrlch__\/race\/women-75-km-sprint\/bt1920swrlch__swsp\/\" target=\"_blank\" rel=\"noopener noreferrer\"><strong>Championnats du monde 2020 &#8211; Le classement complet du sprint femmes<\/strong><\/a><\/li>\n<\/ul>\n<p style=\"text-align: justify;\"><strong><em>Dicodusport<br \/>\n<a href=\"https:\/\/www.facebook.com\/dicodusport\/\" target=\"_blank\" rel=\"noopener noreferrer\"><img loading=\"lazy\" decoding=\"async\" class=\"alignnone wp-image-2909\" src=\"http:\/\/dicodusport.fr\/blog\/wp-content\/uploads\/2017\/07\/logo-facebook-150x150.png\" alt=\"\" width=\"40\" height=\"40\" \/><\/a><a href=\"https:\/\/twitter.com\/dicodusport\" target=\"_blank\" rel=\"noopener noreferrer\"><img loading=\"lazy\" decoding=\"async\" class=\"alignnone wp-image-2908\" src=\"http:\/\/dicodusport.fr\/blog\/wp-content\/uploads\/2017\/07\/logo-twitter-150x150.png\" alt=\"\" width=\"39\" height=\"39\" \/><\/a><\/em><\/strong><\/p>\n","protected":false},"excerpt":{"rendered":"<p>Biathlon &#8211; Championnats du monde 2020 &#8211; Marte Olsbu Roeiseland a enlev\u00e9 ce vendredi le titre mondial sur le sprint \u00e0 Antholz-Anterselva.<\/p>\n","protected":false},"author":4,"featured_media":60153,"comment_status":"open","ping_status":"closed","sticky":false,"template":"","format":"standard","meta":{"_acf_changed":false,"_daextam_enable_autolinks":"","footnotes":""},"categories":[2426],"tags":[2427,6937],"class_list":["post-60152","post","type-post","status-publish","format-standard","has-post-thumbnail","hentry","category-biathlon","tag-biathlon","tag-sprint-femmes"],"acf":[],"yoast_head":"<!-- This site is optimized with the Yoast SEO Premium plugin v26.7 (Yoast SEO v26.7) - https:\/\/yoast.com\/wordpress\/plugins\/seo\/ -->\n<title>Championnats du monde 2020 - Sprint femmes : Marte Olsbu Roeiseland sacr\u00e9e<\/title>\n<meta name=\"description\" content=\"Biathlon - Championnats du monde 2020 - Marte Olsbu Roeiseland a enlev\u00e9 ce vendredi le titre mondial sur le sprint \u00e0 Antholz-Anterselva.\" \/>\n<meta name=\"robots\" content=\"index, follow, max-snippet:-1, max-image-preview:large, max-video-preview:-1\" \/>\n<link rel=\"canonical\" href=\"https:\/\/dicodusport.fr\/blog\/biathlon-championnats-du-monde-2020-sprint-femmes-marte-olsbu-roeiseland-sacree\/\" \/>\n<meta property=\"og:locale\" content=\"fr_FR\" \/>\n<meta property=\"og:type\" content=\"article\" \/>\n<meta property=\"og:title\" content=\"Mondiaux de biathlon 2020 : Marte Olsbu Roeiseland sacr\u00e9e sur le sprint, les Bleues \u00e0 la peine\" \/>\n<meta property=\"og:description\" content=\"Biathlon - Championnats du monde 2020 - Marte Olsbu Roeiseland a enlev\u00e9 ce vendredi le titre mondial sur le sprint \u00e0 Antholz-Anterselva.\" \/>\n<meta property=\"og:url\" content=\"https:\/\/dicodusport.fr\/blog\/biathlon-championnats-du-monde-2020-sprint-femmes-marte-olsbu-roeiseland-sacree\/\" \/>\n<meta property=\"og:site_name\" content=\"Dicodusport\" \/>\n<meta property=\"article:publisher\" content=\"https:\/\/www.facebook.com\/dicodusport\" \/>\n<meta property=\"article:author\" content=\"https:\/\/www.facebook.com\/florent.ostermann\" \/>\n<meta property=\"article:published_time\" content=\"2020-02-14T14:56:32+00:00\" \/>\n<meta property=\"article:modified_time\" content=\"2020-02-14T16:27:53+00:00\" \/>\n<meta property=\"og:image\" content=\"https:\/\/dicodusport.fr\/blog\/wp-content\/uploads\/2020\/02\/Biathlon-Championnats-du-monde-2020-La-Norv\u00e8ge-sacr\u00e9e-sur-le-relais-mixte-la-France-se-loupe.png\" \/>\n\t<meta property=\"og:image:width\" content=\"800\" \/>\n\t<meta property=\"og:image:height\" content=\"445\" \/>\n\t<meta property=\"og:image:type\" content=\"image\/png\" \/>\n<meta name=\"author\" content=\"Flo Ostermann\" \/>\n<meta name=\"twitter:card\" content=\"summary_large_image\" \/>\n<meta name=\"twitter:title\" content=\"Mondiaux de biathlon 2020 : Marte Olsbu Roeiseland sacr\u00e9e sur le sprint, les Bleues \u00e0 la peine\" \/>\n<meta name=\"twitter:image\" content=\"https:\/\/dicodusport.fr\/blog\/wp-content\/uploads\/2020\/02\/Championnats-du-monde-2020-Sprint-femmes-Marte-Olsbu-Roeiseland-sacr\u00e9e.png\" \/>\n<meta name=\"twitter:creator\" content=\"@https:\/\/twitter.com\/FlOstermann\" \/>\n<meta name=\"twitter:site\" content=\"@dicodusport\" \/>\n<script type=\"application\/ld+json\" class=\"yoast-schema-graph\">{\"@context\":\"https:\/\/schema.org\",\"@graph\":[{\"@type\":\"NewsArticle\",\"@id\":\"https:\/\/dicodusport.fr\/blog\/biathlon-championnats-du-monde-2020-sprint-femmes-marte-olsbu-roeiseland-sacree\/#article\",\"isPartOf\":{\"@id\":\"https:\/\/dicodusport.fr\/blog\/biathlon-championnats-du-monde-2020-sprint-femmes-marte-olsbu-roeiseland-sacree\/\"},\"author\":{\"name\":\"Flo Ostermann\",\"@id\":\"https:\/\/dicodusport.fr\/blog\/#\/schema\/person\/cb02af4c173ce4a653b55e9baf388d4a\"},\"headline\":\"Championnats du monde 2020 &#8211; Sprint femmes : Marte Olsbu Roeiseland sacr\u00e9e\",\"datePublished\":\"2020-02-14T14:56:32+00:00\",\"dateModified\":\"2020-02-14T16:27:53+00:00\",\"mainEntityOfPage\":{\"@id\":\"https:\/\/dicodusport.fr\/blog\/biathlon-championnats-du-monde-2020-sprint-femmes-marte-olsbu-roeiseland-sacree\/\"},\"wordCount\":451,\"commentCount\":0,\"publisher\":{\"@id\":\"https:\/\/dicodusport.fr\/blog\/#organization\"},\"image\":{\"@id\":\"https:\/\/dicodusport.fr\/blog\/biathlon-championnats-du-monde-2020-sprint-femmes-marte-olsbu-roeiseland-sacree\/#primaryimage\"},\"thumbnailUrl\":\"https:\/\/dicodusport.fr\/blog\/wp-content\/uploads\/2020\/02\/Championnats-du-monde-2020-Sprint-femmes-Marte-Olsbu-Roeiseland-sacr\u00e9e.png\",\"keywords\":[\"Biathlon\",\"Sprint femmes\"],\"articleSection\":[\"Biathlon\"],\"inLanguage\":\"fr-FR\",\"potentialAction\":[{\"@type\":\"CommentAction\",\"name\":\"Comment\",\"target\":[\"https:\/\/dicodusport.fr\/blog\/biathlon-championnats-du-monde-2020-sprint-femmes-marte-olsbu-roeiseland-sacree\/#respond\"]}],\"copyrightYear\":\"2020\",\"copyrightHolder\":{\"@id\":\"https:\/\/dicodusport.fr\/blog\/#organization\"}},{\"@type\":\"WebPage\",\"@id\":\"https:\/\/dicodusport.fr\/blog\/biathlon-championnats-du-monde-2020-sprint-femmes-marte-olsbu-roeiseland-sacree\/\",\"url\":\"https:\/\/dicodusport.fr\/blog\/biathlon-championnats-du-monde-2020-sprint-femmes-marte-olsbu-roeiseland-sacree\/\",\"name\":\"Championnats du monde 2020 - Sprint femmes : Marte Olsbu Roeiseland sacr\u00e9e\",\"isPartOf\":{\"@id\":\"https:\/\/dicodusport.fr\/blog\/#website\"},\"primaryImageOfPage\":{\"@id\":\"https:\/\/dicodusport.fr\/blog\/biathlon-championnats-du-monde-2020-sprint-femmes-marte-olsbu-roeiseland-sacree\/#primaryimage\"},\"image\":{\"@id\":\"https:\/\/dicodusport.fr\/blog\/biathlon-championnats-du-monde-2020-sprint-femmes-marte-olsbu-roeiseland-sacree\/#primaryimage\"},\"thumbnailUrl\":\"https:\/\/dicodusport.fr\/blog\/wp-content\/uploads\/2020\/02\/Championnats-du-monde-2020-Sprint-femmes-Marte-Olsbu-Roeiseland-sacr\u00e9e.png\",\"datePublished\":\"2020-02-14T14:56:32+00:00\",\"dateModified\":\"2020-02-14T16:27:53+00:00\",\"description\":\"Biathlon - Championnats du monde 2020 - Marte Olsbu Roeiseland a enlev\u00e9 ce vendredi le titre mondial sur le sprint \u00e0 Antholz-Anterselva.\",\"breadcrumb\":{\"@id\":\"https:\/\/dicodusport.fr\/blog\/biathlon-championnats-du-monde-2020-sprint-femmes-marte-olsbu-roeiseland-sacree\/#breadcrumb\"},\"inLanguage\":\"fr-FR\",\"potentialAction\":[{\"@type\":\"ReadAction\",\"target\":[\"https:\/\/dicodusport.fr\/blog\/biathlon-championnats-du-monde-2020-sprint-femmes-marte-olsbu-roeiseland-sacree\/\"]}]},{\"@type\":\"ImageObject\",\"inLanguage\":\"fr-FR\",\"@id\":\"https:\/\/dicodusport.fr\/blog\/biathlon-championnats-du-monde-2020-sprint-femmes-marte-olsbu-roeiseland-sacree\/#primaryimage\",\"url\":\"https:\/\/dicodusport.fr\/blog\/wp-content\/uploads\/2020\/02\/Championnats-du-monde-2020-Sprint-femmes-Marte-Olsbu-Roeiseland-sacr\u00e9e.png\",\"contentUrl\":\"https:\/\/dicodusport.fr\/blog\/wp-content\/uploads\/2020\/02\/Championnats-du-monde-2020-Sprint-femmes-Marte-Olsbu-Roeiseland-sacr\u00e9e.png\",\"width\":800,\"height\":445,\"caption\":\"Championnats du monde 2020 - Sprint femmes - Marte Olsbu Roeiseland sacr\u00e9e\"},{\"@type\":\"BreadcrumbList\",\"@id\":\"https:\/\/dicodusport.fr\/blog\/biathlon-championnats-du-monde-2020-sprint-femmes-marte-olsbu-roeiseland-sacree\/#breadcrumb\",\"itemListElement\":[{\"@type\":\"ListItem\",\"position\":1,\"name\":\"Accueil\",\"item\":\"https:\/\/dicodusport.fr\/blog\/\"},{\"@type\":\"ListItem\",\"position\":2,\"name\":\"Championnats du monde 2020 &#8211; Sprint femmes : Marte Olsbu Roeiseland sacr\u00e9e\"}]},{\"@type\":\"WebSite\",\"@id\":\"https:\/\/dicodusport.fr\/blog\/#website\",\"url\":\"https:\/\/dicodusport.fr\/blog\/\",\"name\":\"Dicodusport\",\"description\":\"L&#039;encyclop\u00e9die de l&#039;actualit\u00e9 sportive\",\"publisher\":{\"@id\":\"https:\/\/dicodusport.fr\/blog\/#organization\"},\"potentialAction\":[{\"@type\":\"SearchAction\",\"target\":{\"@type\":\"EntryPoint\",\"urlTemplate\":\"https:\/\/dicodusport.fr\/blog\/?s={search_term_string}\"},\"query-input\":{\"@type\":\"PropertyValueSpecification\",\"valueRequired\":true,\"valueName\":\"search_term_string\"}}],\"inLanguage\":\"fr-FR\"},{\"@type\":\"NewsMediaOrganization\",\"@id\":\"https:\/\/dicodusport.fr\/blog\/#organization\",\"name\":\"Dicodusport\",\"url\":\"https:\/\/dicodusport.fr\/blog\/\",\"logo\":{\"@type\":\"ImageObject\",\"inLanguage\":\"fr-FR\",\"@id\":\"https:\/\/dicodusport.fr\/blog\/#\/schema\/logo\/image\/\",\"url\":\"https:\/\/dicodusport.fr\/blog\/wp-content\/uploads\/2020\/06\/cropped-LOGO-DICODUSPORT-2020-SANS-FOND-SANS-TEXTE.png\",\"contentUrl\":\"https:\/\/dicodusport.fr\/blog\/wp-content\/uploads\/2020\/06\/cropped-LOGO-DICODUSPORT-2020-SANS-FOND-SANS-TEXTE.png\",\"width\":512,\"height\":512,\"caption\":\"Dicodusport\"},\"image\":{\"@id\":\"https:\/\/dicodusport.fr\/blog\/#\/schema\/logo\/image\/\"},\"sameAs\":[\"https:\/\/www.facebook.com\/dicodusport\",\"https:\/\/x.com\/dicodusport\",\"https:\/\/www.instagram.com\/dicodusport\/\",\"https:\/\/www.youtube.com\/channel\/UC7V2KZ5sd3htJivAbA4ZG3w\"],\"description\":\"Dicodusport est l'encyclop\u00e9die de l'actualit\u00e9 sportive.\",\"email\":\"bonjour@dicodusport.fr\",\"legalName\":\"DICODUSPORT\",\"foundingDate\":\"2018-01-14\",\"vatID\":\"FR71834470973\",\"taxID\":\"83447097300043\",\"numberOfEmployees\":{\"@type\":\"QuantitativeValue\",\"minValue\":\"1\",\"maxValue\":\"10\"}},{\"@type\":\"Person\",\"@id\":\"https:\/\/dicodusport.fr\/blog\/#\/schema\/person\/cb02af4c173ce4a653b55e9baf388d4a\",\"name\":\"Flo Ostermann\",\"image\":{\"@type\":\"ImageObject\",\"inLanguage\":\"fr-FR\",\"@id\":\"https:\/\/dicodusport.fr\/blog\/#\/schema\/person\/image\/\",\"url\":\"https:\/\/dicodusport.fr\/blog\/wp-content\/uploads\/2021\/05\/Flo-Ostermann-150x150.jpg\",\"contentUrl\":\"https:\/\/dicodusport.fr\/blog\/wp-content\/uploads\/2021\/05\/Flo-Ostermann-150x150.jpg\",\"caption\":\"Flo Ostermann\"},\"description\":\"Journaliste\/R\u00e9dacteur depuis septembre 2015 - Mes premiers souvenirs dans le sport ? Les envol\u00e9es du Stade Toulousain et les duels Villeneuve-Schumacher et H\u00e4kkinen-Schumacher \u00e0 la fin des ann\u00e9es 90, la Coupe du monde de football en 1998, l\u2019exploit du XV de France face aux All Blacks en 1999, mais aussi Richard C\u0153ur de Lion qui vole sur les montagnes du Tour de France. Bien parti pour devenir professeur d\u2019EPS, les \u00e9v\u00e9nements de la vie (et la flemme d\u2019animer des s\u00e9ances de 3x500 m\u00e8tres toute ma vie) m\u2019ont conduit \u00e0 revoir mes plans. Me voil\u00e0 depuis fin 2017 sur Dicodusport, m\u00e9dia gr\u00e2ce (et pour) lequel je partage ma passion : le sport dans tous ses \u00e9tats. Le tout accompagn\u00e9 par les fous furieux et folles furieuses cit\u00e9s sur cette page !\",\"sameAs\":[\"https:\/\/www.facebook.com\/florent.ostermann\",\"https:\/\/x.com\/https:\/\/twitter.com\/FlOstermann\",\"admin\"],\"url\":\"https:\/\/dicodusport.fr\/blog\/author\/flo\/\"}]}<\/script>\n<!-- \/ Yoast SEO Premium plugin. -->","yoast_head_json":{"title":"Championnats du monde 2020 - Sprint femmes : Marte Olsbu Roeiseland sacr\u00e9e","description":"Biathlon - Championnats du monde 2020 - Marte Olsbu Roeiseland a enlev\u00e9 ce vendredi le titre mondial sur le sprint \u00e0 Antholz-Anterselva.","robots":{"index":"index","follow":"follow","max-snippet":"max-snippet:-1","max-image-preview":"max-image-preview:large","max-video-preview":"max-video-preview:-1"},"canonical":"https:\/\/dicodusport.fr\/blog\/biathlon-championnats-du-monde-2020-sprint-femmes-marte-olsbu-roeiseland-sacree\/","og_locale":"fr_FR","og_type":"article","og_title":"Mondiaux de biathlon 2020 : Marte Olsbu Roeiseland sacr\u00e9e sur le sprint, les Bleues \u00e0 la peine","og_description":"Biathlon - Championnats du monde 2020 - Marte Olsbu Roeiseland a enlev\u00e9 ce vendredi le titre mondial sur le sprint \u00e0 Antholz-Anterselva.","og_url":"https:\/\/dicodusport.fr\/blog\/biathlon-championnats-du-monde-2020-sprint-femmes-marte-olsbu-roeiseland-sacree\/","og_site_name":"Dicodusport","article_publisher":"https:\/\/www.facebook.com\/dicodusport","article_author":"https:\/\/www.facebook.com\/florent.ostermann","article_published_time":"2020-02-14T14:56:32+00:00","article_modified_time":"2020-02-14T16:27:53+00:00","og_image":[{"width":800,"height":445,"url":"https:\/\/dicodusport.fr\/blog\/wp-content\/uploads\/2020\/02\/Biathlon-Championnats-du-monde-2020-La-Norv\u00e8ge-sacr\u00e9e-sur-le-relais-mixte-la-France-se-loupe.png","type":"image\/png"}],"author":"Flo Ostermann","twitter_card":"summary_large_image","twitter_title":"Mondiaux de biathlon 2020 : Marte Olsbu Roeiseland sacr\u00e9e sur le sprint, les Bleues \u00e0 la peine","twitter_image":"https:\/\/dicodusport.fr\/blog\/wp-content\/uploads\/2020\/02\/Championnats-du-monde-2020-Sprint-femmes-Marte-Olsbu-Roeiseland-sacr\u00e9e.png","twitter_creator":"@https:\/\/twitter.com\/FlOstermann","twitter_site":"@dicodusport","schema":{"@context":"https:\/\/schema.org","@graph":[{"@type":"NewsArticle","@id":"https:\/\/dicodusport.fr\/blog\/biathlon-championnats-du-monde-2020-sprint-femmes-marte-olsbu-roeiseland-sacree\/#article","isPartOf":{"@id":"https:\/\/dicodusport.fr\/blog\/biathlon-championnats-du-monde-2020-sprint-femmes-marte-olsbu-roeiseland-sacree\/"},"author":{"name":"Flo Ostermann","@id":"https:\/\/dicodusport.fr\/blog\/#\/schema\/person\/cb02af4c173ce4a653b55e9baf388d4a"},"headline":"Championnats du monde 2020 &#8211; Sprint femmes : Marte Olsbu Roeiseland sacr\u00e9e","datePublished":"2020-02-14T14:56:32+00:00","dateModified":"2020-02-14T16:27:53+00:00","mainEntityOfPage":{"@id":"https:\/\/dicodusport.fr\/blog\/biathlon-championnats-du-monde-2020-sprint-femmes-marte-olsbu-roeiseland-sacree\/"},"wordCount":451,"commentCount":0,"publisher":{"@id":"https:\/\/dicodusport.fr\/blog\/#organization"},"image":{"@id":"https:\/\/dicodusport.fr\/blog\/biathlon-championnats-du-monde-2020-sprint-femmes-marte-olsbu-roeiseland-sacree\/#primaryimage"},"thumbnailUrl":"https:\/\/dicodusport.fr\/blog\/wp-content\/uploads\/2020\/02\/Championnats-du-monde-2020-Sprint-femmes-Marte-Olsbu-Roeiseland-sacr\u00e9e.png","keywords":["Biathlon","Sprint femmes"],"articleSection":["Biathlon"],"inLanguage":"fr-FR","potentialAction":[{"@type":"CommentAction","name":"Comment","target":["https:\/\/dicodusport.fr\/blog\/biathlon-championnats-du-monde-2020-sprint-femmes-marte-olsbu-roeiseland-sacree\/#respond"]}],"copyrightYear":"2020","copyrightHolder":{"@id":"https:\/\/dicodusport.fr\/blog\/#organization"}},{"@type":"WebPage","@id":"https:\/\/dicodusport.fr\/blog\/biathlon-championnats-du-monde-2020-sprint-femmes-marte-olsbu-roeiseland-sacree\/","url":"https:\/\/dicodusport.fr\/blog\/biathlon-championnats-du-monde-2020-sprint-femmes-marte-olsbu-roeiseland-sacree\/","name":"Championnats du monde 2020 - Sprint femmes : Marte Olsbu Roeiseland sacr\u00e9e","isPartOf":{"@id":"https:\/\/dicodusport.fr\/blog\/#website"},"primaryImageOfPage":{"@id":"https:\/\/dicodusport.fr\/blog\/biathlon-championnats-du-monde-2020-sprint-femmes-marte-olsbu-roeiseland-sacree\/#primaryimage"},"image":{"@id":"https:\/\/dicodusport.fr\/blog\/biathlon-championnats-du-monde-2020-sprint-femmes-marte-olsbu-roeiseland-sacree\/#primaryimage"},"thumbnailUrl":"https:\/\/dicodusport.fr\/blog\/wp-content\/uploads\/2020\/02\/Championnats-du-monde-2020-Sprint-femmes-Marte-Olsbu-Roeiseland-sacr\u00e9e.png","datePublished":"2020-02-14T14:56:32+00:00","dateModified":"2020-02-14T16:27:53+00:00","description":"Biathlon - Championnats du monde 2020 - Marte Olsbu Roeiseland a enlev\u00e9 ce vendredi le titre mondial sur le sprint \u00e0 Antholz-Anterselva.","breadcrumb":{"@id":"https:\/\/dicodusport.fr\/blog\/biathlon-championnats-du-monde-2020-sprint-femmes-marte-olsbu-roeiseland-sacree\/#breadcrumb"},"inLanguage":"fr-FR","potentialAction":[{"@type":"ReadAction","target":["https:\/\/dicodusport.fr\/blog\/biathlon-championnats-du-monde-2020-sprint-femmes-marte-olsbu-roeiseland-sacree\/"]}]},{"@type":"ImageObject","inLanguage":"fr-FR","@id":"https:\/\/dicodusport.fr\/blog\/biathlon-championnats-du-monde-2020-sprint-femmes-marte-olsbu-roeiseland-sacree\/#primaryimage","url":"https:\/\/dicodusport.fr\/blog\/wp-content\/uploads\/2020\/02\/Championnats-du-monde-2020-Sprint-femmes-Marte-Olsbu-Roeiseland-sacr\u00e9e.png","contentUrl":"https:\/\/dicodusport.fr\/blog\/wp-content\/uploads\/2020\/02\/Championnats-du-monde-2020-Sprint-femmes-Marte-Olsbu-Roeiseland-sacr\u00e9e.png","width":800,"height":445,"caption":"Championnats du monde 2020 - Sprint femmes - Marte Olsbu Roeiseland sacr\u00e9e"},{"@type":"BreadcrumbList","@id":"https:\/\/dicodusport.fr\/blog\/biathlon-championnats-du-monde-2020-sprint-femmes-marte-olsbu-roeiseland-sacree\/#breadcrumb","itemListElement":[{"@type":"ListItem","position":1,"name":"Accueil","item":"https:\/\/dicodusport.fr\/blog\/"},{"@type":"ListItem","position":2,"name":"Championnats du monde 2020 &#8211; Sprint femmes : Marte Olsbu Roeiseland sacr\u00e9e"}]},{"@type":"WebSite","@id":"https:\/\/dicodusport.fr\/blog\/#website","url":"https:\/\/dicodusport.fr\/blog\/","name":"Dicodusport","description":"L&#039;encyclop\u00e9die de l&#039;actualit\u00e9 sportive","publisher":{"@id":"https:\/\/dicodusport.fr\/blog\/#organization"},"potentialAction":[{"@type":"SearchAction","target":{"@type":"EntryPoint","urlTemplate":"https:\/\/dicodusport.fr\/blog\/?s={search_term_string}"},"query-input":{"@type":"PropertyValueSpecification","valueRequired":true,"valueName":"search_term_string"}}],"inLanguage":"fr-FR"},{"@type":"NewsMediaOrganization","@id":"https:\/\/dicodusport.fr\/blog\/#organization","name":"Dicodusport","url":"https:\/\/dicodusport.fr\/blog\/","logo":{"@type":"ImageObject","inLanguage":"fr-FR","@id":"https:\/\/dicodusport.fr\/blog\/#\/schema\/logo\/image\/","url":"https:\/\/dicodusport.fr\/blog\/wp-content\/uploads\/2020\/06\/cropped-LOGO-DICODUSPORT-2020-SANS-FOND-SANS-TEXTE.png","contentUrl":"https:\/\/dicodusport.fr\/blog\/wp-content\/uploads\/2020\/06\/cropped-LOGO-DICODUSPORT-2020-SANS-FOND-SANS-TEXTE.png","width":512,"height":512,"caption":"Dicodusport"},"image":{"@id":"https:\/\/dicodusport.fr\/blog\/#\/schema\/logo\/image\/"},"sameAs":["https:\/\/www.facebook.com\/dicodusport","https:\/\/x.com\/dicodusport","https:\/\/www.instagram.com\/dicodusport\/","https:\/\/www.youtube.com\/channel\/UC7V2KZ5sd3htJivAbA4ZG3w"],"description":"Dicodusport est l'encyclop\u00e9die de l'actualit\u00e9 sportive.","email":"bonjour@dicodusport.fr","legalName":"DICODUSPORT","foundingDate":"2018-01-14","vatID":"FR71834470973","taxID":"83447097300043","numberOfEmployees":{"@type":"QuantitativeValue","minValue":"1","maxValue":"10"}},{"@type":"Person","@id":"https:\/\/dicodusport.fr\/blog\/#\/schema\/person\/cb02af4c173ce4a653b55e9baf388d4a","name":"Flo Ostermann","image":{"@type":"ImageObject","inLanguage":"fr-FR","@id":"https:\/\/dicodusport.fr\/blog\/#\/schema\/person\/image\/","url":"https:\/\/dicodusport.fr\/blog\/wp-content\/uploads\/2021\/05\/Flo-Ostermann-150x150.jpg","contentUrl":"https:\/\/dicodusport.fr\/blog\/wp-content\/uploads\/2021\/05\/Flo-Ostermann-150x150.jpg","caption":"Flo Ostermann"},"description":"Journaliste\/R\u00e9dacteur depuis septembre 2015 - Mes premiers souvenirs dans le sport ? Les envol\u00e9es du Stade Toulousain et les duels Villeneuve-Schumacher et H\u00e4kkinen-Schumacher \u00e0 la fin des ann\u00e9es 90, la Coupe du monde de football en 1998, l\u2019exploit du XV de France face aux All Blacks en 1999, mais aussi Richard C\u0153ur de Lion qui vole sur les montagnes du Tour de France. Bien parti pour devenir professeur d\u2019EPS, les \u00e9v\u00e9nements de la vie (et la flemme d\u2019animer des s\u00e9ances de 3x500 m\u00e8tres toute ma vie) m\u2019ont conduit \u00e0 revoir mes plans. Me voil\u00e0 depuis fin 2017 sur Dicodusport, m\u00e9dia gr\u00e2ce (et pour) lequel je partage ma passion : le sport dans tous ses \u00e9tats. Le tout accompagn\u00e9 par les fous furieux et folles furieuses cit\u00e9s sur cette page !","sameAs":["https:\/\/www.facebook.com\/florent.ostermann","https:\/\/x.com\/https:\/\/twitter.com\/FlOstermann","admin"],"url":"https:\/\/dicodusport.fr\/blog\/author\/flo\/"}]}},"_links":{"self":[{"href":"https:\/\/dicodusport.fr\/blog\/wp-json\/wp\/v2\/posts\/60152","targetHints":{"allow":["GET"]}}],"collection":[{"href":"https:\/\/dicodusport.fr\/blog\/wp-json\/wp\/v2\/posts"}],"about":[{"href":"https:\/\/dicodusport.fr\/blog\/wp-json\/wp\/v2\/types\/post"}],"author":[{"embeddable":true,"href":"https:\/\/dicodusport.fr\/blog\/wp-json\/wp\/v2\/users\/4"}],"replies":[{"embeddable":true,"href":"https:\/\/dicodusport.fr\/blog\/wp-json\/wp\/v2\/comments?post=60152"}],"version-history":[{"count":0,"href":"https:\/\/dicodusport.fr\/blog\/wp-json\/wp\/v2\/posts\/60152\/revisions"}],"wp:featuredmedia":[{"embeddable":true,"href":"https:\/\/dicodusport.fr\/blog\/wp-json\/wp\/v2\/media\/60153"}],"wp:attachment":[{"href":"https:\/\/dicodusport.fr\/blog\/wp-json\/wp\/v2\/media?parent=60152"}],"wp:term":[{"taxonomy":"category","embeddable":true,"href":"https:\/\/dicodusport.fr\/blog\/wp-json\/wp\/v2\/categories?post=60152"},{"taxonomy":"post_tag","embeddable":true,"href":"https:\/\/dicodusport.fr\/blog\/wp-json\/wp\/v2\/tags?post=60152"}],"curies":[{"name":"wp","href":"https:\/\/api.w.org\/{rel}","templated":true}]}}