{"id":601678,"date":"2025-08-10T21:23:42","date_gmt":"2025-08-10T19:23:42","guid":{"rendered":"https:\/\/dicodusport.fr\/blog\/?p=601678&#038;preview=true&#038;preview_id=601678"},"modified":"2025-08-10T22:03:09","modified_gmt":"2025-08-10T20:03:09","slug":"transferts-ol-lyon-signe-adam-karabec","status":"publish","type":"post","link":"https:\/\/dicodusport.fr\/blog\/transferts-ol-lyon-signe-adam-karabec\/","title":{"rendered":"Transferts OL : Lyon signe Adam Karabec"},"content":{"rendered":"<p style=\"text-align: justify;\"><strong><em>TRANSFERTS OL &#8211; Selon <a href=\"https:\/\/www.lequipe.fr\/Football\/Actualites\/Mercato-l-e-milieu-offensif-du-sparta-prague-adam-karabec-se-rapproche-de-l-ol\/1584352\" target=\"_blank\" rel=\"noopener\">L&rsquo;\u00c9quipe<\/a>, l&rsquo;Olympique Lyonnais a obtenu le pr\u00eat du milieu offensif tch\u00e8que, Adam Karabec.<\/em><\/strong><\/p>\n<p style=\"text-align: justify;\">Alors que la Ligue 1 reprend ses droits, l&rsquo;Olympique Lyonnais est loin d&rsquo;avoir termin\u00e9 son mercato. Si <strong>Malick<\/strong> <strong>Fofana<\/strong> n&rsquo;est pas encore parti, le Belge ne devrait pas faire la saison avec Lyon. Il faut ajouter \u00e0 cela les d\u00e9part de <strong>Thiago<\/strong> <strong>Almada<\/strong> et <strong>Rayan<\/strong> <strong>Cherki<\/strong>. Les dirigeants lyonnais sont donc en qu\u00eate de renforts dans le secteur offensif.<\/p>\n<ul style=\"text-align: justify;\">\n<li style=\"text-align: justify;\"><strong>\u00c0 ce sujet &#8211; <a class=\"row-title\" href=\"https:\/\/dicodusport.fr\/blog\/transferts-losc-lille-a-trouve-le-remplacant-de-lucas-chevalier\/\" aria-label=\"\u00ab\u00a0Transferts LOSC : Lille a trouv\u00e9 le rempla\u00e7ant de Lucas Chevalier\u00a0\u00bb (Modifier)\">Transferts LOSC : Lille a trouv\u00e9 le rempla\u00e7ant de Lucas Chevalier<\/a><\/strong><\/li>\n<\/ul>\n<h2 style=\"text-align: justify;\">Adam Karabec en pr\u00eat \u00e0 l&rsquo;OL<\/h2>\n<p style=\"text-align: justify;\">Un ailier droit est notamment cibl\u00e9 mais les Lyonnais ont finalement trouv\u00e9 la doublure avant. <strong>Adam<\/strong> <strong>Karabec<\/strong> va \u00eatre le deuxi\u00e8me <strong>Tch\u00e8que<\/strong> \u00e0 poser ses valises \u00e0 Lyon cet \u00e9t\u00e9 apr\u00e8s <strong>Pavel Sulc<\/strong>. Le milieu offensif de 22 ans, qui sort d&rsquo;une bonne saison en pr\u00eat avec Hambourg mais appartient au <strong>Sparta<\/strong> <strong>Prague<\/strong>, peut \u00e9voluer comme num\u00e9ro 10 en plus du poste d&rsquo;ailier droit.<\/p>\n<ul style=\"text-align: justify;\">\n<li><strong>\u00c0 lire aussi &#8211; <a href=\"https:\/\/dicodusport.fr\/blog\/transferts-losc-lille-signe-romain-perraud\/\">Transferts LOSC : Lille signe Romain Perraud<\/a><\/strong><\/li>\n<\/ul>\n<p style=\"text-align: justify;\">L&rsquo;<strong>Olympique Lyonnais<\/strong> a obtenu le pr\u00eat d&rsquo;<strong>Adam<\/strong> <strong>Karabec<\/strong> jusqu&rsquo;\u00e0 la fin de la saison avec une option d&rsquo;achat non obligatoire \u00e0 hauteur de 3,5 millions d&rsquo;euros. Le joueur <strong>tch\u00e8que<\/strong> est attendu dans les jours \u00e0 venir \u00e0 <strong>Lyon<\/strong> alors que <strong>Paulo<\/strong> <strong>Fonseca<\/strong> devrait l&rsquo;utiliser majoritairement en sortie de banc, en d\u00e9but de saison en tout cas.<\/p>\n<h4 style=\"text-align: justify;\">\u00c0 ce sujet<\/h4>\n<div class=\"vlp-link-container vlp-layout-article\"><a href=\"https:\/\/dicodusport.fr\/blog\/mercato-ol-2025-2026-le-tableau-complet-des-transferts-arrivees-et-departs\/\" class=\"vlp-link\" title=\"Mercato OL 2025-2026 : Le tableau complet des transferts, arriv\u00e9es et d\u00e9parts\"><\/a><div class=\"vlp-layout-zone-side\"><div class=\"vlp-block-4 vlp-link-image\"><img loading=\"lazy\" decoding=\"async\" style=\"max-width: 792px;\" width=\"792\" height=\"445\" src=\"https:\/\/dicodusport.fr\/blog\/wp-content\/uploads\/2025\/05\/Mercato-OL-2025-2026-Le-tableau-complet-des-transferts-arrivees-et-departs.png\" class=\"attachment-800x445 size-800x445\" alt=\"Mercato OL 2025-2026 Le tableau complet des transferts, arriv\u00e9es et d\u00e9parts\" srcset=\"https:\/\/dicodusport.fr\/blog\/wp-content\/uploads\/2025\/05\/Mercato-OL-2025-2026-Le-tableau-complet-des-transferts-arrivees-et-departs.png 1200w, https:\/\/dicodusport.fr\/blog\/wp-content\/uploads\/2025\/05\/Mercato-OL-2025-2026-Le-tableau-complet-des-transferts-arrivees-et-departs-300x169.png 300w, https:\/\/dicodusport.fr\/blog\/wp-content\/uploads\/2025\/05\/Mercato-OL-2025-2026-Le-tableau-complet-des-transferts-arrivees-et-departs-1024x575.png 1024w, https:\/\/dicodusport.fr\/blog\/wp-content\/uploads\/2025\/05\/Mercato-OL-2025-2026-Le-tableau-complet-des-transferts-arrivees-et-departs-768x431.png 768w\" sizes=\"auto, (max-width: 792px) 100vw, 792px\" \/><\/div><\/div><div class=\"vlp-layout-zone-main\"><div class=\"vlp-block-0 vlp-link-title\">Mercato OL 2025-2026 : Le tableau complet des transferts, arriv\u00e9es et d\u00e9parts<\/div><div class=\"vlp-block-1 vlp-link-summary\">TRANSFERTS OL - Retrouvez tous les mouvements de l'Olympique Lyonnais pour l'intersaison 2025 en Ligue 1. Arriv\u00e9es, d\u00e9part, pr\u00eats, transferts d\u00e9finitifs, ne ratez rien du mercato estival.\u00a0<\/div><div class=\"vlp-block-2 vlp-link-button\">Lire l'article<\/div><div class=\"vlp-block-3 vlp-link-url\">dicodusport.fr<\/div><\/div><\/div>\n","protected":false},"excerpt":{"rendered":"<p>TRANSFERTS OL &#8211; Selon L&rsquo;\u00c9quipe, l&rsquo;Olympique Lyonnais a obtenu le pr\u00eat du milieu offensif tch\u00e8que, Adam Karabec.<\/p>\n","protected":false},"author":1,"featured_media":601889,"comment_status":"open","ping_status":"closed","sticky":false,"template":"","format":"standard","meta":{"_acf_changed":false,"_daextam_enable_autolinks":"1","footnotes":""},"categories":[47045],"tags":[16878,1554,1145],"class_list":["post-601678","post","type-post","status-publish","format-standard","has-post-thumbnail","hentry","category-ligue-1","tag-breve","tag-ligue-1","tag-ol"],"acf":[],"yoast_head":"<!-- This site is optimized with the Yoast SEO Premium plugin v26.7 (Yoast SEO v26.7) - https:\/\/yoast.com\/wordpress\/plugins\/seo\/ -->\n<title>Transferts OL : Lyon signe Adam Karabec<\/title>\n<meta name=\"description\" content=\"TRANSFERTS OL - Selon L&#039;\u00c9quipe, l&#039;Olympique Lyonnais a obtenu le pr\u00eat du milieu offensif tch\u00e8que, Adam Karabec.\" \/>\n<meta name=\"robots\" content=\"index, follow, max-snippet:-1, max-image-preview:large, max-video-preview:-1\" \/>\n<link rel=\"canonical\" href=\"https:\/\/dicodusport.fr\/blog\/transferts-ol-lyon-signe-adam-karabec\/\" \/>\n<meta property=\"og:locale\" content=\"fr_FR\" \/>\n<meta property=\"og:type\" content=\"article\" \/>\n<meta property=\"og:title\" content=\"Transferts OL : Lyon signe Adam Karabec\" \/>\n<meta property=\"og:description\" content=\"TRANSFERTS OL - Selon L&#039;\u00c9quipe, l&#039;Olympique Lyonnais a obtenu le pr\u00eat du milieu offensif tch\u00e8que, Adam Karabec.\" \/>\n<meta property=\"og:url\" content=\"https:\/\/dicodusport.fr\/blog\/transferts-ol-lyon-signe-adam-karabec\/\" \/>\n<meta property=\"og:site_name\" content=\"Dicodusport\" \/>\n<meta property=\"article:publisher\" content=\"https:\/\/www.facebook.com\/dicodusport\" \/>\n<meta property=\"article:author\" content=\"https:\/\/www.facebook.com\/dicodusport\" \/>\n<meta property=\"article:published_time\" content=\"2025-08-10T19:23:42+00:00\" \/>\n<meta property=\"article:modified_time\" content=\"2025-08-10T20:03:09+00:00\" \/>\n<meta property=\"og:image\" content=\"https:\/\/dicodusport.fr\/blog\/wp-content\/uploads\/2025\/08\/Transferts-OL-Lyon-signe-Adam-Karabec.png\" \/>\n\t<meta property=\"og:image:width\" content=\"1200\" \/>\n\t<meta property=\"og:image:height\" content=\"674\" \/>\n\t<meta property=\"og:image:type\" content=\"image\/png\" \/>\n<meta name=\"author\" content=\"Nicolas Jacquemard\" \/>\n<meta name=\"twitter:card\" content=\"summary_large_image\" \/>\n<meta name=\"twitter:description\" content=\"TRANSFERTS LOSC - En qu\u00eate d&#039;un nouveau gardien num\u00e9ro 1 pour pallier le d\u00e9part \u00e0 venir de Lucas Chevalier, le LOSC va miser sur un international portugais.\" \/>\n<meta name=\"twitter:creator\" content=\"@https:\/\/twitter.com\/Nico_Jacquemard\" \/>\n<meta name=\"twitter:site\" content=\"@dicodusport\" \/>\n<script type=\"application\/ld+json\" class=\"yoast-schema-graph\">{\"@context\":\"https:\/\/schema.org\",\"@graph\":[{\"@type\":\"NewsArticle\",\"@id\":\"https:\/\/dicodusport.fr\/blog\/transferts-ol-lyon-signe-adam-karabec\/#article\",\"isPartOf\":{\"@id\":\"https:\/\/dicodusport.fr\/blog\/transferts-ol-lyon-signe-adam-karabec\/\"},\"author\":{\"name\":\"Nicolas Jacquemard\",\"@id\":\"https:\/\/dicodusport.fr\/blog\/#\/schema\/person\/55dcb50ad410894e431ed812bbb70191\"},\"headline\":\"Transferts OL : Lyon signe Adam Karabec\",\"datePublished\":\"2025-08-10T19:23:42+00:00\",\"dateModified\":\"2025-08-10T20:03:09+00:00\",\"mainEntityOfPage\":{\"@id\":\"https:\/\/dicodusport.fr\/blog\/transferts-ol-lyon-signe-adam-karabec\/\"},\"wordCount\":337,\"commentCount\":0,\"publisher\":{\"@id\":\"https:\/\/dicodusport.fr\/blog\/#organization\"},\"image\":{\"@id\":\"https:\/\/dicodusport.fr\/blog\/transferts-ol-lyon-signe-adam-karabec\/#primaryimage\"},\"thumbnailUrl\":\"https:\/\/dicodusport.fr\/blog\/wp-content\/uploads\/2025\/08\/Transferts-OL-Lyon-signe-Adam-Karabec.png\",\"keywords\":[\"br\u00e8ve\",\"Ligue 1\",\"OL\"],\"articleSection\":[\"Ligue 1\"],\"inLanguage\":\"fr-FR\",\"potentialAction\":[{\"@type\":\"CommentAction\",\"name\":\"Comment\",\"target\":[\"https:\/\/dicodusport.fr\/blog\/transferts-ol-lyon-signe-adam-karabec\/#respond\"]}],\"copyrightYear\":\"2025\",\"copyrightHolder\":{\"@id\":\"https:\/\/dicodusport.fr\/blog\/#organization\"}},{\"@type\":\"WebPage\",\"@id\":\"https:\/\/dicodusport.fr\/blog\/transferts-ol-lyon-signe-adam-karabec\/\",\"url\":\"https:\/\/dicodusport.fr\/blog\/transferts-ol-lyon-signe-adam-karabec\/\",\"name\":\"Transferts OL : Lyon signe Adam Karabec\",\"isPartOf\":{\"@id\":\"https:\/\/dicodusport.fr\/blog\/#website\"},\"primaryImageOfPage\":{\"@id\":\"https:\/\/dicodusport.fr\/blog\/transferts-ol-lyon-signe-adam-karabec\/#primaryimage\"},\"image\":{\"@id\":\"https:\/\/dicodusport.fr\/blog\/transferts-ol-lyon-signe-adam-karabec\/#primaryimage\"},\"thumbnailUrl\":\"https:\/\/dicodusport.fr\/blog\/wp-content\/uploads\/2025\/08\/Transferts-OL-Lyon-signe-Adam-Karabec.png\",\"datePublished\":\"2025-08-10T19:23:42+00:00\",\"dateModified\":\"2025-08-10T20:03:09+00:00\",\"description\":\"TRANSFERTS OL - Selon L'\u00c9quipe, l'Olympique Lyonnais a obtenu le pr\u00eat du milieu offensif tch\u00e8que, Adam Karabec.\",\"breadcrumb\":{\"@id\":\"https:\/\/dicodusport.fr\/blog\/transferts-ol-lyon-signe-adam-karabec\/#breadcrumb\"},\"inLanguage\":\"fr-FR\",\"potentialAction\":[{\"@type\":\"ReadAction\",\"target\":[\"https:\/\/dicodusport.fr\/blog\/transferts-ol-lyon-signe-adam-karabec\/\"]}]},{\"@type\":\"ImageObject\",\"inLanguage\":\"fr-FR\",\"@id\":\"https:\/\/dicodusport.fr\/blog\/transferts-ol-lyon-signe-adam-karabec\/#primaryimage\",\"url\":\"https:\/\/dicodusport.fr\/blog\/wp-content\/uploads\/2025\/08\/Transferts-OL-Lyon-signe-Adam-Karabec.png\",\"contentUrl\":\"https:\/\/dicodusport.fr\/blog\/wp-content\/uploads\/2025\/08\/Transferts-OL-Lyon-signe-Adam-Karabec.png\",\"width\":1200,\"height\":674},{\"@type\":\"BreadcrumbList\",\"@id\":\"https:\/\/dicodusport.fr\/blog\/transferts-ol-lyon-signe-adam-karabec\/#breadcrumb\",\"itemListElement\":[{\"@type\":\"ListItem\",\"position\":1,\"name\":\"Accueil\",\"item\":\"https:\/\/dicodusport.fr\/blog\/\"},{\"@type\":\"ListItem\",\"position\":2,\"name\":\"Transferts OL : Lyon signe Adam Karabec\"}]},{\"@type\":\"WebSite\",\"@id\":\"https:\/\/dicodusport.fr\/blog\/#website\",\"url\":\"https:\/\/dicodusport.fr\/blog\/\",\"name\":\"Dicodusport\",\"description\":\"L&#039;encyclop\u00e9die de l&#039;actualit\u00e9 sportive\",\"publisher\":{\"@id\":\"https:\/\/dicodusport.fr\/blog\/#organization\"},\"potentialAction\":[{\"@type\":\"SearchAction\",\"target\":{\"@type\":\"EntryPoint\",\"urlTemplate\":\"https:\/\/dicodusport.fr\/blog\/?s={search_term_string}\"},\"query-input\":{\"@type\":\"PropertyValueSpecification\",\"valueRequired\":true,\"valueName\":\"search_term_string\"}}],\"inLanguage\":\"fr-FR\"},{\"@type\":\"NewsMediaOrganization\",\"@id\":\"https:\/\/dicodusport.fr\/blog\/#organization\",\"name\":\"Dicodusport\",\"url\":\"https:\/\/dicodusport.fr\/blog\/\",\"logo\":{\"@type\":\"ImageObject\",\"inLanguage\":\"fr-FR\",\"@id\":\"https:\/\/dicodusport.fr\/blog\/#\/schema\/logo\/image\/\",\"url\":\"https:\/\/dicodusport.fr\/blog\/wp-content\/uploads\/2020\/06\/cropped-LOGO-DICODUSPORT-2020-SANS-FOND-SANS-TEXTE.png\",\"contentUrl\":\"https:\/\/dicodusport.fr\/blog\/wp-content\/uploads\/2020\/06\/cropped-LOGO-DICODUSPORT-2020-SANS-FOND-SANS-TEXTE.png\",\"width\":512,\"height\":512,\"caption\":\"Dicodusport\"},\"image\":{\"@id\":\"https:\/\/dicodusport.fr\/blog\/#\/schema\/logo\/image\/\"},\"sameAs\":[\"https:\/\/www.facebook.com\/dicodusport\",\"https:\/\/x.com\/dicodusport\",\"https:\/\/www.instagram.com\/dicodusport\/\",\"https:\/\/www.youtube.com\/channel\/UC7V2KZ5sd3htJivAbA4ZG3w\"],\"description\":\"Dicodusport est l'encyclop\u00e9die de l'actualit\u00e9 sportive.\",\"email\":\"bonjour@dicodusport.fr\",\"legalName\":\"DICODUSPORT\",\"foundingDate\":\"2018-01-14\",\"vatID\":\"FR71834470973\",\"taxID\":\"83447097300043\",\"numberOfEmployees\":{\"@type\":\"QuantitativeValue\",\"minValue\":\"1\",\"maxValue\":\"10\"}},{\"@type\":\"Person\",\"@id\":\"https:\/\/dicodusport.fr\/blog\/#\/schema\/person\/55dcb50ad410894e431ed812bbb70191\",\"name\":\"Nicolas Jacquemard\",\"image\":{\"@type\":\"ImageObject\",\"inLanguage\":\"fr-FR\",\"@id\":\"https:\/\/dicodusport.fr\/blog\/#\/schema\/person\/image\/\",\"url\":\"https:\/\/dicodusport.fr\/blog\/wp-content\/uploads\/2021\/05\/Nicolas-Jacquemard-150x150.jpeg\",\"contentUrl\":\"https:\/\/dicodusport.fr\/blog\/wp-content\/uploads\/2021\/05\/Nicolas-Jacquemard-150x150.jpeg\",\"caption\":\"Nicolas Jacquemard\"},\"description\":\"Passionn\u00e9 de sport et entrepreneur depuis mes 18 ans, la cr\u00e9ation de Dicodusport m'a sembl\u00e9 \u00e9vidente pour participer \u00e0 la m\u00e9diatisation d'un plus grand nombre de sports. Le chemin est long mais avec une \u00e9quipe des plus motiv\u00e9es et les Jeux Olympiques de Paris 2024 en point de mire, nous y arriverons ! Journaliste dans le monde du sport depuis plus de 5 ans, je traite aussi bien de football, de rugby, de biathlon que de cyclisme.\",\"sameAs\":[\"https:\/\/www.facebook.com\/dicodusport\",\"https:\/\/x.com\/https:\/\/twitter.com\/Nico_Jacquemard\"],\"url\":\"https:\/\/dicodusport.fr\/blog\/author\/dicodusport\/\"}]}<\/script>\n<!-- \/ Yoast SEO Premium plugin. -->","yoast_head_json":{"title":"Transferts OL : Lyon signe Adam Karabec","description":"TRANSFERTS OL - Selon L'\u00c9quipe, l'Olympique Lyonnais a obtenu le pr\u00eat du milieu offensif tch\u00e8que, Adam Karabec.","robots":{"index":"index","follow":"follow","max-snippet":"max-snippet:-1","max-image-preview":"max-image-preview:large","max-video-preview":"max-video-preview:-1"},"canonical":"https:\/\/dicodusport.fr\/blog\/transferts-ol-lyon-signe-adam-karabec\/","og_locale":"fr_FR","og_type":"article","og_title":"Transferts OL : Lyon signe Adam Karabec","og_description":"TRANSFERTS OL - Selon L'\u00c9quipe, l'Olympique Lyonnais a obtenu le pr\u00eat du milieu offensif tch\u00e8que, Adam Karabec.","og_url":"https:\/\/dicodusport.fr\/blog\/transferts-ol-lyon-signe-adam-karabec\/","og_site_name":"Dicodusport","article_publisher":"https:\/\/www.facebook.com\/dicodusport","article_author":"https:\/\/www.facebook.com\/dicodusport","article_published_time":"2025-08-10T19:23:42+00:00","article_modified_time":"2025-08-10T20:03:09+00:00","og_image":[{"width":1200,"height":674,"url":"https:\/\/dicodusport.fr\/blog\/wp-content\/uploads\/2025\/08\/Transferts-OL-Lyon-signe-Adam-Karabec.png","type":"image\/png"}],"author":"Nicolas Jacquemard","twitter_card":"summary_large_image","twitter_description":"TRANSFERTS LOSC - En qu\u00eate d'un nouveau gardien num\u00e9ro 1 pour pallier le d\u00e9part \u00e0 venir de Lucas Chevalier, le LOSC va miser sur un international portugais.","twitter_creator":"@https:\/\/twitter.com\/Nico_Jacquemard","twitter_site":"@dicodusport","schema":{"@context":"https:\/\/schema.org","@graph":[{"@type":"NewsArticle","@id":"https:\/\/dicodusport.fr\/blog\/transferts-ol-lyon-signe-adam-karabec\/#article","isPartOf":{"@id":"https:\/\/dicodusport.fr\/blog\/transferts-ol-lyon-signe-adam-karabec\/"},"author":{"name":"Nicolas Jacquemard","@id":"https:\/\/dicodusport.fr\/blog\/#\/schema\/person\/55dcb50ad410894e431ed812bbb70191"},"headline":"Transferts OL : Lyon signe Adam Karabec","datePublished":"2025-08-10T19:23:42+00:00","dateModified":"2025-08-10T20:03:09+00:00","mainEntityOfPage":{"@id":"https:\/\/dicodusport.fr\/blog\/transferts-ol-lyon-signe-adam-karabec\/"},"wordCount":337,"commentCount":0,"publisher":{"@id":"https:\/\/dicodusport.fr\/blog\/#organization"},"image":{"@id":"https:\/\/dicodusport.fr\/blog\/transferts-ol-lyon-signe-adam-karabec\/#primaryimage"},"thumbnailUrl":"https:\/\/dicodusport.fr\/blog\/wp-content\/uploads\/2025\/08\/Transferts-OL-Lyon-signe-Adam-Karabec.png","keywords":["br\u00e8ve","Ligue 1","OL"],"articleSection":["Ligue 1"],"inLanguage":"fr-FR","potentialAction":[{"@type":"CommentAction","name":"Comment","target":["https:\/\/dicodusport.fr\/blog\/transferts-ol-lyon-signe-adam-karabec\/#respond"]}],"copyrightYear":"2025","copyrightHolder":{"@id":"https:\/\/dicodusport.fr\/blog\/#organization"}},{"@type":"WebPage","@id":"https:\/\/dicodusport.fr\/blog\/transferts-ol-lyon-signe-adam-karabec\/","url":"https:\/\/dicodusport.fr\/blog\/transferts-ol-lyon-signe-adam-karabec\/","name":"Transferts OL : Lyon signe Adam Karabec","isPartOf":{"@id":"https:\/\/dicodusport.fr\/blog\/#website"},"primaryImageOfPage":{"@id":"https:\/\/dicodusport.fr\/blog\/transferts-ol-lyon-signe-adam-karabec\/#primaryimage"},"image":{"@id":"https:\/\/dicodusport.fr\/blog\/transferts-ol-lyon-signe-adam-karabec\/#primaryimage"},"thumbnailUrl":"https:\/\/dicodusport.fr\/blog\/wp-content\/uploads\/2025\/08\/Transferts-OL-Lyon-signe-Adam-Karabec.png","datePublished":"2025-08-10T19:23:42+00:00","dateModified":"2025-08-10T20:03:09+00:00","description":"TRANSFERTS OL - Selon L'\u00c9quipe, l'Olympique Lyonnais a obtenu le pr\u00eat du milieu offensif tch\u00e8que, Adam Karabec.","breadcrumb":{"@id":"https:\/\/dicodusport.fr\/blog\/transferts-ol-lyon-signe-adam-karabec\/#breadcrumb"},"inLanguage":"fr-FR","potentialAction":[{"@type":"ReadAction","target":["https:\/\/dicodusport.fr\/blog\/transferts-ol-lyon-signe-adam-karabec\/"]}]},{"@type":"ImageObject","inLanguage":"fr-FR","@id":"https:\/\/dicodusport.fr\/blog\/transferts-ol-lyon-signe-adam-karabec\/#primaryimage","url":"https:\/\/dicodusport.fr\/blog\/wp-content\/uploads\/2025\/08\/Transferts-OL-Lyon-signe-Adam-Karabec.png","contentUrl":"https:\/\/dicodusport.fr\/blog\/wp-content\/uploads\/2025\/08\/Transferts-OL-Lyon-signe-Adam-Karabec.png","width":1200,"height":674},{"@type":"BreadcrumbList","@id":"https:\/\/dicodusport.fr\/blog\/transferts-ol-lyon-signe-adam-karabec\/#breadcrumb","itemListElement":[{"@type":"ListItem","position":1,"name":"Accueil","item":"https:\/\/dicodusport.fr\/blog\/"},{"@type":"ListItem","position":2,"name":"Transferts OL : Lyon signe Adam Karabec"}]},{"@type":"WebSite","@id":"https:\/\/dicodusport.fr\/blog\/#website","url":"https:\/\/dicodusport.fr\/blog\/","name":"Dicodusport","description":"L&#039;encyclop\u00e9die de l&#039;actualit\u00e9 sportive","publisher":{"@id":"https:\/\/dicodusport.fr\/blog\/#organization"},"potentialAction":[{"@type":"SearchAction","target":{"@type":"EntryPoint","urlTemplate":"https:\/\/dicodusport.fr\/blog\/?s={search_term_string}"},"query-input":{"@type":"PropertyValueSpecification","valueRequired":true,"valueName":"search_term_string"}}],"inLanguage":"fr-FR"},{"@type":"NewsMediaOrganization","@id":"https:\/\/dicodusport.fr\/blog\/#organization","name":"Dicodusport","url":"https:\/\/dicodusport.fr\/blog\/","logo":{"@type":"ImageObject","inLanguage":"fr-FR","@id":"https:\/\/dicodusport.fr\/blog\/#\/schema\/logo\/image\/","url":"https:\/\/dicodusport.fr\/blog\/wp-content\/uploads\/2020\/06\/cropped-LOGO-DICODUSPORT-2020-SANS-FOND-SANS-TEXTE.png","contentUrl":"https:\/\/dicodusport.fr\/blog\/wp-content\/uploads\/2020\/06\/cropped-LOGO-DICODUSPORT-2020-SANS-FOND-SANS-TEXTE.png","width":512,"height":512,"caption":"Dicodusport"},"image":{"@id":"https:\/\/dicodusport.fr\/blog\/#\/schema\/logo\/image\/"},"sameAs":["https:\/\/www.facebook.com\/dicodusport","https:\/\/x.com\/dicodusport","https:\/\/www.instagram.com\/dicodusport\/","https:\/\/www.youtube.com\/channel\/UC7V2KZ5sd3htJivAbA4ZG3w"],"description":"Dicodusport est l'encyclop\u00e9die de l'actualit\u00e9 sportive.","email":"bonjour@dicodusport.fr","legalName":"DICODUSPORT","foundingDate":"2018-01-14","vatID":"FR71834470973","taxID":"83447097300043","numberOfEmployees":{"@type":"QuantitativeValue","minValue":"1","maxValue":"10"}},{"@type":"Person","@id":"https:\/\/dicodusport.fr\/blog\/#\/schema\/person\/55dcb50ad410894e431ed812bbb70191","name":"Nicolas Jacquemard","image":{"@type":"ImageObject","inLanguage":"fr-FR","@id":"https:\/\/dicodusport.fr\/blog\/#\/schema\/person\/image\/","url":"https:\/\/dicodusport.fr\/blog\/wp-content\/uploads\/2021\/05\/Nicolas-Jacquemard-150x150.jpeg","contentUrl":"https:\/\/dicodusport.fr\/blog\/wp-content\/uploads\/2021\/05\/Nicolas-Jacquemard-150x150.jpeg","caption":"Nicolas Jacquemard"},"description":"Passionn\u00e9 de sport et entrepreneur depuis mes 18 ans, la cr\u00e9ation de Dicodusport m'a sembl\u00e9 \u00e9vidente pour participer \u00e0 la m\u00e9diatisation d'un plus grand nombre de sports. Le chemin est long mais avec une \u00e9quipe des plus motiv\u00e9es et les Jeux Olympiques de Paris 2024 en point de mire, nous y arriverons ! Journaliste dans le monde du sport depuis plus de 5 ans, je traite aussi bien de football, de rugby, de biathlon que de cyclisme.","sameAs":["https:\/\/www.facebook.com\/dicodusport","https:\/\/x.com\/https:\/\/twitter.com\/Nico_Jacquemard"],"url":"https:\/\/dicodusport.fr\/blog\/author\/dicodusport\/"}]}},"_links":{"self":[{"href":"https:\/\/dicodusport.fr\/blog\/wp-json\/wp\/v2\/posts\/601678","targetHints":{"allow":["GET"]}}],"collection":[{"href":"https:\/\/dicodusport.fr\/blog\/wp-json\/wp\/v2\/posts"}],"about":[{"href":"https:\/\/dicodusport.fr\/blog\/wp-json\/wp\/v2\/types\/post"}],"author":[{"embeddable":true,"href":"https:\/\/dicodusport.fr\/blog\/wp-json\/wp\/v2\/users\/1"}],"replies":[{"embeddable":true,"href":"https:\/\/dicodusport.fr\/blog\/wp-json\/wp\/v2\/comments?post=601678"}],"version-history":[{"count":3,"href":"https:\/\/dicodusport.fr\/blog\/wp-json\/wp\/v2\/posts\/601678\/revisions"}],"predecessor-version":[{"id":601909,"href":"https:\/\/dicodusport.fr\/blog\/wp-json\/wp\/v2\/posts\/601678\/revisions\/601909"}],"wp:featuredmedia":[{"embeddable":true,"href":"https:\/\/dicodusport.fr\/blog\/wp-json\/wp\/v2\/media\/601889"}],"wp:attachment":[{"href":"https:\/\/dicodusport.fr\/blog\/wp-json\/wp\/v2\/media?parent=601678"}],"wp:term":[{"taxonomy":"category","embeddable":true,"href":"https:\/\/dicodusport.fr\/blog\/wp-json\/wp\/v2\/categories?post=601678"},{"taxonomy":"post_tag","embeddable":true,"href":"https:\/\/dicodusport.fr\/blog\/wp-json\/wp\/v2\/tags?post=601678"}],"curies":[{"name":"wp","href":"https:\/\/api.w.org\/{rel}","templated":true}]}}