{"id":601693,"date":"2025-08-10T11:37:12","date_gmt":"2025-08-10T09:37:12","guid":{"rendered":"https:\/\/dicodusport.fr\/blog\/?p=601693&#038;preview=true&#038;preview_id=601693"},"modified":"2025-08-11T07:49:20","modified_gmt":"2025-08-11T05:49:20","slug":"jeux-mondiaux-2025-farid-ben-ali-et-stephanie-faure-medailles-en-ju-jitsu","status":"publish","type":"post","link":"https:\/\/dicodusport.fr\/blog\/jeux-mondiaux-2025-farid-ben-ali-et-stephanie-faure-medailles-en-ju-jitsu\/","title":{"rendered":"Jeux Mondiaux 2025 : Farid Ben Ali et St\u00e9phanie Faure m\u00e9daill\u00e9s en ju-jitsu"},"content":{"rendered":"<p style=\"text-align: justify;\"><strong><em>JEUX MONDIAUX 2025 &#8211; Pour le premier jour de comp\u00e9tition en ju-jitsu, Farid Ben Ali a manqu\u00e9 le titre, mais repart avec de l&rsquo;argent, alors que St\u00e9phanie Faure se pare elle de bronze.<\/em><\/strong><\/p>\n<ul style=\"text-align: justify;\">\n<li><strong>\u00c0 lire aussi \u2013\u00a0<a href=\"https:\/\/dicodusport.fr\/blog\/jeux-mondiaux-2025-calendrier-et-resultats-des-athletes-francais-engages\/\">Calendrier et r\u00e9sultats des athl\u00e8tes fran\u00e7ais engag\u00e9s aux Jeux Mondiaux<\/a><\/strong><\/li>\n<\/ul>\n<p style=\"text-align: justify;\">Hier, Enzo Berthon \u00e9tait all\u00e9 chercher le titre en karat\u00e9, mais cela ne devait \u00eatre que le d\u00e9but pour les arts martiaux fran\u00e7ais. Le ju-jitsu ouvrait ses portes aujourd&rsquo;hui, avec trois premiers athl\u00e8tes et autant de chances de m\u00e9daille. <strong>Farid Ben Ali<\/strong>, <strong>St\u00e9phanie Faure<\/strong> et <strong>Percy Kunsa Bi Aku<\/strong> \u00e9taient face \u00e0 leur destin en ce dimanche \u00e0 Chengdu.<\/p>\n<div class=\"vlp-link-container vlp-layout-article\"><a href=\"https:\/\/dicodusport.fr\/blog\/jeux-mondiaux-2025-douze-ans-apres-farid-ben-ali-ju-jitsu-a-une-revanche-a-prendre\/\" class=\"vlp-link\" title=\"Jeux Mondiaux 2025\u00a0: Douze ans apr\u00e8s, Farid Ben Ali (ju-jitsu) a une revanche \u00e0 prendre\"><\/a><div class=\"vlp-layout-zone-side\"><div class=\"vlp-block-4 vlp-link-image\"><img loading=\"lazy\" decoding=\"async\" style=\"max-width: 792px;\" width=\"792\" height=\"445\" src=\"https:\/\/dicodusport.fr\/blog\/wp-content\/uploads\/2025\/08\/Jeux-Mondiaux-2025-Douze-ans-apres-Farid-Ben-Ali-ju-jitsu-a-une-revanche-a-prendre.png\" class=\"attachment-800x445 size-800x445\" alt=\"Jeux Mondiaux 2025\u00a0: Douze ans apr\u00e8s, Farid Ben Ali (ju-jitsu) a une revanche \u00e0 prendre\" srcset=\"https:\/\/dicodusport.fr\/blog\/wp-content\/uploads\/2025\/08\/Jeux-Mondiaux-2025-Douze-ans-apres-Farid-Ben-Ali-ju-jitsu-a-une-revanche-a-prendre.png 1200w, https:\/\/dicodusport.fr\/blog\/wp-content\/uploads\/2025\/08\/Jeux-Mondiaux-2025-Douze-ans-apres-Farid-Ben-Ali-ju-jitsu-a-une-revanche-a-prendre-300x169.png 300w, https:\/\/dicodusport.fr\/blog\/wp-content\/uploads\/2025\/08\/Jeux-Mondiaux-2025-Douze-ans-apres-Farid-Ben-Ali-ju-jitsu-a-une-revanche-a-prendre-1024x575.png 1024w, https:\/\/dicodusport.fr\/blog\/wp-content\/uploads\/2025\/08\/Jeux-Mondiaux-2025-Douze-ans-apres-Farid-Ben-Ali-ju-jitsu-a-une-revanche-a-prendre-768x431.png 768w\" sizes=\"auto, (max-width: 792px) 100vw, 792px\" \/><\/div><\/div><div class=\"vlp-layout-zone-main\"><div class=\"vlp-block-0 vlp-link-title\">Jeux Mondiaux 2025\u00a0: Douze ans apr\u00e8s, Farid Ben Ali (ju-jitsu) a une revanche \u00e0 prendre<\/div><div class=\"vlp-block-1 vlp-link-summary\">JEUX MONDIAUX 2025 \u2013 En argent lors de l'\u00e9dition 2012 des Jeux Mondiaux, Farid Ben Ali (ju-jitsu) est en qu\u00eate d'or 12 ans plus tard.<\/div><div class=\"vlp-block-2 vlp-link-button\">Lire l'article<\/div><div class=\"vlp-block-3 vlp-link-url\">dicodusport.fr<\/div><\/div><\/div>\n<h2 style=\"text-align: justify;\">Encore rat\u00e9 pour Farid Ben Ali<\/h2>\n<p style=\"text-align: justify;\">Les trois mousquetaires du ju-jitsu tricolore ont franchi la phase de poule, mais rien n&rsquo;a \u00e9t\u00e9 facile. <strong>St\u00e9phanie Faure<\/strong> a vu ses deux combats terminer \u00e0 \u00e9galit\u00e9 et se d\u00e9partager selon la r\u00e8gle des avantages, pour un bilan de 1\/1.<strong> Farid Ben Ali<\/strong> a perdu son premier combat, avant de redresser la barre et de survoler le deuxi\u00e8me. Enfin,\u00a0<strong>Percy Kunsa Bi Aku<\/strong> a \u00e9t\u00e9 disqualifi\u00e9 de son premier affrontement&#8230; avant de gagner le deuxi\u00e8me de la m\u00eame mani\u00e8re !<\/p>\n<p style=\"text-align: justify;\"><strong>Farid Ben Ali<\/strong> \u00e9tait le premier \u00e0 se lancer en demi-finales. Conqu\u00e9rant, il n&rsquo;a pas fait dans la dentelle contre <strong>Jesper Kilbak<\/strong>, pourtant ancien vice-champion d&rsquo;Europe. Une victoire qui lui ouvrait les portes d&rsquo;une nouvelle finale&#8230; contre <strong>Abu-bakir Zhanibek<\/strong>, celui qui l&rsquo;avait domin\u00e9 en poules ! Une finale heurt\u00e9e, interrompue deux fois sur blessure de chaque combattant. Le Fran\u00e7ais avait pris le meilleur d\u00e9part, et tenait encore le score \u00e0 15 secondes du terme, mais allait finir par craquer sous les assauts du Kazakh, vainqueur <strong>12-9<\/strong>. Encore rat\u00e9 pour <strong>Farid Ben Ali<\/strong>, pas s\u00fbr que l&rsquo;argent suffise \u00e0 son bonheur&#8230;<\/p>\n<p style=\"text-align: justify;\"><strong>Percy Kunsa Bi Aku<\/strong> et<strong> St\u00e9phanie Faure<\/strong>, eux, n&rsquo;allaient pas passer le cap des demi-finales. Mais il restait une m\u00e9daille de bronze \u00e0 conqu\u00e9rir. Le premier retrouvait<strong> Boy Vogelzang<\/strong>, contre qui il avait \u00e9t\u00e9 disqualifi\u00e9 au matin. Malheureusement, le Tricolore, bless\u00e9, devait d\u00e9clarer forfait et abandonner le bronze. <strong>Faure<\/strong>, elle, d\u00e9fiait la combattante \u00e9miratie <strong>Shamma Alkalbani<\/strong>. Tr\u00e8s vite en jambes, elle scorait rapidement deux points et allait vivre sur cet avantage pendant les 5 minutes de combat, assurant avec une belle d\u00e9fense une m\u00e9daille de bronze bien m\u00e9rit\u00e9e. Le ju-jitsu fran\u00e7ais a bien entam\u00e9 sa comp\u00e9tition, et a encore quelques cartouches sur les jours \u00e0 venir.<\/p>\n<ul style=\"text-align: justify;\">\n<li style=\"text-align: justify;\"><strong>\u00c0 lire aussi &#8211; <a href=\"https:\/\/dicodusport.fr\/blog\/tableau-des-medailles-jeux-mondiaux-2025-mis-a-jour\/\">Tableau des m\u00e9dailles Jeux Mondiaux 2025 mis \u00e0 jour<\/a><\/strong><\/li>\n<\/ul>\n<p style=\"text-align: justify;\">\n","protected":false},"excerpt":{"rendered":"<p>JEUX MONDIAUX 2025 &#8211; Pour le premier jour de comp\u00e9tition en ju-jitsu, Farid Ben Ali a manqu\u00e9 le titre, mais repart avec de l&rsquo;argent, alors que St\u00e9phanie Faure se pare elle de bronze.<\/p>\n","protected":false},"author":59,"featured_media":601935,"comment_status":"open","ping_status":"closed","sticky":false,"template":"","format":"standard","meta":{"_acf_changed":false,"_daextam_enable_autolinks":"1","footnotes":""},"categories":[47033,2310],"tags":[16878,24802],"class_list":["post-601693","post","type-post","status-publish","format-standard","has-post-thumbnail","hentry","category-jeux-mondiaux","category-sports-de-combat","tag-breve","tag-jeux-mondiaux"],"acf":[],"yoast_head":"<!-- This site is optimized with the Yoast SEO Premium plugin v26.7 (Yoast SEO v26.7) - https:\/\/yoast.com\/wordpress\/plugins\/seo\/ -->\n<title>Jeux Mondiaux 2025 : Farid Ben Ali et St\u00e9phanie Faure m\u00e9daill\u00e9s en ju-jitsu<\/title>\n<meta name=\"description\" content=\"JEUX MONDIAUX 2025 - en ju-jitsu, Farid Ben Ali a manqu\u00e9 le titre, mais repart avec de l&#039;argent, alors que St\u00e9phanie Faure se pare elle de bronze.\" \/>\n<meta name=\"robots\" content=\"index, follow, max-snippet:-1, max-image-preview:large, max-video-preview:-1\" \/>\n<link rel=\"canonical\" href=\"https:\/\/dicodusport.fr\/blog\/jeux-mondiaux-2025-farid-ben-ali-et-stephanie-faure-medailles-en-ju-jitsu\/\" \/>\n<meta property=\"og:locale\" content=\"fr_FR\" \/>\n<meta property=\"og:type\" content=\"article\" \/>\n<meta property=\"og:title\" content=\"Jeux Mondiaux 2025 : Farid Ben Ali et St\u00e9phanie Faure m\u00e9daill\u00e9s en ju-jitsu\" \/>\n<meta property=\"og:description\" content=\"JEUX MONDIAUX 2025 - en ju-jitsu, Farid Ben Ali a manqu\u00e9 le titre, mais repart avec de l&#039;argent, alors que St\u00e9phanie Faure se pare elle de bronze.\" \/>\n<meta property=\"og:url\" content=\"https:\/\/dicodusport.fr\/blog\/jeux-mondiaux-2025-farid-ben-ali-et-stephanie-faure-medailles-en-ju-jitsu\/\" \/>\n<meta property=\"og:site_name\" content=\"Dicodusport\" \/>\n<meta property=\"article:publisher\" content=\"https:\/\/www.facebook.com\/dicodusport\" \/>\n<meta property=\"article:author\" content=\"https:\/\/www.facebook.com\/sebastien.gente\/\" \/>\n<meta property=\"article:published_time\" content=\"2025-08-10T09:37:12+00:00\" \/>\n<meta property=\"article:modified_time\" content=\"2025-08-11T05:49:20+00:00\" \/>\n<meta property=\"og:image\" content=\"https:\/\/dicodusport.fr\/blog\/wp-content\/uploads\/2025\/08\/Jeux-Mondiaux-2025-Farid-Ben-Ali-et-Stephanie-Faure-medailles-en-ju-jitsu-1.png\" \/>\n\t<meta property=\"og:image:width\" content=\"1200\" \/>\n\t<meta property=\"og:image:height\" content=\"674\" \/>\n\t<meta property=\"og:image:type\" content=\"image\/png\" \/>\n<meta name=\"author\" content=\"S\u00e9bastien Gente\" \/>\n<meta name=\"twitter:card\" content=\"summary_large_image\" \/>\n<meta name=\"twitter:title\" content=\"Jeux Mondiaux 2025 : Farid Ben Ali et St\u00e9phanie Faure m\u00e9daill\u00e9s en ju-jitsu\" \/>\n<meta name=\"twitter:creator\" content=\"@https:\/\/twitter.com\/globulo24\" \/>\n<meta name=\"twitter:site\" content=\"@dicodusport\" \/>\n<script type=\"application\/ld+json\" class=\"yoast-schema-graph\">{\"@context\":\"https:\/\/schema.org\",\"@graph\":[{\"@type\":\"NewsArticle\",\"@id\":\"https:\/\/dicodusport.fr\/blog\/jeux-mondiaux-2025-farid-ben-ali-et-stephanie-faure-medailles-en-ju-jitsu\/#article\",\"isPartOf\":{\"@id\":\"https:\/\/dicodusport.fr\/blog\/jeux-mondiaux-2025-farid-ben-ali-et-stephanie-faure-medailles-en-ju-jitsu\/\"},\"author\":{\"name\":\"S\u00e9bastien Gente\",\"@id\":\"https:\/\/dicodusport.fr\/blog\/#\/schema\/person\/627966a6cde45dbd8c5e36ac85d783da\"},\"headline\":\"Jeux Mondiaux 2025 : Farid Ben Ali et St\u00e9phanie Faure m\u00e9daill\u00e9s en ju-jitsu\",\"datePublished\":\"2025-08-10T09:37:12+00:00\",\"dateModified\":\"2025-08-11T05:49:20+00:00\",\"mainEntityOfPage\":{\"@id\":\"https:\/\/dicodusport.fr\/blog\/jeux-mondiaux-2025-farid-ben-ali-et-stephanie-faure-medailles-en-ju-jitsu\/\"},\"wordCount\":532,\"commentCount\":0,\"publisher\":{\"@id\":\"https:\/\/dicodusport.fr\/blog\/#organization\"},\"image\":{\"@id\":\"https:\/\/dicodusport.fr\/blog\/jeux-mondiaux-2025-farid-ben-ali-et-stephanie-faure-medailles-en-ju-jitsu\/#primaryimage\"},\"thumbnailUrl\":\"https:\/\/dicodusport.fr\/blog\/wp-content\/uploads\/2025\/08\/Jeux-Mondiaux-2025-Farid-Ben-Ali-et-Stephanie-Faure-medailles-en-ju-jitsu-1.png\",\"keywords\":[\"br\u00e8ve\",\"Jeux Mondiaux\"],\"articleSection\":[\"Jeux Mondiaux\",\"Sports de combat\"],\"inLanguage\":\"fr-FR\",\"potentialAction\":[{\"@type\":\"CommentAction\",\"name\":\"Comment\",\"target\":[\"https:\/\/dicodusport.fr\/blog\/jeux-mondiaux-2025-farid-ben-ali-et-stephanie-faure-medailles-en-ju-jitsu\/#respond\"]}],\"copyrightYear\":\"2025\",\"copyrightHolder\":{\"@id\":\"https:\/\/dicodusport.fr\/blog\/#organization\"}},{\"@type\":\"WebPage\",\"@id\":\"https:\/\/dicodusport.fr\/blog\/jeux-mondiaux-2025-farid-ben-ali-et-stephanie-faure-medailles-en-ju-jitsu\/\",\"url\":\"https:\/\/dicodusport.fr\/blog\/jeux-mondiaux-2025-farid-ben-ali-et-stephanie-faure-medailles-en-ju-jitsu\/\",\"name\":\"Jeux Mondiaux 2025 : Farid Ben Ali et St\u00e9phanie Faure m\u00e9daill\u00e9s en ju-jitsu\",\"isPartOf\":{\"@id\":\"https:\/\/dicodusport.fr\/blog\/#website\"},\"primaryImageOfPage\":{\"@id\":\"https:\/\/dicodusport.fr\/blog\/jeux-mondiaux-2025-farid-ben-ali-et-stephanie-faure-medailles-en-ju-jitsu\/#primaryimage\"},\"image\":{\"@id\":\"https:\/\/dicodusport.fr\/blog\/jeux-mondiaux-2025-farid-ben-ali-et-stephanie-faure-medailles-en-ju-jitsu\/#primaryimage\"},\"thumbnailUrl\":\"https:\/\/dicodusport.fr\/blog\/wp-content\/uploads\/2025\/08\/Jeux-Mondiaux-2025-Farid-Ben-Ali-et-Stephanie-Faure-medailles-en-ju-jitsu-1.png\",\"datePublished\":\"2025-08-10T09:37:12+00:00\",\"dateModified\":\"2025-08-11T05:49:20+00:00\",\"description\":\"JEUX MONDIAUX 2025 - en ju-jitsu, Farid Ben Ali a manqu\u00e9 le titre, mais repart avec de l'argent, alors que St\u00e9phanie Faure se pare elle de bronze.\",\"breadcrumb\":{\"@id\":\"https:\/\/dicodusport.fr\/blog\/jeux-mondiaux-2025-farid-ben-ali-et-stephanie-faure-medailles-en-ju-jitsu\/#breadcrumb\"},\"inLanguage\":\"fr-FR\",\"potentialAction\":[{\"@type\":\"ReadAction\",\"target\":[\"https:\/\/dicodusport.fr\/blog\/jeux-mondiaux-2025-farid-ben-ali-et-stephanie-faure-medailles-en-ju-jitsu\/\"]}]},{\"@type\":\"ImageObject\",\"inLanguage\":\"fr-FR\",\"@id\":\"https:\/\/dicodusport.fr\/blog\/jeux-mondiaux-2025-farid-ben-ali-et-stephanie-faure-medailles-en-ju-jitsu\/#primaryimage\",\"url\":\"https:\/\/dicodusport.fr\/blog\/wp-content\/uploads\/2025\/08\/Jeux-Mondiaux-2025-Farid-Ben-Ali-et-Stephanie-Faure-medailles-en-ju-jitsu-1.png\",\"contentUrl\":\"https:\/\/dicodusport.fr\/blog\/wp-content\/uploads\/2025\/08\/Jeux-Mondiaux-2025-Farid-Ben-Ali-et-Stephanie-Faure-medailles-en-ju-jitsu-1.png\",\"width\":1200,\"height\":674,\"caption\":\"Jeux Mondiaux 2025 Farid Ben Ali et St\u00e9phanie Faure m\u00e9daill\u00e9s en ju-jitsu\"},{\"@type\":\"BreadcrumbList\",\"@id\":\"https:\/\/dicodusport.fr\/blog\/jeux-mondiaux-2025-farid-ben-ali-et-stephanie-faure-medailles-en-ju-jitsu\/#breadcrumb\",\"itemListElement\":[{\"@type\":\"ListItem\",\"position\":1,\"name\":\"Accueil\",\"item\":\"https:\/\/dicodusport.fr\/blog\/\"},{\"@type\":\"ListItem\",\"position\":2,\"name\":\"Jeux Mondiaux 2025 : Farid Ben Ali et St\u00e9phanie Faure m\u00e9daill\u00e9s en ju-jitsu\"}]},{\"@type\":\"WebSite\",\"@id\":\"https:\/\/dicodusport.fr\/blog\/#website\",\"url\":\"https:\/\/dicodusport.fr\/blog\/\",\"name\":\"Dicodusport\",\"description\":\"L&#039;encyclop\u00e9die de l&#039;actualit\u00e9 sportive\",\"publisher\":{\"@id\":\"https:\/\/dicodusport.fr\/blog\/#organization\"},\"potentialAction\":[{\"@type\":\"SearchAction\",\"target\":{\"@type\":\"EntryPoint\",\"urlTemplate\":\"https:\/\/dicodusport.fr\/blog\/?s={search_term_string}\"},\"query-input\":{\"@type\":\"PropertyValueSpecification\",\"valueRequired\":true,\"valueName\":\"search_term_string\"}}],\"inLanguage\":\"fr-FR\"},{\"@type\":\"NewsMediaOrganization\",\"@id\":\"https:\/\/dicodusport.fr\/blog\/#organization\",\"name\":\"Dicodusport\",\"url\":\"https:\/\/dicodusport.fr\/blog\/\",\"logo\":{\"@type\":\"ImageObject\",\"inLanguage\":\"fr-FR\",\"@id\":\"https:\/\/dicodusport.fr\/blog\/#\/schema\/logo\/image\/\",\"url\":\"https:\/\/dicodusport.fr\/blog\/wp-content\/uploads\/2020\/06\/cropped-LOGO-DICODUSPORT-2020-SANS-FOND-SANS-TEXTE.png\",\"contentUrl\":\"https:\/\/dicodusport.fr\/blog\/wp-content\/uploads\/2020\/06\/cropped-LOGO-DICODUSPORT-2020-SANS-FOND-SANS-TEXTE.png\",\"width\":512,\"height\":512,\"caption\":\"Dicodusport\"},\"image\":{\"@id\":\"https:\/\/dicodusport.fr\/blog\/#\/schema\/logo\/image\/\"},\"sameAs\":[\"https:\/\/www.facebook.com\/dicodusport\",\"https:\/\/x.com\/dicodusport\",\"https:\/\/www.instagram.com\/dicodusport\/\",\"https:\/\/www.youtube.com\/channel\/UC7V2KZ5sd3htJivAbA4ZG3w\"],\"description\":\"Dicodusport est l'encyclop\u00e9die de l'actualit\u00e9 sportive.\",\"email\":\"bonjour@dicodusport.fr\",\"legalName\":\"DICODUSPORT\",\"foundingDate\":\"2018-01-14\",\"vatID\":\"FR71834470973\",\"taxID\":\"83447097300043\",\"numberOfEmployees\":{\"@type\":\"QuantitativeValue\",\"minValue\":\"1\",\"maxValue\":\"10\"}},{\"@type\":\"Person\",\"@id\":\"https:\/\/dicodusport.fr\/blog\/#\/schema\/person\/627966a6cde45dbd8c5e36ac85d783da\",\"name\":\"S\u00e9bastien Gente\",\"image\":{\"@type\":\"ImageObject\",\"inLanguage\":\"fr-FR\",\"@id\":\"https:\/\/dicodusport.fr\/blog\/#\/schema\/person\/image\/\",\"url\":\"https:\/\/dicodusport.fr\/blog\/wp-content\/uploads\/2021\/09\/1510990_10205810251400683_4124423575079401707_n-150x150.jpg\",\"contentUrl\":\"https:\/\/dicodusport.fr\/blog\/wp-content\/uploads\/2021\/09\/1510990_10205810251400683_4124423575079401707_n-150x150.jpg\",\"caption\":\"S\u00e9bastien Gente\"},\"description\":\"John Stockton, Gianni Bugno, Zinedine Zidane, Steffi Graf, Frode Andresen, St\u00e9phane Stoecklin, Davis Kamoga, Primoz Peterka, Werner Schlager et Aur\u00e9lien Rougerie. Point commun entre ces sportifs? Ils m'ont fait r\u00eaver et ont berc\u00e9 mon adolescence. Je suis un fondu de sports et j'essaie de retranscrire ma passion \u00e0 travers mes articles. Originaire du P\u00e9rigord, ma passion pour les Girondins, les Jaunards et les Jazzmen transpire dans mes \u00e9crits. \u00c0 Dicodusport depuis 2021, je d\u00e9niche les sports m\u00e9connus dans lesquels la France brille, et il y en a !\",\"sameAs\":[\"https:\/\/www.facebook.com\/sebastien.gente\/\",\"https:\/\/www.instagram.com\/sebgente\/\",\"https:\/\/www.linkedin.com\/in\/sbastien-gente-a29583169\/\",\"https:\/\/x.com\/https:\/\/twitter.com\/globulo24\",\"SebastienGente\"],\"worksFor\":\"S\u00e9bastien GENTE\",\"url\":\"https:\/\/dicodusport.fr\/blog\/author\/sebastiengente\/\"}]}<\/script>\n<!-- \/ Yoast SEO Premium plugin. -->","yoast_head_json":{"title":"Jeux Mondiaux 2025 : Farid Ben Ali et St\u00e9phanie Faure m\u00e9daill\u00e9s en ju-jitsu","description":"JEUX MONDIAUX 2025 - en ju-jitsu, Farid Ben Ali a manqu\u00e9 le titre, mais repart avec de l'argent, alors que St\u00e9phanie Faure se pare elle de bronze.","robots":{"index":"index","follow":"follow","max-snippet":"max-snippet:-1","max-image-preview":"max-image-preview:large","max-video-preview":"max-video-preview:-1"},"canonical":"https:\/\/dicodusport.fr\/blog\/jeux-mondiaux-2025-farid-ben-ali-et-stephanie-faure-medailles-en-ju-jitsu\/","og_locale":"fr_FR","og_type":"article","og_title":"Jeux Mondiaux 2025 : Farid Ben Ali et St\u00e9phanie Faure m\u00e9daill\u00e9s en ju-jitsu","og_description":"JEUX MONDIAUX 2025 - en ju-jitsu, Farid Ben Ali a manqu\u00e9 le titre, mais repart avec de l'argent, alors que St\u00e9phanie Faure se pare elle de bronze.","og_url":"https:\/\/dicodusport.fr\/blog\/jeux-mondiaux-2025-farid-ben-ali-et-stephanie-faure-medailles-en-ju-jitsu\/","og_site_name":"Dicodusport","article_publisher":"https:\/\/www.facebook.com\/dicodusport","article_author":"https:\/\/www.facebook.com\/sebastien.gente\/","article_published_time":"2025-08-10T09:37:12+00:00","article_modified_time":"2025-08-11T05:49:20+00:00","og_image":[{"width":1200,"height":674,"url":"https:\/\/dicodusport.fr\/blog\/wp-content\/uploads\/2025\/08\/Jeux-Mondiaux-2025-Farid-Ben-Ali-et-Stephanie-Faure-medailles-en-ju-jitsu-1.png","type":"image\/png"}],"author":"S\u00e9bastien Gente","twitter_card":"summary_large_image","twitter_title":"Jeux Mondiaux 2025 : Farid Ben Ali et St\u00e9phanie Faure m\u00e9daill\u00e9s en ju-jitsu","twitter_creator":"@https:\/\/twitter.com\/globulo24","twitter_site":"@dicodusport","schema":{"@context":"https:\/\/schema.org","@graph":[{"@type":"NewsArticle","@id":"https:\/\/dicodusport.fr\/blog\/jeux-mondiaux-2025-farid-ben-ali-et-stephanie-faure-medailles-en-ju-jitsu\/#article","isPartOf":{"@id":"https:\/\/dicodusport.fr\/blog\/jeux-mondiaux-2025-farid-ben-ali-et-stephanie-faure-medailles-en-ju-jitsu\/"},"author":{"name":"S\u00e9bastien Gente","@id":"https:\/\/dicodusport.fr\/blog\/#\/schema\/person\/627966a6cde45dbd8c5e36ac85d783da"},"headline":"Jeux Mondiaux 2025 : Farid Ben Ali et St\u00e9phanie Faure m\u00e9daill\u00e9s en ju-jitsu","datePublished":"2025-08-10T09:37:12+00:00","dateModified":"2025-08-11T05:49:20+00:00","mainEntityOfPage":{"@id":"https:\/\/dicodusport.fr\/blog\/jeux-mondiaux-2025-farid-ben-ali-et-stephanie-faure-medailles-en-ju-jitsu\/"},"wordCount":532,"commentCount":0,"publisher":{"@id":"https:\/\/dicodusport.fr\/blog\/#organization"},"image":{"@id":"https:\/\/dicodusport.fr\/blog\/jeux-mondiaux-2025-farid-ben-ali-et-stephanie-faure-medailles-en-ju-jitsu\/#primaryimage"},"thumbnailUrl":"https:\/\/dicodusport.fr\/blog\/wp-content\/uploads\/2025\/08\/Jeux-Mondiaux-2025-Farid-Ben-Ali-et-Stephanie-Faure-medailles-en-ju-jitsu-1.png","keywords":["br\u00e8ve","Jeux Mondiaux"],"articleSection":["Jeux Mondiaux","Sports de combat"],"inLanguage":"fr-FR","potentialAction":[{"@type":"CommentAction","name":"Comment","target":["https:\/\/dicodusport.fr\/blog\/jeux-mondiaux-2025-farid-ben-ali-et-stephanie-faure-medailles-en-ju-jitsu\/#respond"]}],"copyrightYear":"2025","copyrightHolder":{"@id":"https:\/\/dicodusport.fr\/blog\/#organization"}},{"@type":"WebPage","@id":"https:\/\/dicodusport.fr\/blog\/jeux-mondiaux-2025-farid-ben-ali-et-stephanie-faure-medailles-en-ju-jitsu\/","url":"https:\/\/dicodusport.fr\/blog\/jeux-mondiaux-2025-farid-ben-ali-et-stephanie-faure-medailles-en-ju-jitsu\/","name":"Jeux Mondiaux 2025 : Farid Ben Ali et St\u00e9phanie Faure m\u00e9daill\u00e9s en ju-jitsu","isPartOf":{"@id":"https:\/\/dicodusport.fr\/blog\/#website"},"primaryImageOfPage":{"@id":"https:\/\/dicodusport.fr\/blog\/jeux-mondiaux-2025-farid-ben-ali-et-stephanie-faure-medailles-en-ju-jitsu\/#primaryimage"},"image":{"@id":"https:\/\/dicodusport.fr\/blog\/jeux-mondiaux-2025-farid-ben-ali-et-stephanie-faure-medailles-en-ju-jitsu\/#primaryimage"},"thumbnailUrl":"https:\/\/dicodusport.fr\/blog\/wp-content\/uploads\/2025\/08\/Jeux-Mondiaux-2025-Farid-Ben-Ali-et-Stephanie-Faure-medailles-en-ju-jitsu-1.png","datePublished":"2025-08-10T09:37:12+00:00","dateModified":"2025-08-11T05:49:20+00:00","description":"JEUX MONDIAUX 2025 - en ju-jitsu, Farid Ben Ali a manqu\u00e9 le titre, mais repart avec de l'argent, alors que St\u00e9phanie Faure se pare elle de bronze.","breadcrumb":{"@id":"https:\/\/dicodusport.fr\/blog\/jeux-mondiaux-2025-farid-ben-ali-et-stephanie-faure-medailles-en-ju-jitsu\/#breadcrumb"},"inLanguage":"fr-FR","potentialAction":[{"@type":"ReadAction","target":["https:\/\/dicodusport.fr\/blog\/jeux-mondiaux-2025-farid-ben-ali-et-stephanie-faure-medailles-en-ju-jitsu\/"]}]},{"@type":"ImageObject","inLanguage":"fr-FR","@id":"https:\/\/dicodusport.fr\/blog\/jeux-mondiaux-2025-farid-ben-ali-et-stephanie-faure-medailles-en-ju-jitsu\/#primaryimage","url":"https:\/\/dicodusport.fr\/blog\/wp-content\/uploads\/2025\/08\/Jeux-Mondiaux-2025-Farid-Ben-Ali-et-Stephanie-Faure-medailles-en-ju-jitsu-1.png","contentUrl":"https:\/\/dicodusport.fr\/blog\/wp-content\/uploads\/2025\/08\/Jeux-Mondiaux-2025-Farid-Ben-Ali-et-Stephanie-Faure-medailles-en-ju-jitsu-1.png","width":1200,"height":674,"caption":"Jeux Mondiaux 2025 Farid Ben Ali et St\u00e9phanie Faure m\u00e9daill\u00e9s en ju-jitsu"},{"@type":"BreadcrumbList","@id":"https:\/\/dicodusport.fr\/blog\/jeux-mondiaux-2025-farid-ben-ali-et-stephanie-faure-medailles-en-ju-jitsu\/#breadcrumb","itemListElement":[{"@type":"ListItem","position":1,"name":"Accueil","item":"https:\/\/dicodusport.fr\/blog\/"},{"@type":"ListItem","position":2,"name":"Jeux Mondiaux 2025 : Farid Ben Ali et St\u00e9phanie Faure m\u00e9daill\u00e9s en ju-jitsu"}]},{"@type":"WebSite","@id":"https:\/\/dicodusport.fr\/blog\/#website","url":"https:\/\/dicodusport.fr\/blog\/","name":"Dicodusport","description":"L&#039;encyclop\u00e9die de l&#039;actualit\u00e9 sportive","publisher":{"@id":"https:\/\/dicodusport.fr\/blog\/#organization"},"potentialAction":[{"@type":"SearchAction","target":{"@type":"EntryPoint","urlTemplate":"https:\/\/dicodusport.fr\/blog\/?s={search_term_string}"},"query-input":{"@type":"PropertyValueSpecification","valueRequired":true,"valueName":"search_term_string"}}],"inLanguage":"fr-FR"},{"@type":"NewsMediaOrganization","@id":"https:\/\/dicodusport.fr\/blog\/#organization","name":"Dicodusport","url":"https:\/\/dicodusport.fr\/blog\/","logo":{"@type":"ImageObject","inLanguage":"fr-FR","@id":"https:\/\/dicodusport.fr\/blog\/#\/schema\/logo\/image\/","url":"https:\/\/dicodusport.fr\/blog\/wp-content\/uploads\/2020\/06\/cropped-LOGO-DICODUSPORT-2020-SANS-FOND-SANS-TEXTE.png","contentUrl":"https:\/\/dicodusport.fr\/blog\/wp-content\/uploads\/2020\/06\/cropped-LOGO-DICODUSPORT-2020-SANS-FOND-SANS-TEXTE.png","width":512,"height":512,"caption":"Dicodusport"},"image":{"@id":"https:\/\/dicodusport.fr\/blog\/#\/schema\/logo\/image\/"},"sameAs":["https:\/\/www.facebook.com\/dicodusport","https:\/\/x.com\/dicodusport","https:\/\/www.instagram.com\/dicodusport\/","https:\/\/www.youtube.com\/channel\/UC7V2KZ5sd3htJivAbA4ZG3w"],"description":"Dicodusport est l'encyclop\u00e9die de l'actualit\u00e9 sportive.","email":"bonjour@dicodusport.fr","legalName":"DICODUSPORT","foundingDate":"2018-01-14","vatID":"FR71834470973","taxID":"83447097300043","numberOfEmployees":{"@type":"QuantitativeValue","minValue":"1","maxValue":"10"}},{"@type":"Person","@id":"https:\/\/dicodusport.fr\/blog\/#\/schema\/person\/627966a6cde45dbd8c5e36ac85d783da","name":"S\u00e9bastien Gente","image":{"@type":"ImageObject","inLanguage":"fr-FR","@id":"https:\/\/dicodusport.fr\/blog\/#\/schema\/person\/image\/","url":"https:\/\/dicodusport.fr\/blog\/wp-content\/uploads\/2021\/09\/1510990_10205810251400683_4124423575079401707_n-150x150.jpg","contentUrl":"https:\/\/dicodusport.fr\/blog\/wp-content\/uploads\/2021\/09\/1510990_10205810251400683_4124423575079401707_n-150x150.jpg","caption":"S\u00e9bastien Gente"},"description":"John Stockton, Gianni Bugno, Zinedine Zidane, Steffi Graf, Frode Andresen, St\u00e9phane Stoecklin, Davis Kamoga, Primoz Peterka, Werner Schlager et Aur\u00e9lien Rougerie. Point commun entre ces sportifs? Ils m'ont fait r\u00eaver et ont berc\u00e9 mon adolescence. Je suis un fondu de sports et j'essaie de retranscrire ma passion \u00e0 travers mes articles. Originaire du P\u00e9rigord, ma passion pour les Girondins, les Jaunards et les Jazzmen transpire dans mes \u00e9crits. \u00c0 Dicodusport depuis 2021, je d\u00e9niche les sports m\u00e9connus dans lesquels la France brille, et il y en a !","sameAs":["https:\/\/www.facebook.com\/sebastien.gente\/","https:\/\/www.instagram.com\/sebgente\/","https:\/\/www.linkedin.com\/in\/sbastien-gente-a29583169\/","https:\/\/x.com\/https:\/\/twitter.com\/globulo24","SebastienGente"],"worksFor":"S\u00e9bastien GENTE","url":"https:\/\/dicodusport.fr\/blog\/author\/sebastiengente\/"}]}},"_links":{"self":[{"href":"https:\/\/dicodusport.fr\/blog\/wp-json\/wp\/v2\/posts\/601693","targetHints":{"allow":["GET"]}}],"collection":[{"href":"https:\/\/dicodusport.fr\/blog\/wp-json\/wp\/v2\/posts"}],"about":[{"href":"https:\/\/dicodusport.fr\/blog\/wp-json\/wp\/v2\/types\/post"}],"author":[{"embeddable":true,"href":"https:\/\/dicodusport.fr\/blog\/wp-json\/wp\/v2\/users\/59"}],"replies":[{"embeddable":true,"href":"https:\/\/dicodusport.fr\/blog\/wp-json\/wp\/v2\/comments?post=601693"}],"version-history":[{"count":1,"href":"https:\/\/dicodusport.fr\/blog\/wp-json\/wp\/v2\/posts\/601693\/revisions"}],"predecessor-version":[{"id":601734,"href":"https:\/\/dicodusport.fr\/blog\/wp-json\/wp\/v2\/posts\/601693\/revisions\/601734"}],"wp:featuredmedia":[{"embeddable":true,"href":"https:\/\/dicodusport.fr\/blog\/wp-json\/wp\/v2\/media\/601935"}],"wp:attachment":[{"href":"https:\/\/dicodusport.fr\/blog\/wp-json\/wp\/v2\/media?parent=601693"}],"wp:term":[{"taxonomy":"category","embeddable":true,"href":"https:\/\/dicodusport.fr\/blog\/wp-json\/wp\/v2\/categories?post=601693"},{"taxonomy":"post_tag","embeddable":true,"href":"https:\/\/dicodusport.fr\/blog\/wp-json\/wp\/v2\/tags?post=601693"}],"curies":[{"name":"wp","href":"https:\/\/api.w.org\/{rel}","templated":true}]}}