{"id":601778,"date":"2025-08-10T15:20:22","date_gmt":"2025-08-10T13:20:22","guid":{"rendered":"https:\/\/dicodusport.fr\/blog\/?p=601778&#038;preview=true&#038;preview_id=601778"},"modified":"2025-08-10T15:20:22","modified_gmt":"2025-08-10T13:20:22","slug":"transferts-usap-tristan-labouteley-va-rebondir-en-pro-d2","status":"publish","type":"post","link":"https:\/\/dicodusport.fr\/blog\/transferts-usap-tristan-labouteley-va-rebondir-en-pro-d2\/","title":{"rendered":"Transferts USAP : Tristan Labouteley va rebondir en Pro D2"},"content":{"rendered":"<p style=\"text-align: justify;\"><strong><em>TRANSFERTS USAP &#8211; <\/em><em>Apr\u00e8s plusieurs tentatives infructueuses, le FC Grenoble a trouv\u00e9 le deuxi\u00e8me ligne qu\u2019il cherchait. Selon le <a href=\"https:\/\/www.rugbyrama.fr\/2025\/08\/10\/exclu-midol-transferts-le-fc-grenoble-soffre-un-perpignanais-en-pret-12868988.php\">Midi Olympique<\/a>, Tristan Labouteley rejoint le club en pr\u00eat en provenance de l\u2019USAP, avec un contrat prolong\u00e9 jusqu\u2019en 2028 \u00e0 la cl\u00e9.<\/em><\/strong><\/p>\n<h2 style=\"text-align: justify;\">Un mercato mouvement\u00e9 \u00e0 Grenoble<\/h2>\n<p style=\"text-align: justify;\">Le <strong>FC Grenoble<\/strong>, finaliste de la derni\u00e8re saison de Pro D2, n\u2019a pas ch\u00f4m\u00e9 pour renforcer son pack. Mais la qu\u00eate d\u2019un deuxi\u00e8me ligne s\u2019est av\u00e9r\u00e9e sem\u00e9e d\u2019emb\u00fbches. La premi\u00e8re piste menant au Gallois <strong>James Fender<\/strong> s\u2019est \u00e9teinte faute de lettre de sortie accord\u00e9e par sa f\u00e9d\u00e9ration. Puis, le dossier <strong>Janse Roux<\/strong> a \u00e9chapp\u00e9 aux Grenoblois \u00e0 la derni\u00e8re minute, <a href=\"https:\/\/dicodusport.fr\/blog\/transferts-le-sud-africain-janse-roux-pourrait-signer-en-top-14\/\">le Briviste prenant la direction de Lyon<\/a> pour pallier <a href=\"https:\/\/dicodusport.fr\/blog\/transferts-tomas-lavanini-quitte-le-lou-avec-effet-immediat\/\">le d\u00e9part de <strong>Tom\u00e1s Lavanini<\/strong><\/a>.<\/p>\n<ul>\n<li style=\"text-align: justify;\"><strong>\u00c0 ce sujet &#8211; <a href=\"https:\/\/dicodusport.fr\/blog\/transferts-baptiste-jauneau-un-cador-de-top-14-a-fait-une-offre-xxl\/\">Transferts : Baptiste Jauneau, un cador de Top 14 a fait une offre XXL<\/a>\u00a0<\/strong><\/li>\n<\/ul>\n<h2 style=\"text-align: justify;\">Une troisi\u00e8me piste concluante en la personne de Tristan Labouteley<\/h2>\n<p style=\"text-align: justify;\">Face \u00e0 ces revers, le club is\u00e9rois a explor\u00e9 une nouvelle voie en direction de <strong>Perpignan<\/strong>. Les discussions entam\u00e9es en milieu de semaine avec l\u2019<strong>USAP<\/strong> se sont acc\u00e9l\u00e9r\u00e9es pour aboutir \u00e0 un accord durant le week-end. Selon les informations du <em>Midi Olympique<\/em>, Grenoble a obtenu le pr\u00eat de <strong>Tristan Labouteley<\/strong> (30 ans, 2,02 m, 107 kg). Le deuxi\u00e8me ligne a disput\u00e9 14 rencontres la saison pass\u00e9e sous les ordres de <strong>Franck Az\u00e9ma<\/strong>, mais n\u2019entrait plus dans les plans de l\u2019entra\u00eeneur catalan en fin d\u2019exercice.<\/p>\n<h2 style=\"text-align: justify;\">Un renfort sur le long terme<\/h2>\n<p style=\"text-align: justify;\">Le joueur devrait poser ses valises en Is\u00e8re d\u00e8s le d\u00e9but de la semaine. Et l\u2019op\u00e9ration ne se limite pas \u00e0 un simple pr\u00eat : au terme de la saison, <strong>Labouteley<\/strong> b\u00e9n\u00e9ficiera d\u2019un contrat de deux ans, ce qui le lierait au <strong>FCG<\/strong> jusqu\u2019en 2028. Un joli coup pour le club grenoblois, qui renforce ainsi son effectif avec un joueur exp\u00e9riment\u00e9 tout en s\u00e9curisant l\u2019avenir \u00e0 ce poste cl\u00e9.<\/p>\n<h3 style=\"text-align: justify;\">\u00c0 ce sujet<\/h3>\n<div class=\"vlp-link-container vlp-layout-article\"><a href=\"https:\/\/dicodusport.fr\/blog\/usap-perpignan-quel-xv-type-et-quelle-rotation-pour-la-saison-2025-2026\/\" class=\"vlp-link\" title=\"USAP Perpignan : Quel XV type et quelle rotation pour la saison 2025-2026 ?\"><\/a><div class=\"vlp-layout-zone-side\"><div class=\"vlp-block-4 vlp-link-image\"><img loading=\"lazy\" decoding=\"async\" style=\"max-width: 792px;\" width=\"792\" height=\"445\" src=\"https:\/\/dicodusport.fr\/blog\/wp-content\/uploads\/2025\/07\/USAP-Perpignan-Quel-XV-type-et-quelle-rotation-pour-la-saison-2025-2026-.png\" class=\"attachment-800x445 size-800x445\" alt=\"USAP Perpignan Quel XV type et quelle rotation pour la saison 2025-2026\" srcset=\"https:\/\/dicodusport.fr\/blog\/wp-content\/uploads\/2025\/07\/USAP-Perpignan-Quel-XV-type-et-quelle-rotation-pour-la-saison-2025-2026-.png 1200w, https:\/\/dicodusport.fr\/blog\/wp-content\/uploads\/2025\/07\/USAP-Perpignan-Quel-XV-type-et-quelle-rotation-pour-la-saison-2025-2026--300x169.png 300w, https:\/\/dicodusport.fr\/blog\/wp-content\/uploads\/2025\/07\/USAP-Perpignan-Quel-XV-type-et-quelle-rotation-pour-la-saison-2025-2026--1024x575.png 1024w, https:\/\/dicodusport.fr\/blog\/wp-content\/uploads\/2025\/07\/USAP-Perpignan-Quel-XV-type-et-quelle-rotation-pour-la-saison-2025-2026--768x431.png 768w\" sizes=\"auto, (max-width: 792px) 100vw, 792px\" \/><\/div><\/div><div class=\"vlp-layout-zone-main\"><div class=\"vlp-block-0 vlp-link-title\">USAP Perpignan : Quel XV type et quelle rotation pour la saison 2025-2026 ?<\/div><div class=\"vlp-block-1 vlp-link-summary\">D\u00e9couvrez le XV type probable de l\u2019USAP pour la saison 2025-2026, les recrues, les d\u00e9parts et les rotations poste par poste apr\u00e8s un mercato ambitieux du club catalan.<\/div><div class=\"vlp-block-2 vlp-link-button\">Lire l'article<\/div><div class=\"vlp-block-3 vlp-link-url\">dicodusport.fr<\/div><\/div><\/div>\n","protected":false},"excerpt":{"rendered":"<p>Selon le Midi Olympique, Tristan Labouteley rejoint Grenoble en pr\u00eat en provenance de l\u2019USAP, avec un contrat prolong\u00e9 jusqu\u2019en 2028 \u00e0 la cl\u00e9.<\/p>\n","protected":false},"author":4,"featured_media":601784,"comment_status":"open","ping_status":"closed","sticky":false,"template":"","format":"standard","meta":{"_acf_changed":false,"_daextam_enable_autolinks":"1","footnotes":""},"categories":[47052],"tags":[16878,2104,1839,29105,4765],"class_list":["post-601778","post","type-post","status-publish","format-standard","has-post-thumbnail","hentry","category-pro-d2","tag-breve","tag-fc-grenoble","tag-pro-d2","tag-transferts-rugby","tag-usap"],"acf":[],"yoast_head":"<!-- This site is optimized with the Yoast SEO Premium plugin v26.7 (Yoast SEO v26.7) - https:\/\/yoast.com\/wordpress\/plugins\/seo\/ -->\n<title>Transferts USAP : Tristan Labouteley va rebondir en Pro D2<\/title>\n<meta name=\"description\" content=\"Selon le Midi Olympique, Tristan Labouteley rejoint Grenoble en pr\u00eat en provenance de l\u2019USAP, avec un contrat prolong\u00e9 jusqu\u2019en 2028 \u00e0 la cl\u00e9.\" \/>\n<meta name=\"robots\" content=\"index, follow, max-snippet:-1, max-image-preview:large, max-video-preview:-1\" \/>\n<link rel=\"canonical\" href=\"https:\/\/dicodusport.fr\/blog\/transferts-usap-tristan-labouteley-va-rebondir-en-pro-d2\/\" \/>\n<meta property=\"og:locale\" content=\"fr_FR\" \/>\n<meta property=\"og:type\" content=\"article\" \/>\n<meta property=\"og:title\" content=\"Transferts USAP : Tristan Labouteley va rebondir en Pro D2\" \/>\n<meta property=\"og:description\" content=\"Selon le Midi Olympique, Tristan Labouteley rejoint Grenoble en pr\u00eat en provenance de l\u2019USAP, avec un contrat prolong\u00e9 jusqu\u2019en 2028 \u00e0 la cl\u00e9.\" \/>\n<meta property=\"og:url\" content=\"https:\/\/dicodusport.fr\/blog\/transferts-usap-tristan-labouteley-va-rebondir-en-pro-d2\/\" \/>\n<meta property=\"og:site_name\" content=\"Dicodusport\" \/>\n<meta property=\"article:publisher\" content=\"https:\/\/www.facebook.com\/dicodusport\" \/>\n<meta property=\"article:author\" content=\"https:\/\/www.facebook.com\/florent.ostermann\" \/>\n<meta property=\"article:published_time\" content=\"2025-08-10T13:20:22+00:00\" \/>\n<meta property=\"og:image\" content=\"https:\/\/dicodusport.fr\/blog\/wp-content\/uploads\/2025\/08\/Transferts-USAP-Tristan-Labouteley-va-rebondir-en-Pro-D2.png\" \/>\n\t<meta property=\"og:image:width\" content=\"1200\" \/>\n\t<meta property=\"og:image:height\" content=\"674\" \/>\n\t<meta property=\"og:image:type\" content=\"image\/png\" \/>\n<meta name=\"author\" content=\"Flo Ostermann\" \/>\n<meta name=\"twitter:card\" content=\"summary_large_image\" \/>\n<meta name=\"twitter:title\" content=\"Transferts USAP : Tristan Labouteley va rebondir en Pro D2\" \/>\n<meta name=\"twitter:creator\" content=\"@https:\/\/twitter.com\/FlOstermann\" \/>\n<meta name=\"twitter:site\" content=\"@dicodusport\" \/>\n<script type=\"application\/ld+json\" class=\"yoast-schema-graph\">{\"@context\":\"https:\/\/schema.org\",\"@graph\":[{\"@type\":\"NewsArticle\",\"@id\":\"https:\/\/dicodusport.fr\/blog\/transferts-usap-tristan-labouteley-va-rebondir-en-pro-d2\/#article\",\"isPartOf\":{\"@id\":\"https:\/\/dicodusport.fr\/blog\/transferts-usap-tristan-labouteley-va-rebondir-en-pro-d2\/\"},\"author\":{\"name\":\"Flo Ostermann\",\"@id\":\"https:\/\/dicodusport.fr\/blog\/#\/schema\/person\/cb02af4c173ce4a653b55e9baf388d4a\"},\"headline\":\"Transferts USAP : Tristan Labouteley va rebondir en Pro D2\",\"datePublished\":\"2025-08-10T13:20:22+00:00\",\"mainEntityOfPage\":{\"@id\":\"https:\/\/dicodusport.fr\/blog\/transferts-usap-tristan-labouteley-va-rebondir-en-pro-d2\/\"},\"wordCount\":442,\"commentCount\":0,\"publisher\":{\"@id\":\"https:\/\/dicodusport.fr\/blog\/#organization\"},\"image\":{\"@id\":\"https:\/\/dicodusport.fr\/blog\/transferts-usap-tristan-labouteley-va-rebondir-en-pro-d2\/#primaryimage\"},\"thumbnailUrl\":\"https:\/\/dicodusport.fr\/blog\/wp-content\/uploads\/2025\/08\/Transferts-USAP-Tristan-Labouteley-va-rebondir-en-Pro-D2.png\",\"keywords\":[\"br\u00e8ve\",\"fc grenoble\",\"Pro D2\",\"Transferts rugby\",\"USAP\"],\"articleSection\":[\"Pro D2\"],\"inLanguage\":\"fr-FR\",\"potentialAction\":[{\"@type\":\"CommentAction\",\"name\":\"Comment\",\"target\":[\"https:\/\/dicodusport.fr\/blog\/transferts-usap-tristan-labouteley-va-rebondir-en-pro-d2\/#respond\"]}],\"copyrightYear\":\"2025\",\"copyrightHolder\":{\"@id\":\"https:\/\/dicodusport.fr\/blog\/#organization\"}},{\"@type\":\"WebPage\",\"@id\":\"https:\/\/dicodusport.fr\/blog\/transferts-usap-tristan-labouteley-va-rebondir-en-pro-d2\/\",\"url\":\"https:\/\/dicodusport.fr\/blog\/transferts-usap-tristan-labouteley-va-rebondir-en-pro-d2\/\",\"name\":\"Transferts USAP : Tristan Labouteley va rebondir en Pro D2\",\"isPartOf\":{\"@id\":\"https:\/\/dicodusport.fr\/blog\/#website\"},\"primaryImageOfPage\":{\"@id\":\"https:\/\/dicodusport.fr\/blog\/transferts-usap-tristan-labouteley-va-rebondir-en-pro-d2\/#primaryimage\"},\"image\":{\"@id\":\"https:\/\/dicodusport.fr\/blog\/transferts-usap-tristan-labouteley-va-rebondir-en-pro-d2\/#primaryimage\"},\"thumbnailUrl\":\"https:\/\/dicodusport.fr\/blog\/wp-content\/uploads\/2025\/08\/Transferts-USAP-Tristan-Labouteley-va-rebondir-en-Pro-D2.png\",\"datePublished\":\"2025-08-10T13:20:22+00:00\",\"description\":\"Selon le Midi Olympique, Tristan Labouteley rejoint Grenoble en pr\u00eat en provenance de l\u2019USAP, avec un contrat prolong\u00e9 jusqu\u2019en 2028 \u00e0 la cl\u00e9.\",\"breadcrumb\":{\"@id\":\"https:\/\/dicodusport.fr\/blog\/transferts-usap-tristan-labouteley-va-rebondir-en-pro-d2\/#breadcrumb\"},\"inLanguage\":\"fr-FR\",\"potentialAction\":[{\"@type\":\"ReadAction\",\"target\":[\"https:\/\/dicodusport.fr\/blog\/transferts-usap-tristan-labouteley-va-rebondir-en-pro-d2\/\"]}]},{\"@type\":\"ImageObject\",\"inLanguage\":\"fr-FR\",\"@id\":\"https:\/\/dicodusport.fr\/blog\/transferts-usap-tristan-labouteley-va-rebondir-en-pro-d2\/#primaryimage\",\"url\":\"https:\/\/dicodusport.fr\/blog\/wp-content\/uploads\/2025\/08\/Transferts-USAP-Tristan-Labouteley-va-rebondir-en-Pro-D2.png\",\"contentUrl\":\"https:\/\/dicodusport.fr\/blog\/wp-content\/uploads\/2025\/08\/Transferts-USAP-Tristan-Labouteley-va-rebondir-en-Pro-D2.png\",\"width\":1200,\"height\":674,\"caption\":\"Transferts USAP Tristan Labouteley va rebondir en Pro D2\"},{\"@type\":\"BreadcrumbList\",\"@id\":\"https:\/\/dicodusport.fr\/blog\/transferts-usap-tristan-labouteley-va-rebondir-en-pro-d2\/#breadcrumb\",\"itemListElement\":[{\"@type\":\"ListItem\",\"position\":1,\"name\":\"Accueil\",\"item\":\"https:\/\/dicodusport.fr\/blog\/\"},{\"@type\":\"ListItem\",\"position\":2,\"name\":\"Transferts USAP : Tristan Labouteley va rebondir en Pro D2\"}]},{\"@type\":\"WebSite\",\"@id\":\"https:\/\/dicodusport.fr\/blog\/#website\",\"url\":\"https:\/\/dicodusport.fr\/blog\/\",\"name\":\"Dicodusport\",\"description\":\"L&#039;encyclop\u00e9die de l&#039;actualit\u00e9 sportive\",\"publisher\":{\"@id\":\"https:\/\/dicodusport.fr\/blog\/#organization\"},\"potentialAction\":[{\"@type\":\"SearchAction\",\"target\":{\"@type\":\"EntryPoint\",\"urlTemplate\":\"https:\/\/dicodusport.fr\/blog\/?s={search_term_string}\"},\"query-input\":{\"@type\":\"PropertyValueSpecification\",\"valueRequired\":true,\"valueName\":\"search_term_string\"}}],\"inLanguage\":\"fr-FR\"},{\"@type\":\"NewsMediaOrganization\",\"@id\":\"https:\/\/dicodusport.fr\/blog\/#organization\",\"name\":\"Dicodusport\",\"url\":\"https:\/\/dicodusport.fr\/blog\/\",\"logo\":{\"@type\":\"ImageObject\",\"inLanguage\":\"fr-FR\",\"@id\":\"https:\/\/dicodusport.fr\/blog\/#\/schema\/logo\/image\/\",\"url\":\"https:\/\/dicodusport.fr\/blog\/wp-content\/uploads\/2020\/06\/cropped-LOGO-DICODUSPORT-2020-SANS-FOND-SANS-TEXTE.png\",\"contentUrl\":\"https:\/\/dicodusport.fr\/blog\/wp-content\/uploads\/2020\/06\/cropped-LOGO-DICODUSPORT-2020-SANS-FOND-SANS-TEXTE.png\",\"width\":512,\"height\":512,\"caption\":\"Dicodusport\"},\"image\":{\"@id\":\"https:\/\/dicodusport.fr\/blog\/#\/schema\/logo\/image\/\"},\"sameAs\":[\"https:\/\/www.facebook.com\/dicodusport\",\"https:\/\/x.com\/dicodusport\",\"https:\/\/www.instagram.com\/dicodusport\/\",\"https:\/\/www.youtube.com\/channel\/UC7V2KZ5sd3htJivAbA4ZG3w\"],\"description\":\"Dicodusport est l'encyclop\u00e9die de l'actualit\u00e9 sportive.\",\"email\":\"bonjour@dicodusport.fr\",\"legalName\":\"DICODUSPORT\",\"foundingDate\":\"2018-01-14\",\"vatID\":\"FR71834470973\",\"taxID\":\"83447097300043\",\"numberOfEmployees\":{\"@type\":\"QuantitativeValue\",\"minValue\":\"1\",\"maxValue\":\"10\"}},{\"@type\":\"Person\",\"@id\":\"https:\/\/dicodusport.fr\/blog\/#\/schema\/person\/cb02af4c173ce4a653b55e9baf388d4a\",\"name\":\"Flo Ostermann\",\"image\":{\"@type\":\"ImageObject\",\"inLanguage\":\"fr-FR\",\"@id\":\"https:\/\/dicodusport.fr\/blog\/#\/schema\/person\/image\/\",\"url\":\"https:\/\/dicodusport.fr\/blog\/wp-content\/uploads\/2021\/05\/Flo-Ostermann-150x150.jpg\",\"contentUrl\":\"https:\/\/dicodusport.fr\/blog\/wp-content\/uploads\/2021\/05\/Flo-Ostermann-150x150.jpg\",\"caption\":\"Flo Ostermann\"},\"description\":\"Journaliste\/R\u00e9dacteur depuis septembre 2015 - Mes premiers souvenirs dans le sport ? Les envol\u00e9es du Stade Toulousain et les duels Villeneuve-Schumacher et H\u00e4kkinen-Schumacher \u00e0 la fin des ann\u00e9es 90, la Coupe du monde de football en 1998, l\u2019exploit du XV de France face aux All Blacks en 1999, mais aussi Richard C\u0153ur de Lion qui vole sur les montagnes du Tour de France. Bien parti pour devenir professeur d\u2019EPS, les \u00e9v\u00e9nements de la vie (et la flemme d\u2019animer des s\u00e9ances de 3x500 m\u00e8tres toute ma vie) m\u2019ont conduit \u00e0 revoir mes plans. Me voil\u00e0 depuis fin 2017 sur Dicodusport, m\u00e9dia gr\u00e2ce (et pour) lequel je partage ma passion : le sport dans tous ses \u00e9tats. Le tout accompagn\u00e9 par les fous furieux et folles furieuses cit\u00e9s sur cette page !\",\"sameAs\":[\"https:\/\/www.facebook.com\/florent.ostermann\",\"https:\/\/x.com\/https:\/\/twitter.com\/FlOstermann\",\"admin\"],\"url\":\"https:\/\/dicodusport.fr\/blog\/author\/flo\/\"}]}<\/script>\n<!-- \/ Yoast SEO Premium plugin. -->","yoast_head_json":{"title":"Transferts USAP : Tristan Labouteley va rebondir en Pro D2","description":"Selon le Midi Olympique, Tristan Labouteley rejoint Grenoble en pr\u00eat en provenance de l\u2019USAP, avec un contrat prolong\u00e9 jusqu\u2019en 2028 \u00e0 la cl\u00e9.","robots":{"index":"index","follow":"follow","max-snippet":"max-snippet:-1","max-image-preview":"max-image-preview:large","max-video-preview":"max-video-preview:-1"},"canonical":"https:\/\/dicodusport.fr\/blog\/transferts-usap-tristan-labouteley-va-rebondir-en-pro-d2\/","og_locale":"fr_FR","og_type":"article","og_title":"Transferts USAP : Tristan Labouteley va rebondir en Pro D2","og_description":"Selon le Midi Olympique, Tristan Labouteley rejoint Grenoble en pr\u00eat en provenance de l\u2019USAP, avec un contrat prolong\u00e9 jusqu\u2019en 2028 \u00e0 la cl\u00e9.","og_url":"https:\/\/dicodusport.fr\/blog\/transferts-usap-tristan-labouteley-va-rebondir-en-pro-d2\/","og_site_name":"Dicodusport","article_publisher":"https:\/\/www.facebook.com\/dicodusport","article_author":"https:\/\/www.facebook.com\/florent.ostermann","article_published_time":"2025-08-10T13:20:22+00:00","og_image":[{"width":1200,"height":674,"url":"https:\/\/dicodusport.fr\/blog\/wp-content\/uploads\/2025\/08\/Transferts-USAP-Tristan-Labouteley-va-rebondir-en-Pro-D2.png","type":"image\/png"}],"author":"Flo Ostermann","twitter_card":"summary_large_image","twitter_title":"Transferts USAP : Tristan Labouteley va rebondir en Pro D2","twitter_creator":"@https:\/\/twitter.com\/FlOstermann","twitter_site":"@dicodusport","schema":{"@context":"https:\/\/schema.org","@graph":[{"@type":"NewsArticle","@id":"https:\/\/dicodusport.fr\/blog\/transferts-usap-tristan-labouteley-va-rebondir-en-pro-d2\/#article","isPartOf":{"@id":"https:\/\/dicodusport.fr\/blog\/transferts-usap-tristan-labouteley-va-rebondir-en-pro-d2\/"},"author":{"name":"Flo Ostermann","@id":"https:\/\/dicodusport.fr\/blog\/#\/schema\/person\/cb02af4c173ce4a653b55e9baf388d4a"},"headline":"Transferts USAP : Tristan Labouteley va rebondir en Pro D2","datePublished":"2025-08-10T13:20:22+00:00","mainEntityOfPage":{"@id":"https:\/\/dicodusport.fr\/blog\/transferts-usap-tristan-labouteley-va-rebondir-en-pro-d2\/"},"wordCount":442,"commentCount":0,"publisher":{"@id":"https:\/\/dicodusport.fr\/blog\/#organization"},"image":{"@id":"https:\/\/dicodusport.fr\/blog\/transferts-usap-tristan-labouteley-va-rebondir-en-pro-d2\/#primaryimage"},"thumbnailUrl":"https:\/\/dicodusport.fr\/blog\/wp-content\/uploads\/2025\/08\/Transferts-USAP-Tristan-Labouteley-va-rebondir-en-Pro-D2.png","keywords":["br\u00e8ve","fc grenoble","Pro D2","Transferts rugby","USAP"],"articleSection":["Pro D2"],"inLanguage":"fr-FR","potentialAction":[{"@type":"CommentAction","name":"Comment","target":["https:\/\/dicodusport.fr\/blog\/transferts-usap-tristan-labouteley-va-rebondir-en-pro-d2\/#respond"]}],"copyrightYear":"2025","copyrightHolder":{"@id":"https:\/\/dicodusport.fr\/blog\/#organization"}},{"@type":"WebPage","@id":"https:\/\/dicodusport.fr\/blog\/transferts-usap-tristan-labouteley-va-rebondir-en-pro-d2\/","url":"https:\/\/dicodusport.fr\/blog\/transferts-usap-tristan-labouteley-va-rebondir-en-pro-d2\/","name":"Transferts USAP : Tristan Labouteley va rebondir en Pro D2","isPartOf":{"@id":"https:\/\/dicodusport.fr\/blog\/#website"},"primaryImageOfPage":{"@id":"https:\/\/dicodusport.fr\/blog\/transferts-usap-tristan-labouteley-va-rebondir-en-pro-d2\/#primaryimage"},"image":{"@id":"https:\/\/dicodusport.fr\/blog\/transferts-usap-tristan-labouteley-va-rebondir-en-pro-d2\/#primaryimage"},"thumbnailUrl":"https:\/\/dicodusport.fr\/blog\/wp-content\/uploads\/2025\/08\/Transferts-USAP-Tristan-Labouteley-va-rebondir-en-Pro-D2.png","datePublished":"2025-08-10T13:20:22+00:00","description":"Selon le Midi Olympique, Tristan Labouteley rejoint Grenoble en pr\u00eat en provenance de l\u2019USAP, avec un contrat prolong\u00e9 jusqu\u2019en 2028 \u00e0 la cl\u00e9.","breadcrumb":{"@id":"https:\/\/dicodusport.fr\/blog\/transferts-usap-tristan-labouteley-va-rebondir-en-pro-d2\/#breadcrumb"},"inLanguage":"fr-FR","potentialAction":[{"@type":"ReadAction","target":["https:\/\/dicodusport.fr\/blog\/transferts-usap-tristan-labouteley-va-rebondir-en-pro-d2\/"]}]},{"@type":"ImageObject","inLanguage":"fr-FR","@id":"https:\/\/dicodusport.fr\/blog\/transferts-usap-tristan-labouteley-va-rebondir-en-pro-d2\/#primaryimage","url":"https:\/\/dicodusport.fr\/blog\/wp-content\/uploads\/2025\/08\/Transferts-USAP-Tristan-Labouteley-va-rebondir-en-Pro-D2.png","contentUrl":"https:\/\/dicodusport.fr\/blog\/wp-content\/uploads\/2025\/08\/Transferts-USAP-Tristan-Labouteley-va-rebondir-en-Pro-D2.png","width":1200,"height":674,"caption":"Transferts USAP Tristan Labouteley va rebondir en Pro D2"},{"@type":"BreadcrumbList","@id":"https:\/\/dicodusport.fr\/blog\/transferts-usap-tristan-labouteley-va-rebondir-en-pro-d2\/#breadcrumb","itemListElement":[{"@type":"ListItem","position":1,"name":"Accueil","item":"https:\/\/dicodusport.fr\/blog\/"},{"@type":"ListItem","position":2,"name":"Transferts USAP : Tristan Labouteley va rebondir en Pro D2"}]},{"@type":"WebSite","@id":"https:\/\/dicodusport.fr\/blog\/#website","url":"https:\/\/dicodusport.fr\/blog\/","name":"Dicodusport","description":"L&#039;encyclop\u00e9die de l&#039;actualit\u00e9 sportive","publisher":{"@id":"https:\/\/dicodusport.fr\/blog\/#organization"},"potentialAction":[{"@type":"SearchAction","target":{"@type":"EntryPoint","urlTemplate":"https:\/\/dicodusport.fr\/blog\/?s={search_term_string}"},"query-input":{"@type":"PropertyValueSpecification","valueRequired":true,"valueName":"search_term_string"}}],"inLanguage":"fr-FR"},{"@type":"NewsMediaOrganization","@id":"https:\/\/dicodusport.fr\/blog\/#organization","name":"Dicodusport","url":"https:\/\/dicodusport.fr\/blog\/","logo":{"@type":"ImageObject","inLanguage":"fr-FR","@id":"https:\/\/dicodusport.fr\/blog\/#\/schema\/logo\/image\/","url":"https:\/\/dicodusport.fr\/blog\/wp-content\/uploads\/2020\/06\/cropped-LOGO-DICODUSPORT-2020-SANS-FOND-SANS-TEXTE.png","contentUrl":"https:\/\/dicodusport.fr\/blog\/wp-content\/uploads\/2020\/06\/cropped-LOGO-DICODUSPORT-2020-SANS-FOND-SANS-TEXTE.png","width":512,"height":512,"caption":"Dicodusport"},"image":{"@id":"https:\/\/dicodusport.fr\/blog\/#\/schema\/logo\/image\/"},"sameAs":["https:\/\/www.facebook.com\/dicodusport","https:\/\/x.com\/dicodusport","https:\/\/www.instagram.com\/dicodusport\/","https:\/\/www.youtube.com\/channel\/UC7V2KZ5sd3htJivAbA4ZG3w"],"description":"Dicodusport est l'encyclop\u00e9die de l'actualit\u00e9 sportive.","email":"bonjour@dicodusport.fr","legalName":"DICODUSPORT","foundingDate":"2018-01-14","vatID":"FR71834470973","taxID":"83447097300043","numberOfEmployees":{"@type":"QuantitativeValue","minValue":"1","maxValue":"10"}},{"@type":"Person","@id":"https:\/\/dicodusport.fr\/blog\/#\/schema\/person\/cb02af4c173ce4a653b55e9baf388d4a","name":"Flo Ostermann","image":{"@type":"ImageObject","inLanguage":"fr-FR","@id":"https:\/\/dicodusport.fr\/blog\/#\/schema\/person\/image\/","url":"https:\/\/dicodusport.fr\/blog\/wp-content\/uploads\/2021\/05\/Flo-Ostermann-150x150.jpg","contentUrl":"https:\/\/dicodusport.fr\/blog\/wp-content\/uploads\/2021\/05\/Flo-Ostermann-150x150.jpg","caption":"Flo Ostermann"},"description":"Journaliste\/R\u00e9dacteur depuis septembre 2015 - Mes premiers souvenirs dans le sport ? Les envol\u00e9es du Stade Toulousain et les duels Villeneuve-Schumacher et H\u00e4kkinen-Schumacher \u00e0 la fin des ann\u00e9es 90, la Coupe du monde de football en 1998, l\u2019exploit du XV de France face aux All Blacks en 1999, mais aussi Richard C\u0153ur de Lion qui vole sur les montagnes du Tour de France. Bien parti pour devenir professeur d\u2019EPS, les \u00e9v\u00e9nements de la vie (et la flemme d\u2019animer des s\u00e9ances de 3x500 m\u00e8tres toute ma vie) m\u2019ont conduit \u00e0 revoir mes plans. Me voil\u00e0 depuis fin 2017 sur Dicodusport, m\u00e9dia gr\u00e2ce (et pour) lequel je partage ma passion : le sport dans tous ses \u00e9tats. Le tout accompagn\u00e9 par les fous furieux et folles furieuses cit\u00e9s sur cette page !","sameAs":["https:\/\/www.facebook.com\/florent.ostermann","https:\/\/x.com\/https:\/\/twitter.com\/FlOstermann","admin"],"url":"https:\/\/dicodusport.fr\/blog\/author\/flo\/"}]}},"_links":{"self":[{"href":"https:\/\/dicodusport.fr\/blog\/wp-json\/wp\/v2\/posts\/601778","targetHints":{"allow":["GET"]}}],"collection":[{"href":"https:\/\/dicodusport.fr\/blog\/wp-json\/wp\/v2\/posts"}],"about":[{"href":"https:\/\/dicodusport.fr\/blog\/wp-json\/wp\/v2\/types\/post"}],"author":[{"embeddable":true,"href":"https:\/\/dicodusport.fr\/blog\/wp-json\/wp\/v2\/users\/4"}],"replies":[{"embeddable":true,"href":"https:\/\/dicodusport.fr\/blog\/wp-json\/wp\/v2\/comments?post=601778"}],"version-history":[{"count":2,"href":"https:\/\/dicodusport.fr\/blog\/wp-json\/wp\/v2\/posts\/601778\/revisions"}],"predecessor-version":[{"id":601786,"href":"https:\/\/dicodusport.fr\/blog\/wp-json\/wp\/v2\/posts\/601778\/revisions\/601786"}],"wp:featuredmedia":[{"embeddable":true,"href":"https:\/\/dicodusport.fr\/blog\/wp-json\/wp\/v2\/media\/601784"}],"wp:attachment":[{"href":"https:\/\/dicodusport.fr\/blog\/wp-json\/wp\/v2\/media?parent=601778"}],"wp:term":[{"taxonomy":"category","embeddable":true,"href":"https:\/\/dicodusport.fr\/blog\/wp-json\/wp\/v2\/categories?post=601778"},{"taxonomy":"post_tag","embeddable":true,"href":"https:\/\/dicodusport.fr\/blog\/wp-json\/wp\/v2\/tags?post=601778"}],"curies":[{"name":"wp","href":"https:\/\/api.w.org\/{rel}","templated":true}]}}