{"id":601947,"date":"2025-08-11T11:36:16","date_gmt":"2025-08-11T09:36:16","guid":{"rendered":"https:\/\/dicodusport.fr\/blog\/?p=601947&#038;preview=true&#038;preview_id=601947"},"modified":"2025-08-11T20:57:22","modified_gmt":"2025-08-11T18:57:22","slug":"jeux-mondiaux-2025-estelle-gaspard-ju-jitsu-soffre-lor-en-52-kg","status":"publish","type":"post","link":"https:\/\/dicodusport.fr\/blog\/jeux-mondiaux-2025-estelle-gaspard-ju-jitsu-soffre-lor-en-52-kg\/","title":{"rendered":"Jeux Mondiaux 2025 : Estelle Gaspard (ju-jitsu) s&rsquo;offre l&rsquo;or en -52 kg !"},"content":{"rendered":"<p style=\"text-align: justify;\"><strong><em>JEUX MONDIAUX 2025 &#8211; Magnifique Estelle Gaspard, championne du monde et d\u00e9sormais m\u00e9daill\u00e9e d&rsquo;or aux Jeux Mondiaux en ju-jitsu.\u00a0\u00a0<\/em><\/strong><\/p>\n<ul style=\"text-align: justify;\">\n<li><strong>\u00c0 lire aussi \u2013\u00a0<a href=\"https:\/\/dicodusport.fr\/blog\/jeux-mondiaux-2025-calendrier-et-resultats-des-athletes-francais-engages\/\">Calendrier et r\u00e9sultats des athl\u00e8tes fran\u00e7ais engag\u00e9s aux Jeux Mondiaux<\/a><\/strong><\/li>\n<\/ul>\n<p style=\"text-align: justify;\">Hier, <strong>Farid Ben Ali<\/strong> et <strong>St\u00e9phanie Faure<\/strong> \u00e9taient all\u00e9s chercher deux m\u00e9dailles pour le premier jour de comp\u00e9tition du ju-jitsu aux Jeux Mondiaux 2025. Un tr\u00e8s bon r\u00e9sultat, mais seul l&rsquo;or manquait \u00e0 l&rsquo;appel. N\u00e9anmoins, la d\u00e9l\u00e9gation fran\u00e7aise abattait deux cartes en ce sens : <strong>Betty Bonnet<\/strong>, mais surtout <strong>Estelle Gaspard<\/strong>, <a href=\"https:\/\/dicodusport.fr\/blog\/ju-jitsu-21-titres-et-67-medailles-pour-les-bleus-toutes-categories-confondues-lors-des-mondiaux\/\">championne du monde en titre<\/a>.<\/p>\n<div class=\"vlp-link-container vlp-layout-article\"><a href=\"https:\/\/dicodusport.fr\/blog\/jeux-mondiaux-2025-farid-ben-ali-et-stephanie-faure-medailles-en-ju-jitsu\/\" class=\"vlp-link\" title=\"Jeux Mondiaux 2025 : Farid Ben Ali et St\u00e9phanie Faure m\u00e9daill\u00e9s en ju-jitsu\"><\/a><div class=\"vlp-layout-zone-side\"><div class=\"vlp-block-4 vlp-link-image\"><img loading=\"lazy\" decoding=\"async\" style=\"max-width: 792px;\" width=\"792\" height=\"445\" src=\"https:\/\/dicodusport.fr\/blog\/wp-content\/uploads\/2025\/08\/Jeux-Mondiaux-2025-Farid-Ben-Ali-et-Stephanie-Faure-medailles-en-ju-jitsu-1.png\" class=\"attachment-800x445 size-800x445\" alt=\"Jeux Mondiaux 2025 Farid Ben Ali et St\u00e9phanie Faure m\u00e9daill\u00e9s en ju-jitsu\" srcset=\"https:\/\/dicodusport.fr\/blog\/wp-content\/uploads\/2025\/08\/Jeux-Mondiaux-2025-Farid-Ben-Ali-et-Stephanie-Faure-medailles-en-ju-jitsu-1.png 1200w, https:\/\/dicodusport.fr\/blog\/wp-content\/uploads\/2025\/08\/Jeux-Mondiaux-2025-Farid-Ben-Ali-et-Stephanie-Faure-medailles-en-ju-jitsu-1-300x169.png 300w, https:\/\/dicodusport.fr\/blog\/wp-content\/uploads\/2025\/08\/Jeux-Mondiaux-2025-Farid-Ben-Ali-et-Stephanie-Faure-medailles-en-ju-jitsu-1-1024x575.png 1024w, https:\/\/dicodusport.fr\/blog\/wp-content\/uploads\/2025\/08\/Jeux-Mondiaux-2025-Farid-Ben-Ali-et-Stephanie-Faure-medailles-en-ju-jitsu-1-768x431.png 768w\" sizes=\"auto, (max-width: 792px) 100vw, 792px\" \/><\/div><\/div><div class=\"vlp-layout-zone-main\"><div class=\"vlp-block-0 vlp-link-title\">Jeux Mondiaux 2025 : Farid Ben Ali et St\u00e9phanie Faure m\u00e9daill\u00e9s en ju-jitsu<\/div><div class=\"vlp-block-1 vlp-link-summary\">JEUX MONDIAUX 2025 - Pour le premier jour de comp\u00e9tition en ju-jitsu, Farid Ben Ali a manqu\u00e9 le titre, mais repart avec de l'argent, alors que St\u00e9phanie Faure se pare elle de bronze.<\/div><div class=\"vlp-block-2 vlp-link-button\">Lire l'article<\/div><div class=\"vlp-block-3 vlp-link-url\">dicodusport.fr<\/div><\/div><\/div>\n<h2 style=\"text-align: justify;\">Le couronnement<\/h2>\n<p style=\"text-align: justify;\">La premi\u00e8re nomm\u00e9e n&rsquo;a malheureusement pas fait de vieux os. Deux combats de poule, deux d\u00e9faites s\u00e8ches, et un arr\u00eat buffet avant les demi-finales. Mais <strong>Estelle Gaspard<\/strong>, elle, a \u00e9t\u00e9 \u00e0 la hauteur de sa r\u00e9putation en remportant ses deux combats avec une belle ma\u00eetrise &#8211; dont un full ippon sur le deuxi\u00e8me, pour aller chercher une place en demi-finale. L\u00e0, face \u00e0 la Tha\u00eflandaise <strong>Nuchanat Singchalad<\/strong>, elle a remport\u00e9 un combat \u00e0 haute intensit\u00e9 d&rsquo;extr\u00eame justesse, <strong>12-11<\/strong>, pour assurer la m\u00e9daille.<\/p>\n<p style=\"text-align: justify;\">Mais il restait l&rsquo;or \u00e0 aller chercher. Et pour cela, il fallait prendre le meilleur sur <strong>Antonella Farne<\/strong>, quadruple m\u00e9daill\u00e9e mondiale. Mal partie, la Fran\u00e7aise renversait la situation et prenait les commandes du combat, mais manquait de peu de se faire soumettre au sol, ce qui provoquait l&rsquo;intervention des soigneurs. N\u00e9anmoins, elle ma\u00eetrisait la fin de combat et repoussait les derni\u00e8res tentatives pour s&rsquo;imposer 10-8. Troisi\u00e8me m\u00e9daille pour le ju-jitsu fran\u00e7ais, et celle-ci est en or !<\/p>\n<blockquote class=\"twitter-tweet\">\n<p dir=\"ltr\" lang=\"fi\">Ju-Jitsu &#8211; Fighting &#8211; 52kg Women<\/p>\n<p>\ud83e\udd47 Estelle GASPARD \ud83c\uddeb\ud83c\uddf7<br \/>\n\ud83e\udd48 Antonella FARNE \ud83c\uddee\ud83c\uddf9<br \/>\n\ud83e\udd49 Nuchanat SINGCHALAD \ud83c\uddf9\ud83c\udded<a href=\"https:\/\/twitter.com\/hashtag\/TWG2025?src=hash&amp;ref_src=twsrc%5Etfw\">#TWG2025<\/a> <a href=\"https:\/\/twitter.com\/hashtag\/WeAreTheWorldGames?src=hash&amp;ref_src=twsrc%5Etfw\">#WeAreTheWorldGames<\/a><\/p>\n<p>\u2014 The World Games (@TheWorldGames) <a href=\"https:\/\/twitter.com\/TheWorldGames\/status\/1954843176264724855?ref_src=twsrc%5Etfw\">August 11, 2025<\/a><\/p><\/blockquote>\n<p><script async src=\"https:\/\/platform.twitter.com\/widgets.js\" charset=\"utf-8\"><\/script><\/p>\n<ul style=\"text-align: justify;\">\n<li style=\"text-align: justify;\"><strong>\u00c0 lire aussi &#8211; <a href=\"https:\/\/dicodusport.fr\/blog\/tableau-des-medailles-jeux-mondiaux-2025-mis-a-jour\/\">Tableau des m\u00e9dailles Jeux Mondiaux 2025 mis \u00e0 jour<\/a><\/strong><\/li>\n<\/ul>\n<p style=\"text-align: justify;\">\n","protected":false},"excerpt":{"rendered":"<p>JEUX MONDIAUX 2025 &#8211; Magnifique Estelle Gaspard, championne du monde et d\u00e9sormais m\u00e9daill\u00e9e d&rsquo;or aux Jeux Mondiaux en ju-jitsu.\u00a0\u00a0<\/p>\n","protected":false},"author":59,"featured_media":602126,"comment_status":"open","ping_status":"closed","sticky":false,"template":"","format":"standard","meta":{"_acf_changed":false,"_daextam_enable_autolinks":"1","footnotes":""},"categories":[47033,2310],"tags":[16878,24802,24],"class_list":["post-601947","post","type-post","status-publish","format-standard","has-post-thumbnail","hentry","category-jeux-mondiaux","category-sports-de-combat","tag-breve","tag-jeux-mondiaux","tag-sport"],"acf":[],"yoast_head":"<!-- This site is optimized with the Yoast SEO Premium plugin v26.7 (Yoast SEO v26.7) - https:\/\/yoast.com\/wordpress\/plugins\/seo\/ -->\n<title>Jeux Mondiaux 2025 : Estelle Gaspard (ju-jitsu) s&#039;offre l&#039;or en -52 kg !<\/title>\n<meta name=\"description\" content=\"JEUX MONDIAUX 2025 - Magnifique Estelle Gaspard, championne du monde et d\u00e9sormais m\u00e9daill\u00e9e d&#039;or aux Jeux Mondiaux en ju-jitsu.\u00a0\u00a0\" \/>\n<meta name=\"robots\" content=\"index, follow, max-snippet:-1, max-image-preview:large, max-video-preview:-1\" \/>\n<link rel=\"canonical\" href=\"https:\/\/dicodusport.fr\/blog\/jeux-mondiaux-2025-estelle-gaspard-ju-jitsu-soffre-lor-en-52-kg\/\" \/>\n<meta property=\"og:locale\" content=\"fr_FR\" \/>\n<meta property=\"og:type\" content=\"article\" \/>\n<meta property=\"og:title\" content=\"Jeux Mondiaux 2025 : Estelle Gaspard (ju-jitsu) s&#039;offre l&#039;or en -52 kg !\" \/>\n<meta property=\"og:description\" content=\"JEUX MONDIAUX 2025 - Magnifique Estelle Gaspard, championne du monde et d\u00e9sormais m\u00e9daill\u00e9e d&#039;or aux Jeux Mondiaux en ju-jitsu.\u00a0\u00a0\" \/>\n<meta property=\"og:url\" content=\"https:\/\/dicodusport.fr\/blog\/jeux-mondiaux-2025-estelle-gaspard-ju-jitsu-soffre-lor-en-52-kg\/\" \/>\n<meta property=\"og:site_name\" content=\"Dicodusport\" \/>\n<meta property=\"article:publisher\" content=\"https:\/\/www.facebook.com\/dicodusport\" \/>\n<meta property=\"article:author\" content=\"https:\/\/www.facebook.com\/sebastien.gente\/\" \/>\n<meta property=\"article:published_time\" content=\"2025-08-11T09:36:16+00:00\" \/>\n<meta property=\"article:modified_time\" content=\"2025-08-11T18:57:22+00:00\" \/>\n<meta property=\"og:image\" content=\"https:\/\/dicodusport.fr\/blog\/wp-content\/uploads\/2025\/08\/Jeux-Mondiaux-2025-Estelle-Gaspard-ju-jitsu-soffre-lor-en-52-kg-1-1.png\" \/>\n\t<meta property=\"og:image:width\" content=\"1200\" \/>\n\t<meta property=\"og:image:height\" content=\"674\" \/>\n\t<meta property=\"og:image:type\" content=\"image\/png\" \/>\n<meta name=\"author\" content=\"S\u00e9bastien Gente\" \/>\n<meta name=\"twitter:card\" content=\"summary_large_image\" \/>\n<meta name=\"twitter:title\" content=\"Jeux Mondiaux 2025 : Estelle Gaspard (ju-jitsu) s&#039;offre l&#039;or en -52 kg !\" \/>\n<meta name=\"twitter:creator\" content=\"@https:\/\/twitter.com\/globulo24\" \/>\n<meta name=\"twitter:site\" content=\"@dicodusport\" \/>\n<script type=\"application\/ld+json\" class=\"yoast-schema-graph\">{\"@context\":\"https:\/\/schema.org\",\"@graph\":[{\"@type\":\"NewsArticle\",\"@id\":\"https:\/\/dicodusport.fr\/blog\/jeux-mondiaux-2025-estelle-gaspard-ju-jitsu-soffre-lor-en-52-kg\/#article\",\"isPartOf\":{\"@id\":\"https:\/\/dicodusport.fr\/blog\/jeux-mondiaux-2025-estelle-gaspard-ju-jitsu-soffre-lor-en-52-kg\/\"},\"author\":{\"name\":\"S\u00e9bastien Gente\",\"@id\":\"https:\/\/dicodusport.fr\/blog\/#\/schema\/person\/627966a6cde45dbd8c5e36ac85d783da\"},\"headline\":\"Jeux Mondiaux 2025 : Estelle Gaspard (ju-jitsu) s&rsquo;offre l&rsquo;or en -52 kg !\",\"datePublished\":\"2025-08-11T09:36:16+00:00\",\"dateModified\":\"2025-08-11T18:57:22+00:00\",\"mainEntityOfPage\":{\"@id\":\"https:\/\/dicodusport.fr\/blog\/jeux-mondiaux-2025-estelle-gaspard-ju-jitsu-soffre-lor-en-52-kg\/\"},\"wordCount\":417,\"commentCount\":0,\"publisher\":{\"@id\":\"https:\/\/dicodusport.fr\/blog\/#organization\"},\"image\":{\"@id\":\"https:\/\/dicodusport.fr\/blog\/jeux-mondiaux-2025-estelle-gaspard-ju-jitsu-soffre-lor-en-52-kg\/#primaryimage\"},\"thumbnailUrl\":\"https:\/\/dicodusport.fr\/blog\/wp-content\/uploads\/2025\/08\/Jeux-Mondiaux-2025-Estelle-Gaspard-ju-jitsu-soffre-lor-en-52-kg-1-1.png\",\"keywords\":[\"br\u00e8ve\",\"Jeux Mondiaux\",\"sport\"],\"articleSection\":[\"Jeux Mondiaux\",\"Sports de combat\"],\"inLanguage\":\"fr-FR\",\"potentialAction\":[{\"@type\":\"CommentAction\",\"name\":\"Comment\",\"target\":[\"https:\/\/dicodusport.fr\/blog\/jeux-mondiaux-2025-estelle-gaspard-ju-jitsu-soffre-lor-en-52-kg\/#respond\"]}],\"copyrightYear\":\"2025\",\"copyrightHolder\":{\"@id\":\"https:\/\/dicodusport.fr\/blog\/#organization\"}},{\"@type\":\"WebPage\",\"@id\":\"https:\/\/dicodusport.fr\/blog\/jeux-mondiaux-2025-estelle-gaspard-ju-jitsu-soffre-lor-en-52-kg\/\",\"url\":\"https:\/\/dicodusport.fr\/blog\/jeux-mondiaux-2025-estelle-gaspard-ju-jitsu-soffre-lor-en-52-kg\/\",\"name\":\"Jeux Mondiaux 2025 : Estelle Gaspard (ju-jitsu) s'offre l'or en -52 kg !\",\"isPartOf\":{\"@id\":\"https:\/\/dicodusport.fr\/blog\/#website\"},\"primaryImageOfPage\":{\"@id\":\"https:\/\/dicodusport.fr\/blog\/jeux-mondiaux-2025-estelle-gaspard-ju-jitsu-soffre-lor-en-52-kg\/#primaryimage\"},\"image\":{\"@id\":\"https:\/\/dicodusport.fr\/blog\/jeux-mondiaux-2025-estelle-gaspard-ju-jitsu-soffre-lor-en-52-kg\/#primaryimage\"},\"thumbnailUrl\":\"https:\/\/dicodusport.fr\/blog\/wp-content\/uploads\/2025\/08\/Jeux-Mondiaux-2025-Estelle-Gaspard-ju-jitsu-soffre-lor-en-52-kg-1-1.png\",\"datePublished\":\"2025-08-11T09:36:16+00:00\",\"dateModified\":\"2025-08-11T18:57:22+00:00\",\"description\":\"JEUX MONDIAUX 2025 - Magnifique Estelle Gaspard, championne du monde et d\u00e9sormais m\u00e9daill\u00e9e d'or aux Jeux Mondiaux en ju-jitsu.\u00a0\u00a0\",\"breadcrumb\":{\"@id\":\"https:\/\/dicodusport.fr\/blog\/jeux-mondiaux-2025-estelle-gaspard-ju-jitsu-soffre-lor-en-52-kg\/#breadcrumb\"},\"inLanguage\":\"fr-FR\",\"potentialAction\":[{\"@type\":\"ReadAction\",\"target\":[\"https:\/\/dicodusport.fr\/blog\/jeux-mondiaux-2025-estelle-gaspard-ju-jitsu-soffre-lor-en-52-kg\/\"]}]},{\"@type\":\"ImageObject\",\"inLanguage\":\"fr-FR\",\"@id\":\"https:\/\/dicodusport.fr\/blog\/jeux-mondiaux-2025-estelle-gaspard-ju-jitsu-soffre-lor-en-52-kg\/#primaryimage\",\"url\":\"https:\/\/dicodusport.fr\/blog\/wp-content\/uploads\/2025\/08\/Jeux-Mondiaux-2025-Estelle-Gaspard-ju-jitsu-soffre-lor-en-52-kg-1-1.png\",\"contentUrl\":\"https:\/\/dicodusport.fr\/blog\/wp-content\/uploads\/2025\/08\/Jeux-Mondiaux-2025-Estelle-Gaspard-ju-jitsu-soffre-lor-en-52-kg-1-1.png\",\"width\":1200,\"height\":674,\"caption\":\"Jeux Mondiaux 2025 Estelle Gaspard (ju-jitsu) s'offre l'or en -52 kg !\"},{\"@type\":\"BreadcrumbList\",\"@id\":\"https:\/\/dicodusport.fr\/blog\/jeux-mondiaux-2025-estelle-gaspard-ju-jitsu-soffre-lor-en-52-kg\/#breadcrumb\",\"itemListElement\":[{\"@type\":\"ListItem\",\"position\":1,\"name\":\"Accueil\",\"item\":\"https:\/\/dicodusport.fr\/blog\/\"},{\"@type\":\"ListItem\",\"position\":2,\"name\":\"Jeux Mondiaux 2025 : Estelle Gaspard (ju-jitsu) s&rsquo;offre l&rsquo;or en -52 kg !\"}]},{\"@type\":\"WebSite\",\"@id\":\"https:\/\/dicodusport.fr\/blog\/#website\",\"url\":\"https:\/\/dicodusport.fr\/blog\/\",\"name\":\"Dicodusport\",\"description\":\"L&#039;encyclop\u00e9die de l&#039;actualit\u00e9 sportive\",\"publisher\":{\"@id\":\"https:\/\/dicodusport.fr\/blog\/#organization\"},\"potentialAction\":[{\"@type\":\"SearchAction\",\"target\":{\"@type\":\"EntryPoint\",\"urlTemplate\":\"https:\/\/dicodusport.fr\/blog\/?s={search_term_string}\"},\"query-input\":{\"@type\":\"PropertyValueSpecification\",\"valueRequired\":true,\"valueName\":\"search_term_string\"}}],\"inLanguage\":\"fr-FR\"},{\"@type\":\"NewsMediaOrganization\",\"@id\":\"https:\/\/dicodusport.fr\/blog\/#organization\",\"name\":\"Dicodusport\",\"url\":\"https:\/\/dicodusport.fr\/blog\/\",\"logo\":{\"@type\":\"ImageObject\",\"inLanguage\":\"fr-FR\",\"@id\":\"https:\/\/dicodusport.fr\/blog\/#\/schema\/logo\/image\/\",\"url\":\"https:\/\/dicodusport.fr\/blog\/wp-content\/uploads\/2020\/06\/cropped-LOGO-DICODUSPORT-2020-SANS-FOND-SANS-TEXTE.png\",\"contentUrl\":\"https:\/\/dicodusport.fr\/blog\/wp-content\/uploads\/2020\/06\/cropped-LOGO-DICODUSPORT-2020-SANS-FOND-SANS-TEXTE.png\",\"width\":512,\"height\":512,\"caption\":\"Dicodusport\"},\"image\":{\"@id\":\"https:\/\/dicodusport.fr\/blog\/#\/schema\/logo\/image\/\"},\"sameAs\":[\"https:\/\/www.facebook.com\/dicodusport\",\"https:\/\/x.com\/dicodusport\",\"https:\/\/www.instagram.com\/dicodusport\/\",\"https:\/\/www.youtube.com\/channel\/UC7V2KZ5sd3htJivAbA4ZG3w\"],\"description\":\"Dicodusport est l'encyclop\u00e9die de l'actualit\u00e9 sportive.\",\"email\":\"bonjour@dicodusport.fr\",\"legalName\":\"DICODUSPORT\",\"foundingDate\":\"2018-01-14\",\"vatID\":\"FR71834470973\",\"taxID\":\"83447097300043\",\"numberOfEmployees\":{\"@type\":\"QuantitativeValue\",\"minValue\":\"1\",\"maxValue\":\"10\"}},{\"@type\":\"Person\",\"@id\":\"https:\/\/dicodusport.fr\/blog\/#\/schema\/person\/627966a6cde45dbd8c5e36ac85d783da\",\"name\":\"S\u00e9bastien Gente\",\"image\":{\"@type\":\"ImageObject\",\"inLanguage\":\"fr-FR\",\"@id\":\"https:\/\/dicodusport.fr\/blog\/#\/schema\/person\/image\/\",\"url\":\"https:\/\/dicodusport.fr\/blog\/wp-content\/uploads\/2021\/09\/1510990_10205810251400683_4124423575079401707_n-150x150.jpg\",\"contentUrl\":\"https:\/\/dicodusport.fr\/blog\/wp-content\/uploads\/2021\/09\/1510990_10205810251400683_4124423575079401707_n-150x150.jpg\",\"caption\":\"S\u00e9bastien Gente\"},\"description\":\"John Stockton, Gianni Bugno, Zinedine Zidane, Steffi Graf, Frode Andresen, St\u00e9phane Stoecklin, Davis Kamoga, Primoz Peterka, Werner Schlager et Aur\u00e9lien Rougerie. Point commun entre ces sportifs? Ils m'ont fait r\u00eaver et ont berc\u00e9 mon adolescence. Je suis un fondu de sports et j'essaie de retranscrire ma passion \u00e0 travers mes articles. Originaire du P\u00e9rigord, ma passion pour les Girondins, les Jaunards et les Jazzmen transpire dans mes \u00e9crits. \u00c0 Dicodusport depuis 2021, je d\u00e9niche les sports m\u00e9connus dans lesquels la France brille, et il y en a !\",\"sameAs\":[\"https:\/\/www.facebook.com\/sebastien.gente\/\",\"https:\/\/www.instagram.com\/sebgente\/\",\"https:\/\/www.linkedin.com\/in\/sbastien-gente-a29583169\/\",\"https:\/\/x.com\/https:\/\/twitter.com\/globulo24\",\"SebastienGente\"],\"worksFor\":\"S\u00e9bastien GENTE\",\"url\":\"https:\/\/dicodusport.fr\/blog\/author\/sebastiengente\/\"}]}<\/script>\n<!-- \/ Yoast SEO Premium plugin. -->","yoast_head_json":{"title":"Jeux Mondiaux 2025 : Estelle Gaspard (ju-jitsu) s'offre l'or en -52 kg !","description":"JEUX MONDIAUX 2025 - Magnifique Estelle Gaspard, championne du monde et d\u00e9sormais m\u00e9daill\u00e9e d'or aux Jeux Mondiaux en ju-jitsu.\u00a0\u00a0","robots":{"index":"index","follow":"follow","max-snippet":"max-snippet:-1","max-image-preview":"max-image-preview:large","max-video-preview":"max-video-preview:-1"},"canonical":"https:\/\/dicodusport.fr\/blog\/jeux-mondiaux-2025-estelle-gaspard-ju-jitsu-soffre-lor-en-52-kg\/","og_locale":"fr_FR","og_type":"article","og_title":"Jeux Mondiaux 2025 : Estelle Gaspard (ju-jitsu) s'offre l'or en -52 kg !","og_description":"JEUX MONDIAUX 2025 - Magnifique Estelle Gaspard, championne du monde et d\u00e9sormais m\u00e9daill\u00e9e d'or aux Jeux Mondiaux en ju-jitsu.\u00a0\u00a0","og_url":"https:\/\/dicodusport.fr\/blog\/jeux-mondiaux-2025-estelle-gaspard-ju-jitsu-soffre-lor-en-52-kg\/","og_site_name":"Dicodusport","article_publisher":"https:\/\/www.facebook.com\/dicodusport","article_author":"https:\/\/www.facebook.com\/sebastien.gente\/","article_published_time":"2025-08-11T09:36:16+00:00","article_modified_time":"2025-08-11T18:57:22+00:00","og_image":[{"width":1200,"height":674,"url":"https:\/\/dicodusport.fr\/blog\/wp-content\/uploads\/2025\/08\/Jeux-Mondiaux-2025-Estelle-Gaspard-ju-jitsu-soffre-lor-en-52-kg-1-1.png","type":"image\/png"}],"author":"S\u00e9bastien Gente","twitter_card":"summary_large_image","twitter_title":"Jeux Mondiaux 2025 : Estelle Gaspard (ju-jitsu) s'offre l'or en -52 kg !","twitter_creator":"@https:\/\/twitter.com\/globulo24","twitter_site":"@dicodusport","schema":{"@context":"https:\/\/schema.org","@graph":[{"@type":"NewsArticle","@id":"https:\/\/dicodusport.fr\/blog\/jeux-mondiaux-2025-estelle-gaspard-ju-jitsu-soffre-lor-en-52-kg\/#article","isPartOf":{"@id":"https:\/\/dicodusport.fr\/blog\/jeux-mondiaux-2025-estelle-gaspard-ju-jitsu-soffre-lor-en-52-kg\/"},"author":{"name":"S\u00e9bastien Gente","@id":"https:\/\/dicodusport.fr\/blog\/#\/schema\/person\/627966a6cde45dbd8c5e36ac85d783da"},"headline":"Jeux Mondiaux 2025 : Estelle Gaspard (ju-jitsu) s&rsquo;offre l&rsquo;or en -52 kg !","datePublished":"2025-08-11T09:36:16+00:00","dateModified":"2025-08-11T18:57:22+00:00","mainEntityOfPage":{"@id":"https:\/\/dicodusport.fr\/blog\/jeux-mondiaux-2025-estelle-gaspard-ju-jitsu-soffre-lor-en-52-kg\/"},"wordCount":417,"commentCount":0,"publisher":{"@id":"https:\/\/dicodusport.fr\/blog\/#organization"},"image":{"@id":"https:\/\/dicodusport.fr\/blog\/jeux-mondiaux-2025-estelle-gaspard-ju-jitsu-soffre-lor-en-52-kg\/#primaryimage"},"thumbnailUrl":"https:\/\/dicodusport.fr\/blog\/wp-content\/uploads\/2025\/08\/Jeux-Mondiaux-2025-Estelle-Gaspard-ju-jitsu-soffre-lor-en-52-kg-1-1.png","keywords":["br\u00e8ve","Jeux Mondiaux","sport"],"articleSection":["Jeux Mondiaux","Sports de combat"],"inLanguage":"fr-FR","potentialAction":[{"@type":"CommentAction","name":"Comment","target":["https:\/\/dicodusport.fr\/blog\/jeux-mondiaux-2025-estelle-gaspard-ju-jitsu-soffre-lor-en-52-kg\/#respond"]}],"copyrightYear":"2025","copyrightHolder":{"@id":"https:\/\/dicodusport.fr\/blog\/#organization"}},{"@type":"WebPage","@id":"https:\/\/dicodusport.fr\/blog\/jeux-mondiaux-2025-estelle-gaspard-ju-jitsu-soffre-lor-en-52-kg\/","url":"https:\/\/dicodusport.fr\/blog\/jeux-mondiaux-2025-estelle-gaspard-ju-jitsu-soffre-lor-en-52-kg\/","name":"Jeux Mondiaux 2025 : Estelle Gaspard (ju-jitsu) s'offre l'or en -52 kg !","isPartOf":{"@id":"https:\/\/dicodusport.fr\/blog\/#website"},"primaryImageOfPage":{"@id":"https:\/\/dicodusport.fr\/blog\/jeux-mondiaux-2025-estelle-gaspard-ju-jitsu-soffre-lor-en-52-kg\/#primaryimage"},"image":{"@id":"https:\/\/dicodusport.fr\/blog\/jeux-mondiaux-2025-estelle-gaspard-ju-jitsu-soffre-lor-en-52-kg\/#primaryimage"},"thumbnailUrl":"https:\/\/dicodusport.fr\/blog\/wp-content\/uploads\/2025\/08\/Jeux-Mondiaux-2025-Estelle-Gaspard-ju-jitsu-soffre-lor-en-52-kg-1-1.png","datePublished":"2025-08-11T09:36:16+00:00","dateModified":"2025-08-11T18:57:22+00:00","description":"JEUX MONDIAUX 2025 - Magnifique Estelle Gaspard, championne du monde et d\u00e9sormais m\u00e9daill\u00e9e d'or aux Jeux Mondiaux en ju-jitsu.\u00a0\u00a0","breadcrumb":{"@id":"https:\/\/dicodusport.fr\/blog\/jeux-mondiaux-2025-estelle-gaspard-ju-jitsu-soffre-lor-en-52-kg\/#breadcrumb"},"inLanguage":"fr-FR","potentialAction":[{"@type":"ReadAction","target":["https:\/\/dicodusport.fr\/blog\/jeux-mondiaux-2025-estelle-gaspard-ju-jitsu-soffre-lor-en-52-kg\/"]}]},{"@type":"ImageObject","inLanguage":"fr-FR","@id":"https:\/\/dicodusport.fr\/blog\/jeux-mondiaux-2025-estelle-gaspard-ju-jitsu-soffre-lor-en-52-kg\/#primaryimage","url":"https:\/\/dicodusport.fr\/blog\/wp-content\/uploads\/2025\/08\/Jeux-Mondiaux-2025-Estelle-Gaspard-ju-jitsu-soffre-lor-en-52-kg-1-1.png","contentUrl":"https:\/\/dicodusport.fr\/blog\/wp-content\/uploads\/2025\/08\/Jeux-Mondiaux-2025-Estelle-Gaspard-ju-jitsu-soffre-lor-en-52-kg-1-1.png","width":1200,"height":674,"caption":"Jeux Mondiaux 2025 Estelle Gaspard (ju-jitsu) s'offre l'or en -52 kg !"},{"@type":"BreadcrumbList","@id":"https:\/\/dicodusport.fr\/blog\/jeux-mondiaux-2025-estelle-gaspard-ju-jitsu-soffre-lor-en-52-kg\/#breadcrumb","itemListElement":[{"@type":"ListItem","position":1,"name":"Accueil","item":"https:\/\/dicodusport.fr\/blog\/"},{"@type":"ListItem","position":2,"name":"Jeux Mondiaux 2025 : Estelle Gaspard (ju-jitsu) s&rsquo;offre l&rsquo;or en -52 kg !"}]},{"@type":"WebSite","@id":"https:\/\/dicodusport.fr\/blog\/#website","url":"https:\/\/dicodusport.fr\/blog\/","name":"Dicodusport","description":"L&#039;encyclop\u00e9die de l&#039;actualit\u00e9 sportive","publisher":{"@id":"https:\/\/dicodusport.fr\/blog\/#organization"},"potentialAction":[{"@type":"SearchAction","target":{"@type":"EntryPoint","urlTemplate":"https:\/\/dicodusport.fr\/blog\/?s={search_term_string}"},"query-input":{"@type":"PropertyValueSpecification","valueRequired":true,"valueName":"search_term_string"}}],"inLanguage":"fr-FR"},{"@type":"NewsMediaOrganization","@id":"https:\/\/dicodusport.fr\/blog\/#organization","name":"Dicodusport","url":"https:\/\/dicodusport.fr\/blog\/","logo":{"@type":"ImageObject","inLanguage":"fr-FR","@id":"https:\/\/dicodusport.fr\/blog\/#\/schema\/logo\/image\/","url":"https:\/\/dicodusport.fr\/blog\/wp-content\/uploads\/2020\/06\/cropped-LOGO-DICODUSPORT-2020-SANS-FOND-SANS-TEXTE.png","contentUrl":"https:\/\/dicodusport.fr\/blog\/wp-content\/uploads\/2020\/06\/cropped-LOGO-DICODUSPORT-2020-SANS-FOND-SANS-TEXTE.png","width":512,"height":512,"caption":"Dicodusport"},"image":{"@id":"https:\/\/dicodusport.fr\/blog\/#\/schema\/logo\/image\/"},"sameAs":["https:\/\/www.facebook.com\/dicodusport","https:\/\/x.com\/dicodusport","https:\/\/www.instagram.com\/dicodusport\/","https:\/\/www.youtube.com\/channel\/UC7V2KZ5sd3htJivAbA4ZG3w"],"description":"Dicodusport est l'encyclop\u00e9die de l'actualit\u00e9 sportive.","email":"bonjour@dicodusport.fr","legalName":"DICODUSPORT","foundingDate":"2018-01-14","vatID":"FR71834470973","taxID":"83447097300043","numberOfEmployees":{"@type":"QuantitativeValue","minValue":"1","maxValue":"10"}},{"@type":"Person","@id":"https:\/\/dicodusport.fr\/blog\/#\/schema\/person\/627966a6cde45dbd8c5e36ac85d783da","name":"S\u00e9bastien Gente","image":{"@type":"ImageObject","inLanguage":"fr-FR","@id":"https:\/\/dicodusport.fr\/blog\/#\/schema\/person\/image\/","url":"https:\/\/dicodusport.fr\/blog\/wp-content\/uploads\/2021\/09\/1510990_10205810251400683_4124423575079401707_n-150x150.jpg","contentUrl":"https:\/\/dicodusport.fr\/blog\/wp-content\/uploads\/2021\/09\/1510990_10205810251400683_4124423575079401707_n-150x150.jpg","caption":"S\u00e9bastien Gente"},"description":"John Stockton, Gianni Bugno, Zinedine Zidane, Steffi Graf, Frode Andresen, St\u00e9phane Stoecklin, Davis Kamoga, Primoz Peterka, Werner Schlager et Aur\u00e9lien Rougerie. Point commun entre ces sportifs? Ils m'ont fait r\u00eaver et ont berc\u00e9 mon adolescence. Je suis un fondu de sports et j'essaie de retranscrire ma passion \u00e0 travers mes articles. Originaire du P\u00e9rigord, ma passion pour les Girondins, les Jaunards et les Jazzmen transpire dans mes \u00e9crits. \u00c0 Dicodusport depuis 2021, je d\u00e9niche les sports m\u00e9connus dans lesquels la France brille, et il y en a !","sameAs":["https:\/\/www.facebook.com\/sebastien.gente\/","https:\/\/www.instagram.com\/sebgente\/","https:\/\/www.linkedin.com\/in\/sbastien-gente-a29583169\/","https:\/\/x.com\/https:\/\/twitter.com\/globulo24","SebastienGente"],"worksFor":"S\u00e9bastien GENTE","url":"https:\/\/dicodusport.fr\/blog\/author\/sebastiengente\/"}]}},"_links":{"self":[{"href":"https:\/\/dicodusport.fr\/blog\/wp-json\/wp\/v2\/posts\/601947","targetHints":{"allow":["GET"]}}],"collection":[{"href":"https:\/\/dicodusport.fr\/blog\/wp-json\/wp\/v2\/posts"}],"about":[{"href":"https:\/\/dicodusport.fr\/blog\/wp-json\/wp\/v2\/types\/post"}],"author":[{"embeddable":true,"href":"https:\/\/dicodusport.fr\/blog\/wp-json\/wp\/v2\/users\/59"}],"replies":[{"embeddable":true,"href":"https:\/\/dicodusport.fr\/blog\/wp-json\/wp\/v2\/comments?post=601947"}],"version-history":[{"count":2,"href":"https:\/\/dicodusport.fr\/blog\/wp-json\/wp\/v2\/posts\/601947\/revisions"}],"predecessor-version":[{"id":602128,"href":"https:\/\/dicodusport.fr\/blog\/wp-json\/wp\/v2\/posts\/601947\/revisions\/602128"}],"wp:featuredmedia":[{"embeddable":true,"href":"https:\/\/dicodusport.fr\/blog\/wp-json\/wp\/v2\/media\/602126"}],"wp:attachment":[{"href":"https:\/\/dicodusport.fr\/blog\/wp-json\/wp\/v2\/media?parent=601947"}],"wp:term":[{"taxonomy":"category","embeddable":true,"href":"https:\/\/dicodusport.fr\/blog\/wp-json\/wp\/v2\/categories?post=601947"},{"taxonomy":"post_tag","embeddable":true,"href":"https:\/\/dicodusport.fr\/blog\/wp-json\/wp\/v2\/tags?post=601947"}],"curies":[{"name":"wp","href":"https:\/\/api.w.org\/{rel}","templated":true}]}}