{"id":602099,"date":"2025-08-28T10:01:41","date_gmt":"2025-08-28T08:01:41","guid":{"rendered":"https:\/\/dicodusport.fr\/blog\/?p=602099&#038;preview=true&#038;preview_id=602099"},"modified":"2025-08-28T10:01:31","modified_gmt":"2025-08-28T08:01:31","slug":"6eme-etape-tour-despagne-2025-parcours-detaille-et-profil","status":"publish","type":"post","link":"https:\/\/dicodusport.fr\/blog\/6eme-etape-tour-despagne-2025-parcours-detaille-et-profil\/","title":{"rendered":"6\u00e8me \u00e9tape Tour d&rsquo;Espagne 2025 : Parcours d\u00e9taill\u00e9 et profil"},"content":{"rendered":"<p style=\"text-align: justify;\"><strong><em>Retrouvez le parcours en d\u00e9tail et le profil complet de la 6\u00e8me \u00e9tape du Tour d&rsquo;Espagne 2025, qui se d\u00e9roule ce jeudi 28 ao\u00fbt 2025 entre Olot et Pal (171 km).<\/em><\/strong><\/p>\n<ul>\n<li style=\"text-align: justify;\"><strong>\u00c0 ce sujet &#8211; <a href=\"https:\/\/dicodusport.fr\/blog\/vuelta-classement-general-tour-despagne-2025-mis-a-jour\/\" rel=\"\">Vuelta : Classement g\u00e9n\u00e9ral Tour d\u2019Espagne 2025 mis \u00e0 jour<\/a><\/strong><\/li>\n<\/ul>\n<p style=\"text-align: justify;\">La <strong>6\u00e8me \u00e9tape de la Vuelta a Espa\u00f1a<\/strong> emm\u00e8nera ce jeudi 28 ao\u00fbt les coureurs sur un parcours montagneux de 171 kilom\u00e8tres \u00e0 travers les Pyr\u00e9n\u00e9es, d&rsquo;<strong>Olot<\/strong> \u00e0 <strong>Pal<\/strong>, en Andorre. Pour une premi\u00e8re vraie explication entre favoris ?<\/p>\n<h2 style=\"text-align: justify;\">Le parcours complet de la 6\u00e8me \u00e9tape du Tour d&rsquo;Espagne 2025<\/h2>\n<p style=\"text-align: justify;\">Au lendemain de <a href=\"https:\/\/dicodusport.fr\/blog\/tour-despagne-2025-la-uae-team-emirates-xrg-remporte-le-contre-la-montre-par-equipes-de-la-5eme-etape\/\">la victoire de la formation UAE Team Emirates XRG sur le contre-la-montre par \u00e9quipes<\/a>, place \u00e0 la premi\u00e8re grosse \u00e9tape de montagne sur la Vuelta. D&rsquo;abord, le d\u00e9part sera donn\u00e9 \u00e0 <strong>Olot<\/strong>, situ\u00e9e dans le nord-est de l&rsquo;Espagne, pr\u00e8s de G\u00e9rone, une ville entour\u00e9e de dizaines de volcans endormis. D\u00e8s le d\u00e9part, la route s&rsquo;\u00e9l\u00e8vera avec la premi\u00e8re ascension du jour avec la <strong>Collada de Sentigosa<\/strong>, long de 11,3 kilom\u00e8tres \u00e0 4,1 %. Les coureurs descendront pendant 17 kilom\u00e8tres vers Ripoll pour entrer dans un faux plat montant de 13 kilom\u00e8tres, puis dans le roulant <strong>Collada de Toses<\/strong> (24,8 kilom\u00e8tres \u00e0 une pente moyenne de 3,5 %).<\/p>\n<p style=\"text-align: justify;\">Au sommet, les coureurs basculeront dans une descente de 60 kilom\u00e8tres jusqu&rsquo;\u00e0 <strong>La Seu d&rsquo;Urgell<\/strong>. Peu apr\u00e8s la transition entre la descente et la mont\u00e9e, La Vuelta p\u00e9n\u00e9trera \u00e0 Andorre par un long faux plat montant de 19 kilom\u00e8tres, avec la prochaine ascension de l&rsquo;<strong>Alto de la Comella<\/strong>, longue de 4,2 kilom\u00e8tres et \u00e0 8 % de moyenne. R\u00e9cemment, lors de la Vuelta 2019, Geoffrey Bouchard a \u00e9t\u00e9 le premier \u00e0 atteindre le sommet.<\/p>\n<h3 style=\"text-align: justify;\">Pal, final explosif pour les favoris<\/h3>\n<p style=\"text-align: justify;\">En passant par <strong>La Massana<\/strong>, les coureurs atteindront enfin la derni\u00e8re ascension de la journ\u00e9e : la mont\u00e9e de <strong>Pal<\/strong> avec une longueur de 9,7 kilom\u00e8tres \u00e0 une pente moyenne de 6,4 %. Le pied sera dans la ville avec une pente plut\u00f4t douce entre 2 et 4 %. Puis, la route va devenir plus \u00e9troite avec des sections les plus raides qui se situeront \u00e0 mi-parcours avec des passages \u00e0 11 et 12 % dans une for\u00eat dense. Mais, les trois derniers kilom\u00e8tres iront decrescendo de 6 \u00e0 2 %. <strong>Igor Ant\u00f3n<\/strong> et <strong>Jos\u00e9 Mar\u00eda Jim\u00e9nez<\/strong> se sont impos\u00e9s \u00e0 <strong>Pal<\/strong>.<\/p>\n<h2 style=\"text-align: justify;\">Le profil de la 6\u00e8me \u00e9tape du Tour d&rsquo;Espagne 2025<\/h2>\n<div id=\"attachment_605818\" style=\"width: 970px\" class=\"wp-caption aligncenter\"><a href=\"https:\/\/dicodusport.fr\/blog\/wp-content\/uploads\/2025\/08\/Profil-de-la-6eme-etape-du-Tour-dEspagne-2025.png\"><img loading=\"lazy\" decoding=\"async\" aria-describedby=\"caption-attachment-605818\" class=\"size-full wp-image-605818\" src=\"https:\/\/dicodusport.fr\/blog\/wp-content\/uploads\/2025\/08\/Profil-de-la-6eme-etape-du-Tour-dEspagne-2025.png\" alt=\"Profil de la 6\u00e8me \u00e9tape du Tour d'Espagne 2025\" width=\"960\" height=\"615\" srcset=\"https:\/\/dicodusport.fr\/blog\/wp-content\/uploads\/2025\/08\/Profil-de-la-6eme-etape-du-Tour-dEspagne-2025.png 960w, https:\/\/dicodusport.fr\/blog\/wp-content\/uploads\/2025\/08\/Profil-de-la-6eme-etape-du-Tour-dEspagne-2025-300x192.png 300w, https:\/\/dicodusport.fr\/blog\/wp-content\/uploads\/2025\/08\/Profil-de-la-6eme-etape-du-Tour-dEspagne-2025-768x492.png 768w\" sizes=\"auto, (max-width: 960px) 100vw, 960px\" \/><\/a><p id=\"caption-attachment-605818\" class=\"wp-caption-text\">Profil de la 6\u00e8me \u00e9tape du Tour d&rsquo;Espagne 2025<\/p><\/div>\n<div class=\"flex items-center gap-4 py-0.5 border-b last:border-none border-gray\" style=\"text-align: justify;\">\n<hr \/>\n<\/div>\n<ul>\n<li style=\"text-align: justify;\"><strong>\u00c0 ce sujet \u2013\u00a0<a href=\"https:\/\/dicodusport.fr\/blog\/actualites\/cyclisme\/cyclisme-sur-route-2024\/\">L\u2019actualit\u00e9 du cyclisme<\/a><\/strong><\/li>\n<\/ul>\n<div class=\"vlp-link-container vlp-layout-article\"><a href=\"https:\/\/dicodusport.fr\/blog\/cyclisme-mercato-2025-2026-le-tableau-des-transferts\/\" class=\"vlp-link\" title=\"Cyclisme Mercato 2025-2026 - Le tableau des transferts\"><\/a><div class=\"vlp-layout-zone-side\"><div class=\"vlp-block-4 vlp-link-image\"><img loading=\"lazy\" decoding=\"async\" style=\"max-width: 792px;\" width=\"792\" height=\"445\" src=\"https:\/\/dicodusport.fr\/blog\/wp-content\/uploads\/2025\/02\/Cyclisme-Mercato-2025-2026-Le-tableau-des-transferts.png\" class=\"attachment-800x445 size-800x445\" alt=\"Cyclisme Mercato 2025-2026 - Le tableau des transferts\" srcset=\"https:\/\/dicodusport.fr\/blog\/wp-content\/uploads\/2025\/02\/Cyclisme-Mercato-2025-2026-Le-tableau-des-transferts.png 1200w, https:\/\/dicodusport.fr\/blog\/wp-content\/uploads\/2025\/02\/Cyclisme-Mercato-2025-2026-Le-tableau-des-transferts-300x169.png 300w, https:\/\/dicodusport.fr\/blog\/wp-content\/uploads\/2025\/02\/Cyclisme-Mercato-2025-2026-Le-tableau-des-transferts-1024x575.png 1024w, https:\/\/dicodusport.fr\/blog\/wp-content\/uploads\/2025\/02\/Cyclisme-Mercato-2025-2026-Le-tableau-des-transferts-768x431.png 768w\" sizes=\"auto, (max-width: 792px) 100vw, 792px\" \/><\/div><\/div><div class=\"vlp-layout-zone-main\"><div class=\"vlp-block-0 vlp-link-title\">Cyclisme Mercato 2025-2026 - Le tableau des transferts<\/div><div class=\"vlp-block-1 vlp-link-summary\">MERCATO CYCLISME 2025-2026 - D\u00e9couvrez les transferts officiels et les rumeurs du mercato cycliste.<\/div><div class=\"vlp-block-2 vlp-link-button\">Lire l'article<\/div><div class=\"vlp-block-3 vlp-link-url\">dicodusport.fr<\/div><\/div><\/div>\n","protected":false},"excerpt":{"rendered":"<p>Retrouvez le parcours en d\u00e9tail et le profil complet de la 6\u00e8me \u00e9tape du Tour d&rsquo;Espagne 2025, qui se d\u00e9roule ce jeudi 28 ao\u00fbt 2025 entre Olot et Pal (171 km).<\/p>\n","protected":false},"author":48,"featured_media":605820,"comment_status":"open","ping_status":"closed","sticky":false,"template":"","format":"standard","meta":{"_acf_changed":false,"_daextam_enable_autolinks":"1","footnotes":""},"categories":[47042],"tags":[16878,574,11197,1671,1670],"class_list":["post-602099","post","type-post","status-publish","format-standard","has-post-thumbnail","hentry","category-tour-d-espagne","tag-breve","tag-cyclisme","tag-cyclisme-sur-route","tag-tour-despagne","tag-vuelta"],"acf":[],"yoast_head":"<!-- This site is optimized with the Yoast SEO Premium plugin v26.7 (Yoast SEO v26.7) - https:\/\/yoast.com\/wordpress\/plugins\/seo\/ -->\n<title>6\u00e8me \u00e9tape Tour d&#039;Espagne 2025 : Parcours d\u00e9taill\u00e9 et profil<\/title>\n<meta name=\"description\" content=\"Retrouvez le parcours en d\u00e9tail et le profil complet de la 6\u00e8me \u00e9tape du Tour d&#039;Espagne 2025, qui se d\u00e9roule ce jeudi 28 ao\u00fbt 2025 entre Olot et Pal (171 km).\" \/>\n<meta name=\"robots\" content=\"index, follow, max-snippet:-1, max-image-preview:large, max-video-preview:-1\" \/>\n<link rel=\"canonical\" href=\"https:\/\/dicodusport.fr\/blog\/6eme-etape-tour-despagne-2025-parcours-detaille-et-profil\/\" \/>\n<meta property=\"og:locale\" content=\"fr_FR\" \/>\n<meta property=\"og:type\" content=\"article\" \/>\n<meta property=\"og:title\" content=\"Tour d\u2019Espagne 2025 : d\u00e9couvrez le parcours montagneux de la 6e \u00e9tape vers Pal\" \/>\n<meta property=\"og:description\" content=\"Retrouvez le parcours en d\u00e9tail et le profil complet de la 6\u00e8me \u00e9tape du Tour d&#039;Espagne 2025, qui se d\u00e9roule ce jeudi 28 ao\u00fbt 2025 entre Olot et Pal (171 km).\" \/>\n<meta property=\"og:url\" content=\"https:\/\/dicodusport.fr\/blog\/6eme-etape-tour-despagne-2025-parcours-detaille-et-profil\/\" \/>\n<meta property=\"og:site_name\" content=\"Dicodusport\" \/>\n<meta property=\"article:publisher\" content=\"https:\/\/www.facebook.com\/dicodusport\" \/>\n<meta property=\"article:author\" content=\"https:\/\/www.facebook.com\/groups\/LesRoisDuPeloton\" \/>\n<meta property=\"article:published_time\" content=\"2025-08-28T08:01:41+00:00\" \/>\n<meta property=\"og:image\" content=\"https:\/\/dicodusport.fr\/blog\/wp-content\/uploads\/2025\/08\/6eme-etape-Tour-dEspagne-2025-Parcours-detaille-et-profil.png\" \/>\n\t<meta property=\"og:image:width\" content=\"1200\" \/>\n\t<meta property=\"og:image:height\" content=\"674\" \/>\n\t<meta property=\"og:image:type\" content=\"image\/png\" \/>\n<meta name=\"author\" content=\"Emilien Descampiaux\" \/>\n<meta name=\"twitter:card\" content=\"summary_large_image\" \/>\n<meta name=\"twitter:title\" content=\"Tour d\u2019Espagne 2025 : d\u00e9couvrez le parcours montagneux de la 6e \u00e9tape vers Pal\" \/>\n<meta name=\"twitter:creator\" content=\"@https:\/\/twitter.com\/LRoisDuPeloton\" \/>\n<meta name=\"twitter:site\" content=\"@dicodusport\" \/>\n<script type=\"application\/ld+json\" class=\"yoast-schema-graph\">{\"@context\":\"https:\/\/schema.org\",\"@graph\":[{\"@type\":\"NewsArticle\",\"@id\":\"https:\/\/dicodusport.fr\/blog\/6eme-etape-tour-despagne-2025-parcours-detaille-et-profil\/#article\",\"isPartOf\":{\"@id\":\"https:\/\/dicodusport.fr\/blog\/6eme-etape-tour-despagne-2025-parcours-detaille-et-profil\/\"},\"author\":{\"name\":\"Emilien Descampiaux\",\"@id\":\"https:\/\/dicodusport.fr\/blog\/#\/schema\/person\/6db4bae06b171592211be385b32876a7\"},\"headline\":\"6\u00e8me \u00e9tape Tour d&rsquo;Espagne 2025 : Parcours d\u00e9taill\u00e9 et profil\",\"datePublished\":\"2025-08-28T08:01:41+00:00\",\"mainEntityOfPage\":{\"@id\":\"https:\/\/dicodusport.fr\/blog\/6eme-etape-tour-despagne-2025-parcours-detaille-et-profil\/\"},\"wordCount\":512,\"commentCount\":0,\"publisher\":{\"@id\":\"https:\/\/dicodusport.fr\/blog\/#organization\"},\"image\":{\"@id\":\"https:\/\/dicodusport.fr\/blog\/6eme-etape-tour-despagne-2025-parcours-detaille-et-profil\/#primaryimage\"},\"thumbnailUrl\":\"https:\/\/dicodusport.fr\/blog\/wp-content\/uploads\/2025\/08\/6eme-etape-Tour-dEspagne-2025-Parcours-detaille-et-profil.png\",\"keywords\":[\"br\u00e8ve\",\"Cyclisme\",\"Cyclisme sur route\",\"Tour d'Espagne\",\"Vuelta\"],\"articleSection\":[\"Tour d'Espagne\"],\"inLanguage\":\"fr-FR\",\"potentialAction\":[{\"@type\":\"CommentAction\",\"name\":\"Comment\",\"target\":[\"https:\/\/dicodusport.fr\/blog\/6eme-etape-tour-despagne-2025-parcours-detaille-et-profil\/#respond\"]}],\"copyrightYear\":\"2025\",\"copyrightHolder\":{\"@id\":\"https:\/\/dicodusport.fr\/blog\/#organization\"}},{\"@type\":\"WebPage\",\"@id\":\"https:\/\/dicodusport.fr\/blog\/6eme-etape-tour-despagne-2025-parcours-detaille-et-profil\/\",\"url\":\"https:\/\/dicodusport.fr\/blog\/6eme-etape-tour-despagne-2025-parcours-detaille-et-profil\/\",\"name\":\"6\u00e8me \u00e9tape Tour d'Espagne 2025 : Parcours d\u00e9taill\u00e9 et profil\",\"isPartOf\":{\"@id\":\"https:\/\/dicodusport.fr\/blog\/#website\"},\"primaryImageOfPage\":{\"@id\":\"https:\/\/dicodusport.fr\/blog\/6eme-etape-tour-despagne-2025-parcours-detaille-et-profil\/#primaryimage\"},\"image\":{\"@id\":\"https:\/\/dicodusport.fr\/blog\/6eme-etape-tour-despagne-2025-parcours-detaille-et-profil\/#primaryimage\"},\"thumbnailUrl\":\"https:\/\/dicodusport.fr\/blog\/wp-content\/uploads\/2025\/08\/6eme-etape-Tour-dEspagne-2025-Parcours-detaille-et-profil.png\",\"datePublished\":\"2025-08-28T08:01:41+00:00\",\"description\":\"Retrouvez le parcours en d\u00e9tail et le profil complet de la 6\u00e8me \u00e9tape du Tour d'Espagne 2025, qui se d\u00e9roule ce jeudi 28 ao\u00fbt 2025 entre Olot et Pal (171 km).\",\"breadcrumb\":{\"@id\":\"https:\/\/dicodusport.fr\/blog\/6eme-etape-tour-despagne-2025-parcours-detaille-et-profil\/#breadcrumb\"},\"inLanguage\":\"fr-FR\",\"potentialAction\":[{\"@type\":\"ReadAction\",\"target\":[\"https:\/\/dicodusport.fr\/blog\/6eme-etape-tour-despagne-2025-parcours-detaille-et-profil\/\"]}]},{\"@type\":\"ImageObject\",\"inLanguage\":\"fr-FR\",\"@id\":\"https:\/\/dicodusport.fr\/blog\/6eme-etape-tour-despagne-2025-parcours-detaille-et-profil\/#primaryimage\",\"url\":\"https:\/\/dicodusport.fr\/blog\/wp-content\/uploads\/2025\/08\/6eme-etape-Tour-dEspagne-2025-Parcours-detaille-et-profil.png\",\"contentUrl\":\"https:\/\/dicodusport.fr\/blog\/wp-content\/uploads\/2025\/08\/6eme-etape-Tour-dEspagne-2025-Parcours-detaille-et-profil.png\",\"width\":1200,\"height\":674,\"caption\":\"6\u00e8me \u00e9tape Tour d'Espagne 2025 Parcours d\u00e9taill\u00e9 et profil\"},{\"@type\":\"BreadcrumbList\",\"@id\":\"https:\/\/dicodusport.fr\/blog\/6eme-etape-tour-despagne-2025-parcours-detaille-et-profil\/#breadcrumb\",\"itemListElement\":[{\"@type\":\"ListItem\",\"position\":1,\"name\":\"Accueil\",\"item\":\"https:\/\/dicodusport.fr\/blog\/\"},{\"@type\":\"ListItem\",\"position\":2,\"name\":\"6\u00e8me \u00e9tape Tour d&rsquo;Espagne 2025 : Parcours d\u00e9taill\u00e9 et profil\"}]},{\"@type\":\"WebSite\",\"@id\":\"https:\/\/dicodusport.fr\/blog\/#website\",\"url\":\"https:\/\/dicodusport.fr\/blog\/\",\"name\":\"Dicodusport\",\"description\":\"L&#039;encyclop\u00e9die de l&#039;actualit\u00e9 sportive\",\"publisher\":{\"@id\":\"https:\/\/dicodusport.fr\/blog\/#organization\"},\"potentialAction\":[{\"@type\":\"SearchAction\",\"target\":{\"@type\":\"EntryPoint\",\"urlTemplate\":\"https:\/\/dicodusport.fr\/blog\/?s={search_term_string}\"},\"query-input\":{\"@type\":\"PropertyValueSpecification\",\"valueRequired\":true,\"valueName\":\"search_term_string\"}}],\"inLanguage\":\"fr-FR\"},{\"@type\":\"NewsMediaOrganization\",\"@id\":\"https:\/\/dicodusport.fr\/blog\/#organization\",\"name\":\"Dicodusport\",\"url\":\"https:\/\/dicodusport.fr\/blog\/\",\"logo\":{\"@type\":\"ImageObject\",\"inLanguage\":\"fr-FR\",\"@id\":\"https:\/\/dicodusport.fr\/blog\/#\/schema\/logo\/image\/\",\"url\":\"https:\/\/dicodusport.fr\/blog\/wp-content\/uploads\/2020\/06\/cropped-LOGO-DICODUSPORT-2020-SANS-FOND-SANS-TEXTE.png\",\"contentUrl\":\"https:\/\/dicodusport.fr\/blog\/wp-content\/uploads\/2020\/06\/cropped-LOGO-DICODUSPORT-2020-SANS-FOND-SANS-TEXTE.png\",\"width\":512,\"height\":512,\"caption\":\"Dicodusport\"},\"image\":{\"@id\":\"https:\/\/dicodusport.fr\/blog\/#\/schema\/logo\/image\/\"},\"sameAs\":[\"https:\/\/www.facebook.com\/dicodusport\",\"https:\/\/x.com\/dicodusport\",\"https:\/\/www.instagram.com\/dicodusport\/\",\"https:\/\/www.youtube.com\/channel\/UC7V2KZ5sd3htJivAbA4ZG3w\"],\"description\":\"Dicodusport est l'encyclop\u00e9die de l'actualit\u00e9 sportive.\",\"email\":\"bonjour@dicodusport.fr\",\"legalName\":\"DICODUSPORT\",\"foundingDate\":\"2018-01-14\",\"vatID\":\"FR71834470973\",\"taxID\":\"83447097300043\",\"numberOfEmployees\":{\"@type\":\"QuantitativeValue\",\"minValue\":\"1\",\"maxValue\":\"10\"}},{\"@type\":\"Person\",\"@id\":\"https:\/\/dicodusport.fr\/blog\/#\/schema\/person\/6db4bae06b171592211be385b32876a7\",\"name\":\"Emilien Descampiaux\",\"image\":{\"@type\":\"ImageObject\",\"inLanguage\":\"fr-FR\",\"@id\":\"https:\/\/dicodusport.fr\/blog\/#\/schema\/person\/image\/\",\"url\":\"https:\/\/dicodusport.fr\/blog\/wp-content\/uploads\/2021\/05\/Emilien-Descampiaux-150x150.jpg\",\"contentUrl\":\"https:\/\/dicodusport.fr\/blog\/wp-content\/uploads\/2021\/05\/Emilien-Descampiaux-150x150.jpg\",\"caption\":\"Emilien Descampiaux\"},\"description\":\"Journaliste\/r\u00e9dacteur depuis 2014 - Fan de la classe de Frank Vandenbroucke, je vis cyclisme (et de ses paysages) depuis plus de 20 ans. Je suis tr\u00e8s impliqu\u00e9 sur mes diff\u00e9rents r\u00e9seaux sociaux pour partager ma passion sur le monde et l'Histoire de la bicyclette avec ma voix sur les images en noir et blanc du succ\u00e8s de Rik Van Steenbergen lors du Ronde sur le V\u00e9lodrome de Gand.\",\"sameAs\":[\"https:\/\/www.facebook.com\/groups\/LesRoisDuPeloton\",\"https:\/\/x.com\/https:\/\/twitter.com\/LRoisDuPeloton\"],\"url\":\"https:\/\/dicodusport.fr\/blog\/author\/emiliend\/\"}]}<\/script>\n<!-- \/ Yoast SEO Premium plugin. -->","yoast_head_json":{"title":"6\u00e8me \u00e9tape Tour d'Espagne 2025 : Parcours d\u00e9taill\u00e9 et profil","description":"Retrouvez le parcours en d\u00e9tail et le profil complet de la 6\u00e8me \u00e9tape du Tour d'Espagne 2025, qui se d\u00e9roule ce jeudi 28 ao\u00fbt 2025 entre Olot et Pal (171 km).","robots":{"index":"index","follow":"follow","max-snippet":"max-snippet:-1","max-image-preview":"max-image-preview:large","max-video-preview":"max-video-preview:-1"},"canonical":"https:\/\/dicodusport.fr\/blog\/6eme-etape-tour-despagne-2025-parcours-detaille-et-profil\/","og_locale":"fr_FR","og_type":"article","og_title":"Tour d\u2019Espagne 2025 : d\u00e9couvrez le parcours montagneux de la 6e \u00e9tape vers Pal","og_description":"Retrouvez le parcours en d\u00e9tail et le profil complet de la 6\u00e8me \u00e9tape du Tour d'Espagne 2025, qui se d\u00e9roule ce jeudi 28 ao\u00fbt 2025 entre Olot et Pal (171 km).","og_url":"https:\/\/dicodusport.fr\/blog\/6eme-etape-tour-despagne-2025-parcours-detaille-et-profil\/","og_site_name":"Dicodusport","article_publisher":"https:\/\/www.facebook.com\/dicodusport","article_author":"https:\/\/www.facebook.com\/groups\/LesRoisDuPeloton","article_published_time":"2025-08-28T08:01:41+00:00","og_image":[{"width":1200,"height":674,"url":"https:\/\/dicodusport.fr\/blog\/wp-content\/uploads\/2025\/08\/6eme-etape-Tour-dEspagne-2025-Parcours-detaille-et-profil.png","type":"image\/png"}],"author":"Emilien Descampiaux","twitter_card":"summary_large_image","twitter_title":"Tour d\u2019Espagne 2025 : d\u00e9couvrez le parcours montagneux de la 6e \u00e9tape vers Pal","twitter_creator":"@https:\/\/twitter.com\/LRoisDuPeloton","twitter_site":"@dicodusport","schema":{"@context":"https:\/\/schema.org","@graph":[{"@type":"NewsArticle","@id":"https:\/\/dicodusport.fr\/blog\/6eme-etape-tour-despagne-2025-parcours-detaille-et-profil\/#article","isPartOf":{"@id":"https:\/\/dicodusport.fr\/blog\/6eme-etape-tour-despagne-2025-parcours-detaille-et-profil\/"},"author":{"name":"Emilien Descampiaux","@id":"https:\/\/dicodusport.fr\/blog\/#\/schema\/person\/6db4bae06b171592211be385b32876a7"},"headline":"6\u00e8me \u00e9tape Tour d&rsquo;Espagne 2025 : Parcours d\u00e9taill\u00e9 et profil","datePublished":"2025-08-28T08:01:41+00:00","mainEntityOfPage":{"@id":"https:\/\/dicodusport.fr\/blog\/6eme-etape-tour-despagne-2025-parcours-detaille-et-profil\/"},"wordCount":512,"commentCount":0,"publisher":{"@id":"https:\/\/dicodusport.fr\/blog\/#organization"},"image":{"@id":"https:\/\/dicodusport.fr\/blog\/6eme-etape-tour-despagne-2025-parcours-detaille-et-profil\/#primaryimage"},"thumbnailUrl":"https:\/\/dicodusport.fr\/blog\/wp-content\/uploads\/2025\/08\/6eme-etape-Tour-dEspagne-2025-Parcours-detaille-et-profil.png","keywords":["br\u00e8ve","Cyclisme","Cyclisme sur route","Tour d'Espagne","Vuelta"],"articleSection":["Tour d'Espagne"],"inLanguage":"fr-FR","potentialAction":[{"@type":"CommentAction","name":"Comment","target":["https:\/\/dicodusport.fr\/blog\/6eme-etape-tour-despagne-2025-parcours-detaille-et-profil\/#respond"]}],"copyrightYear":"2025","copyrightHolder":{"@id":"https:\/\/dicodusport.fr\/blog\/#organization"}},{"@type":"WebPage","@id":"https:\/\/dicodusport.fr\/blog\/6eme-etape-tour-despagne-2025-parcours-detaille-et-profil\/","url":"https:\/\/dicodusport.fr\/blog\/6eme-etape-tour-despagne-2025-parcours-detaille-et-profil\/","name":"6\u00e8me \u00e9tape Tour d'Espagne 2025 : Parcours d\u00e9taill\u00e9 et profil","isPartOf":{"@id":"https:\/\/dicodusport.fr\/blog\/#website"},"primaryImageOfPage":{"@id":"https:\/\/dicodusport.fr\/blog\/6eme-etape-tour-despagne-2025-parcours-detaille-et-profil\/#primaryimage"},"image":{"@id":"https:\/\/dicodusport.fr\/blog\/6eme-etape-tour-despagne-2025-parcours-detaille-et-profil\/#primaryimage"},"thumbnailUrl":"https:\/\/dicodusport.fr\/blog\/wp-content\/uploads\/2025\/08\/6eme-etape-Tour-dEspagne-2025-Parcours-detaille-et-profil.png","datePublished":"2025-08-28T08:01:41+00:00","description":"Retrouvez le parcours en d\u00e9tail et le profil complet de la 6\u00e8me \u00e9tape du Tour d'Espagne 2025, qui se d\u00e9roule ce jeudi 28 ao\u00fbt 2025 entre Olot et Pal (171 km).","breadcrumb":{"@id":"https:\/\/dicodusport.fr\/blog\/6eme-etape-tour-despagne-2025-parcours-detaille-et-profil\/#breadcrumb"},"inLanguage":"fr-FR","potentialAction":[{"@type":"ReadAction","target":["https:\/\/dicodusport.fr\/blog\/6eme-etape-tour-despagne-2025-parcours-detaille-et-profil\/"]}]},{"@type":"ImageObject","inLanguage":"fr-FR","@id":"https:\/\/dicodusport.fr\/blog\/6eme-etape-tour-despagne-2025-parcours-detaille-et-profil\/#primaryimage","url":"https:\/\/dicodusport.fr\/blog\/wp-content\/uploads\/2025\/08\/6eme-etape-Tour-dEspagne-2025-Parcours-detaille-et-profil.png","contentUrl":"https:\/\/dicodusport.fr\/blog\/wp-content\/uploads\/2025\/08\/6eme-etape-Tour-dEspagne-2025-Parcours-detaille-et-profil.png","width":1200,"height":674,"caption":"6\u00e8me \u00e9tape Tour d'Espagne 2025 Parcours d\u00e9taill\u00e9 et profil"},{"@type":"BreadcrumbList","@id":"https:\/\/dicodusport.fr\/blog\/6eme-etape-tour-despagne-2025-parcours-detaille-et-profil\/#breadcrumb","itemListElement":[{"@type":"ListItem","position":1,"name":"Accueil","item":"https:\/\/dicodusport.fr\/blog\/"},{"@type":"ListItem","position":2,"name":"6\u00e8me \u00e9tape Tour d&rsquo;Espagne 2025 : Parcours d\u00e9taill\u00e9 et profil"}]},{"@type":"WebSite","@id":"https:\/\/dicodusport.fr\/blog\/#website","url":"https:\/\/dicodusport.fr\/blog\/","name":"Dicodusport","description":"L&#039;encyclop\u00e9die de l&#039;actualit\u00e9 sportive","publisher":{"@id":"https:\/\/dicodusport.fr\/blog\/#organization"},"potentialAction":[{"@type":"SearchAction","target":{"@type":"EntryPoint","urlTemplate":"https:\/\/dicodusport.fr\/blog\/?s={search_term_string}"},"query-input":{"@type":"PropertyValueSpecification","valueRequired":true,"valueName":"search_term_string"}}],"inLanguage":"fr-FR"},{"@type":"NewsMediaOrganization","@id":"https:\/\/dicodusport.fr\/blog\/#organization","name":"Dicodusport","url":"https:\/\/dicodusport.fr\/blog\/","logo":{"@type":"ImageObject","inLanguage":"fr-FR","@id":"https:\/\/dicodusport.fr\/blog\/#\/schema\/logo\/image\/","url":"https:\/\/dicodusport.fr\/blog\/wp-content\/uploads\/2020\/06\/cropped-LOGO-DICODUSPORT-2020-SANS-FOND-SANS-TEXTE.png","contentUrl":"https:\/\/dicodusport.fr\/blog\/wp-content\/uploads\/2020\/06\/cropped-LOGO-DICODUSPORT-2020-SANS-FOND-SANS-TEXTE.png","width":512,"height":512,"caption":"Dicodusport"},"image":{"@id":"https:\/\/dicodusport.fr\/blog\/#\/schema\/logo\/image\/"},"sameAs":["https:\/\/www.facebook.com\/dicodusport","https:\/\/x.com\/dicodusport","https:\/\/www.instagram.com\/dicodusport\/","https:\/\/www.youtube.com\/channel\/UC7V2KZ5sd3htJivAbA4ZG3w"],"description":"Dicodusport est l'encyclop\u00e9die de l'actualit\u00e9 sportive.","email":"bonjour@dicodusport.fr","legalName":"DICODUSPORT","foundingDate":"2018-01-14","vatID":"FR71834470973","taxID":"83447097300043","numberOfEmployees":{"@type":"QuantitativeValue","minValue":"1","maxValue":"10"}},{"@type":"Person","@id":"https:\/\/dicodusport.fr\/blog\/#\/schema\/person\/6db4bae06b171592211be385b32876a7","name":"Emilien Descampiaux","image":{"@type":"ImageObject","inLanguage":"fr-FR","@id":"https:\/\/dicodusport.fr\/blog\/#\/schema\/person\/image\/","url":"https:\/\/dicodusport.fr\/blog\/wp-content\/uploads\/2021\/05\/Emilien-Descampiaux-150x150.jpg","contentUrl":"https:\/\/dicodusport.fr\/blog\/wp-content\/uploads\/2021\/05\/Emilien-Descampiaux-150x150.jpg","caption":"Emilien Descampiaux"},"description":"Journaliste\/r\u00e9dacteur depuis 2014 - Fan de la classe de Frank Vandenbroucke, je vis cyclisme (et de ses paysages) depuis plus de 20 ans. Je suis tr\u00e8s impliqu\u00e9 sur mes diff\u00e9rents r\u00e9seaux sociaux pour partager ma passion sur le monde et l'Histoire de la bicyclette avec ma voix sur les images en noir et blanc du succ\u00e8s de Rik Van Steenbergen lors du Ronde sur le V\u00e9lodrome de Gand.","sameAs":["https:\/\/www.facebook.com\/groups\/LesRoisDuPeloton","https:\/\/x.com\/https:\/\/twitter.com\/LRoisDuPeloton"],"url":"https:\/\/dicodusport.fr\/blog\/author\/emiliend\/"}]}},"_links":{"self":[{"href":"https:\/\/dicodusport.fr\/blog\/wp-json\/wp\/v2\/posts\/602099","targetHints":{"allow":["GET"]}}],"collection":[{"href":"https:\/\/dicodusport.fr\/blog\/wp-json\/wp\/v2\/posts"}],"about":[{"href":"https:\/\/dicodusport.fr\/blog\/wp-json\/wp\/v2\/types\/post"}],"author":[{"embeddable":true,"href":"https:\/\/dicodusport.fr\/blog\/wp-json\/wp\/v2\/users\/48"}],"replies":[{"embeddable":true,"href":"https:\/\/dicodusport.fr\/blog\/wp-json\/wp\/v2\/comments?post=602099"}],"version-history":[{"count":6,"href":"https:\/\/dicodusport.fr\/blog\/wp-json\/wp\/v2\/posts\/602099\/revisions"}],"predecessor-version":[{"id":606070,"href":"https:\/\/dicodusport.fr\/blog\/wp-json\/wp\/v2\/posts\/602099\/revisions\/606070"}],"wp:featuredmedia":[{"embeddable":true,"href":"https:\/\/dicodusport.fr\/blog\/wp-json\/wp\/v2\/media\/605820"}],"wp:attachment":[{"href":"https:\/\/dicodusport.fr\/blog\/wp-json\/wp\/v2\/media?parent=602099"}],"wp:term":[{"taxonomy":"category","embeddable":true,"href":"https:\/\/dicodusport.fr\/blog\/wp-json\/wp\/v2\/categories?post=602099"},{"taxonomy":"post_tag","embeddable":true,"href":"https:\/\/dicodusport.fr\/blog\/wp-json\/wp\/v2\/tags?post=602099"}],"curies":[{"name":"wp","href":"https:\/\/api.w.org\/{rel}","templated":true}]}}