{"id":602171,"date":"2025-08-12T10:23:21","date_gmt":"2025-08-12T08:23:21","guid":{"rendered":"https:\/\/dicodusport.fr\/blog\/?p=602171&#038;preview=true&#038;preview_id=602171"},"modified":"2025-08-12T10:23:21","modified_gmt":"2025-08-12T08:23:21","slug":"transferts-ol-nemanja-matic-proche-dun-depart","status":"publish","type":"post","link":"https:\/\/dicodusport.fr\/blog\/transferts-ol-nemanja-matic-proche-dun-depart\/","title":{"rendered":"Transferts OL : Nemanja Matic proche d&rsquo;un d\u00e9part"},"content":{"rendered":"<p style=\"text-align: justify;\"><strong><em>TRANSFERTS OL &#8211; L&rsquo;op\u00e9ration d\u00e9graissage continue \u00e0 Lyon. L&rsquo;exp\u00e9riment\u00e9 Nemanja Matic, qui n&rsquo;entre pas dans les plans de Paulo Fonseca, serait proche d&rsquo;un d\u00e9part vers le Golfe Persique.<br \/>\n<\/em><\/strong><\/p>\n<p style=\"text-align: justify;\">L&rsquo;OL continue de se s\u00e9parer de ses gros salaires. Apr\u00e8s <a href=\"https:\/\/dicodusport.fr\/blog\/transferts-ol-alexandre-lacazette-a-trouve-un-nouveau-club\/\"><strong>Alexandre Lacazette<\/strong>, parti \u00e0 Neom<\/a> (Arabie saoudite), <strong>Nemenja Matic<\/strong> et ses 400 000 euros mensuels pourraient quitter le bateau lyonnais, selon nos confr\u00e8res du <em>Progr\u00e8s<\/em>. \u00c0 37 ans, le Serbe entre dans sa derni\u00e8re ann\u00e9e de contrat. Et les dirigeants rhodaniens veulent r\u00e9duire la voilure financi\u00e8re, notamment apr\u00e8s<a href=\"https:\/\/dicodusport.fr\/blog\/ligue-1-lolympique-lyonnais-sauve-sa-tete-devant-la-dncg\/\"> le passage de <strong>John Textor<\/strong><\/a> \u00e0 la t\u00eate du club. Un d\u00e9part serait donc le bienvenu. Mais il se heurte toutefois \u00e0 quelques probl\u00e8mes.<\/p>\n<ul>\n<li style=\"text-align: justify;\"><strong>\u00c0 lire aussi &#8211; <a href=\"https:\/\/dicodusport.fr\/blog\/transferts-ol-thiago-almada-signe-a-latletico-madrid-des-zones-dombre-autour-du-transfert\/\">Transferts OL : Thiago Almada signe \u00e0 l\u2019Atl\u00e9tico Madrid, des zones d\u2019ombre autour du transfert<\/a><\/strong><\/li>\n<\/ul>\n<h2>Peu de clubs int\u00e9ress\u00e9s en cas de d\u00e9part de Matic<\/h2>\n<p style=\"text-align: justify;\">Il ne sera pas simple n\u00e9anmoins de trouver un nouveau point de chute pour <strong>Nemanja Matic<\/strong>. En effet, peu de clubs semblent int\u00e9ress\u00e9s en cas de d\u00e9part. Ce dernier n&rsquo;entre plus dans les plans de son entra\u00eeneur, <strong>Paulo Fonseca<\/strong>. Les clubs qui pourraient le faire venir sont donc en position de force en cas de n\u00e9gociation. L&rsquo;international aux 48 s\u00e9lections pourrait atterrir dans le Golfe Persique, en Arabie saoudite, sans doute un des seuls endroits o\u00f9 les clubs peuvent s&rsquo;aligner sur ses \u00e9moluments lyonnais. Le <strong>Valence FC<\/strong> avait un temps montr\u00e9 son int\u00e9r\u00eat pour le milieu gaucher, mais le salaire avait finalement refroidi les dirigeants du club espagnol. Pr\u00eat \u00e0 tout pour s&rsquo;en s\u00e9parer, l&rsquo;<strong>OL<\/strong> ne serait pas gourmand sur l&rsquo;indemnit\u00e9 de transfert. <strong>Nemanja Matic<\/strong> est actuellement le deuxi\u00e8me plus gros salaire de l&rsquo;<strong>OL<\/strong>, derri\u00e8re <strong>Corentin Tolisso<\/strong>.<\/p>\n<p style=\"text-align: justify;\">Il faudra toutefois trouver le bon club pour <strong>Nemanja Matic<\/strong> en cas de d\u00e9part. Car il est difficile sur les choix des villes. Pour souvenir, lors de son arriv\u00e9e \u00e0 Lyon, il avait pr\u00e9cipit\u00e9 <a href=\"https:\/\/dicodusport.fr\/blog\/transferts-stade-rennais-nemanja-matic-tout-proche-de-lyon\/\">son d\u00e9part de Rennes<\/a> en raison de l&rsquo;absence d&rsquo;\u00e9cole internationale pour ses enfants. Trouvera-t-il ville \u00e0 sa convenance en Arabie saoudite ? C&rsquo;est sans doute la seule solution pour s&rsquo;en s\u00e9parer. Sinon, l&rsquo;OL devrait le voir partir libre l&rsquo;\u00e9t\u00e9 prochain, ou en retraite&#8230;<\/p>\n<div class=\"vlp-link-container vlp-layout-article\"><a href=\"https:\/\/dicodusport.fr\/blog\/mercato-ol-2025-2026-le-tableau-complet-des-transferts-arrivees-et-departs\/\" class=\"vlp-link\" title=\"Mercato OL 2025-2026 : Le tableau complet des transferts, arriv\u00e9es et d\u00e9parts\"><\/a><div class=\"vlp-layout-zone-side\"><div class=\"vlp-block-4 vlp-link-image\"><img loading=\"lazy\" decoding=\"async\" style=\"max-width: 792px;\" width=\"792\" height=\"445\" src=\"https:\/\/dicodusport.fr\/blog\/wp-content\/uploads\/2025\/05\/Mercato-OL-2025-2026-Le-tableau-complet-des-transferts-arrivees-et-departs.png\" class=\"attachment-800x445 size-800x445\" alt=\"Mercato OL 2025-2026 Le tableau complet des transferts, arriv\u00e9es et d\u00e9parts\" srcset=\"https:\/\/dicodusport.fr\/blog\/wp-content\/uploads\/2025\/05\/Mercato-OL-2025-2026-Le-tableau-complet-des-transferts-arrivees-et-departs.png 1200w, https:\/\/dicodusport.fr\/blog\/wp-content\/uploads\/2025\/05\/Mercato-OL-2025-2026-Le-tableau-complet-des-transferts-arrivees-et-departs-300x169.png 300w, https:\/\/dicodusport.fr\/blog\/wp-content\/uploads\/2025\/05\/Mercato-OL-2025-2026-Le-tableau-complet-des-transferts-arrivees-et-departs-1024x575.png 1024w, https:\/\/dicodusport.fr\/blog\/wp-content\/uploads\/2025\/05\/Mercato-OL-2025-2026-Le-tableau-complet-des-transferts-arrivees-et-departs-768x431.png 768w\" sizes=\"auto, (max-width: 792px) 100vw, 792px\" \/><\/div><\/div><div class=\"vlp-layout-zone-main\"><div class=\"vlp-block-0 vlp-link-title\">Mercato OL 2025-2026 : Le tableau complet des transferts, arriv\u00e9es et d\u00e9parts<\/div><div class=\"vlp-block-1 vlp-link-summary\">TRANSFERTS OL - Retrouvez tous les mouvements de l'Olympique Lyonnais pour l'intersaison 2025 en Ligue 1. Arriv\u00e9es, d\u00e9part, pr\u00eats, transferts d\u00e9finitifs, ne ratez rien du mercato estival.\u00a0<\/div><div class=\"vlp-block-2 vlp-link-button\">Lire l'article<\/div><div class=\"vlp-block-3 vlp-link-url\">dicodusport.fr<\/div><\/div><\/div>\n","protected":false},"excerpt":{"rendered":"<p>L&rsquo;op\u00e9ration d\u00e9graissage continue \u00e0 Lyon. L&rsquo;exp\u00e9riment\u00e9 Nemanja Matic, qui n&rsquo;entre pas dans les plans de Paulo Fonseca, serait proche d&rsquo;un d\u00e9part vers le Golfe Persique.<\/p>\n","protected":false},"author":88,"featured_media":602188,"comment_status":"open","ping_status":"closed","sticky":false,"template":"","format":"standard","meta":{"_acf_changed":false,"_daextam_enable_autolinks":"1","footnotes":""},"categories":[47045],"tags":[16878,1146,43686],"class_list":["post-602171","post","type-post","status-publish","format-standard","has-post-thumbnail","hentry","category-ligue-1","tag-breve","tag-olympique-lyonnais","tag-transferts-ol"],"acf":[],"yoast_head":"<!-- This site is optimized with the Yoast SEO Premium plugin v26.7 (Yoast SEO v26.7) - https:\/\/yoast.com\/wordpress\/plugins\/seo\/ -->\n<title>Transferts OL : Nemanja Matic proche d&#039;un d\u00e9part<\/title>\n<meta name=\"description\" content=\"TRANSFERTS OL - L&#039;op\u00e9ration d\u00e9graissage continue \u00e0 Lyon. L&#039;exp\u00e9riment\u00e9 Nemanja Matic, qui n&#039;entre pas dans les plans de Paulo Fonseca, serait proche d&#039;un d\u00e9part vers le Golfe Persique.\" \/>\n<meta name=\"robots\" content=\"index, follow, max-snippet:-1, max-image-preview:large, max-video-preview:-1\" \/>\n<link rel=\"canonical\" href=\"https:\/\/dicodusport.fr\/blog\/transferts-ol-nemanja-matic-proche-dun-depart\/\" \/>\n<meta property=\"og:locale\" content=\"fr_FR\" \/>\n<meta property=\"og:type\" content=\"article\" \/>\n<meta property=\"og:title\" content=\"Transferts OL : Nemanja Matic proche d&#039;un d\u00e9part\" \/>\n<meta property=\"og:description\" content=\"TRANSFERTS OL - L&#039;op\u00e9ration d\u00e9graissage continue \u00e0 Lyon. L&#039;exp\u00e9riment\u00e9 Nemanja Matic, qui n&#039;entre pas dans les plans de Paulo Fonseca, serait proche d&#039;un d\u00e9part vers le Golfe Persique.\" \/>\n<meta property=\"og:url\" content=\"https:\/\/dicodusport.fr\/blog\/transferts-ol-nemanja-matic-proche-dun-depart\/\" \/>\n<meta property=\"og:site_name\" content=\"Dicodusport\" \/>\n<meta property=\"article:publisher\" content=\"https:\/\/www.facebook.com\/dicodusport\" \/>\n<meta property=\"article:published_time\" content=\"2025-08-12T08:23:21+00:00\" \/>\n<meta property=\"og:image\" content=\"https:\/\/dicodusport.fr\/blog\/wp-content\/uploads\/2025\/08\/Transferts-OL-Nemanja-Matic-proche-dun-depart.png\" \/>\n\t<meta property=\"og:image:width\" content=\"1200\" \/>\n\t<meta property=\"og:image:height\" content=\"674\" \/>\n\t<meta property=\"og:image:type\" content=\"image\/png\" \/>\n<meta name=\"author\" content=\"Paul Lalevee\" \/>\n<meta name=\"twitter:card\" content=\"summary_large_image\" \/>\n<meta name=\"twitter:title\" content=\"Transferts OL : Nemanja Matic proche d&#039;un d\u00e9part\" \/>\n<meta name=\"twitter:creator\" content=\"@dicodusport\" \/>\n<meta name=\"twitter:site\" content=\"@dicodusport\" \/>\n<script type=\"application\/ld+json\" class=\"yoast-schema-graph\">{\"@context\":\"https:\/\/schema.org\",\"@graph\":[{\"@type\":\"NewsArticle\",\"@id\":\"https:\/\/dicodusport.fr\/blog\/transferts-ol-nemanja-matic-proche-dun-depart\/#article\",\"isPartOf\":{\"@id\":\"https:\/\/dicodusport.fr\/blog\/transferts-ol-nemanja-matic-proche-dun-depart\/\"},\"author\":{\"name\":\"Paul Lalevee\",\"@id\":\"https:\/\/dicodusport.fr\/blog\/#\/schema\/person\/1eaa63dfac40b5e5c47f03a71920c1cd\"},\"headline\":\"Transferts OL : Nemanja Matic proche d&rsquo;un d\u00e9part\",\"datePublished\":\"2025-08-12T08:23:21+00:00\",\"mainEntityOfPage\":{\"@id\":\"https:\/\/dicodusport.fr\/blog\/transferts-ol-nemanja-matic-proche-dun-depart\/\"},\"wordCount\":493,\"commentCount\":0,\"publisher\":{\"@id\":\"https:\/\/dicodusport.fr\/blog\/#organization\"},\"image\":{\"@id\":\"https:\/\/dicodusport.fr\/blog\/transferts-ol-nemanja-matic-proche-dun-depart\/#primaryimage\"},\"thumbnailUrl\":\"https:\/\/dicodusport.fr\/blog\/wp-content\/uploads\/2025\/08\/Transferts-OL-Nemanja-Matic-proche-dun-depart.png\",\"keywords\":[\"br\u00e8ve\",\"Olympique lyonnais\",\"Transferts OL\"],\"articleSection\":[\"Ligue 1\"],\"inLanguage\":\"fr-FR\",\"potentialAction\":[{\"@type\":\"CommentAction\",\"name\":\"Comment\",\"target\":[\"https:\/\/dicodusport.fr\/blog\/transferts-ol-nemanja-matic-proche-dun-depart\/#respond\"]}],\"copyrightYear\":\"2025\",\"copyrightHolder\":{\"@id\":\"https:\/\/dicodusport.fr\/blog\/#organization\"}},{\"@type\":\"WebPage\",\"@id\":\"https:\/\/dicodusport.fr\/blog\/transferts-ol-nemanja-matic-proche-dun-depart\/\",\"url\":\"https:\/\/dicodusport.fr\/blog\/transferts-ol-nemanja-matic-proche-dun-depart\/\",\"name\":\"Transferts OL : Nemanja Matic proche d'un d\u00e9part\",\"isPartOf\":{\"@id\":\"https:\/\/dicodusport.fr\/blog\/#website\"},\"primaryImageOfPage\":{\"@id\":\"https:\/\/dicodusport.fr\/blog\/transferts-ol-nemanja-matic-proche-dun-depart\/#primaryimage\"},\"image\":{\"@id\":\"https:\/\/dicodusport.fr\/blog\/transferts-ol-nemanja-matic-proche-dun-depart\/#primaryimage\"},\"thumbnailUrl\":\"https:\/\/dicodusport.fr\/blog\/wp-content\/uploads\/2025\/08\/Transferts-OL-Nemanja-Matic-proche-dun-depart.png\",\"datePublished\":\"2025-08-12T08:23:21+00:00\",\"description\":\"TRANSFERTS OL - L'op\u00e9ration d\u00e9graissage continue \u00e0 Lyon. L'exp\u00e9riment\u00e9 Nemanja Matic, qui n'entre pas dans les plans de Paulo Fonseca, serait proche d'un d\u00e9part vers le Golfe Persique.\",\"breadcrumb\":{\"@id\":\"https:\/\/dicodusport.fr\/blog\/transferts-ol-nemanja-matic-proche-dun-depart\/#breadcrumb\"},\"inLanguage\":\"fr-FR\",\"potentialAction\":[{\"@type\":\"ReadAction\",\"target\":[\"https:\/\/dicodusport.fr\/blog\/transferts-ol-nemanja-matic-proche-dun-depart\/\"]}]},{\"@type\":\"ImageObject\",\"inLanguage\":\"fr-FR\",\"@id\":\"https:\/\/dicodusport.fr\/blog\/transferts-ol-nemanja-matic-proche-dun-depart\/#primaryimage\",\"url\":\"https:\/\/dicodusport.fr\/blog\/wp-content\/uploads\/2025\/08\/Transferts-OL-Nemanja-Matic-proche-dun-depart.png\",\"contentUrl\":\"https:\/\/dicodusport.fr\/blog\/wp-content\/uploads\/2025\/08\/Transferts-OL-Nemanja-Matic-proche-dun-depart.png\",\"width\":1200,\"height\":674,\"caption\":\"Transferts OL Nemanja Matic proche d'un d\u00e9part\"},{\"@type\":\"BreadcrumbList\",\"@id\":\"https:\/\/dicodusport.fr\/blog\/transferts-ol-nemanja-matic-proche-dun-depart\/#breadcrumb\",\"itemListElement\":[{\"@type\":\"ListItem\",\"position\":1,\"name\":\"Accueil\",\"item\":\"https:\/\/dicodusport.fr\/blog\/\"},{\"@type\":\"ListItem\",\"position\":2,\"name\":\"Transferts OL : Nemanja Matic proche d&rsquo;un d\u00e9part\"}]},{\"@type\":\"WebSite\",\"@id\":\"https:\/\/dicodusport.fr\/blog\/#website\",\"url\":\"https:\/\/dicodusport.fr\/blog\/\",\"name\":\"Dicodusport\",\"description\":\"L&#039;encyclop\u00e9die de l&#039;actualit\u00e9 sportive\",\"publisher\":{\"@id\":\"https:\/\/dicodusport.fr\/blog\/#organization\"},\"potentialAction\":[{\"@type\":\"SearchAction\",\"target\":{\"@type\":\"EntryPoint\",\"urlTemplate\":\"https:\/\/dicodusport.fr\/blog\/?s={search_term_string}\"},\"query-input\":{\"@type\":\"PropertyValueSpecification\",\"valueRequired\":true,\"valueName\":\"search_term_string\"}}],\"inLanguage\":\"fr-FR\"},{\"@type\":\"NewsMediaOrganization\",\"@id\":\"https:\/\/dicodusport.fr\/blog\/#organization\",\"name\":\"Dicodusport\",\"url\":\"https:\/\/dicodusport.fr\/blog\/\",\"logo\":{\"@type\":\"ImageObject\",\"inLanguage\":\"fr-FR\",\"@id\":\"https:\/\/dicodusport.fr\/blog\/#\/schema\/logo\/image\/\",\"url\":\"https:\/\/dicodusport.fr\/blog\/wp-content\/uploads\/2020\/06\/cropped-LOGO-DICODUSPORT-2020-SANS-FOND-SANS-TEXTE.png\",\"contentUrl\":\"https:\/\/dicodusport.fr\/blog\/wp-content\/uploads\/2020\/06\/cropped-LOGO-DICODUSPORT-2020-SANS-FOND-SANS-TEXTE.png\",\"width\":512,\"height\":512,\"caption\":\"Dicodusport\"},\"image\":{\"@id\":\"https:\/\/dicodusport.fr\/blog\/#\/schema\/logo\/image\/\"},\"sameAs\":[\"https:\/\/www.facebook.com\/dicodusport\",\"https:\/\/x.com\/dicodusport\",\"https:\/\/www.instagram.com\/dicodusport\/\",\"https:\/\/www.youtube.com\/channel\/UC7V2KZ5sd3htJivAbA4ZG3w\"],\"description\":\"Dicodusport est l'encyclop\u00e9die de l'actualit\u00e9 sportive.\",\"email\":\"bonjour@dicodusport.fr\",\"legalName\":\"DICODUSPORT\",\"foundingDate\":\"2018-01-14\",\"vatID\":\"FR71834470973\",\"taxID\":\"83447097300043\",\"numberOfEmployees\":{\"@type\":\"QuantitativeValue\",\"minValue\":\"1\",\"maxValue\":\"10\"}},{\"@type\":\"Person\",\"@id\":\"https:\/\/dicodusport.fr\/blog\/#\/schema\/person\/1eaa63dfac40b5e5c47f03a71920c1cd\",\"name\":\"Paul Lalevee\",\"image\":{\"@type\":\"ImageObject\",\"inLanguage\":\"fr-FR\",\"@id\":\"https:\/\/dicodusport.fr\/blog\/#\/schema\/person\/image\/\",\"url\":\"https:\/\/dicodusport.fr\/blog\/wp-content\/uploads\/2023\/10\/291154246_1690604071293245_3118259335115946499_n-150x150.jpg\",\"contentUrl\":\"https:\/\/dicodusport.fr\/blog\/wp-content\/uploads\/2023\/10\/291154246_1690604071293245_3118259335115946499_n-150x150.jpg\",\"caption\":\"Paul Lalevee\"},\"description\":\"La bulle Disney pendant le Covid, le Tour 2019, la Coupe du monde 2018. Ces trois \u00e9v\u00e9nements majeurs sont ancr\u00e9s dans ma t\u00eate de fan de sport, n\u00e9gativement ou positivement. Passionn\u00e9 de sport depuis l'enfance, j'ai d\u00e9cid\u00e9 de mettre ma passion de l'\u00e9criture au service de cette premi\u00e8re passion.\",\"url\":\"https:\/\/dicodusport.fr\/blog\/author\/paul-lalevee\/\"}]}<\/script>\n<!-- \/ Yoast SEO Premium plugin. -->","yoast_head_json":{"title":"Transferts OL : Nemanja Matic proche d'un d\u00e9part","description":"TRANSFERTS OL - L'op\u00e9ration d\u00e9graissage continue \u00e0 Lyon. L'exp\u00e9riment\u00e9 Nemanja Matic, qui n'entre pas dans les plans de Paulo Fonseca, serait proche d'un d\u00e9part vers le Golfe Persique.","robots":{"index":"index","follow":"follow","max-snippet":"max-snippet:-1","max-image-preview":"max-image-preview:large","max-video-preview":"max-video-preview:-1"},"canonical":"https:\/\/dicodusport.fr\/blog\/transferts-ol-nemanja-matic-proche-dun-depart\/","og_locale":"fr_FR","og_type":"article","og_title":"Transferts OL : Nemanja Matic proche d'un d\u00e9part","og_description":"TRANSFERTS OL - L'op\u00e9ration d\u00e9graissage continue \u00e0 Lyon. L'exp\u00e9riment\u00e9 Nemanja Matic, qui n'entre pas dans les plans de Paulo Fonseca, serait proche d'un d\u00e9part vers le Golfe Persique.","og_url":"https:\/\/dicodusport.fr\/blog\/transferts-ol-nemanja-matic-proche-dun-depart\/","og_site_name":"Dicodusport","article_publisher":"https:\/\/www.facebook.com\/dicodusport","article_published_time":"2025-08-12T08:23:21+00:00","og_image":[{"width":1200,"height":674,"url":"https:\/\/dicodusport.fr\/blog\/wp-content\/uploads\/2025\/08\/Transferts-OL-Nemanja-Matic-proche-dun-depart.png","type":"image\/png"}],"author":"Paul Lalevee","twitter_card":"summary_large_image","twitter_title":"Transferts OL : Nemanja Matic proche d'un d\u00e9part","twitter_creator":"@dicodusport","twitter_site":"@dicodusport","schema":{"@context":"https:\/\/schema.org","@graph":[{"@type":"NewsArticle","@id":"https:\/\/dicodusport.fr\/blog\/transferts-ol-nemanja-matic-proche-dun-depart\/#article","isPartOf":{"@id":"https:\/\/dicodusport.fr\/blog\/transferts-ol-nemanja-matic-proche-dun-depart\/"},"author":{"name":"Paul Lalevee","@id":"https:\/\/dicodusport.fr\/blog\/#\/schema\/person\/1eaa63dfac40b5e5c47f03a71920c1cd"},"headline":"Transferts OL : Nemanja Matic proche d&rsquo;un d\u00e9part","datePublished":"2025-08-12T08:23:21+00:00","mainEntityOfPage":{"@id":"https:\/\/dicodusport.fr\/blog\/transferts-ol-nemanja-matic-proche-dun-depart\/"},"wordCount":493,"commentCount":0,"publisher":{"@id":"https:\/\/dicodusport.fr\/blog\/#organization"},"image":{"@id":"https:\/\/dicodusport.fr\/blog\/transferts-ol-nemanja-matic-proche-dun-depart\/#primaryimage"},"thumbnailUrl":"https:\/\/dicodusport.fr\/blog\/wp-content\/uploads\/2025\/08\/Transferts-OL-Nemanja-Matic-proche-dun-depart.png","keywords":["br\u00e8ve","Olympique lyonnais","Transferts OL"],"articleSection":["Ligue 1"],"inLanguage":"fr-FR","potentialAction":[{"@type":"CommentAction","name":"Comment","target":["https:\/\/dicodusport.fr\/blog\/transferts-ol-nemanja-matic-proche-dun-depart\/#respond"]}],"copyrightYear":"2025","copyrightHolder":{"@id":"https:\/\/dicodusport.fr\/blog\/#organization"}},{"@type":"WebPage","@id":"https:\/\/dicodusport.fr\/blog\/transferts-ol-nemanja-matic-proche-dun-depart\/","url":"https:\/\/dicodusport.fr\/blog\/transferts-ol-nemanja-matic-proche-dun-depart\/","name":"Transferts OL : Nemanja Matic proche d'un d\u00e9part","isPartOf":{"@id":"https:\/\/dicodusport.fr\/blog\/#website"},"primaryImageOfPage":{"@id":"https:\/\/dicodusport.fr\/blog\/transferts-ol-nemanja-matic-proche-dun-depart\/#primaryimage"},"image":{"@id":"https:\/\/dicodusport.fr\/blog\/transferts-ol-nemanja-matic-proche-dun-depart\/#primaryimage"},"thumbnailUrl":"https:\/\/dicodusport.fr\/blog\/wp-content\/uploads\/2025\/08\/Transferts-OL-Nemanja-Matic-proche-dun-depart.png","datePublished":"2025-08-12T08:23:21+00:00","description":"TRANSFERTS OL - L'op\u00e9ration d\u00e9graissage continue \u00e0 Lyon. L'exp\u00e9riment\u00e9 Nemanja Matic, qui n'entre pas dans les plans de Paulo Fonseca, serait proche d'un d\u00e9part vers le Golfe Persique.","breadcrumb":{"@id":"https:\/\/dicodusport.fr\/blog\/transferts-ol-nemanja-matic-proche-dun-depart\/#breadcrumb"},"inLanguage":"fr-FR","potentialAction":[{"@type":"ReadAction","target":["https:\/\/dicodusport.fr\/blog\/transferts-ol-nemanja-matic-proche-dun-depart\/"]}]},{"@type":"ImageObject","inLanguage":"fr-FR","@id":"https:\/\/dicodusport.fr\/blog\/transferts-ol-nemanja-matic-proche-dun-depart\/#primaryimage","url":"https:\/\/dicodusport.fr\/blog\/wp-content\/uploads\/2025\/08\/Transferts-OL-Nemanja-Matic-proche-dun-depart.png","contentUrl":"https:\/\/dicodusport.fr\/blog\/wp-content\/uploads\/2025\/08\/Transferts-OL-Nemanja-Matic-proche-dun-depart.png","width":1200,"height":674,"caption":"Transferts OL Nemanja Matic proche d'un d\u00e9part"},{"@type":"BreadcrumbList","@id":"https:\/\/dicodusport.fr\/blog\/transferts-ol-nemanja-matic-proche-dun-depart\/#breadcrumb","itemListElement":[{"@type":"ListItem","position":1,"name":"Accueil","item":"https:\/\/dicodusport.fr\/blog\/"},{"@type":"ListItem","position":2,"name":"Transferts OL : Nemanja Matic proche d&rsquo;un d\u00e9part"}]},{"@type":"WebSite","@id":"https:\/\/dicodusport.fr\/blog\/#website","url":"https:\/\/dicodusport.fr\/blog\/","name":"Dicodusport","description":"L&#039;encyclop\u00e9die de l&#039;actualit\u00e9 sportive","publisher":{"@id":"https:\/\/dicodusport.fr\/blog\/#organization"},"potentialAction":[{"@type":"SearchAction","target":{"@type":"EntryPoint","urlTemplate":"https:\/\/dicodusport.fr\/blog\/?s={search_term_string}"},"query-input":{"@type":"PropertyValueSpecification","valueRequired":true,"valueName":"search_term_string"}}],"inLanguage":"fr-FR"},{"@type":"NewsMediaOrganization","@id":"https:\/\/dicodusport.fr\/blog\/#organization","name":"Dicodusport","url":"https:\/\/dicodusport.fr\/blog\/","logo":{"@type":"ImageObject","inLanguage":"fr-FR","@id":"https:\/\/dicodusport.fr\/blog\/#\/schema\/logo\/image\/","url":"https:\/\/dicodusport.fr\/blog\/wp-content\/uploads\/2020\/06\/cropped-LOGO-DICODUSPORT-2020-SANS-FOND-SANS-TEXTE.png","contentUrl":"https:\/\/dicodusport.fr\/blog\/wp-content\/uploads\/2020\/06\/cropped-LOGO-DICODUSPORT-2020-SANS-FOND-SANS-TEXTE.png","width":512,"height":512,"caption":"Dicodusport"},"image":{"@id":"https:\/\/dicodusport.fr\/blog\/#\/schema\/logo\/image\/"},"sameAs":["https:\/\/www.facebook.com\/dicodusport","https:\/\/x.com\/dicodusport","https:\/\/www.instagram.com\/dicodusport\/","https:\/\/www.youtube.com\/channel\/UC7V2KZ5sd3htJivAbA4ZG3w"],"description":"Dicodusport est l'encyclop\u00e9die de l'actualit\u00e9 sportive.","email":"bonjour@dicodusport.fr","legalName":"DICODUSPORT","foundingDate":"2018-01-14","vatID":"FR71834470973","taxID":"83447097300043","numberOfEmployees":{"@type":"QuantitativeValue","minValue":"1","maxValue":"10"}},{"@type":"Person","@id":"https:\/\/dicodusport.fr\/blog\/#\/schema\/person\/1eaa63dfac40b5e5c47f03a71920c1cd","name":"Paul Lalevee","image":{"@type":"ImageObject","inLanguage":"fr-FR","@id":"https:\/\/dicodusport.fr\/blog\/#\/schema\/person\/image\/","url":"https:\/\/dicodusport.fr\/blog\/wp-content\/uploads\/2023\/10\/291154246_1690604071293245_3118259335115946499_n-150x150.jpg","contentUrl":"https:\/\/dicodusport.fr\/blog\/wp-content\/uploads\/2023\/10\/291154246_1690604071293245_3118259335115946499_n-150x150.jpg","caption":"Paul Lalevee"},"description":"La bulle Disney pendant le Covid, le Tour 2019, la Coupe du monde 2018. Ces trois \u00e9v\u00e9nements majeurs sont ancr\u00e9s dans ma t\u00eate de fan de sport, n\u00e9gativement ou positivement. Passionn\u00e9 de sport depuis l'enfance, j'ai d\u00e9cid\u00e9 de mettre ma passion de l'\u00e9criture au service de cette premi\u00e8re passion.","url":"https:\/\/dicodusport.fr\/blog\/author\/paul-lalevee\/"}]}},"_links":{"self":[{"href":"https:\/\/dicodusport.fr\/blog\/wp-json\/wp\/v2\/posts\/602171","targetHints":{"allow":["GET"]}}],"collection":[{"href":"https:\/\/dicodusport.fr\/blog\/wp-json\/wp\/v2\/posts"}],"about":[{"href":"https:\/\/dicodusport.fr\/blog\/wp-json\/wp\/v2\/types\/post"}],"author":[{"embeddable":true,"href":"https:\/\/dicodusport.fr\/blog\/wp-json\/wp\/v2\/users\/88"}],"replies":[{"embeddable":true,"href":"https:\/\/dicodusport.fr\/blog\/wp-json\/wp\/v2\/comments?post=602171"}],"version-history":[{"count":3,"href":"https:\/\/dicodusport.fr\/blog\/wp-json\/wp\/v2\/posts\/602171\/revisions"}],"predecessor-version":[{"id":602189,"href":"https:\/\/dicodusport.fr\/blog\/wp-json\/wp\/v2\/posts\/602171\/revisions\/602189"}],"wp:featuredmedia":[{"embeddable":true,"href":"https:\/\/dicodusport.fr\/blog\/wp-json\/wp\/v2\/media\/602188"}],"wp:attachment":[{"href":"https:\/\/dicodusport.fr\/blog\/wp-json\/wp\/v2\/media?parent=602171"}],"wp:term":[{"taxonomy":"category","embeddable":true,"href":"https:\/\/dicodusport.fr\/blog\/wp-json\/wp\/v2\/categories?post=602171"},{"taxonomy":"post_tag","embeddable":true,"href":"https:\/\/dicodusport.fr\/blog\/wp-json\/wp\/v2\/tags?post=602171"}],"curies":[{"name":"wp","href":"https:\/\/api.w.org\/{rel}","templated":true}]}}