{"id":602391,"date":"2025-09-02T11:17:37","date_gmt":"2025-09-02T09:17:37","guid":{"rendered":"https:\/\/dicodusport.fr\/blog\/?p=602391&#038;preview=true&#038;preview_id=602391"},"modified":"2025-09-02T13:36:37","modified_gmt":"2025-09-02T11:36:37","slug":"10eme-etape-tour-despagne-2025-parcours-detaille-et-profil","status":"publish","type":"post","link":"https:\/\/dicodusport.fr\/blog\/10eme-etape-tour-despagne-2025-parcours-detaille-et-profil\/","title":{"rendered":"10\u00e8me \u00e9tape Tour d&rsquo;Espagne 2025 : Parcours d\u00e9taill\u00e9 et profil"},"content":{"rendered":"<p style=\"text-align: justify;\"><strong><em>Retrouvez le parcours en d\u00e9tail et le profil complet de la 10\u00e8me \u00e9tape du Tour d&rsquo;Espagne 2025, qui se d\u00e9roule ce mardi 2 septembre entre Sendaviva et Larra-Belagua (168 km).<\/em><\/strong><\/p>\n<ul>\n<li style=\"text-align: justify;\"><strong>\u00c0 ce sujet \u2013\u00a0<a href=\"https:\/\/dicodusport.fr\/blog\/vuelta-classement-general-tour-despagne-2025-mis-a-jour\/\" rel=\"\">Vuelta : Classement g\u00e9n\u00e9ral Tour d\u2019Espagne 2025 mis \u00e0 jour<\/a><\/strong><\/li>\n<\/ul>\n<p style=\"text-align: justify;\">Apr\u00e8s la premi\u00e8re journ\u00e9e de repos, la 10\u00e8me \u00e9tape de La Vuelta sera longue de 168 kilom\u00e8tres avec plus de 3 300 m\u00e8tres de d\u00e9nivel\u00e9 positif, couronn\u00e9e par une arriv\u00e9e au sommet \u00e0 la station de ski de <strong>Larra-Belagua<\/strong>.<\/p>\n<h2 style=\"text-align: justify;\">Le parcours complet de la 10\u00e8me \u00e9tape du Tour d\u2019Espagne 2025<\/h2>\n<p style=\"text-align: justify;\">Au lendemain de la journ\u00e9e de repos, place \u00e0 nouvelle \u00e9tape destin\u00e9e aux grimpeurs-puncheurs. Les coureurs partiront du <strong>Parque de la Naturaleza Sendaviva<\/strong>, un m\u00e9lange unique de parc \u00e0 th\u00e8me et de zoo. Les animaux b\u00e9n\u00e9ficient de vastes espaces pour se d\u00e9placer, car <strong>Sendaviva<\/strong> s&rsquo;\u00e9tend sur 120 hectares, ce qui en fait le plus grand parc \u00e0 th\u00e8me d&rsquo;Espagne.<\/p>\n<p style=\"text-align: justify;\">Puis, les concurrents se dirigeront vers le nord sur des routes plates, sur pr\u00e8s de 60 kilom\u00e8tres, par <strong>Caparoso<\/strong> avant d&rsquo;atteindre l&rsquo;<strong>Alto de Lerga<\/strong> \u2013 3,7 kilom\u00e8tres \u00e0 4,8 %.<\/p>\n<p style=\"text-align: justify;\">\u00c0 mi-parcours, ils s&rsquo;attaqueront \u00e0 une mont\u00e9e de 3,6 kilom\u00e8tres \u00e0 5,1 %, suivie, par l&rsquo;<strong>Alto de Iso<\/strong>, long de 2,6 kilom\u00e8tres \u00e0 4,5 %. Aucune de ces ascensions n&rsquo;est class\u00e9e.<\/p>\n<div class=\"vlp-link-container vlp-layout-article\"><a href=\"https:\/\/dicodusport.fr\/blog\/tour-despagne-2025-jonas-vingegaard-vainqueur-en-solitaire-sur-la-9eme-etape\/\" class=\"vlp-link\" title=\"Tour d&#039;Espagne 2025 : Jonas Vingegaard vainqueur en solitaire sur la 9\u00e8me \u00e9tape\"><\/a><div class=\"vlp-layout-zone-side\"><div class=\"vlp-block-4 vlp-link-image\"><img loading=\"lazy\" decoding=\"async\" style=\"max-width: 792px;\" width=\"792\" height=\"445\" src=\"https:\/\/dicodusport.fr\/blog\/wp-content\/uploads\/2025\/08\/Tour-dEspagne-2025-Jonas-Vingegaard-vainqueur-en-solitaire-sur-la-9eme-etape.png\" class=\"attachment-800x445 size-800x445\" alt=\"Tour d&#039;Espagne 2025 Jonas Vingegaard vainqueur en solitaire sur la 9\u00e8me \u00e9tape\" srcset=\"https:\/\/dicodusport.fr\/blog\/wp-content\/uploads\/2025\/08\/Tour-dEspagne-2025-Jonas-Vingegaard-vainqueur-en-solitaire-sur-la-9eme-etape.png 1200w, https:\/\/dicodusport.fr\/blog\/wp-content\/uploads\/2025\/08\/Tour-dEspagne-2025-Jonas-Vingegaard-vainqueur-en-solitaire-sur-la-9eme-etape-300x169.png 300w, https:\/\/dicodusport.fr\/blog\/wp-content\/uploads\/2025\/08\/Tour-dEspagne-2025-Jonas-Vingegaard-vainqueur-en-solitaire-sur-la-9eme-etape-1024x575.png 1024w, https:\/\/dicodusport.fr\/blog\/wp-content\/uploads\/2025\/08\/Tour-dEspagne-2025-Jonas-Vingegaard-vainqueur-en-solitaire-sur-la-9eme-etape-768x431.png 768w\" sizes=\"auto, (max-width: 792px) 100vw, 792px\" \/><\/div><\/div><div class=\"vlp-layout-zone-main\"><div class=\"vlp-block-0 vlp-link-title\">Tour d'Espagne 2025 : Jonas Vingegaard vainqueur en solitaire sur la 9\u00e8me \u00e9tape<\/div><div class=\"vlp-block-1 vlp-link-summary\">TOUR D'ESPAGNE 2025 - Le Danois Jonas Vingegaard (Team Visma Lease a Bike) s'adjuge la neuvi\u00e8me \u00e9tape en solitaire. Torstein Tr\u00e6en (Bahrain Victorious) conserve le maillot rouge d'un souffle.<\/div><div class=\"vlp-block-2 vlp-link-button\">Lire l'article<\/div><div class=\"vlp-block-3 vlp-link-url\">dicodusport.fr<\/div><\/div><\/div>\n<h3 style=\"text-align: justify;\">L&rsquo;Alto de las Coronas avant Larra-Belagua : les grimpeurs \u00e0 la f\u00eate en fin d&rsquo;\u00e9tape<\/h3>\n<p style=\"text-align: justify;\">Le premier vrai grimpeur de la journ\u00e9e sera l&rsquo;<strong>Alto de las Coronas<\/strong> : 7,2 kilom\u00e8tres \u00e0 4,7 %, apr\u00e8s 113 kilom\u00e8tres de course. De l\u00e0, les coureurs descendront sur un faux plat montant d&rsquo;une quinzaine de kilom\u00e8tres pour finalement d\u00e9boucher sur la mont\u00e9e menant \u00e0 la ligne d&rsquo;arriv\u00e9e.<\/p>\n<p style=\"text-align: justify;\">Les 9,3 derniers kilom\u00e8tres am\u00e8neront les coureurs jusqu&rsquo;\u00e0 la station de ski de <strong>Larra-Belagua<\/strong>, situ\u00e9e \u00e0 1 590 m\u00e8tres d&rsquo;altitude. La pente moyenne de la mont\u00e9e finale sera de 6,3 % entre parties bois\u00e9es et sections expos\u00e9es. Les 6 premiers kilom\u00e8tres d&rsquo;ascension seront exigeants et r\u00e9guliers avec des pentes \u00e0 plus de 7 % avec des passages \u00e0 9 et 10 %. Enfin, la pente s&rsquo;att\u00e9nuera sur les trois derniers kilom\u00e8tres en passant de 6 \u00e0 1 %.<\/p>\n<p style=\"text-align: justify;\"><strong>Larra-Belagua<\/strong>, proche de la fronti\u00e8re franco-espagnole, a \u00e9galement accueilli une arriv\u00e9e d&rsquo;\u00e9tape lors de deux \u00e9ditions. Bien que l&rsquo;approche f\u00fbt diff\u00e9rente cette ann\u00e9e-l\u00e0, la mont\u00e9e finale sera une r\u00e9plique. En 2023, <strong>Remco Evenepoel<\/strong> a sign\u00e9 une victoire en solitaire, au lendemain de sa grosse d\u00e9faillance en direction du Tourmalet.<\/p>\n<h2 style=\"text-align: justify;\">Le profil de la 10\u00e8me \u00e9tape du Tour d\u2019Espagne 2025<\/h2>\n<div id=\"attachment_607567\" style=\"width: 970px\" class=\"wp-caption aligncenter\"><a href=\"https:\/\/dicodusport.fr\/blog\/wp-content\/uploads\/2025\/08\/Profil-de-la-10eme-etape-du-Tour-dEspagne-2025.png\"><img loading=\"lazy\" decoding=\"async\" aria-describedby=\"caption-attachment-607567\" class=\"size-full wp-image-607567\" src=\"https:\/\/dicodusport.fr\/blog\/wp-content\/uploads\/2025\/08\/Profil-de-la-10eme-etape-du-Tour-dEspagne-2025.png\" alt=\"Profil de la 10\u00e8me \u00e9tape du Tour d'Espagne 2025\" width=\"960\" height=\"499\" srcset=\"https:\/\/dicodusport.fr\/blog\/wp-content\/uploads\/2025\/08\/Profil-de-la-10eme-etape-du-Tour-dEspagne-2025.png 960w, https:\/\/dicodusport.fr\/blog\/wp-content\/uploads\/2025\/08\/Profil-de-la-10eme-etape-du-Tour-dEspagne-2025-300x156.png 300w, https:\/\/dicodusport.fr\/blog\/wp-content\/uploads\/2025\/08\/Profil-de-la-10eme-etape-du-Tour-dEspagne-2025-768x399.png 768w\" sizes=\"auto, (max-width: 960px) 100vw, 960px\" \/><\/a><p id=\"caption-attachment-607567\" class=\"wp-caption-text\">Profil de la 10\u00e8me \u00e9tape du Tour d&rsquo;Espagne 2025<\/p><\/div>\n<div class=\"flex items-center gap-4 py-0.5 border-b last:border-none border-gray\" style=\"text-align: justify;\">\n<hr \/>\n<\/div>\n<ul>\n<li style=\"text-align: justify;\"><strong>\u00c0 ce sujet \u2013\u00a0<a href=\"https:\/\/dicodusport.fr\/blog\/actualites\/cyclisme\/cyclisme-sur-route-2024\/\">L\u2019actualit\u00e9 du cyclisme<\/a><\/strong><\/li>\n<\/ul>\n<div class=\"vlp-link-container vlp-layout-article\"><a href=\"https:\/\/dicodusport.fr\/blog\/cyclisme-mercato-2025-2026-le-tableau-des-transferts\/\" class=\"vlp-link\" title=\"Cyclisme Mercato 2025-2026 - Le tableau des transferts\"><\/a><div class=\"vlp-layout-zone-side\"><div class=\"vlp-block-4 vlp-link-image\"><img loading=\"lazy\" decoding=\"async\" style=\"max-width: 792px;\" width=\"792\" height=\"445\" src=\"https:\/\/dicodusport.fr\/blog\/wp-content\/uploads\/2025\/02\/Cyclisme-Mercato-2025-2026-Le-tableau-des-transferts.png\" class=\"attachment-800x445 size-800x445\" alt=\"Cyclisme Mercato 2025-2026 - Le tableau des transferts\" srcset=\"https:\/\/dicodusport.fr\/blog\/wp-content\/uploads\/2025\/02\/Cyclisme-Mercato-2025-2026-Le-tableau-des-transferts.png 1200w, https:\/\/dicodusport.fr\/blog\/wp-content\/uploads\/2025\/02\/Cyclisme-Mercato-2025-2026-Le-tableau-des-transferts-300x169.png 300w, https:\/\/dicodusport.fr\/blog\/wp-content\/uploads\/2025\/02\/Cyclisme-Mercato-2025-2026-Le-tableau-des-transferts-1024x575.png 1024w, https:\/\/dicodusport.fr\/blog\/wp-content\/uploads\/2025\/02\/Cyclisme-Mercato-2025-2026-Le-tableau-des-transferts-768x431.png 768w\" sizes=\"auto, (max-width: 792px) 100vw, 792px\" \/><\/div><\/div><div class=\"vlp-layout-zone-main\"><div class=\"vlp-block-0 vlp-link-title\">Cyclisme Mercato 2025-2026 - Le tableau des transferts<\/div><div class=\"vlp-block-1 vlp-link-summary\">MERCATO CYCLISME 2025-2026 - D\u00e9couvrez les transferts officiels et les rumeurs du mercato cycliste.<\/div><div class=\"vlp-block-2 vlp-link-button\">Lire l'article<\/div><div class=\"vlp-block-3 vlp-link-url\">dicodusport.fr<\/div><\/div><\/div>\n","protected":false},"excerpt":{"rendered":"<p>Retrouvez le parcours en d\u00e9tail et le profil complet de la 10\u00e8me \u00e9tape du Tour d&rsquo;Espagne 2025, qui se d\u00e9roule ce mardi 2 septembre entre Sendaviva et Larra-Belagua (168 km).<\/p>\n","protected":false},"author":48,"featured_media":607796,"comment_status":"open","ping_status":"closed","sticky":false,"template":"","format":"standard","meta":{"_acf_changed":false,"_daextam_enable_autolinks":"1","footnotes":""},"categories":[47042],"tags":[16878,574,11197,1671,1670],"class_list":["post-602391","post","type-post","status-publish","format-standard","has-post-thumbnail","hentry","category-tour-d-espagne","tag-breve","tag-cyclisme","tag-cyclisme-sur-route","tag-tour-despagne","tag-vuelta"],"acf":[],"yoast_head":"<!-- This site is optimized with the Yoast SEO Premium plugin v26.7 (Yoast SEO v26.7) - https:\/\/yoast.com\/wordpress\/plugins\/seo\/ -->\n<title>10\u00e8me \u00e9tape Tour d&#039;Espagne 2025 : Parcours d\u00e9taill\u00e9 et profil<\/title>\n<meta name=\"description\" content=\"Retrouvez le parcours en d\u00e9tail et le profil complet de la 10\u00e8me \u00e9tape du Tour d&#039;Espagne 2025, qui se d\u00e9roule ce mardi 2 septembre entre Sendaviva et Larra-Belagua (168 km).\" \/>\n<meta name=\"robots\" content=\"index, follow, max-snippet:-1, max-image-preview:large, max-video-preview:-1\" \/>\n<link rel=\"canonical\" href=\"https:\/\/dicodusport.fr\/blog\/10eme-etape-tour-despagne-2025-parcours-detaille-et-profil\/\" \/>\n<meta property=\"og:locale\" content=\"fr_FR\" \/>\n<meta property=\"og:type\" content=\"article\" \/>\n<meta property=\"og:title\" content=\"Vuelta 2025 : d\u00e9couvrez le parcours d\u00e9taill\u00e9 de la 10e \u00e9tape et son arriv\u00e9e au sommet\" \/>\n<meta property=\"og:description\" content=\"Retrouvez le parcours en d\u00e9tail et le profil complet de la 10\u00e8me \u00e9tape du Tour d&#039;Espagne 2025, qui se d\u00e9roule ce mardi 2 septembre entre Sendaviva et Larra-Belagua (168 km).\" \/>\n<meta property=\"og:url\" content=\"https:\/\/dicodusport.fr\/blog\/10eme-etape-tour-despagne-2025-parcours-detaille-et-profil\/\" \/>\n<meta property=\"og:site_name\" content=\"Dicodusport\" \/>\n<meta property=\"article:publisher\" content=\"https:\/\/www.facebook.com\/dicodusport\" \/>\n<meta property=\"article:author\" content=\"https:\/\/www.facebook.com\/groups\/LesRoisDuPeloton\" \/>\n<meta property=\"article:published_time\" content=\"2025-09-02T09:17:37+00:00\" \/>\n<meta property=\"article:modified_time\" content=\"2025-09-02T11:36:37+00:00\" \/>\n<meta property=\"og:image\" content=\"https:\/\/dicodusport.fr\/blog\/wp-content\/uploads\/2025\/09\/10eme-etape-Tour-dEspagne-2025-Parcours-detaille-et-profil.png\" \/>\n\t<meta property=\"og:image:width\" content=\"1200\" \/>\n\t<meta property=\"og:image:height\" content=\"674\" \/>\n\t<meta property=\"og:image:type\" content=\"image\/png\" \/>\n<meta name=\"author\" content=\"Emilien Descampiaux\" \/>\n<meta name=\"twitter:card\" content=\"summary_large_image\" \/>\n<meta name=\"twitter:title\" content=\"Vuelta 2025 : d\u00e9couvrez le parcours d\u00e9taill\u00e9 de la 10e \u00e9tape et son arriv\u00e9e au sommet\" \/>\n<meta name=\"twitter:creator\" content=\"@https:\/\/twitter.com\/LRoisDuPeloton\" \/>\n<meta name=\"twitter:site\" content=\"@dicodusport\" \/>\n<script type=\"application\/ld+json\" class=\"yoast-schema-graph\">{\"@context\":\"https:\/\/schema.org\",\"@graph\":[{\"@type\":\"NewsArticle\",\"@id\":\"https:\/\/dicodusport.fr\/blog\/10eme-etape-tour-despagne-2025-parcours-detaille-et-profil\/#article\",\"isPartOf\":{\"@id\":\"https:\/\/dicodusport.fr\/blog\/10eme-etape-tour-despagne-2025-parcours-detaille-et-profil\/\"},\"author\":{\"name\":\"Emilien Descampiaux\",\"@id\":\"https:\/\/dicodusport.fr\/blog\/#\/schema\/person\/6db4bae06b171592211be385b32876a7\"},\"headline\":\"10\u00e8me \u00e9tape Tour d&rsquo;Espagne 2025 : Parcours d\u00e9taill\u00e9 et profil\",\"datePublished\":\"2025-09-02T09:17:37+00:00\",\"dateModified\":\"2025-09-02T11:36:37+00:00\",\"mainEntityOfPage\":{\"@id\":\"https:\/\/dicodusport.fr\/blog\/10eme-etape-tour-despagne-2025-parcours-detaille-et-profil\/\"},\"wordCount\":627,\"commentCount\":0,\"publisher\":{\"@id\":\"https:\/\/dicodusport.fr\/blog\/#organization\"},\"image\":{\"@id\":\"https:\/\/dicodusport.fr\/blog\/10eme-etape-tour-despagne-2025-parcours-detaille-et-profil\/#primaryimage\"},\"thumbnailUrl\":\"https:\/\/dicodusport.fr\/blog\/wp-content\/uploads\/2025\/09\/10eme-etape-Tour-dEspagne-2025-Parcours-detaille-et-profil.png\",\"keywords\":[\"br\u00e8ve\",\"Cyclisme\",\"Cyclisme sur route\",\"Tour d'Espagne\",\"Vuelta\"],\"articleSection\":[\"Tour d'Espagne\"],\"inLanguage\":\"fr-FR\",\"potentialAction\":[{\"@type\":\"CommentAction\",\"name\":\"Comment\",\"target\":[\"https:\/\/dicodusport.fr\/blog\/10eme-etape-tour-despagne-2025-parcours-detaille-et-profil\/#respond\"]}],\"copyrightYear\":\"2025\",\"copyrightHolder\":{\"@id\":\"https:\/\/dicodusport.fr\/blog\/#organization\"}},{\"@type\":\"WebPage\",\"@id\":\"https:\/\/dicodusport.fr\/blog\/10eme-etape-tour-despagne-2025-parcours-detaille-et-profil\/\",\"url\":\"https:\/\/dicodusport.fr\/blog\/10eme-etape-tour-despagne-2025-parcours-detaille-et-profil\/\",\"name\":\"10\u00e8me \u00e9tape Tour d'Espagne 2025 : Parcours d\u00e9taill\u00e9 et profil\",\"isPartOf\":{\"@id\":\"https:\/\/dicodusport.fr\/blog\/#website\"},\"primaryImageOfPage\":{\"@id\":\"https:\/\/dicodusport.fr\/blog\/10eme-etape-tour-despagne-2025-parcours-detaille-et-profil\/#primaryimage\"},\"image\":{\"@id\":\"https:\/\/dicodusport.fr\/blog\/10eme-etape-tour-despagne-2025-parcours-detaille-et-profil\/#primaryimage\"},\"thumbnailUrl\":\"https:\/\/dicodusport.fr\/blog\/wp-content\/uploads\/2025\/09\/10eme-etape-Tour-dEspagne-2025-Parcours-detaille-et-profil.png\",\"datePublished\":\"2025-09-02T09:17:37+00:00\",\"dateModified\":\"2025-09-02T11:36:37+00:00\",\"description\":\"Retrouvez le parcours en d\u00e9tail et le profil complet de la 10\u00e8me \u00e9tape du Tour d'Espagne 2025, qui se d\u00e9roule ce mardi 2 septembre entre Sendaviva et Larra-Belagua (168 km).\",\"breadcrumb\":{\"@id\":\"https:\/\/dicodusport.fr\/blog\/10eme-etape-tour-despagne-2025-parcours-detaille-et-profil\/#breadcrumb\"},\"inLanguage\":\"fr-FR\",\"potentialAction\":[{\"@type\":\"ReadAction\",\"target\":[\"https:\/\/dicodusport.fr\/blog\/10eme-etape-tour-despagne-2025-parcours-detaille-et-profil\/\"]}]},{\"@type\":\"ImageObject\",\"inLanguage\":\"fr-FR\",\"@id\":\"https:\/\/dicodusport.fr\/blog\/10eme-etape-tour-despagne-2025-parcours-detaille-et-profil\/#primaryimage\",\"url\":\"https:\/\/dicodusport.fr\/blog\/wp-content\/uploads\/2025\/09\/10eme-etape-Tour-dEspagne-2025-Parcours-detaille-et-profil.png\",\"contentUrl\":\"https:\/\/dicodusport.fr\/blog\/wp-content\/uploads\/2025\/09\/10eme-etape-Tour-dEspagne-2025-Parcours-detaille-et-profil.png\",\"width\":1200,\"height\":674,\"caption\":\"10\u00e8me \u00e9tape Tour d'Espagne 2025 Parcours d\u00e9taill\u00e9 et profil\"},{\"@type\":\"BreadcrumbList\",\"@id\":\"https:\/\/dicodusport.fr\/blog\/10eme-etape-tour-despagne-2025-parcours-detaille-et-profil\/#breadcrumb\",\"itemListElement\":[{\"@type\":\"ListItem\",\"position\":1,\"name\":\"Accueil\",\"item\":\"https:\/\/dicodusport.fr\/blog\/\"},{\"@type\":\"ListItem\",\"position\":2,\"name\":\"10\u00e8me \u00e9tape Tour d&rsquo;Espagne 2025 : Parcours d\u00e9taill\u00e9 et profil\"}]},{\"@type\":\"WebSite\",\"@id\":\"https:\/\/dicodusport.fr\/blog\/#website\",\"url\":\"https:\/\/dicodusport.fr\/blog\/\",\"name\":\"Dicodusport\",\"description\":\"L&#039;encyclop\u00e9die de l&#039;actualit\u00e9 sportive\",\"publisher\":{\"@id\":\"https:\/\/dicodusport.fr\/blog\/#organization\"},\"potentialAction\":[{\"@type\":\"SearchAction\",\"target\":{\"@type\":\"EntryPoint\",\"urlTemplate\":\"https:\/\/dicodusport.fr\/blog\/?s={search_term_string}\"},\"query-input\":{\"@type\":\"PropertyValueSpecification\",\"valueRequired\":true,\"valueName\":\"search_term_string\"}}],\"inLanguage\":\"fr-FR\"},{\"@type\":\"NewsMediaOrganization\",\"@id\":\"https:\/\/dicodusport.fr\/blog\/#organization\",\"name\":\"Dicodusport\",\"url\":\"https:\/\/dicodusport.fr\/blog\/\",\"logo\":{\"@type\":\"ImageObject\",\"inLanguage\":\"fr-FR\",\"@id\":\"https:\/\/dicodusport.fr\/blog\/#\/schema\/logo\/image\/\",\"url\":\"https:\/\/dicodusport.fr\/blog\/wp-content\/uploads\/2020\/06\/cropped-LOGO-DICODUSPORT-2020-SANS-FOND-SANS-TEXTE.png\",\"contentUrl\":\"https:\/\/dicodusport.fr\/blog\/wp-content\/uploads\/2020\/06\/cropped-LOGO-DICODUSPORT-2020-SANS-FOND-SANS-TEXTE.png\",\"width\":512,\"height\":512,\"caption\":\"Dicodusport\"},\"image\":{\"@id\":\"https:\/\/dicodusport.fr\/blog\/#\/schema\/logo\/image\/\"},\"sameAs\":[\"https:\/\/www.facebook.com\/dicodusport\",\"https:\/\/x.com\/dicodusport\",\"https:\/\/www.instagram.com\/dicodusport\/\",\"https:\/\/www.youtube.com\/channel\/UC7V2KZ5sd3htJivAbA4ZG3w\"],\"description\":\"Dicodusport est l'encyclop\u00e9die de l'actualit\u00e9 sportive.\",\"email\":\"bonjour@dicodusport.fr\",\"legalName\":\"DICODUSPORT\",\"foundingDate\":\"2018-01-14\",\"vatID\":\"FR71834470973\",\"taxID\":\"83447097300043\",\"numberOfEmployees\":{\"@type\":\"QuantitativeValue\",\"minValue\":\"1\",\"maxValue\":\"10\"}},{\"@type\":\"Person\",\"@id\":\"https:\/\/dicodusport.fr\/blog\/#\/schema\/person\/6db4bae06b171592211be385b32876a7\",\"name\":\"Emilien Descampiaux\",\"image\":{\"@type\":\"ImageObject\",\"inLanguage\":\"fr-FR\",\"@id\":\"https:\/\/dicodusport.fr\/blog\/#\/schema\/person\/image\/\",\"url\":\"https:\/\/dicodusport.fr\/blog\/wp-content\/uploads\/2021\/05\/Emilien-Descampiaux-150x150.jpg\",\"contentUrl\":\"https:\/\/dicodusport.fr\/blog\/wp-content\/uploads\/2021\/05\/Emilien-Descampiaux-150x150.jpg\",\"caption\":\"Emilien Descampiaux\"},\"description\":\"Journaliste\/r\u00e9dacteur depuis 2014 - Fan de la classe de Frank Vandenbroucke, je vis cyclisme (et de ses paysages) depuis plus de 20 ans. Je suis tr\u00e8s impliqu\u00e9 sur mes diff\u00e9rents r\u00e9seaux sociaux pour partager ma passion sur le monde et l'Histoire de la bicyclette avec ma voix sur les images en noir et blanc du succ\u00e8s de Rik Van Steenbergen lors du Ronde sur le V\u00e9lodrome de Gand.\",\"sameAs\":[\"https:\/\/www.facebook.com\/groups\/LesRoisDuPeloton\",\"https:\/\/x.com\/https:\/\/twitter.com\/LRoisDuPeloton\"],\"url\":\"https:\/\/dicodusport.fr\/blog\/author\/emiliend\/\"}]}<\/script>\n<!-- \/ Yoast SEO Premium plugin. -->","yoast_head_json":{"title":"10\u00e8me \u00e9tape Tour d'Espagne 2025 : Parcours d\u00e9taill\u00e9 et profil","description":"Retrouvez le parcours en d\u00e9tail et le profil complet de la 10\u00e8me \u00e9tape du Tour d'Espagne 2025, qui se d\u00e9roule ce mardi 2 septembre entre Sendaviva et Larra-Belagua (168 km).","robots":{"index":"index","follow":"follow","max-snippet":"max-snippet:-1","max-image-preview":"max-image-preview:large","max-video-preview":"max-video-preview:-1"},"canonical":"https:\/\/dicodusport.fr\/blog\/10eme-etape-tour-despagne-2025-parcours-detaille-et-profil\/","og_locale":"fr_FR","og_type":"article","og_title":"Vuelta 2025 : d\u00e9couvrez le parcours d\u00e9taill\u00e9 de la 10e \u00e9tape et son arriv\u00e9e au sommet","og_description":"Retrouvez le parcours en d\u00e9tail et le profil complet de la 10\u00e8me \u00e9tape du Tour d'Espagne 2025, qui se d\u00e9roule ce mardi 2 septembre entre Sendaviva et Larra-Belagua (168 km).","og_url":"https:\/\/dicodusport.fr\/blog\/10eme-etape-tour-despagne-2025-parcours-detaille-et-profil\/","og_site_name":"Dicodusport","article_publisher":"https:\/\/www.facebook.com\/dicodusport","article_author":"https:\/\/www.facebook.com\/groups\/LesRoisDuPeloton","article_published_time":"2025-09-02T09:17:37+00:00","article_modified_time":"2025-09-02T11:36:37+00:00","og_image":[{"width":1200,"height":674,"url":"https:\/\/dicodusport.fr\/blog\/wp-content\/uploads\/2025\/09\/10eme-etape-Tour-dEspagne-2025-Parcours-detaille-et-profil.png","type":"image\/png"}],"author":"Emilien Descampiaux","twitter_card":"summary_large_image","twitter_title":"Vuelta 2025 : d\u00e9couvrez le parcours d\u00e9taill\u00e9 de la 10e \u00e9tape et son arriv\u00e9e au sommet","twitter_creator":"@https:\/\/twitter.com\/LRoisDuPeloton","twitter_site":"@dicodusport","schema":{"@context":"https:\/\/schema.org","@graph":[{"@type":"NewsArticle","@id":"https:\/\/dicodusport.fr\/blog\/10eme-etape-tour-despagne-2025-parcours-detaille-et-profil\/#article","isPartOf":{"@id":"https:\/\/dicodusport.fr\/blog\/10eme-etape-tour-despagne-2025-parcours-detaille-et-profil\/"},"author":{"name":"Emilien Descampiaux","@id":"https:\/\/dicodusport.fr\/blog\/#\/schema\/person\/6db4bae06b171592211be385b32876a7"},"headline":"10\u00e8me \u00e9tape Tour d&rsquo;Espagne 2025 : Parcours d\u00e9taill\u00e9 et profil","datePublished":"2025-09-02T09:17:37+00:00","dateModified":"2025-09-02T11:36:37+00:00","mainEntityOfPage":{"@id":"https:\/\/dicodusport.fr\/blog\/10eme-etape-tour-despagne-2025-parcours-detaille-et-profil\/"},"wordCount":627,"commentCount":0,"publisher":{"@id":"https:\/\/dicodusport.fr\/blog\/#organization"},"image":{"@id":"https:\/\/dicodusport.fr\/blog\/10eme-etape-tour-despagne-2025-parcours-detaille-et-profil\/#primaryimage"},"thumbnailUrl":"https:\/\/dicodusport.fr\/blog\/wp-content\/uploads\/2025\/09\/10eme-etape-Tour-dEspagne-2025-Parcours-detaille-et-profil.png","keywords":["br\u00e8ve","Cyclisme","Cyclisme sur route","Tour d'Espagne","Vuelta"],"articleSection":["Tour d'Espagne"],"inLanguage":"fr-FR","potentialAction":[{"@type":"CommentAction","name":"Comment","target":["https:\/\/dicodusport.fr\/blog\/10eme-etape-tour-despagne-2025-parcours-detaille-et-profil\/#respond"]}],"copyrightYear":"2025","copyrightHolder":{"@id":"https:\/\/dicodusport.fr\/blog\/#organization"}},{"@type":"WebPage","@id":"https:\/\/dicodusport.fr\/blog\/10eme-etape-tour-despagne-2025-parcours-detaille-et-profil\/","url":"https:\/\/dicodusport.fr\/blog\/10eme-etape-tour-despagne-2025-parcours-detaille-et-profil\/","name":"10\u00e8me \u00e9tape Tour d'Espagne 2025 : Parcours d\u00e9taill\u00e9 et profil","isPartOf":{"@id":"https:\/\/dicodusport.fr\/blog\/#website"},"primaryImageOfPage":{"@id":"https:\/\/dicodusport.fr\/blog\/10eme-etape-tour-despagne-2025-parcours-detaille-et-profil\/#primaryimage"},"image":{"@id":"https:\/\/dicodusport.fr\/blog\/10eme-etape-tour-despagne-2025-parcours-detaille-et-profil\/#primaryimage"},"thumbnailUrl":"https:\/\/dicodusport.fr\/blog\/wp-content\/uploads\/2025\/09\/10eme-etape-Tour-dEspagne-2025-Parcours-detaille-et-profil.png","datePublished":"2025-09-02T09:17:37+00:00","dateModified":"2025-09-02T11:36:37+00:00","description":"Retrouvez le parcours en d\u00e9tail et le profil complet de la 10\u00e8me \u00e9tape du Tour d'Espagne 2025, qui se d\u00e9roule ce mardi 2 septembre entre Sendaviva et Larra-Belagua (168 km).","breadcrumb":{"@id":"https:\/\/dicodusport.fr\/blog\/10eme-etape-tour-despagne-2025-parcours-detaille-et-profil\/#breadcrumb"},"inLanguage":"fr-FR","potentialAction":[{"@type":"ReadAction","target":["https:\/\/dicodusport.fr\/blog\/10eme-etape-tour-despagne-2025-parcours-detaille-et-profil\/"]}]},{"@type":"ImageObject","inLanguage":"fr-FR","@id":"https:\/\/dicodusport.fr\/blog\/10eme-etape-tour-despagne-2025-parcours-detaille-et-profil\/#primaryimage","url":"https:\/\/dicodusport.fr\/blog\/wp-content\/uploads\/2025\/09\/10eme-etape-Tour-dEspagne-2025-Parcours-detaille-et-profil.png","contentUrl":"https:\/\/dicodusport.fr\/blog\/wp-content\/uploads\/2025\/09\/10eme-etape-Tour-dEspagne-2025-Parcours-detaille-et-profil.png","width":1200,"height":674,"caption":"10\u00e8me \u00e9tape Tour d'Espagne 2025 Parcours d\u00e9taill\u00e9 et profil"},{"@type":"BreadcrumbList","@id":"https:\/\/dicodusport.fr\/blog\/10eme-etape-tour-despagne-2025-parcours-detaille-et-profil\/#breadcrumb","itemListElement":[{"@type":"ListItem","position":1,"name":"Accueil","item":"https:\/\/dicodusport.fr\/blog\/"},{"@type":"ListItem","position":2,"name":"10\u00e8me \u00e9tape Tour d&rsquo;Espagne 2025 : Parcours d\u00e9taill\u00e9 et profil"}]},{"@type":"WebSite","@id":"https:\/\/dicodusport.fr\/blog\/#website","url":"https:\/\/dicodusport.fr\/blog\/","name":"Dicodusport","description":"L&#039;encyclop\u00e9die de l&#039;actualit\u00e9 sportive","publisher":{"@id":"https:\/\/dicodusport.fr\/blog\/#organization"},"potentialAction":[{"@type":"SearchAction","target":{"@type":"EntryPoint","urlTemplate":"https:\/\/dicodusport.fr\/blog\/?s={search_term_string}"},"query-input":{"@type":"PropertyValueSpecification","valueRequired":true,"valueName":"search_term_string"}}],"inLanguage":"fr-FR"},{"@type":"NewsMediaOrganization","@id":"https:\/\/dicodusport.fr\/blog\/#organization","name":"Dicodusport","url":"https:\/\/dicodusport.fr\/blog\/","logo":{"@type":"ImageObject","inLanguage":"fr-FR","@id":"https:\/\/dicodusport.fr\/blog\/#\/schema\/logo\/image\/","url":"https:\/\/dicodusport.fr\/blog\/wp-content\/uploads\/2020\/06\/cropped-LOGO-DICODUSPORT-2020-SANS-FOND-SANS-TEXTE.png","contentUrl":"https:\/\/dicodusport.fr\/blog\/wp-content\/uploads\/2020\/06\/cropped-LOGO-DICODUSPORT-2020-SANS-FOND-SANS-TEXTE.png","width":512,"height":512,"caption":"Dicodusport"},"image":{"@id":"https:\/\/dicodusport.fr\/blog\/#\/schema\/logo\/image\/"},"sameAs":["https:\/\/www.facebook.com\/dicodusport","https:\/\/x.com\/dicodusport","https:\/\/www.instagram.com\/dicodusport\/","https:\/\/www.youtube.com\/channel\/UC7V2KZ5sd3htJivAbA4ZG3w"],"description":"Dicodusport est l'encyclop\u00e9die de l'actualit\u00e9 sportive.","email":"bonjour@dicodusport.fr","legalName":"DICODUSPORT","foundingDate":"2018-01-14","vatID":"FR71834470973","taxID":"83447097300043","numberOfEmployees":{"@type":"QuantitativeValue","minValue":"1","maxValue":"10"}},{"@type":"Person","@id":"https:\/\/dicodusport.fr\/blog\/#\/schema\/person\/6db4bae06b171592211be385b32876a7","name":"Emilien Descampiaux","image":{"@type":"ImageObject","inLanguage":"fr-FR","@id":"https:\/\/dicodusport.fr\/blog\/#\/schema\/person\/image\/","url":"https:\/\/dicodusport.fr\/blog\/wp-content\/uploads\/2021\/05\/Emilien-Descampiaux-150x150.jpg","contentUrl":"https:\/\/dicodusport.fr\/blog\/wp-content\/uploads\/2021\/05\/Emilien-Descampiaux-150x150.jpg","caption":"Emilien Descampiaux"},"description":"Journaliste\/r\u00e9dacteur depuis 2014 - Fan de la classe de Frank Vandenbroucke, je vis cyclisme (et de ses paysages) depuis plus de 20 ans. Je suis tr\u00e8s impliqu\u00e9 sur mes diff\u00e9rents r\u00e9seaux sociaux pour partager ma passion sur le monde et l'Histoire de la bicyclette avec ma voix sur les images en noir et blanc du succ\u00e8s de Rik Van Steenbergen lors du Ronde sur le V\u00e9lodrome de Gand.","sameAs":["https:\/\/www.facebook.com\/groups\/LesRoisDuPeloton","https:\/\/x.com\/https:\/\/twitter.com\/LRoisDuPeloton"],"url":"https:\/\/dicodusport.fr\/blog\/author\/emiliend\/"}]}},"_links":{"self":[{"href":"https:\/\/dicodusport.fr\/blog\/wp-json\/wp\/v2\/posts\/602391","targetHints":{"allow":["GET"]}}],"collection":[{"href":"https:\/\/dicodusport.fr\/blog\/wp-json\/wp\/v2\/posts"}],"about":[{"href":"https:\/\/dicodusport.fr\/blog\/wp-json\/wp\/v2\/types\/post"}],"author":[{"embeddable":true,"href":"https:\/\/dicodusport.fr\/blog\/wp-json\/wp\/v2\/users\/48"}],"replies":[{"embeddable":true,"href":"https:\/\/dicodusport.fr\/blog\/wp-json\/wp\/v2\/comments?post=602391"}],"version-history":[{"count":5,"href":"https:\/\/dicodusport.fr\/blog\/wp-json\/wp\/v2\/posts\/602391\/revisions"}],"predecessor-version":[{"id":607774,"href":"https:\/\/dicodusport.fr\/blog\/wp-json\/wp\/v2\/posts\/602391\/revisions\/607774"}],"wp:featuredmedia":[{"embeddable":true,"href":"https:\/\/dicodusport.fr\/blog\/wp-json\/wp\/v2\/media\/607796"}],"wp:attachment":[{"href":"https:\/\/dicodusport.fr\/blog\/wp-json\/wp\/v2\/media?parent=602391"}],"wp:term":[{"taxonomy":"category","embeddable":true,"href":"https:\/\/dicodusport.fr\/blog\/wp-json\/wp\/v2\/categories?post=602391"},{"taxonomy":"post_tag","embeddable":true,"href":"https:\/\/dicodusport.fr\/blog\/wp-json\/wp\/v2\/tags?post=602391"}],"curies":[{"name":"wp","href":"https:\/\/api.w.org\/{rel}","templated":true}]}}