{"id":602428,"date":"2025-08-13T13:19:13","date_gmt":"2025-08-13T11:19:13","guid":{"rendered":"https:\/\/dicodusport.fr\/blog\/?p=602428&#038;preview=true&#038;preview_id=602428"},"modified":"2025-08-13T13:21:29","modified_gmt":"2025-08-13T11:21:29","slug":"transferts-psg-gianluigi-donnarumma-a-quel-prix-paris-peut-il-le-vendre","status":"publish","type":"post","link":"https:\/\/dicodusport.fr\/blog\/transferts-psg-gianluigi-donnarumma-a-quel-prix-paris-peut-il-le-vendre\/","title":{"rendered":"Transferts PSG : Gianluigi Donnarumma, \u00e0 quel prix Paris peut-il le vendre ?"},"content":{"rendered":"<p style=\"text-align: justify;\"><strong><em>TRANSFERTS PSG &#8211; Le Paris Saint-Germain et Gianluigi Donnarumma, c&rsquo;est d\u00e9sormais fini. Mais pour s&rsquo;en d\u00e9barrasser, le club parisien va devoir trouver une porte de sortie pour son portier\u00a0<\/em><\/strong><b><i>italien. \u00c0 un an de la fin de son contrat, quel est le prix de Gianluigi Donnarumma ?<\/i><\/b><\/p>\n<p style=\"text-align: justify;\">Apr\u00e8s quatre ans au Paris Saint-Germain, <strong>Gianluigi Donnarumma<\/strong>, invit\u00e9 \u00e0 quitter le club apr\u00e8s l&rsquo;arriv\u00e9e de <strong>Lucas Chevalier<\/strong>, devrait partir cet \u00e9t\u00e9. Reste toutefois \u00e0 trouver le club, et l&rsquo;indemnit\u00e9 de transfert qui convienne au PSG. <a href=\"https:\/\/dicodusport.fr\/blog\/transferts-psg-gianluigi-donnarumma-annonce-son-depart\/\">Le portier italien a act\u00e9 son d\u00e9part sur son compte Instagram le 12 ao\u00fbt<\/a>, ciblant directement les dirigeants et son entra\u00eeneur, <strong>Luis Enrique<\/strong>.<\/p>\n<div class=\"vlp-link-container vlp-layout-article\"><a href=\"https:\/\/dicodusport.fr\/blog\/mercato-psg-2025-2026-le-tableau-complet-des-transferts-arrivees-et-departs\/\" class=\"vlp-link\" title=\"Mercato PSG 2025-2026 : Le tableau complet des transferts, arriv\u00e9es et d\u00e9parts\"><\/a><div class=\"vlp-layout-zone-side\"><div class=\"vlp-block-4 vlp-link-image\"><img loading=\"lazy\" decoding=\"async\" style=\"max-width: 792px;\" width=\"792\" height=\"445\" src=\"https:\/\/dicodusport.fr\/blog\/wp-content\/uploads\/2025\/05\/Mercato-PSG-2025-2026-Le-tableau-complet-des-transferts-arrivees-et-departs.png\" class=\"attachment-800x445 size-800x445\" alt=\"Mercato PSG 2025-2026 Le tableau complet des transferts, arriv\u00e9es et d\u00e9parts\" srcset=\"https:\/\/dicodusport.fr\/blog\/wp-content\/uploads\/2025\/05\/Mercato-PSG-2025-2026-Le-tableau-complet-des-transferts-arrivees-et-departs.png 1200w, https:\/\/dicodusport.fr\/blog\/wp-content\/uploads\/2025\/05\/Mercato-PSG-2025-2026-Le-tableau-complet-des-transferts-arrivees-et-departs-300x169.png 300w, https:\/\/dicodusport.fr\/blog\/wp-content\/uploads\/2025\/05\/Mercato-PSG-2025-2026-Le-tableau-complet-des-transferts-arrivees-et-departs-1024x575.png 1024w, https:\/\/dicodusport.fr\/blog\/wp-content\/uploads\/2025\/05\/Mercato-PSG-2025-2026-Le-tableau-complet-des-transferts-arrivees-et-departs-768x431.png 768w\" sizes=\"auto, (max-width: 792px) 100vw, 792px\" \/><\/div><\/div><div class=\"vlp-layout-zone-main\"><div class=\"vlp-block-0 vlp-link-title\">Mercato PSG 2025-2026 : Le tableau complet des transferts, arriv\u00e9es et d\u00e9parts<\/div><div class=\"vlp-block-1 vlp-link-summary\">TRANSFERTS PSG - Retrouvez tous les mouvements du Paris Saint-Germain pour l'intersaison 2025 en Ligue 1. Arriv\u00e9es, d\u00e9part, pr\u00eats, transferts d\u00e9finitifs, ne ratez rien du mercato estival.\u00a0<\/div><div class=\"vlp-block-2 vlp-link-button\">Lire l'article<\/div><div class=\"vlp-block-3 vlp-link-url\">dicodusport.fr<\/div><\/div><\/div>\n<h2 style=\"text-align: justify;\">Quel est le prix de Gianluigi Donnarumma ?<\/h2>\n<p style=\"text-align: justify;\">Tr\u00e8s vite, la rumeur <a href=\"https:\/\/dicodusport.fr\/blog\/mercato-lyon-les-details-du-transfert-de-rayan-cherki-a-manchester-city\/\">Manchester City<\/a> a enfl\u00e9. Alors qu&rsquo;il ne lui reste plus qu&rsquo;un an de contrat dans la capitale, Donnarumma pourrait prendre la place d&rsquo;un <strong>Ederson<\/strong> davantage critiqu\u00e9 la saison pass\u00e9e. Le gardien br\u00e9silien serait proche de la Turquie et de Galatasaray. Un accord aurait d\u00e9j\u00e0 \u00e9t\u00e9 trouv\u00e9 entre le club anglais et Donnarumma. Pour les dirigeants saoudiens de City, l&rsquo;argent ne sera pas un probl\u00e8me. Car oui, Donnarumma a un prix. Actuellement valoris\u00e9 \u00e0 40 millions d&rsquo;euros selon le site sp\u00e9cialis\u00e9 <em>Transfermarkt<\/em>, Donnarumma a actuellement la valeur la plus \u00e9lev\u00e9e pour un gardien. Mais \u00e0 un an de la fin de son contrat, et d\u00e9sormais mis de c\u00f4t\u00e9, le Paris Saint-Germain n&rsquo;est pas en position de force sur le dossier.<\/p>\n<ul>\n<li style=\"text-align: justify;\"><strong>\u00c0 lire aussi &#8211; <a href=\"https:\/\/dicodusport.fr\/blog\/transferts-psg-barcola-dembele-doue-que-va-decider-paris\/\">Transferts PSG : Barcola, Demb\u00e9l\u00e9, Dou\u00e9, que va d\u00e9cider Paris ?<\/a><\/strong><\/li>\n<\/ul>\n<p style=\"text-align: justify;\">De plus, Manchester City s&rsquo;est d\u00e9j\u00e0 renforc\u00e9 plus t\u00f4t dans le mercato. <strong>James Trafford<\/strong> est arriv\u00e9 depuis Burnley pour 30 millions d&rsquo;euros. Assez pour s&rsquo;assurer la place de num\u00e9ro 1 ? En cas de d\u00e9part d&rsquo;Ederson, Donnarumma pourrait bien traverser la Manche pour atterrir \u00e0 Manchester. Surtout que l&rsquo;autre club de Manchester, United, est \u00e9galement int\u00e9ress\u00e9 par le gardien de la <i>Squadra Azzurra<\/i>\u00a0(74 s\u00e9lections). Mais ne parvenant pas \u00e0 se d\u00e9faire d&rsquo;<strong>Andr\u00e9 Onana<\/strong>, les <em>Red Devils<\/em> ont un temps de retard.<\/p>\n<p style=\"text-align: justify;\">De son c\u00f4t\u00e9, <a href=\"https:\/\/dicodusport.fr\/blog\/psg-tottenham-compositions-chaine-tv-cotes-et-heure-de-la-supercoupe-deurope-2025\/\">le <strong>Paris-Saint-Germain<\/strong> affronte ce 13 ao\u00fbt Tottenham pour la Supercoupe d&rsquo;Europe 2025<\/a>. L&rsquo;heure du premier test pour Lucas Chevalier, qui devrait \u00eatre titulaire. Ses premiers pas seront logiquement scrut\u00e9s.<\/p>\n","protected":false},"excerpt":{"rendered":"<p>Le Paris Saint-Germain et Gianluigi Donnarumma, c&rsquo;est d\u00e9sormais fini.  \u00c0 un an de la fin de son contrat, quel est le prix de Gianluigi Donnarumma ?<\/p>\n","protected":false},"author":88,"featured_media":602435,"comment_status":"open","ping_status":"closed","sticky":false,"template":"","format":"standard","meta":{"_acf_changed":false,"_daextam_enable_autolinks":"1","footnotes":""},"categories":[47045],"tags":[32415,16878,46968,23715],"class_list":["post-602428","post","type-post","status-publish","format-standard","has-post-thumbnail","hentry","category-ligue-1","tag-actu","tag-breve","tag-gianluigi-donnarumma","tag-transferts-psg"],"acf":[],"yoast_head":"<!-- This site is optimized with the Yoast SEO Premium plugin v26.7 (Yoast SEO v26.7) - https:\/\/yoast.com\/wordpress\/plugins\/seo\/ -->\n<title>Transferts PSG : Gianluigi Donnarumma, \u00e0 quel prix Paris peut-il le vendre ?<\/title>\n<meta name=\"description\" content=\"TRANSFERTS PSG - Le Paris Saint-Germain et Gianluigi Donnarumma, c&#039;est d\u00e9sormais fini. \u00c0 un an de la fin de son contrat, quel est le prix de Gianluigi Donnarumma ?\" \/>\n<meta name=\"robots\" content=\"index, follow, max-snippet:-1, max-image-preview:large, max-video-preview:-1\" \/>\n<link rel=\"canonical\" href=\"https:\/\/dicodusport.fr\/blog\/transferts-psg-gianluigi-donnarumma-a-quel-prix-paris-peut-il-le-vendre\/\" \/>\n<meta property=\"og:locale\" content=\"fr_FR\" \/>\n<meta property=\"og:type\" content=\"article\" \/>\n<meta property=\"og:title\" content=\"Transferts PSG : Gianluigi Donnarumma, \u00e0 quel prix Paris peut-il le vendre ?\" \/>\n<meta property=\"og:description\" content=\"TRANSFERTS PSG - Le Paris Saint-Germain et Gianluigi Donnarumma, c&#039;est d\u00e9sormais fini. \u00c0 un an de la fin de son contrat, quel est le prix de Gianluigi Donnarumma ?\" \/>\n<meta property=\"og:url\" content=\"https:\/\/dicodusport.fr\/blog\/transferts-psg-gianluigi-donnarumma-a-quel-prix-paris-peut-il-le-vendre\/\" \/>\n<meta property=\"og:site_name\" content=\"Dicodusport\" \/>\n<meta property=\"article:publisher\" content=\"https:\/\/www.facebook.com\/dicodusport\" \/>\n<meta property=\"article:published_time\" content=\"2025-08-13T11:19:13+00:00\" \/>\n<meta property=\"article:modified_time\" content=\"2025-08-13T11:21:29+00:00\" \/>\n<meta property=\"og:image\" content=\"https:\/\/dicodusport.fr\/blog\/wp-content\/uploads\/2025\/08\/Transferts-PSG-Gianluigi-Donnarumma-a-quel-prix-Paris-peut-il-le-vendre-.png\" \/>\n\t<meta property=\"og:image:width\" content=\"1200\" \/>\n\t<meta property=\"og:image:height\" content=\"674\" \/>\n\t<meta property=\"og:image:type\" content=\"image\/png\" \/>\n<meta name=\"author\" content=\"Paul Lalevee\" \/>\n<meta name=\"twitter:card\" content=\"summary_large_image\" \/>\n<meta name=\"twitter:title\" content=\"Transferts PSG : Gianluigi Donnarumma, \u00e0 quel prix Paris peut-il le vendre ?\" \/>\n<meta name=\"twitter:creator\" content=\"@dicodusport\" \/>\n<meta name=\"twitter:site\" content=\"@dicodusport\" \/>\n<script type=\"application\/ld+json\" class=\"yoast-schema-graph\">{\"@context\":\"https:\/\/schema.org\",\"@graph\":[{\"@type\":\"NewsArticle\",\"@id\":\"https:\/\/dicodusport.fr\/blog\/transferts-psg-gianluigi-donnarumma-a-quel-prix-paris-peut-il-le-vendre\/#article\",\"isPartOf\":{\"@id\":\"https:\/\/dicodusport.fr\/blog\/transferts-psg-gianluigi-donnarumma-a-quel-prix-paris-peut-il-le-vendre\/\"},\"author\":{\"name\":\"Paul Lalevee\",\"@id\":\"https:\/\/dicodusport.fr\/blog\/#\/schema\/person\/1eaa63dfac40b5e5c47f03a71920c1cd\"},\"headline\":\"Transferts PSG : Gianluigi Donnarumma, \u00e0 quel prix Paris peut-il le vendre ?\",\"datePublished\":\"2025-08-13T11:19:13+00:00\",\"dateModified\":\"2025-08-13T11:21:29+00:00\",\"mainEntityOfPage\":{\"@id\":\"https:\/\/dicodusport.fr\/blog\/transferts-psg-gianluigi-donnarumma-a-quel-prix-paris-peut-il-le-vendre\/\"},\"wordCount\":488,\"commentCount\":0,\"publisher\":{\"@id\":\"https:\/\/dicodusport.fr\/blog\/#organization\"},\"image\":{\"@id\":\"https:\/\/dicodusport.fr\/blog\/transferts-psg-gianluigi-donnarumma-a-quel-prix-paris-peut-il-le-vendre\/#primaryimage\"},\"thumbnailUrl\":\"https:\/\/dicodusport.fr\/blog\/wp-content\/uploads\/2025\/08\/Transferts-PSG-Gianluigi-Donnarumma-a-quel-prix-Paris-peut-il-le-vendre-.png\",\"keywords\":[\"actu\",\"br\u00e8ve\",\"Gianluigi Donnarumma\",\"Transferts PSG\"],\"articleSection\":[\"Ligue 1\"],\"inLanguage\":\"fr-FR\",\"potentialAction\":[{\"@type\":\"CommentAction\",\"name\":\"Comment\",\"target\":[\"https:\/\/dicodusport.fr\/blog\/transferts-psg-gianluigi-donnarumma-a-quel-prix-paris-peut-il-le-vendre\/#respond\"]}],\"copyrightYear\":\"2025\",\"copyrightHolder\":{\"@id\":\"https:\/\/dicodusport.fr\/blog\/#organization\"}},{\"@type\":\"WebPage\",\"@id\":\"https:\/\/dicodusport.fr\/blog\/transferts-psg-gianluigi-donnarumma-a-quel-prix-paris-peut-il-le-vendre\/\",\"url\":\"https:\/\/dicodusport.fr\/blog\/transferts-psg-gianluigi-donnarumma-a-quel-prix-paris-peut-il-le-vendre\/\",\"name\":\"Transferts PSG : Gianluigi Donnarumma, \u00e0 quel prix Paris peut-il le vendre ?\",\"isPartOf\":{\"@id\":\"https:\/\/dicodusport.fr\/blog\/#website\"},\"primaryImageOfPage\":{\"@id\":\"https:\/\/dicodusport.fr\/blog\/transferts-psg-gianluigi-donnarumma-a-quel-prix-paris-peut-il-le-vendre\/#primaryimage\"},\"image\":{\"@id\":\"https:\/\/dicodusport.fr\/blog\/transferts-psg-gianluigi-donnarumma-a-quel-prix-paris-peut-il-le-vendre\/#primaryimage\"},\"thumbnailUrl\":\"https:\/\/dicodusport.fr\/blog\/wp-content\/uploads\/2025\/08\/Transferts-PSG-Gianluigi-Donnarumma-a-quel-prix-Paris-peut-il-le-vendre-.png\",\"datePublished\":\"2025-08-13T11:19:13+00:00\",\"dateModified\":\"2025-08-13T11:21:29+00:00\",\"description\":\"TRANSFERTS PSG - Le Paris Saint-Germain et Gianluigi Donnarumma, c'est d\u00e9sormais fini. \u00c0 un an de la fin de son contrat, quel est le prix de Gianluigi Donnarumma ?\",\"breadcrumb\":{\"@id\":\"https:\/\/dicodusport.fr\/blog\/transferts-psg-gianluigi-donnarumma-a-quel-prix-paris-peut-il-le-vendre\/#breadcrumb\"},\"inLanguage\":\"fr-FR\",\"potentialAction\":[{\"@type\":\"ReadAction\",\"target\":[\"https:\/\/dicodusport.fr\/blog\/transferts-psg-gianluigi-donnarumma-a-quel-prix-paris-peut-il-le-vendre\/\"]}]},{\"@type\":\"ImageObject\",\"inLanguage\":\"fr-FR\",\"@id\":\"https:\/\/dicodusport.fr\/blog\/transferts-psg-gianluigi-donnarumma-a-quel-prix-paris-peut-il-le-vendre\/#primaryimage\",\"url\":\"https:\/\/dicodusport.fr\/blog\/wp-content\/uploads\/2025\/08\/Transferts-PSG-Gianluigi-Donnarumma-a-quel-prix-Paris-peut-il-le-vendre-.png\",\"contentUrl\":\"https:\/\/dicodusport.fr\/blog\/wp-content\/uploads\/2025\/08\/Transferts-PSG-Gianluigi-Donnarumma-a-quel-prix-Paris-peut-il-le-vendre-.png\",\"width\":1200,\"height\":674,\"caption\":\"Transferts PSG Gianluigi Donnarumma, \u00e0 quel prix Paris peut-il le vendre\"},{\"@type\":\"BreadcrumbList\",\"@id\":\"https:\/\/dicodusport.fr\/blog\/transferts-psg-gianluigi-donnarumma-a-quel-prix-paris-peut-il-le-vendre\/#breadcrumb\",\"itemListElement\":[{\"@type\":\"ListItem\",\"position\":1,\"name\":\"Accueil\",\"item\":\"https:\/\/dicodusport.fr\/blog\/\"},{\"@type\":\"ListItem\",\"position\":2,\"name\":\"Transferts PSG : Gianluigi Donnarumma, \u00e0 quel prix Paris peut-il le vendre ?\"}]},{\"@type\":\"WebSite\",\"@id\":\"https:\/\/dicodusport.fr\/blog\/#website\",\"url\":\"https:\/\/dicodusport.fr\/blog\/\",\"name\":\"Dicodusport\",\"description\":\"L&#039;encyclop\u00e9die de l&#039;actualit\u00e9 sportive\",\"publisher\":{\"@id\":\"https:\/\/dicodusport.fr\/blog\/#organization\"},\"potentialAction\":[{\"@type\":\"SearchAction\",\"target\":{\"@type\":\"EntryPoint\",\"urlTemplate\":\"https:\/\/dicodusport.fr\/blog\/?s={search_term_string}\"},\"query-input\":{\"@type\":\"PropertyValueSpecification\",\"valueRequired\":true,\"valueName\":\"search_term_string\"}}],\"inLanguage\":\"fr-FR\"},{\"@type\":\"NewsMediaOrganization\",\"@id\":\"https:\/\/dicodusport.fr\/blog\/#organization\",\"name\":\"Dicodusport\",\"url\":\"https:\/\/dicodusport.fr\/blog\/\",\"logo\":{\"@type\":\"ImageObject\",\"inLanguage\":\"fr-FR\",\"@id\":\"https:\/\/dicodusport.fr\/blog\/#\/schema\/logo\/image\/\",\"url\":\"https:\/\/dicodusport.fr\/blog\/wp-content\/uploads\/2020\/06\/cropped-LOGO-DICODUSPORT-2020-SANS-FOND-SANS-TEXTE.png\",\"contentUrl\":\"https:\/\/dicodusport.fr\/blog\/wp-content\/uploads\/2020\/06\/cropped-LOGO-DICODUSPORT-2020-SANS-FOND-SANS-TEXTE.png\",\"width\":512,\"height\":512,\"caption\":\"Dicodusport\"},\"image\":{\"@id\":\"https:\/\/dicodusport.fr\/blog\/#\/schema\/logo\/image\/\"},\"sameAs\":[\"https:\/\/www.facebook.com\/dicodusport\",\"https:\/\/x.com\/dicodusport\",\"https:\/\/www.instagram.com\/dicodusport\/\",\"https:\/\/www.youtube.com\/channel\/UC7V2KZ5sd3htJivAbA4ZG3w\"],\"description\":\"Dicodusport est l'encyclop\u00e9die de l'actualit\u00e9 sportive.\",\"email\":\"bonjour@dicodusport.fr\",\"legalName\":\"DICODUSPORT\",\"foundingDate\":\"2018-01-14\",\"vatID\":\"FR71834470973\",\"taxID\":\"83447097300043\",\"numberOfEmployees\":{\"@type\":\"QuantitativeValue\",\"minValue\":\"1\",\"maxValue\":\"10\"}},{\"@type\":\"Person\",\"@id\":\"https:\/\/dicodusport.fr\/blog\/#\/schema\/person\/1eaa63dfac40b5e5c47f03a71920c1cd\",\"name\":\"Paul Lalevee\",\"image\":{\"@type\":\"ImageObject\",\"inLanguage\":\"fr-FR\",\"@id\":\"https:\/\/dicodusport.fr\/blog\/#\/schema\/person\/image\/\",\"url\":\"https:\/\/dicodusport.fr\/blog\/wp-content\/uploads\/2023\/10\/291154246_1690604071293245_3118259335115946499_n-150x150.jpg\",\"contentUrl\":\"https:\/\/dicodusport.fr\/blog\/wp-content\/uploads\/2023\/10\/291154246_1690604071293245_3118259335115946499_n-150x150.jpg\",\"caption\":\"Paul Lalevee\"},\"description\":\"La bulle Disney pendant le Covid, le Tour 2019, la Coupe du monde 2018. Ces trois \u00e9v\u00e9nements majeurs sont ancr\u00e9s dans ma t\u00eate de fan de sport, n\u00e9gativement ou positivement. Passionn\u00e9 de sport depuis l'enfance, j'ai d\u00e9cid\u00e9 de mettre ma passion de l'\u00e9criture au service de cette premi\u00e8re passion.\",\"url\":\"https:\/\/dicodusport.fr\/blog\/author\/paul-lalevee\/\"}]}<\/script>\n<!-- \/ Yoast SEO Premium plugin. -->","yoast_head_json":{"title":"Transferts PSG : Gianluigi Donnarumma, \u00e0 quel prix Paris peut-il le vendre ?","description":"TRANSFERTS PSG - Le Paris Saint-Germain et Gianluigi Donnarumma, c'est d\u00e9sormais fini. \u00c0 un an de la fin de son contrat, quel est le prix de Gianluigi Donnarumma ?","robots":{"index":"index","follow":"follow","max-snippet":"max-snippet:-1","max-image-preview":"max-image-preview:large","max-video-preview":"max-video-preview:-1"},"canonical":"https:\/\/dicodusport.fr\/blog\/transferts-psg-gianluigi-donnarumma-a-quel-prix-paris-peut-il-le-vendre\/","og_locale":"fr_FR","og_type":"article","og_title":"Transferts PSG : Gianluigi Donnarumma, \u00e0 quel prix Paris peut-il le vendre ?","og_description":"TRANSFERTS PSG - Le Paris Saint-Germain et Gianluigi Donnarumma, c'est d\u00e9sormais fini. \u00c0 un an de la fin de son contrat, quel est le prix de Gianluigi Donnarumma ?","og_url":"https:\/\/dicodusport.fr\/blog\/transferts-psg-gianluigi-donnarumma-a-quel-prix-paris-peut-il-le-vendre\/","og_site_name":"Dicodusport","article_publisher":"https:\/\/www.facebook.com\/dicodusport","article_published_time":"2025-08-13T11:19:13+00:00","article_modified_time":"2025-08-13T11:21:29+00:00","og_image":[{"width":1200,"height":674,"url":"https:\/\/dicodusport.fr\/blog\/wp-content\/uploads\/2025\/08\/Transferts-PSG-Gianluigi-Donnarumma-a-quel-prix-Paris-peut-il-le-vendre-.png","type":"image\/png"}],"author":"Paul Lalevee","twitter_card":"summary_large_image","twitter_title":"Transferts PSG : Gianluigi Donnarumma, \u00e0 quel prix Paris peut-il le vendre ?","twitter_creator":"@dicodusport","twitter_site":"@dicodusport","schema":{"@context":"https:\/\/schema.org","@graph":[{"@type":"NewsArticle","@id":"https:\/\/dicodusport.fr\/blog\/transferts-psg-gianluigi-donnarumma-a-quel-prix-paris-peut-il-le-vendre\/#article","isPartOf":{"@id":"https:\/\/dicodusport.fr\/blog\/transferts-psg-gianluigi-donnarumma-a-quel-prix-paris-peut-il-le-vendre\/"},"author":{"name":"Paul Lalevee","@id":"https:\/\/dicodusport.fr\/blog\/#\/schema\/person\/1eaa63dfac40b5e5c47f03a71920c1cd"},"headline":"Transferts PSG : Gianluigi Donnarumma, \u00e0 quel prix Paris peut-il le vendre ?","datePublished":"2025-08-13T11:19:13+00:00","dateModified":"2025-08-13T11:21:29+00:00","mainEntityOfPage":{"@id":"https:\/\/dicodusport.fr\/blog\/transferts-psg-gianluigi-donnarumma-a-quel-prix-paris-peut-il-le-vendre\/"},"wordCount":488,"commentCount":0,"publisher":{"@id":"https:\/\/dicodusport.fr\/blog\/#organization"},"image":{"@id":"https:\/\/dicodusport.fr\/blog\/transferts-psg-gianluigi-donnarumma-a-quel-prix-paris-peut-il-le-vendre\/#primaryimage"},"thumbnailUrl":"https:\/\/dicodusport.fr\/blog\/wp-content\/uploads\/2025\/08\/Transferts-PSG-Gianluigi-Donnarumma-a-quel-prix-Paris-peut-il-le-vendre-.png","keywords":["actu","br\u00e8ve","Gianluigi Donnarumma","Transferts PSG"],"articleSection":["Ligue 1"],"inLanguage":"fr-FR","potentialAction":[{"@type":"CommentAction","name":"Comment","target":["https:\/\/dicodusport.fr\/blog\/transferts-psg-gianluigi-donnarumma-a-quel-prix-paris-peut-il-le-vendre\/#respond"]}],"copyrightYear":"2025","copyrightHolder":{"@id":"https:\/\/dicodusport.fr\/blog\/#organization"}},{"@type":"WebPage","@id":"https:\/\/dicodusport.fr\/blog\/transferts-psg-gianluigi-donnarumma-a-quel-prix-paris-peut-il-le-vendre\/","url":"https:\/\/dicodusport.fr\/blog\/transferts-psg-gianluigi-donnarumma-a-quel-prix-paris-peut-il-le-vendre\/","name":"Transferts PSG : Gianluigi Donnarumma, \u00e0 quel prix Paris peut-il le vendre ?","isPartOf":{"@id":"https:\/\/dicodusport.fr\/blog\/#website"},"primaryImageOfPage":{"@id":"https:\/\/dicodusport.fr\/blog\/transferts-psg-gianluigi-donnarumma-a-quel-prix-paris-peut-il-le-vendre\/#primaryimage"},"image":{"@id":"https:\/\/dicodusport.fr\/blog\/transferts-psg-gianluigi-donnarumma-a-quel-prix-paris-peut-il-le-vendre\/#primaryimage"},"thumbnailUrl":"https:\/\/dicodusport.fr\/blog\/wp-content\/uploads\/2025\/08\/Transferts-PSG-Gianluigi-Donnarumma-a-quel-prix-Paris-peut-il-le-vendre-.png","datePublished":"2025-08-13T11:19:13+00:00","dateModified":"2025-08-13T11:21:29+00:00","description":"TRANSFERTS PSG - Le Paris Saint-Germain et Gianluigi Donnarumma, c'est d\u00e9sormais fini. \u00c0 un an de la fin de son contrat, quel est le prix de Gianluigi Donnarumma ?","breadcrumb":{"@id":"https:\/\/dicodusport.fr\/blog\/transferts-psg-gianluigi-donnarumma-a-quel-prix-paris-peut-il-le-vendre\/#breadcrumb"},"inLanguage":"fr-FR","potentialAction":[{"@type":"ReadAction","target":["https:\/\/dicodusport.fr\/blog\/transferts-psg-gianluigi-donnarumma-a-quel-prix-paris-peut-il-le-vendre\/"]}]},{"@type":"ImageObject","inLanguage":"fr-FR","@id":"https:\/\/dicodusport.fr\/blog\/transferts-psg-gianluigi-donnarumma-a-quel-prix-paris-peut-il-le-vendre\/#primaryimage","url":"https:\/\/dicodusport.fr\/blog\/wp-content\/uploads\/2025\/08\/Transferts-PSG-Gianluigi-Donnarumma-a-quel-prix-Paris-peut-il-le-vendre-.png","contentUrl":"https:\/\/dicodusport.fr\/blog\/wp-content\/uploads\/2025\/08\/Transferts-PSG-Gianluigi-Donnarumma-a-quel-prix-Paris-peut-il-le-vendre-.png","width":1200,"height":674,"caption":"Transferts PSG Gianluigi Donnarumma, \u00e0 quel prix Paris peut-il le vendre"},{"@type":"BreadcrumbList","@id":"https:\/\/dicodusport.fr\/blog\/transferts-psg-gianluigi-donnarumma-a-quel-prix-paris-peut-il-le-vendre\/#breadcrumb","itemListElement":[{"@type":"ListItem","position":1,"name":"Accueil","item":"https:\/\/dicodusport.fr\/blog\/"},{"@type":"ListItem","position":2,"name":"Transferts PSG : Gianluigi Donnarumma, \u00e0 quel prix Paris peut-il le vendre ?"}]},{"@type":"WebSite","@id":"https:\/\/dicodusport.fr\/blog\/#website","url":"https:\/\/dicodusport.fr\/blog\/","name":"Dicodusport","description":"L&#039;encyclop\u00e9die de l&#039;actualit\u00e9 sportive","publisher":{"@id":"https:\/\/dicodusport.fr\/blog\/#organization"},"potentialAction":[{"@type":"SearchAction","target":{"@type":"EntryPoint","urlTemplate":"https:\/\/dicodusport.fr\/blog\/?s={search_term_string}"},"query-input":{"@type":"PropertyValueSpecification","valueRequired":true,"valueName":"search_term_string"}}],"inLanguage":"fr-FR"},{"@type":"NewsMediaOrganization","@id":"https:\/\/dicodusport.fr\/blog\/#organization","name":"Dicodusport","url":"https:\/\/dicodusport.fr\/blog\/","logo":{"@type":"ImageObject","inLanguage":"fr-FR","@id":"https:\/\/dicodusport.fr\/blog\/#\/schema\/logo\/image\/","url":"https:\/\/dicodusport.fr\/blog\/wp-content\/uploads\/2020\/06\/cropped-LOGO-DICODUSPORT-2020-SANS-FOND-SANS-TEXTE.png","contentUrl":"https:\/\/dicodusport.fr\/blog\/wp-content\/uploads\/2020\/06\/cropped-LOGO-DICODUSPORT-2020-SANS-FOND-SANS-TEXTE.png","width":512,"height":512,"caption":"Dicodusport"},"image":{"@id":"https:\/\/dicodusport.fr\/blog\/#\/schema\/logo\/image\/"},"sameAs":["https:\/\/www.facebook.com\/dicodusport","https:\/\/x.com\/dicodusport","https:\/\/www.instagram.com\/dicodusport\/","https:\/\/www.youtube.com\/channel\/UC7V2KZ5sd3htJivAbA4ZG3w"],"description":"Dicodusport est l'encyclop\u00e9die de l'actualit\u00e9 sportive.","email":"bonjour@dicodusport.fr","legalName":"DICODUSPORT","foundingDate":"2018-01-14","vatID":"FR71834470973","taxID":"83447097300043","numberOfEmployees":{"@type":"QuantitativeValue","minValue":"1","maxValue":"10"}},{"@type":"Person","@id":"https:\/\/dicodusport.fr\/blog\/#\/schema\/person\/1eaa63dfac40b5e5c47f03a71920c1cd","name":"Paul Lalevee","image":{"@type":"ImageObject","inLanguage":"fr-FR","@id":"https:\/\/dicodusport.fr\/blog\/#\/schema\/person\/image\/","url":"https:\/\/dicodusport.fr\/blog\/wp-content\/uploads\/2023\/10\/291154246_1690604071293245_3118259335115946499_n-150x150.jpg","contentUrl":"https:\/\/dicodusport.fr\/blog\/wp-content\/uploads\/2023\/10\/291154246_1690604071293245_3118259335115946499_n-150x150.jpg","caption":"Paul Lalevee"},"description":"La bulle Disney pendant le Covid, le Tour 2019, la Coupe du monde 2018. Ces trois \u00e9v\u00e9nements majeurs sont ancr\u00e9s dans ma t\u00eate de fan de sport, n\u00e9gativement ou positivement. Passionn\u00e9 de sport depuis l'enfance, j'ai d\u00e9cid\u00e9 de mettre ma passion de l'\u00e9criture au service de cette premi\u00e8re passion.","url":"https:\/\/dicodusport.fr\/blog\/author\/paul-lalevee\/"}]}},"_links":{"self":[{"href":"https:\/\/dicodusport.fr\/blog\/wp-json\/wp\/v2\/posts\/602428","targetHints":{"allow":["GET"]}}],"collection":[{"href":"https:\/\/dicodusport.fr\/blog\/wp-json\/wp\/v2\/posts"}],"about":[{"href":"https:\/\/dicodusport.fr\/blog\/wp-json\/wp\/v2\/types\/post"}],"author":[{"embeddable":true,"href":"https:\/\/dicodusport.fr\/blog\/wp-json\/wp\/v2\/users\/88"}],"replies":[{"embeddable":true,"href":"https:\/\/dicodusport.fr\/blog\/wp-json\/wp\/v2\/comments?post=602428"}],"version-history":[{"count":5,"href":"https:\/\/dicodusport.fr\/blog\/wp-json\/wp\/v2\/posts\/602428\/revisions"}],"predecessor-version":[{"id":602439,"href":"https:\/\/dicodusport.fr\/blog\/wp-json\/wp\/v2\/posts\/602428\/revisions\/602439"}],"wp:featuredmedia":[{"embeddable":true,"href":"https:\/\/dicodusport.fr\/blog\/wp-json\/wp\/v2\/media\/602435"}],"wp:attachment":[{"href":"https:\/\/dicodusport.fr\/blog\/wp-json\/wp\/v2\/media?parent=602428"}],"wp:term":[{"taxonomy":"category","embeddable":true,"href":"https:\/\/dicodusport.fr\/blog\/wp-json\/wp\/v2\/categories?post=602428"},{"taxonomy":"post_tag","embeddable":true,"href":"https:\/\/dicodusport.fr\/blog\/wp-json\/wp\/v2\/tags?post=602428"}],"curies":[{"name":"wp","href":"https:\/\/api.w.org\/{rel}","templated":true}]}}