{"id":602445,"date":"2025-08-13T14:13:39","date_gmt":"2025-08-13T12:13:39","guid":{"rendered":"https:\/\/dicodusport.fr\/blog\/?p=602445&#038;preview=true&#038;preview_id=602445"},"modified":"2025-08-13T14:47:32","modified_gmt":"2025-08-13T12:47:32","slug":"transferts-losc-lille-signe-berke-ozer","status":"publish","type":"post","link":"https:\/\/dicodusport.fr\/blog\/transferts-losc-lille-signe-berke-ozer\/","title":{"rendered":"Transferts LOSC : Lille signe Berke \u00d6zer"},"content":{"rendered":"<p style=\"text-align: justify;\"><strong><em>TRANSFERTS LOSC &#8211; Selon <a href=\"https:\/\/www.footmercato.net\/a6242542662649747848-le-losc-a-trouve-le-remplacant-de-lucas-chevalier\">Foot Mercato<\/a>, le LOSC va recruter le gardien Berke \u00d6zer pour remplacer Lucas Chevalier.<\/em><\/strong><\/p>\n<ul style=\"text-align: justify;\">\n<li style=\"text-align: justify;\"><strong>\u00c0 ce sujet &#8211; <a href=\"https:\/\/dicodusport.fr\/blog\/transferts-psg-gianluigi-donnarumma-a-quel-prix-paris-peut-il-le-vendre\/\" target=\"_blank\" rel=\"noopener\">Transferts PSG : Gianluigi Donnarumma, \u00e0 quel prix Paris peut-il le vendre ?<\/a><\/strong><\/li>\n<\/ul>\n<p style=\"text-align: justify;\">Le <strong>LOSC<\/strong> s&rsquo;est s\u00e9par\u00e9 de son gardien international, <strong>Lucas<\/strong> <strong>Chevalier<\/strong>, pour une coquette somme. Il s&rsquo;est engag\u00e9 avec le <strong>Paris Saint-Germain<\/strong> o\u00f9 il va pousser <strong>Gianluigi<\/strong> <strong>Donnarumma<\/strong> vers la sortie. <strong>Olivier<\/strong> <strong>L\u00e9tang<\/strong> et les dirigeants lillois se sont donc mis en qu\u00eate d&rsquo;un nouveau portier pour la saison qui d\u00e9marre ce week-end.<\/p>\n<h2 style=\"text-align: justify;\">Berke \u00d6zer signe au LOSC<\/h2>\n<p style=\"text-align: justify;\">Le Portugais <strong>Ricardo<\/strong> <strong>Velho<\/strong> semblait tenir la corde il y a quelques jours, mais l&rsquo;op\u00e9ration n&rsquo;a finalement pas abouti. Par cons\u00e9quent, le <strong>LOSC<\/strong> s&rsquo;est tourn\u00e9 vers un autre profil, le gardien turc <strong>Berke \u00d6zer<\/strong>. Le portier de 25 ans, qui \u00e9voluait \u00e0 <strong>Ey\u00fcpspor<\/strong>, va donc devenir le num\u00e9ro 1 de <strong>Lille<\/strong>. Il est attendu dans les heures \u00e0 venir dans le nord de la France.<\/p>\n<ul style=\"text-align: justify;\">\n<li style=\"text-align: justify;\"><strong>\u00c0 lire aussi &#8211; <a class=\"row-title\" href=\"https:\/\/dicodusport.fr\/blog\/transferts-om-lille-piste-faris-moumbagna-vers-un-echange-avec-edon-zhegrova\/\" aria-label=\"\u00ab\u00a0Transferts OM : Lille piste Faris Moumbagna, vers un \u00e9change avec Edon Zhegrova ?\u00a0\u00bb (Modifier)\">Transferts OM : Lille piste Faris Moumbagna, vers un \u00e9change avec Edon Zhegrova ?<\/a><\/strong><\/li>\n<\/ul>\n<p style=\"text-align: justify;\">Le <strong>LOSC<\/strong> va d\u00e9bourser 4,5 millions d&rsquo;euros pour le recruter, \u00e0 quoi il faudra peut-\u00eatre ajouter environ 500 000 euros de bonus. Pass\u00e9 par le Portugal et la Belgique, <strong>Berke \u00d6zer <\/strong>compte deux s\u00e9lections avec la <strong>Turquie<\/strong>. Une fois qu&rsquo;il aura pass\u00e9 sa visite m\u00e9dicale, il va s&rsquo;engager pour les quatre prochaines saisons avec <strong>Lille<\/strong>.<\/p>\n<h3 style=\"text-align: justify;\">\u00c0 ce sujet<\/h3>\n<div class=\"vlp-link-container vlp-layout-article\"><a href=\"https:\/\/dicodusport.fr\/blog\/mercato-losc-2025-2026-le-tableau-complet-des-transferts-arrivees-et-departs\/\" class=\"vlp-link\" title=\"Mercato LOSC 2025-2026 : Le tableau complet des transferts, arriv\u00e9es et d\u00e9parts\"><\/a><div class=\"vlp-layout-zone-side\"><div class=\"vlp-block-4 vlp-link-image\"><img loading=\"lazy\" decoding=\"async\" style=\"max-width: 792px;\" width=\"792\" height=\"445\" src=\"https:\/\/dicodusport.fr\/blog\/wp-content\/uploads\/2025\/05\/Mercato-LOSC-2025-2026-Le-tableau-complet-des-transferts-arrivees-et-departs.png\" class=\"attachment-800x445 size-800x445\" alt=\"Mercato LOSC 2025-2026 Le tableau complet des transferts, arriv\u00e9es et d\u00e9parts\" srcset=\"https:\/\/dicodusport.fr\/blog\/wp-content\/uploads\/2025\/05\/Mercato-LOSC-2025-2026-Le-tableau-complet-des-transferts-arrivees-et-departs.png 1200w, https:\/\/dicodusport.fr\/blog\/wp-content\/uploads\/2025\/05\/Mercato-LOSC-2025-2026-Le-tableau-complet-des-transferts-arrivees-et-departs-300x169.png 300w, https:\/\/dicodusport.fr\/blog\/wp-content\/uploads\/2025\/05\/Mercato-LOSC-2025-2026-Le-tableau-complet-des-transferts-arrivees-et-departs-1024x575.png 1024w, https:\/\/dicodusport.fr\/blog\/wp-content\/uploads\/2025\/05\/Mercato-LOSC-2025-2026-Le-tableau-complet-des-transferts-arrivees-et-departs-768x431.png 768w\" sizes=\"auto, (max-width: 792px) 100vw, 792px\" \/><\/div><\/div><div class=\"vlp-layout-zone-main\"><div class=\"vlp-block-0 vlp-link-title\">Mercato LOSC 2025-2026 : Le tableau complet des transferts, arriv\u00e9es et d\u00e9parts<\/div><div class=\"vlp-block-1 vlp-link-summary\">TRANSFERTS LOSC - Retrouvez tous les mouvements du Lille Olympique Sporting Club pour l'intersaison 2025 en Ligue 1. Arriv\u00e9es, d\u00e9part, pr\u00eats, transferts d\u00e9finitifs, ne ratez rien du mercato estival.\u00a0<\/div><div class=\"vlp-block-2 vlp-link-button\">Lire l'article<\/div><div class=\"vlp-block-3 vlp-link-url\">dicodusport.fr<\/div><\/div><\/div>\n","protected":false},"excerpt":{"rendered":"<p>TRANSFERTS LOSC &#8211; Selon Foot Mercato, le LOSC va recruter le gardien Berke \u00d6zer pour remplacer Lucas Chevalier.<\/p>\n","protected":false},"author":1,"featured_media":602447,"comment_status":"open","ping_status":"closed","sticky":false,"template":"","format":"standard","meta":{"_acf_changed":false,"_daextam_enable_autolinks":"1","footnotes":""},"categories":[47045],"tags":[16878,1554,2391],"class_list":["post-602445","post","type-post","status-publish","format-standard","has-post-thumbnail","hentry","category-ligue-1","tag-breve","tag-ligue-1","tag-losc"],"acf":[],"yoast_head":"<!-- This site is optimized with the Yoast SEO Premium plugin v26.7 (Yoast SEO v26.7) - https:\/\/yoast.com\/wordpress\/plugins\/seo\/ -->\n<title>Transferts LOSC : Lille signe Berke \u00d6zer<\/title>\n<meta name=\"description\" content=\"TRANSFERTS LOSC - Selon Foot Mercato, le LOSC va recruter le gardien Berke \u00d6zer pour remplacer Lucas Chevalier.\" \/>\n<meta name=\"robots\" content=\"index, follow, max-snippet:-1, max-image-preview:large, max-video-preview:-1\" \/>\n<link rel=\"canonical\" href=\"https:\/\/dicodusport.fr\/blog\/transferts-losc-lille-signe-berke-ozer\/\" \/>\n<meta property=\"og:locale\" content=\"fr_FR\" \/>\n<meta property=\"og:type\" content=\"article\" \/>\n<meta property=\"og:title\" content=\"Transferts LOSC : Lille signe Berke \u00d6zer\" \/>\n<meta property=\"og:description\" content=\"TRANSFERTS LOSC - Selon Foot Mercato, le LOSC va recruter le gardien Berke \u00d6zer pour remplacer Lucas Chevalier.\" \/>\n<meta property=\"og:url\" content=\"https:\/\/dicodusport.fr\/blog\/transferts-losc-lille-signe-berke-ozer\/\" \/>\n<meta property=\"og:site_name\" content=\"Dicodusport\" \/>\n<meta property=\"article:publisher\" content=\"https:\/\/www.facebook.com\/dicodusport\" \/>\n<meta property=\"article:author\" content=\"https:\/\/www.facebook.com\/dicodusport\" \/>\n<meta property=\"article:published_time\" content=\"2025-08-13T12:13:39+00:00\" \/>\n<meta property=\"article:modified_time\" content=\"2025-08-13T12:47:32+00:00\" \/>\n<meta property=\"og:image\" content=\"https:\/\/dicodusport.fr\/blog\/wp-content\/uploads\/2025\/08\/Transferts-LOSC-Lille-signe-Berke-Ozer.png\" \/>\n\t<meta property=\"og:image:width\" content=\"1200\" \/>\n\t<meta property=\"og:image:height\" content=\"674\" \/>\n\t<meta property=\"og:image:type\" content=\"image\/png\" \/>\n<meta name=\"author\" content=\"Nicolas Jacquemard\" \/>\n<meta name=\"twitter:card\" content=\"summary_large_image\" \/>\n<meta name=\"twitter:description\" content=\"TRANSFERTS LOSC - En qu\u00eate d&#039;un nouveau gardien num\u00e9ro 1 pour pallier le d\u00e9part \u00e0 venir de Lucas Chevalier, le LOSC va miser sur un international portugais.\" \/>\n<meta name=\"twitter:creator\" content=\"@https:\/\/twitter.com\/Nico_Jacquemard\" \/>\n<meta name=\"twitter:site\" content=\"@dicodusport\" \/>\n<script type=\"application\/ld+json\" class=\"yoast-schema-graph\">{\"@context\":\"https:\/\/schema.org\",\"@graph\":[{\"@type\":\"NewsArticle\",\"@id\":\"https:\/\/dicodusport.fr\/blog\/transferts-losc-lille-signe-berke-ozer\/#article\",\"isPartOf\":{\"@id\":\"https:\/\/dicodusport.fr\/blog\/transferts-losc-lille-signe-berke-ozer\/\"},\"author\":{\"name\":\"Nicolas Jacquemard\",\"@id\":\"https:\/\/dicodusport.fr\/blog\/#\/schema\/person\/55dcb50ad410894e431ed812bbb70191\"},\"headline\":\"Transferts LOSC : Lille signe Berke \u00d6zer\",\"datePublished\":\"2025-08-13T12:13:39+00:00\",\"dateModified\":\"2025-08-13T12:47:32+00:00\",\"mainEntityOfPage\":{\"@id\":\"https:\/\/dicodusport.fr\/blog\/transferts-losc-lille-signe-berke-ozer\/\"},\"wordCount\":334,\"commentCount\":0,\"publisher\":{\"@id\":\"https:\/\/dicodusport.fr\/blog\/#organization\"},\"image\":{\"@id\":\"https:\/\/dicodusport.fr\/blog\/transferts-losc-lille-signe-berke-ozer\/#primaryimage\"},\"thumbnailUrl\":\"https:\/\/dicodusport.fr\/blog\/wp-content\/uploads\/2025\/08\/Transferts-LOSC-Lille-signe-Berke-Ozer.png\",\"keywords\":[\"br\u00e8ve\",\"Ligue 1\",\"LOSC\"],\"articleSection\":[\"Ligue 1\"],\"inLanguage\":\"fr-FR\",\"potentialAction\":[{\"@type\":\"CommentAction\",\"name\":\"Comment\",\"target\":[\"https:\/\/dicodusport.fr\/blog\/transferts-losc-lille-signe-berke-ozer\/#respond\"]}],\"copyrightYear\":\"2025\",\"copyrightHolder\":{\"@id\":\"https:\/\/dicodusport.fr\/blog\/#organization\"}},{\"@type\":\"WebPage\",\"@id\":\"https:\/\/dicodusport.fr\/blog\/transferts-losc-lille-signe-berke-ozer\/\",\"url\":\"https:\/\/dicodusport.fr\/blog\/transferts-losc-lille-signe-berke-ozer\/\",\"name\":\"Transferts LOSC : Lille signe Berke \u00d6zer\",\"isPartOf\":{\"@id\":\"https:\/\/dicodusport.fr\/blog\/#website\"},\"primaryImageOfPage\":{\"@id\":\"https:\/\/dicodusport.fr\/blog\/transferts-losc-lille-signe-berke-ozer\/#primaryimage\"},\"image\":{\"@id\":\"https:\/\/dicodusport.fr\/blog\/transferts-losc-lille-signe-berke-ozer\/#primaryimage\"},\"thumbnailUrl\":\"https:\/\/dicodusport.fr\/blog\/wp-content\/uploads\/2025\/08\/Transferts-LOSC-Lille-signe-Berke-Ozer.png\",\"datePublished\":\"2025-08-13T12:13:39+00:00\",\"dateModified\":\"2025-08-13T12:47:32+00:00\",\"description\":\"TRANSFERTS LOSC - Selon Foot Mercato, le LOSC va recruter le gardien Berke \u00d6zer pour remplacer Lucas Chevalier.\",\"breadcrumb\":{\"@id\":\"https:\/\/dicodusport.fr\/blog\/transferts-losc-lille-signe-berke-ozer\/#breadcrumb\"},\"inLanguage\":\"fr-FR\",\"potentialAction\":[{\"@type\":\"ReadAction\",\"target\":[\"https:\/\/dicodusport.fr\/blog\/transferts-losc-lille-signe-berke-ozer\/\"]}]},{\"@type\":\"ImageObject\",\"inLanguage\":\"fr-FR\",\"@id\":\"https:\/\/dicodusport.fr\/blog\/transferts-losc-lille-signe-berke-ozer\/#primaryimage\",\"url\":\"https:\/\/dicodusport.fr\/blog\/wp-content\/uploads\/2025\/08\/Transferts-LOSC-Lille-signe-Berke-Ozer.png\",\"contentUrl\":\"https:\/\/dicodusport.fr\/blog\/wp-content\/uploads\/2025\/08\/Transferts-LOSC-Lille-signe-Berke-Ozer.png\",\"width\":1200,\"height\":674},{\"@type\":\"BreadcrumbList\",\"@id\":\"https:\/\/dicodusport.fr\/blog\/transferts-losc-lille-signe-berke-ozer\/#breadcrumb\",\"itemListElement\":[{\"@type\":\"ListItem\",\"position\":1,\"name\":\"Accueil\",\"item\":\"https:\/\/dicodusport.fr\/blog\/\"},{\"@type\":\"ListItem\",\"position\":2,\"name\":\"Transferts LOSC : Lille signe Berke \u00d6zer\"}]},{\"@type\":\"WebSite\",\"@id\":\"https:\/\/dicodusport.fr\/blog\/#website\",\"url\":\"https:\/\/dicodusport.fr\/blog\/\",\"name\":\"Dicodusport\",\"description\":\"L&#039;encyclop\u00e9die de l&#039;actualit\u00e9 sportive\",\"publisher\":{\"@id\":\"https:\/\/dicodusport.fr\/blog\/#organization\"},\"potentialAction\":[{\"@type\":\"SearchAction\",\"target\":{\"@type\":\"EntryPoint\",\"urlTemplate\":\"https:\/\/dicodusport.fr\/blog\/?s={search_term_string}\"},\"query-input\":{\"@type\":\"PropertyValueSpecification\",\"valueRequired\":true,\"valueName\":\"search_term_string\"}}],\"inLanguage\":\"fr-FR\"},{\"@type\":\"NewsMediaOrganization\",\"@id\":\"https:\/\/dicodusport.fr\/blog\/#organization\",\"name\":\"Dicodusport\",\"url\":\"https:\/\/dicodusport.fr\/blog\/\",\"logo\":{\"@type\":\"ImageObject\",\"inLanguage\":\"fr-FR\",\"@id\":\"https:\/\/dicodusport.fr\/blog\/#\/schema\/logo\/image\/\",\"url\":\"https:\/\/dicodusport.fr\/blog\/wp-content\/uploads\/2020\/06\/cropped-LOGO-DICODUSPORT-2020-SANS-FOND-SANS-TEXTE.png\",\"contentUrl\":\"https:\/\/dicodusport.fr\/blog\/wp-content\/uploads\/2020\/06\/cropped-LOGO-DICODUSPORT-2020-SANS-FOND-SANS-TEXTE.png\",\"width\":512,\"height\":512,\"caption\":\"Dicodusport\"},\"image\":{\"@id\":\"https:\/\/dicodusport.fr\/blog\/#\/schema\/logo\/image\/\"},\"sameAs\":[\"https:\/\/www.facebook.com\/dicodusport\",\"https:\/\/x.com\/dicodusport\",\"https:\/\/www.instagram.com\/dicodusport\/\",\"https:\/\/www.youtube.com\/channel\/UC7V2KZ5sd3htJivAbA4ZG3w\"],\"description\":\"Dicodusport est l'encyclop\u00e9die de l'actualit\u00e9 sportive.\",\"email\":\"bonjour@dicodusport.fr\",\"legalName\":\"DICODUSPORT\",\"foundingDate\":\"2018-01-14\",\"vatID\":\"FR71834470973\",\"taxID\":\"83447097300043\",\"numberOfEmployees\":{\"@type\":\"QuantitativeValue\",\"minValue\":\"1\",\"maxValue\":\"10\"}},{\"@type\":\"Person\",\"@id\":\"https:\/\/dicodusport.fr\/blog\/#\/schema\/person\/55dcb50ad410894e431ed812bbb70191\",\"name\":\"Nicolas Jacquemard\",\"image\":{\"@type\":\"ImageObject\",\"inLanguage\":\"fr-FR\",\"@id\":\"https:\/\/dicodusport.fr\/blog\/#\/schema\/person\/image\/\",\"url\":\"https:\/\/dicodusport.fr\/blog\/wp-content\/uploads\/2021\/05\/Nicolas-Jacquemard-150x150.jpeg\",\"contentUrl\":\"https:\/\/dicodusport.fr\/blog\/wp-content\/uploads\/2021\/05\/Nicolas-Jacquemard-150x150.jpeg\",\"caption\":\"Nicolas Jacquemard\"},\"description\":\"Passionn\u00e9 de sport et entrepreneur depuis mes 18 ans, la cr\u00e9ation de Dicodusport m'a sembl\u00e9 \u00e9vidente pour participer \u00e0 la m\u00e9diatisation d'un plus grand nombre de sports. Le chemin est long mais avec une \u00e9quipe des plus motiv\u00e9es et les Jeux Olympiques de Paris 2024 en point de mire, nous y arriverons ! Journaliste dans le monde du sport depuis plus de 5 ans, je traite aussi bien de football, de rugby, de biathlon que de cyclisme.\",\"sameAs\":[\"https:\/\/www.facebook.com\/dicodusport\",\"https:\/\/x.com\/https:\/\/twitter.com\/Nico_Jacquemard\"],\"url\":\"https:\/\/dicodusport.fr\/blog\/author\/dicodusport\/\"}]}<\/script>\n<!-- \/ Yoast SEO Premium plugin. -->","yoast_head_json":{"title":"Transferts LOSC : Lille signe Berke \u00d6zer","description":"TRANSFERTS LOSC - Selon Foot Mercato, le LOSC va recruter le gardien Berke \u00d6zer pour remplacer Lucas Chevalier.","robots":{"index":"index","follow":"follow","max-snippet":"max-snippet:-1","max-image-preview":"max-image-preview:large","max-video-preview":"max-video-preview:-1"},"canonical":"https:\/\/dicodusport.fr\/blog\/transferts-losc-lille-signe-berke-ozer\/","og_locale":"fr_FR","og_type":"article","og_title":"Transferts LOSC : Lille signe Berke \u00d6zer","og_description":"TRANSFERTS LOSC - Selon Foot Mercato, le LOSC va recruter le gardien Berke \u00d6zer pour remplacer Lucas Chevalier.","og_url":"https:\/\/dicodusport.fr\/blog\/transferts-losc-lille-signe-berke-ozer\/","og_site_name":"Dicodusport","article_publisher":"https:\/\/www.facebook.com\/dicodusport","article_author":"https:\/\/www.facebook.com\/dicodusport","article_published_time":"2025-08-13T12:13:39+00:00","article_modified_time":"2025-08-13T12:47:32+00:00","og_image":[{"width":1200,"height":674,"url":"https:\/\/dicodusport.fr\/blog\/wp-content\/uploads\/2025\/08\/Transferts-LOSC-Lille-signe-Berke-Ozer.png","type":"image\/png"}],"author":"Nicolas Jacquemard","twitter_card":"summary_large_image","twitter_description":"TRANSFERTS LOSC - En qu\u00eate d'un nouveau gardien num\u00e9ro 1 pour pallier le d\u00e9part \u00e0 venir de Lucas Chevalier, le LOSC va miser sur un international portugais.","twitter_creator":"@https:\/\/twitter.com\/Nico_Jacquemard","twitter_site":"@dicodusport","schema":{"@context":"https:\/\/schema.org","@graph":[{"@type":"NewsArticle","@id":"https:\/\/dicodusport.fr\/blog\/transferts-losc-lille-signe-berke-ozer\/#article","isPartOf":{"@id":"https:\/\/dicodusport.fr\/blog\/transferts-losc-lille-signe-berke-ozer\/"},"author":{"name":"Nicolas Jacquemard","@id":"https:\/\/dicodusport.fr\/blog\/#\/schema\/person\/55dcb50ad410894e431ed812bbb70191"},"headline":"Transferts LOSC : Lille signe Berke \u00d6zer","datePublished":"2025-08-13T12:13:39+00:00","dateModified":"2025-08-13T12:47:32+00:00","mainEntityOfPage":{"@id":"https:\/\/dicodusport.fr\/blog\/transferts-losc-lille-signe-berke-ozer\/"},"wordCount":334,"commentCount":0,"publisher":{"@id":"https:\/\/dicodusport.fr\/blog\/#organization"},"image":{"@id":"https:\/\/dicodusport.fr\/blog\/transferts-losc-lille-signe-berke-ozer\/#primaryimage"},"thumbnailUrl":"https:\/\/dicodusport.fr\/blog\/wp-content\/uploads\/2025\/08\/Transferts-LOSC-Lille-signe-Berke-Ozer.png","keywords":["br\u00e8ve","Ligue 1","LOSC"],"articleSection":["Ligue 1"],"inLanguage":"fr-FR","potentialAction":[{"@type":"CommentAction","name":"Comment","target":["https:\/\/dicodusport.fr\/blog\/transferts-losc-lille-signe-berke-ozer\/#respond"]}],"copyrightYear":"2025","copyrightHolder":{"@id":"https:\/\/dicodusport.fr\/blog\/#organization"}},{"@type":"WebPage","@id":"https:\/\/dicodusport.fr\/blog\/transferts-losc-lille-signe-berke-ozer\/","url":"https:\/\/dicodusport.fr\/blog\/transferts-losc-lille-signe-berke-ozer\/","name":"Transferts LOSC : Lille signe Berke \u00d6zer","isPartOf":{"@id":"https:\/\/dicodusport.fr\/blog\/#website"},"primaryImageOfPage":{"@id":"https:\/\/dicodusport.fr\/blog\/transferts-losc-lille-signe-berke-ozer\/#primaryimage"},"image":{"@id":"https:\/\/dicodusport.fr\/blog\/transferts-losc-lille-signe-berke-ozer\/#primaryimage"},"thumbnailUrl":"https:\/\/dicodusport.fr\/blog\/wp-content\/uploads\/2025\/08\/Transferts-LOSC-Lille-signe-Berke-Ozer.png","datePublished":"2025-08-13T12:13:39+00:00","dateModified":"2025-08-13T12:47:32+00:00","description":"TRANSFERTS LOSC - Selon Foot Mercato, le LOSC va recruter le gardien Berke \u00d6zer pour remplacer Lucas Chevalier.","breadcrumb":{"@id":"https:\/\/dicodusport.fr\/blog\/transferts-losc-lille-signe-berke-ozer\/#breadcrumb"},"inLanguage":"fr-FR","potentialAction":[{"@type":"ReadAction","target":["https:\/\/dicodusport.fr\/blog\/transferts-losc-lille-signe-berke-ozer\/"]}]},{"@type":"ImageObject","inLanguage":"fr-FR","@id":"https:\/\/dicodusport.fr\/blog\/transferts-losc-lille-signe-berke-ozer\/#primaryimage","url":"https:\/\/dicodusport.fr\/blog\/wp-content\/uploads\/2025\/08\/Transferts-LOSC-Lille-signe-Berke-Ozer.png","contentUrl":"https:\/\/dicodusport.fr\/blog\/wp-content\/uploads\/2025\/08\/Transferts-LOSC-Lille-signe-Berke-Ozer.png","width":1200,"height":674},{"@type":"BreadcrumbList","@id":"https:\/\/dicodusport.fr\/blog\/transferts-losc-lille-signe-berke-ozer\/#breadcrumb","itemListElement":[{"@type":"ListItem","position":1,"name":"Accueil","item":"https:\/\/dicodusport.fr\/blog\/"},{"@type":"ListItem","position":2,"name":"Transferts LOSC : Lille signe Berke \u00d6zer"}]},{"@type":"WebSite","@id":"https:\/\/dicodusport.fr\/blog\/#website","url":"https:\/\/dicodusport.fr\/blog\/","name":"Dicodusport","description":"L&#039;encyclop\u00e9die de l&#039;actualit\u00e9 sportive","publisher":{"@id":"https:\/\/dicodusport.fr\/blog\/#organization"},"potentialAction":[{"@type":"SearchAction","target":{"@type":"EntryPoint","urlTemplate":"https:\/\/dicodusport.fr\/blog\/?s={search_term_string}"},"query-input":{"@type":"PropertyValueSpecification","valueRequired":true,"valueName":"search_term_string"}}],"inLanguage":"fr-FR"},{"@type":"NewsMediaOrganization","@id":"https:\/\/dicodusport.fr\/blog\/#organization","name":"Dicodusport","url":"https:\/\/dicodusport.fr\/blog\/","logo":{"@type":"ImageObject","inLanguage":"fr-FR","@id":"https:\/\/dicodusport.fr\/blog\/#\/schema\/logo\/image\/","url":"https:\/\/dicodusport.fr\/blog\/wp-content\/uploads\/2020\/06\/cropped-LOGO-DICODUSPORT-2020-SANS-FOND-SANS-TEXTE.png","contentUrl":"https:\/\/dicodusport.fr\/blog\/wp-content\/uploads\/2020\/06\/cropped-LOGO-DICODUSPORT-2020-SANS-FOND-SANS-TEXTE.png","width":512,"height":512,"caption":"Dicodusport"},"image":{"@id":"https:\/\/dicodusport.fr\/blog\/#\/schema\/logo\/image\/"},"sameAs":["https:\/\/www.facebook.com\/dicodusport","https:\/\/x.com\/dicodusport","https:\/\/www.instagram.com\/dicodusport\/","https:\/\/www.youtube.com\/channel\/UC7V2KZ5sd3htJivAbA4ZG3w"],"description":"Dicodusport est l'encyclop\u00e9die de l'actualit\u00e9 sportive.","email":"bonjour@dicodusport.fr","legalName":"DICODUSPORT","foundingDate":"2018-01-14","vatID":"FR71834470973","taxID":"83447097300043","numberOfEmployees":{"@type":"QuantitativeValue","minValue":"1","maxValue":"10"}},{"@type":"Person","@id":"https:\/\/dicodusport.fr\/blog\/#\/schema\/person\/55dcb50ad410894e431ed812bbb70191","name":"Nicolas Jacquemard","image":{"@type":"ImageObject","inLanguage":"fr-FR","@id":"https:\/\/dicodusport.fr\/blog\/#\/schema\/person\/image\/","url":"https:\/\/dicodusport.fr\/blog\/wp-content\/uploads\/2021\/05\/Nicolas-Jacquemard-150x150.jpeg","contentUrl":"https:\/\/dicodusport.fr\/blog\/wp-content\/uploads\/2021\/05\/Nicolas-Jacquemard-150x150.jpeg","caption":"Nicolas Jacquemard"},"description":"Passionn\u00e9 de sport et entrepreneur depuis mes 18 ans, la cr\u00e9ation de Dicodusport m'a sembl\u00e9 \u00e9vidente pour participer \u00e0 la m\u00e9diatisation d'un plus grand nombre de sports. Le chemin est long mais avec une \u00e9quipe des plus motiv\u00e9es et les Jeux Olympiques de Paris 2024 en point de mire, nous y arriverons ! Journaliste dans le monde du sport depuis plus de 5 ans, je traite aussi bien de football, de rugby, de biathlon que de cyclisme.","sameAs":["https:\/\/www.facebook.com\/dicodusport","https:\/\/x.com\/https:\/\/twitter.com\/Nico_Jacquemard"],"url":"https:\/\/dicodusport.fr\/blog\/author\/dicodusport\/"}]}},"_links":{"self":[{"href":"https:\/\/dicodusport.fr\/blog\/wp-json\/wp\/v2\/posts\/602445","targetHints":{"allow":["GET"]}}],"collection":[{"href":"https:\/\/dicodusport.fr\/blog\/wp-json\/wp\/v2\/posts"}],"about":[{"href":"https:\/\/dicodusport.fr\/blog\/wp-json\/wp\/v2\/types\/post"}],"author":[{"embeddable":true,"href":"https:\/\/dicodusport.fr\/blog\/wp-json\/wp\/v2\/users\/1"}],"replies":[{"embeddable":true,"href":"https:\/\/dicodusport.fr\/blog\/wp-json\/wp\/v2\/comments?post=602445"}],"version-history":[{"count":2,"href":"https:\/\/dicodusport.fr\/blog\/wp-json\/wp\/v2\/posts\/602445\/revisions"}],"predecessor-version":[{"id":602475,"href":"https:\/\/dicodusport.fr\/blog\/wp-json\/wp\/v2\/posts\/602445\/revisions\/602475"}],"wp:featuredmedia":[{"embeddable":true,"href":"https:\/\/dicodusport.fr\/blog\/wp-json\/wp\/v2\/media\/602447"}],"wp:attachment":[{"href":"https:\/\/dicodusport.fr\/blog\/wp-json\/wp\/v2\/media?parent=602445"}],"wp:term":[{"taxonomy":"category","embeddable":true,"href":"https:\/\/dicodusport.fr\/blog\/wp-json\/wp\/v2\/categories?post=602445"},{"taxonomy":"post_tag","embeddable":true,"href":"https:\/\/dicodusport.fr\/blog\/wp-json\/wp\/v2\/tags?post=602445"}],"curies":[{"name":"wp","href":"https:\/\/api.w.org\/{rel}","templated":true}]}}