{"id":602450,"date":"2025-09-04T11:24:53","date_gmt":"2025-09-04T09:24:53","guid":{"rendered":"https:\/\/dicodusport.fr\/blog\/?p=602450&#038;preview=true&#038;preview_id=602450"},"modified":"2025-09-04T11:24:57","modified_gmt":"2025-09-04T09:24:57","slug":"12eme-etape-tour-despagne-2025-parcours-detaille-et-profil","status":"publish","type":"post","link":"https:\/\/dicodusport.fr\/blog\/12eme-etape-tour-despagne-2025-parcours-detaille-et-profil\/","title":{"rendered":"12\u00e8me \u00e9tape Tour d&rsquo;Espagne 2025 : Parcours d\u00e9taill\u00e9 et profil"},"content":{"rendered":"<p style=\"text-align: justify;\"><strong><em>Retrouvez le parcours en d\u00e9tail et le profil complet de la 12\u00e8me \u00e9tape du Tour d&rsquo;Espagne 2025, qui se d\u00e9roule ce jeudi 4 septembre entre Laredo et Los Corrales de Buelna (143 km).<\/em><\/strong><\/p>\n<ul>\n<li style=\"text-align: justify;\"><strong>\u00c0 ce sujet \u2013\u00a0<a href=\"https:\/\/dicodusport.fr\/blog\/vuelta-classement-general-tour-despagne-2025-mis-a-jour\/\" rel=\"\">Vuelta : Classement g\u00e9n\u00e9ral Tour d\u2019Espagne 2025 mis \u00e0 jour<\/a><\/strong><\/li>\n<\/ul>\n<p style=\"text-align: justify;\">Longue de 143 kilom\u00e8tres, la <strong>12\u00e8me \u00e9tape de la Vuelta a Espa\u00f1a<\/strong> m\u00e8ne les coureurs de <strong>Laredo<\/strong> \u00e0 <strong>Los Corrales de Buelna<\/strong>. Le parcours compte pr\u00e8s de 2 900 m\u00e8tres de d\u00e9nivel\u00e9 positif, avec deux ascensions. Ce qu&rsquo;il faut savoir sur le trac\u00e9 du jour.<\/p>\n<h2 style=\"text-align: justify;\">Le parcours complet de la 12\u00e8me \u00e9tape du Tour d\u2019Espagne 2025<\/h2>\n<p style=\"text-align: justify;\">Au lendemain d&rsquo;une <a href=\"https:\/\/dicodusport.fr\/blog\/tour-despagne-2025-pas-de-vainqueur-sur-la-11eme-etape-perturbee-par-des-manifestants\/\">11\u00e8me \u00e9tape tronqu\u00e9e<\/a>, place \u00e0 une nouvelle journ\u00e9e propice aux \u00e9chapp\u00e9es ce jeudi. D&rsquo;abord, le d\u00e9part sera donn\u00e9 \u00e0 <strong>Laredo<\/strong> pour plus de 30 kilom\u00e8tres l\u00e9g\u00e8rement montant jusqu&rsquo;\u00e0 <strong>Arredondo<\/strong> pour atteindre l&rsquo;<strong>Alto de Alisas<\/strong>, long de 8,3 kilom\u00e8tres avec une pente moyenne de 6 %.<\/p>\n<p style=\"text-align: justify;\">Apr\u00e8s une descente de 9 kilom\u00e8tres, ce sera une route \u00e0 nouveau l\u00e9g\u00e8rement montante pendant plus de 35 kilom\u00e8tres en passant par <strong>Li\u00e9rganes<\/strong> et <strong>Vega de Villafutre<\/strong>. Puis, la route sera un peu plus vallonn\u00e9e sur 25 kilom\u00e8tres avec notamment l&rsquo;<strong>Alto de Hijas<\/strong>, une mont\u00e9e de 3,6 kilom\u00e8tres \u00e0 6,9 %, une bosse non r\u00e9pertori\u00e9e.<\/p>\n<p style=\"text-align: justify;\">Puis, la route s&rsquo;\u00e9l\u00e8vera doucement sur 15 kilom\u00e8tres pour rejoindre la <strong>Collada de Brenes<\/strong>, 6,6 kilom\u00e8tres \u00e0 8,3 % de moyenne, dont le sommet se trouve \u00e0 22,5 kilom\u00e8tres de l&rsquo;arriv\u00e9e. Au sommet, les coureurs basculeront dans une descente de 8 kilom\u00e8tres pour 15 derniers kilom\u00e8tres en faux plat descendant jusqu&rsquo;\u00e0 la ligne d&rsquo;arriv\u00e9e \u00e0 <strong>Los Corrales de Buelna<\/strong>.<\/p>\n<h2 style=\"text-align: justify;\">Le profil de la 12\u00e8me \u00e9tape du Tour d\u2019Espagne 2025<\/h2>\n<div id=\"attachment_607989\" style=\"width: 970px\" class=\"wp-caption aligncenter\"><a href=\"https:\/\/dicodusport.fr\/blog\/wp-content\/uploads\/2025\/08\/Profil-de-la-12eme-etape-du-Tour-dEspagne-2025.png\"><img loading=\"lazy\" decoding=\"async\" aria-describedby=\"caption-attachment-607989\" class=\"size-full wp-image-607989\" src=\"https:\/\/dicodusport.fr\/blog\/wp-content\/uploads\/2025\/08\/Profil-de-la-12eme-etape-du-Tour-dEspagne-2025.png\" alt=\"Profil de la 12\u00e8me \u00e9tape du Tour d'Espagne 2025\" width=\"960\" height=\"468\" srcset=\"https:\/\/dicodusport.fr\/blog\/wp-content\/uploads\/2025\/08\/Profil-de-la-12eme-etape-du-Tour-dEspagne-2025.png 960w, https:\/\/dicodusport.fr\/blog\/wp-content\/uploads\/2025\/08\/Profil-de-la-12eme-etape-du-Tour-dEspagne-2025-300x146.png 300w, https:\/\/dicodusport.fr\/blog\/wp-content\/uploads\/2025\/08\/Profil-de-la-12eme-etape-du-Tour-dEspagne-2025-768x374.png 768w\" sizes=\"auto, (max-width: 960px) 100vw, 960px\" \/><\/a><p id=\"caption-attachment-607989\" class=\"wp-caption-text\">Profil de la 12\u00e8me \u00e9tape du Tour d&rsquo;Espagne 2025<\/p><\/div>\n<div class=\"flex items-center gap-4 py-0.5 border-b last:border-none border-gray\" style=\"text-align: justify;\">\n<hr \/>\n<\/div>\n<ul>\n<li style=\"text-align: justify;\"><strong>\u00c0 ce sujet \u2013\u00a0<a href=\"https:\/\/dicodusport.fr\/blog\/actualites\/cyclisme\/cyclisme-sur-route-2024\/\">L\u2019actualit\u00e9 du cyclisme<\/a><\/strong><\/li>\n<\/ul>\n<div class=\"vlp-link-container vlp-layout-article\"><a href=\"https:\/\/dicodusport.fr\/blog\/cyclisme-mercato-2025-2026-le-tableau-des-transferts\/\" class=\"vlp-link\" title=\"Cyclisme Mercato 2025-2026 - Le tableau des transferts\"><\/a><div class=\"vlp-layout-zone-side\"><div class=\"vlp-block-4 vlp-link-image\"><img loading=\"lazy\" decoding=\"async\" style=\"max-width: 792px;\" width=\"792\" height=\"445\" src=\"https:\/\/dicodusport.fr\/blog\/wp-content\/uploads\/2025\/02\/Cyclisme-Mercato-2025-2026-Le-tableau-des-transferts.png\" class=\"attachment-800x445 size-800x445\" alt=\"Cyclisme Mercato 2025-2026 - Le tableau des transferts\" srcset=\"https:\/\/dicodusport.fr\/blog\/wp-content\/uploads\/2025\/02\/Cyclisme-Mercato-2025-2026-Le-tableau-des-transferts.png 1200w, https:\/\/dicodusport.fr\/blog\/wp-content\/uploads\/2025\/02\/Cyclisme-Mercato-2025-2026-Le-tableau-des-transferts-300x169.png 300w, https:\/\/dicodusport.fr\/blog\/wp-content\/uploads\/2025\/02\/Cyclisme-Mercato-2025-2026-Le-tableau-des-transferts-1024x575.png 1024w, https:\/\/dicodusport.fr\/blog\/wp-content\/uploads\/2025\/02\/Cyclisme-Mercato-2025-2026-Le-tableau-des-transferts-768x431.png 768w\" sizes=\"auto, (max-width: 792px) 100vw, 792px\" \/><\/div><\/div><div class=\"vlp-layout-zone-main\"><div class=\"vlp-block-0 vlp-link-title\">Cyclisme Mercato 2025-2026 - Le tableau des transferts<\/div><div class=\"vlp-block-1 vlp-link-summary\">MERCATO CYCLISME 2025-2026 - D\u00e9couvrez les transferts officiels et les rumeurs du mercato cycliste.<\/div><div class=\"vlp-block-2 vlp-link-button\">Lire l'article<\/div><div class=\"vlp-block-3 vlp-link-url\">dicodusport.fr<\/div><\/div><\/div>\n","protected":false},"excerpt":{"rendered":"<p>Retrouvez le parcours en d\u00e9tail et le profil complet de la 12\u00e8me \u00e9tape du Tour d&rsquo;Espagne 2025, qui se d\u00e9roule ce jeudi 4 septembre entre Laredo et Los Corrales de Buelna (143 km).<\/p>\n","protected":false},"author":48,"featured_media":607992,"comment_status":"open","ping_status":"closed","sticky":false,"template":"","format":"standard","meta":{"_acf_changed":false,"_daextam_enable_autolinks":"1","footnotes":""},"categories":[47042],"tags":[16878,574,11197,1671,1670],"class_list":["post-602450","post","type-post","status-publish","format-standard","has-post-thumbnail","hentry","category-tour-d-espagne","tag-breve","tag-cyclisme","tag-cyclisme-sur-route","tag-tour-despagne","tag-vuelta"],"acf":[],"yoast_head":"<!-- This site is optimized with the Yoast SEO Premium plugin v26.7 (Yoast SEO v26.7) - https:\/\/yoast.com\/wordpress\/plugins\/seo\/ -->\n<title>12\u00e8me \u00e9tape Tour d&#039;Espagne 2025 : Parcours d\u00e9taill\u00e9 et profil<\/title>\n<meta name=\"description\" content=\"Retrouvez le parcours en d\u00e9tail et le profil complet de la 12\u00e8me \u00e9tape du Tour d&#039;Espagne 2025, qui se d\u00e9roule ce jeudi 4 septembre entre Laredo et Los Corrales de Buelna (143 km).\" \/>\n<meta name=\"robots\" content=\"index, follow, max-snippet:-1, max-image-preview:large, max-video-preview:-1\" \/>\n<link rel=\"canonical\" href=\"https:\/\/dicodusport.fr\/blog\/12eme-etape-tour-despagne-2025-parcours-detaille-et-profil\/\" \/>\n<meta property=\"og:locale\" content=\"fr_FR\" \/>\n<meta property=\"og:type\" content=\"article\" \/>\n<meta property=\"og:title\" content=\"Vuelta 2025 : parcours et profil d\u00e9taill\u00e9 de la 12e \u00e9tape (143 km, 2 900 m D+)\" \/>\n<meta property=\"og:description\" content=\"Retrouvez le parcours en d\u00e9tail et le profil complet de la 12\u00e8me \u00e9tape du Tour d&#039;Espagne 2025, qui se d\u00e9roule ce jeudi 4 septembre entre Laredo et Los Corrales de Buelna (143 km).\" \/>\n<meta property=\"og:url\" content=\"https:\/\/dicodusport.fr\/blog\/12eme-etape-tour-despagne-2025-parcours-detaille-et-profil\/\" \/>\n<meta property=\"og:site_name\" content=\"Dicodusport\" \/>\n<meta property=\"article:publisher\" content=\"https:\/\/www.facebook.com\/dicodusport\" \/>\n<meta property=\"article:author\" content=\"https:\/\/www.facebook.com\/groups\/LesRoisDuPeloton\" \/>\n<meta property=\"article:published_time\" content=\"2025-09-04T09:24:53+00:00\" \/>\n<meta property=\"article:modified_time\" content=\"2025-09-04T09:24:57+00:00\" \/>\n<meta property=\"og:image\" content=\"https:\/\/dicodusport.fr\/blog\/wp-content\/uploads\/2025\/08\/12eme-etape-Tour-dEspagne-2025-Parcours-detaille-et-profil.png\" \/>\n\t<meta property=\"og:image:width\" content=\"1200\" \/>\n\t<meta property=\"og:image:height\" content=\"674\" \/>\n\t<meta property=\"og:image:type\" content=\"image\/png\" \/>\n<meta name=\"author\" content=\"Emilien Descampiaux\" \/>\n<meta name=\"twitter:card\" content=\"summary_large_image\" \/>\n<meta name=\"twitter:title\" content=\"Vuelta 2025 : parcours et profil d\u00e9taill\u00e9 de la 12e \u00e9tape (143 km, 2 900 m D+)\" \/>\n<meta name=\"twitter:creator\" content=\"@https:\/\/twitter.com\/LRoisDuPeloton\" \/>\n<meta name=\"twitter:site\" content=\"@dicodusport\" \/>\n<script type=\"application\/ld+json\" class=\"yoast-schema-graph\">{\"@context\":\"https:\/\/schema.org\",\"@graph\":[{\"@type\":\"NewsArticle\",\"@id\":\"https:\/\/dicodusport.fr\/blog\/12eme-etape-tour-despagne-2025-parcours-detaille-et-profil\/#article\",\"isPartOf\":{\"@id\":\"https:\/\/dicodusport.fr\/blog\/12eme-etape-tour-despagne-2025-parcours-detaille-et-profil\/\"},\"author\":{\"name\":\"Emilien Descampiaux\",\"@id\":\"https:\/\/dicodusport.fr\/blog\/#\/schema\/person\/6db4bae06b171592211be385b32876a7\"},\"headline\":\"12\u00e8me \u00e9tape Tour d&rsquo;Espagne 2025 : Parcours d\u00e9taill\u00e9 et profil\",\"datePublished\":\"2025-09-04T09:24:53+00:00\",\"dateModified\":\"2025-09-04T09:24:57+00:00\",\"mainEntityOfPage\":{\"@id\":\"https:\/\/dicodusport.fr\/blog\/12eme-etape-tour-despagne-2025-parcours-detaille-et-profil\/\"},\"wordCount\":401,\"commentCount\":0,\"publisher\":{\"@id\":\"https:\/\/dicodusport.fr\/blog\/#organization\"},\"image\":{\"@id\":\"https:\/\/dicodusport.fr\/blog\/12eme-etape-tour-despagne-2025-parcours-detaille-et-profil\/#primaryimage\"},\"thumbnailUrl\":\"https:\/\/dicodusport.fr\/blog\/wp-content\/uploads\/2025\/08\/12eme-etape-Tour-dEspagne-2025-Parcours-detaille-et-profil.png\",\"keywords\":[\"br\u00e8ve\",\"Cyclisme\",\"Cyclisme sur route\",\"Tour d'Espagne\",\"Vuelta\"],\"articleSection\":[\"Tour d'Espagne\"],\"inLanguage\":\"fr-FR\",\"potentialAction\":[{\"@type\":\"CommentAction\",\"name\":\"Comment\",\"target\":[\"https:\/\/dicodusport.fr\/blog\/12eme-etape-tour-despagne-2025-parcours-detaille-et-profil\/#respond\"]}],\"copyrightYear\":\"2025\",\"copyrightHolder\":{\"@id\":\"https:\/\/dicodusport.fr\/blog\/#organization\"}},{\"@type\":\"WebPage\",\"@id\":\"https:\/\/dicodusport.fr\/blog\/12eme-etape-tour-despagne-2025-parcours-detaille-et-profil\/\",\"url\":\"https:\/\/dicodusport.fr\/blog\/12eme-etape-tour-despagne-2025-parcours-detaille-et-profil\/\",\"name\":\"12\u00e8me \u00e9tape Tour d'Espagne 2025 : Parcours d\u00e9taill\u00e9 et profil\",\"isPartOf\":{\"@id\":\"https:\/\/dicodusport.fr\/blog\/#website\"},\"primaryImageOfPage\":{\"@id\":\"https:\/\/dicodusport.fr\/blog\/12eme-etape-tour-despagne-2025-parcours-detaille-et-profil\/#primaryimage\"},\"image\":{\"@id\":\"https:\/\/dicodusport.fr\/blog\/12eme-etape-tour-despagne-2025-parcours-detaille-et-profil\/#primaryimage\"},\"thumbnailUrl\":\"https:\/\/dicodusport.fr\/blog\/wp-content\/uploads\/2025\/08\/12eme-etape-Tour-dEspagne-2025-Parcours-detaille-et-profil.png\",\"datePublished\":\"2025-09-04T09:24:53+00:00\",\"dateModified\":\"2025-09-04T09:24:57+00:00\",\"description\":\"Retrouvez le parcours en d\u00e9tail et le profil complet de la 12\u00e8me \u00e9tape du Tour d'Espagne 2025, qui se d\u00e9roule ce jeudi 4 septembre entre Laredo et Los Corrales de Buelna (143 km).\",\"breadcrumb\":{\"@id\":\"https:\/\/dicodusport.fr\/blog\/12eme-etape-tour-despagne-2025-parcours-detaille-et-profil\/#breadcrumb\"},\"inLanguage\":\"fr-FR\",\"potentialAction\":[{\"@type\":\"ReadAction\",\"target\":[\"https:\/\/dicodusport.fr\/blog\/12eme-etape-tour-despagne-2025-parcours-detaille-et-profil\/\"]}]},{\"@type\":\"ImageObject\",\"inLanguage\":\"fr-FR\",\"@id\":\"https:\/\/dicodusport.fr\/blog\/12eme-etape-tour-despagne-2025-parcours-detaille-et-profil\/#primaryimage\",\"url\":\"https:\/\/dicodusport.fr\/blog\/wp-content\/uploads\/2025\/08\/12eme-etape-Tour-dEspagne-2025-Parcours-detaille-et-profil.png\",\"contentUrl\":\"https:\/\/dicodusport.fr\/blog\/wp-content\/uploads\/2025\/08\/12eme-etape-Tour-dEspagne-2025-Parcours-detaille-et-profil.png\",\"width\":1200,\"height\":674,\"caption\":\"12\u00e8me \u00e9tape Tour d'Espagne 2025 Parcours d\u00e9taill\u00e9 et profil\"},{\"@type\":\"BreadcrumbList\",\"@id\":\"https:\/\/dicodusport.fr\/blog\/12eme-etape-tour-despagne-2025-parcours-detaille-et-profil\/#breadcrumb\",\"itemListElement\":[{\"@type\":\"ListItem\",\"position\":1,\"name\":\"Accueil\",\"item\":\"https:\/\/dicodusport.fr\/blog\/\"},{\"@type\":\"ListItem\",\"position\":2,\"name\":\"12\u00e8me \u00e9tape Tour d&rsquo;Espagne 2025 : Parcours d\u00e9taill\u00e9 et profil\"}]},{\"@type\":\"WebSite\",\"@id\":\"https:\/\/dicodusport.fr\/blog\/#website\",\"url\":\"https:\/\/dicodusport.fr\/blog\/\",\"name\":\"Dicodusport\",\"description\":\"L&#039;encyclop\u00e9die de l&#039;actualit\u00e9 sportive\",\"publisher\":{\"@id\":\"https:\/\/dicodusport.fr\/blog\/#organization\"},\"potentialAction\":[{\"@type\":\"SearchAction\",\"target\":{\"@type\":\"EntryPoint\",\"urlTemplate\":\"https:\/\/dicodusport.fr\/blog\/?s={search_term_string}\"},\"query-input\":{\"@type\":\"PropertyValueSpecification\",\"valueRequired\":true,\"valueName\":\"search_term_string\"}}],\"inLanguage\":\"fr-FR\"},{\"@type\":\"NewsMediaOrganization\",\"@id\":\"https:\/\/dicodusport.fr\/blog\/#organization\",\"name\":\"Dicodusport\",\"url\":\"https:\/\/dicodusport.fr\/blog\/\",\"logo\":{\"@type\":\"ImageObject\",\"inLanguage\":\"fr-FR\",\"@id\":\"https:\/\/dicodusport.fr\/blog\/#\/schema\/logo\/image\/\",\"url\":\"https:\/\/dicodusport.fr\/blog\/wp-content\/uploads\/2020\/06\/cropped-LOGO-DICODUSPORT-2020-SANS-FOND-SANS-TEXTE.png\",\"contentUrl\":\"https:\/\/dicodusport.fr\/blog\/wp-content\/uploads\/2020\/06\/cropped-LOGO-DICODUSPORT-2020-SANS-FOND-SANS-TEXTE.png\",\"width\":512,\"height\":512,\"caption\":\"Dicodusport\"},\"image\":{\"@id\":\"https:\/\/dicodusport.fr\/blog\/#\/schema\/logo\/image\/\"},\"sameAs\":[\"https:\/\/www.facebook.com\/dicodusport\",\"https:\/\/x.com\/dicodusport\",\"https:\/\/www.instagram.com\/dicodusport\/\",\"https:\/\/www.youtube.com\/channel\/UC7V2KZ5sd3htJivAbA4ZG3w\"],\"description\":\"Dicodusport est l'encyclop\u00e9die de l'actualit\u00e9 sportive.\",\"email\":\"bonjour@dicodusport.fr\",\"legalName\":\"DICODUSPORT\",\"foundingDate\":\"2018-01-14\",\"vatID\":\"FR71834470973\",\"taxID\":\"83447097300043\",\"numberOfEmployees\":{\"@type\":\"QuantitativeValue\",\"minValue\":\"1\",\"maxValue\":\"10\"}},{\"@type\":\"Person\",\"@id\":\"https:\/\/dicodusport.fr\/blog\/#\/schema\/person\/6db4bae06b171592211be385b32876a7\",\"name\":\"Emilien Descampiaux\",\"image\":{\"@type\":\"ImageObject\",\"inLanguage\":\"fr-FR\",\"@id\":\"https:\/\/dicodusport.fr\/blog\/#\/schema\/person\/image\/\",\"url\":\"https:\/\/dicodusport.fr\/blog\/wp-content\/uploads\/2021\/05\/Emilien-Descampiaux-150x150.jpg\",\"contentUrl\":\"https:\/\/dicodusport.fr\/blog\/wp-content\/uploads\/2021\/05\/Emilien-Descampiaux-150x150.jpg\",\"caption\":\"Emilien Descampiaux\"},\"description\":\"Journaliste\/r\u00e9dacteur depuis 2014 - Fan de la classe de Frank Vandenbroucke, je vis cyclisme (et de ses paysages) depuis plus de 20 ans. Je suis tr\u00e8s impliqu\u00e9 sur mes diff\u00e9rents r\u00e9seaux sociaux pour partager ma passion sur le monde et l'Histoire de la bicyclette avec ma voix sur les images en noir et blanc du succ\u00e8s de Rik Van Steenbergen lors du Ronde sur le V\u00e9lodrome de Gand.\",\"sameAs\":[\"https:\/\/www.facebook.com\/groups\/LesRoisDuPeloton\",\"https:\/\/x.com\/https:\/\/twitter.com\/LRoisDuPeloton\"],\"url\":\"https:\/\/dicodusport.fr\/blog\/author\/emiliend\/\"}]}<\/script>\n<!-- \/ Yoast SEO Premium plugin. -->","yoast_head_json":{"title":"12\u00e8me \u00e9tape Tour d'Espagne 2025 : Parcours d\u00e9taill\u00e9 et profil","description":"Retrouvez le parcours en d\u00e9tail et le profil complet de la 12\u00e8me \u00e9tape du Tour d'Espagne 2025, qui se d\u00e9roule ce jeudi 4 septembre entre Laredo et Los Corrales de Buelna (143 km).","robots":{"index":"index","follow":"follow","max-snippet":"max-snippet:-1","max-image-preview":"max-image-preview:large","max-video-preview":"max-video-preview:-1"},"canonical":"https:\/\/dicodusport.fr\/blog\/12eme-etape-tour-despagne-2025-parcours-detaille-et-profil\/","og_locale":"fr_FR","og_type":"article","og_title":"Vuelta 2025 : parcours et profil d\u00e9taill\u00e9 de la 12e \u00e9tape (143 km, 2 900 m D+)","og_description":"Retrouvez le parcours en d\u00e9tail et le profil complet de la 12\u00e8me \u00e9tape du Tour d'Espagne 2025, qui se d\u00e9roule ce jeudi 4 septembre entre Laredo et Los Corrales de Buelna (143 km).","og_url":"https:\/\/dicodusport.fr\/blog\/12eme-etape-tour-despagne-2025-parcours-detaille-et-profil\/","og_site_name":"Dicodusport","article_publisher":"https:\/\/www.facebook.com\/dicodusport","article_author":"https:\/\/www.facebook.com\/groups\/LesRoisDuPeloton","article_published_time":"2025-09-04T09:24:53+00:00","article_modified_time":"2025-09-04T09:24:57+00:00","og_image":[{"width":1200,"height":674,"url":"https:\/\/dicodusport.fr\/blog\/wp-content\/uploads\/2025\/08\/12eme-etape-Tour-dEspagne-2025-Parcours-detaille-et-profil.png","type":"image\/png"}],"author":"Emilien Descampiaux","twitter_card":"summary_large_image","twitter_title":"Vuelta 2025 : parcours et profil d\u00e9taill\u00e9 de la 12e \u00e9tape (143 km, 2 900 m D+)","twitter_creator":"@https:\/\/twitter.com\/LRoisDuPeloton","twitter_site":"@dicodusport","schema":{"@context":"https:\/\/schema.org","@graph":[{"@type":"NewsArticle","@id":"https:\/\/dicodusport.fr\/blog\/12eme-etape-tour-despagne-2025-parcours-detaille-et-profil\/#article","isPartOf":{"@id":"https:\/\/dicodusport.fr\/blog\/12eme-etape-tour-despagne-2025-parcours-detaille-et-profil\/"},"author":{"name":"Emilien Descampiaux","@id":"https:\/\/dicodusport.fr\/blog\/#\/schema\/person\/6db4bae06b171592211be385b32876a7"},"headline":"12\u00e8me \u00e9tape Tour d&rsquo;Espagne 2025 : Parcours d\u00e9taill\u00e9 et profil","datePublished":"2025-09-04T09:24:53+00:00","dateModified":"2025-09-04T09:24:57+00:00","mainEntityOfPage":{"@id":"https:\/\/dicodusport.fr\/blog\/12eme-etape-tour-despagne-2025-parcours-detaille-et-profil\/"},"wordCount":401,"commentCount":0,"publisher":{"@id":"https:\/\/dicodusport.fr\/blog\/#organization"},"image":{"@id":"https:\/\/dicodusport.fr\/blog\/12eme-etape-tour-despagne-2025-parcours-detaille-et-profil\/#primaryimage"},"thumbnailUrl":"https:\/\/dicodusport.fr\/blog\/wp-content\/uploads\/2025\/08\/12eme-etape-Tour-dEspagne-2025-Parcours-detaille-et-profil.png","keywords":["br\u00e8ve","Cyclisme","Cyclisme sur route","Tour d'Espagne","Vuelta"],"articleSection":["Tour d'Espagne"],"inLanguage":"fr-FR","potentialAction":[{"@type":"CommentAction","name":"Comment","target":["https:\/\/dicodusport.fr\/blog\/12eme-etape-tour-despagne-2025-parcours-detaille-et-profil\/#respond"]}],"copyrightYear":"2025","copyrightHolder":{"@id":"https:\/\/dicodusport.fr\/blog\/#organization"}},{"@type":"WebPage","@id":"https:\/\/dicodusport.fr\/blog\/12eme-etape-tour-despagne-2025-parcours-detaille-et-profil\/","url":"https:\/\/dicodusport.fr\/blog\/12eme-etape-tour-despagne-2025-parcours-detaille-et-profil\/","name":"12\u00e8me \u00e9tape Tour d'Espagne 2025 : Parcours d\u00e9taill\u00e9 et profil","isPartOf":{"@id":"https:\/\/dicodusport.fr\/blog\/#website"},"primaryImageOfPage":{"@id":"https:\/\/dicodusport.fr\/blog\/12eme-etape-tour-despagne-2025-parcours-detaille-et-profil\/#primaryimage"},"image":{"@id":"https:\/\/dicodusport.fr\/blog\/12eme-etape-tour-despagne-2025-parcours-detaille-et-profil\/#primaryimage"},"thumbnailUrl":"https:\/\/dicodusport.fr\/blog\/wp-content\/uploads\/2025\/08\/12eme-etape-Tour-dEspagne-2025-Parcours-detaille-et-profil.png","datePublished":"2025-09-04T09:24:53+00:00","dateModified":"2025-09-04T09:24:57+00:00","description":"Retrouvez le parcours en d\u00e9tail et le profil complet de la 12\u00e8me \u00e9tape du Tour d'Espagne 2025, qui se d\u00e9roule ce jeudi 4 septembre entre Laredo et Los Corrales de Buelna (143 km).","breadcrumb":{"@id":"https:\/\/dicodusport.fr\/blog\/12eme-etape-tour-despagne-2025-parcours-detaille-et-profil\/#breadcrumb"},"inLanguage":"fr-FR","potentialAction":[{"@type":"ReadAction","target":["https:\/\/dicodusport.fr\/blog\/12eme-etape-tour-despagne-2025-parcours-detaille-et-profil\/"]}]},{"@type":"ImageObject","inLanguage":"fr-FR","@id":"https:\/\/dicodusport.fr\/blog\/12eme-etape-tour-despagne-2025-parcours-detaille-et-profil\/#primaryimage","url":"https:\/\/dicodusport.fr\/blog\/wp-content\/uploads\/2025\/08\/12eme-etape-Tour-dEspagne-2025-Parcours-detaille-et-profil.png","contentUrl":"https:\/\/dicodusport.fr\/blog\/wp-content\/uploads\/2025\/08\/12eme-etape-Tour-dEspagne-2025-Parcours-detaille-et-profil.png","width":1200,"height":674,"caption":"12\u00e8me \u00e9tape Tour d'Espagne 2025 Parcours d\u00e9taill\u00e9 et profil"},{"@type":"BreadcrumbList","@id":"https:\/\/dicodusport.fr\/blog\/12eme-etape-tour-despagne-2025-parcours-detaille-et-profil\/#breadcrumb","itemListElement":[{"@type":"ListItem","position":1,"name":"Accueil","item":"https:\/\/dicodusport.fr\/blog\/"},{"@type":"ListItem","position":2,"name":"12\u00e8me \u00e9tape Tour d&rsquo;Espagne 2025 : Parcours d\u00e9taill\u00e9 et profil"}]},{"@type":"WebSite","@id":"https:\/\/dicodusport.fr\/blog\/#website","url":"https:\/\/dicodusport.fr\/blog\/","name":"Dicodusport","description":"L&#039;encyclop\u00e9die de l&#039;actualit\u00e9 sportive","publisher":{"@id":"https:\/\/dicodusport.fr\/blog\/#organization"},"potentialAction":[{"@type":"SearchAction","target":{"@type":"EntryPoint","urlTemplate":"https:\/\/dicodusport.fr\/blog\/?s={search_term_string}"},"query-input":{"@type":"PropertyValueSpecification","valueRequired":true,"valueName":"search_term_string"}}],"inLanguage":"fr-FR"},{"@type":"NewsMediaOrganization","@id":"https:\/\/dicodusport.fr\/blog\/#organization","name":"Dicodusport","url":"https:\/\/dicodusport.fr\/blog\/","logo":{"@type":"ImageObject","inLanguage":"fr-FR","@id":"https:\/\/dicodusport.fr\/blog\/#\/schema\/logo\/image\/","url":"https:\/\/dicodusport.fr\/blog\/wp-content\/uploads\/2020\/06\/cropped-LOGO-DICODUSPORT-2020-SANS-FOND-SANS-TEXTE.png","contentUrl":"https:\/\/dicodusport.fr\/blog\/wp-content\/uploads\/2020\/06\/cropped-LOGO-DICODUSPORT-2020-SANS-FOND-SANS-TEXTE.png","width":512,"height":512,"caption":"Dicodusport"},"image":{"@id":"https:\/\/dicodusport.fr\/blog\/#\/schema\/logo\/image\/"},"sameAs":["https:\/\/www.facebook.com\/dicodusport","https:\/\/x.com\/dicodusport","https:\/\/www.instagram.com\/dicodusport\/","https:\/\/www.youtube.com\/channel\/UC7V2KZ5sd3htJivAbA4ZG3w"],"description":"Dicodusport est l'encyclop\u00e9die de l'actualit\u00e9 sportive.","email":"bonjour@dicodusport.fr","legalName":"DICODUSPORT","foundingDate":"2018-01-14","vatID":"FR71834470973","taxID":"83447097300043","numberOfEmployees":{"@type":"QuantitativeValue","minValue":"1","maxValue":"10"}},{"@type":"Person","@id":"https:\/\/dicodusport.fr\/blog\/#\/schema\/person\/6db4bae06b171592211be385b32876a7","name":"Emilien Descampiaux","image":{"@type":"ImageObject","inLanguage":"fr-FR","@id":"https:\/\/dicodusport.fr\/blog\/#\/schema\/person\/image\/","url":"https:\/\/dicodusport.fr\/blog\/wp-content\/uploads\/2021\/05\/Emilien-Descampiaux-150x150.jpg","contentUrl":"https:\/\/dicodusport.fr\/blog\/wp-content\/uploads\/2021\/05\/Emilien-Descampiaux-150x150.jpg","caption":"Emilien Descampiaux"},"description":"Journaliste\/r\u00e9dacteur depuis 2014 - Fan de la classe de Frank Vandenbroucke, je vis cyclisme (et de ses paysages) depuis plus de 20 ans. Je suis tr\u00e8s impliqu\u00e9 sur mes diff\u00e9rents r\u00e9seaux sociaux pour partager ma passion sur le monde et l'Histoire de la bicyclette avec ma voix sur les images en noir et blanc du succ\u00e8s de Rik Van Steenbergen lors du Ronde sur le V\u00e9lodrome de Gand.","sameAs":["https:\/\/www.facebook.com\/groups\/LesRoisDuPeloton","https:\/\/x.com\/https:\/\/twitter.com\/LRoisDuPeloton"],"url":"https:\/\/dicodusport.fr\/blog\/author\/emiliend\/"}]}},"_links":{"self":[{"href":"https:\/\/dicodusport.fr\/blog\/wp-json\/wp\/v2\/posts\/602450","targetHints":{"allow":["GET"]}}],"collection":[{"href":"https:\/\/dicodusport.fr\/blog\/wp-json\/wp\/v2\/posts"}],"about":[{"href":"https:\/\/dicodusport.fr\/blog\/wp-json\/wp\/v2\/types\/post"}],"author":[{"embeddable":true,"href":"https:\/\/dicodusport.fr\/blog\/wp-json\/wp\/v2\/users\/48"}],"replies":[{"embeddable":true,"href":"https:\/\/dicodusport.fr\/blog\/wp-json\/wp\/v2\/comments?post=602450"}],"version-history":[{"count":5,"href":"https:\/\/dicodusport.fr\/blog\/wp-json\/wp\/v2\/posts\/602450\/revisions"}],"predecessor-version":[{"id":607988,"href":"https:\/\/dicodusport.fr\/blog\/wp-json\/wp\/v2\/posts\/602450\/revisions\/607988"}],"wp:featuredmedia":[{"embeddable":true,"href":"https:\/\/dicodusport.fr\/blog\/wp-json\/wp\/v2\/media\/607992"}],"wp:attachment":[{"href":"https:\/\/dicodusport.fr\/blog\/wp-json\/wp\/v2\/media?parent=602450"}],"wp:term":[{"taxonomy":"category","embeddable":true,"href":"https:\/\/dicodusport.fr\/blog\/wp-json\/wp\/v2\/categories?post=602450"},{"taxonomy":"post_tag","embeddable":true,"href":"https:\/\/dicodusport.fr\/blog\/wp-json\/wp\/v2\/tags?post=602450"}],"curies":[{"name":"wp","href":"https:\/\/api.w.org\/{rel}","templated":true}]}}