{"id":602452,"date":"2025-09-05T10:54:22","date_gmt":"2025-09-05T08:54:22","guid":{"rendered":"https:\/\/dicodusport.fr\/blog\/?p=602452&#038;preview=true&#038;preview_id=602452"},"modified":"2025-09-05T10:54:30","modified_gmt":"2025-09-05T08:54:30","slug":"13eme-etape-tour-despagne-2025-parcours-detaille-et-profil","status":"publish","type":"post","link":"https:\/\/dicodusport.fr\/blog\/13eme-etape-tour-despagne-2025-parcours-detaille-et-profil\/","title":{"rendered":"13\u00e8me \u00e9tape Tour d&rsquo;Espagne 2025 : Parcours d\u00e9taill\u00e9 et profil"},"content":{"rendered":"<p style=\"text-align: justify;\"><strong><em>Retrouvez le parcours en d\u00e9tail et le profil complet de la 13\u00e8me \u00e9tape du Tour d&rsquo;Espagne 2025, qui se d\u00e9roule ce vendredi 5 septembre entre Cabez\u00f3n de la Sal et l&rsquo;Angliru (202 km).<\/em><\/strong><\/p>\n<ul>\n<li style=\"text-align: justify;\"><strong>\u00c0 ce sujet \u2013\u00a0<a href=\"https:\/\/dicodusport.fr\/blog\/vuelta-classement-general-tour-despagne-2025-mis-a-jour\/\" rel=\"\">Vuelta : Classement g\u00e9n\u00e9ral Tour d\u2019Espagne 2025 mis \u00e0 jour<\/a><\/strong><\/li>\n<\/ul>\n<p style=\"text-align: justify;\">La <strong>13\u00e8me \u00e9tape<\/strong> sera la plus longue de La Vuelta 2025, avec <strong>202 kilom\u00e8tres<\/strong> au programme. Elle offrira \u00e9galement l&rsquo;arriv\u00e9e la plus raide de cette \u00e9dition \u00e0 l&rsquo;<strong>Angliru<\/strong> et pas moins de <strong>4 000 m\u00e8tres de d\u00e9nivel\u00e9 positif<\/strong>.<\/p>\n<h2 style=\"text-align: justify;\">Le parcours complet de la 13\u00e8me \u00e9tape du Tour d\u2019Espagne 2025<\/h2>\n<p style=\"text-align: justify;\">Au lendemain <a href=\"https:\/\/dicodusport.fr\/blog\/tour-despagne-2025-2eme-victoire-pour-juan-ayuso-vainqueur-de-la-12eme-etape\/\">du deuxi\u00e8me succ\u00e8s d&rsquo;\u00e9tape de <strong>Juan Ayuso<\/strong> sur la Vuelta 2025<\/a>, place \u00e0 une journ\u00e9e \u00e9pic\u00e9e vers l&rsquo;Angliru. D&rsquo;abord, les coureurs rouleront sur des routes plates pour rejoindre les Asturies. Ce n&rsquo;est qu&rsquo;apr\u00e8s pr\u00e8s de 150 kilom\u00e8tres que le premier d\u00e9fi majeur appara\u00eetra : l&rsquo;<strong>Alto de Mozqueta<\/strong>, une mont\u00e9e de 6,6 kilom\u00e8tres \u00e0 8,4 %. D\u00e8s le pied, les pourcentages seront violents avec des rampes \u00e0 12 % pendant deux kilom\u00e8tres. Puis, les rampes deviendront moins s\u00e9v\u00e8res, mais resteront usantes entre 8 et 6 %.<\/p>\n<p style=\"text-align: justify;\">Puis, ce sera l&rsquo;ascension de l&rsquo;<strong>Alto de Cordal<\/strong> &#8211; 5,4 kilom\u00e8tres \u00e0 9,2 %. L&rsquo;ascension proposera de nombreuses ruptures de pente avec un passage \u00e0 13,7 % au pied, 1 800 m\u00e8tres \u00e0 plus de 10 % apr\u00e8s plus de 2 kilom\u00e8tres de mont\u00e9e et enfin des rampes \u00e0 12 % dans le dernier kilom\u00e8tre d&rsquo;ascension.<\/p>\n<h3 style=\"text-align: justify;\">L&rsquo;Angliru, un mythe<\/h3>\n<p style=\"text-align: justify;\">Ensuite, les coureurs descendront \u00e0 toute vitesse vers <strong>La Vega<\/strong>, o\u00f9 le plat principal est servi : l<strong>&lsquo;Alto de l&rsquo;Angliru<\/strong>. La mont\u00e9e est longue de 12,4 kilom\u00e8tres, mais il faut bien dire qu&rsquo;il y a en r\u00e9alit\u00e9 trois <em>Angliru<\/em>. Les cinq premiers kilom\u00e8tres montent \u00e0 8 %, suivis d&rsquo;un kilom\u00e8tre relativement plat. Mais c&rsquo;est dans la seconde moiti\u00e9 que les choses s\u00e9rieuses commencent, avec une pente moyenne de 15 %. Les coureurs abordent le secteur le plus raide \u00e0 23,5 % \u2013 bien nomm\u00e9 Cue\u00f1a les Cabres (sentier des ch\u00e8vres) \u2013 \u00e0 3 kilom\u00e8tres de l&rsquo;arriv\u00e9e.<\/p>\n<p style=\"text-align: justify;\"><strong>La Vuelta<\/strong> a fait escale pour la derni\u00e8re fois \u00e0 <strong>Angliru<\/strong> en 2023. C&rsquo;est lors de cette \u00e9tape que Primoz Roglic s&rsquo;\u00e9tait impos\u00e9, mais le Slov\u00e8ne n&rsquo;avait pu d\u00e9loger son co\u00e9quipier <strong>Sepp Kuss<\/strong> du maillot rouge.<\/p>\n<p style=\"text-align: justify;\">Les autres vainqueurs d&rsquo;\u00e9tape de l&rsquo;Angliru sont <strong>Hugh Carthy<\/strong> (2020), <strong>Alberto Contador<\/strong> (2017, 2008), <strong>Kenny Elissonde<\/strong> (2013), <strong>Wout Poels<\/strong> (2011, apr\u00e8s le d\u00e9classement pour dopage de Juan Jos\u00e9 Cobo), <strong>Roberto Heras<\/strong> (2002), <strong>Gilberto Simoni<\/strong> (2000) et <strong>Jos\u00e9 Mar\u00eda Jim\u00e9nez<\/strong> (1999).<\/p>\n<h2 style=\"text-align: justify;\">Le profil de la 13\u00e8me \u00e9tape du Tour d\u2019Espagne 2025<\/h2>\n<div id=\"attachment_608163\" style=\"width: 970px\" class=\"wp-caption aligncenter\"><a href=\"https:\/\/dicodusport.fr\/blog\/wp-content\/uploads\/2025\/08\/Profil-de-la-13eme-etape-du-Tour-dEspagne-2025-avec-lAngliru.png\"><img loading=\"lazy\" decoding=\"async\" aria-describedby=\"caption-attachment-608163\" class=\"size-full wp-image-608163\" src=\"https:\/\/dicodusport.fr\/blog\/wp-content\/uploads\/2025\/08\/Profil-de-la-13eme-etape-du-Tour-dEspagne-2025-avec-lAngliru.png\" alt=\"Profil de la 13\u00e8me \u00e9tape du Tour d'Espagne 2025 avec l'Angliru\" width=\"960\" height=\"471\" srcset=\"https:\/\/dicodusport.fr\/blog\/wp-content\/uploads\/2025\/08\/Profil-de-la-13eme-etape-du-Tour-dEspagne-2025-avec-lAngliru.png 960w, https:\/\/dicodusport.fr\/blog\/wp-content\/uploads\/2025\/08\/Profil-de-la-13eme-etape-du-Tour-dEspagne-2025-avec-lAngliru-300x147.png 300w, https:\/\/dicodusport.fr\/blog\/wp-content\/uploads\/2025\/08\/Profil-de-la-13eme-etape-du-Tour-dEspagne-2025-avec-lAngliru-768x377.png 768w\" sizes=\"auto, (max-width: 960px) 100vw, 960px\" \/><\/a><p id=\"caption-attachment-608163\" class=\"wp-caption-text\">Profil de la 13\u00e8me \u00e9tape du Tour d&rsquo;Espagne 2025 avec l&rsquo;Angliru<\/p><\/div>\n<div class=\"flex items-center gap-4 py-0.5 border-b last:border-none border-gray\" style=\"text-align: justify;\">\n<hr \/>\n<\/div>\n<ul>\n<li style=\"text-align: justify;\"><strong>\u00c0 ce sujet \u2013\u00a0<a href=\"https:\/\/dicodusport.fr\/blog\/actualites\/cyclisme\/cyclisme-sur-route-2024\/\">L\u2019actualit\u00e9 du cyclisme<\/a><\/strong><\/li>\n<\/ul>\n<div class=\"vlp-link-container vlp-layout-article\"><a href=\"https:\/\/dicodusport.fr\/blog\/cyclisme-mercato-2025-2026-le-tableau-des-transferts\/\" class=\"vlp-link\" title=\"Cyclisme Mercato 2025-2026 - Le tableau des transferts\"><\/a><div class=\"vlp-layout-zone-side\"><div class=\"vlp-block-4 vlp-link-image\"><img loading=\"lazy\" decoding=\"async\" style=\"max-width: 792px;\" width=\"792\" height=\"445\" src=\"https:\/\/dicodusport.fr\/blog\/wp-content\/uploads\/2025\/02\/Cyclisme-Mercato-2025-2026-Le-tableau-des-transferts.png\" class=\"attachment-800x445 size-800x445\" alt=\"Cyclisme Mercato 2025-2026 - Le tableau des transferts\" srcset=\"https:\/\/dicodusport.fr\/blog\/wp-content\/uploads\/2025\/02\/Cyclisme-Mercato-2025-2026-Le-tableau-des-transferts.png 1200w, https:\/\/dicodusport.fr\/blog\/wp-content\/uploads\/2025\/02\/Cyclisme-Mercato-2025-2026-Le-tableau-des-transferts-300x169.png 300w, https:\/\/dicodusport.fr\/blog\/wp-content\/uploads\/2025\/02\/Cyclisme-Mercato-2025-2026-Le-tableau-des-transferts-1024x575.png 1024w, https:\/\/dicodusport.fr\/blog\/wp-content\/uploads\/2025\/02\/Cyclisme-Mercato-2025-2026-Le-tableau-des-transferts-768x431.png 768w\" sizes=\"auto, (max-width: 792px) 100vw, 792px\" \/><\/div><\/div><div class=\"vlp-layout-zone-main\"><div class=\"vlp-block-0 vlp-link-title\">Cyclisme Mercato 2025-2026 - Le tableau des transferts<\/div><div class=\"vlp-block-1 vlp-link-summary\">MERCATO CYCLISME 2025-2026 - D\u00e9couvrez les transferts officiels et les rumeurs du mercato cycliste.<\/div><div class=\"vlp-block-2 vlp-link-button\">Lire l'article<\/div><div class=\"vlp-block-3 vlp-link-url\">dicodusport.fr<\/div><\/div><\/div>\n","protected":false},"excerpt":{"rendered":"<p>Retrouvez le parcours en d\u00e9tail et le profil complet de la 13\u00e8me \u00e9tape du Tour d&rsquo;Espagne 2025, qui se d\u00e9roule ce vendredi 5 septembre entre Cabez\u00f3n de la Sal et l&rsquo;Angliru (202 km).<\/p>\n","protected":false},"author":48,"featured_media":608168,"comment_status":"open","ping_status":"closed","sticky":false,"template":"","format":"standard","meta":{"_acf_changed":false,"_daextam_enable_autolinks":"1","footnotes":""},"categories":[47042],"tags":[16878,574,11197,1671,1670],"class_list":["post-602452","post","type-post","status-publish","format-standard","has-post-thumbnail","hentry","category-tour-d-espagne","tag-breve","tag-cyclisme","tag-cyclisme-sur-route","tag-tour-despagne","tag-vuelta"],"acf":[],"yoast_head":"<!-- This site is optimized with the Yoast SEO Premium plugin v26.7 (Yoast SEO v26.7) - https:\/\/yoast.com\/wordpress\/plugins\/seo\/ -->\n<title>13\u00e8me \u00e9tape Tour d&#039;Espagne 2025 : Parcours d\u00e9taill\u00e9 et profil<\/title>\n<meta name=\"description\" content=\"Retrouvez le parcours en d\u00e9tail et le profil complet de la 13\u00e8me \u00e9tape du Tour d&#039;Espagne 2025, qui se d\u00e9roule ce vendredi 5 septembre entre Cabez\u00f3n de la Sal et l&#039;Angliru (202 km).\" \/>\n<meta name=\"robots\" content=\"index, follow, max-snippet:-1, max-image-preview:large, max-video-preview:-1\" \/>\n<link rel=\"canonical\" href=\"https:\/\/dicodusport.fr\/blog\/13eme-etape-tour-despagne-2025-parcours-detaille-et-profil\/\" \/>\n<meta property=\"og:locale\" content=\"fr_FR\" \/>\n<meta property=\"og:type\" content=\"article\" \/>\n<meta property=\"og:title\" content=\"202 km et l\u2019ascension infernale de l\u2019Angliru : parcours et profil de la 13\u00e8me \u00e9tape de la Vuelta 2025\" \/>\n<meta property=\"og:description\" content=\"Retrouvez le parcours en d\u00e9tail et le profil complet de la 13\u00e8me \u00e9tape du Tour d&#039;Espagne 2025, qui se d\u00e9roule ce vendredi 5 septembre entre Cabez\u00f3n de la Sal et l&#039;Angliru (202 km).\" \/>\n<meta property=\"og:url\" content=\"https:\/\/dicodusport.fr\/blog\/13eme-etape-tour-despagne-2025-parcours-detaille-et-profil\/\" \/>\n<meta property=\"og:site_name\" content=\"Dicodusport\" \/>\n<meta property=\"article:publisher\" content=\"https:\/\/www.facebook.com\/dicodusport\" \/>\n<meta property=\"article:author\" content=\"https:\/\/www.facebook.com\/groups\/LesRoisDuPeloton\" \/>\n<meta property=\"article:published_time\" content=\"2025-09-05T08:54:22+00:00\" \/>\n<meta property=\"article:modified_time\" content=\"2025-09-05T08:54:30+00:00\" \/>\n<meta property=\"og:image\" content=\"https:\/\/dicodusport.fr\/blog\/wp-content\/uploads\/2025\/08\/13eme-etape-Tour-dEspagne-2025-Parcours-detaille-et-profil.png\" \/>\n\t<meta property=\"og:image:width\" content=\"1200\" \/>\n\t<meta property=\"og:image:height\" content=\"674\" \/>\n\t<meta property=\"og:image:type\" content=\"image\/png\" \/>\n<meta name=\"author\" content=\"Emilien Descampiaux\" \/>\n<meta name=\"twitter:card\" content=\"summary_large_image\" \/>\n<meta name=\"twitter:title\" content=\"202 km et l\u2019ascension infernale de l\u2019Angliru : parcours et profil de la 13\u00e8me \u00e9tape de la Vuelta 2025\" \/>\n<meta name=\"twitter:creator\" content=\"@https:\/\/twitter.com\/LRoisDuPeloton\" \/>\n<meta name=\"twitter:site\" content=\"@dicodusport\" \/>\n<script type=\"application\/ld+json\" class=\"yoast-schema-graph\">{\"@context\":\"https:\/\/schema.org\",\"@graph\":[{\"@type\":\"NewsArticle\",\"@id\":\"https:\/\/dicodusport.fr\/blog\/13eme-etape-tour-despagne-2025-parcours-detaille-et-profil\/#article\",\"isPartOf\":{\"@id\":\"https:\/\/dicodusport.fr\/blog\/13eme-etape-tour-despagne-2025-parcours-detaille-et-profil\/\"},\"author\":{\"name\":\"Emilien Descampiaux\",\"@id\":\"https:\/\/dicodusport.fr\/blog\/#\/schema\/person\/6db4bae06b171592211be385b32876a7\"},\"headline\":\"13\u00e8me \u00e9tape Tour d&rsquo;Espagne 2025 : Parcours d\u00e9taill\u00e9 et profil\",\"datePublished\":\"2025-09-05T08:54:22+00:00\",\"dateModified\":\"2025-09-05T08:54:30+00:00\",\"mainEntityOfPage\":{\"@id\":\"https:\/\/dicodusport.fr\/blog\/13eme-etape-tour-despagne-2025-parcours-detaille-et-profil\/\"},\"wordCount\":548,\"commentCount\":0,\"publisher\":{\"@id\":\"https:\/\/dicodusport.fr\/blog\/#organization\"},\"image\":{\"@id\":\"https:\/\/dicodusport.fr\/blog\/13eme-etape-tour-despagne-2025-parcours-detaille-et-profil\/#primaryimage\"},\"thumbnailUrl\":\"https:\/\/dicodusport.fr\/blog\/wp-content\/uploads\/2025\/08\/13eme-etape-Tour-dEspagne-2025-Parcours-detaille-et-profil.png\",\"keywords\":[\"br\u00e8ve\",\"Cyclisme\",\"Cyclisme sur route\",\"Tour d'Espagne\",\"Vuelta\"],\"articleSection\":[\"Tour d'Espagne\"],\"inLanguage\":\"fr-FR\",\"potentialAction\":[{\"@type\":\"CommentAction\",\"name\":\"Comment\",\"target\":[\"https:\/\/dicodusport.fr\/blog\/13eme-etape-tour-despagne-2025-parcours-detaille-et-profil\/#respond\"]}],\"copyrightYear\":\"2025\",\"copyrightHolder\":{\"@id\":\"https:\/\/dicodusport.fr\/blog\/#organization\"}},{\"@type\":\"WebPage\",\"@id\":\"https:\/\/dicodusport.fr\/blog\/13eme-etape-tour-despagne-2025-parcours-detaille-et-profil\/\",\"url\":\"https:\/\/dicodusport.fr\/blog\/13eme-etape-tour-despagne-2025-parcours-detaille-et-profil\/\",\"name\":\"13\u00e8me \u00e9tape Tour d'Espagne 2025 : Parcours d\u00e9taill\u00e9 et profil\",\"isPartOf\":{\"@id\":\"https:\/\/dicodusport.fr\/blog\/#website\"},\"primaryImageOfPage\":{\"@id\":\"https:\/\/dicodusport.fr\/blog\/13eme-etape-tour-despagne-2025-parcours-detaille-et-profil\/#primaryimage\"},\"image\":{\"@id\":\"https:\/\/dicodusport.fr\/blog\/13eme-etape-tour-despagne-2025-parcours-detaille-et-profil\/#primaryimage\"},\"thumbnailUrl\":\"https:\/\/dicodusport.fr\/blog\/wp-content\/uploads\/2025\/08\/13eme-etape-Tour-dEspagne-2025-Parcours-detaille-et-profil.png\",\"datePublished\":\"2025-09-05T08:54:22+00:00\",\"dateModified\":\"2025-09-05T08:54:30+00:00\",\"description\":\"Retrouvez le parcours en d\u00e9tail et le profil complet de la 13\u00e8me \u00e9tape du Tour d'Espagne 2025, qui se d\u00e9roule ce vendredi 5 septembre entre Cabez\u00f3n de la Sal et l'Angliru (202 km).\",\"breadcrumb\":{\"@id\":\"https:\/\/dicodusport.fr\/blog\/13eme-etape-tour-despagne-2025-parcours-detaille-et-profil\/#breadcrumb\"},\"inLanguage\":\"fr-FR\",\"potentialAction\":[{\"@type\":\"ReadAction\",\"target\":[\"https:\/\/dicodusport.fr\/blog\/13eme-etape-tour-despagne-2025-parcours-detaille-et-profil\/\"]}]},{\"@type\":\"ImageObject\",\"inLanguage\":\"fr-FR\",\"@id\":\"https:\/\/dicodusport.fr\/blog\/13eme-etape-tour-despagne-2025-parcours-detaille-et-profil\/#primaryimage\",\"url\":\"https:\/\/dicodusport.fr\/blog\/wp-content\/uploads\/2025\/08\/13eme-etape-Tour-dEspagne-2025-Parcours-detaille-et-profil.png\",\"contentUrl\":\"https:\/\/dicodusport.fr\/blog\/wp-content\/uploads\/2025\/08\/13eme-etape-Tour-dEspagne-2025-Parcours-detaille-et-profil.png\",\"width\":1200,\"height\":674,\"caption\":\"13\u00e8me \u00e9tape Tour d'Espagne 2025 Parcours d\u00e9taill\u00e9 et profil\"},{\"@type\":\"BreadcrumbList\",\"@id\":\"https:\/\/dicodusport.fr\/blog\/13eme-etape-tour-despagne-2025-parcours-detaille-et-profil\/#breadcrumb\",\"itemListElement\":[{\"@type\":\"ListItem\",\"position\":1,\"name\":\"Accueil\",\"item\":\"https:\/\/dicodusport.fr\/blog\/\"},{\"@type\":\"ListItem\",\"position\":2,\"name\":\"13\u00e8me \u00e9tape Tour d&rsquo;Espagne 2025 : Parcours d\u00e9taill\u00e9 et profil\"}]},{\"@type\":\"WebSite\",\"@id\":\"https:\/\/dicodusport.fr\/blog\/#website\",\"url\":\"https:\/\/dicodusport.fr\/blog\/\",\"name\":\"Dicodusport\",\"description\":\"L&#039;encyclop\u00e9die de l&#039;actualit\u00e9 sportive\",\"publisher\":{\"@id\":\"https:\/\/dicodusport.fr\/blog\/#organization\"},\"potentialAction\":[{\"@type\":\"SearchAction\",\"target\":{\"@type\":\"EntryPoint\",\"urlTemplate\":\"https:\/\/dicodusport.fr\/blog\/?s={search_term_string}\"},\"query-input\":{\"@type\":\"PropertyValueSpecification\",\"valueRequired\":true,\"valueName\":\"search_term_string\"}}],\"inLanguage\":\"fr-FR\"},{\"@type\":\"NewsMediaOrganization\",\"@id\":\"https:\/\/dicodusport.fr\/blog\/#organization\",\"name\":\"Dicodusport\",\"url\":\"https:\/\/dicodusport.fr\/blog\/\",\"logo\":{\"@type\":\"ImageObject\",\"inLanguage\":\"fr-FR\",\"@id\":\"https:\/\/dicodusport.fr\/blog\/#\/schema\/logo\/image\/\",\"url\":\"https:\/\/dicodusport.fr\/blog\/wp-content\/uploads\/2020\/06\/cropped-LOGO-DICODUSPORT-2020-SANS-FOND-SANS-TEXTE.png\",\"contentUrl\":\"https:\/\/dicodusport.fr\/blog\/wp-content\/uploads\/2020\/06\/cropped-LOGO-DICODUSPORT-2020-SANS-FOND-SANS-TEXTE.png\",\"width\":512,\"height\":512,\"caption\":\"Dicodusport\"},\"image\":{\"@id\":\"https:\/\/dicodusport.fr\/blog\/#\/schema\/logo\/image\/\"},\"sameAs\":[\"https:\/\/www.facebook.com\/dicodusport\",\"https:\/\/x.com\/dicodusport\",\"https:\/\/www.instagram.com\/dicodusport\/\",\"https:\/\/www.youtube.com\/channel\/UC7V2KZ5sd3htJivAbA4ZG3w\"],\"description\":\"Dicodusport est l'encyclop\u00e9die de l'actualit\u00e9 sportive.\",\"email\":\"bonjour@dicodusport.fr\",\"legalName\":\"DICODUSPORT\",\"foundingDate\":\"2018-01-14\",\"vatID\":\"FR71834470973\",\"taxID\":\"83447097300043\",\"numberOfEmployees\":{\"@type\":\"QuantitativeValue\",\"minValue\":\"1\",\"maxValue\":\"10\"}},{\"@type\":\"Person\",\"@id\":\"https:\/\/dicodusport.fr\/blog\/#\/schema\/person\/6db4bae06b171592211be385b32876a7\",\"name\":\"Emilien Descampiaux\",\"image\":{\"@type\":\"ImageObject\",\"inLanguage\":\"fr-FR\",\"@id\":\"https:\/\/dicodusport.fr\/blog\/#\/schema\/person\/image\/\",\"url\":\"https:\/\/dicodusport.fr\/blog\/wp-content\/uploads\/2021\/05\/Emilien-Descampiaux-150x150.jpg\",\"contentUrl\":\"https:\/\/dicodusport.fr\/blog\/wp-content\/uploads\/2021\/05\/Emilien-Descampiaux-150x150.jpg\",\"caption\":\"Emilien Descampiaux\"},\"description\":\"Journaliste\/r\u00e9dacteur depuis 2014 - Fan de la classe de Frank Vandenbroucke, je vis cyclisme (et de ses paysages) depuis plus de 20 ans. Je suis tr\u00e8s impliqu\u00e9 sur mes diff\u00e9rents r\u00e9seaux sociaux pour partager ma passion sur le monde et l'Histoire de la bicyclette avec ma voix sur les images en noir et blanc du succ\u00e8s de Rik Van Steenbergen lors du Ronde sur le V\u00e9lodrome de Gand.\",\"sameAs\":[\"https:\/\/www.facebook.com\/groups\/LesRoisDuPeloton\",\"https:\/\/x.com\/https:\/\/twitter.com\/LRoisDuPeloton\"],\"url\":\"https:\/\/dicodusport.fr\/blog\/author\/emiliend\/\"}]}<\/script>\n<!-- \/ Yoast SEO Premium plugin. -->","yoast_head_json":{"title":"13\u00e8me \u00e9tape Tour d'Espagne 2025 : Parcours d\u00e9taill\u00e9 et profil","description":"Retrouvez le parcours en d\u00e9tail et le profil complet de la 13\u00e8me \u00e9tape du Tour d'Espagne 2025, qui se d\u00e9roule ce vendredi 5 septembre entre Cabez\u00f3n de la Sal et l'Angliru (202 km).","robots":{"index":"index","follow":"follow","max-snippet":"max-snippet:-1","max-image-preview":"max-image-preview:large","max-video-preview":"max-video-preview:-1"},"canonical":"https:\/\/dicodusport.fr\/blog\/13eme-etape-tour-despagne-2025-parcours-detaille-et-profil\/","og_locale":"fr_FR","og_type":"article","og_title":"202 km et l\u2019ascension infernale de l\u2019Angliru : parcours et profil de la 13\u00e8me \u00e9tape de la Vuelta 2025","og_description":"Retrouvez le parcours en d\u00e9tail et le profil complet de la 13\u00e8me \u00e9tape du Tour d'Espagne 2025, qui se d\u00e9roule ce vendredi 5 septembre entre Cabez\u00f3n de la Sal et l'Angliru (202 km).","og_url":"https:\/\/dicodusport.fr\/blog\/13eme-etape-tour-despagne-2025-parcours-detaille-et-profil\/","og_site_name":"Dicodusport","article_publisher":"https:\/\/www.facebook.com\/dicodusport","article_author":"https:\/\/www.facebook.com\/groups\/LesRoisDuPeloton","article_published_time":"2025-09-05T08:54:22+00:00","article_modified_time":"2025-09-05T08:54:30+00:00","og_image":[{"width":1200,"height":674,"url":"https:\/\/dicodusport.fr\/blog\/wp-content\/uploads\/2025\/08\/13eme-etape-Tour-dEspagne-2025-Parcours-detaille-et-profil.png","type":"image\/png"}],"author":"Emilien Descampiaux","twitter_card":"summary_large_image","twitter_title":"202 km et l\u2019ascension infernale de l\u2019Angliru : parcours et profil de la 13\u00e8me \u00e9tape de la Vuelta 2025","twitter_creator":"@https:\/\/twitter.com\/LRoisDuPeloton","twitter_site":"@dicodusport","schema":{"@context":"https:\/\/schema.org","@graph":[{"@type":"NewsArticle","@id":"https:\/\/dicodusport.fr\/blog\/13eme-etape-tour-despagne-2025-parcours-detaille-et-profil\/#article","isPartOf":{"@id":"https:\/\/dicodusport.fr\/blog\/13eme-etape-tour-despagne-2025-parcours-detaille-et-profil\/"},"author":{"name":"Emilien Descampiaux","@id":"https:\/\/dicodusport.fr\/blog\/#\/schema\/person\/6db4bae06b171592211be385b32876a7"},"headline":"13\u00e8me \u00e9tape Tour d&rsquo;Espagne 2025 : Parcours d\u00e9taill\u00e9 et profil","datePublished":"2025-09-05T08:54:22+00:00","dateModified":"2025-09-05T08:54:30+00:00","mainEntityOfPage":{"@id":"https:\/\/dicodusport.fr\/blog\/13eme-etape-tour-despagne-2025-parcours-detaille-et-profil\/"},"wordCount":548,"commentCount":0,"publisher":{"@id":"https:\/\/dicodusport.fr\/blog\/#organization"},"image":{"@id":"https:\/\/dicodusport.fr\/blog\/13eme-etape-tour-despagne-2025-parcours-detaille-et-profil\/#primaryimage"},"thumbnailUrl":"https:\/\/dicodusport.fr\/blog\/wp-content\/uploads\/2025\/08\/13eme-etape-Tour-dEspagne-2025-Parcours-detaille-et-profil.png","keywords":["br\u00e8ve","Cyclisme","Cyclisme sur route","Tour d'Espagne","Vuelta"],"articleSection":["Tour d'Espagne"],"inLanguage":"fr-FR","potentialAction":[{"@type":"CommentAction","name":"Comment","target":["https:\/\/dicodusport.fr\/blog\/13eme-etape-tour-despagne-2025-parcours-detaille-et-profil\/#respond"]}],"copyrightYear":"2025","copyrightHolder":{"@id":"https:\/\/dicodusport.fr\/blog\/#organization"}},{"@type":"WebPage","@id":"https:\/\/dicodusport.fr\/blog\/13eme-etape-tour-despagne-2025-parcours-detaille-et-profil\/","url":"https:\/\/dicodusport.fr\/blog\/13eme-etape-tour-despagne-2025-parcours-detaille-et-profil\/","name":"13\u00e8me \u00e9tape Tour d'Espagne 2025 : Parcours d\u00e9taill\u00e9 et profil","isPartOf":{"@id":"https:\/\/dicodusport.fr\/blog\/#website"},"primaryImageOfPage":{"@id":"https:\/\/dicodusport.fr\/blog\/13eme-etape-tour-despagne-2025-parcours-detaille-et-profil\/#primaryimage"},"image":{"@id":"https:\/\/dicodusport.fr\/blog\/13eme-etape-tour-despagne-2025-parcours-detaille-et-profil\/#primaryimage"},"thumbnailUrl":"https:\/\/dicodusport.fr\/blog\/wp-content\/uploads\/2025\/08\/13eme-etape-Tour-dEspagne-2025-Parcours-detaille-et-profil.png","datePublished":"2025-09-05T08:54:22+00:00","dateModified":"2025-09-05T08:54:30+00:00","description":"Retrouvez le parcours en d\u00e9tail et le profil complet de la 13\u00e8me \u00e9tape du Tour d'Espagne 2025, qui se d\u00e9roule ce vendredi 5 septembre entre Cabez\u00f3n de la Sal et l'Angliru (202 km).","breadcrumb":{"@id":"https:\/\/dicodusport.fr\/blog\/13eme-etape-tour-despagne-2025-parcours-detaille-et-profil\/#breadcrumb"},"inLanguage":"fr-FR","potentialAction":[{"@type":"ReadAction","target":["https:\/\/dicodusport.fr\/blog\/13eme-etape-tour-despagne-2025-parcours-detaille-et-profil\/"]}]},{"@type":"ImageObject","inLanguage":"fr-FR","@id":"https:\/\/dicodusport.fr\/blog\/13eme-etape-tour-despagne-2025-parcours-detaille-et-profil\/#primaryimage","url":"https:\/\/dicodusport.fr\/blog\/wp-content\/uploads\/2025\/08\/13eme-etape-Tour-dEspagne-2025-Parcours-detaille-et-profil.png","contentUrl":"https:\/\/dicodusport.fr\/blog\/wp-content\/uploads\/2025\/08\/13eme-etape-Tour-dEspagne-2025-Parcours-detaille-et-profil.png","width":1200,"height":674,"caption":"13\u00e8me \u00e9tape Tour d'Espagne 2025 Parcours d\u00e9taill\u00e9 et profil"},{"@type":"BreadcrumbList","@id":"https:\/\/dicodusport.fr\/blog\/13eme-etape-tour-despagne-2025-parcours-detaille-et-profil\/#breadcrumb","itemListElement":[{"@type":"ListItem","position":1,"name":"Accueil","item":"https:\/\/dicodusport.fr\/blog\/"},{"@type":"ListItem","position":2,"name":"13\u00e8me \u00e9tape Tour d&rsquo;Espagne 2025 : Parcours d\u00e9taill\u00e9 et profil"}]},{"@type":"WebSite","@id":"https:\/\/dicodusport.fr\/blog\/#website","url":"https:\/\/dicodusport.fr\/blog\/","name":"Dicodusport","description":"L&#039;encyclop\u00e9die de l&#039;actualit\u00e9 sportive","publisher":{"@id":"https:\/\/dicodusport.fr\/blog\/#organization"},"potentialAction":[{"@type":"SearchAction","target":{"@type":"EntryPoint","urlTemplate":"https:\/\/dicodusport.fr\/blog\/?s={search_term_string}"},"query-input":{"@type":"PropertyValueSpecification","valueRequired":true,"valueName":"search_term_string"}}],"inLanguage":"fr-FR"},{"@type":"NewsMediaOrganization","@id":"https:\/\/dicodusport.fr\/blog\/#organization","name":"Dicodusport","url":"https:\/\/dicodusport.fr\/blog\/","logo":{"@type":"ImageObject","inLanguage":"fr-FR","@id":"https:\/\/dicodusport.fr\/blog\/#\/schema\/logo\/image\/","url":"https:\/\/dicodusport.fr\/blog\/wp-content\/uploads\/2020\/06\/cropped-LOGO-DICODUSPORT-2020-SANS-FOND-SANS-TEXTE.png","contentUrl":"https:\/\/dicodusport.fr\/blog\/wp-content\/uploads\/2020\/06\/cropped-LOGO-DICODUSPORT-2020-SANS-FOND-SANS-TEXTE.png","width":512,"height":512,"caption":"Dicodusport"},"image":{"@id":"https:\/\/dicodusport.fr\/blog\/#\/schema\/logo\/image\/"},"sameAs":["https:\/\/www.facebook.com\/dicodusport","https:\/\/x.com\/dicodusport","https:\/\/www.instagram.com\/dicodusport\/","https:\/\/www.youtube.com\/channel\/UC7V2KZ5sd3htJivAbA4ZG3w"],"description":"Dicodusport est l'encyclop\u00e9die de l'actualit\u00e9 sportive.","email":"bonjour@dicodusport.fr","legalName":"DICODUSPORT","foundingDate":"2018-01-14","vatID":"FR71834470973","taxID":"83447097300043","numberOfEmployees":{"@type":"QuantitativeValue","minValue":"1","maxValue":"10"}},{"@type":"Person","@id":"https:\/\/dicodusport.fr\/blog\/#\/schema\/person\/6db4bae06b171592211be385b32876a7","name":"Emilien Descampiaux","image":{"@type":"ImageObject","inLanguage":"fr-FR","@id":"https:\/\/dicodusport.fr\/blog\/#\/schema\/person\/image\/","url":"https:\/\/dicodusport.fr\/blog\/wp-content\/uploads\/2021\/05\/Emilien-Descampiaux-150x150.jpg","contentUrl":"https:\/\/dicodusport.fr\/blog\/wp-content\/uploads\/2021\/05\/Emilien-Descampiaux-150x150.jpg","caption":"Emilien Descampiaux"},"description":"Journaliste\/r\u00e9dacteur depuis 2014 - Fan de la classe de Frank Vandenbroucke, je vis cyclisme (et de ses paysages) depuis plus de 20 ans. Je suis tr\u00e8s impliqu\u00e9 sur mes diff\u00e9rents r\u00e9seaux sociaux pour partager ma passion sur le monde et l'Histoire de la bicyclette avec ma voix sur les images en noir et blanc du succ\u00e8s de Rik Van Steenbergen lors du Ronde sur le V\u00e9lodrome de Gand.","sameAs":["https:\/\/www.facebook.com\/groups\/LesRoisDuPeloton","https:\/\/x.com\/https:\/\/twitter.com\/LRoisDuPeloton"],"url":"https:\/\/dicodusport.fr\/blog\/author\/emiliend\/"}]}},"_links":{"self":[{"href":"https:\/\/dicodusport.fr\/blog\/wp-json\/wp\/v2\/posts\/602452","targetHints":{"allow":["GET"]}}],"collection":[{"href":"https:\/\/dicodusport.fr\/blog\/wp-json\/wp\/v2\/posts"}],"about":[{"href":"https:\/\/dicodusport.fr\/blog\/wp-json\/wp\/v2\/types\/post"}],"author":[{"embeddable":true,"href":"https:\/\/dicodusport.fr\/blog\/wp-json\/wp\/v2\/users\/48"}],"replies":[{"embeddable":true,"href":"https:\/\/dicodusport.fr\/blog\/wp-json\/wp\/v2\/comments?post=602452"}],"version-history":[{"count":5,"href":"https:\/\/dicodusport.fr\/blog\/wp-json\/wp\/v2\/posts\/602452\/revisions"}],"predecessor-version":[{"id":608403,"href":"https:\/\/dicodusport.fr\/blog\/wp-json\/wp\/v2\/posts\/602452\/revisions\/608403"}],"wp:featuredmedia":[{"embeddable":true,"href":"https:\/\/dicodusport.fr\/blog\/wp-json\/wp\/v2\/media\/608168"}],"wp:attachment":[{"href":"https:\/\/dicodusport.fr\/blog\/wp-json\/wp\/v2\/media?parent=602452"}],"wp:term":[{"taxonomy":"category","embeddable":true,"href":"https:\/\/dicodusport.fr\/blog\/wp-json\/wp\/v2\/categories?post=602452"},{"taxonomy":"post_tag","embeddable":true,"href":"https:\/\/dicodusport.fr\/blog\/wp-json\/wp\/v2\/tags?post=602452"}],"curies":[{"name":"wp","href":"https:\/\/api.w.org\/{rel}","templated":true}]}}