{"id":602459,"date":"2025-09-06T10:00:41","date_gmt":"2025-09-06T08:00:41","guid":{"rendered":"https:\/\/dicodusport.fr\/blog\/?p=602459&#038;preview=true&#038;preview_id=602459"},"modified":"2025-09-05T22:28:47","modified_gmt":"2025-09-05T20:28:47","slug":"15eme-etape-tour-despagne-2025-parcours-detaille-et-profil","status":"publish","type":"post","link":"https:\/\/dicodusport.fr\/blog\/15eme-etape-tour-despagne-2025-parcours-detaille-et-profil\/","title":{"rendered":"15\u00e8me \u00e9tape Tour d&rsquo;Espagne 2025 : Parcours d\u00e9taill\u00e9 et profil"},"content":{"rendered":"<p style=\"text-align: justify;\"><strong><em>Retrouvez le parcours en d\u00e9tail et le profil complet de la 15\u00e8me \u00e9tape du Tour d&rsquo;Espagne 2025, qui se d\u00e9roule ce dimanche 7 septembre entre Vegadeo et Monforte de Lemos (167 km).<\/em><\/strong><\/p>\n<ul>\n<li style=\"text-align: justify;\"><strong>\u00c0 ce sujet \u2013\u00a0<a href=\"https:\/\/dicodusport.fr\/blog\/vuelta-classement-general-tour-despagne-2025-mis-a-jour\/\" rel=\"\">Vuelta : Classement g\u00e9n\u00e9ral Tour d\u2019Espagne 2025 mis \u00e0 jour<\/a><\/strong><\/li>\n<\/ul>\n<p style=\"text-align: justify;\">La <strong>15\u00e8me \u00e9tape de La Vuelta<\/strong> m\u00e8nera les coureurs de <strong>Vegadeo<\/strong> \u00e0 <strong>Monforte de Lemos<\/strong> sur <strong>167 kilom\u00e8tres<\/strong> avec <strong>3 300 m\u00e8tres de d\u00e9nivel\u00e9 positif<\/strong>, dont la majeure partie est concentr\u00e9e sur les 60 premiers kilom\u00e8tres.<\/p>\n<h2>Le parcours complet de la 15\u00e8me \u00e9tape du Tour d\u2019Espagne 2025<\/h2>\n<p style=\"text-align: justify;\">D&rsquo;abord, le d\u00e9part sera donn\u00e9 \u00e0 <strong>Vegadeo<\/strong>. La route grimpera d\u00e8s le d\u00e9part sur le <strong>Puerto a Garganta<\/strong> : 17,6 kilom\u00e8tres avec une pente moyenne de 4,9 %. La descente qui suivra sera br\u00e8ve afin de poursuivre sur une vingtaine de kilom\u00e8tres de parcours vallonn\u00e9 via <strong>San Martin de Oscos<\/strong>.<\/p>\n<p style=\"text-align: justify;\">Viendra ensuite l&rsquo;<strong>Alto de Barbeitos<\/strong> \u2013 11,8 kilom\u00e8tres \u00e0 3,8 % \u2013 avec des pentes irr\u00e9guli\u00e8res. Les cinq premiers kilom\u00e8tres oscilleront entre 4 % et 7 %, suivis d&rsquo;une section en faux plat montant, alors que le dernier kilom\u00e8tre atteindra une pente moyenne de 8 %.<\/p>\n<h3 style=\"text-align: justify;\">Une fin d&rsquo;\u00e9tape moins difficile<\/h3>\n<p style=\"text-align: justify;\">Apr\u00e8s avoir franchi le sommet, les coureurs resteront sur un terrain vallonn\u00e9 en passant par <strong>Paradavella<\/strong> et <strong>O C\u00e0devo Baleira<\/strong> suivi d&rsquo;une descente vers <strong>Castroverde<\/strong>. Par la suite, ce sera une portion en faux plat descendant d&rsquo;une quinzaine de kilom\u00e8tres suivi d&rsquo;un faux plat montant de 13 kilom\u00e8tres.<\/p>\n<p style=\"text-align: justify;\">Ensuite, la route grimpera de nouveau sur 4,4 kilom\u00e8tres \u00e0 4,4 %, marquant la derni\u00e8re mont\u00e9e de la journ\u00e9e, \u00e0 plus de 30 kilom\u00e8tres du terme. Une descente interviendra 4 kilom\u00e8tres plus loin afin d&rsquo;atteindre <strong>Boveda<\/strong>, tandis que les 20 derniers kilom\u00e8tres sont presque enti\u00e8rement plats vers <strong>Monforte de Lemos<\/strong>, l\u00e0 o\u00f9 s&rsquo;est impos\u00e9 Magnus Cort au sprint en 2021.<\/p>\n<h2 style=\"text-align: justify;\">Le profil de la 15\u00e8me \u00e9tape du Tour d\u2019Espagne 2025<\/h2>\n<div id=\"attachment_608662\" style=\"width: 970px\" class=\"wp-caption aligncenter\"><a href=\"https:\/\/dicodusport.fr\/blog\/wp-content\/uploads\/2025\/08\/Profil-de-la-15eme-etape-du-Tour-dEspagne-2025.png\"><img loading=\"lazy\" decoding=\"async\" aria-describedby=\"caption-attachment-608662\" class=\"size-full wp-image-608662\" src=\"https:\/\/dicodusport.fr\/blog\/wp-content\/uploads\/2025\/08\/Profil-de-la-15eme-etape-du-Tour-dEspagne-2025.png\" alt=\"Profil de la 15\u00e8me \u00e9tape du Tour d'Espagne 2025\" width=\"960\" height=\"501\" srcset=\"https:\/\/dicodusport.fr\/blog\/wp-content\/uploads\/2025\/08\/Profil-de-la-15eme-etape-du-Tour-dEspagne-2025.png 960w, https:\/\/dicodusport.fr\/blog\/wp-content\/uploads\/2025\/08\/Profil-de-la-15eme-etape-du-Tour-dEspagne-2025-300x157.png 300w, https:\/\/dicodusport.fr\/blog\/wp-content\/uploads\/2025\/08\/Profil-de-la-15eme-etape-du-Tour-dEspagne-2025-768x401.png 768w\" sizes=\"auto, (max-width: 960px) 100vw, 960px\" \/><\/a><p id=\"caption-attachment-608662\" class=\"wp-caption-text\">Profil de la 15\u00e8me \u00e9tape du Tour d&rsquo;Espagne 2025<\/p><\/div>\n<div class=\"flex items-center gap-4 py-0.5 border-b last:border-none border-gray\" style=\"text-align: justify;\">\n<hr \/>\n<\/div>\n<ul>\n<li style=\"text-align: justify;\"><strong>\u00c0 ce sujet \u2013\u00a0<a href=\"https:\/\/dicodusport.fr\/blog\/actualites\/cyclisme\/cyclisme-sur-route-2024\/\">L\u2019actualit\u00e9 du cyclisme<\/a><\/strong><\/li>\n<\/ul>\n<div class=\"vlp-link-container vlp-layout-article\"><a href=\"https:\/\/dicodusport.fr\/blog\/cyclisme-mercato-2025-2026-le-tableau-des-transferts\/\" class=\"vlp-link\" title=\"Cyclisme Mercato 2025-2026 - Le tableau des transferts\"><\/a><div class=\"vlp-layout-zone-side\"><div class=\"vlp-block-4 vlp-link-image\"><img loading=\"lazy\" decoding=\"async\" style=\"max-width: 792px;\" width=\"792\" height=\"445\" src=\"https:\/\/dicodusport.fr\/blog\/wp-content\/uploads\/2025\/02\/Cyclisme-Mercato-2025-2026-Le-tableau-des-transferts.png\" class=\"attachment-800x445 size-800x445\" alt=\"Cyclisme Mercato 2025-2026 - Le tableau des transferts\" srcset=\"https:\/\/dicodusport.fr\/blog\/wp-content\/uploads\/2025\/02\/Cyclisme-Mercato-2025-2026-Le-tableau-des-transferts.png 1200w, https:\/\/dicodusport.fr\/blog\/wp-content\/uploads\/2025\/02\/Cyclisme-Mercato-2025-2026-Le-tableau-des-transferts-300x169.png 300w, https:\/\/dicodusport.fr\/blog\/wp-content\/uploads\/2025\/02\/Cyclisme-Mercato-2025-2026-Le-tableau-des-transferts-1024x575.png 1024w, https:\/\/dicodusport.fr\/blog\/wp-content\/uploads\/2025\/02\/Cyclisme-Mercato-2025-2026-Le-tableau-des-transferts-768x431.png 768w\" sizes=\"auto, (max-width: 792px) 100vw, 792px\" \/><\/div><\/div><div class=\"vlp-layout-zone-main\"><div class=\"vlp-block-0 vlp-link-title\">Cyclisme Mercato 2025-2026 - Le tableau des transferts<\/div><div class=\"vlp-block-1 vlp-link-summary\">MERCATO CYCLISME 2025-2026 - D\u00e9couvrez les transferts officiels et les rumeurs du mercato cycliste.<\/div><div class=\"vlp-block-2 vlp-link-button\">Lire l'article<\/div><div class=\"vlp-block-3 vlp-link-url\">dicodusport.fr<\/div><\/div><\/div>\n","protected":false},"excerpt":{"rendered":"<p>Retrouvez le parcours en d\u00e9tail et le profil complet de la 15\u00e8me \u00e9tape du Tour d&rsquo;Espagne 2025, qui se d\u00e9roule ce dimanche 7 septembre entre Vegadeo et Monforte de Lemos (167 km).<\/p>\n","protected":false},"author":48,"featured_media":608664,"comment_status":"open","ping_status":"closed","sticky":false,"template":"","format":"standard","meta":{"_acf_changed":false,"_daextam_enable_autolinks":"1","footnotes":""},"categories":[47042],"tags":[16878,574,11197,1671,1670],"class_list":["post-602459","post","type-post","status-publish","format-standard","has-post-thumbnail","hentry","category-tour-d-espagne","tag-breve","tag-cyclisme","tag-cyclisme-sur-route","tag-tour-despagne","tag-vuelta"],"acf":[],"yoast_head":"<!-- This site is optimized with the Yoast SEO Premium plugin v26.7 (Yoast SEO v26.7) - https:\/\/yoast.com\/wordpress\/plugins\/seo\/ -->\n<title>15\u00e8me \u00e9tape Tour d&#039;Espagne 2025 : Parcours d\u00e9taill\u00e9 et profil<\/title>\n<meta name=\"description\" content=\"Retrouvez le parcours en d\u00e9tail et le profil complet de la 15\u00e8me \u00e9tape du Tour d&#039;Espagne 2025, qui se d\u00e9roule ce dimanche 7 septembre entre Vegadeo et Monforte de Lemos (167 km).\" \/>\n<meta name=\"robots\" content=\"index, follow, max-snippet:-1, max-image-preview:large, max-video-preview:-1\" \/>\n<link rel=\"canonical\" href=\"https:\/\/dicodusport.fr\/blog\/15eme-etape-tour-despagne-2025-parcours-detaille-et-profil\/\" \/>\n<meta property=\"og:locale\" content=\"fr_FR\" \/>\n<meta property=\"og:type\" content=\"article\" \/>\n<meta property=\"og:title\" content=\"15\u00e8me \u00e9tape Tour d&#039;Espagne 2025 : Parcours d\u00e9taill\u00e9 et profil\" \/>\n<meta property=\"og:description\" content=\"Retrouvez le parcours en d\u00e9tail et le profil complet de la 15\u00e8me \u00e9tape du Tour d&#039;Espagne 2025, qui se d\u00e9roule ce dimanche 7 septembre entre Vegadeo et Monforte de Lemos (167 km).\" \/>\n<meta property=\"og:url\" content=\"https:\/\/dicodusport.fr\/blog\/15eme-etape-tour-despagne-2025-parcours-detaille-et-profil\/\" \/>\n<meta property=\"og:site_name\" content=\"Dicodusport\" \/>\n<meta property=\"article:publisher\" content=\"https:\/\/www.facebook.com\/dicodusport\" \/>\n<meta property=\"article:author\" content=\"https:\/\/www.facebook.com\/groups\/LesRoisDuPeloton\" \/>\n<meta property=\"article:published_time\" content=\"2025-09-06T08:00:41+00:00\" \/>\n<meta property=\"og:image\" content=\"https:\/\/dicodusport.fr\/blog\/wp-content\/uploads\/2025\/08\/15eme-etape-Tour-dEspagne-2025-Parcours-detaille-et-profil.png\" \/>\n\t<meta property=\"og:image:width\" content=\"1200\" \/>\n\t<meta property=\"og:image:height\" content=\"674\" \/>\n\t<meta property=\"og:image:type\" content=\"image\/png\" \/>\n<meta name=\"author\" content=\"Emilien Descampiaux\" \/>\n<meta name=\"twitter:card\" content=\"summary_large_image\" \/>\n<meta name=\"twitter:title\" content=\"15\u00e8me \u00e9tape Tour d&#039;Espagne 2025 : Parcours d\u00e9taill\u00e9 et profil\" \/>\n<meta name=\"twitter:creator\" content=\"@https:\/\/twitter.com\/LRoisDuPeloton\" \/>\n<meta name=\"twitter:site\" content=\"@dicodusport\" \/>\n<script type=\"application\/ld+json\" class=\"yoast-schema-graph\">{\"@context\":\"https:\/\/schema.org\",\"@graph\":[{\"@type\":\"NewsArticle\",\"@id\":\"https:\/\/dicodusport.fr\/blog\/15eme-etape-tour-despagne-2025-parcours-detaille-et-profil\/#article\",\"isPartOf\":{\"@id\":\"https:\/\/dicodusport.fr\/blog\/15eme-etape-tour-despagne-2025-parcours-detaille-et-profil\/\"},\"author\":{\"name\":\"Emilien Descampiaux\",\"@id\":\"https:\/\/dicodusport.fr\/blog\/#\/schema\/person\/6db4bae06b171592211be385b32876a7\"},\"headline\":\"15\u00e8me \u00e9tape Tour d&rsquo;Espagne 2025 : Parcours d\u00e9taill\u00e9 et profil\",\"datePublished\":\"2025-09-06T08:00:41+00:00\",\"mainEntityOfPage\":{\"@id\":\"https:\/\/dicodusport.fr\/blog\/15eme-etape-tour-despagne-2025-parcours-detaille-et-profil\/\"},\"wordCount\":430,\"commentCount\":0,\"publisher\":{\"@id\":\"https:\/\/dicodusport.fr\/blog\/#organization\"},\"image\":{\"@id\":\"https:\/\/dicodusport.fr\/blog\/15eme-etape-tour-despagne-2025-parcours-detaille-et-profil\/#primaryimage\"},\"thumbnailUrl\":\"https:\/\/dicodusport.fr\/blog\/wp-content\/uploads\/2025\/08\/15eme-etape-Tour-dEspagne-2025-Parcours-detaille-et-profil.png\",\"keywords\":[\"br\u00e8ve\",\"Cyclisme\",\"Cyclisme sur route\",\"Tour d'Espagne\",\"Vuelta\"],\"articleSection\":[\"Tour d'Espagne\"],\"inLanguage\":\"fr-FR\",\"potentialAction\":[{\"@type\":\"CommentAction\",\"name\":\"Comment\",\"target\":[\"https:\/\/dicodusport.fr\/blog\/15eme-etape-tour-despagne-2025-parcours-detaille-et-profil\/#respond\"]}],\"copyrightYear\":\"2025\",\"copyrightHolder\":{\"@id\":\"https:\/\/dicodusport.fr\/blog\/#organization\"}},{\"@type\":\"WebPage\",\"@id\":\"https:\/\/dicodusport.fr\/blog\/15eme-etape-tour-despagne-2025-parcours-detaille-et-profil\/\",\"url\":\"https:\/\/dicodusport.fr\/blog\/15eme-etape-tour-despagne-2025-parcours-detaille-et-profil\/\",\"name\":\"15\u00e8me \u00e9tape Tour d'Espagne 2025 : Parcours d\u00e9taill\u00e9 et profil\",\"isPartOf\":{\"@id\":\"https:\/\/dicodusport.fr\/blog\/#website\"},\"primaryImageOfPage\":{\"@id\":\"https:\/\/dicodusport.fr\/blog\/15eme-etape-tour-despagne-2025-parcours-detaille-et-profil\/#primaryimage\"},\"image\":{\"@id\":\"https:\/\/dicodusport.fr\/blog\/15eme-etape-tour-despagne-2025-parcours-detaille-et-profil\/#primaryimage\"},\"thumbnailUrl\":\"https:\/\/dicodusport.fr\/blog\/wp-content\/uploads\/2025\/08\/15eme-etape-Tour-dEspagne-2025-Parcours-detaille-et-profil.png\",\"datePublished\":\"2025-09-06T08:00:41+00:00\",\"description\":\"Retrouvez le parcours en d\u00e9tail et le profil complet de la 15\u00e8me \u00e9tape du Tour d'Espagne 2025, qui se d\u00e9roule ce dimanche 7 septembre entre Vegadeo et Monforte de Lemos (167 km).\",\"breadcrumb\":{\"@id\":\"https:\/\/dicodusport.fr\/blog\/15eme-etape-tour-despagne-2025-parcours-detaille-et-profil\/#breadcrumb\"},\"inLanguage\":\"fr-FR\",\"potentialAction\":[{\"@type\":\"ReadAction\",\"target\":[\"https:\/\/dicodusport.fr\/blog\/15eme-etape-tour-despagne-2025-parcours-detaille-et-profil\/\"]}]},{\"@type\":\"ImageObject\",\"inLanguage\":\"fr-FR\",\"@id\":\"https:\/\/dicodusport.fr\/blog\/15eme-etape-tour-despagne-2025-parcours-detaille-et-profil\/#primaryimage\",\"url\":\"https:\/\/dicodusport.fr\/blog\/wp-content\/uploads\/2025\/08\/15eme-etape-Tour-dEspagne-2025-Parcours-detaille-et-profil.png\",\"contentUrl\":\"https:\/\/dicodusport.fr\/blog\/wp-content\/uploads\/2025\/08\/15eme-etape-Tour-dEspagne-2025-Parcours-detaille-et-profil.png\",\"width\":1200,\"height\":674,\"caption\":\"15\u00e8me \u00e9tape Tour d'Espagne 2025 Parcours d\u00e9taill\u00e9 et profil\"},{\"@type\":\"BreadcrumbList\",\"@id\":\"https:\/\/dicodusport.fr\/blog\/15eme-etape-tour-despagne-2025-parcours-detaille-et-profil\/#breadcrumb\",\"itemListElement\":[{\"@type\":\"ListItem\",\"position\":1,\"name\":\"Accueil\",\"item\":\"https:\/\/dicodusport.fr\/blog\/\"},{\"@type\":\"ListItem\",\"position\":2,\"name\":\"15\u00e8me \u00e9tape Tour d&rsquo;Espagne 2025 : Parcours d\u00e9taill\u00e9 et profil\"}]},{\"@type\":\"WebSite\",\"@id\":\"https:\/\/dicodusport.fr\/blog\/#website\",\"url\":\"https:\/\/dicodusport.fr\/blog\/\",\"name\":\"Dicodusport\",\"description\":\"L&#039;encyclop\u00e9die de l&#039;actualit\u00e9 sportive\",\"publisher\":{\"@id\":\"https:\/\/dicodusport.fr\/blog\/#organization\"},\"potentialAction\":[{\"@type\":\"SearchAction\",\"target\":{\"@type\":\"EntryPoint\",\"urlTemplate\":\"https:\/\/dicodusport.fr\/blog\/?s={search_term_string}\"},\"query-input\":{\"@type\":\"PropertyValueSpecification\",\"valueRequired\":true,\"valueName\":\"search_term_string\"}}],\"inLanguage\":\"fr-FR\"},{\"@type\":\"NewsMediaOrganization\",\"@id\":\"https:\/\/dicodusport.fr\/blog\/#organization\",\"name\":\"Dicodusport\",\"url\":\"https:\/\/dicodusport.fr\/blog\/\",\"logo\":{\"@type\":\"ImageObject\",\"inLanguage\":\"fr-FR\",\"@id\":\"https:\/\/dicodusport.fr\/blog\/#\/schema\/logo\/image\/\",\"url\":\"https:\/\/dicodusport.fr\/blog\/wp-content\/uploads\/2020\/06\/cropped-LOGO-DICODUSPORT-2020-SANS-FOND-SANS-TEXTE.png\",\"contentUrl\":\"https:\/\/dicodusport.fr\/blog\/wp-content\/uploads\/2020\/06\/cropped-LOGO-DICODUSPORT-2020-SANS-FOND-SANS-TEXTE.png\",\"width\":512,\"height\":512,\"caption\":\"Dicodusport\"},\"image\":{\"@id\":\"https:\/\/dicodusport.fr\/blog\/#\/schema\/logo\/image\/\"},\"sameAs\":[\"https:\/\/www.facebook.com\/dicodusport\",\"https:\/\/x.com\/dicodusport\",\"https:\/\/www.instagram.com\/dicodusport\/\",\"https:\/\/www.youtube.com\/channel\/UC7V2KZ5sd3htJivAbA4ZG3w\"],\"description\":\"Dicodusport est l'encyclop\u00e9die de l'actualit\u00e9 sportive.\",\"email\":\"bonjour@dicodusport.fr\",\"legalName\":\"DICODUSPORT\",\"foundingDate\":\"2018-01-14\",\"vatID\":\"FR71834470973\",\"taxID\":\"83447097300043\",\"numberOfEmployees\":{\"@type\":\"QuantitativeValue\",\"minValue\":\"1\",\"maxValue\":\"10\"}},{\"@type\":\"Person\",\"@id\":\"https:\/\/dicodusport.fr\/blog\/#\/schema\/person\/6db4bae06b171592211be385b32876a7\",\"name\":\"Emilien Descampiaux\",\"image\":{\"@type\":\"ImageObject\",\"inLanguage\":\"fr-FR\",\"@id\":\"https:\/\/dicodusport.fr\/blog\/#\/schema\/person\/image\/\",\"url\":\"https:\/\/dicodusport.fr\/blog\/wp-content\/uploads\/2021\/05\/Emilien-Descampiaux-150x150.jpg\",\"contentUrl\":\"https:\/\/dicodusport.fr\/blog\/wp-content\/uploads\/2021\/05\/Emilien-Descampiaux-150x150.jpg\",\"caption\":\"Emilien Descampiaux\"},\"description\":\"Journaliste\/r\u00e9dacteur depuis 2014 - Fan de la classe de Frank Vandenbroucke, je vis cyclisme (et de ses paysages) depuis plus de 20 ans. Je suis tr\u00e8s impliqu\u00e9 sur mes diff\u00e9rents r\u00e9seaux sociaux pour partager ma passion sur le monde et l'Histoire de la bicyclette avec ma voix sur les images en noir et blanc du succ\u00e8s de Rik Van Steenbergen lors du Ronde sur le V\u00e9lodrome de Gand.\",\"sameAs\":[\"https:\/\/www.facebook.com\/groups\/LesRoisDuPeloton\",\"https:\/\/x.com\/https:\/\/twitter.com\/LRoisDuPeloton\"],\"url\":\"https:\/\/dicodusport.fr\/blog\/author\/emiliend\/\"}]}<\/script>\n<!-- \/ Yoast SEO Premium plugin. -->","yoast_head_json":{"title":"15\u00e8me \u00e9tape Tour d'Espagne 2025 : Parcours d\u00e9taill\u00e9 et profil","description":"Retrouvez le parcours en d\u00e9tail et le profil complet de la 15\u00e8me \u00e9tape du Tour d'Espagne 2025, qui se d\u00e9roule ce dimanche 7 septembre entre Vegadeo et Monforte de Lemos (167 km).","robots":{"index":"index","follow":"follow","max-snippet":"max-snippet:-1","max-image-preview":"max-image-preview:large","max-video-preview":"max-video-preview:-1"},"canonical":"https:\/\/dicodusport.fr\/blog\/15eme-etape-tour-despagne-2025-parcours-detaille-et-profil\/","og_locale":"fr_FR","og_type":"article","og_title":"15\u00e8me \u00e9tape Tour d'Espagne 2025 : Parcours d\u00e9taill\u00e9 et profil","og_description":"Retrouvez le parcours en d\u00e9tail et le profil complet de la 15\u00e8me \u00e9tape du Tour d'Espagne 2025, qui se d\u00e9roule ce dimanche 7 septembre entre Vegadeo et Monforte de Lemos (167 km).","og_url":"https:\/\/dicodusport.fr\/blog\/15eme-etape-tour-despagne-2025-parcours-detaille-et-profil\/","og_site_name":"Dicodusport","article_publisher":"https:\/\/www.facebook.com\/dicodusport","article_author":"https:\/\/www.facebook.com\/groups\/LesRoisDuPeloton","article_published_time":"2025-09-06T08:00:41+00:00","og_image":[{"width":1200,"height":674,"url":"https:\/\/dicodusport.fr\/blog\/wp-content\/uploads\/2025\/08\/15eme-etape-Tour-dEspagne-2025-Parcours-detaille-et-profil.png","type":"image\/png"}],"author":"Emilien Descampiaux","twitter_card":"summary_large_image","twitter_title":"15\u00e8me \u00e9tape Tour d'Espagne 2025 : Parcours d\u00e9taill\u00e9 et profil","twitter_creator":"@https:\/\/twitter.com\/LRoisDuPeloton","twitter_site":"@dicodusport","schema":{"@context":"https:\/\/schema.org","@graph":[{"@type":"NewsArticle","@id":"https:\/\/dicodusport.fr\/blog\/15eme-etape-tour-despagne-2025-parcours-detaille-et-profil\/#article","isPartOf":{"@id":"https:\/\/dicodusport.fr\/blog\/15eme-etape-tour-despagne-2025-parcours-detaille-et-profil\/"},"author":{"name":"Emilien Descampiaux","@id":"https:\/\/dicodusport.fr\/blog\/#\/schema\/person\/6db4bae06b171592211be385b32876a7"},"headline":"15\u00e8me \u00e9tape Tour d&rsquo;Espagne 2025 : Parcours d\u00e9taill\u00e9 et profil","datePublished":"2025-09-06T08:00:41+00:00","mainEntityOfPage":{"@id":"https:\/\/dicodusport.fr\/blog\/15eme-etape-tour-despagne-2025-parcours-detaille-et-profil\/"},"wordCount":430,"commentCount":0,"publisher":{"@id":"https:\/\/dicodusport.fr\/blog\/#organization"},"image":{"@id":"https:\/\/dicodusport.fr\/blog\/15eme-etape-tour-despagne-2025-parcours-detaille-et-profil\/#primaryimage"},"thumbnailUrl":"https:\/\/dicodusport.fr\/blog\/wp-content\/uploads\/2025\/08\/15eme-etape-Tour-dEspagne-2025-Parcours-detaille-et-profil.png","keywords":["br\u00e8ve","Cyclisme","Cyclisme sur route","Tour d'Espagne","Vuelta"],"articleSection":["Tour d'Espagne"],"inLanguage":"fr-FR","potentialAction":[{"@type":"CommentAction","name":"Comment","target":["https:\/\/dicodusport.fr\/blog\/15eme-etape-tour-despagne-2025-parcours-detaille-et-profil\/#respond"]}],"copyrightYear":"2025","copyrightHolder":{"@id":"https:\/\/dicodusport.fr\/blog\/#organization"}},{"@type":"WebPage","@id":"https:\/\/dicodusport.fr\/blog\/15eme-etape-tour-despagne-2025-parcours-detaille-et-profil\/","url":"https:\/\/dicodusport.fr\/blog\/15eme-etape-tour-despagne-2025-parcours-detaille-et-profil\/","name":"15\u00e8me \u00e9tape Tour d'Espagne 2025 : Parcours d\u00e9taill\u00e9 et profil","isPartOf":{"@id":"https:\/\/dicodusport.fr\/blog\/#website"},"primaryImageOfPage":{"@id":"https:\/\/dicodusport.fr\/blog\/15eme-etape-tour-despagne-2025-parcours-detaille-et-profil\/#primaryimage"},"image":{"@id":"https:\/\/dicodusport.fr\/blog\/15eme-etape-tour-despagne-2025-parcours-detaille-et-profil\/#primaryimage"},"thumbnailUrl":"https:\/\/dicodusport.fr\/blog\/wp-content\/uploads\/2025\/08\/15eme-etape-Tour-dEspagne-2025-Parcours-detaille-et-profil.png","datePublished":"2025-09-06T08:00:41+00:00","description":"Retrouvez le parcours en d\u00e9tail et le profil complet de la 15\u00e8me \u00e9tape du Tour d'Espagne 2025, qui se d\u00e9roule ce dimanche 7 septembre entre Vegadeo et Monforte de Lemos (167 km).","breadcrumb":{"@id":"https:\/\/dicodusport.fr\/blog\/15eme-etape-tour-despagne-2025-parcours-detaille-et-profil\/#breadcrumb"},"inLanguage":"fr-FR","potentialAction":[{"@type":"ReadAction","target":["https:\/\/dicodusport.fr\/blog\/15eme-etape-tour-despagne-2025-parcours-detaille-et-profil\/"]}]},{"@type":"ImageObject","inLanguage":"fr-FR","@id":"https:\/\/dicodusport.fr\/blog\/15eme-etape-tour-despagne-2025-parcours-detaille-et-profil\/#primaryimage","url":"https:\/\/dicodusport.fr\/blog\/wp-content\/uploads\/2025\/08\/15eme-etape-Tour-dEspagne-2025-Parcours-detaille-et-profil.png","contentUrl":"https:\/\/dicodusport.fr\/blog\/wp-content\/uploads\/2025\/08\/15eme-etape-Tour-dEspagne-2025-Parcours-detaille-et-profil.png","width":1200,"height":674,"caption":"15\u00e8me \u00e9tape Tour d'Espagne 2025 Parcours d\u00e9taill\u00e9 et profil"},{"@type":"BreadcrumbList","@id":"https:\/\/dicodusport.fr\/blog\/15eme-etape-tour-despagne-2025-parcours-detaille-et-profil\/#breadcrumb","itemListElement":[{"@type":"ListItem","position":1,"name":"Accueil","item":"https:\/\/dicodusport.fr\/blog\/"},{"@type":"ListItem","position":2,"name":"15\u00e8me \u00e9tape Tour d&rsquo;Espagne 2025 : Parcours d\u00e9taill\u00e9 et profil"}]},{"@type":"WebSite","@id":"https:\/\/dicodusport.fr\/blog\/#website","url":"https:\/\/dicodusport.fr\/blog\/","name":"Dicodusport","description":"L&#039;encyclop\u00e9die de l&#039;actualit\u00e9 sportive","publisher":{"@id":"https:\/\/dicodusport.fr\/blog\/#organization"},"potentialAction":[{"@type":"SearchAction","target":{"@type":"EntryPoint","urlTemplate":"https:\/\/dicodusport.fr\/blog\/?s={search_term_string}"},"query-input":{"@type":"PropertyValueSpecification","valueRequired":true,"valueName":"search_term_string"}}],"inLanguage":"fr-FR"},{"@type":"NewsMediaOrganization","@id":"https:\/\/dicodusport.fr\/blog\/#organization","name":"Dicodusport","url":"https:\/\/dicodusport.fr\/blog\/","logo":{"@type":"ImageObject","inLanguage":"fr-FR","@id":"https:\/\/dicodusport.fr\/blog\/#\/schema\/logo\/image\/","url":"https:\/\/dicodusport.fr\/blog\/wp-content\/uploads\/2020\/06\/cropped-LOGO-DICODUSPORT-2020-SANS-FOND-SANS-TEXTE.png","contentUrl":"https:\/\/dicodusport.fr\/blog\/wp-content\/uploads\/2020\/06\/cropped-LOGO-DICODUSPORT-2020-SANS-FOND-SANS-TEXTE.png","width":512,"height":512,"caption":"Dicodusport"},"image":{"@id":"https:\/\/dicodusport.fr\/blog\/#\/schema\/logo\/image\/"},"sameAs":["https:\/\/www.facebook.com\/dicodusport","https:\/\/x.com\/dicodusport","https:\/\/www.instagram.com\/dicodusport\/","https:\/\/www.youtube.com\/channel\/UC7V2KZ5sd3htJivAbA4ZG3w"],"description":"Dicodusport est l'encyclop\u00e9die de l'actualit\u00e9 sportive.","email":"bonjour@dicodusport.fr","legalName":"DICODUSPORT","foundingDate":"2018-01-14","vatID":"FR71834470973","taxID":"83447097300043","numberOfEmployees":{"@type":"QuantitativeValue","minValue":"1","maxValue":"10"}},{"@type":"Person","@id":"https:\/\/dicodusport.fr\/blog\/#\/schema\/person\/6db4bae06b171592211be385b32876a7","name":"Emilien Descampiaux","image":{"@type":"ImageObject","inLanguage":"fr-FR","@id":"https:\/\/dicodusport.fr\/blog\/#\/schema\/person\/image\/","url":"https:\/\/dicodusport.fr\/blog\/wp-content\/uploads\/2021\/05\/Emilien-Descampiaux-150x150.jpg","contentUrl":"https:\/\/dicodusport.fr\/blog\/wp-content\/uploads\/2021\/05\/Emilien-Descampiaux-150x150.jpg","caption":"Emilien Descampiaux"},"description":"Journaliste\/r\u00e9dacteur depuis 2014 - Fan de la classe de Frank Vandenbroucke, je vis cyclisme (et de ses paysages) depuis plus de 20 ans. Je suis tr\u00e8s impliqu\u00e9 sur mes diff\u00e9rents r\u00e9seaux sociaux pour partager ma passion sur le monde et l'Histoire de la bicyclette avec ma voix sur les images en noir et blanc du succ\u00e8s de Rik Van Steenbergen lors du Ronde sur le V\u00e9lodrome de Gand.","sameAs":["https:\/\/www.facebook.com\/groups\/LesRoisDuPeloton","https:\/\/x.com\/https:\/\/twitter.com\/LRoisDuPeloton"],"url":"https:\/\/dicodusport.fr\/blog\/author\/emiliend\/"}]}},"_links":{"self":[{"href":"https:\/\/dicodusport.fr\/blog\/wp-json\/wp\/v2\/posts\/602459","targetHints":{"allow":["GET"]}}],"collection":[{"href":"https:\/\/dicodusport.fr\/blog\/wp-json\/wp\/v2\/posts"}],"about":[{"href":"https:\/\/dicodusport.fr\/blog\/wp-json\/wp\/v2\/types\/post"}],"author":[{"embeddable":true,"href":"https:\/\/dicodusport.fr\/blog\/wp-json\/wp\/v2\/users\/48"}],"replies":[{"embeddable":true,"href":"https:\/\/dicodusport.fr\/blog\/wp-json\/wp\/v2\/comments?post=602459"}],"version-history":[{"count":4,"href":"https:\/\/dicodusport.fr\/blog\/wp-json\/wp\/v2\/posts\/602459\/revisions"}],"predecessor-version":[{"id":608667,"href":"https:\/\/dicodusport.fr\/blog\/wp-json\/wp\/v2\/posts\/602459\/revisions\/608667"}],"wp:featuredmedia":[{"embeddable":true,"href":"https:\/\/dicodusport.fr\/blog\/wp-json\/wp\/v2\/media\/608664"}],"wp:attachment":[{"href":"https:\/\/dicodusport.fr\/blog\/wp-json\/wp\/v2\/media?parent=602459"}],"wp:term":[{"taxonomy":"category","embeddable":true,"href":"https:\/\/dicodusport.fr\/blog\/wp-json\/wp\/v2\/categories?post=602459"},{"taxonomy":"post_tag","embeddable":true,"href":"https:\/\/dicodusport.fr\/blog\/wp-json\/wp\/v2\/tags?post=602459"}],"curies":[{"name":"wp","href":"https:\/\/api.w.org\/{rel}","templated":true}]}}