{"id":602647,"date":"2025-08-16T16:21:37","date_gmt":"2025-08-16T14:21:37","guid":{"rendered":"https:\/\/dicodusport.fr\/blog\/?p=602647&#038;preview=true&#038;preview_id=602647"},"modified":"2025-08-16T19:03:24","modified_gmt":"2025-08-16T17:03:24","slug":"monaco-le-havre-compositions-chaine-tv-cotes-et-heure","status":"publish","type":"post","link":"https:\/\/dicodusport.fr\/blog\/monaco-le-havre-compositions-chaine-tv-cotes-et-heure\/","title":{"rendered":"Monaco-Le Havre : Cha\u00eene TV, Compositions, Heure et Cotes"},"content":{"rendered":"<p style=\"text-align: justify;\"><strong><em>LIGUE 1 2025-2026 &#8211; <\/em><em>\u00c0 quelle heure et sur quelle cha\u00eene TV suivre le match de Ligue 1 entre l&rsquo;AS Monaco et Le Havre AC ? Retrouvez \u00e9galement les compositions des deux \u00e9quipes<\/em><em>.<\/em><\/strong><\/p>\n<p style=\"text-align: justify;\">La rencontre entre l&rsquo;<a href=\"https:\/\/dicodusport.fr\/blog\/mercato-asm-2025-2026-le-tableau-complet-des-transferts-arrivees-et-departs\/\"><strong>AS Monaco<\/strong><\/a> et le <a href=\"https:\/\/dicodusport.fr\/blog\/mercato-le-havre-2025-2026-le-tableau-complet-des-transferts-arrivees-et-departs\/\"><strong>Havre AC<\/strong><\/a>, comptant pour la premi\u00e8re journ\u00e9e de Ligue 1 2025\/2026, aura lieu samedi 16 ao\u00fbt, \u00e0 19h00, au Stade Louis II de Monaco.<\/p>\n<ul style=\"text-align: justify;\">\n<li style=\"text-align: justify;\"><strong>\u00c0 ce sujet &#8211; <a href=\"https:\/\/dicodusport.fr\/blog\/classement-ligue-1-2025-2026\/\">Classement Ligue 1 2025-2026<\/a><\/strong><\/li>\n<\/ul>\n<h2 style=\"text-align: justify;\">Monaco d\u00e9j\u00e0 pr\u00eat ?<\/h2>\n<p style=\"text-align: justify;\">Monaco a r\u00e9alis\u00e9 un mercato des plus clinquants. Avec, en point d&rsquo;orgue, le retour en Ligue 1 de<strong> Paul Pogba<\/strong>, mais aussi la venue sous forme de pr\u00eat d&rsquo;<strong>Ansu Fati<\/strong>. N\u00e9anmoins, ces deux joueurs ne sont pas encore pr\u00eats \u00e0 faire leurs d\u00e9buts sous la tunique mon\u00e9gasque. Mais l&rsquo;ASM pourra compter sur le gardien <strong>Luk\u00e1\u0161 Hr\u00e1deck\u00fd<\/strong>, arriv\u00e9 de Leverkusen, pour confirmer les promesses entrevues en pr\u00e9paration, avec cinq victoires en 8 matchs et une seule d\u00e9faite, lors du dernier match contre l&rsquo;Inter.<\/p>\n<div class=\"vlp-link-container vlp-layout-article\"><a href=\"https:\/\/www.youtube.com\/watch?v=A1YR0cnSOVs\" class=\"vlp-link\" title=\"Le r\u00e9sum\u00e9 du match amical Monaco - Inter\" rel=\"nofollow\" target=\"_blank\"><\/a><div class=\"vlp-layout-zone-side\"><div class=\"vlp-block-4 vlp-link-image\"><img decoding=\"async\" src=\"https:\/\/img.youtube.com\/vi\/A1YR0cnSOVs\/maxresdefault.jpg\" style=\"max-width: 800px; max-height: 800px\" \/><\/div><\/div><div class=\"vlp-layout-zone-main\"><div class=\"vlp-block-0 vlp-link-title\">Le r\u00e9sum\u00e9 du match amical Monaco - Inter<\/div><div class=\"vlp-block-2 vlp-link-button\">Lire l'article<\/div><div class=\"vlp-block-3 vlp-link-url\">www.youtube.com<\/div><\/div><\/div>\n<p style=\"text-align: justify;\">Le Havre, de son c\u00f4t\u00e9, devrait encore une fois se battre pour obtenir son maintien, qu&rsquo;il a arrach\u00e9 de justesse la saison derni\u00e8re. Le club normand a recrut\u00e9 malin, faisant venir beaucoup de joueurs en fin de contrat, comme le Strasbourgeois <strong>Thomas Delaine<\/strong>, mais a aussi laiss\u00e9 partir quelques figures telles qu&rsquo;<strong>Andr\u00e9\u00a0Ayew<\/strong> ou <strong>Lo\u00efc Nego<\/strong>. Reste \u00e0 savoir si la mayonnaise prendra.<\/p>\n<p style=\"text-align: justify;\">La saison derni\u00e8re, Monaco l&rsquo;avait emport\u00e9 <strong>3-1<\/strong> \u00e0 domicile, mais avait conc\u00e9d\u00e9 le nul 1-1 au Stade Oc\u00e9ane. Le Havre n&rsquo;a de surcroit plus gagn\u00e9 en Principaut\u00e9 depuis 2009. Chez les bookmakers, les Mon\u00e9gasques sont logiquement grands favoris de la rencontre.<\/p>\n<h2 style=\"text-align: justify;\">Ligue 1 : Le programme TV de Monaco &#8211; Le Havre<\/h2>\n<h3 style=\"text-align: justify;\">Samedi 16 ao\u00fbt 2025<\/h3>\n<p style=\"text-align: justify;\"><b>Match diffus\u00e9 sur Ligue 1+<\/b><b>\u00a0: <\/b>D\u00e9but du match \u00e0<strong> 19h00.<\/strong><\/p>\n<h2 style=\"text-align: justify;\">Les compositions officielles de Monaco &#8211; Le Havre<\/h2>\n<h3 style=\"text-align: justify;\">La composition de Monaco<\/h3>\n<p style=\"text-align: justify;\">Hradecky, Henrique, Dier, Mawissa, Teze, Camara, Zakaria, Minamino, Golovin, Akliouche, Biereth<\/p>\n<h3 style=\"text-align: justify;\">La composition du Havre<\/h3>\n<p style=\"text-align: justify;\">Diaw, Zouaoui, Seko, Kinkoue, Lloris, Sangante, Namli, Ndiaye, Kechta, Eboneg, Soumare<\/p>\n<h2 style=\"text-align: justify;\">Les cotes de Monaco &#8211; Le Havre<\/h2>\n<table style=\"width: 840px;\">\n<tbody>\n<tr style=\"height: 16px;\">\n<td style=\"background-color: #404040; border-color: #ededed; width: 840px; text-align: left;\" colspan=\"3\"><strong><span style=\"font-size: 12px; color: #ffffff;\"><img loading=\"lazy\" decoding=\"async\" class=\"alignnone wp-image-512842\" src=\"https:\/\/dicodusport.fr\/blog\/wp-content\/uploads\/2024\/08\/Logo-Winamax.png\" alt=\"\" width=\"14\" height=\"13\" srcset=\"https:\/\/dicodusport.fr\/blog\/wp-content\/uploads\/2024\/08\/Logo-Winamax.png 290w, https:\/\/dicodusport.fr\/blog\/wp-content\/uploads\/2024\/08\/Logo-Winamax-150x150.png 150w, https:\/\/dicodusport.fr\/blog\/wp-content\/uploads\/2024\/08\/Logo-Winamax-80x80.png 80w\" sizes=\"auto, (max-width: 14px) 100vw, 14px\" \/> Samedi 16 ao\u00fbt, 19h00<\/span><\/strong><\/td>\n<\/tr>\n<tr style=\"height: 24px;\">\n<td style=\"background-color: #ffffff; border-color: #ededed; vertical-align: middle; text-align: center; width: 266px;\"><span style=\"font-size: 10px;\"><span style=\"font-size: 14px;\"><strong>Monaco<br \/>\n<\/strong><\/span><\/span><span style=\"font-size: 10px;\"><a href=\"https:\/\/www.winamax.fr\/paris-sportifs\/match\/61511944?banid=33423\" class=\"su-button su-button-style-flat su-button-wide\" style=\"color:#fff;background-color:#0860ff;border-color:#074dcc;border-radius:5px\" target=\"_blank\" rel=\"noopener noreferrer\"><span style=\"color:#fff;padding:0px 20px;font-size:16px;line-height:32px;border-color:#5390ff;border-radius:5px;text-shadow:none\"> 1.33<\/span><\/a><\/span><\/td>\n<td style=\"background-color: #ffffff; border-color: #ededed; vertical-align: middle; text-align: center; width: 266px;\"><span style=\"font-size: 10px;\"><span style=\"font-size: 14px;\"><strong>Match nul<\/strong><\/span><br \/>\n<a href=\"https:\/\/www.winamax.fr\/paris-sportifs\/match\/61511944?banid=33423\" class=\"su-button su-button-style-flat su-button-wide\" style=\"color:#fff;background-color:#0860ff;border-color:#074dcc;border-radius:5px\" target=\"_blank\" rel=\"noopener noreferrer\"><span style=\"color:#fff;padding:0px 20px;font-size:16px;line-height:32px;border-color:#5390ff;border-radius:5px;text-shadow:none\"> 5.50<\/span><\/a><\/span><\/td>\n<td style=\"background-color: #ffffff; border-color: #ededed; vertical-align: middle; text-align: center; width: 266px;\"><span style=\"font-size: 10px;\"><span style=\"font-size: 14px;\"><strong>Le Havre<\/strong><\/span><br \/>\n<a href=\"https:\/\/www.winamax.fr\/paris-sportifs\/match\/61511944?banid=33423\" class=\"su-button su-button-style-flat su-button-wide\" style=\"color:#fff;background-color:#0860ff;border-color:#074dcc;border-radius:5px\" target=\"_blank\" rel=\"noopener noreferrer\"><span style=\"color:#fff;padding:0px 20px;font-size:16px;line-height:32px;border-color:#5390ff;border-radius:5px;text-shadow:none\"> 8.00<\/span><\/a><\/span><\/td>\n<\/tr>\n<\/tbody>\n<\/table>\n<p style=\"text-align: justify;\">Tentez votre chance en profitant de votre <a href=\"https:\/\/www.winamax.fr\/registration\/landing\/affiliation_Bonus100?banid=33423\">1er d\u00e9p\u00f4t doubl\u00e9 jusqu&rsquo;\u00e0 100 \u20ac<\/a> direct en paris gratuits sur Winamax !<\/p>\n","protected":false},"excerpt":{"rendered":"<p>LIGUE 1 2025-2026 &#8211; \u00c0 quelle heure et sur quelle cha\u00eene TV suivre le match de Ligue 1 entre l&rsquo;AS Monaco et Le Havre AC ? Retrouvez \u00e9galement les compositions des deux \u00e9quipes.<\/p>\n","protected":false},"author":59,"featured_media":602706,"comment_status":"open","ping_status":"closed","sticky":false,"template":"","format":"standard","meta":{"_acf_changed":false,"_daextam_enable_autolinks":"1","footnotes":""},"categories":[47045],"tags":[1691,16878,75,46879,1554,8799],"class_list":["post-602647","post","type-post","status-publish","format-standard","has-post-thumbnail","hentry","category-ligue-1","tag-as-monaco","tag-breve","tag-football","tag-le-havre-ac","tag-ligue-1","tag-programme-tv"],"acf":[],"yoast_head":"<!-- This site is optimized with the Yoast SEO Premium plugin v26.7 (Yoast SEO v26.7) - https:\/\/yoast.com\/wordpress\/plugins\/seo\/ -->\n<title>Monaco-Le Havre : Cha\u00eene TV, Compositions, Heure et Cotes<\/title>\n<meta name=\"description\" content=\"LIGUE 1 2025-2026 - \u00c0 quelle heure et sur quelle cha\u00eene TV suivre le match de Ligue 1 entre l&#039;AS Monaco et Le Havre AC ? Retrouvez \u00e9galement les compositions des deux \u00e9quipes.\" \/>\n<meta name=\"robots\" content=\"index, follow, max-snippet:-1, max-image-preview:large, max-video-preview:-1\" \/>\n<link rel=\"canonical\" href=\"https:\/\/dicodusport.fr\/blog\/monaco-le-havre-compositions-chaine-tv-cotes-et-heure\/\" \/>\n<meta property=\"og:locale\" content=\"fr_FR\" \/>\n<meta property=\"og:type\" content=\"article\" \/>\n<meta property=\"og:title\" content=\"Monaco-Le Havre : Cha\u00eene TV, Compositions, Heure et Cotes\" \/>\n<meta property=\"og:description\" content=\"LIGUE 1 2025-2026 - \u00c0 quelle heure et sur quelle cha\u00eene TV suivre le match de Ligue 1 entre l&#039;AS Monaco et Le Havre AC ? Retrouvez \u00e9galement les compositions des deux \u00e9quipes.\" \/>\n<meta property=\"og:url\" content=\"https:\/\/dicodusport.fr\/blog\/monaco-le-havre-compositions-chaine-tv-cotes-et-heure\/\" \/>\n<meta property=\"og:site_name\" content=\"Dicodusport\" \/>\n<meta property=\"article:publisher\" content=\"https:\/\/www.facebook.com\/dicodusport\" \/>\n<meta property=\"article:author\" content=\"https:\/\/www.facebook.com\/sebastien.gente\/\" \/>\n<meta property=\"article:published_time\" content=\"2025-08-16T14:21:37+00:00\" \/>\n<meta property=\"article:modified_time\" content=\"2025-08-16T17:03:24+00:00\" \/>\n<meta property=\"og:image\" content=\"https:\/\/dicodusport.fr\/blog\/wp-content\/uploads\/2025\/08\/Monaco-Le-Havre-Compositions-Chaine-TV-Cotes-et-Heure.png\" \/>\n\t<meta property=\"og:image:width\" content=\"1200\" \/>\n\t<meta property=\"og:image:height\" content=\"674\" \/>\n\t<meta property=\"og:image:type\" content=\"image\/png\" \/>\n<meta name=\"author\" content=\"S\u00e9bastien Gente\" \/>\n<meta name=\"twitter:card\" content=\"summary_large_image\" \/>\n<meta name=\"twitter:title\" content=\"Monaco-Le Havre : Cha\u00eene TV, Compositions, Heure et Cotes\" \/>\n<meta name=\"twitter:creator\" content=\"@https:\/\/twitter.com\/globulo24\" \/>\n<meta name=\"twitter:site\" content=\"@dicodusport\" \/>\n<script type=\"application\/ld+json\" class=\"yoast-schema-graph\">{\"@context\":\"https:\/\/schema.org\",\"@graph\":[{\"@type\":\"NewsArticle\",\"@id\":\"https:\/\/dicodusport.fr\/blog\/monaco-le-havre-compositions-chaine-tv-cotes-et-heure\/#article\",\"isPartOf\":{\"@id\":\"https:\/\/dicodusport.fr\/blog\/monaco-le-havre-compositions-chaine-tv-cotes-et-heure\/\"},\"author\":{\"name\":\"S\u00e9bastien Gente\",\"@id\":\"https:\/\/dicodusport.fr\/blog\/#\/schema\/person\/627966a6cde45dbd8c5e36ac85d783da\"},\"headline\":\"Monaco-Le Havre : Cha\u00eene TV, Compositions, Heure et Cotes\",\"datePublished\":\"2025-08-16T14:21:37+00:00\",\"dateModified\":\"2025-08-16T17:03:24+00:00\",\"mainEntityOfPage\":{\"@id\":\"https:\/\/dicodusport.fr\/blog\/monaco-le-havre-compositions-chaine-tv-cotes-et-heure\/\"},\"wordCount\":506,\"commentCount\":0,\"publisher\":{\"@id\":\"https:\/\/dicodusport.fr\/blog\/#organization\"},\"image\":{\"@id\":\"https:\/\/dicodusport.fr\/blog\/monaco-le-havre-compositions-chaine-tv-cotes-et-heure\/#primaryimage\"},\"thumbnailUrl\":\"https:\/\/dicodusport.fr\/blog\/wp-content\/uploads\/2025\/08\/Monaco-Le-Havre-Compositions-Chaine-TV-Cotes-et-Heure.png\",\"keywords\":[\"AS Monaco\",\"br\u00e8ve\",\"Football\",\"Le Havre AC\",\"Ligue 1\",\"Programme TV\"],\"articleSection\":[\"Ligue 1\"],\"inLanguage\":\"fr-FR\",\"potentialAction\":[{\"@type\":\"CommentAction\",\"name\":\"Comment\",\"target\":[\"https:\/\/dicodusport.fr\/blog\/monaco-le-havre-compositions-chaine-tv-cotes-et-heure\/#respond\"]}],\"copyrightYear\":\"2025\",\"copyrightHolder\":{\"@id\":\"https:\/\/dicodusport.fr\/blog\/#organization\"}},{\"@type\":\"WebPage\",\"@id\":\"https:\/\/dicodusport.fr\/blog\/monaco-le-havre-compositions-chaine-tv-cotes-et-heure\/\",\"url\":\"https:\/\/dicodusport.fr\/blog\/monaco-le-havre-compositions-chaine-tv-cotes-et-heure\/\",\"name\":\"Monaco-Le Havre : Cha\u00eene TV, Compositions, Heure et Cotes\",\"isPartOf\":{\"@id\":\"https:\/\/dicodusport.fr\/blog\/#website\"},\"primaryImageOfPage\":{\"@id\":\"https:\/\/dicodusport.fr\/blog\/monaco-le-havre-compositions-chaine-tv-cotes-et-heure\/#primaryimage\"},\"image\":{\"@id\":\"https:\/\/dicodusport.fr\/blog\/monaco-le-havre-compositions-chaine-tv-cotes-et-heure\/#primaryimage\"},\"thumbnailUrl\":\"https:\/\/dicodusport.fr\/blog\/wp-content\/uploads\/2025\/08\/Monaco-Le-Havre-Compositions-Chaine-TV-Cotes-et-Heure.png\",\"datePublished\":\"2025-08-16T14:21:37+00:00\",\"dateModified\":\"2025-08-16T17:03:24+00:00\",\"description\":\"LIGUE 1 2025-2026 - \u00c0 quelle heure et sur quelle cha\u00eene TV suivre le match de Ligue 1 entre l'AS Monaco et Le Havre AC ? Retrouvez \u00e9galement les compositions des deux \u00e9quipes.\",\"breadcrumb\":{\"@id\":\"https:\/\/dicodusport.fr\/blog\/monaco-le-havre-compositions-chaine-tv-cotes-et-heure\/#breadcrumb\"},\"inLanguage\":\"fr-FR\",\"potentialAction\":[{\"@type\":\"ReadAction\",\"target\":[\"https:\/\/dicodusport.fr\/blog\/monaco-le-havre-compositions-chaine-tv-cotes-et-heure\/\"]}]},{\"@type\":\"ImageObject\",\"inLanguage\":\"fr-FR\",\"@id\":\"https:\/\/dicodusport.fr\/blog\/monaco-le-havre-compositions-chaine-tv-cotes-et-heure\/#primaryimage\",\"url\":\"https:\/\/dicodusport.fr\/blog\/wp-content\/uploads\/2025\/08\/Monaco-Le-Havre-Compositions-Chaine-TV-Cotes-et-Heure.png\",\"contentUrl\":\"https:\/\/dicodusport.fr\/blog\/wp-content\/uploads\/2025\/08\/Monaco-Le-Havre-Compositions-Chaine-TV-Cotes-et-Heure.png\",\"width\":1200,\"height\":674,\"caption\":\"Monaco-Le Havre Compositions, Cha\u00eene TV, Cotes et Heure\"},{\"@type\":\"BreadcrumbList\",\"@id\":\"https:\/\/dicodusport.fr\/blog\/monaco-le-havre-compositions-chaine-tv-cotes-et-heure\/#breadcrumb\",\"itemListElement\":[{\"@type\":\"ListItem\",\"position\":1,\"name\":\"Accueil\",\"item\":\"https:\/\/dicodusport.fr\/blog\/\"},{\"@type\":\"ListItem\",\"position\":2,\"name\":\"Monaco-Le Havre : Cha\u00eene TV, Compositions, Heure et Cotes\"}]},{\"@type\":\"WebSite\",\"@id\":\"https:\/\/dicodusport.fr\/blog\/#website\",\"url\":\"https:\/\/dicodusport.fr\/blog\/\",\"name\":\"Dicodusport\",\"description\":\"L&#039;encyclop\u00e9die de l&#039;actualit\u00e9 sportive\",\"publisher\":{\"@id\":\"https:\/\/dicodusport.fr\/blog\/#organization\"},\"potentialAction\":[{\"@type\":\"SearchAction\",\"target\":{\"@type\":\"EntryPoint\",\"urlTemplate\":\"https:\/\/dicodusport.fr\/blog\/?s={search_term_string}\"},\"query-input\":{\"@type\":\"PropertyValueSpecification\",\"valueRequired\":true,\"valueName\":\"search_term_string\"}}],\"inLanguage\":\"fr-FR\"},{\"@type\":\"NewsMediaOrganization\",\"@id\":\"https:\/\/dicodusport.fr\/blog\/#organization\",\"name\":\"Dicodusport\",\"url\":\"https:\/\/dicodusport.fr\/blog\/\",\"logo\":{\"@type\":\"ImageObject\",\"inLanguage\":\"fr-FR\",\"@id\":\"https:\/\/dicodusport.fr\/blog\/#\/schema\/logo\/image\/\",\"url\":\"https:\/\/dicodusport.fr\/blog\/wp-content\/uploads\/2020\/06\/cropped-LOGO-DICODUSPORT-2020-SANS-FOND-SANS-TEXTE.png\",\"contentUrl\":\"https:\/\/dicodusport.fr\/blog\/wp-content\/uploads\/2020\/06\/cropped-LOGO-DICODUSPORT-2020-SANS-FOND-SANS-TEXTE.png\",\"width\":512,\"height\":512,\"caption\":\"Dicodusport\"},\"image\":{\"@id\":\"https:\/\/dicodusport.fr\/blog\/#\/schema\/logo\/image\/\"},\"sameAs\":[\"https:\/\/www.facebook.com\/dicodusport\",\"https:\/\/x.com\/dicodusport\",\"https:\/\/www.instagram.com\/dicodusport\/\",\"https:\/\/www.youtube.com\/channel\/UC7V2KZ5sd3htJivAbA4ZG3w\"],\"description\":\"Dicodusport est l'encyclop\u00e9die de l'actualit\u00e9 sportive.\",\"email\":\"bonjour@dicodusport.fr\",\"legalName\":\"DICODUSPORT\",\"foundingDate\":\"2018-01-14\",\"vatID\":\"FR71834470973\",\"taxID\":\"83447097300043\",\"numberOfEmployees\":{\"@type\":\"QuantitativeValue\",\"minValue\":\"1\",\"maxValue\":\"10\"}},{\"@type\":\"Person\",\"@id\":\"https:\/\/dicodusport.fr\/blog\/#\/schema\/person\/627966a6cde45dbd8c5e36ac85d783da\",\"name\":\"S\u00e9bastien Gente\",\"image\":{\"@type\":\"ImageObject\",\"inLanguage\":\"fr-FR\",\"@id\":\"https:\/\/dicodusport.fr\/blog\/#\/schema\/person\/image\/\",\"url\":\"https:\/\/dicodusport.fr\/blog\/wp-content\/uploads\/2021\/09\/1510990_10205810251400683_4124423575079401707_n-150x150.jpg\",\"contentUrl\":\"https:\/\/dicodusport.fr\/blog\/wp-content\/uploads\/2021\/09\/1510990_10205810251400683_4124423575079401707_n-150x150.jpg\",\"caption\":\"S\u00e9bastien Gente\"},\"description\":\"John Stockton, Gianni Bugno, Zinedine Zidane, Steffi Graf, Frode Andresen, St\u00e9phane Stoecklin, Davis Kamoga, Primoz Peterka, Werner Schlager et Aur\u00e9lien Rougerie. Point commun entre ces sportifs? Ils m'ont fait r\u00eaver et ont berc\u00e9 mon adolescence. Je suis un fondu de sports et j'essaie de retranscrire ma passion \u00e0 travers mes articles. Originaire du P\u00e9rigord, ma passion pour les Girondins, les Jaunards et les Jazzmen transpire dans mes \u00e9crits. \u00c0 Dicodusport depuis 2021, je d\u00e9niche les sports m\u00e9connus dans lesquels la France brille, et il y en a !\",\"sameAs\":[\"https:\/\/www.facebook.com\/sebastien.gente\/\",\"https:\/\/www.instagram.com\/sebgente\/\",\"https:\/\/www.linkedin.com\/in\/sbastien-gente-a29583169\/\",\"https:\/\/x.com\/https:\/\/twitter.com\/globulo24\",\"SebastienGente\"],\"worksFor\":\"S\u00e9bastien GENTE\",\"url\":\"https:\/\/dicodusport.fr\/blog\/author\/sebastiengente\/\"}]}<\/script>\n<!-- \/ Yoast SEO Premium plugin. -->","yoast_head_json":{"title":"Monaco-Le Havre : Cha\u00eene TV, Compositions, Heure et Cotes","description":"LIGUE 1 2025-2026 - \u00c0 quelle heure et sur quelle cha\u00eene TV suivre le match de Ligue 1 entre l'AS Monaco et Le Havre AC ? Retrouvez \u00e9galement les compositions des deux \u00e9quipes.","robots":{"index":"index","follow":"follow","max-snippet":"max-snippet:-1","max-image-preview":"max-image-preview:large","max-video-preview":"max-video-preview:-1"},"canonical":"https:\/\/dicodusport.fr\/blog\/monaco-le-havre-compositions-chaine-tv-cotes-et-heure\/","og_locale":"fr_FR","og_type":"article","og_title":"Monaco-Le Havre : Cha\u00eene TV, Compositions, Heure et Cotes","og_description":"LIGUE 1 2025-2026 - \u00c0 quelle heure et sur quelle cha\u00eene TV suivre le match de Ligue 1 entre l'AS Monaco et Le Havre AC ? Retrouvez \u00e9galement les compositions des deux \u00e9quipes.","og_url":"https:\/\/dicodusport.fr\/blog\/monaco-le-havre-compositions-chaine-tv-cotes-et-heure\/","og_site_name":"Dicodusport","article_publisher":"https:\/\/www.facebook.com\/dicodusport","article_author":"https:\/\/www.facebook.com\/sebastien.gente\/","article_published_time":"2025-08-16T14:21:37+00:00","article_modified_time":"2025-08-16T17:03:24+00:00","og_image":[{"width":1200,"height":674,"url":"https:\/\/dicodusport.fr\/blog\/wp-content\/uploads\/2025\/08\/Monaco-Le-Havre-Compositions-Chaine-TV-Cotes-et-Heure.png","type":"image\/png"}],"author":"S\u00e9bastien Gente","twitter_card":"summary_large_image","twitter_title":"Monaco-Le Havre : Cha\u00eene TV, Compositions, Heure et Cotes","twitter_creator":"@https:\/\/twitter.com\/globulo24","twitter_site":"@dicodusport","schema":{"@context":"https:\/\/schema.org","@graph":[{"@type":"NewsArticle","@id":"https:\/\/dicodusport.fr\/blog\/monaco-le-havre-compositions-chaine-tv-cotes-et-heure\/#article","isPartOf":{"@id":"https:\/\/dicodusport.fr\/blog\/monaco-le-havre-compositions-chaine-tv-cotes-et-heure\/"},"author":{"name":"S\u00e9bastien Gente","@id":"https:\/\/dicodusport.fr\/blog\/#\/schema\/person\/627966a6cde45dbd8c5e36ac85d783da"},"headline":"Monaco-Le Havre : Cha\u00eene TV, Compositions, Heure et Cotes","datePublished":"2025-08-16T14:21:37+00:00","dateModified":"2025-08-16T17:03:24+00:00","mainEntityOfPage":{"@id":"https:\/\/dicodusport.fr\/blog\/monaco-le-havre-compositions-chaine-tv-cotes-et-heure\/"},"wordCount":506,"commentCount":0,"publisher":{"@id":"https:\/\/dicodusport.fr\/blog\/#organization"},"image":{"@id":"https:\/\/dicodusport.fr\/blog\/monaco-le-havre-compositions-chaine-tv-cotes-et-heure\/#primaryimage"},"thumbnailUrl":"https:\/\/dicodusport.fr\/blog\/wp-content\/uploads\/2025\/08\/Monaco-Le-Havre-Compositions-Chaine-TV-Cotes-et-Heure.png","keywords":["AS Monaco","br\u00e8ve","Football","Le Havre AC","Ligue 1","Programme TV"],"articleSection":["Ligue 1"],"inLanguage":"fr-FR","potentialAction":[{"@type":"CommentAction","name":"Comment","target":["https:\/\/dicodusport.fr\/blog\/monaco-le-havre-compositions-chaine-tv-cotes-et-heure\/#respond"]}],"copyrightYear":"2025","copyrightHolder":{"@id":"https:\/\/dicodusport.fr\/blog\/#organization"}},{"@type":"WebPage","@id":"https:\/\/dicodusport.fr\/blog\/monaco-le-havre-compositions-chaine-tv-cotes-et-heure\/","url":"https:\/\/dicodusport.fr\/blog\/monaco-le-havre-compositions-chaine-tv-cotes-et-heure\/","name":"Monaco-Le Havre : Cha\u00eene TV, Compositions, Heure et Cotes","isPartOf":{"@id":"https:\/\/dicodusport.fr\/blog\/#website"},"primaryImageOfPage":{"@id":"https:\/\/dicodusport.fr\/blog\/monaco-le-havre-compositions-chaine-tv-cotes-et-heure\/#primaryimage"},"image":{"@id":"https:\/\/dicodusport.fr\/blog\/monaco-le-havre-compositions-chaine-tv-cotes-et-heure\/#primaryimage"},"thumbnailUrl":"https:\/\/dicodusport.fr\/blog\/wp-content\/uploads\/2025\/08\/Monaco-Le-Havre-Compositions-Chaine-TV-Cotes-et-Heure.png","datePublished":"2025-08-16T14:21:37+00:00","dateModified":"2025-08-16T17:03:24+00:00","description":"LIGUE 1 2025-2026 - \u00c0 quelle heure et sur quelle cha\u00eene TV suivre le match de Ligue 1 entre l'AS Monaco et Le Havre AC ? Retrouvez \u00e9galement les compositions des deux \u00e9quipes.","breadcrumb":{"@id":"https:\/\/dicodusport.fr\/blog\/monaco-le-havre-compositions-chaine-tv-cotes-et-heure\/#breadcrumb"},"inLanguage":"fr-FR","potentialAction":[{"@type":"ReadAction","target":["https:\/\/dicodusport.fr\/blog\/monaco-le-havre-compositions-chaine-tv-cotes-et-heure\/"]}]},{"@type":"ImageObject","inLanguage":"fr-FR","@id":"https:\/\/dicodusport.fr\/blog\/monaco-le-havre-compositions-chaine-tv-cotes-et-heure\/#primaryimage","url":"https:\/\/dicodusport.fr\/blog\/wp-content\/uploads\/2025\/08\/Monaco-Le-Havre-Compositions-Chaine-TV-Cotes-et-Heure.png","contentUrl":"https:\/\/dicodusport.fr\/blog\/wp-content\/uploads\/2025\/08\/Monaco-Le-Havre-Compositions-Chaine-TV-Cotes-et-Heure.png","width":1200,"height":674,"caption":"Monaco-Le Havre Compositions, Cha\u00eene TV, Cotes et Heure"},{"@type":"BreadcrumbList","@id":"https:\/\/dicodusport.fr\/blog\/monaco-le-havre-compositions-chaine-tv-cotes-et-heure\/#breadcrumb","itemListElement":[{"@type":"ListItem","position":1,"name":"Accueil","item":"https:\/\/dicodusport.fr\/blog\/"},{"@type":"ListItem","position":2,"name":"Monaco-Le Havre : Cha\u00eene TV, Compositions, Heure et Cotes"}]},{"@type":"WebSite","@id":"https:\/\/dicodusport.fr\/blog\/#website","url":"https:\/\/dicodusport.fr\/blog\/","name":"Dicodusport","description":"L&#039;encyclop\u00e9die de l&#039;actualit\u00e9 sportive","publisher":{"@id":"https:\/\/dicodusport.fr\/blog\/#organization"},"potentialAction":[{"@type":"SearchAction","target":{"@type":"EntryPoint","urlTemplate":"https:\/\/dicodusport.fr\/blog\/?s={search_term_string}"},"query-input":{"@type":"PropertyValueSpecification","valueRequired":true,"valueName":"search_term_string"}}],"inLanguage":"fr-FR"},{"@type":"NewsMediaOrganization","@id":"https:\/\/dicodusport.fr\/blog\/#organization","name":"Dicodusport","url":"https:\/\/dicodusport.fr\/blog\/","logo":{"@type":"ImageObject","inLanguage":"fr-FR","@id":"https:\/\/dicodusport.fr\/blog\/#\/schema\/logo\/image\/","url":"https:\/\/dicodusport.fr\/blog\/wp-content\/uploads\/2020\/06\/cropped-LOGO-DICODUSPORT-2020-SANS-FOND-SANS-TEXTE.png","contentUrl":"https:\/\/dicodusport.fr\/blog\/wp-content\/uploads\/2020\/06\/cropped-LOGO-DICODUSPORT-2020-SANS-FOND-SANS-TEXTE.png","width":512,"height":512,"caption":"Dicodusport"},"image":{"@id":"https:\/\/dicodusport.fr\/blog\/#\/schema\/logo\/image\/"},"sameAs":["https:\/\/www.facebook.com\/dicodusport","https:\/\/x.com\/dicodusport","https:\/\/www.instagram.com\/dicodusport\/","https:\/\/www.youtube.com\/channel\/UC7V2KZ5sd3htJivAbA4ZG3w"],"description":"Dicodusport est l'encyclop\u00e9die de l'actualit\u00e9 sportive.","email":"bonjour@dicodusport.fr","legalName":"DICODUSPORT","foundingDate":"2018-01-14","vatID":"FR71834470973","taxID":"83447097300043","numberOfEmployees":{"@type":"QuantitativeValue","minValue":"1","maxValue":"10"}},{"@type":"Person","@id":"https:\/\/dicodusport.fr\/blog\/#\/schema\/person\/627966a6cde45dbd8c5e36ac85d783da","name":"S\u00e9bastien Gente","image":{"@type":"ImageObject","inLanguage":"fr-FR","@id":"https:\/\/dicodusport.fr\/blog\/#\/schema\/person\/image\/","url":"https:\/\/dicodusport.fr\/blog\/wp-content\/uploads\/2021\/09\/1510990_10205810251400683_4124423575079401707_n-150x150.jpg","contentUrl":"https:\/\/dicodusport.fr\/blog\/wp-content\/uploads\/2021\/09\/1510990_10205810251400683_4124423575079401707_n-150x150.jpg","caption":"S\u00e9bastien Gente"},"description":"John Stockton, Gianni Bugno, Zinedine Zidane, Steffi Graf, Frode Andresen, St\u00e9phane Stoecklin, Davis Kamoga, Primoz Peterka, Werner Schlager et Aur\u00e9lien Rougerie. Point commun entre ces sportifs? Ils m'ont fait r\u00eaver et ont berc\u00e9 mon adolescence. Je suis un fondu de sports et j'essaie de retranscrire ma passion \u00e0 travers mes articles. Originaire du P\u00e9rigord, ma passion pour les Girondins, les Jaunards et les Jazzmen transpire dans mes \u00e9crits. \u00c0 Dicodusport depuis 2021, je d\u00e9niche les sports m\u00e9connus dans lesquels la France brille, et il y en a !","sameAs":["https:\/\/www.facebook.com\/sebastien.gente\/","https:\/\/www.instagram.com\/sebgente\/","https:\/\/www.linkedin.com\/in\/sbastien-gente-a29583169\/","https:\/\/x.com\/https:\/\/twitter.com\/globulo24","SebastienGente"],"worksFor":"S\u00e9bastien GENTE","url":"https:\/\/dicodusport.fr\/blog\/author\/sebastiengente\/"}]}},"_links":{"self":[{"href":"https:\/\/dicodusport.fr\/blog\/wp-json\/wp\/v2\/posts\/602647","targetHints":{"allow":["GET"]}}],"collection":[{"href":"https:\/\/dicodusport.fr\/blog\/wp-json\/wp\/v2\/posts"}],"about":[{"href":"https:\/\/dicodusport.fr\/blog\/wp-json\/wp\/v2\/types\/post"}],"author":[{"embeddable":true,"href":"https:\/\/dicodusport.fr\/blog\/wp-json\/wp\/v2\/users\/59"}],"replies":[{"embeddable":true,"href":"https:\/\/dicodusport.fr\/blog\/wp-json\/wp\/v2\/comments?post=602647"}],"version-history":[{"count":5,"href":"https:\/\/dicodusport.fr\/blog\/wp-json\/wp\/v2\/posts\/602647\/revisions"}],"predecessor-version":[{"id":603346,"href":"https:\/\/dicodusport.fr\/blog\/wp-json\/wp\/v2\/posts\/602647\/revisions\/603346"}],"wp:featuredmedia":[{"embeddable":true,"href":"https:\/\/dicodusport.fr\/blog\/wp-json\/wp\/v2\/media\/602706"}],"wp:attachment":[{"href":"https:\/\/dicodusport.fr\/blog\/wp-json\/wp\/v2\/media?parent=602647"}],"wp:term":[{"taxonomy":"category","embeddable":true,"href":"https:\/\/dicodusport.fr\/blog\/wp-json\/wp\/v2\/categories?post=602647"},{"taxonomy":"post_tag","embeddable":true,"href":"https:\/\/dicodusport.fr\/blog\/wp-json\/wp\/v2\/tags?post=602647"}],"curies":[{"name":"wp","href":"https:\/\/api.w.org\/{rel}","templated":true}]}}