{"id":602715,"date":"2025-08-17T10:16:19","date_gmt":"2025-08-17T08:16:19","guid":{"rendered":"https:\/\/dicodusport.fr\/blog\/?p=602715&#038;preview=true&#038;preview_id=602715"},"modified":"2025-08-17T10:18:08","modified_gmt":"2025-08-17T08:18:08","slug":"ufc-319-liste-des-combats-chaine-tv-date-et-heure","status":"publish","type":"post","link":"https:\/\/dicodusport.fr\/blog\/ufc-319-liste-des-combats-chaine-tv-date-et-heure\/","title":{"rendered":"UFC 319 : Liste des combats et r\u00e9sultats"},"content":{"rendered":"<p style=\"text-align: justify;\" align=\"justify\"><strong><em>UFC 319 &#8211; L&rsquo;UFC 319 se d\u00e9roule ce dimanche 16 ao\u00fbt au United Center de Chicago, aux \u00c9tats-Unis<\/em><em>. Programme et cha\u00eene TV.<\/em><\/strong><\/p>\n<p style=\"text-align: justify;\" align=\"justify\">Le 319\u00e8me \u00e9v\u00e8nement num\u00e9rot\u00e9 de l&rsquo;histoire de l&rsquo;UFC aura lieu dans la nuit de samedi \u00e0 dimanche. Et elle sera domin\u00e9e par un combat phare : celui entre <strong>Dricus du Plessis<\/strong> et <strong>Khamzat Chimaev<\/strong> pour la ceinture des poids moyens.<\/p>\n<h2 style=\"text-align: justify;\" align=\"justify\">\u00c0 qui le titre des poids moyens ?<\/h2>\n<p style=\"text-align: justify;\">En janvier 2024, <strong>Dricus du Plessis<\/strong> avait choqu\u00e9 la plan\u00e8te MMA en arrachant la ceinture UFC des poids moyens des mains de <strong>Sean Strickland<\/strong> (<a href=\"https:\/\/dicodusport.fr\/blog\/ufc-297-dricus-du-plessis-detrone-sean-strickland-tous-les-resultats-du-gala\/\">d\u00e9cision partag\u00e9e<\/a>), devenant ainsi le premier Sud-Africain \u00e0 d\u00e9crocher un titre dans l&rsquo;organisation. Depuis, il a d\u00e9fendu deux fois victorieusement cette ceinture, face \u00e0<strong> Israel Adesanya<\/strong> (par soumission) puis de nouveau contre <strong>Strickland<\/strong> (cette fois par d\u00e9cision unanime). Mais il va sans doute faire face \u00e0 son plus grand d\u00e9fi.<\/p>\n<div class=\"vlp-link-container vlp-layout-article\"><a href=\"https:\/\/dicodusport.fr\/blog\/ufc-312-dricus-du-plessis-bat-encore-sean-strickland-tous-les-resultats-de-la-soiree\/\" class=\"vlp-link\" title=\"UFC 312 : Dricus du Plessis bat encore Sean Strickland, tous les r\u00e9sultats de la soir\u00e9e\"><\/a><div class=\"vlp-layout-zone-side\"><div class=\"vlp-block-4 vlp-link-image\"><img loading=\"lazy\" decoding=\"async\" style=\"max-width: 792px;\" width=\"792\" height=\"445\" src=\"https:\/\/dicodusport.fr\/blog\/wp-content\/uploads\/2025\/02\/UFC-312-Dricus-du-Plessis-bat-encore-Sean-Strickland-tous-les-resultats-de-la-soiree.png\" class=\"attachment-800x445 size-800x445\" alt=\"UFC 312 Dricus du Plessis bat encore Sean Strickland, tous les r\u00e9sultats de la soir\u00e9e\" srcset=\"https:\/\/dicodusport.fr\/blog\/wp-content\/uploads\/2025\/02\/UFC-312-Dricus-du-Plessis-bat-encore-Sean-Strickland-tous-les-resultats-de-la-soiree.png 1200w, https:\/\/dicodusport.fr\/blog\/wp-content\/uploads\/2025\/02\/UFC-312-Dricus-du-Plessis-bat-encore-Sean-Strickland-tous-les-resultats-de-la-soiree-300x169.png 300w, https:\/\/dicodusport.fr\/blog\/wp-content\/uploads\/2025\/02\/UFC-312-Dricus-du-Plessis-bat-encore-Sean-Strickland-tous-les-resultats-de-la-soiree-1024x575.png 1024w, https:\/\/dicodusport.fr\/blog\/wp-content\/uploads\/2025\/02\/UFC-312-Dricus-du-Plessis-bat-encore-Sean-Strickland-tous-les-resultats-de-la-soiree-768x431.png 768w\" sizes=\"auto, (max-width: 792px) 100vw, 792px\" \/><\/div><\/div><div class=\"vlp-layout-zone-main\"><div class=\"vlp-block-0 vlp-link-title\">UFC 312 : Dricus du Plessis bat encore Sean Strickland, tous les r\u00e9sultats de la soir\u00e9e<\/div><div class=\"vlp-block-1 vlp-link-summary\">UFC 312 - Comme dans le premier combat, Dricus Du Plessis s'est impos\u00e9 face \u00e0 Sean Strickland (50-45, 50-45, 49-46). Le Sud-Africain reste champion du monde UFC des Moyens.<\/div><div class=\"vlp-block-2 vlp-link-button\">Lire l'article<\/div><div class=\"vlp-block-3 vlp-link-url\">dicodusport.fr<\/div><\/div><\/div>\n<p style=\"text-align: justify;\">En face de lui se trouvera <strong>Khamzat Chimaev<\/strong>. Depuis son arriv\u00e9e \u00e0 l&rsquo;UFC, le combattant \u00e9mirati a disput\u00e9 14 combats et en a remport\u00e9&#8230; 14, oscillant entre les poids mi-moyens et les poids moyens. Certains contre des noms connus, comme <strong>Gilbert Burns<\/strong> ou les anciens champions <strong>Kamaru Usman<\/strong> et <strong>Robert Whittaker<\/strong>, sa derni\u00e8re victime en date en octobre 2024. Le voil\u00e0 nanti d&rsquo;une chance mondiale pour la premi\u00e8re fois, \u00e0 31 ans.<\/p>\n<p style=\"text-align: justify;\"><iframe loading=\"lazy\" title=\"YouTube video player\" src=\"https:\/\/www.youtube.com\/embed\/DlAuBhsCHyI?si=xjLdKoUAhglHCLQy\" width=\"560\" height=\"315\" frameborder=\"0\" allowfullscreen=\"allowfullscreen\"><\/iframe><\/p>\n<p style=\"text-align: justify;\">Chez les bookmakers, aucun doute : <strong>Khamzat Chimaev<\/strong> est le grand favori de ce combat pour le titre. La ceinture des poids moyens va-t-elle changer de propri\u00e9taire ?<\/p>\n<ul>\n<li style=\"text-align: justify;\"><strong>\u00c0 lire aussi &#8211; <a href=\"https:\/\/dicodusport.fr\/blog\/video-le-combat-dantesque-entre-khamzat-chimaev-et-driucus-du-plessis-a-lufc-319\/\">[Vid\u00e9o] Le combat dantesque entre Khamzat Chimaev et Driucus Du Plessis \u00e0 l\u2019UFC 319<\/a><\/strong><\/li>\n<\/ul>\n<h2 style=\"text-align: justify;\" align=\"justify\">Date, heure et cha\u00eene TV de l&rsquo;UFC 319<\/h2>\n<p style=\"text-align: justify;\">La soir\u00e9e de l&rsquo;UFC 319 d\u00e9butera \u00e0 00h00 heure fran\u00e7aise, avec les combats pr\u00e9liminaires, mais la carte principale ne d\u00e9butera pas avant 4h00 du matin. Le combat pour la ceinture des poids moyens est pr\u00e9vu pour 6h00.<\/p>\n<p style=\"text-align: justify;\">C&rsquo;est <strong>RMC Sport<\/strong> qui diffusera la carte pr\u00e9liminaire et la carte principale, avec une nuit sp\u00e9ciale \u00e0 partir de 01h00. La soir\u00e9e est \u00e9galement retransmise en int\u00e9gralit\u00e9 sur le UFC League Pass.<\/p>\n<h2 style=\"text-align: justify;\" align=\"justify\">Carte principale UFC 319 (4h00) :<\/h2>\n<ul style=\"text-align: justify;\">\n<li><img decoding=\"async\" class=\"emoji\" style=\"background-color: #ffffff; background-image: none !important;\" role=\"img\" draggable=\"false\" src=\"https:\/\/s.w.org\/images\/core\/emoji\/14.0.0\/svg\/1f1e6-1f1ea.svg\" alt=\"\" \/><strong> Khamzat Chimaev<\/strong> bat Dricus du Plessis <img decoding=\"async\" class=\"emoji\" style=\"background-color: #ffffff; background-image: none !important;\" role=\"img\" draggable=\"false\" src=\"https:\/\/s.w.org\/images\/core\/emoji\/14.0.0\/svg\/1f1ff-1f1e6.svg\" alt=\"\" \/> (c) par d\u00e9cision unanime pour la ceinture middleweight<\/li>\n<li><img loading=\"lazy\" decoding=\"async\" class=\"alignnone wp-image-3761\" src=\"https:\/\/dicodusport.fr\/blog\/wp-content\/uploads\/2017\/08\/Drapeau-Angleterre-300x180.png\" alt=\"\" width=\"16\" height=\"10\" srcset=\"https:\/\/dicodusport.fr\/blog\/wp-content\/uploads\/2017\/08\/Drapeau-Angleterre-300x180.png 300w, https:\/\/dicodusport.fr\/blog\/wp-content\/uploads\/2017\/08\/Drapeau-Angleterre-768x461.png 768w, https:\/\/dicodusport.fr\/blog\/wp-content\/uploads\/2017\/08\/Drapeau-Angleterre-392x272.png 392w, https:\/\/dicodusport.fr\/blog\/wp-content\/uploads\/2017\/08\/Drapeau-Angleterre-130x90.png 130w, https:\/\/dicodusport.fr\/blog\/wp-content\/uploads\/2017\/08\/Drapeau-Angleterre.png 800w\" sizes=\"auto, (max-width: 16px) 100vw, 16px\" \/> <strong>Lerone Murphy<\/strong> bat Aaron Pico <img decoding=\"async\" class=\"emoji\" role=\"img\" draggable=\"false\" src=\"https:\/\/s.w.org\/images\/core\/emoji\/14.0.0\/svg\/1f1fa-1f1f8.svg\" alt=\"\" \/> par KO (Featherweight)<\/li>\n<li>\u00a0<img decoding=\"async\" class=\"emoji\" style=\"background-color: #ffffff; background-image: none !important;\" role=\"img\" draggable=\"false\" src=\"https:\/\/s.w.org\/images\/core\/emoji\/14.0.0\/svg\/1f1e7-1f1f7.svg\" alt=\"\" \/> <strong>Carlos Prates<\/strong> bat Geoff Neal par KO <img decoding=\"async\" class=\"emoji\" style=\"background-color: #ffffff; background-image: none !important;\" role=\"img\" draggable=\"false\" src=\"https:\/\/s.w.org\/images\/core\/emoji\/14.0.0\/svg\/1f1fa-1f1f8.svg\" alt=\"\" \/> (Welterweight)<\/li>\n<li>\u00a0<img loading=\"lazy\" decoding=\"async\" class=\"alignnone wp-image-3761\" src=\"https:\/\/dicodusport.fr\/blog\/wp-content\/uploads\/2017\/08\/Drapeau-Angleterre-300x180.png\" alt=\"\" width=\"16\" height=\"10\" srcset=\"https:\/\/dicodusport.fr\/blog\/wp-content\/uploads\/2017\/08\/Drapeau-Angleterre-300x180.png 300w, https:\/\/dicodusport.fr\/blog\/wp-content\/uploads\/2017\/08\/Drapeau-Angleterre-768x461.png 768w, https:\/\/dicodusport.fr\/blog\/wp-content\/uploads\/2017\/08\/Drapeau-Angleterre-392x272.png 392w, https:\/\/dicodusport.fr\/blog\/wp-content\/uploads\/2017\/08\/Drapeau-Angleterre-130x90.png 130w, https:\/\/dicodusport.fr\/blog\/wp-content\/uploads\/2017\/08\/Drapeau-Angleterre.png 800w\" sizes=\"auto, (max-width: 16px) 100vw, 16px\" \/> <strong>Michael Page<\/strong> bat Jared Cannonier par d\u00e9cision unanime <img decoding=\"async\" class=\"emoji\" style=\"background-color: #ffffff; background-image: none !important;\" role=\"img\" draggable=\"false\" src=\"https:\/\/s.w.org\/images\/core\/emoji\/14.0.0\/svg\/1f1fa-1f1f8.svg\" alt=\"\" \/> (Middleweight)<\/li>\n<li><img decoding=\"async\" class=\"emoji\" role=\"img\" draggable=\"false\" src=\"https:\/\/s.w.org\/images\/core\/emoji\/14.0.0\/svg\/1f1fa-1f1f8.svg\" alt=\"\" \/> <strong>Tim Elliott<\/strong> bat Kai Asakura par soumission <img decoding=\"async\" class=\"emoji\" role=\"img\" draggable=\"false\" src=\"https:\/\/s.w.org\/images\/core\/emoji\/14.0.0\/svg\/1f1ef-1f1f5.svg\" alt=\"\" \/> (Flyweight)<\/li>\n<\/ul>\n<h2 style=\"text-align: justify;\" align=\"justify\">Carte pr\u00e9liminaire UFC 319 (2h00) :<\/h2>\n<ul style=\"text-align: justify;\">\n<li><img decoding=\"async\" class=\"emoji\" role=\"img\" draggable=\"false\" src=\"https:\/\/s.w.org\/images\/core\/emoji\/14.0.0\/svg\/1f1f7-1f1fa.svg\" alt=\"\" \/> <strong>Baisangur Susurkaev<\/strong> bat Eric Nolan <img decoding=\"async\" class=\"emoji\" role=\"img\" draggable=\"false\" src=\"https:\/\/s.w.org\/images\/core\/emoji\/14.0.0\/svg\/1f1fa-1f1f8.svg\" alt=\"\" \/> par soumission (Middleweight)<\/li>\n<li><img decoding=\"async\" class=\"emoji\" style=\"background-color: #ffffff; background-image: none !important;\" role=\"img\" draggable=\"false\" src=\"https:\/\/s.w.org\/images\/core\/emoji\/14.0.0\/svg\/1f1f5-1f1f1.svg\" alt=\"\" \/> <strong>Micha\u0142 Oleksiejczuk<\/strong> bat Gerald Meerschaert <img decoding=\"async\" class=\"emoji\" style=\"background-color: #ffffff; background-image: none !important;\" role=\"img\" draggable=\"false\" src=\"https:\/\/s.w.org\/images\/core\/emoji\/14.0.0\/svg\/1f1fa-1f1f8.svg\" alt=\"\" \/> par TKO (Middleweight)<\/li>\n<li><img decoding=\"async\" class=\"emoji\" style=\"background-color: #ffffff; background-image: none !important;\" role=\"img\" draggable=\"false\" src=\"https:\/\/s.w.org\/images\/core\/emoji\/14.0.0\/svg\/1f1f2-1f1fd.svg\" alt=\"\" \/> <strong>Loopy Godinez<\/strong> bat J\u00e9ssica Andrade <img decoding=\"async\" class=\"emoji\" style=\"background-color: #ffffff; background-image: none !important;\" role=\"img\" draggable=\"false\" src=\"https:\/\/s.w.org\/images\/core\/emoji\/14.0.0\/svg\/1f1e7-1f1f7.svg\" alt=\"\" \/> par d\u00e9cision unanime\u00a0(Strawweight)<\/li>\n<li><img decoding=\"async\" class=\"emoji\" role=\"img\" draggable=\"false\" src=\"https:\/\/s.w.org\/images\/core\/emoji\/14.0.0\/svg\/1f1fa-1f1f8.svg\" alt=\"\" \/> <strong>Alexander Hernandez<\/strong> bat Chase Hooper <img decoding=\"async\" class=\"emoji\" role=\"img\" draggable=\"false\" src=\"https:\/\/s.w.org\/images\/core\/emoji\/14.0.0\/svg\/1f1fa-1f1f8.svg\" alt=\"\" \/> par TKO (Lightweight)<\/li>\n<\/ul>\n<h2 style=\"text-align: justify;\" align=\"justify\">Carte pr\u00e9-pr\u00e9liminaire UFC 319 (0h00) :<\/h2>\n<ul style=\"text-align: justify;\">\n<li><img decoding=\"async\" class=\"emoji\" style=\"background-color: #ffffff; background-image: none !important;\" role=\"img\" draggable=\"false\" src=\"https:\/\/s.w.org\/images\/core\/emoji\/14.0.0\/svg\/1f1fa-1f1f8.svg\" alt=\"\" \/> <strong>Drakkar Klose<\/strong> bat Edson Barbosa <img decoding=\"async\" class=\"emoji\" style=\"background-color: #ffffff; background-image: none !important;\" role=\"img\" draggable=\"false\" src=\"https:\/\/s.w.org\/images\/core\/emoji\/14.0.0\/svg\/1f1e7-1f1f7.svg\" alt=\"\" \/> par d\u00e9cision unanime (Lightweight)<\/li>\n<li><img decoding=\"async\" class=\"emoji\" role=\"img\" draggable=\"false\" src=\"https:\/\/s.w.org\/images\/core\/emoji\/14.0.0\/svg\/1f1e7-1f1f7.svg\" alt=\"\" \/> <strong>Karine Silva<\/strong> bat Dione Barbosa <img decoding=\"async\" class=\"emoji\" role=\"img\" draggable=\"false\" src=\"https:\/\/s.w.org\/images\/core\/emoji\/14.0.0\/svg\/1f1e7-1f1f7.svg\" alt=\"\" \/> par d\u00e9cision unanime (Flyweight)<\/li>\n<li><img decoding=\"async\" class=\"emoji\" style=\"background-color: #ffffff; background-image: none !important;\" role=\"img\" draggable=\"false\" src=\"https:\/\/s.w.org\/images\/core\/emoji\/14.0.0\/svg\/1f1fa-1f1f8.svg\" alt=\"\" \/> <strong>Joseph Morales<\/strong> bat Alibi Idiris <img decoding=\"async\" class=\"emoji\" style=\"background-color: #ffffff; background-image: none !important;\" role=\"img\" draggable=\"false\" src=\"https:\/\/s.w.org\/images\/core\/emoji\/14.0.0\/svg\/1f1f0-1f1ff.svg\" alt=\"\" \/> par soumission (Flyweight)<\/li>\n<\/ul>\n<ul>\n<li style=\"text-align: justify;\"><strong>\u00c0 lire aussi \u2013\u00a0<a href=\"https:\/\/dicodusport.fr\/blog\/ufc-319-khamzat-chimaev-martyrise-dricus-du-plessis-tous-les-resultats-du-gala\/\">UFC 319 : Khamzat Chimaev martyrise Dricus Du Plessis, tous les r\u00e9sultats du gala<\/a><\/strong><\/li>\n<\/ul>\n<h2 style=\"text-align: justify;\">Les cotes de Dricus du Plessis &#8211; Khamzat Chimaev<\/h2>\n<table style=\"width: 800px;\">\n<tbody>\n<tr style=\"height: 16px;\">\n<td style=\"background-color: #404040; text-align: left; border-color: #ededed; width: 532px;\" colspan=\"2\"><strong><span style=\"font-size: 12px; color: #ffffff;\"><img loading=\"lazy\" decoding=\"async\" class=\"alignnone wp-image-512842\" src=\"https:\/\/dicodusport.fr\/blog\/wp-content\/uploads\/2024\/08\/Logo-Winamax.png\" alt=\"\" width=\"14\" height=\"13\" srcset=\"https:\/\/dicodusport.fr\/blog\/wp-content\/uploads\/2024\/08\/Logo-Winamax.png 290w, https:\/\/dicodusport.fr\/blog\/wp-content\/uploads\/2024\/08\/Logo-Winamax-150x150.png 150w, https:\/\/dicodusport.fr\/blog\/wp-content\/uploads\/2024\/08\/Logo-Winamax-80x80.png 80w\" sizes=\"auto, (max-width: 14px) 100vw, 14px\" \/> Dimanche 17 ao\u00fbt, 6h00<\/span><\/strong><\/td>\n<\/tr>\n<tr style=\"height: 24px;\">\n<td style=\"background-color: #ffffff; border-color: #ededed; vertical-align: middle; text-align: center; width: 400px;\"><span style=\"font-size: 10px;\"><span style=\"font-size: 14px;\"><strong>Dricus du Plessis<\/strong><\/span><br \/>\n<a href=\"https:\/\/www.winamax.fr\/paris-sportifs\/match\/60570081?banid=33423\" class=\"su-button su-button-style-flat su-button-wide\" style=\"color:#fff;background-color:#013369;border-color:#012954;border-radius:5px\" target=\"_blank\" rel=\"noopener noreferrer\"><span style=\"color:#fff;padding:0px 20px;font-size:16px;line-height:32px;border-color:#4e7196;border-radius:5px;text-shadow:none\"> 2.85<\/span><\/a><\/span><\/td>\n<td style=\"background-color: #ffffff; border-color: #ededed; vertical-align: middle; text-align: center; width: 400px;\"><span style=\"font-size: 10px;\"><span style=\"font-size: 14px;\"><strong>Khamzat Chimaev<\/strong><\/span><br \/>\n<a href=\"https:\/\/www.winamax.fr\/paris-sportifs\/match\/60570081?banid=33423\" class=\"su-button su-button-style-flat su-button-wide\" style=\"color:#fff;background-color:#013369;border-color:#012954;border-radius:5px\" target=\"_blank\" rel=\"noopener noreferrer\"><span style=\"color:#fff;padding:0px 20px;font-size:16px;line-height:32px;border-color:#4e7196;border-radius:5px;text-shadow:none\"> 1.38<\/span><\/a><\/span><\/td>\n<\/tr>\n<\/tbody>\n<\/table>\n<p style=\"text-align: justify;\">Tentez votre chance en profitant de votre <a href=\"https:\/\/www.winamax.fr\/registration\/landing\/affiliation_Bonus100?banid=33423\">1er d\u00e9p\u00f4t doubl\u00e9 jusqu&rsquo;\u00e0 100 \u20ac<\/a> direct en paris gratuits sur Winamax !<\/p>\n","protected":false},"excerpt":{"rendered":"<p>UFC 319 &#8211; L&rsquo;UFC 319 se d\u00e9roule ce dimanche 16 ao\u00fbt au United Center de Chicago, aux \u00c9tats-Unis. Programme et cha\u00eene TV.<\/p>\n","protected":false},"author":59,"featured_media":602717,"comment_status":"open","ping_status":"closed","sticky":false,"template":"","format":"standard","meta":{"_acf_changed":false,"_daextam_enable_autolinks":"1","footnotes":""},"categories":[10666],"tags":[16878,1224],"class_list":["post-602715","post","type-post","status-publish","format-standard","has-post-thumbnail","hentry","category-mma","tag-breve","tag-ufc"],"acf":[],"yoast_head":"<!-- This site is optimized with the Yoast SEO Premium plugin v26.7 (Yoast SEO v26.7) - https:\/\/yoast.com\/wordpress\/plugins\/seo\/ -->\n<title>UFC 319 : Liste des combats et r\u00e9sultats<\/title>\n<meta name=\"description\" content=\"UFC 319 - L&#039;UFC 319 se d\u00e9roule ce dimanche 16 ao\u00fbt au United Center de Chicago, aux \u00c9tats-Unis. Programme et cha\u00eene TV.\" \/>\n<meta name=\"robots\" content=\"index, follow, max-snippet:-1, max-image-preview:large, max-video-preview:-1\" \/>\n<link rel=\"canonical\" href=\"https:\/\/dicodusport.fr\/blog\/ufc-319-liste-des-combats-chaine-tv-date-et-heure\/\" \/>\n<meta property=\"og:locale\" content=\"fr_FR\" \/>\n<meta property=\"og:type\" content=\"article\" \/>\n<meta property=\"og:title\" content=\"UFC 319 : Liste des combats et r\u00e9sultats\" \/>\n<meta property=\"og:description\" content=\"UFC 319 - L&#039;UFC 319 se d\u00e9roule ce dimanche 16 ao\u00fbt au United Center de Chicago, aux \u00c9tats-Unis. Programme et cha\u00eene TV.\" \/>\n<meta property=\"og:url\" content=\"https:\/\/dicodusport.fr\/blog\/ufc-319-liste-des-combats-chaine-tv-date-et-heure\/\" \/>\n<meta property=\"og:site_name\" content=\"Dicodusport\" \/>\n<meta property=\"article:publisher\" content=\"https:\/\/www.facebook.com\/dicodusport\" \/>\n<meta property=\"article:author\" content=\"https:\/\/www.facebook.com\/sebastien.gente\/\" \/>\n<meta property=\"article:published_time\" content=\"2025-08-17T08:16:19+00:00\" \/>\n<meta property=\"article:modified_time\" content=\"2025-08-17T08:18:08+00:00\" \/>\n<meta property=\"og:image\" content=\"https:\/\/dicodusport.fr\/blog\/wp-content\/uploads\/2025\/08\/UFC-319-Liste-des-combats-Chaine-TV-Date-et-Heure.png\" \/>\n\t<meta property=\"og:image:width\" content=\"1200\" \/>\n\t<meta property=\"og:image:height\" content=\"674\" \/>\n\t<meta property=\"og:image:type\" content=\"image\/png\" \/>\n<meta name=\"author\" content=\"S\u00e9bastien Gente\" \/>\n<meta name=\"twitter:card\" content=\"summary_large_image\" \/>\n<meta name=\"twitter:title\" content=\"UFC 319 : Liste des combats et r\u00e9sultats\" \/>\n<meta name=\"twitter:creator\" content=\"@https:\/\/twitter.com\/globulo24\" \/>\n<meta name=\"twitter:site\" content=\"@dicodusport\" \/>\n<script type=\"application\/ld+json\" class=\"yoast-schema-graph\">{\"@context\":\"https:\/\/schema.org\",\"@graph\":[{\"@type\":\"NewsArticle\",\"@id\":\"https:\/\/dicodusport.fr\/blog\/ufc-319-liste-des-combats-chaine-tv-date-et-heure\/#article\",\"isPartOf\":{\"@id\":\"https:\/\/dicodusport.fr\/blog\/ufc-319-liste-des-combats-chaine-tv-date-et-heure\/\"},\"author\":{\"name\":\"S\u00e9bastien Gente\",\"@id\":\"https:\/\/dicodusport.fr\/blog\/#\/schema\/person\/627966a6cde45dbd8c5e36ac85d783da\"},\"headline\":\"UFC 319 : Liste des combats et r\u00e9sultats\",\"datePublished\":\"2025-08-17T08:16:19+00:00\",\"dateModified\":\"2025-08-17T08:18:08+00:00\",\"mainEntityOfPage\":{\"@id\":\"https:\/\/dicodusport.fr\/blog\/ufc-319-liste-des-combats-chaine-tv-date-et-heure\/\"},\"wordCount\":680,\"commentCount\":0,\"publisher\":{\"@id\":\"https:\/\/dicodusport.fr\/blog\/#organization\"},\"image\":{\"@id\":\"https:\/\/dicodusport.fr\/blog\/ufc-319-liste-des-combats-chaine-tv-date-et-heure\/#primaryimage\"},\"thumbnailUrl\":\"https:\/\/dicodusport.fr\/blog\/wp-content\/uploads\/2025\/08\/UFC-319-Liste-des-combats-Chaine-TV-Date-et-Heure.png\",\"keywords\":[\"br\u00e8ve\",\"UFC\"],\"articleSection\":[\"MMA\"],\"inLanguage\":\"fr-FR\",\"potentialAction\":[{\"@type\":\"CommentAction\",\"name\":\"Comment\",\"target\":[\"https:\/\/dicodusport.fr\/blog\/ufc-319-liste-des-combats-chaine-tv-date-et-heure\/#respond\"]}],\"copyrightYear\":\"2025\",\"copyrightHolder\":{\"@id\":\"https:\/\/dicodusport.fr\/blog\/#organization\"}},{\"@type\":\"WebPage\",\"@id\":\"https:\/\/dicodusport.fr\/blog\/ufc-319-liste-des-combats-chaine-tv-date-et-heure\/\",\"url\":\"https:\/\/dicodusport.fr\/blog\/ufc-319-liste-des-combats-chaine-tv-date-et-heure\/\",\"name\":\"UFC 319 : Liste des combats et r\u00e9sultats\",\"isPartOf\":{\"@id\":\"https:\/\/dicodusport.fr\/blog\/#website\"},\"primaryImageOfPage\":{\"@id\":\"https:\/\/dicodusport.fr\/blog\/ufc-319-liste-des-combats-chaine-tv-date-et-heure\/#primaryimage\"},\"image\":{\"@id\":\"https:\/\/dicodusport.fr\/blog\/ufc-319-liste-des-combats-chaine-tv-date-et-heure\/#primaryimage\"},\"thumbnailUrl\":\"https:\/\/dicodusport.fr\/blog\/wp-content\/uploads\/2025\/08\/UFC-319-Liste-des-combats-Chaine-TV-Date-et-Heure.png\",\"datePublished\":\"2025-08-17T08:16:19+00:00\",\"dateModified\":\"2025-08-17T08:18:08+00:00\",\"description\":\"UFC 319 - L'UFC 319 se d\u00e9roule ce dimanche 16 ao\u00fbt au United Center de Chicago, aux \u00c9tats-Unis. Programme et cha\u00eene TV.\",\"breadcrumb\":{\"@id\":\"https:\/\/dicodusport.fr\/blog\/ufc-319-liste-des-combats-chaine-tv-date-et-heure\/#breadcrumb\"},\"inLanguage\":\"fr-FR\",\"potentialAction\":[{\"@type\":\"ReadAction\",\"target\":[\"https:\/\/dicodusport.fr\/blog\/ufc-319-liste-des-combats-chaine-tv-date-et-heure\/\"]}]},{\"@type\":\"ImageObject\",\"inLanguage\":\"fr-FR\",\"@id\":\"https:\/\/dicodusport.fr\/blog\/ufc-319-liste-des-combats-chaine-tv-date-et-heure\/#primaryimage\",\"url\":\"https:\/\/dicodusport.fr\/blog\/wp-content\/uploads\/2025\/08\/UFC-319-Liste-des-combats-Chaine-TV-Date-et-Heure.png\",\"contentUrl\":\"https:\/\/dicodusport.fr\/blog\/wp-content\/uploads\/2025\/08\/UFC-319-Liste-des-combats-Chaine-TV-Date-et-Heure.png\",\"width\":1200,\"height\":674,\"caption\":\"UFC 319 Liste des combats, Cha\u00eene TV, Date et Heure\"},{\"@type\":\"BreadcrumbList\",\"@id\":\"https:\/\/dicodusport.fr\/blog\/ufc-319-liste-des-combats-chaine-tv-date-et-heure\/#breadcrumb\",\"itemListElement\":[{\"@type\":\"ListItem\",\"position\":1,\"name\":\"Accueil\",\"item\":\"https:\/\/dicodusport.fr\/blog\/\"},{\"@type\":\"ListItem\",\"position\":2,\"name\":\"UFC 319 : Liste des combats et r\u00e9sultats\"}]},{\"@type\":\"WebSite\",\"@id\":\"https:\/\/dicodusport.fr\/blog\/#website\",\"url\":\"https:\/\/dicodusport.fr\/blog\/\",\"name\":\"Dicodusport\",\"description\":\"L&#039;encyclop\u00e9die de l&#039;actualit\u00e9 sportive\",\"publisher\":{\"@id\":\"https:\/\/dicodusport.fr\/blog\/#organization\"},\"potentialAction\":[{\"@type\":\"SearchAction\",\"target\":{\"@type\":\"EntryPoint\",\"urlTemplate\":\"https:\/\/dicodusport.fr\/blog\/?s={search_term_string}\"},\"query-input\":{\"@type\":\"PropertyValueSpecification\",\"valueRequired\":true,\"valueName\":\"search_term_string\"}}],\"inLanguage\":\"fr-FR\"},{\"@type\":\"NewsMediaOrganization\",\"@id\":\"https:\/\/dicodusport.fr\/blog\/#organization\",\"name\":\"Dicodusport\",\"url\":\"https:\/\/dicodusport.fr\/blog\/\",\"logo\":{\"@type\":\"ImageObject\",\"inLanguage\":\"fr-FR\",\"@id\":\"https:\/\/dicodusport.fr\/blog\/#\/schema\/logo\/image\/\",\"url\":\"https:\/\/dicodusport.fr\/blog\/wp-content\/uploads\/2020\/06\/cropped-LOGO-DICODUSPORT-2020-SANS-FOND-SANS-TEXTE.png\",\"contentUrl\":\"https:\/\/dicodusport.fr\/blog\/wp-content\/uploads\/2020\/06\/cropped-LOGO-DICODUSPORT-2020-SANS-FOND-SANS-TEXTE.png\",\"width\":512,\"height\":512,\"caption\":\"Dicodusport\"},\"image\":{\"@id\":\"https:\/\/dicodusport.fr\/blog\/#\/schema\/logo\/image\/\"},\"sameAs\":[\"https:\/\/www.facebook.com\/dicodusport\",\"https:\/\/x.com\/dicodusport\",\"https:\/\/www.instagram.com\/dicodusport\/\",\"https:\/\/www.youtube.com\/channel\/UC7V2KZ5sd3htJivAbA4ZG3w\"],\"description\":\"Dicodusport est l'encyclop\u00e9die de l'actualit\u00e9 sportive.\",\"email\":\"bonjour@dicodusport.fr\",\"legalName\":\"DICODUSPORT\",\"foundingDate\":\"2018-01-14\",\"vatID\":\"FR71834470973\",\"taxID\":\"83447097300043\",\"numberOfEmployees\":{\"@type\":\"QuantitativeValue\",\"minValue\":\"1\",\"maxValue\":\"10\"}},{\"@type\":\"Person\",\"@id\":\"https:\/\/dicodusport.fr\/blog\/#\/schema\/person\/627966a6cde45dbd8c5e36ac85d783da\",\"name\":\"S\u00e9bastien Gente\",\"image\":{\"@type\":\"ImageObject\",\"inLanguage\":\"fr-FR\",\"@id\":\"https:\/\/dicodusport.fr\/blog\/#\/schema\/person\/image\/\",\"url\":\"https:\/\/dicodusport.fr\/blog\/wp-content\/uploads\/2021\/09\/1510990_10205810251400683_4124423575079401707_n-150x150.jpg\",\"contentUrl\":\"https:\/\/dicodusport.fr\/blog\/wp-content\/uploads\/2021\/09\/1510990_10205810251400683_4124423575079401707_n-150x150.jpg\",\"caption\":\"S\u00e9bastien Gente\"},\"description\":\"John Stockton, Gianni Bugno, Zinedine Zidane, Steffi Graf, Frode Andresen, St\u00e9phane Stoecklin, Davis Kamoga, Primoz Peterka, Werner Schlager et Aur\u00e9lien Rougerie. Point commun entre ces sportifs? Ils m'ont fait r\u00eaver et ont berc\u00e9 mon adolescence. Je suis un fondu de sports et j'essaie de retranscrire ma passion \u00e0 travers mes articles. Originaire du P\u00e9rigord, ma passion pour les Girondins, les Jaunards et les Jazzmen transpire dans mes \u00e9crits. \u00c0 Dicodusport depuis 2021, je d\u00e9niche les sports m\u00e9connus dans lesquels la France brille, et il y en a !\",\"sameAs\":[\"https:\/\/www.facebook.com\/sebastien.gente\/\",\"https:\/\/www.instagram.com\/sebgente\/\",\"https:\/\/www.linkedin.com\/in\/sbastien-gente-a29583169\/\",\"https:\/\/x.com\/https:\/\/twitter.com\/globulo24\",\"SebastienGente\"],\"worksFor\":\"S\u00e9bastien GENTE\",\"url\":\"https:\/\/dicodusport.fr\/blog\/author\/sebastiengente\/\"}]}<\/script>\n<!-- \/ Yoast SEO Premium plugin. -->","yoast_head_json":{"title":"UFC 319 : Liste des combats et r\u00e9sultats","description":"UFC 319 - L'UFC 319 se d\u00e9roule ce dimanche 16 ao\u00fbt au United Center de Chicago, aux \u00c9tats-Unis. Programme et cha\u00eene TV.","robots":{"index":"index","follow":"follow","max-snippet":"max-snippet:-1","max-image-preview":"max-image-preview:large","max-video-preview":"max-video-preview:-1"},"canonical":"https:\/\/dicodusport.fr\/blog\/ufc-319-liste-des-combats-chaine-tv-date-et-heure\/","og_locale":"fr_FR","og_type":"article","og_title":"UFC 319 : Liste des combats et r\u00e9sultats","og_description":"UFC 319 - L'UFC 319 se d\u00e9roule ce dimanche 16 ao\u00fbt au United Center de Chicago, aux \u00c9tats-Unis. Programme et cha\u00eene TV.","og_url":"https:\/\/dicodusport.fr\/blog\/ufc-319-liste-des-combats-chaine-tv-date-et-heure\/","og_site_name":"Dicodusport","article_publisher":"https:\/\/www.facebook.com\/dicodusport","article_author":"https:\/\/www.facebook.com\/sebastien.gente\/","article_published_time":"2025-08-17T08:16:19+00:00","article_modified_time":"2025-08-17T08:18:08+00:00","og_image":[{"width":1200,"height":674,"url":"https:\/\/dicodusport.fr\/blog\/wp-content\/uploads\/2025\/08\/UFC-319-Liste-des-combats-Chaine-TV-Date-et-Heure.png","type":"image\/png"}],"author":"S\u00e9bastien Gente","twitter_card":"summary_large_image","twitter_title":"UFC 319 : Liste des combats et r\u00e9sultats","twitter_creator":"@https:\/\/twitter.com\/globulo24","twitter_site":"@dicodusport","schema":{"@context":"https:\/\/schema.org","@graph":[{"@type":"NewsArticle","@id":"https:\/\/dicodusport.fr\/blog\/ufc-319-liste-des-combats-chaine-tv-date-et-heure\/#article","isPartOf":{"@id":"https:\/\/dicodusport.fr\/blog\/ufc-319-liste-des-combats-chaine-tv-date-et-heure\/"},"author":{"name":"S\u00e9bastien Gente","@id":"https:\/\/dicodusport.fr\/blog\/#\/schema\/person\/627966a6cde45dbd8c5e36ac85d783da"},"headline":"UFC 319 : Liste des combats et r\u00e9sultats","datePublished":"2025-08-17T08:16:19+00:00","dateModified":"2025-08-17T08:18:08+00:00","mainEntityOfPage":{"@id":"https:\/\/dicodusport.fr\/blog\/ufc-319-liste-des-combats-chaine-tv-date-et-heure\/"},"wordCount":680,"commentCount":0,"publisher":{"@id":"https:\/\/dicodusport.fr\/blog\/#organization"},"image":{"@id":"https:\/\/dicodusport.fr\/blog\/ufc-319-liste-des-combats-chaine-tv-date-et-heure\/#primaryimage"},"thumbnailUrl":"https:\/\/dicodusport.fr\/blog\/wp-content\/uploads\/2025\/08\/UFC-319-Liste-des-combats-Chaine-TV-Date-et-Heure.png","keywords":["br\u00e8ve","UFC"],"articleSection":["MMA"],"inLanguage":"fr-FR","potentialAction":[{"@type":"CommentAction","name":"Comment","target":["https:\/\/dicodusport.fr\/blog\/ufc-319-liste-des-combats-chaine-tv-date-et-heure\/#respond"]}],"copyrightYear":"2025","copyrightHolder":{"@id":"https:\/\/dicodusport.fr\/blog\/#organization"}},{"@type":"WebPage","@id":"https:\/\/dicodusport.fr\/blog\/ufc-319-liste-des-combats-chaine-tv-date-et-heure\/","url":"https:\/\/dicodusport.fr\/blog\/ufc-319-liste-des-combats-chaine-tv-date-et-heure\/","name":"UFC 319 : Liste des combats et r\u00e9sultats","isPartOf":{"@id":"https:\/\/dicodusport.fr\/blog\/#website"},"primaryImageOfPage":{"@id":"https:\/\/dicodusport.fr\/blog\/ufc-319-liste-des-combats-chaine-tv-date-et-heure\/#primaryimage"},"image":{"@id":"https:\/\/dicodusport.fr\/blog\/ufc-319-liste-des-combats-chaine-tv-date-et-heure\/#primaryimage"},"thumbnailUrl":"https:\/\/dicodusport.fr\/blog\/wp-content\/uploads\/2025\/08\/UFC-319-Liste-des-combats-Chaine-TV-Date-et-Heure.png","datePublished":"2025-08-17T08:16:19+00:00","dateModified":"2025-08-17T08:18:08+00:00","description":"UFC 319 - L'UFC 319 se d\u00e9roule ce dimanche 16 ao\u00fbt au United Center de Chicago, aux \u00c9tats-Unis. Programme et cha\u00eene TV.","breadcrumb":{"@id":"https:\/\/dicodusport.fr\/blog\/ufc-319-liste-des-combats-chaine-tv-date-et-heure\/#breadcrumb"},"inLanguage":"fr-FR","potentialAction":[{"@type":"ReadAction","target":["https:\/\/dicodusport.fr\/blog\/ufc-319-liste-des-combats-chaine-tv-date-et-heure\/"]}]},{"@type":"ImageObject","inLanguage":"fr-FR","@id":"https:\/\/dicodusport.fr\/blog\/ufc-319-liste-des-combats-chaine-tv-date-et-heure\/#primaryimage","url":"https:\/\/dicodusport.fr\/blog\/wp-content\/uploads\/2025\/08\/UFC-319-Liste-des-combats-Chaine-TV-Date-et-Heure.png","contentUrl":"https:\/\/dicodusport.fr\/blog\/wp-content\/uploads\/2025\/08\/UFC-319-Liste-des-combats-Chaine-TV-Date-et-Heure.png","width":1200,"height":674,"caption":"UFC 319 Liste des combats, Cha\u00eene TV, Date et Heure"},{"@type":"BreadcrumbList","@id":"https:\/\/dicodusport.fr\/blog\/ufc-319-liste-des-combats-chaine-tv-date-et-heure\/#breadcrumb","itemListElement":[{"@type":"ListItem","position":1,"name":"Accueil","item":"https:\/\/dicodusport.fr\/blog\/"},{"@type":"ListItem","position":2,"name":"UFC 319 : Liste des combats et r\u00e9sultats"}]},{"@type":"WebSite","@id":"https:\/\/dicodusport.fr\/blog\/#website","url":"https:\/\/dicodusport.fr\/blog\/","name":"Dicodusport","description":"L&#039;encyclop\u00e9die de l&#039;actualit\u00e9 sportive","publisher":{"@id":"https:\/\/dicodusport.fr\/blog\/#organization"},"potentialAction":[{"@type":"SearchAction","target":{"@type":"EntryPoint","urlTemplate":"https:\/\/dicodusport.fr\/blog\/?s={search_term_string}"},"query-input":{"@type":"PropertyValueSpecification","valueRequired":true,"valueName":"search_term_string"}}],"inLanguage":"fr-FR"},{"@type":"NewsMediaOrganization","@id":"https:\/\/dicodusport.fr\/blog\/#organization","name":"Dicodusport","url":"https:\/\/dicodusport.fr\/blog\/","logo":{"@type":"ImageObject","inLanguage":"fr-FR","@id":"https:\/\/dicodusport.fr\/blog\/#\/schema\/logo\/image\/","url":"https:\/\/dicodusport.fr\/blog\/wp-content\/uploads\/2020\/06\/cropped-LOGO-DICODUSPORT-2020-SANS-FOND-SANS-TEXTE.png","contentUrl":"https:\/\/dicodusport.fr\/blog\/wp-content\/uploads\/2020\/06\/cropped-LOGO-DICODUSPORT-2020-SANS-FOND-SANS-TEXTE.png","width":512,"height":512,"caption":"Dicodusport"},"image":{"@id":"https:\/\/dicodusport.fr\/blog\/#\/schema\/logo\/image\/"},"sameAs":["https:\/\/www.facebook.com\/dicodusport","https:\/\/x.com\/dicodusport","https:\/\/www.instagram.com\/dicodusport\/","https:\/\/www.youtube.com\/channel\/UC7V2KZ5sd3htJivAbA4ZG3w"],"description":"Dicodusport est l'encyclop\u00e9die de l'actualit\u00e9 sportive.","email":"bonjour@dicodusport.fr","legalName":"DICODUSPORT","foundingDate":"2018-01-14","vatID":"FR71834470973","taxID":"83447097300043","numberOfEmployees":{"@type":"QuantitativeValue","minValue":"1","maxValue":"10"}},{"@type":"Person","@id":"https:\/\/dicodusport.fr\/blog\/#\/schema\/person\/627966a6cde45dbd8c5e36ac85d783da","name":"S\u00e9bastien Gente","image":{"@type":"ImageObject","inLanguage":"fr-FR","@id":"https:\/\/dicodusport.fr\/blog\/#\/schema\/person\/image\/","url":"https:\/\/dicodusport.fr\/blog\/wp-content\/uploads\/2021\/09\/1510990_10205810251400683_4124423575079401707_n-150x150.jpg","contentUrl":"https:\/\/dicodusport.fr\/blog\/wp-content\/uploads\/2021\/09\/1510990_10205810251400683_4124423575079401707_n-150x150.jpg","caption":"S\u00e9bastien Gente"},"description":"John Stockton, Gianni Bugno, Zinedine Zidane, Steffi Graf, Frode Andresen, St\u00e9phane Stoecklin, Davis Kamoga, Primoz Peterka, Werner Schlager et Aur\u00e9lien Rougerie. Point commun entre ces sportifs? Ils m'ont fait r\u00eaver et ont berc\u00e9 mon adolescence. Je suis un fondu de sports et j'essaie de retranscrire ma passion \u00e0 travers mes articles. Originaire du P\u00e9rigord, ma passion pour les Girondins, les Jaunards et les Jazzmen transpire dans mes \u00e9crits. \u00c0 Dicodusport depuis 2021, je d\u00e9niche les sports m\u00e9connus dans lesquels la France brille, et il y en a !","sameAs":["https:\/\/www.facebook.com\/sebastien.gente\/","https:\/\/www.instagram.com\/sebgente\/","https:\/\/www.linkedin.com\/in\/sbastien-gente-a29583169\/","https:\/\/x.com\/https:\/\/twitter.com\/globulo24","SebastienGente"],"worksFor":"S\u00e9bastien GENTE","url":"https:\/\/dicodusport.fr\/blog\/author\/sebastiengente\/"}]}},"_links":{"self":[{"href":"https:\/\/dicodusport.fr\/blog\/wp-json\/wp\/v2\/posts\/602715","targetHints":{"allow":["GET"]}}],"collection":[{"href":"https:\/\/dicodusport.fr\/blog\/wp-json\/wp\/v2\/posts"}],"about":[{"href":"https:\/\/dicodusport.fr\/blog\/wp-json\/wp\/v2\/types\/post"}],"author":[{"embeddable":true,"href":"https:\/\/dicodusport.fr\/blog\/wp-json\/wp\/v2\/users\/59"}],"replies":[{"embeddable":true,"href":"https:\/\/dicodusport.fr\/blog\/wp-json\/wp\/v2\/comments?post=602715"}],"version-history":[{"count":5,"href":"https:\/\/dicodusport.fr\/blog\/wp-json\/wp\/v2\/posts\/602715\/revisions"}],"predecessor-version":[{"id":603454,"href":"https:\/\/dicodusport.fr\/blog\/wp-json\/wp\/v2\/posts\/602715\/revisions\/603454"}],"wp:featuredmedia":[{"embeddable":true,"href":"https:\/\/dicodusport.fr\/blog\/wp-json\/wp\/v2\/media\/602717"}],"wp:attachment":[{"href":"https:\/\/dicodusport.fr\/blog\/wp-json\/wp\/v2\/media?parent=602715"}],"wp:term":[{"taxonomy":"category","embeddable":true,"href":"https:\/\/dicodusport.fr\/blog\/wp-json\/wp\/v2\/categories?post=602715"},{"taxonomy":"post_tag","embeddable":true,"href":"https:\/\/dicodusport.fr\/blog\/wp-json\/wp\/v2\/tags?post=602715"}],"curies":[{"name":"wp","href":"https:\/\/api.w.org\/{rel}","templated":true}]}}