{"id":602763,"date":"2025-08-21T13:00:06","date_gmt":"2025-08-21T11:00:06","guid":{"rendered":"https:\/\/dicodusport.fr\/blog\/?p=602763&#038;preview=true&#038;preview_id=602763"},"modified":"2025-08-21T11:47:34","modified_gmt":"2025-08-21T09:47:34","slug":"tour-despagne-2025-david-gaudu-leo-bisiaux-axel-zingle-les-francais-a-suivre","status":"publish","type":"post","link":"https:\/\/dicodusport.fr\/blog\/tour-despagne-2025-david-gaudu-leo-bisiaux-axel-zingle-les-francais-a-suivre\/","title":{"rendered":"Tour d&rsquo;Espagne 2025 : David Gaudu, L\u00e9o Bisiaux, Axel Zingle, les Fran\u00e7ais \u00e0 suivre"},"content":{"rendered":"<p style=\"text-align: justify;\"><strong><em>TOUR D&rsquo;ESPAGNE 2025 &#8211; Ils sont 20 Fran\u00e7ais au d\u00e9part de cette Vuelta 2025. Parmi eux, plusieurs noms ressortent comme coureurs \u00e0 suivre.\u00a0<\/em><\/strong><\/p>\n<p style=\"text-align: justify;\">L&rsquo;an pass\u00e9, les Fran\u00e7ais n&rsquo;avaient pas r\u00e9ussi \u00e0 remporter d&rsquo;\u00e9tape sur le Tour d&rsquo;Espagne, domin\u00e9 par <strong>Primoz Roglic<\/strong>. Mais <strong>David Gaudu<\/strong>\u00a0avait toutefois conclu la course \u00e0 la sixi\u00e8me place du g\u00e9n\u00e9ral, trois places devant <strong>Pavel Sivakov<\/strong>. Cette ann\u00e9e, le grimpeur de la Groupama-FDJ est plus en difficult\u00e9. Mais d&rsquo;autres Fran\u00e7ais pourraient tirer leur \u00e9pingle du jeu. Tour d&rsquo;horizon.<\/p>\n<div class=\"vlp-link-container vlp-layout-article\"><a href=\"https:\/\/dicodusport.fr\/blog\/tour-despagne-2025-les-23-equipes-et-leurs-coureurs\/\" class=\"vlp-link\" title=\"Tour d&#039;Espagne 2025 : Les 23 \u00e9quipes et leurs coureurs\"><\/a><div class=\"vlp-layout-zone-side\"><div class=\"vlp-block-4 vlp-link-image\"><img loading=\"lazy\" decoding=\"async\" style=\"max-width: 792px;\" width=\"792\" height=\"445\" src=\"https:\/\/dicodusport.fr\/blog\/wp-content\/uploads\/2025\/08\/Tour-dEspagne-2025-Les-23-equipes-et-leurs-coureurs.png\" class=\"attachment-800x445 size-800x445\" alt=\"Tour d&#039;Espagne 2025 Les 23 \u00e9quipes et leurs coureurs\" srcset=\"https:\/\/dicodusport.fr\/blog\/wp-content\/uploads\/2025\/08\/Tour-dEspagne-2025-Les-23-equipes-et-leurs-coureurs.png 1200w, https:\/\/dicodusport.fr\/blog\/wp-content\/uploads\/2025\/08\/Tour-dEspagne-2025-Les-23-equipes-et-leurs-coureurs-300x169.png 300w, https:\/\/dicodusport.fr\/blog\/wp-content\/uploads\/2025\/08\/Tour-dEspagne-2025-Les-23-equipes-et-leurs-coureurs-1024x575.png 1024w, https:\/\/dicodusport.fr\/blog\/wp-content\/uploads\/2025\/08\/Tour-dEspagne-2025-Les-23-equipes-et-leurs-coureurs-768x431.png 768w\" sizes=\"auto, (max-width: 792px) 100vw, 792px\" \/><\/div><\/div><div class=\"vlp-layout-zone-main\"><div class=\"vlp-block-0 vlp-link-title\">Tour d'Espagne 2025 : Les 23 \u00e9quipes et leurs coureurs<\/div><div class=\"vlp-block-1 vlp-link-summary\">TOUR D'ESPAGNE 2025 - D\u00e9couvrez les compositions des \u00e9quipes pour le Tour d'Espagne 2025, au fur et \u00e0 mesure que les s\u00e9lections sont annonc\u00e9es par les teams.<\/div><div class=\"vlp-block-2 vlp-link-button\">Lire l'article<\/div><div class=\"vlp-block-3 vlp-link-url\">dicodusport.fr<\/div><\/div><\/div>\n<h2 style=\"text-align: justify;\">David Gaudu<\/h2>\n<p style=\"text-align: justify;\">Est-ce le Grand Tour de la derni\u00e8re chance pour <strong><a href=\"https:\/\/dicodusport.fr\/blog\/transfert-cyclisme-tout-savoir-sur-david-gaudu-figure-incontournable-du-cyclisme-francais-dans-notre-quiz\/\">David Gaudu<\/a><\/strong> ? Peu en r\u00e9ussite cette saison, souvent au sol, le grimpeur de la Groupama-FDJ revient sur des routes qui lui conviennent, en t\u00e9moigne sa 6<sup>eme<\/sup> place l&rsquo;an pass\u00e9. Il avait d&rsquo;ailleurs termin\u00e9 devant <a href=\"https:\/\/dicodusport.fr\/blog\/tour-de-france-2025-florian-lipowitz-peut-il-etre-le-leader-de-la-red-bull-bora-hansgrohe-sur-le-tour\/\"><strong>Florian Lipowitz<\/strong><\/a>, qui, quelques mois plus tard, finira sur le podium du Tour de France derri\u00e8re <b>Tadej Poga\u010dar<\/b>\u00a0et <strong>Jonas Vingegaard<\/strong>.<\/p>\n<p style=\"text-align: justify;\">Au sein d&rsquo;une \u00e9quipe ambitieuse, avec notamment <strong>Guillaume Martin<\/strong> ou encore <strong>Brieuc Rolland<\/strong>, quelle strat\u00e9gie sera employ\u00e9e par <strong>Gaudu<\/strong> ? Des \u00e9chapp\u00e9es pour retrouver des sensations, ou le g\u00e9n\u00e9ral, comme<strong> Guillaume Martin-Guyonnet<\/strong> ? R\u00e9ponse d\u00e8s les premiers jours. Alors que le grimpeur normand \u00e9tait pr\u00e9sent sur le Tour de France en tant que leader pour le g\u00e9n\u00e9ral, la Vuelta pourrait \u00eatre l&rsquo;occasion pour <strong>Gaudu<\/strong> de se recentrer sur le classement g\u00e9n\u00e9ral. Cette ann\u00e9e, il a fini 66<sup>eme<\/sup> du Tour d&rsquo;Italie. Son dernier bon classement sur un Grand Tour est donc le Tour d&rsquo;Espagne de l&rsquo;an pass\u00e9.<\/p>\n<div class=\"vlp-link-container vlp-layout-article\"><a href=\"https:\/\/dicodusport.fr\/blog\/tour-despagne-2025-vingegaard-almeida-carapaz-les-favoris-au-classement-general\/\" class=\"vlp-link\" title=\"Tour d&#039;Espagne 2025 : Vingegaard, Almeida, Ayuso, les favoris au classement g\u00e9n\u00e9ral\"><\/a><div class=\"vlp-layout-zone-side\"><div class=\"vlp-block-4 vlp-link-image\"><img loading=\"lazy\" decoding=\"async\" style=\"max-width: 792px;\" width=\"792\" height=\"445\" src=\"https:\/\/dicodusport.fr\/blog\/wp-content\/uploads\/2025\/08\/Tour-dEspagne-2025-Vingegaard-Almeida-Carapaz-les-favoris-au-classement-general.png\" class=\"attachment-800x445 size-800x445\" alt=\"Tour d&#039;Espagne 2025 Vingegaard, Almeida, Carapaz, les favoris au classement g\u00e9n\u00e9ral\" srcset=\"https:\/\/dicodusport.fr\/blog\/wp-content\/uploads\/2025\/08\/Tour-dEspagne-2025-Vingegaard-Almeida-Carapaz-les-favoris-au-classement-general.png 1200w, https:\/\/dicodusport.fr\/blog\/wp-content\/uploads\/2025\/08\/Tour-dEspagne-2025-Vingegaard-Almeida-Carapaz-les-favoris-au-classement-general-300x169.png 300w, https:\/\/dicodusport.fr\/blog\/wp-content\/uploads\/2025\/08\/Tour-dEspagne-2025-Vingegaard-Almeida-Carapaz-les-favoris-au-classement-general-1024x575.png 1024w, https:\/\/dicodusport.fr\/blog\/wp-content\/uploads\/2025\/08\/Tour-dEspagne-2025-Vingegaard-Almeida-Carapaz-les-favoris-au-classement-general-768x431.png 768w\" sizes=\"auto, (max-width: 792px) 100vw, 792px\" \/><\/div><\/div><div class=\"vlp-layout-zone-main\"><div class=\"vlp-block-0 vlp-link-title\">Tour d'Espagne 2025 : Vingegaard, Almeida, Ayuso, les favoris au classement g\u00e9n\u00e9ral<\/div><div class=\"vlp-block-1 vlp-link-summary\">TOUR D'ESPAGNE 2025 - Focus sur les favoris de cette \u00e9dition de la Vuelta. Vers un nouveau duel UAE Team Emirates - XRG - Team Visma | Lease a Bike, arbitr\u00e9 par quelques outsiders ?<\/div><div class=\"vlp-block-2 vlp-link-button\">Lire l'article<\/div><div class=\"vlp-block-3 vlp-link-url\">dicodusport.fr<\/div><\/div><\/div>\n<h2 style=\"text-align: justify;\">L\u00e9o Bisiaux<\/h2>\n<p style=\"text-align: justify;\">En portant le maillot de leader sur le Tour de Burgos, <strong>L\u00e9o Bisiaux<\/strong> a confirm\u00e9 tout le bien qu&rsquo;on pensait de lui depuis qu&rsquo;il a rejoint D\u00e9cathlon &#8211; AG2R. Souvent mis en t\u00eate d&rsquo;affiche avec son compatriote et prodige <strong>Paul Seixas<\/strong>, <strong>Bisiaux<\/strong> a mis davantage de temps pour se lancer, mais ce premier Grand Tour pourrait \u00eatre celui de l&rsquo;explosion. Au sein d&rsquo;une \u00e9quipe qui devrait viser les \u00e9tapes malgr\u00e9 sans doute une qu\u00eate du g\u00e9n\u00e9ral pour <strong>F\u00e9lix Gall<\/strong>, <strong>Bisiaux<\/strong> pourrait avoir sa chance en \u00e9chapp\u00e9e ou sur les pentes raides d&rsquo;Espagne. Des profils qui peuvent lui convenir. Tiendra-t-il les trois semaines ? Sur le Tour de Burgos, sa victoire lors de la troisi\u00e8me \u00e9tape devant des coureurs de la trempe de <strong>Giulio Ciccone<\/strong> ou <strong>Isaac Del Toro<\/strong> a donn\u00e9 le ton. Il faudra \u00eatre fort pour battre <strong>Bisiaux<\/strong>, malgr\u00e9 ses 20 ans.<\/p>\n<div class=\"vlp-link-container vlp-layout-article\"><a href=\"https:\/\/dicodusport.fr\/blog\/tour-de-burgos-2025-leo-bisiaux-fait-coup-double-sur-la-3eme-etape\/\" class=\"vlp-link\" title=\"Tour de Burgos 2025 : L\u00e9o Bisiaux fait coup double sur la 3\u00e8me \u00e9tape\"><\/a><div class=\"vlp-layout-zone-side\"><div class=\"vlp-block-4 vlp-link-image\"><img loading=\"lazy\" decoding=\"async\" style=\"max-width: 792px;\" width=\"792\" height=\"445\" src=\"https:\/\/dicodusport.fr\/blog\/wp-content\/uploads\/2025\/08\/Tour-de-Burgos-2025-Leo-Bisiaux-fait-coup-double-sur-la-3eme-etape-2.png\" class=\"attachment-800x445 size-800x445\" alt=\"Tour de Burgos 2025 L\u00e9o Bisiaux fait coup double sur la 3\u00e8me \u00e9tape\" srcset=\"https:\/\/dicodusport.fr\/blog\/wp-content\/uploads\/2025\/08\/Tour-de-Burgos-2025-Leo-Bisiaux-fait-coup-double-sur-la-3eme-etape-2.png 1200w, https:\/\/dicodusport.fr\/blog\/wp-content\/uploads\/2025\/08\/Tour-de-Burgos-2025-Leo-Bisiaux-fait-coup-double-sur-la-3eme-etape-2-300x169.png 300w, https:\/\/dicodusport.fr\/blog\/wp-content\/uploads\/2025\/08\/Tour-de-Burgos-2025-Leo-Bisiaux-fait-coup-double-sur-la-3eme-etape-2-1024x575.png 1024w, https:\/\/dicodusport.fr\/blog\/wp-content\/uploads\/2025\/08\/Tour-de-Burgos-2025-Leo-Bisiaux-fait-coup-double-sur-la-3eme-etape-2-768x431.png 768w\" sizes=\"auto, (max-width: 792px) 100vw, 792px\" \/><\/div><\/div><div class=\"vlp-layout-zone-main\"><div class=\"vlp-block-0 vlp-link-title\">Tour de Burgos 2025 : L\u00e9o Bisiaux fait coup double sur la 3\u00e8me \u00e9tape<\/div><div class=\"vlp-block-1 vlp-link-summary\">Pr\u00e9sent dans un groupe royal de cinq coureurs partis \u00e0 26 kilom\u00e8tres de l\u2019arriv\u00e9e, L\u00e9o Bisiaux (Decathlon AG2R La Mondiale) a profit\u00e9 du marquage pour placer une attaque d\u00e9cisive \u00e0 800 m\u00e8tres de l\u2019arriv\u00e9e. Le coureur tricolore prend \u00e9galement les commandes du classement g\u00e9n\u00e9ral.<\/div><div class=\"vlp-block-2 vlp-link-button\">Lire l'article<\/div><div class=\"vlp-block-3 vlp-link-url\">dicodusport.fr<\/div><\/div><\/div>\n<h2 style=\"text-align: justify;\">Axel Zingle<\/h2>\n<p style=\"text-align: justify;\">Il fait partie de la meilleure \u00e9quipe du Tour d&rsquo;Espagne 2025. Derri\u00e8re <strong>Jonas Vingegaard<\/strong>, le dispositif Visma Lease a Bike a de quoi impressionner. <strong>Sepp Kuss<\/strong>, <strong>Wilco Kelderman<\/strong>, <strong>Matteo Jorgenson<\/strong>, le Danois ne sera pas seul en montagne. Mais sur le chantier des arriv\u00e9es rapides, la Visma ne va pas jouer les premiers r\u00f4les. On sait le Tour d&rsquo;Espagne souvent moins pris\u00e9 par les sprinters. Ce faible plateau d&rsquo;hommes rapides, malgr\u00e9 la pr\u00e9sence de<strong> Jasper Philipsen<\/strong>, pourrait profiter \u00e0 <a href=\"https:\/\/dicodusport.fr\/blog\/video-lincroyable-reflexe-daxel-zingle-pour-eviter-mads-pedersen-au-sol\/\"><strong>Axel Zingle<\/strong><\/a>. Toute l&rsquo;\u00e9quipe \u00e9tant d\u00e9di\u00e9e \u00e0 <strong>Vingegaard<\/strong>, <strong>Olav Kooij<\/strong> n&rsquo;est pas l\u00e0. En cas de sprint massif, mais surtout en cas d&rsquo;arriv\u00e9e en petit groupe, l&rsquo;ancien de la Cofidis devrait avoir plus que sa carte \u00e0 jouer. Pour une premi\u00e8re victoire sur un Grand Tour ? On en fait le pari. Fort sur le Tour du Danemark, mais pas suffisamment pour battre <strong>Mads Pedersen<\/strong>, il retrouvera le coureur danois sur le Tour d&rsquo;Espagne. Charge \u00e0 lui de le battre cette fois-ci, alors qu&rsquo;il n&rsquo;a jamais particip\u00e9 \u00e0 la Vuelta.<\/p>\n<div class=\"vlp-link-container vlp-layout-article\"><a href=\"https:\/\/dicodusport.fr\/blog\/tour-despagne-2025-les-5-paris-de-la-redaction\/\" class=\"vlp-link\" title=\"Tour d&#039;Espagne 2025 : Les 5 paris de la r\u00e9daction\"><\/a><div class=\"vlp-layout-zone-side\"><div class=\"vlp-block-4 vlp-link-image\"><img loading=\"lazy\" decoding=\"async\" style=\"max-width: 792px;\" width=\"792\" height=\"445\" src=\"https:\/\/dicodusport.fr\/blog\/wp-content\/uploads\/2025\/08\/Tour-dEspagne-2025-Les-5-paris-de-la-redaction.png\" class=\"attachment-800x445 size-800x445\" alt=\"Tour d&#039;Espagne 2025 Les 5 paris de la r\u00e9daction\" srcset=\"https:\/\/dicodusport.fr\/blog\/wp-content\/uploads\/2025\/08\/Tour-dEspagne-2025-Les-5-paris-de-la-redaction.png 1200w, https:\/\/dicodusport.fr\/blog\/wp-content\/uploads\/2025\/08\/Tour-dEspagne-2025-Les-5-paris-de-la-redaction-300x169.png 300w, https:\/\/dicodusport.fr\/blog\/wp-content\/uploads\/2025\/08\/Tour-dEspagne-2025-Les-5-paris-de-la-redaction-1024x575.png 1024w, https:\/\/dicodusport.fr\/blog\/wp-content\/uploads\/2025\/08\/Tour-dEspagne-2025-Les-5-paris-de-la-redaction-768x431.png 768w\" sizes=\"auto, (max-width: 792px) 100vw, 792px\" \/><\/div><\/div><div class=\"vlp-layout-zone-main\"><div class=\"vlp-block-0 vlp-link-title\">Tour d'Espagne 2025 : Les 5 paris de la r\u00e9daction<\/div><div class=\"vlp-block-1 vlp-link-summary\">Alors que le Tour d'Espagne va s'\u00e9lancer ce 23 ao\u00fbt de Turin, voici pour l'occasion une petite s\u00e9lection de paris plus ou moins os\u00e9s de la r\u00e9daction de Dicodusport.<\/div><div class=\"vlp-block-2 vlp-link-button\">Lire l'article<\/div><div class=\"vlp-block-3 vlp-link-url\">dicodusport.fr<\/div><\/div><\/div>\n<h2 style=\"text-align: justify;\">Thibaud Gruel<\/h2>\n<p style=\"text-align: justify;\">Pour son premier Tour d&rsquo;Espagne, <strong>Thibaud Gruel<\/strong> peut viser grand. Rapide au sprint, polyvalent en cas d&rsquo;\u00e9chapp\u00e9e, le coureur de la Groupama-FDJ est attendu. La pr\u00e9sence de <strong>Jasper Philipsen<\/strong> risque de compliquer son objectif de victoire en cas d&rsquo;arriv\u00e9e massive, mais son sens du placement et ses capacit\u00e9s de rouleur peuvent faire de lui un sacr\u00e9 concurrent s&rsquo;il arrive dans un petit groupe, dans une arriv\u00e9e plus difficile, ou en \u00e9chapp\u00e9e. Au sein d&rsquo;une \u00e9quipe Groupama-FDJ o\u00f9 <strong>David Gaudu<\/strong> et <strong>Guillaume Martin-Guyonnet<\/strong> risquent de viser le g\u00e9n\u00e9ral, <strong>Gruel<\/strong> devrait avoir les coud\u00e9es franches pour viser une troisi\u00e8me victoire professionnelle, \u00e0 21 ans. Il a r\u00e9cemment fini \u00e0 deux reprises dans le Top 5 lors du Tour de Pologne, devant des coureurs comme <strong>Madis <\/strong><span class=\"uppercase\"><strong>Mihkels<\/strong>. Un Top 5 ou un podium sur une \u00e9tape de cette Vuelta ? On en fait le pari.<\/span><\/p>\n<div class=\"vlp-link-container vlp-layout-article\"><a href=\"https:\/\/dicodusport.fr\/blog\/tour-de-la-provence-2025-thibaud-gruel-pret-a-franchir-un-nouveau-cap\/\" class=\"vlp-link\" title=\"Tour de La Provence 2025\u00a0: Thibaud Gruel pr\u00eat \u00e0 franchir un nouveau cap\"><\/a><div class=\"vlp-layout-zone-side\"><div class=\"vlp-block-4 vlp-link-image\"><img loading=\"lazy\" decoding=\"async\" style=\"max-width: 792px;\" width=\"792\" height=\"445\" src=\"https:\/\/dicodusport.fr\/blog\/wp-content\/uploads\/2025\/02\/Tour-de-la-Provence-2025-Thibaud-Gruel-pret-a-franchir-un-nouveau-cap.png\" class=\"attachment-800x445 size-800x445\" alt=\"Tour de la Provence 2025\u00a0: Thibaud Gruel pr\u00eat \u00e0 franchir un nouveau cap\" srcset=\"https:\/\/dicodusport.fr\/blog\/wp-content\/uploads\/2025\/02\/Tour-de-la-Provence-2025-Thibaud-Gruel-pret-a-franchir-un-nouveau-cap.png 1200w, https:\/\/dicodusport.fr\/blog\/wp-content\/uploads\/2025\/02\/Tour-de-la-Provence-2025-Thibaud-Gruel-pret-a-franchir-un-nouveau-cap-300x169.png 300w, https:\/\/dicodusport.fr\/blog\/wp-content\/uploads\/2025\/02\/Tour-de-la-Provence-2025-Thibaud-Gruel-pret-a-franchir-un-nouveau-cap-1024x575.png 1024w, https:\/\/dicodusport.fr\/blog\/wp-content\/uploads\/2025\/02\/Tour-de-la-Provence-2025-Thibaud-Gruel-pret-a-franchir-un-nouveau-cap-768x431.png 768w\" sizes=\"auto, (max-width: 792px) 100vw, 792px\" \/><\/div><\/div><div class=\"vlp-layout-zone-main\"><div class=\"vlp-block-0 vlp-link-title\">Tour de La Provence 2025\u00a0: Thibaud Gruel pr\u00eat \u00e0 franchir un nouveau cap<\/div><div class=\"vlp-block-1 vlp-link-summary\">Thibaud Gruel pr\u00eat \u00e0 franchir un nouveau cap<\/div><div class=\"vlp-block-2 vlp-link-button\">Lire l'article<\/div><div class=\"vlp-block-3 vlp-link-url\">dicodusport.fr<\/div><\/div><\/div>\n<h2 style=\"text-align: justify;\">Valentin Paret-Peintre<\/h2>\n<p style=\"text-align: justify;\">Peut-il faire le doubl\u00e9 \u00e9tapes de l\u00e9gende, apr\u00e8s le Mont Ventoux sur le Tour de France ? <a href=\"https:\/\/dicodusport.fr\/blog\/le-francais-de-la-16eme-etape-valentin-paret-peintre-sauve-la-patrie-avec-brio\/\"><strong>Valentin Paret-Peintre<\/strong><\/a> double cette ann\u00e9e avec la Vuelta. Le Tour d&rsquo;Espagne va offrir cette ann\u00e9e plusieurs \u00e9tapes de l\u00e9gende pour les grimpeurs, avec notamment l&rsquo;Angliru, la Farrapona ou la Bola del Mundo. Dans un tr\u00e8s bon jour, peu de coureurs peuvent battre \u00ab\u00a0VPP\u00a0\u00bb dans un col. Alors, qui pourrait l&#8217;emp\u00eacher de se retrouver l\u00e0, pour un doubl\u00e9 mythique ? Au sein de son \u00e9quipe, <strong>Mikel Landa<\/strong> ne jouera pas le g\u00e9n\u00e9ral, et seul <strong>Junior Lecerf<\/strong> pourrait tenter de viser un Top 10. Le grimpeur fran\u00e7ais aura donc les coud\u00e9es franches pour tenter de remporter une nouvelle \u00e9tape, comme plusieurs de ses co\u00e9quipiers, dont <strong>Mauri Vansevenant<\/strong> et <strong>Maximilian Schachmann<\/strong>. Apr\u00e8s<a href=\"https:\/\/dicodusport.fr\/blog\/tour-ditalie-2024-valentin-paret-peintre-ouvre-son-palmares-professionnel-sur-la-10e-etape\/\"> sa victoire sur le Giro l&rsquo;an pass\u00e9<\/a> lors de la dixi\u00e8me \u00e9tape \u00e0 <span class=\"red\">Bocca della Selva<\/span>, et sa victoire au Ventoux cet \u00e9t\u00e9, \u00ab\u00a0VPP\u00a0\u00bb pourrait entrer dans le classement des coureurs ayant remport\u00e9 une \u00e9tape sur chacun des Grands Tours.<\/p>\n<div class=\"vlp-link-container vlp-layout-article\"><a href=\"https:\/\/dicodusport.fr\/blog\/le-francais-de-la-19eme-etape-vainqueur-au-ventoux-valentin-paret-peintre-a-brille-sur-ses-terres\/\" class=\"vlp-link\" title=\"Le Fran\u00e7ais de la 19\u00e8me \u00e9tape : Vainqueur au Ventoux, Valentin Paret-Peintre a brill\u00e9 sur ses terres\"><\/a><div class=\"vlp-layout-zone-side\"><div class=\"vlp-block-4 vlp-link-image\"><img loading=\"lazy\" decoding=\"async\" style=\"max-width: 792px;\" width=\"792\" height=\"445\" src=\"https:\/\/dicodusport.fr\/blog\/wp-content\/uploads\/2025\/07\/Le-Francais-de-la-19eme-etape-Vainqueur-au-Ventoux-Valentin-Paret-Peintre-a-brille-sur-ses-terres.png\" class=\"attachment-800x445 size-800x445\" alt=\"Le Fran\u00e7ais de la 19\u00e8me \u00e9tape Vainqueur au Ventoux, Valentin Paret-Peintre a brill\u00e9 sur ses terres\" srcset=\"https:\/\/dicodusport.fr\/blog\/wp-content\/uploads\/2025\/07\/Le-Francais-de-la-19eme-etape-Vainqueur-au-Ventoux-Valentin-Paret-Peintre-a-brille-sur-ses-terres.png 1200w, https:\/\/dicodusport.fr\/blog\/wp-content\/uploads\/2025\/07\/Le-Francais-de-la-19eme-etape-Vainqueur-au-Ventoux-Valentin-Paret-Peintre-a-brille-sur-ses-terres-300x169.png 300w, https:\/\/dicodusport.fr\/blog\/wp-content\/uploads\/2025\/07\/Le-Francais-de-la-19eme-etape-Vainqueur-au-Ventoux-Valentin-Paret-Peintre-a-brille-sur-ses-terres-1024x575.png 1024w, https:\/\/dicodusport.fr\/blog\/wp-content\/uploads\/2025\/07\/Le-Francais-de-la-19eme-etape-Vainqueur-au-Ventoux-Valentin-Paret-Peintre-a-brille-sur-ses-terres-768x431.png 768w\" sizes=\"auto, (max-width: 792px) 100vw, 792px\" \/><\/div><\/div><div class=\"vlp-layout-zone-main\"><div class=\"vlp-block-0 vlp-link-title\">Le Fran\u00e7ais de la 19\u00e8me \u00e9tape : Vainqueur au Ventoux, Valentin Paret-Peintre a brill\u00e9 sur ses terres<\/div><div class=\"vlp-block-1 vlp-link-summary\">Quelques jours apr\u00e8s son succ\u00e8s de prestige au sommet du Mont Ventoux, Valentin Paret-Peintre s'est une nouvelle fois distingu\u00e9, en passant \u00e0 l'offensive lors de la 19\u1d49 \u00e9tape, puis en s'accrochant avec les cadors du peloton avant de signer une belle 9\u1d49 place sur la ligne.\u00a0<\/div><div class=\"vlp-block-2 vlp-link-button\">Lire l'article<\/div><div class=\"vlp-block-3 vlp-link-url\">dicodusport.fr<\/div><\/div><\/div>\n","protected":false},"excerpt":{"rendered":"<p>TOUR D&rsquo;ESPAGNE 2025 &#8211; Ils sont 20 Fran\u00e7ais au d\u00e9part de cette Vuelta 2025. Parmi eux, plusieurs noms ressortent comme coureurs \u00e0 suivre.\u00a0<\/p>\n","protected":false},"author":88,"featured_media":604197,"comment_status":"open","ping_status":"closed","sticky":false,"template":"","format":"standard","meta":{"_acf_changed":false,"_daextam_enable_autolinks":"1","footnotes":""},"categories":[47042],"tags":[26423,16878,3113,27754],"class_list":["post-602763","post","type-post","status-publish","format-standard","has-post-thumbnail","hentry","category-tour-d-espagne","tag-axel-zingle","tag-breve","tag-david-gaudu","tag-leo-bisiaux"],"acf":[],"yoast_head":"<!-- This site is optimized with the Yoast SEO Premium plugin v26.7 (Yoast SEO v26.7) - https:\/\/yoast.com\/wordpress\/plugins\/seo\/ -->\n<title>Tour d&#039;Espagne 2025 : David Gaudu, L\u00e9o Bisiaux, Axel Zingle, les Fran\u00e7ais \u00e0 suivre<\/title>\n<meta name=\"description\" content=\"TOUR D&#039;ESPAGNE 2025 - Ils sont 20 Fran\u00e7ais au d\u00e9part de cette Vuelta 2025. Parmi eux, plusieurs noms ressortent comme coureurs \u00e0 suivre.\u00a0\" \/>\n<meta name=\"robots\" content=\"index, follow, max-snippet:-1, max-image-preview:large, max-video-preview:-1\" \/>\n<link rel=\"canonical\" href=\"https:\/\/dicodusport.fr\/blog\/tour-despagne-2025-david-gaudu-leo-bisiaux-axel-zingle-les-francais-a-suivre\/\" \/>\n<meta property=\"og:locale\" content=\"fr_FR\" \/>\n<meta property=\"og:type\" content=\"article\" \/>\n<meta property=\"og:title\" content=\"Tour d&#039;Espagne 2025 : David Gaudu, L\u00e9o Bisiaux, Axel Zingle, les Fran\u00e7ais \u00e0 suivre\" \/>\n<meta property=\"og:description\" content=\"TOUR D&#039;ESPAGNE 2025 - Ils sont 20 Fran\u00e7ais au d\u00e9part de cette Vuelta 2025. Parmi eux, plusieurs noms ressortent comme coureurs \u00e0 suivre.\u00a0\" \/>\n<meta property=\"og:url\" content=\"https:\/\/dicodusport.fr\/blog\/tour-despagne-2025-david-gaudu-leo-bisiaux-axel-zingle-les-francais-a-suivre\/\" \/>\n<meta property=\"og:site_name\" content=\"Dicodusport\" \/>\n<meta property=\"article:publisher\" content=\"https:\/\/www.facebook.com\/dicodusport\" \/>\n<meta property=\"article:published_time\" content=\"2025-08-21T11:00:06+00:00\" \/>\n<meta property=\"og:image\" content=\"https:\/\/dicodusport.fr\/blog\/wp-content\/uploads\/2025\/08\/Tour-dEspagne-2025-David-Gaudu-Leo-Bisiaux-Axel-Zingle-les-Francais-a-suivre.png\" \/>\n\t<meta property=\"og:image:width\" content=\"1200\" \/>\n\t<meta property=\"og:image:height\" content=\"674\" \/>\n\t<meta property=\"og:image:type\" content=\"image\/png\" \/>\n<meta name=\"author\" content=\"Paul Lalevee\" \/>\n<meta name=\"twitter:card\" content=\"summary_large_image\" \/>\n<meta name=\"twitter:title\" content=\"Tour d&#039;Espagne 2025 : David Gaudu, L\u00e9o Bisiaux, Axel Zingle, les Fran\u00e7ais \u00e0 suivre\" \/>\n<meta name=\"twitter:creator\" content=\"@dicodusport\" \/>\n<meta name=\"twitter:site\" content=\"@dicodusport\" \/>\n<script type=\"application\/ld+json\" class=\"yoast-schema-graph\">{\"@context\":\"https:\/\/schema.org\",\"@graph\":[{\"@type\":\"NewsArticle\",\"@id\":\"https:\/\/dicodusport.fr\/blog\/tour-despagne-2025-david-gaudu-leo-bisiaux-axel-zingle-les-francais-a-suivre\/#article\",\"isPartOf\":{\"@id\":\"https:\/\/dicodusport.fr\/blog\/tour-despagne-2025-david-gaudu-leo-bisiaux-axel-zingle-les-francais-a-suivre\/\"},\"author\":{\"name\":\"Paul Lalevee\",\"@id\":\"https:\/\/dicodusport.fr\/blog\/#\/schema\/person\/1eaa63dfac40b5e5c47f03a71920c1cd\"},\"headline\":\"Tour d&rsquo;Espagne 2025 : David Gaudu, L\u00e9o Bisiaux, Axel Zingle, les Fran\u00e7ais \u00e0 suivre\",\"datePublished\":\"2025-08-21T11:00:06+00:00\",\"mainEntityOfPage\":{\"@id\":\"https:\/\/dicodusport.fr\/blog\/tour-despagne-2025-david-gaudu-leo-bisiaux-axel-zingle-les-francais-a-suivre\/\"},\"wordCount\":1484,\"commentCount\":0,\"publisher\":{\"@id\":\"https:\/\/dicodusport.fr\/blog\/#organization\"},\"image\":{\"@id\":\"https:\/\/dicodusport.fr\/blog\/tour-despagne-2025-david-gaudu-leo-bisiaux-axel-zingle-les-francais-a-suivre\/#primaryimage\"},\"thumbnailUrl\":\"https:\/\/dicodusport.fr\/blog\/wp-content\/uploads\/2025\/08\/Tour-dEspagne-2025-David-Gaudu-Leo-Bisiaux-Axel-Zingle-les-Francais-a-suivre.png\",\"keywords\":[\"Axel Zingle\",\"br\u00e8ve\",\"David Gaudu\",\"L\u00e9o Bisiaux\"],\"articleSection\":[\"Tour d'Espagne\"],\"inLanguage\":\"fr-FR\",\"potentialAction\":[{\"@type\":\"CommentAction\",\"name\":\"Comment\",\"target\":[\"https:\/\/dicodusport.fr\/blog\/tour-despagne-2025-david-gaudu-leo-bisiaux-axel-zingle-les-francais-a-suivre\/#respond\"]}],\"copyrightYear\":\"2025\",\"copyrightHolder\":{\"@id\":\"https:\/\/dicodusport.fr\/blog\/#organization\"}},{\"@type\":\"WebPage\",\"@id\":\"https:\/\/dicodusport.fr\/blog\/tour-despagne-2025-david-gaudu-leo-bisiaux-axel-zingle-les-francais-a-suivre\/\",\"url\":\"https:\/\/dicodusport.fr\/blog\/tour-despagne-2025-david-gaudu-leo-bisiaux-axel-zingle-les-francais-a-suivre\/\",\"name\":\"Tour d'Espagne 2025 : David Gaudu, L\u00e9o Bisiaux, Axel Zingle, les Fran\u00e7ais \u00e0 suivre\",\"isPartOf\":{\"@id\":\"https:\/\/dicodusport.fr\/blog\/#website\"},\"primaryImageOfPage\":{\"@id\":\"https:\/\/dicodusport.fr\/blog\/tour-despagne-2025-david-gaudu-leo-bisiaux-axel-zingle-les-francais-a-suivre\/#primaryimage\"},\"image\":{\"@id\":\"https:\/\/dicodusport.fr\/blog\/tour-despagne-2025-david-gaudu-leo-bisiaux-axel-zingle-les-francais-a-suivre\/#primaryimage\"},\"thumbnailUrl\":\"https:\/\/dicodusport.fr\/blog\/wp-content\/uploads\/2025\/08\/Tour-dEspagne-2025-David-Gaudu-Leo-Bisiaux-Axel-Zingle-les-Francais-a-suivre.png\",\"datePublished\":\"2025-08-21T11:00:06+00:00\",\"description\":\"TOUR D'ESPAGNE 2025 - Ils sont 20 Fran\u00e7ais au d\u00e9part de cette Vuelta 2025. Parmi eux, plusieurs noms ressortent comme coureurs \u00e0 suivre.\u00a0\",\"breadcrumb\":{\"@id\":\"https:\/\/dicodusport.fr\/blog\/tour-despagne-2025-david-gaudu-leo-bisiaux-axel-zingle-les-francais-a-suivre\/#breadcrumb\"},\"inLanguage\":\"fr-FR\",\"potentialAction\":[{\"@type\":\"ReadAction\",\"target\":[\"https:\/\/dicodusport.fr\/blog\/tour-despagne-2025-david-gaudu-leo-bisiaux-axel-zingle-les-francais-a-suivre\/\"]}]},{\"@type\":\"ImageObject\",\"inLanguage\":\"fr-FR\",\"@id\":\"https:\/\/dicodusport.fr\/blog\/tour-despagne-2025-david-gaudu-leo-bisiaux-axel-zingle-les-francais-a-suivre\/#primaryimage\",\"url\":\"https:\/\/dicodusport.fr\/blog\/wp-content\/uploads\/2025\/08\/Tour-dEspagne-2025-David-Gaudu-Leo-Bisiaux-Axel-Zingle-les-Francais-a-suivre.png\",\"contentUrl\":\"https:\/\/dicodusport.fr\/blog\/wp-content\/uploads\/2025\/08\/Tour-dEspagne-2025-David-Gaudu-Leo-Bisiaux-Axel-Zingle-les-Francais-a-suivre.png\",\"width\":1200,\"height\":674,\"caption\":\"Tour d'Espagne 2025 David Gaudu, L\u00e9o Bisiaux, Axel Zingle, les Fran\u00e7ais \u00e0 suivre\"},{\"@type\":\"BreadcrumbList\",\"@id\":\"https:\/\/dicodusport.fr\/blog\/tour-despagne-2025-david-gaudu-leo-bisiaux-axel-zingle-les-francais-a-suivre\/#breadcrumb\",\"itemListElement\":[{\"@type\":\"ListItem\",\"position\":1,\"name\":\"Accueil\",\"item\":\"https:\/\/dicodusport.fr\/blog\/\"},{\"@type\":\"ListItem\",\"position\":2,\"name\":\"Tour d&rsquo;Espagne 2025 : David Gaudu, L\u00e9o Bisiaux, Axel Zingle, les Fran\u00e7ais \u00e0 suivre\"}]},{\"@type\":\"WebSite\",\"@id\":\"https:\/\/dicodusport.fr\/blog\/#website\",\"url\":\"https:\/\/dicodusport.fr\/blog\/\",\"name\":\"Dicodusport\",\"description\":\"L&#039;encyclop\u00e9die de l&#039;actualit\u00e9 sportive\",\"publisher\":{\"@id\":\"https:\/\/dicodusport.fr\/blog\/#organization\"},\"potentialAction\":[{\"@type\":\"SearchAction\",\"target\":{\"@type\":\"EntryPoint\",\"urlTemplate\":\"https:\/\/dicodusport.fr\/blog\/?s={search_term_string}\"},\"query-input\":{\"@type\":\"PropertyValueSpecification\",\"valueRequired\":true,\"valueName\":\"search_term_string\"}}],\"inLanguage\":\"fr-FR\"},{\"@type\":\"NewsMediaOrganization\",\"@id\":\"https:\/\/dicodusport.fr\/blog\/#organization\",\"name\":\"Dicodusport\",\"url\":\"https:\/\/dicodusport.fr\/blog\/\",\"logo\":{\"@type\":\"ImageObject\",\"inLanguage\":\"fr-FR\",\"@id\":\"https:\/\/dicodusport.fr\/blog\/#\/schema\/logo\/image\/\",\"url\":\"https:\/\/dicodusport.fr\/blog\/wp-content\/uploads\/2020\/06\/cropped-LOGO-DICODUSPORT-2020-SANS-FOND-SANS-TEXTE.png\",\"contentUrl\":\"https:\/\/dicodusport.fr\/blog\/wp-content\/uploads\/2020\/06\/cropped-LOGO-DICODUSPORT-2020-SANS-FOND-SANS-TEXTE.png\",\"width\":512,\"height\":512,\"caption\":\"Dicodusport\"},\"image\":{\"@id\":\"https:\/\/dicodusport.fr\/blog\/#\/schema\/logo\/image\/\"},\"sameAs\":[\"https:\/\/www.facebook.com\/dicodusport\",\"https:\/\/x.com\/dicodusport\",\"https:\/\/www.instagram.com\/dicodusport\/\",\"https:\/\/www.youtube.com\/channel\/UC7V2KZ5sd3htJivAbA4ZG3w\"],\"description\":\"Dicodusport est l'encyclop\u00e9die de l'actualit\u00e9 sportive.\",\"email\":\"bonjour@dicodusport.fr\",\"legalName\":\"DICODUSPORT\",\"foundingDate\":\"2018-01-14\",\"vatID\":\"FR71834470973\",\"taxID\":\"83447097300043\",\"numberOfEmployees\":{\"@type\":\"QuantitativeValue\",\"minValue\":\"1\",\"maxValue\":\"10\"}},{\"@type\":\"Person\",\"@id\":\"https:\/\/dicodusport.fr\/blog\/#\/schema\/person\/1eaa63dfac40b5e5c47f03a71920c1cd\",\"name\":\"Paul Lalevee\",\"image\":{\"@type\":\"ImageObject\",\"inLanguage\":\"fr-FR\",\"@id\":\"https:\/\/dicodusport.fr\/blog\/#\/schema\/person\/image\/\",\"url\":\"https:\/\/dicodusport.fr\/blog\/wp-content\/uploads\/2023\/10\/291154246_1690604071293245_3118259335115946499_n-150x150.jpg\",\"contentUrl\":\"https:\/\/dicodusport.fr\/blog\/wp-content\/uploads\/2023\/10\/291154246_1690604071293245_3118259335115946499_n-150x150.jpg\",\"caption\":\"Paul Lalevee\"},\"description\":\"La bulle Disney pendant le Covid, le Tour 2019, la Coupe du monde 2018. Ces trois \u00e9v\u00e9nements majeurs sont ancr\u00e9s dans ma t\u00eate de fan de sport, n\u00e9gativement ou positivement. Passionn\u00e9 de sport depuis l'enfance, j'ai d\u00e9cid\u00e9 de mettre ma passion de l'\u00e9criture au service de cette premi\u00e8re passion.\",\"url\":\"https:\/\/dicodusport.fr\/blog\/author\/paul-lalevee\/\"}]}<\/script>\n<!-- \/ Yoast SEO Premium plugin. -->","yoast_head_json":{"title":"Tour d'Espagne 2025 : David Gaudu, L\u00e9o Bisiaux, Axel Zingle, les Fran\u00e7ais \u00e0 suivre","description":"TOUR D'ESPAGNE 2025 - Ils sont 20 Fran\u00e7ais au d\u00e9part de cette Vuelta 2025. Parmi eux, plusieurs noms ressortent comme coureurs \u00e0 suivre.\u00a0","robots":{"index":"index","follow":"follow","max-snippet":"max-snippet:-1","max-image-preview":"max-image-preview:large","max-video-preview":"max-video-preview:-1"},"canonical":"https:\/\/dicodusport.fr\/blog\/tour-despagne-2025-david-gaudu-leo-bisiaux-axel-zingle-les-francais-a-suivre\/","og_locale":"fr_FR","og_type":"article","og_title":"Tour d'Espagne 2025 : David Gaudu, L\u00e9o Bisiaux, Axel Zingle, les Fran\u00e7ais \u00e0 suivre","og_description":"TOUR D'ESPAGNE 2025 - Ils sont 20 Fran\u00e7ais au d\u00e9part de cette Vuelta 2025. Parmi eux, plusieurs noms ressortent comme coureurs \u00e0 suivre.\u00a0","og_url":"https:\/\/dicodusport.fr\/blog\/tour-despagne-2025-david-gaudu-leo-bisiaux-axel-zingle-les-francais-a-suivre\/","og_site_name":"Dicodusport","article_publisher":"https:\/\/www.facebook.com\/dicodusport","article_published_time":"2025-08-21T11:00:06+00:00","og_image":[{"width":1200,"height":674,"url":"https:\/\/dicodusport.fr\/blog\/wp-content\/uploads\/2025\/08\/Tour-dEspagne-2025-David-Gaudu-Leo-Bisiaux-Axel-Zingle-les-Francais-a-suivre.png","type":"image\/png"}],"author":"Paul Lalevee","twitter_card":"summary_large_image","twitter_title":"Tour d'Espagne 2025 : David Gaudu, L\u00e9o Bisiaux, Axel Zingle, les Fran\u00e7ais \u00e0 suivre","twitter_creator":"@dicodusport","twitter_site":"@dicodusport","schema":{"@context":"https:\/\/schema.org","@graph":[{"@type":"NewsArticle","@id":"https:\/\/dicodusport.fr\/blog\/tour-despagne-2025-david-gaudu-leo-bisiaux-axel-zingle-les-francais-a-suivre\/#article","isPartOf":{"@id":"https:\/\/dicodusport.fr\/blog\/tour-despagne-2025-david-gaudu-leo-bisiaux-axel-zingle-les-francais-a-suivre\/"},"author":{"name":"Paul Lalevee","@id":"https:\/\/dicodusport.fr\/blog\/#\/schema\/person\/1eaa63dfac40b5e5c47f03a71920c1cd"},"headline":"Tour d&rsquo;Espagne 2025 : David Gaudu, L\u00e9o Bisiaux, Axel Zingle, les Fran\u00e7ais \u00e0 suivre","datePublished":"2025-08-21T11:00:06+00:00","mainEntityOfPage":{"@id":"https:\/\/dicodusport.fr\/blog\/tour-despagne-2025-david-gaudu-leo-bisiaux-axel-zingle-les-francais-a-suivre\/"},"wordCount":1484,"commentCount":0,"publisher":{"@id":"https:\/\/dicodusport.fr\/blog\/#organization"},"image":{"@id":"https:\/\/dicodusport.fr\/blog\/tour-despagne-2025-david-gaudu-leo-bisiaux-axel-zingle-les-francais-a-suivre\/#primaryimage"},"thumbnailUrl":"https:\/\/dicodusport.fr\/blog\/wp-content\/uploads\/2025\/08\/Tour-dEspagne-2025-David-Gaudu-Leo-Bisiaux-Axel-Zingle-les-Francais-a-suivre.png","keywords":["Axel Zingle","br\u00e8ve","David Gaudu","L\u00e9o Bisiaux"],"articleSection":["Tour d'Espagne"],"inLanguage":"fr-FR","potentialAction":[{"@type":"CommentAction","name":"Comment","target":["https:\/\/dicodusport.fr\/blog\/tour-despagne-2025-david-gaudu-leo-bisiaux-axel-zingle-les-francais-a-suivre\/#respond"]}],"copyrightYear":"2025","copyrightHolder":{"@id":"https:\/\/dicodusport.fr\/blog\/#organization"}},{"@type":"WebPage","@id":"https:\/\/dicodusport.fr\/blog\/tour-despagne-2025-david-gaudu-leo-bisiaux-axel-zingle-les-francais-a-suivre\/","url":"https:\/\/dicodusport.fr\/blog\/tour-despagne-2025-david-gaudu-leo-bisiaux-axel-zingle-les-francais-a-suivre\/","name":"Tour d'Espagne 2025 : David Gaudu, L\u00e9o Bisiaux, Axel Zingle, les Fran\u00e7ais \u00e0 suivre","isPartOf":{"@id":"https:\/\/dicodusport.fr\/blog\/#website"},"primaryImageOfPage":{"@id":"https:\/\/dicodusport.fr\/blog\/tour-despagne-2025-david-gaudu-leo-bisiaux-axel-zingle-les-francais-a-suivre\/#primaryimage"},"image":{"@id":"https:\/\/dicodusport.fr\/blog\/tour-despagne-2025-david-gaudu-leo-bisiaux-axel-zingle-les-francais-a-suivre\/#primaryimage"},"thumbnailUrl":"https:\/\/dicodusport.fr\/blog\/wp-content\/uploads\/2025\/08\/Tour-dEspagne-2025-David-Gaudu-Leo-Bisiaux-Axel-Zingle-les-Francais-a-suivre.png","datePublished":"2025-08-21T11:00:06+00:00","description":"TOUR D'ESPAGNE 2025 - Ils sont 20 Fran\u00e7ais au d\u00e9part de cette Vuelta 2025. Parmi eux, plusieurs noms ressortent comme coureurs \u00e0 suivre.\u00a0","breadcrumb":{"@id":"https:\/\/dicodusport.fr\/blog\/tour-despagne-2025-david-gaudu-leo-bisiaux-axel-zingle-les-francais-a-suivre\/#breadcrumb"},"inLanguage":"fr-FR","potentialAction":[{"@type":"ReadAction","target":["https:\/\/dicodusport.fr\/blog\/tour-despagne-2025-david-gaudu-leo-bisiaux-axel-zingle-les-francais-a-suivre\/"]}]},{"@type":"ImageObject","inLanguage":"fr-FR","@id":"https:\/\/dicodusport.fr\/blog\/tour-despagne-2025-david-gaudu-leo-bisiaux-axel-zingle-les-francais-a-suivre\/#primaryimage","url":"https:\/\/dicodusport.fr\/blog\/wp-content\/uploads\/2025\/08\/Tour-dEspagne-2025-David-Gaudu-Leo-Bisiaux-Axel-Zingle-les-Francais-a-suivre.png","contentUrl":"https:\/\/dicodusport.fr\/blog\/wp-content\/uploads\/2025\/08\/Tour-dEspagne-2025-David-Gaudu-Leo-Bisiaux-Axel-Zingle-les-Francais-a-suivre.png","width":1200,"height":674,"caption":"Tour d'Espagne 2025 David Gaudu, L\u00e9o Bisiaux, Axel Zingle, les Fran\u00e7ais \u00e0 suivre"},{"@type":"BreadcrumbList","@id":"https:\/\/dicodusport.fr\/blog\/tour-despagne-2025-david-gaudu-leo-bisiaux-axel-zingle-les-francais-a-suivre\/#breadcrumb","itemListElement":[{"@type":"ListItem","position":1,"name":"Accueil","item":"https:\/\/dicodusport.fr\/blog\/"},{"@type":"ListItem","position":2,"name":"Tour d&rsquo;Espagne 2025 : David Gaudu, L\u00e9o Bisiaux, Axel Zingle, les Fran\u00e7ais \u00e0 suivre"}]},{"@type":"WebSite","@id":"https:\/\/dicodusport.fr\/blog\/#website","url":"https:\/\/dicodusport.fr\/blog\/","name":"Dicodusport","description":"L&#039;encyclop\u00e9die de l&#039;actualit\u00e9 sportive","publisher":{"@id":"https:\/\/dicodusport.fr\/blog\/#organization"},"potentialAction":[{"@type":"SearchAction","target":{"@type":"EntryPoint","urlTemplate":"https:\/\/dicodusport.fr\/blog\/?s={search_term_string}"},"query-input":{"@type":"PropertyValueSpecification","valueRequired":true,"valueName":"search_term_string"}}],"inLanguage":"fr-FR"},{"@type":"NewsMediaOrganization","@id":"https:\/\/dicodusport.fr\/blog\/#organization","name":"Dicodusport","url":"https:\/\/dicodusport.fr\/blog\/","logo":{"@type":"ImageObject","inLanguage":"fr-FR","@id":"https:\/\/dicodusport.fr\/blog\/#\/schema\/logo\/image\/","url":"https:\/\/dicodusport.fr\/blog\/wp-content\/uploads\/2020\/06\/cropped-LOGO-DICODUSPORT-2020-SANS-FOND-SANS-TEXTE.png","contentUrl":"https:\/\/dicodusport.fr\/blog\/wp-content\/uploads\/2020\/06\/cropped-LOGO-DICODUSPORT-2020-SANS-FOND-SANS-TEXTE.png","width":512,"height":512,"caption":"Dicodusport"},"image":{"@id":"https:\/\/dicodusport.fr\/blog\/#\/schema\/logo\/image\/"},"sameAs":["https:\/\/www.facebook.com\/dicodusport","https:\/\/x.com\/dicodusport","https:\/\/www.instagram.com\/dicodusport\/","https:\/\/www.youtube.com\/channel\/UC7V2KZ5sd3htJivAbA4ZG3w"],"description":"Dicodusport est l'encyclop\u00e9die de l'actualit\u00e9 sportive.","email":"bonjour@dicodusport.fr","legalName":"DICODUSPORT","foundingDate":"2018-01-14","vatID":"FR71834470973","taxID":"83447097300043","numberOfEmployees":{"@type":"QuantitativeValue","minValue":"1","maxValue":"10"}},{"@type":"Person","@id":"https:\/\/dicodusport.fr\/blog\/#\/schema\/person\/1eaa63dfac40b5e5c47f03a71920c1cd","name":"Paul Lalevee","image":{"@type":"ImageObject","inLanguage":"fr-FR","@id":"https:\/\/dicodusport.fr\/blog\/#\/schema\/person\/image\/","url":"https:\/\/dicodusport.fr\/blog\/wp-content\/uploads\/2023\/10\/291154246_1690604071293245_3118259335115946499_n-150x150.jpg","contentUrl":"https:\/\/dicodusport.fr\/blog\/wp-content\/uploads\/2023\/10\/291154246_1690604071293245_3118259335115946499_n-150x150.jpg","caption":"Paul Lalevee"},"description":"La bulle Disney pendant le Covid, le Tour 2019, la Coupe du monde 2018. Ces trois \u00e9v\u00e9nements majeurs sont ancr\u00e9s dans ma t\u00eate de fan de sport, n\u00e9gativement ou positivement. Passionn\u00e9 de sport depuis l'enfance, j'ai d\u00e9cid\u00e9 de mettre ma passion de l'\u00e9criture au service de cette premi\u00e8re passion.","url":"https:\/\/dicodusport.fr\/blog\/author\/paul-lalevee\/"}]}},"_links":{"self":[{"href":"https:\/\/dicodusport.fr\/blog\/wp-json\/wp\/v2\/posts\/602763","targetHints":{"allow":["GET"]}}],"collection":[{"href":"https:\/\/dicodusport.fr\/blog\/wp-json\/wp\/v2\/posts"}],"about":[{"href":"https:\/\/dicodusport.fr\/blog\/wp-json\/wp\/v2\/types\/post"}],"author":[{"embeddable":true,"href":"https:\/\/dicodusport.fr\/blog\/wp-json\/wp\/v2\/users\/88"}],"replies":[{"embeddable":true,"href":"https:\/\/dicodusport.fr\/blog\/wp-json\/wp\/v2\/comments?post=602763"}],"version-history":[{"count":5,"href":"https:\/\/dicodusport.fr\/blog\/wp-json\/wp\/v2\/posts\/602763\/revisions"}],"predecessor-version":[{"id":604198,"href":"https:\/\/dicodusport.fr\/blog\/wp-json\/wp\/v2\/posts\/602763\/revisions\/604198"}],"wp:featuredmedia":[{"embeddable":true,"href":"https:\/\/dicodusport.fr\/blog\/wp-json\/wp\/v2\/media\/604197"}],"wp:attachment":[{"href":"https:\/\/dicodusport.fr\/blog\/wp-json\/wp\/v2\/media?parent=602763"}],"wp:term":[{"taxonomy":"category","embeddable":true,"href":"https:\/\/dicodusport.fr\/blog\/wp-json\/wp\/v2\/categories?post=602763"},{"taxonomy":"post_tag","embeddable":true,"href":"https:\/\/dicodusport.fr\/blog\/wp-json\/wp\/v2\/tags?post=602763"}],"curies":[{"name":"wp","href":"https:\/\/api.w.org\/{rel}","templated":true}]}}