{"id":602781,"date":"2025-08-14T17:37:28","date_gmt":"2025-08-14T15:37:28","guid":{"rendered":"https:\/\/dicodusport.fr\/blog\/?p=602781&#038;preview=true&#038;preview_id=602781"},"modified":"2025-08-14T17:37:28","modified_gmt":"2025-08-14T15:37:28","slug":"transferts-monaco-tres-courtise-george-ilenikhena-affole-le-marche","status":"publish","type":"post","link":"https:\/\/dicodusport.fr\/blog\/transferts-monaco-tres-courtise-george-ilenikhena-affole-le-marche\/","title":{"rendered":"Transferts Monaco : Tr\u00e8s courtis\u00e9, George Ilenikhena affole le march\u00e9"},"content":{"rendered":"<p style=\"text-align: justify;\"><strong><em>TRANSFERTS MONACO &#8211; George Ilenikhena fait tourner des t\u00eates. Le prodige nig\u00e9rian, arriv\u00e9 il y a un an \u00e0 l&rsquo;AS Monaco, est cibl\u00e9 par de nombreux clubs europ\u00e9ens, malgr\u00e9 une premi\u00e8re saison en demi-teinte.<\/em><\/strong><\/p>\n<p style=\"text-align: justify;\">Il n&rsquo;a que 19 ans, n&rsquo;a inscrit que six buts en Ligue 1, mais <strong>George Ilenikhena\u00a0<\/strong>ne laisse pas insensible de nombreux clubs europ\u00e9ens. Recrut\u00e9 il y a un an par l&rsquo;AS Monaco \u00e0 Antwerp (Belgique), le Nig\u00e9rian est sous contrat jusqu&rsquo;en 2029. Sujet \u00e0 plusieurs blessures cette saison, il a toutefois montr\u00e9 quelques capacit\u00e9s int\u00e9ressantes, notamment en inscrivant un but en Ligue des champions face au FC Barcelone. Des performances qui attirent forc\u00e9ment certains clubs, selon <a href=\"https:\/\/www.footmercato.net\/a3358856284595772435-monaco-quatre-clubs-veulent-recuperer-george-ilenikhena\"><em>Foot Mercato<\/em><\/a>.<\/p>\n<div class=\"vlp-link-container vlp-layout-article\"><a href=\"https:\/\/dicodusport.fr\/blog\/mercato-asm-2025-2026-le-tableau-complet-des-transferts-arrivees-et-departs\/\" class=\"vlp-link\" title=\"Mercato Monaco 2025-2026 : Le tableau complet des transferts, arriv\u00e9es et d\u00e9parts\"><\/a><div class=\"vlp-layout-zone-side\"><div class=\"vlp-block-4 vlp-link-image\"><img loading=\"lazy\" decoding=\"async\" style=\"max-width: 792px;\" width=\"792\" height=\"445\" src=\"https:\/\/dicodusport.fr\/blog\/wp-content\/uploads\/2025\/05\/Mercato-ASM-2025-2026-Le-tableau-complet-des-transferts-arrivees-et-departs.png\" class=\"attachment-800x445 size-800x445\" alt=\"Mercato ASM 2025-2026 Le tableau complet des transferts, arriv\u00e9es et d\u00e9parts\" srcset=\"https:\/\/dicodusport.fr\/blog\/wp-content\/uploads\/2025\/05\/Mercato-ASM-2025-2026-Le-tableau-complet-des-transferts-arrivees-et-departs.png 1200w, https:\/\/dicodusport.fr\/blog\/wp-content\/uploads\/2025\/05\/Mercato-ASM-2025-2026-Le-tableau-complet-des-transferts-arrivees-et-departs-300x169.png 300w, https:\/\/dicodusport.fr\/blog\/wp-content\/uploads\/2025\/05\/Mercato-ASM-2025-2026-Le-tableau-complet-des-transferts-arrivees-et-departs-1024x575.png 1024w, https:\/\/dicodusport.fr\/blog\/wp-content\/uploads\/2025\/05\/Mercato-ASM-2025-2026-Le-tableau-complet-des-transferts-arrivees-et-departs-768x431.png 768w\" sizes=\"auto, (max-width: 792px) 100vw, 792px\" \/><\/div><\/div><div class=\"vlp-layout-zone-main\"><div class=\"vlp-block-0 vlp-link-title\">Mercato Monaco 2025-2026 : Le tableau complet des transferts, arriv\u00e9es et d\u00e9parts<\/div><div class=\"vlp-block-1 vlp-link-summary\">TRANSFERTS ASM - Retrouvez tous les mouvements de l'Association Sportive Monaco pour l'intersaison 2025 en Ligue 1. Arriv\u00e9es, d\u00e9part, pr\u00eats, transferts d\u00e9finitifs, ne ratez rien du mercato estival.\u00a0<\/div><div class=\"vlp-block-2 vlp-link-button\">Lire l'article<\/div><div class=\"vlp-block-3 vlp-link-url\">dicodusport.fr<\/div><\/div><\/div>\n<h2>Monaco ne veut pas laisser partir George Ilenikhena<\/h2>\n<p style=\"text-align: justify;\"><strong>Mika Biereth<\/strong>, <strong>Breel Embolo<\/strong> et <strong>Folarin Balogun<\/strong> lui barrent pour l&rsquo;heure la route en Principaut\u00e9, mais Monaco compte sur George Ilenikhena. Stuttgart a bien tent\u00e9 le coup, alors que son attaquant <strong>Nick Woltemade<\/strong> est dans les petits papiers du Bayern Munich. Le Bayer Leverkusen, d\u00e9j\u00e0 bien arm\u00e9 devant, avec <b>Patrik Schick<\/b>\u00a0et <strong>Victor Boniface<\/strong>, aimerait \u00e9galement s&rsquo;attirer les services du joueur form\u00e9 \u00e0 Amiens. Et il n&rsquo;y a pas qu&rsquo;en Allemagne que son profil int\u00e9resse.<\/p>\n<p style=\"text-align: justify;\">Villareal a perdu <strong>Thierno Barry<\/strong>, parti \u00e0 Everton. L&rsquo;arriv\u00e9e de George Ilenikhena serait donc vu d&rsquo;un bon \u0153il par les dirigeants espagnols. Enfin, en Italie. La Fiorentina serait int\u00e9ress\u00e9e, malgr\u00e9 la pr\u00e9sence d&rsquo;<strong>Edin Dzeko<\/strong> et <strong>Moise Kean<\/strong> dans l&rsquo;effectif. Mais abondance de bien ne nuit pas. Surtout en attaque. Cependant, l&rsquo;AS Monaco a ferm\u00e9 la porte \u00e0 toutes ces offres. D\u00e9sireux de faire progresser l&rsquo;attaquant nig\u00e9rian, les dirigeants mon\u00e9gasques veulent le conserver. Le d\u00e9but de saison \u00e0 Louis II sera forc\u00e9ment scrut\u00e9, notamment depuis la signature de <strong>Paul Pogba<\/strong>. Loin d&rsquo;\u00eatre \u00e0 100%, il aurait besoin d&rsquo;un mois suppl\u00e9mentaire pour \u00eatre pr\u00eat. Mais \u00e0 coup s\u00fbr, la pr\u00e9sence du champion du monde 2018 dans l&rsquo;effectif va attirer les yeux.<\/p>\n<div class=\"vlp-link-container vlp-layout-article\"><a href=\"https:\/\/dicodusport.fr\/blog\/monaco-le-havre-compositions-chaine-tv-cotes-et-heure\/\" class=\"vlp-link\" title=\"Monaco-Le Havre : Compositions, Cha\u00eene TV, Cotes et Heure\"><\/a><div class=\"vlp-layout-zone-side\"><div class=\"vlp-block-4 vlp-link-image\"><img loading=\"lazy\" decoding=\"async\" style=\"max-width: 792px;\" width=\"792\" height=\"445\" src=\"https:\/\/dicodusport.fr\/blog\/wp-content\/uploads\/2025\/08\/Monaco-Le-Havre-Compositions-Chaine-TV-Cotes-et-Heure.png\" class=\"attachment-800x445 size-800x445\" alt=\"Monaco-Le Havre Compositions, Cha\u00eene TV, Cotes et Heure\" srcset=\"https:\/\/dicodusport.fr\/blog\/wp-content\/uploads\/2025\/08\/Monaco-Le-Havre-Compositions-Chaine-TV-Cotes-et-Heure.png 1200w, https:\/\/dicodusport.fr\/blog\/wp-content\/uploads\/2025\/08\/Monaco-Le-Havre-Compositions-Chaine-TV-Cotes-et-Heure-300x169.png 300w, https:\/\/dicodusport.fr\/blog\/wp-content\/uploads\/2025\/08\/Monaco-Le-Havre-Compositions-Chaine-TV-Cotes-et-Heure-1024x575.png 1024w, https:\/\/dicodusport.fr\/blog\/wp-content\/uploads\/2025\/08\/Monaco-Le-Havre-Compositions-Chaine-TV-Cotes-et-Heure-768x431.png 768w\" sizes=\"auto, (max-width: 792px) 100vw, 792px\" \/><\/div><\/div><div class=\"vlp-layout-zone-main\"><div class=\"vlp-block-0 vlp-link-title\">Monaco-Le Havre : Compositions, Cha\u00eene TV, Cotes et Heure<\/div><div class=\"vlp-block-1 vlp-link-summary\">LIGUE 1 2025-2026 - \u00c0 quelle heure et sur quelle cha\u00eene TV suivre le match de Ligue 1 entre l'AS Monaco et Le Havre AC ? Retrouvez \u00e9galement les compositions des deux \u00e9quipes.<\/div><div class=\"vlp-block-2 vlp-link-button\">Lire l'article<\/div><div class=\"vlp-block-3 vlp-link-url\">dicodusport.fr<\/div><\/div><\/div>\n","protected":false},"excerpt":{"rendered":"<p>George Ilenikhena fait tourner des t\u00eates. Le prodige nig\u00e9rian, arriv\u00e9 il y a un an \u00e0 l&rsquo;AS Monaco, est cibl\u00e9 par de nombreux clubs europ\u00e9ens, malgr\u00e9 une premi\u00e8re saison en demi-teinte.<\/p>\n","protected":false},"author":88,"featured_media":602809,"comment_status":"open","ping_status":"closed","sticky":false,"template":"","format":"standard","meta":{"_acf_changed":false,"_daextam_enable_autolinks":"1","footnotes":""},"categories":[47045],"tags":[1740,16878],"class_list":["post-602781","post","type-post","status-publish","format-standard","has-post-thumbnail","hentry","category-ligue-1","tag-as-monaco-football","tag-breve"],"acf":[],"yoast_head":"<!-- This site is optimized with the Yoast SEO Premium plugin v26.7 (Yoast SEO v26.7) - https:\/\/yoast.com\/wordpress\/plugins\/seo\/ -->\n<title>Transferts Monaco : Tr\u00e8s courtis\u00e9, George Ilenikhena affole le march\u00e9<\/title>\n<meta name=\"description\" content=\"TRANSFERTS MONACO - George Ilenikhena fait tourner des t\u00eates. Le prodige nig\u00e9rian, arriv\u00e9 il y a un an \u00e0 l&#039;AS Monaco, est cibl\u00e9 par de nombreux clubs europ\u00e9ens, malgr\u00e9 une premi\u00e8re saison en demi-teinte.\" \/>\n<meta name=\"robots\" content=\"index, follow, max-snippet:-1, max-image-preview:large, max-video-preview:-1\" \/>\n<link rel=\"canonical\" href=\"https:\/\/dicodusport.fr\/blog\/transferts-monaco-tres-courtise-george-ilenikhena-affole-le-marche\/\" \/>\n<meta property=\"og:locale\" content=\"fr_FR\" \/>\n<meta property=\"og:type\" content=\"article\" \/>\n<meta property=\"og:title\" content=\"Transferts Monaco : Tr\u00e8s courtis\u00e9, George Ilenikhena affole le march\u00e9\" \/>\n<meta property=\"og:description\" content=\"TRANSFERTS MONACO - George Ilenikhena fait tourner des t\u00eates. Le prodige nig\u00e9rian, arriv\u00e9 il y a un an \u00e0 l&#039;AS Monaco, est cibl\u00e9 par de nombreux clubs europ\u00e9ens, malgr\u00e9 une premi\u00e8re saison en demi-teinte.\" \/>\n<meta property=\"og:url\" content=\"https:\/\/dicodusport.fr\/blog\/transferts-monaco-tres-courtise-george-ilenikhena-affole-le-marche\/\" \/>\n<meta property=\"og:site_name\" content=\"Dicodusport\" \/>\n<meta property=\"article:publisher\" content=\"https:\/\/www.facebook.com\/dicodusport\" \/>\n<meta property=\"article:published_time\" content=\"2025-08-14T15:37:28+00:00\" \/>\n<meta property=\"og:image\" content=\"https:\/\/dicodusport.fr\/blog\/wp-content\/uploads\/2025\/08\/Transferts-Monaco-Tres-courtise-George-Ilenikhena-affole-le-marche.png\" \/>\n\t<meta property=\"og:image:width\" content=\"1200\" \/>\n\t<meta property=\"og:image:height\" content=\"674\" \/>\n\t<meta property=\"og:image:type\" content=\"image\/png\" \/>\n<meta name=\"author\" content=\"Paul Lalevee\" \/>\n<meta name=\"twitter:card\" content=\"summary_large_image\" \/>\n<meta name=\"twitter:title\" content=\"Transferts Monaco : Tr\u00e8s courtis\u00e9, George Ilenikhena affole le march\u00e9\" \/>\n<meta name=\"twitter:creator\" content=\"@dicodusport\" \/>\n<meta name=\"twitter:site\" content=\"@dicodusport\" \/>\n<script type=\"application\/ld+json\" class=\"yoast-schema-graph\">{\"@context\":\"https:\/\/schema.org\",\"@graph\":[{\"@type\":\"NewsArticle\",\"@id\":\"https:\/\/dicodusport.fr\/blog\/transferts-monaco-tres-courtise-george-ilenikhena-affole-le-marche\/#article\",\"isPartOf\":{\"@id\":\"https:\/\/dicodusport.fr\/blog\/transferts-monaco-tres-courtise-george-ilenikhena-affole-le-marche\/\"},\"author\":{\"name\":\"Paul Lalevee\",\"@id\":\"https:\/\/dicodusport.fr\/blog\/#\/schema\/person\/1eaa63dfac40b5e5c47f03a71920c1cd\"},\"headline\":\"Transferts Monaco : Tr\u00e8s courtis\u00e9, George Ilenikhena affole le march\u00e9\",\"datePublished\":\"2025-08-14T15:37:28+00:00\",\"mainEntityOfPage\":{\"@id\":\"https:\/\/dicodusport.fr\/blog\/transferts-monaco-tres-courtise-george-ilenikhena-affole-le-marche\/\"},\"wordCount\":519,\"commentCount\":0,\"publisher\":{\"@id\":\"https:\/\/dicodusport.fr\/blog\/#organization\"},\"image\":{\"@id\":\"https:\/\/dicodusport.fr\/blog\/transferts-monaco-tres-courtise-george-ilenikhena-affole-le-marche\/#primaryimage\"},\"thumbnailUrl\":\"https:\/\/dicodusport.fr\/blog\/wp-content\/uploads\/2025\/08\/Transferts-Monaco-Tres-courtise-George-Ilenikhena-affole-le-marche.png\",\"keywords\":[\"AS Monaco Football\",\"br\u00e8ve\"],\"articleSection\":[\"Ligue 1\"],\"inLanguage\":\"fr-FR\",\"potentialAction\":[{\"@type\":\"CommentAction\",\"name\":\"Comment\",\"target\":[\"https:\/\/dicodusport.fr\/blog\/transferts-monaco-tres-courtise-george-ilenikhena-affole-le-marche\/#respond\"]}],\"copyrightYear\":\"2025\",\"copyrightHolder\":{\"@id\":\"https:\/\/dicodusport.fr\/blog\/#organization\"}},{\"@type\":\"WebPage\",\"@id\":\"https:\/\/dicodusport.fr\/blog\/transferts-monaco-tres-courtise-george-ilenikhena-affole-le-marche\/\",\"url\":\"https:\/\/dicodusport.fr\/blog\/transferts-monaco-tres-courtise-george-ilenikhena-affole-le-marche\/\",\"name\":\"Transferts Monaco : Tr\u00e8s courtis\u00e9, George Ilenikhena affole le march\u00e9\",\"isPartOf\":{\"@id\":\"https:\/\/dicodusport.fr\/blog\/#website\"},\"primaryImageOfPage\":{\"@id\":\"https:\/\/dicodusport.fr\/blog\/transferts-monaco-tres-courtise-george-ilenikhena-affole-le-marche\/#primaryimage\"},\"image\":{\"@id\":\"https:\/\/dicodusport.fr\/blog\/transferts-monaco-tres-courtise-george-ilenikhena-affole-le-marche\/#primaryimage\"},\"thumbnailUrl\":\"https:\/\/dicodusport.fr\/blog\/wp-content\/uploads\/2025\/08\/Transferts-Monaco-Tres-courtise-George-Ilenikhena-affole-le-marche.png\",\"datePublished\":\"2025-08-14T15:37:28+00:00\",\"description\":\"TRANSFERTS MONACO - George Ilenikhena fait tourner des t\u00eates. Le prodige nig\u00e9rian, arriv\u00e9 il y a un an \u00e0 l'AS Monaco, est cibl\u00e9 par de nombreux clubs europ\u00e9ens, malgr\u00e9 une premi\u00e8re saison en demi-teinte.\",\"breadcrumb\":{\"@id\":\"https:\/\/dicodusport.fr\/blog\/transferts-monaco-tres-courtise-george-ilenikhena-affole-le-marche\/#breadcrumb\"},\"inLanguage\":\"fr-FR\",\"potentialAction\":[{\"@type\":\"ReadAction\",\"target\":[\"https:\/\/dicodusport.fr\/blog\/transferts-monaco-tres-courtise-george-ilenikhena-affole-le-marche\/\"]}]},{\"@type\":\"ImageObject\",\"inLanguage\":\"fr-FR\",\"@id\":\"https:\/\/dicodusport.fr\/blog\/transferts-monaco-tres-courtise-george-ilenikhena-affole-le-marche\/#primaryimage\",\"url\":\"https:\/\/dicodusport.fr\/blog\/wp-content\/uploads\/2025\/08\/Transferts-Monaco-Tres-courtise-George-Ilenikhena-affole-le-marche.png\",\"contentUrl\":\"https:\/\/dicodusport.fr\/blog\/wp-content\/uploads\/2025\/08\/Transferts-Monaco-Tres-courtise-George-Ilenikhena-affole-le-marche.png\",\"width\":1200,\"height\":674,\"caption\":\"Transferts Monaco Tr\u00e8s courtis\u00e9, George Ilenikhena affole le march\u00e9\"},{\"@type\":\"BreadcrumbList\",\"@id\":\"https:\/\/dicodusport.fr\/blog\/transferts-monaco-tres-courtise-george-ilenikhena-affole-le-marche\/#breadcrumb\",\"itemListElement\":[{\"@type\":\"ListItem\",\"position\":1,\"name\":\"Accueil\",\"item\":\"https:\/\/dicodusport.fr\/blog\/\"},{\"@type\":\"ListItem\",\"position\":2,\"name\":\"Transferts Monaco : Tr\u00e8s courtis\u00e9, George Ilenikhena affole le march\u00e9\"}]},{\"@type\":\"WebSite\",\"@id\":\"https:\/\/dicodusport.fr\/blog\/#website\",\"url\":\"https:\/\/dicodusport.fr\/blog\/\",\"name\":\"Dicodusport\",\"description\":\"L&#039;encyclop\u00e9die de l&#039;actualit\u00e9 sportive\",\"publisher\":{\"@id\":\"https:\/\/dicodusport.fr\/blog\/#organization\"},\"potentialAction\":[{\"@type\":\"SearchAction\",\"target\":{\"@type\":\"EntryPoint\",\"urlTemplate\":\"https:\/\/dicodusport.fr\/blog\/?s={search_term_string}\"},\"query-input\":{\"@type\":\"PropertyValueSpecification\",\"valueRequired\":true,\"valueName\":\"search_term_string\"}}],\"inLanguage\":\"fr-FR\"},{\"@type\":\"NewsMediaOrganization\",\"@id\":\"https:\/\/dicodusport.fr\/blog\/#organization\",\"name\":\"Dicodusport\",\"url\":\"https:\/\/dicodusport.fr\/blog\/\",\"logo\":{\"@type\":\"ImageObject\",\"inLanguage\":\"fr-FR\",\"@id\":\"https:\/\/dicodusport.fr\/blog\/#\/schema\/logo\/image\/\",\"url\":\"https:\/\/dicodusport.fr\/blog\/wp-content\/uploads\/2020\/06\/cropped-LOGO-DICODUSPORT-2020-SANS-FOND-SANS-TEXTE.png\",\"contentUrl\":\"https:\/\/dicodusport.fr\/blog\/wp-content\/uploads\/2020\/06\/cropped-LOGO-DICODUSPORT-2020-SANS-FOND-SANS-TEXTE.png\",\"width\":512,\"height\":512,\"caption\":\"Dicodusport\"},\"image\":{\"@id\":\"https:\/\/dicodusport.fr\/blog\/#\/schema\/logo\/image\/\"},\"sameAs\":[\"https:\/\/www.facebook.com\/dicodusport\",\"https:\/\/x.com\/dicodusport\",\"https:\/\/www.instagram.com\/dicodusport\/\",\"https:\/\/www.youtube.com\/channel\/UC7V2KZ5sd3htJivAbA4ZG3w\"],\"description\":\"Dicodusport est l'encyclop\u00e9die de l'actualit\u00e9 sportive.\",\"email\":\"bonjour@dicodusport.fr\",\"legalName\":\"DICODUSPORT\",\"foundingDate\":\"2018-01-14\",\"vatID\":\"FR71834470973\",\"taxID\":\"83447097300043\",\"numberOfEmployees\":{\"@type\":\"QuantitativeValue\",\"minValue\":\"1\",\"maxValue\":\"10\"}},{\"@type\":\"Person\",\"@id\":\"https:\/\/dicodusport.fr\/blog\/#\/schema\/person\/1eaa63dfac40b5e5c47f03a71920c1cd\",\"name\":\"Paul Lalevee\",\"image\":{\"@type\":\"ImageObject\",\"inLanguage\":\"fr-FR\",\"@id\":\"https:\/\/dicodusport.fr\/blog\/#\/schema\/person\/image\/\",\"url\":\"https:\/\/dicodusport.fr\/blog\/wp-content\/uploads\/2023\/10\/291154246_1690604071293245_3118259335115946499_n-150x150.jpg\",\"contentUrl\":\"https:\/\/dicodusport.fr\/blog\/wp-content\/uploads\/2023\/10\/291154246_1690604071293245_3118259335115946499_n-150x150.jpg\",\"caption\":\"Paul Lalevee\"},\"description\":\"La bulle Disney pendant le Covid, le Tour 2019, la Coupe du monde 2018. Ces trois \u00e9v\u00e9nements majeurs sont ancr\u00e9s dans ma t\u00eate de fan de sport, n\u00e9gativement ou positivement. Passionn\u00e9 de sport depuis l'enfance, j'ai d\u00e9cid\u00e9 de mettre ma passion de l'\u00e9criture au service de cette premi\u00e8re passion.\",\"url\":\"https:\/\/dicodusport.fr\/blog\/author\/paul-lalevee\/\"}]}<\/script>\n<!-- \/ Yoast SEO Premium plugin. -->","yoast_head_json":{"title":"Transferts Monaco : Tr\u00e8s courtis\u00e9, George Ilenikhena affole le march\u00e9","description":"TRANSFERTS MONACO - George Ilenikhena fait tourner des t\u00eates. Le prodige nig\u00e9rian, arriv\u00e9 il y a un an \u00e0 l'AS Monaco, est cibl\u00e9 par de nombreux clubs europ\u00e9ens, malgr\u00e9 une premi\u00e8re saison en demi-teinte.","robots":{"index":"index","follow":"follow","max-snippet":"max-snippet:-1","max-image-preview":"max-image-preview:large","max-video-preview":"max-video-preview:-1"},"canonical":"https:\/\/dicodusport.fr\/blog\/transferts-monaco-tres-courtise-george-ilenikhena-affole-le-marche\/","og_locale":"fr_FR","og_type":"article","og_title":"Transferts Monaco : Tr\u00e8s courtis\u00e9, George Ilenikhena affole le march\u00e9","og_description":"TRANSFERTS MONACO - George Ilenikhena fait tourner des t\u00eates. Le prodige nig\u00e9rian, arriv\u00e9 il y a un an \u00e0 l'AS Monaco, est cibl\u00e9 par de nombreux clubs europ\u00e9ens, malgr\u00e9 une premi\u00e8re saison en demi-teinte.","og_url":"https:\/\/dicodusport.fr\/blog\/transferts-monaco-tres-courtise-george-ilenikhena-affole-le-marche\/","og_site_name":"Dicodusport","article_publisher":"https:\/\/www.facebook.com\/dicodusport","article_published_time":"2025-08-14T15:37:28+00:00","og_image":[{"width":1200,"height":674,"url":"https:\/\/dicodusport.fr\/blog\/wp-content\/uploads\/2025\/08\/Transferts-Monaco-Tres-courtise-George-Ilenikhena-affole-le-marche.png","type":"image\/png"}],"author":"Paul Lalevee","twitter_card":"summary_large_image","twitter_title":"Transferts Monaco : Tr\u00e8s courtis\u00e9, George Ilenikhena affole le march\u00e9","twitter_creator":"@dicodusport","twitter_site":"@dicodusport","schema":{"@context":"https:\/\/schema.org","@graph":[{"@type":"NewsArticle","@id":"https:\/\/dicodusport.fr\/blog\/transferts-monaco-tres-courtise-george-ilenikhena-affole-le-marche\/#article","isPartOf":{"@id":"https:\/\/dicodusport.fr\/blog\/transferts-monaco-tres-courtise-george-ilenikhena-affole-le-marche\/"},"author":{"name":"Paul Lalevee","@id":"https:\/\/dicodusport.fr\/blog\/#\/schema\/person\/1eaa63dfac40b5e5c47f03a71920c1cd"},"headline":"Transferts Monaco : Tr\u00e8s courtis\u00e9, George Ilenikhena affole le march\u00e9","datePublished":"2025-08-14T15:37:28+00:00","mainEntityOfPage":{"@id":"https:\/\/dicodusport.fr\/blog\/transferts-monaco-tres-courtise-george-ilenikhena-affole-le-marche\/"},"wordCount":519,"commentCount":0,"publisher":{"@id":"https:\/\/dicodusport.fr\/blog\/#organization"},"image":{"@id":"https:\/\/dicodusport.fr\/blog\/transferts-monaco-tres-courtise-george-ilenikhena-affole-le-marche\/#primaryimage"},"thumbnailUrl":"https:\/\/dicodusport.fr\/blog\/wp-content\/uploads\/2025\/08\/Transferts-Monaco-Tres-courtise-George-Ilenikhena-affole-le-marche.png","keywords":["AS Monaco Football","br\u00e8ve"],"articleSection":["Ligue 1"],"inLanguage":"fr-FR","potentialAction":[{"@type":"CommentAction","name":"Comment","target":["https:\/\/dicodusport.fr\/blog\/transferts-monaco-tres-courtise-george-ilenikhena-affole-le-marche\/#respond"]}],"copyrightYear":"2025","copyrightHolder":{"@id":"https:\/\/dicodusport.fr\/blog\/#organization"}},{"@type":"WebPage","@id":"https:\/\/dicodusport.fr\/blog\/transferts-monaco-tres-courtise-george-ilenikhena-affole-le-marche\/","url":"https:\/\/dicodusport.fr\/blog\/transferts-monaco-tres-courtise-george-ilenikhena-affole-le-marche\/","name":"Transferts Monaco : Tr\u00e8s courtis\u00e9, George Ilenikhena affole le march\u00e9","isPartOf":{"@id":"https:\/\/dicodusport.fr\/blog\/#website"},"primaryImageOfPage":{"@id":"https:\/\/dicodusport.fr\/blog\/transferts-monaco-tres-courtise-george-ilenikhena-affole-le-marche\/#primaryimage"},"image":{"@id":"https:\/\/dicodusport.fr\/blog\/transferts-monaco-tres-courtise-george-ilenikhena-affole-le-marche\/#primaryimage"},"thumbnailUrl":"https:\/\/dicodusport.fr\/blog\/wp-content\/uploads\/2025\/08\/Transferts-Monaco-Tres-courtise-George-Ilenikhena-affole-le-marche.png","datePublished":"2025-08-14T15:37:28+00:00","description":"TRANSFERTS MONACO - George Ilenikhena fait tourner des t\u00eates. Le prodige nig\u00e9rian, arriv\u00e9 il y a un an \u00e0 l'AS Monaco, est cibl\u00e9 par de nombreux clubs europ\u00e9ens, malgr\u00e9 une premi\u00e8re saison en demi-teinte.","breadcrumb":{"@id":"https:\/\/dicodusport.fr\/blog\/transferts-monaco-tres-courtise-george-ilenikhena-affole-le-marche\/#breadcrumb"},"inLanguage":"fr-FR","potentialAction":[{"@type":"ReadAction","target":["https:\/\/dicodusport.fr\/blog\/transferts-monaco-tres-courtise-george-ilenikhena-affole-le-marche\/"]}]},{"@type":"ImageObject","inLanguage":"fr-FR","@id":"https:\/\/dicodusport.fr\/blog\/transferts-monaco-tres-courtise-george-ilenikhena-affole-le-marche\/#primaryimage","url":"https:\/\/dicodusport.fr\/blog\/wp-content\/uploads\/2025\/08\/Transferts-Monaco-Tres-courtise-George-Ilenikhena-affole-le-marche.png","contentUrl":"https:\/\/dicodusport.fr\/blog\/wp-content\/uploads\/2025\/08\/Transferts-Monaco-Tres-courtise-George-Ilenikhena-affole-le-marche.png","width":1200,"height":674,"caption":"Transferts Monaco Tr\u00e8s courtis\u00e9, George Ilenikhena affole le march\u00e9"},{"@type":"BreadcrumbList","@id":"https:\/\/dicodusport.fr\/blog\/transferts-monaco-tres-courtise-george-ilenikhena-affole-le-marche\/#breadcrumb","itemListElement":[{"@type":"ListItem","position":1,"name":"Accueil","item":"https:\/\/dicodusport.fr\/blog\/"},{"@type":"ListItem","position":2,"name":"Transferts Monaco : Tr\u00e8s courtis\u00e9, George Ilenikhena affole le march\u00e9"}]},{"@type":"WebSite","@id":"https:\/\/dicodusport.fr\/blog\/#website","url":"https:\/\/dicodusport.fr\/blog\/","name":"Dicodusport","description":"L&#039;encyclop\u00e9die de l&#039;actualit\u00e9 sportive","publisher":{"@id":"https:\/\/dicodusport.fr\/blog\/#organization"},"potentialAction":[{"@type":"SearchAction","target":{"@type":"EntryPoint","urlTemplate":"https:\/\/dicodusport.fr\/blog\/?s={search_term_string}"},"query-input":{"@type":"PropertyValueSpecification","valueRequired":true,"valueName":"search_term_string"}}],"inLanguage":"fr-FR"},{"@type":"NewsMediaOrganization","@id":"https:\/\/dicodusport.fr\/blog\/#organization","name":"Dicodusport","url":"https:\/\/dicodusport.fr\/blog\/","logo":{"@type":"ImageObject","inLanguage":"fr-FR","@id":"https:\/\/dicodusport.fr\/blog\/#\/schema\/logo\/image\/","url":"https:\/\/dicodusport.fr\/blog\/wp-content\/uploads\/2020\/06\/cropped-LOGO-DICODUSPORT-2020-SANS-FOND-SANS-TEXTE.png","contentUrl":"https:\/\/dicodusport.fr\/blog\/wp-content\/uploads\/2020\/06\/cropped-LOGO-DICODUSPORT-2020-SANS-FOND-SANS-TEXTE.png","width":512,"height":512,"caption":"Dicodusport"},"image":{"@id":"https:\/\/dicodusport.fr\/blog\/#\/schema\/logo\/image\/"},"sameAs":["https:\/\/www.facebook.com\/dicodusport","https:\/\/x.com\/dicodusport","https:\/\/www.instagram.com\/dicodusport\/","https:\/\/www.youtube.com\/channel\/UC7V2KZ5sd3htJivAbA4ZG3w"],"description":"Dicodusport est l'encyclop\u00e9die de l'actualit\u00e9 sportive.","email":"bonjour@dicodusport.fr","legalName":"DICODUSPORT","foundingDate":"2018-01-14","vatID":"FR71834470973","taxID":"83447097300043","numberOfEmployees":{"@type":"QuantitativeValue","minValue":"1","maxValue":"10"}},{"@type":"Person","@id":"https:\/\/dicodusport.fr\/blog\/#\/schema\/person\/1eaa63dfac40b5e5c47f03a71920c1cd","name":"Paul Lalevee","image":{"@type":"ImageObject","inLanguage":"fr-FR","@id":"https:\/\/dicodusport.fr\/blog\/#\/schema\/person\/image\/","url":"https:\/\/dicodusport.fr\/blog\/wp-content\/uploads\/2023\/10\/291154246_1690604071293245_3118259335115946499_n-150x150.jpg","contentUrl":"https:\/\/dicodusport.fr\/blog\/wp-content\/uploads\/2023\/10\/291154246_1690604071293245_3118259335115946499_n-150x150.jpg","caption":"Paul Lalevee"},"description":"La bulle Disney pendant le Covid, le Tour 2019, la Coupe du monde 2018. Ces trois \u00e9v\u00e9nements majeurs sont ancr\u00e9s dans ma t\u00eate de fan de sport, n\u00e9gativement ou positivement. Passionn\u00e9 de sport depuis l'enfance, j'ai d\u00e9cid\u00e9 de mettre ma passion de l'\u00e9criture au service de cette premi\u00e8re passion.","url":"https:\/\/dicodusport.fr\/blog\/author\/paul-lalevee\/"}]}},"_links":{"self":[{"href":"https:\/\/dicodusport.fr\/blog\/wp-json\/wp\/v2\/posts\/602781","targetHints":{"allow":["GET"]}}],"collection":[{"href":"https:\/\/dicodusport.fr\/blog\/wp-json\/wp\/v2\/posts"}],"about":[{"href":"https:\/\/dicodusport.fr\/blog\/wp-json\/wp\/v2\/types\/post"}],"author":[{"embeddable":true,"href":"https:\/\/dicodusport.fr\/blog\/wp-json\/wp\/v2\/users\/88"}],"replies":[{"embeddable":true,"href":"https:\/\/dicodusport.fr\/blog\/wp-json\/wp\/v2\/comments?post=602781"}],"version-history":[{"count":3,"href":"https:\/\/dicodusport.fr\/blog\/wp-json\/wp\/v2\/posts\/602781\/revisions"}],"predecessor-version":[{"id":602811,"href":"https:\/\/dicodusport.fr\/blog\/wp-json\/wp\/v2\/posts\/602781\/revisions\/602811"}],"wp:featuredmedia":[{"embeddable":true,"href":"https:\/\/dicodusport.fr\/blog\/wp-json\/wp\/v2\/media\/602809"}],"wp:attachment":[{"href":"https:\/\/dicodusport.fr\/blog\/wp-json\/wp\/v2\/media?parent=602781"}],"wp:term":[{"taxonomy":"category","embeddable":true,"href":"https:\/\/dicodusport.fr\/blog\/wp-json\/wp\/v2\/categories?post=602781"},{"taxonomy":"post_tag","embeddable":true,"href":"https:\/\/dicodusport.fr\/blog\/wp-json\/wp\/v2\/tags?post=602781"}],"curies":[{"name":"wp","href":"https:\/\/api.w.org\/{rel}","templated":true}]}}