{"id":602970,"date":"2025-08-15T18:03:34","date_gmt":"2025-08-15T16:03:34","guid":{"rendered":"https:\/\/dicodusport.fr\/blog\/?p=602970&#038;preview=true&#038;preview_id=602970"},"modified":"2025-08-15T18:11:50","modified_gmt":"2025-08-15T16:11:50","slug":"circuit-franco-belge-2025-jonas-abrahamsen-dejoue-les-plans-des-sprinteurs","status":"publish","type":"post","link":"https:\/\/dicodusport.fr\/blog\/circuit-franco-belge-2025-jonas-abrahamsen-dejoue-les-plans-des-sprinteurs\/","title":{"rendered":"Circuit franco-belge 2025 : Jonas Abrahamsen d\u00e9joue les plans des sprinteurs"},"content":{"rendered":"<p style=\"text-align: justify;\"><strong><em>CIRCUIT FRANCO-BELGE 2025 &#8211; Dans un final \u00e0 suspens, c&rsquo;est Jonas Abrahamsen (Uno-X Mobility) qui s&rsquo;est impos\u00e9, succ\u00e9dant au palmar\u00e8s \u00e0 Biniam Girmay.<\/em><\/strong><\/p>\n<h2 style=\"text-align: justify;\">Abrahamsen, la surprise du chef !<\/h2>\n<p style=\"text-align: justify;\">Au d\u00e9part ce matin, il semblait acquis que l&rsquo;\u00e9dition 2025 du circuit franco-belge reviendrait \u00e0 un sprinteur capable de passer les bosses. Un trio se d\u00e9tachait comprenant <strong>Corbin Strong <\/strong>(Israel &#8211; Premier Tech), en pleine bourre apr\u00e8s ses succ\u00e8s sur le <a href=\"https:\/\/dicodusport.fr\/blog\/5eme-etape-tour-de-wallonie-2025-clement-izquierdo-vainqueur-de-la-derniere-etape-corbin-strong-sacre-au-general\/\">Tour de Wallonie<\/a> et l&rsquo;<a href=\"https:\/\/dicodusport.fr\/blog\/arctic-race-of-norway-2025-fredrik-dversnes-rafle-la-derniere-etape-corbin-strong-le-general\/\">Arctic Race of Norway<\/a>, <strong>Kaden Groves<\/strong> (Alpecin &#8211; Deceuninck) et<strong> Arnaud De Lie <\/strong>(Lotto), r\u00e9cemment align\u00e9s sur le Tour de France. Pourtant, au terme des 208 kilom\u00e8tres du jour, les plans des trois fantastiques ont \u00e9t\u00e9 d\u00e9jou\u00e9s par <strong>Jonas Abrahamsen<\/strong> sorti \u00e0 35 kilom\u00e8tres de l&rsquo;arriv\u00e9e et vainqueur devant <strong>Strong<\/strong>.<\/p>\n<ul style=\"text-align: justify;\">\n<li><strong>\u00c0 lire aussi &#8211; <a href=\"https:\/\/dicodusport.fr\/blog\/circuit-franco-belge-2025-classement-et-resultats\/\">Circuit Franco-Belge 2025 \u2013 Classement et r\u00e9sultats<\/a><\/strong><\/li>\n<\/ul>\n<p style=\"text-align: justify;\">Plus t\u00f4t, un petit groupe de cinq avait pris la poudre d&rsquo;escampette d\u00e8s les premiers kilom\u00e8tres. Parmi eux, c&rsquo;est le Belge<strong> Ludovic Robeet<\/strong> (Cofidis) qui poss\u00e9dait le meilleur palmar\u00e8s, vainqueur de la Danilith Nokere Koerse en 2021. Accompagn\u00e9 par trois compatriotes \u2013 <strong>Jonathan Vervenne<\/strong> (Soudal Quick-Step Devo Team), <strong>Gianni Marchand<\/strong> (Tarteletto &#8211; Isorex), <strong>Mats Omloop<\/strong> (VolkerWessels Cycling Team) \u2013 et le Britannique <strong>Tom Portsmouth<\/strong> (Wagner Bazin WB), <strong>Robeet<\/strong> savait que la mission \u00e9tait quasi impossible avec seulement trois minutes sur le peloton.<\/p>\n<h2 style=\"text-align: justify;\">Des attaques \u00e0 la cha\u00eene<\/h2>\n<p style=\"text-align: justify;\">Cette infime marge passant m\u00eame sous la minute dans les cent derniers kilom\u00e8tres, l&rsquo;\u00e9chapp\u00e9e se retrouvait naturellement \u00e0 port\u00e9e de fusil du peloton. Apr\u00e8s avoir vu revenir <strong>Alexys Brunel<\/strong> (Team TotalEnergies) dans un premier temps, ce sont ensuite <strong>Floris Van Tricht<\/strong> (Israel &#8211; Premier Tech), <strong>Samuele Zoccarato<\/strong> (Team Polti VisitMalta), <strong>Frank van den Broek<\/strong> (Team Picnic PostNL) et <strong>Fabio Christen<\/strong> (Q36.5 Pro Cycling Team) qui op\u00e9r\u00e8rent la jonction alors que <strong>Vervenne<\/strong> s&rsquo;isolait quant \u00e0 lui seul en t\u00eate \u00e0 moins de 60 kilom\u00e8tres de l&rsquo;arriv\u00e9e. Le manque d&rsquo;entente aura eu raison des espoirs du groupe en chasse-patate sous l&rsquo;impulsion des Uno-X Mobility.<\/p>\n<p style=\"text-align: justify;\">La course s&rsquo;est finalement anim\u00e9e lors du quatri\u00e8me passage du Knokteberg (1,2 km \u00e0 7,3%) et un groupe de cinq s&rsquo;est alors extirp\u00e9 avec le vainqueur du jour en bonne place. Appuyant fort sur les p\u00e9dales comme \u00e0 son habitude, le Norv\u00e9gien emmenait avec lui <strong>Xandro Meurisse<\/strong> (Alpecin &#8211; Deceuninck),<strong>\u00a0Jonas Geens<\/strong> (Team Flanders &#8211; Baloise), <strong>Martin Tj\u00f8tta<\/strong> (Ark\u00e9a &#8211; B&amp;B Hotels) et <strong>Sam Maisonobe<\/strong> (Cofidis) premier \u00e0 craquer face au rythme \u00e9norme impos\u00e9 par <strong>Abrahamsen<\/strong>.<\/p>\n<h2 style=\"text-align: justify;\">Un final \u00e9pique !<\/h2>\n<p style=\"text-align: justify;\">Au son de la cloche, il ne restait plus que le Scandinave, <strong>Meurisse<\/strong> et <strong>Geens<\/strong>. Le trio comptait une vingtaine de secondes d&rsquo;avance \u00e0 22 kilom\u00e8tres de l&rsquo;arriv\u00e9e, mais le coureur de la Baloise finissait par capituler. Derri\u00e8re, les Uno-X Mobility cassaient parfaitement les relais compliquant la poursuite, mais l&rsquo;attaque de <strong>Fabio Christen<\/strong> semait la zizanie. Alors que le Suisse op\u00e9rait la jonction, dans le peloton, la d\u00e9sorganisation primait et d&rsquo;autres coureurs ont alors saisi leur chance.<\/p>\n<p style=\"text-align: justify;\">Dans un final d\u00e9cousu, il \u00e9tait encore impossible de savoir si le vainqueur se trouvait \u00e0 l&rsquo;avant ou dans le peloton. Finalement, la d\u00e9sorganisation derri\u00e8re a \u00e9t\u00e9 une b\u00e9n\u00e9diction pour le trio de t\u00eate qui semblait se diriger vers une explication \u00e0 trois. Pourtant, le peloton revenait presque de nul part dans le dernier kilom\u00e8tre et alors que la jonction allait s&rsquo;op\u00e9rer, <strong>Abrahamsen<\/strong> en costaud a remis une acc\u00e9l\u00e9ration apr\u00e8s un relais de son co\u00e9quipier <strong>Markus Hoelgaard<\/strong> revenu de l&rsquo;arri\u00e8re. Il a manqu\u00e9 une cinquantaine de m\u00e8tres \u00e0 <strong>Corbin Strong<\/strong> pour s&rsquo;imposer. Le N\u00e9o-Z\u00e9landais termine deuxi\u00e8me, juste devant <strong>Eduard Prades<\/strong> (Caja Rural &#8211; Seguros RGA). Si <strong>Strong<\/strong> et <strong>De Lie<\/strong> figuraient bien dans le gros du peloton, <strong>Kaden Groves<\/strong> en revanche n&rsquo;a pas pes\u00e9 sur la course, l\u00e2ch\u00e9 tr\u00e8s loin de l&rsquo;arriv\u00e9e.<\/p>\n<blockquote class=\"twitter-tweet\">\n<p dir=\"ltr\" lang=\"fr\">\ud83d\ude31 Quel final compl\u00e8tement fou sur le Circuit Franco-Belge !<\/p>\n<p>Rescap\u00e9 de l&rsquo;\u00e9chapp\u00e9e, Jonas Abrahamsen r\u00e9siste et l\u00e8ve les bras au sommet du Mont-de-l&rsquo;Enclus !<a href=\"https:\/\/twitter.com\/hashtag\/LesRP?src=hash&amp;ref_src=twsrc%5Etfw\">#LesRP<\/a> <a href=\"https:\/\/twitter.com\/hashtag\/CircuitFrancoBelge?src=hash&amp;ref_src=twsrc%5Etfw\">#CircuitFrancoBelge<\/a> <a href=\"https:\/\/t.co\/fuHSWbKHiv\">pic.twitter.com\/fuHSWbKHiv<\/a><\/p>\n<p>\u2014 Eurosport France (@Eurosport_FR) <a href=\"https:\/\/twitter.com\/Eurosport_FR\/status\/1956386564247798205?ref_src=twsrc%5Etfw\">August 15, 2025<\/a><\/p><\/blockquote>\n<p style=\"text-align: justify;\"><script src=\"https:\/\/platform.twitter.com\/widgets.js\" async=\"\" charset=\"utf-8\"><\/script><\/p>\n<ul>\n<li style=\"text-align: justify;\"><strong>\u00c0 lire aussi &#8211; <a href=\"https:\/\/dicodusport.fr\/blog\/actualites\/cyclisme\/\">Toute l&rsquo;actualit\u00e9 du cyclisme<\/a><\/strong><\/li>\n<\/ul>\n","protected":false},"excerpt":{"rendered":"<p>Jonas Abrahamsen (Uno-X Mobility) s&rsquo;est impos\u00e9 et succ\u00e8de au palmar\u00e8s \u00e0 Biniam Girmay.<\/p>\n","protected":false},"author":91,"featured_media":603084,"comment_status":"open","ping_status":"closed","sticky":false,"template":"","format":"standard","meta":{"_acf_changed":false,"_daextam_enable_autolinks":"1","footnotes":""},"categories":[46994],"tags":[16878,25672,574,11197],"class_list":["post-602970","post","type-post","status-publish","format-standard","has-post-thumbnail","hentry","category-cyclisme-sur-route","tag-breve","tag-circuit-franco-belge","tag-cyclisme","tag-cyclisme-sur-route"],"acf":[],"yoast_head":"<!-- This site is optimized with the Yoast SEO Premium plugin v26.7 (Yoast SEO v26.7) - https:\/\/yoast.com\/wordpress\/plugins\/seo\/ -->\n<title>Circuit franco-belge 2025 : Jonas Abrahamsen d\u00e9joue les plans des sprinteurs<\/title>\n<meta name=\"description\" content=\"CIRCUIT FRANCO-BELGE 2025 - Jonas Abrahamsen (Uno-X Mobility) s&#039;est impos\u00e9 et succ\u00e8de au palmar\u00e8s \u00e0 Biniam Girmay.\" \/>\n<meta name=\"robots\" content=\"index, follow, max-snippet:-1, max-image-preview:large, max-video-preview:-1\" \/>\n<link rel=\"canonical\" href=\"https:\/\/dicodusport.fr\/blog\/circuit-franco-belge-2025-jonas-abrahamsen-dejoue-les-plans-des-sprinteurs\/\" \/>\n<meta property=\"og:locale\" content=\"fr_FR\" \/>\n<meta property=\"og:type\" content=\"article\" \/>\n<meta property=\"og:title\" content=\"Circuit franco-belge 2025 : Jonas Abrahamsen d\u00e9joue les plans des sprinteurs\" \/>\n<meta property=\"og:description\" content=\"CIRCUIT FRANCO-BELGE 2025 - Jonas Abrahamsen (Uno-X Mobility) s&#039;est impos\u00e9 et succ\u00e8de au palmar\u00e8s \u00e0 Biniam Girmay.\" \/>\n<meta property=\"og:url\" content=\"https:\/\/dicodusport.fr\/blog\/circuit-franco-belge-2025-jonas-abrahamsen-dejoue-les-plans-des-sprinteurs\/\" \/>\n<meta property=\"og:site_name\" content=\"Dicodusport\" \/>\n<meta property=\"article:publisher\" content=\"https:\/\/www.facebook.com\/dicodusport\" \/>\n<meta property=\"article:published_time\" content=\"2025-08-15T16:03:34+00:00\" \/>\n<meta property=\"article:modified_time\" content=\"2025-08-15T16:11:50+00:00\" \/>\n<meta property=\"og:image\" content=\"https:\/\/dicodusport.fr\/blog\/wp-content\/uploads\/2025\/08\/Circuit-franco-belge-2025-Jonas-Abrahamsen-dejoue-les-plans-des-sprinteurs.png\" \/>\n\t<meta property=\"og:image:width\" content=\"1200\" \/>\n\t<meta property=\"og:image:height\" content=\"674\" \/>\n\t<meta property=\"og:image:type\" content=\"image\/png\" \/>\n<meta name=\"author\" content=\"Victor Clot-Amiot\" \/>\n<meta name=\"twitter:card\" content=\"summary_large_image\" \/>\n<meta name=\"twitter:title\" content=\"Circuit franco-belge 2025 : Jonas Abrahamsen d\u00e9joue les plans des sprinteurs\" \/>\n<meta name=\"twitter:creator\" content=\"@https:\/\/x.com\/VictorClotAmiot\" \/>\n<meta name=\"twitter:site\" content=\"@dicodusport\" \/>\n<script type=\"application\/ld+json\" class=\"yoast-schema-graph\">{\"@context\":\"https:\/\/schema.org\",\"@graph\":[{\"@type\":\"NewsArticle\",\"@id\":\"https:\/\/dicodusport.fr\/blog\/circuit-franco-belge-2025-jonas-abrahamsen-dejoue-les-plans-des-sprinteurs\/#article\",\"isPartOf\":{\"@id\":\"https:\/\/dicodusport.fr\/blog\/circuit-franco-belge-2025-jonas-abrahamsen-dejoue-les-plans-des-sprinteurs\/\"},\"author\":{\"name\":\"Victor Clot-Amiot\",\"@id\":\"https:\/\/dicodusport.fr\/blog\/#\/schema\/person\/b623199cba9ba90fe84a3d16e9282360\"},\"headline\":\"Circuit franco-belge 2025 : Jonas Abrahamsen d\u00e9joue les plans des sprinteurs\",\"datePublished\":\"2025-08-15T16:03:34+00:00\",\"dateModified\":\"2025-08-15T16:11:50+00:00\",\"mainEntityOfPage\":{\"@id\":\"https:\/\/dicodusport.fr\/blog\/circuit-franco-belge-2025-jonas-abrahamsen-dejoue-les-plans-des-sprinteurs\/\"},\"wordCount\":726,\"commentCount\":0,\"publisher\":{\"@id\":\"https:\/\/dicodusport.fr\/blog\/#organization\"},\"image\":{\"@id\":\"https:\/\/dicodusport.fr\/blog\/circuit-franco-belge-2025-jonas-abrahamsen-dejoue-les-plans-des-sprinteurs\/#primaryimage\"},\"thumbnailUrl\":\"https:\/\/dicodusport.fr\/blog\/wp-content\/uploads\/2025\/08\/Circuit-franco-belge-2025-Jonas-Abrahamsen-dejoue-les-plans-des-sprinteurs.png\",\"keywords\":[\"br\u00e8ve\",\"Circuit Franco-Belge\",\"Cyclisme\",\"Cyclisme sur route\"],\"articleSection\":[\"Cyclisme sur route\"],\"inLanguage\":\"fr-FR\",\"potentialAction\":[{\"@type\":\"CommentAction\",\"name\":\"Comment\",\"target\":[\"https:\/\/dicodusport.fr\/blog\/circuit-franco-belge-2025-jonas-abrahamsen-dejoue-les-plans-des-sprinteurs\/#respond\"]}],\"copyrightYear\":\"2025\",\"copyrightHolder\":{\"@id\":\"https:\/\/dicodusport.fr\/blog\/#organization\"}},{\"@type\":\"WebPage\",\"@id\":\"https:\/\/dicodusport.fr\/blog\/circuit-franco-belge-2025-jonas-abrahamsen-dejoue-les-plans-des-sprinteurs\/\",\"url\":\"https:\/\/dicodusport.fr\/blog\/circuit-franco-belge-2025-jonas-abrahamsen-dejoue-les-plans-des-sprinteurs\/\",\"name\":\"Circuit franco-belge 2025 : Jonas Abrahamsen d\u00e9joue les plans des sprinteurs\",\"isPartOf\":{\"@id\":\"https:\/\/dicodusport.fr\/blog\/#website\"},\"primaryImageOfPage\":{\"@id\":\"https:\/\/dicodusport.fr\/blog\/circuit-franco-belge-2025-jonas-abrahamsen-dejoue-les-plans-des-sprinteurs\/#primaryimage\"},\"image\":{\"@id\":\"https:\/\/dicodusport.fr\/blog\/circuit-franco-belge-2025-jonas-abrahamsen-dejoue-les-plans-des-sprinteurs\/#primaryimage\"},\"thumbnailUrl\":\"https:\/\/dicodusport.fr\/blog\/wp-content\/uploads\/2025\/08\/Circuit-franco-belge-2025-Jonas-Abrahamsen-dejoue-les-plans-des-sprinteurs.png\",\"datePublished\":\"2025-08-15T16:03:34+00:00\",\"dateModified\":\"2025-08-15T16:11:50+00:00\",\"description\":\"CIRCUIT FRANCO-BELGE 2025 - Jonas Abrahamsen (Uno-X Mobility) s'est impos\u00e9 et succ\u00e8de au palmar\u00e8s \u00e0 Biniam Girmay.\",\"breadcrumb\":{\"@id\":\"https:\/\/dicodusport.fr\/blog\/circuit-franco-belge-2025-jonas-abrahamsen-dejoue-les-plans-des-sprinteurs\/#breadcrumb\"},\"inLanguage\":\"fr-FR\",\"potentialAction\":[{\"@type\":\"ReadAction\",\"target\":[\"https:\/\/dicodusport.fr\/blog\/circuit-franco-belge-2025-jonas-abrahamsen-dejoue-les-plans-des-sprinteurs\/\"]}]},{\"@type\":\"ImageObject\",\"inLanguage\":\"fr-FR\",\"@id\":\"https:\/\/dicodusport.fr\/blog\/circuit-franco-belge-2025-jonas-abrahamsen-dejoue-les-plans-des-sprinteurs\/#primaryimage\",\"url\":\"https:\/\/dicodusport.fr\/blog\/wp-content\/uploads\/2025\/08\/Circuit-franco-belge-2025-Jonas-Abrahamsen-dejoue-les-plans-des-sprinteurs.png\",\"contentUrl\":\"https:\/\/dicodusport.fr\/blog\/wp-content\/uploads\/2025\/08\/Circuit-franco-belge-2025-Jonas-Abrahamsen-dejoue-les-plans-des-sprinteurs.png\",\"width\":1200,\"height\":674,\"caption\":\"Circuit franco-belge 2025 Jonas Abrahamsen d\u00e9joue les plans des sprinteurs\"},{\"@type\":\"BreadcrumbList\",\"@id\":\"https:\/\/dicodusport.fr\/blog\/circuit-franco-belge-2025-jonas-abrahamsen-dejoue-les-plans-des-sprinteurs\/#breadcrumb\",\"itemListElement\":[{\"@type\":\"ListItem\",\"position\":1,\"name\":\"Accueil\",\"item\":\"https:\/\/dicodusport.fr\/blog\/\"},{\"@type\":\"ListItem\",\"position\":2,\"name\":\"Circuit franco-belge 2025 : Jonas Abrahamsen d\u00e9joue les plans des sprinteurs\"}]},{\"@type\":\"WebSite\",\"@id\":\"https:\/\/dicodusport.fr\/blog\/#website\",\"url\":\"https:\/\/dicodusport.fr\/blog\/\",\"name\":\"Dicodusport\",\"description\":\"L&#039;encyclop\u00e9die de l&#039;actualit\u00e9 sportive\",\"publisher\":{\"@id\":\"https:\/\/dicodusport.fr\/blog\/#organization\"},\"potentialAction\":[{\"@type\":\"SearchAction\",\"target\":{\"@type\":\"EntryPoint\",\"urlTemplate\":\"https:\/\/dicodusport.fr\/blog\/?s={search_term_string}\"},\"query-input\":{\"@type\":\"PropertyValueSpecification\",\"valueRequired\":true,\"valueName\":\"search_term_string\"}}],\"inLanguage\":\"fr-FR\"},{\"@type\":\"NewsMediaOrganization\",\"@id\":\"https:\/\/dicodusport.fr\/blog\/#organization\",\"name\":\"Dicodusport\",\"url\":\"https:\/\/dicodusport.fr\/blog\/\",\"logo\":{\"@type\":\"ImageObject\",\"inLanguage\":\"fr-FR\",\"@id\":\"https:\/\/dicodusport.fr\/blog\/#\/schema\/logo\/image\/\",\"url\":\"https:\/\/dicodusport.fr\/blog\/wp-content\/uploads\/2020\/06\/cropped-LOGO-DICODUSPORT-2020-SANS-FOND-SANS-TEXTE.png\",\"contentUrl\":\"https:\/\/dicodusport.fr\/blog\/wp-content\/uploads\/2020\/06\/cropped-LOGO-DICODUSPORT-2020-SANS-FOND-SANS-TEXTE.png\",\"width\":512,\"height\":512,\"caption\":\"Dicodusport\"},\"image\":{\"@id\":\"https:\/\/dicodusport.fr\/blog\/#\/schema\/logo\/image\/\"},\"sameAs\":[\"https:\/\/www.facebook.com\/dicodusport\",\"https:\/\/x.com\/dicodusport\",\"https:\/\/www.instagram.com\/dicodusport\/\",\"https:\/\/www.youtube.com\/channel\/UC7V2KZ5sd3htJivAbA4ZG3w\"],\"description\":\"Dicodusport est l'encyclop\u00e9die de l'actualit\u00e9 sportive.\",\"email\":\"bonjour@dicodusport.fr\",\"legalName\":\"DICODUSPORT\",\"foundingDate\":\"2018-01-14\",\"vatID\":\"FR71834470973\",\"taxID\":\"83447097300043\",\"numberOfEmployees\":{\"@type\":\"QuantitativeValue\",\"minValue\":\"1\",\"maxValue\":\"10\"}},{\"@type\":\"Person\",\"@id\":\"https:\/\/dicodusport.fr\/blog\/#\/schema\/person\/b623199cba9ba90fe84a3d16e9282360\",\"name\":\"Victor Clot-Amiot\",\"image\":{\"@type\":\"ImageObject\",\"inLanguage\":\"fr-FR\",\"@id\":\"https:\/\/dicodusport.fr\/blog\/#\/schema\/person\/image\/\",\"url\":\"https:\/\/dicodusport.fr\/blog\/wp-content\/uploads\/2023\/09\/IMG_20190826_114722-150x150.jpg\",\"contentUrl\":\"https:\/\/dicodusport.fr\/blog\/wp-content\/uploads\/2023\/09\/IMG_20190826_114722-150x150.jpg\",\"caption\":\"Victor Clot-Amiot\"},\"description\":\"Passionn\u00e9 de sport depuis toujours, un jour \u00e0 l'adolescence mes parents m'ont dit : \\\"quitte \u00e0 passer ton temps \u00e0 regarder du sport, au moins va le voir en vrai\\\" ! Depuis, cette remarque ne m'a plus quitt\u00e9 et je passe une grande partie de mon temps libre \u00e0 assister \u00e0 des comp\u00e9titions de tous sports. Je m\u00eale d'ailleurs mes deux passions, le sport et les voyages afin de faire une pierre deux coups ! Outre l'US Open ou l'Euro 2021 par exemple, j'ai assist\u00e9 cet \u00e9t\u00e9 aux Mondiaux d'athl\u00e9tisme \u00e0 Budapest. Mon plus gros coup dur est et restera les JO 2020-2021 pour lesquels j'avais r\u00e9serv\u00e9 17 \u00e9preuves. La suite, vous la connaissez...\",\"sameAs\":[\"https:\/\/x.com\/https:\/\/x.com\/VictorClotAmiot\"],\"url\":\"https:\/\/dicodusport.fr\/blog\/author\/victor-clot-amiot\/\"}]}<\/script>\n<!-- \/ Yoast SEO Premium plugin. -->","yoast_head_json":{"title":"Circuit franco-belge 2025 : Jonas Abrahamsen d\u00e9joue les plans des sprinteurs","description":"CIRCUIT FRANCO-BELGE 2025 - Jonas Abrahamsen (Uno-X Mobility) s'est impos\u00e9 et succ\u00e8de au palmar\u00e8s \u00e0 Biniam Girmay.","robots":{"index":"index","follow":"follow","max-snippet":"max-snippet:-1","max-image-preview":"max-image-preview:large","max-video-preview":"max-video-preview:-1"},"canonical":"https:\/\/dicodusport.fr\/blog\/circuit-franco-belge-2025-jonas-abrahamsen-dejoue-les-plans-des-sprinteurs\/","og_locale":"fr_FR","og_type":"article","og_title":"Circuit franco-belge 2025 : Jonas Abrahamsen d\u00e9joue les plans des sprinteurs","og_description":"CIRCUIT FRANCO-BELGE 2025 - Jonas Abrahamsen (Uno-X Mobility) s'est impos\u00e9 et succ\u00e8de au palmar\u00e8s \u00e0 Biniam Girmay.","og_url":"https:\/\/dicodusport.fr\/blog\/circuit-franco-belge-2025-jonas-abrahamsen-dejoue-les-plans-des-sprinteurs\/","og_site_name":"Dicodusport","article_publisher":"https:\/\/www.facebook.com\/dicodusport","article_published_time":"2025-08-15T16:03:34+00:00","article_modified_time":"2025-08-15T16:11:50+00:00","og_image":[{"width":1200,"height":674,"url":"https:\/\/dicodusport.fr\/blog\/wp-content\/uploads\/2025\/08\/Circuit-franco-belge-2025-Jonas-Abrahamsen-dejoue-les-plans-des-sprinteurs.png","type":"image\/png"}],"author":"Victor Clot-Amiot","twitter_card":"summary_large_image","twitter_title":"Circuit franco-belge 2025 : Jonas Abrahamsen d\u00e9joue les plans des sprinteurs","twitter_creator":"@https:\/\/x.com\/VictorClotAmiot","twitter_site":"@dicodusport","schema":{"@context":"https:\/\/schema.org","@graph":[{"@type":"NewsArticle","@id":"https:\/\/dicodusport.fr\/blog\/circuit-franco-belge-2025-jonas-abrahamsen-dejoue-les-plans-des-sprinteurs\/#article","isPartOf":{"@id":"https:\/\/dicodusport.fr\/blog\/circuit-franco-belge-2025-jonas-abrahamsen-dejoue-les-plans-des-sprinteurs\/"},"author":{"name":"Victor Clot-Amiot","@id":"https:\/\/dicodusport.fr\/blog\/#\/schema\/person\/b623199cba9ba90fe84a3d16e9282360"},"headline":"Circuit franco-belge 2025 : Jonas Abrahamsen d\u00e9joue les plans des sprinteurs","datePublished":"2025-08-15T16:03:34+00:00","dateModified":"2025-08-15T16:11:50+00:00","mainEntityOfPage":{"@id":"https:\/\/dicodusport.fr\/blog\/circuit-franco-belge-2025-jonas-abrahamsen-dejoue-les-plans-des-sprinteurs\/"},"wordCount":726,"commentCount":0,"publisher":{"@id":"https:\/\/dicodusport.fr\/blog\/#organization"},"image":{"@id":"https:\/\/dicodusport.fr\/blog\/circuit-franco-belge-2025-jonas-abrahamsen-dejoue-les-plans-des-sprinteurs\/#primaryimage"},"thumbnailUrl":"https:\/\/dicodusport.fr\/blog\/wp-content\/uploads\/2025\/08\/Circuit-franco-belge-2025-Jonas-Abrahamsen-dejoue-les-plans-des-sprinteurs.png","keywords":["br\u00e8ve","Circuit Franco-Belge","Cyclisme","Cyclisme sur route"],"articleSection":["Cyclisme sur route"],"inLanguage":"fr-FR","potentialAction":[{"@type":"CommentAction","name":"Comment","target":["https:\/\/dicodusport.fr\/blog\/circuit-franco-belge-2025-jonas-abrahamsen-dejoue-les-plans-des-sprinteurs\/#respond"]}],"copyrightYear":"2025","copyrightHolder":{"@id":"https:\/\/dicodusport.fr\/blog\/#organization"}},{"@type":"WebPage","@id":"https:\/\/dicodusport.fr\/blog\/circuit-franco-belge-2025-jonas-abrahamsen-dejoue-les-plans-des-sprinteurs\/","url":"https:\/\/dicodusport.fr\/blog\/circuit-franco-belge-2025-jonas-abrahamsen-dejoue-les-plans-des-sprinteurs\/","name":"Circuit franco-belge 2025 : Jonas Abrahamsen d\u00e9joue les plans des sprinteurs","isPartOf":{"@id":"https:\/\/dicodusport.fr\/blog\/#website"},"primaryImageOfPage":{"@id":"https:\/\/dicodusport.fr\/blog\/circuit-franco-belge-2025-jonas-abrahamsen-dejoue-les-plans-des-sprinteurs\/#primaryimage"},"image":{"@id":"https:\/\/dicodusport.fr\/blog\/circuit-franco-belge-2025-jonas-abrahamsen-dejoue-les-plans-des-sprinteurs\/#primaryimage"},"thumbnailUrl":"https:\/\/dicodusport.fr\/blog\/wp-content\/uploads\/2025\/08\/Circuit-franco-belge-2025-Jonas-Abrahamsen-dejoue-les-plans-des-sprinteurs.png","datePublished":"2025-08-15T16:03:34+00:00","dateModified":"2025-08-15T16:11:50+00:00","description":"CIRCUIT FRANCO-BELGE 2025 - Jonas Abrahamsen (Uno-X Mobility) s'est impos\u00e9 et succ\u00e8de au palmar\u00e8s \u00e0 Biniam Girmay.","breadcrumb":{"@id":"https:\/\/dicodusport.fr\/blog\/circuit-franco-belge-2025-jonas-abrahamsen-dejoue-les-plans-des-sprinteurs\/#breadcrumb"},"inLanguage":"fr-FR","potentialAction":[{"@type":"ReadAction","target":["https:\/\/dicodusport.fr\/blog\/circuit-franco-belge-2025-jonas-abrahamsen-dejoue-les-plans-des-sprinteurs\/"]}]},{"@type":"ImageObject","inLanguage":"fr-FR","@id":"https:\/\/dicodusport.fr\/blog\/circuit-franco-belge-2025-jonas-abrahamsen-dejoue-les-plans-des-sprinteurs\/#primaryimage","url":"https:\/\/dicodusport.fr\/blog\/wp-content\/uploads\/2025\/08\/Circuit-franco-belge-2025-Jonas-Abrahamsen-dejoue-les-plans-des-sprinteurs.png","contentUrl":"https:\/\/dicodusport.fr\/blog\/wp-content\/uploads\/2025\/08\/Circuit-franco-belge-2025-Jonas-Abrahamsen-dejoue-les-plans-des-sprinteurs.png","width":1200,"height":674,"caption":"Circuit franco-belge 2025 Jonas Abrahamsen d\u00e9joue les plans des sprinteurs"},{"@type":"BreadcrumbList","@id":"https:\/\/dicodusport.fr\/blog\/circuit-franco-belge-2025-jonas-abrahamsen-dejoue-les-plans-des-sprinteurs\/#breadcrumb","itemListElement":[{"@type":"ListItem","position":1,"name":"Accueil","item":"https:\/\/dicodusport.fr\/blog\/"},{"@type":"ListItem","position":2,"name":"Circuit franco-belge 2025 : Jonas Abrahamsen d\u00e9joue les plans des sprinteurs"}]},{"@type":"WebSite","@id":"https:\/\/dicodusport.fr\/blog\/#website","url":"https:\/\/dicodusport.fr\/blog\/","name":"Dicodusport","description":"L&#039;encyclop\u00e9die de l&#039;actualit\u00e9 sportive","publisher":{"@id":"https:\/\/dicodusport.fr\/blog\/#organization"},"potentialAction":[{"@type":"SearchAction","target":{"@type":"EntryPoint","urlTemplate":"https:\/\/dicodusport.fr\/blog\/?s={search_term_string}"},"query-input":{"@type":"PropertyValueSpecification","valueRequired":true,"valueName":"search_term_string"}}],"inLanguage":"fr-FR"},{"@type":"NewsMediaOrganization","@id":"https:\/\/dicodusport.fr\/blog\/#organization","name":"Dicodusport","url":"https:\/\/dicodusport.fr\/blog\/","logo":{"@type":"ImageObject","inLanguage":"fr-FR","@id":"https:\/\/dicodusport.fr\/blog\/#\/schema\/logo\/image\/","url":"https:\/\/dicodusport.fr\/blog\/wp-content\/uploads\/2020\/06\/cropped-LOGO-DICODUSPORT-2020-SANS-FOND-SANS-TEXTE.png","contentUrl":"https:\/\/dicodusport.fr\/blog\/wp-content\/uploads\/2020\/06\/cropped-LOGO-DICODUSPORT-2020-SANS-FOND-SANS-TEXTE.png","width":512,"height":512,"caption":"Dicodusport"},"image":{"@id":"https:\/\/dicodusport.fr\/blog\/#\/schema\/logo\/image\/"},"sameAs":["https:\/\/www.facebook.com\/dicodusport","https:\/\/x.com\/dicodusport","https:\/\/www.instagram.com\/dicodusport\/","https:\/\/www.youtube.com\/channel\/UC7V2KZ5sd3htJivAbA4ZG3w"],"description":"Dicodusport est l'encyclop\u00e9die de l'actualit\u00e9 sportive.","email":"bonjour@dicodusport.fr","legalName":"DICODUSPORT","foundingDate":"2018-01-14","vatID":"FR71834470973","taxID":"83447097300043","numberOfEmployees":{"@type":"QuantitativeValue","minValue":"1","maxValue":"10"}},{"@type":"Person","@id":"https:\/\/dicodusport.fr\/blog\/#\/schema\/person\/b623199cba9ba90fe84a3d16e9282360","name":"Victor Clot-Amiot","image":{"@type":"ImageObject","inLanguage":"fr-FR","@id":"https:\/\/dicodusport.fr\/blog\/#\/schema\/person\/image\/","url":"https:\/\/dicodusport.fr\/blog\/wp-content\/uploads\/2023\/09\/IMG_20190826_114722-150x150.jpg","contentUrl":"https:\/\/dicodusport.fr\/blog\/wp-content\/uploads\/2023\/09\/IMG_20190826_114722-150x150.jpg","caption":"Victor Clot-Amiot"},"description":"Passionn\u00e9 de sport depuis toujours, un jour \u00e0 l'adolescence mes parents m'ont dit : \"quitte \u00e0 passer ton temps \u00e0 regarder du sport, au moins va le voir en vrai\" ! Depuis, cette remarque ne m'a plus quitt\u00e9 et je passe une grande partie de mon temps libre \u00e0 assister \u00e0 des comp\u00e9titions de tous sports. Je m\u00eale d'ailleurs mes deux passions, le sport et les voyages afin de faire une pierre deux coups ! Outre l'US Open ou l'Euro 2021 par exemple, j'ai assist\u00e9 cet \u00e9t\u00e9 aux Mondiaux d'athl\u00e9tisme \u00e0 Budapest. Mon plus gros coup dur est et restera les JO 2020-2021 pour lesquels j'avais r\u00e9serv\u00e9 17 \u00e9preuves. La suite, vous la connaissez...","sameAs":["https:\/\/x.com\/https:\/\/x.com\/VictorClotAmiot"],"url":"https:\/\/dicodusport.fr\/blog\/author\/victor-clot-amiot\/"}]}},"_links":{"self":[{"href":"https:\/\/dicodusport.fr\/blog\/wp-json\/wp\/v2\/posts\/602970","targetHints":{"allow":["GET"]}}],"collection":[{"href":"https:\/\/dicodusport.fr\/blog\/wp-json\/wp\/v2\/posts"}],"about":[{"href":"https:\/\/dicodusport.fr\/blog\/wp-json\/wp\/v2\/types\/post"}],"author":[{"embeddable":true,"href":"https:\/\/dicodusport.fr\/blog\/wp-json\/wp\/v2\/users\/91"}],"replies":[{"embeddable":true,"href":"https:\/\/dicodusport.fr\/blog\/wp-json\/wp\/v2\/comments?post=602970"}],"version-history":[{"count":5,"href":"https:\/\/dicodusport.fr\/blog\/wp-json\/wp\/v2\/posts\/602970\/revisions"}],"predecessor-version":[{"id":603094,"href":"https:\/\/dicodusport.fr\/blog\/wp-json\/wp\/v2\/posts\/602970\/revisions\/603094"}],"wp:featuredmedia":[{"embeddable":true,"href":"https:\/\/dicodusport.fr\/blog\/wp-json\/wp\/v2\/media\/603084"}],"wp:attachment":[{"href":"https:\/\/dicodusport.fr\/blog\/wp-json\/wp\/v2\/media?parent=602970"}],"wp:term":[{"taxonomy":"category","embeddable":true,"href":"https:\/\/dicodusport.fr\/blog\/wp-json\/wp\/v2\/categories?post=602970"},{"taxonomy":"post_tag","embeddable":true,"href":"https:\/\/dicodusport.fr\/blog\/wp-json\/wp\/v2\/tags?post=602970"}],"curies":[{"name":"wp","href":"https:\/\/api.w.org\/{rel}","templated":true}]}}