{"id":603177,"date":"2025-08-16T11:37:05","date_gmt":"2025-08-16T09:37:05","guid":{"rendered":"https:\/\/dicodusport.fr\/blog\/?p=603177&#038;preview=true&#038;preview_id=603177"},"modified":"2025-08-16T11:50:48","modified_gmt":"2025-08-16T09:50:48","slug":"motogp-autriche-2025-marco-bezzecchi-decroche-la-pole-position-sur-le-red-bull-ring","status":"publish","type":"post","link":"https:\/\/dicodusport.fr\/blog\/motogp-autriche-2025-marco-bezzecchi-decroche-la-pole-position-sur-le-red-bull-ring\/","title":{"rendered":"MotoGP Autriche 2025 : Marco Bezzecchi d\u00e9croche la pole position sur le Red Bull Ring"},"content":{"rendered":"<p style=\"text-align: justify;\"><strong><em>MOTOGP &#8211; GRAND PRIX D&rsquo;AUTRICHE 2025<\/em>\u00a0<em>&#8211; L&rsquo;Italien Marco Bezzecchi (Aprilia) s&rsquo;est empar\u00e9 de la pole position sur le circuit de Spielberg, le Red Bull Ring. C&rsquo;est la 5\u00e8me de sa carri\u00e8re<\/em><em>. Il devance Alex Marquez (Gresini) et Francesco Bagnaia (Ducati) qui compl\u00e8te la premi\u00e8re ligne alors que Marc Marquez (Ducati) n&rsquo;est que 4\u00e8me.<\/em><em> Les pilotes fran\u00e7ais n&rsquo;ont pas brill\u00e9 aujourd&rsquo;hui, Fabio Quartararo (Yamaha) s&rsquo;\u00e9lancera de la 16\u00e8me position et Johann Zarco (LCR Honda) 12\u00e8me apr\u00e8s une chute en Q2.\u00a0<\/em><\/strong><\/p>\n<ul style=\"text-align: justify;\">\n<li style=\"text-align: justify;\"><strong>\u00c0 lire aussi &#8211;\u00a0<a href=\"https:\/\/dicodusport.fr\/blog\/motogp-gp-dautriche-2025-horaires-programme-tv-et-resultats\/\">MotoGP Autriche 2025 : Programme TV, Horaires et R\u00e9sultats<\/a><\/strong><\/li>\n<\/ul>\n<p style=\"text-align: justify;\">Sous un ciel ensoleill\u00e9 et la piste s\u00e8che du circuit de Spielberg, les pilotes concern\u00e9s ont pris part \u00e0 la premi\u00e8re partie des qualifications de la douzi\u00e8me manche de la saison. Parmi eux, nous retrouvions notamment les Aprilia de <strong>Marco Bezzecchi<\/strong> et <strong>Jorge Martin<\/strong>. Il y avait aussi le Fran\u00e7ais <strong>Fabio Quartararo<\/strong> (Yamaha) ou encore <strong>Fabio Di Giannantonio<\/strong>. Finalement, c\u2019est <strong>Enea Bastianini<\/strong> (KTM Tech3) qui a r\u00e9alis\u00e9 le meilleur temps et s\u2019est qualifi\u00e9 pour la Q2. Il sera accompagn\u00e9 par <strong>Marco Bezzecchi<\/strong>\u00a0(Aprilia) alors que <strong>Fabio Quartararo<\/strong> ne partira que 16<sup>\u00e8me<\/sup>, sa plus mauvaise qualification de la saison.<\/p>\n<h2 style=\"text-align: justify;\">Marco Bezzecchi profite d&rsquo;une chute de Marc Marquez<\/h2>\n<p style=\"text-align: justify;\">Neuf \u00e9quipes diff\u00e9rentes pr\u00e9sentaient au moins un pilote dans la s\u00e9ance finale aujourd\u2019hui. D\u00e8s les premiers tours, le Fran\u00e7ais <strong>Johann Zarco<\/strong> (LCR Honda) a de nouveau chut\u00e9 et n\u2019avait plus de moto en \u00e9tat pour repartir. Malgr\u00e9 le gros travail de ses m\u00e9caniciens il n\u2019a pu performer et s\u2019\u00e9lancera 12<sup>\u00e8me<\/sup> lors des courses. Quelques minutes plus tard, <strong>Marc Marquez<\/strong> (Ducati) est \u00e9galement tomb\u00e9 et n\u2019a pu faire mieux que la 4<sup>\u00e8me<\/sup> place\u00a0!<\/p>\n<ul style=\"text-align: justify;\">\n<li><strong>\u00c0 lire aussi &#8211;\u00a0<\/strong><a href=\"https:\/\/dicodusport.fr\/blog\/motogp-la-grille-de-depart-du-grand-prix-dautriche-2025\/\"><strong>La grille de d\u00e9part du Grand Prix d&rsquo;Autriche 2025<\/strong><\/a><\/li>\n<\/ul>\n<p style=\"text-align: justify;\">Le leader du championnat ne s\u2019est jamais impos\u00e9 sur ce circuit et devra redoubler d\u2019effort pour y arriver cette ann\u00e9e. C\u2019est finalement un pilote qui est pass\u00e9 par la Q1 qui a d\u00e9croch\u00e9 la pole position\u00a0: ce n\u2019est autre que <strong>Marco Bezzecchi<\/strong>\u00a0! L\u2019Italien de chez Aprilia a sign\u00e9 la 5<sup>\u00e8me<\/sup> pole de sa carri\u00e8re, la premi\u00e8re depuis l\u2019Inde 2023. Il sera accompagn\u00e9 sur la premi\u00e8re ligne par <strong>Alex Marquez <\/strong>(Gresini) et <strong>Francesco Bagnaia <\/strong>(Ducati).<\/p>\n<blockquote class=\"twitter-tweet\">\n<p dir=\"ltr\" lang=\"fr\">Marco Bezzecchi est en pole position du Grand Prix d&rsquo;Autriche ! \ud83d\ude0d<\/p>\n<p>Le pilote Aprilia sera accompagn\u00e9 d&rsquo;\u00c1lex M\u00e1rquez (2e) et Francesco Bagnaia (3e) sur la premi\u00e8re ligne ! \ud83d\udca5<\/p>\n<p>Marc M\u00e1rquez a chut\u00e9 en Q2 et s&rsquo;\u00e9lancera 4e. Zarco est 12e et Quartararo 16e \ud83c\uddeb\ud83c\uddf7<a href=\"https:\/\/twitter.com\/hashtag\/AustrianGP?src=hash&amp;ref_src=twsrc%5Etfw\">#AustrianGP<\/a> | <a href=\"https:\/\/twitter.com\/hashtag\/MotoGP?src=hash&amp;ref_src=twsrc%5Etfw\">#MotoGP<\/a> <a href=\"https:\/\/t.co\/S6yrpgKGno\">pic.twitter.com\/S6yrpgKGno<\/a><\/p>\n<p>\u2014 CANAL+ (@canalplus) <a href=\"https:\/\/twitter.com\/canalplus\/status\/1956652052865577163?ref_src=twsrc%5Etfw\">August 16, 2025<\/a><\/p><\/blockquote>\n<p style=\"text-align: justify;\"><script src=\"https:\/\/platform.twitter.com\/widgets.js\" async=\"\" charset=\"utf-8\"><\/script><\/p>\n<p style=\"text-align: justify;\"><strong>Enea Bastianini <\/strong>(KTM Tech3) a pris la 5<sup>\u00e8me<\/sup> place devant le rookie <strong>Fermin Aldeguer<\/strong> (Gresini) et <strong>Pedro Acosta<\/strong> (Red Bull KTM). Franco Morbidelli (VR46), Raul Fernandez (Trackhouse) et Joan Mir (Honda) compl\u00e8tent le Top 10. Rendez-vous cet apr\u00e8s-midi \u00e0 15h pour la course sprint sur <em>Canal+ Sport 360<\/em> ainsi que demain \u00e0 14h sur <em>Canal+<\/em> pour le <strong>Grand Prix d\u2019Autriche 2025 <\/strong>de MotoGP.<\/p>\n<ul>\n<li style=\"text-align: justify;\"><strong>\u00c0 lire aussi &#8211; <a href=\"https:\/\/dicodusport.fr\/blog\/motogp-2025-le-calendrier-complet\/\" rel=\"\">Calendrier MotoGP 2025 : Dates et horaires des Grands Prix<\/a><\/strong><\/li>\n<\/ul>\n","protected":false},"excerpt":{"rendered":"<p>L&rsquo;Italien Marco Bezzecchi (Aprilia) s&rsquo;est empar\u00e9 de la pole position sur le Red Bull Ring.<\/p>\n","protected":false},"author":54,"featured_media":603205,"comment_status":"open","ping_status":"closed","sticky":false,"template":"","format":"standard","meta":{"_acf_changed":false,"_daextam_enable_autolinks":"1","footnotes":""},"categories":[47087],"tags":[32415,16878,8198,18573,18565,18462],"class_list":["post-603177","post","type-post","status-publish","format-standard","has-post-thumbnail","hentry","category-motogp","tag-actu","tag-breve","tag-grand-prix-dautriche","tag-grand-prix-dautriche-motogp","tag-motogp-autriche","tag-red-bull-ring"],"acf":[],"yoast_head":"<!-- This site is optimized with the Yoast SEO Premium plugin v26.7 (Yoast SEO v26.7) - https:\/\/yoast.com\/wordpress\/plugins\/seo\/ -->\n<title>MotoGP Autriche 2025 : Marco Bezzecchi d\u00e9croche la pole position sur le Red Bull Ring<\/title>\n<meta name=\"description\" content=\"MOTOGP - GRAND PRIX D&#039;AUTRICHE 2025 - L&#039;Italien Marco Bezzecchi (Aprilia) s&#039;est empar\u00e9 de la pole position sur le Red Bull Ring.\" \/>\n<meta name=\"robots\" content=\"index, follow, max-snippet:-1, max-image-preview:large, max-video-preview:-1\" \/>\n<link rel=\"canonical\" href=\"https:\/\/dicodusport.fr\/blog\/motogp-autriche-2025-marco-bezzecchi-decroche-la-pole-position-sur-le-red-bull-ring\/\" \/>\n<meta property=\"og:locale\" content=\"fr_FR\" \/>\n<meta property=\"og:type\" content=\"article\" \/>\n<meta property=\"og:title\" content=\"MotoGP Autriche 2025 : Marco Bezzecchi d\u00e9croche la pole position sur le Red Bull Ring\" \/>\n<meta property=\"og:description\" content=\"MOTOGP - GRAND PRIX D&#039;AUTRICHE 2025 - L&#039;Italien Marco Bezzecchi (Aprilia) s&#039;est empar\u00e9 de la pole position sur le Red Bull Ring.\" \/>\n<meta property=\"og:url\" content=\"https:\/\/dicodusport.fr\/blog\/motogp-autriche-2025-marco-bezzecchi-decroche-la-pole-position-sur-le-red-bull-ring\/\" \/>\n<meta property=\"og:site_name\" content=\"Dicodusport\" \/>\n<meta property=\"article:publisher\" content=\"https:\/\/www.facebook.com\/dicodusport\" \/>\n<meta property=\"article:author\" content=\"https:\/\/www.facebook.com\/roxane.lecacher\" \/>\n<meta property=\"article:published_time\" content=\"2025-08-16T09:37:05+00:00\" \/>\n<meta property=\"article:modified_time\" content=\"2025-08-16T09:50:48+00:00\" \/>\n<meta property=\"og:image\" content=\"https:\/\/dicodusport.fr\/blog\/wp-content\/uploads\/2025\/08\/MotoGP-Autriche-2025-Marco-Bezzecchi-decroche-la-pole-position-sur-le-Red-Bull-Ring.png\" \/>\n\t<meta property=\"og:image:width\" content=\"1200\" \/>\n\t<meta property=\"og:image:height\" content=\"674\" \/>\n\t<meta property=\"og:image:type\" content=\"image\/png\" \/>\n<meta name=\"author\" content=\"Roxane Lecacher\" \/>\n<meta name=\"twitter:card\" content=\"summary_large_image\" \/>\n<meta name=\"twitter:title\" content=\"MotoGP Autriche 2025 : Marco Bezzecchi d\u00e9croche la pole position sur le Red Bull Ring\" \/>\n<meta name=\"twitter:creator\" content=\"@dicodusport\" \/>\n<meta name=\"twitter:site\" content=\"@dicodusport\" \/>\n<script type=\"application\/ld+json\" class=\"yoast-schema-graph\">{\"@context\":\"https:\/\/schema.org\",\"@graph\":[{\"@type\":\"NewsArticle\",\"@id\":\"https:\/\/dicodusport.fr\/blog\/motogp-autriche-2025-marco-bezzecchi-decroche-la-pole-position-sur-le-red-bull-ring\/#article\",\"isPartOf\":{\"@id\":\"https:\/\/dicodusport.fr\/blog\/motogp-autriche-2025-marco-bezzecchi-decroche-la-pole-position-sur-le-red-bull-ring\/\"},\"author\":{\"name\":\"Roxane Lecacher\",\"@id\":\"https:\/\/dicodusport.fr\/blog\/#\/schema\/person\/819fb2545dd2715bd7c0580d6d4b411a\"},\"headline\":\"MotoGP Autriche 2025 : Marco Bezzecchi d\u00e9croche la pole position sur le Red Bull Ring\",\"datePublished\":\"2025-08-16T09:37:05+00:00\",\"dateModified\":\"2025-08-16T09:50:48+00:00\",\"mainEntityOfPage\":{\"@id\":\"https:\/\/dicodusport.fr\/blog\/motogp-autriche-2025-marco-bezzecchi-decroche-la-pole-position-sur-le-red-bull-ring\/\"},\"wordCount\":540,\"commentCount\":0,\"publisher\":{\"@id\":\"https:\/\/dicodusport.fr\/blog\/#organization\"},\"image\":{\"@id\":\"https:\/\/dicodusport.fr\/blog\/motogp-autriche-2025-marco-bezzecchi-decroche-la-pole-position-sur-le-red-bull-ring\/#primaryimage\"},\"thumbnailUrl\":\"https:\/\/dicodusport.fr\/blog\/wp-content\/uploads\/2025\/08\/MotoGP-Autriche-2025-Marco-Bezzecchi-decroche-la-pole-position-sur-le-Red-Bull-Ring.png\",\"keywords\":[\"actu\",\"br\u00e8ve\",\"Grand Prix d'Autriche\",\"Grand Prix d'Autriche MotoGP\",\"MotoGP Autriche\",\"Red Bull Ring\"],\"articleSection\":[\"MotoGP\"],\"inLanguage\":\"fr-FR\",\"potentialAction\":[{\"@type\":\"CommentAction\",\"name\":\"Comment\",\"target\":[\"https:\/\/dicodusport.fr\/blog\/motogp-autriche-2025-marco-bezzecchi-decroche-la-pole-position-sur-le-red-bull-ring\/#respond\"]}],\"copyrightYear\":\"2025\",\"copyrightHolder\":{\"@id\":\"https:\/\/dicodusport.fr\/blog\/#organization\"}},{\"@type\":\"WebPage\",\"@id\":\"https:\/\/dicodusport.fr\/blog\/motogp-autriche-2025-marco-bezzecchi-decroche-la-pole-position-sur-le-red-bull-ring\/\",\"url\":\"https:\/\/dicodusport.fr\/blog\/motogp-autriche-2025-marco-bezzecchi-decroche-la-pole-position-sur-le-red-bull-ring\/\",\"name\":\"MotoGP Autriche 2025 : Marco Bezzecchi d\u00e9croche la pole position sur le Red Bull Ring\",\"isPartOf\":{\"@id\":\"https:\/\/dicodusport.fr\/blog\/#website\"},\"primaryImageOfPage\":{\"@id\":\"https:\/\/dicodusport.fr\/blog\/motogp-autriche-2025-marco-bezzecchi-decroche-la-pole-position-sur-le-red-bull-ring\/#primaryimage\"},\"image\":{\"@id\":\"https:\/\/dicodusport.fr\/blog\/motogp-autriche-2025-marco-bezzecchi-decroche-la-pole-position-sur-le-red-bull-ring\/#primaryimage\"},\"thumbnailUrl\":\"https:\/\/dicodusport.fr\/blog\/wp-content\/uploads\/2025\/08\/MotoGP-Autriche-2025-Marco-Bezzecchi-decroche-la-pole-position-sur-le-Red-Bull-Ring.png\",\"datePublished\":\"2025-08-16T09:37:05+00:00\",\"dateModified\":\"2025-08-16T09:50:48+00:00\",\"description\":\"MOTOGP - GRAND PRIX D'AUTRICHE 2025 - L'Italien Marco Bezzecchi (Aprilia) s'est empar\u00e9 de la pole position sur le Red Bull Ring.\",\"breadcrumb\":{\"@id\":\"https:\/\/dicodusport.fr\/blog\/motogp-autriche-2025-marco-bezzecchi-decroche-la-pole-position-sur-le-red-bull-ring\/#breadcrumb\"},\"inLanguage\":\"fr-FR\",\"potentialAction\":[{\"@type\":\"ReadAction\",\"target\":[\"https:\/\/dicodusport.fr\/blog\/motogp-autriche-2025-marco-bezzecchi-decroche-la-pole-position-sur-le-red-bull-ring\/\"]}]},{\"@type\":\"ImageObject\",\"inLanguage\":\"fr-FR\",\"@id\":\"https:\/\/dicodusport.fr\/blog\/motogp-autriche-2025-marco-bezzecchi-decroche-la-pole-position-sur-le-red-bull-ring\/#primaryimage\",\"url\":\"https:\/\/dicodusport.fr\/blog\/wp-content\/uploads\/2025\/08\/MotoGP-Autriche-2025-Marco-Bezzecchi-decroche-la-pole-position-sur-le-Red-Bull-Ring.png\",\"contentUrl\":\"https:\/\/dicodusport.fr\/blog\/wp-content\/uploads\/2025\/08\/MotoGP-Autriche-2025-Marco-Bezzecchi-decroche-la-pole-position-sur-le-Red-Bull-Ring.png\",\"width\":1200,\"height\":674,\"caption\":\"MotoGP Autriche 2025 Marco Bezzecchi d\u00e9croche la pole position sur le Red Bull Ring\"},{\"@type\":\"BreadcrumbList\",\"@id\":\"https:\/\/dicodusport.fr\/blog\/motogp-autriche-2025-marco-bezzecchi-decroche-la-pole-position-sur-le-red-bull-ring\/#breadcrumb\",\"itemListElement\":[{\"@type\":\"ListItem\",\"position\":1,\"name\":\"Accueil\",\"item\":\"https:\/\/dicodusport.fr\/blog\/\"},{\"@type\":\"ListItem\",\"position\":2,\"name\":\"MotoGP Autriche 2025 : Marco Bezzecchi d\u00e9croche la pole position sur le Red Bull Ring\"}]},{\"@type\":\"WebSite\",\"@id\":\"https:\/\/dicodusport.fr\/blog\/#website\",\"url\":\"https:\/\/dicodusport.fr\/blog\/\",\"name\":\"Dicodusport\",\"description\":\"L&#039;encyclop\u00e9die de l&#039;actualit\u00e9 sportive\",\"publisher\":{\"@id\":\"https:\/\/dicodusport.fr\/blog\/#organization\"},\"potentialAction\":[{\"@type\":\"SearchAction\",\"target\":{\"@type\":\"EntryPoint\",\"urlTemplate\":\"https:\/\/dicodusport.fr\/blog\/?s={search_term_string}\"},\"query-input\":{\"@type\":\"PropertyValueSpecification\",\"valueRequired\":true,\"valueName\":\"search_term_string\"}}],\"inLanguage\":\"fr-FR\"},{\"@type\":\"NewsMediaOrganization\",\"@id\":\"https:\/\/dicodusport.fr\/blog\/#organization\",\"name\":\"Dicodusport\",\"url\":\"https:\/\/dicodusport.fr\/blog\/\",\"logo\":{\"@type\":\"ImageObject\",\"inLanguage\":\"fr-FR\",\"@id\":\"https:\/\/dicodusport.fr\/blog\/#\/schema\/logo\/image\/\",\"url\":\"https:\/\/dicodusport.fr\/blog\/wp-content\/uploads\/2020\/06\/cropped-LOGO-DICODUSPORT-2020-SANS-FOND-SANS-TEXTE.png\",\"contentUrl\":\"https:\/\/dicodusport.fr\/blog\/wp-content\/uploads\/2020\/06\/cropped-LOGO-DICODUSPORT-2020-SANS-FOND-SANS-TEXTE.png\",\"width\":512,\"height\":512,\"caption\":\"Dicodusport\"},\"image\":{\"@id\":\"https:\/\/dicodusport.fr\/blog\/#\/schema\/logo\/image\/\"},\"sameAs\":[\"https:\/\/www.facebook.com\/dicodusport\",\"https:\/\/x.com\/dicodusport\",\"https:\/\/www.instagram.com\/dicodusport\/\",\"https:\/\/www.youtube.com\/channel\/UC7V2KZ5sd3htJivAbA4ZG3w\"],\"description\":\"Dicodusport est l'encyclop\u00e9die de l'actualit\u00e9 sportive.\",\"email\":\"bonjour@dicodusport.fr\",\"legalName\":\"DICODUSPORT\",\"foundingDate\":\"2018-01-14\",\"vatID\":\"FR71834470973\",\"taxID\":\"83447097300043\",\"numberOfEmployees\":{\"@type\":\"QuantitativeValue\",\"minValue\":\"1\",\"maxValue\":\"10\"}},{\"@type\":\"Person\",\"@id\":\"https:\/\/dicodusport.fr\/blog\/#\/schema\/person\/819fb2545dd2715bd7c0580d6d4b411a\",\"name\":\"Roxane Lecacher\",\"image\":{\"@type\":\"ImageObject\",\"inLanguage\":\"fr-FR\",\"@id\":\"https:\/\/dicodusport.fr\/blog\/#\/schema\/person\/image\/\",\"url\":\"https:\/\/dicodusport.fr\/blog\/wp-content\/uploads\/2021\/05\/Roxane-Lecacher-150x150.jpg\",\"contentUrl\":\"https:\/\/dicodusport.fr\/blog\/wp-content\/uploads\/2021\/05\/Roxane-Lecacher-150x150.jpg\",\"caption\":\"Roxane Lecacher\"},\"description\":\"Journaliste\/r\u00e9dactrice depuis janvier 2021 - N\u00e9e quelques jours avant la premi\u00e8re \u00e9toile des Bleus, je baigne dans une famille tr\u00e8s sportive. Je n\u2019ai eu d\u2019autres choix que de me passionner pour le sujet. Pratiquante de l\u2019athl\u00e9tisme depuis toute petite, j\u2019ai aussi un attrait tout particulier pour la Formule 1, le biathlon et le foot. Pendant les grands \u00e9v\u00e9nements, il est impossible de d\u00e9crocher de ma t\u00e9l\u00e9. C\u2019est \u00e0 travers Dicodusport que j\u2019aime d\u00e9sormais vous transmettre mes \u00e9motions et ma passion.\",\"sameAs\":[\"https:\/\/www.facebook.com\/roxane.lecacher\",\"https:\/\/fr.linkedin.com\/in\/roxane-lecacher-23368313b\"],\"url\":\"https:\/\/dicodusport.fr\/blog\/author\/roxanel\/\"}]}<\/script>\n<!-- \/ Yoast SEO Premium plugin. -->","yoast_head_json":{"title":"MotoGP Autriche 2025 : Marco Bezzecchi d\u00e9croche la pole position sur le Red Bull Ring","description":"MOTOGP - GRAND PRIX D'AUTRICHE 2025 - L'Italien Marco Bezzecchi (Aprilia) s'est empar\u00e9 de la pole position sur le Red Bull Ring.","robots":{"index":"index","follow":"follow","max-snippet":"max-snippet:-1","max-image-preview":"max-image-preview:large","max-video-preview":"max-video-preview:-1"},"canonical":"https:\/\/dicodusport.fr\/blog\/motogp-autriche-2025-marco-bezzecchi-decroche-la-pole-position-sur-le-red-bull-ring\/","og_locale":"fr_FR","og_type":"article","og_title":"MotoGP Autriche 2025 : Marco Bezzecchi d\u00e9croche la pole position sur le Red Bull Ring","og_description":"MOTOGP - GRAND PRIX D'AUTRICHE 2025 - L'Italien Marco Bezzecchi (Aprilia) s'est empar\u00e9 de la pole position sur le Red Bull Ring.","og_url":"https:\/\/dicodusport.fr\/blog\/motogp-autriche-2025-marco-bezzecchi-decroche-la-pole-position-sur-le-red-bull-ring\/","og_site_name":"Dicodusport","article_publisher":"https:\/\/www.facebook.com\/dicodusport","article_author":"https:\/\/www.facebook.com\/roxane.lecacher","article_published_time":"2025-08-16T09:37:05+00:00","article_modified_time":"2025-08-16T09:50:48+00:00","og_image":[{"width":1200,"height":674,"url":"https:\/\/dicodusport.fr\/blog\/wp-content\/uploads\/2025\/08\/MotoGP-Autriche-2025-Marco-Bezzecchi-decroche-la-pole-position-sur-le-Red-Bull-Ring.png","type":"image\/png"}],"author":"Roxane Lecacher","twitter_card":"summary_large_image","twitter_title":"MotoGP Autriche 2025 : Marco Bezzecchi d\u00e9croche la pole position sur le Red Bull Ring","twitter_creator":"@dicodusport","twitter_site":"@dicodusport","schema":{"@context":"https:\/\/schema.org","@graph":[{"@type":"NewsArticle","@id":"https:\/\/dicodusport.fr\/blog\/motogp-autriche-2025-marco-bezzecchi-decroche-la-pole-position-sur-le-red-bull-ring\/#article","isPartOf":{"@id":"https:\/\/dicodusport.fr\/blog\/motogp-autriche-2025-marco-bezzecchi-decroche-la-pole-position-sur-le-red-bull-ring\/"},"author":{"name":"Roxane Lecacher","@id":"https:\/\/dicodusport.fr\/blog\/#\/schema\/person\/819fb2545dd2715bd7c0580d6d4b411a"},"headline":"MotoGP Autriche 2025 : Marco Bezzecchi d\u00e9croche la pole position sur le Red Bull Ring","datePublished":"2025-08-16T09:37:05+00:00","dateModified":"2025-08-16T09:50:48+00:00","mainEntityOfPage":{"@id":"https:\/\/dicodusport.fr\/blog\/motogp-autriche-2025-marco-bezzecchi-decroche-la-pole-position-sur-le-red-bull-ring\/"},"wordCount":540,"commentCount":0,"publisher":{"@id":"https:\/\/dicodusport.fr\/blog\/#organization"},"image":{"@id":"https:\/\/dicodusport.fr\/blog\/motogp-autriche-2025-marco-bezzecchi-decroche-la-pole-position-sur-le-red-bull-ring\/#primaryimage"},"thumbnailUrl":"https:\/\/dicodusport.fr\/blog\/wp-content\/uploads\/2025\/08\/MotoGP-Autriche-2025-Marco-Bezzecchi-decroche-la-pole-position-sur-le-Red-Bull-Ring.png","keywords":["actu","br\u00e8ve","Grand Prix d'Autriche","Grand Prix d'Autriche MotoGP","MotoGP Autriche","Red Bull Ring"],"articleSection":["MotoGP"],"inLanguage":"fr-FR","potentialAction":[{"@type":"CommentAction","name":"Comment","target":["https:\/\/dicodusport.fr\/blog\/motogp-autriche-2025-marco-bezzecchi-decroche-la-pole-position-sur-le-red-bull-ring\/#respond"]}],"copyrightYear":"2025","copyrightHolder":{"@id":"https:\/\/dicodusport.fr\/blog\/#organization"}},{"@type":"WebPage","@id":"https:\/\/dicodusport.fr\/blog\/motogp-autriche-2025-marco-bezzecchi-decroche-la-pole-position-sur-le-red-bull-ring\/","url":"https:\/\/dicodusport.fr\/blog\/motogp-autriche-2025-marco-bezzecchi-decroche-la-pole-position-sur-le-red-bull-ring\/","name":"MotoGP Autriche 2025 : Marco Bezzecchi d\u00e9croche la pole position sur le Red Bull Ring","isPartOf":{"@id":"https:\/\/dicodusport.fr\/blog\/#website"},"primaryImageOfPage":{"@id":"https:\/\/dicodusport.fr\/blog\/motogp-autriche-2025-marco-bezzecchi-decroche-la-pole-position-sur-le-red-bull-ring\/#primaryimage"},"image":{"@id":"https:\/\/dicodusport.fr\/blog\/motogp-autriche-2025-marco-bezzecchi-decroche-la-pole-position-sur-le-red-bull-ring\/#primaryimage"},"thumbnailUrl":"https:\/\/dicodusport.fr\/blog\/wp-content\/uploads\/2025\/08\/MotoGP-Autriche-2025-Marco-Bezzecchi-decroche-la-pole-position-sur-le-Red-Bull-Ring.png","datePublished":"2025-08-16T09:37:05+00:00","dateModified":"2025-08-16T09:50:48+00:00","description":"MOTOGP - GRAND PRIX D'AUTRICHE 2025 - L'Italien Marco Bezzecchi (Aprilia) s'est empar\u00e9 de la pole position sur le Red Bull Ring.","breadcrumb":{"@id":"https:\/\/dicodusport.fr\/blog\/motogp-autriche-2025-marco-bezzecchi-decroche-la-pole-position-sur-le-red-bull-ring\/#breadcrumb"},"inLanguage":"fr-FR","potentialAction":[{"@type":"ReadAction","target":["https:\/\/dicodusport.fr\/blog\/motogp-autriche-2025-marco-bezzecchi-decroche-la-pole-position-sur-le-red-bull-ring\/"]}]},{"@type":"ImageObject","inLanguage":"fr-FR","@id":"https:\/\/dicodusport.fr\/blog\/motogp-autriche-2025-marco-bezzecchi-decroche-la-pole-position-sur-le-red-bull-ring\/#primaryimage","url":"https:\/\/dicodusport.fr\/blog\/wp-content\/uploads\/2025\/08\/MotoGP-Autriche-2025-Marco-Bezzecchi-decroche-la-pole-position-sur-le-Red-Bull-Ring.png","contentUrl":"https:\/\/dicodusport.fr\/blog\/wp-content\/uploads\/2025\/08\/MotoGP-Autriche-2025-Marco-Bezzecchi-decroche-la-pole-position-sur-le-Red-Bull-Ring.png","width":1200,"height":674,"caption":"MotoGP Autriche 2025 Marco Bezzecchi d\u00e9croche la pole position sur le Red Bull Ring"},{"@type":"BreadcrumbList","@id":"https:\/\/dicodusport.fr\/blog\/motogp-autriche-2025-marco-bezzecchi-decroche-la-pole-position-sur-le-red-bull-ring\/#breadcrumb","itemListElement":[{"@type":"ListItem","position":1,"name":"Accueil","item":"https:\/\/dicodusport.fr\/blog\/"},{"@type":"ListItem","position":2,"name":"MotoGP Autriche 2025 : Marco Bezzecchi d\u00e9croche la pole position sur le Red Bull Ring"}]},{"@type":"WebSite","@id":"https:\/\/dicodusport.fr\/blog\/#website","url":"https:\/\/dicodusport.fr\/blog\/","name":"Dicodusport","description":"L&#039;encyclop\u00e9die de l&#039;actualit\u00e9 sportive","publisher":{"@id":"https:\/\/dicodusport.fr\/blog\/#organization"},"potentialAction":[{"@type":"SearchAction","target":{"@type":"EntryPoint","urlTemplate":"https:\/\/dicodusport.fr\/blog\/?s={search_term_string}"},"query-input":{"@type":"PropertyValueSpecification","valueRequired":true,"valueName":"search_term_string"}}],"inLanguage":"fr-FR"},{"@type":"NewsMediaOrganization","@id":"https:\/\/dicodusport.fr\/blog\/#organization","name":"Dicodusport","url":"https:\/\/dicodusport.fr\/blog\/","logo":{"@type":"ImageObject","inLanguage":"fr-FR","@id":"https:\/\/dicodusport.fr\/blog\/#\/schema\/logo\/image\/","url":"https:\/\/dicodusport.fr\/blog\/wp-content\/uploads\/2020\/06\/cropped-LOGO-DICODUSPORT-2020-SANS-FOND-SANS-TEXTE.png","contentUrl":"https:\/\/dicodusport.fr\/blog\/wp-content\/uploads\/2020\/06\/cropped-LOGO-DICODUSPORT-2020-SANS-FOND-SANS-TEXTE.png","width":512,"height":512,"caption":"Dicodusport"},"image":{"@id":"https:\/\/dicodusport.fr\/blog\/#\/schema\/logo\/image\/"},"sameAs":["https:\/\/www.facebook.com\/dicodusport","https:\/\/x.com\/dicodusport","https:\/\/www.instagram.com\/dicodusport\/","https:\/\/www.youtube.com\/channel\/UC7V2KZ5sd3htJivAbA4ZG3w"],"description":"Dicodusport est l'encyclop\u00e9die de l'actualit\u00e9 sportive.","email":"bonjour@dicodusport.fr","legalName":"DICODUSPORT","foundingDate":"2018-01-14","vatID":"FR71834470973","taxID":"83447097300043","numberOfEmployees":{"@type":"QuantitativeValue","minValue":"1","maxValue":"10"}},{"@type":"Person","@id":"https:\/\/dicodusport.fr\/blog\/#\/schema\/person\/819fb2545dd2715bd7c0580d6d4b411a","name":"Roxane Lecacher","image":{"@type":"ImageObject","inLanguage":"fr-FR","@id":"https:\/\/dicodusport.fr\/blog\/#\/schema\/person\/image\/","url":"https:\/\/dicodusport.fr\/blog\/wp-content\/uploads\/2021\/05\/Roxane-Lecacher-150x150.jpg","contentUrl":"https:\/\/dicodusport.fr\/blog\/wp-content\/uploads\/2021\/05\/Roxane-Lecacher-150x150.jpg","caption":"Roxane Lecacher"},"description":"Journaliste\/r\u00e9dactrice depuis janvier 2021 - N\u00e9e quelques jours avant la premi\u00e8re \u00e9toile des Bleus, je baigne dans une famille tr\u00e8s sportive. Je n\u2019ai eu d\u2019autres choix que de me passionner pour le sujet. Pratiquante de l\u2019athl\u00e9tisme depuis toute petite, j\u2019ai aussi un attrait tout particulier pour la Formule 1, le biathlon et le foot. Pendant les grands \u00e9v\u00e9nements, il est impossible de d\u00e9crocher de ma t\u00e9l\u00e9. C\u2019est \u00e0 travers Dicodusport que j\u2019aime d\u00e9sormais vous transmettre mes \u00e9motions et ma passion.","sameAs":["https:\/\/www.facebook.com\/roxane.lecacher","https:\/\/fr.linkedin.com\/in\/roxane-lecacher-23368313b"],"url":"https:\/\/dicodusport.fr\/blog\/author\/roxanel\/"}]}},"_links":{"self":[{"href":"https:\/\/dicodusport.fr\/blog\/wp-json\/wp\/v2\/posts\/603177","targetHints":{"allow":["GET"]}}],"collection":[{"href":"https:\/\/dicodusport.fr\/blog\/wp-json\/wp\/v2\/posts"}],"about":[{"href":"https:\/\/dicodusport.fr\/blog\/wp-json\/wp\/v2\/types\/post"}],"author":[{"embeddable":true,"href":"https:\/\/dicodusport.fr\/blog\/wp-json\/wp\/v2\/users\/54"}],"replies":[{"embeddable":true,"href":"https:\/\/dicodusport.fr\/blog\/wp-json\/wp\/v2\/comments?post=603177"}],"version-history":[{"count":4,"href":"https:\/\/dicodusport.fr\/blog\/wp-json\/wp\/v2\/posts\/603177\/revisions"}],"predecessor-version":[{"id":603218,"href":"https:\/\/dicodusport.fr\/blog\/wp-json\/wp\/v2\/posts\/603177\/revisions\/603218"}],"wp:featuredmedia":[{"embeddable":true,"href":"https:\/\/dicodusport.fr\/blog\/wp-json\/wp\/v2\/media\/603205"}],"wp:attachment":[{"href":"https:\/\/dicodusport.fr\/blog\/wp-json\/wp\/v2\/media?parent=603177"}],"wp:term":[{"taxonomy":"category","embeddable":true,"href":"https:\/\/dicodusport.fr\/blog\/wp-json\/wp\/v2\/categories?post=603177"},{"taxonomy":"post_tag","embeddable":true,"href":"https:\/\/dicodusport.fr\/blog\/wp-json\/wp\/v2\/tags?post=603177"}],"curies":[{"name":"wp","href":"https:\/\/api.w.org\/{rel}","templated":true}]}}