{"id":603192,"date":"2025-08-16T11:22:52","date_gmt":"2025-08-16T09:22:52","guid":{"rendered":"https:\/\/dicodusport.fr\/blog\/?p=603192&#038;preview=true&#038;preview_id=603192"},"modified":"2025-08-16T15:42:09","modified_gmt":"2025-08-16T13:42:09","slug":"jeux-mondiaux-2025-hassan-el-belghiti-force-athletique-en-bronze-16-ans-apres-sa-premiere-medaille","status":"publish","type":"post","link":"https:\/\/dicodusport.fr\/blog\/jeux-mondiaux-2025-hassan-el-belghiti-force-athletique-en-bronze-16-ans-apres-sa-premiere-medaille\/","title":{"rendered":"Jeux Mondiaux 2025 : Hassan El Belghiti (force athl\u00e9tique) en bronze 16 ans apr\u00e8s sa premi\u00e8re m\u00e9daille !"},"content":{"rendered":"<p style=\"text-align: justify;\"><strong><em>JEUX MONDIAUX 2025 &#8211; Hassan El Belghiti entre encore un peu plus dans l&rsquo;histoire de son sport. Le Fran\u00e7ais d\u00e9croche le bronze en force athl\u00e9tique en \u00e9quip\u00e9 poids l\u00e9gers.<\/em><\/strong><\/p>\n<ul style=\"text-align: justify;\">\n<li><strong>\u00c0 lire aussi \u2013\u00a0<a href=\"https:\/\/dicodusport.fr\/blog\/jeux-mondiaux-2025-calendrier-et-resultats-des-athletes-francais-engages\/\">Calendrier et r\u00e9sultats des athl\u00e8tes fran\u00e7ais engag\u00e9s aux Jeux Mondiaux<\/a><\/strong><\/li>\n<\/ul>\n<p style=\"text-align: justify;\">Seize ans se sont \u00e9coul\u00e9s entre sa premi\u00e8re m\u00e9daille aux Jeux Mondiaux, \u00e0 Kaohsiung en 2009 et sa quatri\u00e8me \u00e0 Chengdu en 2025 ! Jusqu&rsquo;\u00e0 cette \u00e9dition, le Fran\u00e7ais totalisait trois des quatre m\u00e9dailles tricolores dans la discipline depuis la premi\u00e8re \u00e9dition des Jeux Mondiaux en 1981. Depuis, la donne a quelque peu chang\u00e9 gr\u00e2ce au bronze de <strong>Nicolas Peyraud<\/strong> hier et au sacre de <strong>Tiffany Chapon<\/strong> avant-hier. Cette m\u00e9daille d&rsquo;or historique pour la force athl\u00e9tique fran\u00e7aise avait alors d&rsquo;ores et d\u00e9j\u00e0 fait rentr\u00e9 cette \u00e9dition des Jeux Mondiaux dans l&rsquo;histoire. <strong>Hassan El Belghiti<\/strong> l&rsquo;a enracin\u00e9 encore plus.<\/p>\n<div class=\"vlp-link-container vlp-layout-article\"><a href=\"https:\/\/dicodusport.fr\/blog\/jeux-mondiaux-2025-tiffany-chapon-force-athletique-sacree-en-poids-legers\/\" class=\"vlp-link\" title=\"Jeux Mondiaux 2025 : Tiffany Chapon (force athl\u00e9tique) sacr\u00e9e en poids l\u00e9gers !\"><\/a><div class=\"vlp-layout-zone-side\"><div class=\"vlp-block-4 vlp-link-image\"><img loading=\"lazy\" decoding=\"async\" style=\"max-width: 792px;\" width=\"792\" height=\"445\" src=\"https:\/\/dicodusport.fr\/blog\/wp-content\/uploads\/2025\/08\/Jeux-Mondiaux-2025-Tiffany-Chapon-force-athletique-sacree-en-poids-legers-1-1.png\" class=\"attachment-800x445 size-800x445\" alt=\"Jeux Mondiaux 2025 Tiffany Chapon (force athl\u00e9tique) sacr\u00e9e en poids l\u00e9gers !\" srcset=\"https:\/\/dicodusport.fr\/blog\/wp-content\/uploads\/2025\/08\/Jeux-Mondiaux-2025-Tiffany-Chapon-force-athletique-sacree-en-poids-legers-1-1.png 1200w, https:\/\/dicodusport.fr\/blog\/wp-content\/uploads\/2025\/08\/Jeux-Mondiaux-2025-Tiffany-Chapon-force-athletique-sacree-en-poids-legers-1-1-300x169.png 300w, https:\/\/dicodusport.fr\/blog\/wp-content\/uploads\/2025\/08\/Jeux-Mondiaux-2025-Tiffany-Chapon-force-athletique-sacree-en-poids-legers-1-1-1024x575.png 1024w, https:\/\/dicodusport.fr\/blog\/wp-content\/uploads\/2025\/08\/Jeux-Mondiaux-2025-Tiffany-Chapon-force-athletique-sacree-en-poids-legers-1-1-768x431.png 768w\" sizes=\"auto, (max-width: 792px) 100vw, 792px\" \/><\/div><\/div><div class=\"vlp-layout-zone-main\"><div class=\"vlp-block-0 vlp-link-title\">Jeux Mondiaux 2025 : Tiffany Chapon (force athl\u00e9tique) sacr\u00e9e en poids l\u00e9gers !<\/div><div class=\"vlp-block-1 vlp-link-summary\">JEUX MONDIAUX 2025 - Tiffany Chapon a d\u00e9croch\u00e9 l'or ce matin, en force athl\u00e9tique, chez les poids l\u00e9gers.<\/div><div class=\"vlp-block-2 vlp-link-button\">Lire l'article<\/div><div class=\"vlp-block-3 vlp-link-url\">dicodusport.fr<\/div><\/div><\/div>\n<h2 style=\"text-align: justify;\">Une m\u00e9daille qui s&rsquo;ajoute \u00e0 un palmar\u00e8s gigantesque<\/h2>\n<p style=\"text-align: justify;\">Huit fois champion d&rsquo;Europe, dix-sept fois m\u00e9daill\u00e9 depuis 1999, le Fran\u00e7ais affichait d\u00e9j\u00e0 un palmar\u00e8s \u00e0 faire p\u00e2lir beaucoup de sportifs de haut-niveau si on y ajoute son titre mondial en 2008 et ses onze autres breloques \u00e0 cet \u00e9chelon. Aux Jeux Mondiaux, il n&rsquo;a jamais r\u00e9ussi \u00e0 d\u00e9crocher l&rsquo;or donc, mais il avait ramen\u00e9 le bronze en 2009 et 2022 ainsi que l&rsquo;argent en 2017.<\/p>\n<p style=\"text-align: justify;\">Cette nouvelle m\u00e9daille de bronze vient donc s&rsquo;ajouter \u00e0 une collection cons\u00e9quente puisqu&rsquo;il s&rsquo;est class\u00e9 troisi\u00e8me avec une charge cumul\u00e9e de 777,5 kg pour un total de 104,92 points. C&rsquo;est le Japonais <strong>Yusuke Satake<\/strong> qui d\u00e9croche l&rsquo;or (800,0 kg, 107,63 points) tandis que l&rsquo;athl\u00e8te du Taipei chinois <strong>Tsung-Ting Hsieh<\/strong> prend lui l&rsquo;argent (775,0 kg, 105,81 points).<\/p>\n<blockquote class=\"instagram-media\" style=\"background: #FFF; border: 0; border-radius: 3px; box-shadow: 0 0 1px 0 rgba(0,0,0,0.5),0 1px 10px 0 rgba(0,0,0,0.15); margin: 1px; max-width: 540px; min-width: 326px; padding: 0; width: calc(100% - 2px);\" data-instgrm-captioned=\"\" data-instgrm-permalink=\"https:\/\/www.instagram.com\/p\/DNaQkrJsJqQ\/?utm_source=ig_embed&amp;utm_campaign=loading\" data-instgrm-version=\"14\">\n<div style=\"padding: 16px;\">\n<p>&nbsp;<\/p>\n<div style=\"display: flex; flex-direction: row; align-items: center;\">\n<div style=\"background-color: #f4f4f4; border-radius: 50%; flex-grow: 0; height: 40px; margin-right: 14px; width: 40px;\"><\/div>\n<div style=\"display: flex; flex-direction: column; flex-grow: 1; justify-content: center;\">\n<div style=\"background-color: #f4f4f4; border-radius: 4px; flex-grow: 0; height: 14px; margin-bottom: 6px; width: 100px;\"><\/div>\n<div style=\"background-color: #f4f4f4; border-radius: 4px; flex-grow: 0; height: 14px; width: 60px;\"><\/div>\n<\/div>\n<\/div>\n<div style=\"padding: 19% 0;\"><\/div>\n<div style=\"display: block; height: 50px; margin: 0 auto 12px; width: 50px;\"><\/div>\n<div style=\"padding-top: 8px;\">\n<div style=\"color: #3897f0; font-family: Arial,sans-serif; font-size: 14px; font-style: normal; font-weight: 550; line-height: 18px;\">Voir cette publication sur Instagram<\/div>\n<\/div>\n<div style=\"padding: 12.5% 0;\"><\/div>\n<div style=\"display: flex; flex-direction: row; margin-bottom: 14px; align-items: center;\">\n<div>\n<div style=\"background-color: #f4f4f4; border-radius: 50%; height: 12.5px; width: 12.5px; transform: translateX(0px) translateY(7px);\"><\/div>\n<div style=\"background-color: #f4f4f4; height: 12.5px; transform: rotate(-45deg) translateX(3px) translateY(1px); width: 12.5px; flex-grow: 0; margin-right: 14px; margin-left: 2px;\"><\/div>\n<div style=\"background-color: #f4f4f4; border-radius: 50%; height: 12.5px; width: 12.5px; transform: translateX(9px) translateY(-18px);\"><\/div>\n<\/div>\n<div style=\"margin-left: 8px;\">\n<div style=\"background-color: #f4f4f4; border-radius: 50%; flex-grow: 0; height: 20px; width: 20px;\"><\/div>\n<div style=\"width: 0; height: 0; border-top: 2px solid transparent; border-left: 6px solid #f4f4f4; border-bottom: 2px solid transparent; transform: translateX(16px) translateY(-4px) rotate(30deg);\"><\/div>\n<\/div>\n<div style=\"margin-left: auto;\">\n<div style=\"width: 0px; border-top: 8px solid #F4F4F4; border-right: 8px solid transparent; transform: translateY(16px);\"><\/div>\n<div style=\"background-color: #f4f4f4; flex-grow: 0; height: 12px; width: 16px; transform: translateY(-4px);\"><\/div>\n<div style=\"width: 0; height: 0; border-top: 8px solid #F4F4F4; border-left: 8px solid transparent; transform: translateY(-4px) translateX(8px);\"><\/div>\n<\/div>\n<\/div>\n<div style=\"display: flex; flex-direction: column; flex-grow: 1; justify-content: center; margin-bottom: 24px;\">\n<div style=\"background-color: #f4f4f4; border-radius: 4px; flex-grow: 0; height: 14px; margin-bottom: 6px; width: 224px;\"><\/div>\n<div style=\"background-color: #f4f4f4; border-radius: 4px; flex-grow: 0; height: 14px; width: 144px;\"><\/div>\n<\/div>\n<p>&nbsp;<\/p>\n<p style=\"color: #c9c8cd; font-family: Arial,sans-serif; font-size: 14px; line-height: 17px; margin-bottom: 0; margin-top: 8px; overflow: hidden; padding: 8px 0 7px; text-align: center; text-overflow: ellipsis; white-space: nowrap;\"><a style=\"color: #c9c8cd; font-family: Arial,sans-serif; font-size: 14px; font-style: normal; font-weight: normal; line-height: 17px; text-decoration: none;\" href=\"https:\/\/www.instagram.com\/p\/DNaQkrJsJqQ\/?utm_source=ig_embed&amp;utm_campaign=loading\" target=\"_blank\" rel=\"noopener\">Une publication partag\u00e9e par F\u00c9D\u00c9RATION FRAN\u00c7AISE DE FORCE (@ffforce__)<\/a><\/p>\n<\/div>\n<\/blockquote>\n<p style=\"text-align: justify;\"><script async src=\"\/\/www.instagram.com\/embed.js\"><\/script><\/p>\n<ul>\n<li style=\"text-align: justify;\"><strong>\u00c0 lire aussi &#8211; <a href=\"https:\/\/dicodusport.fr\/blog\/tableau-des-medailles-jeux-mondiaux-2025-mis-a-jour\/\">Tableau des m\u00e9dailles Jeux Mondiaux 2025 mis \u00e0 jour<\/a><\/strong><\/li>\n<\/ul>\n","protected":false},"excerpt":{"rendered":"<p>JEUX MONDIAUX 2025 &#8211; Hassan El Belghiti entre encore un peu plus dans l&rsquo;histoire de son sport. Le Fran\u00e7ais d\u00e9croche le bronze en force athl\u00e9tique en \u00e9quip\u00e9 poids l\u00e9gers.<\/p>\n","protected":false},"author":91,"featured_media":603286,"comment_status":"open","ping_status":"closed","sticky":false,"template":"","format":"standard","meta":{"_acf_changed":false,"_daextam_enable_autolinks":"1","footnotes":""},"categories":[47033,10626],"tags":[16878,24802],"class_list":["post-603192","post","type-post","status-publish","format-standard","has-post-thumbnail","hentry","category-jeux-mondiaux","category-sports-de-force","tag-breve","tag-jeux-mondiaux"],"acf":[],"yoast_head":"<!-- This site is optimized with the Yoast SEO Premium plugin v26.7 (Yoast SEO v26.7) - https:\/\/yoast.com\/wordpress\/plugins\/seo\/ -->\n<title>Jeux Mondiaux 2025 : Hassan El Belghiti (force athl\u00e9tique) en bronze 16 ans apr\u00e8s sa premi\u00e8re m\u00e9daille !<\/title>\n<meta name=\"description\" content=\"JEUX MONDIAUX 2025 - Hassan El Belghiti entre encore un peu plus dans l&#039;histoire de son sport. Le Fran\u00e7ais d\u00e9croche le bronze en force athl\u00e9tique en \u00e9quip\u00e9 poids l\u00e9gers.\" \/>\n<meta name=\"robots\" content=\"index, follow, max-snippet:-1, max-image-preview:large, max-video-preview:-1\" \/>\n<link rel=\"canonical\" href=\"https:\/\/dicodusport.fr\/blog\/jeux-mondiaux-2025-hassan-el-belghiti-force-athletique-en-bronze-16-ans-apres-sa-premiere-medaille\/\" \/>\n<meta property=\"og:locale\" content=\"fr_FR\" \/>\n<meta property=\"og:type\" content=\"article\" \/>\n<meta property=\"og:title\" content=\"Jeux Mondiaux 2025 : Hassan El Belghiti (force athl\u00e9tique) en bronze 16 ans apr\u00e8s sa premi\u00e8re m\u00e9daille !\" \/>\n<meta property=\"og:description\" content=\"JEUX MONDIAUX 2025 - Hassan El Belghiti entre encore un peu plus dans l&#039;histoire de son sport. Le Fran\u00e7ais d\u00e9croche le bronze en force athl\u00e9tique en \u00e9quip\u00e9 poids l\u00e9gers.\" \/>\n<meta property=\"og:url\" content=\"https:\/\/dicodusport.fr\/blog\/jeux-mondiaux-2025-hassan-el-belghiti-force-athletique-en-bronze-16-ans-apres-sa-premiere-medaille\/\" \/>\n<meta property=\"og:site_name\" content=\"Dicodusport\" \/>\n<meta property=\"article:publisher\" content=\"https:\/\/www.facebook.com\/dicodusport\" \/>\n<meta property=\"article:published_time\" content=\"2025-08-16T09:22:52+00:00\" \/>\n<meta property=\"article:modified_time\" content=\"2025-08-16T13:42:09+00:00\" \/>\n<meta property=\"og:image\" content=\"https:\/\/dicodusport.fr\/blog\/wp-content\/uploads\/2025\/08\/Jeux-Mondiaux-2025-Hassan-El-Belghiti-force-athletique-en-bronze-16-ans-apres-sa-premiere-medaille-1-1.png\" \/>\n\t<meta property=\"og:image:width\" content=\"1200\" \/>\n\t<meta property=\"og:image:height\" content=\"674\" \/>\n\t<meta property=\"og:image:type\" content=\"image\/png\" \/>\n<meta name=\"author\" content=\"Victor Clot-Amiot\" \/>\n<meta name=\"twitter:card\" content=\"summary_large_image\" \/>\n<meta name=\"twitter:title\" content=\"Jeux Mondiaux 2025 : Hassan El Belghiti (force athl\u00e9tique) en bronze 16 ans apr\u00e8s sa premi\u00e8re m\u00e9daille !\" \/>\n<meta name=\"twitter:creator\" content=\"@https:\/\/x.com\/VictorClotAmiot\" \/>\n<meta name=\"twitter:site\" content=\"@dicodusport\" \/>\n<script type=\"application\/ld+json\" class=\"yoast-schema-graph\">{\"@context\":\"https:\/\/schema.org\",\"@graph\":[{\"@type\":\"NewsArticle\",\"@id\":\"https:\/\/dicodusport.fr\/blog\/jeux-mondiaux-2025-hassan-el-belghiti-force-athletique-en-bronze-16-ans-apres-sa-premiere-medaille\/#article\",\"isPartOf\":{\"@id\":\"https:\/\/dicodusport.fr\/blog\/jeux-mondiaux-2025-hassan-el-belghiti-force-athletique-en-bronze-16-ans-apres-sa-premiere-medaille\/\"},\"author\":{\"name\":\"Victor Clot-Amiot\",\"@id\":\"https:\/\/dicodusport.fr\/blog\/#\/schema\/person\/b623199cba9ba90fe84a3d16e9282360\"},\"headline\":\"Jeux Mondiaux 2025 : Hassan El Belghiti (force athl\u00e9tique) en bronze 16 ans apr\u00e8s sa premi\u00e8re m\u00e9daille !\",\"datePublished\":\"2025-08-16T09:22:52+00:00\",\"dateModified\":\"2025-08-16T13:42:09+00:00\",\"mainEntityOfPage\":{\"@id\":\"https:\/\/dicodusport.fr\/blog\/jeux-mondiaux-2025-hassan-el-belghiti-force-athletique-en-bronze-16-ans-apres-sa-premiere-medaille\/\"},\"wordCount\":436,\"commentCount\":0,\"publisher\":{\"@id\":\"https:\/\/dicodusport.fr\/blog\/#organization\"},\"image\":{\"@id\":\"https:\/\/dicodusport.fr\/blog\/jeux-mondiaux-2025-hassan-el-belghiti-force-athletique-en-bronze-16-ans-apres-sa-premiere-medaille\/#primaryimage\"},\"thumbnailUrl\":\"https:\/\/dicodusport.fr\/blog\/wp-content\/uploads\/2025\/08\/Jeux-Mondiaux-2025-Hassan-El-Belghiti-force-athletique-en-bronze-16-ans-apres-sa-premiere-medaille-1-1.png\",\"keywords\":[\"br\u00e8ve\",\"Jeux Mondiaux\"],\"articleSection\":[\"Jeux Mondiaux\",\"Sports de force\"],\"inLanguage\":\"fr-FR\",\"potentialAction\":[{\"@type\":\"CommentAction\",\"name\":\"Comment\",\"target\":[\"https:\/\/dicodusport.fr\/blog\/jeux-mondiaux-2025-hassan-el-belghiti-force-athletique-en-bronze-16-ans-apres-sa-premiere-medaille\/#respond\"]}],\"copyrightYear\":\"2025\",\"copyrightHolder\":{\"@id\":\"https:\/\/dicodusport.fr\/blog\/#organization\"}},{\"@type\":\"WebPage\",\"@id\":\"https:\/\/dicodusport.fr\/blog\/jeux-mondiaux-2025-hassan-el-belghiti-force-athletique-en-bronze-16-ans-apres-sa-premiere-medaille\/\",\"url\":\"https:\/\/dicodusport.fr\/blog\/jeux-mondiaux-2025-hassan-el-belghiti-force-athletique-en-bronze-16-ans-apres-sa-premiere-medaille\/\",\"name\":\"Jeux Mondiaux 2025 : Hassan El Belghiti (force athl\u00e9tique) en bronze 16 ans apr\u00e8s sa premi\u00e8re m\u00e9daille !\",\"isPartOf\":{\"@id\":\"https:\/\/dicodusport.fr\/blog\/#website\"},\"primaryImageOfPage\":{\"@id\":\"https:\/\/dicodusport.fr\/blog\/jeux-mondiaux-2025-hassan-el-belghiti-force-athletique-en-bronze-16-ans-apres-sa-premiere-medaille\/#primaryimage\"},\"image\":{\"@id\":\"https:\/\/dicodusport.fr\/blog\/jeux-mondiaux-2025-hassan-el-belghiti-force-athletique-en-bronze-16-ans-apres-sa-premiere-medaille\/#primaryimage\"},\"thumbnailUrl\":\"https:\/\/dicodusport.fr\/blog\/wp-content\/uploads\/2025\/08\/Jeux-Mondiaux-2025-Hassan-El-Belghiti-force-athletique-en-bronze-16-ans-apres-sa-premiere-medaille-1-1.png\",\"datePublished\":\"2025-08-16T09:22:52+00:00\",\"dateModified\":\"2025-08-16T13:42:09+00:00\",\"description\":\"JEUX MONDIAUX 2025 - Hassan El Belghiti entre encore un peu plus dans l'histoire de son sport. Le Fran\u00e7ais d\u00e9croche le bronze en force athl\u00e9tique en \u00e9quip\u00e9 poids l\u00e9gers.\",\"breadcrumb\":{\"@id\":\"https:\/\/dicodusport.fr\/blog\/jeux-mondiaux-2025-hassan-el-belghiti-force-athletique-en-bronze-16-ans-apres-sa-premiere-medaille\/#breadcrumb\"},\"inLanguage\":\"fr-FR\",\"potentialAction\":[{\"@type\":\"ReadAction\",\"target\":[\"https:\/\/dicodusport.fr\/blog\/jeux-mondiaux-2025-hassan-el-belghiti-force-athletique-en-bronze-16-ans-apres-sa-premiere-medaille\/\"]}]},{\"@type\":\"ImageObject\",\"inLanguage\":\"fr-FR\",\"@id\":\"https:\/\/dicodusport.fr\/blog\/jeux-mondiaux-2025-hassan-el-belghiti-force-athletique-en-bronze-16-ans-apres-sa-premiere-medaille\/#primaryimage\",\"url\":\"https:\/\/dicodusport.fr\/blog\/wp-content\/uploads\/2025\/08\/Jeux-Mondiaux-2025-Hassan-El-Belghiti-force-athletique-en-bronze-16-ans-apres-sa-premiere-medaille-1-1.png\",\"contentUrl\":\"https:\/\/dicodusport.fr\/blog\/wp-content\/uploads\/2025\/08\/Jeux-Mondiaux-2025-Hassan-El-Belghiti-force-athletique-en-bronze-16-ans-apres-sa-premiere-medaille-1-1.png\",\"width\":1200,\"height\":674,\"caption\":\"Jeux Mondiaux 2025 Hassan El Belghiti (force athl\u00e9tique) en bronze 16 ans apr\u00e8s sa premi\u00e8re m\u00e9daille !\"},{\"@type\":\"BreadcrumbList\",\"@id\":\"https:\/\/dicodusport.fr\/blog\/jeux-mondiaux-2025-hassan-el-belghiti-force-athletique-en-bronze-16-ans-apres-sa-premiere-medaille\/#breadcrumb\",\"itemListElement\":[{\"@type\":\"ListItem\",\"position\":1,\"name\":\"Accueil\",\"item\":\"https:\/\/dicodusport.fr\/blog\/\"},{\"@type\":\"ListItem\",\"position\":2,\"name\":\"Jeux Mondiaux 2025 : Hassan El Belghiti (force athl\u00e9tique) en bronze 16 ans apr\u00e8s sa premi\u00e8re m\u00e9daille !\"}]},{\"@type\":\"WebSite\",\"@id\":\"https:\/\/dicodusport.fr\/blog\/#website\",\"url\":\"https:\/\/dicodusport.fr\/blog\/\",\"name\":\"Dicodusport\",\"description\":\"L&#039;encyclop\u00e9die de l&#039;actualit\u00e9 sportive\",\"publisher\":{\"@id\":\"https:\/\/dicodusport.fr\/blog\/#organization\"},\"potentialAction\":[{\"@type\":\"SearchAction\",\"target\":{\"@type\":\"EntryPoint\",\"urlTemplate\":\"https:\/\/dicodusport.fr\/blog\/?s={search_term_string}\"},\"query-input\":{\"@type\":\"PropertyValueSpecification\",\"valueRequired\":true,\"valueName\":\"search_term_string\"}}],\"inLanguage\":\"fr-FR\"},{\"@type\":\"NewsMediaOrganization\",\"@id\":\"https:\/\/dicodusport.fr\/blog\/#organization\",\"name\":\"Dicodusport\",\"url\":\"https:\/\/dicodusport.fr\/blog\/\",\"logo\":{\"@type\":\"ImageObject\",\"inLanguage\":\"fr-FR\",\"@id\":\"https:\/\/dicodusport.fr\/blog\/#\/schema\/logo\/image\/\",\"url\":\"https:\/\/dicodusport.fr\/blog\/wp-content\/uploads\/2020\/06\/cropped-LOGO-DICODUSPORT-2020-SANS-FOND-SANS-TEXTE.png\",\"contentUrl\":\"https:\/\/dicodusport.fr\/blog\/wp-content\/uploads\/2020\/06\/cropped-LOGO-DICODUSPORT-2020-SANS-FOND-SANS-TEXTE.png\",\"width\":512,\"height\":512,\"caption\":\"Dicodusport\"},\"image\":{\"@id\":\"https:\/\/dicodusport.fr\/blog\/#\/schema\/logo\/image\/\"},\"sameAs\":[\"https:\/\/www.facebook.com\/dicodusport\",\"https:\/\/x.com\/dicodusport\",\"https:\/\/www.instagram.com\/dicodusport\/\",\"https:\/\/www.youtube.com\/channel\/UC7V2KZ5sd3htJivAbA4ZG3w\"],\"description\":\"Dicodusport est l'encyclop\u00e9die de l'actualit\u00e9 sportive.\",\"email\":\"bonjour@dicodusport.fr\",\"legalName\":\"DICODUSPORT\",\"foundingDate\":\"2018-01-14\",\"vatID\":\"FR71834470973\",\"taxID\":\"83447097300043\",\"numberOfEmployees\":{\"@type\":\"QuantitativeValue\",\"minValue\":\"1\",\"maxValue\":\"10\"}},{\"@type\":\"Person\",\"@id\":\"https:\/\/dicodusport.fr\/blog\/#\/schema\/person\/b623199cba9ba90fe84a3d16e9282360\",\"name\":\"Victor Clot-Amiot\",\"image\":{\"@type\":\"ImageObject\",\"inLanguage\":\"fr-FR\",\"@id\":\"https:\/\/dicodusport.fr\/blog\/#\/schema\/person\/image\/\",\"url\":\"https:\/\/dicodusport.fr\/blog\/wp-content\/uploads\/2023\/09\/IMG_20190826_114722-150x150.jpg\",\"contentUrl\":\"https:\/\/dicodusport.fr\/blog\/wp-content\/uploads\/2023\/09\/IMG_20190826_114722-150x150.jpg\",\"caption\":\"Victor Clot-Amiot\"},\"description\":\"Passionn\u00e9 de sport depuis toujours, un jour \u00e0 l'adolescence mes parents m'ont dit : \\\"quitte \u00e0 passer ton temps \u00e0 regarder du sport, au moins va le voir en vrai\\\" ! Depuis, cette remarque ne m'a plus quitt\u00e9 et je passe une grande partie de mon temps libre \u00e0 assister \u00e0 des comp\u00e9titions de tous sports. Je m\u00eale d'ailleurs mes deux passions, le sport et les voyages afin de faire une pierre deux coups ! Outre l'US Open ou l'Euro 2021 par exemple, j'ai assist\u00e9 cet \u00e9t\u00e9 aux Mondiaux d'athl\u00e9tisme \u00e0 Budapest. Mon plus gros coup dur est et restera les JO 2020-2021 pour lesquels j'avais r\u00e9serv\u00e9 17 \u00e9preuves. La suite, vous la connaissez...\",\"sameAs\":[\"https:\/\/x.com\/https:\/\/x.com\/VictorClotAmiot\"],\"url\":\"https:\/\/dicodusport.fr\/blog\/author\/victor-clot-amiot\/\"}]}<\/script>\n<!-- \/ Yoast SEO Premium plugin. -->","yoast_head_json":{"title":"Jeux Mondiaux 2025 : Hassan El Belghiti (force athl\u00e9tique) en bronze 16 ans apr\u00e8s sa premi\u00e8re m\u00e9daille !","description":"JEUX MONDIAUX 2025 - Hassan El Belghiti entre encore un peu plus dans l'histoire de son sport. Le Fran\u00e7ais d\u00e9croche le bronze en force athl\u00e9tique en \u00e9quip\u00e9 poids l\u00e9gers.","robots":{"index":"index","follow":"follow","max-snippet":"max-snippet:-1","max-image-preview":"max-image-preview:large","max-video-preview":"max-video-preview:-1"},"canonical":"https:\/\/dicodusport.fr\/blog\/jeux-mondiaux-2025-hassan-el-belghiti-force-athletique-en-bronze-16-ans-apres-sa-premiere-medaille\/","og_locale":"fr_FR","og_type":"article","og_title":"Jeux Mondiaux 2025 : Hassan El Belghiti (force athl\u00e9tique) en bronze 16 ans apr\u00e8s sa premi\u00e8re m\u00e9daille !","og_description":"JEUX MONDIAUX 2025 - Hassan El Belghiti entre encore un peu plus dans l'histoire de son sport. Le Fran\u00e7ais d\u00e9croche le bronze en force athl\u00e9tique en \u00e9quip\u00e9 poids l\u00e9gers.","og_url":"https:\/\/dicodusport.fr\/blog\/jeux-mondiaux-2025-hassan-el-belghiti-force-athletique-en-bronze-16-ans-apres-sa-premiere-medaille\/","og_site_name":"Dicodusport","article_publisher":"https:\/\/www.facebook.com\/dicodusport","article_published_time":"2025-08-16T09:22:52+00:00","article_modified_time":"2025-08-16T13:42:09+00:00","og_image":[{"width":1200,"height":674,"url":"https:\/\/dicodusport.fr\/blog\/wp-content\/uploads\/2025\/08\/Jeux-Mondiaux-2025-Hassan-El-Belghiti-force-athletique-en-bronze-16-ans-apres-sa-premiere-medaille-1-1.png","type":"image\/png"}],"author":"Victor Clot-Amiot","twitter_card":"summary_large_image","twitter_title":"Jeux Mondiaux 2025 : Hassan El Belghiti (force athl\u00e9tique) en bronze 16 ans apr\u00e8s sa premi\u00e8re m\u00e9daille !","twitter_creator":"@https:\/\/x.com\/VictorClotAmiot","twitter_site":"@dicodusport","schema":{"@context":"https:\/\/schema.org","@graph":[{"@type":"NewsArticle","@id":"https:\/\/dicodusport.fr\/blog\/jeux-mondiaux-2025-hassan-el-belghiti-force-athletique-en-bronze-16-ans-apres-sa-premiere-medaille\/#article","isPartOf":{"@id":"https:\/\/dicodusport.fr\/blog\/jeux-mondiaux-2025-hassan-el-belghiti-force-athletique-en-bronze-16-ans-apres-sa-premiere-medaille\/"},"author":{"name":"Victor Clot-Amiot","@id":"https:\/\/dicodusport.fr\/blog\/#\/schema\/person\/b623199cba9ba90fe84a3d16e9282360"},"headline":"Jeux Mondiaux 2025 : Hassan El Belghiti (force athl\u00e9tique) en bronze 16 ans apr\u00e8s sa premi\u00e8re m\u00e9daille !","datePublished":"2025-08-16T09:22:52+00:00","dateModified":"2025-08-16T13:42:09+00:00","mainEntityOfPage":{"@id":"https:\/\/dicodusport.fr\/blog\/jeux-mondiaux-2025-hassan-el-belghiti-force-athletique-en-bronze-16-ans-apres-sa-premiere-medaille\/"},"wordCount":436,"commentCount":0,"publisher":{"@id":"https:\/\/dicodusport.fr\/blog\/#organization"},"image":{"@id":"https:\/\/dicodusport.fr\/blog\/jeux-mondiaux-2025-hassan-el-belghiti-force-athletique-en-bronze-16-ans-apres-sa-premiere-medaille\/#primaryimage"},"thumbnailUrl":"https:\/\/dicodusport.fr\/blog\/wp-content\/uploads\/2025\/08\/Jeux-Mondiaux-2025-Hassan-El-Belghiti-force-athletique-en-bronze-16-ans-apres-sa-premiere-medaille-1-1.png","keywords":["br\u00e8ve","Jeux Mondiaux"],"articleSection":["Jeux Mondiaux","Sports de force"],"inLanguage":"fr-FR","potentialAction":[{"@type":"CommentAction","name":"Comment","target":["https:\/\/dicodusport.fr\/blog\/jeux-mondiaux-2025-hassan-el-belghiti-force-athletique-en-bronze-16-ans-apres-sa-premiere-medaille\/#respond"]}],"copyrightYear":"2025","copyrightHolder":{"@id":"https:\/\/dicodusport.fr\/blog\/#organization"}},{"@type":"WebPage","@id":"https:\/\/dicodusport.fr\/blog\/jeux-mondiaux-2025-hassan-el-belghiti-force-athletique-en-bronze-16-ans-apres-sa-premiere-medaille\/","url":"https:\/\/dicodusport.fr\/blog\/jeux-mondiaux-2025-hassan-el-belghiti-force-athletique-en-bronze-16-ans-apres-sa-premiere-medaille\/","name":"Jeux Mondiaux 2025 : Hassan El Belghiti (force athl\u00e9tique) en bronze 16 ans apr\u00e8s sa premi\u00e8re m\u00e9daille !","isPartOf":{"@id":"https:\/\/dicodusport.fr\/blog\/#website"},"primaryImageOfPage":{"@id":"https:\/\/dicodusport.fr\/blog\/jeux-mondiaux-2025-hassan-el-belghiti-force-athletique-en-bronze-16-ans-apres-sa-premiere-medaille\/#primaryimage"},"image":{"@id":"https:\/\/dicodusport.fr\/blog\/jeux-mondiaux-2025-hassan-el-belghiti-force-athletique-en-bronze-16-ans-apres-sa-premiere-medaille\/#primaryimage"},"thumbnailUrl":"https:\/\/dicodusport.fr\/blog\/wp-content\/uploads\/2025\/08\/Jeux-Mondiaux-2025-Hassan-El-Belghiti-force-athletique-en-bronze-16-ans-apres-sa-premiere-medaille-1-1.png","datePublished":"2025-08-16T09:22:52+00:00","dateModified":"2025-08-16T13:42:09+00:00","description":"JEUX MONDIAUX 2025 - Hassan El Belghiti entre encore un peu plus dans l'histoire de son sport. Le Fran\u00e7ais d\u00e9croche le bronze en force athl\u00e9tique en \u00e9quip\u00e9 poids l\u00e9gers.","breadcrumb":{"@id":"https:\/\/dicodusport.fr\/blog\/jeux-mondiaux-2025-hassan-el-belghiti-force-athletique-en-bronze-16-ans-apres-sa-premiere-medaille\/#breadcrumb"},"inLanguage":"fr-FR","potentialAction":[{"@type":"ReadAction","target":["https:\/\/dicodusport.fr\/blog\/jeux-mondiaux-2025-hassan-el-belghiti-force-athletique-en-bronze-16-ans-apres-sa-premiere-medaille\/"]}]},{"@type":"ImageObject","inLanguage":"fr-FR","@id":"https:\/\/dicodusport.fr\/blog\/jeux-mondiaux-2025-hassan-el-belghiti-force-athletique-en-bronze-16-ans-apres-sa-premiere-medaille\/#primaryimage","url":"https:\/\/dicodusport.fr\/blog\/wp-content\/uploads\/2025\/08\/Jeux-Mondiaux-2025-Hassan-El-Belghiti-force-athletique-en-bronze-16-ans-apres-sa-premiere-medaille-1-1.png","contentUrl":"https:\/\/dicodusport.fr\/blog\/wp-content\/uploads\/2025\/08\/Jeux-Mondiaux-2025-Hassan-El-Belghiti-force-athletique-en-bronze-16-ans-apres-sa-premiere-medaille-1-1.png","width":1200,"height":674,"caption":"Jeux Mondiaux 2025 Hassan El Belghiti (force athl\u00e9tique) en bronze 16 ans apr\u00e8s sa premi\u00e8re m\u00e9daille !"},{"@type":"BreadcrumbList","@id":"https:\/\/dicodusport.fr\/blog\/jeux-mondiaux-2025-hassan-el-belghiti-force-athletique-en-bronze-16-ans-apres-sa-premiere-medaille\/#breadcrumb","itemListElement":[{"@type":"ListItem","position":1,"name":"Accueil","item":"https:\/\/dicodusport.fr\/blog\/"},{"@type":"ListItem","position":2,"name":"Jeux Mondiaux 2025 : Hassan El Belghiti (force athl\u00e9tique) en bronze 16 ans apr\u00e8s sa premi\u00e8re m\u00e9daille !"}]},{"@type":"WebSite","@id":"https:\/\/dicodusport.fr\/blog\/#website","url":"https:\/\/dicodusport.fr\/blog\/","name":"Dicodusport","description":"L&#039;encyclop\u00e9die de l&#039;actualit\u00e9 sportive","publisher":{"@id":"https:\/\/dicodusport.fr\/blog\/#organization"},"potentialAction":[{"@type":"SearchAction","target":{"@type":"EntryPoint","urlTemplate":"https:\/\/dicodusport.fr\/blog\/?s={search_term_string}"},"query-input":{"@type":"PropertyValueSpecification","valueRequired":true,"valueName":"search_term_string"}}],"inLanguage":"fr-FR"},{"@type":"NewsMediaOrganization","@id":"https:\/\/dicodusport.fr\/blog\/#organization","name":"Dicodusport","url":"https:\/\/dicodusport.fr\/blog\/","logo":{"@type":"ImageObject","inLanguage":"fr-FR","@id":"https:\/\/dicodusport.fr\/blog\/#\/schema\/logo\/image\/","url":"https:\/\/dicodusport.fr\/blog\/wp-content\/uploads\/2020\/06\/cropped-LOGO-DICODUSPORT-2020-SANS-FOND-SANS-TEXTE.png","contentUrl":"https:\/\/dicodusport.fr\/blog\/wp-content\/uploads\/2020\/06\/cropped-LOGO-DICODUSPORT-2020-SANS-FOND-SANS-TEXTE.png","width":512,"height":512,"caption":"Dicodusport"},"image":{"@id":"https:\/\/dicodusport.fr\/blog\/#\/schema\/logo\/image\/"},"sameAs":["https:\/\/www.facebook.com\/dicodusport","https:\/\/x.com\/dicodusport","https:\/\/www.instagram.com\/dicodusport\/","https:\/\/www.youtube.com\/channel\/UC7V2KZ5sd3htJivAbA4ZG3w"],"description":"Dicodusport est l'encyclop\u00e9die de l'actualit\u00e9 sportive.","email":"bonjour@dicodusport.fr","legalName":"DICODUSPORT","foundingDate":"2018-01-14","vatID":"FR71834470973","taxID":"83447097300043","numberOfEmployees":{"@type":"QuantitativeValue","minValue":"1","maxValue":"10"}},{"@type":"Person","@id":"https:\/\/dicodusport.fr\/blog\/#\/schema\/person\/b623199cba9ba90fe84a3d16e9282360","name":"Victor Clot-Amiot","image":{"@type":"ImageObject","inLanguage":"fr-FR","@id":"https:\/\/dicodusport.fr\/blog\/#\/schema\/person\/image\/","url":"https:\/\/dicodusport.fr\/blog\/wp-content\/uploads\/2023\/09\/IMG_20190826_114722-150x150.jpg","contentUrl":"https:\/\/dicodusport.fr\/blog\/wp-content\/uploads\/2023\/09\/IMG_20190826_114722-150x150.jpg","caption":"Victor Clot-Amiot"},"description":"Passionn\u00e9 de sport depuis toujours, un jour \u00e0 l'adolescence mes parents m'ont dit : \"quitte \u00e0 passer ton temps \u00e0 regarder du sport, au moins va le voir en vrai\" ! Depuis, cette remarque ne m'a plus quitt\u00e9 et je passe une grande partie de mon temps libre \u00e0 assister \u00e0 des comp\u00e9titions de tous sports. Je m\u00eale d'ailleurs mes deux passions, le sport et les voyages afin de faire une pierre deux coups ! Outre l'US Open ou l'Euro 2021 par exemple, j'ai assist\u00e9 cet \u00e9t\u00e9 aux Mondiaux d'athl\u00e9tisme \u00e0 Budapest. Mon plus gros coup dur est et restera les JO 2020-2021 pour lesquels j'avais r\u00e9serv\u00e9 17 \u00e9preuves. La suite, vous la connaissez...","sameAs":["https:\/\/x.com\/https:\/\/x.com\/VictorClotAmiot"],"url":"https:\/\/dicodusport.fr\/blog\/author\/victor-clot-amiot\/"}]}},"_links":{"self":[{"href":"https:\/\/dicodusport.fr\/blog\/wp-json\/wp\/v2\/posts\/603192","targetHints":{"allow":["GET"]}}],"collection":[{"href":"https:\/\/dicodusport.fr\/blog\/wp-json\/wp\/v2\/posts"}],"about":[{"href":"https:\/\/dicodusport.fr\/blog\/wp-json\/wp\/v2\/types\/post"}],"author":[{"embeddable":true,"href":"https:\/\/dicodusport.fr\/blog\/wp-json\/wp\/v2\/users\/91"}],"replies":[{"embeddable":true,"href":"https:\/\/dicodusport.fr\/blog\/wp-json\/wp\/v2\/comments?post=603192"}],"version-history":[{"count":3,"href":"https:\/\/dicodusport.fr\/blog\/wp-json\/wp\/v2\/posts\/603192\/revisions"}],"predecessor-version":[{"id":603200,"href":"https:\/\/dicodusport.fr\/blog\/wp-json\/wp\/v2\/posts\/603192\/revisions\/603200"}],"wp:featuredmedia":[{"embeddable":true,"href":"https:\/\/dicodusport.fr\/blog\/wp-json\/wp\/v2\/media\/603286"}],"wp:attachment":[{"href":"https:\/\/dicodusport.fr\/blog\/wp-json\/wp\/v2\/media?parent=603192"}],"wp:term":[{"taxonomy":"category","embeddable":true,"href":"https:\/\/dicodusport.fr\/blog\/wp-json\/wp\/v2\/categories?post=603192"},{"taxonomy":"post_tag","embeddable":true,"href":"https:\/\/dicodusport.fr\/blog\/wp-json\/wp\/v2\/tags?post=603192"}],"curies":[{"name":"wp","href":"https:\/\/api.w.org\/{rel}","templated":true}]}}