{"id":603459,"date":"2025-08-17T10:51:53","date_gmt":"2025-08-17T08:51:53","guid":{"rendered":"https:\/\/dicodusport.fr\/blog\/?p=603459&#038;preview=true&#038;preview_id=603459"},"modified":"2025-08-17T10:51:53","modified_gmt":"2025-08-17T08:51:53","slug":"transferts-un-club-de-top-14-veut-signer-eddy-ben-arous","status":"publish","type":"post","link":"https:\/\/dicodusport.fr\/blog\/transferts-un-club-de-top-14-veut-signer-eddy-ben-arous\/","title":{"rendered":"Transferts : Un club de Top 14 veut signer Eddy Ben Arous"},"content":{"rendered":"<p style=\"text-align: justify;\"><strong><em>TRANSFERTS TOP 14 &#8211; Le Stade Fran\u00e7ais lorgne sur le pilier gauche de 35 ans Eddy Ben Arous, qui appartenait au club rival du Racing 92.<\/em><\/strong><\/p>\n<p style=\"text-align: justify;\"><strong>Eddy Ben Arous<\/strong> d&rsquo;un club de Paris \u00e0 un autre ? Selon <a href=\"https:\/\/www.rugbyrama.fr\/2025\/08\/17\/transferts-exclu-midol-a-la-recherche-dun-joker-medical-le-stade-francais-lorgne-eddy-ben-arous-12879607.php?fbclid=IwY2xjawMOc39leHRuA2FlbQIxMABicmlkETBnaFBUV3ZlRXVMMldBQlBXAR7Lt38gVUV20-YQuKRjQpQrULakNcc8JicDtOuU02Jba4RsppELIilMn8VDAA_aem_vSr5UdxKB9SKutav8pomWQ\">les informations de nos confr\u00e8res de Midi Olympique<\/a>, le pilier gauche de 35 ans et au 20 s\u00e9lections en \u00e9quipe de France, est sur les tablettes du Stade Fran\u00e7ais pour la saison \u00e0 venir. Le club parisien, qui a lutt\u00e9 jusqu&rsquo;au bout pour son maintien la saison pass\u00e9e, lorgne sur l&rsquo;ancien international, pour \u00eatre joker m\u00e9dical. Apr\u00e8s avoir perdu en fin de saison derni\u00e8re le pilier gauche g\u00e9orgien <strong>Sergo Abramashvili<\/strong>, victime d&rsquo;une grave blessure.<\/p>\n<h2 style=\"text-align: justify;\">Toute sa carri\u00e8re au Racing 92<\/h2>\n<p style=\"text-align: justify;\">Le pilier pourrait faire le saut d&rsquo;un club de la capitale \u00e0 un autre. S&rsquo;il est sans club depuis le 1er juillet, il a fait toute sa carri\u00e8re au sein du club rival du<strong> Racing 92<\/strong> (2010-2025 et cinq essais inscrits avec les Ciel et Blanc). Apr\u00e8s avoir d\u00e9but\u00e9 \u00e0 \u00c9lancourt, puis Dreux et Tours. Il a tout connu avec son ancien club. Les finales de Champions Cup, comme la gal\u00e8re d&rsquo;une saison 2024-2025 \u00e9galement compliqu\u00e9e pour le Racing. \u00c0 35 ans, il n&rsquo;est plus au sommet de sa carri\u00e8re, mais peut constituer une recrue de choix pour un Stade Fran\u00e7ais qui aura bien besoin d&rsquo;exp\u00e9rience, pour \u00e9viter de revivre une seconde saison gal\u00e8re.<\/p>\n<blockquote class=\"twitter-tweet\">\n<p dir=\"ltr\" lang=\"fr\">En qu\u00eate d\u2019un nouveau d\u00e9fi apr\u00e8s la fin de son aventure au Racing, Eddy Ben Arous pourrait bien rester \u00e0 Paris. Le Stade Fran\u00e7ais a entam\u00e9 des discussions pour enr\u00f4ler le pilier gauche en tant que joker m\u00e9dical.<\/p>\n<p>\ud83d\udcf2<a href=\"https:\/\/t.co\/ssREdo1o7Y\">https:\/\/t.co\/ssREdo1o7Y<\/a> <a href=\"https:\/\/t.co\/VG1N5wPBb7\">pic.twitter.com\/VG1N5wPBb7<\/a><\/p>\n<p>\u2014 RUGBYRAMA (@RugbyramaFR) <a href=\"https:\/\/twitter.com\/RugbyramaFR\/status\/1956995147121488020?ref_src=twsrc%5Etfw\">August 17, 2025<\/a><\/p><\/blockquote>\n<p style=\"text-align: justify;\"><script async src=\"https:\/\/platform.twitter.com\/widgets.js\" charset=\"utf-8\"><\/script><\/p>\n<h3 style=\"text-align: justify;\">\u00c0 lire aussi<\/h3>\n<div class=\"vlp-link-container vlp-layout-article\"><a href=\"https:\/\/dicodusport.fr\/blog\/transferts-stade-francais-2025-arrivees-departs-et-prolongations\/\" class=\"vlp-link\" title=\"Transferts Stade Fran\u00e7ais 2025 : Recrues, d\u00e9parts et prolongations\"><\/a><div class=\"vlp-layout-zone-side\"><div class=\"vlp-block-4 vlp-link-image\"><img loading=\"lazy\" decoding=\"async\" style=\"max-width: 792px;\" width=\"792\" height=\"445\" src=\"https:\/\/dicodusport.fr\/blog\/wp-content\/uploads\/2024\/11\/Transferts-Stade-Francais-2025-Arrivees-departs-et-prolongations.png\" class=\"attachment-800x445 size-800x445\" alt=\"\" srcset=\"https:\/\/dicodusport.fr\/blog\/wp-content\/uploads\/2024\/11\/Transferts-Stade-Francais-2025-Arrivees-departs-et-prolongations.png 1200w, https:\/\/dicodusport.fr\/blog\/wp-content\/uploads\/2024\/11\/Transferts-Stade-Francais-2025-Arrivees-departs-et-prolongations-300x169.png 300w, https:\/\/dicodusport.fr\/blog\/wp-content\/uploads\/2024\/11\/Transferts-Stade-Francais-2025-Arrivees-departs-et-prolongations-1024x575.png 1024w, https:\/\/dicodusport.fr\/blog\/wp-content\/uploads\/2024\/11\/Transferts-Stade-Francais-2025-Arrivees-departs-et-prolongations-768x431.png 768w\" sizes=\"auto, (max-width: 792px) 100vw, 792px\" \/><\/div><\/div><div class=\"vlp-layout-zone-main\"><div class=\"vlp-block-0 vlp-link-title\">Transferts Stade Fran\u00e7ais 2025 : Recrues, d\u00e9parts et prolongations<\/div><div class=\"vlp-block-1 vlp-link-summary\">Arriv\u00e9es, d\u00e9parts et prolongations au Stade Fran\u00e7ais<\/div><div class=\"vlp-block-2 vlp-link-button\">Lire l'article<\/div><div class=\"vlp-block-3 vlp-link-url\">dicodusport.fr<\/div><\/div><\/div>\n","protected":false},"excerpt":{"rendered":"<p>TRANSFERTS TOP 14 &#8211; Le Stade Fran\u00e7ais lorgne sur le pilier gauche de 35 ans Eddy Ben Arous, qui appartenait au club rival du Racing 92.<\/p>\n","protected":false},"author":83,"featured_media":603462,"comment_status":"open","ping_status":"closed","sticky":false,"template":"","format":"standard","meta":{"_acf_changed":false,"_daextam_enable_autolinks":"1","footnotes":""},"categories":[47050],"tags":[16878,111,8081],"class_list":["post-603459","post","type-post","status-publish","format-standard","has-post-thumbnail","hentry","category-top-14","tag-breve","tag-top-14","tag-transferts-stade-francais"],"acf":[],"yoast_head":"<!-- This site is optimized with the Yoast SEO Premium plugin v26.7 (Yoast SEO v26.7) - https:\/\/yoast.com\/wordpress\/plugins\/seo\/ -->\n<title>Transferts : Un club de Top 14 veut signer Eddy Ben Arous<\/title>\n<meta name=\"description\" content=\"TRANSFERTS TOP 14 - Le Stade Fran\u00e7ais lorgne sur le pilier gauche de 35 ans Eddy Ben Arous, qui appartenait au club rival du Racing 92.\" \/>\n<meta name=\"robots\" content=\"index, follow, max-snippet:-1, max-image-preview:large, max-video-preview:-1\" \/>\n<link rel=\"canonical\" href=\"https:\/\/dicodusport.fr\/blog\/transferts-un-club-de-top-14-veut-signer-eddy-ben-arous\/\" \/>\n<meta property=\"og:locale\" content=\"fr_FR\" \/>\n<meta property=\"og:type\" content=\"article\" \/>\n<meta property=\"og:title\" content=\"Transferts : Un club de Top 14 veut signer Eddy Ben Arous\" \/>\n<meta property=\"og:description\" content=\"TRANSFERTS TOP 14 - Le Stade Fran\u00e7ais lorgne sur le pilier gauche de 35 ans Eddy Ben Arous, qui appartenait au club rival du Racing 92.\" \/>\n<meta property=\"og:url\" content=\"https:\/\/dicodusport.fr\/blog\/transferts-un-club-de-top-14-veut-signer-eddy-ben-arous\/\" \/>\n<meta property=\"og:site_name\" content=\"Dicodusport\" \/>\n<meta property=\"article:publisher\" content=\"https:\/\/www.facebook.com\/dicodusport\" \/>\n<meta property=\"article:published_time\" content=\"2025-08-17T08:51:53+00:00\" \/>\n<meta property=\"og:image\" content=\"https:\/\/dicodusport.fr\/blog\/wp-content\/uploads\/2025\/08\/Transferts-Un-club-de-Top-14-veut-signer-Eddy-Ben-Arous.png\" \/>\n\t<meta property=\"og:image:width\" content=\"1200\" \/>\n\t<meta property=\"og:image:height\" content=\"674\" \/>\n\t<meta property=\"og:image:type\" content=\"image\/png\" \/>\n<meta name=\"author\" content=\"Etienne Goursaud\" \/>\n<meta name=\"twitter:card\" content=\"summary_large_image\" \/>\n<meta name=\"twitter:title\" content=\"Transferts : Un club de Top 14 veut signer Eddy Ben Arous\" \/>\n<meta name=\"twitter:creator\" content=\"@dicodusport\" \/>\n<meta name=\"twitter:site\" content=\"@dicodusport\" \/>\n<script type=\"application\/ld+json\" class=\"yoast-schema-graph\">{\"@context\":\"https:\/\/schema.org\",\"@graph\":[{\"@type\":\"NewsArticle\",\"@id\":\"https:\/\/dicodusport.fr\/blog\/transferts-un-club-de-top-14-veut-signer-eddy-ben-arous\/#article\",\"isPartOf\":{\"@id\":\"https:\/\/dicodusport.fr\/blog\/transferts-un-club-de-top-14-veut-signer-eddy-ben-arous\/\"},\"author\":{\"name\":\"Etienne Goursaud\",\"@id\":\"https:\/\/dicodusport.fr\/blog\/#\/schema\/person\/d603dd7da31fb2b46c82b9835a77ec13\"},\"headline\":\"Transferts : Un club de Top 14 veut signer Eddy Ben Arous\",\"datePublished\":\"2025-08-17T08:51:53+00:00\",\"mainEntityOfPage\":{\"@id\":\"https:\/\/dicodusport.fr\/blog\/transferts-un-club-de-top-14-veut-signer-eddy-ben-arous\/\"},\"wordCount\":380,\"commentCount\":0,\"publisher\":{\"@id\":\"https:\/\/dicodusport.fr\/blog\/#organization\"},\"image\":{\"@id\":\"https:\/\/dicodusport.fr\/blog\/transferts-un-club-de-top-14-veut-signer-eddy-ben-arous\/#primaryimage\"},\"thumbnailUrl\":\"https:\/\/dicodusport.fr\/blog\/wp-content\/uploads\/2025\/08\/Transferts-Un-club-de-Top-14-veut-signer-Eddy-Ben-Arous.png\",\"keywords\":[\"br\u00e8ve\",\"Top 14\",\"Transferts Stade Fran\u00e7ais\"],\"articleSection\":[\"Top 14\"],\"inLanguage\":\"fr-FR\",\"potentialAction\":[{\"@type\":\"CommentAction\",\"name\":\"Comment\",\"target\":[\"https:\/\/dicodusport.fr\/blog\/transferts-un-club-de-top-14-veut-signer-eddy-ben-arous\/#respond\"]}],\"copyrightYear\":\"2025\",\"copyrightHolder\":{\"@id\":\"https:\/\/dicodusport.fr\/blog\/#organization\"}},{\"@type\":\"WebPage\",\"@id\":\"https:\/\/dicodusport.fr\/blog\/transferts-un-club-de-top-14-veut-signer-eddy-ben-arous\/\",\"url\":\"https:\/\/dicodusport.fr\/blog\/transferts-un-club-de-top-14-veut-signer-eddy-ben-arous\/\",\"name\":\"Transferts : Un club de Top 14 veut signer Eddy Ben Arous\",\"isPartOf\":{\"@id\":\"https:\/\/dicodusport.fr\/blog\/#website\"},\"primaryImageOfPage\":{\"@id\":\"https:\/\/dicodusport.fr\/blog\/transferts-un-club-de-top-14-veut-signer-eddy-ben-arous\/#primaryimage\"},\"image\":{\"@id\":\"https:\/\/dicodusport.fr\/blog\/transferts-un-club-de-top-14-veut-signer-eddy-ben-arous\/#primaryimage\"},\"thumbnailUrl\":\"https:\/\/dicodusport.fr\/blog\/wp-content\/uploads\/2025\/08\/Transferts-Un-club-de-Top-14-veut-signer-Eddy-Ben-Arous.png\",\"datePublished\":\"2025-08-17T08:51:53+00:00\",\"description\":\"TRANSFERTS TOP 14 - Le Stade Fran\u00e7ais lorgne sur le pilier gauche de 35 ans Eddy Ben Arous, qui appartenait au club rival du Racing 92.\",\"breadcrumb\":{\"@id\":\"https:\/\/dicodusport.fr\/blog\/transferts-un-club-de-top-14-veut-signer-eddy-ben-arous\/#breadcrumb\"},\"inLanguage\":\"fr-FR\",\"potentialAction\":[{\"@type\":\"ReadAction\",\"target\":[\"https:\/\/dicodusport.fr\/blog\/transferts-un-club-de-top-14-veut-signer-eddy-ben-arous\/\"]}]},{\"@type\":\"ImageObject\",\"inLanguage\":\"fr-FR\",\"@id\":\"https:\/\/dicodusport.fr\/blog\/transferts-un-club-de-top-14-veut-signer-eddy-ben-arous\/#primaryimage\",\"url\":\"https:\/\/dicodusport.fr\/blog\/wp-content\/uploads\/2025\/08\/Transferts-Un-club-de-Top-14-veut-signer-Eddy-Ben-Arous.png\",\"contentUrl\":\"https:\/\/dicodusport.fr\/blog\/wp-content\/uploads\/2025\/08\/Transferts-Un-club-de-Top-14-veut-signer-Eddy-Ben-Arous.png\",\"width\":1200,\"height\":674,\"caption\":\"Transferts : Un club de Top 14 veut signer Eddy Ben Arous\"},{\"@type\":\"BreadcrumbList\",\"@id\":\"https:\/\/dicodusport.fr\/blog\/transferts-un-club-de-top-14-veut-signer-eddy-ben-arous\/#breadcrumb\",\"itemListElement\":[{\"@type\":\"ListItem\",\"position\":1,\"name\":\"Accueil\",\"item\":\"https:\/\/dicodusport.fr\/blog\/\"},{\"@type\":\"ListItem\",\"position\":2,\"name\":\"Transferts : Un club de Top 14 veut signer Eddy Ben Arous\"}]},{\"@type\":\"WebSite\",\"@id\":\"https:\/\/dicodusport.fr\/blog\/#website\",\"url\":\"https:\/\/dicodusport.fr\/blog\/\",\"name\":\"Dicodusport\",\"description\":\"L&#039;encyclop\u00e9die de l&#039;actualit\u00e9 sportive\",\"publisher\":{\"@id\":\"https:\/\/dicodusport.fr\/blog\/#organization\"},\"potentialAction\":[{\"@type\":\"SearchAction\",\"target\":{\"@type\":\"EntryPoint\",\"urlTemplate\":\"https:\/\/dicodusport.fr\/blog\/?s={search_term_string}\"},\"query-input\":{\"@type\":\"PropertyValueSpecification\",\"valueRequired\":true,\"valueName\":\"search_term_string\"}}],\"inLanguage\":\"fr-FR\"},{\"@type\":\"NewsMediaOrganization\",\"@id\":\"https:\/\/dicodusport.fr\/blog\/#organization\",\"name\":\"Dicodusport\",\"url\":\"https:\/\/dicodusport.fr\/blog\/\",\"logo\":{\"@type\":\"ImageObject\",\"inLanguage\":\"fr-FR\",\"@id\":\"https:\/\/dicodusport.fr\/blog\/#\/schema\/logo\/image\/\",\"url\":\"https:\/\/dicodusport.fr\/blog\/wp-content\/uploads\/2020\/06\/cropped-LOGO-DICODUSPORT-2020-SANS-FOND-SANS-TEXTE.png\",\"contentUrl\":\"https:\/\/dicodusport.fr\/blog\/wp-content\/uploads\/2020\/06\/cropped-LOGO-DICODUSPORT-2020-SANS-FOND-SANS-TEXTE.png\",\"width\":512,\"height\":512,\"caption\":\"Dicodusport\"},\"image\":{\"@id\":\"https:\/\/dicodusport.fr\/blog\/#\/schema\/logo\/image\/\"},\"sameAs\":[\"https:\/\/www.facebook.com\/dicodusport\",\"https:\/\/x.com\/dicodusport\",\"https:\/\/www.instagram.com\/dicodusport\/\",\"https:\/\/www.youtube.com\/channel\/UC7V2KZ5sd3htJivAbA4ZG3w\"],\"description\":\"Dicodusport est l'encyclop\u00e9die de l'actualit\u00e9 sportive.\",\"email\":\"bonjour@dicodusport.fr\",\"legalName\":\"DICODUSPORT\",\"foundingDate\":\"2018-01-14\",\"vatID\":\"FR71834470973\",\"taxID\":\"83447097300043\",\"numberOfEmployees\":{\"@type\":\"QuantitativeValue\",\"minValue\":\"1\",\"maxValue\":\"10\"}},{\"@type\":\"Person\",\"@id\":\"https:\/\/dicodusport.fr\/blog\/#\/schema\/person\/d603dd7da31fb2b46c82b9835a77ec13\",\"name\":\"Etienne Goursaud\",\"image\":{\"@type\":\"ImageObject\",\"inLanguage\":\"fr-FR\",\"@id\":\"https:\/\/dicodusport.fr\/blog\/#\/schema\/person\/image\/\",\"url\":\"https:\/\/dicodusport.fr\/blog\/wp-content\/uploads\/2023\/12\/410122264_10231602061736049_5565839791558026645_n-150x150.jpg\",\"contentUrl\":\"https:\/\/dicodusport.fr\/blog\/wp-content\/uploads\/2023\/12\/410122264_10231602061736049_5565839791558026645_n-150x150.jpg\",\"caption\":\"Etienne Goursaud\"},\"description\":\"Journaliste et amoureux de sport. Ancien footballeur reconverti athl\u00e8te quand ses muscles le laissent tranquille. \u00c9lev\u00e9 \u00e0 la sauce des exploits de Thomas Voeckler en 2004, du dernier essai de l\u00e9gende de Eunice Barber \u00e0 la longueur lors des championnats du monde d'athl\u00e9tisme de 2003 mais aussi Zidane, Omeyer et Titou Lamaison.\",\"url\":\"https:\/\/dicodusport.fr\/blog\/author\/etienne-goursaud\/\"}]}<\/script>\n<!-- \/ Yoast SEO Premium plugin. -->","yoast_head_json":{"title":"Transferts : Un club de Top 14 veut signer Eddy Ben Arous","description":"TRANSFERTS TOP 14 - Le Stade Fran\u00e7ais lorgne sur le pilier gauche de 35 ans Eddy Ben Arous, qui appartenait au club rival du Racing 92.","robots":{"index":"index","follow":"follow","max-snippet":"max-snippet:-1","max-image-preview":"max-image-preview:large","max-video-preview":"max-video-preview:-1"},"canonical":"https:\/\/dicodusport.fr\/blog\/transferts-un-club-de-top-14-veut-signer-eddy-ben-arous\/","og_locale":"fr_FR","og_type":"article","og_title":"Transferts : Un club de Top 14 veut signer Eddy Ben Arous","og_description":"TRANSFERTS TOP 14 - Le Stade Fran\u00e7ais lorgne sur le pilier gauche de 35 ans Eddy Ben Arous, qui appartenait au club rival du Racing 92.","og_url":"https:\/\/dicodusport.fr\/blog\/transferts-un-club-de-top-14-veut-signer-eddy-ben-arous\/","og_site_name":"Dicodusport","article_publisher":"https:\/\/www.facebook.com\/dicodusport","article_published_time":"2025-08-17T08:51:53+00:00","og_image":[{"width":1200,"height":674,"url":"https:\/\/dicodusport.fr\/blog\/wp-content\/uploads\/2025\/08\/Transferts-Un-club-de-Top-14-veut-signer-Eddy-Ben-Arous.png","type":"image\/png"}],"author":"Etienne Goursaud","twitter_card":"summary_large_image","twitter_title":"Transferts : Un club de Top 14 veut signer Eddy Ben Arous","twitter_creator":"@dicodusport","twitter_site":"@dicodusport","schema":{"@context":"https:\/\/schema.org","@graph":[{"@type":"NewsArticle","@id":"https:\/\/dicodusport.fr\/blog\/transferts-un-club-de-top-14-veut-signer-eddy-ben-arous\/#article","isPartOf":{"@id":"https:\/\/dicodusport.fr\/blog\/transferts-un-club-de-top-14-veut-signer-eddy-ben-arous\/"},"author":{"name":"Etienne Goursaud","@id":"https:\/\/dicodusport.fr\/blog\/#\/schema\/person\/d603dd7da31fb2b46c82b9835a77ec13"},"headline":"Transferts : Un club de Top 14 veut signer Eddy Ben Arous","datePublished":"2025-08-17T08:51:53+00:00","mainEntityOfPage":{"@id":"https:\/\/dicodusport.fr\/blog\/transferts-un-club-de-top-14-veut-signer-eddy-ben-arous\/"},"wordCount":380,"commentCount":0,"publisher":{"@id":"https:\/\/dicodusport.fr\/blog\/#organization"},"image":{"@id":"https:\/\/dicodusport.fr\/blog\/transferts-un-club-de-top-14-veut-signer-eddy-ben-arous\/#primaryimage"},"thumbnailUrl":"https:\/\/dicodusport.fr\/blog\/wp-content\/uploads\/2025\/08\/Transferts-Un-club-de-Top-14-veut-signer-Eddy-Ben-Arous.png","keywords":["br\u00e8ve","Top 14","Transferts Stade Fran\u00e7ais"],"articleSection":["Top 14"],"inLanguage":"fr-FR","potentialAction":[{"@type":"CommentAction","name":"Comment","target":["https:\/\/dicodusport.fr\/blog\/transferts-un-club-de-top-14-veut-signer-eddy-ben-arous\/#respond"]}],"copyrightYear":"2025","copyrightHolder":{"@id":"https:\/\/dicodusport.fr\/blog\/#organization"}},{"@type":"WebPage","@id":"https:\/\/dicodusport.fr\/blog\/transferts-un-club-de-top-14-veut-signer-eddy-ben-arous\/","url":"https:\/\/dicodusport.fr\/blog\/transferts-un-club-de-top-14-veut-signer-eddy-ben-arous\/","name":"Transferts : Un club de Top 14 veut signer Eddy Ben Arous","isPartOf":{"@id":"https:\/\/dicodusport.fr\/blog\/#website"},"primaryImageOfPage":{"@id":"https:\/\/dicodusport.fr\/blog\/transferts-un-club-de-top-14-veut-signer-eddy-ben-arous\/#primaryimage"},"image":{"@id":"https:\/\/dicodusport.fr\/blog\/transferts-un-club-de-top-14-veut-signer-eddy-ben-arous\/#primaryimage"},"thumbnailUrl":"https:\/\/dicodusport.fr\/blog\/wp-content\/uploads\/2025\/08\/Transferts-Un-club-de-Top-14-veut-signer-Eddy-Ben-Arous.png","datePublished":"2025-08-17T08:51:53+00:00","description":"TRANSFERTS TOP 14 - Le Stade Fran\u00e7ais lorgne sur le pilier gauche de 35 ans Eddy Ben Arous, qui appartenait au club rival du Racing 92.","breadcrumb":{"@id":"https:\/\/dicodusport.fr\/blog\/transferts-un-club-de-top-14-veut-signer-eddy-ben-arous\/#breadcrumb"},"inLanguage":"fr-FR","potentialAction":[{"@type":"ReadAction","target":["https:\/\/dicodusport.fr\/blog\/transferts-un-club-de-top-14-veut-signer-eddy-ben-arous\/"]}]},{"@type":"ImageObject","inLanguage":"fr-FR","@id":"https:\/\/dicodusport.fr\/blog\/transferts-un-club-de-top-14-veut-signer-eddy-ben-arous\/#primaryimage","url":"https:\/\/dicodusport.fr\/blog\/wp-content\/uploads\/2025\/08\/Transferts-Un-club-de-Top-14-veut-signer-Eddy-Ben-Arous.png","contentUrl":"https:\/\/dicodusport.fr\/blog\/wp-content\/uploads\/2025\/08\/Transferts-Un-club-de-Top-14-veut-signer-Eddy-Ben-Arous.png","width":1200,"height":674,"caption":"Transferts : Un club de Top 14 veut signer Eddy Ben Arous"},{"@type":"BreadcrumbList","@id":"https:\/\/dicodusport.fr\/blog\/transferts-un-club-de-top-14-veut-signer-eddy-ben-arous\/#breadcrumb","itemListElement":[{"@type":"ListItem","position":1,"name":"Accueil","item":"https:\/\/dicodusport.fr\/blog\/"},{"@type":"ListItem","position":2,"name":"Transferts : Un club de Top 14 veut signer Eddy Ben Arous"}]},{"@type":"WebSite","@id":"https:\/\/dicodusport.fr\/blog\/#website","url":"https:\/\/dicodusport.fr\/blog\/","name":"Dicodusport","description":"L&#039;encyclop\u00e9die de l&#039;actualit\u00e9 sportive","publisher":{"@id":"https:\/\/dicodusport.fr\/blog\/#organization"},"potentialAction":[{"@type":"SearchAction","target":{"@type":"EntryPoint","urlTemplate":"https:\/\/dicodusport.fr\/blog\/?s={search_term_string}"},"query-input":{"@type":"PropertyValueSpecification","valueRequired":true,"valueName":"search_term_string"}}],"inLanguage":"fr-FR"},{"@type":"NewsMediaOrganization","@id":"https:\/\/dicodusport.fr\/blog\/#organization","name":"Dicodusport","url":"https:\/\/dicodusport.fr\/blog\/","logo":{"@type":"ImageObject","inLanguage":"fr-FR","@id":"https:\/\/dicodusport.fr\/blog\/#\/schema\/logo\/image\/","url":"https:\/\/dicodusport.fr\/blog\/wp-content\/uploads\/2020\/06\/cropped-LOGO-DICODUSPORT-2020-SANS-FOND-SANS-TEXTE.png","contentUrl":"https:\/\/dicodusport.fr\/blog\/wp-content\/uploads\/2020\/06\/cropped-LOGO-DICODUSPORT-2020-SANS-FOND-SANS-TEXTE.png","width":512,"height":512,"caption":"Dicodusport"},"image":{"@id":"https:\/\/dicodusport.fr\/blog\/#\/schema\/logo\/image\/"},"sameAs":["https:\/\/www.facebook.com\/dicodusport","https:\/\/x.com\/dicodusport","https:\/\/www.instagram.com\/dicodusport\/","https:\/\/www.youtube.com\/channel\/UC7V2KZ5sd3htJivAbA4ZG3w"],"description":"Dicodusport est l'encyclop\u00e9die de l'actualit\u00e9 sportive.","email":"bonjour@dicodusport.fr","legalName":"DICODUSPORT","foundingDate":"2018-01-14","vatID":"FR71834470973","taxID":"83447097300043","numberOfEmployees":{"@type":"QuantitativeValue","minValue":"1","maxValue":"10"}},{"@type":"Person","@id":"https:\/\/dicodusport.fr\/blog\/#\/schema\/person\/d603dd7da31fb2b46c82b9835a77ec13","name":"Etienne Goursaud","image":{"@type":"ImageObject","inLanguage":"fr-FR","@id":"https:\/\/dicodusport.fr\/blog\/#\/schema\/person\/image\/","url":"https:\/\/dicodusport.fr\/blog\/wp-content\/uploads\/2023\/12\/410122264_10231602061736049_5565839791558026645_n-150x150.jpg","contentUrl":"https:\/\/dicodusport.fr\/blog\/wp-content\/uploads\/2023\/12\/410122264_10231602061736049_5565839791558026645_n-150x150.jpg","caption":"Etienne Goursaud"},"description":"Journaliste et amoureux de sport. Ancien footballeur reconverti athl\u00e8te quand ses muscles le laissent tranquille. \u00c9lev\u00e9 \u00e0 la sauce des exploits de Thomas Voeckler en 2004, du dernier essai de l\u00e9gende de Eunice Barber \u00e0 la longueur lors des championnats du monde d'athl\u00e9tisme de 2003 mais aussi Zidane, Omeyer et Titou Lamaison.","url":"https:\/\/dicodusport.fr\/blog\/author\/etienne-goursaud\/"}]}},"_links":{"self":[{"href":"https:\/\/dicodusport.fr\/blog\/wp-json\/wp\/v2\/posts\/603459","targetHints":{"allow":["GET"]}}],"collection":[{"href":"https:\/\/dicodusport.fr\/blog\/wp-json\/wp\/v2\/posts"}],"about":[{"href":"https:\/\/dicodusport.fr\/blog\/wp-json\/wp\/v2\/types\/post"}],"author":[{"embeddable":true,"href":"https:\/\/dicodusport.fr\/blog\/wp-json\/wp\/v2\/users\/83"}],"replies":[{"embeddable":true,"href":"https:\/\/dicodusport.fr\/blog\/wp-json\/wp\/v2\/comments?post=603459"}],"version-history":[{"count":2,"href":"https:\/\/dicodusport.fr\/blog\/wp-json\/wp\/v2\/posts\/603459\/revisions"}],"predecessor-version":[{"id":603466,"href":"https:\/\/dicodusport.fr\/blog\/wp-json\/wp\/v2\/posts\/603459\/revisions\/603466"}],"wp:featuredmedia":[{"embeddable":true,"href":"https:\/\/dicodusport.fr\/blog\/wp-json\/wp\/v2\/media\/603462"}],"wp:attachment":[{"href":"https:\/\/dicodusport.fr\/blog\/wp-json\/wp\/v2\/media?parent=603459"}],"wp:term":[{"taxonomy":"category","embeddable":true,"href":"https:\/\/dicodusport.fr\/blog\/wp-json\/wp\/v2\/categories?post=603459"},{"taxonomy":"post_tag","embeddable":true,"href":"https:\/\/dicodusport.fr\/blog\/wp-json\/wp\/v2\/tags?post=603459"}],"curies":[{"name":"wp","href":"https:\/\/api.w.org\/{rel}","templated":true}]}}