{"id":603599,"date":"2025-08-17T17:32:18","date_gmt":"2025-08-17T15:32:18","guid":{"rendered":"https:\/\/dicodusport.fr\/blog\/?p=603599&#038;preview=true&#038;preview_id=603599"},"modified":"2025-08-17T18:25:15","modified_gmt":"2025-08-17T16:25:15","slug":"transferts-rennes-a-trouve-le-successeur-darnaud-kalimuendo","status":"publish","type":"post","link":"https:\/\/dicodusport.fr\/blog\/transferts-rennes-a-trouve-le-successeur-darnaud-kalimuendo\/","title":{"rendered":"Transferts : Rennes a trouv\u00e9 le successeur d&rsquo;Arnaud Kalimuendo"},"content":{"rendered":"<p style=\"text-align: justify;\"><strong><em>TRANSFERTS &#8211; En qu\u00eate d&rsquo;un rempla\u00e7ant \u00e0 Arnaud Kalimuendo sur le front de l&rsquo;attaque, le Stade Rennais serait sur la piste de l&rsquo;attaquant danois, Conrad Harder.<\/em><\/strong><\/p>\n<ul style=\"text-align: justify;\">\n<li><strong>\u00c0 lire aussi &#8211; <a href=\"https:\/\/dicodusport.fr\/blog\/transferts-om-la-juventus-veut-jouer-un-mauvais-tour-a-marseille-pour-edon-zhegrova\/\">Transferts OM : La Juventus veut jouer un mauvais tour \u00e0 Marseille pour Edon Zhegrova<\/a><\/strong><\/li>\n<\/ul>\n<p style=\"text-align: justify;\">Id\u00e9alement lanc\u00e9 par un <a href=\"https:\/\/dicodusport.fr\/blog\/ligue-1-2025-2026-j1-rennes-fait-plier-lom-dans-le-temps-additionnel\/\">succ\u00e8s acquis \u00e0 10 contre 11 face \u00e0 l&rsquo;Olympique de Marseille<\/a> vendredi, le <strong>Stade Rennais<\/strong> est encore loin d&rsquo;avoir termin\u00e9 son mercato estival. Cette semaine, le club breton a vu son attaquant <a href=\"https:\/\/dicodusport.fr\/blog\/transferts-rennes-direction-la-premier-league-pour-arnaud-kalimuendo\/\">Arnaud Kalimuendo prendre la direction de Nottingham Forest<\/a> pour une belle somme (30M\u20ac), laissant ainsi un vide \u00e0 la pointe de l&rsquo;attaque.<\/p>\n<h2 style=\"text-align: justify;\">Conrad Harder, le successeur d\u00e9sign\u00e9 de Gy\u00f6keres en Bretagne ?<\/h2>\n<p style=\"text-align: justify;\">Afin de remplacer un gar\u00e7on qui sort d&rsquo;une saison \u00e0 17 buts en <strong>Ligue 1<\/strong>, les dirigeants rennais se montrent ambitieux. Selon <a href=\"https:\/\/www.lequipe.fr\/Football\/Actualites\/Mercato-rennes-cible-conrad-harder-l-attaquant-du-sporting-cp\/1585746\"><em>L&rsquo;\u00c9quipe<\/em><\/a>, ces derniers sont d\u00e9j\u00e0 entr\u00e9s en discussion avec l&rsquo;attaquant du <strong>Sporting CP<\/strong>, <strong>Conrad Harder<\/strong>. \u00c2g\u00e9 de seulement 20 ans, le jeune international danois avait fait ses classes \u00e0 <strong>Nordsjaelland<\/strong> avant de prendre la direction du Portugal l&rsquo;\u00e9t\u00e9 dernier. Afin de le faire venir du Danemark, le Sporting n&rsquo;avait pas h\u00e9sit\u00e9 \u00e0 l\u00e2cher 19 millions d&rsquo;euros pour en faire le successeur d\u00e9sign\u00e9 du serial buteur <strong>Viktor Gy\u00f6keres<\/strong>.<\/p>\n<p style=\"text-align: justify;\">Auteur de <strong>11 buts en 47 matchs<\/strong> toutes comp\u00e9titions confondues, le tout en d\u00e9butant la plupart du temps sur le banc, le jeune Danois a r\u00e9alis\u00e9 un premier exercice encourageant. N\u00e9anmoins, avec l&rsquo;arriv\u00e9e de l&rsquo;ancien marseillais<strong> Luis Su\u00e1rez,<\/strong> qui sort d&rsquo;une saison folle en Liga 2 avec Almeria (27 buts), son horizon semble encore bouch\u00e9. Titulaire en Supercoupe fin juillet, il \u00e9tait pass\u00e9 au travers, avant de devoir se contenter de 7 maigres minutes lors de la 1\u00e8re journ\u00e9e face \u00e0 Casa Pia.<\/p>\n<p style=\"text-align: justify;\">Encore <strong>sous contrat jusqu&rsquo;en 2029<\/strong>, il faut d\u00e9sormais voir si le club portugais est dispos\u00e9 \u00e0 parler d&rsquo;un transfert sec, ou bien d&rsquo;un simple pr\u00eat. Dans tous les cas, son arriv\u00e9e en Ligue 1 repr\u00e9senterait \u00e0 coup s\u00fbr un tr\u00e8s joli coup.<\/p>\n<blockquote class=\"twitter-tweet\">\n<p dir=\"ltr\" lang=\"pt\">\ud83d\udea8 Stade Rennais iniciou negocia\u00e7\u00f5es com o Sporting CP por Conrad Harder, avan\u00e7a <a href=\"https:\/\/twitter.com\/lequipe?ref_src=twsrc%5Etfw\">@lequipe<\/a>. <a href=\"https:\/\/t.co\/BhEz8Apxyd\">pic.twitter.com\/BhEz8Apxyd<\/a><\/p>\n<p>\u2014 Viana das transfer\u00eancias (@vianafrencias) <a href=\"https:\/\/twitter.com\/vianafrencias\/status\/1957095395684647070?ref_src=twsrc%5Etfw\">August 17, 2025<\/a><\/p><\/blockquote>\n<p style=\"text-align: justify;\"><script async src=\"https:\/\/platform.twitter.com\/widgets.js\" charset=\"utf-8\"><\/script><\/p>\n<h3 style=\"text-align: justify;\">\u00c0 lire aussi<\/h3>\n<div class=\"vlp-link-container vlp-layout-article\"><a href=\"https:\/\/dicodusport.fr\/blog\/mercato-rennes-2025-2026-le-tableau-complet-des-transferts-arrivees-et-departs\/\" class=\"vlp-link\" title=\"Mercato Rennes 2025-2026 : Le tableau complet des transferts, arriv\u00e9es et d\u00e9parts\"><\/a><div class=\"vlp-layout-zone-side\"><div class=\"vlp-block-4 vlp-link-image\"><img loading=\"lazy\" decoding=\"async\" style=\"max-width: 792px;\" width=\"792\" height=\"445\" src=\"https:\/\/dicodusport.fr\/blog\/wp-content\/uploads\/2025\/05\/Mercato-Rennes-2025-2026-Le-tableau-complet-des-transferts-arrivees-et-departs.png\" class=\"attachment-800x445 size-800x445\" alt=\"Mercato Rennes 2025-2026 Le tableau complet des transferts, arriv\u00e9es et d\u00e9parts\" srcset=\"https:\/\/dicodusport.fr\/blog\/wp-content\/uploads\/2025\/05\/Mercato-Rennes-2025-2026-Le-tableau-complet-des-transferts-arrivees-et-departs.png 1200w, https:\/\/dicodusport.fr\/blog\/wp-content\/uploads\/2025\/05\/Mercato-Rennes-2025-2026-Le-tableau-complet-des-transferts-arrivees-et-departs-300x169.png 300w, https:\/\/dicodusport.fr\/blog\/wp-content\/uploads\/2025\/05\/Mercato-Rennes-2025-2026-Le-tableau-complet-des-transferts-arrivees-et-departs-1024x575.png 1024w, https:\/\/dicodusport.fr\/blog\/wp-content\/uploads\/2025\/05\/Mercato-Rennes-2025-2026-Le-tableau-complet-des-transferts-arrivees-et-departs-768x431.png 768w\" sizes=\"auto, (max-width: 792px) 100vw, 792px\" \/><\/div><\/div><div class=\"vlp-layout-zone-main\"><div class=\"vlp-block-0 vlp-link-title\">Mercato Rennes 2025-2026 : Le tableau complet des transferts, arriv\u00e9es et d\u00e9parts<\/div><div class=\"vlp-block-1 vlp-link-summary\">TRANSFERTS RENNES - Retrouvez tous les mouvements du Stade Rennais pour l'intersaison 2025 en Ligue 1. Arriv\u00e9es, d\u00e9part, pr\u00eats, transferts d\u00e9finitifs, ne ratez rien du mercato estival.\u00a0<\/div><div class=\"vlp-block-2 vlp-link-button\">Lire l'article<\/div><div class=\"vlp-block-3 vlp-link-url\">dicodusport.fr<\/div><\/div><\/div>\n","protected":false},"excerpt":{"rendered":"<p>TRANSFERTS &#8211; En qu\u00eate d&rsquo;un rempla\u00e7ant \u00e0 Arnaud Kalimuendo sur le front de l&rsquo;attaque, le Stade Rennais prospecte au Portugal.<\/p>\n","protected":false},"author":55,"featured_media":603601,"comment_status":"open","ping_status":"closed","sticky":false,"template":"","format":"standard","meta":{"_acf_changed":false,"_daextam_enable_autolinks":"1","footnotes":""},"categories":[47045],"tags":[16878,7871,1840,2832],"class_list":["post-603599","post","type-post","status-publish","format-standard","has-post-thumbnail","hentry","category-ligue-1","tag-breve","tag-mercato-rennes","tag-rennes","tag-transferts"],"acf":[],"yoast_head":"<!-- This site is optimized with the Yoast SEO Premium plugin v26.7 (Yoast SEO v26.7) - https:\/\/yoast.com\/wordpress\/plugins\/seo\/ -->\n<title>Transferts : Rennes a trouv\u00e9 le successeur d&#039;Arnaud Kalimuendo<\/title>\n<meta name=\"description\" content=\"TRANSFERTS - En qu\u00eate d&#039;un rempla\u00e7ant \u00e0 Arnaud Kalimuendo sur le front de l&#039;attaque, le Stade Rennais prospecte au Portugal.\" \/>\n<meta name=\"robots\" content=\"index, follow, max-snippet:-1, max-image-preview:large, max-video-preview:-1\" \/>\n<link rel=\"canonical\" href=\"https:\/\/dicodusport.fr\/blog\/transferts-rennes-a-trouve-le-successeur-darnaud-kalimuendo\/\" \/>\n<meta property=\"og:locale\" content=\"fr_FR\" \/>\n<meta property=\"og:type\" content=\"article\" \/>\n<meta property=\"og:title\" content=\"Transferts : Rennes a trouv\u00e9 le successeur d&#039;Arnaud Kalimuendo\" \/>\n<meta property=\"og:description\" content=\"TRANSFERTS - En qu\u00eate d&#039;un rempla\u00e7ant \u00e0 Arnaud Kalimuendo sur le front de l&#039;attaque, le Stade Rennais prospecte au Portugal.\" \/>\n<meta property=\"og:url\" content=\"https:\/\/dicodusport.fr\/blog\/transferts-rennes-a-trouve-le-successeur-darnaud-kalimuendo\/\" \/>\n<meta property=\"og:site_name\" content=\"Dicodusport\" \/>\n<meta property=\"article:publisher\" content=\"https:\/\/www.facebook.com\/dicodusport\" \/>\n<meta property=\"article:published_time\" content=\"2025-08-17T15:32:18+00:00\" \/>\n<meta property=\"article:modified_time\" content=\"2025-08-17T16:25:15+00:00\" \/>\n<meta property=\"og:image\" content=\"https:\/\/dicodusport.fr\/blog\/wp-content\/uploads\/2025\/08\/Transferts-Rennes-a-trouve-le-successeur-dArnaud-Kalimuendo.png\" \/>\n\t<meta property=\"og:image:width\" content=\"1200\" \/>\n\t<meta property=\"og:image:height\" content=\"674\" \/>\n\t<meta property=\"og:image:type\" content=\"image\/png\" \/>\n<meta name=\"author\" content=\"Maxime Cazenave\" \/>\n<meta name=\"twitter:card\" content=\"summary_large_image\" \/>\n<meta name=\"twitter:title\" content=\"Transferts : Rennes a trouv\u00e9 le successeur d&#039;Arnaud Kalimuendo\" \/>\n<meta name=\"twitter:creator\" content=\"@https:\/\/twitter.com\/Maxime_Caze\" \/>\n<meta name=\"twitter:site\" content=\"@dicodusport\" \/>\n<script type=\"application\/ld+json\" class=\"yoast-schema-graph\">{\"@context\":\"https:\/\/schema.org\",\"@graph\":[{\"@type\":\"NewsArticle\",\"@id\":\"https:\/\/dicodusport.fr\/blog\/transferts-rennes-a-trouve-le-successeur-darnaud-kalimuendo\/#article\",\"isPartOf\":{\"@id\":\"https:\/\/dicodusport.fr\/blog\/transferts-rennes-a-trouve-le-successeur-darnaud-kalimuendo\/\"},\"author\":{\"name\":\"Maxime Cazenave\",\"@id\":\"https:\/\/dicodusport.fr\/blog\/#\/schema\/person\/37def232098a7a5cbab3974a3690abb0\"},\"headline\":\"Transferts : Rennes a trouv\u00e9 le successeur d&rsquo;Arnaud Kalimuendo\",\"datePublished\":\"2025-08-17T15:32:18+00:00\",\"dateModified\":\"2025-08-17T16:25:15+00:00\",\"mainEntityOfPage\":{\"@id\":\"https:\/\/dicodusport.fr\/blog\/transferts-rennes-a-trouve-le-successeur-darnaud-kalimuendo\/\"},\"wordCount\":465,\"commentCount\":0,\"publisher\":{\"@id\":\"https:\/\/dicodusport.fr\/blog\/#organization\"},\"image\":{\"@id\":\"https:\/\/dicodusport.fr\/blog\/transferts-rennes-a-trouve-le-successeur-darnaud-kalimuendo\/#primaryimage\"},\"thumbnailUrl\":\"https:\/\/dicodusport.fr\/blog\/wp-content\/uploads\/2025\/08\/Transferts-Rennes-a-trouve-le-successeur-dArnaud-Kalimuendo.png\",\"keywords\":[\"br\u00e8ve\",\"Mercato Rennes\",\"Rennes\",\"transferts\"],\"articleSection\":[\"Ligue 1\"],\"inLanguage\":\"fr-FR\",\"potentialAction\":[{\"@type\":\"CommentAction\",\"name\":\"Comment\",\"target\":[\"https:\/\/dicodusport.fr\/blog\/transferts-rennes-a-trouve-le-successeur-darnaud-kalimuendo\/#respond\"]}],\"copyrightYear\":\"2025\",\"copyrightHolder\":{\"@id\":\"https:\/\/dicodusport.fr\/blog\/#organization\"}},{\"@type\":\"WebPage\",\"@id\":\"https:\/\/dicodusport.fr\/blog\/transferts-rennes-a-trouve-le-successeur-darnaud-kalimuendo\/\",\"url\":\"https:\/\/dicodusport.fr\/blog\/transferts-rennes-a-trouve-le-successeur-darnaud-kalimuendo\/\",\"name\":\"Transferts : Rennes a trouv\u00e9 le successeur d'Arnaud Kalimuendo\",\"isPartOf\":{\"@id\":\"https:\/\/dicodusport.fr\/blog\/#website\"},\"primaryImageOfPage\":{\"@id\":\"https:\/\/dicodusport.fr\/blog\/transferts-rennes-a-trouve-le-successeur-darnaud-kalimuendo\/#primaryimage\"},\"image\":{\"@id\":\"https:\/\/dicodusport.fr\/blog\/transferts-rennes-a-trouve-le-successeur-darnaud-kalimuendo\/#primaryimage\"},\"thumbnailUrl\":\"https:\/\/dicodusport.fr\/blog\/wp-content\/uploads\/2025\/08\/Transferts-Rennes-a-trouve-le-successeur-dArnaud-Kalimuendo.png\",\"datePublished\":\"2025-08-17T15:32:18+00:00\",\"dateModified\":\"2025-08-17T16:25:15+00:00\",\"description\":\"TRANSFERTS - En qu\u00eate d'un rempla\u00e7ant \u00e0 Arnaud Kalimuendo sur le front de l'attaque, le Stade Rennais prospecte au Portugal.\",\"breadcrumb\":{\"@id\":\"https:\/\/dicodusport.fr\/blog\/transferts-rennes-a-trouve-le-successeur-darnaud-kalimuendo\/#breadcrumb\"},\"inLanguage\":\"fr-FR\",\"potentialAction\":[{\"@type\":\"ReadAction\",\"target\":[\"https:\/\/dicodusport.fr\/blog\/transferts-rennes-a-trouve-le-successeur-darnaud-kalimuendo\/\"]}]},{\"@type\":\"ImageObject\",\"inLanguage\":\"fr-FR\",\"@id\":\"https:\/\/dicodusport.fr\/blog\/transferts-rennes-a-trouve-le-successeur-darnaud-kalimuendo\/#primaryimage\",\"url\":\"https:\/\/dicodusport.fr\/blog\/wp-content\/uploads\/2025\/08\/Transferts-Rennes-a-trouve-le-successeur-dArnaud-Kalimuendo.png\",\"contentUrl\":\"https:\/\/dicodusport.fr\/blog\/wp-content\/uploads\/2025\/08\/Transferts-Rennes-a-trouve-le-successeur-dArnaud-Kalimuendo.png\",\"width\":1200,\"height\":674,\"caption\":\"Transferts : Rennes a trouv\u00e9 le successeur d'Arnaud Kalimuendo\"},{\"@type\":\"BreadcrumbList\",\"@id\":\"https:\/\/dicodusport.fr\/blog\/transferts-rennes-a-trouve-le-successeur-darnaud-kalimuendo\/#breadcrumb\",\"itemListElement\":[{\"@type\":\"ListItem\",\"position\":1,\"name\":\"Accueil\",\"item\":\"https:\/\/dicodusport.fr\/blog\/\"},{\"@type\":\"ListItem\",\"position\":2,\"name\":\"Transferts : Rennes a trouv\u00e9 le successeur d&rsquo;Arnaud Kalimuendo\"}]},{\"@type\":\"WebSite\",\"@id\":\"https:\/\/dicodusport.fr\/blog\/#website\",\"url\":\"https:\/\/dicodusport.fr\/blog\/\",\"name\":\"Dicodusport\",\"description\":\"L&#039;encyclop\u00e9die de l&#039;actualit\u00e9 sportive\",\"publisher\":{\"@id\":\"https:\/\/dicodusport.fr\/blog\/#organization\"},\"potentialAction\":[{\"@type\":\"SearchAction\",\"target\":{\"@type\":\"EntryPoint\",\"urlTemplate\":\"https:\/\/dicodusport.fr\/blog\/?s={search_term_string}\"},\"query-input\":{\"@type\":\"PropertyValueSpecification\",\"valueRequired\":true,\"valueName\":\"search_term_string\"}}],\"inLanguage\":\"fr-FR\"},{\"@type\":\"NewsMediaOrganization\",\"@id\":\"https:\/\/dicodusport.fr\/blog\/#organization\",\"name\":\"Dicodusport\",\"url\":\"https:\/\/dicodusport.fr\/blog\/\",\"logo\":{\"@type\":\"ImageObject\",\"inLanguage\":\"fr-FR\",\"@id\":\"https:\/\/dicodusport.fr\/blog\/#\/schema\/logo\/image\/\",\"url\":\"https:\/\/dicodusport.fr\/blog\/wp-content\/uploads\/2020\/06\/cropped-LOGO-DICODUSPORT-2020-SANS-FOND-SANS-TEXTE.png\",\"contentUrl\":\"https:\/\/dicodusport.fr\/blog\/wp-content\/uploads\/2020\/06\/cropped-LOGO-DICODUSPORT-2020-SANS-FOND-SANS-TEXTE.png\",\"width\":512,\"height\":512,\"caption\":\"Dicodusport\"},\"image\":{\"@id\":\"https:\/\/dicodusport.fr\/blog\/#\/schema\/logo\/image\/\"},\"sameAs\":[\"https:\/\/www.facebook.com\/dicodusport\",\"https:\/\/x.com\/dicodusport\",\"https:\/\/www.instagram.com\/dicodusport\/\",\"https:\/\/www.youtube.com\/channel\/UC7V2KZ5sd3htJivAbA4ZG3w\"],\"description\":\"Dicodusport est l'encyclop\u00e9die de l'actualit\u00e9 sportive.\",\"email\":\"bonjour@dicodusport.fr\",\"legalName\":\"DICODUSPORT\",\"foundingDate\":\"2018-01-14\",\"vatID\":\"FR71834470973\",\"taxID\":\"83447097300043\",\"numberOfEmployees\":{\"@type\":\"QuantitativeValue\",\"minValue\":\"1\",\"maxValue\":\"10\"}},{\"@type\":\"Person\",\"@id\":\"https:\/\/dicodusport.fr\/blog\/#\/schema\/person\/37def232098a7a5cbab3974a3690abb0\",\"name\":\"Maxime Cazenave\",\"image\":{\"@type\":\"ImageObject\",\"inLanguage\":\"fr-FR\",\"@id\":\"https:\/\/dicodusport.fr\/blog\/#\/schema\/person\/image\/\",\"url\":\"https:\/\/dicodusport.fr\/blog\/wp-content\/uploads\/2021\/05\/Maxime-Cazenave-150x150.jpg\",\"contentUrl\":\"https:\/\/dicodusport.fr\/blog\/wp-content\/uploads\/2021\/05\/Maxime-Cazenave-150x150.jpg\",\"caption\":\"Maxime Cazenave\"},\"description\":\"Journaliste\/R\u00e9dacteur depuis 2012 - Berc\u00e9 par l\u2019amour des Girondins de Bordeaux, les \u00e9checs de Christophe Moreau sur le Tour de France sous l'\u00e8re Lance Armstrong et le fade-away l\u00e9tal de Dirk Nowitzki, ma passion d\u00e9vorante pour le sport a toujours \u00e9t\u00e9 un pan incontournable de ma vie. Transmettre ma passion \u00e0 l\u2019\u00e9crit a \u00e9t\u00e9 une transition naturelle. Suiveur assidu de basket et de hockey sur glace, je garde toujours un peu de place pour suivre le cyclisme, le football et le maximum de performances fran\u00e7aises.\",\"sameAs\":[\"https:\/\/x.com\/https:\/\/twitter.com\/Maxime_Caze\"],\"url\":\"https:\/\/dicodusport.fr\/blog\/author\/maximec\/\"}]}<\/script>\n<!-- \/ Yoast SEO Premium plugin. -->","yoast_head_json":{"title":"Transferts : Rennes a trouv\u00e9 le successeur d'Arnaud Kalimuendo","description":"TRANSFERTS - En qu\u00eate d'un rempla\u00e7ant \u00e0 Arnaud Kalimuendo sur le front de l'attaque, le Stade Rennais prospecte au Portugal.","robots":{"index":"index","follow":"follow","max-snippet":"max-snippet:-1","max-image-preview":"max-image-preview:large","max-video-preview":"max-video-preview:-1"},"canonical":"https:\/\/dicodusport.fr\/blog\/transferts-rennes-a-trouve-le-successeur-darnaud-kalimuendo\/","og_locale":"fr_FR","og_type":"article","og_title":"Transferts : Rennes a trouv\u00e9 le successeur d'Arnaud Kalimuendo","og_description":"TRANSFERTS - En qu\u00eate d'un rempla\u00e7ant \u00e0 Arnaud Kalimuendo sur le front de l'attaque, le Stade Rennais prospecte au Portugal.","og_url":"https:\/\/dicodusport.fr\/blog\/transferts-rennes-a-trouve-le-successeur-darnaud-kalimuendo\/","og_site_name":"Dicodusport","article_publisher":"https:\/\/www.facebook.com\/dicodusport","article_published_time":"2025-08-17T15:32:18+00:00","article_modified_time":"2025-08-17T16:25:15+00:00","og_image":[{"width":1200,"height":674,"url":"https:\/\/dicodusport.fr\/blog\/wp-content\/uploads\/2025\/08\/Transferts-Rennes-a-trouve-le-successeur-dArnaud-Kalimuendo.png","type":"image\/png"}],"author":"Maxime Cazenave","twitter_card":"summary_large_image","twitter_title":"Transferts : Rennes a trouv\u00e9 le successeur d'Arnaud Kalimuendo","twitter_creator":"@https:\/\/twitter.com\/Maxime_Caze","twitter_site":"@dicodusport","schema":{"@context":"https:\/\/schema.org","@graph":[{"@type":"NewsArticle","@id":"https:\/\/dicodusport.fr\/blog\/transferts-rennes-a-trouve-le-successeur-darnaud-kalimuendo\/#article","isPartOf":{"@id":"https:\/\/dicodusport.fr\/blog\/transferts-rennes-a-trouve-le-successeur-darnaud-kalimuendo\/"},"author":{"name":"Maxime Cazenave","@id":"https:\/\/dicodusport.fr\/blog\/#\/schema\/person\/37def232098a7a5cbab3974a3690abb0"},"headline":"Transferts : Rennes a trouv\u00e9 le successeur d&rsquo;Arnaud Kalimuendo","datePublished":"2025-08-17T15:32:18+00:00","dateModified":"2025-08-17T16:25:15+00:00","mainEntityOfPage":{"@id":"https:\/\/dicodusport.fr\/blog\/transferts-rennes-a-trouve-le-successeur-darnaud-kalimuendo\/"},"wordCount":465,"commentCount":0,"publisher":{"@id":"https:\/\/dicodusport.fr\/blog\/#organization"},"image":{"@id":"https:\/\/dicodusport.fr\/blog\/transferts-rennes-a-trouve-le-successeur-darnaud-kalimuendo\/#primaryimage"},"thumbnailUrl":"https:\/\/dicodusport.fr\/blog\/wp-content\/uploads\/2025\/08\/Transferts-Rennes-a-trouve-le-successeur-dArnaud-Kalimuendo.png","keywords":["br\u00e8ve","Mercato Rennes","Rennes","transferts"],"articleSection":["Ligue 1"],"inLanguage":"fr-FR","potentialAction":[{"@type":"CommentAction","name":"Comment","target":["https:\/\/dicodusport.fr\/blog\/transferts-rennes-a-trouve-le-successeur-darnaud-kalimuendo\/#respond"]}],"copyrightYear":"2025","copyrightHolder":{"@id":"https:\/\/dicodusport.fr\/blog\/#organization"}},{"@type":"WebPage","@id":"https:\/\/dicodusport.fr\/blog\/transferts-rennes-a-trouve-le-successeur-darnaud-kalimuendo\/","url":"https:\/\/dicodusport.fr\/blog\/transferts-rennes-a-trouve-le-successeur-darnaud-kalimuendo\/","name":"Transferts : Rennes a trouv\u00e9 le successeur d'Arnaud Kalimuendo","isPartOf":{"@id":"https:\/\/dicodusport.fr\/blog\/#website"},"primaryImageOfPage":{"@id":"https:\/\/dicodusport.fr\/blog\/transferts-rennes-a-trouve-le-successeur-darnaud-kalimuendo\/#primaryimage"},"image":{"@id":"https:\/\/dicodusport.fr\/blog\/transferts-rennes-a-trouve-le-successeur-darnaud-kalimuendo\/#primaryimage"},"thumbnailUrl":"https:\/\/dicodusport.fr\/blog\/wp-content\/uploads\/2025\/08\/Transferts-Rennes-a-trouve-le-successeur-dArnaud-Kalimuendo.png","datePublished":"2025-08-17T15:32:18+00:00","dateModified":"2025-08-17T16:25:15+00:00","description":"TRANSFERTS - En qu\u00eate d'un rempla\u00e7ant \u00e0 Arnaud Kalimuendo sur le front de l'attaque, le Stade Rennais prospecte au Portugal.","breadcrumb":{"@id":"https:\/\/dicodusport.fr\/blog\/transferts-rennes-a-trouve-le-successeur-darnaud-kalimuendo\/#breadcrumb"},"inLanguage":"fr-FR","potentialAction":[{"@type":"ReadAction","target":["https:\/\/dicodusport.fr\/blog\/transferts-rennes-a-trouve-le-successeur-darnaud-kalimuendo\/"]}]},{"@type":"ImageObject","inLanguage":"fr-FR","@id":"https:\/\/dicodusport.fr\/blog\/transferts-rennes-a-trouve-le-successeur-darnaud-kalimuendo\/#primaryimage","url":"https:\/\/dicodusport.fr\/blog\/wp-content\/uploads\/2025\/08\/Transferts-Rennes-a-trouve-le-successeur-dArnaud-Kalimuendo.png","contentUrl":"https:\/\/dicodusport.fr\/blog\/wp-content\/uploads\/2025\/08\/Transferts-Rennes-a-trouve-le-successeur-dArnaud-Kalimuendo.png","width":1200,"height":674,"caption":"Transferts : Rennes a trouv\u00e9 le successeur d'Arnaud Kalimuendo"},{"@type":"BreadcrumbList","@id":"https:\/\/dicodusport.fr\/blog\/transferts-rennes-a-trouve-le-successeur-darnaud-kalimuendo\/#breadcrumb","itemListElement":[{"@type":"ListItem","position":1,"name":"Accueil","item":"https:\/\/dicodusport.fr\/blog\/"},{"@type":"ListItem","position":2,"name":"Transferts : Rennes a trouv\u00e9 le successeur d&rsquo;Arnaud Kalimuendo"}]},{"@type":"WebSite","@id":"https:\/\/dicodusport.fr\/blog\/#website","url":"https:\/\/dicodusport.fr\/blog\/","name":"Dicodusport","description":"L&#039;encyclop\u00e9die de l&#039;actualit\u00e9 sportive","publisher":{"@id":"https:\/\/dicodusport.fr\/blog\/#organization"},"potentialAction":[{"@type":"SearchAction","target":{"@type":"EntryPoint","urlTemplate":"https:\/\/dicodusport.fr\/blog\/?s={search_term_string}"},"query-input":{"@type":"PropertyValueSpecification","valueRequired":true,"valueName":"search_term_string"}}],"inLanguage":"fr-FR"},{"@type":"NewsMediaOrganization","@id":"https:\/\/dicodusport.fr\/blog\/#organization","name":"Dicodusport","url":"https:\/\/dicodusport.fr\/blog\/","logo":{"@type":"ImageObject","inLanguage":"fr-FR","@id":"https:\/\/dicodusport.fr\/blog\/#\/schema\/logo\/image\/","url":"https:\/\/dicodusport.fr\/blog\/wp-content\/uploads\/2020\/06\/cropped-LOGO-DICODUSPORT-2020-SANS-FOND-SANS-TEXTE.png","contentUrl":"https:\/\/dicodusport.fr\/blog\/wp-content\/uploads\/2020\/06\/cropped-LOGO-DICODUSPORT-2020-SANS-FOND-SANS-TEXTE.png","width":512,"height":512,"caption":"Dicodusport"},"image":{"@id":"https:\/\/dicodusport.fr\/blog\/#\/schema\/logo\/image\/"},"sameAs":["https:\/\/www.facebook.com\/dicodusport","https:\/\/x.com\/dicodusport","https:\/\/www.instagram.com\/dicodusport\/","https:\/\/www.youtube.com\/channel\/UC7V2KZ5sd3htJivAbA4ZG3w"],"description":"Dicodusport est l'encyclop\u00e9die de l'actualit\u00e9 sportive.","email":"bonjour@dicodusport.fr","legalName":"DICODUSPORT","foundingDate":"2018-01-14","vatID":"FR71834470973","taxID":"83447097300043","numberOfEmployees":{"@type":"QuantitativeValue","minValue":"1","maxValue":"10"}},{"@type":"Person","@id":"https:\/\/dicodusport.fr\/blog\/#\/schema\/person\/37def232098a7a5cbab3974a3690abb0","name":"Maxime Cazenave","image":{"@type":"ImageObject","inLanguage":"fr-FR","@id":"https:\/\/dicodusport.fr\/blog\/#\/schema\/person\/image\/","url":"https:\/\/dicodusport.fr\/blog\/wp-content\/uploads\/2021\/05\/Maxime-Cazenave-150x150.jpg","contentUrl":"https:\/\/dicodusport.fr\/blog\/wp-content\/uploads\/2021\/05\/Maxime-Cazenave-150x150.jpg","caption":"Maxime Cazenave"},"description":"Journaliste\/R\u00e9dacteur depuis 2012 - Berc\u00e9 par l\u2019amour des Girondins de Bordeaux, les \u00e9checs de Christophe Moreau sur le Tour de France sous l'\u00e8re Lance Armstrong et le fade-away l\u00e9tal de Dirk Nowitzki, ma passion d\u00e9vorante pour le sport a toujours \u00e9t\u00e9 un pan incontournable de ma vie. Transmettre ma passion \u00e0 l\u2019\u00e9crit a \u00e9t\u00e9 une transition naturelle. Suiveur assidu de basket et de hockey sur glace, je garde toujours un peu de place pour suivre le cyclisme, le football et le maximum de performances fran\u00e7aises.","sameAs":["https:\/\/x.com\/https:\/\/twitter.com\/Maxime_Caze"],"url":"https:\/\/dicodusport.fr\/blog\/author\/maximec\/"}]}},"_links":{"self":[{"href":"https:\/\/dicodusport.fr\/blog\/wp-json\/wp\/v2\/posts\/603599","targetHints":{"allow":["GET"]}}],"collection":[{"href":"https:\/\/dicodusport.fr\/blog\/wp-json\/wp\/v2\/posts"}],"about":[{"href":"https:\/\/dicodusport.fr\/blog\/wp-json\/wp\/v2\/types\/post"}],"author":[{"embeddable":true,"href":"https:\/\/dicodusport.fr\/blog\/wp-json\/wp\/v2\/users\/55"}],"replies":[{"embeddable":true,"href":"https:\/\/dicodusport.fr\/blog\/wp-json\/wp\/v2\/comments?post=603599"}],"version-history":[{"count":3,"href":"https:\/\/dicodusport.fr\/blog\/wp-json\/wp\/v2\/posts\/603599\/revisions"}],"predecessor-version":[{"id":603605,"href":"https:\/\/dicodusport.fr\/blog\/wp-json\/wp\/v2\/posts\/603599\/revisions\/603605"}],"wp:featuredmedia":[{"embeddable":true,"href":"https:\/\/dicodusport.fr\/blog\/wp-json\/wp\/v2\/media\/603601"}],"wp:attachment":[{"href":"https:\/\/dicodusport.fr\/blog\/wp-json\/wp\/v2\/media?parent=603599"}],"wp:term":[{"taxonomy":"category","embeddable":true,"href":"https:\/\/dicodusport.fr\/blog\/wp-json\/wp\/v2\/categories?post=603599"},{"taxonomy":"post_tag","embeddable":true,"href":"https:\/\/dicodusport.fr\/blog\/wp-json\/wp\/v2\/tags?post=603599"}],"curies":[{"name":"wp","href":"https:\/\/api.w.org\/{rel}","templated":true}]}}