{"id":603745,"date":"2025-08-18T16:19:31","date_gmt":"2025-08-18T14:19:31","guid":{"rendered":"https:\/\/dicodusport.fr\/blog\/?p=603745&#038;preview=true&#038;preview_id=603745"},"modified":"2025-08-18T16:24:22","modified_gmt":"2025-08-18T14:24:22","slug":"tour-du-limousin-2025-engages-chaine-tv-et-favoris","status":"publish","type":"post","link":"https:\/\/dicodusport.fr\/blog\/tour-du-limousin-2025-engages-chaine-tv-et-favoris\/","title":{"rendered":"Tour du Limousin 2025 : Engag\u00e9s, Cha\u00eene TV et Favoris"},"content":{"rendered":"<p style=\"text-align: justify;\"><strong><em>CYCLISME SUR ROUTE 2025 \u2013 Retrouvez les engag\u00e9s, les favoris et le programme TV du Tour du Limousin 2025 qui se d\u00e9roule du 19 au 22 ao\u00fbt.\u00a0<\/em><\/strong><\/p>\n<p style=\"text-align: justify;\">Qui pour succ\u00e9der \u00e0 <strong>Alex<\/strong> <strong>Baudin<\/strong> (EF Education EasyPost), <a href=\"https:\/\/dicodusport.fr\/blog\/tour-du-limousin-2024-la-derniere-etape-pour-mathieu-burgaudeau-le-general-pour-alex-baudin\/\">vainqueur en 2024<\/a> ? Le coureur fran\u00e7ais n&rsquo;est pas au d\u00e9part cette ann\u00e9e, car sa formation n&rsquo;aligne pas d&rsquo;\u00e9quipe. Il y aura cinq \u00e9quipes World Tour au d\u00e9part, dont <strong>Intermarch\u00e9-Wanty<\/strong> qui aligne notamment <strong>Lorenzo<\/strong> <strong>Rota<\/strong> au d\u00e9part. L&rsquo;Italien vit une saison compliqu\u00e9e et voudra se relancer sur les routes limousines.<\/p>\n<ul style=\"text-align: justify;\">\n<li><strong>\u00c0 ce sujet &#8211; <a href=\"https:\/\/dicodusport.fr\/blog\/tour-du-limousin-2025-parcours-detaille-et-profils-des-etapes\/\" target=\"_blank\" rel=\"noopener\">Tour du Limousin 2025 : Parcours d\u00e9taill\u00e9 et profils des \u00e9tapes<\/a><\/strong><\/li>\n<\/ul>\n<h2 style=\"text-align: justify;\">Nicolas Prodhomme sur sa lanc\u00e9e ?<\/h2>\n<p style=\"text-align: justify;\"><a href=\"https:\/\/dicodusport.fr\/blog\/la-polynormande-2025-nicolas-prodhomme-simpose-en-solitaire\/\">Vainqueur de la <strong>Polynormande<\/strong> dimanche<\/a>, <strong>Nicolas<\/strong> <strong>Prodhomme<\/strong> (D\u00e9cathlon AG2R La Mondiale) sera le grand favori de l&rsquo;\u00e9preuve. Le grimpeur fran\u00e7ais montre un niveau exceptionnel ces derniers mois. Il sera notamment \u00e9paul\u00e9 par <strong>Paul<\/strong> <strong>Lapeira<\/strong>, <strong>Victor<\/strong> <strong>Lafay<\/strong>, <strong>Andrea<\/strong> <strong>Vendrame<\/strong> ou encore <strong>Geoffrey<\/strong> <strong>Bouchard<\/strong>.<\/p>\n<ul style=\"text-align: justify;\">\n<li><strong>\u00c0 ce sujet &#8211; <a href=\"https:\/\/dicodusport.fr\/blog\/actualites\/cyclisme\/cyclisme-sur-route\/\">L&rsquo;actualit\u00e9 du cyclisme sur route<\/a><\/strong><\/li>\n<\/ul>\n<p style=\"text-align: justify;\">Parmi les autres coureurs \u00e0 suivre, on peut citer <strong>Dylan<\/strong> <strong>Teuns<\/strong> (Cofidis), <strong>Ewen<\/strong> <strong>Costiou<\/strong> (Ark\u00e9a &#8211; B&amp;B Hotels), <strong>Quentin<\/strong> <strong>Pacher<\/strong> (Groupama &#8211; FDJ), <strong>Mathieu<\/strong> <strong>Burgaudeau<\/strong> (TotalEnergies) ou encore <strong>Urko<\/strong> <strong>Berrade<\/strong> (Equipo Kern Pharma) Quatre \u00e9tapes sont au programme pour le peloton du <strong>Tour du Limousin 2025<\/strong>.<\/p>\n<h2 style=\"text-align: justify;\">Heure et Chaine TV du Tour du Limousin 2025<\/h2>\n<h3 style=\"text-align: justify;\">Mardi 19 ao\u00fbt &#8211; 1\u00e8re \u00e9tape<\/h3>\n<p style=\"text-align: justify;\">15h20 : Eurosport Max<br \/>\n15h25 : France 3 Limousin, NoA, P\u00e9rigords<\/p>\n<h3 style=\"text-align: justify;\">Mercredi 20 ao\u00fbt &#8211; 2\u00e8me \u00e9tape<\/h3>\n<p style=\"text-align: justify;\">15h20 : Eurosport Max<br \/>\n15h25 : France 3 Limousin, NoA, P\u00e9rigords<\/p>\n<h3 style=\"text-align: justify;\">Jeudi 21 ao\u00fbt &#8211; 3\u00e8me \u00e9tape<\/h3>\n<p style=\"text-align: justify;\">15h20 : Eurosport Max<br \/>\n15h25 : France 3 Limousin, NoA, P\u00e9rigords<\/p>\n<h3 style=\"text-align: justify;\">Vendredi 22 ao\u00fbt &#8211; 4\u00e8me \u00e9tape<\/h3>\n<p style=\"text-align: justify;\">15h20 : Eurosport Max<br \/>\n15h25 : France 3 Limousin, NoA, P\u00e9rigords<\/p>\n<h2 style=\"text-align: justify;\">Les engag\u00e9s du Tour du Limousin 2025<\/h2>\n<p style=\"text-align: justify;\"><a href=\"https:\/\/dicodusport.fr\/blog\/wp-content\/uploads\/2025\/08\/Engages-Tour-du-Limousin-2025.pdf\" class=\"pdfemb-viewer\" style=\"\" data-width=\"max\" data-height=\"max\"  data-toolbar=\"both\" data-toolbar-fixed=\"on\">Engage\u0301s Tour du Limousin 2025<br\/><\/a>\n","protected":false},"excerpt":{"rendered":"<p>CYCLISME SUR ROUTE 2025 \u2013 Retrouvez les engag\u00e9s, les favoris et le programme TV du Tour du Limousin 2025 qui se d\u00e9roule du 19 au 22 ao\u00fbt.\u00a0<\/p>\n","protected":false},"author":1,"featured_media":603746,"comment_status":"open","ping_status":"closed","sticky":false,"template":"","format":"standard","meta":{"_acf_changed":false,"_daextam_enable_autolinks":"1","footnotes":""},"categories":[44295,46994],"tags":[16878,8799,5778],"class_list":["post-603745","post","type-post","status-publish","format-standard","has-post-thumbnail","hentry","category-chaine-tv","category-cyclisme-sur-route","tag-breve","tag-programme-tv","tag-tour-du-limousin"],"acf":[],"yoast_head":"<!-- This site is optimized with the Yoast SEO Premium plugin v26.7 (Yoast SEO v26.7) - https:\/\/yoast.com\/wordpress\/plugins\/seo\/ -->\n<title>Tour du Limousin 2025 : Engag\u00e9s, Cha\u00eene TV et Favoris<\/title>\n<meta name=\"description\" content=\"CYCLISME SUR ROUTE 2025 \u2013 Retrouvez les engag\u00e9s, les favoris et le programme TV du Tour du Limousin 2025 qui se d\u00e9roule du 19 au 22 ao\u00fbt.\u00a0\" \/>\n<meta name=\"robots\" content=\"index, follow, max-snippet:-1, max-image-preview:large, max-video-preview:-1\" \/>\n<link rel=\"canonical\" href=\"https:\/\/dicodusport.fr\/blog\/tour-du-limousin-2025-engages-chaine-tv-et-favoris\/\" \/>\n<meta property=\"og:locale\" content=\"fr_FR\" \/>\n<meta property=\"og:type\" content=\"article\" \/>\n<meta property=\"og:title\" content=\"Tour du Limousin 2025 : Engag\u00e9s, Cha\u00eene TV et Favoris\" \/>\n<meta property=\"og:description\" content=\"CYCLISME SUR ROUTE 2025 \u2013 Retrouvez les engag\u00e9s, les favoris et le programme TV du Tour du Limousin 2025 qui se d\u00e9roule du 19 au 22 ao\u00fbt.\u00a0\" \/>\n<meta property=\"og:url\" content=\"https:\/\/dicodusport.fr\/blog\/tour-du-limousin-2025-engages-chaine-tv-et-favoris\/\" \/>\n<meta property=\"og:site_name\" content=\"Dicodusport\" \/>\n<meta property=\"article:publisher\" content=\"https:\/\/www.facebook.com\/dicodusport\" \/>\n<meta property=\"article:author\" content=\"https:\/\/www.facebook.com\/dicodusport\" \/>\n<meta property=\"article:published_time\" content=\"2025-08-18T14:19:31+00:00\" \/>\n<meta property=\"article:modified_time\" content=\"2025-08-18T14:24:22+00:00\" \/>\n<meta property=\"og:image\" content=\"https:\/\/dicodusport.fr\/blog\/wp-content\/uploads\/2025\/08\/Tour-du-Limousin-2025-Engages-Chaine-TV-et-Favoris.png\" \/>\n\t<meta property=\"og:image:width\" content=\"1200\" \/>\n\t<meta property=\"og:image:height\" content=\"674\" \/>\n\t<meta property=\"og:image:type\" content=\"image\/png\" \/>\n<meta name=\"author\" content=\"Nicolas Jacquemard\" \/>\n<meta name=\"twitter:card\" content=\"summary_large_image\" \/>\n<meta name=\"twitter:title\" content=\"Tour du Limousin 2025 : Engag\u00e9s, Cha\u00eene TV et Favoris\" \/>\n<meta name=\"twitter:creator\" content=\"@https:\/\/twitter.com\/Nico_Jacquemard\" \/>\n<meta name=\"twitter:site\" content=\"@dicodusport\" \/>\n<script type=\"application\/ld+json\" class=\"yoast-schema-graph\">{\"@context\":\"https:\/\/schema.org\",\"@graph\":[{\"@type\":\"NewsArticle\",\"@id\":\"https:\/\/dicodusport.fr\/blog\/tour-du-limousin-2025-engages-chaine-tv-et-favoris\/#article\",\"isPartOf\":{\"@id\":\"https:\/\/dicodusport.fr\/blog\/tour-du-limousin-2025-engages-chaine-tv-et-favoris\/\"},\"author\":{\"name\":\"Nicolas Jacquemard\",\"@id\":\"https:\/\/dicodusport.fr\/blog\/#\/schema\/person\/55dcb50ad410894e431ed812bbb70191\"},\"headline\":\"Tour du Limousin 2025 : Engag\u00e9s, Cha\u00eene TV et Favoris\",\"datePublished\":\"2025-08-18T14:19:31+00:00\",\"dateModified\":\"2025-08-18T14:24:22+00:00\",\"mainEntityOfPage\":{\"@id\":\"https:\/\/dicodusport.fr\/blog\/tour-du-limousin-2025-engages-chaine-tv-et-favoris\/\"},\"wordCount\":315,\"commentCount\":0,\"publisher\":{\"@id\":\"https:\/\/dicodusport.fr\/blog\/#organization\"},\"image\":{\"@id\":\"https:\/\/dicodusport.fr\/blog\/tour-du-limousin-2025-engages-chaine-tv-et-favoris\/#primaryimage\"},\"thumbnailUrl\":\"https:\/\/dicodusport.fr\/blog\/wp-content\/uploads\/2025\/08\/Tour-du-Limousin-2025-Engages-Chaine-TV-et-Favoris.png\",\"keywords\":[\"br\u00e8ve\",\"Programme TV\",\"Tour du Limousin\"],\"articleSection\":[\"Cha\u00eene TV\",\"Cyclisme sur route\"],\"inLanguage\":\"fr-FR\",\"potentialAction\":[{\"@type\":\"CommentAction\",\"name\":\"Comment\",\"target\":[\"https:\/\/dicodusport.fr\/blog\/tour-du-limousin-2025-engages-chaine-tv-et-favoris\/#respond\"]}],\"copyrightYear\":\"2025\",\"copyrightHolder\":{\"@id\":\"https:\/\/dicodusport.fr\/blog\/#organization\"}},{\"@type\":\"WebPage\",\"@id\":\"https:\/\/dicodusport.fr\/blog\/tour-du-limousin-2025-engages-chaine-tv-et-favoris\/\",\"url\":\"https:\/\/dicodusport.fr\/blog\/tour-du-limousin-2025-engages-chaine-tv-et-favoris\/\",\"name\":\"Tour du Limousin 2025 : Engag\u00e9s, Cha\u00eene TV et Favoris\",\"isPartOf\":{\"@id\":\"https:\/\/dicodusport.fr\/blog\/#website\"},\"primaryImageOfPage\":{\"@id\":\"https:\/\/dicodusport.fr\/blog\/tour-du-limousin-2025-engages-chaine-tv-et-favoris\/#primaryimage\"},\"image\":{\"@id\":\"https:\/\/dicodusport.fr\/blog\/tour-du-limousin-2025-engages-chaine-tv-et-favoris\/#primaryimage\"},\"thumbnailUrl\":\"https:\/\/dicodusport.fr\/blog\/wp-content\/uploads\/2025\/08\/Tour-du-Limousin-2025-Engages-Chaine-TV-et-Favoris.png\",\"datePublished\":\"2025-08-18T14:19:31+00:00\",\"dateModified\":\"2025-08-18T14:24:22+00:00\",\"description\":\"CYCLISME SUR ROUTE 2025 \u2013 Retrouvez les engag\u00e9s, les favoris et le programme TV du Tour du Limousin 2025 qui se d\u00e9roule du 19 au 22 ao\u00fbt.\u00a0\",\"breadcrumb\":{\"@id\":\"https:\/\/dicodusport.fr\/blog\/tour-du-limousin-2025-engages-chaine-tv-et-favoris\/#breadcrumb\"},\"inLanguage\":\"fr-FR\",\"potentialAction\":[{\"@type\":\"ReadAction\",\"target\":[\"https:\/\/dicodusport.fr\/blog\/tour-du-limousin-2025-engages-chaine-tv-et-favoris\/\"]}]},{\"@type\":\"ImageObject\",\"inLanguage\":\"fr-FR\",\"@id\":\"https:\/\/dicodusport.fr\/blog\/tour-du-limousin-2025-engages-chaine-tv-et-favoris\/#primaryimage\",\"url\":\"https:\/\/dicodusport.fr\/blog\/wp-content\/uploads\/2025\/08\/Tour-du-Limousin-2025-Engages-Chaine-TV-et-Favoris.png\",\"contentUrl\":\"https:\/\/dicodusport.fr\/blog\/wp-content\/uploads\/2025\/08\/Tour-du-Limousin-2025-Engages-Chaine-TV-et-Favoris.png\",\"width\":1200,\"height\":674},{\"@type\":\"BreadcrumbList\",\"@id\":\"https:\/\/dicodusport.fr\/blog\/tour-du-limousin-2025-engages-chaine-tv-et-favoris\/#breadcrumb\",\"itemListElement\":[{\"@type\":\"ListItem\",\"position\":1,\"name\":\"Accueil\",\"item\":\"https:\/\/dicodusport.fr\/blog\/\"},{\"@type\":\"ListItem\",\"position\":2,\"name\":\"Tour du Limousin 2025 : Engag\u00e9s, Cha\u00eene TV et Favoris\"}]},{\"@type\":\"WebSite\",\"@id\":\"https:\/\/dicodusport.fr\/blog\/#website\",\"url\":\"https:\/\/dicodusport.fr\/blog\/\",\"name\":\"Dicodusport\",\"description\":\"L&#039;encyclop\u00e9die de l&#039;actualit\u00e9 sportive\",\"publisher\":{\"@id\":\"https:\/\/dicodusport.fr\/blog\/#organization\"},\"potentialAction\":[{\"@type\":\"SearchAction\",\"target\":{\"@type\":\"EntryPoint\",\"urlTemplate\":\"https:\/\/dicodusport.fr\/blog\/?s={search_term_string}\"},\"query-input\":{\"@type\":\"PropertyValueSpecification\",\"valueRequired\":true,\"valueName\":\"search_term_string\"}}],\"inLanguage\":\"fr-FR\"},{\"@type\":\"NewsMediaOrganization\",\"@id\":\"https:\/\/dicodusport.fr\/blog\/#organization\",\"name\":\"Dicodusport\",\"url\":\"https:\/\/dicodusport.fr\/blog\/\",\"logo\":{\"@type\":\"ImageObject\",\"inLanguage\":\"fr-FR\",\"@id\":\"https:\/\/dicodusport.fr\/blog\/#\/schema\/logo\/image\/\",\"url\":\"https:\/\/dicodusport.fr\/blog\/wp-content\/uploads\/2020\/06\/cropped-LOGO-DICODUSPORT-2020-SANS-FOND-SANS-TEXTE.png\",\"contentUrl\":\"https:\/\/dicodusport.fr\/blog\/wp-content\/uploads\/2020\/06\/cropped-LOGO-DICODUSPORT-2020-SANS-FOND-SANS-TEXTE.png\",\"width\":512,\"height\":512,\"caption\":\"Dicodusport\"},\"image\":{\"@id\":\"https:\/\/dicodusport.fr\/blog\/#\/schema\/logo\/image\/\"},\"sameAs\":[\"https:\/\/www.facebook.com\/dicodusport\",\"https:\/\/x.com\/dicodusport\",\"https:\/\/www.instagram.com\/dicodusport\/\",\"https:\/\/www.youtube.com\/channel\/UC7V2KZ5sd3htJivAbA4ZG3w\"],\"description\":\"Dicodusport est l'encyclop\u00e9die de l'actualit\u00e9 sportive.\",\"email\":\"bonjour@dicodusport.fr\",\"legalName\":\"DICODUSPORT\",\"foundingDate\":\"2018-01-14\",\"vatID\":\"FR71834470973\",\"taxID\":\"83447097300043\",\"numberOfEmployees\":{\"@type\":\"QuantitativeValue\",\"minValue\":\"1\",\"maxValue\":\"10\"}},{\"@type\":\"Person\",\"@id\":\"https:\/\/dicodusport.fr\/blog\/#\/schema\/person\/55dcb50ad410894e431ed812bbb70191\",\"name\":\"Nicolas Jacquemard\",\"image\":{\"@type\":\"ImageObject\",\"inLanguage\":\"fr-FR\",\"@id\":\"https:\/\/dicodusport.fr\/blog\/#\/schema\/person\/image\/\",\"url\":\"https:\/\/dicodusport.fr\/blog\/wp-content\/uploads\/2021\/05\/Nicolas-Jacquemard-150x150.jpeg\",\"contentUrl\":\"https:\/\/dicodusport.fr\/blog\/wp-content\/uploads\/2021\/05\/Nicolas-Jacquemard-150x150.jpeg\",\"caption\":\"Nicolas Jacquemard\"},\"description\":\"Passionn\u00e9 de sport et entrepreneur depuis mes 18 ans, la cr\u00e9ation de Dicodusport m'a sembl\u00e9 \u00e9vidente pour participer \u00e0 la m\u00e9diatisation d'un plus grand nombre de sports. Le chemin est long mais avec une \u00e9quipe des plus motiv\u00e9es et les Jeux Olympiques de Paris 2024 en point de mire, nous y arriverons ! Journaliste dans le monde du sport depuis plus de 5 ans, je traite aussi bien de football, de rugby, de biathlon que de cyclisme.\",\"sameAs\":[\"https:\/\/www.facebook.com\/dicodusport\",\"https:\/\/x.com\/https:\/\/twitter.com\/Nico_Jacquemard\"],\"url\":\"https:\/\/dicodusport.fr\/blog\/author\/dicodusport\/\"}]}<\/script>\n<!-- \/ Yoast SEO Premium plugin. -->","yoast_head_json":{"title":"Tour du Limousin 2025 : Engag\u00e9s, Cha\u00eene TV et Favoris","description":"CYCLISME SUR ROUTE 2025 \u2013 Retrouvez les engag\u00e9s, les favoris et le programme TV du Tour du Limousin 2025 qui se d\u00e9roule du 19 au 22 ao\u00fbt.\u00a0","robots":{"index":"index","follow":"follow","max-snippet":"max-snippet:-1","max-image-preview":"max-image-preview:large","max-video-preview":"max-video-preview:-1"},"canonical":"https:\/\/dicodusport.fr\/blog\/tour-du-limousin-2025-engages-chaine-tv-et-favoris\/","og_locale":"fr_FR","og_type":"article","og_title":"Tour du Limousin 2025 : Engag\u00e9s, Cha\u00eene TV et Favoris","og_description":"CYCLISME SUR ROUTE 2025 \u2013 Retrouvez les engag\u00e9s, les favoris et le programme TV du Tour du Limousin 2025 qui se d\u00e9roule du 19 au 22 ao\u00fbt.\u00a0","og_url":"https:\/\/dicodusport.fr\/blog\/tour-du-limousin-2025-engages-chaine-tv-et-favoris\/","og_site_name":"Dicodusport","article_publisher":"https:\/\/www.facebook.com\/dicodusport","article_author":"https:\/\/www.facebook.com\/dicodusport","article_published_time":"2025-08-18T14:19:31+00:00","article_modified_time":"2025-08-18T14:24:22+00:00","og_image":[{"width":1200,"height":674,"url":"https:\/\/dicodusport.fr\/blog\/wp-content\/uploads\/2025\/08\/Tour-du-Limousin-2025-Engages-Chaine-TV-et-Favoris.png","type":"image\/png"}],"author":"Nicolas Jacquemard","twitter_card":"summary_large_image","twitter_title":"Tour du Limousin 2025 : Engag\u00e9s, Cha\u00eene TV et Favoris","twitter_creator":"@https:\/\/twitter.com\/Nico_Jacquemard","twitter_site":"@dicodusport","schema":{"@context":"https:\/\/schema.org","@graph":[{"@type":"NewsArticle","@id":"https:\/\/dicodusport.fr\/blog\/tour-du-limousin-2025-engages-chaine-tv-et-favoris\/#article","isPartOf":{"@id":"https:\/\/dicodusport.fr\/blog\/tour-du-limousin-2025-engages-chaine-tv-et-favoris\/"},"author":{"name":"Nicolas Jacquemard","@id":"https:\/\/dicodusport.fr\/blog\/#\/schema\/person\/55dcb50ad410894e431ed812bbb70191"},"headline":"Tour du Limousin 2025 : Engag\u00e9s, Cha\u00eene TV et Favoris","datePublished":"2025-08-18T14:19:31+00:00","dateModified":"2025-08-18T14:24:22+00:00","mainEntityOfPage":{"@id":"https:\/\/dicodusport.fr\/blog\/tour-du-limousin-2025-engages-chaine-tv-et-favoris\/"},"wordCount":315,"commentCount":0,"publisher":{"@id":"https:\/\/dicodusport.fr\/blog\/#organization"},"image":{"@id":"https:\/\/dicodusport.fr\/blog\/tour-du-limousin-2025-engages-chaine-tv-et-favoris\/#primaryimage"},"thumbnailUrl":"https:\/\/dicodusport.fr\/blog\/wp-content\/uploads\/2025\/08\/Tour-du-Limousin-2025-Engages-Chaine-TV-et-Favoris.png","keywords":["br\u00e8ve","Programme TV","Tour du Limousin"],"articleSection":["Cha\u00eene TV","Cyclisme sur route"],"inLanguage":"fr-FR","potentialAction":[{"@type":"CommentAction","name":"Comment","target":["https:\/\/dicodusport.fr\/blog\/tour-du-limousin-2025-engages-chaine-tv-et-favoris\/#respond"]}],"copyrightYear":"2025","copyrightHolder":{"@id":"https:\/\/dicodusport.fr\/blog\/#organization"}},{"@type":"WebPage","@id":"https:\/\/dicodusport.fr\/blog\/tour-du-limousin-2025-engages-chaine-tv-et-favoris\/","url":"https:\/\/dicodusport.fr\/blog\/tour-du-limousin-2025-engages-chaine-tv-et-favoris\/","name":"Tour du Limousin 2025 : Engag\u00e9s, Cha\u00eene TV et Favoris","isPartOf":{"@id":"https:\/\/dicodusport.fr\/blog\/#website"},"primaryImageOfPage":{"@id":"https:\/\/dicodusport.fr\/blog\/tour-du-limousin-2025-engages-chaine-tv-et-favoris\/#primaryimage"},"image":{"@id":"https:\/\/dicodusport.fr\/blog\/tour-du-limousin-2025-engages-chaine-tv-et-favoris\/#primaryimage"},"thumbnailUrl":"https:\/\/dicodusport.fr\/blog\/wp-content\/uploads\/2025\/08\/Tour-du-Limousin-2025-Engages-Chaine-TV-et-Favoris.png","datePublished":"2025-08-18T14:19:31+00:00","dateModified":"2025-08-18T14:24:22+00:00","description":"CYCLISME SUR ROUTE 2025 \u2013 Retrouvez les engag\u00e9s, les favoris et le programme TV du Tour du Limousin 2025 qui se d\u00e9roule du 19 au 22 ao\u00fbt.\u00a0","breadcrumb":{"@id":"https:\/\/dicodusport.fr\/blog\/tour-du-limousin-2025-engages-chaine-tv-et-favoris\/#breadcrumb"},"inLanguage":"fr-FR","potentialAction":[{"@type":"ReadAction","target":["https:\/\/dicodusport.fr\/blog\/tour-du-limousin-2025-engages-chaine-tv-et-favoris\/"]}]},{"@type":"ImageObject","inLanguage":"fr-FR","@id":"https:\/\/dicodusport.fr\/blog\/tour-du-limousin-2025-engages-chaine-tv-et-favoris\/#primaryimage","url":"https:\/\/dicodusport.fr\/blog\/wp-content\/uploads\/2025\/08\/Tour-du-Limousin-2025-Engages-Chaine-TV-et-Favoris.png","contentUrl":"https:\/\/dicodusport.fr\/blog\/wp-content\/uploads\/2025\/08\/Tour-du-Limousin-2025-Engages-Chaine-TV-et-Favoris.png","width":1200,"height":674},{"@type":"BreadcrumbList","@id":"https:\/\/dicodusport.fr\/blog\/tour-du-limousin-2025-engages-chaine-tv-et-favoris\/#breadcrumb","itemListElement":[{"@type":"ListItem","position":1,"name":"Accueil","item":"https:\/\/dicodusport.fr\/blog\/"},{"@type":"ListItem","position":2,"name":"Tour du Limousin 2025 : Engag\u00e9s, Cha\u00eene TV et Favoris"}]},{"@type":"WebSite","@id":"https:\/\/dicodusport.fr\/blog\/#website","url":"https:\/\/dicodusport.fr\/blog\/","name":"Dicodusport","description":"L&#039;encyclop\u00e9die de l&#039;actualit\u00e9 sportive","publisher":{"@id":"https:\/\/dicodusport.fr\/blog\/#organization"},"potentialAction":[{"@type":"SearchAction","target":{"@type":"EntryPoint","urlTemplate":"https:\/\/dicodusport.fr\/blog\/?s={search_term_string}"},"query-input":{"@type":"PropertyValueSpecification","valueRequired":true,"valueName":"search_term_string"}}],"inLanguage":"fr-FR"},{"@type":"NewsMediaOrganization","@id":"https:\/\/dicodusport.fr\/blog\/#organization","name":"Dicodusport","url":"https:\/\/dicodusport.fr\/blog\/","logo":{"@type":"ImageObject","inLanguage":"fr-FR","@id":"https:\/\/dicodusport.fr\/blog\/#\/schema\/logo\/image\/","url":"https:\/\/dicodusport.fr\/blog\/wp-content\/uploads\/2020\/06\/cropped-LOGO-DICODUSPORT-2020-SANS-FOND-SANS-TEXTE.png","contentUrl":"https:\/\/dicodusport.fr\/blog\/wp-content\/uploads\/2020\/06\/cropped-LOGO-DICODUSPORT-2020-SANS-FOND-SANS-TEXTE.png","width":512,"height":512,"caption":"Dicodusport"},"image":{"@id":"https:\/\/dicodusport.fr\/blog\/#\/schema\/logo\/image\/"},"sameAs":["https:\/\/www.facebook.com\/dicodusport","https:\/\/x.com\/dicodusport","https:\/\/www.instagram.com\/dicodusport\/","https:\/\/www.youtube.com\/channel\/UC7V2KZ5sd3htJivAbA4ZG3w"],"description":"Dicodusport est l'encyclop\u00e9die de l'actualit\u00e9 sportive.","email":"bonjour@dicodusport.fr","legalName":"DICODUSPORT","foundingDate":"2018-01-14","vatID":"FR71834470973","taxID":"83447097300043","numberOfEmployees":{"@type":"QuantitativeValue","minValue":"1","maxValue":"10"}},{"@type":"Person","@id":"https:\/\/dicodusport.fr\/blog\/#\/schema\/person\/55dcb50ad410894e431ed812bbb70191","name":"Nicolas Jacquemard","image":{"@type":"ImageObject","inLanguage":"fr-FR","@id":"https:\/\/dicodusport.fr\/blog\/#\/schema\/person\/image\/","url":"https:\/\/dicodusport.fr\/blog\/wp-content\/uploads\/2021\/05\/Nicolas-Jacquemard-150x150.jpeg","contentUrl":"https:\/\/dicodusport.fr\/blog\/wp-content\/uploads\/2021\/05\/Nicolas-Jacquemard-150x150.jpeg","caption":"Nicolas Jacquemard"},"description":"Passionn\u00e9 de sport et entrepreneur depuis mes 18 ans, la cr\u00e9ation de Dicodusport m'a sembl\u00e9 \u00e9vidente pour participer \u00e0 la m\u00e9diatisation d'un plus grand nombre de sports. Le chemin est long mais avec une \u00e9quipe des plus motiv\u00e9es et les Jeux Olympiques de Paris 2024 en point de mire, nous y arriverons ! Journaliste dans le monde du sport depuis plus de 5 ans, je traite aussi bien de football, de rugby, de biathlon que de cyclisme.","sameAs":["https:\/\/www.facebook.com\/dicodusport","https:\/\/x.com\/https:\/\/twitter.com\/Nico_Jacquemard"],"url":"https:\/\/dicodusport.fr\/blog\/author\/dicodusport\/"}]}},"_links":{"self":[{"href":"https:\/\/dicodusport.fr\/blog\/wp-json\/wp\/v2\/posts\/603745","targetHints":{"allow":["GET"]}}],"collection":[{"href":"https:\/\/dicodusport.fr\/blog\/wp-json\/wp\/v2\/posts"}],"about":[{"href":"https:\/\/dicodusport.fr\/blog\/wp-json\/wp\/v2\/types\/post"}],"author":[{"embeddable":true,"href":"https:\/\/dicodusport.fr\/blog\/wp-json\/wp\/v2\/users\/1"}],"replies":[{"embeddable":true,"href":"https:\/\/dicodusport.fr\/blog\/wp-json\/wp\/v2\/comments?post=603745"}],"version-history":[{"count":2,"href":"https:\/\/dicodusport.fr\/blog\/wp-json\/wp\/v2\/posts\/603745\/revisions"}],"predecessor-version":[{"id":603754,"href":"https:\/\/dicodusport.fr\/blog\/wp-json\/wp\/v2\/posts\/603745\/revisions\/603754"}],"wp:featuredmedia":[{"embeddable":true,"href":"https:\/\/dicodusport.fr\/blog\/wp-json\/wp\/v2\/media\/603746"}],"wp:attachment":[{"href":"https:\/\/dicodusport.fr\/blog\/wp-json\/wp\/v2\/media?parent=603745"}],"wp:term":[{"taxonomy":"category","embeddable":true,"href":"https:\/\/dicodusport.fr\/blog\/wp-json\/wp\/v2\/categories?post=603745"},{"taxonomy":"post_tag","embeddable":true,"href":"https:\/\/dicodusport.fr\/blog\/wp-json\/wp\/v2\/tags?post=603745"}],"curies":[{"name":"wp","href":"https:\/\/api.w.org\/{rel}","templated":true}]}}