{"id":603927,"date":"2025-08-19T16:21:46","date_gmt":"2025-08-19T14:21:46","guid":{"rendered":"https:\/\/dicodusport.fr\/blog\/?p=603927&#038;preview=true&#038;preview_id=603927"},"modified":"2025-08-19T16:34:48","modified_gmt":"2025-08-19T14:34:48","slug":"transferts-om-marseille-veut-vendre-adrien-rabiot","status":"publish","type":"post","link":"https:\/\/dicodusport.fr\/blog\/transferts-om-marseille-veut-vendre-adrien-rabiot\/","title":{"rendered":"Transferts OM : Marseille veut vendre Adrien Rabiot"},"content":{"rendered":"<p style=\"text-align: justify;\"><strong><em>LIGUE 1 2025-2026 &#8211; Selon RTL, la m\u00e8re d&rsquo;Adrien Rabiot aurait confi\u00e9 que Roberto De Zerbi ne comptait plus sur Adrien Rabiot.\u00a0<\/em><\/strong><\/p>\n<ul style=\"text-align: justify;\">\n<li style=\"text-align: justify;\"><strong>\u00c0 lire aussi &#8211; <a href=\"https:\/\/dicodusport.fr\/blog\/transferts-om-marseille-piste-benjamin-pavard\/\" target=\"_blank\" rel=\"noopener\">Transferts OM : Marseille piste Benjamin Pavard<\/a><\/strong><\/li>\n<\/ul>\n<p style=\"text-align: justify;\">Seulement une journ\u00e9e et une d\u00e9faite et tout part d\u00e9j\u00e0 \u00e0 vau-l&rsquo;eau \u00e0 <strong>Marseille<\/strong>. <strong>Adrien<\/strong> <strong>Rabiot<\/strong> et <strong>Jonathan<\/strong> <strong>Rowe<\/strong> en sont venus aux mains dans le vestiaire apr\u00e8s le revers sur la pelouse du <strong>Stade<\/strong> <strong>Rennais<\/strong>. Les deux joueurs ont \u00e9t\u00e9 \u00e9cart\u00e9s du groupe de <b>Roberto De Zerbi<\/b>\u00a0et n&rsquo;ont pas pris part aux s\u00e9ances collectives de lundi et mardi.<\/p>\n<div class=\"vlp-link-container vlp-layout-article\"><a href=\"https:\/\/dicodusport.fr\/blog\/om-adrien-rabiot-et-jonathan-rowe-ecartes-apres-leur-altercation\/\" class=\"vlp-link\" title=\"OM : Adrien Rabiot et Jonathan Rowe \u00e9cart\u00e9s apr\u00e8s leur altercation\"><\/a><div class=\"vlp-layout-zone-side\"><div class=\"vlp-block-4 vlp-link-image\"><img loading=\"lazy\" decoding=\"async\" style=\"max-width: 792px;\" width=\"792\" height=\"445\" src=\"https:\/\/dicodusport.fr\/blog\/wp-content\/uploads\/2025\/08\/OM-Adrien-Rabiot-et-Jonathan-Rowe-ecartes-apres-leur-altercation.png\" class=\"attachment-800x445 size-800x445\" alt=\"\" srcset=\"https:\/\/dicodusport.fr\/blog\/wp-content\/uploads\/2025\/08\/OM-Adrien-Rabiot-et-Jonathan-Rowe-ecartes-apres-leur-altercation.png 1200w, https:\/\/dicodusport.fr\/blog\/wp-content\/uploads\/2025\/08\/OM-Adrien-Rabiot-et-Jonathan-Rowe-ecartes-apres-leur-altercation-300x169.png 300w, https:\/\/dicodusport.fr\/blog\/wp-content\/uploads\/2025\/08\/OM-Adrien-Rabiot-et-Jonathan-Rowe-ecartes-apres-leur-altercation-1024x575.png 1024w, https:\/\/dicodusport.fr\/blog\/wp-content\/uploads\/2025\/08\/OM-Adrien-Rabiot-et-Jonathan-Rowe-ecartes-apres-leur-altercation-768x431.png 768w\" sizes=\"auto, (max-width: 792px) 100vw, 792px\" \/><\/div><\/div><div class=\"vlp-layout-zone-main\"><div class=\"vlp-block-0 vlp-link-title\">OM : Adrien Rabiot et Jonathan Rowe \u00e9cart\u00e9s apr\u00e8s leur altercation<\/div><div class=\"vlp-block-1 vlp-link-summary\">LIGUE 1 2025-2026 - Selon RMC Sport, Adrien Rabiot et Jonathan Rowe ont \u00e9t\u00e9 \u00e9cart\u00e9s du groupe suite \u00e0 leur altercation \u00e0 l'issue du match perdu \u00e0 Rennes.\u00a0<\/div><div class=\"vlp-block-2 vlp-link-button\">Lire l'article<\/div><div class=\"vlp-block-3 vlp-link-url\">dicodusport.fr<\/div><\/div><\/div>\n<h2 style=\"text-align: justify;\">Adrien Rabiot pouss\u00e9 vers la sortie ?<\/h2>\n<p style=\"text-align: justify;\">Alors que La Provence annon\u00e7ait que les deux joueurs allaient \u00eatre r\u00e9int\u00e9gr\u00e9s dans le groupe d&rsquo;ici au deuxi\u00e8me match face au Paris FC, <strong>V\u00e9ronique<\/strong> <strong>Rabiot<\/strong> a fait des confidences \u00e0 nos confr\u00e8res. Selon elle, <strong>Roberto<\/strong> <strong>De<\/strong> <strong>Zerbi<\/strong> n&rsquo;aurait pas appr\u00e9ci\u00e9 l&rsquo;attitude <strong>d&rsquo;Adrien<\/strong> <strong>Rabiot<\/strong> et ne compterait plus sur lui. Autrement dit, l&rsquo;international fran\u00e7ais est \u00e0 vendre.<\/p>\n<p style=\"text-align: justify;\">Arriv\u00e9 l&rsquo;\u00e9t\u00e9 dernier, <strong>Adrien<\/strong> <strong>Rabiot<\/strong> s&rsquo;est rapidement impos\u00e9 comme un cadre de l&rsquo;effectif et avait confirm\u00e9 sa volont\u00e9 de poursuivre avec l&rsquo;<strong>OM<\/strong> malgr\u00e9 des propositions de l&rsquo;\u00e9tranger. Alors que la presse expliquait que <strong>Jonathan<\/strong> <strong>Rowe<\/strong> avait gifl\u00e9 le Fran\u00e7ais, une partie de l&rsquo;histoire pourrait manquer et expliquerait la nouvelle position de l&rsquo;entra\u00eeneur italien, qui serait m\u00e9content de l&rsquo;investissement de l&rsquo;international fran\u00e7ais.<\/p>\n<h2 style=\"text-align: justify;\">Le Milan AC sur le coup<\/h2>\n<p style=\"text-align: justify;\">Quelle porte de sortie pour <strong>Adrien<\/strong> <strong>Rabiot<\/strong> alors que le mercato se termine dans une dizaine de jours ? La <strong>Juventus<\/strong> a longtemps fait les yeux doux au milieu fran\u00e7ais, mais semble \u00eatre pass\u00e9 \u00e0 autre chose. Le <strong>Milan<\/strong> <strong>AC<\/strong> se serait r\u00e9cemment positionn\u00e9 pour recruter l&rsquo;ancien joueur du <strong>Paris Saint-Germain<\/strong>. <strong>Massimiliano<\/strong> <strong>Allegri<\/strong> en aurait fait une priorit\u00e9 pour la fin de ce march\u00e9 estival. Affaire \u00e0 suivre donc !<\/p>\n<h3 style=\"text-align: justify;\">\u00c0 ce sujet<\/h3>\n<div class=\"vlp-link-container vlp-layout-article\"><a href=\"https:\/\/dicodusport.fr\/blog\/mercato-om-2025-2026-le-tableau-complet-des-transferts-arrivees-et-departs\/\" class=\"vlp-link\" title=\"Mercato OM 2025-2026 : Le tableau complet des transferts, arriv\u00e9es et d\u00e9parts\"><\/a><div class=\"vlp-layout-zone-side\"><div class=\"vlp-block-4 vlp-link-image\"><img loading=\"lazy\" decoding=\"async\" style=\"max-width: 792px;\" width=\"792\" height=\"445\" src=\"https:\/\/dicodusport.fr\/blog\/wp-content\/uploads\/2025\/05\/Mercato-OM-2025-2026-Le-tableau-complet-des-transferts-arrivees-et-departs.png\" class=\"attachment-800x445 size-800x445\" alt=\"Mercato OM 2025-2026 Le tableau complet des transferts, arriv\u00e9es et d\u00e9parts\" srcset=\"https:\/\/dicodusport.fr\/blog\/wp-content\/uploads\/2025\/05\/Mercato-OM-2025-2026-Le-tableau-complet-des-transferts-arrivees-et-departs.png 1200w, https:\/\/dicodusport.fr\/blog\/wp-content\/uploads\/2025\/05\/Mercato-OM-2025-2026-Le-tableau-complet-des-transferts-arrivees-et-departs-300x169.png 300w, https:\/\/dicodusport.fr\/blog\/wp-content\/uploads\/2025\/05\/Mercato-OM-2025-2026-Le-tableau-complet-des-transferts-arrivees-et-departs-1024x575.png 1024w, https:\/\/dicodusport.fr\/blog\/wp-content\/uploads\/2025\/05\/Mercato-OM-2025-2026-Le-tableau-complet-des-transferts-arrivees-et-departs-768x431.png 768w\" sizes=\"auto, (max-width: 792px) 100vw, 792px\" \/><\/div><\/div><div class=\"vlp-layout-zone-main\"><div class=\"vlp-block-0 vlp-link-title\">Mercato OM 2025-2026 : Le tableau complet des transferts, arriv\u00e9es et d\u00e9parts<\/div><div class=\"vlp-block-1 vlp-link-summary\">TRANSFERTS OM - Retrouvez tous les mouvements de l'Olympique de Marseille pour l'intersaison 2025 en Ligue 1. Arriv\u00e9es, d\u00e9part, pr\u00eats, transferts d\u00e9finitifs, ne ratez rien du mercato estival.\u00a0<\/div><div class=\"vlp-block-2 vlp-link-button\">Lire l'article<\/div><div class=\"vlp-block-3 vlp-link-url\">dicodusport.fr<\/div><\/div><\/div>\n","protected":false},"excerpt":{"rendered":"<p>LIGUE 1 2025-2026 &#8211; Selon RTL, la m\u00e8re d&rsquo;Adrien Rabiot aurait confi\u00e9 que Roberto De Zerbi ne comptait plus sur Adrien Rabiot.\u00a0<\/p>\n","protected":false},"author":1,"featured_media":603931,"comment_status":"open","ping_status":"closed","sticky":false,"template":"","format":"standard","meta":{"_acf_changed":false,"_daextam_enable_autolinks":"1","footnotes":""},"categories":[47045],"tags":[16878,446,1889],"class_list":["post-603927","post","type-post","status-publish","format-standard","has-post-thumbnail","hentry","category-ligue-1","tag-breve","tag-marseille","tag-om"],"acf":[],"yoast_head":"<!-- This site is optimized with the Yoast SEO Premium plugin v26.7 (Yoast SEO v26.7) - https:\/\/yoast.com\/wordpress\/plugins\/seo\/ -->\n<title>Transferts OM : Marseille veut vendre Adrien Rabiot<\/title>\n<meta name=\"description\" content=\"LIGUE 1 2025-2026 - Selon RTL, la m\u00e8re d&#039;Adrien Rabiot aurait confi\u00e9 que Roberto De Zerbi ne comptait plus sur Adrien Rabiot.\u00a0\" \/>\n<meta name=\"robots\" content=\"index, follow, max-snippet:-1, max-image-preview:large, max-video-preview:-1\" \/>\n<link rel=\"canonical\" href=\"https:\/\/dicodusport.fr\/blog\/transferts-om-marseille-veut-vendre-adrien-rabiot\/\" \/>\n<meta property=\"og:locale\" content=\"fr_FR\" \/>\n<meta property=\"og:type\" content=\"article\" \/>\n<meta property=\"og:title\" content=\"Transferts OM : Marseille veut vendre Adrien Rabiot\" \/>\n<meta property=\"og:description\" content=\"LIGUE 1 2025-2026 - Selon RTL, la m\u00e8re d&#039;Adrien Rabiot aurait confi\u00e9 que Roberto De Zerbi ne comptait plus sur Adrien Rabiot.\u00a0\" \/>\n<meta property=\"og:url\" content=\"https:\/\/dicodusport.fr\/blog\/transferts-om-marseille-veut-vendre-adrien-rabiot\/\" \/>\n<meta property=\"og:site_name\" content=\"Dicodusport\" \/>\n<meta property=\"article:publisher\" content=\"https:\/\/www.facebook.com\/dicodusport\" \/>\n<meta property=\"article:author\" content=\"https:\/\/www.facebook.com\/dicodusport\" \/>\n<meta property=\"article:published_time\" content=\"2025-08-19T14:21:46+00:00\" \/>\n<meta property=\"article:modified_time\" content=\"2025-08-19T14:34:48+00:00\" \/>\n<meta property=\"og:image\" content=\"https:\/\/dicodusport.fr\/blog\/wp-content\/uploads\/2025\/08\/Transferts-OM-Marseille-veut-vendre-Adrien-Rabiot.png\" \/>\n\t<meta property=\"og:image:width\" content=\"1200\" \/>\n\t<meta property=\"og:image:height\" content=\"674\" \/>\n\t<meta property=\"og:image:type\" content=\"image\/png\" \/>\n<meta name=\"author\" content=\"Nicolas Jacquemard\" \/>\n<meta name=\"twitter:card\" content=\"summary_large_image\" \/>\n<meta name=\"twitter:title\" content=\"Transferts OM : Marseille veut vendre Adrien Rabiot\" \/>\n<meta name=\"twitter:creator\" content=\"@https:\/\/twitter.com\/Nico_Jacquemard\" \/>\n<meta name=\"twitter:site\" content=\"@dicodusport\" \/>\n<script type=\"application\/ld+json\" class=\"yoast-schema-graph\">{\"@context\":\"https:\/\/schema.org\",\"@graph\":[{\"@type\":\"NewsArticle\",\"@id\":\"https:\/\/dicodusport.fr\/blog\/transferts-om-marseille-veut-vendre-adrien-rabiot\/#article\",\"isPartOf\":{\"@id\":\"https:\/\/dicodusport.fr\/blog\/transferts-om-marseille-veut-vendre-adrien-rabiot\/\"},\"author\":{\"name\":\"Nicolas Jacquemard\",\"@id\":\"https:\/\/dicodusport.fr\/blog\/#\/schema\/person\/55dcb50ad410894e431ed812bbb70191\"},\"headline\":\"Transferts OM : Marseille veut vendre Adrien Rabiot\",\"datePublished\":\"2025-08-19T14:21:46+00:00\",\"dateModified\":\"2025-08-19T14:34:48+00:00\",\"mainEntityOfPage\":{\"@id\":\"https:\/\/dicodusport.fr\/blog\/transferts-om-marseille-veut-vendre-adrien-rabiot\/\"},\"wordCount\":510,\"commentCount\":0,\"publisher\":{\"@id\":\"https:\/\/dicodusport.fr\/blog\/#organization\"},\"image\":{\"@id\":\"https:\/\/dicodusport.fr\/blog\/transferts-om-marseille-veut-vendre-adrien-rabiot\/#primaryimage\"},\"thumbnailUrl\":\"https:\/\/dicodusport.fr\/blog\/wp-content\/uploads\/2025\/08\/Transferts-OM-Marseille-veut-vendre-Adrien-Rabiot.png\",\"keywords\":[\"br\u00e8ve\",\"Marseille\",\"OM\"],\"articleSection\":[\"Ligue 1\"],\"inLanguage\":\"fr-FR\",\"potentialAction\":[{\"@type\":\"CommentAction\",\"name\":\"Comment\",\"target\":[\"https:\/\/dicodusport.fr\/blog\/transferts-om-marseille-veut-vendre-adrien-rabiot\/#respond\"]}],\"copyrightYear\":\"2025\",\"copyrightHolder\":{\"@id\":\"https:\/\/dicodusport.fr\/blog\/#organization\"}},{\"@type\":\"WebPage\",\"@id\":\"https:\/\/dicodusport.fr\/blog\/transferts-om-marseille-veut-vendre-adrien-rabiot\/\",\"url\":\"https:\/\/dicodusport.fr\/blog\/transferts-om-marseille-veut-vendre-adrien-rabiot\/\",\"name\":\"Transferts OM : Marseille veut vendre Adrien Rabiot\",\"isPartOf\":{\"@id\":\"https:\/\/dicodusport.fr\/blog\/#website\"},\"primaryImageOfPage\":{\"@id\":\"https:\/\/dicodusport.fr\/blog\/transferts-om-marseille-veut-vendre-adrien-rabiot\/#primaryimage\"},\"image\":{\"@id\":\"https:\/\/dicodusport.fr\/blog\/transferts-om-marseille-veut-vendre-adrien-rabiot\/#primaryimage\"},\"thumbnailUrl\":\"https:\/\/dicodusport.fr\/blog\/wp-content\/uploads\/2025\/08\/Transferts-OM-Marseille-veut-vendre-Adrien-Rabiot.png\",\"datePublished\":\"2025-08-19T14:21:46+00:00\",\"dateModified\":\"2025-08-19T14:34:48+00:00\",\"description\":\"LIGUE 1 2025-2026 - Selon RTL, la m\u00e8re d'Adrien Rabiot aurait confi\u00e9 que Roberto De Zerbi ne comptait plus sur Adrien Rabiot.\u00a0\",\"breadcrumb\":{\"@id\":\"https:\/\/dicodusport.fr\/blog\/transferts-om-marseille-veut-vendre-adrien-rabiot\/#breadcrumb\"},\"inLanguage\":\"fr-FR\",\"potentialAction\":[{\"@type\":\"ReadAction\",\"target\":[\"https:\/\/dicodusport.fr\/blog\/transferts-om-marseille-veut-vendre-adrien-rabiot\/\"]}]},{\"@type\":\"ImageObject\",\"inLanguage\":\"fr-FR\",\"@id\":\"https:\/\/dicodusport.fr\/blog\/transferts-om-marseille-veut-vendre-adrien-rabiot\/#primaryimage\",\"url\":\"https:\/\/dicodusport.fr\/blog\/wp-content\/uploads\/2025\/08\/Transferts-OM-Marseille-veut-vendre-Adrien-Rabiot.png\",\"contentUrl\":\"https:\/\/dicodusport.fr\/blog\/wp-content\/uploads\/2025\/08\/Transferts-OM-Marseille-veut-vendre-Adrien-Rabiot.png\",\"width\":1200,\"height\":674},{\"@type\":\"BreadcrumbList\",\"@id\":\"https:\/\/dicodusport.fr\/blog\/transferts-om-marseille-veut-vendre-adrien-rabiot\/#breadcrumb\",\"itemListElement\":[{\"@type\":\"ListItem\",\"position\":1,\"name\":\"Accueil\",\"item\":\"https:\/\/dicodusport.fr\/blog\/\"},{\"@type\":\"ListItem\",\"position\":2,\"name\":\"Transferts OM : Marseille veut vendre Adrien Rabiot\"}]},{\"@type\":\"WebSite\",\"@id\":\"https:\/\/dicodusport.fr\/blog\/#website\",\"url\":\"https:\/\/dicodusport.fr\/blog\/\",\"name\":\"Dicodusport\",\"description\":\"L&#039;encyclop\u00e9die de l&#039;actualit\u00e9 sportive\",\"publisher\":{\"@id\":\"https:\/\/dicodusport.fr\/blog\/#organization\"},\"potentialAction\":[{\"@type\":\"SearchAction\",\"target\":{\"@type\":\"EntryPoint\",\"urlTemplate\":\"https:\/\/dicodusport.fr\/blog\/?s={search_term_string}\"},\"query-input\":{\"@type\":\"PropertyValueSpecification\",\"valueRequired\":true,\"valueName\":\"search_term_string\"}}],\"inLanguage\":\"fr-FR\"},{\"@type\":\"NewsMediaOrganization\",\"@id\":\"https:\/\/dicodusport.fr\/blog\/#organization\",\"name\":\"Dicodusport\",\"url\":\"https:\/\/dicodusport.fr\/blog\/\",\"logo\":{\"@type\":\"ImageObject\",\"inLanguage\":\"fr-FR\",\"@id\":\"https:\/\/dicodusport.fr\/blog\/#\/schema\/logo\/image\/\",\"url\":\"https:\/\/dicodusport.fr\/blog\/wp-content\/uploads\/2020\/06\/cropped-LOGO-DICODUSPORT-2020-SANS-FOND-SANS-TEXTE.png\",\"contentUrl\":\"https:\/\/dicodusport.fr\/blog\/wp-content\/uploads\/2020\/06\/cropped-LOGO-DICODUSPORT-2020-SANS-FOND-SANS-TEXTE.png\",\"width\":512,\"height\":512,\"caption\":\"Dicodusport\"},\"image\":{\"@id\":\"https:\/\/dicodusport.fr\/blog\/#\/schema\/logo\/image\/\"},\"sameAs\":[\"https:\/\/www.facebook.com\/dicodusport\",\"https:\/\/x.com\/dicodusport\",\"https:\/\/www.instagram.com\/dicodusport\/\",\"https:\/\/www.youtube.com\/channel\/UC7V2KZ5sd3htJivAbA4ZG3w\"],\"description\":\"Dicodusport est l'encyclop\u00e9die de l'actualit\u00e9 sportive.\",\"email\":\"bonjour@dicodusport.fr\",\"legalName\":\"DICODUSPORT\",\"foundingDate\":\"2018-01-14\",\"vatID\":\"FR71834470973\",\"taxID\":\"83447097300043\",\"numberOfEmployees\":{\"@type\":\"QuantitativeValue\",\"minValue\":\"1\",\"maxValue\":\"10\"}},{\"@type\":\"Person\",\"@id\":\"https:\/\/dicodusport.fr\/blog\/#\/schema\/person\/55dcb50ad410894e431ed812bbb70191\",\"name\":\"Nicolas Jacquemard\",\"image\":{\"@type\":\"ImageObject\",\"inLanguage\":\"fr-FR\",\"@id\":\"https:\/\/dicodusport.fr\/blog\/#\/schema\/person\/image\/\",\"url\":\"https:\/\/dicodusport.fr\/blog\/wp-content\/uploads\/2021\/05\/Nicolas-Jacquemard-150x150.jpeg\",\"contentUrl\":\"https:\/\/dicodusport.fr\/blog\/wp-content\/uploads\/2021\/05\/Nicolas-Jacquemard-150x150.jpeg\",\"caption\":\"Nicolas Jacquemard\"},\"description\":\"Passionn\u00e9 de sport et entrepreneur depuis mes 18 ans, la cr\u00e9ation de Dicodusport m'a sembl\u00e9 \u00e9vidente pour participer \u00e0 la m\u00e9diatisation d'un plus grand nombre de sports. Le chemin est long mais avec une \u00e9quipe des plus motiv\u00e9es et les Jeux Olympiques de Paris 2024 en point de mire, nous y arriverons ! Journaliste dans le monde du sport depuis plus de 5 ans, je traite aussi bien de football, de rugby, de biathlon que de cyclisme.\",\"sameAs\":[\"https:\/\/www.facebook.com\/dicodusport\",\"https:\/\/x.com\/https:\/\/twitter.com\/Nico_Jacquemard\"],\"url\":\"https:\/\/dicodusport.fr\/blog\/author\/dicodusport\/\"}]}<\/script>\n<!-- \/ Yoast SEO Premium plugin. -->","yoast_head_json":{"title":"Transferts OM : Marseille veut vendre Adrien Rabiot","description":"LIGUE 1 2025-2026 - Selon RTL, la m\u00e8re d'Adrien Rabiot aurait confi\u00e9 que Roberto De Zerbi ne comptait plus sur Adrien Rabiot.\u00a0","robots":{"index":"index","follow":"follow","max-snippet":"max-snippet:-1","max-image-preview":"max-image-preview:large","max-video-preview":"max-video-preview:-1"},"canonical":"https:\/\/dicodusport.fr\/blog\/transferts-om-marseille-veut-vendre-adrien-rabiot\/","og_locale":"fr_FR","og_type":"article","og_title":"Transferts OM : Marseille veut vendre Adrien Rabiot","og_description":"LIGUE 1 2025-2026 - Selon RTL, la m\u00e8re d'Adrien Rabiot aurait confi\u00e9 que Roberto De Zerbi ne comptait plus sur Adrien Rabiot.\u00a0","og_url":"https:\/\/dicodusport.fr\/blog\/transferts-om-marseille-veut-vendre-adrien-rabiot\/","og_site_name":"Dicodusport","article_publisher":"https:\/\/www.facebook.com\/dicodusport","article_author":"https:\/\/www.facebook.com\/dicodusport","article_published_time":"2025-08-19T14:21:46+00:00","article_modified_time":"2025-08-19T14:34:48+00:00","og_image":[{"width":1200,"height":674,"url":"https:\/\/dicodusport.fr\/blog\/wp-content\/uploads\/2025\/08\/Transferts-OM-Marseille-veut-vendre-Adrien-Rabiot.png","type":"image\/png"}],"author":"Nicolas Jacquemard","twitter_card":"summary_large_image","twitter_title":"Transferts OM : Marseille veut vendre Adrien Rabiot","twitter_creator":"@https:\/\/twitter.com\/Nico_Jacquemard","twitter_site":"@dicodusport","schema":{"@context":"https:\/\/schema.org","@graph":[{"@type":"NewsArticle","@id":"https:\/\/dicodusport.fr\/blog\/transferts-om-marseille-veut-vendre-adrien-rabiot\/#article","isPartOf":{"@id":"https:\/\/dicodusport.fr\/blog\/transferts-om-marseille-veut-vendre-adrien-rabiot\/"},"author":{"name":"Nicolas Jacquemard","@id":"https:\/\/dicodusport.fr\/blog\/#\/schema\/person\/55dcb50ad410894e431ed812bbb70191"},"headline":"Transferts OM : Marseille veut vendre Adrien Rabiot","datePublished":"2025-08-19T14:21:46+00:00","dateModified":"2025-08-19T14:34:48+00:00","mainEntityOfPage":{"@id":"https:\/\/dicodusport.fr\/blog\/transferts-om-marseille-veut-vendre-adrien-rabiot\/"},"wordCount":510,"commentCount":0,"publisher":{"@id":"https:\/\/dicodusport.fr\/blog\/#organization"},"image":{"@id":"https:\/\/dicodusport.fr\/blog\/transferts-om-marseille-veut-vendre-adrien-rabiot\/#primaryimage"},"thumbnailUrl":"https:\/\/dicodusport.fr\/blog\/wp-content\/uploads\/2025\/08\/Transferts-OM-Marseille-veut-vendre-Adrien-Rabiot.png","keywords":["br\u00e8ve","Marseille","OM"],"articleSection":["Ligue 1"],"inLanguage":"fr-FR","potentialAction":[{"@type":"CommentAction","name":"Comment","target":["https:\/\/dicodusport.fr\/blog\/transferts-om-marseille-veut-vendre-adrien-rabiot\/#respond"]}],"copyrightYear":"2025","copyrightHolder":{"@id":"https:\/\/dicodusport.fr\/blog\/#organization"}},{"@type":"WebPage","@id":"https:\/\/dicodusport.fr\/blog\/transferts-om-marseille-veut-vendre-adrien-rabiot\/","url":"https:\/\/dicodusport.fr\/blog\/transferts-om-marseille-veut-vendre-adrien-rabiot\/","name":"Transferts OM : Marseille veut vendre Adrien Rabiot","isPartOf":{"@id":"https:\/\/dicodusport.fr\/blog\/#website"},"primaryImageOfPage":{"@id":"https:\/\/dicodusport.fr\/blog\/transferts-om-marseille-veut-vendre-adrien-rabiot\/#primaryimage"},"image":{"@id":"https:\/\/dicodusport.fr\/blog\/transferts-om-marseille-veut-vendre-adrien-rabiot\/#primaryimage"},"thumbnailUrl":"https:\/\/dicodusport.fr\/blog\/wp-content\/uploads\/2025\/08\/Transferts-OM-Marseille-veut-vendre-Adrien-Rabiot.png","datePublished":"2025-08-19T14:21:46+00:00","dateModified":"2025-08-19T14:34:48+00:00","description":"LIGUE 1 2025-2026 - Selon RTL, la m\u00e8re d'Adrien Rabiot aurait confi\u00e9 que Roberto De Zerbi ne comptait plus sur Adrien Rabiot.\u00a0","breadcrumb":{"@id":"https:\/\/dicodusport.fr\/blog\/transferts-om-marseille-veut-vendre-adrien-rabiot\/#breadcrumb"},"inLanguage":"fr-FR","potentialAction":[{"@type":"ReadAction","target":["https:\/\/dicodusport.fr\/blog\/transferts-om-marseille-veut-vendre-adrien-rabiot\/"]}]},{"@type":"ImageObject","inLanguage":"fr-FR","@id":"https:\/\/dicodusport.fr\/blog\/transferts-om-marseille-veut-vendre-adrien-rabiot\/#primaryimage","url":"https:\/\/dicodusport.fr\/blog\/wp-content\/uploads\/2025\/08\/Transferts-OM-Marseille-veut-vendre-Adrien-Rabiot.png","contentUrl":"https:\/\/dicodusport.fr\/blog\/wp-content\/uploads\/2025\/08\/Transferts-OM-Marseille-veut-vendre-Adrien-Rabiot.png","width":1200,"height":674},{"@type":"BreadcrumbList","@id":"https:\/\/dicodusport.fr\/blog\/transferts-om-marseille-veut-vendre-adrien-rabiot\/#breadcrumb","itemListElement":[{"@type":"ListItem","position":1,"name":"Accueil","item":"https:\/\/dicodusport.fr\/blog\/"},{"@type":"ListItem","position":2,"name":"Transferts OM : Marseille veut vendre Adrien Rabiot"}]},{"@type":"WebSite","@id":"https:\/\/dicodusport.fr\/blog\/#website","url":"https:\/\/dicodusport.fr\/blog\/","name":"Dicodusport","description":"L&#039;encyclop\u00e9die de l&#039;actualit\u00e9 sportive","publisher":{"@id":"https:\/\/dicodusport.fr\/blog\/#organization"},"potentialAction":[{"@type":"SearchAction","target":{"@type":"EntryPoint","urlTemplate":"https:\/\/dicodusport.fr\/blog\/?s={search_term_string}"},"query-input":{"@type":"PropertyValueSpecification","valueRequired":true,"valueName":"search_term_string"}}],"inLanguage":"fr-FR"},{"@type":"NewsMediaOrganization","@id":"https:\/\/dicodusport.fr\/blog\/#organization","name":"Dicodusport","url":"https:\/\/dicodusport.fr\/blog\/","logo":{"@type":"ImageObject","inLanguage":"fr-FR","@id":"https:\/\/dicodusport.fr\/blog\/#\/schema\/logo\/image\/","url":"https:\/\/dicodusport.fr\/blog\/wp-content\/uploads\/2020\/06\/cropped-LOGO-DICODUSPORT-2020-SANS-FOND-SANS-TEXTE.png","contentUrl":"https:\/\/dicodusport.fr\/blog\/wp-content\/uploads\/2020\/06\/cropped-LOGO-DICODUSPORT-2020-SANS-FOND-SANS-TEXTE.png","width":512,"height":512,"caption":"Dicodusport"},"image":{"@id":"https:\/\/dicodusport.fr\/blog\/#\/schema\/logo\/image\/"},"sameAs":["https:\/\/www.facebook.com\/dicodusport","https:\/\/x.com\/dicodusport","https:\/\/www.instagram.com\/dicodusport\/","https:\/\/www.youtube.com\/channel\/UC7V2KZ5sd3htJivAbA4ZG3w"],"description":"Dicodusport est l'encyclop\u00e9die de l'actualit\u00e9 sportive.","email":"bonjour@dicodusport.fr","legalName":"DICODUSPORT","foundingDate":"2018-01-14","vatID":"FR71834470973","taxID":"83447097300043","numberOfEmployees":{"@type":"QuantitativeValue","minValue":"1","maxValue":"10"}},{"@type":"Person","@id":"https:\/\/dicodusport.fr\/blog\/#\/schema\/person\/55dcb50ad410894e431ed812bbb70191","name":"Nicolas Jacquemard","image":{"@type":"ImageObject","inLanguage":"fr-FR","@id":"https:\/\/dicodusport.fr\/blog\/#\/schema\/person\/image\/","url":"https:\/\/dicodusport.fr\/blog\/wp-content\/uploads\/2021\/05\/Nicolas-Jacquemard-150x150.jpeg","contentUrl":"https:\/\/dicodusport.fr\/blog\/wp-content\/uploads\/2021\/05\/Nicolas-Jacquemard-150x150.jpeg","caption":"Nicolas Jacquemard"},"description":"Passionn\u00e9 de sport et entrepreneur depuis mes 18 ans, la cr\u00e9ation de Dicodusport m'a sembl\u00e9 \u00e9vidente pour participer \u00e0 la m\u00e9diatisation d'un plus grand nombre de sports. Le chemin est long mais avec une \u00e9quipe des plus motiv\u00e9es et les Jeux Olympiques de Paris 2024 en point de mire, nous y arriverons ! Journaliste dans le monde du sport depuis plus de 5 ans, je traite aussi bien de football, de rugby, de biathlon que de cyclisme.","sameAs":["https:\/\/www.facebook.com\/dicodusport","https:\/\/x.com\/https:\/\/twitter.com\/Nico_Jacquemard"],"url":"https:\/\/dicodusport.fr\/blog\/author\/dicodusport\/"}]}},"_links":{"self":[{"href":"https:\/\/dicodusport.fr\/blog\/wp-json\/wp\/v2\/posts\/603927","targetHints":{"allow":["GET"]}}],"collection":[{"href":"https:\/\/dicodusport.fr\/blog\/wp-json\/wp\/v2\/posts"}],"about":[{"href":"https:\/\/dicodusport.fr\/blog\/wp-json\/wp\/v2\/types\/post"}],"author":[{"embeddable":true,"href":"https:\/\/dicodusport.fr\/blog\/wp-json\/wp\/v2\/users\/1"}],"replies":[{"embeddable":true,"href":"https:\/\/dicodusport.fr\/blog\/wp-json\/wp\/v2\/comments?post=603927"}],"version-history":[{"count":5,"href":"https:\/\/dicodusport.fr\/blog\/wp-json\/wp\/v2\/posts\/603927\/revisions"}],"predecessor-version":[{"id":603937,"href":"https:\/\/dicodusport.fr\/blog\/wp-json\/wp\/v2\/posts\/603927\/revisions\/603937"}],"wp:featuredmedia":[{"embeddable":true,"href":"https:\/\/dicodusport.fr\/blog\/wp-json\/wp\/v2\/media\/603931"}],"wp:attachment":[{"href":"https:\/\/dicodusport.fr\/blog\/wp-json\/wp\/v2\/media?parent=603927"}],"wp:term":[{"taxonomy":"category","embeddable":true,"href":"https:\/\/dicodusport.fr\/blog\/wp-json\/wp\/v2\/categories?post=603927"},{"taxonomy":"post_tag","embeddable":true,"href":"https:\/\/dicodusport.fr\/blog\/wp-json\/wp\/v2\/tags?post=603927"}],"curies":[{"name":"wp","href":"https:\/\/api.w.org\/{rel}","templated":true}]}}