{"id":604253,"date":"2025-08-21T17:16:34","date_gmt":"2025-08-21T15:16:34","guid":{"rendered":"https:\/\/dicodusport.fr\/blog\/?p=604253&#038;preview=true&#038;preview_id=604253"},"modified":"2025-08-21T17:38:42","modified_gmt":"2025-08-21T15:38:42","slug":"tour-du-limousin-2025-paul-lapeira-vainqueur-de-la-3eme-etape-ewen-costiou-toujours-leader","status":"publish","type":"post","link":"https:\/\/dicodusport.fr\/blog\/tour-du-limousin-2025-paul-lapeira-vainqueur-de-la-3eme-etape-ewen-costiou-toujours-leader\/","title":{"rendered":"Tour du Limousin 2025 : Paul Lapeira vainqueur de la 3\u00e8me \u00e9tape, Ewen Costiou toujours leader"},"content":{"rendered":"<p style=\"text-align: justify;\"><strong><em>TOUR DU LIMOUSIN 2025 &#8211; Paul Lapeira (Decathlon AG2R La Mondiale) s&rsquo;est impos\u00e9 en puncheur \u00e0 Masseret. Ewen Costiou (Ark\u00e9a &#8211; B&amp;B H\u00f4tels) conserve son maillot de leader \u00e0 la veille de l&rsquo;arriv\u00e9e.<\/em><\/strong><\/p>\n<ul style=\"text-align: justify;\">\n<li><strong>\u00c0 ce sujet \u2013\u00a0<a href=\"https:\/\/dicodusport.fr\/blog\/tour-du-limousin-2025-parcours-detaille-et-profils-des-etapes\/\">Tour du Limousin 2025 : Parcours d\u00e9taill\u00e9 et profils des \u00e9tapes<\/a><\/strong><\/li>\n<\/ul>\n<p style=\"text-align: justify;\">Comme lors des premiers jours de course, c&rsquo;est un profil vallonn\u00e9 qui attendait les coureurs au d\u00e9part de la troisi\u00e8me \u00e9tape du Tour de Limousin. \u00c0 la diff\u00e9rence d&rsquo;hier lors de l&rsquo;arriv\u00e9e \u00e0 Gr\u00e8zes, le final d&rsquo;aujourd&rsquo;hui proposait une c\u00f4te bien plus courte vers les hauteurs de Masseret, promettant un dernier kilom\u00e8tre encore plus explosif. Sur le papier, <strong>Ewen Costiou<\/strong> (Ark\u00e9a &#8211; B&amp;B Hotels) \u00e9tait en capacit\u00e9 de conserver <a href=\"https:\/\/dicodusport.fr\/blog\/tour-du-limousin-2025-sylvain-moniquet-damne-le-pion-aux-favoris-sur-la-2eme-etape\/\">son maillot de leader glan\u00e9 la veille<\/a>\u00a0et il l&rsquo;a prouv\u00e9 m\u00eame s&rsquo;il n&rsquo;a pas \u00e9t\u00e9 en mesure de lever les bras.<\/p>\n<h2 style=\"text-align: justify;\">Echapp\u00e9e d\u00e9sorganis\u00e9e<\/h2>\n<ul style=\"text-align: justify;\">\n<li><strong>\u00c0 ce sujet \u2013 <a href=\"https:\/\/dicodusport.fr\/blog\/3eme-etape-tour-du-limousin-2025-classement-et-resultats\/\">3\u00e8me \u00e9tape Tour du Limousin 2025 \u2013 Classement et r\u00e9sultats<\/a><\/strong><\/li>\n<\/ul>\n<p style=\"text-align: justify;\">Les 3400 m\u00e8tres de d\u00e9nivel\u00e9 positif du jour ont ainsi \u00e9veill\u00e9 l&rsquo;ap\u00e9tit des attaquants puisqu&rsquo;un gros groupe de neuf coureurs a pris les devants pour partir en \u00e9chapp\u00e9e. Parmi eux, on y retrouvait <strong>Thomas Gachignard<\/strong> (TotalEnergies) <a href=\"https:\/\/dicodusport.fr\/blog\/tour-du-limousin-2025-victoire-de-thomas-gachignard-sur-la-1ere-etape\/\">vainqueur de la premi\u00e8re \u00e9tape<\/a> ou encore <strong>Victor Lafay<\/strong> (Decathlon AG2R La Mondiale). Malgr\u00e9 la pr\u00e9sence de ces deux coureurs, l&rsquo;\u00e9chapp\u00e9e n&rsquo;a finalement pas eu le loisir de se disputer la victoire. Et ce puisqu&rsquo;\u00e0 40 km de l&rsquo;arriv\u00e9e, la TotalEnergies a d\u00e9cid\u00e9 de prendre les choses en main dans le peloton pendant que <strong>Gachignard<\/strong> lui arr\u00eatait de passer ses relais. La donne \u00e9tait claire : la formation vend\u00e9enne misait ainsi sur <strong>Alexandre Delettre<\/strong>.<\/p>\n<p style=\"text-align: justify;\">La d\u00e9sorganisation \u00e9tait ainsi de mise \u00e0 l&rsquo;entr\u00e9e dans les 25 derniers kilom\u00e8tres. Devant, <strong>Quentin Bezza<\/strong> (Wagner Bazin WB) avait r\u00e9ussi \u00e0 s&rsquo;isoler en t\u00eate alors que dans le groupe de poursuivants les attaques se succ\u00e9daient et laissaient fatalement place \u00e0 un moment de temporisation. N\u00e9anmoins, <strong>Victor Lafay<\/strong> et <strong>Henri-Fran\u00e7ois Renard-Haquin<\/strong> (Wagner Bazin WB) parvenaient finalement \u00e0 op\u00e9rer la jonction en t\u00eate. Dans le peloton, <strong>Hugo Page<\/strong> (Intermarch\u00e9 &#8211; Wanty) a, quant \u00e0 lui, saisi sa chance, sortant seul en esp\u00e9rant boucher le trou qui le s\u00e9parait de la t\u00eate. Revenu \u00e0 seulement cinq secondes du trio, le Fran\u00e7ais n&rsquo;a jamais \u00e9t\u00e9 en mesure de rentrer dans les roues.<\/p>\n<h2 style=\"text-align: justify;\">Explication entre puncheurs \u00e0 Masseret<\/h2>\n<p style=\"text-align: justify;\">\u00c0 mesure que les kilom\u00e8tres s&rsquo;\u00e9coulaient, la tension augmentait dans le peloton puisque le trio, devenu duo apr\u00e8s le dernier relai de <strong>Bezza<\/strong>, comptait encore 25 secondes d&rsquo;avance \u00e0 5 kilom\u00e8tres de la ligne. Malheureusement pour les deux hommes, les derniers \u00e9quipiers dans le peloton ont finalement \u00e9t\u00e9 en mesure de revenir \u00e0 moins d&rsquo;un kilom\u00e8tre du but en mettant leurs derni\u00e8res forces dans la bataille.<\/p>\n<p style=\"text-align: justify;\">Finalement, c&rsquo;est un groupe imposant qui s&rsquo;est pr\u00e9sent\u00e9 dans la derni\u00e8re c\u00f4te. Aucun favori ne manquant \u00e0 l&rsquo;appel, c&rsquo;est <strong>Paul Lapeira<\/strong>, <a href=\"https:\/\/dicodusport.fr\/blog\/tour-de-pologne-2025-paul-lapeira-fait-coup-double-sur-la-2eme-etape\/\">d\u00e9j\u00e0 vainqueur en Pologne<\/a> au d\u00e9but du mois, qui s&rsquo;est montr\u00e9 le plus costaud malgr\u00e9 le vent de face sur les derniers hectom\u00e8tres. <strong>Costiou<\/strong> termine lui deuxi\u00e8me, dans le m\u00eame temps et devance <strong>Alexandre Delettre<\/strong> qui compl\u00e8te le podium. Le Breton garde ainsi la t\u00eate du classement g\u00e9n\u00e9ral \u00e0 la veille de la derni\u00e8re \u00e9tape qui s&rsquo;annonce d\u00e9cisive compte tenu des faibles \u00e9carts.<\/p>\n<blockquote class=\"twitter-tweet\">\n<p dir=\"ltr\" lang=\"fr\">\ud83d\udeb4\u200d\u2642\ufe0f <a href=\"https:\/\/twitter.com\/hashtag\/TDL2025?src=hash&amp;ref_src=twsrc%5Etfw\">#TDL2025<\/a> | \ud83c\uddeb\ud83c\uddf7 Victoire de Paul Lapeira sur cette 3e \u00e9tape du Tour du Limousin !<\/p>\n<p>\ud83d\udd25 Le Fran\u00e7ais s&rsquo;impose en costaud devant Ewen Costiou et Alexandre Delettre ! <a href=\"https:\/\/t.co\/GTDfzR3ZNd\">pic.twitter.com\/GTDfzR3ZNd<\/a><\/p>\n<p>\u2014 francetvsport (@francetvsport) <a href=\"https:\/\/twitter.com\/francetvsport\/status\/1958549031463883126?ref_src=twsrc%5Etfw\">August 21, 2025<\/a><\/p><\/blockquote>\n<p style=\"text-align: justify;\"><script async src=\"https:\/\/platform.twitter.com\/widgets.js\" charset=\"utf-8\"><\/script><\/p>\n<ul style=\"text-align: justify;\">\n<li style=\"text-align: justify;\"><strong>\u00c0 ce sujet \u2013\u00a0<a href=\"https:\/\/dicodusport.fr\/blog\/classement-general-tour-du-limousin-2025-mis-a-jour\/\">Classement g\u00e9n\u00e9ral Tour de Limousin 2025 mis \u00e0 jour<\/a><\/strong><\/li>\n<\/ul>\n","protected":false},"excerpt":{"rendered":"<p>TOUR DU LIMOUSIN 2025 &#8211; Paul Lapeira (Decathlon AG2R La Mondiale) s&rsquo;est impos\u00e9 en puncheur \u00e0 Masseret. Ewen Costiou (Ark\u00e9a &#8211; B&#038;B Hotels) conserve son maillot de leader \u00e0 la veille de l&rsquo;arriv\u00e9e.<\/p>\n","protected":false},"author":91,"featured_media":604309,"comment_status":"open","ping_status":"closed","sticky":false,"template":"","format":"standard","meta":{"_acf_changed":false,"_daextam_enable_autolinks":"1","footnotes":""},"categories":[46994],"tags":[16878,574,11197,5778],"class_list":["post-604253","post","type-post","status-publish","format-standard","has-post-thumbnail","hentry","category-cyclisme-sur-route","tag-breve","tag-cyclisme","tag-cyclisme-sur-route","tag-tour-du-limousin"],"acf":[],"yoast_head":"<!-- This site is optimized with the Yoast SEO Premium plugin v26.7 (Yoast SEO v26.7) - https:\/\/yoast.com\/wordpress\/plugins\/seo\/ -->\n<title>Tour du Limousin 2025 : Paul Lapeira vainqueur de la 3\u00e8me \u00e9tape, Ewen Costiou toujours leader<\/title>\n<meta name=\"description\" content=\"TOUR DU LIMOUSIN 2025 - Paul Lapeira s&#039;est impos\u00e9 tandis qu&#039;Ewen Costiou conserve son maillot de leader \u00e0 la veille de l&#039;arriv\u00e9e.\" \/>\n<meta name=\"robots\" content=\"index, follow, max-snippet:-1, max-image-preview:large, max-video-preview:-1\" \/>\n<link rel=\"canonical\" href=\"https:\/\/dicodusport.fr\/blog\/tour-du-limousin-2025-paul-lapeira-vainqueur-de-la-3eme-etape-ewen-costiou-toujours-leader\/\" \/>\n<meta property=\"og:locale\" content=\"fr_FR\" \/>\n<meta property=\"og:type\" content=\"article\" \/>\n<meta property=\"og:title\" content=\"Tour du Limousin 2025 : Paul Lapeira vainqueur de la 3\u00e8me \u00e9tape, Ewen Costiou toujours leader\" \/>\n<meta property=\"og:description\" content=\"TOUR DU LIMOUSIN 2025 - Paul Lapeira s&#039;est impos\u00e9 tandis qu&#039;Ewen Costiou conserve son maillot de leader \u00e0 la veille de l&#039;arriv\u00e9e.\" \/>\n<meta property=\"og:url\" content=\"https:\/\/dicodusport.fr\/blog\/tour-du-limousin-2025-paul-lapeira-vainqueur-de-la-3eme-etape-ewen-costiou-toujours-leader\/\" \/>\n<meta property=\"og:site_name\" content=\"Dicodusport\" \/>\n<meta property=\"article:publisher\" content=\"https:\/\/www.facebook.com\/dicodusport\" \/>\n<meta property=\"article:published_time\" content=\"2025-08-21T15:16:34+00:00\" \/>\n<meta property=\"article:modified_time\" content=\"2025-08-21T15:38:42+00:00\" \/>\n<meta property=\"og:image\" content=\"https:\/\/dicodusport.fr\/blog\/wp-content\/uploads\/2025\/08\/Tour-du-Limousin-2025-Paul-Lapeira-vainqueur-de-la-3eme-etape-Ewen-Costiou-toujours-leader.png\" \/>\n\t<meta property=\"og:image:width\" content=\"1200\" \/>\n\t<meta property=\"og:image:height\" content=\"674\" \/>\n\t<meta property=\"og:image:type\" content=\"image\/png\" \/>\n<meta name=\"author\" content=\"Victor Clot-Amiot\" \/>\n<meta name=\"twitter:card\" content=\"summary_large_image\" \/>\n<meta name=\"twitter:title\" content=\"Tour du Limousin 2025 : Paul Lapeira vainqueur de la 3\u00e8me \u00e9tape, Ewen Costiou toujours leader\" \/>\n<meta name=\"twitter:creator\" content=\"@https:\/\/x.com\/VictorClotAmiot\" \/>\n<meta name=\"twitter:site\" content=\"@dicodusport\" \/>\n<script type=\"application\/ld+json\" class=\"yoast-schema-graph\">{\"@context\":\"https:\/\/schema.org\",\"@graph\":[{\"@type\":\"NewsArticle\",\"@id\":\"https:\/\/dicodusport.fr\/blog\/tour-du-limousin-2025-paul-lapeira-vainqueur-de-la-3eme-etape-ewen-costiou-toujours-leader\/#article\",\"isPartOf\":{\"@id\":\"https:\/\/dicodusport.fr\/blog\/tour-du-limousin-2025-paul-lapeira-vainqueur-de-la-3eme-etape-ewen-costiou-toujours-leader\/\"},\"author\":{\"name\":\"Victor Clot-Amiot\",\"@id\":\"https:\/\/dicodusport.fr\/blog\/#\/schema\/person\/b623199cba9ba90fe84a3d16e9282360\"},\"headline\":\"Tour du Limousin 2025 : Paul Lapeira vainqueur de la 3\u00e8me \u00e9tape, Ewen Costiou toujours leader\",\"datePublished\":\"2025-08-21T15:16:34+00:00\",\"dateModified\":\"2025-08-21T15:38:42+00:00\",\"mainEntityOfPage\":{\"@id\":\"https:\/\/dicodusport.fr\/blog\/tour-du-limousin-2025-paul-lapeira-vainqueur-de-la-3eme-etape-ewen-costiou-toujours-leader\/\"},\"wordCount\":651,\"commentCount\":0,\"publisher\":{\"@id\":\"https:\/\/dicodusport.fr\/blog\/#organization\"},\"image\":{\"@id\":\"https:\/\/dicodusport.fr\/blog\/tour-du-limousin-2025-paul-lapeira-vainqueur-de-la-3eme-etape-ewen-costiou-toujours-leader\/#primaryimage\"},\"thumbnailUrl\":\"https:\/\/dicodusport.fr\/blog\/wp-content\/uploads\/2025\/08\/Tour-du-Limousin-2025-Paul-Lapeira-vainqueur-de-la-3eme-etape-Ewen-Costiou-toujours-leader.png\",\"keywords\":[\"br\u00e8ve\",\"Cyclisme\",\"Cyclisme sur route\",\"Tour du Limousin\"],\"articleSection\":[\"Cyclisme sur route\"],\"inLanguage\":\"fr-FR\",\"potentialAction\":[{\"@type\":\"CommentAction\",\"name\":\"Comment\",\"target\":[\"https:\/\/dicodusport.fr\/blog\/tour-du-limousin-2025-paul-lapeira-vainqueur-de-la-3eme-etape-ewen-costiou-toujours-leader\/#respond\"]}],\"copyrightYear\":\"2025\",\"copyrightHolder\":{\"@id\":\"https:\/\/dicodusport.fr\/blog\/#organization\"}},{\"@type\":\"WebPage\",\"@id\":\"https:\/\/dicodusport.fr\/blog\/tour-du-limousin-2025-paul-lapeira-vainqueur-de-la-3eme-etape-ewen-costiou-toujours-leader\/\",\"url\":\"https:\/\/dicodusport.fr\/blog\/tour-du-limousin-2025-paul-lapeira-vainqueur-de-la-3eme-etape-ewen-costiou-toujours-leader\/\",\"name\":\"Tour du Limousin 2025 : Paul Lapeira vainqueur de la 3\u00e8me \u00e9tape, Ewen Costiou toujours leader\",\"isPartOf\":{\"@id\":\"https:\/\/dicodusport.fr\/blog\/#website\"},\"primaryImageOfPage\":{\"@id\":\"https:\/\/dicodusport.fr\/blog\/tour-du-limousin-2025-paul-lapeira-vainqueur-de-la-3eme-etape-ewen-costiou-toujours-leader\/#primaryimage\"},\"image\":{\"@id\":\"https:\/\/dicodusport.fr\/blog\/tour-du-limousin-2025-paul-lapeira-vainqueur-de-la-3eme-etape-ewen-costiou-toujours-leader\/#primaryimage\"},\"thumbnailUrl\":\"https:\/\/dicodusport.fr\/blog\/wp-content\/uploads\/2025\/08\/Tour-du-Limousin-2025-Paul-Lapeira-vainqueur-de-la-3eme-etape-Ewen-Costiou-toujours-leader.png\",\"datePublished\":\"2025-08-21T15:16:34+00:00\",\"dateModified\":\"2025-08-21T15:38:42+00:00\",\"description\":\"TOUR DU LIMOUSIN 2025 - Paul Lapeira s'est impos\u00e9 tandis qu'Ewen Costiou conserve son maillot de leader \u00e0 la veille de l'arriv\u00e9e.\",\"breadcrumb\":{\"@id\":\"https:\/\/dicodusport.fr\/blog\/tour-du-limousin-2025-paul-lapeira-vainqueur-de-la-3eme-etape-ewen-costiou-toujours-leader\/#breadcrumb\"},\"inLanguage\":\"fr-FR\",\"potentialAction\":[{\"@type\":\"ReadAction\",\"target\":[\"https:\/\/dicodusport.fr\/blog\/tour-du-limousin-2025-paul-lapeira-vainqueur-de-la-3eme-etape-ewen-costiou-toujours-leader\/\"]}]},{\"@type\":\"ImageObject\",\"inLanguage\":\"fr-FR\",\"@id\":\"https:\/\/dicodusport.fr\/blog\/tour-du-limousin-2025-paul-lapeira-vainqueur-de-la-3eme-etape-ewen-costiou-toujours-leader\/#primaryimage\",\"url\":\"https:\/\/dicodusport.fr\/blog\/wp-content\/uploads\/2025\/08\/Tour-du-Limousin-2025-Paul-Lapeira-vainqueur-de-la-3eme-etape-Ewen-Costiou-toujours-leader.png\",\"contentUrl\":\"https:\/\/dicodusport.fr\/blog\/wp-content\/uploads\/2025\/08\/Tour-du-Limousin-2025-Paul-Lapeira-vainqueur-de-la-3eme-etape-Ewen-Costiou-toujours-leader.png\",\"width\":1200,\"height\":674,\"caption\":\"Tour du Limousin 2025 Paul Lapeira vainqueur de la 3\u00e8me \u00e9tape, Ewen Costiou toujours leader\"},{\"@type\":\"BreadcrumbList\",\"@id\":\"https:\/\/dicodusport.fr\/blog\/tour-du-limousin-2025-paul-lapeira-vainqueur-de-la-3eme-etape-ewen-costiou-toujours-leader\/#breadcrumb\",\"itemListElement\":[{\"@type\":\"ListItem\",\"position\":1,\"name\":\"Accueil\",\"item\":\"https:\/\/dicodusport.fr\/blog\/\"},{\"@type\":\"ListItem\",\"position\":2,\"name\":\"Tour du Limousin 2025 : Paul Lapeira vainqueur de la 3\u00e8me \u00e9tape, Ewen Costiou toujours leader\"}]},{\"@type\":\"WebSite\",\"@id\":\"https:\/\/dicodusport.fr\/blog\/#website\",\"url\":\"https:\/\/dicodusport.fr\/blog\/\",\"name\":\"Dicodusport\",\"description\":\"L&#039;encyclop\u00e9die de l&#039;actualit\u00e9 sportive\",\"publisher\":{\"@id\":\"https:\/\/dicodusport.fr\/blog\/#organization\"},\"potentialAction\":[{\"@type\":\"SearchAction\",\"target\":{\"@type\":\"EntryPoint\",\"urlTemplate\":\"https:\/\/dicodusport.fr\/blog\/?s={search_term_string}\"},\"query-input\":{\"@type\":\"PropertyValueSpecification\",\"valueRequired\":true,\"valueName\":\"search_term_string\"}}],\"inLanguage\":\"fr-FR\"},{\"@type\":\"NewsMediaOrganization\",\"@id\":\"https:\/\/dicodusport.fr\/blog\/#organization\",\"name\":\"Dicodusport\",\"url\":\"https:\/\/dicodusport.fr\/blog\/\",\"logo\":{\"@type\":\"ImageObject\",\"inLanguage\":\"fr-FR\",\"@id\":\"https:\/\/dicodusport.fr\/blog\/#\/schema\/logo\/image\/\",\"url\":\"https:\/\/dicodusport.fr\/blog\/wp-content\/uploads\/2020\/06\/cropped-LOGO-DICODUSPORT-2020-SANS-FOND-SANS-TEXTE.png\",\"contentUrl\":\"https:\/\/dicodusport.fr\/blog\/wp-content\/uploads\/2020\/06\/cropped-LOGO-DICODUSPORT-2020-SANS-FOND-SANS-TEXTE.png\",\"width\":512,\"height\":512,\"caption\":\"Dicodusport\"},\"image\":{\"@id\":\"https:\/\/dicodusport.fr\/blog\/#\/schema\/logo\/image\/\"},\"sameAs\":[\"https:\/\/www.facebook.com\/dicodusport\",\"https:\/\/x.com\/dicodusport\",\"https:\/\/www.instagram.com\/dicodusport\/\",\"https:\/\/www.youtube.com\/channel\/UC7V2KZ5sd3htJivAbA4ZG3w\"],\"description\":\"Dicodusport est l'encyclop\u00e9die de l'actualit\u00e9 sportive.\",\"email\":\"bonjour@dicodusport.fr\",\"legalName\":\"DICODUSPORT\",\"foundingDate\":\"2018-01-14\",\"vatID\":\"FR71834470973\",\"taxID\":\"83447097300043\",\"numberOfEmployees\":{\"@type\":\"QuantitativeValue\",\"minValue\":\"1\",\"maxValue\":\"10\"}},{\"@type\":\"Person\",\"@id\":\"https:\/\/dicodusport.fr\/blog\/#\/schema\/person\/b623199cba9ba90fe84a3d16e9282360\",\"name\":\"Victor Clot-Amiot\",\"image\":{\"@type\":\"ImageObject\",\"inLanguage\":\"fr-FR\",\"@id\":\"https:\/\/dicodusport.fr\/blog\/#\/schema\/person\/image\/\",\"url\":\"https:\/\/dicodusport.fr\/blog\/wp-content\/uploads\/2023\/09\/IMG_20190826_114722-150x150.jpg\",\"contentUrl\":\"https:\/\/dicodusport.fr\/blog\/wp-content\/uploads\/2023\/09\/IMG_20190826_114722-150x150.jpg\",\"caption\":\"Victor Clot-Amiot\"},\"description\":\"Passionn\u00e9 de sport depuis toujours, un jour \u00e0 l'adolescence mes parents m'ont dit : \\\"quitte \u00e0 passer ton temps \u00e0 regarder du sport, au moins va le voir en vrai\\\" ! Depuis, cette remarque ne m'a plus quitt\u00e9 et je passe une grande partie de mon temps libre \u00e0 assister \u00e0 des comp\u00e9titions de tous sports. Je m\u00eale d'ailleurs mes deux passions, le sport et les voyages afin de faire une pierre deux coups ! Outre l'US Open ou l'Euro 2021 par exemple, j'ai assist\u00e9 cet \u00e9t\u00e9 aux Mondiaux d'athl\u00e9tisme \u00e0 Budapest. Mon plus gros coup dur est et restera les JO 2020-2021 pour lesquels j'avais r\u00e9serv\u00e9 17 \u00e9preuves. La suite, vous la connaissez...\",\"sameAs\":[\"https:\/\/x.com\/https:\/\/x.com\/VictorClotAmiot\"],\"url\":\"https:\/\/dicodusport.fr\/blog\/author\/victor-clot-amiot\/\"}]}<\/script>\n<!-- \/ Yoast SEO Premium plugin. -->","yoast_head_json":{"title":"Tour du Limousin 2025 : Paul Lapeira vainqueur de la 3\u00e8me \u00e9tape, Ewen Costiou toujours leader","description":"TOUR DU LIMOUSIN 2025 - Paul Lapeira s'est impos\u00e9 tandis qu'Ewen Costiou conserve son maillot de leader \u00e0 la veille de l'arriv\u00e9e.","robots":{"index":"index","follow":"follow","max-snippet":"max-snippet:-1","max-image-preview":"max-image-preview:large","max-video-preview":"max-video-preview:-1"},"canonical":"https:\/\/dicodusport.fr\/blog\/tour-du-limousin-2025-paul-lapeira-vainqueur-de-la-3eme-etape-ewen-costiou-toujours-leader\/","og_locale":"fr_FR","og_type":"article","og_title":"Tour du Limousin 2025 : Paul Lapeira vainqueur de la 3\u00e8me \u00e9tape, Ewen Costiou toujours leader","og_description":"TOUR DU LIMOUSIN 2025 - Paul Lapeira s'est impos\u00e9 tandis qu'Ewen Costiou conserve son maillot de leader \u00e0 la veille de l'arriv\u00e9e.","og_url":"https:\/\/dicodusport.fr\/blog\/tour-du-limousin-2025-paul-lapeira-vainqueur-de-la-3eme-etape-ewen-costiou-toujours-leader\/","og_site_name":"Dicodusport","article_publisher":"https:\/\/www.facebook.com\/dicodusport","article_published_time":"2025-08-21T15:16:34+00:00","article_modified_time":"2025-08-21T15:38:42+00:00","og_image":[{"width":1200,"height":674,"url":"https:\/\/dicodusport.fr\/blog\/wp-content\/uploads\/2025\/08\/Tour-du-Limousin-2025-Paul-Lapeira-vainqueur-de-la-3eme-etape-Ewen-Costiou-toujours-leader.png","type":"image\/png"}],"author":"Victor Clot-Amiot","twitter_card":"summary_large_image","twitter_title":"Tour du Limousin 2025 : Paul Lapeira vainqueur de la 3\u00e8me \u00e9tape, Ewen Costiou toujours leader","twitter_creator":"@https:\/\/x.com\/VictorClotAmiot","twitter_site":"@dicodusport","schema":{"@context":"https:\/\/schema.org","@graph":[{"@type":"NewsArticle","@id":"https:\/\/dicodusport.fr\/blog\/tour-du-limousin-2025-paul-lapeira-vainqueur-de-la-3eme-etape-ewen-costiou-toujours-leader\/#article","isPartOf":{"@id":"https:\/\/dicodusport.fr\/blog\/tour-du-limousin-2025-paul-lapeira-vainqueur-de-la-3eme-etape-ewen-costiou-toujours-leader\/"},"author":{"name":"Victor Clot-Amiot","@id":"https:\/\/dicodusport.fr\/blog\/#\/schema\/person\/b623199cba9ba90fe84a3d16e9282360"},"headline":"Tour du Limousin 2025 : Paul Lapeira vainqueur de la 3\u00e8me \u00e9tape, Ewen Costiou toujours leader","datePublished":"2025-08-21T15:16:34+00:00","dateModified":"2025-08-21T15:38:42+00:00","mainEntityOfPage":{"@id":"https:\/\/dicodusport.fr\/blog\/tour-du-limousin-2025-paul-lapeira-vainqueur-de-la-3eme-etape-ewen-costiou-toujours-leader\/"},"wordCount":651,"commentCount":0,"publisher":{"@id":"https:\/\/dicodusport.fr\/blog\/#organization"},"image":{"@id":"https:\/\/dicodusport.fr\/blog\/tour-du-limousin-2025-paul-lapeira-vainqueur-de-la-3eme-etape-ewen-costiou-toujours-leader\/#primaryimage"},"thumbnailUrl":"https:\/\/dicodusport.fr\/blog\/wp-content\/uploads\/2025\/08\/Tour-du-Limousin-2025-Paul-Lapeira-vainqueur-de-la-3eme-etape-Ewen-Costiou-toujours-leader.png","keywords":["br\u00e8ve","Cyclisme","Cyclisme sur route","Tour du Limousin"],"articleSection":["Cyclisme sur route"],"inLanguage":"fr-FR","potentialAction":[{"@type":"CommentAction","name":"Comment","target":["https:\/\/dicodusport.fr\/blog\/tour-du-limousin-2025-paul-lapeira-vainqueur-de-la-3eme-etape-ewen-costiou-toujours-leader\/#respond"]}],"copyrightYear":"2025","copyrightHolder":{"@id":"https:\/\/dicodusport.fr\/blog\/#organization"}},{"@type":"WebPage","@id":"https:\/\/dicodusport.fr\/blog\/tour-du-limousin-2025-paul-lapeira-vainqueur-de-la-3eme-etape-ewen-costiou-toujours-leader\/","url":"https:\/\/dicodusport.fr\/blog\/tour-du-limousin-2025-paul-lapeira-vainqueur-de-la-3eme-etape-ewen-costiou-toujours-leader\/","name":"Tour du Limousin 2025 : Paul Lapeira vainqueur de la 3\u00e8me \u00e9tape, Ewen Costiou toujours leader","isPartOf":{"@id":"https:\/\/dicodusport.fr\/blog\/#website"},"primaryImageOfPage":{"@id":"https:\/\/dicodusport.fr\/blog\/tour-du-limousin-2025-paul-lapeira-vainqueur-de-la-3eme-etape-ewen-costiou-toujours-leader\/#primaryimage"},"image":{"@id":"https:\/\/dicodusport.fr\/blog\/tour-du-limousin-2025-paul-lapeira-vainqueur-de-la-3eme-etape-ewen-costiou-toujours-leader\/#primaryimage"},"thumbnailUrl":"https:\/\/dicodusport.fr\/blog\/wp-content\/uploads\/2025\/08\/Tour-du-Limousin-2025-Paul-Lapeira-vainqueur-de-la-3eme-etape-Ewen-Costiou-toujours-leader.png","datePublished":"2025-08-21T15:16:34+00:00","dateModified":"2025-08-21T15:38:42+00:00","description":"TOUR DU LIMOUSIN 2025 - Paul Lapeira s'est impos\u00e9 tandis qu'Ewen Costiou conserve son maillot de leader \u00e0 la veille de l'arriv\u00e9e.","breadcrumb":{"@id":"https:\/\/dicodusport.fr\/blog\/tour-du-limousin-2025-paul-lapeira-vainqueur-de-la-3eme-etape-ewen-costiou-toujours-leader\/#breadcrumb"},"inLanguage":"fr-FR","potentialAction":[{"@type":"ReadAction","target":["https:\/\/dicodusport.fr\/blog\/tour-du-limousin-2025-paul-lapeira-vainqueur-de-la-3eme-etape-ewen-costiou-toujours-leader\/"]}]},{"@type":"ImageObject","inLanguage":"fr-FR","@id":"https:\/\/dicodusport.fr\/blog\/tour-du-limousin-2025-paul-lapeira-vainqueur-de-la-3eme-etape-ewen-costiou-toujours-leader\/#primaryimage","url":"https:\/\/dicodusport.fr\/blog\/wp-content\/uploads\/2025\/08\/Tour-du-Limousin-2025-Paul-Lapeira-vainqueur-de-la-3eme-etape-Ewen-Costiou-toujours-leader.png","contentUrl":"https:\/\/dicodusport.fr\/blog\/wp-content\/uploads\/2025\/08\/Tour-du-Limousin-2025-Paul-Lapeira-vainqueur-de-la-3eme-etape-Ewen-Costiou-toujours-leader.png","width":1200,"height":674,"caption":"Tour du Limousin 2025 Paul Lapeira vainqueur de la 3\u00e8me \u00e9tape, Ewen Costiou toujours leader"},{"@type":"BreadcrumbList","@id":"https:\/\/dicodusport.fr\/blog\/tour-du-limousin-2025-paul-lapeira-vainqueur-de-la-3eme-etape-ewen-costiou-toujours-leader\/#breadcrumb","itemListElement":[{"@type":"ListItem","position":1,"name":"Accueil","item":"https:\/\/dicodusport.fr\/blog\/"},{"@type":"ListItem","position":2,"name":"Tour du Limousin 2025 : Paul Lapeira vainqueur de la 3\u00e8me \u00e9tape, Ewen Costiou toujours leader"}]},{"@type":"WebSite","@id":"https:\/\/dicodusport.fr\/blog\/#website","url":"https:\/\/dicodusport.fr\/blog\/","name":"Dicodusport","description":"L&#039;encyclop\u00e9die de l&#039;actualit\u00e9 sportive","publisher":{"@id":"https:\/\/dicodusport.fr\/blog\/#organization"},"potentialAction":[{"@type":"SearchAction","target":{"@type":"EntryPoint","urlTemplate":"https:\/\/dicodusport.fr\/blog\/?s={search_term_string}"},"query-input":{"@type":"PropertyValueSpecification","valueRequired":true,"valueName":"search_term_string"}}],"inLanguage":"fr-FR"},{"@type":"NewsMediaOrganization","@id":"https:\/\/dicodusport.fr\/blog\/#organization","name":"Dicodusport","url":"https:\/\/dicodusport.fr\/blog\/","logo":{"@type":"ImageObject","inLanguage":"fr-FR","@id":"https:\/\/dicodusport.fr\/blog\/#\/schema\/logo\/image\/","url":"https:\/\/dicodusport.fr\/blog\/wp-content\/uploads\/2020\/06\/cropped-LOGO-DICODUSPORT-2020-SANS-FOND-SANS-TEXTE.png","contentUrl":"https:\/\/dicodusport.fr\/blog\/wp-content\/uploads\/2020\/06\/cropped-LOGO-DICODUSPORT-2020-SANS-FOND-SANS-TEXTE.png","width":512,"height":512,"caption":"Dicodusport"},"image":{"@id":"https:\/\/dicodusport.fr\/blog\/#\/schema\/logo\/image\/"},"sameAs":["https:\/\/www.facebook.com\/dicodusport","https:\/\/x.com\/dicodusport","https:\/\/www.instagram.com\/dicodusport\/","https:\/\/www.youtube.com\/channel\/UC7V2KZ5sd3htJivAbA4ZG3w"],"description":"Dicodusport est l'encyclop\u00e9die de l'actualit\u00e9 sportive.","email":"bonjour@dicodusport.fr","legalName":"DICODUSPORT","foundingDate":"2018-01-14","vatID":"FR71834470973","taxID":"83447097300043","numberOfEmployees":{"@type":"QuantitativeValue","minValue":"1","maxValue":"10"}},{"@type":"Person","@id":"https:\/\/dicodusport.fr\/blog\/#\/schema\/person\/b623199cba9ba90fe84a3d16e9282360","name":"Victor Clot-Amiot","image":{"@type":"ImageObject","inLanguage":"fr-FR","@id":"https:\/\/dicodusport.fr\/blog\/#\/schema\/person\/image\/","url":"https:\/\/dicodusport.fr\/blog\/wp-content\/uploads\/2023\/09\/IMG_20190826_114722-150x150.jpg","contentUrl":"https:\/\/dicodusport.fr\/blog\/wp-content\/uploads\/2023\/09\/IMG_20190826_114722-150x150.jpg","caption":"Victor Clot-Amiot"},"description":"Passionn\u00e9 de sport depuis toujours, un jour \u00e0 l'adolescence mes parents m'ont dit : \"quitte \u00e0 passer ton temps \u00e0 regarder du sport, au moins va le voir en vrai\" ! Depuis, cette remarque ne m'a plus quitt\u00e9 et je passe une grande partie de mon temps libre \u00e0 assister \u00e0 des comp\u00e9titions de tous sports. Je m\u00eale d'ailleurs mes deux passions, le sport et les voyages afin de faire une pierre deux coups ! Outre l'US Open ou l'Euro 2021 par exemple, j'ai assist\u00e9 cet \u00e9t\u00e9 aux Mondiaux d'athl\u00e9tisme \u00e0 Budapest. Mon plus gros coup dur est et restera les JO 2020-2021 pour lesquels j'avais r\u00e9serv\u00e9 17 \u00e9preuves. La suite, vous la connaissez...","sameAs":["https:\/\/x.com\/https:\/\/x.com\/VictorClotAmiot"],"url":"https:\/\/dicodusport.fr\/blog\/author\/victor-clot-amiot\/"}]}},"_links":{"self":[{"href":"https:\/\/dicodusport.fr\/blog\/wp-json\/wp\/v2\/posts\/604253","targetHints":{"allow":["GET"]}}],"collection":[{"href":"https:\/\/dicodusport.fr\/blog\/wp-json\/wp\/v2\/posts"}],"about":[{"href":"https:\/\/dicodusport.fr\/blog\/wp-json\/wp\/v2\/types\/post"}],"author":[{"embeddable":true,"href":"https:\/\/dicodusport.fr\/blog\/wp-json\/wp\/v2\/users\/91"}],"replies":[{"embeddable":true,"href":"https:\/\/dicodusport.fr\/blog\/wp-json\/wp\/v2\/comments?post=604253"}],"version-history":[{"count":5,"href":"https:\/\/dicodusport.fr\/blog\/wp-json\/wp\/v2\/posts\/604253\/revisions"}],"predecessor-version":[{"id":604306,"href":"https:\/\/dicodusport.fr\/blog\/wp-json\/wp\/v2\/posts\/604253\/revisions\/604306"}],"wp:featuredmedia":[{"embeddable":true,"href":"https:\/\/dicodusport.fr\/blog\/wp-json\/wp\/v2\/media\/604309"}],"wp:attachment":[{"href":"https:\/\/dicodusport.fr\/blog\/wp-json\/wp\/v2\/media?parent=604253"}],"wp:term":[{"taxonomy":"category","embeddable":true,"href":"https:\/\/dicodusport.fr\/blog\/wp-json\/wp\/v2\/categories?post=604253"},{"taxonomy":"post_tag","embeddable":true,"href":"https:\/\/dicodusport.fr\/blog\/wp-json\/wp\/v2\/tags?post=604253"}],"curies":[{"name":"wp","href":"https:\/\/api.w.org\/{rel}","templated":true}]}}