{"id":604323,"date":"2025-08-21T22:01:09","date_gmt":"2025-08-21T20:01:09","guid":{"rendered":"https:\/\/dicodusport.fr\/blog\/?p=604323&#038;preview=true&#038;preview_id=604323"},"modified":"2025-08-21T22:05:23","modified_gmt":"2025-08-21T20:05:23","slug":"ligue-europa-conference-2025-2026-strasbourg-tenu-en-echec-par-brondby-pour-son-retour-en-europe","status":"publish","type":"post","link":"https:\/\/dicodusport.fr\/blog\/ligue-europa-conference-2025-2026-strasbourg-tenu-en-echec-par-brondby-pour-son-retour-en-europe\/","title":{"rendered":"Ligue Europa Conf\u00e9rence 2025-2026 : Strasbourg tenu en \u00e9chec par Br\u00f8ndby pour son retour en Europe"},"content":{"rendered":"<p style=\"text-align: justify;\"><strong><em>LIGUE EUROPA CONFERENCE 2025-2026 &#8211; Strasbourg a \u00e9t\u00e9 tenu en \u00e9chec \u00e0 la Meinau par Br\u00f8ndby (0-0) dans le cadre du barrage aller. En d\u00e9pit d&rsquo;une domination totale, les Alsaciens n&rsquo;ont pas r\u00e9ussi \u00e0 percer le coffre-fort Danois, et se retrouvent dans l&rsquo;obligation de faire un r\u00e9sultat \u00e0 l&rsquo;ext\u00e9rieur lors du match retour.\u00a0<\/em><\/strong><\/p>\n<p style=\"text-align: justify;\">De retour sur la sc\u00e8ne europ\u00e9enne deux d\u00e9cennies apr\u00e8s sa derni\u00e8re participation, <strong>Strasbourg<\/strong> recevait <strong>Br\u00f8ndby<\/strong> \u00e0 la <strong>Meinau<\/strong> en barrages de la <strong>Ligue Europa Conf\u00e9rence<\/strong>. Avant un match retour p\u00e9rilleux au Danemark, la jeune et ambitieuse \u00e9quipe de <strong>Liam Rosenior<\/strong> devait frapper fort pour prendre une option sur la qualification en phase de ligue.<\/p>\n<h2>Strasbourg ma\u00eetrise le premier acte, Barco et Amo-Ameyaw font le spectacle<\/h2>\n<p style=\"text-align: justify;\">Et ces derniers se sont donn\u00e9s les moyens d&rsquo;atteindre leur objectif en dominant la premi\u00e8re p\u00e9riode. Face \u00e0 un adversaire venu pour jouer en contre, les Alsaciens ont pris volontiers la possession du ballon tout en exer\u00e7ant un pressing intense \u00e0 la perte du ballon. Si ce sont les Danois qui ont \u00e9t\u00e9 les premiers \u00e0 tenter leur chance dans le premier quart d&rsquo;heure, le RCSA a r\u00e9pondu illico presto. La doublette <strong>Barco-Nanasi<\/strong> a initi\u00e9 un gros temps fort en multipliant les diff\u00e9rences, ce qui a offert \u00e0 <strong>Emanuel Emegha<\/strong> deux premi\u00e8res belles opportunit\u00e9s. Une reprise trop enlev\u00e9e, puis un ballon sorti de ses pieds au dernier moment par le retour salvateur d&rsquo;un d\u00e9fenseur danois.<\/p>\n<p style=\"text-align: justify;\">Patients, les Alsaciens ont ensuite dig\u00e9r\u00e9 la blessure de <strong>Mike Penders<\/strong>, touch\u00e9 \u00e0 la hanche, et remplac\u00e9 par l&rsquo;exp\u00e9riment\u00e9 <strong>Karl-Johan Johnsson<\/strong>, pour lancer un deuxi\u00e8me d&rsquo;assauts avant la pause. Insaisissable, <strong>Samuel Amo-Ameyaw<\/strong>\u00a0a fait trembler la Meinau en faisant la mis\u00e8re \u00e0 ses vis-\u00e0-vis. Le jeune anglais a ainsi cr\u00e9\u00e9 plusieurs d\u00e9calages, et aurait pu se retrouver passeur d\u00e9cisif si <strong>Patrick Pentz<\/strong> n&rsquo;avait pas capt\u00e9 la belle t\u00eate de <strong>Panicelli<\/strong>. Dans la foul\u00e9e, Br\u00f8ndby a subi les assauts r\u00e9p\u00e9t\u00e9s d&rsquo;Alsaciens d\u00e9termin\u00e9s \u00e0 ouvrir la marque, sans rompre. Malgr\u00e9 les tentatives d&rsquo;<strong>Isma\u00ebl Doukour\u00e9<\/strong> et <strong>Panicelli<\/strong> \u00e0 l&rsquo;entr\u00e9e de la surface.<\/p>\n<blockquote class=\"twitter-tweet\">\n<p dir=\"ltr\" lang=\"und\">\ud83d\udc99\ud83e\udd0d<\/p>\n<p>26&prime; | 0\ufe0f\u20e3-0\ufe0f\u20e3 <a href=\"https:\/\/twitter.com\/hashtag\/RCSABIF?src=hash&amp;ref_src=twsrc%5Etfw\">#RCSABIF<\/a> <a href=\"https:\/\/t.co\/Jj8Pkb8hUh\">pic.twitter.com\/Jj8Pkb8hUh<\/a><\/p>\n<p>\u2014 Racing Club de Strasbourg Alsace (@RCSA) <a href=\"https:\/\/twitter.com\/RCSA\/status\/1958596315685736929?ref_src=twsrc%5Etfw\">August 21, 2025<\/a><\/p><\/blockquote>\n<p><script async src=\"https:\/\/platform.twitter.com\/widgets.js\" charset=\"utf-8\"><\/script><\/p>\n<h2>Patrick Pentz, bourreau de la Meinau<\/h2>\n<p style=\"text-align: justify;\">Si une frappe de <strong>Junior Mwanga<\/strong> a fr\u00f4l\u00e9 le poteau au retour des vestiaires, les Strasbourgeois ont \u00e9t\u00e9 momentan\u00e9ment endormis par les Danois, ces derniers cassant le rythme avec plusieurs longues phases de possession st\u00e9rile. Mais \u00e0 l&rsquo;heure de jeu, le RSCA a retrouv\u00e9 du saignant. Un nouveau num\u00e9ro d&rsquo;<strong>Amo-Ameyaw<\/strong> puis une frappe de mammouth de <strong>Mwanga<\/strong> ont mis \u00e0 contribution un <strong>Patrick Pentz<\/strong> toujours aussi solide devant sa cage. Mais comme en premi\u00e8re p\u00e9riode, l&rsquo;ouverture du score n&rsquo;intervient pas. Pourtant, les occasions ont continu\u00e9 de d\u00e9filer, \u00e0 l&rsquo;image de cette reprise de Panichelli qui s&rsquo;est envol\u00e9e au-dessus de la transversale.<\/p>\n<p style=\"text-align: justify;\">En d\u00e9pit du dynamisme apport\u00e9 par <strong>Abdoul Camara <\/strong>et <strong>Dilane Bawka<\/strong> sur les ailes, le RCSA a continu\u00e9 de se casser les dents sur le solidaire bloc d\u00e9fensif danois. Inlassablement. Et le plan des Danois aurait pu se transformer en hold-up parfait si Johnsson n&rsquo;avait pas remport\u00e9 son duel face \u00e0 <strong>Michael Gregoritsch<\/strong> pour compenser un repli d\u00e9fensif laxiste. Suite \u00e0 cette frayeur, la Meinau a encore eu l&rsquo;occasion de frissonner sur une roulette suivie d&rsquo;une violente frappe cadr\u00e9e de <strong>Bakwa<\/strong> notamment. Mais ce frisson ne s&rsquo;est jamais transform\u00e9 en explosion. Comme un symbole, le poteau est venu s&rsquo;en m\u00ealer dans les derni\u00e8res minutes sur une tentative de <strong>Camara<\/strong>, avant que l&rsquo;homme du match, <strong>Patrick Pentz<\/strong>, scelle sa soir\u00e9e de gala en r\u00e9alisant un dernier arr\u00eat monstrueux sur sa ligne pour d\u00e9finitivement r\u00e9gler l&rsquo;affaire.<\/p>\n<p style=\"text-align: justify;\">Au bout d&rsquo;une partie frustrante, Strasbourg a donc \u00e9t\u00e9 tenu en \u00e9chec sur un score nul et vierge, <strong>0-0<\/strong>. Un r\u00e9sultat d\u00e9cevant, qui contraint les troupes de Liam Rosenior \u00e0 se rendre au bouillant Br\u00f8ndby Stadium sans le moindre avantage.<\/p>\n<blockquote class=\"twitter-tweet\">\n<p dir=\"ltr\" lang=\"da\">Det ender uden scoringer i Strasbourg \ud83c\udf2a\ufe0f<\/p>\n<p>Nu venter returen p\u00e5 Br\u00f8ndby Stadion i n\u00e6ste uge \ud83d\udc4a <a href=\"https:\/\/t.co\/YQAYbXuWWk\">pic.twitter.com\/YQAYbXuWWk<\/a><\/p>\n<p>\u2014 Br\u00f8ndby IF (@BrondbyIF) <a href=\"https:\/\/twitter.com\/BrondbyIF\/status\/1958619874432840093?ref_src=twsrc%5Etfw\">August 21, 2025<\/a><\/p><\/blockquote>\n<p><script async src=\"https:\/\/platform.twitter.com\/widgets.js\" charset=\"utf-8\"><\/script><\/p>\n","protected":false},"excerpt":{"rendered":"<p>LIGUE EUROPA CONFERENCE 2025-2026 &#8211; Strasbourg a \u00e9t\u00e9 tenu en \u00e9chec \u00e0 la Meinau par Br\u00f8ndby (0-0) dans le cadre du barrage aller. En d\u00e9pit d&rsquo;une domination totale, les Alsaciens n&rsquo;ont pas r\u00e9ussi \u00e0 percer le coffre-fort Danois, et se retrouvent dans l&rsquo;obligation de faire un r\u00e9sultat \u00e0 l&rsquo;ext\u00e9rieur lors du match retour.\u00a0<\/p>\n","protected":false},"author":55,"featured_media":604344,"comment_status":"open","ping_status":"closed","sticky":false,"template":"","format":"standard","meta":{"_acf_changed":false,"_daextam_enable_autolinks":"1","footnotes":""},"categories":[2301],"tags":[16878,47217,19580,1619],"class_list":["post-604323","post","type-post","status-publish","format-standard","has-post-thumbnail","hentry","category-football","tag-breve","tag-brondby","tag-ligue-europa-conference","tag-strasbourg"],"acf":[],"yoast_head":"<!-- This site is optimized with the Yoast SEO Premium plugin v26.7 (Yoast SEO v26.7) - https:\/\/yoast.com\/wordpress\/plugins\/seo\/ -->\n<title>Ligue Europa Conf\u00e9rence 2025-2026 : Strasbourg tenu en \u00e9chec par Br\u00f8ndby pour son retour en Europe<\/title>\n<meta name=\"description\" content=\"LIGUE EUROPA CONFERENCE 2025-2026 - Strasbourg a \u00e9t\u00e9 tenu en \u00e9chec \u00e0 la Meinau par Br\u00f8ndby (0-0) dans le cadre du barrage aller.\" \/>\n<meta name=\"robots\" content=\"index, follow, max-snippet:-1, max-image-preview:large, max-video-preview:-1\" \/>\n<link rel=\"canonical\" href=\"https:\/\/dicodusport.fr\/blog\/ligue-europa-conference-2025-2026-strasbourg-tenu-en-echec-par-brondby-pour-son-retour-en-europe\/\" \/>\n<meta property=\"og:locale\" content=\"fr_FR\" \/>\n<meta property=\"og:type\" content=\"article\" \/>\n<meta property=\"og:title\" content=\"Ligue Europa Conf\u00e9rence 2025-2026 : Strasbourg tenu en \u00e9chec par Br\u00f8ndby pour son retour en Europe\" \/>\n<meta property=\"og:description\" content=\"LIGUE EUROPA CONFERENCE 2025-2026 - Strasbourg a \u00e9t\u00e9 tenu en \u00e9chec \u00e0 la Meinau par Br\u00f8ndby (0-0) dans le cadre du barrage aller.\" \/>\n<meta property=\"og:url\" content=\"https:\/\/dicodusport.fr\/blog\/ligue-europa-conference-2025-2026-strasbourg-tenu-en-echec-par-brondby-pour-son-retour-en-europe\/\" \/>\n<meta property=\"og:site_name\" content=\"Dicodusport\" \/>\n<meta property=\"article:publisher\" content=\"https:\/\/www.facebook.com\/dicodusport\" \/>\n<meta property=\"article:published_time\" content=\"2025-08-21T20:01:09+00:00\" \/>\n<meta property=\"article:modified_time\" content=\"2025-08-21T20:05:23+00:00\" \/>\n<meta property=\"og:image\" content=\"https:\/\/dicodusport.fr\/blog\/wp-content\/uploads\/2025\/08\/Ligue-Europa-Conference-2025-2026-Strasbourg-tenu-en-echec-par-Brondby-pour-son-retour-en-Europe.png\" \/>\n\t<meta property=\"og:image:width\" content=\"1200\" \/>\n\t<meta property=\"og:image:height\" content=\"674\" \/>\n\t<meta property=\"og:image:type\" content=\"image\/png\" \/>\n<meta name=\"author\" content=\"Maxime Cazenave\" \/>\n<meta name=\"twitter:card\" content=\"summary_large_image\" \/>\n<meta name=\"twitter:title\" content=\"Ligue Europa Conf\u00e9rence 2025-2026 : Strasbourg tenu en \u00e9chec par Br\u00f8ndby pour son retour en Europe\" \/>\n<meta name=\"twitter:creator\" content=\"@https:\/\/twitter.com\/Maxime_Caze\" \/>\n<meta name=\"twitter:site\" content=\"@dicodusport\" \/>\n<script type=\"application\/ld+json\" class=\"yoast-schema-graph\">{\"@context\":\"https:\/\/schema.org\",\"@graph\":[{\"@type\":\"NewsArticle\",\"@id\":\"https:\/\/dicodusport.fr\/blog\/ligue-europa-conference-2025-2026-strasbourg-tenu-en-echec-par-brondby-pour-son-retour-en-europe\/#article\",\"isPartOf\":{\"@id\":\"https:\/\/dicodusport.fr\/blog\/ligue-europa-conference-2025-2026-strasbourg-tenu-en-echec-par-brondby-pour-son-retour-en-europe\/\"},\"author\":{\"name\":\"Maxime Cazenave\",\"@id\":\"https:\/\/dicodusport.fr\/blog\/#\/schema\/person\/37def232098a7a5cbab3974a3690abb0\"},\"headline\":\"Ligue Europa Conf\u00e9rence 2025-2026 : Strasbourg tenu en \u00e9chec par Br\u00f8ndby pour son retour en Europe\",\"datePublished\":\"2025-08-21T20:01:09+00:00\",\"dateModified\":\"2025-08-21T20:05:23+00:00\",\"mainEntityOfPage\":{\"@id\":\"https:\/\/dicodusport.fr\/blog\/ligue-europa-conference-2025-2026-strasbourg-tenu-en-echec-par-brondby-pour-son-retour-en-europe\/\"},\"wordCount\":743,\"commentCount\":0,\"publisher\":{\"@id\":\"https:\/\/dicodusport.fr\/blog\/#organization\"},\"image\":{\"@id\":\"https:\/\/dicodusport.fr\/blog\/ligue-europa-conference-2025-2026-strasbourg-tenu-en-echec-par-brondby-pour-son-retour-en-europe\/#primaryimage\"},\"thumbnailUrl\":\"https:\/\/dicodusport.fr\/blog\/wp-content\/uploads\/2025\/08\/Ligue-Europa-Conference-2025-2026-Strasbourg-tenu-en-echec-par-Brondby-pour-son-retour-en-Europe.png\",\"keywords\":[\"br\u00e8ve\",\"Br\u00f8ndby\",\"Ligue Europa Conf\u00e9rence\",\"Strasbourg\"],\"articleSection\":[\"Football\"],\"inLanguage\":\"fr-FR\",\"potentialAction\":[{\"@type\":\"CommentAction\",\"name\":\"Comment\",\"target\":[\"https:\/\/dicodusport.fr\/blog\/ligue-europa-conference-2025-2026-strasbourg-tenu-en-echec-par-brondby-pour-son-retour-en-europe\/#respond\"]}],\"copyrightYear\":\"2025\",\"copyrightHolder\":{\"@id\":\"https:\/\/dicodusport.fr\/blog\/#organization\"}},{\"@type\":\"WebPage\",\"@id\":\"https:\/\/dicodusport.fr\/blog\/ligue-europa-conference-2025-2026-strasbourg-tenu-en-echec-par-brondby-pour-son-retour-en-europe\/\",\"url\":\"https:\/\/dicodusport.fr\/blog\/ligue-europa-conference-2025-2026-strasbourg-tenu-en-echec-par-brondby-pour-son-retour-en-europe\/\",\"name\":\"Ligue Europa Conf\u00e9rence 2025-2026 : Strasbourg tenu en \u00e9chec par Br\u00f8ndby pour son retour en Europe\",\"isPartOf\":{\"@id\":\"https:\/\/dicodusport.fr\/blog\/#website\"},\"primaryImageOfPage\":{\"@id\":\"https:\/\/dicodusport.fr\/blog\/ligue-europa-conference-2025-2026-strasbourg-tenu-en-echec-par-brondby-pour-son-retour-en-europe\/#primaryimage\"},\"image\":{\"@id\":\"https:\/\/dicodusport.fr\/blog\/ligue-europa-conference-2025-2026-strasbourg-tenu-en-echec-par-brondby-pour-son-retour-en-europe\/#primaryimage\"},\"thumbnailUrl\":\"https:\/\/dicodusport.fr\/blog\/wp-content\/uploads\/2025\/08\/Ligue-Europa-Conference-2025-2026-Strasbourg-tenu-en-echec-par-Brondby-pour-son-retour-en-Europe.png\",\"datePublished\":\"2025-08-21T20:01:09+00:00\",\"dateModified\":\"2025-08-21T20:05:23+00:00\",\"description\":\"LIGUE EUROPA CONFERENCE 2025-2026 - Strasbourg a \u00e9t\u00e9 tenu en \u00e9chec \u00e0 la Meinau par Br\u00f8ndby (0-0) dans le cadre du barrage aller.\",\"breadcrumb\":{\"@id\":\"https:\/\/dicodusport.fr\/blog\/ligue-europa-conference-2025-2026-strasbourg-tenu-en-echec-par-brondby-pour-son-retour-en-europe\/#breadcrumb\"},\"inLanguage\":\"fr-FR\",\"potentialAction\":[{\"@type\":\"ReadAction\",\"target\":[\"https:\/\/dicodusport.fr\/blog\/ligue-europa-conference-2025-2026-strasbourg-tenu-en-echec-par-brondby-pour-son-retour-en-europe\/\"]}]},{\"@type\":\"ImageObject\",\"inLanguage\":\"fr-FR\",\"@id\":\"https:\/\/dicodusport.fr\/blog\/ligue-europa-conference-2025-2026-strasbourg-tenu-en-echec-par-brondby-pour-son-retour-en-europe\/#primaryimage\",\"url\":\"https:\/\/dicodusport.fr\/blog\/wp-content\/uploads\/2025\/08\/Ligue-Europa-Conference-2025-2026-Strasbourg-tenu-en-echec-par-Brondby-pour-son-retour-en-Europe.png\",\"contentUrl\":\"https:\/\/dicodusport.fr\/blog\/wp-content\/uploads\/2025\/08\/Ligue-Europa-Conference-2025-2026-Strasbourg-tenu-en-echec-par-Brondby-pour-son-retour-en-Europe.png\",\"width\":1200,\"height\":674,\"caption\":\"Ligue Europa Conf\u00e9rence 2025-2026 : Strasbourg tenu en \u00e9chec par Br\u00f8ndby pour son retour en Europe\"},{\"@type\":\"BreadcrumbList\",\"@id\":\"https:\/\/dicodusport.fr\/blog\/ligue-europa-conference-2025-2026-strasbourg-tenu-en-echec-par-brondby-pour-son-retour-en-europe\/#breadcrumb\",\"itemListElement\":[{\"@type\":\"ListItem\",\"position\":1,\"name\":\"Accueil\",\"item\":\"https:\/\/dicodusport.fr\/blog\/\"},{\"@type\":\"ListItem\",\"position\":2,\"name\":\"Ligue Europa Conf\u00e9rence 2025-2026 : Strasbourg tenu en \u00e9chec par Br\u00f8ndby pour son retour en Europe\"}]},{\"@type\":\"WebSite\",\"@id\":\"https:\/\/dicodusport.fr\/blog\/#website\",\"url\":\"https:\/\/dicodusport.fr\/blog\/\",\"name\":\"Dicodusport\",\"description\":\"L&#039;encyclop\u00e9die de l&#039;actualit\u00e9 sportive\",\"publisher\":{\"@id\":\"https:\/\/dicodusport.fr\/blog\/#organization\"},\"potentialAction\":[{\"@type\":\"SearchAction\",\"target\":{\"@type\":\"EntryPoint\",\"urlTemplate\":\"https:\/\/dicodusport.fr\/blog\/?s={search_term_string}\"},\"query-input\":{\"@type\":\"PropertyValueSpecification\",\"valueRequired\":true,\"valueName\":\"search_term_string\"}}],\"inLanguage\":\"fr-FR\"},{\"@type\":\"NewsMediaOrganization\",\"@id\":\"https:\/\/dicodusport.fr\/blog\/#organization\",\"name\":\"Dicodusport\",\"url\":\"https:\/\/dicodusport.fr\/blog\/\",\"logo\":{\"@type\":\"ImageObject\",\"inLanguage\":\"fr-FR\",\"@id\":\"https:\/\/dicodusport.fr\/blog\/#\/schema\/logo\/image\/\",\"url\":\"https:\/\/dicodusport.fr\/blog\/wp-content\/uploads\/2020\/06\/cropped-LOGO-DICODUSPORT-2020-SANS-FOND-SANS-TEXTE.png\",\"contentUrl\":\"https:\/\/dicodusport.fr\/blog\/wp-content\/uploads\/2020\/06\/cropped-LOGO-DICODUSPORT-2020-SANS-FOND-SANS-TEXTE.png\",\"width\":512,\"height\":512,\"caption\":\"Dicodusport\"},\"image\":{\"@id\":\"https:\/\/dicodusport.fr\/blog\/#\/schema\/logo\/image\/\"},\"sameAs\":[\"https:\/\/www.facebook.com\/dicodusport\",\"https:\/\/x.com\/dicodusport\",\"https:\/\/www.instagram.com\/dicodusport\/\",\"https:\/\/www.youtube.com\/channel\/UC7V2KZ5sd3htJivAbA4ZG3w\"],\"description\":\"Dicodusport est l'encyclop\u00e9die de l'actualit\u00e9 sportive.\",\"email\":\"bonjour@dicodusport.fr\",\"legalName\":\"DICODUSPORT\",\"foundingDate\":\"2018-01-14\",\"vatID\":\"FR71834470973\",\"taxID\":\"83447097300043\",\"numberOfEmployees\":{\"@type\":\"QuantitativeValue\",\"minValue\":\"1\",\"maxValue\":\"10\"}},{\"@type\":\"Person\",\"@id\":\"https:\/\/dicodusport.fr\/blog\/#\/schema\/person\/37def232098a7a5cbab3974a3690abb0\",\"name\":\"Maxime Cazenave\",\"image\":{\"@type\":\"ImageObject\",\"inLanguage\":\"fr-FR\",\"@id\":\"https:\/\/dicodusport.fr\/blog\/#\/schema\/person\/image\/\",\"url\":\"https:\/\/dicodusport.fr\/blog\/wp-content\/uploads\/2021\/05\/Maxime-Cazenave-150x150.jpg\",\"contentUrl\":\"https:\/\/dicodusport.fr\/blog\/wp-content\/uploads\/2021\/05\/Maxime-Cazenave-150x150.jpg\",\"caption\":\"Maxime Cazenave\"},\"description\":\"Journaliste\/R\u00e9dacteur depuis 2012 - Berc\u00e9 par l\u2019amour des Girondins de Bordeaux, les \u00e9checs de Christophe Moreau sur le Tour de France sous l'\u00e8re Lance Armstrong et le fade-away l\u00e9tal de Dirk Nowitzki, ma passion d\u00e9vorante pour le sport a toujours \u00e9t\u00e9 un pan incontournable de ma vie. Transmettre ma passion \u00e0 l\u2019\u00e9crit a \u00e9t\u00e9 une transition naturelle. Suiveur assidu de basket et de hockey sur glace, je garde toujours un peu de place pour suivre le cyclisme, le football et le maximum de performances fran\u00e7aises.\",\"sameAs\":[\"https:\/\/x.com\/https:\/\/twitter.com\/Maxime_Caze\"],\"url\":\"https:\/\/dicodusport.fr\/blog\/author\/maximec\/\"}]}<\/script>\n<!-- \/ Yoast SEO Premium plugin. -->","yoast_head_json":{"title":"Ligue Europa Conf\u00e9rence 2025-2026 : Strasbourg tenu en \u00e9chec par Br\u00f8ndby pour son retour en Europe","description":"LIGUE EUROPA CONFERENCE 2025-2026 - Strasbourg a \u00e9t\u00e9 tenu en \u00e9chec \u00e0 la Meinau par Br\u00f8ndby (0-0) dans le cadre du barrage aller.","robots":{"index":"index","follow":"follow","max-snippet":"max-snippet:-1","max-image-preview":"max-image-preview:large","max-video-preview":"max-video-preview:-1"},"canonical":"https:\/\/dicodusport.fr\/blog\/ligue-europa-conference-2025-2026-strasbourg-tenu-en-echec-par-brondby-pour-son-retour-en-europe\/","og_locale":"fr_FR","og_type":"article","og_title":"Ligue Europa Conf\u00e9rence 2025-2026 : Strasbourg tenu en \u00e9chec par Br\u00f8ndby pour son retour en Europe","og_description":"LIGUE EUROPA CONFERENCE 2025-2026 - Strasbourg a \u00e9t\u00e9 tenu en \u00e9chec \u00e0 la Meinau par Br\u00f8ndby (0-0) dans le cadre du barrage aller.","og_url":"https:\/\/dicodusport.fr\/blog\/ligue-europa-conference-2025-2026-strasbourg-tenu-en-echec-par-brondby-pour-son-retour-en-europe\/","og_site_name":"Dicodusport","article_publisher":"https:\/\/www.facebook.com\/dicodusport","article_published_time":"2025-08-21T20:01:09+00:00","article_modified_time":"2025-08-21T20:05:23+00:00","og_image":[{"width":1200,"height":674,"url":"https:\/\/dicodusport.fr\/blog\/wp-content\/uploads\/2025\/08\/Ligue-Europa-Conference-2025-2026-Strasbourg-tenu-en-echec-par-Brondby-pour-son-retour-en-Europe.png","type":"image\/png"}],"author":"Maxime Cazenave","twitter_card":"summary_large_image","twitter_title":"Ligue Europa Conf\u00e9rence 2025-2026 : Strasbourg tenu en \u00e9chec par Br\u00f8ndby pour son retour en Europe","twitter_creator":"@https:\/\/twitter.com\/Maxime_Caze","twitter_site":"@dicodusport","schema":{"@context":"https:\/\/schema.org","@graph":[{"@type":"NewsArticle","@id":"https:\/\/dicodusport.fr\/blog\/ligue-europa-conference-2025-2026-strasbourg-tenu-en-echec-par-brondby-pour-son-retour-en-europe\/#article","isPartOf":{"@id":"https:\/\/dicodusport.fr\/blog\/ligue-europa-conference-2025-2026-strasbourg-tenu-en-echec-par-brondby-pour-son-retour-en-europe\/"},"author":{"name":"Maxime Cazenave","@id":"https:\/\/dicodusport.fr\/blog\/#\/schema\/person\/37def232098a7a5cbab3974a3690abb0"},"headline":"Ligue Europa Conf\u00e9rence 2025-2026 : Strasbourg tenu en \u00e9chec par Br\u00f8ndby pour son retour en Europe","datePublished":"2025-08-21T20:01:09+00:00","dateModified":"2025-08-21T20:05:23+00:00","mainEntityOfPage":{"@id":"https:\/\/dicodusport.fr\/blog\/ligue-europa-conference-2025-2026-strasbourg-tenu-en-echec-par-brondby-pour-son-retour-en-europe\/"},"wordCount":743,"commentCount":0,"publisher":{"@id":"https:\/\/dicodusport.fr\/blog\/#organization"},"image":{"@id":"https:\/\/dicodusport.fr\/blog\/ligue-europa-conference-2025-2026-strasbourg-tenu-en-echec-par-brondby-pour-son-retour-en-europe\/#primaryimage"},"thumbnailUrl":"https:\/\/dicodusport.fr\/blog\/wp-content\/uploads\/2025\/08\/Ligue-Europa-Conference-2025-2026-Strasbourg-tenu-en-echec-par-Brondby-pour-son-retour-en-Europe.png","keywords":["br\u00e8ve","Br\u00f8ndby","Ligue Europa Conf\u00e9rence","Strasbourg"],"articleSection":["Football"],"inLanguage":"fr-FR","potentialAction":[{"@type":"CommentAction","name":"Comment","target":["https:\/\/dicodusport.fr\/blog\/ligue-europa-conference-2025-2026-strasbourg-tenu-en-echec-par-brondby-pour-son-retour-en-europe\/#respond"]}],"copyrightYear":"2025","copyrightHolder":{"@id":"https:\/\/dicodusport.fr\/blog\/#organization"}},{"@type":"WebPage","@id":"https:\/\/dicodusport.fr\/blog\/ligue-europa-conference-2025-2026-strasbourg-tenu-en-echec-par-brondby-pour-son-retour-en-europe\/","url":"https:\/\/dicodusport.fr\/blog\/ligue-europa-conference-2025-2026-strasbourg-tenu-en-echec-par-brondby-pour-son-retour-en-europe\/","name":"Ligue Europa Conf\u00e9rence 2025-2026 : Strasbourg tenu en \u00e9chec par Br\u00f8ndby pour son retour en Europe","isPartOf":{"@id":"https:\/\/dicodusport.fr\/blog\/#website"},"primaryImageOfPage":{"@id":"https:\/\/dicodusport.fr\/blog\/ligue-europa-conference-2025-2026-strasbourg-tenu-en-echec-par-brondby-pour-son-retour-en-europe\/#primaryimage"},"image":{"@id":"https:\/\/dicodusport.fr\/blog\/ligue-europa-conference-2025-2026-strasbourg-tenu-en-echec-par-brondby-pour-son-retour-en-europe\/#primaryimage"},"thumbnailUrl":"https:\/\/dicodusport.fr\/blog\/wp-content\/uploads\/2025\/08\/Ligue-Europa-Conference-2025-2026-Strasbourg-tenu-en-echec-par-Brondby-pour-son-retour-en-Europe.png","datePublished":"2025-08-21T20:01:09+00:00","dateModified":"2025-08-21T20:05:23+00:00","description":"LIGUE EUROPA CONFERENCE 2025-2026 - Strasbourg a \u00e9t\u00e9 tenu en \u00e9chec \u00e0 la Meinau par Br\u00f8ndby (0-0) dans le cadre du barrage aller.","breadcrumb":{"@id":"https:\/\/dicodusport.fr\/blog\/ligue-europa-conference-2025-2026-strasbourg-tenu-en-echec-par-brondby-pour-son-retour-en-europe\/#breadcrumb"},"inLanguage":"fr-FR","potentialAction":[{"@type":"ReadAction","target":["https:\/\/dicodusport.fr\/blog\/ligue-europa-conference-2025-2026-strasbourg-tenu-en-echec-par-brondby-pour-son-retour-en-europe\/"]}]},{"@type":"ImageObject","inLanguage":"fr-FR","@id":"https:\/\/dicodusport.fr\/blog\/ligue-europa-conference-2025-2026-strasbourg-tenu-en-echec-par-brondby-pour-son-retour-en-europe\/#primaryimage","url":"https:\/\/dicodusport.fr\/blog\/wp-content\/uploads\/2025\/08\/Ligue-Europa-Conference-2025-2026-Strasbourg-tenu-en-echec-par-Brondby-pour-son-retour-en-Europe.png","contentUrl":"https:\/\/dicodusport.fr\/blog\/wp-content\/uploads\/2025\/08\/Ligue-Europa-Conference-2025-2026-Strasbourg-tenu-en-echec-par-Brondby-pour-son-retour-en-Europe.png","width":1200,"height":674,"caption":"Ligue Europa Conf\u00e9rence 2025-2026 : Strasbourg tenu en \u00e9chec par Br\u00f8ndby pour son retour en Europe"},{"@type":"BreadcrumbList","@id":"https:\/\/dicodusport.fr\/blog\/ligue-europa-conference-2025-2026-strasbourg-tenu-en-echec-par-brondby-pour-son-retour-en-europe\/#breadcrumb","itemListElement":[{"@type":"ListItem","position":1,"name":"Accueil","item":"https:\/\/dicodusport.fr\/blog\/"},{"@type":"ListItem","position":2,"name":"Ligue Europa Conf\u00e9rence 2025-2026 : Strasbourg tenu en \u00e9chec par Br\u00f8ndby pour son retour en Europe"}]},{"@type":"WebSite","@id":"https:\/\/dicodusport.fr\/blog\/#website","url":"https:\/\/dicodusport.fr\/blog\/","name":"Dicodusport","description":"L&#039;encyclop\u00e9die de l&#039;actualit\u00e9 sportive","publisher":{"@id":"https:\/\/dicodusport.fr\/blog\/#organization"},"potentialAction":[{"@type":"SearchAction","target":{"@type":"EntryPoint","urlTemplate":"https:\/\/dicodusport.fr\/blog\/?s={search_term_string}"},"query-input":{"@type":"PropertyValueSpecification","valueRequired":true,"valueName":"search_term_string"}}],"inLanguage":"fr-FR"},{"@type":"NewsMediaOrganization","@id":"https:\/\/dicodusport.fr\/blog\/#organization","name":"Dicodusport","url":"https:\/\/dicodusport.fr\/blog\/","logo":{"@type":"ImageObject","inLanguage":"fr-FR","@id":"https:\/\/dicodusport.fr\/blog\/#\/schema\/logo\/image\/","url":"https:\/\/dicodusport.fr\/blog\/wp-content\/uploads\/2020\/06\/cropped-LOGO-DICODUSPORT-2020-SANS-FOND-SANS-TEXTE.png","contentUrl":"https:\/\/dicodusport.fr\/blog\/wp-content\/uploads\/2020\/06\/cropped-LOGO-DICODUSPORT-2020-SANS-FOND-SANS-TEXTE.png","width":512,"height":512,"caption":"Dicodusport"},"image":{"@id":"https:\/\/dicodusport.fr\/blog\/#\/schema\/logo\/image\/"},"sameAs":["https:\/\/www.facebook.com\/dicodusport","https:\/\/x.com\/dicodusport","https:\/\/www.instagram.com\/dicodusport\/","https:\/\/www.youtube.com\/channel\/UC7V2KZ5sd3htJivAbA4ZG3w"],"description":"Dicodusport est l'encyclop\u00e9die de l'actualit\u00e9 sportive.","email":"bonjour@dicodusport.fr","legalName":"DICODUSPORT","foundingDate":"2018-01-14","vatID":"FR71834470973","taxID":"83447097300043","numberOfEmployees":{"@type":"QuantitativeValue","minValue":"1","maxValue":"10"}},{"@type":"Person","@id":"https:\/\/dicodusport.fr\/blog\/#\/schema\/person\/37def232098a7a5cbab3974a3690abb0","name":"Maxime Cazenave","image":{"@type":"ImageObject","inLanguage":"fr-FR","@id":"https:\/\/dicodusport.fr\/blog\/#\/schema\/person\/image\/","url":"https:\/\/dicodusport.fr\/blog\/wp-content\/uploads\/2021\/05\/Maxime-Cazenave-150x150.jpg","contentUrl":"https:\/\/dicodusport.fr\/blog\/wp-content\/uploads\/2021\/05\/Maxime-Cazenave-150x150.jpg","caption":"Maxime Cazenave"},"description":"Journaliste\/R\u00e9dacteur depuis 2012 - Berc\u00e9 par l\u2019amour des Girondins de Bordeaux, les \u00e9checs de Christophe Moreau sur le Tour de France sous l'\u00e8re Lance Armstrong et le fade-away l\u00e9tal de Dirk Nowitzki, ma passion d\u00e9vorante pour le sport a toujours \u00e9t\u00e9 un pan incontournable de ma vie. Transmettre ma passion \u00e0 l\u2019\u00e9crit a \u00e9t\u00e9 une transition naturelle. Suiveur assidu de basket et de hockey sur glace, je garde toujours un peu de place pour suivre le cyclisme, le football et le maximum de performances fran\u00e7aises.","sameAs":["https:\/\/x.com\/https:\/\/twitter.com\/Maxime_Caze"],"url":"https:\/\/dicodusport.fr\/blog\/author\/maximec\/"}]}},"_links":{"self":[{"href":"https:\/\/dicodusport.fr\/blog\/wp-json\/wp\/v2\/posts\/604323","targetHints":{"allow":["GET"]}}],"collection":[{"href":"https:\/\/dicodusport.fr\/blog\/wp-json\/wp\/v2\/posts"}],"about":[{"href":"https:\/\/dicodusport.fr\/blog\/wp-json\/wp\/v2\/types\/post"}],"author":[{"embeddable":true,"href":"https:\/\/dicodusport.fr\/blog\/wp-json\/wp\/v2\/users\/55"}],"replies":[{"embeddable":true,"href":"https:\/\/dicodusport.fr\/blog\/wp-json\/wp\/v2\/comments?post=604323"}],"version-history":[{"count":4,"href":"https:\/\/dicodusport.fr\/blog\/wp-json\/wp\/v2\/posts\/604323\/revisions"}],"predecessor-version":[{"id":604352,"href":"https:\/\/dicodusport.fr\/blog\/wp-json\/wp\/v2\/posts\/604323\/revisions\/604352"}],"wp:featuredmedia":[{"embeddable":true,"href":"https:\/\/dicodusport.fr\/blog\/wp-json\/wp\/v2\/media\/604344"}],"wp:attachment":[{"href":"https:\/\/dicodusport.fr\/blog\/wp-json\/wp\/v2\/media?parent=604323"}],"wp:term":[{"taxonomy":"category","embeddable":true,"href":"https:\/\/dicodusport.fr\/blog\/wp-json\/wp\/v2\/categories?post=604323"},{"taxonomy":"post_tag","embeddable":true,"href":"https:\/\/dicodusport.fr\/blog\/wp-json\/wp\/v2\/tags?post=604323"}],"curies":[{"name":"wp","href":"https:\/\/api.w.org\/{rel}","templated":true}]}}