{"id":604378,"date":"2025-08-22T11:17:29","date_gmt":"2025-08-22T09:17:29","guid":{"rendered":"https:\/\/dicodusport.fr\/blog\/?p=604378&#038;preview=true&#038;preview_id=604378"},"modified":"2025-08-22T11:17:29","modified_gmt":"2025-08-22T09:17:29","slug":"affaire-rabiot-om-deux-versions-des-questions-et-un-depart-imminent","status":"publish","type":"post","link":"https:\/\/dicodusport.fr\/blog\/affaire-rabiot-om-deux-versions-des-questions-et-un-depart-imminent\/","title":{"rendered":"Affaire Rabiot\/OM : Deux versions, des questions et un d\u00e9part imminent"},"content":{"rendered":"<p style=\"text-align: justify;\"><strong><em>LIGUE 1 2025-2026 &#8211; Dans une interview accord\u00e9e \u00e0 La Provence ce vendredi matin, V\u00e9ronique Rabiot, m\u00e8re et agent d&rsquo;Adrien, a d\u00e9livr\u00e9 sa propre version de l&rsquo;affaire concernant l&rsquo;altercation intervenue apr\u00e8s la d\u00e9faite \u00e0 Rennes vendredi dernier.<\/em><\/strong><\/p>\n<ul style=\"text-align: justify;\">\n<li><strong>\u00c0 lire aussi \u2013\u00a0<a href=\"https:\/\/dicodusport.fr\/blog\/classement-ligue-1-2025-2026\/\">Classement Ligue 1 2025-2026<\/a><\/strong><\/li>\n<\/ul>\n<p style=\"text-align: justify;\">Habitu\u00e9 aux m\u00e9lodrames en cours de saison, l&rsquo;<strong>OM<\/strong> avait rarement connu une telle agitation de mani\u00e8re aussi pr\u00e9matur\u00e9e. \u00c0 part lors de la d\u00e9mission de Marcelo Bielsa un soir d&rsquo;ao\u00fbt 2015. L\u00e0 encore, la 1\u00e8re journ\u00e9e avait \u00e9t\u00e9 l&rsquo;\u00e9l\u00e9ment d\u00e9clencheur d&rsquo;un v\u00e9ritable s\u00e9isme au sein du club. S&rsquo;il n&rsquo;y a pas de d\u00e9mission dans l&rsquo;affaire m\u00ealant le club et <strong>Adrien Rabiot<\/strong>, l&rsquo;apr\u00e8s-match au <strong>Roazhon Park<\/strong> vendredi dernier va faire des victimes, et la guerre ouverte qui s&rsquo;est d\u00e9clar\u00e9e va laisser des traces.<\/p>\n<div class=\"vlp-link-container vlp-layout-article\"><a href=\"https:\/\/dicodusport.fr\/blog\/ligue-1-2025-2026-j1-rennes-fait-plier-lom-dans-le-temps-additionnel\/\" class=\"vlp-link\" title=\"Ligue 1 2025\/2026 (J1) : Rennes fait plier l\u2019OM dans le temps additionnel\"><\/a><div class=\"vlp-layout-zone-side\"><div class=\"vlp-block-4 vlp-link-image\"><img loading=\"lazy\" decoding=\"async\" style=\"max-width: 792px;\" width=\"792\" height=\"445\" src=\"https:\/\/dicodusport.fr\/blog\/wp-content\/uploads\/2025\/08\/Ligue-1-20252026-J1-Rennes-fait-plier-lOM-dans-le-temps-additionnel.png\" class=\"attachment-800x445 size-800x445\" alt=\"Ligue 1 20252026 (J1) Rennes fait plier l\u2019OM dans le temps additionnel\" srcset=\"https:\/\/dicodusport.fr\/blog\/wp-content\/uploads\/2025\/08\/Ligue-1-20252026-J1-Rennes-fait-plier-lOM-dans-le-temps-additionnel.png 1200w, https:\/\/dicodusport.fr\/blog\/wp-content\/uploads\/2025\/08\/Ligue-1-20252026-J1-Rennes-fait-plier-lOM-dans-le-temps-additionnel-300x169.png 300w, https:\/\/dicodusport.fr\/blog\/wp-content\/uploads\/2025\/08\/Ligue-1-20252026-J1-Rennes-fait-plier-lOM-dans-le-temps-additionnel-1024x575.png 1024w, https:\/\/dicodusport.fr\/blog\/wp-content\/uploads\/2025\/08\/Ligue-1-20252026-J1-Rennes-fait-plier-lOM-dans-le-temps-additionnel-768x431.png 768w\" sizes=\"auto, (max-width: 792px) 100vw, 792px\" \/><\/div><\/div><div class=\"vlp-layout-zone-main\"><div class=\"vlp-block-0 vlp-link-title\">Ligue 1 2025\/2026 (J1) : Rennes fait plier l\u2019OM dans le temps additionnel<\/div><div class=\"vlp-block-1 vlp-link-summary\">LIGUE 1 2025-2026 - \u00c0 dix pendant plus d\u2019une heure, le Stade Rennais a fait plier un Olympique de Marseille apathique. Les Rouge et Noir s\u2019imposent 1-0 au Roazhon Park gr\u00e2ce \u00e0 un but lib\u00e9rateur de Ludovic Blas dans le temps additionnel.<\/div><div class=\"vlp-block-2 vlp-link-button\">Lire l'article<\/div><div class=\"vlp-block-3 vlp-link-url\">dicodusport.fr<\/div><\/div><\/div>\n<h2 style=\"text-align: justify;\">\u00ab\u00a0Il n&rsquo;y a pas eu de violence inou\u00efe, il y a eu une altercation\u00a0\u00bb<\/h2>\n<p style=\"text-align: justify;\">Pour replacer dans le contexte, tout est parti d&rsquo;un accrochage violent dans le vestiaire entre<strong> Adrien Rabiot <\/strong>et <strong>Jonathan Rowe<\/strong>, les deux hommes ayant d\u00fb \u00eatre s\u00e9par\u00e9s par plusieurs membres du staff. L&rsquo;histoire a rapidement fait le tour des m\u00e9dias, et l&rsquo;OM a ainsi \u00e9cart\u00e9 ses deux joueurs de l&rsquo;entra\u00eenement pr\u00e9vu \u00e0 la Commanderie. Dans le m\u00eame temps, les sp\u00e9culations autour du d\u00e9part de <strong>Jonathan Rowe<\/strong> se sont acc\u00e9l\u00e9r\u00e9es, au point o\u00f9 ce dernier devrait <a href=\"https:\/\/dicodusport.fr\/blog\/transferts-om-jonathan-rowe-a-deja-trouve-un-point-de-chute\/\">s&rsquo;engager avec <strong>Bologne<\/strong> <\/a>dans les prochaines heures. Mais alors que l&rsquo;on pensait initialement que l&rsquo;histoire serait r\u00e9gl\u00e9e, et qu&rsquo;<strong>Adrien Rabiot<\/strong> allait r\u00e9int\u00e9grer le groupe rapidement, un nouveau coup de tonnerre a d\u00e9tonn\u00e9 mardi suite \u00e0 un communiqu\u00e9 du club annon\u00e7ant la <strong>mise sur la liste des transferts de Rowe&#8230; et Rabiot<\/strong> !<\/p>\n<div class=\"vlp-link-container vlp-layout-article\"><a href=\"https:\/\/dicodusport.fr\/blog\/transferts-om-marseille-veut-vendre-adrien-rabiot\/\" class=\"vlp-link\" title=\"Transferts OM : Marseille veut vendre Adrien Rabiot\"><\/a><div class=\"vlp-layout-zone-side\"><div class=\"vlp-block-4 vlp-link-image\"><img loading=\"lazy\" decoding=\"async\" style=\"max-width: 792px;\" width=\"792\" height=\"445\" src=\"https:\/\/dicodusport.fr\/blog\/wp-content\/uploads\/2025\/08\/Transferts-OM-Marseille-veut-vendre-Adrien-Rabiot.png\" class=\"attachment-800x445 size-800x445\" alt=\"\" srcset=\"https:\/\/dicodusport.fr\/blog\/wp-content\/uploads\/2025\/08\/Transferts-OM-Marseille-veut-vendre-Adrien-Rabiot.png 1200w, https:\/\/dicodusport.fr\/blog\/wp-content\/uploads\/2025\/08\/Transferts-OM-Marseille-veut-vendre-Adrien-Rabiot-300x169.png 300w, https:\/\/dicodusport.fr\/blog\/wp-content\/uploads\/2025\/08\/Transferts-OM-Marseille-veut-vendre-Adrien-Rabiot-1024x575.png 1024w, https:\/\/dicodusport.fr\/blog\/wp-content\/uploads\/2025\/08\/Transferts-OM-Marseille-veut-vendre-Adrien-Rabiot-768x431.png 768w\" sizes=\"auto, (max-width: 792px) 100vw, 792px\" \/><\/div><\/div><div class=\"vlp-layout-zone-main\"><div class=\"vlp-block-0 vlp-link-title\">Transferts OM : Marseille veut vendre Adrien Rabiot<\/div><div class=\"vlp-block-1 vlp-link-summary\">LIGUE 1 2025-2026 - Selon RTL, la m\u00e8re d'Adrien Rabiot aurait confi\u00e9 que Roberto De Zerbi ne comptait plus sur Adrien Rabiot.\u00a0<\/div><div class=\"vlp-block-2 vlp-link-button\">Lire l'article<\/div><div class=\"vlp-block-3 vlp-link-url\">dicodusport.fr<\/div><\/div><\/div>\n<p style=\"text-align: justify;\">Une situation ubuesque qui a entra\u00een\u00e9 l&rsquo;arriv\u00e9e dans la danse de la m\u00e8re et agent d&rsquo;Adrien, <strong>V\u00e9ronique Rabiot<\/strong>. Celle qui a l&rsquo;habitude de rester dans l&rsquo;ombre, mais de faire des \u00e9normes vagues lors de ses rares interventions m\u00e9diatiques, n&rsquo;a pas failli \u00e0 sa r\u00e9putation. Dans une longue interview accord\u00e9e \u00e0 <em>La Provence<\/em> ce vendredi matin, elle a l\u00e2ch\u00e9 ses propres v\u00e9rit\u00e9s pour r\u00e9pondre \u00e0 l&rsquo;OM, notamment sur l&rsquo;incident en question :<\/p>\n<blockquote>\n<p style=\"text-align: justify;\">Je vois les faits, les mots : \u00ab\u00a0violence inou\u00efe, violence extr\u00eame\u00a0\u00bb. C&rsquo;est tr\u00e8s tr\u00e8s fort. [&#8230;] Il n&rsquo;y a pas eu de violence inou\u00efe, il y a eu une altercation. Ce que je peux dire, et ensuite Adrien donnera sa version, c&rsquo;est qu&rsquo;au d\u00e9part, ce n&rsquo;est m\u00eame pas entre Rowe et lui, mais entre Rowe et Geronimo (Rulli). Pierre-Emile (H\u00f6jbjerg) et Adrien sont venus pour les s\u00e9parer. Et apr\u00e8s, c&rsquo;est parti en freestyle. Mais tout ce qu&rsquo;on a entendu&#8230; Le coach qui n&rsquo;a jamais vu \u00e7a, alors qu&rsquo;il est toujours en train d&rsquo;hurler et d&rsquo;aboyer&#8230; Et, l\u00e0, il \u00e9tait choqu\u00e9 ? Il n&rsquo;y a rien de choquant, \u00e7a arrive dans tous les vestiaires.<\/p>\n<\/blockquote>\n<h2 style=\"text-align: justify;\">De Zerbi et Benatia \u00e9pingl\u00e9s<\/h2>\n<p style=\"text-align: justify;\">D\u00e9j\u00e0 \u00e9voqu\u00e9 dans les propos cit\u00e9s plus haut,<strong> Roberto De Zerbi<\/strong> en a pris pour son grade, lui qui avait notamment reproch\u00e9 un \u00ab\u00a0<em>manque d&rsquo;implication depuis le retour du stage aux Pays-Bas\u00a0\u00bb<\/em> de l&rsquo;international fran\u00e7ais par rapport \u00e0 la saison derni\u00e8re. <em>\u00ab\u00a0Le premier \u00e0 hurler, \u00e0 crier, \u00e0 \u00eatre violent, c&rsquo;est bien lui\u00a0\u00bb<\/em>, ass\u00e8ne V\u00e9ronique Rabiot. <strong>Mehdi Benatia<\/strong> a \u00e9galement eu droit \u00e0 un traitement de faveur, cette derni\u00e8re \u00e9voquant les coups de sang du dirigeant olympien :<\/p>\n<blockquote>\n<p style=\"text-align: justify;\">Comment demander aux joueurs le respect du club alors que le pr\u00e9sident a hurl\u00e9 \u00ab\u00a0corruption, corruption\u00a0\u00bb devant une cam\u00e9ra pendant je ne sais combien de temps ? Medhi Benatia, lui, s&rsquo;est pris la t\u00eate avec les arbitres \u00e0 tel point qu&rsquo;il a \u00e9t\u00e9 suspendu. Je ne peux donc pas comprendre, les supporters non plus. [&#8230;] Il y a plusieurs sentiments : l&rsquo;ingratitude, la trahison, le manque de respect. Ils en ont plein la bouche du respect, mais ce sont eux qui ne respectent pas les gens et le club.<\/p>\n<\/blockquote>\n<blockquote class=\"twitter-tweet\">\n<p dir=\"ltr\" lang=\"fr\">\u00ab Lorsque Greenwood a sign\u00e9 alors qu&rsquo;il avait tap\u00e9 sa femme, De Zerbi a dit qu&rsquo;on pouvait lui donner une 2e chance. Je suis d&rsquo;accord pour donner des deuxi\u00e8mes chances aux gens, mais il n&rsquo;y aurait que mon fils qui n&rsquo;aurait pas droit \u00e0 une 2e chance ? \u00bb<a href=\"https:\/\/t.co\/wJIbCwaXRB\">https:\/\/t.co\/wJIbCwaXRB<\/a><\/p>\n<p>\u2014 Alexandre Jacquin (@AJac13) <a href=\"https:\/\/twitter.com\/AJac13\/status\/1958762997603561932?ref_src=twsrc%5Etfw\">August 22, 2025<\/a><\/p><\/blockquote>\n<p style=\"text-align: justify;\"><script async src=\"https:\/\/platform.twitter.com\/widgets.js\" charset=\"utf-8\"><\/script><\/p>\n<h2 style=\"text-align: justify;\">Plusieurs v\u00e9rit\u00e9s dans un divorce brutal et in\u00e9vitable<\/h2>\n<p style=\"text-align: justify;\">Qui a tort, qui a raison ? Difficile de le savoir \u00e9videmment. <strong>Sur le plan sportif, l&rsquo;Olympique de Marseille va en tout cas p\u00e2tir de cette situation<\/strong> en perdant son joueur le plus r\u00e9f\u00e9renc\u00e9, dont l&rsquo;impact avait \u00e9t\u00e9 capital la saison derni\u00e8re, sur et en dehors du terrain. Alors qu&rsquo;il arrivait \u00e0 <strong>un de la fin de son contrat<\/strong>, et que des discussions pour une \u00e9ventuelle prolongation avaient \u00e9t\u00e9 lanc\u00e9es avec Pablo Longoria, ce d\u00e9part pr\u00e9cipit\u00e9 laisse interrogatif, et rappelle la situation ubuesque v\u00e9cue avec <strong>Chancel Mbemba<\/strong>. L&rsquo;international congolais ayant \u00e9t\u00e9 laiss\u00e9 au placard une saison enti\u00e8re pour avoir refus\u00e9 de quitter le club.<\/p>\n<p style=\"text-align: justify;\">Le club olympien aurait-il profit\u00e9 de cette altercation pour tenter de profiter de la cote de son milieu de terrain afin d&rsquo;anticiper un \u00e9ventuel d\u00e9part sans indemnit\u00e9 de transferts ? La question peut se poser. Malgr\u00e9 tout, difficile de ne pas \u00eatre encore une fois interrogatif devant la mani\u00e8re dont se dessine ce nouveau d\u00e9part d&rsquo;<strong>Adrien Rabiot<\/strong>. Comme avec Paris, comme avec la Juventus, cela va une nouvelle fois se faire dans des conditions apocalyptiques.<\/p>\n<h3 style=\"text-align: justify;\">\u00c0 lire aussi<\/h3>\n<div class=\"vlp-link-container vlp-layout-article\"><a href=\"https:\/\/dicodusport.fr\/blog\/mercato-om-2025-2026-le-tableau-complet-des-transferts-arrivees-et-departs\/\" class=\"vlp-link\" title=\"Mercato OM 2025-2026 : Le tableau complet des transferts, arriv\u00e9es et d\u00e9parts\"><\/a><div class=\"vlp-layout-zone-side\"><div class=\"vlp-block-4 vlp-link-image\"><img loading=\"lazy\" decoding=\"async\" style=\"max-width: 792px;\" width=\"792\" height=\"445\" src=\"https:\/\/dicodusport.fr\/blog\/wp-content\/uploads\/2025\/05\/Mercato-OM-2025-2026-Le-tableau-complet-des-transferts-arrivees-et-departs.png\" class=\"attachment-800x445 size-800x445\" alt=\"Mercato OM 2025-2026 Le tableau complet des transferts, arriv\u00e9es et d\u00e9parts\" srcset=\"https:\/\/dicodusport.fr\/blog\/wp-content\/uploads\/2025\/05\/Mercato-OM-2025-2026-Le-tableau-complet-des-transferts-arrivees-et-departs.png 1200w, https:\/\/dicodusport.fr\/blog\/wp-content\/uploads\/2025\/05\/Mercato-OM-2025-2026-Le-tableau-complet-des-transferts-arrivees-et-departs-300x169.png 300w, https:\/\/dicodusport.fr\/blog\/wp-content\/uploads\/2025\/05\/Mercato-OM-2025-2026-Le-tableau-complet-des-transferts-arrivees-et-departs-1024x575.png 1024w, https:\/\/dicodusport.fr\/blog\/wp-content\/uploads\/2025\/05\/Mercato-OM-2025-2026-Le-tableau-complet-des-transferts-arrivees-et-departs-768x431.png 768w\" sizes=\"auto, (max-width: 792px) 100vw, 792px\" \/><\/div><\/div><div class=\"vlp-layout-zone-main\"><div class=\"vlp-block-0 vlp-link-title\">Mercato OM 2025-2026 : Le tableau complet des transferts, arriv\u00e9es et d\u00e9parts<\/div><div class=\"vlp-block-1 vlp-link-summary\">TRANSFERTS OM - Retrouvez tous les mouvements de l'Olympique de Marseille pour l'intersaison 2025 en Ligue 1. Arriv\u00e9es, d\u00e9part, pr\u00eats, transferts d\u00e9finitifs, ne ratez rien du mercato estival.\u00a0<\/div><div class=\"vlp-block-2 vlp-link-button\">Lire l'article<\/div><div class=\"vlp-block-3 vlp-link-url\">dicodusport.fr<\/div><\/div><\/div>\n","protected":false},"excerpt":{"rendered":"<p>LIGUE 1 2025-2026 &#8211; Dans une interview accord\u00e9e \u00e0 La Provence ce vendredi matin, V\u00e9ronique Rabiot, m\u00e8re et agent d&rsquo;Adrien, a d\u00e9livr\u00e9 sa propre version de l&rsquo;affaire concernant l&rsquo;altercation intervenue apr\u00e8s la d\u00e9faite \u00e0 Rennes vendredi dernier.\u00a0<\/p>\n","protected":false},"author":55,"featured_media":604383,"comment_status":"open","ping_status":"closed","sticky":false,"template":"","format":"standard","meta":{"_acf_changed":false,"_daextam_enable_autolinks":"1","footnotes":""},"categories":[47045],"tags":[16878,1554,446,1889],"class_list":["post-604378","post","type-post","status-publish","format-standard","has-post-thumbnail","hentry","category-ligue-1","tag-breve","tag-ligue-1","tag-marseille","tag-om"],"acf":[],"yoast_head":"<!-- This site is optimized with the Yoast SEO Premium plugin v26.7 (Yoast SEO v26.7) - https:\/\/yoast.com\/wordpress\/plugins\/seo\/ -->\n<title>Affaire Rabiot\/OM : Deux versions, des questions et un d\u00e9part imminent<\/title>\n<meta name=\"description\" content=\"LIGUE 1 2025-2026 - \u00c0 travers une interview, V\u00e9ronique Rabiot a remis de l&#039;huile sur le feu dans le divorce entre son fils Adrien, et l&#039;OM.\" \/>\n<meta name=\"robots\" content=\"index, follow, max-snippet:-1, max-image-preview:large, max-video-preview:-1\" \/>\n<link rel=\"canonical\" href=\"https:\/\/dicodusport.fr\/blog\/affaire-rabiot-om-deux-versions-des-questions-et-un-depart-imminent\/\" \/>\n<meta property=\"og:locale\" content=\"fr_FR\" \/>\n<meta property=\"og:type\" content=\"article\" \/>\n<meta property=\"og:title\" content=\"Affaire Rabiot\/OM : Deux versions, des questions et un d\u00e9part imminent\" \/>\n<meta property=\"og:description\" content=\"LIGUE 1 2025-2026 - \u00c0 travers une interview, V\u00e9ronique Rabiot a remis de l&#039;huile sur le feu dans le divorce entre son fils Adrien, et l&#039;OM.\" \/>\n<meta property=\"og:url\" content=\"https:\/\/dicodusport.fr\/blog\/affaire-rabiot-om-deux-versions-des-questions-et-un-depart-imminent\/\" \/>\n<meta property=\"og:site_name\" content=\"Dicodusport\" \/>\n<meta property=\"article:publisher\" content=\"https:\/\/www.facebook.com\/dicodusport\" \/>\n<meta property=\"article:published_time\" content=\"2025-08-22T09:17:29+00:00\" \/>\n<meta property=\"og:image\" content=\"https:\/\/dicodusport.fr\/blog\/wp-content\/uploads\/2025\/08\/Affaire-RabiotOM-Deux-versions-des-questions-et-un-depart-imminent.png\" \/>\n\t<meta property=\"og:image:width\" content=\"1200\" \/>\n\t<meta property=\"og:image:height\" content=\"674\" \/>\n\t<meta property=\"og:image:type\" content=\"image\/png\" \/>\n<meta name=\"author\" content=\"Maxime Cazenave\" \/>\n<meta name=\"twitter:card\" content=\"summary_large_image\" \/>\n<meta name=\"twitter:title\" content=\"Affaire Rabiot\/OM : Deux versions, des questions et un d\u00e9part imminent\" \/>\n<meta name=\"twitter:creator\" content=\"@https:\/\/twitter.com\/Maxime_Caze\" \/>\n<meta name=\"twitter:site\" content=\"@dicodusport\" \/>\n<script type=\"application\/ld+json\" class=\"yoast-schema-graph\">{\"@context\":\"https:\/\/schema.org\",\"@graph\":[{\"@type\":\"NewsArticle\",\"@id\":\"https:\/\/dicodusport.fr\/blog\/affaire-rabiot-om-deux-versions-des-questions-et-un-depart-imminent\/#article\",\"isPartOf\":{\"@id\":\"https:\/\/dicodusport.fr\/blog\/affaire-rabiot-om-deux-versions-des-questions-et-un-depart-imminent\/\"},\"author\":{\"name\":\"Maxime Cazenave\",\"@id\":\"https:\/\/dicodusport.fr\/blog\/#\/schema\/person\/37def232098a7a5cbab3974a3690abb0\"},\"headline\":\"Affaire Rabiot\/OM : Deux versions, des questions et un d\u00e9part imminent\",\"datePublished\":\"2025-08-22T09:17:29+00:00\",\"mainEntityOfPage\":{\"@id\":\"https:\/\/dicodusport.fr\/blog\/affaire-rabiot-om-deux-versions-des-questions-et-un-depart-imminent\/\"},\"wordCount\":1249,\"commentCount\":0,\"publisher\":{\"@id\":\"https:\/\/dicodusport.fr\/blog\/#organization\"},\"image\":{\"@id\":\"https:\/\/dicodusport.fr\/blog\/affaire-rabiot-om-deux-versions-des-questions-et-un-depart-imminent\/#primaryimage\"},\"thumbnailUrl\":\"https:\/\/dicodusport.fr\/blog\/wp-content\/uploads\/2025\/08\/Affaire-RabiotOM-Deux-versions-des-questions-et-un-depart-imminent.png\",\"keywords\":[\"br\u00e8ve\",\"Ligue 1\",\"Marseille\",\"OM\"],\"articleSection\":[\"Ligue 1\"],\"inLanguage\":\"fr-FR\",\"potentialAction\":[{\"@type\":\"CommentAction\",\"name\":\"Comment\",\"target\":[\"https:\/\/dicodusport.fr\/blog\/affaire-rabiot-om-deux-versions-des-questions-et-un-depart-imminent\/#respond\"]}],\"copyrightYear\":\"2025\",\"copyrightHolder\":{\"@id\":\"https:\/\/dicodusport.fr\/blog\/#organization\"}},{\"@type\":\"WebPage\",\"@id\":\"https:\/\/dicodusport.fr\/blog\/affaire-rabiot-om-deux-versions-des-questions-et-un-depart-imminent\/\",\"url\":\"https:\/\/dicodusport.fr\/blog\/affaire-rabiot-om-deux-versions-des-questions-et-un-depart-imminent\/\",\"name\":\"Affaire Rabiot\/OM : Deux versions, des questions et un d\u00e9part imminent\",\"isPartOf\":{\"@id\":\"https:\/\/dicodusport.fr\/blog\/#website\"},\"primaryImageOfPage\":{\"@id\":\"https:\/\/dicodusport.fr\/blog\/affaire-rabiot-om-deux-versions-des-questions-et-un-depart-imminent\/#primaryimage\"},\"image\":{\"@id\":\"https:\/\/dicodusport.fr\/blog\/affaire-rabiot-om-deux-versions-des-questions-et-un-depart-imminent\/#primaryimage\"},\"thumbnailUrl\":\"https:\/\/dicodusport.fr\/blog\/wp-content\/uploads\/2025\/08\/Affaire-RabiotOM-Deux-versions-des-questions-et-un-depart-imminent.png\",\"datePublished\":\"2025-08-22T09:17:29+00:00\",\"description\":\"LIGUE 1 2025-2026 - \u00c0 travers une interview, V\u00e9ronique Rabiot a remis de l'huile sur le feu dans le divorce entre son fils Adrien, et l'OM.\",\"breadcrumb\":{\"@id\":\"https:\/\/dicodusport.fr\/blog\/affaire-rabiot-om-deux-versions-des-questions-et-un-depart-imminent\/#breadcrumb\"},\"inLanguage\":\"fr-FR\",\"potentialAction\":[{\"@type\":\"ReadAction\",\"target\":[\"https:\/\/dicodusport.fr\/blog\/affaire-rabiot-om-deux-versions-des-questions-et-un-depart-imminent\/\"]}]},{\"@type\":\"ImageObject\",\"inLanguage\":\"fr-FR\",\"@id\":\"https:\/\/dicodusport.fr\/blog\/affaire-rabiot-om-deux-versions-des-questions-et-un-depart-imminent\/#primaryimage\",\"url\":\"https:\/\/dicodusport.fr\/blog\/wp-content\/uploads\/2025\/08\/Affaire-RabiotOM-Deux-versions-des-questions-et-un-depart-imminent.png\",\"contentUrl\":\"https:\/\/dicodusport.fr\/blog\/wp-content\/uploads\/2025\/08\/Affaire-RabiotOM-Deux-versions-des-questions-et-un-depart-imminent.png\",\"width\":1200,\"height\":674,\"caption\":\"Affaire Rabiot\/OM : Deux versions, des questions et un d\u00e9part imminent\"},{\"@type\":\"BreadcrumbList\",\"@id\":\"https:\/\/dicodusport.fr\/blog\/affaire-rabiot-om-deux-versions-des-questions-et-un-depart-imminent\/#breadcrumb\",\"itemListElement\":[{\"@type\":\"ListItem\",\"position\":1,\"name\":\"Accueil\",\"item\":\"https:\/\/dicodusport.fr\/blog\/\"},{\"@type\":\"ListItem\",\"position\":2,\"name\":\"Affaire Rabiot\/OM : Deux versions, des questions et un d\u00e9part imminent\"}]},{\"@type\":\"WebSite\",\"@id\":\"https:\/\/dicodusport.fr\/blog\/#website\",\"url\":\"https:\/\/dicodusport.fr\/blog\/\",\"name\":\"Dicodusport\",\"description\":\"L&#039;encyclop\u00e9die de l&#039;actualit\u00e9 sportive\",\"publisher\":{\"@id\":\"https:\/\/dicodusport.fr\/blog\/#organization\"},\"potentialAction\":[{\"@type\":\"SearchAction\",\"target\":{\"@type\":\"EntryPoint\",\"urlTemplate\":\"https:\/\/dicodusport.fr\/blog\/?s={search_term_string}\"},\"query-input\":{\"@type\":\"PropertyValueSpecification\",\"valueRequired\":true,\"valueName\":\"search_term_string\"}}],\"inLanguage\":\"fr-FR\"},{\"@type\":\"NewsMediaOrganization\",\"@id\":\"https:\/\/dicodusport.fr\/blog\/#organization\",\"name\":\"Dicodusport\",\"url\":\"https:\/\/dicodusport.fr\/blog\/\",\"logo\":{\"@type\":\"ImageObject\",\"inLanguage\":\"fr-FR\",\"@id\":\"https:\/\/dicodusport.fr\/blog\/#\/schema\/logo\/image\/\",\"url\":\"https:\/\/dicodusport.fr\/blog\/wp-content\/uploads\/2020\/06\/cropped-LOGO-DICODUSPORT-2020-SANS-FOND-SANS-TEXTE.png\",\"contentUrl\":\"https:\/\/dicodusport.fr\/blog\/wp-content\/uploads\/2020\/06\/cropped-LOGO-DICODUSPORT-2020-SANS-FOND-SANS-TEXTE.png\",\"width\":512,\"height\":512,\"caption\":\"Dicodusport\"},\"image\":{\"@id\":\"https:\/\/dicodusport.fr\/blog\/#\/schema\/logo\/image\/\"},\"sameAs\":[\"https:\/\/www.facebook.com\/dicodusport\",\"https:\/\/x.com\/dicodusport\",\"https:\/\/www.instagram.com\/dicodusport\/\",\"https:\/\/www.youtube.com\/channel\/UC7V2KZ5sd3htJivAbA4ZG3w\"],\"description\":\"Dicodusport est l'encyclop\u00e9die de l'actualit\u00e9 sportive.\",\"email\":\"bonjour@dicodusport.fr\",\"legalName\":\"DICODUSPORT\",\"foundingDate\":\"2018-01-14\",\"vatID\":\"FR71834470973\",\"taxID\":\"83447097300043\",\"numberOfEmployees\":{\"@type\":\"QuantitativeValue\",\"minValue\":\"1\",\"maxValue\":\"10\"}},{\"@type\":\"Person\",\"@id\":\"https:\/\/dicodusport.fr\/blog\/#\/schema\/person\/37def232098a7a5cbab3974a3690abb0\",\"name\":\"Maxime Cazenave\",\"image\":{\"@type\":\"ImageObject\",\"inLanguage\":\"fr-FR\",\"@id\":\"https:\/\/dicodusport.fr\/blog\/#\/schema\/person\/image\/\",\"url\":\"https:\/\/dicodusport.fr\/blog\/wp-content\/uploads\/2021\/05\/Maxime-Cazenave-150x150.jpg\",\"contentUrl\":\"https:\/\/dicodusport.fr\/blog\/wp-content\/uploads\/2021\/05\/Maxime-Cazenave-150x150.jpg\",\"caption\":\"Maxime Cazenave\"},\"description\":\"Journaliste\/R\u00e9dacteur depuis 2012 - Berc\u00e9 par l\u2019amour des Girondins de Bordeaux, les \u00e9checs de Christophe Moreau sur le Tour de France sous l'\u00e8re Lance Armstrong et le fade-away l\u00e9tal de Dirk Nowitzki, ma passion d\u00e9vorante pour le sport a toujours \u00e9t\u00e9 un pan incontournable de ma vie. Transmettre ma passion \u00e0 l\u2019\u00e9crit a \u00e9t\u00e9 une transition naturelle. Suiveur assidu de basket et de hockey sur glace, je garde toujours un peu de place pour suivre le cyclisme, le football et le maximum de performances fran\u00e7aises.\",\"sameAs\":[\"https:\/\/x.com\/https:\/\/twitter.com\/Maxime_Caze\"],\"url\":\"https:\/\/dicodusport.fr\/blog\/author\/maximec\/\"}]}<\/script>\n<!-- \/ Yoast SEO Premium plugin. -->","yoast_head_json":{"title":"Affaire Rabiot\/OM : Deux versions, des questions et un d\u00e9part imminent","description":"LIGUE 1 2025-2026 - \u00c0 travers une interview, V\u00e9ronique Rabiot a remis de l'huile sur le feu dans le divorce entre son fils Adrien, et l'OM.","robots":{"index":"index","follow":"follow","max-snippet":"max-snippet:-1","max-image-preview":"max-image-preview:large","max-video-preview":"max-video-preview:-1"},"canonical":"https:\/\/dicodusport.fr\/blog\/affaire-rabiot-om-deux-versions-des-questions-et-un-depart-imminent\/","og_locale":"fr_FR","og_type":"article","og_title":"Affaire Rabiot\/OM : Deux versions, des questions et un d\u00e9part imminent","og_description":"LIGUE 1 2025-2026 - \u00c0 travers une interview, V\u00e9ronique Rabiot a remis de l'huile sur le feu dans le divorce entre son fils Adrien, et l'OM.","og_url":"https:\/\/dicodusport.fr\/blog\/affaire-rabiot-om-deux-versions-des-questions-et-un-depart-imminent\/","og_site_name":"Dicodusport","article_publisher":"https:\/\/www.facebook.com\/dicodusport","article_published_time":"2025-08-22T09:17:29+00:00","og_image":[{"width":1200,"height":674,"url":"https:\/\/dicodusport.fr\/blog\/wp-content\/uploads\/2025\/08\/Affaire-RabiotOM-Deux-versions-des-questions-et-un-depart-imminent.png","type":"image\/png"}],"author":"Maxime Cazenave","twitter_card":"summary_large_image","twitter_title":"Affaire Rabiot\/OM : Deux versions, des questions et un d\u00e9part imminent","twitter_creator":"@https:\/\/twitter.com\/Maxime_Caze","twitter_site":"@dicodusport","schema":{"@context":"https:\/\/schema.org","@graph":[{"@type":"NewsArticle","@id":"https:\/\/dicodusport.fr\/blog\/affaire-rabiot-om-deux-versions-des-questions-et-un-depart-imminent\/#article","isPartOf":{"@id":"https:\/\/dicodusport.fr\/blog\/affaire-rabiot-om-deux-versions-des-questions-et-un-depart-imminent\/"},"author":{"name":"Maxime Cazenave","@id":"https:\/\/dicodusport.fr\/blog\/#\/schema\/person\/37def232098a7a5cbab3974a3690abb0"},"headline":"Affaire Rabiot\/OM : Deux versions, des questions et un d\u00e9part imminent","datePublished":"2025-08-22T09:17:29+00:00","mainEntityOfPage":{"@id":"https:\/\/dicodusport.fr\/blog\/affaire-rabiot-om-deux-versions-des-questions-et-un-depart-imminent\/"},"wordCount":1249,"commentCount":0,"publisher":{"@id":"https:\/\/dicodusport.fr\/blog\/#organization"},"image":{"@id":"https:\/\/dicodusport.fr\/blog\/affaire-rabiot-om-deux-versions-des-questions-et-un-depart-imminent\/#primaryimage"},"thumbnailUrl":"https:\/\/dicodusport.fr\/blog\/wp-content\/uploads\/2025\/08\/Affaire-RabiotOM-Deux-versions-des-questions-et-un-depart-imminent.png","keywords":["br\u00e8ve","Ligue 1","Marseille","OM"],"articleSection":["Ligue 1"],"inLanguage":"fr-FR","potentialAction":[{"@type":"CommentAction","name":"Comment","target":["https:\/\/dicodusport.fr\/blog\/affaire-rabiot-om-deux-versions-des-questions-et-un-depart-imminent\/#respond"]}],"copyrightYear":"2025","copyrightHolder":{"@id":"https:\/\/dicodusport.fr\/blog\/#organization"}},{"@type":"WebPage","@id":"https:\/\/dicodusport.fr\/blog\/affaire-rabiot-om-deux-versions-des-questions-et-un-depart-imminent\/","url":"https:\/\/dicodusport.fr\/blog\/affaire-rabiot-om-deux-versions-des-questions-et-un-depart-imminent\/","name":"Affaire Rabiot\/OM : Deux versions, des questions et un d\u00e9part imminent","isPartOf":{"@id":"https:\/\/dicodusport.fr\/blog\/#website"},"primaryImageOfPage":{"@id":"https:\/\/dicodusport.fr\/blog\/affaire-rabiot-om-deux-versions-des-questions-et-un-depart-imminent\/#primaryimage"},"image":{"@id":"https:\/\/dicodusport.fr\/blog\/affaire-rabiot-om-deux-versions-des-questions-et-un-depart-imminent\/#primaryimage"},"thumbnailUrl":"https:\/\/dicodusport.fr\/blog\/wp-content\/uploads\/2025\/08\/Affaire-RabiotOM-Deux-versions-des-questions-et-un-depart-imminent.png","datePublished":"2025-08-22T09:17:29+00:00","description":"LIGUE 1 2025-2026 - \u00c0 travers une interview, V\u00e9ronique Rabiot a remis de l'huile sur le feu dans le divorce entre son fils Adrien, et l'OM.","breadcrumb":{"@id":"https:\/\/dicodusport.fr\/blog\/affaire-rabiot-om-deux-versions-des-questions-et-un-depart-imminent\/#breadcrumb"},"inLanguage":"fr-FR","potentialAction":[{"@type":"ReadAction","target":["https:\/\/dicodusport.fr\/blog\/affaire-rabiot-om-deux-versions-des-questions-et-un-depart-imminent\/"]}]},{"@type":"ImageObject","inLanguage":"fr-FR","@id":"https:\/\/dicodusport.fr\/blog\/affaire-rabiot-om-deux-versions-des-questions-et-un-depart-imminent\/#primaryimage","url":"https:\/\/dicodusport.fr\/blog\/wp-content\/uploads\/2025\/08\/Affaire-RabiotOM-Deux-versions-des-questions-et-un-depart-imminent.png","contentUrl":"https:\/\/dicodusport.fr\/blog\/wp-content\/uploads\/2025\/08\/Affaire-RabiotOM-Deux-versions-des-questions-et-un-depart-imminent.png","width":1200,"height":674,"caption":"Affaire Rabiot\/OM : Deux versions, des questions et un d\u00e9part imminent"},{"@type":"BreadcrumbList","@id":"https:\/\/dicodusport.fr\/blog\/affaire-rabiot-om-deux-versions-des-questions-et-un-depart-imminent\/#breadcrumb","itemListElement":[{"@type":"ListItem","position":1,"name":"Accueil","item":"https:\/\/dicodusport.fr\/blog\/"},{"@type":"ListItem","position":2,"name":"Affaire Rabiot\/OM : Deux versions, des questions et un d\u00e9part imminent"}]},{"@type":"WebSite","@id":"https:\/\/dicodusport.fr\/blog\/#website","url":"https:\/\/dicodusport.fr\/blog\/","name":"Dicodusport","description":"L&#039;encyclop\u00e9die de l&#039;actualit\u00e9 sportive","publisher":{"@id":"https:\/\/dicodusport.fr\/blog\/#organization"},"potentialAction":[{"@type":"SearchAction","target":{"@type":"EntryPoint","urlTemplate":"https:\/\/dicodusport.fr\/blog\/?s={search_term_string}"},"query-input":{"@type":"PropertyValueSpecification","valueRequired":true,"valueName":"search_term_string"}}],"inLanguage":"fr-FR"},{"@type":"NewsMediaOrganization","@id":"https:\/\/dicodusport.fr\/blog\/#organization","name":"Dicodusport","url":"https:\/\/dicodusport.fr\/blog\/","logo":{"@type":"ImageObject","inLanguage":"fr-FR","@id":"https:\/\/dicodusport.fr\/blog\/#\/schema\/logo\/image\/","url":"https:\/\/dicodusport.fr\/blog\/wp-content\/uploads\/2020\/06\/cropped-LOGO-DICODUSPORT-2020-SANS-FOND-SANS-TEXTE.png","contentUrl":"https:\/\/dicodusport.fr\/blog\/wp-content\/uploads\/2020\/06\/cropped-LOGO-DICODUSPORT-2020-SANS-FOND-SANS-TEXTE.png","width":512,"height":512,"caption":"Dicodusport"},"image":{"@id":"https:\/\/dicodusport.fr\/blog\/#\/schema\/logo\/image\/"},"sameAs":["https:\/\/www.facebook.com\/dicodusport","https:\/\/x.com\/dicodusport","https:\/\/www.instagram.com\/dicodusport\/","https:\/\/www.youtube.com\/channel\/UC7V2KZ5sd3htJivAbA4ZG3w"],"description":"Dicodusport est l'encyclop\u00e9die de l'actualit\u00e9 sportive.","email":"bonjour@dicodusport.fr","legalName":"DICODUSPORT","foundingDate":"2018-01-14","vatID":"FR71834470973","taxID":"83447097300043","numberOfEmployees":{"@type":"QuantitativeValue","minValue":"1","maxValue":"10"}},{"@type":"Person","@id":"https:\/\/dicodusport.fr\/blog\/#\/schema\/person\/37def232098a7a5cbab3974a3690abb0","name":"Maxime Cazenave","image":{"@type":"ImageObject","inLanguage":"fr-FR","@id":"https:\/\/dicodusport.fr\/blog\/#\/schema\/person\/image\/","url":"https:\/\/dicodusport.fr\/blog\/wp-content\/uploads\/2021\/05\/Maxime-Cazenave-150x150.jpg","contentUrl":"https:\/\/dicodusport.fr\/blog\/wp-content\/uploads\/2021\/05\/Maxime-Cazenave-150x150.jpg","caption":"Maxime Cazenave"},"description":"Journaliste\/R\u00e9dacteur depuis 2012 - Berc\u00e9 par l\u2019amour des Girondins de Bordeaux, les \u00e9checs de Christophe Moreau sur le Tour de France sous l'\u00e8re Lance Armstrong et le fade-away l\u00e9tal de Dirk Nowitzki, ma passion d\u00e9vorante pour le sport a toujours \u00e9t\u00e9 un pan incontournable de ma vie. Transmettre ma passion \u00e0 l\u2019\u00e9crit a \u00e9t\u00e9 une transition naturelle. Suiveur assidu de basket et de hockey sur glace, je garde toujours un peu de place pour suivre le cyclisme, le football et le maximum de performances fran\u00e7aises.","sameAs":["https:\/\/x.com\/https:\/\/twitter.com\/Maxime_Caze"],"url":"https:\/\/dicodusport.fr\/blog\/author\/maximec\/"}]}},"_links":{"self":[{"href":"https:\/\/dicodusport.fr\/blog\/wp-json\/wp\/v2\/posts\/604378","targetHints":{"allow":["GET"]}}],"collection":[{"href":"https:\/\/dicodusport.fr\/blog\/wp-json\/wp\/v2\/posts"}],"about":[{"href":"https:\/\/dicodusport.fr\/blog\/wp-json\/wp\/v2\/types\/post"}],"author":[{"embeddable":true,"href":"https:\/\/dicodusport.fr\/blog\/wp-json\/wp\/v2\/users\/55"}],"replies":[{"embeddable":true,"href":"https:\/\/dicodusport.fr\/blog\/wp-json\/wp\/v2\/comments?post=604378"}],"version-history":[{"count":5,"href":"https:\/\/dicodusport.fr\/blog\/wp-json\/wp\/v2\/posts\/604378\/revisions"}],"predecessor-version":[{"id":604405,"href":"https:\/\/dicodusport.fr\/blog\/wp-json\/wp\/v2\/posts\/604378\/revisions\/604405"}],"wp:featuredmedia":[{"embeddable":true,"href":"https:\/\/dicodusport.fr\/blog\/wp-json\/wp\/v2\/media\/604383"}],"wp:attachment":[{"href":"https:\/\/dicodusport.fr\/blog\/wp-json\/wp\/v2\/media?parent=604378"}],"wp:term":[{"taxonomy":"category","embeddable":true,"href":"https:\/\/dicodusport.fr\/blog\/wp-json\/wp\/v2\/categories?post=604378"},{"taxonomy":"post_tag","embeddable":true,"href":"https:\/\/dicodusport.fr\/blog\/wp-json\/wp\/v2\/tags?post=604378"}],"curies":[{"name":"wp","href":"https:\/\/api.w.org\/{rel}","templated":true}]}}