{"id":604438,"date":"2025-08-23T10:00:00","date_gmt":"2025-08-23T08:00:00","guid":{"rendered":"https:\/\/dicodusport.fr\/blog\/?p=604438&#038;preview=true&#038;preview_id=604438"},"modified":"2025-08-23T08:49:16","modified_gmt":"2025-08-23T06:49:16","slug":"us-open-2025-le-timide-rebond-du-tennis-feminin-francais","status":"publish","type":"post","link":"https:\/\/dicodusport.fr\/blog\/us-open-2025-le-timide-rebond-du-tennis-feminin-francais\/","title":{"rendered":"US Open 2025 : Le timide rebond du tennis f\u00e9minin fran\u00e7ais"},"content":{"rendered":"<p style=\"text-align: justify;\"><strong><em>US OPEN 2025 &#8211; Avant le Grand Chelem am\u00e9ricain, on fait le point sur le tennis f\u00e9minin fran\u00e7ais, qui connait un petit redressement. M\u00eame si l&rsquo;\u00e9difice reste encore fragile.<\/em><\/strong><\/p>\n<ul style=\"text-align: justify;\">\n<li><strong>\u00c0 ce sujet &#8211; <a href=\"https:\/\/dicodusport.fr\/blog\/us-open-2025-le-tableau-de-simple-dames\/\">US Open 2025 : Le tableau de simple dames<\/a><\/strong><\/li>\n<\/ul>\n<p style=\"text-align: justify;\">Quand on se plonge sur le classement WTA, on y voit quatre fran\u00e7aises dans le Top 100. <strong>Lois Boisson<\/strong> occupe la 46\u00e8me place mondiale et est actuellement la n\u00b01 fran\u00e7aise. <strong>Varvara Gracheva<\/strong> est 83\u00e8me. <strong>L\u00e9olia Jeanjean<\/strong> est 91\u00e8me mondiale et <strong>Elsa Jacquemot<\/strong> est 98\u00e8me. Ce n&rsquo;est pas forc\u00e9ment la panac\u00e9e. Mais le tennis f\u00e9minin semble amorcer une phase de redressement, apr\u00e8s une longue p\u00e9riode compliqu\u00e9e, o\u00f9 la seule <strong>Caroline Garcia<\/strong> a longtemps \u00e9t\u00e9 l&rsquo;arbre qui cachait la for\u00eat. Avec quelques r\u00e9sultats positifs ces derni\u00e8res semaines. Avant l&rsquo;US Open, l&rsquo;\u00e9difice reste fragile. On fait le point.<\/p>\n<blockquote class=\"twitter-tweet\">\n<p dir=\"ltr\" lang=\"fr\">\ud83d\udcca Les joueuses fran\u00e7aises \ud83c\uddeb\ud83c\uddf7 n\u00e9es au XXIe si\u00e8cle ayant r\u00e9ussi \u00e0 se hisser en 1\/4 de finale d&rsquo;un tournoi sur le circuit principal :<br \/>\n\ud83c\uddeb\ud83c\uddf7 Clara Burel (2001)<br \/>\n\ud83c\uddeb\ud83c\uddf7 Diane Parry (2002)<br \/>\n\ud83c\uddeb\ud83c\uddf7 Selena Janicijevic (2002)<br \/>\n\ud83c\uddeb\ud83c\uddf7 Lois Boisson (2003)<br \/>\n\ud83c\uddeb\ud83c\uddf7 Elsa Jacquemot (2003 \ud83c\udd95) <a href=\"https:\/\/t.co\/usX6Z39qyv\">pic.twitter.com\/usX6Z39qyv<\/a><\/p>\n<p>\u2014 Jeu, Set et Maths (@JeuSetMaths) <a href=\"https:\/\/twitter.com\/JeuSetMaths\/status\/1958644590732616025?ref_src=twsrc%5Etfw\">August 21, 2025<\/a><\/p><\/blockquote>\n<p style=\"text-align: justify;\"><script async src=\"https:\/\/platform.twitter.com\/widgets.js\" charset=\"utf-8\"><\/script><\/p>\n<h2 style=\"text-align: justify;\">La peur du grand vide avant Roland-Garros<\/h2>\n<p style=\"text-align: justify;\"><strong>Lois Boisson<\/strong> reine de Roland-Garros, tout le monde a encore en souvenir son incroyable parcours. Il y a trois mois, la Fran\u00e7aise, alors au-del\u00e0 de la 500\u00e8me mondiale, s&rsquo;est hiss\u00e9e en demi-finale du tournoi parisien. \u00c9liminant, <strong>Elise Mertens<\/strong> au premier tour puis <a href=\"https:\/\/dicodusport.fr\/blog\/roland-garros-2025-lois-boisson-reve-les-yeux-ouverts-et-sinvite-en-quarts\/\"><strong>Jessica Pegula<\/strong><\/a> en 8\u00e8me et <a href=\"https:\/\/dicodusport.fr\/blog\/roland-garros-2025-lois-boisson-ecrit-un-peu-plus-sa-legende-en-ralliant-les-demi-finales\/\"><strong>Mirra Andreeva<\/strong><\/a> en quarts. Trois t\u00eates de s\u00e9rie et deux Top 10 au terme d&rsquo;un parcours hom\u00e9rique. Elle a \u00e9tabli ici le meilleur parcours en simple \u00e0 Paris, depuis <strong>Jo-Wilfried Tsonga<\/strong> en 2015.<\/p>\n<div class=\"vlp-link-container vlp-layout-article\"><a href=\"https:\/\/dicodusport.fr\/blog\/roland-garros-2025-lois-boisson-quitte-le-tournoi-en-demies-par-la-grande-porte\/\" class=\"vlp-link\" title=\"Roland-Garros 2025 : Lois Boisson quitte le tournoi en demies par la grande porte\"><\/a><div class=\"vlp-layout-zone-side\"><div class=\"vlp-block-4 vlp-link-image\"><img loading=\"lazy\" decoding=\"async\" style=\"max-width: 792px;\" width=\"792\" height=\"445\" src=\"https:\/\/dicodusport.fr\/blog\/wp-content\/uploads\/2025\/06\/Roland-Garros-2025-Lois-Boisson-quitte-le-tournoi-en-demies-par-la-grande-porte.png\" class=\"attachment-800x445 size-800x445\" alt=\"Roland-Garros 2025 Lois Boisson quitte le tournoi en demies par la grande porte\" srcset=\"https:\/\/dicodusport.fr\/blog\/wp-content\/uploads\/2025\/06\/Roland-Garros-2025-Lois-Boisson-quitte-le-tournoi-en-demies-par-la-grande-porte.png 1200w, https:\/\/dicodusport.fr\/blog\/wp-content\/uploads\/2025\/06\/Roland-Garros-2025-Lois-Boisson-quitte-le-tournoi-en-demies-par-la-grande-porte-300x169.png 300w, https:\/\/dicodusport.fr\/blog\/wp-content\/uploads\/2025\/06\/Roland-Garros-2025-Lois-Boisson-quitte-le-tournoi-en-demies-par-la-grande-porte-1024x575.png 1024w, https:\/\/dicodusport.fr\/blog\/wp-content\/uploads\/2025\/06\/Roland-Garros-2025-Lois-Boisson-quitte-le-tournoi-en-demies-par-la-grande-porte-768x431.png 768w\" sizes=\"auto, (max-width: 792px) 100vw, 792px\" \/><\/div><\/div><div class=\"vlp-layout-zone-main\"><div class=\"vlp-block-0 vlp-link-title\">Roland-Garros 2025 : Lois Boisson quitte le tournoi en demies par la grande porte<\/div><div class=\"vlp-block-1 vlp-link-summary\">ROLAND-GARROS 2025 - C\u2019est la fin du r\u00eave pour Lois Boisson, stopp\u00e9e dans le dernier carr\u00e9 par Coco Gauff. La n\u00b02 mondiale n\u2019a pas fait de cadeaux \u00e0 la Fran\u00e7aise, incapable de s'exprimer aujourd'hui et battue en deux manches (6-1, 6-2). L\u2019Am\u00e9ricaine rejoint pour la deuxi\u00e8me fois de sa carri\u00e8re la finale du Grand Chelem parisien. Lois Boisson s\u2019\u00e9clipse quant \u00e0 elle par la grande porte apr\u00e8s un parcours ph\u00e9nom\u00e9nal.<\/div><div class=\"vlp-block-2 vlp-link-button\">Lire l'article<\/div><div class=\"vlp-block-3 vlp-link-url\">dicodusport.fr<\/div><\/div><\/div>\n<p style=\"text-align: justify;\">Pourtant, \u00e0 l&rsquo;amorce du rendez-vous Porte d&rsquo;Auteuil, les nuages \u00e9taient bien gros autour du tennis Fran\u00e7ais. Seule <strong>Varvara Gracheva<\/strong> figurait dans le Top 100. Avec 180 points \u00e0 d\u00e9fendre de son 8\u00e8me de finale de 2024. En cas de d\u00e9faite au premier tour &#8211; ce qui fut le cas &#8211; elle quittait le Top 100. Derri\u00e8re, quelque peu le d\u00e9sert. Avant le tournoi, <a href=\"https:\/\/dicodusport.fr\/blog\/roland-garros-2025-ou-en-est-elsa-jacquemot-cinq-ans-apres-son-titre-en-juniors\/\">on s&rsquo;\u00e9tait pench\u00e9 sur l&rsquo;\u00e9volution d&rsquo;Elsa Jacquemot<\/a> et <a href=\"https:\/\/dicodusport.fr\/blog\/roland-garros-2025-lois-boisson-en-pleine-renaissance\/\">le retour de Lois Boisson, apr\u00e8s sa rupture des ligaments crois\u00e9s,<\/a> au mois de mai 2024. Mais le spectre de l&rsquo;\u00e9limination au premier tour de toutes les Tricolores \u00e9tait tr\u00e8s important, \u00e0 l&rsquo;amorce du tournoi. Finalement, les deux joueuses cit\u00e9es se sont affront\u00e9s dans <a href=\"https:\/\/dicodusport.fr\/blog\/roland-garros-2025-lois-boisson-domine-elsa-jacquemot-et-file-en-8emes-de-finale\/\">un dr\u00f4le de 3\u00e8me tour<\/a>, domin\u00e9 par <strong>Lois Boisson<\/strong>. La suite, on la connait. \u00c0 cela s&rsquo;ajoute un 2\u00e8me tour pour<strong> L\u00e9olia Jeanjean.<\/strong> \u00c0 la sortie du tournoi, elle et <strong>Lois Boisson<\/strong> figuraient dans le Top 100.<\/p>\n<h2 style=\"text-align: justify;\">Une confirmation sur terre pour Lois Boisson, des doutes sur les autres surfaces<\/h2>\n<p style=\"text-align: justify;\">Forc\u00e9ment expos\u00e9e, <strong>Lois Boisson<\/strong> est pass\u00e9e par la case qualification \u00e0 Wimbledon. Pour le tout premier match de sa carri\u00e8re sur herbe, <a href=\"https:\/\/dicodusport.fr\/blog\/wimbledon-lois-boisson-prend-la-porte-des-le-1er-tour-des-qualifications\/\">la Fran\u00e7aise s&rsquo;est inclin\u00e9e face \u00e0 la Canadienne <strong>Carson Branstine<\/strong><\/a>. Les critiques n&rsquo;ont pas manqu\u00e9. Le gros revers de la m\u00e9daille pour une joueuse dont certains attendent d\u00e9sormais monts et merveilles. De retour sur la terre, la Fran\u00e7aise a r\u00e9pondu de la meilleure des mani\u00e8res. Remportant le tournoi WTA 250 de Hambourg. Le premier titre d&rsquo;une Fran\u00e7aise \u00e0 ce niveau, depuis <a href=\"https:\/\/dicodusport.fr\/blog\/wta-finals-2022-cest-fou-caroline-garcia-remporte-le-titre\/\">la victoire aux WTA Finals de <strong>Caroline Garcia<\/strong><\/a>, fin 2022.<\/p>\n<blockquote class=\"twitter-tweet\">\n<p dir=\"ltr\" lang=\"fr\">Les commentaires apr\u00e8s la d\u00e9faite de Lois, c&rsquo;est d\u00e9gueulasse<\/p>\n<p>T&rsquo;es la 1\u00e8re fran\u00e7aise depuis 14 ans \u00e0 faire une 1\/2 \u00e0 Roland-Garros et c&rsquo;est comme \u00e7a qu&rsquo;on te traite derri\u00e8re. \u00c7a donne envie d&rsquo;\u00eatre Fran\u00e7ais \u00e7a \ud83d\udc4d<\/p>\n<p>J&rsquo;sais que c&rsquo;est une minorit\u00e9 bruyante mais \u00e7a fout les boules <a href=\"https:\/\/t.co\/2jt9ReUUj3\">https:\/\/t.co\/2jt9ReUUj3<\/a><\/p>\n<p>\u2014 Remeli \ud83c\udfbe (@RemeliTennis) <a href=\"https:\/\/twitter.com\/RemeliTennis\/status\/1943244825454686267?ref_src=twsrc%5Etfw\">July 10, 2025<\/a><\/p><\/blockquote>\n<p style=\"text-align: justify;\"><script async src=\"https:\/\/platform.twitter.com\/widgets.js\" charset=\"utf-8\"><\/script><\/p>\n<p style=\"text-align: justify;\">Un succ\u00e8s qui lui a permis d&rsquo;atteindre la 44\u00e8me place mondiale, plus de 20 places de mieux qu&rsquo;apr\u00e8s Roland. Mais qui lui a occasionn\u00e9 une petite blessure, qui a retard\u00e9 sa reprise sur dur. Engag\u00e9e \u00e0 Cleveland (WTA 250), elle s&rsquo;est inclin\u00e9e au premier tour face \u00e0 la Suissesse <strong>Jil Teichmann<\/strong>. \u00c0 quelques jours de son premier tour d\u00e9licat contre une autre suissesse, <strong>Viktorija Golubic<\/strong>, la n\u00b01 tricolore est forc\u00e9ment dans le flou. Mais, n&rsquo;ayant aucun point \u00e0 d\u00e9fendre avant le mois de mars 2025, elle a l&rsquo;occasion d&rsquo;engranger de l&rsquo;exp\u00e9rience.<\/p>\n<div class=\"vlp-link-container vlp-layout-article\"><a href=\"https:\/\/dicodusport.fr\/blog\/wta-hambourg-2025-lois-boisson-decroche-son-premier-titre-sur-le-circuit\/\" class=\"vlp-link\" title=\"WTA Hambourg 2025 : Lois Boisson d\u00e9croche son premier titre sur le circuit\"><\/a><div class=\"vlp-layout-zone-side\"><div class=\"vlp-block-4 vlp-link-image\"><img loading=\"lazy\" decoding=\"async\" style=\"max-width: 792px;\" width=\"792\" height=\"445\" src=\"https:\/\/dicodusport.fr\/blog\/wp-content\/uploads\/2025\/07\/WTA-Hambourg-2025-Lois-Boisson-decroche-son-premier-titre-sur-le-circuit-1.png\" class=\"attachment-800x445 size-800x445\" alt=\"WTA Hambourg 2025 Lois Boisson d\u00e9croche son premier titre sur le circuit (1)\" srcset=\"https:\/\/dicodusport.fr\/blog\/wp-content\/uploads\/2025\/07\/WTA-Hambourg-2025-Lois-Boisson-decroche-son-premier-titre-sur-le-circuit-1.png 1200w, https:\/\/dicodusport.fr\/blog\/wp-content\/uploads\/2025\/07\/WTA-Hambourg-2025-Lois-Boisson-decroche-son-premier-titre-sur-le-circuit-1-300x169.png 300w, https:\/\/dicodusport.fr\/blog\/wp-content\/uploads\/2025\/07\/WTA-Hambourg-2025-Lois-Boisson-decroche-son-premier-titre-sur-le-circuit-1-1024x575.png 1024w, https:\/\/dicodusport.fr\/blog\/wp-content\/uploads\/2025\/07\/WTA-Hambourg-2025-Lois-Boisson-decroche-son-premier-titre-sur-le-circuit-1-768x431.png 768w\" sizes=\"auto, (max-width: 792px) 100vw, 792px\" \/><\/div><\/div><div class=\"vlp-layout-zone-main\"><div class=\"vlp-block-0 vlp-link-title\">WTA Hambourg 2025 : Lois Boisson d\u00e9croche son premier titre sur le circuit<\/div><div class=\"vlp-block-1 vlp-link-summary\">Lois Boisson a battu la Hongroise Anna Bondar en finale du tournoi de Hambourg (7-5, 6-3) ce dimanche, d\u00e9crochant son premier titre en carri\u00e8re sur le circuit WTA.<\/div><div class=\"vlp-block-2 vlp-link-button\">Lire l'article<\/div><div class=\"vlp-block-3 vlp-link-url\">dicodusport.fr<\/div><\/div><\/div>\n<h2 style=\"text-align: justify;\">Apr\u00e8s un an de trou, Varvara Gracheva semble retrouver la lumi\u00e8re<\/h2>\n<p style=\"text-align: justify;\"><a href=\"https:\/\/dicodusport.fr\/blog\/wta-bientot-la-nationalite-francaise-pour-varvara-gracheva\/\">Naturalis\u00e9 fran\u00e7aise en 2023<\/a>, <strong>Varvara Gracheva<\/strong> a repr\u00e9sent\u00e9 un espoir s\u00e9rieux pour le tennis f\u00e9minin tricolore. Apr\u00e8s un d\u00e9but d&rsquo;ann\u00e9e 2023 tr\u00e8s solide, elle a occup\u00e9 la 39\u00e8me place mondiale. Puis ce fut bien plus compliqu\u00e9 par la suite. Avec comme rare rayon de soleil <a href=\"https:\/\/dicodusport.fr\/blog\/roland-garros-2024-varvara-gracheva-tombe-contre-mirra-andreeva\/\">son 8\u00e8me de finale \u00e0 Roland-Garros en 2024<\/a>. Et c&rsquo;est \u00e0 la suite de l&rsquo;\u00e9dition 2025 qu&rsquo;elle se retrouve \u00e9ject\u00e9e en dehors du Top 100. Bien loin de ce qu&rsquo;on pouvait esp\u00e9rer.<\/p>\n<div class=\"vlp-link-container vlp-layout-article\"><a href=\"https:\/\/dicodusport.fr\/blog\/masters-1000-cincinnati-2025-terence-atmane-et-varvara-gracheva-inarretables-dans-lohio\/\" class=\"vlp-link\" title=\"Masters 1000 Cincinnati 2025 : Terence Atmane et Varvara Gracheva inarr\u00eatables dans l&#039;Ohio\"><\/a><div class=\"vlp-layout-zone-side\"><div class=\"vlp-block-4 vlp-link-image\"><img loading=\"lazy\" decoding=\"async\" style=\"max-width: 792px;\" width=\"792\" height=\"445\" src=\"https:\/\/dicodusport.fr\/blog\/wp-content\/uploads\/2025\/08\/Masters-1000-Cincinnati-2025-Terence-Atmane-et-Varvara-Gracheva-inarretables-dans-lOhio.png\" class=\"attachment-800x445 size-800x445\" alt=\"Masters 1000 Cincinnati 2025 Terence Atmane et Varvara Gracheva inarr\u00eatables dans l&#039;Ohio\" srcset=\"https:\/\/dicodusport.fr\/blog\/wp-content\/uploads\/2025\/08\/Masters-1000-Cincinnati-2025-Terence-Atmane-et-Varvara-Gracheva-inarretables-dans-lOhio.png 1200w, https:\/\/dicodusport.fr\/blog\/wp-content\/uploads\/2025\/08\/Masters-1000-Cincinnati-2025-Terence-Atmane-et-Varvara-Gracheva-inarretables-dans-lOhio-300x169.png 300w, https:\/\/dicodusport.fr\/blog\/wp-content\/uploads\/2025\/08\/Masters-1000-Cincinnati-2025-Terence-Atmane-et-Varvara-Gracheva-inarretables-dans-lOhio-1024x575.png 1024w, https:\/\/dicodusport.fr\/blog\/wp-content\/uploads\/2025\/08\/Masters-1000-Cincinnati-2025-Terence-Atmane-et-Varvara-Gracheva-inarretables-dans-lOhio-768x431.png 768w\" sizes=\"auto, (max-width: 792px) 100vw, 792px\" \/><\/div><\/div><div class=\"vlp-layout-zone-main\"><div class=\"vlp-block-0 vlp-link-title\">Masters 1000 Cincinnati 2025 : Terence Atmane et Varvara Gracheva inarr\u00eatables dans l'Ohio<\/div><div class=\"vlp-block-1 vlp-link-summary\">MASTERS 1000 DE CINCINNATI 2025 - Terence Atmane confirme et rejoint le dernier carr\u00e9, alors que Varvara Gracheva s'est elle invit\u00e9e en quarts.<\/div><div class=\"vlp-block-2 vlp-link-button\">Lire l'article<\/div><div class=\"vlp-block-3 vlp-link-url\">dicodusport.fr<\/div><\/div><\/div>\n<p style=\"text-align: justify;\">Mais cette d\u00e9faite semble avoir constitu\u00e9 un d\u00e9clic. Depuis, on sent une vraie am\u00e9lioration. D&rsquo;abord lente, \u00e0 l&rsquo;image d&rsquo;une demi-finale en juin \u00e0 Eastbourne (WTA 250 gazon). Avec des hic, comme son premier tour \u00e0 Wimbledon. Avant de voir sa trajectoire s&rsquo;acc\u00e9l\u00e9rer \u00e0 Cincinnati. Au WTA 1000 am\u00e9ricain, elle se hisse en quart de finale, alors qu&rsquo;elle \u00e9tait issue des qualifications. En \u00e9liminant au 2\u00e8me tour<strong> Sofia Kenin<\/strong> et au 3\u00e8me tour <strong>Karol\u00edna Muchov\u00e1.<\/strong> Deux victoires de r\u00e9f\u00e9rence et un retour dans le Top 100 (83\u00e8me). Trop tard pour le cut de l&rsquo;US Open, oblig\u00e9e de passer par les qualifications, dont elle n&rsquo;est pas sortie, battue au dernier tour.<\/p>\n<ul style=\"text-align: justify;\">\n<li><strong>\u00c0 ce sujet &#8211; <a href=\"https:\/\/dicodusport.fr\/blog\/us-open-2025-ugo-blanchet-qualifie-arthur-cazaux-en-ballotage-le-resume-des-qualifications\/\">US Open 2025 : Ugo Blanchet seul qualifi\u00e9, le r\u00e9sum\u00e9 des qualifications<\/a><\/strong><\/li>\n<\/ul>\n<h2 style=\"text-align: justify;\">Elsa Jacquemot enfin dans le Top 100<\/h2>\n<p style=\"text-align: justify;\">Elle tournait autour depuis la fin de l&rsquo;ann\u00e9e 2023 et la finale du WTA 125 de Limoges. <strong>Elsa Jacquemot<\/strong> est enfin entr\u00e9e dans le Top 100. Son Roland-Garros lui a servi de d\u00e9clic. Sortie des qualifications de Wimbledon, elle a franchi le premier tour sur le gazon londonien. Avant un retour sur terre quasi victorieux et une finale en France, \u00e0 Contrex\u00e9ville. Cette semaine, elle s&rsquo;est offerte, entre deux murs de pluie, un quart de finale \u00e0 Cleveland, s&rsquo;inclinant en trois manches face \u00e0 <strong>Ann Li<\/strong>.<\/p>\n<div class=\"vlp-link-container vlp-layout-article\"><a href=\"https:\/\/dicodusport.fr\/blog\/wta-challenger-2025-elsa-jacquemot-ne-valide-pas-son-entree-dans-le-top-100-par-un-titre\/\" class=\"vlp-link\" title=\"WTA Challenger 2025 : Elsa Jacquemot ne valide pas son entr\u00e9e dans le Top 100 par un titre\"><\/a><div class=\"vlp-layout-zone-side\"><div class=\"vlp-block-4 vlp-link-image\"><img loading=\"lazy\" decoding=\"async\" style=\"max-width: 792px;\" width=\"792\" height=\"445\" src=\"https:\/\/dicodusport.fr\/blog\/wp-content\/uploads\/2025\/07\/Votre-texte-de-paragraphe20.png\" class=\"attachment-800x445 size-800x445\" alt=\"\" srcset=\"https:\/\/dicodusport.fr\/blog\/wp-content\/uploads\/2025\/07\/Votre-texte-de-paragraphe20.png 1200w, https:\/\/dicodusport.fr\/blog\/wp-content\/uploads\/2025\/07\/Votre-texte-de-paragraphe20-300x169.png 300w, https:\/\/dicodusport.fr\/blog\/wp-content\/uploads\/2025\/07\/Votre-texte-de-paragraphe20-1024x575.png 1024w, https:\/\/dicodusport.fr\/blog\/wp-content\/uploads\/2025\/07\/Votre-texte-de-paragraphe20-768x431.png 768w\" sizes=\"auto, (max-width: 792px) 100vw, 792px\" \/><\/div><\/div><div class=\"vlp-layout-zone-main\"><div class=\"vlp-block-0 vlp-link-title\">WTA Challenger 2025 : Elsa Jacquemot ne valide pas son entr\u00e9e dans le Top 100 par un titre<\/div><div class=\"vlp-block-1 vlp-link-summary\">WTA CHALLENGER 2025 - Elsa Jacquemot n'obtiendra pas son deuxi\u00e8me titre sur le circuit WTA 125, apr\u00e8s sa d\u00e9faite en finale \u00e0 Contrex\u00e9ville. Mais cette belle semaine lui aura permis d'enfin franchir la barre du Top 100, et de devenir la n\u00b02 Fran\u00e7aise derri\u00e8re sa coll\u00e8gue de la g\u00e9n\u00e9ration 2003, Lo\u00efs Boisson.<\/div><div class=\"vlp-block-2 vlp-link-button\">Lire l'article<\/div><div class=\"vlp-block-3 vlp-link-url\">dicodusport.fr<\/div><\/div><\/div>\n<p style=\"text-align: justify;\">Petit \u00e0 petit, <a href=\"https:\/\/dicodusport.fr\/blog\/roland-garros-elsa-jacquemot-remporte-le-tournoi-junior\/\">la laur\u00e9ate de Roland-Garros juniors<\/a> s&rsquo;installe dans le classement WTA. Elle sera 90\u00e8me mondiale la semaine prochaine. R\u00e9guli\u00e8re sur plusieurs surfaces mais aussi face \u00e0 des Top 100. La marge de progr\u00e8s est encore importante. Mais pour la premi\u00e8re fois de sa carri\u00e8re, elle int\u00e8gre directement un tableau final de Grand Chelem sans passer par les qualifications et sans <em>wildcard<\/em>.<\/p>\n<blockquote class=\"twitter-tweet\">\n<p dir=\"ltr\" lang=\"fr\">\ud83d\udccaLes joueuses fran\u00e7aises \ud83c\uddeb\ud83c\uddf7 n\u00e9es depuis le d\u00e9but des ann\u00e9es 2000 ayant r\u00e9ussi \u00e0 int\u00e9grer le Top 100 du classement WTA :<br \/>\n\ud83c\uddeb\ud83c\uddf7 Varvara Gracheva (2000)<br \/>\n\ud83c\uddeb\ud83c\uddf7 Clara Burel (2001)<br \/>\n\ud83c\uddeb\ud83c\uddf7 Diane Parry (2002)<br \/>\n\ud83c\uddeb\ud83c\uddf7 Lois Boisson (2003)<br \/>\n\ud83c\uddeb\ud83c\uddf7 Elsa Jacquemot (2003) \ud83c\udd95 <a href=\"https:\/\/t.co\/ZVDDeF933j\">pic.twitter.com\/ZVDDeF933j<\/a><\/p>\n<p>\u2014 Jeu, Set et Maths (@JeuSetMaths) <a href=\"https:\/\/twitter.com\/JeuSetMaths\/status\/1945931573884305625?ref_src=twsrc%5Etfw\">July 17, 2025<\/a><\/p><\/blockquote>\n<p style=\"text-align: justify;\"><script async src=\"https:\/\/platform.twitter.com\/widgets.js\" charset=\"utf-8\"><\/script><\/p>\n<h2 style=\"text-align: justify;\">Des joueuses qui \u00e9mergent petit \u00e0 petit sur le circuit secondaire<\/h2>\n<p style=\"text-align: justify;\">Moins m\u00e9diatique (encore plus chez les femmes), le circuit secondaire a permis \u00e0 certaines Tricolores de se mettre en \u00e9vidence en ce d\u00e9but d&rsquo;\u00e9t\u00e9. Deux joueuses ressortent. On pense \u00e0 <strong>Julie Belgraver<\/strong>, qui s&rsquo;est &#8211; par exemple &#8211; hiss\u00e9e en finale du tournoi de Blois (W75). Apr\u00e8s un superbe mois de mai et des victoires de r\u00e9f\u00e9rence. Comme celle contre<strong> Lulu Sun<\/strong>, alors 46\u00e8me mondiale, \u00e0 Paris au troph\u00e9e Clarins. Elle a \u00e9galement remport\u00e9, dans ce m\u00eame tournoi (WTA 125) un succ\u00e8s de r\u00e9f\u00e9rence contre <strong>Solana Sierra<\/strong>. \u00c0 22 ans, la Tricolore a gagn\u00e9 pr\u00e8s de 200 places au classement WTA. Grimpant \u00e0 la 233\u00e8me place mondiale. Actuellement 255\u00e8me, elle connait une p\u00e9riode un peu moins riche. Mais sera \u00e0 surveiller en 2025. Beaucoup croient en elle.<\/p>\n<p style=\"text-align: justify;\">L&rsquo;autre jeune fran\u00e7aise \u00e0 suivre est <strong>Sarah Rakotomanga.<\/strong> Qui a connu une belle progression en m\u00eame temps que sa compatriote. <em>Wildcard<\/em> tableau \u00e0 Roland-Garros, elle s&rsquo;est hiss\u00e9e en finale du W100 \u00e0 Biarritz (terre battue), le 15 juin dernier. Un encha\u00eenement qui lui a permis de grimper dans le Top 200, avec un pic \u00e0 la 180\u00e8me place. Redescendu \u00e0 la 211\u00e8me place mondiale, elle s&rsquo;est inclin\u00e9e au premier tour des qualifications de l&rsquo;US Open. Mais en ayant montr\u00e9 de tr\u00e8s bonnes choses. Cela demandera confirmation par la suite. Mais le tennis f\u00e9minin fran\u00e7ais pourrait retrouver une certaine densit\u00e9. On est encore loin d&rsquo;envisager d&rsquo;avoir plusieurs joueuses dans le Top 50.<\/p>\n<blockquote class=\"twitter-tweet\">\n<p dir=\"ltr\" lang=\"fr\">Sarah Rakotomanga \ud83c\uddeb\ud83c\uddf7 j&rsquo;en parle depuis un moment.<\/p>\n<p>C&rsquo;est de plus en plus s\u00e9rieux \ud83d\udd25<\/p>\n<p>Un coup droit de \ud83d\udd25 et un revers de gauch\u00e8re tres appliqu\u00e9e.<\/p>\n<p>Elle bat Tessah Adrianjafitrimo\ud83c\uddeb\ud83c\uddf7 aujourd&rsquo;hui et aura une belle carte a jouer demain face a McCartnzy Kessler\ud83c\uddfa\ud83c\uddf8<\/p>\n<p>Vamoss Sarah \ud83d\udcaa <a href=\"https:\/\/t.co\/WUK87mtcWV\">pic.twitter.com\/WUK87mtcWV<\/a><\/p>\n<p>\u2014 WTAntho (@WTAntho) <a href=\"https:\/\/twitter.com\/WTAntho\/status\/1917275583207145886?ref_src=twsrc%5Etfw\">April 29, 2025<\/a><\/p><\/blockquote>\n<p style=\"text-align: justify;\"><script async src=\"https:\/\/platform.twitter.com\/widgets.js\" charset=\"utf-8\"><\/script><\/p>\n","protected":false},"excerpt":{"rendered":"<p>US OPEN 2025 &#8211; Avant le Grand Chelem am\u00e9ricain, on fait le point sur le tennis f\u00e9minin fran\u00e7ais, qui connait un petit redressement. M\u00eame si l&rsquo;\u00e9difice reste encore fragile.<\/p>\n","protected":false},"author":83,"featured_media":604457,"comment_status":"open","ping_status":"closed","sticky":false,"template":"","format":"standard","meta":{"_acf_changed":false,"_daextam_enable_autolinks":"1","footnotes":""},"categories":[47091],"tags":[16878],"class_list":["post-604438","post","type-post","status-publish","format-standard","has-post-thumbnail","hentry","category-us-open","tag-breve"],"acf":[],"yoast_head":"<!-- This site is optimized with the Yoast SEO Premium plugin v26.7 (Yoast SEO v26.7) - https:\/\/yoast.com\/wordpress\/plugins\/seo\/ -->\n<title>US Open 2025 : Le timide rebond du tennis f\u00e9minin fran\u00e7ais<\/title>\n<meta name=\"description\" content=\"US OPEN 2025 - Avant le Grand Chelem am\u00e9ricain, on fait le point sur le tennis f\u00e9minin fran\u00e7ais, qui connait un petit redressement.\" \/>\n<meta name=\"robots\" content=\"index, follow, max-snippet:-1, max-image-preview:large, max-video-preview:-1\" \/>\n<link rel=\"canonical\" href=\"https:\/\/dicodusport.fr\/blog\/us-open-2025-le-timide-rebond-du-tennis-feminin-francais\/\" \/>\n<meta property=\"og:locale\" content=\"fr_FR\" \/>\n<meta property=\"og:type\" content=\"article\" \/>\n<meta property=\"og:title\" content=\"US Open 2025 : Le timide rebond du tennis f\u00e9minin fran\u00e7ais\" \/>\n<meta property=\"og:description\" content=\"US OPEN 2025 - Avant le Grand Chelem am\u00e9ricain, on fait le point sur le tennis f\u00e9minin fran\u00e7ais, qui connait un petit redressement.\" \/>\n<meta property=\"og:url\" content=\"https:\/\/dicodusport.fr\/blog\/us-open-2025-le-timide-rebond-du-tennis-feminin-francais\/\" \/>\n<meta property=\"og:site_name\" content=\"Dicodusport\" \/>\n<meta property=\"article:publisher\" content=\"https:\/\/www.facebook.com\/dicodusport\" \/>\n<meta property=\"article:published_time\" content=\"2025-08-23T08:00:00+00:00\" \/>\n<meta property=\"og:image\" content=\"https:\/\/dicodusport.fr\/blog\/wp-content\/uploads\/2025\/08\/Tennis-Avant-lUS-Open-le-timide-rebond-du-tennis-feminin-francais.png\" \/>\n\t<meta property=\"og:image:width\" content=\"1200\" \/>\n\t<meta property=\"og:image:height\" content=\"674\" \/>\n\t<meta property=\"og:image:type\" content=\"image\/png\" \/>\n<meta name=\"author\" content=\"Etienne Goursaud\" \/>\n<meta name=\"twitter:card\" content=\"summary_large_image\" \/>\n<meta name=\"twitter:title\" content=\"US Open 2025 : Le timide rebond du tennis f\u00e9minin fran\u00e7ais\" \/>\n<meta name=\"twitter:creator\" content=\"@dicodusport\" \/>\n<meta name=\"twitter:site\" content=\"@dicodusport\" \/>\n<script type=\"application\/ld+json\" class=\"yoast-schema-graph\">{\"@context\":\"https:\/\/schema.org\",\"@graph\":[{\"@type\":\"NewsArticle\",\"@id\":\"https:\/\/dicodusport.fr\/blog\/us-open-2025-le-timide-rebond-du-tennis-feminin-francais\/#article\",\"isPartOf\":{\"@id\":\"https:\/\/dicodusport.fr\/blog\/us-open-2025-le-timide-rebond-du-tennis-feminin-francais\/\"},\"author\":{\"name\":\"Etienne Goursaud\",\"@id\":\"https:\/\/dicodusport.fr\/blog\/#\/schema\/person\/d603dd7da31fb2b46c82b9835a77ec13\"},\"headline\":\"US Open 2025 : Le timide rebond du tennis f\u00e9minin fran\u00e7ais\",\"datePublished\":\"2025-08-23T08:00:00+00:00\",\"mainEntityOfPage\":{\"@id\":\"https:\/\/dicodusport.fr\/blog\/us-open-2025-le-timide-rebond-du-tennis-feminin-francais\/\"},\"wordCount\":1886,\"commentCount\":0,\"publisher\":{\"@id\":\"https:\/\/dicodusport.fr\/blog\/#organization\"},\"image\":{\"@id\":\"https:\/\/dicodusport.fr\/blog\/us-open-2025-le-timide-rebond-du-tennis-feminin-francais\/#primaryimage\"},\"thumbnailUrl\":\"https:\/\/dicodusport.fr\/blog\/wp-content\/uploads\/2025\/08\/Tennis-Avant-lUS-Open-le-timide-rebond-du-tennis-feminin-francais.png\",\"keywords\":[\"br\u00e8ve\"],\"articleSection\":[\"US Open\"],\"inLanguage\":\"fr-FR\",\"potentialAction\":[{\"@type\":\"CommentAction\",\"name\":\"Comment\",\"target\":[\"https:\/\/dicodusport.fr\/blog\/us-open-2025-le-timide-rebond-du-tennis-feminin-francais\/#respond\"]}],\"copyrightYear\":\"2025\",\"copyrightHolder\":{\"@id\":\"https:\/\/dicodusport.fr\/blog\/#organization\"}},{\"@type\":\"WebPage\",\"@id\":\"https:\/\/dicodusport.fr\/blog\/us-open-2025-le-timide-rebond-du-tennis-feminin-francais\/\",\"url\":\"https:\/\/dicodusport.fr\/blog\/us-open-2025-le-timide-rebond-du-tennis-feminin-francais\/\",\"name\":\"US Open 2025 : Le timide rebond du tennis f\u00e9minin fran\u00e7ais\",\"isPartOf\":{\"@id\":\"https:\/\/dicodusport.fr\/blog\/#website\"},\"primaryImageOfPage\":{\"@id\":\"https:\/\/dicodusport.fr\/blog\/us-open-2025-le-timide-rebond-du-tennis-feminin-francais\/#primaryimage\"},\"image\":{\"@id\":\"https:\/\/dicodusport.fr\/blog\/us-open-2025-le-timide-rebond-du-tennis-feminin-francais\/#primaryimage\"},\"thumbnailUrl\":\"https:\/\/dicodusport.fr\/blog\/wp-content\/uploads\/2025\/08\/Tennis-Avant-lUS-Open-le-timide-rebond-du-tennis-feminin-francais.png\",\"datePublished\":\"2025-08-23T08:00:00+00:00\",\"description\":\"US OPEN 2025 - Avant le Grand Chelem am\u00e9ricain, on fait le point sur le tennis f\u00e9minin fran\u00e7ais, qui connait un petit redressement.\",\"breadcrumb\":{\"@id\":\"https:\/\/dicodusport.fr\/blog\/us-open-2025-le-timide-rebond-du-tennis-feminin-francais\/#breadcrumb\"},\"inLanguage\":\"fr-FR\",\"potentialAction\":[{\"@type\":\"ReadAction\",\"target\":[\"https:\/\/dicodusport.fr\/blog\/us-open-2025-le-timide-rebond-du-tennis-feminin-francais\/\"]}]},{\"@type\":\"ImageObject\",\"inLanguage\":\"fr-FR\",\"@id\":\"https:\/\/dicodusport.fr\/blog\/us-open-2025-le-timide-rebond-du-tennis-feminin-francais\/#primaryimage\",\"url\":\"https:\/\/dicodusport.fr\/blog\/wp-content\/uploads\/2025\/08\/Tennis-Avant-lUS-Open-le-timide-rebond-du-tennis-feminin-francais.png\",\"contentUrl\":\"https:\/\/dicodusport.fr\/blog\/wp-content\/uploads\/2025\/08\/Tennis-Avant-lUS-Open-le-timide-rebond-du-tennis-feminin-francais.png\",\"width\":1200,\"height\":674,\"caption\":\"Tennis - Avant l'US Open, le timide rebond du tennis f\u00e9minin fran\u00e7ais\"},{\"@type\":\"BreadcrumbList\",\"@id\":\"https:\/\/dicodusport.fr\/blog\/us-open-2025-le-timide-rebond-du-tennis-feminin-francais\/#breadcrumb\",\"itemListElement\":[{\"@type\":\"ListItem\",\"position\":1,\"name\":\"Accueil\",\"item\":\"https:\/\/dicodusport.fr\/blog\/\"},{\"@type\":\"ListItem\",\"position\":2,\"name\":\"US Open 2025 : Le timide rebond du tennis f\u00e9minin fran\u00e7ais\"}]},{\"@type\":\"WebSite\",\"@id\":\"https:\/\/dicodusport.fr\/blog\/#website\",\"url\":\"https:\/\/dicodusport.fr\/blog\/\",\"name\":\"Dicodusport\",\"description\":\"L&#039;encyclop\u00e9die de l&#039;actualit\u00e9 sportive\",\"publisher\":{\"@id\":\"https:\/\/dicodusport.fr\/blog\/#organization\"},\"potentialAction\":[{\"@type\":\"SearchAction\",\"target\":{\"@type\":\"EntryPoint\",\"urlTemplate\":\"https:\/\/dicodusport.fr\/blog\/?s={search_term_string}\"},\"query-input\":{\"@type\":\"PropertyValueSpecification\",\"valueRequired\":true,\"valueName\":\"search_term_string\"}}],\"inLanguage\":\"fr-FR\"},{\"@type\":\"NewsMediaOrganization\",\"@id\":\"https:\/\/dicodusport.fr\/blog\/#organization\",\"name\":\"Dicodusport\",\"url\":\"https:\/\/dicodusport.fr\/blog\/\",\"logo\":{\"@type\":\"ImageObject\",\"inLanguage\":\"fr-FR\",\"@id\":\"https:\/\/dicodusport.fr\/blog\/#\/schema\/logo\/image\/\",\"url\":\"https:\/\/dicodusport.fr\/blog\/wp-content\/uploads\/2020\/06\/cropped-LOGO-DICODUSPORT-2020-SANS-FOND-SANS-TEXTE.png\",\"contentUrl\":\"https:\/\/dicodusport.fr\/blog\/wp-content\/uploads\/2020\/06\/cropped-LOGO-DICODUSPORT-2020-SANS-FOND-SANS-TEXTE.png\",\"width\":512,\"height\":512,\"caption\":\"Dicodusport\"},\"image\":{\"@id\":\"https:\/\/dicodusport.fr\/blog\/#\/schema\/logo\/image\/\"},\"sameAs\":[\"https:\/\/www.facebook.com\/dicodusport\",\"https:\/\/x.com\/dicodusport\",\"https:\/\/www.instagram.com\/dicodusport\/\",\"https:\/\/www.youtube.com\/channel\/UC7V2KZ5sd3htJivAbA4ZG3w\"],\"description\":\"Dicodusport est l'encyclop\u00e9die de l'actualit\u00e9 sportive.\",\"email\":\"bonjour@dicodusport.fr\",\"legalName\":\"DICODUSPORT\",\"foundingDate\":\"2018-01-14\",\"vatID\":\"FR71834470973\",\"taxID\":\"83447097300043\",\"numberOfEmployees\":{\"@type\":\"QuantitativeValue\",\"minValue\":\"1\",\"maxValue\":\"10\"}},{\"@type\":\"Person\",\"@id\":\"https:\/\/dicodusport.fr\/blog\/#\/schema\/person\/d603dd7da31fb2b46c82b9835a77ec13\",\"name\":\"Etienne Goursaud\",\"image\":{\"@type\":\"ImageObject\",\"inLanguage\":\"fr-FR\",\"@id\":\"https:\/\/dicodusport.fr\/blog\/#\/schema\/person\/image\/\",\"url\":\"https:\/\/dicodusport.fr\/blog\/wp-content\/uploads\/2023\/12\/410122264_10231602061736049_5565839791558026645_n-150x150.jpg\",\"contentUrl\":\"https:\/\/dicodusport.fr\/blog\/wp-content\/uploads\/2023\/12\/410122264_10231602061736049_5565839791558026645_n-150x150.jpg\",\"caption\":\"Etienne Goursaud\"},\"description\":\"Journaliste et amoureux de sport. Ancien footballeur reconverti athl\u00e8te quand ses muscles le laissent tranquille. \u00c9lev\u00e9 \u00e0 la sauce des exploits de Thomas Voeckler en 2004, du dernier essai de l\u00e9gende de Eunice Barber \u00e0 la longueur lors des championnats du monde d'athl\u00e9tisme de 2003 mais aussi Zidane, Omeyer et Titou Lamaison.\",\"url\":\"https:\/\/dicodusport.fr\/blog\/author\/etienne-goursaud\/\"}]}<\/script>\n<!-- \/ Yoast SEO Premium plugin. -->","yoast_head_json":{"title":"US Open 2025 : Le timide rebond du tennis f\u00e9minin fran\u00e7ais","description":"US OPEN 2025 - Avant le Grand Chelem am\u00e9ricain, on fait le point sur le tennis f\u00e9minin fran\u00e7ais, qui connait un petit redressement.","robots":{"index":"index","follow":"follow","max-snippet":"max-snippet:-1","max-image-preview":"max-image-preview:large","max-video-preview":"max-video-preview:-1"},"canonical":"https:\/\/dicodusport.fr\/blog\/us-open-2025-le-timide-rebond-du-tennis-feminin-francais\/","og_locale":"fr_FR","og_type":"article","og_title":"US Open 2025 : Le timide rebond du tennis f\u00e9minin fran\u00e7ais","og_description":"US OPEN 2025 - Avant le Grand Chelem am\u00e9ricain, on fait le point sur le tennis f\u00e9minin fran\u00e7ais, qui connait un petit redressement.","og_url":"https:\/\/dicodusport.fr\/blog\/us-open-2025-le-timide-rebond-du-tennis-feminin-francais\/","og_site_name":"Dicodusport","article_publisher":"https:\/\/www.facebook.com\/dicodusport","article_published_time":"2025-08-23T08:00:00+00:00","og_image":[{"width":1200,"height":674,"url":"https:\/\/dicodusport.fr\/blog\/wp-content\/uploads\/2025\/08\/Tennis-Avant-lUS-Open-le-timide-rebond-du-tennis-feminin-francais.png","type":"image\/png"}],"author":"Etienne Goursaud","twitter_card":"summary_large_image","twitter_title":"US Open 2025 : Le timide rebond du tennis f\u00e9minin fran\u00e7ais","twitter_creator":"@dicodusport","twitter_site":"@dicodusport","schema":{"@context":"https:\/\/schema.org","@graph":[{"@type":"NewsArticle","@id":"https:\/\/dicodusport.fr\/blog\/us-open-2025-le-timide-rebond-du-tennis-feminin-francais\/#article","isPartOf":{"@id":"https:\/\/dicodusport.fr\/blog\/us-open-2025-le-timide-rebond-du-tennis-feminin-francais\/"},"author":{"name":"Etienne Goursaud","@id":"https:\/\/dicodusport.fr\/blog\/#\/schema\/person\/d603dd7da31fb2b46c82b9835a77ec13"},"headline":"US Open 2025 : Le timide rebond du tennis f\u00e9minin fran\u00e7ais","datePublished":"2025-08-23T08:00:00+00:00","mainEntityOfPage":{"@id":"https:\/\/dicodusport.fr\/blog\/us-open-2025-le-timide-rebond-du-tennis-feminin-francais\/"},"wordCount":1886,"commentCount":0,"publisher":{"@id":"https:\/\/dicodusport.fr\/blog\/#organization"},"image":{"@id":"https:\/\/dicodusport.fr\/blog\/us-open-2025-le-timide-rebond-du-tennis-feminin-francais\/#primaryimage"},"thumbnailUrl":"https:\/\/dicodusport.fr\/blog\/wp-content\/uploads\/2025\/08\/Tennis-Avant-lUS-Open-le-timide-rebond-du-tennis-feminin-francais.png","keywords":["br\u00e8ve"],"articleSection":["US Open"],"inLanguage":"fr-FR","potentialAction":[{"@type":"CommentAction","name":"Comment","target":["https:\/\/dicodusport.fr\/blog\/us-open-2025-le-timide-rebond-du-tennis-feminin-francais\/#respond"]}],"copyrightYear":"2025","copyrightHolder":{"@id":"https:\/\/dicodusport.fr\/blog\/#organization"}},{"@type":"WebPage","@id":"https:\/\/dicodusport.fr\/blog\/us-open-2025-le-timide-rebond-du-tennis-feminin-francais\/","url":"https:\/\/dicodusport.fr\/blog\/us-open-2025-le-timide-rebond-du-tennis-feminin-francais\/","name":"US Open 2025 : Le timide rebond du tennis f\u00e9minin fran\u00e7ais","isPartOf":{"@id":"https:\/\/dicodusport.fr\/blog\/#website"},"primaryImageOfPage":{"@id":"https:\/\/dicodusport.fr\/blog\/us-open-2025-le-timide-rebond-du-tennis-feminin-francais\/#primaryimage"},"image":{"@id":"https:\/\/dicodusport.fr\/blog\/us-open-2025-le-timide-rebond-du-tennis-feminin-francais\/#primaryimage"},"thumbnailUrl":"https:\/\/dicodusport.fr\/blog\/wp-content\/uploads\/2025\/08\/Tennis-Avant-lUS-Open-le-timide-rebond-du-tennis-feminin-francais.png","datePublished":"2025-08-23T08:00:00+00:00","description":"US OPEN 2025 - Avant le Grand Chelem am\u00e9ricain, on fait le point sur le tennis f\u00e9minin fran\u00e7ais, qui connait un petit redressement.","breadcrumb":{"@id":"https:\/\/dicodusport.fr\/blog\/us-open-2025-le-timide-rebond-du-tennis-feminin-francais\/#breadcrumb"},"inLanguage":"fr-FR","potentialAction":[{"@type":"ReadAction","target":["https:\/\/dicodusport.fr\/blog\/us-open-2025-le-timide-rebond-du-tennis-feminin-francais\/"]}]},{"@type":"ImageObject","inLanguage":"fr-FR","@id":"https:\/\/dicodusport.fr\/blog\/us-open-2025-le-timide-rebond-du-tennis-feminin-francais\/#primaryimage","url":"https:\/\/dicodusport.fr\/blog\/wp-content\/uploads\/2025\/08\/Tennis-Avant-lUS-Open-le-timide-rebond-du-tennis-feminin-francais.png","contentUrl":"https:\/\/dicodusport.fr\/blog\/wp-content\/uploads\/2025\/08\/Tennis-Avant-lUS-Open-le-timide-rebond-du-tennis-feminin-francais.png","width":1200,"height":674,"caption":"Tennis - Avant l'US Open, le timide rebond du tennis f\u00e9minin fran\u00e7ais"},{"@type":"BreadcrumbList","@id":"https:\/\/dicodusport.fr\/blog\/us-open-2025-le-timide-rebond-du-tennis-feminin-francais\/#breadcrumb","itemListElement":[{"@type":"ListItem","position":1,"name":"Accueil","item":"https:\/\/dicodusport.fr\/blog\/"},{"@type":"ListItem","position":2,"name":"US Open 2025 : Le timide rebond du tennis f\u00e9minin fran\u00e7ais"}]},{"@type":"WebSite","@id":"https:\/\/dicodusport.fr\/blog\/#website","url":"https:\/\/dicodusport.fr\/blog\/","name":"Dicodusport","description":"L&#039;encyclop\u00e9die de l&#039;actualit\u00e9 sportive","publisher":{"@id":"https:\/\/dicodusport.fr\/blog\/#organization"},"potentialAction":[{"@type":"SearchAction","target":{"@type":"EntryPoint","urlTemplate":"https:\/\/dicodusport.fr\/blog\/?s={search_term_string}"},"query-input":{"@type":"PropertyValueSpecification","valueRequired":true,"valueName":"search_term_string"}}],"inLanguage":"fr-FR"},{"@type":"NewsMediaOrganization","@id":"https:\/\/dicodusport.fr\/blog\/#organization","name":"Dicodusport","url":"https:\/\/dicodusport.fr\/blog\/","logo":{"@type":"ImageObject","inLanguage":"fr-FR","@id":"https:\/\/dicodusport.fr\/blog\/#\/schema\/logo\/image\/","url":"https:\/\/dicodusport.fr\/blog\/wp-content\/uploads\/2020\/06\/cropped-LOGO-DICODUSPORT-2020-SANS-FOND-SANS-TEXTE.png","contentUrl":"https:\/\/dicodusport.fr\/blog\/wp-content\/uploads\/2020\/06\/cropped-LOGO-DICODUSPORT-2020-SANS-FOND-SANS-TEXTE.png","width":512,"height":512,"caption":"Dicodusport"},"image":{"@id":"https:\/\/dicodusport.fr\/blog\/#\/schema\/logo\/image\/"},"sameAs":["https:\/\/www.facebook.com\/dicodusport","https:\/\/x.com\/dicodusport","https:\/\/www.instagram.com\/dicodusport\/","https:\/\/www.youtube.com\/channel\/UC7V2KZ5sd3htJivAbA4ZG3w"],"description":"Dicodusport est l'encyclop\u00e9die de l'actualit\u00e9 sportive.","email":"bonjour@dicodusport.fr","legalName":"DICODUSPORT","foundingDate":"2018-01-14","vatID":"FR71834470973","taxID":"83447097300043","numberOfEmployees":{"@type":"QuantitativeValue","minValue":"1","maxValue":"10"}},{"@type":"Person","@id":"https:\/\/dicodusport.fr\/blog\/#\/schema\/person\/d603dd7da31fb2b46c82b9835a77ec13","name":"Etienne Goursaud","image":{"@type":"ImageObject","inLanguage":"fr-FR","@id":"https:\/\/dicodusport.fr\/blog\/#\/schema\/person\/image\/","url":"https:\/\/dicodusport.fr\/blog\/wp-content\/uploads\/2023\/12\/410122264_10231602061736049_5565839791558026645_n-150x150.jpg","contentUrl":"https:\/\/dicodusport.fr\/blog\/wp-content\/uploads\/2023\/12\/410122264_10231602061736049_5565839791558026645_n-150x150.jpg","caption":"Etienne Goursaud"},"description":"Journaliste et amoureux de sport. Ancien footballeur reconverti athl\u00e8te quand ses muscles le laissent tranquille. \u00c9lev\u00e9 \u00e0 la sauce des exploits de Thomas Voeckler en 2004, du dernier essai de l\u00e9gende de Eunice Barber \u00e0 la longueur lors des championnats du monde d'athl\u00e9tisme de 2003 mais aussi Zidane, Omeyer et Titou Lamaison.","url":"https:\/\/dicodusport.fr\/blog\/author\/etienne-goursaud\/"}]}},"_links":{"self":[{"href":"https:\/\/dicodusport.fr\/blog\/wp-json\/wp\/v2\/posts\/604438","targetHints":{"allow":["GET"]}}],"collection":[{"href":"https:\/\/dicodusport.fr\/blog\/wp-json\/wp\/v2\/posts"}],"about":[{"href":"https:\/\/dicodusport.fr\/blog\/wp-json\/wp\/v2\/types\/post"}],"author":[{"embeddable":true,"href":"https:\/\/dicodusport.fr\/blog\/wp-json\/wp\/v2\/users\/83"}],"replies":[{"embeddable":true,"href":"https:\/\/dicodusport.fr\/blog\/wp-json\/wp\/v2\/comments?post=604438"}],"version-history":[{"count":4,"href":"https:\/\/dicodusport.fr\/blog\/wp-json\/wp\/v2\/posts\/604438\/revisions"}],"predecessor-version":[{"id":604672,"href":"https:\/\/dicodusport.fr\/blog\/wp-json\/wp\/v2\/posts\/604438\/revisions\/604672"}],"wp:featuredmedia":[{"embeddable":true,"href":"https:\/\/dicodusport.fr\/blog\/wp-json\/wp\/v2\/media\/604457"}],"wp:attachment":[{"href":"https:\/\/dicodusport.fr\/blog\/wp-json\/wp\/v2\/media?parent=604438"}],"wp:term":[{"taxonomy":"category","embeddable":true,"href":"https:\/\/dicodusport.fr\/blog\/wp-json\/wp\/v2\/categories?post=604438"},{"taxonomy":"post_tag","embeddable":true,"href":"https:\/\/dicodusport.fr\/blog\/wp-json\/wp\/v2\/tags?post=604438"}],"curies":[{"name":"wp","href":"https:\/\/api.w.org\/{rel}","templated":true}]}}