{"id":604440,"date":"2025-08-22T16:56:35","date_gmt":"2025-08-22T14:56:35","guid":{"rendered":"https:\/\/dicodusport.fr\/blog\/?p=604440&#038;preview=true&#038;preview_id=604440"},"modified":"2025-08-22T18:35:12","modified_gmt":"2025-08-22T16:35:12","slug":"tour-du-limousin-2025-andrea-vendrame-sadjuge-la-derniere-etape-ewen-costiou-rafle-le-general","status":"publish","type":"post","link":"https:\/\/dicodusport.fr\/blog\/tour-du-limousin-2025-andrea-vendrame-sadjuge-la-derniere-etape-ewen-costiou-rafle-le-general\/","title":{"rendered":"Tour du Limousin 2025 : Andrea Vendrame s&rsquo;adjuge la derni\u00e8re \u00e9tape, Ewen Costiou rafle le g\u00e9n\u00e9ral"},"content":{"rendered":"<p style=\"text-align: justify;\"><b><i>TOUR DU LIMOUSIN 2025 &#8211; Andrea Vendrame (Decathlon AG2R La Mondiale) a remport\u00e9 la derni\u00e8re \u00e9tape \u00e0 Limoges, vendredi. Ewen Costiou (Arkea B&amp;B H\u00f4tels) s&rsquo;est adjug\u00e9 le classement g\u00e9n\u00e9ral.<\/i><\/b><\/p>\n<ul style=\"text-align: justify;\">\n<li><strong>\u00c0 ce sujet \u2013\u00a0<a href=\"https:\/\/dicodusport.fr\/blog\/tour-du-limousin-2025-parcours-detaille-et-profils-des-etapes\/\">Tour du Limousin 2025 : Parcours d\u00e9taill\u00e9 et profils des \u00e9tapes<\/a><\/strong><\/li>\n<\/ul>\n<div class=\"html-div xdj266r x14z9mp xat24cr x1lziwak xexx8yu xyri2b x18d9i69 x1c1uobl x6ikm8r x10wlt62\" style=\"text-align: justify;\">\n<div class=\"html-div xdj266r x14z9mp xat24cr x1lziwak x14ctfv x13sv91t x6ikm8r x10wlt62 xerhiuh x1pn3fxy x10zy8in xm9bcq3 x1n2onr6 x1vjfegm x1k4qllp x1mzt3pk x13faqbe x1xr0vuk x1jm4cbz x114wg8e xrrpcnn x14rx4xb x13fuv20 x18b5jzi x1q0q8m5 x1t7ytsu x19livfd x1h2krnu x3p3xfz xet2kk3 xaymx6s x1lu5o8o x1ou5ly4 xofb2d2\" role=\"presentation\">\n<div class=\"html-div xexx8yu xyri2b x18d9i69 x1c1uobl x1gslohp x14z9mp x12nagc x1lziwak x1yc453h x126k92a x18lvrbx\" dir=\"auto\" style=\"text-align: justify;\">La 4e et derni\u00e8re a reli\u00e9 Saint-Hilaire-Bonneval \u00e0 <strong>Limoges<\/strong> avec son circuit vallonn\u00e9 avec la C\u00f4te du Mas Blanc (1400 m\u00e8tres \u00e0 5,5 %) et son arriv\u00e9e sur le boulevard de Beaublanc.<\/div>\n<\/div>\n<\/div>\n<p style=\"text-align: justify;\">D&rsquo;abord, huit coureurs ont form\u00e9 l&rsquo;\u00e9chapp\u00e9e du jour avec<strong> Noa Isidore<\/strong> (Decathlon AG2r La Mondiale),<strong> Nicolas Debeaumarch\u00e9<\/strong> (Cofidis), <strong>Alexy Faure Prost<\/strong> (Intermarch\u00e9 Wanty), <strong>Alexandre Balmer<\/strong> (Solution Tech Vini Fantini), <strong>Quentin Bezza<\/strong> (Wagner Bazin WB), <strong>Nicolas Breuillard<\/strong> (St Michel Preference Home Auber93),<strong> Joan Albert Riera<\/strong> (Illes Balears Arabay) et<strong> Emmanuel Morin<\/strong> (Van Rysel Roubaix). Leur avance est mont\u00e9e jusqu&rsquo;\u00e0 5 minutes au maximum avant que les \u00e9quipes TotalEnergies, Kern Pharma et Arkea B&amp;B H\u00f4tels ont pris les commandes de la poursuite.<\/p>\n<h2 style=\"text-align: justify;\">Le sacre de Costiou<\/h2>\n<p style=\"text-align: justify;\">Puis, <strong>Joan Albert Riera<\/strong> et <strong>Emmanuel Morin<\/strong> ont \u00e9t\u00e9 l\u00e2ch\u00e9s de l&rsquo;\u00e9chapp\u00e9e dans la C\u00f4te de Veyrinas, \u00e0 plus de 50 kilom\u00e8tres de l&rsquo;arriv\u00e9e. Ensuite, <strong>Nicolas Breuillard<\/strong> et <strong>Quentin Bezza<\/strong> ont perdu le contact avec le groupe de t\u00eate, \u00e0 plus de 20 kilom\u00e8tres du terme, dans la C\u00f4te du Mas Blanc, alors que l&rsquo;\u00e9cart est descendu \u00e0 une minute. De nouvelles formations sont venues apporter leur contribution comme St Michel Preference Home Auber93 et Van Rysel Roubaix.<\/p>\n<ul style=\"text-align: justify;\">\n<li><strong>\u00c0 ce sujet &#8211; <a href=\"https:\/\/dicodusport.fr\/blog\/4eme-etape-tour-du-limousin-2025-classement-et-resultats\/\">Le classement de la derni\u00e8re \u00e9tape du Tour du Limousin 2025<\/a><\/strong><\/li>\n<\/ul>\n<p style=\"text-align: justify;\">Malheureusement, <strong>Alexy Faure Prost<\/strong> et <strong>Alexandre Balmer<\/strong> ont \u00e9t\u00e9 repris \u00e0 600 m\u00e8tres de la ligne d&rsquo;arriv\u00e9e par un peloton r\u00e9duit et emmen\u00e9 par la formation D\u00e9cathlon AG2r La Mondiale. Finalement, <strong>Andrea Vendrame<\/strong> (Decathlon AG2r La Mondiale) s&rsquo;est montr\u00e9 le plus v\u00e9loce au sprint devant <strong>Paul Lapeira<\/strong> (decatglon AG2r La Mondiale) et <strong>Hugo Page<\/strong> (Intermarch\u00e9 Wanty). Pr\u00e9sent au sein du peloton principal, <strong>Ewen Costiou<\/strong> (Arkea B&amp;B H\u00f4tels) a gagn\u00e9 le classement g\u00e9n\u00e9ral final avec 7 secondes d&rsquo;avance sur <strong>Alexandre Delettre<\/strong> (TotalEnergies) et <strong>Sylvain Moniquet<\/strong> (Cofidis).<\/p>\n<ul style=\"text-align: justify;\">\n<li><strong>\u00c0 ce sujet &#8211; <a href=\"https:\/\/dicodusport.fr\/blog\/classement-general-tour-du-limousin-2025-mis-a-jour\/\">Le classement g\u00e9n\u00e9ral du Tour du Limousin 2025 mis \u00e0 jour<\/a><\/strong><\/li>\n<\/ul>\n<div class=\"vlp-link-container vlp-layout-article\"><a href=\"https:\/\/dicodusport.fr\/blog\/cyclisme-mercato-2025-2026-le-tableau-des-transferts\/\" class=\"vlp-link\" title=\"Cyclisme Mercato 2025-2026 - Le tableau des transferts\"><\/a><div class=\"vlp-layout-zone-side\"><div class=\"vlp-block-4 vlp-link-image\"><img loading=\"lazy\" decoding=\"async\" style=\"max-width: 792px;\" width=\"792\" height=\"445\" src=\"https:\/\/dicodusport.fr\/blog\/wp-content\/uploads\/2025\/02\/Cyclisme-Mercato-2025-2026-Le-tableau-des-transferts.png\" class=\"attachment-800x445 size-800x445\" alt=\"Cyclisme Mercato 2025-2026 - Le tableau des transferts\" srcset=\"https:\/\/dicodusport.fr\/blog\/wp-content\/uploads\/2025\/02\/Cyclisme-Mercato-2025-2026-Le-tableau-des-transferts.png 1200w, https:\/\/dicodusport.fr\/blog\/wp-content\/uploads\/2025\/02\/Cyclisme-Mercato-2025-2026-Le-tableau-des-transferts-300x169.png 300w, https:\/\/dicodusport.fr\/blog\/wp-content\/uploads\/2025\/02\/Cyclisme-Mercato-2025-2026-Le-tableau-des-transferts-1024x575.png 1024w, https:\/\/dicodusport.fr\/blog\/wp-content\/uploads\/2025\/02\/Cyclisme-Mercato-2025-2026-Le-tableau-des-transferts-768x431.png 768w\" sizes=\"auto, (max-width: 792px) 100vw, 792px\" \/><\/div><\/div><div class=\"vlp-layout-zone-main\"><div class=\"vlp-block-0 vlp-link-title\">Cyclisme Mercato 2025-2026 - Le tableau des transferts<\/div><div class=\"vlp-block-1 vlp-link-summary\">MERCATO CYCLISME 2025-2026 - D\u00e9couvrez les transferts officiels et les rumeurs du mercato cycliste.<\/div><div class=\"vlp-block-2 vlp-link-button\">Lire l'article<\/div><div class=\"vlp-block-3 vlp-link-url\">dicodusport.fr<\/div><\/div><\/div>\n","protected":false},"excerpt":{"rendered":"<p>TOUR DU LIMOUSIN 2025 &#8211; Andrea Vendrame (Decathlon AG2R La Mondiale) a remport\u00e9 la derni\u00e8re \u00e9tape \u00e0 Limoges, vendredi. Ewen Costiou (Arkea B&#038;B H\u00f4tels) s&rsquo;est adjug\u00e9 le classement g\u00e9n\u00e9ral.\u00a0<\/p>\n","protected":false},"author":48,"featured_media":604568,"comment_status":"open","ping_status":"closed","sticky":false,"template":"","format":"standard","meta":{"_acf_changed":false,"_daextam_enable_autolinks":"1","footnotes":""},"categories":[46994],"tags":[16878,574,11197,24],"class_list":["post-604440","post","type-post","status-publish","format-standard","has-post-thumbnail","hentry","category-cyclisme-sur-route","tag-breve","tag-cyclisme","tag-cyclisme-sur-route","tag-sport"],"acf":[],"yoast_head":"<!-- This site is optimized with the Yoast SEO Premium plugin v26.7 (Yoast SEO v26.7) - https:\/\/yoast.com\/wordpress\/plugins\/seo\/ -->\n<title>Tour du Limousin 2025 : Andrea Vendrame s&#039;adjuge la derni\u00e8re \u00e9tape, Ewen Costiou rafle le g\u00e9n\u00e9ral<\/title>\n<meta name=\"description\" content=\"TOUR DU LIMOUSIN 2025 - Andrea Vendrame a remport\u00e9 la derni\u00e8re \u00e9tape \u00e0 Limoges, vendredi. Ewen Costiou s&#039;est adjug\u00e9 le classement g\u00e9n\u00e9ral.\u00a0\" \/>\n<meta name=\"robots\" content=\"index, follow, max-snippet:-1, max-image-preview:large, max-video-preview:-1\" \/>\n<link rel=\"canonical\" href=\"https:\/\/dicodusport.fr\/blog\/tour-du-limousin-2025-andrea-vendrame-sadjuge-la-derniere-etape-ewen-costiou-rafle-le-general\/\" \/>\n<meta property=\"og:locale\" content=\"fr_FR\" \/>\n<meta property=\"og:type\" content=\"article\" \/>\n<meta property=\"og:title\" content=\"Tour du Limousin 2025 : Andrea Vendrame s&#039;adjuge la derni\u00e8re \u00e9tape, Ewen Costiou rafle le g\u00e9n\u00e9ral\" \/>\n<meta property=\"og:description\" content=\"TOUR DU LIMOUSIN 2025 - Andrea Vendrame a remport\u00e9 la derni\u00e8re \u00e9tape \u00e0 Limoges, vendredi. Ewen Costiou s&#039;est adjug\u00e9 le classement g\u00e9n\u00e9ral.\u00a0\" \/>\n<meta property=\"og:url\" content=\"https:\/\/dicodusport.fr\/blog\/tour-du-limousin-2025-andrea-vendrame-sadjuge-la-derniere-etape-ewen-costiou-rafle-le-general\/\" \/>\n<meta property=\"og:site_name\" content=\"Dicodusport\" \/>\n<meta property=\"article:publisher\" content=\"https:\/\/www.facebook.com\/dicodusport\" \/>\n<meta property=\"article:author\" content=\"https:\/\/www.facebook.com\/groups\/LesRoisDuPeloton\" \/>\n<meta property=\"article:published_time\" content=\"2025-08-22T14:56:35+00:00\" \/>\n<meta property=\"article:modified_time\" content=\"2025-08-22T16:35:12+00:00\" \/>\n<meta property=\"og:image\" content=\"https:\/\/dicodusport.fr\/blog\/wp-content\/uploads\/2025\/08\/Tour-du-Limousin-2025-Andrea-Vendrame-sadjuge-la-derniere-etape-Ewen-Costiou-rafle-le-general-1.png\" \/>\n\t<meta property=\"og:image:width\" content=\"1200\" \/>\n\t<meta property=\"og:image:height\" content=\"674\" \/>\n\t<meta property=\"og:image:type\" content=\"image\/png\" \/>\n<meta name=\"author\" content=\"Emilien Descampiaux\" \/>\n<meta name=\"twitter:card\" content=\"summary_large_image\" \/>\n<meta name=\"twitter:creator\" content=\"@https:\/\/twitter.com\/LRoisDuPeloton\" \/>\n<meta name=\"twitter:site\" content=\"@dicodusport\" \/>\n<script type=\"application\/ld+json\" class=\"yoast-schema-graph\">{\"@context\":\"https:\/\/schema.org\",\"@graph\":[{\"@type\":\"NewsArticle\",\"@id\":\"https:\/\/dicodusport.fr\/blog\/tour-du-limousin-2025-andrea-vendrame-sadjuge-la-derniere-etape-ewen-costiou-rafle-le-general\/#article\",\"isPartOf\":{\"@id\":\"https:\/\/dicodusport.fr\/blog\/tour-du-limousin-2025-andrea-vendrame-sadjuge-la-derniere-etape-ewen-costiou-rafle-le-general\/\"},\"author\":{\"name\":\"Emilien Descampiaux\",\"@id\":\"https:\/\/dicodusport.fr\/blog\/#\/schema\/person\/6db4bae06b171592211be385b32876a7\"},\"headline\":\"Tour du Limousin 2025 : Andrea Vendrame s&rsquo;adjuge la derni\u00e8re \u00e9tape, Ewen Costiou rafle le g\u00e9n\u00e9ral\",\"datePublished\":\"2025-08-22T14:56:35+00:00\",\"dateModified\":\"2025-08-22T16:35:12+00:00\",\"mainEntityOfPage\":{\"@id\":\"https:\/\/dicodusport.fr\/blog\/tour-du-limousin-2025-andrea-vendrame-sadjuge-la-derniere-etape-ewen-costiou-rafle-le-general\/\"},\"wordCount\":481,\"commentCount\":0,\"publisher\":{\"@id\":\"https:\/\/dicodusport.fr\/blog\/#organization\"},\"image\":{\"@id\":\"https:\/\/dicodusport.fr\/blog\/tour-du-limousin-2025-andrea-vendrame-sadjuge-la-derniere-etape-ewen-costiou-rafle-le-general\/#primaryimage\"},\"thumbnailUrl\":\"https:\/\/dicodusport.fr\/blog\/wp-content\/uploads\/2025\/08\/Tour-du-Limousin-2025-Andrea-Vendrame-sadjuge-la-derniere-etape-Ewen-Costiou-rafle-le-general-1.png\",\"keywords\":[\"br\u00e8ve\",\"Cyclisme\",\"Cyclisme sur route\",\"sport\"],\"articleSection\":[\"Cyclisme sur route\"],\"inLanguage\":\"fr-FR\",\"potentialAction\":[{\"@type\":\"CommentAction\",\"name\":\"Comment\",\"target\":[\"https:\/\/dicodusport.fr\/blog\/tour-du-limousin-2025-andrea-vendrame-sadjuge-la-derniere-etape-ewen-costiou-rafle-le-general\/#respond\"]}],\"copyrightYear\":\"2025\",\"copyrightHolder\":{\"@id\":\"https:\/\/dicodusport.fr\/blog\/#organization\"}},{\"@type\":\"WebPage\",\"@id\":\"https:\/\/dicodusport.fr\/blog\/tour-du-limousin-2025-andrea-vendrame-sadjuge-la-derniere-etape-ewen-costiou-rafle-le-general\/\",\"url\":\"https:\/\/dicodusport.fr\/blog\/tour-du-limousin-2025-andrea-vendrame-sadjuge-la-derniere-etape-ewen-costiou-rafle-le-general\/\",\"name\":\"Tour du Limousin 2025 : Andrea Vendrame s'adjuge la derni\u00e8re \u00e9tape, Ewen Costiou rafle le g\u00e9n\u00e9ral\",\"isPartOf\":{\"@id\":\"https:\/\/dicodusport.fr\/blog\/#website\"},\"primaryImageOfPage\":{\"@id\":\"https:\/\/dicodusport.fr\/blog\/tour-du-limousin-2025-andrea-vendrame-sadjuge-la-derniere-etape-ewen-costiou-rafle-le-general\/#primaryimage\"},\"image\":{\"@id\":\"https:\/\/dicodusport.fr\/blog\/tour-du-limousin-2025-andrea-vendrame-sadjuge-la-derniere-etape-ewen-costiou-rafle-le-general\/#primaryimage\"},\"thumbnailUrl\":\"https:\/\/dicodusport.fr\/blog\/wp-content\/uploads\/2025\/08\/Tour-du-Limousin-2025-Andrea-Vendrame-sadjuge-la-derniere-etape-Ewen-Costiou-rafle-le-general-1.png\",\"datePublished\":\"2025-08-22T14:56:35+00:00\",\"dateModified\":\"2025-08-22T16:35:12+00:00\",\"description\":\"TOUR DU LIMOUSIN 2025 - Andrea Vendrame a remport\u00e9 la derni\u00e8re \u00e9tape \u00e0 Limoges, vendredi. Ewen Costiou s'est adjug\u00e9 le classement g\u00e9n\u00e9ral.\u00a0\",\"breadcrumb\":{\"@id\":\"https:\/\/dicodusport.fr\/blog\/tour-du-limousin-2025-andrea-vendrame-sadjuge-la-derniere-etape-ewen-costiou-rafle-le-general\/#breadcrumb\"},\"inLanguage\":\"fr-FR\",\"potentialAction\":[{\"@type\":\"ReadAction\",\"target\":[\"https:\/\/dicodusport.fr\/blog\/tour-du-limousin-2025-andrea-vendrame-sadjuge-la-derniere-etape-ewen-costiou-rafle-le-general\/\"]}]},{\"@type\":\"ImageObject\",\"inLanguage\":\"fr-FR\",\"@id\":\"https:\/\/dicodusport.fr\/blog\/tour-du-limousin-2025-andrea-vendrame-sadjuge-la-derniere-etape-ewen-costiou-rafle-le-general\/#primaryimage\",\"url\":\"https:\/\/dicodusport.fr\/blog\/wp-content\/uploads\/2025\/08\/Tour-du-Limousin-2025-Andrea-Vendrame-sadjuge-la-derniere-etape-Ewen-Costiou-rafle-le-general-1.png\",\"contentUrl\":\"https:\/\/dicodusport.fr\/blog\/wp-content\/uploads\/2025\/08\/Tour-du-Limousin-2025-Andrea-Vendrame-sadjuge-la-derniere-etape-Ewen-Costiou-rafle-le-general-1.png\",\"width\":1200,\"height\":674,\"caption\":\"Tour du Limousin 2025 Andrea Vendrame s'adjuge la derni\u00e8re \u00e9tape, Ewen Costiou rafle le g\u00e9n\u00e9ral\"},{\"@type\":\"BreadcrumbList\",\"@id\":\"https:\/\/dicodusport.fr\/blog\/tour-du-limousin-2025-andrea-vendrame-sadjuge-la-derniere-etape-ewen-costiou-rafle-le-general\/#breadcrumb\",\"itemListElement\":[{\"@type\":\"ListItem\",\"position\":1,\"name\":\"Accueil\",\"item\":\"https:\/\/dicodusport.fr\/blog\/\"},{\"@type\":\"ListItem\",\"position\":2,\"name\":\"Tour du Limousin 2025 : Andrea Vendrame s&rsquo;adjuge la derni\u00e8re \u00e9tape, Ewen Costiou rafle le g\u00e9n\u00e9ral\"}]},{\"@type\":\"WebSite\",\"@id\":\"https:\/\/dicodusport.fr\/blog\/#website\",\"url\":\"https:\/\/dicodusport.fr\/blog\/\",\"name\":\"Dicodusport\",\"description\":\"L&#039;encyclop\u00e9die de l&#039;actualit\u00e9 sportive\",\"publisher\":{\"@id\":\"https:\/\/dicodusport.fr\/blog\/#organization\"},\"potentialAction\":[{\"@type\":\"SearchAction\",\"target\":{\"@type\":\"EntryPoint\",\"urlTemplate\":\"https:\/\/dicodusport.fr\/blog\/?s={search_term_string}\"},\"query-input\":{\"@type\":\"PropertyValueSpecification\",\"valueRequired\":true,\"valueName\":\"search_term_string\"}}],\"inLanguage\":\"fr-FR\"},{\"@type\":\"NewsMediaOrganization\",\"@id\":\"https:\/\/dicodusport.fr\/blog\/#organization\",\"name\":\"Dicodusport\",\"url\":\"https:\/\/dicodusport.fr\/blog\/\",\"logo\":{\"@type\":\"ImageObject\",\"inLanguage\":\"fr-FR\",\"@id\":\"https:\/\/dicodusport.fr\/blog\/#\/schema\/logo\/image\/\",\"url\":\"https:\/\/dicodusport.fr\/blog\/wp-content\/uploads\/2020\/06\/cropped-LOGO-DICODUSPORT-2020-SANS-FOND-SANS-TEXTE.png\",\"contentUrl\":\"https:\/\/dicodusport.fr\/blog\/wp-content\/uploads\/2020\/06\/cropped-LOGO-DICODUSPORT-2020-SANS-FOND-SANS-TEXTE.png\",\"width\":512,\"height\":512,\"caption\":\"Dicodusport\"},\"image\":{\"@id\":\"https:\/\/dicodusport.fr\/blog\/#\/schema\/logo\/image\/\"},\"sameAs\":[\"https:\/\/www.facebook.com\/dicodusport\",\"https:\/\/x.com\/dicodusport\",\"https:\/\/www.instagram.com\/dicodusport\/\",\"https:\/\/www.youtube.com\/channel\/UC7V2KZ5sd3htJivAbA4ZG3w\"],\"description\":\"Dicodusport est l'encyclop\u00e9die de l'actualit\u00e9 sportive.\",\"email\":\"bonjour@dicodusport.fr\",\"legalName\":\"DICODUSPORT\",\"foundingDate\":\"2018-01-14\",\"vatID\":\"FR71834470973\",\"taxID\":\"83447097300043\",\"numberOfEmployees\":{\"@type\":\"QuantitativeValue\",\"minValue\":\"1\",\"maxValue\":\"10\"}},{\"@type\":\"Person\",\"@id\":\"https:\/\/dicodusport.fr\/blog\/#\/schema\/person\/6db4bae06b171592211be385b32876a7\",\"name\":\"Emilien Descampiaux\",\"image\":{\"@type\":\"ImageObject\",\"inLanguage\":\"fr-FR\",\"@id\":\"https:\/\/dicodusport.fr\/blog\/#\/schema\/person\/image\/\",\"url\":\"https:\/\/dicodusport.fr\/blog\/wp-content\/uploads\/2021\/05\/Emilien-Descampiaux-150x150.jpg\",\"contentUrl\":\"https:\/\/dicodusport.fr\/blog\/wp-content\/uploads\/2021\/05\/Emilien-Descampiaux-150x150.jpg\",\"caption\":\"Emilien Descampiaux\"},\"description\":\"Journaliste\/r\u00e9dacteur depuis 2014 - Fan de la classe de Frank Vandenbroucke, je vis cyclisme (et de ses paysages) depuis plus de 20 ans. Je suis tr\u00e8s impliqu\u00e9 sur mes diff\u00e9rents r\u00e9seaux sociaux pour partager ma passion sur le monde et l'Histoire de la bicyclette avec ma voix sur les images en noir et blanc du succ\u00e8s de Rik Van Steenbergen lors du Ronde sur le V\u00e9lodrome de Gand.\",\"sameAs\":[\"https:\/\/www.facebook.com\/groups\/LesRoisDuPeloton\",\"https:\/\/x.com\/https:\/\/twitter.com\/LRoisDuPeloton\"],\"url\":\"https:\/\/dicodusport.fr\/blog\/author\/emiliend\/\"}]}<\/script>\n<!-- \/ Yoast SEO Premium plugin. -->","yoast_head_json":{"title":"Tour du Limousin 2025 : Andrea Vendrame s'adjuge la derni\u00e8re \u00e9tape, Ewen Costiou rafle le g\u00e9n\u00e9ral","description":"TOUR DU LIMOUSIN 2025 - Andrea Vendrame a remport\u00e9 la derni\u00e8re \u00e9tape \u00e0 Limoges, vendredi. Ewen Costiou s'est adjug\u00e9 le classement g\u00e9n\u00e9ral.\u00a0","robots":{"index":"index","follow":"follow","max-snippet":"max-snippet:-1","max-image-preview":"max-image-preview:large","max-video-preview":"max-video-preview:-1"},"canonical":"https:\/\/dicodusport.fr\/blog\/tour-du-limousin-2025-andrea-vendrame-sadjuge-la-derniere-etape-ewen-costiou-rafle-le-general\/","og_locale":"fr_FR","og_type":"article","og_title":"Tour du Limousin 2025 : Andrea Vendrame s'adjuge la derni\u00e8re \u00e9tape, Ewen Costiou rafle le g\u00e9n\u00e9ral","og_description":"TOUR DU LIMOUSIN 2025 - Andrea Vendrame a remport\u00e9 la derni\u00e8re \u00e9tape \u00e0 Limoges, vendredi. Ewen Costiou s'est adjug\u00e9 le classement g\u00e9n\u00e9ral.\u00a0","og_url":"https:\/\/dicodusport.fr\/blog\/tour-du-limousin-2025-andrea-vendrame-sadjuge-la-derniere-etape-ewen-costiou-rafle-le-general\/","og_site_name":"Dicodusport","article_publisher":"https:\/\/www.facebook.com\/dicodusport","article_author":"https:\/\/www.facebook.com\/groups\/LesRoisDuPeloton","article_published_time":"2025-08-22T14:56:35+00:00","article_modified_time":"2025-08-22T16:35:12+00:00","og_image":[{"width":1200,"height":674,"url":"https:\/\/dicodusport.fr\/blog\/wp-content\/uploads\/2025\/08\/Tour-du-Limousin-2025-Andrea-Vendrame-sadjuge-la-derniere-etape-Ewen-Costiou-rafle-le-general-1.png","type":"image\/png"}],"author":"Emilien Descampiaux","twitter_card":"summary_large_image","twitter_creator":"@https:\/\/twitter.com\/LRoisDuPeloton","twitter_site":"@dicodusport","schema":{"@context":"https:\/\/schema.org","@graph":[{"@type":"NewsArticle","@id":"https:\/\/dicodusport.fr\/blog\/tour-du-limousin-2025-andrea-vendrame-sadjuge-la-derniere-etape-ewen-costiou-rafle-le-general\/#article","isPartOf":{"@id":"https:\/\/dicodusport.fr\/blog\/tour-du-limousin-2025-andrea-vendrame-sadjuge-la-derniere-etape-ewen-costiou-rafle-le-general\/"},"author":{"name":"Emilien Descampiaux","@id":"https:\/\/dicodusport.fr\/blog\/#\/schema\/person\/6db4bae06b171592211be385b32876a7"},"headline":"Tour du Limousin 2025 : Andrea Vendrame s&rsquo;adjuge la derni\u00e8re \u00e9tape, Ewen Costiou rafle le g\u00e9n\u00e9ral","datePublished":"2025-08-22T14:56:35+00:00","dateModified":"2025-08-22T16:35:12+00:00","mainEntityOfPage":{"@id":"https:\/\/dicodusport.fr\/blog\/tour-du-limousin-2025-andrea-vendrame-sadjuge-la-derniere-etape-ewen-costiou-rafle-le-general\/"},"wordCount":481,"commentCount":0,"publisher":{"@id":"https:\/\/dicodusport.fr\/blog\/#organization"},"image":{"@id":"https:\/\/dicodusport.fr\/blog\/tour-du-limousin-2025-andrea-vendrame-sadjuge-la-derniere-etape-ewen-costiou-rafle-le-general\/#primaryimage"},"thumbnailUrl":"https:\/\/dicodusport.fr\/blog\/wp-content\/uploads\/2025\/08\/Tour-du-Limousin-2025-Andrea-Vendrame-sadjuge-la-derniere-etape-Ewen-Costiou-rafle-le-general-1.png","keywords":["br\u00e8ve","Cyclisme","Cyclisme sur route","sport"],"articleSection":["Cyclisme sur route"],"inLanguage":"fr-FR","potentialAction":[{"@type":"CommentAction","name":"Comment","target":["https:\/\/dicodusport.fr\/blog\/tour-du-limousin-2025-andrea-vendrame-sadjuge-la-derniere-etape-ewen-costiou-rafle-le-general\/#respond"]}],"copyrightYear":"2025","copyrightHolder":{"@id":"https:\/\/dicodusport.fr\/blog\/#organization"}},{"@type":"WebPage","@id":"https:\/\/dicodusport.fr\/blog\/tour-du-limousin-2025-andrea-vendrame-sadjuge-la-derniere-etape-ewen-costiou-rafle-le-general\/","url":"https:\/\/dicodusport.fr\/blog\/tour-du-limousin-2025-andrea-vendrame-sadjuge-la-derniere-etape-ewen-costiou-rafle-le-general\/","name":"Tour du Limousin 2025 : Andrea Vendrame s'adjuge la derni\u00e8re \u00e9tape, Ewen Costiou rafle le g\u00e9n\u00e9ral","isPartOf":{"@id":"https:\/\/dicodusport.fr\/blog\/#website"},"primaryImageOfPage":{"@id":"https:\/\/dicodusport.fr\/blog\/tour-du-limousin-2025-andrea-vendrame-sadjuge-la-derniere-etape-ewen-costiou-rafle-le-general\/#primaryimage"},"image":{"@id":"https:\/\/dicodusport.fr\/blog\/tour-du-limousin-2025-andrea-vendrame-sadjuge-la-derniere-etape-ewen-costiou-rafle-le-general\/#primaryimage"},"thumbnailUrl":"https:\/\/dicodusport.fr\/blog\/wp-content\/uploads\/2025\/08\/Tour-du-Limousin-2025-Andrea-Vendrame-sadjuge-la-derniere-etape-Ewen-Costiou-rafle-le-general-1.png","datePublished":"2025-08-22T14:56:35+00:00","dateModified":"2025-08-22T16:35:12+00:00","description":"TOUR DU LIMOUSIN 2025 - Andrea Vendrame a remport\u00e9 la derni\u00e8re \u00e9tape \u00e0 Limoges, vendredi. Ewen Costiou s'est adjug\u00e9 le classement g\u00e9n\u00e9ral.\u00a0","breadcrumb":{"@id":"https:\/\/dicodusport.fr\/blog\/tour-du-limousin-2025-andrea-vendrame-sadjuge-la-derniere-etape-ewen-costiou-rafle-le-general\/#breadcrumb"},"inLanguage":"fr-FR","potentialAction":[{"@type":"ReadAction","target":["https:\/\/dicodusport.fr\/blog\/tour-du-limousin-2025-andrea-vendrame-sadjuge-la-derniere-etape-ewen-costiou-rafle-le-general\/"]}]},{"@type":"ImageObject","inLanguage":"fr-FR","@id":"https:\/\/dicodusport.fr\/blog\/tour-du-limousin-2025-andrea-vendrame-sadjuge-la-derniere-etape-ewen-costiou-rafle-le-general\/#primaryimage","url":"https:\/\/dicodusport.fr\/blog\/wp-content\/uploads\/2025\/08\/Tour-du-Limousin-2025-Andrea-Vendrame-sadjuge-la-derniere-etape-Ewen-Costiou-rafle-le-general-1.png","contentUrl":"https:\/\/dicodusport.fr\/blog\/wp-content\/uploads\/2025\/08\/Tour-du-Limousin-2025-Andrea-Vendrame-sadjuge-la-derniere-etape-Ewen-Costiou-rafle-le-general-1.png","width":1200,"height":674,"caption":"Tour du Limousin 2025 Andrea Vendrame s'adjuge la derni\u00e8re \u00e9tape, Ewen Costiou rafle le g\u00e9n\u00e9ral"},{"@type":"BreadcrumbList","@id":"https:\/\/dicodusport.fr\/blog\/tour-du-limousin-2025-andrea-vendrame-sadjuge-la-derniere-etape-ewen-costiou-rafle-le-general\/#breadcrumb","itemListElement":[{"@type":"ListItem","position":1,"name":"Accueil","item":"https:\/\/dicodusport.fr\/blog\/"},{"@type":"ListItem","position":2,"name":"Tour du Limousin 2025 : Andrea Vendrame s&rsquo;adjuge la derni\u00e8re \u00e9tape, Ewen Costiou rafle le g\u00e9n\u00e9ral"}]},{"@type":"WebSite","@id":"https:\/\/dicodusport.fr\/blog\/#website","url":"https:\/\/dicodusport.fr\/blog\/","name":"Dicodusport","description":"L&#039;encyclop\u00e9die de l&#039;actualit\u00e9 sportive","publisher":{"@id":"https:\/\/dicodusport.fr\/blog\/#organization"},"potentialAction":[{"@type":"SearchAction","target":{"@type":"EntryPoint","urlTemplate":"https:\/\/dicodusport.fr\/blog\/?s={search_term_string}"},"query-input":{"@type":"PropertyValueSpecification","valueRequired":true,"valueName":"search_term_string"}}],"inLanguage":"fr-FR"},{"@type":"NewsMediaOrganization","@id":"https:\/\/dicodusport.fr\/blog\/#organization","name":"Dicodusport","url":"https:\/\/dicodusport.fr\/blog\/","logo":{"@type":"ImageObject","inLanguage":"fr-FR","@id":"https:\/\/dicodusport.fr\/blog\/#\/schema\/logo\/image\/","url":"https:\/\/dicodusport.fr\/blog\/wp-content\/uploads\/2020\/06\/cropped-LOGO-DICODUSPORT-2020-SANS-FOND-SANS-TEXTE.png","contentUrl":"https:\/\/dicodusport.fr\/blog\/wp-content\/uploads\/2020\/06\/cropped-LOGO-DICODUSPORT-2020-SANS-FOND-SANS-TEXTE.png","width":512,"height":512,"caption":"Dicodusport"},"image":{"@id":"https:\/\/dicodusport.fr\/blog\/#\/schema\/logo\/image\/"},"sameAs":["https:\/\/www.facebook.com\/dicodusport","https:\/\/x.com\/dicodusport","https:\/\/www.instagram.com\/dicodusport\/","https:\/\/www.youtube.com\/channel\/UC7V2KZ5sd3htJivAbA4ZG3w"],"description":"Dicodusport est l'encyclop\u00e9die de l'actualit\u00e9 sportive.","email":"bonjour@dicodusport.fr","legalName":"DICODUSPORT","foundingDate":"2018-01-14","vatID":"FR71834470973","taxID":"83447097300043","numberOfEmployees":{"@type":"QuantitativeValue","minValue":"1","maxValue":"10"}},{"@type":"Person","@id":"https:\/\/dicodusport.fr\/blog\/#\/schema\/person\/6db4bae06b171592211be385b32876a7","name":"Emilien Descampiaux","image":{"@type":"ImageObject","inLanguage":"fr-FR","@id":"https:\/\/dicodusport.fr\/blog\/#\/schema\/person\/image\/","url":"https:\/\/dicodusport.fr\/blog\/wp-content\/uploads\/2021\/05\/Emilien-Descampiaux-150x150.jpg","contentUrl":"https:\/\/dicodusport.fr\/blog\/wp-content\/uploads\/2021\/05\/Emilien-Descampiaux-150x150.jpg","caption":"Emilien Descampiaux"},"description":"Journaliste\/r\u00e9dacteur depuis 2014 - Fan de la classe de Frank Vandenbroucke, je vis cyclisme (et de ses paysages) depuis plus de 20 ans. Je suis tr\u00e8s impliqu\u00e9 sur mes diff\u00e9rents r\u00e9seaux sociaux pour partager ma passion sur le monde et l'Histoire de la bicyclette avec ma voix sur les images en noir et blanc du succ\u00e8s de Rik Van Steenbergen lors du Ronde sur le V\u00e9lodrome de Gand.","sameAs":["https:\/\/www.facebook.com\/groups\/LesRoisDuPeloton","https:\/\/x.com\/https:\/\/twitter.com\/LRoisDuPeloton"],"url":"https:\/\/dicodusport.fr\/blog\/author\/emiliend\/"}]}},"_links":{"self":[{"href":"https:\/\/dicodusport.fr\/blog\/wp-json\/wp\/v2\/posts\/604440","targetHints":{"allow":["GET"]}}],"collection":[{"href":"https:\/\/dicodusport.fr\/blog\/wp-json\/wp\/v2\/posts"}],"about":[{"href":"https:\/\/dicodusport.fr\/blog\/wp-json\/wp\/v2\/types\/post"}],"author":[{"embeddable":true,"href":"https:\/\/dicodusport.fr\/blog\/wp-json\/wp\/v2\/users\/48"}],"replies":[{"embeddable":true,"href":"https:\/\/dicodusport.fr\/blog\/wp-json\/wp\/v2\/comments?post=604440"}],"version-history":[{"count":5,"href":"https:\/\/dicodusport.fr\/blog\/wp-json\/wp\/v2\/posts\/604440\/revisions"}],"predecessor-version":[{"id":604542,"href":"https:\/\/dicodusport.fr\/blog\/wp-json\/wp\/v2\/posts\/604440\/revisions\/604542"}],"wp:featuredmedia":[{"embeddable":true,"href":"https:\/\/dicodusport.fr\/blog\/wp-json\/wp\/v2\/media\/604568"}],"wp:attachment":[{"href":"https:\/\/dicodusport.fr\/blog\/wp-json\/wp\/v2\/media?parent=604440"}],"wp:term":[{"taxonomy":"category","embeddable":true,"href":"https:\/\/dicodusport.fr\/blog\/wp-json\/wp\/v2\/categories?post=604440"},{"taxonomy":"post_tag","embeddable":true,"href":"https:\/\/dicodusport.fr\/blog\/wp-json\/wp\/v2\/tags?post=604440"}],"curies":[{"name":"wp","href":"https:\/\/api.w.org\/{rel}","templated":true}]}}