{"id":60465,"date":"2020-02-18T13:22:36","date_gmt":"2020-02-18T12:22:36","guid":{"rendered":"http:\/\/dicodusport.fr\/blog\/?p=60465&#038;preview=true&#038;preview_id=60465"},"modified":"2020-02-18T13:22:36","modified_gmt":"2020-02-18T12:22:36","slug":"ski-alpin-clement-noel-saligne-en-geant-pour-progresser","status":"publish","type":"post","link":"https:\/\/dicodusport.fr\/blog\/ski-alpin-clement-noel-saligne-en-geant-pour-progresser\/","title":{"rendered":"Ski alpin : Cl\u00e9ment No\u00ebl s&rsquo;aligne en g\u00e9ant pour progresser"},"content":{"rendered":"<p style=\"text-align: justify;\"><strong><em>Ski alpin &#8211; Devenu une r\u00e9f\u00e9rence mondiale en slalom, le Vosgien <a href=\"https:\/\/www.fis-ski.com\/DB\/general\/athlete-biography.html?sectorcode=al&amp;competitorid=187117\" target=\"_blank\" rel=\"noopener noreferrer\">Cl\u00e9ment No\u00ebl<\/a> veut maintenant progresser dans une autre discipline qu&rsquo;il a d\u00e9laiss\u00e9e, le g\u00e9ant.<\/em><\/strong><\/p>\n<p style=\"text-align: justify;\">Pour la premi\u00e8re fois en Coupe du monde, <strong>Cl\u00e9ment No\u00ebl<\/strong> va s&rsquo;aligner sur un g\u00e9ant samedi, au Japon. Le jeune champion fran\u00e7ais de 22 ans, qui fait donc partie de la s\u00e9lection tricolore pour le g\u00e9ant de <strong>Niigata Yuzawa Naeba<\/strong>, s&rsquo;est r\u00e9cemment expliqu\u00e9 en conf\u00e9rence de presse :<\/p>\n<blockquote>\n<p style=\"text-align: justify;\">J&rsquo;ai toujours \u00e9t\u00e9 plus \u00e0 l&rsquo;aise en slalom, mais j&rsquo;ai eu en g\u00e9ant de bons r\u00e9sultats chez les jeunes. Au fur et \u00e0 mesure j&rsquo;ai d\u00e9laiss\u00e9 la discipline, j&rsquo;en ai fait de moins en moins et je suis devenu pas terrible. L\u00e0 je veux juste progresser, la premi\u00e8re \u00e9tape ce serait un d\u00e9part de Coupe du monde, puis de marquer des points en Coupe du monde. Je ne me fixe pas de limites, pourquoi pas un jour \u00eatre polyvalent sur les deux disciplines ?<\/p>\n<\/blockquote>\n<p style=\"text-align: justify;\"><strong>Alexis Pinturault<\/strong> est en tout cas pr\u00e9venu. Il pourrait avoir un concurrent suppl\u00e9mentaire dans les prochaines ann\u00e9es dans sa discipline de pr\u00e9dilection, et pas des moindres.<\/p>\n<p><strong><em>Dicodusport<br \/>\n<a href=\"https:\/\/www.facebook.com\/dicodusport\/\" target=\"_blank\" rel=\"noopener noreferrer\"><img loading=\"lazy\" decoding=\"async\" class=\"alignnone wp-image-2909\" src=\"http:\/\/dicodusport.fr\/blog\/wp-content\/uploads\/2017\/07\/logo-facebook-150x150.png\" alt=\"\" width=\"40\" height=\"40\" \/><\/a><a href=\"https:\/\/twitter.com\/dicodusport\" target=\"_blank\" rel=\"noopener noreferrer\"><img loading=\"lazy\" decoding=\"async\" class=\"alignnone wp-image-2908\" src=\"http:\/\/dicodusport.fr\/blog\/wp-content\/uploads\/2017\/07\/logo-twitter-150x150.png\" alt=\"\" width=\"39\" height=\"39\" \/><\/a><\/em><\/strong><\/p>\n","protected":false},"excerpt":{"rendered":"<p>Ski alpin &#8211; Devenu une r\u00e9f\u00e9rence mondiale en slalom, le Vosgien Cl\u00e9ment No\u00ebl veut maintenant progresser dans une autre discipline qu&rsquo;il a d\u00e9laiss\u00e9e, le g\u00e9ant.<\/p>\n","protected":false},"author":1,"featured_media":60475,"comment_status":"open","ping_status":"closed","sticky":false,"template":"","format":"standard","meta":{"_acf_changed":false,"_daextam_enable_autolinks":"","footnotes":""},"categories":[9217],"tags":[3912,3009,676],"class_list":["post-60465","post","type-post","status-publish","format-standard","has-post-thumbnail","hentry","category-ski","tag-clement-noel","tag-geant","tag-ski"],"acf":[],"yoast_head":"<!-- This site is optimized with the Yoast SEO Premium plugin v26.7 (Yoast SEO v26.7) - https:\/\/yoast.com\/wordpress\/plugins\/seo\/ -->\n<title>Ski alpin : Cl\u00e9ment No\u00ebl s&#039;aligne en g\u00e9ant pour progresser<\/title>\n<meta name=\"description\" content=\"Ski alpin - Devenu une r\u00e9f\u00e9rence mondiale en slalom, Cl\u00e9ment No\u00ebl veut maintenant progresser dans une autre discipline qu&#039;il a d\u00e9laiss\u00e9e, le g\u00e9ant.\" \/>\n<meta name=\"robots\" content=\"index, follow, max-snippet:-1, max-image-preview:large, max-video-preview:-1\" \/>\n<link rel=\"canonical\" href=\"https:\/\/dicodusport.fr\/blog\/ski-alpin-clement-noel-saligne-en-geant-pour-progresser\/\" \/>\n<meta property=\"og:locale\" content=\"fr_FR\" \/>\n<meta property=\"og:type\" content=\"article\" \/>\n<meta property=\"og:title\" content=\"Ski alpin : Cl\u00e9ment No\u00ebl s&#039;aligne en g\u00e9ant pour progresser\" \/>\n<meta property=\"og:description\" content=\"Ski alpin - Devenu une r\u00e9f\u00e9rence mondiale en slalom, Cl\u00e9ment No\u00ebl veut maintenant progresser dans une autre discipline qu&#039;il a d\u00e9laiss\u00e9e, le g\u00e9ant.\" \/>\n<meta property=\"og:url\" content=\"https:\/\/dicodusport.fr\/blog\/ski-alpin-clement-noel-saligne-en-geant-pour-progresser\/\" \/>\n<meta property=\"og:site_name\" content=\"Dicodusport\" \/>\n<meta property=\"article:publisher\" content=\"https:\/\/www.facebook.com\/dicodusport\" \/>\n<meta property=\"article:author\" content=\"https:\/\/www.facebook.com\/dicodusport\" \/>\n<meta property=\"article:published_time\" content=\"2020-02-18T12:22:36+00:00\" \/>\n<meta property=\"og:image\" content=\"https:\/\/dicodusport.fr\/blog\/wp-content\/uploads\/2020\/02\/Ski-alpin-Cl\u00e9ment-No\u00ebl-saligne-en-g\u00e9ant-pour-progresser.png\" \/>\n\t<meta property=\"og:image:width\" content=\"800\" \/>\n\t<meta property=\"og:image:height\" content=\"445\" \/>\n\t<meta property=\"og:image:type\" content=\"image\/png\" \/>\n<meta name=\"author\" content=\"Nicolas Jacquemard\" \/>\n<meta name=\"twitter:card\" content=\"summary_large_image\" \/>\n<meta name=\"twitter:title\" content=\"Ski alpin : Cl\u00e9ment No\u00ebl s&#039;aligne en g\u00e9ant pour progresser\" \/>\n<meta name=\"twitter:creator\" content=\"@https:\/\/twitter.com\/Nico_Jacquemard\" \/>\n<meta name=\"twitter:site\" content=\"@dicodusport\" \/>\n<script type=\"application\/ld+json\" class=\"yoast-schema-graph\">{\"@context\":\"https:\/\/schema.org\",\"@graph\":[{\"@type\":\"NewsArticle\",\"@id\":\"https:\/\/dicodusport.fr\/blog\/ski-alpin-clement-noel-saligne-en-geant-pour-progresser\/#article\",\"isPartOf\":{\"@id\":\"https:\/\/dicodusport.fr\/blog\/ski-alpin-clement-noel-saligne-en-geant-pour-progresser\/\"},\"author\":{\"name\":\"Nicolas Jacquemard\",\"@id\":\"https:\/\/dicodusport.fr\/blog\/#\/schema\/person\/55dcb50ad410894e431ed812bbb70191\"},\"headline\":\"Ski alpin : Cl\u00e9ment No\u00ebl s&rsquo;aligne en g\u00e9ant pour progresser\",\"datePublished\":\"2020-02-18T12:22:36+00:00\",\"mainEntityOfPage\":{\"@id\":\"https:\/\/dicodusport.fr\/blog\/ski-alpin-clement-noel-saligne-en-geant-pour-progresser\/\"},\"wordCount\":225,\"commentCount\":0,\"publisher\":{\"@id\":\"https:\/\/dicodusport.fr\/blog\/#organization\"},\"image\":{\"@id\":\"https:\/\/dicodusport.fr\/blog\/ski-alpin-clement-noel-saligne-en-geant-pour-progresser\/#primaryimage\"},\"thumbnailUrl\":\"https:\/\/dicodusport.fr\/blog\/wp-content\/uploads\/2020\/02\/Ski-alpin-Cl\u00e9ment-No\u00ebl-saligne-en-g\u00e9ant-pour-progresser.png\",\"keywords\":[\"Cl\u00e9ment No\u00ebl\",\"g\u00e9ant\",\"ski\"],\"articleSection\":[\"Ski\"],\"inLanguage\":\"fr-FR\",\"potentialAction\":[{\"@type\":\"CommentAction\",\"name\":\"Comment\",\"target\":[\"https:\/\/dicodusport.fr\/blog\/ski-alpin-clement-noel-saligne-en-geant-pour-progresser\/#respond\"]}],\"copyrightYear\":\"2020\",\"copyrightHolder\":{\"@id\":\"https:\/\/dicodusport.fr\/blog\/#organization\"}},{\"@type\":\"WebPage\",\"@id\":\"https:\/\/dicodusport.fr\/blog\/ski-alpin-clement-noel-saligne-en-geant-pour-progresser\/\",\"url\":\"https:\/\/dicodusport.fr\/blog\/ski-alpin-clement-noel-saligne-en-geant-pour-progresser\/\",\"name\":\"Ski alpin : Cl\u00e9ment No\u00ebl s'aligne en g\u00e9ant pour progresser\",\"isPartOf\":{\"@id\":\"https:\/\/dicodusport.fr\/blog\/#website\"},\"primaryImageOfPage\":{\"@id\":\"https:\/\/dicodusport.fr\/blog\/ski-alpin-clement-noel-saligne-en-geant-pour-progresser\/#primaryimage\"},\"image\":{\"@id\":\"https:\/\/dicodusport.fr\/blog\/ski-alpin-clement-noel-saligne-en-geant-pour-progresser\/#primaryimage\"},\"thumbnailUrl\":\"https:\/\/dicodusport.fr\/blog\/wp-content\/uploads\/2020\/02\/Ski-alpin-Cl\u00e9ment-No\u00ebl-saligne-en-g\u00e9ant-pour-progresser.png\",\"datePublished\":\"2020-02-18T12:22:36+00:00\",\"description\":\"Ski alpin - Devenu une r\u00e9f\u00e9rence mondiale en slalom, Cl\u00e9ment No\u00ebl veut maintenant progresser dans une autre discipline qu'il a d\u00e9laiss\u00e9e, le g\u00e9ant.\",\"breadcrumb\":{\"@id\":\"https:\/\/dicodusport.fr\/blog\/ski-alpin-clement-noel-saligne-en-geant-pour-progresser\/#breadcrumb\"},\"inLanguage\":\"fr-FR\",\"potentialAction\":[{\"@type\":\"ReadAction\",\"target\":[\"https:\/\/dicodusport.fr\/blog\/ski-alpin-clement-noel-saligne-en-geant-pour-progresser\/\"]}]},{\"@type\":\"ImageObject\",\"inLanguage\":\"fr-FR\",\"@id\":\"https:\/\/dicodusport.fr\/blog\/ski-alpin-clement-noel-saligne-en-geant-pour-progresser\/#primaryimage\",\"url\":\"https:\/\/dicodusport.fr\/blog\/wp-content\/uploads\/2020\/02\/Ski-alpin-Cl\u00e9ment-No\u00ebl-saligne-en-g\u00e9ant-pour-progresser.png\",\"contentUrl\":\"https:\/\/dicodusport.fr\/blog\/wp-content\/uploads\/2020\/02\/Ski-alpin-Cl\u00e9ment-No\u00ebl-saligne-en-g\u00e9ant-pour-progresser.png\",\"width\":800,\"height\":445,\"caption\":\"Ski alpin - Cl\u00e9ment No\u00ebl s'aligne en g\u00e9ant pour progresser\"},{\"@type\":\"BreadcrumbList\",\"@id\":\"https:\/\/dicodusport.fr\/blog\/ski-alpin-clement-noel-saligne-en-geant-pour-progresser\/#breadcrumb\",\"itemListElement\":[{\"@type\":\"ListItem\",\"position\":1,\"name\":\"Accueil\",\"item\":\"https:\/\/dicodusport.fr\/blog\/\"},{\"@type\":\"ListItem\",\"position\":2,\"name\":\"Ski alpin : Cl\u00e9ment No\u00ebl s&rsquo;aligne en g\u00e9ant pour progresser\"}]},{\"@type\":\"WebSite\",\"@id\":\"https:\/\/dicodusport.fr\/blog\/#website\",\"url\":\"https:\/\/dicodusport.fr\/blog\/\",\"name\":\"Dicodusport\",\"description\":\"L&#039;encyclop\u00e9die de l&#039;actualit\u00e9 sportive\",\"publisher\":{\"@id\":\"https:\/\/dicodusport.fr\/blog\/#organization\"},\"potentialAction\":[{\"@type\":\"SearchAction\",\"target\":{\"@type\":\"EntryPoint\",\"urlTemplate\":\"https:\/\/dicodusport.fr\/blog\/?s={search_term_string}\"},\"query-input\":{\"@type\":\"PropertyValueSpecification\",\"valueRequired\":true,\"valueName\":\"search_term_string\"}}],\"inLanguage\":\"fr-FR\"},{\"@type\":\"NewsMediaOrganization\",\"@id\":\"https:\/\/dicodusport.fr\/blog\/#organization\",\"name\":\"Dicodusport\",\"url\":\"https:\/\/dicodusport.fr\/blog\/\",\"logo\":{\"@type\":\"ImageObject\",\"inLanguage\":\"fr-FR\",\"@id\":\"https:\/\/dicodusport.fr\/blog\/#\/schema\/logo\/image\/\",\"url\":\"https:\/\/dicodusport.fr\/blog\/wp-content\/uploads\/2020\/06\/cropped-LOGO-DICODUSPORT-2020-SANS-FOND-SANS-TEXTE.png\",\"contentUrl\":\"https:\/\/dicodusport.fr\/blog\/wp-content\/uploads\/2020\/06\/cropped-LOGO-DICODUSPORT-2020-SANS-FOND-SANS-TEXTE.png\",\"width\":512,\"height\":512,\"caption\":\"Dicodusport\"},\"image\":{\"@id\":\"https:\/\/dicodusport.fr\/blog\/#\/schema\/logo\/image\/\"},\"sameAs\":[\"https:\/\/www.facebook.com\/dicodusport\",\"https:\/\/x.com\/dicodusport\",\"https:\/\/www.instagram.com\/dicodusport\/\",\"https:\/\/www.youtube.com\/channel\/UC7V2KZ5sd3htJivAbA4ZG3w\"],\"description\":\"Dicodusport est l'encyclop\u00e9die de l'actualit\u00e9 sportive.\",\"email\":\"bonjour@dicodusport.fr\",\"legalName\":\"DICODUSPORT\",\"foundingDate\":\"2018-01-14\",\"vatID\":\"FR71834470973\",\"taxID\":\"83447097300043\",\"numberOfEmployees\":{\"@type\":\"QuantitativeValue\",\"minValue\":\"1\",\"maxValue\":\"10\"}},{\"@type\":\"Person\",\"@id\":\"https:\/\/dicodusport.fr\/blog\/#\/schema\/person\/55dcb50ad410894e431ed812bbb70191\",\"name\":\"Nicolas Jacquemard\",\"image\":{\"@type\":\"ImageObject\",\"inLanguage\":\"fr-FR\",\"@id\":\"https:\/\/dicodusport.fr\/blog\/#\/schema\/person\/image\/\",\"url\":\"https:\/\/dicodusport.fr\/blog\/wp-content\/uploads\/2021\/05\/Nicolas-Jacquemard-150x150.jpeg\",\"contentUrl\":\"https:\/\/dicodusport.fr\/blog\/wp-content\/uploads\/2021\/05\/Nicolas-Jacquemard-150x150.jpeg\",\"caption\":\"Nicolas Jacquemard\"},\"description\":\"Passionn\u00e9 de sport et entrepreneur depuis mes 18 ans, la cr\u00e9ation de Dicodusport m'a sembl\u00e9 \u00e9vidente pour participer \u00e0 la m\u00e9diatisation d'un plus grand nombre de sports. Le chemin est long mais avec une \u00e9quipe des plus motiv\u00e9es et les Jeux Olympiques de Paris 2024 en point de mire, nous y arriverons ! Journaliste dans le monde du sport depuis plus de 5 ans, je traite aussi bien de football, de rugby, de biathlon que de cyclisme.\",\"sameAs\":[\"https:\/\/www.facebook.com\/dicodusport\",\"https:\/\/x.com\/https:\/\/twitter.com\/Nico_Jacquemard\"],\"url\":\"https:\/\/dicodusport.fr\/blog\/author\/dicodusport\/\"}]}<\/script>\n<!-- \/ Yoast SEO Premium plugin. -->","yoast_head_json":{"title":"Ski alpin : Cl\u00e9ment No\u00ebl s'aligne en g\u00e9ant pour progresser","description":"Ski alpin - Devenu une r\u00e9f\u00e9rence mondiale en slalom, Cl\u00e9ment No\u00ebl veut maintenant progresser dans une autre discipline qu'il a d\u00e9laiss\u00e9e, le g\u00e9ant.","robots":{"index":"index","follow":"follow","max-snippet":"max-snippet:-1","max-image-preview":"max-image-preview:large","max-video-preview":"max-video-preview:-1"},"canonical":"https:\/\/dicodusport.fr\/blog\/ski-alpin-clement-noel-saligne-en-geant-pour-progresser\/","og_locale":"fr_FR","og_type":"article","og_title":"Ski alpin : Cl\u00e9ment No\u00ebl s'aligne en g\u00e9ant pour progresser","og_description":"Ski alpin - Devenu une r\u00e9f\u00e9rence mondiale en slalom, Cl\u00e9ment No\u00ebl veut maintenant progresser dans une autre discipline qu'il a d\u00e9laiss\u00e9e, le g\u00e9ant.","og_url":"https:\/\/dicodusport.fr\/blog\/ski-alpin-clement-noel-saligne-en-geant-pour-progresser\/","og_site_name":"Dicodusport","article_publisher":"https:\/\/www.facebook.com\/dicodusport","article_author":"https:\/\/www.facebook.com\/dicodusport","article_published_time":"2020-02-18T12:22:36+00:00","og_image":[{"width":800,"height":445,"url":"https:\/\/dicodusport.fr\/blog\/wp-content\/uploads\/2020\/02\/Ski-alpin-Cl\u00e9ment-No\u00ebl-saligne-en-g\u00e9ant-pour-progresser.png","type":"image\/png"}],"author":"Nicolas Jacquemard","twitter_card":"summary_large_image","twitter_title":"Ski alpin : Cl\u00e9ment No\u00ebl s'aligne en g\u00e9ant pour progresser","twitter_creator":"@https:\/\/twitter.com\/Nico_Jacquemard","twitter_site":"@dicodusport","schema":{"@context":"https:\/\/schema.org","@graph":[{"@type":"NewsArticle","@id":"https:\/\/dicodusport.fr\/blog\/ski-alpin-clement-noel-saligne-en-geant-pour-progresser\/#article","isPartOf":{"@id":"https:\/\/dicodusport.fr\/blog\/ski-alpin-clement-noel-saligne-en-geant-pour-progresser\/"},"author":{"name":"Nicolas Jacquemard","@id":"https:\/\/dicodusport.fr\/blog\/#\/schema\/person\/55dcb50ad410894e431ed812bbb70191"},"headline":"Ski alpin : Cl\u00e9ment No\u00ebl s&rsquo;aligne en g\u00e9ant pour progresser","datePublished":"2020-02-18T12:22:36+00:00","mainEntityOfPage":{"@id":"https:\/\/dicodusport.fr\/blog\/ski-alpin-clement-noel-saligne-en-geant-pour-progresser\/"},"wordCount":225,"commentCount":0,"publisher":{"@id":"https:\/\/dicodusport.fr\/blog\/#organization"},"image":{"@id":"https:\/\/dicodusport.fr\/blog\/ski-alpin-clement-noel-saligne-en-geant-pour-progresser\/#primaryimage"},"thumbnailUrl":"https:\/\/dicodusport.fr\/blog\/wp-content\/uploads\/2020\/02\/Ski-alpin-Cl\u00e9ment-No\u00ebl-saligne-en-g\u00e9ant-pour-progresser.png","keywords":["Cl\u00e9ment No\u00ebl","g\u00e9ant","ski"],"articleSection":["Ski"],"inLanguage":"fr-FR","potentialAction":[{"@type":"CommentAction","name":"Comment","target":["https:\/\/dicodusport.fr\/blog\/ski-alpin-clement-noel-saligne-en-geant-pour-progresser\/#respond"]}],"copyrightYear":"2020","copyrightHolder":{"@id":"https:\/\/dicodusport.fr\/blog\/#organization"}},{"@type":"WebPage","@id":"https:\/\/dicodusport.fr\/blog\/ski-alpin-clement-noel-saligne-en-geant-pour-progresser\/","url":"https:\/\/dicodusport.fr\/blog\/ski-alpin-clement-noel-saligne-en-geant-pour-progresser\/","name":"Ski alpin : Cl\u00e9ment No\u00ebl s'aligne en g\u00e9ant pour progresser","isPartOf":{"@id":"https:\/\/dicodusport.fr\/blog\/#website"},"primaryImageOfPage":{"@id":"https:\/\/dicodusport.fr\/blog\/ski-alpin-clement-noel-saligne-en-geant-pour-progresser\/#primaryimage"},"image":{"@id":"https:\/\/dicodusport.fr\/blog\/ski-alpin-clement-noel-saligne-en-geant-pour-progresser\/#primaryimage"},"thumbnailUrl":"https:\/\/dicodusport.fr\/blog\/wp-content\/uploads\/2020\/02\/Ski-alpin-Cl\u00e9ment-No\u00ebl-saligne-en-g\u00e9ant-pour-progresser.png","datePublished":"2020-02-18T12:22:36+00:00","description":"Ski alpin - Devenu une r\u00e9f\u00e9rence mondiale en slalom, Cl\u00e9ment No\u00ebl veut maintenant progresser dans une autre discipline qu'il a d\u00e9laiss\u00e9e, le g\u00e9ant.","breadcrumb":{"@id":"https:\/\/dicodusport.fr\/blog\/ski-alpin-clement-noel-saligne-en-geant-pour-progresser\/#breadcrumb"},"inLanguage":"fr-FR","potentialAction":[{"@type":"ReadAction","target":["https:\/\/dicodusport.fr\/blog\/ski-alpin-clement-noel-saligne-en-geant-pour-progresser\/"]}]},{"@type":"ImageObject","inLanguage":"fr-FR","@id":"https:\/\/dicodusport.fr\/blog\/ski-alpin-clement-noel-saligne-en-geant-pour-progresser\/#primaryimage","url":"https:\/\/dicodusport.fr\/blog\/wp-content\/uploads\/2020\/02\/Ski-alpin-Cl\u00e9ment-No\u00ebl-saligne-en-g\u00e9ant-pour-progresser.png","contentUrl":"https:\/\/dicodusport.fr\/blog\/wp-content\/uploads\/2020\/02\/Ski-alpin-Cl\u00e9ment-No\u00ebl-saligne-en-g\u00e9ant-pour-progresser.png","width":800,"height":445,"caption":"Ski alpin - Cl\u00e9ment No\u00ebl s'aligne en g\u00e9ant pour progresser"},{"@type":"BreadcrumbList","@id":"https:\/\/dicodusport.fr\/blog\/ski-alpin-clement-noel-saligne-en-geant-pour-progresser\/#breadcrumb","itemListElement":[{"@type":"ListItem","position":1,"name":"Accueil","item":"https:\/\/dicodusport.fr\/blog\/"},{"@type":"ListItem","position":2,"name":"Ski alpin : Cl\u00e9ment No\u00ebl s&rsquo;aligne en g\u00e9ant pour progresser"}]},{"@type":"WebSite","@id":"https:\/\/dicodusport.fr\/blog\/#website","url":"https:\/\/dicodusport.fr\/blog\/","name":"Dicodusport","description":"L&#039;encyclop\u00e9die de l&#039;actualit\u00e9 sportive","publisher":{"@id":"https:\/\/dicodusport.fr\/blog\/#organization"},"potentialAction":[{"@type":"SearchAction","target":{"@type":"EntryPoint","urlTemplate":"https:\/\/dicodusport.fr\/blog\/?s={search_term_string}"},"query-input":{"@type":"PropertyValueSpecification","valueRequired":true,"valueName":"search_term_string"}}],"inLanguage":"fr-FR"},{"@type":"NewsMediaOrganization","@id":"https:\/\/dicodusport.fr\/blog\/#organization","name":"Dicodusport","url":"https:\/\/dicodusport.fr\/blog\/","logo":{"@type":"ImageObject","inLanguage":"fr-FR","@id":"https:\/\/dicodusport.fr\/blog\/#\/schema\/logo\/image\/","url":"https:\/\/dicodusport.fr\/blog\/wp-content\/uploads\/2020\/06\/cropped-LOGO-DICODUSPORT-2020-SANS-FOND-SANS-TEXTE.png","contentUrl":"https:\/\/dicodusport.fr\/blog\/wp-content\/uploads\/2020\/06\/cropped-LOGO-DICODUSPORT-2020-SANS-FOND-SANS-TEXTE.png","width":512,"height":512,"caption":"Dicodusport"},"image":{"@id":"https:\/\/dicodusport.fr\/blog\/#\/schema\/logo\/image\/"},"sameAs":["https:\/\/www.facebook.com\/dicodusport","https:\/\/x.com\/dicodusport","https:\/\/www.instagram.com\/dicodusport\/","https:\/\/www.youtube.com\/channel\/UC7V2KZ5sd3htJivAbA4ZG3w"],"description":"Dicodusport est l'encyclop\u00e9die de l'actualit\u00e9 sportive.","email":"bonjour@dicodusport.fr","legalName":"DICODUSPORT","foundingDate":"2018-01-14","vatID":"FR71834470973","taxID":"83447097300043","numberOfEmployees":{"@type":"QuantitativeValue","minValue":"1","maxValue":"10"}},{"@type":"Person","@id":"https:\/\/dicodusport.fr\/blog\/#\/schema\/person\/55dcb50ad410894e431ed812bbb70191","name":"Nicolas Jacquemard","image":{"@type":"ImageObject","inLanguage":"fr-FR","@id":"https:\/\/dicodusport.fr\/blog\/#\/schema\/person\/image\/","url":"https:\/\/dicodusport.fr\/blog\/wp-content\/uploads\/2021\/05\/Nicolas-Jacquemard-150x150.jpeg","contentUrl":"https:\/\/dicodusport.fr\/blog\/wp-content\/uploads\/2021\/05\/Nicolas-Jacquemard-150x150.jpeg","caption":"Nicolas Jacquemard"},"description":"Passionn\u00e9 de sport et entrepreneur depuis mes 18 ans, la cr\u00e9ation de Dicodusport m'a sembl\u00e9 \u00e9vidente pour participer \u00e0 la m\u00e9diatisation d'un plus grand nombre de sports. Le chemin est long mais avec une \u00e9quipe des plus motiv\u00e9es et les Jeux Olympiques de Paris 2024 en point de mire, nous y arriverons ! Journaliste dans le monde du sport depuis plus de 5 ans, je traite aussi bien de football, de rugby, de biathlon que de cyclisme.","sameAs":["https:\/\/www.facebook.com\/dicodusport","https:\/\/x.com\/https:\/\/twitter.com\/Nico_Jacquemard"],"url":"https:\/\/dicodusport.fr\/blog\/author\/dicodusport\/"}]}},"_links":{"self":[{"href":"https:\/\/dicodusport.fr\/blog\/wp-json\/wp\/v2\/posts\/60465","targetHints":{"allow":["GET"]}}],"collection":[{"href":"https:\/\/dicodusport.fr\/blog\/wp-json\/wp\/v2\/posts"}],"about":[{"href":"https:\/\/dicodusport.fr\/blog\/wp-json\/wp\/v2\/types\/post"}],"author":[{"embeddable":true,"href":"https:\/\/dicodusport.fr\/blog\/wp-json\/wp\/v2\/users\/1"}],"replies":[{"embeddable":true,"href":"https:\/\/dicodusport.fr\/blog\/wp-json\/wp\/v2\/comments?post=60465"}],"version-history":[{"count":0,"href":"https:\/\/dicodusport.fr\/blog\/wp-json\/wp\/v2\/posts\/60465\/revisions"}],"wp:featuredmedia":[{"embeddable":true,"href":"https:\/\/dicodusport.fr\/blog\/wp-json\/wp\/v2\/media\/60475"}],"wp:attachment":[{"href":"https:\/\/dicodusport.fr\/blog\/wp-json\/wp\/v2\/media?parent=60465"}],"wp:term":[{"taxonomy":"category","embeddable":true,"href":"https:\/\/dicodusport.fr\/blog\/wp-json\/wp\/v2\/categories?post=60465"},{"taxonomy":"post_tag","embeddable":true,"href":"https:\/\/dicodusport.fr\/blog\/wp-json\/wp\/v2\/tags?post=60465"}],"curies":[{"name":"wp","href":"https:\/\/api.w.org\/{rel}","templated":true}]}}