{"id":604711,"date":"2025-08-24T12:00:51","date_gmt":"2025-08-24T10:00:51","guid":{"rendered":"https:\/\/dicodusport.fr\/blog\/?p=604711&#038;preview=true&#038;preview_id=604711"},"modified":"2025-08-25T10:37:05","modified_gmt":"2025-08-25T08:37:05","slug":"utmb-2025-lultra-trail-du-mont-blanc-est-il-toujours-le-plus-grand-au-monde","status":"publish","type":"post","link":"https:\/\/dicodusport.fr\/blog\/utmb-2025-lultra-trail-du-mont-blanc-est-il-toujours-le-plus-grand-au-monde\/","title":{"rendered":"UTMB 2025 : L\u2019Ultra-Trail du Mont-Blanc est-il toujours le plus grand au monde ?"},"content":{"rendered":"<p style=\"text-align: justify;\"><strong><em>ULTRA-TRAIL DU MONT-BLANC 2025 &#8211; A l&rsquo;heure o\u00f9 l&rsquo;\u00e9preuve alpestre continue de faire r\u00eaver la plupart des traileurs, elle est dans le m\u00eame temps de plus en plus remise en cause. De quoi s&rsquo;interroger sur son statut de plus grand ultra-trail du monde ?<\/em><\/strong><\/p>\n<ul style=\"text-align: justify;\">\n<li style=\"text-align: justify;\"><strong>\u00c0 ce sujet &#8211; <a href=\"https:\/\/dicodusport.fr\/blog\/utmb-2025-programme-complet-horaires-et-resultats\/\">UTMB 2025 : Programme complet, Horaires et R\u00e9sultats<\/a><\/strong><\/li>\n<\/ul>\n<p style=\"text-align: justify;\">Chamonix s&rsquo;appr\u00eate \u00e0 vivre de nouvelles \u00e9motions en cette derni\u00e8re semaine d&rsquo;ao\u00fbt. Pour sa 22\u00e8me \u00e9dition, l&rsquo;<strong>Ultra-Trail du Mont-Blanc<\/strong>, v\u00e9ritable Mecque de la discipline, va une nouvelle fois accueillir bon nombre de coureurs Elite r\u00e9put\u00e9s et un nombre d&rsquo;amateurs impressionnant qui vont se r\u00e9partir sur les diff\u00e9rentes courses au programme de la semaine. Parmi elles, le <em>Main Event<\/em> de l&rsquo;\u00e9v\u00e9nement, de la saison pouvons-nous dire, s&rsquo;ouvrira vendredi \u00e0 18 heures, l\u00e2chant pr\u00e8s de 2400 traileurs affam\u00e9s et excit\u00e9s \u00e0 l&rsquo;id\u00e9e d&rsquo;en d\u00e9coudre.<\/p>\n<div class=\"vlp-link-container vlp-layout-article\"><a href=\"https:\/\/dicodusport.fr\/blog\/utmb-2024-programme-des-courses-et-resultats\/\" class=\"vlp-link\" title=\"UTMB 2024 : Palmar\u00e8s et r\u00e9sultats\"><\/a><div class=\"vlp-layout-zone-side\"><div class=\"vlp-block-4 vlp-link-image\"><img loading=\"lazy\" decoding=\"async\" style=\"max-width: 792px;\" width=\"792\" height=\"445\" src=\"https:\/\/dicodusport.fr\/blog\/wp-content\/uploads\/2024\/08\/UTMB-2024-Programme-des-courses-et-resultats.png\" class=\"attachment-800x445 size-800x445\" alt=\"UTMB 2024 Programme des courses et r\u00e9sultats\" srcset=\"https:\/\/dicodusport.fr\/blog\/wp-content\/uploads\/2024\/08\/UTMB-2024-Programme-des-courses-et-resultats.png 1200w, https:\/\/dicodusport.fr\/blog\/wp-content\/uploads\/2024\/08\/UTMB-2024-Programme-des-courses-et-resultats-300x169.png 300w, https:\/\/dicodusport.fr\/blog\/wp-content\/uploads\/2024\/08\/UTMB-2024-Programme-des-courses-et-resultats-1024x575.png 1024w, https:\/\/dicodusport.fr\/blog\/wp-content\/uploads\/2024\/08\/UTMB-2024-Programme-des-courses-et-resultats-768x431.png 768w\" sizes=\"auto, (max-width: 792px) 100vw, 792px\" \/><\/div><\/div><div class=\"vlp-layout-zone-main\"><div class=\"vlp-block-0 vlp-link-title\">UTMB 2024 : Palmar\u00e8s et r\u00e9sultats<\/div><div class=\"vlp-block-1 vlp-link-summary\">Programme des courses et r\u00e9sultats de l'UTMB 2024<\/div><div class=\"vlp-block-2 vlp-link-button\">Lire l'article<\/div><div class=\"vlp-block-3 vlp-link-url\">dicodusport.fr<\/div><\/div><\/div>\n<h2 style=\"text-align: justify;\">Le Mont-Blanc : le r\u00eave d&rsquo;une vie<\/h2>\n<p style=\"text-align: justify;\">Dans l&rsquo;imaginaire collectif, l&rsquo;<strong>UTMB<\/strong> tient clairement une place \u00e0 part. Le monde du trail retient son souffle \u00e0 l&rsquo;approche des courses, suiveurs comme participants, qu&rsquo;ils soient \u00e9lites ou amateurs. Un r\u00eave absolu pour ton fan de la discipline que d&rsquo;y participer et surtout de terminer les 170 km et 10000m de d\u00e9nivel\u00e9 positif propos\u00e9 par le parcours. Le prestige et le succ\u00e8s ne se d\u00e9mentent pas ann\u00e9e apr\u00e8s ann\u00e9e, bien au contraire. La masse de coureurs augmente toujours plus, faisant tourner un business bien huil\u00e9.<\/p>\n<p style=\"text-align: justify;\">\u00c9videmment, le cadre offert par les Alpes et le Mont-Blanc en particulier, ainsi que l&rsquo;id\u00e9e d&rsquo;en faire le tour en passant par trois pays &#8211; France, Suisse et Italie &#8211; constituent encore aujourd&rsquo;hui un graal pour beaucoup de coureurs aux r\u00eaves de libert\u00e9 et de grands paysages naturels. Ce qui fait de l&rsquo;<strong>UTMB<\/strong> un \u00e9v\u00e9nement d&rsquo;envergure internationale avec des chiffres impressionnants \u00e0 la cl\u00e9. Rien que pour la course reine, on note environ 12000 candidatures, en outre d\u00e9j\u00e0 issues d&rsquo;une premi\u00e8re s\u00e9lection drastique avec le syst\u00e8me des points qualificatifs, pour seulement 2300 places environ. Le succ\u00e8s populaire ne se d\u00e9ment pas et l&rsquo;\u00e9v\u00e9nement reste toujours le point d&rsquo;orgue de la saison, c\u00f4t\u00e9 \u00e9lites \u00e9galement, avec une startlist toujours qualitative. Et aussi celui d&rsquo;un circuit mondial parfaitement r\u00f4d\u00e9, mais qui commence \u00e0 faire d\u00e9bat.<\/p>\n<div class=\"vlp-link-container vlp-layout-article\"><a href=\"https:\/\/dicodusport.fr\/blog\/utmb-2025-qui-sont-les-favoris-et-favorites-de-lultra-trail-du-mont-blanc\/\" class=\"vlp-link\" title=\"UTMB 2025 : Qui sont les favoris et favorites de l&#039;Ultra-Trail du Mont-Blanc ?\"><\/a><div class=\"vlp-layout-zone-side\"><div class=\"vlp-block-4 vlp-link-image\"><img loading=\"lazy\" decoding=\"async\" style=\"max-width: 792px;\" width=\"792\" height=\"445\" src=\"https:\/\/dicodusport.fr\/blog\/wp-content\/uploads\/2025\/08\/UTMB-2025-Qui-sont-les-favoris-et-favorites-de-lUltra-Trail-du-Mont-Blanc-.png\" class=\"attachment-800x445 size-800x445\" alt=\"\" srcset=\"https:\/\/dicodusport.fr\/blog\/wp-content\/uploads\/2025\/08\/UTMB-2025-Qui-sont-les-favoris-et-favorites-de-lUltra-Trail-du-Mont-Blanc-.png 1200w, https:\/\/dicodusport.fr\/blog\/wp-content\/uploads\/2025\/08\/UTMB-2025-Qui-sont-les-favoris-et-favorites-de-lUltra-Trail-du-Mont-Blanc--300x169.png 300w, https:\/\/dicodusport.fr\/blog\/wp-content\/uploads\/2025\/08\/UTMB-2025-Qui-sont-les-favoris-et-favorites-de-lUltra-Trail-du-Mont-Blanc--1024x575.png 1024w, https:\/\/dicodusport.fr\/blog\/wp-content\/uploads\/2025\/08\/UTMB-2025-Qui-sont-les-favoris-et-favorites-de-lUltra-Trail-du-Mont-Blanc--768x431.png 768w\" sizes=\"auto, (max-width: 792px) 100vw, 792px\" \/><\/div><\/div><div class=\"vlp-layout-zone-main\"><div class=\"vlp-block-0 vlp-link-title\">UTMB 2025 : Qui sont les favoris et favorites de l'Ultra-Trail du Mont-Blanc ?<\/div><div class=\"vlp-block-1 vlp-link-summary\">Alors que l'\u00e9v\u00e9nement phare de l'ultra-endurance arrive fin ao\u00fbt, son \u00e9preuve reine, l'UTMB (176 km, 10000 D+), accueillera une nouvelle fois une startlist de choix. Tour d'horizon des favoris et des favorites.<\/div><div class=\"vlp-block-2 vlp-link-button\">Lire l'article<\/div><div class=\"vlp-block-3 vlp-link-url\">dicodusport.fr<\/div><\/div><\/div>\n<h2 style=\"text-align: justify;\">Risque de monopole et concurrence accrue<\/h2>\n<p style=\"text-align: justify;\">En effet, la strat\u00e9gie commerciale tr\u00e8s agressive de l&rsquo;entreprise <em><strong>UTMB<\/strong> <strong>Group<\/strong><\/em> pose question. Elle a proc\u00e9d\u00e9 depuis quelques ann\u00e9es \u00e0 des rachats en masse de courses r\u00e9put\u00e9es \u00e0 des fins de satellites pour l&rsquo;\u00e9preuve m\u00e8re. \u00c0 titre d&rsquo;exemple, sont pass\u00e9s sous h\u00e9g\u00e9monie <strong>UTMB<\/strong> le <strong>Lavaredo Ultra-Trail<\/strong> en Italie ou encore le <strong>Trail 100 Andorra<\/strong> dans la principaut\u00e9. Cela d\u00e9note une certaine mainmise sur la discipline et un pouvoir financier important qui ne plait pas \u00e0 tous les pratiquants, \u00e9lites compris. En effet, elle implique un c\u00f4t\u00e9 exigent pour les qualifications et les points \u00e0 obtenir et surtout excessivement cher. Comptez \u00e0 pr\u00e9sent, hors course qualificative, un bon 2000 euros (logement compris) pour \u00eatre sur la ligne de d\u00e9part. Un non-sens pour une discipline qui se voudrait populaire et accessible \u00e0 tous.<\/p>\n<p style=\"text-align: justify;\">De plus, la concurrence tend \u00e0 se r\u00e9veiller avec des tentatives pour cr\u00e9er des circuits parall\u00e8les \u00e0 l&rsquo;exemple des <strong>World Trail Majors<\/strong> qui r\u00e9unissent un grand nombre de trails r\u00e9put\u00e9s (<strong>Mont Fuji 100<\/strong>, <strong>Transgrancanaria<\/strong>,<strong> Madeira Island Ultra-Trail<\/strong> par exemple) ou des <strong>Golden Trail World Series<\/strong> sp\u00e9cialis\u00e9s dans les formats courts. D&rsquo;autres formats ind\u00e9pendants privil\u00e9giant la distance ont \u00e9galement le vent en poupe \u00e0 l&rsquo;image du <strong>Tor des G\u00e9ants<\/strong> (330 km, 24000 D+) gagn\u00e9 par <strong>Fran\u00e7ois D&rsquo;Haene<\/strong> l&rsquo;an pass\u00e9.<\/p>\n<p style=\"text-align: justify;\">Enfin, les athl\u00e8tes \u00c9lite ont tendance \u00e0 varier leur programme et ne pas tourner leur saison uniquement autour de l&rsquo;UTMB. Dor\u00e9navant, on en trouve tout autant sur la <strong>Diagonale des Fous<\/strong> \u00e0 la R\u00e9union ou bien encore sur la <strong>Hardrock 100<\/strong> aux \u00c9tats-Unis, deux autres monuments de la discipline. Les affaires autour d&rsquo;une suspicion de monopole conjugu\u00e9es aux valeurs \u00e9thiques et environnementales discutables, comme l&rsquo;apparition de Dacia parmi les sponsors il y a quelques ann\u00e9es, ont m\u00eame pouss\u00e9 pas mal de grands noms tels <strong>Kilian Jornet<\/strong> ou <strong>Zach Miller<\/strong> \u00e0 envisager un boycott pur et simple. Sans aller jusque-l\u00e0, il ne faudrait pas qu&rsquo;\u00e0 force de tout vouloir contr\u00f4ler, <strong>Catherine Poletti<\/strong> et son mari ne s&rsquo;attirent les foudres des athl\u00e8tes et d&rsquo;une concurrence \u00e9nerv\u00e9e et qui s&rsquo;organise.<\/p>\n","protected":false},"excerpt":{"rendered":"<p>A l&rsquo;heure o\u00f9 l&rsquo;\u00e9preuve alpestre continue de faire r\u00eaver la plupart des traileurs, elle est dans le m\u00eame temps de plus en plus remise en cause. De quoi s&rsquo;interroger sur son statut de plus grand ultra-trail du monde ?<\/p>\n","protected":false},"author":92,"featured_media":604927,"comment_status":"open","ping_status":"closed","sticky":false,"template":"","format":"standard","meta":{"_acf_changed":false,"_daextam_enable_autolinks":"1","footnotes":""},"categories":[8673],"tags":[32415,16878,5836],"class_list":["post-604711","post","type-post","status-publish","format-standard","has-post-thumbnail","hentry","category-trail","tag-actu","tag-breve","tag-ultra-trail"],"acf":[],"yoast_head":"<!-- This site is optimized with the Yoast SEO Premium plugin v26.7 (Yoast SEO v26.7) - https:\/\/yoast.com\/wordpress\/plugins\/seo\/ -->\n<title>UTMB 2025 : L\u2019Ultra-Trail du Mont-Blanc est-il toujours le plus grand au monde ?<\/title>\n<meta name=\"description\" content=\"ULTRA-TRAIL DU MONT-BLANC 2025 - A l&#039;heure o\u00f9 l&#039;UTMB continue de faire r\u00eaver les traileurs, la course est aussi remise en question.\" \/>\n<meta name=\"robots\" content=\"index, follow, max-snippet:-1, max-image-preview:large, max-video-preview:-1\" \/>\n<link rel=\"canonical\" href=\"https:\/\/dicodusport.fr\/blog\/utmb-2025-lultra-trail-du-mont-blanc-est-il-toujours-le-plus-grand-au-monde\/\" \/>\n<meta property=\"og:locale\" content=\"fr_FR\" \/>\n<meta property=\"og:type\" content=\"article\" \/>\n<meta property=\"og:title\" content=\"UTMB 2025 : L\u2019Ultra-Trail du Mont-Blanc est-il toujours le plus grand au monde ?\" \/>\n<meta property=\"og:description\" content=\"ULTRA-TRAIL DU MONT-BLANC 2025 - A l&#039;heure o\u00f9 l&#039;UTMB continue de faire r\u00eaver les traileurs, la course est aussi remise en question.\" \/>\n<meta property=\"og:url\" content=\"https:\/\/dicodusport.fr\/blog\/utmb-2025-lultra-trail-du-mont-blanc-est-il-toujours-le-plus-grand-au-monde\/\" \/>\n<meta property=\"og:site_name\" content=\"Dicodusport\" \/>\n<meta property=\"article:publisher\" content=\"https:\/\/www.facebook.com\/dicodusport\" \/>\n<meta property=\"article:published_time\" content=\"2025-08-24T10:00:51+00:00\" \/>\n<meta property=\"article:modified_time\" content=\"2025-08-25T08:37:05+00:00\" \/>\n<meta property=\"og:image\" content=\"https:\/\/dicodusport.fr\/blog\/wp-content\/uploads\/2025\/08\/UTMB-2025-LUltra-Trail-du-Mont-Blanc-est-il-toujours-le-plus-grand-au-monde.png\" \/>\n\t<meta property=\"og:image:width\" content=\"1200\" \/>\n\t<meta property=\"og:image:height\" content=\"674\" \/>\n\t<meta property=\"og:image:type\" content=\"image\/png\" \/>\n<meta name=\"author\" content=\"Olivier Dobiezynski\" \/>\n<meta name=\"twitter:card\" content=\"summary_large_image\" \/>\n<meta name=\"twitter:title\" content=\"UTMB 2025 : L\u2019Ultra-Trail du Mont-Blanc est-il toujours le plus grand au monde ?\" \/>\n<meta name=\"twitter:creator\" content=\"@https:\/\/x.com\/Olivier_Matros\" \/>\n<meta name=\"twitter:site\" content=\"@dicodusport\" \/>\n<script type=\"application\/ld+json\" class=\"yoast-schema-graph\">{\"@context\":\"https:\/\/schema.org\",\"@graph\":[{\"@type\":\"NewsArticle\",\"@id\":\"https:\/\/dicodusport.fr\/blog\/utmb-2025-lultra-trail-du-mont-blanc-est-il-toujours-le-plus-grand-au-monde\/#article\",\"isPartOf\":{\"@id\":\"https:\/\/dicodusport.fr\/blog\/utmb-2025-lultra-trail-du-mont-blanc-est-il-toujours-le-plus-grand-au-monde\/\"},\"author\":{\"name\":\"Olivier Dobiezynski\",\"@id\":\"https:\/\/dicodusport.fr\/blog\/#\/schema\/person\/fe500246414ca17ddf0c0312d7a792cc\"},\"headline\":\"UTMB 2025 : L\u2019Ultra-Trail du Mont-Blanc est-il toujours le plus grand au monde ?\",\"datePublished\":\"2025-08-24T10:00:51+00:00\",\"dateModified\":\"2025-08-25T08:37:05+00:00\",\"mainEntityOfPage\":{\"@id\":\"https:\/\/dicodusport.fr\/blog\/utmb-2025-lultra-trail-du-mont-blanc-est-il-toujours-le-plus-grand-au-monde\/\"},\"wordCount\":940,\"commentCount\":1,\"publisher\":{\"@id\":\"https:\/\/dicodusport.fr\/blog\/#organization\"},\"image\":{\"@id\":\"https:\/\/dicodusport.fr\/blog\/utmb-2025-lultra-trail-du-mont-blanc-est-il-toujours-le-plus-grand-au-monde\/#primaryimage\"},\"thumbnailUrl\":\"https:\/\/dicodusport.fr\/blog\/wp-content\/uploads\/2025\/08\/UTMB-2025-LUltra-Trail-du-Mont-Blanc-est-il-toujours-le-plus-grand-au-monde.png\",\"keywords\":[\"actu\",\"br\u00e8ve\",\"Ultra-Trail\"],\"articleSection\":[\"Trail\"],\"inLanguage\":\"fr-FR\",\"potentialAction\":[{\"@type\":\"CommentAction\",\"name\":\"Comment\",\"target\":[\"https:\/\/dicodusport.fr\/blog\/utmb-2025-lultra-trail-du-mont-blanc-est-il-toujours-le-plus-grand-au-monde\/#respond\"]}],\"copyrightYear\":\"2025\",\"copyrightHolder\":{\"@id\":\"https:\/\/dicodusport.fr\/blog\/#organization\"}},{\"@type\":\"WebPage\",\"@id\":\"https:\/\/dicodusport.fr\/blog\/utmb-2025-lultra-trail-du-mont-blanc-est-il-toujours-le-plus-grand-au-monde\/\",\"url\":\"https:\/\/dicodusport.fr\/blog\/utmb-2025-lultra-trail-du-mont-blanc-est-il-toujours-le-plus-grand-au-monde\/\",\"name\":\"UTMB 2025 : L\u2019Ultra-Trail du Mont-Blanc est-il toujours le plus grand au monde ?\",\"isPartOf\":{\"@id\":\"https:\/\/dicodusport.fr\/blog\/#website\"},\"primaryImageOfPage\":{\"@id\":\"https:\/\/dicodusport.fr\/blog\/utmb-2025-lultra-trail-du-mont-blanc-est-il-toujours-le-plus-grand-au-monde\/#primaryimage\"},\"image\":{\"@id\":\"https:\/\/dicodusport.fr\/blog\/utmb-2025-lultra-trail-du-mont-blanc-est-il-toujours-le-plus-grand-au-monde\/#primaryimage\"},\"thumbnailUrl\":\"https:\/\/dicodusport.fr\/blog\/wp-content\/uploads\/2025\/08\/UTMB-2025-LUltra-Trail-du-Mont-Blanc-est-il-toujours-le-plus-grand-au-monde.png\",\"datePublished\":\"2025-08-24T10:00:51+00:00\",\"dateModified\":\"2025-08-25T08:37:05+00:00\",\"description\":\"ULTRA-TRAIL DU MONT-BLANC 2025 - A l'heure o\u00f9 l'UTMB continue de faire r\u00eaver les traileurs, la course est aussi remise en question.\",\"breadcrumb\":{\"@id\":\"https:\/\/dicodusport.fr\/blog\/utmb-2025-lultra-trail-du-mont-blanc-est-il-toujours-le-plus-grand-au-monde\/#breadcrumb\"},\"inLanguage\":\"fr-FR\",\"potentialAction\":[{\"@type\":\"ReadAction\",\"target\":[\"https:\/\/dicodusport.fr\/blog\/utmb-2025-lultra-trail-du-mont-blanc-est-il-toujours-le-plus-grand-au-monde\/\"]}]},{\"@type\":\"ImageObject\",\"inLanguage\":\"fr-FR\",\"@id\":\"https:\/\/dicodusport.fr\/blog\/utmb-2025-lultra-trail-du-mont-blanc-est-il-toujours-le-plus-grand-au-monde\/#primaryimage\",\"url\":\"https:\/\/dicodusport.fr\/blog\/wp-content\/uploads\/2025\/08\/UTMB-2025-LUltra-Trail-du-Mont-Blanc-est-il-toujours-le-plus-grand-au-monde.png\",\"contentUrl\":\"https:\/\/dicodusport.fr\/blog\/wp-content\/uploads\/2025\/08\/UTMB-2025-LUltra-Trail-du-Mont-Blanc-est-il-toujours-le-plus-grand-au-monde.png\",\"width\":1200,\"height\":674,\"caption\":\"UTMB 2025 L\u2019Ultra-Trail du Mont-Blanc est-il toujours le plus grand au monde\"},{\"@type\":\"BreadcrumbList\",\"@id\":\"https:\/\/dicodusport.fr\/blog\/utmb-2025-lultra-trail-du-mont-blanc-est-il-toujours-le-plus-grand-au-monde\/#breadcrumb\",\"itemListElement\":[{\"@type\":\"ListItem\",\"position\":1,\"name\":\"Accueil\",\"item\":\"https:\/\/dicodusport.fr\/blog\/\"},{\"@type\":\"ListItem\",\"position\":2,\"name\":\"UTMB 2025 : L\u2019Ultra-Trail du Mont-Blanc est-il toujours le plus grand au monde ?\"}]},{\"@type\":\"WebSite\",\"@id\":\"https:\/\/dicodusport.fr\/blog\/#website\",\"url\":\"https:\/\/dicodusport.fr\/blog\/\",\"name\":\"Dicodusport\",\"description\":\"L&#039;encyclop\u00e9die de l&#039;actualit\u00e9 sportive\",\"publisher\":{\"@id\":\"https:\/\/dicodusport.fr\/blog\/#organization\"},\"potentialAction\":[{\"@type\":\"SearchAction\",\"target\":{\"@type\":\"EntryPoint\",\"urlTemplate\":\"https:\/\/dicodusport.fr\/blog\/?s={search_term_string}\"},\"query-input\":{\"@type\":\"PropertyValueSpecification\",\"valueRequired\":true,\"valueName\":\"search_term_string\"}}],\"inLanguage\":\"fr-FR\"},{\"@type\":\"NewsMediaOrganization\",\"@id\":\"https:\/\/dicodusport.fr\/blog\/#organization\",\"name\":\"Dicodusport\",\"url\":\"https:\/\/dicodusport.fr\/blog\/\",\"logo\":{\"@type\":\"ImageObject\",\"inLanguage\":\"fr-FR\",\"@id\":\"https:\/\/dicodusport.fr\/blog\/#\/schema\/logo\/image\/\",\"url\":\"https:\/\/dicodusport.fr\/blog\/wp-content\/uploads\/2020\/06\/cropped-LOGO-DICODUSPORT-2020-SANS-FOND-SANS-TEXTE.png\",\"contentUrl\":\"https:\/\/dicodusport.fr\/blog\/wp-content\/uploads\/2020\/06\/cropped-LOGO-DICODUSPORT-2020-SANS-FOND-SANS-TEXTE.png\",\"width\":512,\"height\":512,\"caption\":\"Dicodusport\"},\"image\":{\"@id\":\"https:\/\/dicodusport.fr\/blog\/#\/schema\/logo\/image\/\"},\"sameAs\":[\"https:\/\/www.facebook.com\/dicodusport\",\"https:\/\/x.com\/dicodusport\",\"https:\/\/www.instagram.com\/dicodusport\/\",\"https:\/\/www.youtube.com\/channel\/UC7V2KZ5sd3htJivAbA4ZG3w\"],\"description\":\"Dicodusport est l'encyclop\u00e9die de l'actualit\u00e9 sportive.\",\"email\":\"bonjour@dicodusport.fr\",\"legalName\":\"DICODUSPORT\",\"foundingDate\":\"2018-01-14\",\"vatID\":\"FR71834470973\",\"taxID\":\"83447097300043\",\"numberOfEmployees\":{\"@type\":\"QuantitativeValue\",\"minValue\":\"1\",\"maxValue\":\"10\"}},{\"@type\":\"Person\",\"@id\":\"https:\/\/dicodusport.fr\/blog\/#\/schema\/person\/fe500246414ca17ddf0c0312d7a792cc\",\"name\":\"Olivier Dobiezynski\",\"image\":{\"@type\":\"ImageObject\",\"inLanguage\":\"fr-FR\",\"@id\":\"https:\/\/dicodusport.fr\/blog\/#\/schema\/person\/image\/\",\"url\":\"https:\/\/dicodusport.fr\/blog\/wp-content\/uploads\/2024\/09\/5be8fe8d-9962-4f1e-ad06-d6f9dee30e6d-150x150.jpg\",\"contentUrl\":\"https:\/\/dicodusport.fr\/blog\/wp-content\/uploads\/2024\/09\/5be8fe8d-9962-4f1e-ad06-d6f9dee30e6d-150x150.jpg\",\"caption\":\"Olivier Dobiezynski\"},\"description\":\"Depuis le milieu des ann\u00e9es 90, la passion du cyclisme m'anime. Mes h\u00e9ros s'appellent Luc Leblanc, Piotr Ugrumov, Paolo Savoldelli, Peter Sagan et bien \u00e9videmment Romain Bardet. R\u00e9dacteur depuis 2023, je suis ici pour partager cet amour de la Petite Reine. Vous pourrez me lire \u00e9galement sur du trail, du ski de fond et tout autre sujet susceptible d'\u00e9veiller ma curiosit\u00e9 sportive.\",\"sameAs\":[\"https:\/\/x.com\/https:\/\/x.com\/Olivier_Matros\"],\"url\":\"https:\/\/dicodusport.fr\/blog\/author\/olivier-gh\/\"}]}<\/script>\n<!-- \/ Yoast SEO Premium plugin. -->","yoast_head_json":{"title":"UTMB 2025 : L\u2019Ultra-Trail du Mont-Blanc est-il toujours le plus grand au monde ?","description":"ULTRA-TRAIL DU MONT-BLANC 2025 - A l'heure o\u00f9 l'UTMB continue de faire r\u00eaver les traileurs, la course est aussi remise en question.","robots":{"index":"index","follow":"follow","max-snippet":"max-snippet:-1","max-image-preview":"max-image-preview:large","max-video-preview":"max-video-preview:-1"},"canonical":"https:\/\/dicodusport.fr\/blog\/utmb-2025-lultra-trail-du-mont-blanc-est-il-toujours-le-plus-grand-au-monde\/","og_locale":"fr_FR","og_type":"article","og_title":"UTMB 2025 : L\u2019Ultra-Trail du Mont-Blanc est-il toujours le plus grand au monde ?","og_description":"ULTRA-TRAIL DU MONT-BLANC 2025 - A l'heure o\u00f9 l'UTMB continue de faire r\u00eaver les traileurs, la course est aussi remise en question.","og_url":"https:\/\/dicodusport.fr\/blog\/utmb-2025-lultra-trail-du-mont-blanc-est-il-toujours-le-plus-grand-au-monde\/","og_site_name":"Dicodusport","article_publisher":"https:\/\/www.facebook.com\/dicodusport","article_published_time":"2025-08-24T10:00:51+00:00","article_modified_time":"2025-08-25T08:37:05+00:00","og_image":[{"width":1200,"height":674,"url":"https:\/\/dicodusport.fr\/blog\/wp-content\/uploads\/2025\/08\/UTMB-2025-LUltra-Trail-du-Mont-Blanc-est-il-toujours-le-plus-grand-au-monde.png","type":"image\/png"}],"author":"Olivier Dobiezynski","twitter_card":"summary_large_image","twitter_title":"UTMB 2025 : L\u2019Ultra-Trail du Mont-Blanc est-il toujours le plus grand au monde ?","twitter_creator":"@https:\/\/x.com\/Olivier_Matros","twitter_site":"@dicodusport","schema":{"@context":"https:\/\/schema.org","@graph":[{"@type":"NewsArticle","@id":"https:\/\/dicodusport.fr\/blog\/utmb-2025-lultra-trail-du-mont-blanc-est-il-toujours-le-plus-grand-au-monde\/#article","isPartOf":{"@id":"https:\/\/dicodusport.fr\/blog\/utmb-2025-lultra-trail-du-mont-blanc-est-il-toujours-le-plus-grand-au-monde\/"},"author":{"name":"Olivier Dobiezynski","@id":"https:\/\/dicodusport.fr\/blog\/#\/schema\/person\/fe500246414ca17ddf0c0312d7a792cc"},"headline":"UTMB 2025 : L\u2019Ultra-Trail du Mont-Blanc est-il toujours le plus grand au monde ?","datePublished":"2025-08-24T10:00:51+00:00","dateModified":"2025-08-25T08:37:05+00:00","mainEntityOfPage":{"@id":"https:\/\/dicodusport.fr\/blog\/utmb-2025-lultra-trail-du-mont-blanc-est-il-toujours-le-plus-grand-au-monde\/"},"wordCount":940,"commentCount":1,"publisher":{"@id":"https:\/\/dicodusport.fr\/blog\/#organization"},"image":{"@id":"https:\/\/dicodusport.fr\/blog\/utmb-2025-lultra-trail-du-mont-blanc-est-il-toujours-le-plus-grand-au-monde\/#primaryimage"},"thumbnailUrl":"https:\/\/dicodusport.fr\/blog\/wp-content\/uploads\/2025\/08\/UTMB-2025-LUltra-Trail-du-Mont-Blanc-est-il-toujours-le-plus-grand-au-monde.png","keywords":["actu","br\u00e8ve","Ultra-Trail"],"articleSection":["Trail"],"inLanguage":"fr-FR","potentialAction":[{"@type":"CommentAction","name":"Comment","target":["https:\/\/dicodusport.fr\/blog\/utmb-2025-lultra-trail-du-mont-blanc-est-il-toujours-le-plus-grand-au-monde\/#respond"]}],"copyrightYear":"2025","copyrightHolder":{"@id":"https:\/\/dicodusport.fr\/blog\/#organization"}},{"@type":"WebPage","@id":"https:\/\/dicodusport.fr\/blog\/utmb-2025-lultra-trail-du-mont-blanc-est-il-toujours-le-plus-grand-au-monde\/","url":"https:\/\/dicodusport.fr\/blog\/utmb-2025-lultra-trail-du-mont-blanc-est-il-toujours-le-plus-grand-au-monde\/","name":"UTMB 2025 : L\u2019Ultra-Trail du Mont-Blanc est-il toujours le plus grand au monde ?","isPartOf":{"@id":"https:\/\/dicodusport.fr\/blog\/#website"},"primaryImageOfPage":{"@id":"https:\/\/dicodusport.fr\/blog\/utmb-2025-lultra-trail-du-mont-blanc-est-il-toujours-le-plus-grand-au-monde\/#primaryimage"},"image":{"@id":"https:\/\/dicodusport.fr\/blog\/utmb-2025-lultra-trail-du-mont-blanc-est-il-toujours-le-plus-grand-au-monde\/#primaryimage"},"thumbnailUrl":"https:\/\/dicodusport.fr\/blog\/wp-content\/uploads\/2025\/08\/UTMB-2025-LUltra-Trail-du-Mont-Blanc-est-il-toujours-le-plus-grand-au-monde.png","datePublished":"2025-08-24T10:00:51+00:00","dateModified":"2025-08-25T08:37:05+00:00","description":"ULTRA-TRAIL DU MONT-BLANC 2025 - A l'heure o\u00f9 l'UTMB continue de faire r\u00eaver les traileurs, la course est aussi remise en question.","breadcrumb":{"@id":"https:\/\/dicodusport.fr\/blog\/utmb-2025-lultra-trail-du-mont-blanc-est-il-toujours-le-plus-grand-au-monde\/#breadcrumb"},"inLanguage":"fr-FR","potentialAction":[{"@type":"ReadAction","target":["https:\/\/dicodusport.fr\/blog\/utmb-2025-lultra-trail-du-mont-blanc-est-il-toujours-le-plus-grand-au-monde\/"]}]},{"@type":"ImageObject","inLanguage":"fr-FR","@id":"https:\/\/dicodusport.fr\/blog\/utmb-2025-lultra-trail-du-mont-blanc-est-il-toujours-le-plus-grand-au-monde\/#primaryimage","url":"https:\/\/dicodusport.fr\/blog\/wp-content\/uploads\/2025\/08\/UTMB-2025-LUltra-Trail-du-Mont-Blanc-est-il-toujours-le-plus-grand-au-monde.png","contentUrl":"https:\/\/dicodusport.fr\/blog\/wp-content\/uploads\/2025\/08\/UTMB-2025-LUltra-Trail-du-Mont-Blanc-est-il-toujours-le-plus-grand-au-monde.png","width":1200,"height":674,"caption":"UTMB 2025 L\u2019Ultra-Trail du Mont-Blanc est-il toujours le plus grand au monde"},{"@type":"BreadcrumbList","@id":"https:\/\/dicodusport.fr\/blog\/utmb-2025-lultra-trail-du-mont-blanc-est-il-toujours-le-plus-grand-au-monde\/#breadcrumb","itemListElement":[{"@type":"ListItem","position":1,"name":"Accueil","item":"https:\/\/dicodusport.fr\/blog\/"},{"@type":"ListItem","position":2,"name":"UTMB 2025 : L\u2019Ultra-Trail du Mont-Blanc est-il toujours le plus grand au monde ?"}]},{"@type":"WebSite","@id":"https:\/\/dicodusport.fr\/blog\/#website","url":"https:\/\/dicodusport.fr\/blog\/","name":"Dicodusport","description":"L&#039;encyclop\u00e9die de l&#039;actualit\u00e9 sportive","publisher":{"@id":"https:\/\/dicodusport.fr\/blog\/#organization"},"potentialAction":[{"@type":"SearchAction","target":{"@type":"EntryPoint","urlTemplate":"https:\/\/dicodusport.fr\/blog\/?s={search_term_string}"},"query-input":{"@type":"PropertyValueSpecification","valueRequired":true,"valueName":"search_term_string"}}],"inLanguage":"fr-FR"},{"@type":"NewsMediaOrganization","@id":"https:\/\/dicodusport.fr\/blog\/#organization","name":"Dicodusport","url":"https:\/\/dicodusport.fr\/blog\/","logo":{"@type":"ImageObject","inLanguage":"fr-FR","@id":"https:\/\/dicodusport.fr\/blog\/#\/schema\/logo\/image\/","url":"https:\/\/dicodusport.fr\/blog\/wp-content\/uploads\/2020\/06\/cropped-LOGO-DICODUSPORT-2020-SANS-FOND-SANS-TEXTE.png","contentUrl":"https:\/\/dicodusport.fr\/blog\/wp-content\/uploads\/2020\/06\/cropped-LOGO-DICODUSPORT-2020-SANS-FOND-SANS-TEXTE.png","width":512,"height":512,"caption":"Dicodusport"},"image":{"@id":"https:\/\/dicodusport.fr\/blog\/#\/schema\/logo\/image\/"},"sameAs":["https:\/\/www.facebook.com\/dicodusport","https:\/\/x.com\/dicodusport","https:\/\/www.instagram.com\/dicodusport\/","https:\/\/www.youtube.com\/channel\/UC7V2KZ5sd3htJivAbA4ZG3w"],"description":"Dicodusport est l'encyclop\u00e9die de l'actualit\u00e9 sportive.","email":"bonjour@dicodusport.fr","legalName":"DICODUSPORT","foundingDate":"2018-01-14","vatID":"FR71834470973","taxID":"83447097300043","numberOfEmployees":{"@type":"QuantitativeValue","minValue":"1","maxValue":"10"}},{"@type":"Person","@id":"https:\/\/dicodusport.fr\/blog\/#\/schema\/person\/fe500246414ca17ddf0c0312d7a792cc","name":"Olivier Dobiezynski","image":{"@type":"ImageObject","inLanguage":"fr-FR","@id":"https:\/\/dicodusport.fr\/blog\/#\/schema\/person\/image\/","url":"https:\/\/dicodusport.fr\/blog\/wp-content\/uploads\/2024\/09\/5be8fe8d-9962-4f1e-ad06-d6f9dee30e6d-150x150.jpg","contentUrl":"https:\/\/dicodusport.fr\/blog\/wp-content\/uploads\/2024\/09\/5be8fe8d-9962-4f1e-ad06-d6f9dee30e6d-150x150.jpg","caption":"Olivier Dobiezynski"},"description":"Depuis le milieu des ann\u00e9es 90, la passion du cyclisme m'anime. Mes h\u00e9ros s'appellent Luc Leblanc, Piotr Ugrumov, Paolo Savoldelli, Peter Sagan et bien \u00e9videmment Romain Bardet. R\u00e9dacteur depuis 2023, je suis ici pour partager cet amour de la Petite Reine. Vous pourrez me lire \u00e9galement sur du trail, du ski de fond et tout autre sujet susceptible d'\u00e9veiller ma curiosit\u00e9 sportive.","sameAs":["https:\/\/x.com\/https:\/\/x.com\/Olivier_Matros"],"url":"https:\/\/dicodusport.fr\/blog\/author\/olivier-gh\/"}]}},"_links":{"self":[{"href":"https:\/\/dicodusport.fr\/blog\/wp-json\/wp\/v2\/posts\/604711","targetHints":{"allow":["GET"]}}],"collection":[{"href":"https:\/\/dicodusport.fr\/blog\/wp-json\/wp\/v2\/posts"}],"about":[{"href":"https:\/\/dicodusport.fr\/blog\/wp-json\/wp\/v2\/types\/post"}],"author":[{"embeddable":true,"href":"https:\/\/dicodusport.fr\/blog\/wp-json\/wp\/v2\/users\/92"}],"replies":[{"embeddable":true,"href":"https:\/\/dicodusport.fr\/blog\/wp-json\/wp\/v2\/comments?post=604711"}],"version-history":[{"count":5,"href":"https:\/\/dicodusport.fr\/blog\/wp-json\/wp\/v2\/posts\/604711\/revisions"}],"predecessor-version":[{"id":605371,"href":"https:\/\/dicodusport.fr\/blog\/wp-json\/wp\/v2\/posts\/604711\/revisions\/605371"}],"wp:featuredmedia":[{"embeddable":true,"href":"https:\/\/dicodusport.fr\/blog\/wp-json\/wp\/v2\/media\/604927"}],"wp:attachment":[{"href":"https:\/\/dicodusport.fr\/blog\/wp-json\/wp\/v2\/media?parent=604711"}],"wp:term":[{"taxonomy":"category","embeddable":true,"href":"https:\/\/dicodusport.fr\/blog\/wp-json\/wp\/v2\/categories?post=604711"},{"taxonomy":"post_tag","embeddable":true,"href":"https:\/\/dicodusport.fr\/blog\/wp-json\/wp\/v2\/tags?post=604711"}],"curies":[{"name":"wp","href":"https:\/\/api.w.org\/{rel}","templated":true}]}}