{"id":604725,"date":"2025-08-23T17:44:37","date_gmt":"2025-08-23T15:44:37","guid":{"rendered":"https:\/\/dicodusport.fr\/blog\/?p=604725&#038;preview=true&#038;preview_id=604725"},"modified":"2025-08-23T18:30:42","modified_gmt":"2025-08-23T16:30:42","slug":"tour-despagne-2025-victoire-au-sprint-de-jasper-philipsen-sur-la-1ere-etape","status":"publish","type":"post","link":"https:\/\/dicodusport.fr\/blog\/tour-despagne-2025-victoire-au-sprint-de-jasper-philipsen-sur-la-1ere-etape\/","title":{"rendered":"Tour d&rsquo;Espagne 2025 : Victoire au sprint de Jasper Philipsen sur la 1\u00e8re \u00e9tape"},"content":{"rendered":"<p style=\"text-align: justify;\"><strong><em>TOUR D&rsquo;ESPAGNE 2025 &#8211; Engag\u00e9 au dernier moment, Jasper Philipsen (Alpecin &#8211; Deceuninck) remporte la premi\u00e8re \u00e9tape au sprint et endosse le premier maillot rouge de leader.<\/em><\/strong><\/p>\n<ul style=\"text-align: justify;\">\n<li><strong>\u00c0 ce sujet &#8211; <a href=\"https:\/\/dicodusport.fr\/blog\/actualites\/cyclisme\/cyclisme-sur-route\/\">L\u2019actualit\u00e9 du cyclisme sur route<\/a><\/strong><\/li>\n<\/ul>\n<p style=\"text-align: justify;\">Grand d\u00e9part aujourd&rsquo;hui pour le dernier Grand Tour de la saison, le <strong>Tour d&rsquo;Espagne<\/strong>, qui pour l&rsquo;occasion partait \u2026 d&rsquo;Italie. De Turin \u00e0 Novara, les organisateurs ont propos\u00e9 une premi\u00e8re \u00e9tape d\u00e9di\u00e9e aux sprinteurs et une occasion pour eux, une fois n&rsquo;est pas coutume, de porter le maillot rouge de leader. Le dernier \u00e0 l&rsquo;avoir obtenu fut <strong>Daniele Bennati<\/strong> et cela remonte d\u00e9j\u00e0 \u00e0 2007. Il \u00e9tait clair que l&rsquo;inscription tardive de <strong>Jasper Philipsen<\/strong> (Alpecin &#8211; Deceuninck) sur l&rsquo;\u00e9preuve ib\u00e9rique n&rsquo;avait pour but que de porter cette tunique, apr\u00e8s un superbe maillot jaune du c\u00f4t\u00e9 de Lille sur la Grande Boucle cet \u00e9t\u00e9.<\/p>\n<ul style=\"text-align: justify;\">\n<li><strong>\u00c0 ce sujet &#8211; <a href=\"https:\/\/dicodusport.fr\/blog\/vuelta-classement-general-tour-despagne-2025-mis-a-jour\/\">Classement g\u00e9n\u00e9ral Tour d\u2019Espagne 2025 mis \u00e0 jour<\/a><\/strong><\/li>\n<\/ul>\n<h2 style=\"text-align: justify;\">Six \u00e9chapp\u00e9s pour animer les premiers d\u00e9bats<\/h2>\n<p style=\"text-align: justify;\">Tout d&rsquo;abord, un groupe de six hommes s&rsquo;est d\u00e9gag\u00e9 du peloton. Un nombre finalement assez convenable compte tenu du fait qu&rsquo;il s&rsquo;agit d&rsquo;une premi\u00e8re \u00e9tape. Ainsi, <strong>Pepijn Reinderink<\/strong> (Soudal Quick-Step), <strong>Nicolas Vinokurov<\/strong> (XDS &#8211; Astana), <strong>Joel Nicolau<\/strong> (Caja Rural &#8211; Seguros RGA), <strong>Koen Bouwman<\/strong> (Team Jayco AlUla), <strong>Alessandro Verre<\/strong> (Ark\u00e9a B&amp;B H\u00f4tels) et<strong> Hugo de la Calle<\/strong> (Burgos Burpellet BH) ont rapidement compt\u00e9 2 minutes d&rsquo;avance. Cependant, le peloton n&rsquo;a jamais laiss\u00e9 davantage et les \u00e9chapp\u00e9s ont finalement jou\u00e9 leur va-tout sur la seule difficult\u00e9 du parcours, la Serra (6,5 km \u00e0 5,2%). Apr\u00e8s une grosse bataille, g\u00e2ch\u00e9e par la r\u00e9alisation, <strong>Alessandro Verre<\/strong> a eu le dernier mot et portera demain la r\u00e9compense du jour avec le maillot bleu de meilleur grimpeur.<\/p>\n<h2 style=\"text-align: justify;\">Philipsen remplit son contrat<\/h2>\n<p style=\"text-align: justify;\">Apr\u00e8s un dernier raid solitaire d&rsquo;une vingtaine de kilom\u00e8tres d&rsquo;<strong>Hugo de la Calle<\/strong>, le peloton \u00e9tait de nouveau complet \u00e0 39 km de l&rsquo;arriv\u00e9e. Se pr\u00e9parait alors l&rsquo;habituel ballet des trains et un peloton beaucoup plus nerveux. N\u00e9anmoins, il est heureux de constater qu&rsquo;il n&rsquo;y a pas eu de chutes \u00e0 d\u00e9plorer. <strong>Jasper Philipsen<\/strong>, nettement au-dessus du lot, n&rsquo;aura donc pas fait le d\u00e9placement pour rien puisqu&rsquo;il s&rsquo;adjuge ce sprint et ram\u00e8ne un maillot de leader \u00e0 son \u00e9quipe Alpecin &#8211; Deceuninck, qui a maitris\u00e9 les d\u00e9bats en habitu\u00e9e de l&rsquo;exercice. <strong>Ethan Vernon<\/strong> (Israel Premier Tech) et <strong>Orluis Aular<\/strong> (Movistar) ont compl\u00e9t\u00e9 le podium du jour, \u00e0 distance respectable du Belge. Gros rat\u00e9 en revanche pour le Danois <strong>Mads Pedersen<\/strong> (Lidl-Trek), mal plac\u00e9 \u00e0 la flamme rouge, et finalement seulement 14\u00e8me.<\/p>\n<blockquote class=\"twitter-tweet\">\n<p dir=\"ltr\" lang=\"fr\">\ud83d\udfe1\ud83d\udd34 \ud835\udc00\ud835\udc29\ud835\udc2b\ud835\udc1e\u0300\ud835\udc2c \ud835\udc25\ud835\udc1e \ud835\udc23\ud835\udc1a\ud835\udc2e\ud835\udc27\ud835\udc1e, \ud835\udc25\ud835\udc1e \ud835\udc2b\ud835\udc28\ud835\udc2e\ud835\udc20\ud835\udc1e !<\/p>\n<p>Jasper Philipsen remporte facilement la premi\u00e8re \u00e9tape de la Vuelta et s&#8217;empare du maillot rouge de leader !<\/p>\n<p>Suivez le Tour d&rsquo;Espagne en exclusivit\u00e9 sur Eurosport et HBO Max<a href=\"https:\/\/twitter.com\/hashtag\/LesRP?src=hash&amp;ref_src=twsrc%5Etfw\">#LesRP<\/a> <a href=\"https:\/\/twitter.com\/hashtag\/LaVuelta25?src=hash&amp;ref_src=twsrc%5Etfw\">#LaVuelta25<\/a> <a href=\"https:\/\/t.co\/JLvloegVoH\">pic.twitter.com\/JLvloegVoH<\/a><\/p>\n<p>\u2014 Eurosport France (@Eurosport_FR) <a href=\"https:\/\/twitter.com\/Eurosport_FR\/status\/1959280908441125317?ref_src=twsrc%5Etfw\">August 23, 2025<\/a><\/p><\/blockquote>\n<p style=\"text-align: justify;\"><script async src=\"https:\/\/platform.twitter.com\/widgets.js\" charset=\"utf-8\"><\/script><\/p>\n<ul style=\"text-align: justify;\">\n<li style=\"text-align: justify;\"><strong>\u00c0 ce sujet &#8211;\u00a0<\/strong><a href=\"https:\/\/dicodusport.fr\/blog\/1ere-etape-tour-despagne-2025-classement-et-resultats\/\"><strong>1\u00e8re \u00e9tape Tour d\u2019Espagne 2025 \u2013 Classement et r\u00e9sultats<\/strong><\/a><\/li>\n<\/ul>\n","protected":false},"excerpt":{"rendered":"<p>Engag\u00e9 au dernier moment, Jasper Philipsen (Alpecin &#8211; Deceuninck) remporte la premi\u00e8re \u00e9tape au sprint et endosse le premier maillot rouge de leader.<\/p>\n","protected":false},"author":92,"featured_media":604840,"comment_status":"open","ping_status":"closed","sticky":false,"template":"","format":"standard","meta":{"_acf_changed":false,"_daextam_enable_autolinks":"1","footnotes":""},"categories":[47042],"tags":[16878,574,11197,24,1671,1670],"class_list":["post-604725","post","type-post","status-publish","format-standard","has-post-thumbnail","hentry","category-tour-d-espagne","tag-breve","tag-cyclisme","tag-cyclisme-sur-route","tag-sport","tag-tour-despagne","tag-vuelta"],"acf":[],"yoast_head":"<!-- This site is optimized with the Yoast SEO Premium plugin v26.7 (Yoast SEO v26.7) - https:\/\/yoast.com\/wordpress\/plugins\/seo\/ -->\n<title>Tour d&#039;Espagne 2025 : Victoire au sprint de Jasper Philipsen sur la 1\u00e8re \u00e9tape<\/title>\n<meta name=\"description\" content=\"TOUR D&#039;ESPAGNE 2025 - Jasper Philipsen (Alpecin - Deceuninck) remporte la premi\u00e8re \u00e9tape au sprint et endosse le premier maillot rouge.\" \/>\n<meta name=\"robots\" content=\"index, follow, max-snippet:-1, max-image-preview:large, max-video-preview:-1\" \/>\n<link rel=\"canonical\" href=\"https:\/\/dicodusport.fr\/blog\/tour-despagne-2025-victoire-au-sprint-de-jasper-philipsen-sur-la-1ere-etape\/\" \/>\n<meta property=\"og:locale\" content=\"fr_FR\" \/>\n<meta property=\"og:type\" content=\"article\" \/>\n<meta property=\"og:title\" content=\"Tour d&#039;Espagne 2025 : Victoire au sprint de Jasper Philipsen sur la 1\u00e8re \u00e9tape\" \/>\n<meta property=\"og:description\" content=\"TOUR D&#039;ESPAGNE 2025 - Jasper Philipsen (Alpecin - Deceuninck) remporte la premi\u00e8re \u00e9tape au sprint et endosse le premier maillot rouge.\" \/>\n<meta property=\"og:url\" content=\"https:\/\/dicodusport.fr\/blog\/tour-despagne-2025-victoire-au-sprint-de-jasper-philipsen-sur-la-1ere-etape\/\" \/>\n<meta property=\"og:site_name\" content=\"Dicodusport\" \/>\n<meta property=\"article:publisher\" content=\"https:\/\/www.facebook.com\/dicodusport\" \/>\n<meta property=\"article:published_time\" content=\"2025-08-23T15:44:37+00:00\" \/>\n<meta property=\"article:modified_time\" content=\"2025-08-23T16:30:42+00:00\" \/>\n<meta property=\"og:image\" content=\"https:\/\/dicodusport.fr\/blog\/wp-content\/uploads\/2025\/08\/Tour-dEspagne-2025-Victoire-au-sprint-de-Jasper-Philipsen-sur-la-1ere-etape-1.png\" \/>\n\t<meta property=\"og:image:width\" content=\"1200\" \/>\n\t<meta property=\"og:image:height\" content=\"674\" \/>\n\t<meta property=\"og:image:type\" content=\"image\/png\" \/>\n<meta name=\"author\" content=\"Olivier Dobiezynski\" \/>\n<meta name=\"twitter:card\" content=\"summary_large_image\" \/>\n<meta name=\"twitter:title\" content=\"Tour d&#039;Espagne 2025 : Victoire au sprint de Jasper Philipsen sur la 1\u00e8re \u00e9tape\" \/>\n<meta name=\"twitter:creator\" content=\"@https:\/\/x.com\/Olivier_Matros\" \/>\n<meta name=\"twitter:site\" content=\"@dicodusport\" \/>\n<script type=\"application\/ld+json\" class=\"yoast-schema-graph\">{\"@context\":\"https:\/\/schema.org\",\"@graph\":[{\"@type\":\"NewsArticle\",\"@id\":\"https:\/\/dicodusport.fr\/blog\/tour-despagne-2025-victoire-au-sprint-de-jasper-philipsen-sur-la-1ere-etape\/#article\",\"isPartOf\":{\"@id\":\"https:\/\/dicodusport.fr\/blog\/tour-despagne-2025-victoire-au-sprint-de-jasper-philipsen-sur-la-1ere-etape\/\"},\"author\":{\"name\":\"Olivier Dobiezynski\",\"@id\":\"https:\/\/dicodusport.fr\/blog\/#\/schema\/person\/fe500246414ca17ddf0c0312d7a792cc\"},\"headline\":\"Tour d&rsquo;Espagne 2025 : Victoire au sprint de Jasper Philipsen sur la 1\u00e8re \u00e9tape\",\"datePublished\":\"2025-08-23T15:44:37+00:00\",\"dateModified\":\"2025-08-23T16:30:42+00:00\",\"mainEntityOfPage\":{\"@id\":\"https:\/\/dicodusport.fr\/blog\/tour-despagne-2025-victoire-au-sprint-de-jasper-philipsen-sur-la-1ere-etape\/\"},\"wordCount\":527,\"commentCount\":0,\"publisher\":{\"@id\":\"https:\/\/dicodusport.fr\/blog\/#organization\"},\"image\":{\"@id\":\"https:\/\/dicodusport.fr\/blog\/tour-despagne-2025-victoire-au-sprint-de-jasper-philipsen-sur-la-1ere-etape\/#primaryimage\"},\"thumbnailUrl\":\"https:\/\/dicodusport.fr\/blog\/wp-content\/uploads\/2025\/08\/Tour-dEspagne-2025-Victoire-au-sprint-de-Jasper-Philipsen-sur-la-1ere-etape-1.png\",\"keywords\":[\"br\u00e8ve\",\"Cyclisme\",\"Cyclisme sur route\",\"sport\",\"Tour d'Espagne\",\"Vuelta\"],\"articleSection\":[\"Tour d'Espagne\"],\"inLanguage\":\"fr-FR\",\"potentialAction\":[{\"@type\":\"CommentAction\",\"name\":\"Comment\",\"target\":[\"https:\/\/dicodusport.fr\/blog\/tour-despagne-2025-victoire-au-sprint-de-jasper-philipsen-sur-la-1ere-etape\/#respond\"]}],\"copyrightYear\":\"2025\",\"copyrightHolder\":{\"@id\":\"https:\/\/dicodusport.fr\/blog\/#organization\"}},{\"@type\":\"WebPage\",\"@id\":\"https:\/\/dicodusport.fr\/blog\/tour-despagne-2025-victoire-au-sprint-de-jasper-philipsen-sur-la-1ere-etape\/\",\"url\":\"https:\/\/dicodusport.fr\/blog\/tour-despagne-2025-victoire-au-sprint-de-jasper-philipsen-sur-la-1ere-etape\/\",\"name\":\"Tour d'Espagne 2025 : Victoire au sprint de Jasper Philipsen sur la 1\u00e8re \u00e9tape\",\"isPartOf\":{\"@id\":\"https:\/\/dicodusport.fr\/blog\/#website\"},\"primaryImageOfPage\":{\"@id\":\"https:\/\/dicodusport.fr\/blog\/tour-despagne-2025-victoire-au-sprint-de-jasper-philipsen-sur-la-1ere-etape\/#primaryimage\"},\"image\":{\"@id\":\"https:\/\/dicodusport.fr\/blog\/tour-despagne-2025-victoire-au-sprint-de-jasper-philipsen-sur-la-1ere-etape\/#primaryimage\"},\"thumbnailUrl\":\"https:\/\/dicodusport.fr\/blog\/wp-content\/uploads\/2025\/08\/Tour-dEspagne-2025-Victoire-au-sprint-de-Jasper-Philipsen-sur-la-1ere-etape-1.png\",\"datePublished\":\"2025-08-23T15:44:37+00:00\",\"dateModified\":\"2025-08-23T16:30:42+00:00\",\"description\":\"TOUR D'ESPAGNE 2025 - Jasper Philipsen (Alpecin - Deceuninck) remporte la premi\u00e8re \u00e9tape au sprint et endosse le premier maillot rouge.\",\"breadcrumb\":{\"@id\":\"https:\/\/dicodusport.fr\/blog\/tour-despagne-2025-victoire-au-sprint-de-jasper-philipsen-sur-la-1ere-etape\/#breadcrumb\"},\"inLanguage\":\"fr-FR\",\"potentialAction\":[{\"@type\":\"ReadAction\",\"target\":[\"https:\/\/dicodusport.fr\/blog\/tour-despagne-2025-victoire-au-sprint-de-jasper-philipsen-sur-la-1ere-etape\/\"]}]},{\"@type\":\"ImageObject\",\"inLanguage\":\"fr-FR\",\"@id\":\"https:\/\/dicodusport.fr\/blog\/tour-despagne-2025-victoire-au-sprint-de-jasper-philipsen-sur-la-1ere-etape\/#primaryimage\",\"url\":\"https:\/\/dicodusport.fr\/blog\/wp-content\/uploads\/2025\/08\/Tour-dEspagne-2025-Victoire-au-sprint-de-Jasper-Philipsen-sur-la-1ere-etape-1.png\",\"contentUrl\":\"https:\/\/dicodusport.fr\/blog\/wp-content\/uploads\/2025\/08\/Tour-dEspagne-2025-Victoire-au-sprint-de-Jasper-Philipsen-sur-la-1ere-etape-1.png\",\"width\":1200,\"height\":674,\"caption\":\"Tour d'Espagne 2025 Victoire au sprint de Jasper Philipsen sur la 1\u00e8re \u00e9tape\"},{\"@type\":\"BreadcrumbList\",\"@id\":\"https:\/\/dicodusport.fr\/blog\/tour-despagne-2025-victoire-au-sprint-de-jasper-philipsen-sur-la-1ere-etape\/#breadcrumb\",\"itemListElement\":[{\"@type\":\"ListItem\",\"position\":1,\"name\":\"Accueil\",\"item\":\"https:\/\/dicodusport.fr\/blog\/\"},{\"@type\":\"ListItem\",\"position\":2,\"name\":\"Tour d&rsquo;Espagne 2025 : Victoire au sprint de Jasper Philipsen sur la 1\u00e8re \u00e9tape\"}]},{\"@type\":\"WebSite\",\"@id\":\"https:\/\/dicodusport.fr\/blog\/#website\",\"url\":\"https:\/\/dicodusport.fr\/blog\/\",\"name\":\"Dicodusport\",\"description\":\"L&#039;encyclop\u00e9die de l&#039;actualit\u00e9 sportive\",\"publisher\":{\"@id\":\"https:\/\/dicodusport.fr\/blog\/#organization\"},\"potentialAction\":[{\"@type\":\"SearchAction\",\"target\":{\"@type\":\"EntryPoint\",\"urlTemplate\":\"https:\/\/dicodusport.fr\/blog\/?s={search_term_string}\"},\"query-input\":{\"@type\":\"PropertyValueSpecification\",\"valueRequired\":true,\"valueName\":\"search_term_string\"}}],\"inLanguage\":\"fr-FR\"},{\"@type\":\"NewsMediaOrganization\",\"@id\":\"https:\/\/dicodusport.fr\/blog\/#organization\",\"name\":\"Dicodusport\",\"url\":\"https:\/\/dicodusport.fr\/blog\/\",\"logo\":{\"@type\":\"ImageObject\",\"inLanguage\":\"fr-FR\",\"@id\":\"https:\/\/dicodusport.fr\/blog\/#\/schema\/logo\/image\/\",\"url\":\"https:\/\/dicodusport.fr\/blog\/wp-content\/uploads\/2020\/06\/cropped-LOGO-DICODUSPORT-2020-SANS-FOND-SANS-TEXTE.png\",\"contentUrl\":\"https:\/\/dicodusport.fr\/blog\/wp-content\/uploads\/2020\/06\/cropped-LOGO-DICODUSPORT-2020-SANS-FOND-SANS-TEXTE.png\",\"width\":512,\"height\":512,\"caption\":\"Dicodusport\"},\"image\":{\"@id\":\"https:\/\/dicodusport.fr\/blog\/#\/schema\/logo\/image\/\"},\"sameAs\":[\"https:\/\/www.facebook.com\/dicodusport\",\"https:\/\/x.com\/dicodusport\",\"https:\/\/www.instagram.com\/dicodusport\/\",\"https:\/\/www.youtube.com\/channel\/UC7V2KZ5sd3htJivAbA4ZG3w\"],\"description\":\"Dicodusport est l'encyclop\u00e9die de l'actualit\u00e9 sportive.\",\"email\":\"bonjour@dicodusport.fr\",\"legalName\":\"DICODUSPORT\",\"foundingDate\":\"2018-01-14\",\"vatID\":\"FR71834470973\",\"taxID\":\"83447097300043\",\"numberOfEmployees\":{\"@type\":\"QuantitativeValue\",\"minValue\":\"1\",\"maxValue\":\"10\"}},{\"@type\":\"Person\",\"@id\":\"https:\/\/dicodusport.fr\/blog\/#\/schema\/person\/fe500246414ca17ddf0c0312d7a792cc\",\"name\":\"Olivier Dobiezynski\",\"image\":{\"@type\":\"ImageObject\",\"inLanguage\":\"fr-FR\",\"@id\":\"https:\/\/dicodusport.fr\/blog\/#\/schema\/person\/image\/\",\"url\":\"https:\/\/dicodusport.fr\/blog\/wp-content\/uploads\/2024\/09\/5be8fe8d-9962-4f1e-ad06-d6f9dee30e6d-150x150.jpg\",\"contentUrl\":\"https:\/\/dicodusport.fr\/blog\/wp-content\/uploads\/2024\/09\/5be8fe8d-9962-4f1e-ad06-d6f9dee30e6d-150x150.jpg\",\"caption\":\"Olivier Dobiezynski\"},\"description\":\"Depuis le milieu des ann\u00e9es 90, la passion du cyclisme m'anime. Mes h\u00e9ros s'appellent Luc Leblanc, Piotr Ugrumov, Paolo Savoldelli, Peter Sagan et bien \u00e9videmment Romain Bardet. R\u00e9dacteur depuis 2023, je suis ici pour partager cet amour de la Petite Reine. Vous pourrez me lire \u00e9galement sur du trail, du ski de fond et tout autre sujet susceptible d'\u00e9veiller ma curiosit\u00e9 sportive.\",\"sameAs\":[\"https:\/\/x.com\/https:\/\/x.com\/Olivier_Matros\"],\"url\":\"https:\/\/dicodusport.fr\/blog\/author\/olivier-gh\/\"}]}<\/script>\n<!-- \/ Yoast SEO Premium plugin. -->","yoast_head_json":{"title":"Tour d'Espagne 2025 : Victoire au sprint de Jasper Philipsen sur la 1\u00e8re \u00e9tape","description":"TOUR D'ESPAGNE 2025 - Jasper Philipsen (Alpecin - Deceuninck) remporte la premi\u00e8re \u00e9tape au sprint et endosse le premier maillot rouge.","robots":{"index":"index","follow":"follow","max-snippet":"max-snippet:-1","max-image-preview":"max-image-preview:large","max-video-preview":"max-video-preview:-1"},"canonical":"https:\/\/dicodusport.fr\/blog\/tour-despagne-2025-victoire-au-sprint-de-jasper-philipsen-sur-la-1ere-etape\/","og_locale":"fr_FR","og_type":"article","og_title":"Tour d'Espagne 2025 : Victoire au sprint de Jasper Philipsen sur la 1\u00e8re \u00e9tape","og_description":"TOUR D'ESPAGNE 2025 - Jasper Philipsen (Alpecin - Deceuninck) remporte la premi\u00e8re \u00e9tape au sprint et endosse le premier maillot rouge.","og_url":"https:\/\/dicodusport.fr\/blog\/tour-despagne-2025-victoire-au-sprint-de-jasper-philipsen-sur-la-1ere-etape\/","og_site_name":"Dicodusport","article_publisher":"https:\/\/www.facebook.com\/dicodusport","article_published_time":"2025-08-23T15:44:37+00:00","article_modified_time":"2025-08-23T16:30:42+00:00","og_image":[{"width":1200,"height":674,"url":"https:\/\/dicodusport.fr\/blog\/wp-content\/uploads\/2025\/08\/Tour-dEspagne-2025-Victoire-au-sprint-de-Jasper-Philipsen-sur-la-1ere-etape-1.png","type":"image\/png"}],"author":"Olivier Dobiezynski","twitter_card":"summary_large_image","twitter_title":"Tour d'Espagne 2025 : Victoire au sprint de Jasper Philipsen sur la 1\u00e8re \u00e9tape","twitter_creator":"@https:\/\/x.com\/Olivier_Matros","twitter_site":"@dicodusport","schema":{"@context":"https:\/\/schema.org","@graph":[{"@type":"NewsArticle","@id":"https:\/\/dicodusport.fr\/blog\/tour-despagne-2025-victoire-au-sprint-de-jasper-philipsen-sur-la-1ere-etape\/#article","isPartOf":{"@id":"https:\/\/dicodusport.fr\/blog\/tour-despagne-2025-victoire-au-sprint-de-jasper-philipsen-sur-la-1ere-etape\/"},"author":{"name":"Olivier Dobiezynski","@id":"https:\/\/dicodusport.fr\/blog\/#\/schema\/person\/fe500246414ca17ddf0c0312d7a792cc"},"headline":"Tour d&rsquo;Espagne 2025 : Victoire au sprint de Jasper Philipsen sur la 1\u00e8re \u00e9tape","datePublished":"2025-08-23T15:44:37+00:00","dateModified":"2025-08-23T16:30:42+00:00","mainEntityOfPage":{"@id":"https:\/\/dicodusport.fr\/blog\/tour-despagne-2025-victoire-au-sprint-de-jasper-philipsen-sur-la-1ere-etape\/"},"wordCount":527,"commentCount":0,"publisher":{"@id":"https:\/\/dicodusport.fr\/blog\/#organization"},"image":{"@id":"https:\/\/dicodusport.fr\/blog\/tour-despagne-2025-victoire-au-sprint-de-jasper-philipsen-sur-la-1ere-etape\/#primaryimage"},"thumbnailUrl":"https:\/\/dicodusport.fr\/blog\/wp-content\/uploads\/2025\/08\/Tour-dEspagne-2025-Victoire-au-sprint-de-Jasper-Philipsen-sur-la-1ere-etape-1.png","keywords":["br\u00e8ve","Cyclisme","Cyclisme sur route","sport","Tour d'Espagne","Vuelta"],"articleSection":["Tour d'Espagne"],"inLanguage":"fr-FR","potentialAction":[{"@type":"CommentAction","name":"Comment","target":["https:\/\/dicodusport.fr\/blog\/tour-despagne-2025-victoire-au-sprint-de-jasper-philipsen-sur-la-1ere-etape\/#respond"]}],"copyrightYear":"2025","copyrightHolder":{"@id":"https:\/\/dicodusport.fr\/blog\/#organization"}},{"@type":"WebPage","@id":"https:\/\/dicodusport.fr\/blog\/tour-despagne-2025-victoire-au-sprint-de-jasper-philipsen-sur-la-1ere-etape\/","url":"https:\/\/dicodusport.fr\/blog\/tour-despagne-2025-victoire-au-sprint-de-jasper-philipsen-sur-la-1ere-etape\/","name":"Tour d'Espagne 2025 : Victoire au sprint de Jasper Philipsen sur la 1\u00e8re \u00e9tape","isPartOf":{"@id":"https:\/\/dicodusport.fr\/blog\/#website"},"primaryImageOfPage":{"@id":"https:\/\/dicodusport.fr\/blog\/tour-despagne-2025-victoire-au-sprint-de-jasper-philipsen-sur-la-1ere-etape\/#primaryimage"},"image":{"@id":"https:\/\/dicodusport.fr\/blog\/tour-despagne-2025-victoire-au-sprint-de-jasper-philipsen-sur-la-1ere-etape\/#primaryimage"},"thumbnailUrl":"https:\/\/dicodusport.fr\/blog\/wp-content\/uploads\/2025\/08\/Tour-dEspagne-2025-Victoire-au-sprint-de-Jasper-Philipsen-sur-la-1ere-etape-1.png","datePublished":"2025-08-23T15:44:37+00:00","dateModified":"2025-08-23T16:30:42+00:00","description":"TOUR D'ESPAGNE 2025 - Jasper Philipsen (Alpecin - Deceuninck) remporte la premi\u00e8re \u00e9tape au sprint et endosse le premier maillot rouge.","breadcrumb":{"@id":"https:\/\/dicodusport.fr\/blog\/tour-despagne-2025-victoire-au-sprint-de-jasper-philipsen-sur-la-1ere-etape\/#breadcrumb"},"inLanguage":"fr-FR","potentialAction":[{"@type":"ReadAction","target":["https:\/\/dicodusport.fr\/blog\/tour-despagne-2025-victoire-au-sprint-de-jasper-philipsen-sur-la-1ere-etape\/"]}]},{"@type":"ImageObject","inLanguage":"fr-FR","@id":"https:\/\/dicodusport.fr\/blog\/tour-despagne-2025-victoire-au-sprint-de-jasper-philipsen-sur-la-1ere-etape\/#primaryimage","url":"https:\/\/dicodusport.fr\/blog\/wp-content\/uploads\/2025\/08\/Tour-dEspagne-2025-Victoire-au-sprint-de-Jasper-Philipsen-sur-la-1ere-etape-1.png","contentUrl":"https:\/\/dicodusport.fr\/blog\/wp-content\/uploads\/2025\/08\/Tour-dEspagne-2025-Victoire-au-sprint-de-Jasper-Philipsen-sur-la-1ere-etape-1.png","width":1200,"height":674,"caption":"Tour d'Espagne 2025 Victoire au sprint de Jasper Philipsen sur la 1\u00e8re \u00e9tape"},{"@type":"BreadcrumbList","@id":"https:\/\/dicodusport.fr\/blog\/tour-despagne-2025-victoire-au-sprint-de-jasper-philipsen-sur-la-1ere-etape\/#breadcrumb","itemListElement":[{"@type":"ListItem","position":1,"name":"Accueil","item":"https:\/\/dicodusport.fr\/blog\/"},{"@type":"ListItem","position":2,"name":"Tour d&rsquo;Espagne 2025 : Victoire au sprint de Jasper Philipsen sur la 1\u00e8re \u00e9tape"}]},{"@type":"WebSite","@id":"https:\/\/dicodusport.fr\/blog\/#website","url":"https:\/\/dicodusport.fr\/blog\/","name":"Dicodusport","description":"L&#039;encyclop\u00e9die de l&#039;actualit\u00e9 sportive","publisher":{"@id":"https:\/\/dicodusport.fr\/blog\/#organization"},"potentialAction":[{"@type":"SearchAction","target":{"@type":"EntryPoint","urlTemplate":"https:\/\/dicodusport.fr\/blog\/?s={search_term_string}"},"query-input":{"@type":"PropertyValueSpecification","valueRequired":true,"valueName":"search_term_string"}}],"inLanguage":"fr-FR"},{"@type":"NewsMediaOrganization","@id":"https:\/\/dicodusport.fr\/blog\/#organization","name":"Dicodusport","url":"https:\/\/dicodusport.fr\/blog\/","logo":{"@type":"ImageObject","inLanguage":"fr-FR","@id":"https:\/\/dicodusport.fr\/blog\/#\/schema\/logo\/image\/","url":"https:\/\/dicodusport.fr\/blog\/wp-content\/uploads\/2020\/06\/cropped-LOGO-DICODUSPORT-2020-SANS-FOND-SANS-TEXTE.png","contentUrl":"https:\/\/dicodusport.fr\/blog\/wp-content\/uploads\/2020\/06\/cropped-LOGO-DICODUSPORT-2020-SANS-FOND-SANS-TEXTE.png","width":512,"height":512,"caption":"Dicodusport"},"image":{"@id":"https:\/\/dicodusport.fr\/blog\/#\/schema\/logo\/image\/"},"sameAs":["https:\/\/www.facebook.com\/dicodusport","https:\/\/x.com\/dicodusport","https:\/\/www.instagram.com\/dicodusport\/","https:\/\/www.youtube.com\/channel\/UC7V2KZ5sd3htJivAbA4ZG3w"],"description":"Dicodusport est l'encyclop\u00e9die de l'actualit\u00e9 sportive.","email":"bonjour@dicodusport.fr","legalName":"DICODUSPORT","foundingDate":"2018-01-14","vatID":"FR71834470973","taxID":"83447097300043","numberOfEmployees":{"@type":"QuantitativeValue","minValue":"1","maxValue":"10"}},{"@type":"Person","@id":"https:\/\/dicodusport.fr\/blog\/#\/schema\/person\/fe500246414ca17ddf0c0312d7a792cc","name":"Olivier Dobiezynski","image":{"@type":"ImageObject","inLanguage":"fr-FR","@id":"https:\/\/dicodusport.fr\/blog\/#\/schema\/person\/image\/","url":"https:\/\/dicodusport.fr\/blog\/wp-content\/uploads\/2024\/09\/5be8fe8d-9962-4f1e-ad06-d6f9dee30e6d-150x150.jpg","contentUrl":"https:\/\/dicodusport.fr\/blog\/wp-content\/uploads\/2024\/09\/5be8fe8d-9962-4f1e-ad06-d6f9dee30e6d-150x150.jpg","caption":"Olivier Dobiezynski"},"description":"Depuis le milieu des ann\u00e9es 90, la passion du cyclisme m'anime. Mes h\u00e9ros s'appellent Luc Leblanc, Piotr Ugrumov, Paolo Savoldelli, Peter Sagan et bien \u00e9videmment Romain Bardet. R\u00e9dacteur depuis 2023, je suis ici pour partager cet amour de la Petite Reine. Vous pourrez me lire \u00e9galement sur du trail, du ski de fond et tout autre sujet susceptible d'\u00e9veiller ma curiosit\u00e9 sportive.","sameAs":["https:\/\/x.com\/https:\/\/x.com\/Olivier_Matros"],"url":"https:\/\/dicodusport.fr\/blog\/author\/olivier-gh\/"}]}},"_links":{"self":[{"href":"https:\/\/dicodusport.fr\/blog\/wp-json\/wp\/v2\/posts\/604725","targetHints":{"allow":["GET"]}}],"collection":[{"href":"https:\/\/dicodusport.fr\/blog\/wp-json\/wp\/v2\/posts"}],"about":[{"href":"https:\/\/dicodusport.fr\/blog\/wp-json\/wp\/v2\/types\/post"}],"author":[{"embeddable":true,"href":"https:\/\/dicodusport.fr\/blog\/wp-json\/wp\/v2\/users\/92"}],"replies":[{"embeddable":true,"href":"https:\/\/dicodusport.fr\/blog\/wp-json\/wp\/v2\/comments?post=604725"}],"version-history":[{"count":5,"href":"https:\/\/dicodusport.fr\/blog\/wp-json\/wp\/v2\/posts\/604725\/revisions"}],"predecessor-version":[{"id":604832,"href":"https:\/\/dicodusport.fr\/blog\/wp-json\/wp\/v2\/posts\/604725\/revisions\/604832"}],"wp:featuredmedia":[{"embeddable":true,"href":"https:\/\/dicodusport.fr\/blog\/wp-json\/wp\/v2\/media\/604840"}],"wp:attachment":[{"href":"https:\/\/dicodusport.fr\/blog\/wp-json\/wp\/v2\/media?parent=604725"}],"wp:term":[{"taxonomy":"category","embeddable":true,"href":"https:\/\/dicodusport.fr\/blog\/wp-json\/wp\/v2\/categories?post=604725"},{"taxonomy":"post_tag","embeddable":true,"href":"https:\/\/dicodusport.fr\/blog\/wp-json\/wp\/v2\/tags?post=604725"}],"curies":[{"name":"wp","href":"https:\/\/api.w.org\/{rel}","templated":true}]}}