{"id":605397,"date":"2025-08-25T13:16:03","date_gmt":"2025-08-25T11:16:03","guid":{"rendered":"https:\/\/dicodusport.fr\/blog\/?p=605397&#038;preview=true&#038;preview_id=605397"},"modified":"2025-08-25T13:22:39","modified_gmt":"2025-08-25T11:22:39","slug":"transferts-ol-facundo-buonanotte-a-dit-oui-a-lyon","status":"publish","type":"post","link":"https:\/\/dicodusport.fr\/blog\/transferts-ol-facundo-buonanotte-a-dit-oui-a-lyon\/","title":{"rendered":"Transferts OL : Facundo Buonanotte a dit oui \u00e0 Lyon"},"content":{"rendered":"<p style=\"text-align: justify;\"><strong><em>TRANSFERTS OM &#8211; Selon L&rsquo;\u00c9quipe, Facundo Buonanotte a \u00e9t\u00e9 convaincu par le projet de l&rsquo;Olympique Lyonnais.<br \/>\n<\/em><\/strong><\/p>\n<ul style=\"text-align: justify;\">\n<li><strong>\u00c0 ce sujet &#8211; <a href=\"https:\/\/dicodusport.fr\/blog\/transferts-om-la-direction-pas-informee-adrien-rabiot-ne-ferme-pas-la-porte-a-marseille\/\" target=\"_blank\" rel=\"noopener\">Transferts OM : La direction pas inform\u00e9e, Adrien Rabiot ne ferme pas la porte \u00e0 Marseille<\/a><\/strong><\/li>\n<\/ul>\n<p style=\"text-align: justify;\">La derni\u00e8re semaine du mercato s&rsquo;annonce agit\u00e9e \u00e0 <strong>Lyon<\/strong>, dans les deux sens, arriv\u00e9es comme d\u00e9parts. M\u00eame si tout le monde aimerait garder <strong>Malick<\/strong> <strong>Fofana<\/strong>, il est probable que l&rsquo;ailier belge plie bagages avant la fin du mois d&rsquo;ao\u00fbt. Les dirigeants lyonnais sont donc en qu\u00eate de deux renforts offensifs si le d\u00e9part du <strong>Belge<\/strong> se confirme.<\/p>\n<div class=\"vlp-link-container vlp-layout-article\"><a href=\"https:\/\/dicodusport.fr\/blog\/transferts-ol-sael-kumbedi-devrait-quitter-lyon-pour-lallemagne\/\" class=\"vlp-link\" title=\"Transferts OL : Sa\u00ebl Kumbedi devrait quitter Lyon pour l&#039;Allemagne\"><\/a><div class=\"vlp-layout-zone-side\"><div class=\"vlp-block-4 vlp-link-image\"><img loading=\"lazy\" decoding=\"async\" style=\"max-width: 792px;\" width=\"792\" height=\"445\" src=\"https:\/\/dicodusport.fr\/blog\/wp-content\/uploads\/2025\/08\/Transferts-OL-Sael-Kumbedi-devrait-quitter-Lyon-pour-lAllemagne.png\" class=\"attachment-800x445 size-800x445\" alt=\"Transferts OL : Sa\u00ebl Kumbedi devrait quitter Lyon pour l&#039;Allemagne\" srcset=\"https:\/\/dicodusport.fr\/blog\/wp-content\/uploads\/2025\/08\/Transferts-OL-Sael-Kumbedi-devrait-quitter-Lyon-pour-lAllemagne.png 1200w, https:\/\/dicodusport.fr\/blog\/wp-content\/uploads\/2025\/08\/Transferts-OL-Sael-Kumbedi-devrait-quitter-Lyon-pour-lAllemagne-300x169.png 300w, https:\/\/dicodusport.fr\/blog\/wp-content\/uploads\/2025\/08\/Transferts-OL-Sael-Kumbedi-devrait-quitter-Lyon-pour-lAllemagne-1024x575.png 1024w, https:\/\/dicodusport.fr\/blog\/wp-content\/uploads\/2025\/08\/Transferts-OL-Sael-Kumbedi-devrait-quitter-Lyon-pour-lAllemagne-768x431.png 768w\" sizes=\"auto, (max-width: 792px) 100vw, 792px\" \/><\/div><\/div><div class=\"vlp-layout-zone-main\"><div class=\"vlp-block-0 vlp-link-title\">Transferts OL : Sa\u00ebl Kumbedi devrait quitter Lyon pour l'Allemagne<\/div><div class=\"vlp-block-1 vlp-link-summary\">TRANSFERTS OL - Courtis\u00e9 en cette fin de mercato, le lat\u00e9ral lyonnais Sa\u00ebl Kumbedi est sur le point de filer en Bundesliga.<\/div><div class=\"vlp-block-2 vlp-link-button\">Lire l'article<\/div><div class=\"vlp-block-3 vlp-link-url\">dicodusport.fr<\/div><\/div><\/div>\n<h2 style=\"text-align: justify;\">Facundo Buonanotte \u00e0 l&rsquo;OL ?<\/h2>\n<p style=\"text-align: justify;\">Depuis plusieurs semaines, l&rsquo;Olympique Lyonnais a coch\u00e9 le nom du milieu argentin <strong>Facundo<\/strong> <strong>Buonanotte<\/strong>. La concurrence est rude sur ce dossier avec notamment le Borussia Dortmund qui en avait fait sa priorit\u00e9. Mais selon nos confr\u00e8res, l&rsquo;international argentin a \u00e9t\u00e9 conquis par le projet du club fran\u00e7ais et a fait part de son envie de rejoindre les Gones.<\/p>\n<p style=\"text-align: justify;\">Et pourtant, le dossier est loin d&rsquo;\u00eatre boucl\u00e9 puisque <strong>Brighton<\/strong> souhaite pr\u00eater son joueur en <strong>Premier<\/strong> <strong>League<\/strong>. L&rsquo;<strong>OL<\/strong>, qui veut se faire pr\u00eater le joueur sans option d&rsquo;achat, va donc devoir se montrer convaincant pour obtenir l&rsquo;aval du club anglais. Le dossier pourrait se d\u00e9canter dans les derni\u00e8res heures du mercato.<\/p>\n<h3 style=\"text-align: justify;\">\u00c0 ce sujet<\/h3>\n<div class=\"vlp-link-container vlp-layout-article\"><a href=\"https:\/\/dicodusport.fr\/blog\/mercato-ol-2025-2026-le-tableau-complet-des-transferts-arrivees-et-departs\/\" class=\"vlp-link\" title=\"Mercato OL 2025-2026 : Le tableau complet des transferts, arriv\u00e9es et d\u00e9parts\"><\/a><div class=\"vlp-layout-zone-side\"><div class=\"vlp-block-4 vlp-link-image\"><img loading=\"lazy\" decoding=\"async\" style=\"max-width: 792px;\" width=\"792\" height=\"445\" src=\"https:\/\/dicodusport.fr\/blog\/wp-content\/uploads\/2025\/05\/Mercato-OL-2025-2026-Le-tableau-complet-des-transferts-arrivees-et-departs.png\" class=\"attachment-800x445 size-800x445\" alt=\"Mercato OL 2025-2026 Le tableau complet des transferts, arriv\u00e9es et d\u00e9parts\" srcset=\"https:\/\/dicodusport.fr\/blog\/wp-content\/uploads\/2025\/05\/Mercato-OL-2025-2026-Le-tableau-complet-des-transferts-arrivees-et-departs.png 1200w, https:\/\/dicodusport.fr\/blog\/wp-content\/uploads\/2025\/05\/Mercato-OL-2025-2026-Le-tableau-complet-des-transferts-arrivees-et-departs-300x169.png 300w, https:\/\/dicodusport.fr\/blog\/wp-content\/uploads\/2025\/05\/Mercato-OL-2025-2026-Le-tableau-complet-des-transferts-arrivees-et-departs-1024x575.png 1024w, https:\/\/dicodusport.fr\/blog\/wp-content\/uploads\/2025\/05\/Mercato-OL-2025-2026-Le-tableau-complet-des-transferts-arrivees-et-departs-768x431.png 768w\" sizes=\"auto, (max-width: 792px) 100vw, 792px\" \/><\/div><\/div><div class=\"vlp-layout-zone-main\"><div class=\"vlp-block-0 vlp-link-title\">Mercato OL 2025-2026 : Le tableau complet des transferts, arriv\u00e9es et d\u00e9parts<\/div><div class=\"vlp-block-1 vlp-link-summary\">TRANSFERTS OL - Retrouvez tous les mouvements de l'Olympique Lyonnais pour l'intersaison 2025 en Ligue 1. Arriv\u00e9es, d\u00e9part, pr\u00eats, transferts d\u00e9finitifs, ne ratez rien du mercato estival.\u00a0<\/div><div class=\"vlp-block-2 vlp-link-button\">Lire l'article<\/div><div class=\"vlp-block-3 vlp-link-url\">dicodusport.fr<\/div><\/div><\/div>\n","protected":false},"excerpt":{"rendered":"<p>TRANSFERTS OM &#8211; Selon L&rsquo;\u00c9quipe, Facundo Buonanotte a \u00e9t\u00e9 convaincu par le projet de l&rsquo;Olympique Lyonnais.<\/p>\n","protected":false},"author":1,"featured_media":605398,"comment_status":"open","ping_status":"closed","sticky":false,"template":"","format":"standard","meta":{"_acf_changed":false,"_daextam_enable_autolinks":"1","footnotes":""},"categories":[47045],"tags":[16878,1554,1145],"class_list":["post-605397","post","type-post","status-publish","format-standard","has-post-thumbnail","hentry","category-ligue-1","tag-breve","tag-ligue-1","tag-ol"],"acf":[],"yoast_head":"<!-- This site is optimized with the Yoast SEO Premium plugin v26.7 (Yoast SEO v26.7) - https:\/\/yoast.com\/wordpress\/plugins\/seo\/ -->\n<title>Transferts OL : Facundo Buonanotte a dit oui \u00e0 Lyon<\/title>\n<meta name=\"description\" content=\"TRANSFERTS OM - Selon L&#039;\u00c9quipe, Facundo Buonanotte a \u00e9t\u00e9 convaincu par le projet de l&#039;Olympique Lyonnais.\" \/>\n<meta name=\"robots\" content=\"index, follow, max-snippet:-1, max-image-preview:large, max-video-preview:-1\" \/>\n<link rel=\"canonical\" href=\"https:\/\/dicodusport.fr\/blog\/transferts-ol-facundo-buonanotte-a-dit-oui-a-lyon\/\" \/>\n<meta property=\"og:locale\" content=\"fr_FR\" \/>\n<meta property=\"og:type\" content=\"article\" \/>\n<meta property=\"og:title\" content=\"Transferts OL : Facundo Buonanotte a dit oui \u00e0 Lyon\" \/>\n<meta property=\"og:description\" content=\"TRANSFERTS OM - Selon L&#039;\u00c9quipe, Facundo Buonanotte a \u00e9t\u00e9 convaincu par le projet de l&#039;Olympique Lyonnais.\" \/>\n<meta property=\"og:url\" content=\"https:\/\/dicodusport.fr\/blog\/transferts-ol-facundo-buonanotte-a-dit-oui-a-lyon\/\" \/>\n<meta property=\"og:site_name\" content=\"Dicodusport\" \/>\n<meta property=\"article:publisher\" content=\"https:\/\/www.facebook.com\/dicodusport\" \/>\n<meta property=\"article:author\" content=\"https:\/\/www.facebook.com\/dicodusport\" \/>\n<meta property=\"article:published_time\" content=\"2025-08-25T11:16:03+00:00\" \/>\n<meta property=\"article:modified_time\" content=\"2025-08-25T11:22:39+00:00\" \/>\n<meta property=\"og:image\" content=\"https:\/\/dicodusport.fr\/blog\/wp-content\/uploads\/2025\/08\/Transferts-OL-Facundo-Buonanotte-a-dit-oui-a-Lyon.png\" \/>\n\t<meta property=\"og:image:width\" content=\"1200\" \/>\n\t<meta property=\"og:image:height\" content=\"674\" \/>\n\t<meta property=\"og:image:type\" content=\"image\/png\" \/>\n<meta name=\"author\" content=\"Nicolas Jacquemard\" \/>\n<meta name=\"twitter:card\" content=\"summary_large_image\" \/>\n<meta name=\"twitter:title\" content=\"Transferts OL : Facundo Buonanotte a dit oui \u00e0 Lyon\" \/>\n<meta name=\"twitter:creator\" content=\"@https:\/\/twitter.com\/Nico_Jacquemard\" \/>\n<meta name=\"twitter:site\" content=\"@dicodusport\" \/>\n<script type=\"application\/ld+json\" class=\"yoast-schema-graph\">{\"@context\":\"https:\/\/schema.org\",\"@graph\":[{\"@type\":\"NewsArticle\",\"@id\":\"https:\/\/dicodusport.fr\/blog\/transferts-ol-facundo-buonanotte-a-dit-oui-a-lyon\/#article\",\"isPartOf\":{\"@id\":\"https:\/\/dicodusport.fr\/blog\/transferts-ol-facundo-buonanotte-a-dit-oui-a-lyon\/\"},\"author\":{\"name\":\"Nicolas Jacquemard\",\"@id\":\"https:\/\/dicodusport.fr\/blog\/#\/schema\/person\/55dcb50ad410894e431ed812bbb70191\"},\"headline\":\"Transferts OL : Facundo Buonanotte a dit oui \u00e0 Lyon\",\"datePublished\":\"2025-08-25T11:16:03+00:00\",\"dateModified\":\"2025-08-25T11:22:39+00:00\",\"mainEntityOfPage\":{\"@id\":\"https:\/\/dicodusport.fr\/blog\/transferts-ol-facundo-buonanotte-a-dit-oui-a-lyon\/\"},\"wordCount\":404,\"commentCount\":0,\"publisher\":{\"@id\":\"https:\/\/dicodusport.fr\/blog\/#organization\"},\"image\":{\"@id\":\"https:\/\/dicodusport.fr\/blog\/transferts-ol-facundo-buonanotte-a-dit-oui-a-lyon\/#primaryimage\"},\"thumbnailUrl\":\"https:\/\/dicodusport.fr\/blog\/wp-content\/uploads\/2025\/08\/Transferts-OL-Facundo-Buonanotte-a-dit-oui-a-Lyon.png\",\"keywords\":[\"br\u00e8ve\",\"Ligue 1\",\"OL\"],\"articleSection\":[\"Ligue 1\"],\"inLanguage\":\"fr-FR\",\"potentialAction\":[{\"@type\":\"CommentAction\",\"name\":\"Comment\",\"target\":[\"https:\/\/dicodusport.fr\/blog\/transferts-ol-facundo-buonanotte-a-dit-oui-a-lyon\/#respond\"]}],\"copyrightYear\":\"2025\",\"copyrightHolder\":{\"@id\":\"https:\/\/dicodusport.fr\/blog\/#organization\"}},{\"@type\":\"WebPage\",\"@id\":\"https:\/\/dicodusport.fr\/blog\/transferts-ol-facundo-buonanotte-a-dit-oui-a-lyon\/\",\"url\":\"https:\/\/dicodusport.fr\/blog\/transferts-ol-facundo-buonanotte-a-dit-oui-a-lyon\/\",\"name\":\"Transferts OL : Facundo Buonanotte a dit oui \u00e0 Lyon\",\"isPartOf\":{\"@id\":\"https:\/\/dicodusport.fr\/blog\/#website\"},\"primaryImageOfPage\":{\"@id\":\"https:\/\/dicodusport.fr\/blog\/transferts-ol-facundo-buonanotte-a-dit-oui-a-lyon\/#primaryimage\"},\"image\":{\"@id\":\"https:\/\/dicodusport.fr\/blog\/transferts-ol-facundo-buonanotte-a-dit-oui-a-lyon\/#primaryimage\"},\"thumbnailUrl\":\"https:\/\/dicodusport.fr\/blog\/wp-content\/uploads\/2025\/08\/Transferts-OL-Facundo-Buonanotte-a-dit-oui-a-Lyon.png\",\"datePublished\":\"2025-08-25T11:16:03+00:00\",\"dateModified\":\"2025-08-25T11:22:39+00:00\",\"description\":\"TRANSFERTS OM - Selon L'\u00c9quipe, Facundo Buonanotte a \u00e9t\u00e9 convaincu par le projet de l'Olympique Lyonnais.\",\"breadcrumb\":{\"@id\":\"https:\/\/dicodusport.fr\/blog\/transferts-ol-facundo-buonanotte-a-dit-oui-a-lyon\/#breadcrumb\"},\"inLanguage\":\"fr-FR\",\"potentialAction\":[{\"@type\":\"ReadAction\",\"target\":[\"https:\/\/dicodusport.fr\/blog\/transferts-ol-facundo-buonanotte-a-dit-oui-a-lyon\/\"]}]},{\"@type\":\"ImageObject\",\"inLanguage\":\"fr-FR\",\"@id\":\"https:\/\/dicodusport.fr\/blog\/transferts-ol-facundo-buonanotte-a-dit-oui-a-lyon\/#primaryimage\",\"url\":\"https:\/\/dicodusport.fr\/blog\/wp-content\/uploads\/2025\/08\/Transferts-OL-Facundo-Buonanotte-a-dit-oui-a-Lyon.png\",\"contentUrl\":\"https:\/\/dicodusport.fr\/blog\/wp-content\/uploads\/2025\/08\/Transferts-OL-Facundo-Buonanotte-a-dit-oui-a-Lyon.png\",\"width\":1200,\"height\":674},{\"@type\":\"BreadcrumbList\",\"@id\":\"https:\/\/dicodusport.fr\/blog\/transferts-ol-facundo-buonanotte-a-dit-oui-a-lyon\/#breadcrumb\",\"itemListElement\":[{\"@type\":\"ListItem\",\"position\":1,\"name\":\"Accueil\",\"item\":\"https:\/\/dicodusport.fr\/blog\/\"},{\"@type\":\"ListItem\",\"position\":2,\"name\":\"Transferts OL : Facundo Buonanotte a dit oui \u00e0 Lyon\"}]},{\"@type\":\"WebSite\",\"@id\":\"https:\/\/dicodusport.fr\/blog\/#website\",\"url\":\"https:\/\/dicodusport.fr\/blog\/\",\"name\":\"Dicodusport\",\"description\":\"L&#039;encyclop\u00e9die de l&#039;actualit\u00e9 sportive\",\"publisher\":{\"@id\":\"https:\/\/dicodusport.fr\/blog\/#organization\"},\"potentialAction\":[{\"@type\":\"SearchAction\",\"target\":{\"@type\":\"EntryPoint\",\"urlTemplate\":\"https:\/\/dicodusport.fr\/blog\/?s={search_term_string}\"},\"query-input\":{\"@type\":\"PropertyValueSpecification\",\"valueRequired\":true,\"valueName\":\"search_term_string\"}}],\"inLanguage\":\"fr-FR\"},{\"@type\":\"NewsMediaOrganization\",\"@id\":\"https:\/\/dicodusport.fr\/blog\/#organization\",\"name\":\"Dicodusport\",\"url\":\"https:\/\/dicodusport.fr\/blog\/\",\"logo\":{\"@type\":\"ImageObject\",\"inLanguage\":\"fr-FR\",\"@id\":\"https:\/\/dicodusport.fr\/blog\/#\/schema\/logo\/image\/\",\"url\":\"https:\/\/dicodusport.fr\/blog\/wp-content\/uploads\/2020\/06\/cropped-LOGO-DICODUSPORT-2020-SANS-FOND-SANS-TEXTE.png\",\"contentUrl\":\"https:\/\/dicodusport.fr\/blog\/wp-content\/uploads\/2020\/06\/cropped-LOGO-DICODUSPORT-2020-SANS-FOND-SANS-TEXTE.png\",\"width\":512,\"height\":512,\"caption\":\"Dicodusport\"},\"image\":{\"@id\":\"https:\/\/dicodusport.fr\/blog\/#\/schema\/logo\/image\/\"},\"sameAs\":[\"https:\/\/www.facebook.com\/dicodusport\",\"https:\/\/x.com\/dicodusport\",\"https:\/\/www.instagram.com\/dicodusport\/\",\"https:\/\/www.youtube.com\/channel\/UC7V2KZ5sd3htJivAbA4ZG3w\"],\"description\":\"Dicodusport est l'encyclop\u00e9die de l'actualit\u00e9 sportive.\",\"email\":\"bonjour@dicodusport.fr\",\"legalName\":\"DICODUSPORT\",\"foundingDate\":\"2018-01-14\",\"vatID\":\"FR71834470973\",\"taxID\":\"83447097300043\",\"numberOfEmployees\":{\"@type\":\"QuantitativeValue\",\"minValue\":\"1\",\"maxValue\":\"10\"}},{\"@type\":\"Person\",\"@id\":\"https:\/\/dicodusport.fr\/blog\/#\/schema\/person\/55dcb50ad410894e431ed812bbb70191\",\"name\":\"Nicolas Jacquemard\",\"image\":{\"@type\":\"ImageObject\",\"inLanguage\":\"fr-FR\",\"@id\":\"https:\/\/dicodusport.fr\/blog\/#\/schema\/person\/image\/\",\"url\":\"https:\/\/dicodusport.fr\/blog\/wp-content\/uploads\/2021\/05\/Nicolas-Jacquemard-150x150.jpeg\",\"contentUrl\":\"https:\/\/dicodusport.fr\/blog\/wp-content\/uploads\/2021\/05\/Nicolas-Jacquemard-150x150.jpeg\",\"caption\":\"Nicolas Jacquemard\"},\"description\":\"Passionn\u00e9 de sport et entrepreneur depuis mes 18 ans, la cr\u00e9ation de Dicodusport m'a sembl\u00e9 \u00e9vidente pour participer \u00e0 la m\u00e9diatisation d'un plus grand nombre de sports. Le chemin est long mais avec une \u00e9quipe des plus motiv\u00e9es et les Jeux Olympiques de Paris 2024 en point de mire, nous y arriverons ! Journaliste dans le monde du sport depuis plus de 5 ans, je traite aussi bien de football, de rugby, de biathlon que de cyclisme.\",\"sameAs\":[\"https:\/\/www.facebook.com\/dicodusport\",\"https:\/\/x.com\/https:\/\/twitter.com\/Nico_Jacquemard\"],\"url\":\"https:\/\/dicodusport.fr\/blog\/author\/dicodusport\/\"}]}<\/script>\n<!-- \/ Yoast SEO Premium plugin. -->","yoast_head_json":{"title":"Transferts OL : Facundo Buonanotte a dit oui \u00e0 Lyon","description":"TRANSFERTS OM - Selon L'\u00c9quipe, Facundo Buonanotte a \u00e9t\u00e9 convaincu par le projet de l'Olympique Lyonnais.","robots":{"index":"index","follow":"follow","max-snippet":"max-snippet:-1","max-image-preview":"max-image-preview:large","max-video-preview":"max-video-preview:-1"},"canonical":"https:\/\/dicodusport.fr\/blog\/transferts-ol-facundo-buonanotte-a-dit-oui-a-lyon\/","og_locale":"fr_FR","og_type":"article","og_title":"Transferts OL : Facundo Buonanotte a dit oui \u00e0 Lyon","og_description":"TRANSFERTS OM - Selon L'\u00c9quipe, Facundo Buonanotte a \u00e9t\u00e9 convaincu par le projet de l'Olympique Lyonnais.","og_url":"https:\/\/dicodusport.fr\/blog\/transferts-ol-facundo-buonanotte-a-dit-oui-a-lyon\/","og_site_name":"Dicodusport","article_publisher":"https:\/\/www.facebook.com\/dicodusport","article_author":"https:\/\/www.facebook.com\/dicodusport","article_published_time":"2025-08-25T11:16:03+00:00","article_modified_time":"2025-08-25T11:22:39+00:00","og_image":[{"width":1200,"height":674,"url":"https:\/\/dicodusport.fr\/blog\/wp-content\/uploads\/2025\/08\/Transferts-OL-Facundo-Buonanotte-a-dit-oui-a-Lyon.png","type":"image\/png"}],"author":"Nicolas Jacquemard","twitter_card":"summary_large_image","twitter_title":"Transferts OL : Facundo Buonanotte a dit oui \u00e0 Lyon","twitter_creator":"@https:\/\/twitter.com\/Nico_Jacquemard","twitter_site":"@dicodusport","schema":{"@context":"https:\/\/schema.org","@graph":[{"@type":"NewsArticle","@id":"https:\/\/dicodusport.fr\/blog\/transferts-ol-facundo-buonanotte-a-dit-oui-a-lyon\/#article","isPartOf":{"@id":"https:\/\/dicodusport.fr\/blog\/transferts-ol-facundo-buonanotte-a-dit-oui-a-lyon\/"},"author":{"name":"Nicolas Jacquemard","@id":"https:\/\/dicodusport.fr\/blog\/#\/schema\/person\/55dcb50ad410894e431ed812bbb70191"},"headline":"Transferts OL : Facundo Buonanotte a dit oui \u00e0 Lyon","datePublished":"2025-08-25T11:16:03+00:00","dateModified":"2025-08-25T11:22:39+00:00","mainEntityOfPage":{"@id":"https:\/\/dicodusport.fr\/blog\/transferts-ol-facundo-buonanotte-a-dit-oui-a-lyon\/"},"wordCount":404,"commentCount":0,"publisher":{"@id":"https:\/\/dicodusport.fr\/blog\/#organization"},"image":{"@id":"https:\/\/dicodusport.fr\/blog\/transferts-ol-facundo-buonanotte-a-dit-oui-a-lyon\/#primaryimage"},"thumbnailUrl":"https:\/\/dicodusport.fr\/blog\/wp-content\/uploads\/2025\/08\/Transferts-OL-Facundo-Buonanotte-a-dit-oui-a-Lyon.png","keywords":["br\u00e8ve","Ligue 1","OL"],"articleSection":["Ligue 1"],"inLanguage":"fr-FR","potentialAction":[{"@type":"CommentAction","name":"Comment","target":["https:\/\/dicodusport.fr\/blog\/transferts-ol-facundo-buonanotte-a-dit-oui-a-lyon\/#respond"]}],"copyrightYear":"2025","copyrightHolder":{"@id":"https:\/\/dicodusport.fr\/blog\/#organization"}},{"@type":"WebPage","@id":"https:\/\/dicodusport.fr\/blog\/transferts-ol-facundo-buonanotte-a-dit-oui-a-lyon\/","url":"https:\/\/dicodusport.fr\/blog\/transferts-ol-facundo-buonanotte-a-dit-oui-a-lyon\/","name":"Transferts OL : Facundo Buonanotte a dit oui \u00e0 Lyon","isPartOf":{"@id":"https:\/\/dicodusport.fr\/blog\/#website"},"primaryImageOfPage":{"@id":"https:\/\/dicodusport.fr\/blog\/transferts-ol-facundo-buonanotte-a-dit-oui-a-lyon\/#primaryimage"},"image":{"@id":"https:\/\/dicodusport.fr\/blog\/transferts-ol-facundo-buonanotte-a-dit-oui-a-lyon\/#primaryimage"},"thumbnailUrl":"https:\/\/dicodusport.fr\/blog\/wp-content\/uploads\/2025\/08\/Transferts-OL-Facundo-Buonanotte-a-dit-oui-a-Lyon.png","datePublished":"2025-08-25T11:16:03+00:00","dateModified":"2025-08-25T11:22:39+00:00","description":"TRANSFERTS OM - Selon L'\u00c9quipe, Facundo Buonanotte a \u00e9t\u00e9 convaincu par le projet de l'Olympique Lyonnais.","breadcrumb":{"@id":"https:\/\/dicodusport.fr\/blog\/transferts-ol-facundo-buonanotte-a-dit-oui-a-lyon\/#breadcrumb"},"inLanguage":"fr-FR","potentialAction":[{"@type":"ReadAction","target":["https:\/\/dicodusport.fr\/blog\/transferts-ol-facundo-buonanotte-a-dit-oui-a-lyon\/"]}]},{"@type":"ImageObject","inLanguage":"fr-FR","@id":"https:\/\/dicodusport.fr\/blog\/transferts-ol-facundo-buonanotte-a-dit-oui-a-lyon\/#primaryimage","url":"https:\/\/dicodusport.fr\/blog\/wp-content\/uploads\/2025\/08\/Transferts-OL-Facundo-Buonanotte-a-dit-oui-a-Lyon.png","contentUrl":"https:\/\/dicodusport.fr\/blog\/wp-content\/uploads\/2025\/08\/Transferts-OL-Facundo-Buonanotte-a-dit-oui-a-Lyon.png","width":1200,"height":674},{"@type":"BreadcrumbList","@id":"https:\/\/dicodusport.fr\/blog\/transferts-ol-facundo-buonanotte-a-dit-oui-a-lyon\/#breadcrumb","itemListElement":[{"@type":"ListItem","position":1,"name":"Accueil","item":"https:\/\/dicodusport.fr\/blog\/"},{"@type":"ListItem","position":2,"name":"Transferts OL : Facundo Buonanotte a dit oui \u00e0 Lyon"}]},{"@type":"WebSite","@id":"https:\/\/dicodusport.fr\/blog\/#website","url":"https:\/\/dicodusport.fr\/blog\/","name":"Dicodusport","description":"L&#039;encyclop\u00e9die de l&#039;actualit\u00e9 sportive","publisher":{"@id":"https:\/\/dicodusport.fr\/blog\/#organization"},"potentialAction":[{"@type":"SearchAction","target":{"@type":"EntryPoint","urlTemplate":"https:\/\/dicodusport.fr\/blog\/?s={search_term_string}"},"query-input":{"@type":"PropertyValueSpecification","valueRequired":true,"valueName":"search_term_string"}}],"inLanguage":"fr-FR"},{"@type":"NewsMediaOrganization","@id":"https:\/\/dicodusport.fr\/blog\/#organization","name":"Dicodusport","url":"https:\/\/dicodusport.fr\/blog\/","logo":{"@type":"ImageObject","inLanguage":"fr-FR","@id":"https:\/\/dicodusport.fr\/blog\/#\/schema\/logo\/image\/","url":"https:\/\/dicodusport.fr\/blog\/wp-content\/uploads\/2020\/06\/cropped-LOGO-DICODUSPORT-2020-SANS-FOND-SANS-TEXTE.png","contentUrl":"https:\/\/dicodusport.fr\/blog\/wp-content\/uploads\/2020\/06\/cropped-LOGO-DICODUSPORT-2020-SANS-FOND-SANS-TEXTE.png","width":512,"height":512,"caption":"Dicodusport"},"image":{"@id":"https:\/\/dicodusport.fr\/blog\/#\/schema\/logo\/image\/"},"sameAs":["https:\/\/www.facebook.com\/dicodusport","https:\/\/x.com\/dicodusport","https:\/\/www.instagram.com\/dicodusport\/","https:\/\/www.youtube.com\/channel\/UC7V2KZ5sd3htJivAbA4ZG3w"],"description":"Dicodusport est l'encyclop\u00e9die de l'actualit\u00e9 sportive.","email":"bonjour@dicodusport.fr","legalName":"DICODUSPORT","foundingDate":"2018-01-14","vatID":"FR71834470973","taxID":"83447097300043","numberOfEmployees":{"@type":"QuantitativeValue","minValue":"1","maxValue":"10"}},{"@type":"Person","@id":"https:\/\/dicodusport.fr\/blog\/#\/schema\/person\/55dcb50ad410894e431ed812bbb70191","name":"Nicolas Jacquemard","image":{"@type":"ImageObject","inLanguage":"fr-FR","@id":"https:\/\/dicodusport.fr\/blog\/#\/schema\/person\/image\/","url":"https:\/\/dicodusport.fr\/blog\/wp-content\/uploads\/2021\/05\/Nicolas-Jacquemard-150x150.jpeg","contentUrl":"https:\/\/dicodusport.fr\/blog\/wp-content\/uploads\/2021\/05\/Nicolas-Jacquemard-150x150.jpeg","caption":"Nicolas Jacquemard"},"description":"Passionn\u00e9 de sport et entrepreneur depuis mes 18 ans, la cr\u00e9ation de Dicodusport m'a sembl\u00e9 \u00e9vidente pour participer \u00e0 la m\u00e9diatisation d'un plus grand nombre de sports. Le chemin est long mais avec une \u00e9quipe des plus motiv\u00e9es et les Jeux Olympiques de Paris 2024 en point de mire, nous y arriverons ! Journaliste dans le monde du sport depuis plus de 5 ans, je traite aussi bien de football, de rugby, de biathlon que de cyclisme.","sameAs":["https:\/\/www.facebook.com\/dicodusport","https:\/\/x.com\/https:\/\/twitter.com\/Nico_Jacquemard"],"url":"https:\/\/dicodusport.fr\/blog\/author\/dicodusport\/"}]}},"_links":{"self":[{"href":"https:\/\/dicodusport.fr\/blog\/wp-json\/wp\/v2\/posts\/605397","targetHints":{"allow":["GET"]}}],"collection":[{"href":"https:\/\/dicodusport.fr\/blog\/wp-json\/wp\/v2\/posts"}],"about":[{"href":"https:\/\/dicodusport.fr\/blog\/wp-json\/wp\/v2\/types\/post"}],"author":[{"embeddable":true,"href":"https:\/\/dicodusport.fr\/blog\/wp-json\/wp\/v2\/users\/1"}],"replies":[{"embeddable":true,"href":"https:\/\/dicodusport.fr\/blog\/wp-json\/wp\/v2\/comments?post=605397"}],"version-history":[{"count":2,"href":"https:\/\/dicodusport.fr\/blog\/wp-json\/wp\/v2\/posts\/605397\/revisions"}],"predecessor-version":[{"id":605402,"href":"https:\/\/dicodusport.fr\/blog\/wp-json\/wp\/v2\/posts\/605397\/revisions\/605402"}],"wp:featuredmedia":[{"embeddable":true,"href":"https:\/\/dicodusport.fr\/blog\/wp-json\/wp\/v2\/media\/605398"}],"wp:attachment":[{"href":"https:\/\/dicodusport.fr\/blog\/wp-json\/wp\/v2\/media?parent=605397"}],"wp:term":[{"taxonomy":"category","embeddable":true,"href":"https:\/\/dicodusport.fr\/blog\/wp-json\/wp\/v2\/categories?post=605397"},{"taxonomy":"post_tag","embeddable":true,"href":"https:\/\/dicodusport.fr\/blog\/wp-json\/wp\/v2\/tags?post=605397"}],"curies":[{"name":"wp","href":"https:\/\/api.w.org\/{rel}","templated":true}]}}