{"id":605528,"date":"2025-08-31T13:27:50","date_gmt":"2025-08-31T11:27:50","guid":{"rendered":"https:\/\/dicodusport.fr\/blog\/?p=605528&#038;preview=true&#038;preview_id=605528"},"modified":"2025-08-31T13:28:11","modified_gmt":"2025-08-31T11:28:11","slug":"wwe-clash-in-paris-smackdown-et-raw-liste-des-combats-dates-heure-et-chaine-tv","status":"publish","type":"post","link":"https:\/\/dicodusport.fr\/blog\/wwe-clash-in-paris-smackdown-et-raw-liste-des-combats-dates-heure-et-chaine-tv\/","title":{"rendered":"WWE Clash in Paris, SmackDown et Raw : Liste des combats, Dates, Heure et Cha\u00eene TV"},"content":{"rendered":"<h4 style=\"text-align: justify;\"><em>CATCH &#8211; La WWE est de retour en France ce week-end avec SmackDown \u00e0 Lyon vendredi, suivi de Clash in Paris et Raw \u00e0 Paris, dimanche et lundi. D\u00e9couvrer le programme et la cha\u00eene TV.<\/em><\/h4>\n<ul style=\"text-align: justify;\">\n<li style=\"text-align: justify;\"><strong>\u00c0 lire aussi : <a href=\"https:\/\/dicodusport.fr\/blog\/catch-a-la-decouverte-de-wrestlemania-et-de-lunivers-de-la-wwe\/\">Catch : \u00c0 la d\u00e9couverte de WrestleMania et de l\u2019univers de la WWE<\/a><\/strong><\/li>\n<\/ul>\n<p style=\"text-align: justify;\">Le public fran\u00e7ais avait secou\u00e9 l&rsquo;univers de la WWE l&rsquo;an dernier lorsque la f\u00e9d\u00e9ration am\u00e9ricaine avait pos\u00e9 ses valises \u00e0 Lyon pour y organiser <strong>Backlash<\/strong>, le premier <em>Premium Live Event<\/em> (PLE) de l&rsquo;histoire en France. Depuis, il semblait \u00e9vident que l&rsquo;ensemble du <em>roster<\/em> reviendrait t\u00f4t ou tard tant il semble y avoir eu un avant et un apr\u00e8s <strong>Backlash<\/strong>. Pr\u00e8s de seize mois plus tard, les fans fran\u00e7ais ont ainsi \u00e9t\u00e9 r\u00e9compens\u00e9s puisque <strong>Clash in Paris<\/strong> se d\u00e9roulera ce dimanche \u00e0 la Paris La D\u00e9fense Arena. Auparavant, la LDLC Arena de Lyon accueillera <strong>SmackDown<\/strong> ce vendredi, l&rsquo;un des shows hebdomadaires de la WWE tandis que <strong>Raw<\/strong> l&rsquo;autre <em>weekly<\/em> phare aura lieu \u00e0 la Paris La D\u00e9fense Arena \u00e0 nouveau, lundi 1er septembre.<\/p>\n<ul style=\"text-align: justify;\">\n<li><strong>\u00c0 ce sujet : <a class=\"row-title\" href=\"https:\/\/dicodusport.fr\/blog\/tom-la-ruffa-ex-catcheur-de-la-wwe-la-france-est-un-excellent-marche-pour-la-wwe\/\" aria-label=\"\u00ab\u00a0Tom La Ruffa (ex-catcheur de la WWE) : \u00ab\u00a0La France est un excellent march\u00e9 pour la WWE\u00a0\u00bb\u00a0\u00bb (Modifier)\">Tom La Ruffa (ex-catcheur de la WWE) : \u00ab\u00a0La France est un excellent march\u00e9 pour la WWE\u00a0\u00bb<\/a><\/strong><\/li>\n<\/ul>\n<h2 style=\"text-align: justify;\">WWE Smackdown &#8211; Vendredi 29 ao\u00fbt 2025<\/h2>\n<p style=\"text-align: justify;\">\u00c0 l&rsquo;avant-veille de <strong>Clash in Paris<\/strong>, le <em>show<\/em> sera l&rsquo;occasion id\u00e9ale pour faire monter la pression et l&rsquo;excitation en pr\u00e9vision du PLE. Il s&rsquo;agira de l&rsquo;une des derni\u00e8res apparitions de <strong>John Cena<\/strong> qui prendra sa retraite \u00e0 la fin de l&rsquo;ann\u00e9e 2025. Le public lyonnais aura l&rsquo;occasion d&rsquo;assister \u00e0 deux matchs pour un titre et r\u00e9servera sans doute un accueil \u00e9pique \u2013 comme l&rsquo;an dernier \u2013 \u00e0 <strong>Randy Orton<\/strong>, l&rsquo;un des catcheurs en activit\u00e9 avec le plus grand palmar\u00e8s et de retour \u00e0 <strong>SmackDown<\/strong> depuis vendredi dernier.<\/p>\n<h3 style=\"text-align: justify;\">R\u00e9sultats de WWE SmackDown<\/h3>\n<p style=\"text-align: justify;\"><em>* d&rsquo;autres rencontres sont suceptibles d&rsquo;\u00eatre officialis\u00e9es. L&rsquo;article sera mis \u00e0 jour le cas \u00e9ch\u00e9ant.<\/em><\/p>\n<p style=\"text-align: justify;\"><strong>&#8211; Match par \u00e9quipes pour le WWE Women&rsquo;s Tag Team Championship<\/strong><\/p>\n<p style=\"text-align: justify;\">Charlotte Flair et Alexa Bliss (c) vs The Secret Hervice (Alba Fyre et Piper Niven)<\/p>\n<p style=\"text-align: justify;\"><em>Match annul\u00e9 en raison de l&rsquo;absence de Piper Niven et de l&rsquo;attaque contre Charlotte Flair avant le d\u00e9but du match. En cons\u00e9quence, le match a \u00e9t\u00e9 remplac\u00e9 par un combat entre Alexa Bliss et Chelsea Green.<\/em><\/p>\n<p style=\"text-align: justify;\"><strong>&#8211; Match simple<\/strong><\/p>\n<p style=\"text-align: justify;\">Alexa Bliss vs Chelsea Green (accompagn\u00e9e par Alba Fyre)<\/p>\n<p style=\"text-align: justify;\"><em>Alexa Bliss s&rsquo;impose avec un roll-up sur son adversaire.<\/em><\/p>\n<p style=\"text-align: justify;\"><strong>&#8211; Match simple<\/strong><\/p>\n<p style=\"text-align: justify;\">Michin vs Kiana James (accompagn\u00e9e par Giulia)<\/p>\n<p style=\"text-align: justify;\"><em>Michin s&rsquo;impose avec un roll-up sur son adversaire d\u00e8s les premi\u00e8res secondes de la rencontre.<\/em><\/p>\n<p style=\"text-align: justify;\"><strong>&#8211; Match par \u00e9quipes<\/strong><\/p>\n<p style=\"text-align: justify;\">Street Profits (Montez Ford et Angelo Dawkins) accompagn\u00e9s par B-Fab vs Melo Don&rsquo;t Miz (Carmelo Hayes et The Miz)<\/p>\n<p style=\"text-align: justify;\"><em>Les Street Profits s&rsquo;imposent et d\u00e9crochent un match pour le titre ce dimanche \u00e0 Clash in Paris contre les Wyatt Sicks.<\/em><\/p>\n<p style=\"text-align: justify;\"><strong>&#8211; Match simple pour le WWE United States Championship<\/strong><\/p>\n<p style=\"text-align: justify;\">Solo Sikoa (c) accompagn\u00e9 par MFT vs Sami Zayn<\/p>\n<p style=\"text-align: justify;\"><em>Sami Zayn s&rsquo;est impos\u00e9 et devient le nouveau champion des \u00c9tats-Unis dans une ambiance incandescente.<\/em><\/p>\n<h2 style=\"text-align: justify;\">WWE Clash in Paris &#8211; Dimanche 31 ao\u00fbt<\/h2>\n<p style=\"text-align: justify;\">Le premier PLE de l&rsquo;histoire proposera l&rsquo;un des derniers matchs en carri\u00e8re de <strong>John Cena<\/strong> ainsi qu&rsquo;un combat \u00e0 quatre pour le titre de champion du monde poids lourds. Le premier, 17 fois champion du monde, sera oppos\u00e9 \u00e0 <strong>Logan Paul<\/strong>, l&rsquo;un des influenceurs les plus suivis au monde et qui a d\u00e9but\u00e9 dans le catch ces derni\u00e8res ann\u00e9es. Dans la plus grande salle de spectacle d&rsquo;Europe, le public aura une nouvelle occasion de marquer les esprits des catcheurs, officiels et t\u00e9l\u00e9spectateurs am\u00e9ricains puisque la plupart des superstars les plus populaires seront pr\u00e9sentes \u00e0 l&rsquo;image de <strong>Roman Reigns, Seth Rollins<\/strong> ou encore <strong>CM Punk<\/strong>.<\/p>\n<h3 style=\"text-align: justify;\">Matchs confirm\u00e9s* pour WWE Clash in Paris<\/h3>\n<p style=\"text-align: justify;\"><em>* d&rsquo;autres rencontres sont suceptibles d&rsquo;\u00eatre officialis\u00e9es. L&rsquo;article sera mis \u00e0 jour le cas \u00e9ch\u00e9ant.<\/em><\/p>\n<p style=\"text-align: justify;\"><strong>&#8211; Match Fatal 4-Way pour le WWE World Heavyweight Championship<\/strong><\/p>\n<p style=\"text-align: justify;\">Seth Rollins (c) vs CM Punk vs LA Knight vs Jey Uso<\/p>\n<p style=\"text-align: justify;\"><strong>&#8211; Match simple<\/strong><\/p>\n<p style=\"text-align: justify;\">John Cena vs Logan Paul<\/p>\n<p style=\"text-align: justify;\"><strong>&#8211; Match Good Ol&rsquo; Fashioned Donnybrook (sans disqualification)<\/strong><\/p>\n<p style=\"text-align: justify;\">Sheamus vs Rusev<\/p>\n<p style=\"text-align: justify;\"><strong>&#8211; Match simple<\/strong><\/p>\n<p style=\"text-align: justify;\">Roman Reigns vs \u00ab\u00a0Big\u00a0\u00bb Bronson Reed<\/p>\n<p style=\"text-align: justify;\"><strong>&#8211; Match simple pour le WWE Women&rsquo;s Intercontinental Championship<\/strong><\/p>\n<p style=\"text-align: justify;\">Becky Lynch vs Nikki Bella<\/p>\n<p style=\"text-align: justify;\"><strong>&#8211; Match par \u00e9quipes pour le WWE Tag Team Championship<\/strong><\/p>\n<p style=\"text-align: justify;\">The Wyatt Sicks (Dexter Lumis et Joe Gacy) (c) vs The Street Profits (Angelo Dawkins et Montez Ford)<\/p>\n<blockquote class=\"twitter-tweet\">\n<p dir=\"ltr\" lang=\"en\">Match Fatal 4-Way pour le Titre Mondial Poids Lourds:<\/p>\n<p>Seth \u00ab Freakin \u00bb Rollins<br \/>\nJey Uso<br \/>\nLA Knight<br \/>\nCM Punk<a href=\"https:\/\/twitter.com\/hashtag\/WWEClash?src=hash&amp;ref_src=twsrc%5Etfw\">#WWEClash<\/a> in Paris \ud83c\uddeb\ud83c\uddf7 <a href=\"https:\/\/t.co\/JPqs8pHDDh\">pic.twitter.com\/JPqs8pHDDh<\/a><\/p>\n<p>\u2014 WWE France (@WWEFrance) <a href=\"https:\/\/twitter.com\/WWEFrance\/status\/1955106081132224590?ref_src=twsrc%5Etfw\">August 12, 2025<\/a><\/p><\/blockquote>\n<p style=\"text-align: justify;\"><script async src=\"https:\/\/platform.twitter.com\/widgets.js\" charset=\"utf-8\"><\/script><\/p>\n<h2 style=\"text-align: justify;\">WWE Raw &#8211; Lundi 1er septembre<\/h2>\n<p style=\"text-align: justify;\">Pour clore ce triptique fran\u00e7ais en beaut\u00e9, les fans parisiens pourront c\u00e9l\u00e9brer le retour en France de <strong>AJ Styles<\/strong> qui avait re\u00e7u une ovation ph\u00e9nom\u00e9nale l&rsquo;an dernier, \u00e0 l&rsquo;image de son surnom. Pour l&rsquo;heure, il est difficile de pr\u00e9dire avec certitude le programme puisque celui-ci sera largement influenc\u00e9 par les r\u00e9sultats de la veille. On devrait tout de m\u00eame assister aux suites du <em>Fatal 4-Way<\/em> de la veille pour le titre poids lourds.<\/p>\n<h3 style=\"text-align: justify;\">Matchs confirm\u00e9s* pour WWE Raw<\/h3>\n<p style=\"text-align: justify;\"><em>* d&rsquo;autres rencontres sont suceptibles d&rsquo;\u00eatre officialis\u00e9es. L&rsquo;article sera mis \u00e0 jour le cas \u00e9ch\u00e9ant.<\/em><\/p>\n<p style=\"text-align: justify;\"><strong>&#8211; Match simple pour le WWE Intercontinental Championship<\/strong><\/p>\n<p style=\"text-align: justify;\">Dominik Mysterio (c) vs \u00ab\u00a0The Phenomenal\u00a0\u00bb AJ Styles<\/p>\n<blockquote class=\"twitter-tweet\">\n<p dir=\"ltr\" lang=\"en\">AJ Styles received one of the loudest and most electrifying crowd reactions in Lyon, France<\/p>\n<p>the crowd was so loud, the camera started shaking<\/p>\n<p>The French fans easily rank among the greatest WWE crowds of all time <a href=\"https:\/\/t.co\/juFe6H7YnL\">pic.twitter.com\/juFe6H7YnL<\/a><\/p>\n<p>\u2014 A L L D A Y \ud83d\ude80 (@AllDAYZ77) <a href=\"https:\/\/twitter.com\/AllDAYZ77\/status\/1953502279811969283?ref_src=twsrc%5Etfw\">August 7, 2025<\/a><\/p><\/blockquote>\n<p style=\"text-align: justify;\"><script async src=\"https:\/\/platform.twitter.com\/widgets.js\" charset=\"utf-8\"><\/script><\/p>\n<h2 style=\"text-align: justify;\">O\u00f9 et quand regarder ces shows ?<\/h2>\n<p style=\"text-align: justify;\">WWE Smackdown, WWE Clash in Paris et WWE Raw d\u00e9buteront tous les trois \u00e0 20h, respectivement vendredi, dimanche et lundi. Le premier sera diffus\u00e9 en direct sur <strong>AB1 en France et AB Xplore en Belgique<\/strong>. WWE Clash in Paris et WWE Raw seront propos\u00e9s sur le m\u00eame canal en diff\u00e9r\u00e9, respectivement lundi et mardi \u00e0 20h55. Cependant, il est possible de suivre les deux shows en direct. Pour cela, il suffit de se connecter \u00e0 <strong>Netflix avec un VPN connect\u00e9 au Royaume-Uni ou au Canada<\/strong>. La programmation d\u00e9butera ainsi \u00e0 20h aussi bien dimanche que lundi (et vendredi \u00e9galement pour WWE SmackDown).<\/p>\n","protected":false},"excerpt":{"rendered":"<p>CATCH &#8211; La WWE est de retour en France ce week-end avec notamment Clash in Paris. D\u00e9couvrez le programme et la cha\u00eene TV.<\/p>\n","protected":false},"author":91,"featured_media":605622,"comment_status":"open","ping_status":"closed","sticky":false,"template":"","format":"standard","meta":{"_acf_changed":false,"_daextam_enable_autolinks":"1","footnotes":""},"categories":[43973],"tags":[16878,8533,9061],"class_list":["post-605528","post","type-post","status-publish","format-standard","has-post-thumbnail","hentry","category-catch","tag-breve","tag-catch","tag-wwe"],"acf":[],"yoast_head":"<!-- This site is optimized with the Yoast SEO Premium plugin v26.7 (Yoast SEO v26.7) - https:\/\/yoast.com\/wordpress\/plugins\/seo\/ -->\n<title>WWE Clash in Paris, SmackDown et Raw : Liste des combats, Dates, Heure et Cha\u00eene TV<\/title>\n<meta name=\"description\" content=\"CATCH - La WWE est de retour en France ce week-end avec notamment Clash in Paris. D\u00e9couvrez le programme et la cha\u00eene TV.\" \/>\n<meta name=\"robots\" content=\"index, follow, max-snippet:-1, max-image-preview:large, max-video-preview:-1\" \/>\n<link rel=\"canonical\" href=\"https:\/\/dicodusport.fr\/blog\/wwe-clash-in-paris-smackdown-et-raw-liste-des-combats-dates-heure-et-chaine-tv\/\" \/>\n<meta property=\"og:locale\" content=\"fr_FR\" \/>\n<meta property=\"og:type\" content=\"article\" \/>\n<meta property=\"og:title\" content=\"WWE Clash in Paris, SmackDown et Raw : Liste des combats, Dates, Heure et Cha\u00eene TV\" \/>\n<meta property=\"og:description\" content=\"CATCH - La WWE est de retour en France ce week-end avec notamment Clash in Paris. D\u00e9couvrez le programme et la cha\u00eene TV.\" \/>\n<meta property=\"og:url\" content=\"https:\/\/dicodusport.fr\/blog\/wwe-clash-in-paris-smackdown-et-raw-liste-des-combats-dates-heure-et-chaine-tv\/\" \/>\n<meta property=\"og:site_name\" content=\"Dicodusport\" \/>\n<meta property=\"article:publisher\" content=\"https:\/\/www.facebook.com\/dicodusport\" \/>\n<meta property=\"article:published_time\" content=\"2025-08-31T11:27:50+00:00\" \/>\n<meta property=\"article:modified_time\" content=\"2025-08-31T11:28:11+00:00\" \/>\n<meta property=\"og:image\" content=\"https:\/\/dicodusport.fr\/blog\/wp-content\/uploads\/2025\/08\/Cadillac-F1-Valtteri-Bottas-et-Sergio-Perez-officialises-pour-2026-.png\" \/>\n\t<meta property=\"og:image:width\" content=\"1200\" \/>\n\t<meta property=\"og:image:height\" content=\"674\" \/>\n\t<meta property=\"og:image:type\" content=\"image\/png\" \/>\n<meta name=\"author\" content=\"Victor Clot-Amiot\" \/>\n<meta name=\"twitter:card\" content=\"summary_large_image\" \/>\n<meta name=\"twitter:title\" content=\"WWE Clash in Paris, SmackDown et Raw : Liste des combats, Dates, Heure et Cha\u00eene TV\" \/>\n<meta name=\"twitter:creator\" content=\"@https:\/\/x.com\/VictorClotAmiot\" \/>\n<meta name=\"twitter:site\" content=\"@dicodusport\" \/>\n<script type=\"application\/ld+json\" class=\"yoast-schema-graph\">{\"@context\":\"https:\/\/schema.org\",\"@graph\":[{\"@type\":\"NewsArticle\",\"@id\":\"https:\/\/dicodusport.fr\/blog\/wwe-clash-in-paris-smackdown-et-raw-liste-des-combats-dates-heure-et-chaine-tv\/#article\",\"isPartOf\":{\"@id\":\"https:\/\/dicodusport.fr\/blog\/wwe-clash-in-paris-smackdown-et-raw-liste-des-combats-dates-heure-et-chaine-tv\/\"},\"author\":{\"name\":\"Victor Clot-Amiot\",\"@id\":\"https:\/\/dicodusport.fr\/blog\/#\/schema\/person\/b623199cba9ba90fe84a3d16e9282360\"},\"headline\":\"WWE Clash in Paris, SmackDown et Raw : Liste des combats, Dates, Heure et Cha\u00eene TV\",\"datePublished\":\"2025-08-31T11:27:50+00:00\",\"dateModified\":\"2025-08-31T11:28:11+00:00\",\"mainEntityOfPage\":{\"@id\":\"https:\/\/dicodusport.fr\/blog\/wwe-clash-in-paris-smackdown-et-raw-liste-des-combats-dates-heure-et-chaine-tv\/\"},\"wordCount\":1106,\"commentCount\":0,\"publisher\":{\"@id\":\"https:\/\/dicodusport.fr\/blog\/#organization\"},\"image\":{\"@id\":\"https:\/\/dicodusport.fr\/blog\/wwe-clash-in-paris-smackdown-et-raw-liste-des-combats-dates-heure-et-chaine-tv\/#primaryimage\"},\"thumbnailUrl\":\"https:\/\/dicodusport.fr\/blog\/wp-content\/uploads\/2025\/08\/Cadillac-F1-Valtteri-Bottas-et-Sergio-Perez-officialises-pour-2026-.png\",\"keywords\":[\"br\u00e8ve\",\"Catch\",\"WWE\"],\"articleSection\":[\"Catch\"],\"inLanguage\":\"fr-FR\",\"potentialAction\":[{\"@type\":\"CommentAction\",\"name\":\"Comment\",\"target\":[\"https:\/\/dicodusport.fr\/blog\/wwe-clash-in-paris-smackdown-et-raw-liste-des-combats-dates-heure-et-chaine-tv\/#respond\"]}],\"copyrightYear\":\"2025\",\"copyrightHolder\":{\"@id\":\"https:\/\/dicodusport.fr\/blog\/#organization\"}},{\"@type\":\"WebPage\",\"@id\":\"https:\/\/dicodusport.fr\/blog\/wwe-clash-in-paris-smackdown-et-raw-liste-des-combats-dates-heure-et-chaine-tv\/\",\"url\":\"https:\/\/dicodusport.fr\/blog\/wwe-clash-in-paris-smackdown-et-raw-liste-des-combats-dates-heure-et-chaine-tv\/\",\"name\":\"WWE Clash in Paris, SmackDown et Raw : Liste des combats, Dates, Heure et Cha\u00eene TV\",\"isPartOf\":{\"@id\":\"https:\/\/dicodusport.fr\/blog\/#website\"},\"primaryImageOfPage\":{\"@id\":\"https:\/\/dicodusport.fr\/blog\/wwe-clash-in-paris-smackdown-et-raw-liste-des-combats-dates-heure-et-chaine-tv\/#primaryimage\"},\"image\":{\"@id\":\"https:\/\/dicodusport.fr\/blog\/wwe-clash-in-paris-smackdown-et-raw-liste-des-combats-dates-heure-et-chaine-tv\/#primaryimage\"},\"thumbnailUrl\":\"https:\/\/dicodusport.fr\/blog\/wp-content\/uploads\/2025\/08\/Cadillac-F1-Valtteri-Bottas-et-Sergio-Perez-officialises-pour-2026-.png\",\"datePublished\":\"2025-08-31T11:27:50+00:00\",\"dateModified\":\"2025-08-31T11:28:11+00:00\",\"description\":\"CATCH - La WWE est de retour en France ce week-end avec notamment Clash in Paris. D\u00e9couvrez le programme et la cha\u00eene TV.\",\"breadcrumb\":{\"@id\":\"https:\/\/dicodusport.fr\/blog\/wwe-clash-in-paris-smackdown-et-raw-liste-des-combats-dates-heure-et-chaine-tv\/#breadcrumb\"},\"inLanguage\":\"fr-FR\",\"potentialAction\":[{\"@type\":\"ReadAction\",\"target\":[\"https:\/\/dicodusport.fr\/blog\/wwe-clash-in-paris-smackdown-et-raw-liste-des-combats-dates-heure-et-chaine-tv\/\"]}]},{\"@type\":\"ImageObject\",\"inLanguage\":\"fr-FR\",\"@id\":\"https:\/\/dicodusport.fr\/blog\/wwe-clash-in-paris-smackdown-et-raw-liste-des-combats-dates-heure-et-chaine-tv\/#primaryimage\",\"url\":\"https:\/\/dicodusport.fr\/blog\/wp-content\/uploads\/2025\/08\/Cadillac-F1-Valtteri-Bottas-et-Sergio-Perez-officialises-pour-2026-.png\",\"contentUrl\":\"https:\/\/dicodusport.fr\/blog\/wp-content\/uploads\/2025\/08\/Cadillac-F1-Valtteri-Bottas-et-Sergio-Perez-officialises-pour-2026-.png\",\"width\":1200,\"height\":674,\"caption\":\"WWE Clash in Paris, SmackDown et Raw Liste des combats, Dates, Heure et Cha\u00eene TV\"},{\"@type\":\"BreadcrumbList\",\"@id\":\"https:\/\/dicodusport.fr\/blog\/wwe-clash-in-paris-smackdown-et-raw-liste-des-combats-dates-heure-et-chaine-tv\/#breadcrumb\",\"itemListElement\":[{\"@type\":\"ListItem\",\"position\":1,\"name\":\"Accueil\",\"item\":\"https:\/\/dicodusport.fr\/blog\/\"},{\"@type\":\"ListItem\",\"position\":2,\"name\":\"WWE Clash in Paris, SmackDown et Raw : Liste des combats, Dates, Heure et Cha\u00eene TV\"}]},{\"@type\":\"WebSite\",\"@id\":\"https:\/\/dicodusport.fr\/blog\/#website\",\"url\":\"https:\/\/dicodusport.fr\/blog\/\",\"name\":\"Dicodusport\",\"description\":\"L&#039;encyclop\u00e9die de l&#039;actualit\u00e9 sportive\",\"publisher\":{\"@id\":\"https:\/\/dicodusport.fr\/blog\/#organization\"},\"potentialAction\":[{\"@type\":\"SearchAction\",\"target\":{\"@type\":\"EntryPoint\",\"urlTemplate\":\"https:\/\/dicodusport.fr\/blog\/?s={search_term_string}\"},\"query-input\":{\"@type\":\"PropertyValueSpecification\",\"valueRequired\":true,\"valueName\":\"search_term_string\"}}],\"inLanguage\":\"fr-FR\"},{\"@type\":\"NewsMediaOrganization\",\"@id\":\"https:\/\/dicodusport.fr\/blog\/#organization\",\"name\":\"Dicodusport\",\"url\":\"https:\/\/dicodusport.fr\/blog\/\",\"logo\":{\"@type\":\"ImageObject\",\"inLanguage\":\"fr-FR\",\"@id\":\"https:\/\/dicodusport.fr\/blog\/#\/schema\/logo\/image\/\",\"url\":\"https:\/\/dicodusport.fr\/blog\/wp-content\/uploads\/2020\/06\/cropped-LOGO-DICODUSPORT-2020-SANS-FOND-SANS-TEXTE.png\",\"contentUrl\":\"https:\/\/dicodusport.fr\/blog\/wp-content\/uploads\/2020\/06\/cropped-LOGO-DICODUSPORT-2020-SANS-FOND-SANS-TEXTE.png\",\"width\":512,\"height\":512,\"caption\":\"Dicodusport\"},\"image\":{\"@id\":\"https:\/\/dicodusport.fr\/blog\/#\/schema\/logo\/image\/\"},\"sameAs\":[\"https:\/\/www.facebook.com\/dicodusport\",\"https:\/\/x.com\/dicodusport\",\"https:\/\/www.instagram.com\/dicodusport\/\",\"https:\/\/www.youtube.com\/channel\/UC7V2KZ5sd3htJivAbA4ZG3w\"],\"description\":\"Dicodusport est l'encyclop\u00e9die de l'actualit\u00e9 sportive.\",\"email\":\"bonjour@dicodusport.fr\",\"legalName\":\"DICODUSPORT\",\"foundingDate\":\"2018-01-14\",\"vatID\":\"FR71834470973\",\"taxID\":\"83447097300043\",\"numberOfEmployees\":{\"@type\":\"QuantitativeValue\",\"minValue\":\"1\",\"maxValue\":\"10\"}},{\"@type\":\"Person\",\"@id\":\"https:\/\/dicodusport.fr\/blog\/#\/schema\/person\/b623199cba9ba90fe84a3d16e9282360\",\"name\":\"Victor Clot-Amiot\",\"image\":{\"@type\":\"ImageObject\",\"inLanguage\":\"fr-FR\",\"@id\":\"https:\/\/dicodusport.fr\/blog\/#\/schema\/person\/image\/\",\"url\":\"https:\/\/dicodusport.fr\/blog\/wp-content\/uploads\/2023\/09\/IMG_20190826_114722-150x150.jpg\",\"contentUrl\":\"https:\/\/dicodusport.fr\/blog\/wp-content\/uploads\/2023\/09\/IMG_20190826_114722-150x150.jpg\",\"caption\":\"Victor Clot-Amiot\"},\"description\":\"Passionn\u00e9 de sport depuis toujours, un jour \u00e0 l'adolescence mes parents m'ont dit : \\\"quitte \u00e0 passer ton temps \u00e0 regarder du sport, au moins va le voir en vrai\\\" ! Depuis, cette remarque ne m'a plus quitt\u00e9 et je passe une grande partie de mon temps libre \u00e0 assister \u00e0 des comp\u00e9titions de tous sports. Je m\u00eale d'ailleurs mes deux passions, le sport et les voyages afin de faire une pierre deux coups ! Outre l'US Open ou l'Euro 2021 par exemple, j'ai assist\u00e9 cet \u00e9t\u00e9 aux Mondiaux d'athl\u00e9tisme \u00e0 Budapest. Mon plus gros coup dur est et restera les JO 2020-2021 pour lesquels j'avais r\u00e9serv\u00e9 17 \u00e9preuves. La suite, vous la connaissez...\",\"sameAs\":[\"https:\/\/x.com\/https:\/\/x.com\/VictorClotAmiot\"],\"url\":\"https:\/\/dicodusport.fr\/blog\/author\/victor-clot-amiot\/\"}]}<\/script>\n<!-- \/ Yoast SEO Premium plugin. -->","yoast_head_json":{"title":"WWE Clash in Paris, SmackDown et Raw : Liste des combats, Dates, Heure et Cha\u00eene TV","description":"CATCH - La WWE est de retour en France ce week-end avec notamment Clash in Paris. D\u00e9couvrez le programme et la cha\u00eene TV.","robots":{"index":"index","follow":"follow","max-snippet":"max-snippet:-1","max-image-preview":"max-image-preview:large","max-video-preview":"max-video-preview:-1"},"canonical":"https:\/\/dicodusport.fr\/blog\/wwe-clash-in-paris-smackdown-et-raw-liste-des-combats-dates-heure-et-chaine-tv\/","og_locale":"fr_FR","og_type":"article","og_title":"WWE Clash in Paris, SmackDown et Raw : Liste des combats, Dates, Heure et Cha\u00eene TV","og_description":"CATCH - La WWE est de retour en France ce week-end avec notamment Clash in Paris. D\u00e9couvrez le programme et la cha\u00eene TV.","og_url":"https:\/\/dicodusport.fr\/blog\/wwe-clash-in-paris-smackdown-et-raw-liste-des-combats-dates-heure-et-chaine-tv\/","og_site_name":"Dicodusport","article_publisher":"https:\/\/www.facebook.com\/dicodusport","article_published_time":"2025-08-31T11:27:50+00:00","article_modified_time":"2025-08-31T11:28:11+00:00","og_image":[{"width":1200,"height":674,"url":"https:\/\/dicodusport.fr\/blog\/wp-content\/uploads\/2025\/08\/Cadillac-F1-Valtteri-Bottas-et-Sergio-Perez-officialises-pour-2026-.png","type":"image\/png"}],"author":"Victor Clot-Amiot","twitter_card":"summary_large_image","twitter_title":"WWE Clash in Paris, SmackDown et Raw : Liste des combats, Dates, Heure et Cha\u00eene TV","twitter_creator":"@https:\/\/x.com\/VictorClotAmiot","twitter_site":"@dicodusport","schema":{"@context":"https:\/\/schema.org","@graph":[{"@type":"NewsArticle","@id":"https:\/\/dicodusport.fr\/blog\/wwe-clash-in-paris-smackdown-et-raw-liste-des-combats-dates-heure-et-chaine-tv\/#article","isPartOf":{"@id":"https:\/\/dicodusport.fr\/blog\/wwe-clash-in-paris-smackdown-et-raw-liste-des-combats-dates-heure-et-chaine-tv\/"},"author":{"name":"Victor Clot-Amiot","@id":"https:\/\/dicodusport.fr\/blog\/#\/schema\/person\/b623199cba9ba90fe84a3d16e9282360"},"headline":"WWE Clash in Paris, SmackDown et Raw : Liste des combats, Dates, Heure et Cha\u00eene TV","datePublished":"2025-08-31T11:27:50+00:00","dateModified":"2025-08-31T11:28:11+00:00","mainEntityOfPage":{"@id":"https:\/\/dicodusport.fr\/blog\/wwe-clash-in-paris-smackdown-et-raw-liste-des-combats-dates-heure-et-chaine-tv\/"},"wordCount":1106,"commentCount":0,"publisher":{"@id":"https:\/\/dicodusport.fr\/blog\/#organization"},"image":{"@id":"https:\/\/dicodusport.fr\/blog\/wwe-clash-in-paris-smackdown-et-raw-liste-des-combats-dates-heure-et-chaine-tv\/#primaryimage"},"thumbnailUrl":"https:\/\/dicodusport.fr\/blog\/wp-content\/uploads\/2025\/08\/Cadillac-F1-Valtteri-Bottas-et-Sergio-Perez-officialises-pour-2026-.png","keywords":["br\u00e8ve","Catch","WWE"],"articleSection":["Catch"],"inLanguage":"fr-FR","potentialAction":[{"@type":"CommentAction","name":"Comment","target":["https:\/\/dicodusport.fr\/blog\/wwe-clash-in-paris-smackdown-et-raw-liste-des-combats-dates-heure-et-chaine-tv\/#respond"]}],"copyrightYear":"2025","copyrightHolder":{"@id":"https:\/\/dicodusport.fr\/blog\/#organization"}},{"@type":"WebPage","@id":"https:\/\/dicodusport.fr\/blog\/wwe-clash-in-paris-smackdown-et-raw-liste-des-combats-dates-heure-et-chaine-tv\/","url":"https:\/\/dicodusport.fr\/blog\/wwe-clash-in-paris-smackdown-et-raw-liste-des-combats-dates-heure-et-chaine-tv\/","name":"WWE Clash in Paris, SmackDown et Raw : Liste des combats, Dates, Heure et Cha\u00eene TV","isPartOf":{"@id":"https:\/\/dicodusport.fr\/blog\/#website"},"primaryImageOfPage":{"@id":"https:\/\/dicodusport.fr\/blog\/wwe-clash-in-paris-smackdown-et-raw-liste-des-combats-dates-heure-et-chaine-tv\/#primaryimage"},"image":{"@id":"https:\/\/dicodusport.fr\/blog\/wwe-clash-in-paris-smackdown-et-raw-liste-des-combats-dates-heure-et-chaine-tv\/#primaryimage"},"thumbnailUrl":"https:\/\/dicodusport.fr\/blog\/wp-content\/uploads\/2025\/08\/Cadillac-F1-Valtteri-Bottas-et-Sergio-Perez-officialises-pour-2026-.png","datePublished":"2025-08-31T11:27:50+00:00","dateModified":"2025-08-31T11:28:11+00:00","description":"CATCH - La WWE est de retour en France ce week-end avec notamment Clash in Paris. D\u00e9couvrez le programme et la cha\u00eene TV.","breadcrumb":{"@id":"https:\/\/dicodusport.fr\/blog\/wwe-clash-in-paris-smackdown-et-raw-liste-des-combats-dates-heure-et-chaine-tv\/#breadcrumb"},"inLanguage":"fr-FR","potentialAction":[{"@type":"ReadAction","target":["https:\/\/dicodusport.fr\/blog\/wwe-clash-in-paris-smackdown-et-raw-liste-des-combats-dates-heure-et-chaine-tv\/"]}]},{"@type":"ImageObject","inLanguage":"fr-FR","@id":"https:\/\/dicodusport.fr\/blog\/wwe-clash-in-paris-smackdown-et-raw-liste-des-combats-dates-heure-et-chaine-tv\/#primaryimage","url":"https:\/\/dicodusport.fr\/blog\/wp-content\/uploads\/2025\/08\/Cadillac-F1-Valtteri-Bottas-et-Sergio-Perez-officialises-pour-2026-.png","contentUrl":"https:\/\/dicodusport.fr\/blog\/wp-content\/uploads\/2025\/08\/Cadillac-F1-Valtteri-Bottas-et-Sergio-Perez-officialises-pour-2026-.png","width":1200,"height":674,"caption":"WWE Clash in Paris, SmackDown et Raw Liste des combats, Dates, Heure et Cha\u00eene TV"},{"@type":"BreadcrumbList","@id":"https:\/\/dicodusport.fr\/blog\/wwe-clash-in-paris-smackdown-et-raw-liste-des-combats-dates-heure-et-chaine-tv\/#breadcrumb","itemListElement":[{"@type":"ListItem","position":1,"name":"Accueil","item":"https:\/\/dicodusport.fr\/blog\/"},{"@type":"ListItem","position":2,"name":"WWE Clash in Paris, SmackDown et Raw : Liste des combats, Dates, Heure et Cha\u00eene TV"}]},{"@type":"WebSite","@id":"https:\/\/dicodusport.fr\/blog\/#website","url":"https:\/\/dicodusport.fr\/blog\/","name":"Dicodusport","description":"L&#039;encyclop\u00e9die de l&#039;actualit\u00e9 sportive","publisher":{"@id":"https:\/\/dicodusport.fr\/blog\/#organization"},"potentialAction":[{"@type":"SearchAction","target":{"@type":"EntryPoint","urlTemplate":"https:\/\/dicodusport.fr\/blog\/?s={search_term_string}"},"query-input":{"@type":"PropertyValueSpecification","valueRequired":true,"valueName":"search_term_string"}}],"inLanguage":"fr-FR"},{"@type":"NewsMediaOrganization","@id":"https:\/\/dicodusport.fr\/blog\/#organization","name":"Dicodusport","url":"https:\/\/dicodusport.fr\/blog\/","logo":{"@type":"ImageObject","inLanguage":"fr-FR","@id":"https:\/\/dicodusport.fr\/blog\/#\/schema\/logo\/image\/","url":"https:\/\/dicodusport.fr\/blog\/wp-content\/uploads\/2020\/06\/cropped-LOGO-DICODUSPORT-2020-SANS-FOND-SANS-TEXTE.png","contentUrl":"https:\/\/dicodusport.fr\/blog\/wp-content\/uploads\/2020\/06\/cropped-LOGO-DICODUSPORT-2020-SANS-FOND-SANS-TEXTE.png","width":512,"height":512,"caption":"Dicodusport"},"image":{"@id":"https:\/\/dicodusport.fr\/blog\/#\/schema\/logo\/image\/"},"sameAs":["https:\/\/www.facebook.com\/dicodusport","https:\/\/x.com\/dicodusport","https:\/\/www.instagram.com\/dicodusport\/","https:\/\/www.youtube.com\/channel\/UC7V2KZ5sd3htJivAbA4ZG3w"],"description":"Dicodusport est l'encyclop\u00e9die de l'actualit\u00e9 sportive.","email":"bonjour@dicodusport.fr","legalName":"DICODUSPORT","foundingDate":"2018-01-14","vatID":"FR71834470973","taxID":"83447097300043","numberOfEmployees":{"@type":"QuantitativeValue","minValue":"1","maxValue":"10"}},{"@type":"Person","@id":"https:\/\/dicodusport.fr\/blog\/#\/schema\/person\/b623199cba9ba90fe84a3d16e9282360","name":"Victor Clot-Amiot","image":{"@type":"ImageObject","inLanguage":"fr-FR","@id":"https:\/\/dicodusport.fr\/blog\/#\/schema\/person\/image\/","url":"https:\/\/dicodusport.fr\/blog\/wp-content\/uploads\/2023\/09\/IMG_20190826_114722-150x150.jpg","contentUrl":"https:\/\/dicodusport.fr\/blog\/wp-content\/uploads\/2023\/09\/IMG_20190826_114722-150x150.jpg","caption":"Victor Clot-Amiot"},"description":"Passionn\u00e9 de sport depuis toujours, un jour \u00e0 l'adolescence mes parents m'ont dit : \"quitte \u00e0 passer ton temps \u00e0 regarder du sport, au moins va le voir en vrai\" ! Depuis, cette remarque ne m'a plus quitt\u00e9 et je passe une grande partie de mon temps libre \u00e0 assister \u00e0 des comp\u00e9titions de tous sports. Je m\u00eale d'ailleurs mes deux passions, le sport et les voyages afin de faire une pierre deux coups ! Outre l'US Open ou l'Euro 2021 par exemple, j'ai assist\u00e9 cet \u00e9t\u00e9 aux Mondiaux d'athl\u00e9tisme \u00e0 Budapest. Mon plus gros coup dur est et restera les JO 2020-2021 pour lesquels j'avais r\u00e9serv\u00e9 17 \u00e9preuves. La suite, vous la connaissez...","sameAs":["https:\/\/x.com\/https:\/\/x.com\/VictorClotAmiot"],"url":"https:\/\/dicodusport.fr\/blog\/author\/victor-clot-amiot\/"}]}},"_links":{"self":[{"href":"https:\/\/dicodusport.fr\/blog\/wp-json\/wp\/v2\/posts\/605528","targetHints":{"allow":["GET"]}}],"collection":[{"href":"https:\/\/dicodusport.fr\/blog\/wp-json\/wp\/v2\/posts"}],"about":[{"href":"https:\/\/dicodusport.fr\/blog\/wp-json\/wp\/v2\/types\/post"}],"author":[{"embeddable":true,"href":"https:\/\/dicodusport.fr\/blog\/wp-json\/wp\/v2\/users\/91"}],"replies":[{"embeddable":true,"href":"https:\/\/dicodusport.fr\/blog\/wp-json\/wp\/v2\/comments?post=605528"}],"version-history":[{"count":6,"href":"https:\/\/dicodusport.fr\/blog\/wp-json\/wp\/v2\/posts\/605528\/revisions"}],"predecessor-version":[{"id":607276,"href":"https:\/\/dicodusport.fr\/blog\/wp-json\/wp\/v2\/posts\/605528\/revisions\/607276"}],"wp:featuredmedia":[{"embeddable":true,"href":"https:\/\/dicodusport.fr\/blog\/wp-json\/wp\/v2\/media\/605622"}],"wp:attachment":[{"href":"https:\/\/dicodusport.fr\/blog\/wp-json\/wp\/v2\/media?parent=605528"}],"wp:term":[{"taxonomy":"category","embeddable":true,"href":"https:\/\/dicodusport.fr\/blog\/wp-json\/wp\/v2\/categories?post=605528"},{"taxonomy":"post_tag","embeddable":true,"href":"https:\/\/dicodusport.fr\/blog\/wp-json\/wp\/v2\/tags?post=605528"}],"curies":[{"name":"wp","href":"https:\/\/api.w.org\/{rel}","templated":true}]}}