{"id":605557,"date":"2025-08-26T10:34:56","date_gmt":"2025-08-26T08:34:56","guid":{"rendered":"https:\/\/dicodusport.fr\/blog\/?p=605557&#038;preview=true&#038;preview_id=605557"},"modified":"2025-08-26T10:34:56","modified_gmt":"2025-08-26T08:34:56","slug":"transferts-om-les-details-de-la-probable-arrivee-de-dani-ceballos-a-marseille","status":"publish","type":"post","link":"https:\/\/dicodusport.fr\/blog\/transferts-om-les-details-de-la-probable-arrivee-de-dani-ceballos-a-marseille\/","title":{"rendered":"Transferts OM : Les d\u00e9tails de la probable arriv\u00e9e de Dani Ceballos \u00e0 Marseille"},"content":{"rendered":"<p style=\"text-align: justify;\"><strong><em>TRANSFERTS &#8211; L&rsquo;Olympique de Marseille est en route pour r\u00e9aliser un grand coup sur ce mercato estival, en recrutant Dani Ceballos. Le milieu de terrain du Real Madrid arriverait sous la forme d&rsquo;un pr\u00eat.<br \/>\n<\/em><\/strong><\/p>\n<p style=\"text-align: justify;\">Marseille n&rsquo;est pas seule dans la course \u00e0 <a href=\"https:\/\/dicodusport.fr\/blog\/transferts-om-dani-ceballos-veut-signer-a-marseille\/\"><strong>Dani Ceballos<\/strong><\/a>, mais le joueur de 29 ans souhaite venir sur la Cannebi\u00e8re. Peu utilis\u00e9 par le Real Madrid, le milieu de terrain espagnol est donc sur le d\u00e9part, et aurait choisi le V\u00e9l\u00e9drome comme nouveau terrain de jeu, selon <em>Fabrizio Romano<\/em>. Ceballos arriverait \u00e0 Marseille sous la forme d&rsquo;un pr\u00eat avec obligation d&rsquo;achat, \u00e0 15 millions d&rsquo;euros. <em><br \/>\n<\/em><\/p>\n<blockquote class=\"twitter-tweet\">\n<p dir=\"ltr\" lang=\"en\">\ud83d\udea8\u26aa\ufe0f\ud83d\udd35 Dani Ceballos, keen on Olympique Marseille move as clubs are in direct talks.<\/p>\n<p>Loan with obligation to buy clause is the formula discussed, fee under \u20ac15m.<\/p>\n<p>OM want Ceballos regardless of what happens with Rabiot. <a href=\"https:\/\/t.co\/V2tF2gLx3c\">pic.twitter.com\/V2tF2gLx3c<\/a><\/p>\n<p>\u2014 Fabrizio Romano (@FabrizioRomano) <a href=\"https:\/\/twitter.com\/FabrizioRomano\/status\/1960241552544219194?ref_src=twsrc%5Etfw\">August 26, 2025<\/a><\/p><\/blockquote>\n<p><script async src=\"https:\/\/platform.twitter.com\/widgets.js\" charset=\"utf-8\"><\/script><\/p>\n<h2 style=\"text-align: justify;\">Dani Ceballos vers Marseille, quoiqu&rsquo;il se passe avec Rabiot<\/h2>\n<p style=\"text-align: justify;\">Ce transfert devrait se faire d&rsquo;ici \u00e0 la fin du mercato (1er septembre \u00e0 20h en France). Et ce, quoi qu&rsquo;il se passe dans le cas <a href=\"https:\/\/dicodusport.fr\/blog\/transferts-om-adrien-rabiot-et-marseille-avaient-un-accord-pour-une-prolongation\/\"><strong>Adrien Rabiot<\/strong><\/a>. Le milieu de terrain fran\u00e7ais, plac\u00e9 sur la liste des transferts par les dirigeants phoc\u00e9ens, pourrait finalement r\u00e9int\u00e9grer le groupe. Mais l&rsquo;ajout d&rsquo;un nouveau joueur d&rsquo;exp\u00e9rience \u00e0 l&rsquo;OM ne ferait pas de mal alors que la saison promet d&rsquo;\u00eatre longue, notamment avec la Ligue des champions.<\/p>\n<div class=\"vlp-link-container vlp-layout-article\"><a href=\"https:\/\/dicodusport.fr\/blog\/mercato-om-2025-2026-le-tableau-complet-des-transferts-arrivees-et-departs\/\" class=\"vlp-link\" title=\"Mercato OM 2025-2026 : Le tableau complet des transferts, arriv\u00e9es et d\u00e9parts\"><\/a><div class=\"vlp-layout-zone-side\"><div class=\"vlp-block-4 vlp-link-image\"><img loading=\"lazy\" decoding=\"async\" style=\"max-width: 792px;\" width=\"792\" height=\"445\" src=\"https:\/\/dicodusport.fr\/blog\/wp-content\/uploads\/2025\/05\/Mercato-OM-2025-2026-Le-tableau-complet-des-transferts-arrivees-et-departs.png\" class=\"attachment-800x445 size-800x445\" alt=\"Mercato OM 2025-2026 Le tableau complet des transferts, arriv\u00e9es et d\u00e9parts\" srcset=\"https:\/\/dicodusport.fr\/blog\/wp-content\/uploads\/2025\/05\/Mercato-OM-2025-2026-Le-tableau-complet-des-transferts-arrivees-et-departs.png 1200w, https:\/\/dicodusport.fr\/blog\/wp-content\/uploads\/2025\/05\/Mercato-OM-2025-2026-Le-tableau-complet-des-transferts-arrivees-et-departs-300x169.png 300w, https:\/\/dicodusport.fr\/blog\/wp-content\/uploads\/2025\/05\/Mercato-OM-2025-2026-Le-tableau-complet-des-transferts-arrivees-et-departs-1024x575.png 1024w, https:\/\/dicodusport.fr\/blog\/wp-content\/uploads\/2025\/05\/Mercato-OM-2025-2026-Le-tableau-complet-des-transferts-arrivees-et-departs-768x431.png 768w\" sizes=\"auto, (max-width: 792px) 100vw, 792px\" \/><\/div><\/div><div class=\"vlp-layout-zone-main\"><div class=\"vlp-block-0 vlp-link-title\">Mercato OM 2025-2026 : Le tableau complet des transferts, arriv\u00e9es et d\u00e9parts<\/div><div class=\"vlp-block-1 vlp-link-summary\">TRANSFERTS OM - Retrouvez tous les mouvements de l'Olympique de Marseille pour l'intersaison 2025 en Ligue 1. Arriv\u00e9es, d\u00e9part, pr\u00eats, transferts d\u00e9finitifs, ne ratez rien du mercato estival.\u00a0<\/div><div class=\"vlp-block-2 vlp-link-button\">Lire l'article<\/div><div class=\"vlp-block-3 vlp-link-url\">dicodusport.fr<\/div><\/div><\/div>\n<p style=\"text-align: justify;\">Cr\u00e9ateur, mais aussi capable d&rsquo;organiser le jeu, <strong>Dani Ceballos<\/strong> serait un gros coup pour Marseille. Toutefois, il est fragile physiquement, et l&rsquo;intensit\u00e9 de la Ligue 1 est tout de m\u00eame diff\u00e9rente de celle de la Liga, qui laisse plus de place aux joueurs de ballon. Il a pass\u00e9 plus de 130 jours bless\u00e9 sur les deux derni\u00e8res saisons. Sera-t-il capable de suivre le rythme impos\u00e9 par <b>Roberto De Zerbi<\/b>\u00a0? Et quid de son salaire ? Alors qu&rsquo;il gagne environ 10 millions d&rsquo;euros par an au Real Madrid, Ceballos va devoir revoir ses \u00e9moluments \u00e0 la baisse en arrivant \u00e0 Marseille. Ou bien les Madril\u00e8nes vont-ils prendre en charge une partie de son salaire ? Comment De Zerbi va-t-il l&rsquo;utiliser ? Aux c\u00f4t\u00e9s de Rabiot, s&rsquo;il revient, et de <strong><span id=\"_82ytaIKyFparkdUP9Jr24Ag_40\" class=\"wtBS9\">Pierre-Emile H\u00f8jbjerg<\/span><\/strong> ? Ou alors, connaissant ses faiblesses physiques, le coach italien voit en lui une doublure ? La doublure co\u00fbterait cher aux finances olympiennes&#8230;<\/p>\n","protected":false},"excerpt":{"rendered":"<p>L&rsquo;Olympique de Marseille est en route pour r\u00e9aliser un grand coup sur ce mercato estival, en recrutant Dani Ceballos. Le milieu de terrain du Real Madrid arriverait sous la forme d&rsquo;un pr\u00eat.<\/p>\n","protected":false},"author":88,"featured_media":605562,"comment_status":"open","ping_status":"closed","sticky":false,"template":"","format":"standard","meta":{"_acf_changed":false,"_daextam_enable_autolinks":"1","footnotes":""},"categories":[47045],"tags":[16878,39821],"class_list":["post-605557","post","type-post","status-publish","format-standard","has-post-thumbnail","hentry","category-ligue-1","tag-breve","tag-transferts-om"],"acf":[],"yoast_head":"<!-- This site is optimized with the Yoast SEO Premium plugin v26.7 (Yoast SEO v26.7) - https:\/\/yoast.com\/wordpress\/plugins\/seo\/ -->\n<title>Transferts OM : Les d\u00e9tails de la probable arriv\u00e9e de Dani Ceballos \u00e0 Marseille<\/title>\n<meta name=\"description\" content=\"TRANSFERTS - L&#039;Olympique de Marseille est en route pour r\u00e9aliser un grand coup sur ce mercato estival, en recrutant Dani Ceballos. Le milieu de terrain du Real Madrid arriverait sous la forme d&#039;un pr\u00eat.\" \/>\n<meta name=\"robots\" content=\"index, follow, max-snippet:-1, max-image-preview:large, max-video-preview:-1\" \/>\n<link rel=\"canonical\" href=\"https:\/\/dicodusport.fr\/blog\/transferts-om-les-details-de-la-probable-arrivee-de-dani-ceballos-a-marseille\/\" \/>\n<meta property=\"og:locale\" content=\"fr_FR\" \/>\n<meta property=\"og:type\" content=\"article\" \/>\n<meta property=\"og:title\" content=\"Transferts OM : Les d\u00e9tails de la probable arriv\u00e9e de Dani Ceballos \u00e0 Marseille\" \/>\n<meta property=\"og:description\" content=\"TRANSFERTS - L&#039;Olympique de Marseille est en route pour r\u00e9aliser un grand coup sur ce mercato estival, en recrutant Dani Ceballos. Le milieu de terrain du Real Madrid arriverait sous la forme d&#039;un pr\u00eat.\" \/>\n<meta property=\"og:url\" content=\"https:\/\/dicodusport.fr\/blog\/transferts-om-les-details-de-la-probable-arrivee-de-dani-ceballos-a-marseille\/\" \/>\n<meta property=\"og:site_name\" content=\"Dicodusport\" \/>\n<meta property=\"article:publisher\" content=\"https:\/\/www.facebook.com\/dicodusport\" \/>\n<meta property=\"article:published_time\" content=\"2025-08-26T08:34:56+00:00\" \/>\n<meta property=\"og:image\" content=\"https:\/\/dicodusport.fr\/blog\/wp-content\/uploads\/2025\/08\/Transferts-OM-Les-details-de-la-probable-arrivee-de-Dani-Ceballos-a-Marseille.png\" \/>\n\t<meta property=\"og:image:width\" content=\"1200\" \/>\n\t<meta property=\"og:image:height\" content=\"674\" \/>\n\t<meta property=\"og:image:type\" content=\"image\/png\" \/>\n<meta name=\"author\" content=\"Paul Lalevee\" \/>\n<meta name=\"twitter:card\" content=\"summary_large_image\" \/>\n<meta name=\"twitter:title\" content=\"Transferts OM : Les d\u00e9tails de la probable arriv\u00e9e de Dani Ceballos \u00e0 Marseille\" \/>\n<meta name=\"twitter:creator\" content=\"@dicodusport\" \/>\n<meta name=\"twitter:site\" content=\"@dicodusport\" \/>\n<script type=\"application\/ld+json\" class=\"yoast-schema-graph\">{\"@context\":\"https:\/\/schema.org\",\"@graph\":[{\"@type\":\"NewsArticle\",\"@id\":\"https:\/\/dicodusport.fr\/blog\/transferts-om-les-details-de-la-probable-arrivee-de-dani-ceballos-a-marseille\/#article\",\"isPartOf\":{\"@id\":\"https:\/\/dicodusport.fr\/blog\/transferts-om-les-details-de-la-probable-arrivee-de-dani-ceballos-a-marseille\/\"},\"author\":{\"name\":\"Paul Lalevee\",\"@id\":\"https:\/\/dicodusport.fr\/blog\/#\/schema\/person\/1eaa63dfac40b5e5c47f03a71920c1cd\"},\"headline\":\"Transferts OM : Les d\u00e9tails de la probable arriv\u00e9e de Dani Ceballos \u00e0 Marseille\",\"datePublished\":\"2025-08-26T08:34:56+00:00\",\"mainEntityOfPage\":{\"@id\":\"https:\/\/dicodusport.fr\/blog\/transferts-om-les-details-de-la-probable-arrivee-de-dani-ceballos-a-marseille\/\"},\"wordCount\":505,\"commentCount\":0,\"publisher\":{\"@id\":\"https:\/\/dicodusport.fr\/blog\/#organization\"},\"image\":{\"@id\":\"https:\/\/dicodusport.fr\/blog\/transferts-om-les-details-de-la-probable-arrivee-de-dani-ceballos-a-marseille\/#primaryimage\"},\"thumbnailUrl\":\"https:\/\/dicodusport.fr\/blog\/wp-content\/uploads\/2025\/08\/Transferts-OM-Les-details-de-la-probable-arrivee-de-Dani-Ceballos-a-Marseille.png\",\"keywords\":[\"br\u00e8ve\",\"Transferts OM\"],\"articleSection\":[\"Ligue 1\"],\"inLanguage\":\"fr-FR\",\"potentialAction\":[{\"@type\":\"CommentAction\",\"name\":\"Comment\",\"target\":[\"https:\/\/dicodusport.fr\/blog\/transferts-om-les-details-de-la-probable-arrivee-de-dani-ceballos-a-marseille\/#respond\"]}],\"copyrightYear\":\"2025\",\"copyrightHolder\":{\"@id\":\"https:\/\/dicodusport.fr\/blog\/#organization\"}},{\"@type\":\"WebPage\",\"@id\":\"https:\/\/dicodusport.fr\/blog\/transferts-om-les-details-de-la-probable-arrivee-de-dani-ceballos-a-marseille\/\",\"url\":\"https:\/\/dicodusport.fr\/blog\/transferts-om-les-details-de-la-probable-arrivee-de-dani-ceballos-a-marseille\/\",\"name\":\"Transferts OM : Les d\u00e9tails de la probable arriv\u00e9e de Dani Ceballos \u00e0 Marseille\",\"isPartOf\":{\"@id\":\"https:\/\/dicodusport.fr\/blog\/#website\"},\"primaryImageOfPage\":{\"@id\":\"https:\/\/dicodusport.fr\/blog\/transferts-om-les-details-de-la-probable-arrivee-de-dani-ceballos-a-marseille\/#primaryimage\"},\"image\":{\"@id\":\"https:\/\/dicodusport.fr\/blog\/transferts-om-les-details-de-la-probable-arrivee-de-dani-ceballos-a-marseille\/#primaryimage\"},\"thumbnailUrl\":\"https:\/\/dicodusport.fr\/blog\/wp-content\/uploads\/2025\/08\/Transferts-OM-Les-details-de-la-probable-arrivee-de-Dani-Ceballos-a-Marseille.png\",\"datePublished\":\"2025-08-26T08:34:56+00:00\",\"description\":\"TRANSFERTS - L'Olympique de Marseille est en route pour r\u00e9aliser un grand coup sur ce mercato estival, en recrutant Dani Ceballos. Le milieu de terrain du Real Madrid arriverait sous la forme d'un pr\u00eat.\",\"breadcrumb\":{\"@id\":\"https:\/\/dicodusport.fr\/blog\/transferts-om-les-details-de-la-probable-arrivee-de-dani-ceballos-a-marseille\/#breadcrumb\"},\"inLanguage\":\"fr-FR\",\"potentialAction\":[{\"@type\":\"ReadAction\",\"target\":[\"https:\/\/dicodusport.fr\/blog\/transferts-om-les-details-de-la-probable-arrivee-de-dani-ceballos-a-marseille\/\"]}]},{\"@type\":\"ImageObject\",\"inLanguage\":\"fr-FR\",\"@id\":\"https:\/\/dicodusport.fr\/blog\/transferts-om-les-details-de-la-probable-arrivee-de-dani-ceballos-a-marseille\/#primaryimage\",\"url\":\"https:\/\/dicodusport.fr\/blog\/wp-content\/uploads\/2025\/08\/Transferts-OM-Les-details-de-la-probable-arrivee-de-Dani-Ceballos-a-Marseille.png\",\"contentUrl\":\"https:\/\/dicodusport.fr\/blog\/wp-content\/uploads\/2025\/08\/Transferts-OM-Les-details-de-la-probable-arrivee-de-Dani-Ceballos-a-Marseille.png\",\"width\":1200,\"height\":674,\"caption\":\"Transferts OM Les d\u00e9tails de la probable arriv\u00e9e de Dani Ceballos \u00e0 Marseille\"},{\"@type\":\"BreadcrumbList\",\"@id\":\"https:\/\/dicodusport.fr\/blog\/transferts-om-les-details-de-la-probable-arrivee-de-dani-ceballos-a-marseille\/#breadcrumb\",\"itemListElement\":[{\"@type\":\"ListItem\",\"position\":1,\"name\":\"Accueil\",\"item\":\"https:\/\/dicodusport.fr\/blog\/\"},{\"@type\":\"ListItem\",\"position\":2,\"name\":\"Transferts OM : Les d\u00e9tails de la probable arriv\u00e9e de Dani Ceballos \u00e0 Marseille\"}]},{\"@type\":\"WebSite\",\"@id\":\"https:\/\/dicodusport.fr\/blog\/#website\",\"url\":\"https:\/\/dicodusport.fr\/blog\/\",\"name\":\"Dicodusport\",\"description\":\"L&#039;encyclop\u00e9die de l&#039;actualit\u00e9 sportive\",\"publisher\":{\"@id\":\"https:\/\/dicodusport.fr\/blog\/#organization\"},\"potentialAction\":[{\"@type\":\"SearchAction\",\"target\":{\"@type\":\"EntryPoint\",\"urlTemplate\":\"https:\/\/dicodusport.fr\/blog\/?s={search_term_string}\"},\"query-input\":{\"@type\":\"PropertyValueSpecification\",\"valueRequired\":true,\"valueName\":\"search_term_string\"}}],\"inLanguage\":\"fr-FR\"},{\"@type\":\"NewsMediaOrganization\",\"@id\":\"https:\/\/dicodusport.fr\/blog\/#organization\",\"name\":\"Dicodusport\",\"url\":\"https:\/\/dicodusport.fr\/blog\/\",\"logo\":{\"@type\":\"ImageObject\",\"inLanguage\":\"fr-FR\",\"@id\":\"https:\/\/dicodusport.fr\/blog\/#\/schema\/logo\/image\/\",\"url\":\"https:\/\/dicodusport.fr\/blog\/wp-content\/uploads\/2020\/06\/cropped-LOGO-DICODUSPORT-2020-SANS-FOND-SANS-TEXTE.png\",\"contentUrl\":\"https:\/\/dicodusport.fr\/blog\/wp-content\/uploads\/2020\/06\/cropped-LOGO-DICODUSPORT-2020-SANS-FOND-SANS-TEXTE.png\",\"width\":512,\"height\":512,\"caption\":\"Dicodusport\"},\"image\":{\"@id\":\"https:\/\/dicodusport.fr\/blog\/#\/schema\/logo\/image\/\"},\"sameAs\":[\"https:\/\/www.facebook.com\/dicodusport\",\"https:\/\/x.com\/dicodusport\",\"https:\/\/www.instagram.com\/dicodusport\/\",\"https:\/\/www.youtube.com\/channel\/UC7V2KZ5sd3htJivAbA4ZG3w\"],\"description\":\"Dicodusport est l'encyclop\u00e9die de l'actualit\u00e9 sportive.\",\"email\":\"bonjour@dicodusport.fr\",\"legalName\":\"DICODUSPORT\",\"foundingDate\":\"2018-01-14\",\"vatID\":\"FR71834470973\",\"taxID\":\"83447097300043\",\"numberOfEmployees\":{\"@type\":\"QuantitativeValue\",\"minValue\":\"1\",\"maxValue\":\"10\"}},{\"@type\":\"Person\",\"@id\":\"https:\/\/dicodusport.fr\/blog\/#\/schema\/person\/1eaa63dfac40b5e5c47f03a71920c1cd\",\"name\":\"Paul Lalevee\",\"image\":{\"@type\":\"ImageObject\",\"inLanguage\":\"fr-FR\",\"@id\":\"https:\/\/dicodusport.fr\/blog\/#\/schema\/person\/image\/\",\"url\":\"https:\/\/dicodusport.fr\/blog\/wp-content\/uploads\/2023\/10\/291154246_1690604071293245_3118259335115946499_n-150x150.jpg\",\"contentUrl\":\"https:\/\/dicodusport.fr\/blog\/wp-content\/uploads\/2023\/10\/291154246_1690604071293245_3118259335115946499_n-150x150.jpg\",\"caption\":\"Paul Lalevee\"},\"description\":\"La bulle Disney pendant le Covid, le Tour 2019, la Coupe du monde 2018. Ces trois \u00e9v\u00e9nements majeurs sont ancr\u00e9s dans ma t\u00eate de fan de sport, n\u00e9gativement ou positivement. Passionn\u00e9 de sport depuis l'enfance, j'ai d\u00e9cid\u00e9 de mettre ma passion de l'\u00e9criture au service de cette premi\u00e8re passion.\",\"url\":\"https:\/\/dicodusport.fr\/blog\/author\/paul-lalevee\/\"}]}<\/script>\n<!-- \/ Yoast SEO Premium plugin. -->","yoast_head_json":{"title":"Transferts OM : Les d\u00e9tails de la probable arriv\u00e9e de Dani Ceballos \u00e0 Marseille","description":"TRANSFERTS - L'Olympique de Marseille est en route pour r\u00e9aliser un grand coup sur ce mercato estival, en recrutant Dani Ceballos. Le milieu de terrain du Real Madrid arriverait sous la forme d'un pr\u00eat.","robots":{"index":"index","follow":"follow","max-snippet":"max-snippet:-1","max-image-preview":"max-image-preview:large","max-video-preview":"max-video-preview:-1"},"canonical":"https:\/\/dicodusport.fr\/blog\/transferts-om-les-details-de-la-probable-arrivee-de-dani-ceballos-a-marseille\/","og_locale":"fr_FR","og_type":"article","og_title":"Transferts OM : Les d\u00e9tails de la probable arriv\u00e9e de Dani Ceballos \u00e0 Marseille","og_description":"TRANSFERTS - L'Olympique de Marseille est en route pour r\u00e9aliser un grand coup sur ce mercato estival, en recrutant Dani Ceballos. Le milieu de terrain du Real Madrid arriverait sous la forme d'un pr\u00eat.","og_url":"https:\/\/dicodusport.fr\/blog\/transferts-om-les-details-de-la-probable-arrivee-de-dani-ceballos-a-marseille\/","og_site_name":"Dicodusport","article_publisher":"https:\/\/www.facebook.com\/dicodusport","article_published_time":"2025-08-26T08:34:56+00:00","og_image":[{"width":1200,"height":674,"url":"https:\/\/dicodusport.fr\/blog\/wp-content\/uploads\/2025\/08\/Transferts-OM-Les-details-de-la-probable-arrivee-de-Dani-Ceballos-a-Marseille.png","type":"image\/png"}],"author":"Paul Lalevee","twitter_card":"summary_large_image","twitter_title":"Transferts OM : Les d\u00e9tails de la probable arriv\u00e9e de Dani Ceballos \u00e0 Marseille","twitter_creator":"@dicodusport","twitter_site":"@dicodusport","schema":{"@context":"https:\/\/schema.org","@graph":[{"@type":"NewsArticle","@id":"https:\/\/dicodusport.fr\/blog\/transferts-om-les-details-de-la-probable-arrivee-de-dani-ceballos-a-marseille\/#article","isPartOf":{"@id":"https:\/\/dicodusport.fr\/blog\/transferts-om-les-details-de-la-probable-arrivee-de-dani-ceballos-a-marseille\/"},"author":{"name":"Paul Lalevee","@id":"https:\/\/dicodusport.fr\/blog\/#\/schema\/person\/1eaa63dfac40b5e5c47f03a71920c1cd"},"headline":"Transferts OM : Les d\u00e9tails de la probable arriv\u00e9e de Dani Ceballos \u00e0 Marseille","datePublished":"2025-08-26T08:34:56+00:00","mainEntityOfPage":{"@id":"https:\/\/dicodusport.fr\/blog\/transferts-om-les-details-de-la-probable-arrivee-de-dani-ceballos-a-marseille\/"},"wordCount":505,"commentCount":0,"publisher":{"@id":"https:\/\/dicodusport.fr\/blog\/#organization"},"image":{"@id":"https:\/\/dicodusport.fr\/blog\/transferts-om-les-details-de-la-probable-arrivee-de-dani-ceballos-a-marseille\/#primaryimage"},"thumbnailUrl":"https:\/\/dicodusport.fr\/blog\/wp-content\/uploads\/2025\/08\/Transferts-OM-Les-details-de-la-probable-arrivee-de-Dani-Ceballos-a-Marseille.png","keywords":["br\u00e8ve","Transferts OM"],"articleSection":["Ligue 1"],"inLanguage":"fr-FR","potentialAction":[{"@type":"CommentAction","name":"Comment","target":["https:\/\/dicodusport.fr\/blog\/transferts-om-les-details-de-la-probable-arrivee-de-dani-ceballos-a-marseille\/#respond"]}],"copyrightYear":"2025","copyrightHolder":{"@id":"https:\/\/dicodusport.fr\/blog\/#organization"}},{"@type":"WebPage","@id":"https:\/\/dicodusport.fr\/blog\/transferts-om-les-details-de-la-probable-arrivee-de-dani-ceballos-a-marseille\/","url":"https:\/\/dicodusport.fr\/blog\/transferts-om-les-details-de-la-probable-arrivee-de-dani-ceballos-a-marseille\/","name":"Transferts OM : Les d\u00e9tails de la probable arriv\u00e9e de Dani Ceballos \u00e0 Marseille","isPartOf":{"@id":"https:\/\/dicodusport.fr\/blog\/#website"},"primaryImageOfPage":{"@id":"https:\/\/dicodusport.fr\/blog\/transferts-om-les-details-de-la-probable-arrivee-de-dani-ceballos-a-marseille\/#primaryimage"},"image":{"@id":"https:\/\/dicodusport.fr\/blog\/transferts-om-les-details-de-la-probable-arrivee-de-dani-ceballos-a-marseille\/#primaryimage"},"thumbnailUrl":"https:\/\/dicodusport.fr\/blog\/wp-content\/uploads\/2025\/08\/Transferts-OM-Les-details-de-la-probable-arrivee-de-Dani-Ceballos-a-Marseille.png","datePublished":"2025-08-26T08:34:56+00:00","description":"TRANSFERTS - L'Olympique de Marseille est en route pour r\u00e9aliser un grand coup sur ce mercato estival, en recrutant Dani Ceballos. Le milieu de terrain du Real Madrid arriverait sous la forme d'un pr\u00eat.","breadcrumb":{"@id":"https:\/\/dicodusport.fr\/blog\/transferts-om-les-details-de-la-probable-arrivee-de-dani-ceballos-a-marseille\/#breadcrumb"},"inLanguage":"fr-FR","potentialAction":[{"@type":"ReadAction","target":["https:\/\/dicodusport.fr\/blog\/transferts-om-les-details-de-la-probable-arrivee-de-dani-ceballos-a-marseille\/"]}]},{"@type":"ImageObject","inLanguage":"fr-FR","@id":"https:\/\/dicodusport.fr\/blog\/transferts-om-les-details-de-la-probable-arrivee-de-dani-ceballos-a-marseille\/#primaryimage","url":"https:\/\/dicodusport.fr\/blog\/wp-content\/uploads\/2025\/08\/Transferts-OM-Les-details-de-la-probable-arrivee-de-Dani-Ceballos-a-Marseille.png","contentUrl":"https:\/\/dicodusport.fr\/blog\/wp-content\/uploads\/2025\/08\/Transferts-OM-Les-details-de-la-probable-arrivee-de-Dani-Ceballos-a-Marseille.png","width":1200,"height":674,"caption":"Transferts OM Les d\u00e9tails de la probable arriv\u00e9e de Dani Ceballos \u00e0 Marseille"},{"@type":"BreadcrumbList","@id":"https:\/\/dicodusport.fr\/blog\/transferts-om-les-details-de-la-probable-arrivee-de-dani-ceballos-a-marseille\/#breadcrumb","itemListElement":[{"@type":"ListItem","position":1,"name":"Accueil","item":"https:\/\/dicodusport.fr\/blog\/"},{"@type":"ListItem","position":2,"name":"Transferts OM : Les d\u00e9tails de la probable arriv\u00e9e de Dani Ceballos \u00e0 Marseille"}]},{"@type":"WebSite","@id":"https:\/\/dicodusport.fr\/blog\/#website","url":"https:\/\/dicodusport.fr\/blog\/","name":"Dicodusport","description":"L&#039;encyclop\u00e9die de l&#039;actualit\u00e9 sportive","publisher":{"@id":"https:\/\/dicodusport.fr\/blog\/#organization"},"potentialAction":[{"@type":"SearchAction","target":{"@type":"EntryPoint","urlTemplate":"https:\/\/dicodusport.fr\/blog\/?s={search_term_string}"},"query-input":{"@type":"PropertyValueSpecification","valueRequired":true,"valueName":"search_term_string"}}],"inLanguage":"fr-FR"},{"@type":"NewsMediaOrganization","@id":"https:\/\/dicodusport.fr\/blog\/#organization","name":"Dicodusport","url":"https:\/\/dicodusport.fr\/blog\/","logo":{"@type":"ImageObject","inLanguage":"fr-FR","@id":"https:\/\/dicodusport.fr\/blog\/#\/schema\/logo\/image\/","url":"https:\/\/dicodusport.fr\/blog\/wp-content\/uploads\/2020\/06\/cropped-LOGO-DICODUSPORT-2020-SANS-FOND-SANS-TEXTE.png","contentUrl":"https:\/\/dicodusport.fr\/blog\/wp-content\/uploads\/2020\/06\/cropped-LOGO-DICODUSPORT-2020-SANS-FOND-SANS-TEXTE.png","width":512,"height":512,"caption":"Dicodusport"},"image":{"@id":"https:\/\/dicodusport.fr\/blog\/#\/schema\/logo\/image\/"},"sameAs":["https:\/\/www.facebook.com\/dicodusport","https:\/\/x.com\/dicodusport","https:\/\/www.instagram.com\/dicodusport\/","https:\/\/www.youtube.com\/channel\/UC7V2KZ5sd3htJivAbA4ZG3w"],"description":"Dicodusport est l'encyclop\u00e9die de l'actualit\u00e9 sportive.","email":"bonjour@dicodusport.fr","legalName":"DICODUSPORT","foundingDate":"2018-01-14","vatID":"FR71834470973","taxID":"83447097300043","numberOfEmployees":{"@type":"QuantitativeValue","minValue":"1","maxValue":"10"}},{"@type":"Person","@id":"https:\/\/dicodusport.fr\/blog\/#\/schema\/person\/1eaa63dfac40b5e5c47f03a71920c1cd","name":"Paul Lalevee","image":{"@type":"ImageObject","inLanguage":"fr-FR","@id":"https:\/\/dicodusport.fr\/blog\/#\/schema\/person\/image\/","url":"https:\/\/dicodusport.fr\/blog\/wp-content\/uploads\/2023\/10\/291154246_1690604071293245_3118259335115946499_n-150x150.jpg","contentUrl":"https:\/\/dicodusport.fr\/blog\/wp-content\/uploads\/2023\/10\/291154246_1690604071293245_3118259335115946499_n-150x150.jpg","caption":"Paul Lalevee"},"description":"La bulle Disney pendant le Covid, le Tour 2019, la Coupe du monde 2018. Ces trois \u00e9v\u00e9nements majeurs sont ancr\u00e9s dans ma t\u00eate de fan de sport, n\u00e9gativement ou positivement. Passionn\u00e9 de sport depuis l'enfance, j'ai d\u00e9cid\u00e9 de mettre ma passion de l'\u00e9criture au service de cette premi\u00e8re passion.","url":"https:\/\/dicodusport.fr\/blog\/author\/paul-lalevee\/"}]}},"_links":{"self":[{"href":"https:\/\/dicodusport.fr\/blog\/wp-json\/wp\/v2\/posts\/605557","targetHints":{"allow":["GET"]}}],"collection":[{"href":"https:\/\/dicodusport.fr\/blog\/wp-json\/wp\/v2\/posts"}],"about":[{"href":"https:\/\/dicodusport.fr\/blog\/wp-json\/wp\/v2\/types\/post"}],"author":[{"embeddable":true,"href":"https:\/\/dicodusport.fr\/blog\/wp-json\/wp\/v2\/users\/88"}],"replies":[{"embeddable":true,"href":"https:\/\/dicodusport.fr\/blog\/wp-json\/wp\/v2\/comments?post=605557"}],"version-history":[{"count":3,"href":"https:\/\/dicodusport.fr\/blog\/wp-json\/wp\/v2\/posts\/605557\/revisions"}],"predecessor-version":[{"id":605563,"href":"https:\/\/dicodusport.fr\/blog\/wp-json\/wp\/v2\/posts\/605557\/revisions\/605563"}],"wp:featuredmedia":[{"embeddable":true,"href":"https:\/\/dicodusport.fr\/blog\/wp-json\/wp\/v2\/media\/605562"}],"wp:attachment":[{"href":"https:\/\/dicodusport.fr\/blog\/wp-json\/wp\/v2\/media?parent=605557"}],"wp:term":[{"taxonomy":"category","embeddable":true,"href":"https:\/\/dicodusport.fr\/blog\/wp-json\/wp\/v2\/categories?post=605557"},{"taxonomy":"post_tag","embeddable":true,"href":"https:\/\/dicodusport.fr\/blog\/wp-json\/wp\/v2\/tags?post=605557"}],"curies":[{"name":"wp","href":"https:\/\/api.w.org\/{rel}","templated":true}]}}