{"id":605560,"date":"2025-08-26T10:44:46","date_gmt":"2025-08-26T08:44:46","guid":{"rendered":"https:\/\/dicodusport.fr\/blog\/?p=605560&#038;preview=true&#038;preview_id=605560"},"modified":"2025-08-26T10:44:46","modified_gmt":"2025-08-26T08:44:46","slug":"transferts-cyclisme-dorian-godon-signe-chez-une-grosse-equipe-etrangere","status":"publish","type":"post","link":"https:\/\/dicodusport.fr\/blog\/transferts-cyclisme-dorian-godon-signe-chez-une-grosse-equipe-etrangere\/","title":{"rendered":"Transferts Cyclisme : Dorian Godon signe chez une grosse \u00e9quipe \u00e9trang\u00e8re"},"content":{"rendered":"<p style=\"text-align: justify;\"><strong><em>TRANSFERTS CYCLISME &#8211; Dorian Godon rejoint Axel Laurance chez INEOS Grenadiers. C&rsquo;est d\u00e9sormais officiel, le champion de France sur route 2025 va signer dans la formation britannique.<br \/>\n<\/em><\/strong><\/p>\n<p style=\"text-align: justify;\">Les d\u00e9parts continuent chez Decathlon AG2R La Mondiale. Apr\u00e8s <a href=\"https:\/\/dicodusport.fr\/blog\/transferts-cyclisme-clement-berthet-rejoint-une-autre-formation-francaise\/\"><strong>Cl\u00e9ment Berthet<\/strong><\/a>, <strong>Bruno Armirail<\/strong> ou encore <strong>Bastien Tronchon<\/strong>, un autre coureur de l&rsquo;\u00e9quipe fran\u00e7aise s&rsquo;en va. <a href=\"https:\/\/dicodusport.fr\/blog\/transferts-cyclisme-dorian-godon-pourrait-signer-dans-une-grosse-equipe-etrangere\/\"><strong>Dorian Godon<\/strong><\/a>, champion de France sur route 2025, a sign\u00e9 au sein de la formation INEOS Grenadiers pour les trois prochaines saisons, jusqu&rsquo;en 2028.<\/p>\n<blockquote class=\"twitter-tweet\">\n<p dir=\"ltr\" lang=\"en\">\ud83c\uddeb\ud83c\uddf7\ud83c\udfc5\ud83e\udd1d<\/p>\n<p>We are thrilled to welcome French national champion <a href=\"https:\/\/twitter.com\/DorianGodon?ref_src=twsrc%5Etfw\">@DorianGodon<\/a> to the Grenadiers from next season.<\/p>\n<p>See you soon, Dorian! \ud83d\udc4a <a href=\"https:\/\/t.co\/8BZaPxSkFr\">pic.twitter.com\/8BZaPxSkFr<\/a><\/p>\n<p>\u2014 INEOS Grenadiers (@INEOSGrenadiers) <a href=\"https:\/\/twitter.com\/INEOSGrenadiers\/status\/1960250933838795131?ref_src=twsrc%5Etfw\">August 26, 2025<\/a><\/p><\/blockquote>\n<p><script async src=\"https:\/\/platform.twitter.com\/widgets.js\" charset=\"utf-8\"><\/script><\/p>\n<h2>Avec ce transfert chez Ineos, un nouveau palier franchi pour Dorian Godon<\/h2>\n<p style=\"text-align: justify;\">Dorian Godon \u00e9tait arriv\u00e9 en 2019 chez Decathlon AG2R La Mondiale, en provenance de Cofidis. Depuis, il a franchi les paliers un \u00e0 un pour devenir un leader de l\u2019\u00e9quipe. Il s&rsquo;est notamment montr\u00e9 \u00e0 son avantage sur des profils vallonn\u00e9s (Fl\u00e8che Braban\u00e7onne 2023, \u00e9tape du Tour de Romandie en 2024). Il retrouvera son compatriote au sein de la structure britannique, <strong>Axel Laurance<\/strong>, qui a un profil similaire. M\u00eame si la formation INEOS Grenadiers n&rsquo;est plus aussi dominante qu&rsquo;\u00e0 une \u00e9poque, Dorian Godon franchit encore un cap avec ce transfert.<\/p>\n<p style=\"text-align: justify;\"><em>\u00ab\u00a0C\u2019est un honneur de signer avec les INEOS Grenadiers,<\/em> a-t-il d\u00e9clar\u00e9. <em>Pour moi, cela repr\u00e9sente beaucoup, et signer un contrat pluriannuel est une v\u00e9ritable marque de confiance, \u00e0 laquelle j\u2019attache une grande importance. C\u2019est le d\u00e9but d\u2019un nouveau chapitre passionnant de ma carri\u00e8re, et je suis pr\u00eat \u00e0 en profiter pleinement. Je veux faire briller le maillot de champion de France, et ma moustache aussi. Ces derniers mois, j\u2019ai vu l\u2019\u00e9quipe courir avec force et unit\u00e9 au sein du peloton, et cela m\u2019a vraiment inspir\u00e9. J\u2019ai h\u00e2te d\u2019y participer.\u00a0\u00bb<\/em><\/p>\n<div class=\"vlp-link-container vlp-layout-article\"><a href=\"https:\/\/dicodusport.fr\/blog\/cyclisme-mercato-2025-2026-le-tableau-des-transferts\/\" class=\"vlp-link\" title=\"Cyclisme Mercato 2025-2026 - Le tableau des transferts\"><\/a><div class=\"vlp-layout-zone-side\"><div class=\"vlp-block-4 vlp-link-image\"><img loading=\"lazy\" decoding=\"async\" style=\"max-width: 792px;\" width=\"792\" height=\"445\" src=\"https:\/\/dicodusport.fr\/blog\/wp-content\/uploads\/2025\/02\/Cyclisme-Mercato-2025-2026-Le-tableau-des-transferts.png\" class=\"attachment-800x445 size-800x445\" alt=\"Cyclisme Mercato 2025-2026 - Le tableau des transferts\" srcset=\"https:\/\/dicodusport.fr\/blog\/wp-content\/uploads\/2025\/02\/Cyclisme-Mercato-2025-2026-Le-tableau-des-transferts.png 1200w, https:\/\/dicodusport.fr\/blog\/wp-content\/uploads\/2025\/02\/Cyclisme-Mercato-2025-2026-Le-tableau-des-transferts-300x169.png 300w, https:\/\/dicodusport.fr\/blog\/wp-content\/uploads\/2025\/02\/Cyclisme-Mercato-2025-2026-Le-tableau-des-transferts-1024x575.png 1024w, https:\/\/dicodusport.fr\/blog\/wp-content\/uploads\/2025\/02\/Cyclisme-Mercato-2025-2026-Le-tableau-des-transferts-768x431.png 768w\" sizes=\"auto, (max-width: 792px) 100vw, 792px\" \/><\/div><\/div><div class=\"vlp-layout-zone-main\"><div class=\"vlp-block-0 vlp-link-title\">Cyclisme Mercato 2025-2026 - Le tableau des transferts<\/div><div class=\"vlp-block-1 vlp-link-summary\">MERCATO CYCLISME 2025-2026 - D\u00e9couvrez les transferts officiels et les rumeurs du mercato cycliste.<\/div><div class=\"vlp-block-2 vlp-link-button\">Lire l'article<\/div><div class=\"vlp-block-3 vlp-link-url\">dicodusport.fr<\/div><\/div><\/div>\n<p style=\"text-align: justify;\">Il ne devrait pas arriver seul chez INEOS Grenadiers. En effet, <a href=\"https:\/\/dicodusport.fr\/blog\/transferts-cyclisme-derek-gee-va-quitter-israel-premier-tech\/\"><strong>Derek Gee<\/strong>, en partance d&rsquo;Israel Premier-Tech<\/a>, est annonc\u00e9 proche de l&rsquo;\u00e9quipe britannique. Mais le Canadien n&rsquo;est pas au terme de son contrat, m\u00eame s&rsquo;il s&rsquo;est d\u00e9fendu sur ses r\u00e9seaux sociaux d&rsquo;avoir rompu son contrat avec l&rsquo;\u00e9quipe isra\u00e9lienne. Dossier \u00e0 suivre, donc. Deux autres Fran\u00e7ais pourraient suivre. <strong>Beno\u00eet Cosnefroy<\/strong>, aussi pist\u00e9 par PicNic PostNL, serait sur les tablettes d&rsquo;INEOS Grenadiers, tout comme un autre coureur, <strong>K\u00e9vin Vauquelin<\/strong>.<\/p>\n","protected":false},"excerpt":{"rendered":"<p>Dorian Godon rejoint Axel Laurance chez INEOS Grenadiers. C&rsquo;est d\u00e9sormais officiel, le champion de France sur route 2025 va signer dans la formation britannique.<\/p>\n","protected":false},"author":88,"featured_media":605567,"comment_status":"open","ping_status":"closed","sticky":false,"template":"","format":"standard","meta":{"_acf_changed":false,"_daextam_enable_autolinks":"1","footnotes":""},"categories":[46994],"tags":[16878,47138,11397,8386],"class_list":["post-605560","post","type-post","status-publish","format-standard","has-post-thumbnail","hentry","category-cyclisme-sur-route","tag-breve","tag-dorian-godon","tag-ineos-grenadiers","tag-mercato-cyclisme"],"acf":[],"yoast_head":"<!-- This site is optimized with the Yoast SEO Premium plugin v26.7 (Yoast SEO v26.7) - https:\/\/yoast.com\/wordpress\/plugins\/seo\/ -->\n<title>Transferts Cyclisme : Dorian Godon signe chez une grosse \u00e9quipe \u00e9trang\u00e8re<\/title>\n<meta name=\"description\" content=\"TRANSFERTS CYCLISME - Dorian Godon rejoint Axel Laurance chez INEOS Grenadiers. C&#039;est d\u00e9sormais officiel, le champion de France sur route 2025 va signer dans la formation britannique.\" \/>\n<meta name=\"robots\" content=\"index, follow, max-snippet:-1, max-image-preview:large, max-video-preview:-1\" \/>\n<link rel=\"canonical\" href=\"https:\/\/dicodusport.fr\/blog\/transferts-cyclisme-dorian-godon-signe-chez-une-grosse-equipe-etrangere\/\" \/>\n<meta property=\"og:locale\" content=\"fr_FR\" \/>\n<meta property=\"og:type\" content=\"article\" \/>\n<meta property=\"og:title\" content=\"Transferts Cyclisme : Dorian Godon signe chez une grosse \u00e9quipe \u00e9trang\u00e8re\" \/>\n<meta property=\"og:description\" content=\"TRANSFERTS CYCLISME - Dorian Godon rejoint Axel Laurance chez INEOS Grenadiers. C&#039;est d\u00e9sormais officiel, le champion de France sur route 2025 va signer dans la formation britannique.\" \/>\n<meta property=\"og:url\" content=\"https:\/\/dicodusport.fr\/blog\/transferts-cyclisme-dorian-godon-signe-chez-une-grosse-equipe-etrangere\/\" \/>\n<meta property=\"og:site_name\" content=\"Dicodusport\" \/>\n<meta property=\"article:publisher\" content=\"https:\/\/www.facebook.com\/dicodusport\" \/>\n<meta property=\"article:published_time\" content=\"2025-08-26T08:44:46+00:00\" \/>\n<meta property=\"og:image\" content=\"https:\/\/dicodusport.fr\/blog\/wp-content\/uploads\/2025\/08\/Transferts-Cyclisme-Dorian-Godon-signe-chez-une-grosse-equipe-etrangere.png\" \/>\n\t<meta property=\"og:image:width\" content=\"1200\" \/>\n\t<meta property=\"og:image:height\" content=\"674\" \/>\n\t<meta property=\"og:image:type\" content=\"image\/png\" \/>\n<meta name=\"author\" content=\"Paul Lalevee\" \/>\n<meta name=\"twitter:card\" content=\"summary_large_image\" \/>\n<meta name=\"twitter:title\" content=\"Transferts Cyclisme : Dorian Godon signe chez une grosse \u00e9quipe \u00e9trang\u00e8re\" \/>\n<meta name=\"twitter:creator\" content=\"@dicodusport\" \/>\n<meta name=\"twitter:site\" content=\"@dicodusport\" \/>\n<script type=\"application\/ld+json\" class=\"yoast-schema-graph\">{\"@context\":\"https:\/\/schema.org\",\"@graph\":[{\"@type\":\"NewsArticle\",\"@id\":\"https:\/\/dicodusport.fr\/blog\/transferts-cyclisme-dorian-godon-signe-chez-une-grosse-equipe-etrangere\/#article\",\"isPartOf\":{\"@id\":\"https:\/\/dicodusport.fr\/blog\/transferts-cyclisme-dorian-godon-signe-chez-une-grosse-equipe-etrangere\/\"},\"author\":{\"name\":\"Paul Lalevee\",\"@id\":\"https:\/\/dicodusport.fr\/blog\/#\/schema\/person\/1eaa63dfac40b5e5c47f03a71920c1cd\"},\"headline\":\"Transferts Cyclisme : Dorian Godon signe chez une grosse \u00e9quipe \u00e9trang\u00e8re\",\"datePublished\":\"2025-08-26T08:44:46+00:00\",\"mainEntityOfPage\":{\"@id\":\"https:\/\/dicodusport.fr\/blog\/transferts-cyclisme-dorian-godon-signe-chez-une-grosse-equipe-etrangere\/\"},\"wordCount\":502,\"commentCount\":0,\"publisher\":{\"@id\":\"https:\/\/dicodusport.fr\/blog\/#organization\"},\"image\":{\"@id\":\"https:\/\/dicodusport.fr\/blog\/transferts-cyclisme-dorian-godon-signe-chez-une-grosse-equipe-etrangere\/#primaryimage\"},\"thumbnailUrl\":\"https:\/\/dicodusport.fr\/blog\/wp-content\/uploads\/2025\/08\/Transferts-Cyclisme-Dorian-Godon-signe-chez-une-grosse-equipe-etrangere.png\",\"keywords\":[\"br\u00e8ve\",\"Dorian Godon\",\"INEOS Grenadiers\",\"Mercato Cyclisme\"],\"articleSection\":[\"Cyclisme sur route\"],\"inLanguage\":\"fr-FR\",\"potentialAction\":[{\"@type\":\"CommentAction\",\"name\":\"Comment\",\"target\":[\"https:\/\/dicodusport.fr\/blog\/transferts-cyclisme-dorian-godon-signe-chez-une-grosse-equipe-etrangere\/#respond\"]}],\"copyrightYear\":\"2025\",\"copyrightHolder\":{\"@id\":\"https:\/\/dicodusport.fr\/blog\/#organization\"}},{\"@type\":\"WebPage\",\"@id\":\"https:\/\/dicodusport.fr\/blog\/transferts-cyclisme-dorian-godon-signe-chez-une-grosse-equipe-etrangere\/\",\"url\":\"https:\/\/dicodusport.fr\/blog\/transferts-cyclisme-dorian-godon-signe-chez-une-grosse-equipe-etrangere\/\",\"name\":\"Transferts Cyclisme : Dorian Godon signe chez une grosse \u00e9quipe \u00e9trang\u00e8re\",\"isPartOf\":{\"@id\":\"https:\/\/dicodusport.fr\/blog\/#website\"},\"primaryImageOfPage\":{\"@id\":\"https:\/\/dicodusport.fr\/blog\/transferts-cyclisme-dorian-godon-signe-chez-une-grosse-equipe-etrangere\/#primaryimage\"},\"image\":{\"@id\":\"https:\/\/dicodusport.fr\/blog\/transferts-cyclisme-dorian-godon-signe-chez-une-grosse-equipe-etrangere\/#primaryimage\"},\"thumbnailUrl\":\"https:\/\/dicodusport.fr\/blog\/wp-content\/uploads\/2025\/08\/Transferts-Cyclisme-Dorian-Godon-signe-chez-une-grosse-equipe-etrangere.png\",\"datePublished\":\"2025-08-26T08:44:46+00:00\",\"description\":\"TRANSFERTS CYCLISME - Dorian Godon rejoint Axel Laurance chez INEOS Grenadiers. C'est d\u00e9sormais officiel, le champion de France sur route 2025 va signer dans la formation britannique.\",\"breadcrumb\":{\"@id\":\"https:\/\/dicodusport.fr\/blog\/transferts-cyclisme-dorian-godon-signe-chez-une-grosse-equipe-etrangere\/#breadcrumb\"},\"inLanguage\":\"fr-FR\",\"potentialAction\":[{\"@type\":\"ReadAction\",\"target\":[\"https:\/\/dicodusport.fr\/blog\/transferts-cyclisme-dorian-godon-signe-chez-une-grosse-equipe-etrangere\/\"]}]},{\"@type\":\"ImageObject\",\"inLanguage\":\"fr-FR\",\"@id\":\"https:\/\/dicodusport.fr\/blog\/transferts-cyclisme-dorian-godon-signe-chez-une-grosse-equipe-etrangere\/#primaryimage\",\"url\":\"https:\/\/dicodusport.fr\/blog\/wp-content\/uploads\/2025\/08\/Transferts-Cyclisme-Dorian-Godon-signe-chez-une-grosse-equipe-etrangere.png\",\"contentUrl\":\"https:\/\/dicodusport.fr\/blog\/wp-content\/uploads\/2025\/08\/Transferts-Cyclisme-Dorian-Godon-signe-chez-une-grosse-equipe-etrangere.png\",\"width\":1200,\"height\":674,\"caption\":\"Transferts Cyclisme Dorian Godon signe chez une grosse \u00e9quipe \u00e9trang\u00e8re\"},{\"@type\":\"BreadcrumbList\",\"@id\":\"https:\/\/dicodusport.fr\/blog\/transferts-cyclisme-dorian-godon-signe-chez-une-grosse-equipe-etrangere\/#breadcrumb\",\"itemListElement\":[{\"@type\":\"ListItem\",\"position\":1,\"name\":\"Accueil\",\"item\":\"https:\/\/dicodusport.fr\/blog\/\"},{\"@type\":\"ListItem\",\"position\":2,\"name\":\"Transferts Cyclisme : Dorian Godon signe chez une grosse \u00e9quipe \u00e9trang\u00e8re\"}]},{\"@type\":\"WebSite\",\"@id\":\"https:\/\/dicodusport.fr\/blog\/#website\",\"url\":\"https:\/\/dicodusport.fr\/blog\/\",\"name\":\"Dicodusport\",\"description\":\"L&#039;encyclop\u00e9die de l&#039;actualit\u00e9 sportive\",\"publisher\":{\"@id\":\"https:\/\/dicodusport.fr\/blog\/#organization\"},\"potentialAction\":[{\"@type\":\"SearchAction\",\"target\":{\"@type\":\"EntryPoint\",\"urlTemplate\":\"https:\/\/dicodusport.fr\/blog\/?s={search_term_string}\"},\"query-input\":{\"@type\":\"PropertyValueSpecification\",\"valueRequired\":true,\"valueName\":\"search_term_string\"}}],\"inLanguage\":\"fr-FR\"},{\"@type\":\"NewsMediaOrganization\",\"@id\":\"https:\/\/dicodusport.fr\/blog\/#organization\",\"name\":\"Dicodusport\",\"url\":\"https:\/\/dicodusport.fr\/blog\/\",\"logo\":{\"@type\":\"ImageObject\",\"inLanguage\":\"fr-FR\",\"@id\":\"https:\/\/dicodusport.fr\/blog\/#\/schema\/logo\/image\/\",\"url\":\"https:\/\/dicodusport.fr\/blog\/wp-content\/uploads\/2020\/06\/cropped-LOGO-DICODUSPORT-2020-SANS-FOND-SANS-TEXTE.png\",\"contentUrl\":\"https:\/\/dicodusport.fr\/blog\/wp-content\/uploads\/2020\/06\/cropped-LOGO-DICODUSPORT-2020-SANS-FOND-SANS-TEXTE.png\",\"width\":512,\"height\":512,\"caption\":\"Dicodusport\"},\"image\":{\"@id\":\"https:\/\/dicodusport.fr\/blog\/#\/schema\/logo\/image\/\"},\"sameAs\":[\"https:\/\/www.facebook.com\/dicodusport\",\"https:\/\/x.com\/dicodusport\",\"https:\/\/www.instagram.com\/dicodusport\/\",\"https:\/\/www.youtube.com\/channel\/UC7V2KZ5sd3htJivAbA4ZG3w\"],\"description\":\"Dicodusport est l'encyclop\u00e9die de l'actualit\u00e9 sportive.\",\"email\":\"bonjour@dicodusport.fr\",\"legalName\":\"DICODUSPORT\",\"foundingDate\":\"2018-01-14\",\"vatID\":\"FR71834470973\",\"taxID\":\"83447097300043\",\"numberOfEmployees\":{\"@type\":\"QuantitativeValue\",\"minValue\":\"1\",\"maxValue\":\"10\"}},{\"@type\":\"Person\",\"@id\":\"https:\/\/dicodusport.fr\/blog\/#\/schema\/person\/1eaa63dfac40b5e5c47f03a71920c1cd\",\"name\":\"Paul Lalevee\",\"image\":{\"@type\":\"ImageObject\",\"inLanguage\":\"fr-FR\",\"@id\":\"https:\/\/dicodusport.fr\/blog\/#\/schema\/person\/image\/\",\"url\":\"https:\/\/dicodusport.fr\/blog\/wp-content\/uploads\/2023\/10\/291154246_1690604071293245_3118259335115946499_n-150x150.jpg\",\"contentUrl\":\"https:\/\/dicodusport.fr\/blog\/wp-content\/uploads\/2023\/10\/291154246_1690604071293245_3118259335115946499_n-150x150.jpg\",\"caption\":\"Paul Lalevee\"},\"description\":\"La bulle Disney pendant le Covid, le Tour 2019, la Coupe du monde 2018. Ces trois \u00e9v\u00e9nements majeurs sont ancr\u00e9s dans ma t\u00eate de fan de sport, n\u00e9gativement ou positivement. Passionn\u00e9 de sport depuis l'enfance, j'ai d\u00e9cid\u00e9 de mettre ma passion de l'\u00e9criture au service de cette premi\u00e8re passion.\",\"url\":\"https:\/\/dicodusport.fr\/blog\/author\/paul-lalevee\/\"}]}<\/script>\n<!-- \/ Yoast SEO Premium plugin. -->","yoast_head_json":{"title":"Transferts Cyclisme : Dorian Godon signe chez une grosse \u00e9quipe \u00e9trang\u00e8re","description":"TRANSFERTS CYCLISME - Dorian Godon rejoint Axel Laurance chez INEOS Grenadiers. C'est d\u00e9sormais officiel, le champion de France sur route 2025 va signer dans la formation britannique.","robots":{"index":"index","follow":"follow","max-snippet":"max-snippet:-1","max-image-preview":"max-image-preview:large","max-video-preview":"max-video-preview:-1"},"canonical":"https:\/\/dicodusport.fr\/blog\/transferts-cyclisme-dorian-godon-signe-chez-une-grosse-equipe-etrangere\/","og_locale":"fr_FR","og_type":"article","og_title":"Transferts Cyclisme : Dorian Godon signe chez une grosse \u00e9quipe \u00e9trang\u00e8re","og_description":"TRANSFERTS CYCLISME - Dorian Godon rejoint Axel Laurance chez INEOS Grenadiers. C'est d\u00e9sormais officiel, le champion de France sur route 2025 va signer dans la formation britannique.","og_url":"https:\/\/dicodusport.fr\/blog\/transferts-cyclisme-dorian-godon-signe-chez-une-grosse-equipe-etrangere\/","og_site_name":"Dicodusport","article_publisher":"https:\/\/www.facebook.com\/dicodusport","article_published_time":"2025-08-26T08:44:46+00:00","og_image":[{"width":1200,"height":674,"url":"https:\/\/dicodusport.fr\/blog\/wp-content\/uploads\/2025\/08\/Transferts-Cyclisme-Dorian-Godon-signe-chez-une-grosse-equipe-etrangere.png","type":"image\/png"}],"author":"Paul Lalevee","twitter_card":"summary_large_image","twitter_title":"Transferts Cyclisme : Dorian Godon signe chez une grosse \u00e9quipe \u00e9trang\u00e8re","twitter_creator":"@dicodusport","twitter_site":"@dicodusport","schema":{"@context":"https:\/\/schema.org","@graph":[{"@type":"NewsArticle","@id":"https:\/\/dicodusport.fr\/blog\/transferts-cyclisme-dorian-godon-signe-chez-une-grosse-equipe-etrangere\/#article","isPartOf":{"@id":"https:\/\/dicodusport.fr\/blog\/transferts-cyclisme-dorian-godon-signe-chez-une-grosse-equipe-etrangere\/"},"author":{"name":"Paul Lalevee","@id":"https:\/\/dicodusport.fr\/blog\/#\/schema\/person\/1eaa63dfac40b5e5c47f03a71920c1cd"},"headline":"Transferts Cyclisme : Dorian Godon signe chez une grosse \u00e9quipe \u00e9trang\u00e8re","datePublished":"2025-08-26T08:44:46+00:00","mainEntityOfPage":{"@id":"https:\/\/dicodusport.fr\/blog\/transferts-cyclisme-dorian-godon-signe-chez-une-grosse-equipe-etrangere\/"},"wordCount":502,"commentCount":0,"publisher":{"@id":"https:\/\/dicodusport.fr\/blog\/#organization"},"image":{"@id":"https:\/\/dicodusport.fr\/blog\/transferts-cyclisme-dorian-godon-signe-chez-une-grosse-equipe-etrangere\/#primaryimage"},"thumbnailUrl":"https:\/\/dicodusport.fr\/blog\/wp-content\/uploads\/2025\/08\/Transferts-Cyclisme-Dorian-Godon-signe-chez-une-grosse-equipe-etrangere.png","keywords":["br\u00e8ve","Dorian Godon","INEOS Grenadiers","Mercato Cyclisme"],"articleSection":["Cyclisme sur route"],"inLanguage":"fr-FR","potentialAction":[{"@type":"CommentAction","name":"Comment","target":["https:\/\/dicodusport.fr\/blog\/transferts-cyclisme-dorian-godon-signe-chez-une-grosse-equipe-etrangere\/#respond"]}],"copyrightYear":"2025","copyrightHolder":{"@id":"https:\/\/dicodusport.fr\/blog\/#organization"}},{"@type":"WebPage","@id":"https:\/\/dicodusport.fr\/blog\/transferts-cyclisme-dorian-godon-signe-chez-une-grosse-equipe-etrangere\/","url":"https:\/\/dicodusport.fr\/blog\/transferts-cyclisme-dorian-godon-signe-chez-une-grosse-equipe-etrangere\/","name":"Transferts Cyclisme : Dorian Godon signe chez une grosse \u00e9quipe \u00e9trang\u00e8re","isPartOf":{"@id":"https:\/\/dicodusport.fr\/blog\/#website"},"primaryImageOfPage":{"@id":"https:\/\/dicodusport.fr\/blog\/transferts-cyclisme-dorian-godon-signe-chez-une-grosse-equipe-etrangere\/#primaryimage"},"image":{"@id":"https:\/\/dicodusport.fr\/blog\/transferts-cyclisme-dorian-godon-signe-chez-une-grosse-equipe-etrangere\/#primaryimage"},"thumbnailUrl":"https:\/\/dicodusport.fr\/blog\/wp-content\/uploads\/2025\/08\/Transferts-Cyclisme-Dorian-Godon-signe-chez-une-grosse-equipe-etrangere.png","datePublished":"2025-08-26T08:44:46+00:00","description":"TRANSFERTS CYCLISME - Dorian Godon rejoint Axel Laurance chez INEOS Grenadiers. C'est d\u00e9sormais officiel, le champion de France sur route 2025 va signer dans la formation britannique.","breadcrumb":{"@id":"https:\/\/dicodusport.fr\/blog\/transferts-cyclisme-dorian-godon-signe-chez-une-grosse-equipe-etrangere\/#breadcrumb"},"inLanguage":"fr-FR","potentialAction":[{"@type":"ReadAction","target":["https:\/\/dicodusport.fr\/blog\/transferts-cyclisme-dorian-godon-signe-chez-une-grosse-equipe-etrangere\/"]}]},{"@type":"ImageObject","inLanguage":"fr-FR","@id":"https:\/\/dicodusport.fr\/blog\/transferts-cyclisme-dorian-godon-signe-chez-une-grosse-equipe-etrangere\/#primaryimage","url":"https:\/\/dicodusport.fr\/blog\/wp-content\/uploads\/2025\/08\/Transferts-Cyclisme-Dorian-Godon-signe-chez-une-grosse-equipe-etrangere.png","contentUrl":"https:\/\/dicodusport.fr\/blog\/wp-content\/uploads\/2025\/08\/Transferts-Cyclisme-Dorian-Godon-signe-chez-une-grosse-equipe-etrangere.png","width":1200,"height":674,"caption":"Transferts Cyclisme Dorian Godon signe chez une grosse \u00e9quipe \u00e9trang\u00e8re"},{"@type":"BreadcrumbList","@id":"https:\/\/dicodusport.fr\/blog\/transferts-cyclisme-dorian-godon-signe-chez-une-grosse-equipe-etrangere\/#breadcrumb","itemListElement":[{"@type":"ListItem","position":1,"name":"Accueil","item":"https:\/\/dicodusport.fr\/blog\/"},{"@type":"ListItem","position":2,"name":"Transferts Cyclisme : Dorian Godon signe chez une grosse \u00e9quipe \u00e9trang\u00e8re"}]},{"@type":"WebSite","@id":"https:\/\/dicodusport.fr\/blog\/#website","url":"https:\/\/dicodusport.fr\/blog\/","name":"Dicodusport","description":"L&#039;encyclop\u00e9die de l&#039;actualit\u00e9 sportive","publisher":{"@id":"https:\/\/dicodusport.fr\/blog\/#organization"},"potentialAction":[{"@type":"SearchAction","target":{"@type":"EntryPoint","urlTemplate":"https:\/\/dicodusport.fr\/blog\/?s={search_term_string}"},"query-input":{"@type":"PropertyValueSpecification","valueRequired":true,"valueName":"search_term_string"}}],"inLanguage":"fr-FR"},{"@type":"NewsMediaOrganization","@id":"https:\/\/dicodusport.fr\/blog\/#organization","name":"Dicodusport","url":"https:\/\/dicodusport.fr\/blog\/","logo":{"@type":"ImageObject","inLanguage":"fr-FR","@id":"https:\/\/dicodusport.fr\/blog\/#\/schema\/logo\/image\/","url":"https:\/\/dicodusport.fr\/blog\/wp-content\/uploads\/2020\/06\/cropped-LOGO-DICODUSPORT-2020-SANS-FOND-SANS-TEXTE.png","contentUrl":"https:\/\/dicodusport.fr\/blog\/wp-content\/uploads\/2020\/06\/cropped-LOGO-DICODUSPORT-2020-SANS-FOND-SANS-TEXTE.png","width":512,"height":512,"caption":"Dicodusport"},"image":{"@id":"https:\/\/dicodusport.fr\/blog\/#\/schema\/logo\/image\/"},"sameAs":["https:\/\/www.facebook.com\/dicodusport","https:\/\/x.com\/dicodusport","https:\/\/www.instagram.com\/dicodusport\/","https:\/\/www.youtube.com\/channel\/UC7V2KZ5sd3htJivAbA4ZG3w"],"description":"Dicodusport est l'encyclop\u00e9die de l'actualit\u00e9 sportive.","email":"bonjour@dicodusport.fr","legalName":"DICODUSPORT","foundingDate":"2018-01-14","vatID":"FR71834470973","taxID":"83447097300043","numberOfEmployees":{"@type":"QuantitativeValue","minValue":"1","maxValue":"10"}},{"@type":"Person","@id":"https:\/\/dicodusport.fr\/blog\/#\/schema\/person\/1eaa63dfac40b5e5c47f03a71920c1cd","name":"Paul Lalevee","image":{"@type":"ImageObject","inLanguage":"fr-FR","@id":"https:\/\/dicodusport.fr\/blog\/#\/schema\/person\/image\/","url":"https:\/\/dicodusport.fr\/blog\/wp-content\/uploads\/2023\/10\/291154246_1690604071293245_3118259335115946499_n-150x150.jpg","contentUrl":"https:\/\/dicodusport.fr\/blog\/wp-content\/uploads\/2023\/10\/291154246_1690604071293245_3118259335115946499_n-150x150.jpg","caption":"Paul Lalevee"},"description":"La bulle Disney pendant le Covid, le Tour 2019, la Coupe du monde 2018. Ces trois \u00e9v\u00e9nements majeurs sont ancr\u00e9s dans ma t\u00eate de fan de sport, n\u00e9gativement ou positivement. Passionn\u00e9 de sport depuis l'enfance, j'ai d\u00e9cid\u00e9 de mettre ma passion de l'\u00e9criture au service de cette premi\u00e8re passion.","url":"https:\/\/dicodusport.fr\/blog\/author\/paul-lalevee\/"}]}},"_links":{"self":[{"href":"https:\/\/dicodusport.fr\/blog\/wp-json\/wp\/v2\/posts\/605560","targetHints":{"allow":["GET"]}}],"collection":[{"href":"https:\/\/dicodusport.fr\/blog\/wp-json\/wp\/v2\/posts"}],"about":[{"href":"https:\/\/dicodusport.fr\/blog\/wp-json\/wp\/v2\/types\/post"}],"author":[{"embeddable":true,"href":"https:\/\/dicodusport.fr\/blog\/wp-json\/wp\/v2\/users\/88"}],"replies":[{"embeddable":true,"href":"https:\/\/dicodusport.fr\/blog\/wp-json\/wp\/v2\/comments?post=605560"}],"version-history":[{"count":4,"href":"https:\/\/dicodusport.fr\/blog\/wp-json\/wp\/v2\/posts\/605560\/revisions"}],"predecessor-version":[{"id":605569,"href":"https:\/\/dicodusport.fr\/blog\/wp-json\/wp\/v2\/posts\/605560\/revisions\/605569"}],"wp:featuredmedia":[{"embeddable":true,"href":"https:\/\/dicodusport.fr\/blog\/wp-json\/wp\/v2\/media\/605567"}],"wp:attachment":[{"href":"https:\/\/dicodusport.fr\/blog\/wp-json\/wp\/v2\/media?parent=605560"}],"wp:term":[{"taxonomy":"category","embeddable":true,"href":"https:\/\/dicodusport.fr\/blog\/wp-json\/wp\/v2\/categories?post=605560"},{"taxonomy":"post_tag","embeddable":true,"href":"https:\/\/dicodusport.fr\/blog\/wp-json\/wp\/v2\/tags?post=605560"}],"curies":[{"name":"wp","href":"https:\/\/api.w.org\/{rel}","templated":true}]}}